{"id":9574,"date":"2025-07-31T20:58:26","date_gmt":"2025-08-01T02:58:26","guid":{"rendered":"https:\/\/agencia.252.com.mx\/home\/?p=9574"},"modified":"2025-07-31T20:58:27","modified_gmt":"2025-08-01T02:58:27","slug":"quien-agrede-a-un-perro-o-un-gato-es-altamente-probable-que-tambien-cometa-actos-de-violencia-contra-seres-humanos-experta","status":"publish","type":"post","link":"https:\/\/agencia.252.com.mx\/home\/quien-agrede-a-un-perro-o-un-gato-es-altamente-probable-que-tambien-cometa-actos-de-violencia-contra-seres-humanos-experta\/","title":{"rendered":"Quien agrede a un perro o un gato, es altamente probable que tambi\u00e9n cometa actos de violencia contra seres humanos: experta\u00a0"},"content":{"rendered":"<p>Visitas: 45<\/p>\n<ul class=\"wp-block-list\">\n<li><em>Redoblan esfuerzos en materia de protecci\u00f3n de protecci\u00f3n y bienestar animal en Tlalnepantla\u00a0<\/em><\/li>\n\n\n\n<li><em>Raciel P\u00e9rez Cruz enlist\u00f3 una serie de acciones para el cuidado de los animales<\/em><\/li>\n\n\n\n<li><em>Se llev\u00f3 a cabo la instalaci\u00f3n del Consejo Municipal de Protecci\u00f3n y Bienestar Animal (COMPROBANI)<\/em><\/li>\n<\/ul>\n\n\n\n<p>Juan Ignacio Corro&nbsp;<\/p>\n\n\n\n<p class=\"has-text-align-right\">Tlalnepantla, Estado de M\u00e9xico, a 31 de julio de 2025<\/p>\n\n\n\n<p>De acuerdo con cifras del INEGI, siete de cada diez hogares en M\u00e9xico conviven con animales, seres vivos que brindan compa\u00f1\u00eda y son parte fundamental de la salud f\u00edsica y mental,&nbsp;<\/p>\n\n\n\n<p>La Directora de Sustentabilidad Ambiental del gobierno de Tlalnepantla, Mitzi Anda Rubalcava estableci\u00f3 la necesidad de proteger a los animales por el simple hecho de serlo, al hacerlo, dijo, se construye un beneficio colectivo que trasciende la esfera individual y que abarca el \u00e1mbito familiar y comunitario.<\/p>\n\n\n\n<p>De acuerdo con diferentes estudios de violencia y maltrato animal, cuando una persona violenta la dignidad de un ser vivo como un perro o un gato, es altamente probable que tambi\u00e9n cometa actos de violencia contra seres humanos\u201d, apunt\u00f3 la funcionaria.&nbsp;<\/p>\n\n\n\n<p><strong>Se instala el Consejo Municipal de Protecci\u00f3n y Bienestar Animal (COMPROBANI<\/strong>)<\/p>\n\n\n\n<p>Por otra parte, el Alcalde de Tlalnepantla,&nbsp;&nbsp;Raciel P\u00e9rez enlist\u00f3 una serie de compromisos para colocar a los animales en una agenda social que garantice su bienestar como la puesta en marcha de una nueva unidad m\u00f3vil veterinaria; la implementaci\u00f3n de un nuevo protocolo municipal para la atenci\u00f3n del maltrato animal; y la creaci\u00f3n de una l\u00ednea telef\u00f3nica especializada para todo tipo de reportes.<\/p>\n\n\n\n<figure class=\"wp-block-image alignleft size-medium\"><img fetchpriority=\"high\" decoding=\"async\" width=\"225\" height=\"300\" src=\"https:\/\/agencia.252.com.mx\/wp-content\/uploads\/2025\/07\/WhatsApp-Image-2025-07-31-at-2.18.37-PM-3-1-225x300.jpeg\" alt=\"\" class=\"wp-image-9576\" srcset=\"https:\/\/agencia.252.com.mx\/wp-content\/uploads\/2025\/07\/WhatsApp-Image-2025-07-31-at-2.18.37-PM-3-1-225x300.jpeg 225w, https:\/\/agencia.252.com.mx\/wp-content\/uploads\/2025\/07\/WhatsApp-Image-2025-07-31-at-2.18.37-PM-3-1-768x1024.jpeg 768w, https:\/\/agencia.252.com.mx\/wp-content\/uploads\/2025\/07\/WhatsApp-Image-2025-07-31-at-2.18.37-PM-3-1-1152x1536.jpeg 1152w, https:\/\/agencia.252.com.mx\/wp-content\/uploads\/2025\/07\/WhatsApp-Image-2025-07-31-at-2.18.37-PM-3-1-1536x2048.jpeg 1536w, https:\/\/agencia.252.com.mx\/wp-content\/uploads\/2025\/07\/WhatsApp-Image-2025-07-31-at-2.18.37-PM-3-1-scaled.jpeg 1920w\" sizes=\"(max-width: 225px) 100vw, 225px\" \/><\/figure>\n\n\n\n<p>Tambi\u00e9n se activar\u00e1 una campa\u00f1a itinerante permanente y masiva para la esterilizaci\u00f3n gratuita en todas las comunidades; programa de adopci\u00f3n responsable de perros y gatos; otorgamiento de servicios veterinarios accesibles y de calidad; implementaci\u00f3n de una campa\u00f1a educativa por los derechos de los animales; y la aplicaci\u00f3n firme de las leyes contra el maltrato animal.<\/p>\n\n\n\n<p>P\u00e9rez Cruz tom\u00f3 protesta a los integrantes del Consejo Municipal de Protecci\u00f3n y Bienestar Animal (COMPROBANI), se trata de un esfuerzo colectivo que cuenta con la representaci\u00f3n de asociaciones civiles, representantes populares, personas servidores p\u00fablicas del Gobierno Estatal y Municipal, as\u00ed como vecinas y vecinos de diversas comunidades, todos ellos con gran empat\u00eda y compromiso por el bienestar animal.&nbsp;<\/p>\n\n\n\n<p>\u201cProteger a los animales no es s\u00f3lo un acto de compasi\u00f3n, es un acto de justicia, porque los animales sienten, sufren, quieren, aman y protegen, son seres que merecen vivir con dignidad, libres del maltrato y adem\u00e1s tienen derecho tambi\u00e9n al acceso a servicios de salud y protecci\u00f3n inmediata\u201d, expres\u00f3 el Edil.&nbsp;&nbsp;<\/p>\n\n\n\n<p>Destac\u00f3 que, por primera vez, Tlalnepantla cuenta con un consejo plural, democr\u00e1tico y representativo que busca soluciones ante los grandes retos y desaf\u00edos en materia de protecci\u00f3n animal, toda vez que, durante muchos a\u00f1os, los animales y particularmente los de compa\u00f1\u00eda, han sido v\u00edctimas de violencia y maltrato, por lo que hoy se busca hacer justicia a su causa.<\/p>\n","protected":false},"excerpt":{"rendered":"<p>Visitas: 45 Juan Ignacio Corro&nbsp; Tlalnepantla, Estado de M\u00e9xico, a 31 de julio de 2025 De acuerdo con cifras del INEGI, siete de cada diez hogares en M\u00e9xico conviven con animales, seres vivos que brindan compa\u00f1\u00eda y son parte fundamental de la salud f\u00edsica y mental,&nbsp; La Directora de Sustentabilidad Ambiental del gobierno de Tlalnepantla, [&hellip;]<\/p>\n","protected":false},"author":5,"featured_media":9578,"comment_status":"open","ping_status":"open","sticky":false,"template":"","format":"standard","meta":{"site-sidebar-layout":"default","site-content-layout":"","ast-site-content-layout":"default","site-content-style":"default","site-sidebar-style":"default","ast-global-header-display":"","ast-banner-title-visibility":"","ast-main-header-display":"","ast-hfb-above-header-display":"","ast-hfb-below-header-display":"","ast-hfb-mobile-header-display":"","site-post-title":"","ast-breadcrumbs-content":"","ast-featured-img":"","footer-sml-layout":"","ast-disable-related-posts":"","theme-transparent-header-meta":"","adv-header-id-meta":"","stick-header-meta":"","header-above-stick-meta":"","header-main-stick-meta":"","header-below-stick-meta":"","astra-migrate-meta-layouts":"set","ast-page-background-enabled":"default","ast-page-background-meta":{"desktop":{"background-color":"var(--ast-global-color-4)","background-image":"","background-repeat":"repeat","background-position":"center center","background-size":"auto","background-attachment":"scroll","background-type":"","background-media":"","overlay-type":"","overlay-color":"","overlay-opacity":"","overlay-gradient":""},"tablet":{"background-color":"","background-image":"","background-repeat":"repeat","background-position":"center center","background-size":"auto","background-attachment":"scroll","background-type":"","background-media":"","overlay-type":"","overlay-color":"","overlay-opacity":"","overlay-gradient":""},"mobile":{"background-color":"","background-image":"","background-repeat":"repeat","background-position":"center center","background-size":"auto","background-attachment":"scroll","background-type":"","background-media":"","overlay-type":"","overlay-color":"","overlay-opacity":"","overlay-gradient":""}},"ast-content-background-meta":{"desktop":{"background-color":"var(--ast-global-color-5)","background-image":"","background-repeat":"repeat","background-position":"center center","background-size":"auto","background-attachment":"scroll","background-type":"","background-media":"","overlay-type":"","overlay-color":"","overlay-opacity":"","overlay-gradient":""},"tablet":{"background-color":"var(--ast-global-color-5)","background-image":"","background-repeat":"repeat","background-position":"center center","background-size":"auto","background-attachment":"scroll","background-type":"","background-media":"","overlay-type":"","overlay-color":"","overlay-opacity":"","overlay-gradient":""},"mobile":{"background-color":"var(--ast-global-color-5)","background-image":"","background-repeat":"repeat","background-position":"center center","background-size":"auto","background-attachment":"scroll","background-type":"","background-media":"","overlay-type":"","overlay-color":"","overlay-opacity":"","overlay-gradient":""}},"footnotes":""},"categories":[576,8,512,56],"tags":[526],"class_list":["post-9574","post","type-post","status-publish","format-standard","has-post-thumbnail","hentry","category-animales","category-edomex","category-metropoli","category-tlalnepantla","tag-edomex"],"yoast_head":"<!-- This site is optimized with the Yoast SEO plugin v27.4 - https:\/\/yoast.com\/product\/yoast-seo-wordpress\/ -->\n<title>Quien agrede a un perro o un gato, es altamente probable que tambi\u00e9n cometa actos de violencia contra seres humanos: experta\u00a0 - Agencia252<\/title>\n<meta name=\"robots\" content=\"index, follow, max-snippet:-1, max-image-preview:large, max-video-preview:-1\" \/>\n<link rel=\"canonical\" href=\"https:\/\/agencia.252.com.mx\/home\/quien-agrede-a-un-perro-o-un-gato-es-altamente-probable-que-tambien-cometa-actos-de-violencia-contra-seres-humanos-experta\/\" \/>\n<meta property=\"og:locale\" content=\"es_ES\" \/>\n<meta property=\"og:type\" content=\"article\" \/>\n<meta property=\"og:title\" content=\"Quien agrede a un perro o un gato, es altamente probable que tambi\u00e9n cometa actos de violencia contra seres humanos: experta\u00a0 - Agencia252\" \/>\n<meta property=\"og:description\" content=\"Visitas: 45 Juan Ignacio Corro&nbsp; Tlalnepantla, Estado de M\u00e9xico, a 31 de julio de 2025 De acuerdo con cifras del INEGI, siete de cada diez hogares en M\u00e9xico conviven con animales, seres vivos que brindan compa\u00f1\u00eda y son parte fundamental de la salud f\u00edsica y mental,&nbsp; La Directora de Sustentabilidad Ambiental del gobierno de Tlalnepantla, [&hellip;]\" \/>\n<meta property=\"og:url\" content=\"https:\/\/agencia.252.com.mx\/home\/quien-agrede-a-un-perro-o-un-gato-es-altamente-probable-que-tambien-cometa-actos-de-violencia-contra-seres-humanos-experta\/\" \/>\n<meta property=\"og:site_name\" content=\"Agencia252\" \/>\n<meta property=\"article:publisher\" content=\"https:\/\/www.facebook.com\/252Comunicacion\/\" \/>\n<meta property=\"article:author\" content=\"https:\/\/www.facebook.com\/jcorroherrera\/\" \/>\n<meta property=\"article:published_time\" content=\"2025-08-01T02:58:26+00:00\" \/>\n<meta property=\"article:modified_time\" content=\"2025-08-01T02:58:27+00:00\" \/>\n<meta property=\"og:image\" content=\"http:\/\/agencia.252.com.mx\/wp-content\/uploads\/2025\/07\/WhatsApp-Image-2025-07-31-at-2.18.37-PM-1-scaled.jpeg\" \/>\n\t<meta property=\"og:image:width\" content=\"2560\" \/>\n\t<meta property=\"og:image:height\" content=\"1920\" \/>\n\t<meta property=\"og:image:type\" content=\"image\/jpeg\" \/>\n<meta name=\"author\" content=\"Nacho Corro\" \/>\n<meta name=\"twitter:card\" content=\"summary_large_image\" \/>\n<meta name=\"twitter:creator\" content=\"@Juan Ignacio Corro Herrera\" \/>\n<meta name=\"twitter:site\" content=\"@252COMS\" \/>\n<meta name=\"twitter:label1\" content=\"Escrito por\" \/>\n\t<meta name=\"twitter:data1\" content=\"Nacho Corro\" \/>\n\t<meta name=\"twitter:label2\" content=\"Tiempo de lectura\" \/>\n\t<meta name=\"twitter:data2\" content=\"3 minutos\" \/>\n<script type=\"application\/ld+json\" class=\"yoast-schema-graph\">{\"@context\":\"https:\\\/\\\/schema.org\",\"@graph\":[{\"@type\":\"Article\",\"@id\":\"https:\\\/\\\/agencia.252.com.mx\\\/home\\\/quien-agrede-a-un-perro-o-un-gato-es-altamente-probable-que-tambien-cometa-actos-de-violencia-contra-seres-humanos-experta\\\/#article\",\"isPartOf\":{\"@id\":\"https:\\\/\\\/agencia.252.com.mx\\\/home\\\/quien-agrede-a-un-perro-o-un-gato-es-altamente-probable-que-tambien-cometa-actos-de-violencia-contra-seres-humanos-experta\\\/\"},\"author\":{\"name\":\"Nacho Corro\",\"@id\":\"https:\\\/\\\/agencia.252.com.mx\\\/home\\\/#\\\/schema\\\/person\\\/6b972021e9a92d45ade8c78d81509098\"},\"headline\":\"Quien agrede a un perro o un gato, es altamente probable que tambi\u00e9n cometa actos de violencia contra seres humanos: experta\u00a0\",\"datePublished\":\"2025-08-01T02:58:26+00:00\",\"dateModified\":\"2025-08-01T02:58:27+00:00\",\"mainEntityOfPage\":{\"@id\":\"https:\\\/\\\/agencia.252.com.mx\\\/home\\\/quien-agrede-a-un-perro-o-un-gato-es-altamente-probable-que-tambien-cometa-actos-de-violencia-contra-seres-humanos-experta\\\/\"},\"wordCount\":543,\"commentCount\":0,\"publisher\":{\"@id\":\"https:\\\/\\\/agencia.252.com.mx\\\/home\\\/#organization\"},\"image\":{\"@id\":\"https:\\\/\\\/agencia.252.com.mx\\\/home\\\/quien-agrede-a-un-perro-o-un-gato-es-altamente-probable-que-tambien-cometa-actos-de-violencia-contra-seres-humanos-experta\\\/#primaryimage\"},\"thumbnailUrl\":\"https:\\\/\\\/agencia.252.com.mx\\\/wp-content\\\/uploads\\\/2025\\\/07\\\/WhatsApp-Image-2025-07-31-at-2.18.37-PM-1-scaled.jpeg\",\"keywords\":[\"Edomex\"],\"articleSection\":[\"animales\",\"Edomex\",\"Metropoli\",\"Tlalnepantla\"],\"inLanguage\":\"es\",\"potentialAction\":[{\"@type\":\"CommentAction\",\"name\":\"Comment\",\"target\":[\"https:\\\/\\\/agencia.252.com.mx\\\/home\\\/quien-agrede-a-un-perro-o-un-gato-es-altamente-probable-que-tambien-cometa-actos-de-violencia-contra-seres-humanos-experta\\\/#respond\"]}]},{\"@type\":\"WebPage\",\"@id\":\"https:\\\/\\\/agencia.252.com.mx\\\/home\\\/quien-agrede-a-un-perro-o-un-gato-es-altamente-probable-que-tambien-cometa-actos-de-violencia-contra-seres-humanos-experta\\\/\",\"url\":\"https:\\\/\\\/agencia.252.com.mx\\\/home\\\/quien-agrede-a-un-perro-o-un-gato-es-altamente-probable-que-tambien-cometa-actos-de-violencia-contra-seres-humanos-experta\\\/\",\"name\":\"Quien agrede a un perro o un gato, es altamente probable que tambi\u00e9n cometa actos de violencia contra seres humanos: experta\u00a0 - Agencia252\",\"isPartOf\":{\"@id\":\"https:\\\/\\\/agencia.252.com.mx\\\/home\\\/#website\"},\"primaryImageOfPage\":{\"@id\":\"https:\\\/\\\/agencia.252.com.mx\\\/home\\\/quien-agrede-a-un-perro-o-un-gato-es-altamente-probable-que-tambien-cometa-actos-de-violencia-contra-seres-humanos-experta\\\/#primaryimage\"},\"image\":{\"@id\":\"https:\\\/\\\/agencia.252.com.mx\\\/home\\\/quien-agrede-a-un-perro-o-un-gato-es-altamente-probable-que-tambien-cometa-actos-de-violencia-contra-seres-humanos-experta\\\/#primaryimage\"},\"thumbnailUrl\":\"https:\\\/\\\/agencia.252.com.mx\\\/wp-content\\\/uploads\\\/2025\\\/07\\\/WhatsApp-Image-2025-07-31-at-2.18.37-PM-1-scaled.jpeg\",\"datePublished\":\"2025-08-01T02:58:26+00:00\",\"dateModified\":\"2025-08-01T02:58:27+00:00\",\"breadcrumb\":{\"@id\":\"https:\\\/\\\/agencia.252.com.mx\\\/home\\\/quien-agrede-a-un-perro-o-un-gato-es-altamente-probable-que-tambien-cometa-actos-de-violencia-contra-seres-humanos-experta\\\/#breadcrumb\"},\"inLanguage\":\"es\",\"potentialAction\":[{\"@type\":\"ReadAction\",\"target\":[\"https:\\\/\\\/agencia.252.com.mx\\\/home\\\/quien-agrede-a-un-perro-o-un-gato-es-altamente-probable-que-tambien-cometa-actos-de-violencia-contra-seres-humanos-experta\\\/\"]}]},{\"@type\":\"ImageObject\",\"inLanguage\":\"es\",\"@id\":\"https:\\\/\\\/agencia.252.com.mx\\\/home\\\/quien-agrede-a-un-perro-o-un-gato-es-altamente-probable-que-tambien-cometa-actos-de-violencia-contra-seres-humanos-experta\\\/#primaryimage\",\"url\":\"https:\\\/\\\/agencia.252.com.mx\\\/wp-content\\\/uploads\\\/2025\\\/07\\\/WhatsApp-Image-2025-07-31-at-2.18.37-PM-1-scaled.jpeg\",\"contentUrl\":\"https:\\\/\\\/agencia.252.com.mx\\\/wp-content\\\/uploads\\\/2025\\\/07\\\/WhatsApp-Image-2025-07-31-at-2.18.37-PM-1-scaled.jpeg\",\"width\":2560,\"height\":1920},{\"@type\":\"BreadcrumbList\",\"@id\":\"https:\\\/\\\/agencia.252.com.mx\\\/home\\\/quien-agrede-a-un-perro-o-un-gato-es-altamente-probable-que-tambien-cometa-actos-de-violencia-contra-seres-humanos-experta\\\/#breadcrumb\",\"itemListElement\":[{\"@type\":\"ListItem\",\"position\":1,\"name\":\"Portada\",\"item\":\"https:\\\/\\\/agencia.252.com.mx\\\/home\\\/\"},{\"@type\":\"ListItem\",\"position\":2,\"name\":\"Quien agrede a un perro o un gato, es altamente probable que tambi\u00e9n cometa actos de violencia contra seres humanos: experta\u00a0\"}]},{\"@type\":\"WebSite\",\"@id\":\"https:\\\/\\\/agencia.252.com.mx\\\/home\\\/#website\",\"url\":\"https:\\\/\\\/agencia.252.com.mx\\\/home\\\/\",\"name\":\"Agencia252\",\"description\":\"Tu espacio en la Red\",\"publisher\":{\"@id\":\"https:\\\/\\\/agencia.252.com.mx\\\/home\\\/#organization\"},\"potentialAction\":[{\"@type\":\"SearchAction\",\"target\":{\"@type\":\"EntryPoint\",\"urlTemplate\":\"https:\\\/\\\/agencia.252.com.mx\\\/home\\\/?s={search_term_string}\"},\"query-input\":{\"@type\":\"PropertyValueSpecification\",\"valueRequired\":true,\"valueName\":\"search_term_string\"}}],\"inLanguage\":\"es\"},{\"@type\":\"Organization\",\"@id\":\"https:\\\/\\\/agencia.252.com.mx\\\/home\\\/#organization\",\"name\":\"Agencia252\",\"url\":\"https:\\\/\\\/agencia.252.com.mx\\\/home\\\/\",\"logo\":{\"@type\":\"ImageObject\",\"inLanguage\":\"es\",\"@id\":\"https:\\\/\\\/agencia.252.com.mx\\\/home\\\/#\\\/schema\\\/logo\\\/image\\\/\",\"url\":\"https:\\\/\\\/agencia.252.com.mx\\\/wp-content\\\/uploads\\\/2023\\\/02\\\/cropped-ciruclo-agencia-e1677562404136.png\",\"contentUrl\":\"https:\\\/\\\/agencia.252.com.mx\\\/wp-content\\\/uploads\\\/2023\\\/02\\\/cropped-ciruclo-agencia-e1677562404136.png\",\"width\":512,\"height\":512,\"caption\":\"Agencia252\"},\"image\":{\"@id\":\"https:\\\/\\\/agencia.252.com.mx\\\/home\\\/#\\\/schema\\\/logo\\\/image\\\/\"},\"sameAs\":[\"https:\\\/\\\/www.facebook.com\\\/252Comunicacion\\\/\",\"https:\\\/\\\/x.com\\\/252COMS\"]},{\"@type\":\"Person\",\"@id\":\"https:\\\/\\\/agencia.252.com.mx\\\/home\\\/#\\\/schema\\\/person\\\/6b972021e9a92d45ade8c78d81509098\",\"name\":\"Nacho Corro\",\"image\":{\"@type\":\"ImageObject\",\"inLanguage\":\"es\",\"@id\":\"https:\\\/\\\/secure.gravatar.com\\\/avatar\\\/5db6df507cfe1307e192fbb498c6b85f1cf2ffd8b4cd37141b9eea588fcbd5a4?s=96&r=g\",\"url\":\"https:\\\/\\\/secure.gravatar.com\\\/avatar\\\/5db6df507cfe1307e192fbb498c6b85f1cf2ffd8b4cd37141b9eea588fcbd5a4?s=96&r=g\",\"contentUrl\":\"https:\\\/\\\/secure.gravatar.com\\\/avatar\\\/5db6df507cfe1307e192fbb498c6b85f1cf2ffd8b4cd37141b9eea588fcbd5a4?s=96&r=g\",\"caption\":\"Nacho Corro\"},\"description\":\"Comunicador Social, Periodista y Administraci\u00f3n P\u00fablica. Conversador pol\u00edtico, temas electorales y seguridad. Generador de contenidos digitales. Amante de la fotograf\u00eda\",\"sameAs\":[\"https:\\\/\\\/www.facebook.com\\\/jcorroherrera\\\/\",\"www.instagram.com\\\/nachocorro\\\/\",\"https:\\\/\\\/x.com\\\/Juan Ignacio Corro Herrera\"],\"url\":\"https:\\\/\\\/agencia.252.com.mx\\\/home\\\/author\\\/i-corro\\\/\"}]}<\/script>\n<!-- \/ Yoast SEO plugin. -->","yoast_head_json":{"title":"Quien agrede a un perro o un gato, es altamente probable que tambi\u00e9n cometa actos de violencia contra seres humanos: experta\u00a0 - Agencia252","robots":{"index":"index","follow":"follow","max-snippet":"max-snippet:-1","max-image-preview":"max-image-preview:large","max-video-preview":"max-video-preview:-1"},"canonical":"https:\/\/agencia.252.com.mx\/home\/quien-agrede-a-un-perro-o-un-gato-es-altamente-probable-que-tambien-cometa-actos-de-violencia-contra-seres-humanos-experta\/","og_locale":"es_ES","og_type":"article","og_title":"Quien agrede a un perro o un gato, es altamente probable que tambi\u00e9n cometa actos de violencia contra seres humanos: experta\u00a0 - Agencia252","og_description":"Visitas: 45 Juan Ignacio Corro&nbsp; Tlalnepantla, Estado de M\u00e9xico, a 31 de julio de 2025 De acuerdo con cifras del INEGI, siete de cada diez hogares en M\u00e9xico conviven con animales, seres vivos que brindan compa\u00f1\u00eda y son parte fundamental de la salud f\u00edsica y mental,&nbsp; La Directora de Sustentabilidad Ambiental del gobierno de Tlalnepantla, [&hellip;]","og_url":"https:\/\/agencia.252.com.mx\/home\/quien-agrede-a-un-perro-o-un-gato-es-altamente-probable-que-tambien-cometa-actos-de-violencia-contra-seres-humanos-experta\/","og_site_name":"Agencia252","article_publisher":"https:\/\/www.facebook.com\/252Comunicacion\/","article_author":"https:\/\/www.facebook.com\/jcorroherrera\/","article_published_time":"2025-08-01T02:58:26+00:00","article_modified_time":"2025-08-01T02:58:27+00:00","og_image":[{"width":2560,"height":1920,"url":"http:\/\/agencia.252.com.mx\/wp-content\/uploads\/2025\/07\/WhatsApp-Image-2025-07-31-at-2.18.37-PM-1-scaled.jpeg","type":"image\/jpeg"}],"author":"Nacho Corro","twitter_card":"summary_large_image","twitter_creator":"@Juan Ignacio Corro Herrera","twitter_site":"@252COMS","twitter_misc":{"Escrito por":"Nacho Corro","Tiempo de lectura":"3 minutos"},"schema":{"@context":"https:\/\/schema.org","@graph":[{"@type":"Article","@id":"https:\/\/agencia.252.com.mx\/home\/quien-agrede-a-un-perro-o-un-gato-es-altamente-probable-que-tambien-cometa-actos-de-violencia-contra-seres-humanos-experta\/#article","isPartOf":{"@id":"https:\/\/agencia.252.com.mx\/home\/quien-agrede-a-un-perro-o-un-gato-es-altamente-probable-que-tambien-cometa-actos-de-violencia-contra-seres-humanos-experta\/"},"author":{"name":"Nacho Corro","@id":"https:\/\/agencia.252.com.mx\/home\/#\/schema\/person\/6b972021e9a92d45ade8c78d81509098"},"headline":"Quien agrede a un perro o un gato, es altamente probable que tambi\u00e9n cometa actos de violencia contra seres humanos: experta\u00a0","datePublished":"2025-08-01T02:58:26+00:00","dateModified":"2025-08-01T02:58:27+00:00","mainEntityOfPage":{"@id":"https:\/\/agencia.252.com.mx\/home\/quien-agrede-a-un-perro-o-un-gato-es-altamente-probable-que-tambien-cometa-actos-de-violencia-contra-seres-humanos-experta\/"},"wordCount":543,"commentCount":0,"publisher":{"@id":"https:\/\/agencia.252.com.mx\/home\/#organization"},"image":{"@id":"https:\/\/agencia.252.com.mx\/home\/quien-agrede-a-un-perro-o-un-gato-es-altamente-probable-que-tambien-cometa-actos-de-violencia-contra-seres-humanos-experta\/#primaryimage"},"thumbnailUrl":"https:\/\/agencia.252.com.mx\/wp-content\/uploads\/2025\/07\/WhatsApp-Image-2025-07-31-at-2.18.37-PM-1-scaled.jpeg","keywords":["Edomex"],"articleSection":["animales","Edomex","Metropoli","Tlalnepantla"],"inLanguage":"es","potentialAction":[{"@type":"CommentAction","name":"Comment","target":["https:\/\/agencia.252.com.mx\/home\/quien-agrede-a-un-perro-o-un-gato-es-altamente-probable-que-tambien-cometa-actos-de-violencia-contra-seres-humanos-experta\/#respond"]}]},{"@type":"WebPage","@id":"https:\/\/agencia.252.com.mx\/home\/quien-agrede-a-un-perro-o-un-gato-es-altamente-probable-que-tambien-cometa-actos-de-violencia-contra-seres-humanos-experta\/","url":"https:\/\/agencia.252.com.mx\/home\/quien-agrede-a-un-perro-o-un-gato-es-altamente-probable-que-tambien-cometa-actos-de-violencia-contra-seres-humanos-experta\/","name":"Quien agrede a un perro o un gato, es altamente probable que tambi\u00e9n cometa actos de violencia contra seres humanos: experta\u00a0 - Agencia252","isPartOf":{"@id":"https:\/\/agencia.252.com.mx\/home\/#website"},"primaryImageOfPage":{"@id":"https:\/\/agencia.252.com.mx\/home\/quien-agrede-a-un-perro-o-un-gato-es-altamente-probable-que-tambien-cometa-actos-de-violencia-contra-seres-humanos-experta\/#primaryimage"},"image":{"@id":"https:\/\/agencia.252.com.mx\/home\/quien-agrede-a-un-perro-o-un-gato-es-altamente-probable-que-tambien-cometa-actos-de-violencia-contra-seres-humanos-experta\/#primaryimage"},"thumbnailUrl":"https:\/\/agencia.252.com.mx\/wp-content\/uploads\/2025\/07\/WhatsApp-Image-2025-07-31-at-2.18.37-PM-1-scaled.jpeg","datePublished":"2025-08-01T02:58:26+00:00","dateModified":"2025-08-01T02:58:27+00:00","breadcrumb":{"@id":"https:\/\/agencia.252.com.mx\/home\/quien-agrede-a-un-perro-o-un-gato-es-altamente-probable-que-tambien-cometa-actos-de-violencia-contra-seres-humanos-experta\/#breadcrumb"},"inLanguage":"es","potentialAction":[{"@type":"ReadAction","target":["https:\/\/agencia.252.com.mx\/home\/quien-agrede-a-un-perro-o-un-gato-es-altamente-probable-que-tambien-cometa-actos-de-violencia-contra-seres-humanos-experta\/"]}]},{"@type":"ImageObject","inLanguage":"es","@id":"https:\/\/agencia.252.com.mx\/home\/quien-agrede-a-un-perro-o-un-gato-es-altamente-probable-que-tambien-cometa-actos-de-violencia-contra-seres-humanos-experta\/#primaryimage","url":"https:\/\/agencia.252.com.mx\/wp-content\/uploads\/2025\/07\/WhatsApp-Image-2025-07-31-at-2.18.37-PM-1-scaled.jpeg","contentUrl":"https:\/\/agencia.252.com.mx\/wp-content\/uploads\/2025\/07\/WhatsApp-Image-2025-07-31-at-2.18.37-PM-1-scaled.jpeg","width":2560,"height":1920},{"@type":"BreadcrumbList","@id":"https:\/\/agencia.252.com.mx\/home\/quien-agrede-a-un-perro-o-un-gato-es-altamente-probable-que-tambien-cometa-actos-de-violencia-contra-seres-humanos-experta\/#breadcrumb","itemListElement":[{"@type":"ListItem","position":1,"name":"Portada","item":"https:\/\/agencia.252.com.mx\/home\/"},{"@type":"ListItem","position":2,"name":"Quien agrede a un perro o un gato, es altamente probable que tambi\u00e9n cometa actos de violencia contra seres humanos: experta\u00a0"}]},{"@type":"WebSite","@id":"https:\/\/agencia.252.com.mx\/home\/#website","url":"https:\/\/agencia.252.com.mx\/home\/","name":"Agencia252","description":"Tu espacio en la Red","publisher":{"@id":"https:\/\/agencia.252.com.mx\/home\/#organization"},"potentialAction":[{"@type":"SearchAction","target":{"@type":"EntryPoint","urlTemplate":"https:\/\/agencia.252.com.mx\/home\/?s={search_term_string}"},"query-input":{"@type":"PropertyValueSpecification","valueRequired":true,"valueName":"search_term_string"}}],"inLanguage":"es"},{"@type":"Organization","@id":"https:\/\/agencia.252.com.mx\/home\/#organization","name":"Agencia252","url":"https:\/\/agencia.252.com.mx\/home\/","logo":{"@type":"ImageObject","inLanguage":"es","@id":"https:\/\/agencia.252.com.mx\/home\/#\/schema\/logo\/image\/","url":"https:\/\/agencia.252.com.mx\/wp-content\/uploads\/2023\/02\/cropped-ciruclo-agencia-e1677562404136.png","contentUrl":"https:\/\/agencia.252.com.mx\/wp-content\/uploads\/2023\/02\/cropped-ciruclo-agencia-e1677562404136.png","width":512,"height":512,"caption":"Agencia252"},"image":{"@id":"https:\/\/agencia.252.com.mx\/home\/#\/schema\/logo\/image\/"},"sameAs":["https:\/\/www.facebook.com\/252Comunicacion\/","https:\/\/x.com\/252COMS"]},{"@type":"Person","@id":"https:\/\/agencia.252.com.mx\/home\/#\/schema\/person\/6b972021e9a92d45ade8c78d81509098","name":"Nacho Corro","image":{"@type":"ImageObject","inLanguage":"es","@id":"https:\/\/secure.gravatar.com\/avatar\/5db6df507cfe1307e192fbb498c6b85f1cf2ffd8b4cd37141b9eea588fcbd5a4?s=96&r=g","url":"https:\/\/secure.gravatar.com\/avatar\/5db6df507cfe1307e192fbb498c6b85f1cf2ffd8b4cd37141b9eea588fcbd5a4?s=96&r=g","contentUrl":"https:\/\/secure.gravatar.com\/avatar\/5db6df507cfe1307e192fbb498c6b85f1cf2ffd8b4cd37141b9eea588fcbd5a4?s=96&r=g","caption":"Nacho Corro"},"description":"Comunicador Social, Periodista y Administraci\u00f3n P\u00fablica. Conversador pol\u00edtico, temas electorales y seguridad. Generador de contenidos digitales. Amante de la fotograf\u00eda","sameAs":["https:\/\/www.facebook.com\/jcorroherrera\/","www.instagram.com\/nachocorro\/","https:\/\/x.com\/Juan Ignacio Corro Herrera"],"url":"https:\/\/agencia.252.com.mx\/home\/author\/i-corro\/"}]}},"_links":{"self":[{"href":"https:\/\/agencia.252.com.mx\/home\/wp-json\/wp\/v2\/posts\/9574","targetHints":{"allow":["GET"]}}],"collection":[{"href":"https:\/\/agencia.252.com.mx\/home\/wp-json\/wp\/v2\/posts"}],"about":[{"href":"https:\/\/agencia.252.com.mx\/home\/wp-json\/wp\/v2\/types\/post"}],"author":[{"embeddable":true,"href":"https:\/\/agencia.252.com.mx\/home\/wp-json\/wp\/v2\/users\/5"}],"replies":[{"embeddable":true,"href":"https:\/\/agencia.252.com.mx\/home\/wp-json\/wp\/v2\/comments?post=9574"}],"version-history":[{"count":1,"href":"https:\/\/agencia.252.com.mx\/home\/wp-json\/wp\/v2\/posts\/9574\/revisions"}],"predecessor-version":[{"id":9579,"href":"https:\/\/agencia.252.com.mx\/home\/wp-json\/wp\/v2\/posts\/9574\/revisions\/9579"}],"wp:featuredmedia":[{"embeddable":true,"href":"https:\/\/agencia.252.com.mx\/home\/wp-json\/wp\/v2\/media\/9578"}],"wp:attachment":[{"href":"https:\/\/agencia.252.com.mx\/home\/wp-json\/wp\/v2\/media?parent=9574"}],"wp:term":[{"taxonomy":"category","embeddable":true,"href":"https:\/\/agencia.252.com.mx\/home\/wp-json\/wp\/v2\/categories?post=9574"},{"taxonomy":"post_tag","embeddable":true,"href":"https:\/\/agencia.252.com.mx\/home\/wp-json\/wp\/v2\/tags?post=9574"}],"curies":[{"name":"wp","href":"https:\/\/api.w.org\/{rel}","templated":true}]}}