{"id":9564,"date":"2025-07-31T20:41:32","date_gmt":"2025-08-01T02:41:32","guid":{"rendered":"https:\/\/agencia.252.com.mx\/home\/?p=9564"},"modified":"2025-07-31T20:43:08","modified_gmt":"2025-08-01T02:43:08","slug":"cuatro-posibles-responsables-del-delito-del-secuestro-expres-con-fines-de-robo-son-vinculados-a-proceso","status":"publish","type":"post","link":"https:\/\/agencia.252.com.mx\/home\/cuatro-posibles-responsables-del-delito-del-secuestro-expres-con-fines-de-robo-son-vinculados-a-proceso\/","title":{"rendered":"Cuatro posibles responsables del delito del secuestro expr\u00e9s con fines de robo son vinculados a proceso\u00a0"},"content":{"rendered":"<p>Visitas: 59<\/p>\n<ul class=\"wp-block-list\">\n<li><em>Habr\u00edan privado de la libertad al operador y custodio de un veh\u00edculo de carga, con la finalidad de despojarlas de un cargamento de cosm\u00e9ticos, valuados en m\u00e1s de 4 millones de pesos<\/em><\/li>\n<\/ul>\n\n\n\n<p>Juan Ignacio Corro<\/p>\n\n\n\n<p class=\"has-text-align-right\">Cuautitl\u00e1n, Izcalli, Estado de M\u00e9xico, a 31 de julio de 2025<\/p>\n\n\n\n<p>La Fiscal\u00eda General de Justicia del Estado de M\u00e9xico (FGJEM) obtuvo vinculaci\u00f3n a proceso contra Erick Omar \u201cN\u201d, Juan Arturo \u201cN\u201d, Juan Rub\u00e9n \u201cN\u201d y Jes\u00fas \u201cN\u201d, investigados por su probable intervenci\u00f3n en el hecho delictivo de secuestro expr\u00e9s con fines de robo, ya que habr\u00edan privado de la libertad a dos personas con la finalidad de despojarlas de mercanc\u00eda consistente en cosm\u00e9ticos que transportaban en un veh\u00edculo de carga.<\/p>\n\n\n\n<p>Indagatorias de la Fiscal\u00eda precisaron que el pasado 22 de julio, un masculino conduc\u00eda un veh\u00edculo de la marca Kenworth, acoplado a un portacontenedor, donde eran transportados productos cosm\u00e9ticos, unidad que era custodiada por otra persona a bordo de un veh\u00edculo marca Chevrolet.<\/p>\n\n\n\n<p>Al encontrarse en el boulevard Manuel \u00c1vila Camacho, colonia San Mart\u00edn Obispo, en el municipio de Cuautitl\u00e1n Izcalli, fueron interceptados por los tripulantes de una camioneta, quienes habr\u00edan amagado a las v\u00edctimas con armas de fuego, los obligaron a bajar de los veh\u00edculos que conduc\u00edan y hurtaron la unidad con mercanc\u00eda.<\/p>\n\n\n\n<p>Los posibles implicados presumiblemente sometieron y privaron de la libertad a estas dos personas, luego las trasladaron a la carretera Teoloyucan\u2013Huehuetoca, colonia Santa Mar\u00eda Caliacac, en Teoloyucan. En ese lugar, derivado de una acci\u00f3n operativa de la Polic\u00eda Municipal, fue posible la detenci\u00f3n de Erick Omar \u201cN\u201d, Juan Arturo \u201cN\u201d, Juan Rub\u00e9n \u201cN\u201d y Jes\u00fas \u201cN\u201d.<\/p>\n\n\n\n<p>Posteriormente, en ese mismo municipio, fue recuperado el veh\u00edculo de carga con la mercanc\u00eda robada.Tras ser capturados, estos cuatro sujetos fueron presentados ante el Agente del Ministerio P\u00fablico y luego ingresados al Centro Penitenciario y de Reinserci\u00f3n Social de la zona, a disposici\u00f3n de un Juez, no obstante, deben ser considerados inocentes hasta que sea dictada una sentencia condenatoria en su contra.<\/p>\n","protected":false},"excerpt":{"rendered":"<p>Visitas: 59 Juan Ignacio Corro Cuautitl\u00e1n, Izcalli, Estado de M\u00e9xico, a 31 de julio de 2025 La Fiscal\u00eda General de Justicia del Estado de M\u00e9xico (FGJEM) obtuvo vinculaci\u00f3n a proceso contra Erick Omar \u201cN\u201d, Juan Arturo \u201cN\u201d, Juan Rub\u00e9n \u201cN\u201d y Jes\u00fas \u201cN\u201d, investigados por su probable intervenci\u00f3n en el hecho delictivo de secuestro expr\u00e9s [&hellip;]<\/p>\n","protected":false},"author":5,"featured_media":9572,"comment_status":"open","ping_status":"open","sticky":false,"template":"","format":"standard","meta":{"site-sidebar-layout":"default","site-content-layout":"","ast-site-content-layout":"default","site-content-style":"default","site-sidebar-style":"default","ast-global-header-display":"","ast-banner-title-visibility":"","ast-main-header-display":"","ast-hfb-above-header-display":"","ast-hfb-below-header-display":"","ast-hfb-mobile-header-display":"","site-post-title":"","ast-breadcrumbs-content":"","ast-featured-img":"","footer-sml-layout":"","ast-disable-related-posts":"","theme-transparent-header-meta":"","adv-header-id-meta":"","stick-header-meta":"","header-above-stick-meta":"","header-main-stick-meta":"","header-below-stick-meta":"","astra-migrate-meta-layouts":"set","ast-page-background-enabled":"default","ast-page-background-meta":{"desktop":{"background-color":"var(--ast-global-color-4)","background-image":"","background-repeat":"repeat","background-position":"center center","background-size":"auto","background-attachment":"scroll","background-type":"","background-media":"","overlay-type":"","overlay-color":"","overlay-opacity":"","overlay-gradient":""},"tablet":{"background-color":"","background-image":"","background-repeat":"repeat","background-position":"center center","background-size":"auto","background-attachment":"scroll","background-type":"","background-media":"","overlay-type":"","overlay-color":"","overlay-opacity":"","overlay-gradient":""},"mobile":{"background-color":"","background-image":"","background-repeat":"repeat","background-position":"center center","background-size":"auto","background-attachment":"scroll","background-type":"","background-media":"","overlay-type":"","overlay-color":"","overlay-opacity":"","overlay-gradient":""}},"ast-content-background-meta":{"desktop":{"background-color":"var(--ast-global-color-5)","background-image":"","background-repeat":"repeat","background-position":"center center","background-size":"auto","background-attachment":"scroll","background-type":"","background-media":"","overlay-type":"","overlay-color":"","overlay-opacity":"","overlay-gradient":""},"tablet":{"background-color":"var(--ast-global-color-5)","background-image":"","background-repeat":"repeat","background-position":"center center","background-size":"auto","background-attachment":"scroll","background-type":"","background-media":"","overlay-type":"","overlay-color":"","overlay-opacity":"","overlay-gradient":""},"mobile":{"background-color":"var(--ast-global-color-5)","background-image":"","background-repeat":"repeat","background-position":"center center","background-size":"auto","background-attachment":"scroll","background-type":"","background-media":"","overlay-type":"","overlay-color":"","overlay-opacity":"","overlay-gradient":""}},"footnotes":""},"categories":[461,324,265,8],"tags":[526],"class_list":["post-9564","post","type-post","status-publish","format-standard","has-post-thumbnail","hentry","category-crimen-organizado","category-cuautitlan-izcalli","category-delincuencia","category-edomex","tag-edomex"],"yoast_head":"<!-- This site is optimized with the Yoast SEO plugin v27.4 - https:\/\/yoast.com\/product\/yoast-seo-wordpress\/ -->\n<title>Cuatro posibles responsables del delito del secuestro expr\u00e9s con fines de robo son vinculados a proceso\u00a0 - Agencia252<\/title>\n<meta name=\"robots\" content=\"index, follow, max-snippet:-1, max-image-preview:large, max-video-preview:-1\" \/>\n<link rel=\"canonical\" href=\"https:\/\/agencia.252.com.mx\/home\/cuatro-posibles-responsables-del-delito-del-secuestro-expres-con-fines-de-robo-son-vinculados-a-proceso\/\" \/>\n<meta property=\"og:locale\" content=\"es_ES\" \/>\n<meta property=\"og:type\" content=\"article\" \/>\n<meta property=\"og:title\" content=\"Cuatro posibles responsables del delito del secuestro expr\u00e9s con fines de robo son vinculados a proceso\u00a0 - Agencia252\" \/>\n<meta property=\"og:description\" content=\"Visitas: 59 Juan Ignacio Corro Cuautitl\u00e1n, Izcalli, Estado de M\u00e9xico, a 31 de julio de 2025 La Fiscal\u00eda General de Justicia del Estado de M\u00e9xico (FGJEM) obtuvo vinculaci\u00f3n a proceso contra Erick Omar \u201cN\u201d, Juan Arturo \u201cN\u201d, Juan Rub\u00e9n \u201cN\u201d y Jes\u00fas \u201cN\u201d, investigados por su probable intervenci\u00f3n en el hecho delictivo de secuestro expr\u00e9s [&hellip;]\" \/>\n<meta property=\"og:url\" content=\"https:\/\/agencia.252.com.mx\/home\/cuatro-posibles-responsables-del-delito-del-secuestro-expres-con-fines-de-robo-son-vinculados-a-proceso\/\" \/>\n<meta property=\"og:site_name\" content=\"Agencia252\" \/>\n<meta property=\"article:publisher\" content=\"https:\/\/www.facebook.com\/252Comunicacion\/\" \/>\n<meta property=\"article:author\" content=\"https:\/\/www.facebook.com\/jcorroherrera\/\" \/>\n<meta property=\"article:published_time\" content=\"2025-08-01T02:41:32+00:00\" \/>\n<meta property=\"article:modified_time\" content=\"2025-08-01T02:43:08+00:00\" \/>\n<meta property=\"og:image\" content=\"http:\/\/agencia.252.com.mx\/wp-content\/uploads\/2025\/07\/WhatsApp-Image-2025-07-31-at-3.39.13-PM.jpeg\" \/>\n\t<meta property=\"og:image:width\" content=\"1181\" \/>\n\t<meta property=\"og:image:height\" content=\"1253\" \/>\n\t<meta property=\"og:image:type\" content=\"image\/jpeg\" \/>\n<meta name=\"author\" content=\"Nacho Corro\" \/>\n<meta name=\"twitter:card\" content=\"summary_large_image\" \/>\n<meta name=\"twitter:creator\" content=\"@Juan Ignacio Corro Herrera\" \/>\n<meta name=\"twitter:site\" content=\"@252COMS\" \/>\n<meta name=\"twitter:label1\" content=\"Escrito por\" \/>\n\t<meta name=\"twitter:data1\" content=\"Nacho Corro\" \/>\n\t<meta name=\"twitter:label2\" content=\"Tiempo de lectura\" \/>\n\t<meta name=\"twitter:data2\" content=\"2 minutos\" \/>\n<script type=\"application\/ld+json\" class=\"yoast-schema-graph\">{\"@context\":\"https:\\\/\\\/schema.org\",\"@graph\":[{\"@type\":\"Article\",\"@id\":\"https:\\\/\\\/agencia.252.com.mx\\\/home\\\/cuatro-posibles-responsables-del-delito-del-secuestro-expres-con-fines-de-robo-son-vinculados-a-proceso\\\/#article\",\"isPartOf\":{\"@id\":\"https:\\\/\\\/agencia.252.com.mx\\\/home\\\/cuatro-posibles-responsables-del-delito-del-secuestro-expres-con-fines-de-robo-son-vinculados-a-proceso\\\/\"},\"author\":{\"name\":\"Nacho Corro\",\"@id\":\"https:\\\/\\\/agencia.252.com.mx\\\/home\\\/#\\\/schema\\\/person\\\/6b972021e9a92d45ade8c78d81509098\"},\"headline\":\"Cuatro posibles responsables del delito del secuestro expr\u00e9s con fines de robo son vinculados a proceso\u00a0\",\"datePublished\":\"2025-08-01T02:41:32+00:00\",\"dateModified\":\"2025-08-01T02:43:08+00:00\",\"mainEntityOfPage\":{\"@id\":\"https:\\\/\\\/agencia.252.com.mx\\\/home\\\/cuatro-posibles-responsables-del-delito-del-secuestro-expres-con-fines-de-robo-son-vinculados-a-proceso\\\/\"},\"wordCount\":383,\"commentCount\":0,\"publisher\":{\"@id\":\"https:\\\/\\\/agencia.252.com.mx\\\/home\\\/#organization\"},\"image\":{\"@id\":\"https:\\\/\\\/agencia.252.com.mx\\\/home\\\/cuatro-posibles-responsables-del-delito-del-secuestro-expres-con-fines-de-robo-son-vinculados-a-proceso\\\/#primaryimage\"},\"thumbnailUrl\":\"https:\\\/\\\/agencia.252.com.mx\\\/wp-content\\\/uploads\\\/2025\\\/07\\\/WhatsApp-Image-2025-07-31-at-3.39.13-PM.jpeg\",\"keywords\":[\"Edomex\"],\"articleSection\":[\"Crimen Organizado\",\"Cuautitl\u00e1n Izcalli\",\"Delincuencia\",\"Edomex\"],\"inLanguage\":\"es\",\"potentialAction\":[{\"@type\":\"CommentAction\",\"name\":\"Comment\",\"target\":[\"https:\\\/\\\/agencia.252.com.mx\\\/home\\\/cuatro-posibles-responsables-del-delito-del-secuestro-expres-con-fines-de-robo-son-vinculados-a-proceso\\\/#respond\"]}]},{\"@type\":\"WebPage\",\"@id\":\"https:\\\/\\\/agencia.252.com.mx\\\/home\\\/cuatro-posibles-responsables-del-delito-del-secuestro-expres-con-fines-de-robo-son-vinculados-a-proceso\\\/\",\"url\":\"https:\\\/\\\/agencia.252.com.mx\\\/home\\\/cuatro-posibles-responsables-del-delito-del-secuestro-expres-con-fines-de-robo-son-vinculados-a-proceso\\\/\",\"name\":\"Cuatro posibles responsables del delito del secuestro expr\u00e9s con fines de robo son vinculados a proceso\u00a0 - Agencia252\",\"isPartOf\":{\"@id\":\"https:\\\/\\\/agencia.252.com.mx\\\/home\\\/#website\"},\"primaryImageOfPage\":{\"@id\":\"https:\\\/\\\/agencia.252.com.mx\\\/home\\\/cuatro-posibles-responsables-del-delito-del-secuestro-expres-con-fines-de-robo-son-vinculados-a-proceso\\\/#primaryimage\"},\"image\":{\"@id\":\"https:\\\/\\\/agencia.252.com.mx\\\/home\\\/cuatro-posibles-responsables-del-delito-del-secuestro-expres-con-fines-de-robo-son-vinculados-a-proceso\\\/#primaryimage\"},\"thumbnailUrl\":\"https:\\\/\\\/agencia.252.com.mx\\\/wp-content\\\/uploads\\\/2025\\\/07\\\/WhatsApp-Image-2025-07-31-at-3.39.13-PM.jpeg\",\"datePublished\":\"2025-08-01T02:41:32+00:00\",\"dateModified\":\"2025-08-01T02:43:08+00:00\",\"breadcrumb\":{\"@id\":\"https:\\\/\\\/agencia.252.com.mx\\\/home\\\/cuatro-posibles-responsables-del-delito-del-secuestro-expres-con-fines-de-robo-son-vinculados-a-proceso\\\/#breadcrumb\"},\"inLanguage\":\"es\",\"potentialAction\":[{\"@type\":\"ReadAction\",\"target\":[\"https:\\\/\\\/agencia.252.com.mx\\\/home\\\/cuatro-posibles-responsables-del-delito-del-secuestro-expres-con-fines-de-robo-son-vinculados-a-proceso\\\/\"]}]},{\"@type\":\"ImageObject\",\"inLanguage\":\"es\",\"@id\":\"https:\\\/\\\/agencia.252.com.mx\\\/home\\\/cuatro-posibles-responsables-del-delito-del-secuestro-expres-con-fines-de-robo-son-vinculados-a-proceso\\\/#primaryimage\",\"url\":\"https:\\\/\\\/agencia.252.com.mx\\\/wp-content\\\/uploads\\\/2025\\\/07\\\/WhatsApp-Image-2025-07-31-at-3.39.13-PM.jpeg\",\"contentUrl\":\"https:\\\/\\\/agencia.252.com.mx\\\/wp-content\\\/uploads\\\/2025\\\/07\\\/WhatsApp-Image-2025-07-31-at-3.39.13-PM.jpeg\",\"width\":1181,\"height\":1253},{\"@type\":\"BreadcrumbList\",\"@id\":\"https:\\\/\\\/agencia.252.com.mx\\\/home\\\/cuatro-posibles-responsables-del-delito-del-secuestro-expres-con-fines-de-robo-son-vinculados-a-proceso\\\/#breadcrumb\",\"itemListElement\":[{\"@type\":\"ListItem\",\"position\":1,\"name\":\"Portada\",\"item\":\"https:\\\/\\\/agencia.252.com.mx\\\/home\\\/\"},{\"@type\":\"ListItem\",\"position\":2,\"name\":\"Cuatro posibles responsables del delito del secuestro expr\u00e9s con fines de robo son vinculados a proceso\u00a0\"}]},{\"@type\":\"WebSite\",\"@id\":\"https:\\\/\\\/agencia.252.com.mx\\\/home\\\/#website\",\"url\":\"https:\\\/\\\/agencia.252.com.mx\\\/home\\\/\",\"name\":\"Agencia252\",\"description\":\"Tu espacio en la Red\",\"publisher\":{\"@id\":\"https:\\\/\\\/agencia.252.com.mx\\\/home\\\/#organization\"},\"potentialAction\":[{\"@type\":\"SearchAction\",\"target\":{\"@type\":\"EntryPoint\",\"urlTemplate\":\"https:\\\/\\\/agencia.252.com.mx\\\/home\\\/?s={search_term_string}\"},\"query-input\":{\"@type\":\"PropertyValueSpecification\",\"valueRequired\":true,\"valueName\":\"search_term_string\"}}],\"inLanguage\":\"es\"},{\"@type\":\"Organization\",\"@id\":\"https:\\\/\\\/agencia.252.com.mx\\\/home\\\/#organization\",\"name\":\"Agencia252\",\"url\":\"https:\\\/\\\/agencia.252.com.mx\\\/home\\\/\",\"logo\":{\"@type\":\"ImageObject\",\"inLanguage\":\"es\",\"@id\":\"https:\\\/\\\/agencia.252.com.mx\\\/home\\\/#\\\/schema\\\/logo\\\/image\\\/\",\"url\":\"https:\\\/\\\/agencia.252.com.mx\\\/wp-content\\\/uploads\\\/2023\\\/02\\\/cropped-ciruclo-agencia-e1677562404136.png\",\"contentUrl\":\"https:\\\/\\\/agencia.252.com.mx\\\/wp-content\\\/uploads\\\/2023\\\/02\\\/cropped-ciruclo-agencia-e1677562404136.png\",\"width\":512,\"height\":512,\"caption\":\"Agencia252\"},\"image\":{\"@id\":\"https:\\\/\\\/agencia.252.com.mx\\\/home\\\/#\\\/schema\\\/logo\\\/image\\\/\"},\"sameAs\":[\"https:\\\/\\\/www.facebook.com\\\/252Comunicacion\\\/\",\"https:\\\/\\\/x.com\\\/252COMS\"]},{\"@type\":\"Person\",\"@id\":\"https:\\\/\\\/agencia.252.com.mx\\\/home\\\/#\\\/schema\\\/person\\\/6b972021e9a92d45ade8c78d81509098\",\"name\":\"Nacho Corro\",\"image\":{\"@type\":\"ImageObject\",\"inLanguage\":\"es\",\"@id\":\"https:\\\/\\\/secure.gravatar.com\\\/avatar\\\/5db6df507cfe1307e192fbb498c6b85f1cf2ffd8b4cd37141b9eea588fcbd5a4?s=96&r=g\",\"url\":\"https:\\\/\\\/secure.gravatar.com\\\/avatar\\\/5db6df507cfe1307e192fbb498c6b85f1cf2ffd8b4cd37141b9eea588fcbd5a4?s=96&r=g\",\"contentUrl\":\"https:\\\/\\\/secure.gravatar.com\\\/avatar\\\/5db6df507cfe1307e192fbb498c6b85f1cf2ffd8b4cd37141b9eea588fcbd5a4?s=96&r=g\",\"caption\":\"Nacho Corro\"},\"description\":\"Comunicador Social, Periodista y Administraci\u00f3n P\u00fablica. Conversador pol\u00edtico, temas electorales y seguridad. Generador de contenidos digitales. Amante de la fotograf\u00eda\",\"sameAs\":[\"https:\\\/\\\/www.facebook.com\\\/jcorroherrera\\\/\",\"www.instagram.com\\\/nachocorro\\\/\",\"https:\\\/\\\/x.com\\\/Juan Ignacio Corro Herrera\"],\"url\":\"https:\\\/\\\/agencia.252.com.mx\\\/home\\\/author\\\/i-corro\\\/\"}]}<\/script>\n<!-- \/ Yoast SEO plugin. -->","yoast_head_json":{"title":"Cuatro posibles responsables del delito del secuestro expr\u00e9s con fines de robo son vinculados a proceso\u00a0 - Agencia252","robots":{"index":"index","follow":"follow","max-snippet":"max-snippet:-1","max-image-preview":"max-image-preview:large","max-video-preview":"max-video-preview:-1"},"canonical":"https:\/\/agencia.252.com.mx\/home\/cuatro-posibles-responsables-del-delito-del-secuestro-expres-con-fines-de-robo-son-vinculados-a-proceso\/","og_locale":"es_ES","og_type":"article","og_title":"Cuatro posibles responsables del delito del secuestro expr\u00e9s con fines de robo son vinculados a proceso\u00a0 - Agencia252","og_description":"Visitas: 59 Juan Ignacio Corro Cuautitl\u00e1n, Izcalli, Estado de M\u00e9xico, a 31 de julio de 2025 La Fiscal\u00eda General de Justicia del Estado de M\u00e9xico (FGJEM) obtuvo vinculaci\u00f3n a proceso contra Erick Omar \u201cN\u201d, Juan Arturo \u201cN\u201d, Juan Rub\u00e9n \u201cN\u201d y Jes\u00fas \u201cN\u201d, investigados por su probable intervenci\u00f3n en el hecho delictivo de secuestro expr\u00e9s [&hellip;]","og_url":"https:\/\/agencia.252.com.mx\/home\/cuatro-posibles-responsables-del-delito-del-secuestro-expres-con-fines-de-robo-son-vinculados-a-proceso\/","og_site_name":"Agencia252","article_publisher":"https:\/\/www.facebook.com\/252Comunicacion\/","article_author":"https:\/\/www.facebook.com\/jcorroherrera\/","article_published_time":"2025-08-01T02:41:32+00:00","article_modified_time":"2025-08-01T02:43:08+00:00","og_image":[{"width":1181,"height":1253,"url":"http:\/\/agencia.252.com.mx\/wp-content\/uploads\/2025\/07\/WhatsApp-Image-2025-07-31-at-3.39.13-PM.jpeg","type":"image\/jpeg"}],"author":"Nacho Corro","twitter_card":"summary_large_image","twitter_creator":"@Juan Ignacio Corro Herrera","twitter_site":"@252COMS","twitter_misc":{"Escrito por":"Nacho Corro","Tiempo de lectura":"2 minutos"},"schema":{"@context":"https:\/\/schema.org","@graph":[{"@type":"Article","@id":"https:\/\/agencia.252.com.mx\/home\/cuatro-posibles-responsables-del-delito-del-secuestro-expres-con-fines-de-robo-son-vinculados-a-proceso\/#article","isPartOf":{"@id":"https:\/\/agencia.252.com.mx\/home\/cuatro-posibles-responsables-del-delito-del-secuestro-expres-con-fines-de-robo-son-vinculados-a-proceso\/"},"author":{"name":"Nacho Corro","@id":"https:\/\/agencia.252.com.mx\/home\/#\/schema\/person\/6b972021e9a92d45ade8c78d81509098"},"headline":"Cuatro posibles responsables del delito del secuestro expr\u00e9s con fines de robo son vinculados a proceso\u00a0","datePublished":"2025-08-01T02:41:32+00:00","dateModified":"2025-08-01T02:43:08+00:00","mainEntityOfPage":{"@id":"https:\/\/agencia.252.com.mx\/home\/cuatro-posibles-responsables-del-delito-del-secuestro-expres-con-fines-de-robo-son-vinculados-a-proceso\/"},"wordCount":383,"commentCount":0,"publisher":{"@id":"https:\/\/agencia.252.com.mx\/home\/#organization"},"image":{"@id":"https:\/\/agencia.252.com.mx\/home\/cuatro-posibles-responsables-del-delito-del-secuestro-expres-con-fines-de-robo-son-vinculados-a-proceso\/#primaryimage"},"thumbnailUrl":"https:\/\/agencia.252.com.mx\/wp-content\/uploads\/2025\/07\/WhatsApp-Image-2025-07-31-at-3.39.13-PM.jpeg","keywords":["Edomex"],"articleSection":["Crimen Organizado","Cuautitl\u00e1n Izcalli","Delincuencia","Edomex"],"inLanguage":"es","potentialAction":[{"@type":"CommentAction","name":"Comment","target":["https:\/\/agencia.252.com.mx\/home\/cuatro-posibles-responsables-del-delito-del-secuestro-expres-con-fines-de-robo-son-vinculados-a-proceso\/#respond"]}]},{"@type":"WebPage","@id":"https:\/\/agencia.252.com.mx\/home\/cuatro-posibles-responsables-del-delito-del-secuestro-expres-con-fines-de-robo-son-vinculados-a-proceso\/","url":"https:\/\/agencia.252.com.mx\/home\/cuatro-posibles-responsables-del-delito-del-secuestro-expres-con-fines-de-robo-son-vinculados-a-proceso\/","name":"Cuatro posibles responsables del delito del secuestro expr\u00e9s con fines de robo son vinculados a proceso\u00a0 - Agencia252","isPartOf":{"@id":"https:\/\/agencia.252.com.mx\/home\/#website"},"primaryImageOfPage":{"@id":"https:\/\/agencia.252.com.mx\/home\/cuatro-posibles-responsables-del-delito-del-secuestro-expres-con-fines-de-robo-son-vinculados-a-proceso\/#primaryimage"},"image":{"@id":"https:\/\/agencia.252.com.mx\/home\/cuatro-posibles-responsables-del-delito-del-secuestro-expres-con-fines-de-robo-son-vinculados-a-proceso\/#primaryimage"},"thumbnailUrl":"https:\/\/agencia.252.com.mx\/wp-content\/uploads\/2025\/07\/WhatsApp-Image-2025-07-31-at-3.39.13-PM.jpeg","datePublished":"2025-08-01T02:41:32+00:00","dateModified":"2025-08-01T02:43:08+00:00","breadcrumb":{"@id":"https:\/\/agencia.252.com.mx\/home\/cuatro-posibles-responsables-del-delito-del-secuestro-expres-con-fines-de-robo-son-vinculados-a-proceso\/#breadcrumb"},"inLanguage":"es","potentialAction":[{"@type":"ReadAction","target":["https:\/\/agencia.252.com.mx\/home\/cuatro-posibles-responsables-del-delito-del-secuestro-expres-con-fines-de-robo-son-vinculados-a-proceso\/"]}]},{"@type":"ImageObject","inLanguage":"es","@id":"https:\/\/agencia.252.com.mx\/home\/cuatro-posibles-responsables-del-delito-del-secuestro-expres-con-fines-de-robo-son-vinculados-a-proceso\/#primaryimage","url":"https:\/\/agencia.252.com.mx\/wp-content\/uploads\/2025\/07\/WhatsApp-Image-2025-07-31-at-3.39.13-PM.jpeg","contentUrl":"https:\/\/agencia.252.com.mx\/wp-content\/uploads\/2025\/07\/WhatsApp-Image-2025-07-31-at-3.39.13-PM.jpeg","width":1181,"height":1253},{"@type":"BreadcrumbList","@id":"https:\/\/agencia.252.com.mx\/home\/cuatro-posibles-responsables-del-delito-del-secuestro-expres-con-fines-de-robo-son-vinculados-a-proceso\/#breadcrumb","itemListElement":[{"@type":"ListItem","position":1,"name":"Portada","item":"https:\/\/agencia.252.com.mx\/home\/"},{"@type":"ListItem","position":2,"name":"Cuatro posibles responsables del delito del secuestro expr\u00e9s con fines de robo son vinculados a proceso\u00a0"}]},{"@type":"WebSite","@id":"https:\/\/agencia.252.com.mx\/home\/#website","url":"https:\/\/agencia.252.com.mx\/home\/","name":"Agencia252","description":"Tu espacio en la Red","publisher":{"@id":"https:\/\/agencia.252.com.mx\/home\/#organization"},"potentialAction":[{"@type":"SearchAction","target":{"@type":"EntryPoint","urlTemplate":"https:\/\/agencia.252.com.mx\/home\/?s={search_term_string}"},"query-input":{"@type":"PropertyValueSpecification","valueRequired":true,"valueName":"search_term_string"}}],"inLanguage":"es"},{"@type":"Organization","@id":"https:\/\/agencia.252.com.mx\/home\/#organization","name":"Agencia252","url":"https:\/\/agencia.252.com.mx\/home\/","logo":{"@type":"ImageObject","inLanguage":"es","@id":"https:\/\/agencia.252.com.mx\/home\/#\/schema\/logo\/image\/","url":"https:\/\/agencia.252.com.mx\/wp-content\/uploads\/2023\/02\/cropped-ciruclo-agencia-e1677562404136.png","contentUrl":"https:\/\/agencia.252.com.mx\/wp-content\/uploads\/2023\/02\/cropped-ciruclo-agencia-e1677562404136.png","width":512,"height":512,"caption":"Agencia252"},"image":{"@id":"https:\/\/agencia.252.com.mx\/home\/#\/schema\/logo\/image\/"},"sameAs":["https:\/\/www.facebook.com\/252Comunicacion\/","https:\/\/x.com\/252COMS"]},{"@type":"Person","@id":"https:\/\/agencia.252.com.mx\/home\/#\/schema\/person\/6b972021e9a92d45ade8c78d81509098","name":"Nacho Corro","image":{"@type":"ImageObject","inLanguage":"es","@id":"https:\/\/secure.gravatar.com\/avatar\/5db6df507cfe1307e192fbb498c6b85f1cf2ffd8b4cd37141b9eea588fcbd5a4?s=96&r=g","url":"https:\/\/secure.gravatar.com\/avatar\/5db6df507cfe1307e192fbb498c6b85f1cf2ffd8b4cd37141b9eea588fcbd5a4?s=96&r=g","contentUrl":"https:\/\/secure.gravatar.com\/avatar\/5db6df507cfe1307e192fbb498c6b85f1cf2ffd8b4cd37141b9eea588fcbd5a4?s=96&r=g","caption":"Nacho Corro"},"description":"Comunicador Social, Periodista y Administraci\u00f3n P\u00fablica. Conversador pol\u00edtico, temas electorales y seguridad. Generador de contenidos digitales. Amante de la fotograf\u00eda","sameAs":["https:\/\/www.facebook.com\/jcorroherrera\/","www.instagram.com\/nachocorro\/","https:\/\/x.com\/Juan Ignacio Corro Herrera"],"url":"https:\/\/agencia.252.com.mx\/home\/author\/i-corro\/"}]}},"_links":{"self":[{"href":"https:\/\/agencia.252.com.mx\/home\/wp-json\/wp\/v2\/posts\/9564","targetHints":{"allow":["GET"]}}],"collection":[{"href":"https:\/\/agencia.252.com.mx\/home\/wp-json\/wp\/v2\/posts"}],"about":[{"href":"https:\/\/agencia.252.com.mx\/home\/wp-json\/wp\/v2\/types\/post"}],"author":[{"embeddable":true,"href":"https:\/\/agencia.252.com.mx\/home\/wp-json\/wp\/v2\/users\/5"}],"replies":[{"embeddable":true,"href":"https:\/\/agencia.252.com.mx\/home\/wp-json\/wp\/v2\/comments?post=9564"}],"version-history":[{"count":1,"href":"https:\/\/agencia.252.com.mx\/home\/wp-json\/wp\/v2\/posts\/9564\/revisions"}],"predecessor-version":[{"id":9573,"href":"https:\/\/agencia.252.com.mx\/home\/wp-json\/wp\/v2\/posts\/9564\/revisions\/9573"}],"wp:featuredmedia":[{"embeddable":true,"href":"https:\/\/agencia.252.com.mx\/home\/wp-json\/wp\/v2\/media\/9572"}],"wp:attachment":[{"href":"https:\/\/agencia.252.com.mx\/home\/wp-json\/wp\/v2\/media?parent=9564"}],"wp:term":[{"taxonomy":"category","embeddable":true,"href":"https:\/\/agencia.252.com.mx\/home\/wp-json\/wp\/v2\/categories?post=9564"},{"taxonomy":"post_tag","embeddable":true,"href":"https:\/\/agencia.252.com.mx\/home\/wp-json\/wp\/v2\/tags?post=9564"}],"curies":[{"name":"wp","href":"https:\/\/api.w.org\/{rel}","templated":true}]}}