{"id":9561,"date":"2025-07-31T18:58:26","date_gmt":"2025-08-01T00:58:26","guid":{"rendered":"https:\/\/agencia.252.com.mx\/home\/?p=9561"},"modified":"2025-07-31T18:59:34","modified_gmt":"2025-08-01T00:59:34","slug":"detiene-dos-integrantes-del-consejo-de-administracion-de-la-central-de-abasto-de-toluca-investigados-por-extorsion","status":"publish","type":"post","link":"https:\/\/agencia.252.com.mx\/home\/detiene-dos-integrantes-del-consejo-de-administracion-de-la-central-de-abasto-de-toluca-investigados-por-extorsion\/","title":{"rendered":"Detiene dos integrantes del Consejo de Administraci\u00f3n de la Central de Abasto de Toluca, investigados por extorsi\u00f3n\u00a0"},"content":{"rendered":"<p>Visitas: 54<\/p>\n<ul class=\"wp-block-list\">\n<li><em>Los detenidos habr\u00edan obligado a un asesor jur\u00eddico a laborar para ellos sin cobrar honorarios y lo amenazaron con causarle da\u00f1o si se negaba a hacerlo<\/em><\/li>\n<\/ul>\n\n\n\n<p>Juan Ignacio Corro\u00a0<\/p>\n\n\n\n<p class=\"has-text-align-right\">Toluca, Estado de M\u00e9xico, a 31 de julio de 2025<\/p>\n\n\n\n<p>La Fiscal\u00eda General de Justicia del Estado de M\u00e9xico (FGJEM) detuvo en cumplimiento de orden de aprehensi\u00f3n a Jes\u00fas \u201cN\u201d y Luis Alberto \u201cN\u201d, quienes desempe\u00f1aban cargos en el Consejo de Administraci\u00f3n de la Central de Abasto de Toluca y son investigados por su probable intervenci\u00f3n en el hecho delictivo de extorsi\u00f3n.<\/p>\n\n\n\n<p>Los probables implicados fueron aprehendidos la tarde del mi\u00e9rcoles 30 de julio en el Valle de Toluca, por lo que fueron trasladados al Centro Penitenciario y de Reinserci\u00f3n Social de Santiaguito, en Almoloya de Ju\u00e1rez, a disposici\u00f3n de la Autoridad Judicial, quien determinar\u00e1 su situaci\u00f3n jur\u00eddica.<\/p>\n\n\n\n<p>El il\u00edcito por el cual son investigados se registr\u00f3 el 4 de febrero de este a\u00f1o, cuando la v\u00edctima acudi\u00f3 a las oficinas de la mesa directiva de la Central de Abasto de Toluca, ubicada en la colonia San Mateo Otzacatipan, con la finalidad de cobrar sus honorarios como asesor jur\u00eddico de los ahora detenidos, quienes estaban relacionados con un hecho delictivo diverso.<\/p>\n\n\n\n<p>Estos individuos se negaron a pagar los honorarios y habr\u00edan amedrentado a la v\u00edctima al presumiblemente ostentarse como integrantes de un grupo delictivo con or\u00edgenes en el estado de Michoac\u00e1n, por ello la persona afectada pretendi\u00f3 retirarse del sitio, no obstante, al exterior de esas oficinas se encontraba Sergio \u201cN\u201d, quien laboraba como Jefe de seguridad de los investigados, mismo que al parecer lo amenaz\u00f3 con un arma de fuego.<\/p>\n\n\n\n<p>De acuerdo con la indagatoria, por instrucciones de Jes\u00fas \u201cN\u201d y Luis Alberto \u201cN\u201d, el investigado Sergio \u201cN\u201d, llev\u00f3 a la v\u00edctima al \u00e1rea de estacionamiento de la Central de Abasto y la habr\u00eda obligado a firmar hojas en blanco y le dijo que deb\u00eda trabajar para ellos como abogado sin recibir honorarios, es decir de manera gratuita y en caso de negarse lo privar\u00edan de la vida o atentar\u00edan contra sus familiares.<\/p>\n\n\n\n<p>Los hechos referidos fueron denunciados ante el Agente del Ministerio P\u00fablico quien inici\u00f3 una investigaci\u00f3n correspondiente y recab\u00f3 datos de prueba con los cuales fue solicitada al \u00d3rgano Jurisdiccional librar orden de aprehensi\u00f3n contra los probables implicados,<\/p>\n\n\n\n<p>Cabe mencionar que el pasado 1 de julio la Fiscal\u00eda Edom\u00e9x obtuvo vinculaci\u00f3n a proceso contra Sergio \u201cN\u201d, investigado por estos mismos hechos delictivos.<\/p>\n\n\n\n<p>A los detenidos se les debe considerar inocentes hasta que sea dictada una sentencia condenatoria en su contra.<\/p>\n","protected":false},"excerpt":{"rendered":"<p>Visitas: 54 Juan Ignacio Corro\u00a0 Toluca, Estado de M\u00e9xico, a 31 de julio de 2025 La Fiscal\u00eda General de Justicia del Estado de M\u00e9xico (FGJEM) detuvo en cumplimiento de orden de aprehensi\u00f3n a Jes\u00fas \u201cN\u201d y Luis Alberto \u201cN\u201d, quienes desempe\u00f1aban cargos en el Consejo de Administraci\u00f3n de la Central de Abasto de Toluca y [&hellip;]<\/p>\n","protected":false},"author":5,"featured_media":9562,"comment_status":"open","ping_status":"open","sticky":false,"template":"","format":"standard","meta":{"site-sidebar-layout":"default","site-content-layout":"","ast-site-content-layout":"default","site-content-style":"default","site-sidebar-style":"default","ast-global-header-display":"","ast-banner-title-visibility":"","ast-main-header-display":"","ast-hfb-above-header-display":"","ast-hfb-below-header-display":"","ast-hfb-mobile-header-display":"","site-post-title":"","ast-breadcrumbs-content":"","ast-featured-img":"","footer-sml-layout":"","ast-disable-related-posts":"","theme-transparent-header-meta":"","adv-header-id-meta":"","stick-header-meta":"","header-above-stick-meta":"","header-main-stick-meta":"","header-below-stick-meta":"","astra-migrate-meta-layouts":"set","ast-page-background-enabled":"default","ast-page-background-meta":{"desktop":{"background-color":"var(--ast-global-color-4)","background-image":"","background-repeat":"repeat","background-position":"center center","background-size":"auto","background-attachment":"scroll","background-type":"","background-media":"","overlay-type":"","overlay-color":"","overlay-opacity":"","overlay-gradient":""},"tablet":{"background-color":"","background-image":"","background-repeat":"repeat","background-position":"center center","background-size":"auto","background-attachment":"scroll","background-type":"","background-media":"","overlay-type":"","overlay-color":"","overlay-opacity":"","overlay-gradient":""},"mobile":{"background-color":"","background-image":"","background-repeat":"repeat","background-position":"center center","background-size":"auto","background-attachment":"scroll","background-type":"","background-media":"","overlay-type":"","overlay-color":"","overlay-opacity":"","overlay-gradient":""}},"ast-content-background-meta":{"desktop":{"background-color":"var(--ast-global-color-5)","background-image":"","background-repeat":"repeat","background-position":"center center","background-size":"auto","background-attachment":"scroll","background-type":"","background-media":"","overlay-type":"","overlay-color":"","overlay-opacity":"","overlay-gradient":""},"tablet":{"background-color":"var(--ast-global-color-5)","background-image":"","background-repeat":"repeat","background-position":"center center","background-size":"auto","background-attachment":"scroll","background-type":"","background-media":"","overlay-type":"","overlay-color":"","overlay-opacity":"","overlay-gradient":""},"mobile":{"background-color":"var(--ast-global-color-5)","background-image":"","background-repeat":"repeat","background-position":"center center","background-size":"auto","background-attachment":"scroll","background-type":"","background-media":"","overlay-type":"","overlay-color":"","overlay-opacity":"","overlay-gradient":""}},"footnotes":""},"categories":[265,8,68,31],"tags":[526],"class_list":["post-9561","post","type-post","status-publish","format-standard","has-post-thumbnail","hentry","category-delincuencia","category-edomex","category-seguridad","category-toluca","tag-edomex"],"yoast_head":"<!-- This site is optimized with the Yoast SEO plugin v27.4 - https:\/\/yoast.com\/product\/yoast-seo-wordpress\/ -->\n<title>Detiene dos integrantes del Consejo de Administraci\u00f3n de la Central de Abasto de Toluca, investigados por extorsi\u00f3n\u00a0 - Agencia252<\/title>\n<meta name=\"robots\" content=\"index, follow, max-snippet:-1, max-image-preview:large, max-video-preview:-1\" \/>\n<link rel=\"canonical\" href=\"https:\/\/agencia.252.com.mx\/home\/detiene-dos-integrantes-del-consejo-de-administracion-de-la-central-de-abasto-de-toluca-investigados-por-extorsion\/\" \/>\n<meta property=\"og:locale\" content=\"es_ES\" \/>\n<meta property=\"og:type\" content=\"article\" \/>\n<meta property=\"og:title\" content=\"Detiene dos integrantes del Consejo de Administraci\u00f3n de la Central de Abasto de Toluca, investigados por extorsi\u00f3n\u00a0 - Agencia252\" \/>\n<meta property=\"og:description\" content=\"Visitas: 54 Juan Ignacio Corro\u00a0 Toluca, Estado de M\u00e9xico, a 31 de julio de 2025 La Fiscal\u00eda General de Justicia del Estado de M\u00e9xico (FGJEM) detuvo en cumplimiento de orden de aprehensi\u00f3n a Jes\u00fas \u201cN\u201d y Luis Alberto \u201cN\u201d, quienes desempe\u00f1aban cargos en el Consejo de Administraci\u00f3n de la Central de Abasto de Toluca y [&hellip;]\" \/>\n<meta property=\"og:url\" content=\"https:\/\/agencia.252.com.mx\/home\/detiene-dos-integrantes-del-consejo-de-administracion-de-la-central-de-abasto-de-toluca-investigados-por-extorsion\/\" \/>\n<meta property=\"og:site_name\" content=\"Agencia252\" \/>\n<meta property=\"article:publisher\" content=\"https:\/\/www.facebook.com\/252Comunicacion\/\" \/>\n<meta property=\"article:author\" content=\"https:\/\/www.facebook.com\/jcorroherrera\/\" \/>\n<meta property=\"article:published_time\" content=\"2025-08-01T00:58:26+00:00\" \/>\n<meta property=\"article:modified_time\" content=\"2025-08-01T00:59:34+00:00\" \/>\n<meta property=\"og:image\" content=\"http:\/\/agencia.252.com.mx\/wp-content\/uploads\/2025\/07\/WhatsApp-Image-2025-07-31-at-1.07.14-PM.jpeg\" \/>\n\t<meta property=\"og:image:width\" content=\"762\" \/>\n\t<meta property=\"og:image:height\" content=\"589\" \/>\n\t<meta property=\"og:image:type\" content=\"image\/jpeg\" \/>\n<meta name=\"author\" content=\"Nacho Corro\" \/>\n<meta name=\"twitter:card\" content=\"summary_large_image\" \/>\n<meta name=\"twitter:creator\" content=\"@Juan Ignacio Corro Herrera\" \/>\n<meta name=\"twitter:site\" content=\"@252COMS\" \/>\n<meta name=\"twitter:label1\" content=\"Escrito por\" \/>\n\t<meta name=\"twitter:data1\" content=\"Nacho Corro\" \/>\n\t<meta name=\"twitter:label2\" content=\"Tiempo de lectura\" \/>\n\t<meta name=\"twitter:data2\" content=\"3 minutos\" \/>\n<script type=\"application\/ld+json\" class=\"yoast-schema-graph\">{\"@context\":\"https:\\\/\\\/schema.org\",\"@graph\":[{\"@type\":\"Article\",\"@id\":\"https:\\\/\\\/agencia.252.com.mx\\\/home\\\/detiene-dos-integrantes-del-consejo-de-administracion-de-la-central-de-abasto-de-toluca-investigados-por-extorsion\\\/#article\",\"isPartOf\":{\"@id\":\"https:\\\/\\\/agencia.252.com.mx\\\/home\\\/detiene-dos-integrantes-del-consejo-de-administracion-de-la-central-de-abasto-de-toluca-investigados-por-extorsion\\\/\"},\"author\":{\"name\":\"Nacho Corro\",\"@id\":\"https:\\\/\\\/agencia.252.com.mx\\\/home\\\/#\\\/schema\\\/person\\\/6b972021e9a92d45ade8c78d81509098\"},\"headline\":\"Detiene dos integrantes del Consejo de Administraci\u00f3n de la Central de Abasto de Toluca, investigados por extorsi\u00f3n\u00a0\",\"datePublished\":\"2025-08-01T00:58:26+00:00\",\"dateModified\":\"2025-08-01T00:59:34+00:00\",\"mainEntityOfPage\":{\"@id\":\"https:\\\/\\\/agencia.252.com.mx\\\/home\\\/detiene-dos-integrantes-del-consejo-de-administracion-de-la-central-de-abasto-de-toluca-investigados-por-extorsion\\\/\"},\"wordCount\":474,\"commentCount\":0,\"publisher\":{\"@id\":\"https:\\\/\\\/agencia.252.com.mx\\\/home\\\/#organization\"},\"image\":{\"@id\":\"https:\\\/\\\/agencia.252.com.mx\\\/home\\\/detiene-dos-integrantes-del-consejo-de-administracion-de-la-central-de-abasto-de-toluca-investigados-por-extorsion\\\/#primaryimage\"},\"thumbnailUrl\":\"https:\\\/\\\/agencia.252.com.mx\\\/wp-content\\\/uploads\\\/2025\\\/07\\\/WhatsApp-Image-2025-07-31-at-1.07.14-PM.jpeg\",\"keywords\":[\"Edomex\"],\"articleSection\":[\"Delincuencia\",\"Edomex\",\"Seguridad\",\"Toluca\"],\"inLanguage\":\"es\",\"potentialAction\":[{\"@type\":\"CommentAction\",\"name\":\"Comment\",\"target\":[\"https:\\\/\\\/agencia.252.com.mx\\\/home\\\/detiene-dos-integrantes-del-consejo-de-administracion-de-la-central-de-abasto-de-toluca-investigados-por-extorsion\\\/#respond\"]}]},{\"@type\":\"WebPage\",\"@id\":\"https:\\\/\\\/agencia.252.com.mx\\\/home\\\/detiene-dos-integrantes-del-consejo-de-administracion-de-la-central-de-abasto-de-toluca-investigados-por-extorsion\\\/\",\"url\":\"https:\\\/\\\/agencia.252.com.mx\\\/home\\\/detiene-dos-integrantes-del-consejo-de-administracion-de-la-central-de-abasto-de-toluca-investigados-por-extorsion\\\/\",\"name\":\"Detiene dos integrantes del Consejo de Administraci\u00f3n de la Central de Abasto de Toluca, investigados por extorsi\u00f3n\u00a0 - Agencia252\",\"isPartOf\":{\"@id\":\"https:\\\/\\\/agencia.252.com.mx\\\/home\\\/#website\"},\"primaryImageOfPage\":{\"@id\":\"https:\\\/\\\/agencia.252.com.mx\\\/home\\\/detiene-dos-integrantes-del-consejo-de-administracion-de-la-central-de-abasto-de-toluca-investigados-por-extorsion\\\/#primaryimage\"},\"image\":{\"@id\":\"https:\\\/\\\/agencia.252.com.mx\\\/home\\\/detiene-dos-integrantes-del-consejo-de-administracion-de-la-central-de-abasto-de-toluca-investigados-por-extorsion\\\/#primaryimage\"},\"thumbnailUrl\":\"https:\\\/\\\/agencia.252.com.mx\\\/wp-content\\\/uploads\\\/2025\\\/07\\\/WhatsApp-Image-2025-07-31-at-1.07.14-PM.jpeg\",\"datePublished\":\"2025-08-01T00:58:26+00:00\",\"dateModified\":\"2025-08-01T00:59:34+00:00\",\"breadcrumb\":{\"@id\":\"https:\\\/\\\/agencia.252.com.mx\\\/home\\\/detiene-dos-integrantes-del-consejo-de-administracion-de-la-central-de-abasto-de-toluca-investigados-por-extorsion\\\/#breadcrumb\"},\"inLanguage\":\"es\",\"potentialAction\":[{\"@type\":\"ReadAction\",\"target\":[\"https:\\\/\\\/agencia.252.com.mx\\\/home\\\/detiene-dos-integrantes-del-consejo-de-administracion-de-la-central-de-abasto-de-toluca-investigados-por-extorsion\\\/\"]}]},{\"@type\":\"ImageObject\",\"inLanguage\":\"es\",\"@id\":\"https:\\\/\\\/agencia.252.com.mx\\\/home\\\/detiene-dos-integrantes-del-consejo-de-administracion-de-la-central-de-abasto-de-toluca-investigados-por-extorsion\\\/#primaryimage\",\"url\":\"https:\\\/\\\/agencia.252.com.mx\\\/wp-content\\\/uploads\\\/2025\\\/07\\\/WhatsApp-Image-2025-07-31-at-1.07.14-PM.jpeg\",\"contentUrl\":\"https:\\\/\\\/agencia.252.com.mx\\\/wp-content\\\/uploads\\\/2025\\\/07\\\/WhatsApp-Image-2025-07-31-at-1.07.14-PM.jpeg\",\"width\":762,\"height\":589},{\"@type\":\"BreadcrumbList\",\"@id\":\"https:\\\/\\\/agencia.252.com.mx\\\/home\\\/detiene-dos-integrantes-del-consejo-de-administracion-de-la-central-de-abasto-de-toluca-investigados-por-extorsion\\\/#breadcrumb\",\"itemListElement\":[{\"@type\":\"ListItem\",\"position\":1,\"name\":\"Portada\",\"item\":\"https:\\\/\\\/agencia.252.com.mx\\\/home\\\/\"},{\"@type\":\"ListItem\",\"position\":2,\"name\":\"Detiene dos integrantes del Consejo de Administraci\u00f3n de la Central de Abasto de Toluca, investigados por extorsi\u00f3n\u00a0\"}]},{\"@type\":\"WebSite\",\"@id\":\"https:\\\/\\\/agencia.252.com.mx\\\/home\\\/#website\",\"url\":\"https:\\\/\\\/agencia.252.com.mx\\\/home\\\/\",\"name\":\"Agencia252\",\"description\":\"Tu espacio en la Red\",\"publisher\":{\"@id\":\"https:\\\/\\\/agencia.252.com.mx\\\/home\\\/#organization\"},\"potentialAction\":[{\"@type\":\"SearchAction\",\"target\":{\"@type\":\"EntryPoint\",\"urlTemplate\":\"https:\\\/\\\/agencia.252.com.mx\\\/home\\\/?s={search_term_string}\"},\"query-input\":{\"@type\":\"PropertyValueSpecification\",\"valueRequired\":true,\"valueName\":\"search_term_string\"}}],\"inLanguage\":\"es\"},{\"@type\":\"Organization\",\"@id\":\"https:\\\/\\\/agencia.252.com.mx\\\/home\\\/#organization\",\"name\":\"Agencia252\",\"url\":\"https:\\\/\\\/agencia.252.com.mx\\\/home\\\/\",\"logo\":{\"@type\":\"ImageObject\",\"inLanguage\":\"es\",\"@id\":\"https:\\\/\\\/agencia.252.com.mx\\\/home\\\/#\\\/schema\\\/logo\\\/image\\\/\",\"url\":\"https:\\\/\\\/agencia.252.com.mx\\\/wp-content\\\/uploads\\\/2023\\\/02\\\/cropped-ciruclo-agencia-e1677562404136.png\",\"contentUrl\":\"https:\\\/\\\/agencia.252.com.mx\\\/wp-content\\\/uploads\\\/2023\\\/02\\\/cropped-ciruclo-agencia-e1677562404136.png\",\"width\":512,\"height\":512,\"caption\":\"Agencia252\"},\"image\":{\"@id\":\"https:\\\/\\\/agencia.252.com.mx\\\/home\\\/#\\\/schema\\\/logo\\\/image\\\/\"},\"sameAs\":[\"https:\\\/\\\/www.facebook.com\\\/252Comunicacion\\\/\",\"https:\\\/\\\/x.com\\\/252COMS\"]},{\"@type\":\"Person\",\"@id\":\"https:\\\/\\\/agencia.252.com.mx\\\/home\\\/#\\\/schema\\\/person\\\/6b972021e9a92d45ade8c78d81509098\",\"name\":\"Nacho Corro\",\"image\":{\"@type\":\"ImageObject\",\"inLanguage\":\"es\",\"@id\":\"https:\\\/\\\/secure.gravatar.com\\\/avatar\\\/5db6df507cfe1307e192fbb498c6b85f1cf2ffd8b4cd37141b9eea588fcbd5a4?s=96&r=g\",\"url\":\"https:\\\/\\\/secure.gravatar.com\\\/avatar\\\/5db6df507cfe1307e192fbb498c6b85f1cf2ffd8b4cd37141b9eea588fcbd5a4?s=96&r=g\",\"contentUrl\":\"https:\\\/\\\/secure.gravatar.com\\\/avatar\\\/5db6df507cfe1307e192fbb498c6b85f1cf2ffd8b4cd37141b9eea588fcbd5a4?s=96&r=g\",\"caption\":\"Nacho Corro\"},\"description\":\"Comunicador Social, Periodista y Administraci\u00f3n P\u00fablica. Conversador pol\u00edtico, temas electorales y seguridad. Generador de contenidos digitales. Amante de la fotograf\u00eda\",\"sameAs\":[\"https:\\\/\\\/www.facebook.com\\\/jcorroherrera\\\/\",\"www.instagram.com\\\/nachocorro\\\/\",\"https:\\\/\\\/x.com\\\/Juan Ignacio Corro Herrera\"],\"url\":\"https:\\\/\\\/agencia.252.com.mx\\\/home\\\/author\\\/i-corro\\\/\"}]}<\/script>\n<!-- \/ Yoast SEO plugin. -->","yoast_head_json":{"title":"Detiene dos integrantes del Consejo de Administraci\u00f3n de la Central de Abasto de Toluca, investigados por extorsi\u00f3n\u00a0 - Agencia252","robots":{"index":"index","follow":"follow","max-snippet":"max-snippet:-1","max-image-preview":"max-image-preview:large","max-video-preview":"max-video-preview:-1"},"canonical":"https:\/\/agencia.252.com.mx\/home\/detiene-dos-integrantes-del-consejo-de-administracion-de-la-central-de-abasto-de-toluca-investigados-por-extorsion\/","og_locale":"es_ES","og_type":"article","og_title":"Detiene dos integrantes del Consejo de Administraci\u00f3n de la Central de Abasto de Toluca, investigados por extorsi\u00f3n\u00a0 - Agencia252","og_description":"Visitas: 54 Juan Ignacio Corro\u00a0 Toluca, Estado de M\u00e9xico, a 31 de julio de 2025 La Fiscal\u00eda General de Justicia del Estado de M\u00e9xico (FGJEM) detuvo en cumplimiento de orden de aprehensi\u00f3n a Jes\u00fas \u201cN\u201d y Luis Alberto \u201cN\u201d, quienes desempe\u00f1aban cargos en el Consejo de Administraci\u00f3n de la Central de Abasto de Toluca y [&hellip;]","og_url":"https:\/\/agencia.252.com.mx\/home\/detiene-dos-integrantes-del-consejo-de-administracion-de-la-central-de-abasto-de-toluca-investigados-por-extorsion\/","og_site_name":"Agencia252","article_publisher":"https:\/\/www.facebook.com\/252Comunicacion\/","article_author":"https:\/\/www.facebook.com\/jcorroherrera\/","article_published_time":"2025-08-01T00:58:26+00:00","article_modified_time":"2025-08-01T00:59:34+00:00","og_image":[{"width":762,"height":589,"url":"http:\/\/agencia.252.com.mx\/wp-content\/uploads\/2025\/07\/WhatsApp-Image-2025-07-31-at-1.07.14-PM.jpeg","type":"image\/jpeg"}],"author":"Nacho Corro","twitter_card":"summary_large_image","twitter_creator":"@Juan Ignacio Corro Herrera","twitter_site":"@252COMS","twitter_misc":{"Escrito por":"Nacho Corro","Tiempo de lectura":"3 minutos"},"schema":{"@context":"https:\/\/schema.org","@graph":[{"@type":"Article","@id":"https:\/\/agencia.252.com.mx\/home\/detiene-dos-integrantes-del-consejo-de-administracion-de-la-central-de-abasto-de-toluca-investigados-por-extorsion\/#article","isPartOf":{"@id":"https:\/\/agencia.252.com.mx\/home\/detiene-dos-integrantes-del-consejo-de-administracion-de-la-central-de-abasto-de-toluca-investigados-por-extorsion\/"},"author":{"name":"Nacho Corro","@id":"https:\/\/agencia.252.com.mx\/home\/#\/schema\/person\/6b972021e9a92d45ade8c78d81509098"},"headline":"Detiene dos integrantes del Consejo de Administraci\u00f3n de la Central de Abasto de Toluca, investigados por extorsi\u00f3n\u00a0","datePublished":"2025-08-01T00:58:26+00:00","dateModified":"2025-08-01T00:59:34+00:00","mainEntityOfPage":{"@id":"https:\/\/agencia.252.com.mx\/home\/detiene-dos-integrantes-del-consejo-de-administracion-de-la-central-de-abasto-de-toluca-investigados-por-extorsion\/"},"wordCount":474,"commentCount":0,"publisher":{"@id":"https:\/\/agencia.252.com.mx\/home\/#organization"},"image":{"@id":"https:\/\/agencia.252.com.mx\/home\/detiene-dos-integrantes-del-consejo-de-administracion-de-la-central-de-abasto-de-toluca-investigados-por-extorsion\/#primaryimage"},"thumbnailUrl":"https:\/\/agencia.252.com.mx\/wp-content\/uploads\/2025\/07\/WhatsApp-Image-2025-07-31-at-1.07.14-PM.jpeg","keywords":["Edomex"],"articleSection":["Delincuencia","Edomex","Seguridad","Toluca"],"inLanguage":"es","potentialAction":[{"@type":"CommentAction","name":"Comment","target":["https:\/\/agencia.252.com.mx\/home\/detiene-dos-integrantes-del-consejo-de-administracion-de-la-central-de-abasto-de-toluca-investigados-por-extorsion\/#respond"]}]},{"@type":"WebPage","@id":"https:\/\/agencia.252.com.mx\/home\/detiene-dos-integrantes-del-consejo-de-administracion-de-la-central-de-abasto-de-toluca-investigados-por-extorsion\/","url":"https:\/\/agencia.252.com.mx\/home\/detiene-dos-integrantes-del-consejo-de-administracion-de-la-central-de-abasto-de-toluca-investigados-por-extorsion\/","name":"Detiene dos integrantes del Consejo de Administraci\u00f3n de la Central de Abasto de Toluca, investigados por extorsi\u00f3n\u00a0 - Agencia252","isPartOf":{"@id":"https:\/\/agencia.252.com.mx\/home\/#website"},"primaryImageOfPage":{"@id":"https:\/\/agencia.252.com.mx\/home\/detiene-dos-integrantes-del-consejo-de-administracion-de-la-central-de-abasto-de-toluca-investigados-por-extorsion\/#primaryimage"},"image":{"@id":"https:\/\/agencia.252.com.mx\/home\/detiene-dos-integrantes-del-consejo-de-administracion-de-la-central-de-abasto-de-toluca-investigados-por-extorsion\/#primaryimage"},"thumbnailUrl":"https:\/\/agencia.252.com.mx\/wp-content\/uploads\/2025\/07\/WhatsApp-Image-2025-07-31-at-1.07.14-PM.jpeg","datePublished":"2025-08-01T00:58:26+00:00","dateModified":"2025-08-01T00:59:34+00:00","breadcrumb":{"@id":"https:\/\/agencia.252.com.mx\/home\/detiene-dos-integrantes-del-consejo-de-administracion-de-la-central-de-abasto-de-toluca-investigados-por-extorsion\/#breadcrumb"},"inLanguage":"es","potentialAction":[{"@type":"ReadAction","target":["https:\/\/agencia.252.com.mx\/home\/detiene-dos-integrantes-del-consejo-de-administracion-de-la-central-de-abasto-de-toluca-investigados-por-extorsion\/"]}]},{"@type":"ImageObject","inLanguage":"es","@id":"https:\/\/agencia.252.com.mx\/home\/detiene-dos-integrantes-del-consejo-de-administracion-de-la-central-de-abasto-de-toluca-investigados-por-extorsion\/#primaryimage","url":"https:\/\/agencia.252.com.mx\/wp-content\/uploads\/2025\/07\/WhatsApp-Image-2025-07-31-at-1.07.14-PM.jpeg","contentUrl":"https:\/\/agencia.252.com.mx\/wp-content\/uploads\/2025\/07\/WhatsApp-Image-2025-07-31-at-1.07.14-PM.jpeg","width":762,"height":589},{"@type":"BreadcrumbList","@id":"https:\/\/agencia.252.com.mx\/home\/detiene-dos-integrantes-del-consejo-de-administracion-de-la-central-de-abasto-de-toluca-investigados-por-extorsion\/#breadcrumb","itemListElement":[{"@type":"ListItem","position":1,"name":"Portada","item":"https:\/\/agencia.252.com.mx\/home\/"},{"@type":"ListItem","position":2,"name":"Detiene dos integrantes del Consejo de Administraci\u00f3n de la Central de Abasto de Toluca, investigados por extorsi\u00f3n\u00a0"}]},{"@type":"WebSite","@id":"https:\/\/agencia.252.com.mx\/home\/#website","url":"https:\/\/agencia.252.com.mx\/home\/","name":"Agencia252","description":"Tu espacio en la Red","publisher":{"@id":"https:\/\/agencia.252.com.mx\/home\/#organization"},"potentialAction":[{"@type":"SearchAction","target":{"@type":"EntryPoint","urlTemplate":"https:\/\/agencia.252.com.mx\/home\/?s={search_term_string}"},"query-input":{"@type":"PropertyValueSpecification","valueRequired":true,"valueName":"search_term_string"}}],"inLanguage":"es"},{"@type":"Organization","@id":"https:\/\/agencia.252.com.mx\/home\/#organization","name":"Agencia252","url":"https:\/\/agencia.252.com.mx\/home\/","logo":{"@type":"ImageObject","inLanguage":"es","@id":"https:\/\/agencia.252.com.mx\/home\/#\/schema\/logo\/image\/","url":"https:\/\/agencia.252.com.mx\/wp-content\/uploads\/2023\/02\/cropped-ciruclo-agencia-e1677562404136.png","contentUrl":"https:\/\/agencia.252.com.mx\/wp-content\/uploads\/2023\/02\/cropped-ciruclo-agencia-e1677562404136.png","width":512,"height":512,"caption":"Agencia252"},"image":{"@id":"https:\/\/agencia.252.com.mx\/home\/#\/schema\/logo\/image\/"},"sameAs":["https:\/\/www.facebook.com\/252Comunicacion\/","https:\/\/x.com\/252COMS"]},{"@type":"Person","@id":"https:\/\/agencia.252.com.mx\/home\/#\/schema\/person\/6b972021e9a92d45ade8c78d81509098","name":"Nacho Corro","image":{"@type":"ImageObject","inLanguage":"es","@id":"https:\/\/secure.gravatar.com\/avatar\/5db6df507cfe1307e192fbb498c6b85f1cf2ffd8b4cd37141b9eea588fcbd5a4?s=96&r=g","url":"https:\/\/secure.gravatar.com\/avatar\/5db6df507cfe1307e192fbb498c6b85f1cf2ffd8b4cd37141b9eea588fcbd5a4?s=96&r=g","contentUrl":"https:\/\/secure.gravatar.com\/avatar\/5db6df507cfe1307e192fbb498c6b85f1cf2ffd8b4cd37141b9eea588fcbd5a4?s=96&r=g","caption":"Nacho Corro"},"description":"Comunicador Social, Periodista y Administraci\u00f3n P\u00fablica. Conversador pol\u00edtico, temas electorales y seguridad. Generador de contenidos digitales. Amante de la fotograf\u00eda","sameAs":["https:\/\/www.facebook.com\/jcorroherrera\/","www.instagram.com\/nachocorro\/","https:\/\/x.com\/Juan Ignacio Corro Herrera"],"url":"https:\/\/agencia.252.com.mx\/home\/author\/i-corro\/"}]}},"_links":{"self":[{"href":"https:\/\/agencia.252.com.mx\/home\/wp-json\/wp\/v2\/posts\/9561","targetHints":{"allow":["GET"]}}],"collection":[{"href":"https:\/\/agencia.252.com.mx\/home\/wp-json\/wp\/v2\/posts"}],"about":[{"href":"https:\/\/agencia.252.com.mx\/home\/wp-json\/wp\/v2\/types\/post"}],"author":[{"embeddable":true,"href":"https:\/\/agencia.252.com.mx\/home\/wp-json\/wp\/v2\/users\/5"}],"replies":[{"embeddable":true,"href":"https:\/\/agencia.252.com.mx\/home\/wp-json\/wp\/v2\/comments?post=9561"}],"version-history":[{"count":1,"href":"https:\/\/agencia.252.com.mx\/home\/wp-json\/wp\/v2\/posts\/9561\/revisions"}],"predecessor-version":[{"id":9563,"href":"https:\/\/agencia.252.com.mx\/home\/wp-json\/wp\/v2\/posts\/9561\/revisions\/9563"}],"wp:featuredmedia":[{"embeddable":true,"href":"https:\/\/agencia.252.com.mx\/home\/wp-json\/wp\/v2\/media\/9562"}],"wp:attachment":[{"href":"https:\/\/agencia.252.com.mx\/home\/wp-json\/wp\/v2\/media?parent=9561"}],"wp:term":[{"taxonomy":"category","embeddable":true,"href":"https:\/\/agencia.252.com.mx\/home\/wp-json\/wp\/v2\/categories?post=9561"},{"taxonomy":"post_tag","embeddable":true,"href":"https:\/\/agencia.252.com.mx\/home\/wp-json\/wp\/v2\/tags?post=9561"}],"curies":[{"name":"wp","href":"https:\/\/api.w.org\/{rel}","templated":true}]}}