{"id":9553,"date":"2025-07-31T17:35:33","date_gmt":"2025-07-31T23:35:33","guid":{"rendered":"https:\/\/agencia.252.com.mx\/home\/?p=9553"},"modified":"2025-07-31T18:31:46","modified_gmt":"2025-08-01T00:31:46","slug":"suscribe-acuerdos-coparmex-edomex-para-intensificar-la-inversion-en-la-region-metropolitana","status":"publish","type":"post","link":"https:\/\/agencia.252.com.mx\/home\/suscribe-acuerdos-coparmex-edomex-para-intensificar-la-inversion-en-la-region-metropolitana\/","title":{"rendered":"Suscribe Acuerdos COPARMEX Edomex para intensificar la inversi\u00f3n en la regi\u00f3n metropolitana\u00a0"},"content":{"rendered":"<p>Visitas: 44<\/p>\n<ul class=\"wp-block-list\">\n<li><em>La Alcald\u00eda Gustavo A Madero est\u00e1 lista para recibir, acompa\u00f1ar y respaldar a inversionistas, con empresas para facilitar\u00a0\u00a0tr\u00e1mites, a cuidar el territorio y a escuchae a las y los emprendedores:\u00a0<\/em>JeanCarlo Lozano Reynoso<\/li>\n<\/ul>\n\n\n\n<p>Juan Ignacio Corro&nbsp;<\/p>\n\n\n\n<p class=\"has-text-align-right\">Tlalnepantla, Estado de M\u00e9xico, a 31 de julio de 2025<\/p>\n\n\n\n<p>La Confederaci\u00f3n Patronal Mexicana (COPARMEX)&nbsp;&nbsp;zona metropolitana celebr\u00f3 su reuni\u00f3n mensual de trabajo con diversos acuerdos con el sector p\u00fablico, la presidencia del organismo rindi\u00f3 informe de actividades y se estableci\u00f3 la busqueda de modelos productivos, sobre todo con Estados Unidos.<\/p>\n\n\n\n<p>El Alcalde de la Alcald\u00eda Gustavo A. Madero, JeanCarlo Lozano Reynoso y el Presidenta de COPARMEX Metropolitano del Estado de M\u00e9xico, Alfonso Ramos Cardona, suscribieron un Convenio de Colaboraci\u00f3n, a fin de promover la inversi\u00f3n privada en ese territorio de la Ciudad de M\u00e9xico, que convierta en\u00a0\u00a0esta regi\u00f3n del \u00e1rea metropolitana en un punto de atracci\u00f3n, inversi\u00f3n y de oportunidades, por su colindancia con los municipios de Tlalnepantla, Ecatepec y Nezahualc\u00f3yotl.<\/p>\n\n\n\n<p>Sostuvo que la Alcald\u00eda ser\u00e1 un puente para el empresario en una ciudad que trabaja todos los d\u00edas para generar condiciones favorables para inverir, crecer y generar empleo, en ese objetivo, a\u00f1adi\u00f3, la alcald\u00eda Gustavo A Madero esta lista para recibir, acompa\u00f1ar y respaldar a inversionistas, con empresas para facilitar&nbsp;&nbsp;tr\u00e1mites, a cuidar el territorio y a escuchae a las y los emprendedores.<\/p>\n\n\n\n<p>En su intervenci\u00f3n ante empresarios Lozano Reynoso subray\u00f3 que la Alcald\u00eda garantiza estabilidad a la inversion, toda vez que se ha hecho una transformaci\u00f3n profunda para convertirla en un punto de atracci\u00f3n,&nbsp;&nbsp;sobre todo en materia de seguridad, ya que se han instalado m\u00e1s de 8 mil c\u00e1maras de videovigilancia y colonias intervenidas para el mejoramiento urbano.<\/p>\n\n\n\n<figure class=\"wp-block-image alignright size-medium\"><img fetchpriority=\"high\" decoding=\"async\" width=\"225\" height=\"300\" src=\"https:\/\/agencia.252.com.mx\/wp-content\/uploads\/2025\/07\/WhatsApp-Image-2025-07-31-at-5.32.06-PM-2-225x300.jpeg\" alt=\"\" class=\"wp-image-9555\" srcset=\"https:\/\/agencia.252.com.mx\/wp-content\/uploads\/2025\/07\/WhatsApp-Image-2025-07-31-at-5.32.06-PM-2-225x300.jpeg 225w, https:\/\/agencia.252.com.mx\/wp-content\/uploads\/2025\/07\/WhatsApp-Image-2025-07-31-at-5.32.06-PM-2-768x1024.jpeg 768w, https:\/\/agencia.252.com.mx\/wp-content\/uploads\/2025\/07\/WhatsApp-Image-2025-07-31-at-5.32.06-PM-2-1152x1536.jpeg 1152w, https:\/\/agencia.252.com.mx\/wp-content\/uploads\/2025\/07\/WhatsApp-Image-2025-07-31-at-5.32.06-PM-2.jpeg 1200w\" sizes=\"(max-width: 225px) 100vw, 225px\" \/><\/figure>\n\n\n\n<p>Igualmente, se llevo a cabo la firma de Convenio FONACOT-COPARMEX, por parte de Eduardo Enr\u00edquez Monroy y Jorge Marco Antonio Maya Mej\u00eca, Director Comercial Regional Centro FONACOT.<\/p>\n\n\n\n<p>El Presidente de la COPARMEX rindi\u00f3 su informe de actividades mensual, en el que mencion\u00f3 su&nbsp;&nbsp;presentaci\u00f3n en diversos espacios de promoci\u00f3n a la inversi\u00f3n, entre ellos, el encuentro binacional con la COPARMEX Nacional, en la participaci\u00f3n en el parlamento abierto y en el cambio de la Presidencia del Consejo de la organizaci\u00f3n \u201cVoz de las Empresas\u201d; adem\u00e1s de su apoyo&nbsp;&nbsp;n diversas acciones sociales como en la campa\u00f1as para alfabetizaci\u00f3n para el bienestar compartido.<\/p>\n\n\n\n<p>Empe\u00f1o su palabra en continuar trabajando intensamente para seguir posicionando a la COPARMEX Metropolitando como una de los mejores centros empresariales del pa\u00eds.<\/p>\n\n\n\n<p>En su intervenci\u00f3n, la Secretaria de Desarrollo y Fomento Econ\u00f3mico de la Ciudad de M\u00e9xico, Manola Zabalza Aldama, se pronunci\u00f3 por buscar y apoyar nuevos esquemas o modelos de empresas a fin de&nbsp;&nbsp;fomentar la productividad, \u201cya que en lo futuro la poblaci\u00f3n vivir\u00e1 m\u00e1s tiempo lo que transformar\u00e1 la matriz productiva, en torno a diversos esquemas de modelos de negocios, sobre todo con Estados Unidos\u201d, acot\u00f3.&nbsp;<\/p>\n\n\n\n<p>Por otro parte, su par en el Estado de M\u00e9xico, Laura Gonz\u00e1lez Hern\u00e1ndez, subray\u00f3 que desde el gobierno mexiquense, despu\u00e9s de casi dos a\u00f1os de gesti\u00f3n de la actual administraci\u00f3n, se han fortalecido diversos sectores en torno a un nuevo impulso en el rubro aeron\u00e1utico y el de semiconductores; al igual que se ha&nbsp;&nbsp;crecentado el automotriz y alimentario.<\/p>\n\n\n\n<p>A\u00f1adio tambi\u00e9n que se han acercado a otros sectores como el el\u00e9ctrico y electr\u00f3nico,&nbsp;&nbsp;as\u00ed como al de energ\u00edas renovables, con la finalidad de que esta entidad, puntualiz\u00f3, \u201ctenga un equilibrio en su sector econ\u00f3mico, en servicios, en la industrial de la transformaci\u00f3n y la actividad agropecuaria\u201d.&nbsp;<\/p>\n\n\n\n<p>Detall\u00f3 que la autoridad estatal ha realizado una escucha profunda entre los diversos actores productivos y administrativos de la entidad, lo que deriv\u00f3 en impulsar una inciativa de ley -que se encuentra en la&nbsp;&nbsp;Legislatura de la entidad- en materia de mejora regulatoria, de&nbsp;&nbsp;simplificaci\u00f3n administrativa y de atenci\u00f3n a los municipios, para evitar la corrupci\u00f3n.&nbsp;<\/p>\n\n\n\n<p>Comprometi\u00f3 su cargo para atender a la COPARMEX en temas relacionadas con dudas o emergencias sobre tr\u00e1mites nuevos o renovaciones, tanto en el ambito municipal como estatal; as\u00ed como evitar abusos en las verificaciones o inspecciones, \u201clo que buscan a fin de proteger la inversi\u00f3n en la entidad\u201d, reiter\u00f3.<\/p>\n\n\n\n<p>En la reuni\u00f3n participaron Fabi\u00e1n Calzada Ju\u00e1rez, Asesor de Posgrado de Gruo CUDEC y patrocinador del evento; Javier Roblez Zertuche, Director Corporativo de Proyectos Comerciales de Multisistemas del Valle de M\u00e9xico; asi como m\u00e1s de 200 socios.&nbsp;<\/p>\n","protected":false},"excerpt":{"rendered":"<p>Visitas: 44 Juan Ignacio Corro&nbsp; Tlalnepantla, Estado de M\u00e9xico, a 31 de julio de 2025 La Confederaci\u00f3n Patronal Mexicana (COPARMEX)&nbsp;&nbsp;zona metropolitana celebr\u00f3 su reuni\u00f3n mensual de trabajo con diversos acuerdos con el sector p\u00fablico, la presidencia del organismo rindi\u00f3 informe de actividades y se estableci\u00f3 la busqueda de modelos productivos, sobre todo con Estados Unidos. [&hellip;]<\/p>\n","protected":false},"author":5,"featured_media":9554,"comment_status":"open","ping_status":"open","sticky":false,"template":"","format":"standard","meta":{"site-sidebar-layout":"default","site-content-layout":"","ast-site-content-layout":"default","site-content-style":"default","site-sidebar-style":"default","ast-global-header-display":"","ast-banner-title-visibility":"","ast-main-header-display":"","ast-hfb-above-header-display":"","ast-hfb-below-header-display":"","ast-hfb-mobile-header-display":"","site-post-title":"","ast-breadcrumbs-content":"","ast-featured-img":"","footer-sml-layout":"","ast-disable-related-posts":"","theme-transparent-header-meta":"","adv-header-id-meta":"","stick-header-meta":"","header-above-stick-meta":"","header-main-stick-meta":"","header-below-stick-meta":"","astra-migrate-meta-layouts":"set","ast-page-background-enabled":"default","ast-page-background-meta":{"desktop":{"background-color":"var(--ast-global-color-4)","background-image":"","background-repeat":"repeat","background-position":"center center","background-size":"auto","background-attachment":"scroll","background-type":"","background-media":"","overlay-type":"","overlay-color":"","overlay-opacity":"","overlay-gradient":""},"tablet":{"background-color":"","background-image":"","background-repeat":"repeat","background-position":"center center","background-size":"auto","background-attachment":"scroll","background-type":"","background-media":"","overlay-type":"","overlay-color":"","overlay-opacity":"","overlay-gradient":""},"mobile":{"background-color":"","background-image":"","background-repeat":"repeat","background-position":"center center","background-size":"auto","background-attachment":"scroll","background-type":"","background-media":"","overlay-type":"","overlay-color":"","overlay-opacity":"","overlay-gradient":""}},"ast-content-background-meta":{"desktop":{"background-color":"var(--ast-global-color-5)","background-image":"","background-repeat":"repeat","background-position":"center center","background-size":"auto","background-attachment":"scroll","background-type":"","background-media":"","overlay-type":"","overlay-color":"","overlay-opacity":"","overlay-gradient":""},"tablet":{"background-color":"var(--ast-global-color-5)","background-image":"","background-repeat":"repeat","background-position":"center center","background-size":"auto","background-attachment":"scroll","background-type":"","background-media":"","overlay-type":"","overlay-color":"","overlay-opacity":"","overlay-gradient":""},"mobile":{"background-color":"var(--ast-global-color-5)","background-image":"","background-repeat":"repeat","background-position":"center center","background-size":"auto","background-attachment":"scroll","background-type":"","background-media":"","overlay-type":"","overlay-color":"","overlay-opacity":"","overlay-gradient":""}},"footnotes":""},"categories":[8,512,56],"tags":[526],"class_list":["post-9553","post","type-post","status-publish","format-standard","has-post-thumbnail","hentry","category-edomex","category-metropoli","category-tlalnepantla","tag-edomex"],"yoast_head":"<!-- This site is optimized with the Yoast SEO plugin v27.4 - https:\/\/yoast.com\/product\/yoast-seo-wordpress\/ -->\n<title>Suscribe Acuerdos COPARMEX Edomex para intensificar la inversi\u00f3n en la regi\u00f3n metropolitana\u00a0 - Agencia252<\/title>\n<meta name=\"robots\" content=\"index, follow, max-snippet:-1, max-image-preview:large, max-video-preview:-1\" \/>\n<link rel=\"canonical\" href=\"https:\/\/agencia.252.com.mx\/home\/suscribe-acuerdos-coparmex-edomex-para-intensificar-la-inversion-en-la-region-metropolitana\/\" \/>\n<meta property=\"og:locale\" content=\"es_ES\" \/>\n<meta property=\"og:type\" content=\"article\" \/>\n<meta property=\"og:title\" content=\"Suscribe Acuerdos COPARMEX Edomex para intensificar la inversi\u00f3n en la regi\u00f3n metropolitana\u00a0 - Agencia252\" \/>\n<meta property=\"og:description\" content=\"Visitas: 44 Juan Ignacio Corro&nbsp; Tlalnepantla, Estado de M\u00e9xico, a 31 de julio de 2025 La Confederaci\u00f3n Patronal Mexicana (COPARMEX)&nbsp;&nbsp;zona metropolitana celebr\u00f3 su reuni\u00f3n mensual de trabajo con diversos acuerdos con el sector p\u00fablico, la presidencia del organismo rindi\u00f3 informe de actividades y se estableci\u00f3 la busqueda de modelos productivos, sobre todo con Estados Unidos. [&hellip;]\" \/>\n<meta property=\"og:url\" content=\"https:\/\/agencia.252.com.mx\/home\/suscribe-acuerdos-coparmex-edomex-para-intensificar-la-inversion-en-la-region-metropolitana\/\" \/>\n<meta property=\"og:site_name\" content=\"Agencia252\" \/>\n<meta property=\"article:publisher\" content=\"https:\/\/www.facebook.com\/252Comunicacion\/\" \/>\n<meta property=\"article:author\" content=\"https:\/\/www.facebook.com\/jcorroherrera\/\" \/>\n<meta property=\"article:published_time\" content=\"2025-07-31T23:35:33+00:00\" \/>\n<meta property=\"article:modified_time\" content=\"2025-08-01T00:31:46+00:00\" \/>\n<meta property=\"og:image\" content=\"http:\/\/agencia.252.com.mx\/wp-content\/uploads\/2025\/07\/WhatsApp-Image-2025-07-31-at-5.31.47-PM.jpeg\" \/>\n\t<meta property=\"og:image:width\" content=\"1200\" \/>\n\t<meta property=\"og:image:height\" content=\"1600\" \/>\n\t<meta property=\"og:image:type\" content=\"image\/jpeg\" \/>\n<meta name=\"author\" content=\"Nacho Corro\" \/>\n<meta name=\"twitter:card\" content=\"summary_large_image\" \/>\n<meta name=\"twitter:creator\" content=\"@Juan Ignacio Corro Herrera\" \/>\n<meta name=\"twitter:site\" content=\"@252COMS\" \/>\n<meta name=\"twitter:label1\" content=\"Escrito por\" \/>\n\t<meta name=\"twitter:data1\" content=\"Nacho Corro\" \/>\n\t<meta name=\"twitter:label2\" content=\"Tiempo de lectura\" \/>\n\t<meta name=\"twitter:data2\" content=\"4 minutos\" \/>\n<script type=\"application\/ld+json\" class=\"yoast-schema-graph\">{\"@context\":\"https:\\\/\\\/schema.org\",\"@graph\":[{\"@type\":\"Article\",\"@id\":\"https:\\\/\\\/agencia.252.com.mx\\\/home\\\/suscribe-acuerdos-coparmex-edomex-para-intensificar-la-inversion-en-la-region-metropolitana\\\/#article\",\"isPartOf\":{\"@id\":\"https:\\\/\\\/agencia.252.com.mx\\\/home\\\/suscribe-acuerdos-coparmex-edomex-para-intensificar-la-inversion-en-la-region-metropolitana\\\/\"},\"author\":{\"name\":\"Nacho Corro\",\"@id\":\"https:\\\/\\\/agencia.252.com.mx\\\/home\\\/#\\\/schema\\\/person\\\/6b972021e9a92d45ade8c78d81509098\"},\"headline\":\"Suscribe Acuerdos COPARMEX Edomex para intensificar la inversi\u00f3n en la regi\u00f3n metropolitana\u00a0\",\"datePublished\":\"2025-07-31T23:35:33+00:00\",\"dateModified\":\"2025-08-01T00:31:46+00:00\",\"mainEntityOfPage\":{\"@id\":\"https:\\\/\\\/agencia.252.com.mx\\\/home\\\/suscribe-acuerdos-coparmex-edomex-para-intensificar-la-inversion-en-la-region-metropolitana\\\/\"},\"wordCount\":825,\"commentCount\":0,\"publisher\":{\"@id\":\"https:\\\/\\\/agencia.252.com.mx\\\/home\\\/#organization\"},\"image\":{\"@id\":\"https:\\\/\\\/agencia.252.com.mx\\\/home\\\/suscribe-acuerdos-coparmex-edomex-para-intensificar-la-inversion-en-la-region-metropolitana\\\/#primaryimage\"},\"thumbnailUrl\":\"https:\\\/\\\/agencia.252.com.mx\\\/wp-content\\\/uploads\\\/2025\\\/07\\\/WhatsApp-Image-2025-07-31-at-5.31.47-PM.jpeg\",\"keywords\":[\"Edomex\"],\"articleSection\":[\"Edomex\",\"Metropoli\",\"Tlalnepantla\"],\"inLanguage\":\"es\",\"potentialAction\":[{\"@type\":\"CommentAction\",\"name\":\"Comment\",\"target\":[\"https:\\\/\\\/agencia.252.com.mx\\\/home\\\/suscribe-acuerdos-coparmex-edomex-para-intensificar-la-inversion-en-la-region-metropolitana\\\/#respond\"]}]},{\"@type\":\"WebPage\",\"@id\":\"https:\\\/\\\/agencia.252.com.mx\\\/home\\\/suscribe-acuerdos-coparmex-edomex-para-intensificar-la-inversion-en-la-region-metropolitana\\\/\",\"url\":\"https:\\\/\\\/agencia.252.com.mx\\\/home\\\/suscribe-acuerdos-coparmex-edomex-para-intensificar-la-inversion-en-la-region-metropolitana\\\/\",\"name\":\"Suscribe Acuerdos COPARMEX Edomex para intensificar la inversi\u00f3n en la regi\u00f3n metropolitana\u00a0 - Agencia252\",\"isPartOf\":{\"@id\":\"https:\\\/\\\/agencia.252.com.mx\\\/home\\\/#website\"},\"primaryImageOfPage\":{\"@id\":\"https:\\\/\\\/agencia.252.com.mx\\\/home\\\/suscribe-acuerdos-coparmex-edomex-para-intensificar-la-inversion-en-la-region-metropolitana\\\/#primaryimage\"},\"image\":{\"@id\":\"https:\\\/\\\/agencia.252.com.mx\\\/home\\\/suscribe-acuerdos-coparmex-edomex-para-intensificar-la-inversion-en-la-region-metropolitana\\\/#primaryimage\"},\"thumbnailUrl\":\"https:\\\/\\\/agencia.252.com.mx\\\/wp-content\\\/uploads\\\/2025\\\/07\\\/WhatsApp-Image-2025-07-31-at-5.31.47-PM.jpeg\",\"datePublished\":\"2025-07-31T23:35:33+00:00\",\"dateModified\":\"2025-08-01T00:31:46+00:00\",\"breadcrumb\":{\"@id\":\"https:\\\/\\\/agencia.252.com.mx\\\/home\\\/suscribe-acuerdos-coparmex-edomex-para-intensificar-la-inversion-en-la-region-metropolitana\\\/#breadcrumb\"},\"inLanguage\":\"es\",\"potentialAction\":[{\"@type\":\"ReadAction\",\"target\":[\"https:\\\/\\\/agencia.252.com.mx\\\/home\\\/suscribe-acuerdos-coparmex-edomex-para-intensificar-la-inversion-en-la-region-metropolitana\\\/\"]}]},{\"@type\":\"ImageObject\",\"inLanguage\":\"es\",\"@id\":\"https:\\\/\\\/agencia.252.com.mx\\\/home\\\/suscribe-acuerdos-coparmex-edomex-para-intensificar-la-inversion-en-la-region-metropolitana\\\/#primaryimage\",\"url\":\"https:\\\/\\\/agencia.252.com.mx\\\/wp-content\\\/uploads\\\/2025\\\/07\\\/WhatsApp-Image-2025-07-31-at-5.31.47-PM.jpeg\",\"contentUrl\":\"https:\\\/\\\/agencia.252.com.mx\\\/wp-content\\\/uploads\\\/2025\\\/07\\\/WhatsApp-Image-2025-07-31-at-5.31.47-PM.jpeg\",\"width\":1200,\"height\":1600},{\"@type\":\"BreadcrumbList\",\"@id\":\"https:\\\/\\\/agencia.252.com.mx\\\/home\\\/suscribe-acuerdos-coparmex-edomex-para-intensificar-la-inversion-en-la-region-metropolitana\\\/#breadcrumb\",\"itemListElement\":[{\"@type\":\"ListItem\",\"position\":1,\"name\":\"Portada\",\"item\":\"https:\\\/\\\/agencia.252.com.mx\\\/home\\\/\"},{\"@type\":\"ListItem\",\"position\":2,\"name\":\"Suscribe Acuerdos COPARMEX Edomex para intensificar la inversi\u00f3n en la regi\u00f3n metropolitana\u00a0\"}]},{\"@type\":\"WebSite\",\"@id\":\"https:\\\/\\\/agencia.252.com.mx\\\/home\\\/#website\",\"url\":\"https:\\\/\\\/agencia.252.com.mx\\\/home\\\/\",\"name\":\"Agencia252\",\"description\":\"Tu espacio en la Red\",\"publisher\":{\"@id\":\"https:\\\/\\\/agencia.252.com.mx\\\/home\\\/#organization\"},\"potentialAction\":[{\"@type\":\"SearchAction\",\"target\":{\"@type\":\"EntryPoint\",\"urlTemplate\":\"https:\\\/\\\/agencia.252.com.mx\\\/home\\\/?s={search_term_string}\"},\"query-input\":{\"@type\":\"PropertyValueSpecification\",\"valueRequired\":true,\"valueName\":\"search_term_string\"}}],\"inLanguage\":\"es\"},{\"@type\":\"Organization\",\"@id\":\"https:\\\/\\\/agencia.252.com.mx\\\/home\\\/#organization\",\"name\":\"Agencia252\",\"url\":\"https:\\\/\\\/agencia.252.com.mx\\\/home\\\/\",\"logo\":{\"@type\":\"ImageObject\",\"inLanguage\":\"es\",\"@id\":\"https:\\\/\\\/agencia.252.com.mx\\\/home\\\/#\\\/schema\\\/logo\\\/image\\\/\",\"url\":\"https:\\\/\\\/agencia.252.com.mx\\\/wp-content\\\/uploads\\\/2023\\\/02\\\/cropped-ciruclo-agencia-e1677562404136.png\",\"contentUrl\":\"https:\\\/\\\/agencia.252.com.mx\\\/wp-content\\\/uploads\\\/2023\\\/02\\\/cropped-ciruclo-agencia-e1677562404136.png\",\"width\":512,\"height\":512,\"caption\":\"Agencia252\"},\"image\":{\"@id\":\"https:\\\/\\\/agencia.252.com.mx\\\/home\\\/#\\\/schema\\\/logo\\\/image\\\/\"},\"sameAs\":[\"https:\\\/\\\/www.facebook.com\\\/252Comunicacion\\\/\",\"https:\\\/\\\/x.com\\\/252COMS\"]},{\"@type\":\"Person\",\"@id\":\"https:\\\/\\\/agencia.252.com.mx\\\/home\\\/#\\\/schema\\\/person\\\/6b972021e9a92d45ade8c78d81509098\",\"name\":\"Nacho Corro\",\"image\":{\"@type\":\"ImageObject\",\"inLanguage\":\"es\",\"@id\":\"https:\\\/\\\/secure.gravatar.com\\\/avatar\\\/5db6df507cfe1307e192fbb498c6b85f1cf2ffd8b4cd37141b9eea588fcbd5a4?s=96&r=g\",\"url\":\"https:\\\/\\\/secure.gravatar.com\\\/avatar\\\/5db6df507cfe1307e192fbb498c6b85f1cf2ffd8b4cd37141b9eea588fcbd5a4?s=96&r=g\",\"contentUrl\":\"https:\\\/\\\/secure.gravatar.com\\\/avatar\\\/5db6df507cfe1307e192fbb498c6b85f1cf2ffd8b4cd37141b9eea588fcbd5a4?s=96&r=g\",\"caption\":\"Nacho Corro\"},\"description\":\"Comunicador Social, Periodista y Administraci\u00f3n P\u00fablica. Conversador pol\u00edtico, temas electorales y seguridad. Generador de contenidos digitales. Amante de la fotograf\u00eda\",\"sameAs\":[\"https:\\\/\\\/www.facebook.com\\\/jcorroherrera\\\/\",\"www.instagram.com\\\/nachocorro\\\/\",\"https:\\\/\\\/x.com\\\/Juan Ignacio Corro Herrera\"],\"url\":\"https:\\\/\\\/agencia.252.com.mx\\\/home\\\/author\\\/i-corro\\\/\"}]}<\/script>\n<!-- \/ Yoast SEO plugin. -->","yoast_head_json":{"title":"Suscribe Acuerdos COPARMEX Edomex para intensificar la inversi\u00f3n en la regi\u00f3n metropolitana\u00a0 - Agencia252","robots":{"index":"index","follow":"follow","max-snippet":"max-snippet:-1","max-image-preview":"max-image-preview:large","max-video-preview":"max-video-preview:-1"},"canonical":"https:\/\/agencia.252.com.mx\/home\/suscribe-acuerdos-coparmex-edomex-para-intensificar-la-inversion-en-la-region-metropolitana\/","og_locale":"es_ES","og_type":"article","og_title":"Suscribe Acuerdos COPARMEX Edomex para intensificar la inversi\u00f3n en la regi\u00f3n metropolitana\u00a0 - Agencia252","og_description":"Visitas: 44 Juan Ignacio Corro&nbsp; Tlalnepantla, Estado de M\u00e9xico, a 31 de julio de 2025 La Confederaci\u00f3n Patronal Mexicana (COPARMEX)&nbsp;&nbsp;zona metropolitana celebr\u00f3 su reuni\u00f3n mensual de trabajo con diversos acuerdos con el sector p\u00fablico, la presidencia del organismo rindi\u00f3 informe de actividades y se estableci\u00f3 la busqueda de modelos productivos, sobre todo con Estados Unidos. [&hellip;]","og_url":"https:\/\/agencia.252.com.mx\/home\/suscribe-acuerdos-coparmex-edomex-para-intensificar-la-inversion-en-la-region-metropolitana\/","og_site_name":"Agencia252","article_publisher":"https:\/\/www.facebook.com\/252Comunicacion\/","article_author":"https:\/\/www.facebook.com\/jcorroherrera\/","article_published_time":"2025-07-31T23:35:33+00:00","article_modified_time":"2025-08-01T00:31:46+00:00","og_image":[{"width":1200,"height":1600,"url":"http:\/\/agencia.252.com.mx\/wp-content\/uploads\/2025\/07\/WhatsApp-Image-2025-07-31-at-5.31.47-PM.jpeg","type":"image\/jpeg"}],"author":"Nacho Corro","twitter_card":"summary_large_image","twitter_creator":"@Juan Ignacio Corro Herrera","twitter_site":"@252COMS","twitter_misc":{"Escrito por":"Nacho Corro","Tiempo de lectura":"4 minutos"},"schema":{"@context":"https:\/\/schema.org","@graph":[{"@type":"Article","@id":"https:\/\/agencia.252.com.mx\/home\/suscribe-acuerdos-coparmex-edomex-para-intensificar-la-inversion-en-la-region-metropolitana\/#article","isPartOf":{"@id":"https:\/\/agencia.252.com.mx\/home\/suscribe-acuerdos-coparmex-edomex-para-intensificar-la-inversion-en-la-region-metropolitana\/"},"author":{"name":"Nacho Corro","@id":"https:\/\/agencia.252.com.mx\/home\/#\/schema\/person\/6b972021e9a92d45ade8c78d81509098"},"headline":"Suscribe Acuerdos COPARMEX Edomex para intensificar la inversi\u00f3n en la regi\u00f3n metropolitana\u00a0","datePublished":"2025-07-31T23:35:33+00:00","dateModified":"2025-08-01T00:31:46+00:00","mainEntityOfPage":{"@id":"https:\/\/agencia.252.com.mx\/home\/suscribe-acuerdos-coparmex-edomex-para-intensificar-la-inversion-en-la-region-metropolitana\/"},"wordCount":825,"commentCount":0,"publisher":{"@id":"https:\/\/agencia.252.com.mx\/home\/#organization"},"image":{"@id":"https:\/\/agencia.252.com.mx\/home\/suscribe-acuerdos-coparmex-edomex-para-intensificar-la-inversion-en-la-region-metropolitana\/#primaryimage"},"thumbnailUrl":"https:\/\/agencia.252.com.mx\/wp-content\/uploads\/2025\/07\/WhatsApp-Image-2025-07-31-at-5.31.47-PM.jpeg","keywords":["Edomex"],"articleSection":["Edomex","Metropoli","Tlalnepantla"],"inLanguage":"es","potentialAction":[{"@type":"CommentAction","name":"Comment","target":["https:\/\/agencia.252.com.mx\/home\/suscribe-acuerdos-coparmex-edomex-para-intensificar-la-inversion-en-la-region-metropolitana\/#respond"]}]},{"@type":"WebPage","@id":"https:\/\/agencia.252.com.mx\/home\/suscribe-acuerdos-coparmex-edomex-para-intensificar-la-inversion-en-la-region-metropolitana\/","url":"https:\/\/agencia.252.com.mx\/home\/suscribe-acuerdos-coparmex-edomex-para-intensificar-la-inversion-en-la-region-metropolitana\/","name":"Suscribe Acuerdos COPARMEX Edomex para intensificar la inversi\u00f3n en la regi\u00f3n metropolitana\u00a0 - Agencia252","isPartOf":{"@id":"https:\/\/agencia.252.com.mx\/home\/#website"},"primaryImageOfPage":{"@id":"https:\/\/agencia.252.com.mx\/home\/suscribe-acuerdos-coparmex-edomex-para-intensificar-la-inversion-en-la-region-metropolitana\/#primaryimage"},"image":{"@id":"https:\/\/agencia.252.com.mx\/home\/suscribe-acuerdos-coparmex-edomex-para-intensificar-la-inversion-en-la-region-metropolitana\/#primaryimage"},"thumbnailUrl":"https:\/\/agencia.252.com.mx\/wp-content\/uploads\/2025\/07\/WhatsApp-Image-2025-07-31-at-5.31.47-PM.jpeg","datePublished":"2025-07-31T23:35:33+00:00","dateModified":"2025-08-01T00:31:46+00:00","breadcrumb":{"@id":"https:\/\/agencia.252.com.mx\/home\/suscribe-acuerdos-coparmex-edomex-para-intensificar-la-inversion-en-la-region-metropolitana\/#breadcrumb"},"inLanguage":"es","potentialAction":[{"@type":"ReadAction","target":["https:\/\/agencia.252.com.mx\/home\/suscribe-acuerdos-coparmex-edomex-para-intensificar-la-inversion-en-la-region-metropolitana\/"]}]},{"@type":"ImageObject","inLanguage":"es","@id":"https:\/\/agencia.252.com.mx\/home\/suscribe-acuerdos-coparmex-edomex-para-intensificar-la-inversion-en-la-region-metropolitana\/#primaryimage","url":"https:\/\/agencia.252.com.mx\/wp-content\/uploads\/2025\/07\/WhatsApp-Image-2025-07-31-at-5.31.47-PM.jpeg","contentUrl":"https:\/\/agencia.252.com.mx\/wp-content\/uploads\/2025\/07\/WhatsApp-Image-2025-07-31-at-5.31.47-PM.jpeg","width":1200,"height":1600},{"@type":"BreadcrumbList","@id":"https:\/\/agencia.252.com.mx\/home\/suscribe-acuerdos-coparmex-edomex-para-intensificar-la-inversion-en-la-region-metropolitana\/#breadcrumb","itemListElement":[{"@type":"ListItem","position":1,"name":"Portada","item":"https:\/\/agencia.252.com.mx\/home\/"},{"@type":"ListItem","position":2,"name":"Suscribe Acuerdos COPARMEX Edomex para intensificar la inversi\u00f3n en la regi\u00f3n metropolitana\u00a0"}]},{"@type":"WebSite","@id":"https:\/\/agencia.252.com.mx\/home\/#website","url":"https:\/\/agencia.252.com.mx\/home\/","name":"Agencia252","description":"Tu espacio en la Red","publisher":{"@id":"https:\/\/agencia.252.com.mx\/home\/#organization"},"potentialAction":[{"@type":"SearchAction","target":{"@type":"EntryPoint","urlTemplate":"https:\/\/agencia.252.com.mx\/home\/?s={search_term_string}"},"query-input":{"@type":"PropertyValueSpecification","valueRequired":true,"valueName":"search_term_string"}}],"inLanguage":"es"},{"@type":"Organization","@id":"https:\/\/agencia.252.com.mx\/home\/#organization","name":"Agencia252","url":"https:\/\/agencia.252.com.mx\/home\/","logo":{"@type":"ImageObject","inLanguage":"es","@id":"https:\/\/agencia.252.com.mx\/home\/#\/schema\/logo\/image\/","url":"https:\/\/agencia.252.com.mx\/wp-content\/uploads\/2023\/02\/cropped-ciruclo-agencia-e1677562404136.png","contentUrl":"https:\/\/agencia.252.com.mx\/wp-content\/uploads\/2023\/02\/cropped-ciruclo-agencia-e1677562404136.png","width":512,"height":512,"caption":"Agencia252"},"image":{"@id":"https:\/\/agencia.252.com.mx\/home\/#\/schema\/logo\/image\/"},"sameAs":["https:\/\/www.facebook.com\/252Comunicacion\/","https:\/\/x.com\/252COMS"]},{"@type":"Person","@id":"https:\/\/agencia.252.com.mx\/home\/#\/schema\/person\/6b972021e9a92d45ade8c78d81509098","name":"Nacho Corro","image":{"@type":"ImageObject","inLanguage":"es","@id":"https:\/\/secure.gravatar.com\/avatar\/5db6df507cfe1307e192fbb498c6b85f1cf2ffd8b4cd37141b9eea588fcbd5a4?s=96&r=g","url":"https:\/\/secure.gravatar.com\/avatar\/5db6df507cfe1307e192fbb498c6b85f1cf2ffd8b4cd37141b9eea588fcbd5a4?s=96&r=g","contentUrl":"https:\/\/secure.gravatar.com\/avatar\/5db6df507cfe1307e192fbb498c6b85f1cf2ffd8b4cd37141b9eea588fcbd5a4?s=96&r=g","caption":"Nacho Corro"},"description":"Comunicador Social, Periodista y Administraci\u00f3n P\u00fablica. Conversador pol\u00edtico, temas electorales y seguridad. Generador de contenidos digitales. Amante de la fotograf\u00eda","sameAs":["https:\/\/www.facebook.com\/jcorroherrera\/","www.instagram.com\/nachocorro\/","https:\/\/x.com\/Juan Ignacio Corro Herrera"],"url":"https:\/\/agencia.252.com.mx\/home\/author\/i-corro\/"}]}},"_links":{"self":[{"href":"https:\/\/agencia.252.com.mx\/home\/wp-json\/wp\/v2\/posts\/9553","targetHints":{"allow":["GET"]}}],"collection":[{"href":"https:\/\/agencia.252.com.mx\/home\/wp-json\/wp\/v2\/posts"}],"about":[{"href":"https:\/\/agencia.252.com.mx\/home\/wp-json\/wp\/v2\/types\/post"}],"author":[{"embeddable":true,"href":"https:\/\/agencia.252.com.mx\/home\/wp-json\/wp\/v2\/users\/5"}],"replies":[{"embeddable":true,"href":"https:\/\/agencia.252.com.mx\/home\/wp-json\/wp\/v2\/comments?post=9553"}],"version-history":[{"count":1,"href":"https:\/\/agencia.252.com.mx\/home\/wp-json\/wp\/v2\/posts\/9553\/revisions"}],"predecessor-version":[{"id":9557,"href":"https:\/\/agencia.252.com.mx\/home\/wp-json\/wp\/v2\/posts\/9553\/revisions\/9557"}],"wp:featuredmedia":[{"embeddable":true,"href":"https:\/\/agencia.252.com.mx\/home\/wp-json\/wp\/v2\/media\/9554"}],"wp:attachment":[{"href":"https:\/\/agencia.252.com.mx\/home\/wp-json\/wp\/v2\/media?parent=9553"}],"wp:term":[{"taxonomy":"category","embeddable":true,"href":"https:\/\/agencia.252.com.mx\/home\/wp-json\/wp\/v2\/categories?post=9553"},{"taxonomy":"post_tag","embeddable":true,"href":"https:\/\/agencia.252.com.mx\/home\/wp-json\/wp\/v2\/tags?post=9553"}],"curies":[{"name":"wp","href":"https:\/\/api.w.org\/{rel}","templated":true}]}}