{"id":9548,"date":"2025-07-31T14:28:19","date_gmt":"2025-07-31T20:28:19","guid":{"rendered":"https:\/\/agencia.252.com.mx\/home\/?p=9548"},"modified":"2025-07-31T14:28:33","modified_gmt":"2025-07-31T20:28:33","slug":"preocupa-al-edil-de-cuajimalpa-la-percepcion-de-inseguridad-en-cdmx-sobre-extorsion-asalto-a-transporte-publico-y-casa-habitacion","status":"publish","type":"post","link":"https:\/\/agencia.252.com.mx\/home\/preocupa-al-edil-de-cuajimalpa-la-percepcion-de-inseguridad-en-cdmx-sobre-extorsion-asalto-a-transporte-publico-y-casa-habitacion\/","title":{"rendered":"Preocupa al edil de Cuajimalpa\u00a0\u00a0la percepci\u00f3n de\u00a0inseguridad en CDMX sobre extorsi\u00f3n, asalto a transporte p\u00fablico y casa habitaci\u00f3n"},"content":{"rendered":"<p>Visitas: 48<\/p>\n<ul class=\"wp-block-list\">\n<li><em>Sotienen reuni\u00f3n de trabajo Bertha Lujan y Carlos Orva\u00f1anos, Fiscal de la CDMX y alcalde de Cuajimalpa, respectivamente para reforzar colaboraci\u00f3n sobre seguridad\u00a0<\/em><\/li>\n<\/ul>\n\n\n\n<p>Juan Ignacio Corro&nbsp;<\/p>\n\n\n\n<p class=\"has-text-align-right\">Ciudad de M\u00e9xico, a 31 de julio de 2025<\/p>\n\n\n\n<p>El alcalde de Cuajimalpa, Carlos Orva\u00f1anos Rea sostuvo una reuni\u00f3n de trabajo con la fiscal de la Ciudad de M\u00e9xico, Bertha Alcalde Luj\u00e1n, con el objeto de reforzar los esquemas de actuaci\u00f3n, seguridad e investigaci\u00f3n de delitos en la demarcaci\u00f3n.\u00a0<\/p>\n\n\n\n<p>Carlos Orva\u00f1anos sostuvo que durante este encuentro, se acord\u00f3 fortalecer los lazos que hay ya establecidos y ampliar los canales de comunicaci\u00f3n.&nbsp;<\/p>\n\n\n\n<figure class=\"wp-block-image alignright size-medium\"><img fetchpriority=\"high\" decoding=\"async\" width=\"300\" height=\"200\" src=\"https:\/\/agencia.252.com.mx\/wp-content\/uploads\/2025\/07\/WhatsApp-Image-2025-07-30-at-3.05.21-PM-300x200.jpeg\" alt=\"\" class=\"wp-image-9549\" srcset=\"https:\/\/agencia.252.com.mx\/wp-content\/uploads\/2025\/07\/WhatsApp-Image-2025-07-30-at-3.05.21-PM-300x200.jpeg 300w, https:\/\/agencia.252.com.mx\/wp-content\/uploads\/2025\/07\/WhatsApp-Image-2025-07-30-at-3.05.21-PM-1024x683.jpeg 1024w, https:\/\/agencia.252.com.mx\/wp-content\/uploads\/2025\/07\/WhatsApp-Image-2025-07-30-at-3.05.21-PM-768x512.jpeg 768w, https:\/\/agencia.252.com.mx\/wp-content\/uploads\/2025\/07\/WhatsApp-Image-2025-07-30-at-3.05.21-PM.jpeg 1500w\" sizes=\"(max-width: 300px) 100vw, 300px\" \/><\/figure>\n\n\n\n<p>\u201cSe trata de colaboraci\u00f3n efectiva, m\u00e1s acciones para la prevenci\u00f3n al delito y una agenda de seguridad ciudadana que mire a las v\u00edctimas como una prioridad\u201d<\/p>\n\n\n\n<p>De acuerdo al alcalde, la cultura de la denuncia es importante para avanzar en la investigaci\u00f3n. \u201d<\/p>\n\n\n\n<p>Orva\u00f1anos expres\u00f3 su preocupaci\u00f3n por los niveles de percepci\u00f3n de inseguridad, donde el delito de extorsi\u00f3n, asalto a transporte p\u00fablico y casa habitaci\u00f3n, va en aumento, pero donde Cuajimalpa ha destacado por su pol\u00edtica p\u00fablica de seguridad ambiciosa que ha entregado resultados.&nbsp;<\/p>\n\n\n\n<p>\u201cNosotros hemos rescatado m\u00f3dulos de seguridad, apoyamos a la v\u00edctimas, tenemos polic\u00edas para atender casos espec\u00edficos y confiamos plenamente en nuestras&nbsp;instituciones para la importaci\u00f3n de justicia\u201d.<\/p>\n","protected":false},"excerpt":{"rendered":"<p>Visitas: 48 Juan Ignacio Corro&nbsp; Ciudad de M\u00e9xico, a 31 de julio de 2025 El alcalde de Cuajimalpa, Carlos Orva\u00f1anos Rea sostuvo una reuni\u00f3n de trabajo con la fiscal de la Ciudad de M\u00e9xico, Bertha Alcalde Luj\u00e1n, con el objeto de reforzar los esquemas de actuaci\u00f3n, seguridad e investigaci\u00f3n de delitos en la demarcaci\u00f3n.\u00a0 Carlos [&hellip;]<\/p>\n","protected":false},"author":5,"featured_media":9550,"comment_status":"open","ping_status":"open","sticky":false,"template":"","format":"standard","meta":{"site-sidebar-layout":"default","site-content-layout":"","ast-site-content-layout":"default","site-content-style":"default","site-sidebar-style":"default","ast-global-header-display":"","ast-banner-title-visibility":"","ast-main-header-display":"","ast-hfb-above-header-display":"","ast-hfb-below-header-display":"","ast-hfb-mobile-header-display":"","site-post-title":"","ast-breadcrumbs-content":"","ast-featured-img":"","footer-sml-layout":"","ast-disable-related-posts":"","theme-transparent-header-meta":"","adv-header-id-meta":"","stick-header-meta":"","header-above-stick-meta":"","header-main-stick-meta":"","header-below-stick-meta":"","astra-migrate-meta-layouts":"set","ast-page-background-enabled":"default","ast-page-background-meta":{"desktop":{"background-color":"var(--ast-global-color-4)","background-image":"","background-repeat":"repeat","background-position":"center center","background-size":"auto","background-attachment":"scroll","background-type":"","background-media":"","overlay-type":"","overlay-color":"","overlay-opacity":"","overlay-gradient":""},"tablet":{"background-color":"","background-image":"","background-repeat":"repeat","background-position":"center center","background-size":"auto","background-attachment":"scroll","background-type":"","background-media":"","overlay-type":"","overlay-color":"","overlay-opacity":"","overlay-gradient":""},"mobile":{"background-color":"","background-image":"","background-repeat":"repeat","background-position":"center center","background-size":"auto","background-attachment":"scroll","background-type":"","background-media":"","overlay-type":"","overlay-color":"","overlay-opacity":"","overlay-gradient":""}},"ast-content-background-meta":{"desktop":{"background-color":"var(--ast-global-color-5)","background-image":"","background-repeat":"repeat","background-position":"center center","background-size":"auto","background-attachment":"scroll","background-type":"","background-media":"","overlay-type":"","overlay-color":"","overlay-opacity":"","overlay-gradient":""},"tablet":{"background-color":"var(--ast-global-color-5)","background-image":"","background-repeat":"repeat","background-position":"center center","background-size":"auto","background-attachment":"scroll","background-type":"","background-media":"","overlay-type":"","overlay-color":"","overlay-opacity":"","overlay-gradient":""},"mobile":{"background-color":"var(--ast-global-color-5)","background-image":"","background-repeat":"repeat","background-position":"center center","background-size":"auto","background-attachment":"scroll","background-type":"","background-media":"","overlay-type":"","overlay-color":"","overlay-opacity":"","overlay-gradient":""}},"footnotes":""},"categories":[69,512,68],"tags":[535],"class_list":["post-9548","post","type-post","status-publish","format-standard","has-post-thumbnail","hentry","category-cdmx","category-metropoli","category-seguridad","tag-cdmx"],"yoast_head":"<!-- This site is optimized with the Yoast SEO plugin v27.4 - https:\/\/yoast.com\/product\/yoast-seo-wordpress\/ -->\n<title>Preocupa al edil de Cuajimalpa\u00a0\u00a0la percepci\u00f3n de\u00a0inseguridad en CDMX sobre extorsi\u00f3n, asalto a transporte p\u00fablico y casa habitaci\u00f3n - Agencia252<\/title>\n<meta name=\"robots\" content=\"index, follow, max-snippet:-1, max-image-preview:large, max-video-preview:-1\" \/>\n<link rel=\"canonical\" href=\"https:\/\/agencia.252.com.mx\/home\/preocupa-al-edil-de-cuajimalpa-la-percepcion-de-inseguridad-en-cdmx-sobre-extorsion-asalto-a-transporte-publico-y-casa-habitacion\/\" \/>\n<meta property=\"og:locale\" content=\"es_ES\" \/>\n<meta property=\"og:type\" content=\"article\" \/>\n<meta property=\"og:title\" content=\"Preocupa al edil de Cuajimalpa\u00a0\u00a0la percepci\u00f3n de\u00a0inseguridad en CDMX sobre extorsi\u00f3n, asalto a transporte p\u00fablico y casa habitaci\u00f3n - Agencia252\" \/>\n<meta property=\"og:description\" content=\"Visitas: 48 Juan Ignacio Corro&nbsp; Ciudad de M\u00e9xico, a 31 de julio de 2025 El alcalde de Cuajimalpa, Carlos Orva\u00f1anos Rea sostuvo una reuni\u00f3n de trabajo con la fiscal de la Ciudad de M\u00e9xico, Bertha Alcalde Luj\u00e1n, con el objeto de reforzar los esquemas de actuaci\u00f3n, seguridad e investigaci\u00f3n de delitos en la demarcaci\u00f3n.\u00a0 Carlos [&hellip;]\" \/>\n<meta property=\"og:url\" content=\"https:\/\/agencia.252.com.mx\/home\/preocupa-al-edil-de-cuajimalpa-la-percepcion-de-inseguridad-en-cdmx-sobre-extorsion-asalto-a-transporte-publico-y-casa-habitacion\/\" \/>\n<meta property=\"og:site_name\" content=\"Agencia252\" \/>\n<meta property=\"article:publisher\" content=\"https:\/\/www.facebook.com\/252Comunicacion\/\" \/>\n<meta property=\"article:author\" content=\"https:\/\/www.facebook.com\/jcorroherrera\/\" \/>\n<meta property=\"article:published_time\" content=\"2025-07-31T20:28:19+00:00\" \/>\n<meta property=\"article:modified_time\" content=\"2025-07-31T20:28:33+00:00\" \/>\n<meta property=\"og:image\" content=\"http:\/\/agencia.252.com.mx\/wp-content\/uploads\/2025\/07\/WhatsApp-Image-2025-07-30-at-3.05.23-PM.jpeg\" \/>\n\t<meta property=\"og:image:width\" content=\"1500\" \/>\n\t<meta property=\"og:image:height\" content=\"1000\" \/>\n\t<meta property=\"og:image:type\" content=\"image\/jpeg\" \/>\n<meta name=\"author\" content=\"Nacho Corro\" \/>\n<meta name=\"twitter:card\" content=\"summary_large_image\" \/>\n<meta name=\"twitter:creator\" content=\"@Juan Ignacio Corro Herrera\" \/>\n<meta name=\"twitter:site\" content=\"@252COMS\" \/>\n<meta name=\"twitter:label1\" content=\"Escrito por\" \/>\n\t<meta name=\"twitter:data1\" content=\"Nacho Corro\" \/>\n\t<meta name=\"twitter:label2\" content=\"Tiempo de lectura\" \/>\n\t<meta name=\"twitter:data2\" content=\"2 minutos\" \/>\n<script type=\"application\/ld+json\" class=\"yoast-schema-graph\">{\"@context\":\"https:\\\/\\\/schema.org\",\"@graph\":[{\"@type\":\"Article\",\"@id\":\"https:\\\/\\\/agencia.252.com.mx\\\/home\\\/preocupa-al-edil-de-cuajimalpa-la-percepcion-de-inseguridad-en-cdmx-sobre-extorsion-asalto-a-transporte-publico-y-casa-habitacion\\\/#article\",\"isPartOf\":{\"@id\":\"https:\\\/\\\/agencia.252.com.mx\\\/home\\\/preocupa-al-edil-de-cuajimalpa-la-percepcion-de-inseguridad-en-cdmx-sobre-extorsion-asalto-a-transporte-publico-y-casa-habitacion\\\/\"},\"author\":{\"name\":\"Nacho Corro\",\"@id\":\"https:\\\/\\\/agencia.252.com.mx\\\/home\\\/#\\\/schema\\\/person\\\/6b972021e9a92d45ade8c78d81509098\"},\"headline\":\"Preocupa al edil de Cuajimalpa\u00a0\u00a0la percepci\u00f3n de\u00a0inseguridad en CDMX sobre extorsi\u00f3n, asalto a transporte p\u00fablico y casa habitaci\u00f3n\",\"datePublished\":\"2025-07-31T20:28:19+00:00\",\"dateModified\":\"2025-07-31T20:28:33+00:00\",\"mainEntityOfPage\":{\"@id\":\"https:\\\/\\\/agencia.252.com.mx\\\/home\\\/preocupa-al-edil-de-cuajimalpa-la-percepcion-de-inseguridad-en-cdmx-sobre-extorsion-asalto-a-transporte-publico-y-casa-habitacion\\\/\"},\"wordCount\":265,\"commentCount\":0,\"publisher\":{\"@id\":\"https:\\\/\\\/agencia.252.com.mx\\\/home\\\/#organization\"},\"image\":{\"@id\":\"https:\\\/\\\/agencia.252.com.mx\\\/home\\\/preocupa-al-edil-de-cuajimalpa-la-percepcion-de-inseguridad-en-cdmx-sobre-extorsion-asalto-a-transporte-publico-y-casa-habitacion\\\/#primaryimage\"},\"thumbnailUrl\":\"https:\\\/\\\/agencia.252.com.mx\\\/wp-content\\\/uploads\\\/2025\\\/07\\\/WhatsApp-Image-2025-07-30-at-3.05.23-PM.jpeg\",\"keywords\":[\"CDMX\"],\"articleSection\":[\"CDMX\",\"Metropoli\",\"Seguridad\"],\"inLanguage\":\"es\",\"potentialAction\":[{\"@type\":\"CommentAction\",\"name\":\"Comment\",\"target\":[\"https:\\\/\\\/agencia.252.com.mx\\\/home\\\/preocupa-al-edil-de-cuajimalpa-la-percepcion-de-inseguridad-en-cdmx-sobre-extorsion-asalto-a-transporte-publico-y-casa-habitacion\\\/#respond\"]}]},{\"@type\":\"WebPage\",\"@id\":\"https:\\\/\\\/agencia.252.com.mx\\\/home\\\/preocupa-al-edil-de-cuajimalpa-la-percepcion-de-inseguridad-en-cdmx-sobre-extorsion-asalto-a-transporte-publico-y-casa-habitacion\\\/\",\"url\":\"https:\\\/\\\/agencia.252.com.mx\\\/home\\\/preocupa-al-edil-de-cuajimalpa-la-percepcion-de-inseguridad-en-cdmx-sobre-extorsion-asalto-a-transporte-publico-y-casa-habitacion\\\/\",\"name\":\"Preocupa al edil de Cuajimalpa\u00a0\u00a0la percepci\u00f3n de\u00a0inseguridad en CDMX sobre extorsi\u00f3n, asalto a transporte p\u00fablico y casa habitaci\u00f3n - Agencia252\",\"isPartOf\":{\"@id\":\"https:\\\/\\\/agencia.252.com.mx\\\/home\\\/#website\"},\"primaryImageOfPage\":{\"@id\":\"https:\\\/\\\/agencia.252.com.mx\\\/home\\\/preocupa-al-edil-de-cuajimalpa-la-percepcion-de-inseguridad-en-cdmx-sobre-extorsion-asalto-a-transporte-publico-y-casa-habitacion\\\/#primaryimage\"},\"image\":{\"@id\":\"https:\\\/\\\/agencia.252.com.mx\\\/home\\\/preocupa-al-edil-de-cuajimalpa-la-percepcion-de-inseguridad-en-cdmx-sobre-extorsion-asalto-a-transporte-publico-y-casa-habitacion\\\/#primaryimage\"},\"thumbnailUrl\":\"https:\\\/\\\/agencia.252.com.mx\\\/wp-content\\\/uploads\\\/2025\\\/07\\\/WhatsApp-Image-2025-07-30-at-3.05.23-PM.jpeg\",\"datePublished\":\"2025-07-31T20:28:19+00:00\",\"dateModified\":\"2025-07-31T20:28:33+00:00\",\"breadcrumb\":{\"@id\":\"https:\\\/\\\/agencia.252.com.mx\\\/home\\\/preocupa-al-edil-de-cuajimalpa-la-percepcion-de-inseguridad-en-cdmx-sobre-extorsion-asalto-a-transporte-publico-y-casa-habitacion\\\/#breadcrumb\"},\"inLanguage\":\"es\",\"potentialAction\":[{\"@type\":\"ReadAction\",\"target\":[\"https:\\\/\\\/agencia.252.com.mx\\\/home\\\/preocupa-al-edil-de-cuajimalpa-la-percepcion-de-inseguridad-en-cdmx-sobre-extorsion-asalto-a-transporte-publico-y-casa-habitacion\\\/\"]}]},{\"@type\":\"ImageObject\",\"inLanguage\":\"es\",\"@id\":\"https:\\\/\\\/agencia.252.com.mx\\\/home\\\/preocupa-al-edil-de-cuajimalpa-la-percepcion-de-inseguridad-en-cdmx-sobre-extorsion-asalto-a-transporte-publico-y-casa-habitacion\\\/#primaryimage\",\"url\":\"https:\\\/\\\/agencia.252.com.mx\\\/wp-content\\\/uploads\\\/2025\\\/07\\\/WhatsApp-Image-2025-07-30-at-3.05.23-PM.jpeg\",\"contentUrl\":\"https:\\\/\\\/agencia.252.com.mx\\\/wp-content\\\/uploads\\\/2025\\\/07\\\/WhatsApp-Image-2025-07-30-at-3.05.23-PM.jpeg\",\"width\":1500,\"height\":1000},{\"@type\":\"BreadcrumbList\",\"@id\":\"https:\\\/\\\/agencia.252.com.mx\\\/home\\\/preocupa-al-edil-de-cuajimalpa-la-percepcion-de-inseguridad-en-cdmx-sobre-extorsion-asalto-a-transporte-publico-y-casa-habitacion\\\/#breadcrumb\",\"itemListElement\":[{\"@type\":\"ListItem\",\"position\":1,\"name\":\"Portada\",\"item\":\"https:\\\/\\\/agencia.252.com.mx\\\/home\\\/\"},{\"@type\":\"ListItem\",\"position\":2,\"name\":\"Preocupa al edil de Cuajimalpa\u00a0\u00a0la percepci\u00f3n de\u00a0inseguridad en CDMX sobre extorsi\u00f3n, asalto a transporte p\u00fablico y casa habitaci\u00f3n\"}]},{\"@type\":\"WebSite\",\"@id\":\"https:\\\/\\\/agencia.252.com.mx\\\/home\\\/#website\",\"url\":\"https:\\\/\\\/agencia.252.com.mx\\\/home\\\/\",\"name\":\"Agencia252\",\"description\":\"Tu espacio en la Red\",\"publisher\":{\"@id\":\"https:\\\/\\\/agencia.252.com.mx\\\/home\\\/#organization\"},\"potentialAction\":[{\"@type\":\"SearchAction\",\"target\":{\"@type\":\"EntryPoint\",\"urlTemplate\":\"https:\\\/\\\/agencia.252.com.mx\\\/home\\\/?s={search_term_string}\"},\"query-input\":{\"@type\":\"PropertyValueSpecification\",\"valueRequired\":true,\"valueName\":\"search_term_string\"}}],\"inLanguage\":\"es\"},{\"@type\":\"Organization\",\"@id\":\"https:\\\/\\\/agencia.252.com.mx\\\/home\\\/#organization\",\"name\":\"Agencia252\",\"url\":\"https:\\\/\\\/agencia.252.com.mx\\\/home\\\/\",\"logo\":{\"@type\":\"ImageObject\",\"inLanguage\":\"es\",\"@id\":\"https:\\\/\\\/agencia.252.com.mx\\\/home\\\/#\\\/schema\\\/logo\\\/image\\\/\",\"url\":\"https:\\\/\\\/agencia.252.com.mx\\\/wp-content\\\/uploads\\\/2023\\\/02\\\/cropped-ciruclo-agencia-e1677562404136.png\",\"contentUrl\":\"https:\\\/\\\/agencia.252.com.mx\\\/wp-content\\\/uploads\\\/2023\\\/02\\\/cropped-ciruclo-agencia-e1677562404136.png\",\"width\":512,\"height\":512,\"caption\":\"Agencia252\"},\"image\":{\"@id\":\"https:\\\/\\\/agencia.252.com.mx\\\/home\\\/#\\\/schema\\\/logo\\\/image\\\/\"},\"sameAs\":[\"https:\\\/\\\/www.facebook.com\\\/252Comunicacion\\\/\",\"https:\\\/\\\/x.com\\\/252COMS\"]},{\"@type\":\"Person\",\"@id\":\"https:\\\/\\\/agencia.252.com.mx\\\/home\\\/#\\\/schema\\\/person\\\/6b972021e9a92d45ade8c78d81509098\",\"name\":\"Nacho Corro\",\"image\":{\"@type\":\"ImageObject\",\"inLanguage\":\"es\",\"@id\":\"https:\\\/\\\/secure.gravatar.com\\\/avatar\\\/5db6df507cfe1307e192fbb498c6b85f1cf2ffd8b4cd37141b9eea588fcbd5a4?s=96&r=g\",\"url\":\"https:\\\/\\\/secure.gravatar.com\\\/avatar\\\/5db6df507cfe1307e192fbb498c6b85f1cf2ffd8b4cd37141b9eea588fcbd5a4?s=96&r=g\",\"contentUrl\":\"https:\\\/\\\/secure.gravatar.com\\\/avatar\\\/5db6df507cfe1307e192fbb498c6b85f1cf2ffd8b4cd37141b9eea588fcbd5a4?s=96&r=g\",\"caption\":\"Nacho Corro\"},\"description\":\"Comunicador Social, Periodista y Administraci\u00f3n P\u00fablica. Conversador pol\u00edtico, temas electorales y seguridad. Generador de contenidos digitales. Amante de la fotograf\u00eda\",\"sameAs\":[\"https:\\\/\\\/www.facebook.com\\\/jcorroherrera\\\/\",\"www.instagram.com\\\/nachocorro\\\/\",\"https:\\\/\\\/x.com\\\/Juan Ignacio Corro Herrera\"],\"url\":\"https:\\\/\\\/agencia.252.com.mx\\\/home\\\/author\\\/i-corro\\\/\"}]}<\/script>\n<!-- \/ Yoast SEO plugin. -->","yoast_head_json":{"title":"Preocupa al edil de Cuajimalpa\u00a0\u00a0la percepci\u00f3n de\u00a0inseguridad en CDMX sobre extorsi\u00f3n, asalto a transporte p\u00fablico y casa habitaci\u00f3n - Agencia252","robots":{"index":"index","follow":"follow","max-snippet":"max-snippet:-1","max-image-preview":"max-image-preview:large","max-video-preview":"max-video-preview:-1"},"canonical":"https:\/\/agencia.252.com.mx\/home\/preocupa-al-edil-de-cuajimalpa-la-percepcion-de-inseguridad-en-cdmx-sobre-extorsion-asalto-a-transporte-publico-y-casa-habitacion\/","og_locale":"es_ES","og_type":"article","og_title":"Preocupa al edil de Cuajimalpa\u00a0\u00a0la percepci\u00f3n de\u00a0inseguridad en CDMX sobre extorsi\u00f3n, asalto a transporte p\u00fablico y casa habitaci\u00f3n - Agencia252","og_description":"Visitas: 48 Juan Ignacio Corro&nbsp; Ciudad de M\u00e9xico, a 31 de julio de 2025 El alcalde de Cuajimalpa, Carlos Orva\u00f1anos Rea sostuvo una reuni\u00f3n de trabajo con la fiscal de la Ciudad de M\u00e9xico, Bertha Alcalde Luj\u00e1n, con el objeto de reforzar los esquemas de actuaci\u00f3n, seguridad e investigaci\u00f3n de delitos en la demarcaci\u00f3n.\u00a0 Carlos [&hellip;]","og_url":"https:\/\/agencia.252.com.mx\/home\/preocupa-al-edil-de-cuajimalpa-la-percepcion-de-inseguridad-en-cdmx-sobre-extorsion-asalto-a-transporte-publico-y-casa-habitacion\/","og_site_name":"Agencia252","article_publisher":"https:\/\/www.facebook.com\/252Comunicacion\/","article_author":"https:\/\/www.facebook.com\/jcorroherrera\/","article_published_time":"2025-07-31T20:28:19+00:00","article_modified_time":"2025-07-31T20:28:33+00:00","og_image":[{"width":1500,"height":1000,"url":"http:\/\/agencia.252.com.mx\/wp-content\/uploads\/2025\/07\/WhatsApp-Image-2025-07-30-at-3.05.23-PM.jpeg","type":"image\/jpeg"}],"author":"Nacho Corro","twitter_card":"summary_large_image","twitter_creator":"@Juan Ignacio Corro Herrera","twitter_site":"@252COMS","twitter_misc":{"Escrito por":"Nacho Corro","Tiempo de lectura":"2 minutos"},"schema":{"@context":"https:\/\/schema.org","@graph":[{"@type":"Article","@id":"https:\/\/agencia.252.com.mx\/home\/preocupa-al-edil-de-cuajimalpa-la-percepcion-de-inseguridad-en-cdmx-sobre-extorsion-asalto-a-transporte-publico-y-casa-habitacion\/#article","isPartOf":{"@id":"https:\/\/agencia.252.com.mx\/home\/preocupa-al-edil-de-cuajimalpa-la-percepcion-de-inseguridad-en-cdmx-sobre-extorsion-asalto-a-transporte-publico-y-casa-habitacion\/"},"author":{"name":"Nacho Corro","@id":"https:\/\/agencia.252.com.mx\/home\/#\/schema\/person\/6b972021e9a92d45ade8c78d81509098"},"headline":"Preocupa al edil de Cuajimalpa\u00a0\u00a0la percepci\u00f3n de\u00a0inseguridad en CDMX sobre extorsi\u00f3n, asalto a transporte p\u00fablico y casa habitaci\u00f3n","datePublished":"2025-07-31T20:28:19+00:00","dateModified":"2025-07-31T20:28:33+00:00","mainEntityOfPage":{"@id":"https:\/\/agencia.252.com.mx\/home\/preocupa-al-edil-de-cuajimalpa-la-percepcion-de-inseguridad-en-cdmx-sobre-extorsion-asalto-a-transporte-publico-y-casa-habitacion\/"},"wordCount":265,"commentCount":0,"publisher":{"@id":"https:\/\/agencia.252.com.mx\/home\/#organization"},"image":{"@id":"https:\/\/agencia.252.com.mx\/home\/preocupa-al-edil-de-cuajimalpa-la-percepcion-de-inseguridad-en-cdmx-sobre-extorsion-asalto-a-transporte-publico-y-casa-habitacion\/#primaryimage"},"thumbnailUrl":"https:\/\/agencia.252.com.mx\/wp-content\/uploads\/2025\/07\/WhatsApp-Image-2025-07-30-at-3.05.23-PM.jpeg","keywords":["CDMX"],"articleSection":["CDMX","Metropoli","Seguridad"],"inLanguage":"es","potentialAction":[{"@type":"CommentAction","name":"Comment","target":["https:\/\/agencia.252.com.mx\/home\/preocupa-al-edil-de-cuajimalpa-la-percepcion-de-inseguridad-en-cdmx-sobre-extorsion-asalto-a-transporte-publico-y-casa-habitacion\/#respond"]}]},{"@type":"WebPage","@id":"https:\/\/agencia.252.com.mx\/home\/preocupa-al-edil-de-cuajimalpa-la-percepcion-de-inseguridad-en-cdmx-sobre-extorsion-asalto-a-transporte-publico-y-casa-habitacion\/","url":"https:\/\/agencia.252.com.mx\/home\/preocupa-al-edil-de-cuajimalpa-la-percepcion-de-inseguridad-en-cdmx-sobre-extorsion-asalto-a-transporte-publico-y-casa-habitacion\/","name":"Preocupa al edil de Cuajimalpa\u00a0\u00a0la percepci\u00f3n de\u00a0inseguridad en CDMX sobre extorsi\u00f3n, asalto a transporte p\u00fablico y casa habitaci\u00f3n - Agencia252","isPartOf":{"@id":"https:\/\/agencia.252.com.mx\/home\/#website"},"primaryImageOfPage":{"@id":"https:\/\/agencia.252.com.mx\/home\/preocupa-al-edil-de-cuajimalpa-la-percepcion-de-inseguridad-en-cdmx-sobre-extorsion-asalto-a-transporte-publico-y-casa-habitacion\/#primaryimage"},"image":{"@id":"https:\/\/agencia.252.com.mx\/home\/preocupa-al-edil-de-cuajimalpa-la-percepcion-de-inseguridad-en-cdmx-sobre-extorsion-asalto-a-transporte-publico-y-casa-habitacion\/#primaryimage"},"thumbnailUrl":"https:\/\/agencia.252.com.mx\/wp-content\/uploads\/2025\/07\/WhatsApp-Image-2025-07-30-at-3.05.23-PM.jpeg","datePublished":"2025-07-31T20:28:19+00:00","dateModified":"2025-07-31T20:28:33+00:00","breadcrumb":{"@id":"https:\/\/agencia.252.com.mx\/home\/preocupa-al-edil-de-cuajimalpa-la-percepcion-de-inseguridad-en-cdmx-sobre-extorsion-asalto-a-transporte-publico-y-casa-habitacion\/#breadcrumb"},"inLanguage":"es","potentialAction":[{"@type":"ReadAction","target":["https:\/\/agencia.252.com.mx\/home\/preocupa-al-edil-de-cuajimalpa-la-percepcion-de-inseguridad-en-cdmx-sobre-extorsion-asalto-a-transporte-publico-y-casa-habitacion\/"]}]},{"@type":"ImageObject","inLanguage":"es","@id":"https:\/\/agencia.252.com.mx\/home\/preocupa-al-edil-de-cuajimalpa-la-percepcion-de-inseguridad-en-cdmx-sobre-extorsion-asalto-a-transporte-publico-y-casa-habitacion\/#primaryimage","url":"https:\/\/agencia.252.com.mx\/wp-content\/uploads\/2025\/07\/WhatsApp-Image-2025-07-30-at-3.05.23-PM.jpeg","contentUrl":"https:\/\/agencia.252.com.mx\/wp-content\/uploads\/2025\/07\/WhatsApp-Image-2025-07-30-at-3.05.23-PM.jpeg","width":1500,"height":1000},{"@type":"BreadcrumbList","@id":"https:\/\/agencia.252.com.mx\/home\/preocupa-al-edil-de-cuajimalpa-la-percepcion-de-inseguridad-en-cdmx-sobre-extorsion-asalto-a-transporte-publico-y-casa-habitacion\/#breadcrumb","itemListElement":[{"@type":"ListItem","position":1,"name":"Portada","item":"https:\/\/agencia.252.com.mx\/home\/"},{"@type":"ListItem","position":2,"name":"Preocupa al edil de Cuajimalpa\u00a0\u00a0la percepci\u00f3n de\u00a0inseguridad en CDMX sobre extorsi\u00f3n, asalto a transporte p\u00fablico y casa habitaci\u00f3n"}]},{"@type":"WebSite","@id":"https:\/\/agencia.252.com.mx\/home\/#website","url":"https:\/\/agencia.252.com.mx\/home\/","name":"Agencia252","description":"Tu espacio en la Red","publisher":{"@id":"https:\/\/agencia.252.com.mx\/home\/#organization"},"potentialAction":[{"@type":"SearchAction","target":{"@type":"EntryPoint","urlTemplate":"https:\/\/agencia.252.com.mx\/home\/?s={search_term_string}"},"query-input":{"@type":"PropertyValueSpecification","valueRequired":true,"valueName":"search_term_string"}}],"inLanguage":"es"},{"@type":"Organization","@id":"https:\/\/agencia.252.com.mx\/home\/#organization","name":"Agencia252","url":"https:\/\/agencia.252.com.mx\/home\/","logo":{"@type":"ImageObject","inLanguage":"es","@id":"https:\/\/agencia.252.com.mx\/home\/#\/schema\/logo\/image\/","url":"https:\/\/agencia.252.com.mx\/wp-content\/uploads\/2023\/02\/cropped-ciruclo-agencia-e1677562404136.png","contentUrl":"https:\/\/agencia.252.com.mx\/wp-content\/uploads\/2023\/02\/cropped-ciruclo-agencia-e1677562404136.png","width":512,"height":512,"caption":"Agencia252"},"image":{"@id":"https:\/\/agencia.252.com.mx\/home\/#\/schema\/logo\/image\/"},"sameAs":["https:\/\/www.facebook.com\/252Comunicacion\/","https:\/\/x.com\/252COMS"]},{"@type":"Person","@id":"https:\/\/agencia.252.com.mx\/home\/#\/schema\/person\/6b972021e9a92d45ade8c78d81509098","name":"Nacho Corro","image":{"@type":"ImageObject","inLanguage":"es","@id":"https:\/\/secure.gravatar.com\/avatar\/5db6df507cfe1307e192fbb498c6b85f1cf2ffd8b4cd37141b9eea588fcbd5a4?s=96&r=g","url":"https:\/\/secure.gravatar.com\/avatar\/5db6df507cfe1307e192fbb498c6b85f1cf2ffd8b4cd37141b9eea588fcbd5a4?s=96&r=g","contentUrl":"https:\/\/secure.gravatar.com\/avatar\/5db6df507cfe1307e192fbb498c6b85f1cf2ffd8b4cd37141b9eea588fcbd5a4?s=96&r=g","caption":"Nacho Corro"},"description":"Comunicador Social, Periodista y Administraci\u00f3n P\u00fablica. Conversador pol\u00edtico, temas electorales y seguridad. Generador de contenidos digitales. Amante de la fotograf\u00eda","sameAs":["https:\/\/www.facebook.com\/jcorroherrera\/","www.instagram.com\/nachocorro\/","https:\/\/x.com\/Juan Ignacio Corro Herrera"],"url":"https:\/\/agencia.252.com.mx\/home\/author\/i-corro\/"}]}},"_links":{"self":[{"href":"https:\/\/agencia.252.com.mx\/home\/wp-json\/wp\/v2\/posts\/9548","targetHints":{"allow":["GET"]}}],"collection":[{"href":"https:\/\/agencia.252.com.mx\/home\/wp-json\/wp\/v2\/posts"}],"about":[{"href":"https:\/\/agencia.252.com.mx\/home\/wp-json\/wp\/v2\/types\/post"}],"author":[{"embeddable":true,"href":"https:\/\/agencia.252.com.mx\/home\/wp-json\/wp\/v2\/users\/5"}],"replies":[{"embeddable":true,"href":"https:\/\/agencia.252.com.mx\/home\/wp-json\/wp\/v2\/comments?post=9548"}],"version-history":[{"count":2,"href":"https:\/\/agencia.252.com.mx\/home\/wp-json\/wp\/v2\/posts\/9548\/revisions"}],"predecessor-version":[{"id":9552,"href":"https:\/\/agencia.252.com.mx\/home\/wp-json\/wp\/v2\/posts\/9548\/revisions\/9552"}],"wp:featuredmedia":[{"embeddable":true,"href":"https:\/\/agencia.252.com.mx\/home\/wp-json\/wp\/v2\/media\/9550"}],"wp:attachment":[{"href":"https:\/\/agencia.252.com.mx\/home\/wp-json\/wp\/v2\/media?parent=9548"}],"wp:term":[{"taxonomy":"category","embeddable":true,"href":"https:\/\/agencia.252.com.mx\/home\/wp-json\/wp\/v2\/categories?post=9548"},{"taxonomy":"post_tag","embeddable":true,"href":"https:\/\/agencia.252.com.mx\/home\/wp-json\/wp\/v2\/tags?post=9548"}],"curies":[{"name":"wp","href":"https:\/\/api.w.org\/{rel}","templated":true}]}}