{"id":9532,"date":"2025-07-31T14:16:34","date_gmt":"2025-07-31T20:16:34","guid":{"rendered":"https:\/\/agencia.252.com.mx\/home\/?p=9532"},"modified":"2025-07-31T14:20:31","modified_gmt":"2025-07-31T20:20:31","slug":"al-fin-rehabilitan-la-antigua-carretera-mexico-pachuca","status":"publish","type":"post","link":"https:\/\/agencia.252.com.mx\/home\/al-fin-rehabilitan-la-antigua-carretera-mexico-pachuca\/","title":{"rendered":"Al fin rehabilitan la antigua carretera M\u00e9xico-Pachuca"},"content":{"rendered":"<p>Visitas: 90<\/p>\n<ul class=\"wp-block-list\">\n<li><em>Rehabilitan tramo de la antigua carretera M\u00e9xico-Pachuca<\/em><\/li>\n\n\n\n<li><em>Supervisa Rastrillo Social en avenida Nacional, en Guadalupe Victoria, donde<\/em><\/li>\n\n\n\n<li><em>Remozan el exterior de la UMF 93 del IMSS<\/em><\/li>\n<\/ul>\n\n\n\n<p>Juan Ignacio Corro&nbsp;<\/p>\n\n\n\n<p class=\"has-text-align-right\">Ecatepec, Estado de M\u00e9xico, a 31 de julio de 2025<\/p>\n\n\n\n<p>La alcaldesa Azucena Cisneros Coss afirm\u00f3 que la avenida Nacional (antigua carretera M\u00e9xico-Pachuca) era una vialidad federal que estuvo abandonada durante varios a\u00f1os y que enfrentaba diversos problemas, entre ellos inundaciones.<\/p>\n\n\n\n<p>Frente a ello, el gobierno de Ecatepec intervino casi 500 metros lineales de la vialidad, pues \u201cla gente est\u00e1 cansada de que (los gobiernos) se echen la bolita unos a otros\u201d, por lo que un tramo fue repavimentado, se rehabilit\u00f3 el colector principal que estaba obstruido y se instalaron l\u00e1mparas del programa \u201cLuces de Esperanza\u201d, aunque los trabajos contin\u00faan y la obra integral ser\u00e1 entregada en unos dos meses.<\/p>\n\n\n\n<figure class=\"wp-block-image alignright size-medium\"><img fetchpriority=\"high\" decoding=\"async\" width=\"300\" height=\"185\" src=\"https:\/\/agencia.252.com.mx\/wp-content\/uploads\/2025\/07\/WhatsApp-Image-2025-07-31-at-12.07.13-PM-300x185.jpeg\" alt=\"\" class=\"wp-image-9544\" srcset=\"https:\/\/agencia.252.com.mx\/wp-content\/uploads\/2025\/07\/WhatsApp-Image-2025-07-31-at-12.07.13-PM-300x185.jpeg 300w, https:\/\/agencia.252.com.mx\/wp-content\/uploads\/2025\/07\/WhatsApp-Image-2025-07-31-at-12.07.13-PM-1024x630.jpeg 1024w, https:\/\/agencia.252.com.mx\/wp-content\/uploads\/2025\/07\/WhatsApp-Image-2025-07-31-at-12.07.13-PM-768x472.jpeg 768w, https:\/\/agencia.252.com.mx\/wp-content\/uploads\/2025\/07\/WhatsApp-Image-2025-07-31-at-12.07.13-PM.jpeg 1226w\" sizes=\"(max-width: 300px) 100vw, 300px\" \/><\/figure>\n\n\n\n<p>Igualmentem, la edil supervis\u00f3 obras realizadas con recursos propios, como la rehabilitaci\u00f3n de avenida Nacional, en la colonia El Sol, que registraba severos encharcamientos y la remodelaci\u00f3n de pavimento, guarniciones y banquetas de la Unidad de Medicina Familiar (UMF) 93 Cerro Gordo del IMSS, ubicada en el fraccionamiento Jardines de Casanueva.<\/p>\n\n\n\n<p><strong>Calles m\u00e1s seguras para transitar&nbsp;<\/strong><\/p>\n\n\n\n<p>Antes, encabez\u00f3 el operativo Rastrillo Social en avenida Nacional, en Guadalupe Victoria, donde fueron retirados puestos met\u00e1licos instalados sobre la banqueta y diversos obst\u00e1culos que obstru\u00edan el tr\u00e1nsito peatonal y vehicular.<\/p>\n\n\n\n<figure class=\"wp-block-image alignleft size-medium\"><img decoding=\"async\" width=\"300\" height=\"215\" src=\"https:\/\/agencia.252.com.mx\/wp-content\/uploads\/2025\/07\/WhatsApp-Image-2025-07-31-at-12.07.11-PM-2-300x215.jpeg\" alt=\"\" class=\"wp-image-9540\" srcset=\"https:\/\/agencia.252.com.mx\/wp-content\/uploads\/2025\/07\/WhatsApp-Image-2025-07-31-at-12.07.11-PM-2-300x215.jpeg 300w, https:\/\/agencia.252.com.mx\/wp-content\/uploads\/2025\/07\/WhatsApp-Image-2025-07-31-at-12.07.11-PM-2-1024x732.jpeg 1024w, https:\/\/agencia.252.com.mx\/wp-content\/uploads\/2025\/07\/WhatsApp-Image-2025-07-31-at-12.07.11-PM-2-768x549.jpeg 768w, https:\/\/agencia.252.com.mx\/wp-content\/uploads\/2025\/07\/WhatsApp-Image-2025-07-31-at-12.07.11-PM-2.jpeg 1401w\" sizes=\"(max-width: 300px) 100vw, 300px\" \/><\/figure>\n\n\n\n<p>Mencion\u00f3 que \u201ccalles liberadas nos hacen transitar de manera mucho m\u00e1s segura, que la seguridad la construimos entre todos. Nosotros no tenemos descanso, desde muy temprano y hasta muy noche haciendo obras y acciones por todos los vecinos, por su tranquilidad\u201d.<\/p>\n\n\n\n<p>La alcaldesa de Ecatepec tambi\u00e9n supervis\u00f3 trabajos realizados en el exterior de la UMF 93 Cerro Gordo del IMSS, donde repavimentaron un tramo de avenida Casanueva y reconstruyeron banquetas y guarniciones, toda vez que la cl\u00ednica fue remodelada por el gobierno federal.<\/p>\n\n\n\n<p>Carlos Ram\u00edrez Brassetti, director de Obras P\u00fablicas, dijo que la obra exterior de la cl\u00ednica todav\u00eda no est\u00e1 concluida y analizan acciones para&nbsp;&nbsp;garantizar la movilidad del lugar, por lo que dialogan con comerciantes para llegar a acuerdos.<\/p>\n\n\n\n<p>Cisneros Coss dijo que el gobierno de Ecatepec colabora con la magna obra de reconstrucci\u00f3n de la cl\u00ednica que realiz\u00f3 el gobierno federal, que brinda servicio a cerca de 800 mil derechohabientes, por lo que se trata de coordinaci\u00f3n a favor de los vecinos de este municipio.<\/p>\n","protected":false},"excerpt":{"rendered":"<p>Visitas: 90 Juan Ignacio Corro&nbsp; Ecatepec, Estado de M\u00e9xico, a 31 de julio de 2025 La alcaldesa Azucena Cisneros Coss afirm\u00f3 que la avenida Nacional (antigua carretera M\u00e9xico-Pachuca) era una vialidad federal que estuvo abandonada durante varios a\u00f1os y que enfrentaba diversos problemas, entre ellos inundaciones. Frente a ello, el gobierno de Ecatepec intervino casi [&hellip;]<\/p>\n","protected":false},"author":5,"featured_media":9542,"comment_status":"open","ping_status":"open","sticky":false,"template":"","format":"standard","meta":{"site-sidebar-layout":"default","site-content-layout":"","ast-site-content-layout":"default","site-content-style":"default","site-sidebar-style":"default","ast-global-header-display":"","ast-banner-title-visibility":"","ast-main-header-display":"","ast-hfb-above-header-display":"","ast-hfb-below-header-display":"","ast-hfb-mobile-header-display":"","site-post-title":"","ast-breadcrumbs-content":"","ast-featured-img":"","footer-sml-layout":"","ast-disable-related-posts":"","theme-transparent-header-meta":"","adv-header-id-meta":"","stick-header-meta":"","header-above-stick-meta":"","header-main-stick-meta":"","header-below-stick-meta":"","astra-migrate-meta-layouts":"set","ast-page-background-enabled":"default","ast-page-background-meta":{"desktop":{"background-color":"var(--ast-global-color-4)","background-image":"","background-repeat":"repeat","background-position":"center center","background-size":"auto","background-attachment":"scroll","background-type":"","background-media":"","overlay-type":"","overlay-color":"","overlay-opacity":"","overlay-gradient":""},"tablet":{"background-color":"","background-image":"","background-repeat":"repeat","background-position":"center center","background-size":"auto","background-attachment":"scroll","background-type":"","background-media":"","overlay-type":"","overlay-color":"","overlay-opacity":"","overlay-gradient":""},"mobile":{"background-color":"","background-image":"","background-repeat":"repeat","background-position":"center center","background-size":"auto","background-attachment":"scroll","background-type":"","background-media":"","overlay-type":"","overlay-color":"","overlay-opacity":"","overlay-gradient":""}},"ast-content-background-meta":{"desktop":{"background-color":"var(--ast-global-color-5)","background-image":"","background-repeat":"repeat","background-position":"center center","background-size":"auto","background-attachment":"scroll","background-type":"","background-media":"","overlay-type":"","overlay-color":"","overlay-opacity":"","overlay-gradient":""},"tablet":{"background-color":"var(--ast-global-color-5)","background-image":"","background-repeat":"repeat","background-position":"center center","background-size":"auto","background-attachment":"scroll","background-type":"","background-media":"","overlay-type":"","overlay-color":"","overlay-opacity":"","overlay-gradient":""},"mobile":{"background-color":"var(--ast-global-color-5)","background-image":"","background-repeat":"repeat","background-position":"center center","background-size":"auto","background-attachment":"scroll","background-type":"","background-media":"","overlay-type":"","overlay-color":"","overlay-opacity":"","overlay-gradient":""}},"footnotes":""},"categories":[38,8,512,68],"tags":[526],"class_list":["post-9532","post","type-post","status-publish","format-standard","has-post-thumbnail","hentry","category-ecatepec","category-edomex","category-metropoli","category-seguridad","tag-edomex"],"yoast_head":"<!-- This site is optimized with the Yoast SEO plugin v27.4 - https:\/\/yoast.com\/product\/yoast-seo-wordpress\/ -->\n<title>Al fin rehabilitan la antigua carretera M\u00e9xico-Pachuca - Agencia252<\/title>\n<meta name=\"robots\" content=\"index, follow, max-snippet:-1, max-image-preview:large, max-video-preview:-1\" \/>\n<link rel=\"canonical\" href=\"https:\/\/agencia.252.com.mx\/home\/al-fin-rehabilitan-la-antigua-carretera-mexico-pachuca\/\" \/>\n<meta property=\"og:locale\" content=\"es_ES\" \/>\n<meta property=\"og:type\" content=\"article\" \/>\n<meta property=\"og:title\" content=\"Al fin rehabilitan la antigua carretera M\u00e9xico-Pachuca - Agencia252\" \/>\n<meta property=\"og:description\" content=\"Visitas: 90 Juan Ignacio Corro&nbsp; Ecatepec, Estado de M\u00e9xico, a 31 de julio de 2025 La alcaldesa Azucena Cisneros Coss afirm\u00f3 que la avenida Nacional (antigua carretera M\u00e9xico-Pachuca) era una vialidad federal que estuvo abandonada durante varios a\u00f1os y que enfrentaba diversos problemas, entre ellos inundaciones. Frente a ello, el gobierno de Ecatepec intervino casi [&hellip;]\" \/>\n<meta property=\"og:url\" content=\"https:\/\/agencia.252.com.mx\/home\/al-fin-rehabilitan-la-antigua-carretera-mexico-pachuca\/\" \/>\n<meta property=\"og:site_name\" content=\"Agencia252\" \/>\n<meta property=\"article:publisher\" content=\"https:\/\/www.facebook.com\/252Comunicacion\/\" \/>\n<meta property=\"article:author\" content=\"https:\/\/www.facebook.com\/jcorroherrera\/\" \/>\n<meta property=\"article:published_time\" content=\"2025-07-31T20:16:34+00:00\" \/>\n<meta property=\"article:modified_time\" content=\"2025-07-31T20:20:31+00:00\" \/>\n<meta property=\"og:image\" content=\"http:\/\/agencia.252.com.mx\/wp-content\/uploads\/2025\/07\/WhatsApp-Image-2025-07-31-at-12.07.12-PM.jpeg\" \/>\n\t<meta property=\"og:image:width\" content=\"1280\" \/>\n\t<meta property=\"og:image:height\" content=\"853\" \/>\n\t<meta property=\"og:image:type\" content=\"image\/jpeg\" \/>\n<meta name=\"author\" content=\"Nacho Corro\" \/>\n<meta name=\"twitter:card\" content=\"summary_large_image\" \/>\n<meta name=\"twitter:creator\" content=\"@Juan Ignacio Corro Herrera\" \/>\n<meta name=\"twitter:site\" content=\"@252COMS\" \/>\n<meta name=\"twitter:label1\" content=\"Escrito por\" \/>\n\t<meta name=\"twitter:data1\" content=\"Nacho Corro\" \/>\n\t<meta name=\"twitter:label2\" content=\"Tiempo de lectura\" \/>\n\t<meta name=\"twitter:data2\" content=\"3 minutos\" \/>\n<script type=\"application\/ld+json\" class=\"yoast-schema-graph\">{\"@context\":\"https:\\\/\\\/schema.org\",\"@graph\":[{\"@type\":\"Article\",\"@id\":\"https:\\\/\\\/agencia.252.com.mx\\\/home\\\/al-fin-rehabilitan-la-antigua-carretera-mexico-pachuca\\\/#article\",\"isPartOf\":{\"@id\":\"https:\\\/\\\/agencia.252.com.mx\\\/home\\\/al-fin-rehabilitan-la-antigua-carretera-mexico-pachuca\\\/\"},\"author\":{\"name\":\"Nacho Corro\",\"@id\":\"https:\\\/\\\/agencia.252.com.mx\\\/home\\\/#\\\/schema\\\/person\\\/6b972021e9a92d45ade8c78d81509098\"},\"headline\":\"Al fin rehabilitan la antigua carretera M\u00e9xico-Pachuca\",\"datePublished\":\"2025-07-31T20:16:34+00:00\",\"dateModified\":\"2025-07-31T20:20:31+00:00\",\"mainEntityOfPage\":{\"@id\":\"https:\\\/\\\/agencia.252.com.mx\\\/home\\\/al-fin-rehabilitan-la-antigua-carretera-mexico-pachuca\\\/\"},\"wordCount\":422,\"commentCount\":0,\"publisher\":{\"@id\":\"https:\\\/\\\/agencia.252.com.mx\\\/home\\\/#organization\"},\"image\":{\"@id\":\"https:\\\/\\\/agencia.252.com.mx\\\/home\\\/al-fin-rehabilitan-la-antigua-carretera-mexico-pachuca\\\/#primaryimage\"},\"thumbnailUrl\":\"https:\\\/\\\/agencia.252.com.mx\\\/wp-content\\\/uploads\\\/2025\\\/07\\\/WhatsApp-Image-2025-07-31-at-12.07.12-PM.jpeg\",\"keywords\":[\"Edomex\"],\"articleSection\":[\"Ecatepec\",\"Edomex\",\"Metropoli\",\"Seguridad\"],\"inLanguage\":\"es\",\"potentialAction\":[{\"@type\":\"CommentAction\",\"name\":\"Comment\",\"target\":[\"https:\\\/\\\/agencia.252.com.mx\\\/home\\\/al-fin-rehabilitan-la-antigua-carretera-mexico-pachuca\\\/#respond\"]}]},{\"@type\":\"WebPage\",\"@id\":\"https:\\\/\\\/agencia.252.com.mx\\\/home\\\/al-fin-rehabilitan-la-antigua-carretera-mexico-pachuca\\\/\",\"url\":\"https:\\\/\\\/agencia.252.com.mx\\\/home\\\/al-fin-rehabilitan-la-antigua-carretera-mexico-pachuca\\\/\",\"name\":\"Al fin rehabilitan la antigua carretera M\u00e9xico-Pachuca - Agencia252\",\"isPartOf\":{\"@id\":\"https:\\\/\\\/agencia.252.com.mx\\\/home\\\/#website\"},\"primaryImageOfPage\":{\"@id\":\"https:\\\/\\\/agencia.252.com.mx\\\/home\\\/al-fin-rehabilitan-la-antigua-carretera-mexico-pachuca\\\/#primaryimage\"},\"image\":{\"@id\":\"https:\\\/\\\/agencia.252.com.mx\\\/home\\\/al-fin-rehabilitan-la-antigua-carretera-mexico-pachuca\\\/#primaryimage\"},\"thumbnailUrl\":\"https:\\\/\\\/agencia.252.com.mx\\\/wp-content\\\/uploads\\\/2025\\\/07\\\/WhatsApp-Image-2025-07-31-at-12.07.12-PM.jpeg\",\"datePublished\":\"2025-07-31T20:16:34+00:00\",\"dateModified\":\"2025-07-31T20:20:31+00:00\",\"breadcrumb\":{\"@id\":\"https:\\\/\\\/agencia.252.com.mx\\\/home\\\/al-fin-rehabilitan-la-antigua-carretera-mexico-pachuca\\\/#breadcrumb\"},\"inLanguage\":\"es\",\"potentialAction\":[{\"@type\":\"ReadAction\",\"target\":[\"https:\\\/\\\/agencia.252.com.mx\\\/home\\\/al-fin-rehabilitan-la-antigua-carretera-mexico-pachuca\\\/\"]}]},{\"@type\":\"ImageObject\",\"inLanguage\":\"es\",\"@id\":\"https:\\\/\\\/agencia.252.com.mx\\\/home\\\/al-fin-rehabilitan-la-antigua-carretera-mexico-pachuca\\\/#primaryimage\",\"url\":\"https:\\\/\\\/agencia.252.com.mx\\\/wp-content\\\/uploads\\\/2025\\\/07\\\/WhatsApp-Image-2025-07-31-at-12.07.12-PM.jpeg\",\"contentUrl\":\"https:\\\/\\\/agencia.252.com.mx\\\/wp-content\\\/uploads\\\/2025\\\/07\\\/WhatsApp-Image-2025-07-31-at-12.07.12-PM.jpeg\",\"width\":1280,\"height\":853},{\"@type\":\"BreadcrumbList\",\"@id\":\"https:\\\/\\\/agencia.252.com.mx\\\/home\\\/al-fin-rehabilitan-la-antigua-carretera-mexico-pachuca\\\/#breadcrumb\",\"itemListElement\":[{\"@type\":\"ListItem\",\"position\":1,\"name\":\"Portada\",\"item\":\"https:\\\/\\\/agencia.252.com.mx\\\/home\\\/\"},{\"@type\":\"ListItem\",\"position\":2,\"name\":\"Al fin rehabilitan la antigua carretera M\u00e9xico-Pachuca\"}]},{\"@type\":\"WebSite\",\"@id\":\"https:\\\/\\\/agencia.252.com.mx\\\/home\\\/#website\",\"url\":\"https:\\\/\\\/agencia.252.com.mx\\\/home\\\/\",\"name\":\"Agencia252\",\"description\":\"Tu espacio en la Red\",\"publisher\":{\"@id\":\"https:\\\/\\\/agencia.252.com.mx\\\/home\\\/#organization\"},\"potentialAction\":[{\"@type\":\"SearchAction\",\"target\":{\"@type\":\"EntryPoint\",\"urlTemplate\":\"https:\\\/\\\/agencia.252.com.mx\\\/home\\\/?s={search_term_string}\"},\"query-input\":{\"@type\":\"PropertyValueSpecification\",\"valueRequired\":true,\"valueName\":\"search_term_string\"}}],\"inLanguage\":\"es\"},{\"@type\":\"Organization\",\"@id\":\"https:\\\/\\\/agencia.252.com.mx\\\/home\\\/#organization\",\"name\":\"Agencia252\",\"url\":\"https:\\\/\\\/agencia.252.com.mx\\\/home\\\/\",\"logo\":{\"@type\":\"ImageObject\",\"inLanguage\":\"es\",\"@id\":\"https:\\\/\\\/agencia.252.com.mx\\\/home\\\/#\\\/schema\\\/logo\\\/image\\\/\",\"url\":\"https:\\\/\\\/agencia.252.com.mx\\\/wp-content\\\/uploads\\\/2023\\\/02\\\/cropped-ciruclo-agencia-e1677562404136.png\",\"contentUrl\":\"https:\\\/\\\/agencia.252.com.mx\\\/wp-content\\\/uploads\\\/2023\\\/02\\\/cropped-ciruclo-agencia-e1677562404136.png\",\"width\":512,\"height\":512,\"caption\":\"Agencia252\"},\"image\":{\"@id\":\"https:\\\/\\\/agencia.252.com.mx\\\/home\\\/#\\\/schema\\\/logo\\\/image\\\/\"},\"sameAs\":[\"https:\\\/\\\/www.facebook.com\\\/252Comunicacion\\\/\",\"https:\\\/\\\/x.com\\\/252COMS\"]},{\"@type\":\"Person\",\"@id\":\"https:\\\/\\\/agencia.252.com.mx\\\/home\\\/#\\\/schema\\\/person\\\/6b972021e9a92d45ade8c78d81509098\",\"name\":\"Nacho Corro\",\"image\":{\"@type\":\"ImageObject\",\"inLanguage\":\"es\",\"@id\":\"https:\\\/\\\/secure.gravatar.com\\\/avatar\\\/5db6df507cfe1307e192fbb498c6b85f1cf2ffd8b4cd37141b9eea588fcbd5a4?s=96&r=g\",\"url\":\"https:\\\/\\\/secure.gravatar.com\\\/avatar\\\/5db6df507cfe1307e192fbb498c6b85f1cf2ffd8b4cd37141b9eea588fcbd5a4?s=96&r=g\",\"contentUrl\":\"https:\\\/\\\/secure.gravatar.com\\\/avatar\\\/5db6df507cfe1307e192fbb498c6b85f1cf2ffd8b4cd37141b9eea588fcbd5a4?s=96&r=g\",\"caption\":\"Nacho Corro\"},\"description\":\"Comunicador Social, Periodista y Administraci\u00f3n P\u00fablica. Conversador pol\u00edtico, temas electorales y seguridad. Generador de contenidos digitales. Amante de la fotograf\u00eda\",\"sameAs\":[\"https:\\\/\\\/www.facebook.com\\\/jcorroherrera\\\/\",\"www.instagram.com\\\/nachocorro\\\/\",\"https:\\\/\\\/x.com\\\/Juan Ignacio Corro Herrera\"],\"url\":\"https:\\\/\\\/agencia.252.com.mx\\\/home\\\/author\\\/i-corro\\\/\"}]}<\/script>\n<!-- \/ Yoast SEO plugin. -->","yoast_head_json":{"title":"Al fin rehabilitan la antigua carretera M\u00e9xico-Pachuca - Agencia252","robots":{"index":"index","follow":"follow","max-snippet":"max-snippet:-1","max-image-preview":"max-image-preview:large","max-video-preview":"max-video-preview:-1"},"canonical":"https:\/\/agencia.252.com.mx\/home\/al-fin-rehabilitan-la-antigua-carretera-mexico-pachuca\/","og_locale":"es_ES","og_type":"article","og_title":"Al fin rehabilitan la antigua carretera M\u00e9xico-Pachuca - Agencia252","og_description":"Visitas: 90 Juan Ignacio Corro&nbsp; Ecatepec, Estado de M\u00e9xico, a 31 de julio de 2025 La alcaldesa Azucena Cisneros Coss afirm\u00f3 que la avenida Nacional (antigua carretera M\u00e9xico-Pachuca) era una vialidad federal que estuvo abandonada durante varios a\u00f1os y que enfrentaba diversos problemas, entre ellos inundaciones. Frente a ello, el gobierno de Ecatepec intervino casi [&hellip;]","og_url":"https:\/\/agencia.252.com.mx\/home\/al-fin-rehabilitan-la-antigua-carretera-mexico-pachuca\/","og_site_name":"Agencia252","article_publisher":"https:\/\/www.facebook.com\/252Comunicacion\/","article_author":"https:\/\/www.facebook.com\/jcorroherrera\/","article_published_time":"2025-07-31T20:16:34+00:00","article_modified_time":"2025-07-31T20:20:31+00:00","og_image":[{"width":1280,"height":853,"url":"http:\/\/agencia.252.com.mx\/wp-content\/uploads\/2025\/07\/WhatsApp-Image-2025-07-31-at-12.07.12-PM.jpeg","type":"image\/jpeg"}],"author":"Nacho Corro","twitter_card":"summary_large_image","twitter_creator":"@Juan Ignacio Corro Herrera","twitter_site":"@252COMS","twitter_misc":{"Escrito por":"Nacho Corro","Tiempo de lectura":"3 minutos"},"schema":{"@context":"https:\/\/schema.org","@graph":[{"@type":"Article","@id":"https:\/\/agencia.252.com.mx\/home\/al-fin-rehabilitan-la-antigua-carretera-mexico-pachuca\/#article","isPartOf":{"@id":"https:\/\/agencia.252.com.mx\/home\/al-fin-rehabilitan-la-antigua-carretera-mexico-pachuca\/"},"author":{"name":"Nacho Corro","@id":"https:\/\/agencia.252.com.mx\/home\/#\/schema\/person\/6b972021e9a92d45ade8c78d81509098"},"headline":"Al fin rehabilitan la antigua carretera M\u00e9xico-Pachuca","datePublished":"2025-07-31T20:16:34+00:00","dateModified":"2025-07-31T20:20:31+00:00","mainEntityOfPage":{"@id":"https:\/\/agencia.252.com.mx\/home\/al-fin-rehabilitan-la-antigua-carretera-mexico-pachuca\/"},"wordCount":422,"commentCount":0,"publisher":{"@id":"https:\/\/agencia.252.com.mx\/home\/#organization"},"image":{"@id":"https:\/\/agencia.252.com.mx\/home\/al-fin-rehabilitan-la-antigua-carretera-mexico-pachuca\/#primaryimage"},"thumbnailUrl":"https:\/\/agencia.252.com.mx\/wp-content\/uploads\/2025\/07\/WhatsApp-Image-2025-07-31-at-12.07.12-PM.jpeg","keywords":["Edomex"],"articleSection":["Ecatepec","Edomex","Metropoli","Seguridad"],"inLanguage":"es","potentialAction":[{"@type":"CommentAction","name":"Comment","target":["https:\/\/agencia.252.com.mx\/home\/al-fin-rehabilitan-la-antigua-carretera-mexico-pachuca\/#respond"]}]},{"@type":"WebPage","@id":"https:\/\/agencia.252.com.mx\/home\/al-fin-rehabilitan-la-antigua-carretera-mexico-pachuca\/","url":"https:\/\/agencia.252.com.mx\/home\/al-fin-rehabilitan-la-antigua-carretera-mexico-pachuca\/","name":"Al fin rehabilitan la antigua carretera M\u00e9xico-Pachuca - Agencia252","isPartOf":{"@id":"https:\/\/agencia.252.com.mx\/home\/#website"},"primaryImageOfPage":{"@id":"https:\/\/agencia.252.com.mx\/home\/al-fin-rehabilitan-la-antigua-carretera-mexico-pachuca\/#primaryimage"},"image":{"@id":"https:\/\/agencia.252.com.mx\/home\/al-fin-rehabilitan-la-antigua-carretera-mexico-pachuca\/#primaryimage"},"thumbnailUrl":"https:\/\/agencia.252.com.mx\/wp-content\/uploads\/2025\/07\/WhatsApp-Image-2025-07-31-at-12.07.12-PM.jpeg","datePublished":"2025-07-31T20:16:34+00:00","dateModified":"2025-07-31T20:20:31+00:00","breadcrumb":{"@id":"https:\/\/agencia.252.com.mx\/home\/al-fin-rehabilitan-la-antigua-carretera-mexico-pachuca\/#breadcrumb"},"inLanguage":"es","potentialAction":[{"@type":"ReadAction","target":["https:\/\/agencia.252.com.mx\/home\/al-fin-rehabilitan-la-antigua-carretera-mexico-pachuca\/"]}]},{"@type":"ImageObject","inLanguage":"es","@id":"https:\/\/agencia.252.com.mx\/home\/al-fin-rehabilitan-la-antigua-carretera-mexico-pachuca\/#primaryimage","url":"https:\/\/agencia.252.com.mx\/wp-content\/uploads\/2025\/07\/WhatsApp-Image-2025-07-31-at-12.07.12-PM.jpeg","contentUrl":"https:\/\/agencia.252.com.mx\/wp-content\/uploads\/2025\/07\/WhatsApp-Image-2025-07-31-at-12.07.12-PM.jpeg","width":1280,"height":853},{"@type":"BreadcrumbList","@id":"https:\/\/agencia.252.com.mx\/home\/al-fin-rehabilitan-la-antigua-carretera-mexico-pachuca\/#breadcrumb","itemListElement":[{"@type":"ListItem","position":1,"name":"Portada","item":"https:\/\/agencia.252.com.mx\/home\/"},{"@type":"ListItem","position":2,"name":"Al fin rehabilitan la antigua carretera M\u00e9xico-Pachuca"}]},{"@type":"WebSite","@id":"https:\/\/agencia.252.com.mx\/home\/#website","url":"https:\/\/agencia.252.com.mx\/home\/","name":"Agencia252","description":"Tu espacio en la Red","publisher":{"@id":"https:\/\/agencia.252.com.mx\/home\/#organization"},"potentialAction":[{"@type":"SearchAction","target":{"@type":"EntryPoint","urlTemplate":"https:\/\/agencia.252.com.mx\/home\/?s={search_term_string}"},"query-input":{"@type":"PropertyValueSpecification","valueRequired":true,"valueName":"search_term_string"}}],"inLanguage":"es"},{"@type":"Organization","@id":"https:\/\/agencia.252.com.mx\/home\/#organization","name":"Agencia252","url":"https:\/\/agencia.252.com.mx\/home\/","logo":{"@type":"ImageObject","inLanguage":"es","@id":"https:\/\/agencia.252.com.mx\/home\/#\/schema\/logo\/image\/","url":"https:\/\/agencia.252.com.mx\/wp-content\/uploads\/2023\/02\/cropped-ciruclo-agencia-e1677562404136.png","contentUrl":"https:\/\/agencia.252.com.mx\/wp-content\/uploads\/2023\/02\/cropped-ciruclo-agencia-e1677562404136.png","width":512,"height":512,"caption":"Agencia252"},"image":{"@id":"https:\/\/agencia.252.com.mx\/home\/#\/schema\/logo\/image\/"},"sameAs":["https:\/\/www.facebook.com\/252Comunicacion\/","https:\/\/x.com\/252COMS"]},{"@type":"Person","@id":"https:\/\/agencia.252.com.mx\/home\/#\/schema\/person\/6b972021e9a92d45ade8c78d81509098","name":"Nacho Corro","image":{"@type":"ImageObject","inLanguage":"es","@id":"https:\/\/secure.gravatar.com\/avatar\/5db6df507cfe1307e192fbb498c6b85f1cf2ffd8b4cd37141b9eea588fcbd5a4?s=96&r=g","url":"https:\/\/secure.gravatar.com\/avatar\/5db6df507cfe1307e192fbb498c6b85f1cf2ffd8b4cd37141b9eea588fcbd5a4?s=96&r=g","contentUrl":"https:\/\/secure.gravatar.com\/avatar\/5db6df507cfe1307e192fbb498c6b85f1cf2ffd8b4cd37141b9eea588fcbd5a4?s=96&r=g","caption":"Nacho Corro"},"description":"Comunicador Social, Periodista y Administraci\u00f3n P\u00fablica. Conversador pol\u00edtico, temas electorales y seguridad. Generador de contenidos digitales. Amante de la fotograf\u00eda","sameAs":["https:\/\/www.facebook.com\/jcorroherrera\/","www.instagram.com\/nachocorro\/","https:\/\/x.com\/Juan Ignacio Corro Herrera"],"url":"https:\/\/agencia.252.com.mx\/home\/author\/i-corro\/"}]}},"_links":{"self":[{"href":"https:\/\/agencia.252.com.mx\/home\/wp-json\/wp\/v2\/posts\/9532","targetHints":{"allow":["GET"]}}],"collection":[{"href":"https:\/\/agencia.252.com.mx\/home\/wp-json\/wp\/v2\/posts"}],"about":[{"href":"https:\/\/agencia.252.com.mx\/home\/wp-json\/wp\/v2\/types\/post"}],"author":[{"embeddable":true,"href":"https:\/\/agencia.252.com.mx\/home\/wp-json\/wp\/v2\/users\/5"}],"replies":[{"embeddable":true,"href":"https:\/\/agencia.252.com.mx\/home\/wp-json\/wp\/v2\/comments?post=9532"}],"version-history":[{"count":3,"href":"https:\/\/agencia.252.com.mx\/home\/wp-json\/wp\/v2\/posts\/9532\/revisions"}],"predecessor-version":[{"id":9547,"href":"https:\/\/agencia.252.com.mx\/home\/wp-json\/wp\/v2\/posts\/9532\/revisions\/9547"}],"wp:featuredmedia":[{"embeddable":true,"href":"https:\/\/agencia.252.com.mx\/home\/wp-json\/wp\/v2\/media\/9542"}],"wp:attachment":[{"href":"https:\/\/agencia.252.com.mx\/home\/wp-json\/wp\/v2\/media?parent=9532"}],"wp:term":[{"taxonomy":"category","embeddable":true,"href":"https:\/\/agencia.252.com.mx\/home\/wp-json\/wp\/v2\/categories?post=9532"},{"taxonomy":"post_tag","embeddable":true,"href":"https:\/\/agencia.252.com.mx\/home\/wp-json\/wp\/v2\/tags?post=9532"}],"curies":[{"name":"wp","href":"https:\/\/api.w.org\/{rel}","templated":true}]}}