{"id":9497,"date":"2025-07-30T18:39:23","date_gmt":"2025-07-31T00:39:23","guid":{"rendered":"https:\/\/agencia.252.com.mx\/home\/?p=9497"},"modified":"2025-07-30T18:40:58","modified_gmt":"2025-07-31T00:40:58","slug":"trasladan-a-60-presos-de-alto-peligro-a-distintos-centro-penitenciarios-federales","status":"publish","type":"post","link":"https:\/\/agencia.252.com.mx\/home\/trasladan-a-60-presos-de-alto-peligro-a-distintos-centro-penitenciarios-federales\/","title":{"rendered":"Trasladan a 60 presos de \u00abalto peligro\u00bb, a distintos Centros Penitenciarios Federales\u00a0"},"content":{"rendered":"<p>Visitas: 53<\/p>\n<ul class=\"wp-block-list\">\n<li><em>Esta acci\u00f3n fue realizada por SSPC, Defensa y GN, en coordinaci\u00f3n con autoridades de la Ciudad de M\u00e9xico, Estado de M\u00e9xico y Quer\u00e9taro<\/em><\/li>\n<\/ul>\n\n\n\n<p>Staff<\/p>\n\n\n\n<p class=\"has-text-align-right\">Naucalpan, Estado de M\u00e9xico, a 30 de julio de 2025<\/p>\n\n\n\n<p>Este d\u00eda se realiz\u00f3 el traslado de 60 personas privadas de la libertad a distintos Centros Federales de Reinserci\u00f3n Social (CEFERESO) ubicados en el interior del pa\u00eds.<\/p>\n\n\n\n<p>Esta acci\u00f3n fue coordinada por las secretar\u00edas de Seguridad y Protecci\u00f3n Ciudadana (SSPC), de la Defensa Nacional (Defensa) y la Guardia Nacional (GN), en estrecha coordinaci\u00f3n con las secretar\u00edas de Seguridad de la Ciudad de M\u00e9xico, Estado de M\u00e9xico y Quer\u00e9taro.<\/p>\n\n\n\n<p>El operativo tuvo como objetivo preservar condiciones de control en los centros penitenciarios, debido al perfil de las personas privadas de la libertad, relacionadas con diversos delitos que atentan contra la seguridad p\u00fablica, as\u00ed como el bienestar de la sociedad.&nbsp;<\/p>\n\n\n\n<p>Del total de personas mencionadas, 15 fueron extra\u00eddas del CEFERESO No. 1 \u201cAltiplano\u201d, ubicado en el Estado de M\u00e9xico, y concentradas en el Aeropuerto Internacional de Toluca, donde de manera simult\u00e1nea, arribaron otras 45 personas privadas de la libertad provenientes de centros penitenciarios estatales, como parte de la estrategia de seguridad metropolitana: 20 de la Ciudad de M\u00e9xico, 20 del Estado de M\u00e9xico y 5 del estado de Quer\u00e9taro.<\/p>\n\n\n\n<p>Las personas privadas de la libertad fueron trasladadas v\u00eda a\u00e9rea hacia nueve Centros Federales de Reinserci\u00f3n Social distribuidos en distintas regiones del pa\u00eds. La seguridad del traslado estuvo a cargo de elementos de la Unidad de Reacci\u00f3n Penitenciaria del \u00d3rgano Administrativo Desconcentrado Prevenci\u00f3n y Reinserci\u00f3n Social (PRS), as\u00ed como de la Guardia Nacional, quienes actuaron conforme a los protocolos vigentes para garantizar la integridad y el orden durante toda la operaci\u00f3n.<\/p>\n\n\n\n<p>El operativo se desarroll\u00f3 bajo estrictas medidas de seguridad, en coordinaci\u00f3n interinstitucional y con estricto apego a los protocolos establecidos, garantizando en todo momento la seguridad y los derechos de las personas privadas de la libertad, as\u00ed como del personal operativo.<\/p>\n\n\n\n<figure class=\"wp-block-gallery has-nested-images columns-default is-cropped wp-block-gallery-1 is-layout-flex wp-block-gallery-is-layout-flex\">\n<figure class=\"wp-block-image\"><img fetchpriority=\"high\" decoding=\"async\" width=\"1600\" height=\"1066\" data-id=\"9507\" src=\"http:\/\/agencia.252.com.mx\/wp-content\/uploads\/2025\/07\/WhatsApp-Image-2025-07-30-at-2.37.48-PM.jpeg\" alt=\"\" class=\"wp-image-9507\" srcset=\"https:\/\/agencia.252.com.mx\/wp-content\/uploads\/2025\/07\/WhatsApp-Image-2025-07-30-at-2.37.48-PM.jpeg 1600w, https:\/\/agencia.252.com.mx\/wp-content\/uploads\/2025\/07\/WhatsApp-Image-2025-07-30-at-2.37.48-PM-300x200.jpeg 300w, https:\/\/agencia.252.com.mx\/wp-content\/uploads\/2025\/07\/WhatsApp-Image-2025-07-30-at-2.37.48-PM-1024x682.jpeg 1024w, https:\/\/agencia.252.com.mx\/wp-content\/uploads\/2025\/07\/WhatsApp-Image-2025-07-30-at-2.37.48-PM-768x512.jpeg 768w, https:\/\/agencia.252.com.mx\/wp-content\/uploads\/2025\/07\/WhatsApp-Image-2025-07-30-at-2.37.48-PM-1536x1023.jpeg 1536w\" sizes=\"(max-width: 1600px) 100vw, 1600px\" \/><\/figure>\n\n\n\n<figure class=\"wp-block-image\"><img decoding=\"async\" width=\"1600\" height=\"1066\" data-id=\"9506\" src=\"http:\/\/agencia.252.com.mx\/wp-content\/uploads\/2025\/07\/WhatsApp-Image-2025-07-30-at-2.37.47-PM.jpeg\" alt=\"\" class=\"wp-image-9506\" srcset=\"https:\/\/agencia.252.com.mx\/wp-content\/uploads\/2025\/07\/WhatsApp-Image-2025-07-30-at-2.37.47-PM.jpeg 1600w, https:\/\/agencia.252.com.mx\/wp-content\/uploads\/2025\/07\/WhatsApp-Image-2025-07-30-at-2.37.47-PM-300x200.jpeg 300w, https:\/\/agencia.252.com.mx\/wp-content\/uploads\/2025\/07\/WhatsApp-Image-2025-07-30-at-2.37.47-PM-1024x682.jpeg 1024w, https:\/\/agencia.252.com.mx\/wp-content\/uploads\/2025\/07\/WhatsApp-Image-2025-07-30-at-2.37.47-PM-768x512.jpeg 768w, https:\/\/agencia.252.com.mx\/wp-content\/uploads\/2025\/07\/WhatsApp-Image-2025-07-30-at-2.37.47-PM-1536x1023.jpeg 1536w\" sizes=\"(max-width: 1600px) 100vw, 1600px\" \/><\/figure>\n\n\n\n<figure class=\"wp-block-image\"><img decoding=\"async\" width=\"1280\" height=\"852\" data-id=\"9499\" src=\"http:\/\/agencia.252.com.mx\/wp-content\/uploads\/2025\/07\/WhatsApp-Image-2025-07-30-at-2.37.44-PM-2.jpeg\" alt=\"\" class=\"wp-image-9499\" srcset=\"https:\/\/agencia.252.com.mx\/wp-content\/uploads\/2025\/07\/WhatsApp-Image-2025-07-30-at-2.37.44-PM-2.jpeg 1280w, https:\/\/agencia.252.com.mx\/wp-content\/uploads\/2025\/07\/WhatsApp-Image-2025-07-30-at-2.37.44-PM-2-300x200.jpeg 300w, https:\/\/agencia.252.com.mx\/wp-content\/uploads\/2025\/07\/WhatsApp-Image-2025-07-30-at-2.37.44-PM-2-1024x682.jpeg 1024w, https:\/\/agencia.252.com.mx\/wp-content\/uploads\/2025\/07\/WhatsApp-Image-2025-07-30-at-2.37.44-PM-2-768x511.jpeg 768w\" sizes=\"(max-width: 1280px) 100vw, 1280px\" \/><\/figure>\n<\/figure>\n","protected":false},"excerpt":{"rendered":"<p>Visitas: 53 Staff Naucalpan, Estado de M\u00e9xico, a 30 de julio de 2025 Este d\u00eda se realiz\u00f3 el traslado de 60 personas privadas de la libertad a distintos Centros Federales de Reinserci\u00f3n Social (CEFERESO) ubicados en el interior del pa\u00eds. Esta acci\u00f3n fue coordinada por las secretar\u00edas de Seguridad y Protecci\u00f3n Ciudadana (SSPC), de la [&hellip;]<\/p>\n","protected":false},"author":5,"featured_media":9502,"comment_status":"open","ping_status":"open","sticky":false,"template":"","format":"standard","meta":{"site-sidebar-layout":"default","site-content-layout":"","ast-site-content-layout":"default","site-content-style":"default","site-sidebar-style":"default","ast-global-header-display":"","ast-banner-title-visibility":"","ast-main-header-display":"","ast-hfb-above-header-display":"","ast-hfb-below-header-display":"","ast-hfb-mobile-header-display":"","site-post-title":"","ast-breadcrumbs-content":"","ast-featured-img":"","footer-sml-layout":"","ast-disable-related-posts":"","theme-transparent-header-meta":"","adv-header-id-meta":"","stick-header-meta":"","header-above-stick-meta":"","header-main-stick-meta":"","header-below-stick-meta":"","astra-migrate-meta-layouts":"set","ast-page-background-enabled":"default","ast-page-background-meta":{"desktop":{"background-color":"var(--ast-global-color-4)","background-image":"","background-repeat":"repeat","background-position":"center center","background-size":"auto","background-attachment":"scroll","background-type":"","background-media":"","overlay-type":"","overlay-color":"","overlay-opacity":"","overlay-gradient":""},"tablet":{"background-color":"","background-image":"","background-repeat":"repeat","background-position":"center center","background-size":"auto","background-attachment":"scroll","background-type":"","background-media":"","overlay-type":"","overlay-color":"","overlay-opacity":"","overlay-gradient":""},"mobile":{"background-color":"","background-image":"","background-repeat":"repeat","background-position":"center center","background-size":"auto","background-attachment":"scroll","background-type":"","background-media":"","overlay-type":"","overlay-color":"","overlay-opacity":"","overlay-gradient":""}},"ast-content-background-meta":{"desktop":{"background-color":"var(--ast-global-color-5)","background-image":"","background-repeat":"repeat","background-position":"center center","background-size":"auto","background-attachment":"scroll","background-type":"","background-media":"","overlay-type":"","overlay-color":"","overlay-opacity":"","overlay-gradient":""},"tablet":{"background-color":"var(--ast-global-color-5)","background-image":"","background-repeat":"repeat","background-position":"center center","background-size":"auto","background-attachment":"scroll","background-type":"","background-media":"","overlay-type":"","overlay-color":"","overlay-opacity":"","overlay-gradient":""},"mobile":{"background-color":"var(--ast-global-color-5)","background-image":"","background-repeat":"repeat","background-position":"center center","background-size":"auto","background-attachment":"scroll","background-type":"","background-media":"","overlay-type":"","overlay-color":"","overlay-opacity":"","overlay-gradient":""}},"footnotes":""},"categories":[8,9,11,68,31],"tags":[569,506],"class_list":["post-9497","post","type-post","status-publish","format-standard","has-post-thumbnail","hentry","category-edomex","category-estados","category-policia-federal","category-seguridad","category-toluca","tag-estados","tag-seguridad"],"yoast_head":"<!-- This site is optimized with the Yoast SEO plugin v27.4 - https:\/\/yoast.com\/product\/yoast-seo-wordpress\/ -->\n<title>Trasladan a 60 presos de &quot;alto peligro&quot;, a distintos Centros Penitenciarios Federales\u00a0 - Agencia252<\/title>\n<meta name=\"robots\" content=\"index, follow, max-snippet:-1, max-image-preview:large, max-video-preview:-1\" \/>\n<link rel=\"canonical\" href=\"https:\/\/agencia.252.com.mx\/home\/trasladan-a-60-presos-de-alto-peligro-a-distintos-centro-penitenciarios-federales\/\" \/>\n<meta property=\"og:locale\" content=\"es_ES\" \/>\n<meta property=\"og:type\" content=\"article\" \/>\n<meta property=\"og:title\" content=\"Trasladan a 60 presos de &quot;alto peligro&quot;, a distintos Centros Penitenciarios Federales\u00a0 - Agencia252\" \/>\n<meta property=\"og:description\" content=\"Visitas: 53 Staff Naucalpan, Estado de M\u00e9xico, a 30 de julio de 2025 Este d\u00eda se realiz\u00f3 el traslado de 60 personas privadas de la libertad a distintos Centros Federales de Reinserci\u00f3n Social (CEFERESO) ubicados en el interior del pa\u00eds. Esta acci\u00f3n fue coordinada por las secretar\u00edas de Seguridad y Protecci\u00f3n Ciudadana (SSPC), de la [&hellip;]\" \/>\n<meta property=\"og:url\" content=\"https:\/\/agencia.252.com.mx\/home\/trasladan-a-60-presos-de-alto-peligro-a-distintos-centro-penitenciarios-federales\/\" \/>\n<meta property=\"og:site_name\" content=\"Agencia252\" \/>\n<meta property=\"article:publisher\" content=\"https:\/\/www.facebook.com\/252Comunicacion\/\" \/>\n<meta property=\"article:author\" content=\"https:\/\/www.facebook.com\/jcorroherrera\/\" \/>\n<meta property=\"article:published_time\" content=\"2025-07-31T00:39:23+00:00\" \/>\n<meta property=\"article:modified_time\" content=\"2025-07-31T00:40:58+00:00\" \/>\n<meta property=\"og:image\" content=\"http:\/\/agencia.252.com.mx\/wp-content\/uploads\/2025\/07\/WhatsApp-Image-2025-07-30-at-2.37.46-PM-2.jpeg\" \/>\n\t<meta property=\"og:image:width\" content=\"1600\" \/>\n\t<meta property=\"og:image:height\" content=\"1066\" \/>\n\t<meta property=\"og:image:type\" content=\"image\/jpeg\" \/>\n<meta name=\"author\" content=\"Nacho Corro\" \/>\n<meta name=\"twitter:card\" content=\"summary_large_image\" \/>\n<meta name=\"twitter:creator\" content=\"@Juan Ignacio Corro Herrera\" \/>\n<meta name=\"twitter:site\" content=\"@252COMS\" \/>\n<meta name=\"twitter:label1\" content=\"Escrito por\" \/>\n\t<meta name=\"twitter:data1\" content=\"Nacho Corro\" \/>\n\t<meta name=\"twitter:label2\" content=\"Tiempo de lectura\" \/>\n\t<meta name=\"twitter:data2\" content=\"3 minutos\" \/>\n<script type=\"application\/ld+json\" class=\"yoast-schema-graph\">{\"@context\":\"https:\\\/\\\/schema.org\",\"@graph\":[{\"@type\":\"Article\",\"@id\":\"https:\\\/\\\/agencia.252.com.mx\\\/home\\\/trasladan-a-60-presos-de-alto-peligro-a-distintos-centro-penitenciarios-federales\\\/#article\",\"isPartOf\":{\"@id\":\"https:\\\/\\\/agencia.252.com.mx\\\/home\\\/trasladan-a-60-presos-de-alto-peligro-a-distintos-centro-penitenciarios-federales\\\/\"},\"author\":{\"name\":\"Nacho Corro\",\"@id\":\"https:\\\/\\\/agencia.252.com.mx\\\/home\\\/#\\\/schema\\\/person\\\/6b972021e9a92d45ade8c78d81509098\"},\"headline\":\"Trasladan a 60 presos de \u00abalto peligro\u00bb, a distintos Centros Penitenciarios Federales\u00a0\",\"datePublished\":\"2025-07-31T00:39:23+00:00\",\"dateModified\":\"2025-07-31T00:40:58+00:00\",\"mainEntityOfPage\":{\"@id\":\"https:\\\/\\\/agencia.252.com.mx\\\/home\\\/trasladan-a-60-presos-de-alto-peligro-a-distintos-centro-penitenciarios-federales\\\/\"},\"wordCount\":359,\"commentCount\":0,\"publisher\":{\"@id\":\"https:\\\/\\\/agencia.252.com.mx\\\/home\\\/#organization\"},\"image\":{\"@id\":\"https:\\\/\\\/agencia.252.com.mx\\\/home\\\/trasladan-a-60-presos-de-alto-peligro-a-distintos-centro-penitenciarios-federales\\\/#primaryimage\"},\"thumbnailUrl\":\"https:\\\/\\\/agencia.252.com.mx\\\/wp-content\\\/uploads\\\/2025\\\/07\\\/WhatsApp-Image-2025-07-30-at-2.37.46-PM-2.jpeg\",\"keywords\":[\"Estados\",\"Seguridad\"],\"articleSection\":[\"Edomex\",\"Estados\",\"Polic\u00eda Federal\",\"Seguridad\",\"Toluca\"],\"inLanguage\":\"es\",\"potentialAction\":[{\"@type\":\"CommentAction\",\"name\":\"Comment\",\"target\":[\"https:\\\/\\\/agencia.252.com.mx\\\/home\\\/trasladan-a-60-presos-de-alto-peligro-a-distintos-centro-penitenciarios-federales\\\/#respond\"]}]},{\"@type\":\"WebPage\",\"@id\":\"https:\\\/\\\/agencia.252.com.mx\\\/home\\\/trasladan-a-60-presos-de-alto-peligro-a-distintos-centro-penitenciarios-federales\\\/\",\"url\":\"https:\\\/\\\/agencia.252.com.mx\\\/home\\\/trasladan-a-60-presos-de-alto-peligro-a-distintos-centro-penitenciarios-federales\\\/\",\"name\":\"Trasladan a 60 presos de \\\"alto peligro\\\", a distintos Centros Penitenciarios Federales\u00a0 - Agencia252\",\"isPartOf\":{\"@id\":\"https:\\\/\\\/agencia.252.com.mx\\\/home\\\/#website\"},\"primaryImageOfPage\":{\"@id\":\"https:\\\/\\\/agencia.252.com.mx\\\/home\\\/trasladan-a-60-presos-de-alto-peligro-a-distintos-centro-penitenciarios-federales\\\/#primaryimage\"},\"image\":{\"@id\":\"https:\\\/\\\/agencia.252.com.mx\\\/home\\\/trasladan-a-60-presos-de-alto-peligro-a-distintos-centro-penitenciarios-federales\\\/#primaryimage\"},\"thumbnailUrl\":\"https:\\\/\\\/agencia.252.com.mx\\\/wp-content\\\/uploads\\\/2025\\\/07\\\/WhatsApp-Image-2025-07-30-at-2.37.46-PM-2.jpeg\",\"datePublished\":\"2025-07-31T00:39:23+00:00\",\"dateModified\":\"2025-07-31T00:40:58+00:00\",\"breadcrumb\":{\"@id\":\"https:\\\/\\\/agencia.252.com.mx\\\/home\\\/trasladan-a-60-presos-de-alto-peligro-a-distintos-centro-penitenciarios-federales\\\/#breadcrumb\"},\"inLanguage\":\"es\",\"potentialAction\":[{\"@type\":\"ReadAction\",\"target\":[\"https:\\\/\\\/agencia.252.com.mx\\\/home\\\/trasladan-a-60-presos-de-alto-peligro-a-distintos-centro-penitenciarios-federales\\\/\"]}]},{\"@type\":\"ImageObject\",\"inLanguage\":\"es\",\"@id\":\"https:\\\/\\\/agencia.252.com.mx\\\/home\\\/trasladan-a-60-presos-de-alto-peligro-a-distintos-centro-penitenciarios-federales\\\/#primaryimage\",\"url\":\"https:\\\/\\\/agencia.252.com.mx\\\/wp-content\\\/uploads\\\/2025\\\/07\\\/WhatsApp-Image-2025-07-30-at-2.37.46-PM-2.jpeg\",\"contentUrl\":\"https:\\\/\\\/agencia.252.com.mx\\\/wp-content\\\/uploads\\\/2025\\\/07\\\/WhatsApp-Image-2025-07-30-at-2.37.46-PM-2.jpeg\",\"width\":1600,\"height\":1066},{\"@type\":\"BreadcrumbList\",\"@id\":\"https:\\\/\\\/agencia.252.com.mx\\\/home\\\/trasladan-a-60-presos-de-alto-peligro-a-distintos-centro-penitenciarios-federales\\\/#breadcrumb\",\"itemListElement\":[{\"@type\":\"ListItem\",\"position\":1,\"name\":\"Portada\",\"item\":\"https:\\\/\\\/agencia.252.com.mx\\\/home\\\/\"},{\"@type\":\"ListItem\",\"position\":2,\"name\":\"Trasladan a 60 presos de \u00abalto peligro\u00bb, a distintos Centros Penitenciarios Federales\u00a0\"}]},{\"@type\":\"WebSite\",\"@id\":\"https:\\\/\\\/agencia.252.com.mx\\\/home\\\/#website\",\"url\":\"https:\\\/\\\/agencia.252.com.mx\\\/home\\\/\",\"name\":\"Agencia252\",\"description\":\"Tu espacio en la Red\",\"publisher\":{\"@id\":\"https:\\\/\\\/agencia.252.com.mx\\\/home\\\/#organization\"},\"potentialAction\":[{\"@type\":\"SearchAction\",\"target\":{\"@type\":\"EntryPoint\",\"urlTemplate\":\"https:\\\/\\\/agencia.252.com.mx\\\/home\\\/?s={search_term_string}\"},\"query-input\":{\"@type\":\"PropertyValueSpecification\",\"valueRequired\":true,\"valueName\":\"search_term_string\"}}],\"inLanguage\":\"es\"},{\"@type\":\"Organization\",\"@id\":\"https:\\\/\\\/agencia.252.com.mx\\\/home\\\/#organization\",\"name\":\"Agencia252\",\"url\":\"https:\\\/\\\/agencia.252.com.mx\\\/home\\\/\",\"logo\":{\"@type\":\"ImageObject\",\"inLanguage\":\"es\",\"@id\":\"https:\\\/\\\/agencia.252.com.mx\\\/home\\\/#\\\/schema\\\/logo\\\/image\\\/\",\"url\":\"https:\\\/\\\/agencia.252.com.mx\\\/wp-content\\\/uploads\\\/2023\\\/02\\\/cropped-ciruclo-agencia-e1677562404136.png\",\"contentUrl\":\"https:\\\/\\\/agencia.252.com.mx\\\/wp-content\\\/uploads\\\/2023\\\/02\\\/cropped-ciruclo-agencia-e1677562404136.png\",\"width\":512,\"height\":512,\"caption\":\"Agencia252\"},\"image\":{\"@id\":\"https:\\\/\\\/agencia.252.com.mx\\\/home\\\/#\\\/schema\\\/logo\\\/image\\\/\"},\"sameAs\":[\"https:\\\/\\\/www.facebook.com\\\/252Comunicacion\\\/\",\"https:\\\/\\\/x.com\\\/252COMS\"]},{\"@type\":\"Person\",\"@id\":\"https:\\\/\\\/agencia.252.com.mx\\\/home\\\/#\\\/schema\\\/person\\\/6b972021e9a92d45ade8c78d81509098\",\"name\":\"Nacho Corro\",\"image\":{\"@type\":\"ImageObject\",\"inLanguage\":\"es\",\"@id\":\"https:\\\/\\\/secure.gravatar.com\\\/avatar\\\/5db6df507cfe1307e192fbb498c6b85f1cf2ffd8b4cd37141b9eea588fcbd5a4?s=96&r=g\",\"url\":\"https:\\\/\\\/secure.gravatar.com\\\/avatar\\\/5db6df507cfe1307e192fbb498c6b85f1cf2ffd8b4cd37141b9eea588fcbd5a4?s=96&r=g\",\"contentUrl\":\"https:\\\/\\\/secure.gravatar.com\\\/avatar\\\/5db6df507cfe1307e192fbb498c6b85f1cf2ffd8b4cd37141b9eea588fcbd5a4?s=96&r=g\",\"caption\":\"Nacho Corro\"},\"description\":\"Comunicador Social, Periodista y Administraci\u00f3n P\u00fablica. Conversador pol\u00edtico, temas electorales y seguridad. Generador de contenidos digitales. Amante de la fotograf\u00eda\",\"sameAs\":[\"https:\\\/\\\/www.facebook.com\\\/jcorroherrera\\\/\",\"www.instagram.com\\\/nachocorro\\\/\",\"https:\\\/\\\/x.com\\\/Juan Ignacio Corro Herrera\"],\"url\":\"https:\\\/\\\/agencia.252.com.mx\\\/home\\\/author\\\/i-corro\\\/\"}]}<\/script>\n<!-- \/ Yoast SEO plugin. -->","yoast_head_json":{"title":"Trasladan a 60 presos de \"alto peligro\", a distintos Centros Penitenciarios Federales\u00a0 - Agencia252","robots":{"index":"index","follow":"follow","max-snippet":"max-snippet:-1","max-image-preview":"max-image-preview:large","max-video-preview":"max-video-preview:-1"},"canonical":"https:\/\/agencia.252.com.mx\/home\/trasladan-a-60-presos-de-alto-peligro-a-distintos-centro-penitenciarios-federales\/","og_locale":"es_ES","og_type":"article","og_title":"Trasladan a 60 presos de \"alto peligro\", a distintos Centros Penitenciarios Federales\u00a0 - Agencia252","og_description":"Visitas: 53 Staff Naucalpan, Estado de M\u00e9xico, a 30 de julio de 2025 Este d\u00eda se realiz\u00f3 el traslado de 60 personas privadas de la libertad a distintos Centros Federales de Reinserci\u00f3n Social (CEFERESO) ubicados en el interior del pa\u00eds. Esta acci\u00f3n fue coordinada por las secretar\u00edas de Seguridad y Protecci\u00f3n Ciudadana (SSPC), de la [&hellip;]","og_url":"https:\/\/agencia.252.com.mx\/home\/trasladan-a-60-presos-de-alto-peligro-a-distintos-centro-penitenciarios-federales\/","og_site_name":"Agencia252","article_publisher":"https:\/\/www.facebook.com\/252Comunicacion\/","article_author":"https:\/\/www.facebook.com\/jcorroherrera\/","article_published_time":"2025-07-31T00:39:23+00:00","article_modified_time":"2025-07-31T00:40:58+00:00","og_image":[{"width":1600,"height":1066,"url":"http:\/\/agencia.252.com.mx\/wp-content\/uploads\/2025\/07\/WhatsApp-Image-2025-07-30-at-2.37.46-PM-2.jpeg","type":"image\/jpeg"}],"author":"Nacho Corro","twitter_card":"summary_large_image","twitter_creator":"@Juan Ignacio Corro Herrera","twitter_site":"@252COMS","twitter_misc":{"Escrito por":"Nacho Corro","Tiempo de lectura":"3 minutos"},"schema":{"@context":"https:\/\/schema.org","@graph":[{"@type":"Article","@id":"https:\/\/agencia.252.com.mx\/home\/trasladan-a-60-presos-de-alto-peligro-a-distintos-centro-penitenciarios-federales\/#article","isPartOf":{"@id":"https:\/\/agencia.252.com.mx\/home\/trasladan-a-60-presos-de-alto-peligro-a-distintos-centro-penitenciarios-federales\/"},"author":{"name":"Nacho Corro","@id":"https:\/\/agencia.252.com.mx\/home\/#\/schema\/person\/6b972021e9a92d45ade8c78d81509098"},"headline":"Trasladan a 60 presos de \u00abalto peligro\u00bb, a distintos Centros Penitenciarios Federales\u00a0","datePublished":"2025-07-31T00:39:23+00:00","dateModified":"2025-07-31T00:40:58+00:00","mainEntityOfPage":{"@id":"https:\/\/agencia.252.com.mx\/home\/trasladan-a-60-presos-de-alto-peligro-a-distintos-centro-penitenciarios-federales\/"},"wordCount":359,"commentCount":0,"publisher":{"@id":"https:\/\/agencia.252.com.mx\/home\/#organization"},"image":{"@id":"https:\/\/agencia.252.com.mx\/home\/trasladan-a-60-presos-de-alto-peligro-a-distintos-centro-penitenciarios-federales\/#primaryimage"},"thumbnailUrl":"https:\/\/agencia.252.com.mx\/wp-content\/uploads\/2025\/07\/WhatsApp-Image-2025-07-30-at-2.37.46-PM-2.jpeg","keywords":["Estados","Seguridad"],"articleSection":["Edomex","Estados","Polic\u00eda Federal","Seguridad","Toluca"],"inLanguage":"es","potentialAction":[{"@type":"CommentAction","name":"Comment","target":["https:\/\/agencia.252.com.mx\/home\/trasladan-a-60-presos-de-alto-peligro-a-distintos-centro-penitenciarios-federales\/#respond"]}]},{"@type":"WebPage","@id":"https:\/\/agencia.252.com.mx\/home\/trasladan-a-60-presos-de-alto-peligro-a-distintos-centro-penitenciarios-federales\/","url":"https:\/\/agencia.252.com.mx\/home\/trasladan-a-60-presos-de-alto-peligro-a-distintos-centro-penitenciarios-federales\/","name":"Trasladan a 60 presos de \"alto peligro\", a distintos Centros Penitenciarios Federales\u00a0 - Agencia252","isPartOf":{"@id":"https:\/\/agencia.252.com.mx\/home\/#website"},"primaryImageOfPage":{"@id":"https:\/\/agencia.252.com.mx\/home\/trasladan-a-60-presos-de-alto-peligro-a-distintos-centro-penitenciarios-federales\/#primaryimage"},"image":{"@id":"https:\/\/agencia.252.com.mx\/home\/trasladan-a-60-presos-de-alto-peligro-a-distintos-centro-penitenciarios-federales\/#primaryimage"},"thumbnailUrl":"https:\/\/agencia.252.com.mx\/wp-content\/uploads\/2025\/07\/WhatsApp-Image-2025-07-30-at-2.37.46-PM-2.jpeg","datePublished":"2025-07-31T00:39:23+00:00","dateModified":"2025-07-31T00:40:58+00:00","breadcrumb":{"@id":"https:\/\/agencia.252.com.mx\/home\/trasladan-a-60-presos-de-alto-peligro-a-distintos-centro-penitenciarios-federales\/#breadcrumb"},"inLanguage":"es","potentialAction":[{"@type":"ReadAction","target":["https:\/\/agencia.252.com.mx\/home\/trasladan-a-60-presos-de-alto-peligro-a-distintos-centro-penitenciarios-federales\/"]}]},{"@type":"ImageObject","inLanguage":"es","@id":"https:\/\/agencia.252.com.mx\/home\/trasladan-a-60-presos-de-alto-peligro-a-distintos-centro-penitenciarios-federales\/#primaryimage","url":"https:\/\/agencia.252.com.mx\/wp-content\/uploads\/2025\/07\/WhatsApp-Image-2025-07-30-at-2.37.46-PM-2.jpeg","contentUrl":"https:\/\/agencia.252.com.mx\/wp-content\/uploads\/2025\/07\/WhatsApp-Image-2025-07-30-at-2.37.46-PM-2.jpeg","width":1600,"height":1066},{"@type":"BreadcrumbList","@id":"https:\/\/agencia.252.com.mx\/home\/trasladan-a-60-presos-de-alto-peligro-a-distintos-centro-penitenciarios-federales\/#breadcrumb","itemListElement":[{"@type":"ListItem","position":1,"name":"Portada","item":"https:\/\/agencia.252.com.mx\/home\/"},{"@type":"ListItem","position":2,"name":"Trasladan a 60 presos de \u00abalto peligro\u00bb, a distintos Centros Penitenciarios Federales\u00a0"}]},{"@type":"WebSite","@id":"https:\/\/agencia.252.com.mx\/home\/#website","url":"https:\/\/agencia.252.com.mx\/home\/","name":"Agencia252","description":"Tu espacio en la Red","publisher":{"@id":"https:\/\/agencia.252.com.mx\/home\/#organization"},"potentialAction":[{"@type":"SearchAction","target":{"@type":"EntryPoint","urlTemplate":"https:\/\/agencia.252.com.mx\/home\/?s={search_term_string}"},"query-input":{"@type":"PropertyValueSpecification","valueRequired":true,"valueName":"search_term_string"}}],"inLanguage":"es"},{"@type":"Organization","@id":"https:\/\/agencia.252.com.mx\/home\/#organization","name":"Agencia252","url":"https:\/\/agencia.252.com.mx\/home\/","logo":{"@type":"ImageObject","inLanguage":"es","@id":"https:\/\/agencia.252.com.mx\/home\/#\/schema\/logo\/image\/","url":"https:\/\/agencia.252.com.mx\/wp-content\/uploads\/2023\/02\/cropped-ciruclo-agencia-e1677562404136.png","contentUrl":"https:\/\/agencia.252.com.mx\/wp-content\/uploads\/2023\/02\/cropped-ciruclo-agencia-e1677562404136.png","width":512,"height":512,"caption":"Agencia252"},"image":{"@id":"https:\/\/agencia.252.com.mx\/home\/#\/schema\/logo\/image\/"},"sameAs":["https:\/\/www.facebook.com\/252Comunicacion\/","https:\/\/x.com\/252COMS"]},{"@type":"Person","@id":"https:\/\/agencia.252.com.mx\/home\/#\/schema\/person\/6b972021e9a92d45ade8c78d81509098","name":"Nacho Corro","image":{"@type":"ImageObject","inLanguage":"es","@id":"https:\/\/secure.gravatar.com\/avatar\/5db6df507cfe1307e192fbb498c6b85f1cf2ffd8b4cd37141b9eea588fcbd5a4?s=96&r=g","url":"https:\/\/secure.gravatar.com\/avatar\/5db6df507cfe1307e192fbb498c6b85f1cf2ffd8b4cd37141b9eea588fcbd5a4?s=96&r=g","contentUrl":"https:\/\/secure.gravatar.com\/avatar\/5db6df507cfe1307e192fbb498c6b85f1cf2ffd8b4cd37141b9eea588fcbd5a4?s=96&r=g","caption":"Nacho Corro"},"description":"Comunicador Social, Periodista y Administraci\u00f3n P\u00fablica. Conversador pol\u00edtico, temas electorales y seguridad. Generador de contenidos digitales. Amante de la fotograf\u00eda","sameAs":["https:\/\/www.facebook.com\/jcorroherrera\/","www.instagram.com\/nachocorro\/","https:\/\/x.com\/Juan Ignacio Corro Herrera"],"url":"https:\/\/agencia.252.com.mx\/home\/author\/i-corro\/"}]}},"_links":{"self":[{"href":"https:\/\/agencia.252.com.mx\/home\/wp-json\/wp\/v2\/posts\/9497","targetHints":{"allow":["GET"]}}],"collection":[{"href":"https:\/\/agencia.252.com.mx\/home\/wp-json\/wp\/v2\/posts"}],"about":[{"href":"https:\/\/agencia.252.com.mx\/home\/wp-json\/wp\/v2\/types\/post"}],"author":[{"embeddable":true,"href":"https:\/\/agencia.252.com.mx\/home\/wp-json\/wp\/v2\/users\/5"}],"replies":[{"embeddable":true,"href":"https:\/\/agencia.252.com.mx\/home\/wp-json\/wp\/v2\/comments?post=9497"}],"version-history":[{"count":3,"href":"https:\/\/agencia.252.com.mx\/home\/wp-json\/wp\/v2\/posts\/9497\/revisions"}],"predecessor-version":[{"id":9512,"href":"https:\/\/agencia.252.com.mx\/home\/wp-json\/wp\/v2\/posts\/9497\/revisions\/9512"}],"wp:featuredmedia":[{"embeddable":true,"href":"https:\/\/agencia.252.com.mx\/home\/wp-json\/wp\/v2\/media\/9502"}],"wp:attachment":[{"href":"https:\/\/agencia.252.com.mx\/home\/wp-json\/wp\/v2\/media?parent=9497"}],"wp:term":[{"taxonomy":"category","embeddable":true,"href":"https:\/\/agencia.252.com.mx\/home\/wp-json\/wp\/v2\/categories?post=9497"},{"taxonomy":"post_tag","embeddable":true,"href":"https:\/\/agencia.252.com.mx\/home\/wp-json\/wp\/v2\/tags?post=9497"}],"curies":[{"name":"wp","href":"https:\/\/api.w.org\/{rel}","templated":true}]}}