{"id":9469,"date":"2025-07-30T15:09:16","date_gmt":"2025-07-30T21:09:16","guid":{"rendered":"https:\/\/agencia.252.com.mx\/home\/?p=9469"},"modified":"2025-07-30T17:20:32","modified_gmt":"2025-07-30T23:20:32","slug":"en-promedio-80-por-ciento-de-las-calles-de-ecatepec-estaban-en-mal-estado-por-negligencia-de-gobiernos-anteriores-azucena-cisneros","status":"publish","type":"post","link":"https:\/\/agencia.252.com.mx\/home\/en-promedio-80-por-ciento-de-las-calles-de-ecatepec-estaban-en-mal-estado-por-negligencia-de-gobiernos-anteriores-azucena-cisneros\/","title":{"rendered":"En promedio 80 por ciento de las calles de Ecatepec estaban en mal estado, por negligencia de gobiernos anteriores: Azucena Cisneros"},"content":{"rendered":"<p>Visitas: 89<\/p>\n<ul class=\"wp-block-list\">\n<li><em>Hizo un llamado al \u00d3rgano Superior de Fiscalizaci\u00f3n del Estado de M\u00e9xico (OSFEM) y a las instancias jur\u00eddicas de impartici\u00f3n de justicia para resolver las denuncias presentadas por la alcald\u00eda frente a las observaciones de la gestiones anteriores<\/em><\/li>\n<\/ul>\n\n\n\n<p>Juan Ignacio Corro&nbsp;<\/p>\n\n\n\n<p class=\"has-text-align-right\">Ecatepec, Estado de M\u00e9xico, a 30 de julio de 2025<\/p>\n\n\n\n<p>En los primeros siete meses, el gobierno de Ecatepec ha invertido m\u00e1s de 143 millones de pesos en maquinaria nueva; lo que contrasta con gobiernos pasados, ya que se destinaron cero pesos para la renovaci\u00f3n o adquisici\u00f3n de maquinaria, sostuvo la alcaldesa, Azucena Cisneros Coss.&nbsp;<\/p>\n\n\n\n<figure class=\"wp-block-image alignright size-medium\"><img fetchpriority=\"high\" decoding=\"async\" width=\"225\" height=\"300\" src=\"https:\/\/agencia.252.com.mx\/wp-content\/uploads\/2025\/07\/WhatsApp-Image-2025-07-30-at-2.13.45-PM-3-225x300.jpeg\" alt=\"\" class=\"wp-image-9475\" srcset=\"https:\/\/agencia.252.com.mx\/wp-content\/uploads\/2025\/07\/WhatsApp-Image-2025-07-30-at-2.13.45-PM-3-225x300.jpeg 225w, https:\/\/agencia.252.com.mx\/wp-content\/uploads\/2025\/07\/WhatsApp-Image-2025-07-30-at-2.13.45-PM-3-768x1024.jpeg 768w, https:\/\/agencia.252.com.mx\/wp-content\/uploads\/2025\/07\/WhatsApp-Image-2025-07-30-at-2.13.45-PM-3.jpeg 960w\" sizes=\"(max-width: 225px) 100vw, 225px\" \/><\/figure>\n\n\n\n<p>En conferencia de prensa y en el marco de la entrega de maquinaria completa para bacheo con una inversi\u00f3n de 143 millones 598 mil 179 pesos, para intensificar los trabajos de bacheo y repavimentaci\u00f3n en las calles de Ecatepec, la edil acus\u00f3 que \u201cEcatepec fue v\u00edctima de negligencias, omisiones y pr\u00e1cticas corruptas que dejaron a la gente a su suerte\u201d.<\/p>\n\n\n\n<p>Al respecto, el director de Obras P\u00fablicas, Carlos Ram\u00edrez Brassetti inform\u00f3 que, de acuerdo con reportes del INEGI y una evaluaci\u00f3n municipal, Ecatepec tiene 119.6 kil\u00f3metros de carreteras municipales primarias, de los cuales el 65\u202fpor ciento est\u00e1 en mal estado; de 124 kil\u00f3metros de calles secundarias, 95\u202fpor ciento est\u00e1 en condiciones cr\u00edticas y de&nbsp;&nbsp;dos mil 545 kil\u00f3metros de vialidades terciarias (calles vecinales), cerca del 88\u202f&nbsp;por ciento presenta deterioro significativo, adem\u00e1s de maquinaria destruida y obsoleta, maquinaria en talleres de terceros retenidas por falta de pago y equipo inexistente.<\/p>\n\n\n\n<p>\u00bfC\u00f3mo se explican cifra as\u00ed? cuestin\u00f3 Azucena Cisneros. \u201cLa respuesta es sencilla: Es corrupci\u00f3n. Calles sin mantenimiento, obras mal hechas, contratos ama\u00f1ados y un abandono total de las colonias\u201d.&nbsp;<\/p>\n\n\n\n<figure class=\"wp-block-image alignright size-medium\"><img decoding=\"async\" width=\"225\" height=\"300\" src=\"https:\/\/agencia.252.com.mx\/wp-content\/uploads\/2025\/07\/WhatsApp-Image-2025-07-30-at-2.13.45-PM-6-225x300.jpeg\" alt=\"\" class=\"wp-image-9478\" srcset=\"https:\/\/agencia.252.com.mx\/wp-content\/uploads\/2025\/07\/WhatsApp-Image-2025-07-30-at-2.13.45-PM-6-225x300.jpeg 225w, https:\/\/agencia.252.com.mx\/wp-content\/uploads\/2025\/07\/WhatsApp-Image-2025-07-30-at-2.13.45-PM-6-768x1024.jpeg 768w, https:\/\/agencia.252.com.mx\/wp-content\/uploads\/2025\/07\/WhatsApp-Image-2025-07-30-at-2.13.45-PM-6.jpeg 960w\" sizes=\"(max-width: 225px) 100vw, 225px\" \/><\/figure>\n\n\n\n<p>Frente a ello, valor\u00f3 el panorama como desolador, luego de que 95 por ciento de vialidades secundarias estaban en condiciones cr\u00edticas. \u201cY para completar el cuadro, maquinaria nula y la que hab\u00eda totalmente obsoleta, incompleta e inservible\u201d, enfatiz\u00f3.<\/p>\n\n\n\n<p>Ante representantes de los medios de comunicaci\u00f3n, la alcaldesa denunci\u00f3 que hab\u00eda un sistema de renta externa que tampoco funcionaba porque se pagaba de forma estratosf\u00e9rica; sin embargo, en algunos casos las unidades estaban retenidas.<\/p>\n\n\n\n<p>Por ello, hizo un llamado al \u00d3rgano Superior de Fiscalizaci\u00f3n del Estado de M\u00e9xico (OSFEM) y a las instancias jur\u00eddicas de impartici\u00f3n de justicia, pues \u201cnosotros hemos presentado las denuncias, las observaciones y por supuesto que vamos a seguir presentando denuncias y observaciones. Lo que la gente no quiere es impunidad, quiere honestidad y combatir la corrupci\u00f3n\u201d.<\/p>\n\n\n\n<p>Subray\u00f3 que el bacheo y repavimentaci\u00f3n de vialidades no solo mejora la movilidad, tambi\u00e9n hace mas seguro al municipio. <\/p>\n\n\n\n<p>\u00abHoy se da un paso m\u00e1s al poner en operaci\u00f3n nueva maquinaria: Excavadoras, retroexcavadoras, cargadores frontales, compactadores de desechos s\u00f3lidos y un tractocami\u00f3n\u00bb.<\/p>\n\n\n\n<p><strong><em>Con el programa Bachet\u00f3n se han rehabilitado 371.6 kil\u00f3metros de 252 vialidades<\/em><\/strong><\/p>\n\n\n\n<p>Puntualiz\u00f3 que a partir del 1 de enero de este a\u00f1o el gobierno municipal implement\u00f3 el programa Bachet\u00f3n, a trav\u00e9s del cual se recuperaron 252 vialidades y otras 95 se encuentran en proceso, en las que se han tapado 20 mil 440 baches.<\/p>\n\n\n\n<p>Con estas nuevas herramientas, afirm\u00f3 la alcaldesa durante el banderazo de salida de la maquinaria adquirida con recursos propios, se triplica el programa Bachet\u00f3n para mejorar la movilidad y lograr que Ecatepec sea un municipio m\u00e1s seguro Azucena Cisneros Coss&nbsp;<\/p>\n\n\n\n<p>Este paquete incluye un tren completo para pavimentaci\u00f3n que consta de fresadora, fresadora para bacheo, pavimentadora, equipo de compactaci\u00f3n, barredora, cami\u00f3n cisterna, cami\u00f3n petrolizadora y 22 camiones de volteo<\/p>\n\n\n\n<p>Hasta el momento se han rehabilitado 371.6 kil\u00f3metros, lo que mejora la movilidad de m\u00e1s de 450 mil personas y contribuye a la prevenci\u00f3n del delito, facilita la respuesta de emergencias y fortalece la percepci\u00f3n de seguridad en colonias de alto tr\u00e1nsito y riesgo.<\/p>\n\n\n\n<figure class=\"wp-block-gallery has-nested-images columns-default is-cropped wp-block-gallery-1 is-layout-flex wp-block-gallery-is-layout-flex\">\n<figure class=\"wp-block-image size-large\"><img decoding=\"async\" width=\"1024\" height=\"767\" data-id=\"9473\" src=\"https:\/\/agencia.252.com.mx\/wp-content\/uploads\/2025\/07\/WhatsApp-Image-2025-07-30-at-1.15.41-PM-1024x767.jpeg\" alt=\"\" class=\"wp-image-9473\" srcset=\"https:\/\/agencia.252.com.mx\/wp-content\/uploads\/2025\/07\/WhatsApp-Image-2025-07-30-at-1.15.41-PM-1024x767.jpeg 1024w, https:\/\/agencia.252.com.mx\/wp-content\/uploads\/2025\/07\/WhatsApp-Image-2025-07-30-at-1.15.41-PM-300x225.jpeg 300w, https:\/\/agencia.252.com.mx\/wp-content\/uploads\/2025\/07\/WhatsApp-Image-2025-07-30-at-1.15.41-PM-768x575.jpeg 768w, https:\/\/agencia.252.com.mx\/wp-content\/uploads\/2025\/07\/WhatsApp-Image-2025-07-30-at-1.15.41-PM.jpeg 1320w\" sizes=\"(max-width: 1024px) 100vw, 1024px\" \/><\/figure>\n\n\n\n<figure class=\"wp-block-image size-large\"><img loading=\"lazy\" decoding=\"async\" width=\"1024\" height=\"683\" data-id=\"9472\" src=\"https:\/\/agencia.252.com.mx\/wp-content\/uploads\/2025\/07\/WhatsApp-Image-2025-07-30-at-1.15.40-PM-1024x683.jpeg\" alt=\"\" class=\"wp-image-9472\" srcset=\"https:\/\/agencia.252.com.mx\/wp-content\/uploads\/2025\/07\/WhatsApp-Image-2025-07-30-at-1.15.40-PM-1024x683.jpeg 1024w, https:\/\/agencia.252.com.mx\/wp-content\/uploads\/2025\/07\/WhatsApp-Image-2025-07-30-at-1.15.40-PM-300x200.jpeg 300w, https:\/\/agencia.252.com.mx\/wp-content\/uploads\/2025\/07\/WhatsApp-Image-2025-07-30-at-1.15.40-PM-768x512.jpeg 768w, https:\/\/agencia.252.com.mx\/wp-content\/uploads\/2025\/07\/WhatsApp-Image-2025-07-30-at-1.15.40-PM-1536x1024.jpeg 1536w, https:\/\/agencia.252.com.mx\/wp-content\/uploads\/2025\/07\/WhatsApp-Image-2025-07-30-at-1.15.40-PM.jpeg 1599w\" sizes=\"(max-width: 1024px) 100vw, 1024px\" \/><\/figure>\n\n\n\n<figure class=\"wp-block-image size-large\"><img loading=\"lazy\" decoding=\"async\" width=\"1024\" height=\"630\" data-id=\"9470\" src=\"https:\/\/agencia.252.com.mx\/wp-content\/uploads\/2025\/07\/WhatsApp-Image-2025-07-30-at-1.15.39-PM-1024x630.jpeg\" alt=\"\" class=\"wp-image-9470\" srcset=\"https:\/\/agencia.252.com.mx\/wp-content\/uploads\/2025\/07\/WhatsApp-Image-2025-07-30-at-1.15.39-PM-1024x630.jpeg 1024w, https:\/\/agencia.252.com.mx\/wp-content\/uploads\/2025\/07\/WhatsApp-Image-2025-07-30-at-1.15.39-PM-300x184.jpeg 300w, https:\/\/agencia.252.com.mx\/wp-content\/uploads\/2025\/07\/WhatsApp-Image-2025-07-30-at-1.15.39-PM-768x472.jpeg 768w, https:\/\/agencia.252.com.mx\/wp-content\/uploads\/2025\/07\/WhatsApp-Image-2025-07-30-at-1.15.39-PM.jpeg 1280w\" sizes=\"(max-width: 1024px) 100vw, 1024px\" \/><\/figure>\n\n\n\n<figure class=\"wp-block-image size-large\"><img loading=\"lazy\" decoding=\"async\" width=\"1024\" height=\"683\" data-id=\"9471\" src=\"https:\/\/agencia.252.com.mx\/wp-content\/uploads\/2025\/07\/WhatsApp-Image-2025-07-30-at-1.15.40-PM-2-1024x683.jpeg\" alt=\"\" class=\"wp-image-9471\" srcset=\"https:\/\/agencia.252.com.mx\/wp-content\/uploads\/2025\/07\/WhatsApp-Image-2025-07-30-at-1.15.40-PM-2-1024x683.jpeg 1024w, https:\/\/agencia.252.com.mx\/wp-content\/uploads\/2025\/07\/WhatsApp-Image-2025-07-30-at-1.15.40-PM-2-300x200.jpeg 300w, https:\/\/agencia.252.com.mx\/wp-content\/uploads\/2025\/07\/WhatsApp-Image-2025-07-30-at-1.15.40-PM-2-768x512.jpeg 768w, https:\/\/agencia.252.com.mx\/wp-content\/uploads\/2025\/07\/WhatsApp-Image-2025-07-30-at-1.15.40-PM-2-1536x1024.jpeg 1536w, https:\/\/agencia.252.com.mx\/wp-content\/uploads\/2025\/07\/WhatsApp-Image-2025-07-30-at-1.15.40-PM-2.jpeg 1599w\" sizes=\"(max-width: 1024px) 100vw, 1024px\" \/><\/figure>\n<\/figure>\n","protected":false},"excerpt":{"rendered":"<p>Visitas: 89 Juan Ignacio Corro&nbsp; Ecatepec, Estado de M\u00e9xico, a 30 de julio de 2025 En los primeros siete meses, el gobierno de Ecatepec ha invertido m\u00e1s de 143 millones de pesos en maquinaria nueva; lo que contrasta con gobiernos pasados, ya que se destinaron cero pesos para la renovaci\u00f3n o adquisici\u00f3n de maquinaria, sostuvo [&hellip;]<\/p>\n","protected":false},"author":5,"featured_media":9474,"comment_status":"open","ping_status":"open","sticky":false,"template":"","format":"standard","meta":{"site-sidebar-layout":"default","site-content-layout":"","ast-site-content-layout":"default","site-content-style":"default","site-sidebar-style":"default","ast-global-header-display":"","ast-banner-title-visibility":"","ast-main-header-display":"","ast-hfb-above-header-display":"","ast-hfb-below-header-display":"","ast-hfb-mobile-header-display":"","site-post-title":"","ast-breadcrumbs-content":"","ast-featured-img":"","footer-sml-layout":"","ast-disable-related-posts":"","theme-transparent-header-meta":"","adv-header-id-meta":"","stick-header-meta":"","header-above-stick-meta":"","header-main-stick-meta":"","header-below-stick-meta":"","astra-migrate-meta-layouts":"set","ast-page-background-enabled":"default","ast-page-background-meta":{"desktop":{"background-color":"var(--ast-global-color-4)","background-image":"","background-repeat":"repeat","background-position":"center center","background-size":"auto","background-attachment":"scroll","background-type":"","background-media":"","overlay-type":"","overlay-color":"","overlay-opacity":"","overlay-gradient":""},"tablet":{"background-color":"","background-image":"","background-repeat":"repeat","background-position":"center center","background-size":"auto","background-attachment":"scroll","background-type":"","background-media":"","overlay-type":"","overlay-color":"","overlay-opacity":"","overlay-gradient":""},"mobile":{"background-color":"","background-image":"","background-repeat":"repeat","background-position":"center center","background-size":"auto","background-attachment":"scroll","background-type":"","background-media":"","overlay-type":"","overlay-color":"","overlay-opacity":"","overlay-gradient":""}},"ast-content-background-meta":{"desktop":{"background-color":"var(--ast-global-color-5)","background-image":"","background-repeat":"repeat","background-position":"center center","background-size":"auto","background-attachment":"scroll","background-type":"","background-media":"","overlay-type":"","overlay-color":"","overlay-opacity":"","overlay-gradient":""},"tablet":{"background-color":"var(--ast-global-color-5)","background-image":"","background-repeat":"repeat","background-position":"center center","background-size":"auto","background-attachment":"scroll","background-type":"","background-media":"","overlay-type":"","overlay-color":"","overlay-opacity":"","overlay-gradient":""},"mobile":{"background-color":"var(--ast-global-color-5)","background-image":"","background-repeat":"repeat","background-position":"center center","background-size":"auto","background-attachment":"scroll","background-type":"","background-media":"","overlay-type":"","overlay-color":"","overlay-opacity":"","overlay-gradient":""}},"footnotes":""},"categories":[136,38,8,512,68],"tags":[526],"class_list":["post-9469","post","type-post","status-publish","format-standard","has-post-thumbnail","hentry","category-corrupcion","category-ecatepec","category-edomex","category-metropoli","category-seguridad","tag-edomex"],"yoast_head":"<!-- This site is optimized with the Yoast SEO plugin v27.4 - https:\/\/yoast.com\/product\/yoast-seo-wordpress\/ -->\n<title>En promedio 80 por ciento de las calles de Ecatepec estaban en mal estado, por negligencia de gobiernos anteriores: Azucena Cisneros - Agencia252<\/title>\n<meta name=\"robots\" content=\"index, follow, max-snippet:-1, max-image-preview:large, max-video-preview:-1\" \/>\n<link rel=\"canonical\" href=\"https:\/\/agencia.252.com.mx\/home\/en-promedio-80-por-ciento-de-las-calles-de-ecatepec-estaban-en-mal-estado-por-negligencia-de-gobiernos-anteriores-azucena-cisneros\/\" \/>\n<meta property=\"og:locale\" content=\"es_ES\" \/>\n<meta property=\"og:type\" content=\"article\" \/>\n<meta property=\"og:title\" content=\"En promedio 80 por ciento de las calles de Ecatepec estaban en mal estado, por negligencia de gobiernos anteriores: Azucena Cisneros - Agencia252\" \/>\n<meta property=\"og:description\" content=\"Visitas: 89 Juan Ignacio Corro&nbsp; Ecatepec, Estado de M\u00e9xico, a 30 de julio de 2025 En los primeros siete meses, el gobierno de Ecatepec ha invertido m\u00e1s de 143 millones de pesos en maquinaria nueva; lo que contrasta con gobiernos pasados, ya que se destinaron cero pesos para la renovaci\u00f3n o adquisici\u00f3n de maquinaria, sostuvo [&hellip;]\" \/>\n<meta property=\"og:url\" content=\"https:\/\/agencia.252.com.mx\/home\/en-promedio-80-por-ciento-de-las-calles-de-ecatepec-estaban-en-mal-estado-por-negligencia-de-gobiernos-anteriores-azucena-cisneros\/\" \/>\n<meta property=\"og:site_name\" content=\"Agencia252\" \/>\n<meta property=\"article:publisher\" content=\"https:\/\/www.facebook.com\/252Comunicacion\/\" \/>\n<meta property=\"article:author\" content=\"https:\/\/www.facebook.com\/jcorroherrera\/\" \/>\n<meta property=\"article:published_time\" content=\"2025-07-30T21:09:16+00:00\" \/>\n<meta property=\"article:modified_time\" content=\"2025-07-30T23:20:32+00:00\" \/>\n<meta property=\"og:image\" content=\"http:\/\/agencia.252.com.mx\/wp-content\/uploads\/2025\/07\/WhatsApp-Image-2025-07-30-at-1.20.47-PM.jpeg\" \/>\n\t<meta property=\"og:image:width\" content=\"1599\" \/>\n\t<meta property=\"og:image:height\" content=\"1066\" \/>\n\t<meta property=\"og:image:type\" content=\"image\/jpeg\" \/>\n<meta name=\"author\" content=\"Nacho Corro\" \/>\n<meta name=\"twitter:card\" content=\"summary_large_image\" \/>\n<meta name=\"twitter:creator\" content=\"@Juan Ignacio Corro Herrera\" \/>\n<meta name=\"twitter:site\" content=\"@252COMS\" \/>\n<meta name=\"twitter:label1\" content=\"Escrito por\" \/>\n\t<meta name=\"twitter:data1\" content=\"Nacho Corro\" \/>\n\t<meta name=\"twitter:label2\" content=\"Tiempo de lectura\" \/>\n\t<meta name=\"twitter:data2\" content=\"5 minutos\" \/>\n<script type=\"application\/ld+json\" class=\"yoast-schema-graph\">{\"@context\":\"https:\\\/\\\/schema.org\",\"@graph\":[{\"@type\":\"Article\",\"@id\":\"https:\\\/\\\/agencia.252.com.mx\\\/home\\\/en-promedio-80-por-ciento-de-las-calles-de-ecatepec-estaban-en-mal-estado-por-negligencia-de-gobiernos-anteriores-azucena-cisneros\\\/#article\",\"isPartOf\":{\"@id\":\"https:\\\/\\\/agencia.252.com.mx\\\/home\\\/en-promedio-80-por-ciento-de-las-calles-de-ecatepec-estaban-en-mal-estado-por-negligencia-de-gobiernos-anteriores-azucena-cisneros\\\/\"},\"author\":{\"name\":\"Nacho Corro\",\"@id\":\"https:\\\/\\\/agencia.252.com.mx\\\/home\\\/#\\\/schema\\\/person\\\/6b972021e9a92d45ade8c78d81509098\"},\"headline\":\"En promedio 80 por ciento de las calles de Ecatepec estaban en mal estado, por negligencia de gobiernos anteriores: Azucena Cisneros\",\"datePublished\":\"2025-07-30T21:09:16+00:00\",\"dateModified\":\"2025-07-30T23:20:32+00:00\",\"mainEntityOfPage\":{\"@id\":\"https:\\\/\\\/agencia.252.com.mx\\\/home\\\/en-promedio-80-por-ciento-de-las-calles-de-ecatepec-estaban-en-mal-estado-por-negligencia-de-gobiernos-anteriores-azucena-cisneros\\\/\"},\"wordCount\":677,\"commentCount\":0,\"publisher\":{\"@id\":\"https:\\\/\\\/agencia.252.com.mx\\\/home\\\/#organization\"},\"image\":{\"@id\":\"https:\\\/\\\/agencia.252.com.mx\\\/home\\\/en-promedio-80-por-ciento-de-las-calles-de-ecatepec-estaban-en-mal-estado-por-negligencia-de-gobiernos-anteriores-azucena-cisneros\\\/#primaryimage\"},\"thumbnailUrl\":\"https:\\\/\\\/agencia.252.com.mx\\\/wp-content\\\/uploads\\\/2025\\\/07\\\/WhatsApp-Image-2025-07-30-at-1.20.47-PM.jpeg\",\"keywords\":[\"Edomex\"],\"articleSection\":[\"corrupci\u00f3n\",\"Ecatepec\",\"Edomex\",\"Metropoli\",\"Seguridad\"],\"inLanguage\":\"es\",\"potentialAction\":[{\"@type\":\"CommentAction\",\"name\":\"Comment\",\"target\":[\"https:\\\/\\\/agencia.252.com.mx\\\/home\\\/en-promedio-80-por-ciento-de-las-calles-de-ecatepec-estaban-en-mal-estado-por-negligencia-de-gobiernos-anteriores-azucena-cisneros\\\/#respond\"]}]},{\"@type\":\"WebPage\",\"@id\":\"https:\\\/\\\/agencia.252.com.mx\\\/home\\\/en-promedio-80-por-ciento-de-las-calles-de-ecatepec-estaban-en-mal-estado-por-negligencia-de-gobiernos-anteriores-azucena-cisneros\\\/\",\"url\":\"https:\\\/\\\/agencia.252.com.mx\\\/home\\\/en-promedio-80-por-ciento-de-las-calles-de-ecatepec-estaban-en-mal-estado-por-negligencia-de-gobiernos-anteriores-azucena-cisneros\\\/\",\"name\":\"En promedio 80 por ciento de las calles de Ecatepec estaban en mal estado, por negligencia de gobiernos anteriores: Azucena Cisneros - Agencia252\",\"isPartOf\":{\"@id\":\"https:\\\/\\\/agencia.252.com.mx\\\/home\\\/#website\"},\"primaryImageOfPage\":{\"@id\":\"https:\\\/\\\/agencia.252.com.mx\\\/home\\\/en-promedio-80-por-ciento-de-las-calles-de-ecatepec-estaban-en-mal-estado-por-negligencia-de-gobiernos-anteriores-azucena-cisneros\\\/#primaryimage\"},\"image\":{\"@id\":\"https:\\\/\\\/agencia.252.com.mx\\\/home\\\/en-promedio-80-por-ciento-de-las-calles-de-ecatepec-estaban-en-mal-estado-por-negligencia-de-gobiernos-anteriores-azucena-cisneros\\\/#primaryimage\"},\"thumbnailUrl\":\"https:\\\/\\\/agencia.252.com.mx\\\/wp-content\\\/uploads\\\/2025\\\/07\\\/WhatsApp-Image-2025-07-30-at-1.20.47-PM.jpeg\",\"datePublished\":\"2025-07-30T21:09:16+00:00\",\"dateModified\":\"2025-07-30T23:20:32+00:00\",\"breadcrumb\":{\"@id\":\"https:\\\/\\\/agencia.252.com.mx\\\/home\\\/en-promedio-80-por-ciento-de-las-calles-de-ecatepec-estaban-en-mal-estado-por-negligencia-de-gobiernos-anteriores-azucena-cisneros\\\/#breadcrumb\"},\"inLanguage\":\"es\",\"potentialAction\":[{\"@type\":\"ReadAction\",\"target\":[\"https:\\\/\\\/agencia.252.com.mx\\\/home\\\/en-promedio-80-por-ciento-de-las-calles-de-ecatepec-estaban-en-mal-estado-por-negligencia-de-gobiernos-anteriores-azucena-cisneros\\\/\"]}]},{\"@type\":\"ImageObject\",\"inLanguage\":\"es\",\"@id\":\"https:\\\/\\\/agencia.252.com.mx\\\/home\\\/en-promedio-80-por-ciento-de-las-calles-de-ecatepec-estaban-en-mal-estado-por-negligencia-de-gobiernos-anteriores-azucena-cisneros\\\/#primaryimage\",\"url\":\"https:\\\/\\\/agencia.252.com.mx\\\/wp-content\\\/uploads\\\/2025\\\/07\\\/WhatsApp-Image-2025-07-30-at-1.20.47-PM.jpeg\",\"contentUrl\":\"https:\\\/\\\/agencia.252.com.mx\\\/wp-content\\\/uploads\\\/2025\\\/07\\\/WhatsApp-Image-2025-07-30-at-1.20.47-PM.jpeg\",\"width\":1599,\"height\":1066},{\"@type\":\"BreadcrumbList\",\"@id\":\"https:\\\/\\\/agencia.252.com.mx\\\/home\\\/en-promedio-80-por-ciento-de-las-calles-de-ecatepec-estaban-en-mal-estado-por-negligencia-de-gobiernos-anteriores-azucena-cisneros\\\/#breadcrumb\",\"itemListElement\":[{\"@type\":\"ListItem\",\"position\":1,\"name\":\"Portada\",\"item\":\"https:\\\/\\\/agencia.252.com.mx\\\/home\\\/\"},{\"@type\":\"ListItem\",\"position\":2,\"name\":\"En promedio 80 por ciento de las calles de Ecatepec estaban en mal estado, por negligencia de gobiernos anteriores: Azucena Cisneros\"}]},{\"@type\":\"WebSite\",\"@id\":\"https:\\\/\\\/agencia.252.com.mx\\\/home\\\/#website\",\"url\":\"https:\\\/\\\/agencia.252.com.mx\\\/home\\\/\",\"name\":\"Agencia252\",\"description\":\"Tu espacio en la Red\",\"publisher\":{\"@id\":\"https:\\\/\\\/agencia.252.com.mx\\\/home\\\/#organization\"},\"potentialAction\":[{\"@type\":\"SearchAction\",\"target\":{\"@type\":\"EntryPoint\",\"urlTemplate\":\"https:\\\/\\\/agencia.252.com.mx\\\/home\\\/?s={search_term_string}\"},\"query-input\":{\"@type\":\"PropertyValueSpecification\",\"valueRequired\":true,\"valueName\":\"search_term_string\"}}],\"inLanguage\":\"es\"},{\"@type\":\"Organization\",\"@id\":\"https:\\\/\\\/agencia.252.com.mx\\\/home\\\/#organization\",\"name\":\"Agencia252\",\"url\":\"https:\\\/\\\/agencia.252.com.mx\\\/home\\\/\",\"logo\":{\"@type\":\"ImageObject\",\"inLanguage\":\"es\",\"@id\":\"https:\\\/\\\/agencia.252.com.mx\\\/home\\\/#\\\/schema\\\/logo\\\/image\\\/\",\"url\":\"https:\\\/\\\/agencia.252.com.mx\\\/wp-content\\\/uploads\\\/2023\\\/02\\\/cropped-ciruclo-agencia-e1677562404136.png\",\"contentUrl\":\"https:\\\/\\\/agencia.252.com.mx\\\/wp-content\\\/uploads\\\/2023\\\/02\\\/cropped-ciruclo-agencia-e1677562404136.png\",\"width\":512,\"height\":512,\"caption\":\"Agencia252\"},\"image\":{\"@id\":\"https:\\\/\\\/agencia.252.com.mx\\\/home\\\/#\\\/schema\\\/logo\\\/image\\\/\"},\"sameAs\":[\"https:\\\/\\\/www.facebook.com\\\/252Comunicacion\\\/\",\"https:\\\/\\\/x.com\\\/252COMS\"]},{\"@type\":\"Person\",\"@id\":\"https:\\\/\\\/agencia.252.com.mx\\\/home\\\/#\\\/schema\\\/person\\\/6b972021e9a92d45ade8c78d81509098\",\"name\":\"Nacho Corro\",\"image\":{\"@type\":\"ImageObject\",\"inLanguage\":\"es\",\"@id\":\"https:\\\/\\\/secure.gravatar.com\\\/avatar\\\/5db6df507cfe1307e192fbb498c6b85f1cf2ffd8b4cd37141b9eea588fcbd5a4?s=96&r=g\",\"url\":\"https:\\\/\\\/secure.gravatar.com\\\/avatar\\\/5db6df507cfe1307e192fbb498c6b85f1cf2ffd8b4cd37141b9eea588fcbd5a4?s=96&r=g\",\"contentUrl\":\"https:\\\/\\\/secure.gravatar.com\\\/avatar\\\/5db6df507cfe1307e192fbb498c6b85f1cf2ffd8b4cd37141b9eea588fcbd5a4?s=96&r=g\",\"caption\":\"Nacho Corro\"},\"description\":\"Comunicador Social, Periodista y Administraci\u00f3n P\u00fablica. Conversador pol\u00edtico, temas electorales y seguridad. Generador de contenidos digitales. Amante de la fotograf\u00eda\",\"sameAs\":[\"https:\\\/\\\/www.facebook.com\\\/jcorroherrera\\\/\",\"www.instagram.com\\\/nachocorro\\\/\",\"https:\\\/\\\/x.com\\\/Juan Ignacio Corro Herrera\"],\"url\":\"https:\\\/\\\/agencia.252.com.mx\\\/home\\\/author\\\/i-corro\\\/\"}]}<\/script>\n<!-- \/ Yoast SEO plugin. -->","yoast_head_json":{"title":"En promedio 80 por ciento de las calles de Ecatepec estaban en mal estado, por negligencia de gobiernos anteriores: Azucena Cisneros - Agencia252","robots":{"index":"index","follow":"follow","max-snippet":"max-snippet:-1","max-image-preview":"max-image-preview:large","max-video-preview":"max-video-preview:-1"},"canonical":"https:\/\/agencia.252.com.mx\/home\/en-promedio-80-por-ciento-de-las-calles-de-ecatepec-estaban-en-mal-estado-por-negligencia-de-gobiernos-anteriores-azucena-cisneros\/","og_locale":"es_ES","og_type":"article","og_title":"En promedio 80 por ciento de las calles de Ecatepec estaban en mal estado, por negligencia de gobiernos anteriores: Azucena Cisneros - Agencia252","og_description":"Visitas: 89 Juan Ignacio Corro&nbsp; Ecatepec, Estado de M\u00e9xico, a 30 de julio de 2025 En los primeros siete meses, el gobierno de Ecatepec ha invertido m\u00e1s de 143 millones de pesos en maquinaria nueva; lo que contrasta con gobiernos pasados, ya que se destinaron cero pesos para la renovaci\u00f3n o adquisici\u00f3n de maquinaria, sostuvo [&hellip;]","og_url":"https:\/\/agencia.252.com.mx\/home\/en-promedio-80-por-ciento-de-las-calles-de-ecatepec-estaban-en-mal-estado-por-negligencia-de-gobiernos-anteriores-azucena-cisneros\/","og_site_name":"Agencia252","article_publisher":"https:\/\/www.facebook.com\/252Comunicacion\/","article_author":"https:\/\/www.facebook.com\/jcorroherrera\/","article_published_time":"2025-07-30T21:09:16+00:00","article_modified_time":"2025-07-30T23:20:32+00:00","og_image":[{"width":1599,"height":1066,"url":"http:\/\/agencia.252.com.mx\/wp-content\/uploads\/2025\/07\/WhatsApp-Image-2025-07-30-at-1.20.47-PM.jpeg","type":"image\/jpeg"}],"author":"Nacho Corro","twitter_card":"summary_large_image","twitter_creator":"@Juan Ignacio Corro Herrera","twitter_site":"@252COMS","twitter_misc":{"Escrito por":"Nacho Corro","Tiempo de lectura":"5 minutos"},"schema":{"@context":"https:\/\/schema.org","@graph":[{"@type":"Article","@id":"https:\/\/agencia.252.com.mx\/home\/en-promedio-80-por-ciento-de-las-calles-de-ecatepec-estaban-en-mal-estado-por-negligencia-de-gobiernos-anteriores-azucena-cisneros\/#article","isPartOf":{"@id":"https:\/\/agencia.252.com.mx\/home\/en-promedio-80-por-ciento-de-las-calles-de-ecatepec-estaban-en-mal-estado-por-negligencia-de-gobiernos-anteriores-azucena-cisneros\/"},"author":{"name":"Nacho Corro","@id":"https:\/\/agencia.252.com.mx\/home\/#\/schema\/person\/6b972021e9a92d45ade8c78d81509098"},"headline":"En promedio 80 por ciento de las calles de Ecatepec estaban en mal estado, por negligencia de gobiernos anteriores: Azucena Cisneros","datePublished":"2025-07-30T21:09:16+00:00","dateModified":"2025-07-30T23:20:32+00:00","mainEntityOfPage":{"@id":"https:\/\/agencia.252.com.mx\/home\/en-promedio-80-por-ciento-de-las-calles-de-ecatepec-estaban-en-mal-estado-por-negligencia-de-gobiernos-anteriores-azucena-cisneros\/"},"wordCount":677,"commentCount":0,"publisher":{"@id":"https:\/\/agencia.252.com.mx\/home\/#organization"},"image":{"@id":"https:\/\/agencia.252.com.mx\/home\/en-promedio-80-por-ciento-de-las-calles-de-ecatepec-estaban-en-mal-estado-por-negligencia-de-gobiernos-anteriores-azucena-cisneros\/#primaryimage"},"thumbnailUrl":"https:\/\/agencia.252.com.mx\/wp-content\/uploads\/2025\/07\/WhatsApp-Image-2025-07-30-at-1.20.47-PM.jpeg","keywords":["Edomex"],"articleSection":["corrupci\u00f3n","Ecatepec","Edomex","Metropoli","Seguridad"],"inLanguage":"es","potentialAction":[{"@type":"CommentAction","name":"Comment","target":["https:\/\/agencia.252.com.mx\/home\/en-promedio-80-por-ciento-de-las-calles-de-ecatepec-estaban-en-mal-estado-por-negligencia-de-gobiernos-anteriores-azucena-cisneros\/#respond"]}]},{"@type":"WebPage","@id":"https:\/\/agencia.252.com.mx\/home\/en-promedio-80-por-ciento-de-las-calles-de-ecatepec-estaban-en-mal-estado-por-negligencia-de-gobiernos-anteriores-azucena-cisneros\/","url":"https:\/\/agencia.252.com.mx\/home\/en-promedio-80-por-ciento-de-las-calles-de-ecatepec-estaban-en-mal-estado-por-negligencia-de-gobiernos-anteriores-azucena-cisneros\/","name":"En promedio 80 por ciento de las calles de Ecatepec estaban en mal estado, por negligencia de gobiernos anteriores: Azucena Cisneros - Agencia252","isPartOf":{"@id":"https:\/\/agencia.252.com.mx\/home\/#website"},"primaryImageOfPage":{"@id":"https:\/\/agencia.252.com.mx\/home\/en-promedio-80-por-ciento-de-las-calles-de-ecatepec-estaban-en-mal-estado-por-negligencia-de-gobiernos-anteriores-azucena-cisneros\/#primaryimage"},"image":{"@id":"https:\/\/agencia.252.com.mx\/home\/en-promedio-80-por-ciento-de-las-calles-de-ecatepec-estaban-en-mal-estado-por-negligencia-de-gobiernos-anteriores-azucena-cisneros\/#primaryimage"},"thumbnailUrl":"https:\/\/agencia.252.com.mx\/wp-content\/uploads\/2025\/07\/WhatsApp-Image-2025-07-30-at-1.20.47-PM.jpeg","datePublished":"2025-07-30T21:09:16+00:00","dateModified":"2025-07-30T23:20:32+00:00","breadcrumb":{"@id":"https:\/\/agencia.252.com.mx\/home\/en-promedio-80-por-ciento-de-las-calles-de-ecatepec-estaban-en-mal-estado-por-negligencia-de-gobiernos-anteriores-azucena-cisneros\/#breadcrumb"},"inLanguage":"es","potentialAction":[{"@type":"ReadAction","target":["https:\/\/agencia.252.com.mx\/home\/en-promedio-80-por-ciento-de-las-calles-de-ecatepec-estaban-en-mal-estado-por-negligencia-de-gobiernos-anteriores-azucena-cisneros\/"]}]},{"@type":"ImageObject","inLanguage":"es","@id":"https:\/\/agencia.252.com.mx\/home\/en-promedio-80-por-ciento-de-las-calles-de-ecatepec-estaban-en-mal-estado-por-negligencia-de-gobiernos-anteriores-azucena-cisneros\/#primaryimage","url":"https:\/\/agencia.252.com.mx\/wp-content\/uploads\/2025\/07\/WhatsApp-Image-2025-07-30-at-1.20.47-PM.jpeg","contentUrl":"https:\/\/agencia.252.com.mx\/wp-content\/uploads\/2025\/07\/WhatsApp-Image-2025-07-30-at-1.20.47-PM.jpeg","width":1599,"height":1066},{"@type":"BreadcrumbList","@id":"https:\/\/agencia.252.com.mx\/home\/en-promedio-80-por-ciento-de-las-calles-de-ecatepec-estaban-en-mal-estado-por-negligencia-de-gobiernos-anteriores-azucena-cisneros\/#breadcrumb","itemListElement":[{"@type":"ListItem","position":1,"name":"Portada","item":"https:\/\/agencia.252.com.mx\/home\/"},{"@type":"ListItem","position":2,"name":"En promedio 80 por ciento de las calles de Ecatepec estaban en mal estado, por negligencia de gobiernos anteriores: Azucena Cisneros"}]},{"@type":"WebSite","@id":"https:\/\/agencia.252.com.mx\/home\/#website","url":"https:\/\/agencia.252.com.mx\/home\/","name":"Agencia252","description":"Tu espacio en la Red","publisher":{"@id":"https:\/\/agencia.252.com.mx\/home\/#organization"},"potentialAction":[{"@type":"SearchAction","target":{"@type":"EntryPoint","urlTemplate":"https:\/\/agencia.252.com.mx\/home\/?s={search_term_string}"},"query-input":{"@type":"PropertyValueSpecification","valueRequired":true,"valueName":"search_term_string"}}],"inLanguage":"es"},{"@type":"Organization","@id":"https:\/\/agencia.252.com.mx\/home\/#organization","name":"Agencia252","url":"https:\/\/agencia.252.com.mx\/home\/","logo":{"@type":"ImageObject","inLanguage":"es","@id":"https:\/\/agencia.252.com.mx\/home\/#\/schema\/logo\/image\/","url":"https:\/\/agencia.252.com.mx\/wp-content\/uploads\/2023\/02\/cropped-ciruclo-agencia-e1677562404136.png","contentUrl":"https:\/\/agencia.252.com.mx\/wp-content\/uploads\/2023\/02\/cropped-ciruclo-agencia-e1677562404136.png","width":512,"height":512,"caption":"Agencia252"},"image":{"@id":"https:\/\/agencia.252.com.mx\/home\/#\/schema\/logo\/image\/"},"sameAs":["https:\/\/www.facebook.com\/252Comunicacion\/","https:\/\/x.com\/252COMS"]},{"@type":"Person","@id":"https:\/\/agencia.252.com.mx\/home\/#\/schema\/person\/6b972021e9a92d45ade8c78d81509098","name":"Nacho Corro","image":{"@type":"ImageObject","inLanguage":"es","@id":"https:\/\/secure.gravatar.com\/avatar\/5db6df507cfe1307e192fbb498c6b85f1cf2ffd8b4cd37141b9eea588fcbd5a4?s=96&r=g","url":"https:\/\/secure.gravatar.com\/avatar\/5db6df507cfe1307e192fbb498c6b85f1cf2ffd8b4cd37141b9eea588fcbd5a4?s=96&r=g","contentUrl":"https:\/\/secure.gravatar.com\/avatar\/5db6df507cfe1307e192fbb498c6b85f1cf2ffd8b4cd37141b9eea588fcbd5a4?s=96&r=g","caption":"Nacho Corro"},"description":"Comunicador Social, Periodista y Administraci\u00f3n P\u00fablica. Conversador pol\u00edtico, temas electorales y seguridad. Generador de contenidos digitales. Amante de la fotograf\u00eda","sameAs":["https:\/\/www.facebook.com\/jcorroherrera\/","www.instagram.com\/nachocorro\/","https:\/\/x.com\/Juan Ignacio Corro Herrera"],"url":"https:\/\/agencia.252.com.mx\/home\/author\/i-corro\/"}]}},"_links":{"self":[{"href":"https:\/\/agencia.252.com.mx\/home\/wp-json\/wp\/v2\/posts\/9469","targetHints":{"allow":["GET"]}}],"collection":[{"href":"https:\/\/agencia.252.com.mx\/home\/wp-json\/wp\/v2\/posts"}],"about":[{"href":"https:\/\/agencia.252.com.mx\/home\/wp-json\/wp\/v2\/types\/post"}],"author":[{"embeddable":true,"href":"https:\/\/agencia.252.com.mx\/home\/wp-json\/wp\/v2\/users\/5"}],"replies":[{"embeddable":true,"href":"https:\/\/agencia.252.com.mx\/home\/wp-json\/wp\/v2\/comments?post=9469"}],"version-history":[{"count":3,"href":"https:\/\/agencia.252.com.mx\/home\/wp-json\/wp\/v2\/posts\/9469\/revisions"}],"predecessor-version":[{"id":9489,"href":"https:\/\/agencia.252.com.mx\/home\/wp-json\/wp\/v2\/posts\/9469\/revisions\/9489"}],"wp:featuredmedia":[{"embeddable":true,"href":"https:\/\/agencia.252.com.mx\/home\/wp-json\/wp\/v2\/media\/9474"}],"wp:attachment":[{"href":"https:\/\/agencia.252.com.mx\/home\/wp-json\/wp\/v2\/media?parent=9469"}],"wp:term":[{"taxonomy":"category","embeddable":true,"href":"https:\/\/agencia.252.com.mx\/home\/wp-json\/wp\/v2\/categories?post=9469"},{"taxonomy":"post_tag","embeddable":true,"href":"https:\/\/agencia.252.com.mx\/home\/wp-json\/wp\/v2\/tags?post=9469"}],"curies":[{"name":"wp","href":"https:\/\/api.w.org\/{rel}","templated":true}]}}