{"id":9462,"date":"2025-07-29T21:29:32","date_gmt":"2025-07-30T03:29:32","guid":{"rendered":"https:\/\/agencia.252.com.mx\/home\/?p=9462"},"modified":"2025-07-29T21:29:54","modified_gmt":"2025-07-30T03:29:54","slug":"presentan-estrategia-contra-despojo-de-inmuebles-para-la-defensa-del-patrimonio-de-las-familias","status":"publish","type":"post","link":"https:\/\/agencia.252.com.mx\/home\/presentan-estrategia-contra-despojo-de-inmuebles-para-la-defensa-del-patrimonio-de-las-familias\/","title":{"rendered":"Presentan\u00a0\u00a0Estrategia Contra Despojo de Inmuebles para la defensa del patrimonio de las familias"},"content":{"rendered":"<p>Visitas: 41<\/p>\n<ul class=\"wp-block-list\">\n<li><em>Anunci\u00f3 la creaci\u00f3n de la Unidad Operativa Especializada contra el Despojo y la presentaci\u00f3n de reformas a diversas leyes para fortalecer las penas judiciales a quienes incurran en el delito de despojo<\/em><\/li>\n\n\n\n<li><em>Este a\u00f1o se han asegurado 265 inmuebles por delitos de despojo, de los cuales se han devuelto 196 a sus propietarios, y 94 personas fueron detenidas en flagrancia<\/em><\/li>\n<\/ul>\n\n\n\n<p>Juan Ignacio Corro&nbsp;<\/p>\n\n\n\n<p class=\"has-text-align-right\">Ciudad de M\u00e9xico, a 28 de julio de 2025<\/p>\n\n\n\n<p>La Jefa de Gobierno, Clara Brugada Molina, encabez\u00f3 la presentaci\u00f3n de la Estrategia Contra el Despojo de Inmuebles en la Ciudad de M\u00e9xico, que incluye el fortalecimiento institucional e iniciativas de reformas legales para sancionar, con hasta 22 a\u00f1os de prisi\u00f3n, a quienes incurran en este delito, adem\u00e1s de establecer un blindaje contra la corrupci\u00f3n y el uso de documentos ap\u00f3crifos, todo con la finalidad de proteger a las personas, su patrimonio y sus derechos.<\/p>\n\n\n\n<p>En conferencia de prensa en el Antiguo Palacio del Ayuntamiento, Brugada Molina explic\u00f3 que la estrategia incluye las acciones del Gabinete de Prevenci\u00f3n y Atenci\u00f3n a los Despojos, el cual revisa los casos de la ciudadan\u00eda y est\u00e1 integrado por diversas dependencias capitalinas, Fiscal\u00eda General de Justicia de la Ciudad de M\u00e9xico y el Poder Judicial local.<\/p>\n\n\n\n<figure class=\"wp-block-image alignright size-medium\"><img fetchpriority=\"high\" decoding=\"async\" width=\"300\" height=\"198\" src=\"https:\/\/agencia.252.com.mx\/wp-content\/uploads\/2025\/07\/68894213dc586109818109-300x198.jpeg\" alt=\"\" class=\"wp-image-9463\" srcset=\"https:\/\/agencia.252.com.mx\/wp-content\/uploads\/2025\/07\/68894213dc586109818109-300x198.jpeg 300w, https:\/\/agencia.252.com.mx\/wp-content\/uploads\/2025\/07\/68894213dc586109818109-1024x676.jpeg 1024w, https:\/\/agencia.252.com.mx\/wp-content\/uploads\/2025\/07\/68894213dc586109818109-768x507.jpeg 768w, https:\/\/agencia.252.com.mx\/wp-content\/uploads\/2025\/07\/68894213dc586109818109-1536x1013.jpeg 1536w, https:\/\/agencia.252.com.mx\/wp-content\/uploads\/2025\/07\/68894213dc586109818109-2048x1351.jpeg 2048w\" sizes=\"(max-width: 300px) 100vw, 300px\" \/><\/figure>\n\n\n\n<p>Adem\u00e1s, anunci\u00f3 la creaci\u00f3n de la Unidad Operativa Especializada contra el Despojo, que depender\u00e1 de la Secretar\u00eda de Gobierno, y refiri\u00f3 que en los pr\u00f3ximos d\u00edas se enviar\u00e1n al Congreso de la Ciudad de M\u00e9xico un conjunto de iniciativas de reformas, que incluyen aumentar las penas por despojo y sus agravantes, sanciones que alcanzar\u00e1n entre 11 y 22 a\u00f1os de prisi\u00f3n.<\/p>\n\n\n\n<p>A\u00f1adi\u00f3 que se implementar\u00e1n penas a quienes operen este delito en zonas de conservaci\u00f3n ecol\u00f3gica o con valor hist\u00f3rico o patrimonial, y se crear\u00e1n mecanismos de protecci\u00f3n cautelar. La estrategia \u2013dijo\u2013 combina esfuerzos para el fortalecimiento institucional y mecanismos para que la poblaci\u00f3n pueda ser asesorada y apoyada.<\/p>\n\n\n\n<p><strong>6 a 11 a\u00f1os de prisi\u00f3n; y de 12 a 22 a\u00f1os de prisi\u00f3n cuando existan agravantes<\/strong><\/p>\n\n\n\n<p>La fiscal General de Justicia de la Ciudad de M\u00e9xico, Bertha Alcalde Luj\u00e1n, inform\u00f3 que se reformar\u00e1 el art\u00edculo 237 del C\u00f3digo Penal de la Ciudad de M\u00e9xico para sancionar el despojo con penas de seis a 11 a\u00f1os de prisi\u00f3n en su tipo base, y de 12 a 22 a\u00f1os de prisi\u00f3n cuando existan agravantes.<\/p>\n\n\n\n<p>Entre las nuevas agravantes est\u00e1n las siguientes: cuando participen personas que simulen tener un cargo p\u00fablico; cuando se suplante la identidad del leg\u00edtimo propietario o poseedor del inmueble o de su representaci\u00f3n legal; cuando participe una persona titular de notar\u00eda p\u00fablica en ejercicio o con motivo de sus funciones, o personas que, sin tener car\u00e1cter de notario, accedan a documentos o datos notariales, en virtud de una relaci\u00f3n laboral. Tambi\u00e9n se consideran agravantes cuando el despojo se trate de un predio declarado \u00e1rea natural protegida, o sea, un inmueble propiedad del gobierno capitalino, entre otras.<\/p>\n\n\n\n<p>Bertha Alcalde se\u00f1al\u00f3 que se propone agregar un art\u00edculo 238 Bis para equiparar ciertas conductas con el delito de&nbsp;<\/p>\n\n\n\n<p>La otra conducta que ser\u00e1 considerada despojo es cuando vali\u00e9ndose de un cargo p\u00fablico, de su calidad de notario, de cualquier agrupaci\u00f3n de car\u00e1cter sindical o social, participe en el despojo u obtenga cualquier beneficio. Estas reformas tambi\u00e9n servir\u00e1n para castigar a grupos delincuenciales dedicados a la ocupaci\u00f3n ilegal de inmuebles.<\/p>\n\n\n\n<p>La fiscal inform\u00f3 que este a\u00f1o se han asegurado 265 inmuebles por delitos de despojo, de los cuales se han devuelto 196 a sus propietarios.<\/p>\n\n\n\n<p><strong>94 personas en flagrancia por el delito de despojo en CDMX&nbsp;<\/strong><\/p>\n\n\n\n<p>Por su parte, el secretario de Gobierno, C\u00e9sar Cravioto Romero, inform\u00f3 que la nueva Unidad Operativa Especializada en Despojos proveer\u00e1 los insumos necesarios para atender los casos, y trabajar\u00e1 de forma coordinada con el gabinete de esta materia. En ese sentido, dijo que se atienden los casos de la poblaci\u00f3n conforme a un protocolo que se inicia con la recepci\u00f3n de informaci\u00f3n, la revisi\u00f3n e integraci\u00f3n del expediente, y a partir de ello el gabinete determina las acciones a realizar para recuperar los inmuebles.<\/p>\n\n\n\n<p>Mencion\u00f3 que la ciudadan\u00eda puede solicitar apoyo en la nueva l\u00ednea telef\u00f3nica especializada en despojos: 55-5345-8120; tambi\u00e9n puede acudir a las jornadas del Z\u00f3calo de Gobierno Ciudadano, Gobierno Casa por Casa, asambleas de Territorios de Paz e Igualdad, o bien recurrir a redes sociales de la secretar\u00eda, denunciar ante el Ministerio P\u00fablico, llamar a Locatel o al 9-1-1.<\/p>\n\n\n\n<p>Cravioto Romero explic\u00f3 que los tres tipos de despojos m\u00e1s frecuentes son: actos simulados con documentos falsos; actuaci\u00f3n violenta con amenazas o uso de la fuerza, y el usufructo ileg\u00edtimo de un inmueble.<\/p>\n\n\n\n<p>El secretario de Seguridad Ciudadana, Pablo V\u00e1zquez Camacho, inform\u00f3 que entre enero y julio de este a\u00f1o la polic\u00eda capitalina detuvo a 94 personas en flagrancia por el delito de despojo. Resalt\u00f3 que la propuesta de reforma al C\u00f3digo Penal para el delito equiparado de despojo facilitar\u00e1 la detenci\u00f3n en flagrancia en los casos de personas que de manera ileg\u00edtima est\u00e1n dentro de inmuebles que son de otras&nbsp;<\/p>\n","protected":false},"excerpt":{"rendered":"<p>Visitas: 41 Juan Ignacio Corro&nbsp; Ciudad de M\u00e9xico, a 28 de julio de 2025 La Jefa de Gobierno, Clara Brugada Molina, encabez\u00f3 la presentaci\u00f3n de la Estrategia Contra el Despojo de Inmuebles en la Ciudad de M\u00e9xico, que incluye el fortalecimiento institucional e iniciativas de reformas legales para sancionar, con hasta 22 a\u00f1os de prisi\u00f3n, [&hellip;]<\/p>\n","protected":false},"author":5,"featured_media":9464,"comment_status":"open","ping_status":"open","sticky":false,"template":"","format":"standard","meta":{"site-sidebar-layout":"default","site-content-layout":"","ast-site-content-layout":"default","site-content-style":"default","site-sidebar-style":"default","ast-global-header-display":"","ast-banner-title-visibility":"","ast-main-header-display":"","ast-hfb-above-header-display":"","ast-hfb-below-header-display":"","ast-hfb-mobile-header-display":"","site-post-title":"","ast-breadcrumbs-content":"","ast-featured-img":"","footer-sml-layout":"","ast-disable-related-posts":"","theme-transparent-header-meta":"","adv-header-id-meta":"","stick-header-meta":"","header-above-stick-meta":"","header-main-stick-meta":"","header-below-stick-meta":"","astra-migrate-meta-layouts":"set","ast-page-background-enabled":"default","ast-page-background-meta":{"desktop":{"background-color":"var(--ast-global-color-4)","background-image":"","background-repeat":"repeat","background-position":"center center","background-size":"auto","background-attachment":"scroll","background-type":"","background-media":"","overlay-type":"","overlay-color":"","overlay-opacity":"","overlay-gradient":""},"tablet":{"background-color":"","background-image":"","background-repeat":"repeat","background-position":"center center","background-size":"auto","background-attachment":"scroll","background-type":"","background-media":"","overlay-type":"","overlay-color":"","overlay-opacity":"","overlay-gradient":""},"mobile":{"background-color":"","background-image":"","background-repeat":"repeat","background-position":"center center","background-size":"auto","background-attachment":"scroll","background-type":"","background-media":"","overlay-type":"","overlay-color":"","overlay-opacity":"","overlay-gradient":""}},"ast-content-background-meta":{"desktop":{"background-color":"var(--ast-global-color-5)","background-image":"","background-repeat":"repeat","background-position":"center center","background-size":"auto","background-attachment":"scroll","background-type":"","background-media":"","overlay-type":"","overlay-color":"","overlay-opacity":"","overlay-gradient":""},"tablet":{"background-color":"var(--ast-global-color-5)","background-image":"","background-repeat":"repeat","background-position":"center center","background-size":"auto","background-attachment":"scroll","background-type":"","background-media":"","overlay-type":"","overlay-color":"","overlay-opacity":"","overlay-gradient":""},"mobile":{"background-color":"var(--ast-global-color-5)","background-image":"","background-repeat":"repeat","background-position":"center center","background-size":"auto","background-attachment":"scroll","background-type":"","background-media":"","overlay-type":"","overlay-color":"","overlay-opacity":"","overlay-gradient":""}},"footnotes":""},"categories":[69,55,68],"tags":[526],"class_list":["post-9462","post","type-post","status-publish","format-standard","has-post-thumbnail","hentry","category-cdmx","category-delitos","category-seguridad","tag-edomex"],"yoast_head":"<!-- This site is optimized with the Yoast SEO plugin v27.4 - https:\/\/yoast.com\/product\/yoast-seo-wordpress\/ -->\n<title>Presentan\u00a0\u00a0Estrategia Contra Despojo de Inmuebles para la defensa del patrimonio de las familias - Agencia252<\/title>\n<meta name=\"robots\" content=\"index, follow, max-snippet:-1, max-image-preview:large, max-video-preview:-1\" \/>\n<link rel=\"canonical\" href=\"https:\/\/agencia.252.com.mx\/home\/presentan-estrategia-contra-despojo-de-inmuebles-para-la-defensa-del-patrimonio-de-las-familias\/\" \/>\n<meta property=\"og:locale\" content=\"es_ES\" \/>\n<meta property=\"og:type\" content=\"article\" \/>\n<meta property=\"og:title\" content=\"Presentan\u00a0\u00a0Estrategia Contra Despojo de Inmuebles para la defensa del patrimonio de las familias - Agencia252\" \/>\n<meta property=\"og:description\" content=\"Visitas: 41 Juan Ignacio Corro&nbsp; Ciudad de M\u00e9xico, a 28 de julio de 2025 La Jefa de Gobierno, Clara Brugada Molina, encabez\u00f3 la presentaci\u00f3n de la Estrategia Contra el Despojo de Inmuebles en la Ciudad de M\u00e9xico, que incluye el fortalecimiento institucional e iniciativas de reformas legales para sancionar, con hasta 22 a\u00f1os de prisi\u00f3n, [&hellip;]\" \/>\n<meta property=\"og:url\" content=\"https:\/\/agencia.252.com.mx\/home\/presentan-estrategia-contra-despojo-de-inmuebles-para-la-defensa-del-patrimonio-de-las-familias\/\" \/>\n<meta property=\"og:site_name\" content=\"Agencia252\" \/>\n<meta property=\"article:publisher\" content=\"https:\/\/www.facebook.com\/252Comunicacion\/\" \/>\n<meta property=\"article:author\" content=\"https:\/\/www.facebook.com\/jcorroherrera\/\" \/>\n<meta property=\"article:published_time\" content=\"2025-07-30T03:29:32+00:00\" \/>\n<meta property=\"article:modified_time\" content=\"2025-07-30T03:29:54+00:00\" \/>\n<meta property=\"og:image\" content=\"http:\/\/agencia.252.com.mx\/wp-content\/uploads\/2025\/07\/68894214625a8869591056.jpeg\" \/>\n\t<meta property=\"og:image:width\" content=\"2560\" \/>\n\t<meta property=\"og:image:height\" content=\"1707\" \/>\n\t<meta property=\"og:image:type\" content=\"image\/jpeg\" \/>\n<meta name=\"author\" content=\"Nacho Corro\" \/>\n<meta name=\"twitter:card\" content=\"summary_large_image\" \/>\n<meta name=\"twitter:creator\" content=\"@Juan Ignacio Corro Herrera\" \/>\n<meta name=\"twitter:site\" content=\"@252COMS\" \/>\n<meta name=\"twitter:label1\" content=\"Escrito por\" \/>\n\t<meta name=\"twitter:data1\" content=\"Nacho Corro\" \/>\n\t<meta name=\"twitter:label2\" content=\"Tiempo de lectura\" \/>\n\t<meta name=\"twitter:data2\" content=\"5 minutos\" \/>\n<script type=\"application\/ld+json\" class=\"yoast-schema-graph\">{\"@context\":\"https:\\\/\\\/schema.org\",\"@graph\":[{\"@type\":\"Article\",\"@id\":\"https:\\\/\\\/agencia.252.com.mx\\\/home\\\/presentan-estrategia-contra-despojo-de-inmuebles-para-la-defensa-del-patrimonio-de-las-familias\\\/#article\",\"isPartOf\":{\"@id\":\"https:\\\/\\\/agencia.252.com.mx\\\/home\\\/presentan-estrategia-contra-despojo-de-inmuebles-para-la-defensa-del-patrimonio-de-las-familias\\\/\"},\"author\":{\"name\":\"Nacho Corro\",\"@id\":\"https:\\\/\\\/agencia.252.com.mx\\\/home\\\/#\\\/schema\\\/person\\\/6b972021e9a92d45ade8c78d81509098\"},\"headline\":\"Presentan\u00a0\u00a0Estrategia Contra Despojo de Inmuebles para la defensa del patrimonio de las familias\",\"datePublished\":\"2025-07-30T03:29:32+00:00\",\"dateModified\":\"2025-07-30T03:29:54+00:00\",\"mainEntityOfPage\":{\"@id\":\"https:\\\/\\\/agencia.252.com.mx\\\/home\\\/presentan-estrategia-contra-despojo-de-inmuebles-para-la-defensa-del-patrimonio-de-las-familias\\\/\"},\"wordCount\":918,\"commentCount\":0,\"publisher\":{\"@id\":\"https:\\\/\\\/agencia.252.com.mx\\\/home\\\/#organization\"},\"image\":{\"@id\":\"https:\\\/\\\/agencia.252.com.mx\\\/home\\\/presentan-estrategia-contra-despojo-de-inmuebles-para-la-defensa-del-patrimonio-de-las-familias\\\/#primaryimage\"},\"thumbnailUrl\":\"https:\\\/\\\/agencia.252.com.mx\\\/wp-content\\\/uploads\\\/2025\\\/07\\\/68894214625a8869591056.jpeg\",\"keywords\":[\"Edomex\"],\"articleSection\":[\"CDMX\",\"delitos\",\"Seguridad\"],\"inLanguage\":\"es\",\"potentialAction\":[{\"@type\":\"CommentAction\",\"name\":\"Comment\",\"target\":[\"https:\\\/\\\/agencia.252.com.mx\\\/home\\\/presentan-estrategia-contra-despojo-de-inmuebles-para-la-defensa-del-patrimonio-de-las-familias\\\/#respond\"]}]},{\"@type\":\"WebPage\",\"@id\":\"https:\\\/\\\/agencia.252.com.mx\\\/home\\\/presentan-estrategia-contra-despojo-de-inmuebles-para-la-defensa-del-patrimonio-de-las-familias\\\/\",\"url\":\"https:\\\/\\\/agencia.252.com.mx\\\/home\\\/presentan-estrategia-contra-despojo-de-inmuebles-para-la-defensa-del-patrimonio-de-las-familias\\\/\",\"name\":\"Presentan\u00a0\u00a0Estrategia Contra Despojo de Inmuebles para la defensa del patrimonio de las familias - Agencia252\",\"isPartOf\":{\"@id\":\"https:\\\/\\\/agencia.252.com.mx\\\/home\\\/#website\"},\"primaryImageOfPage\":{\"@id\":\"https:\\\/\\\/agencia.252.com.mx\\\/home\\\/presentan-estrategia-contra-despojo-de-inmuebles-para-la-defensa-del-patrimonio-de-las-familias\\\/#primaryimage\"},\"image\":{\"@id\":\"https:\\\/\\\/agencia.252.com.mx\\\/home\\\/presentan-estrategia-contra-despojo-de-inmuebles-para-la-defensa-del-patrimonio-de-las-familias\\\/#primaryimage\"},\"thumbnailUrl\":\"https:\\\/\\\/agencia.252.com.mx\\\/wp-content\\\/uploads\\\/2025\\\/07\\\/68894214625a8869591056.jpeg\",\"datePublished\":\"2025-07-30T03:29:32+00:00\",\"dateModified\":\"2025-07-30T03:29:54+00:00\",\"breadcrumb\":{\"@id\":\"https:\\\/\\\/agencia.252.com.mx\\\/home\\\/presentan-estrategia-contra-despojo-de-inmuebles-para-la-defensa-del-patrimonio-de-las-familias\\\/#breadcrumb\"},\"inLanguage\":\"es\",\"potentialAction\":[{\"@type\":\"ReadAction\",\"target\":[\"https:\\\/\\\/agencia.252.com.mx\\\/home\\\/presentan-estrategia-contra-despojo-de-inmuebles-para-la-defensa-del-patrimonio-de-las-familias\\\/\"]}]},{\"@type\":\"ImageObject\",\"inLanguage\":\"es\",\"@id\":\"https:\\\/\\\/agencia.252.com.mx\\\/home\\\/presentan-estrategia-contra-despojo-de-inmuebles-para-la-defensa-del-patrimonio-de-las-familias\\\/#primaryimage\",\"url\":\"https:\\\/\\\/agencia.252.com.mx\\\/wp-content\\\/uploads\\\/2025\\\/07\\\/68894214625a8869591056.jpeg\",\"contentUrl\":\"https:\\\/\\\/agencia.252.com.mx\\\/wp-content\\\/uploads\\\/2025\\\/07\\\/68894214625a8869591056.jpeg\",\"width\":2560,\"height\":1707},{\"@type\":\"BreadcrumbList\",\"@id\":\"https:\\\/\\\/agencia.252.com.mx\\\/home\\\/presentan-estrategia-contra-despojo-de-inmuebles-para-la-defensa-del-patrimonio-de-las-familias\\\/#breadcrumb\",\"itemListElement\":[{\"@type\":\"ListItem\",\"position\":1,\"name\":\"Portada\",\"item\":\"https:\\\/\\\/agencia.252.com.mx\\\/home\\\/\"},{\"@type\":\"ListItem\",\"position\":2,\"name\":\"Presentan\u00a0\u00a0Estrategia Contra Despojo de Inmuebles para la defensa del patrimonio de las familias\"}]},{\"@type\":\"WebSite\",\"@id\":\"https:\\\/\\\/agencia.252.com.mx\\\/home\\\/#website\",\"url\":\"https:\\\/\\\/agencia.252.com.mx\\\/home\\\/\",\"name\":\"Agencia252\",\"description\":\"Tu espacio en la Red\",\"publisher\":{\"@id\":\"https:\\\/\\\/agencia.252.com.mx\\\/home\\\/#organization\"},\"potentialAction\":[{\"@type\":\"SearchAction\",\"target\":{\"@type\":\"EntryPoint\",\"urlTemplate\":\"https:\\\/\\\/agencia.252.com.mx\\\/home\\\/?s={search_term_string}\"},\"query-input\":{\"@type\":\"PropertyValueSpecification\",\"valueRequired\":true,\"valueName\":\"search_term_string\"}}],\"inLanguage\":\"es\"},{\"@type\":\"Organization\",\"@id\":\"https:\\\/\\\/agencia.252.com.mx\\\/home\\\/#organization\",\"name\":\"Agencia252\",\"url\":\"https:\\\/\\\/agencia.252.com.mx\\\/home\\\/\",\"logo\":{\"@type\":\"ImageObject\",\"inLanguage\":\"es\",\"@id\":\"https:\\\/\\\/agencia.252.com.mx\\\/home\\\/#\\\/schema\\\/logo\\\/image\\\/\",\"url\":\"https:\\\/\\\/agencia.252.com.mx\\\/wp-content\\\/uploads\\\/2023\\\/02\\\/cropped-ciruclo-agencia-e1677562404136.png\",\"contentUrl\":\"https:\\\/\\\/agencia.252.com.mx\\\/wp-content\\\/uploads\\\/2023\\\/02\\\/cropped-ciruclo-agencia-e1677562404136.png\",\"width\":512,\"height\":512,\"caption\":\"Agencia252\"},\"image\":{\"@id\":\"https:\\\/\\\/agencia.252.com.mx\\\/home\\\/#\\\/schema\\\/logo\\\/image\\\/\"},\"sameAs\":[\"https:\\\/\\\/www.facebook.com\\\/252Comunicacion\\\/\",\"https:\\\/\\\/x.com\\\/252COMS\"]},{\"@type\":\"Person\",\"@id\":\"https:\\\/\\\/agencia.252.com.mx\\\/home\\\/#\\\/schema\\\/person\\\/6b972021e9a92d45ade8c78d81509098\",\"name\":\"Nacho Corro\",\"image\":{\"@type\":\"ImageObject\",\"inLanguage\":\"es\",\"@id\":\"https:\\\/\\\/secure.gravatar.com\\\/avatar\\\/5db6df507cfe1307e192fbb498c6b85f1cf2ffd8b4cd37141b9eea588fcbd5a4?s=96&r=g\",\"url\":\"https:\\\/\\\/secure.gravatar.com\\\/avatar\\\/5db6df507cfe1307e192fbb498c6b85f1cf2ffd8b4cd37141b9eea588fcbd5a4?s=96&r=g\",\"contentUrl\":\"https:\\\/\\\/secure.gravatar.com\\\/avatar\\\/5db6df507cfe1307e192fbb498c6b85f1cf2ffd8b4cd37141b9eea588fcbd5a4?s=96&r=g\",\"caption\":\"Nacho Corro\"},\"description\":\"Comunicador Social, Periodista y Administraci\u00f3n P\u00fablica. Conversador pol\u00edtico, temas electorales y seguridad. Generador de contenidos digitales. Amante de la fotograf\u00eda\",\"sameAs\":[\"https:\\\/\\\/www.facebook.com\\\/jcorroherrera\\\/\",\"www.instagram.com\\\/nachocorro\\\/\",\"https:\\\/\\\/x.com\\\/Juan Ignacio Corro Herrera\"],\"url\":\"https:\\\/\\\/agencia.252.com.mx\\\/home\\\/author\\\/i-corro\\\/\"}]}<\/script>\n<!-- \/ Yoast SEO plugin. -->","yoast_head_json":{"title":"Presentan\u00a0\u00a0Estrategia Contra Despojo de Inmuebles para la defensa del patrimonio de las familias - Agencia252","robots":{"index":"index","follow":"follow","max-snippet":"max-snippet:-1","max-image-preview":"max-image-preview:large","max-video-preview":"max-video-preview:-1"},"canonical":"https:\/\/agencia.252.com.mx\/home\/presentan-estrategia-contra-despojo-de-inmuebles-para-la-defensa-del-patrimonio-de-las-familias\/","og_locale":"es_ES","og_type":"article","og_title":"Presentan\u00a0\u00a0Estrategia Contra Despojo de Inmuebles para la defensa del patrimonio de las familias - Agencia252","og_description":"Visitas: 41 Juan Ignacio Corro&nbsp; Ciudad de M\u00e9xico, a 28 de julio de 2025 La Jefa de Gobierno, Clara Brugada Molina, encabez\u00f3 la presentaci\u00f3n de la Estrategia Contra el Despojo de Inmuebles en la Ciudad de M\u00e9xico, que incluye el fortalecimiento institucional e iniciativas de reformas legales para sancionar, con hasta 22 a\u00f1os de prisi\u00f3n, [&hellip;]","og_url":"https:\/\/agencia.252.com.mx\/home\/presentan-estrategia-contra-despojo-de-inmuebles-para-la-defensa-del-patrimonio-de-las-familias\/","og_site_name":"Agencia252","article_publisher":"https:\/\/www.facebook.com\/252Comunicacion\/","article_author":"https:\/\/www.facebook.com\/jcorroherrera\/","article_published_time":"2025-07-30T03:29:32+00:00","article_modified_time":"2025-07-30T03:29:54+00:00","og_image":[{"width":2560,"height":1707,"url":"http:\/\/agencia.252.com.mx\/wp-content\/uploads\/2025\/07\/68894214625a8869591056.jpeg","type":"image\/jpeg"}],"author":"Nacho Corro","twitter_card":"summary_large_image","twitter_creator":"@Juan Ignacio Corro Herrera","twitter_site":"@252COMS","twitter_misc":{"Escrito por":"Nacho Corro","Tiempo de lectura":"5 minutos"},"schema":{"@context":"https:\/\/schema.org","@graph":[{"@type":"Article","@id":"https:\/\/agencia.252.com.mx\/home\/presentan-estrategia-contra-despojo-de-inmuebles-para-la-defensa-del-patrimonio-de-las-familias\/#article","isPartOf":{"@id":"https:\/\/agencia.252.com.mx\/home\/presentan-estrategia-contra-despojo-de-inmuebles-para-la-defensa-del-patrimonio-de-las-familias\/"},"author":{"name":"Nacho Corro","@id":"https:\/\/agencia.252.com.mx\/home\/#\/schema\/person\/6b972021e9a92d45ade8c78d81509098"},"headline":"Presentan\u00a0\u00a0Estrategia Contra Despojo de Inmuebles para la defensa del patrimonio de las familias","datePublished":"2025-07-30T03:29:32+00:00","dateModified":"2025-07-30T03:29:54+00:00","mainEntityOfPage":{"@id":"https:\/\/agencia.252.com.mx\/home\/presentan-estrategia-contra-despojo-de-inmuebles-para-la-defensa-del-patrimonio-de-las-familias\/"},"wordCount":918,"commentCount":0,"publisher":{"@id":"https:\/\/agencia.252.com.mx\/home\/#organization"},"image":{"@id":"https:\/\/agencia.252.com.mx\/home\/presentan-estrategia-contra-despojo-de-inmuebles-para-la-defensa-del-patrimonio-de-las-familias\/#primaryimage"},"thumbnailUrl":"https:\/\/agencia.252.com.mx\/wp-content\/uploads\/2025\/07\/68894214625a8869591056.jpeg","keywords":["Edomex"],"articleSection":["CDMX","delitos","Seguridad"],"inLanguage":"es","potentialAction":[{"@type":"CommentAction","name":"Comment","target":["https:\/\/agencia.252.com.mx\/home\/presentan-estrategia-contra-despojo-de-inmuebles-para-la-defensa-del-patrimonio-de-las-familias\/#respond"]}]},{"@type":"WebPage","@id":"https:\/\/agencia.252.com.mx\/home\/presentan-estrategia-contra-despojo-de-inmuebles-para-la-defensa-del-patrimonio-de-las-familias\/","url":"https:\/\/agencia.252.com.mx\/home\/presentan-estrategia-contra-despojo-de-inmuebles-para-la-defensa-del-patrimonio-de-las-familias\/","name":"Presentan\u00a0\u00a0Estrategia Contra Despojo de Inmuebles para la defensa del patrimonio de las familias - Agencia252","isPartOf":{"@id":"https:\/\/agencia.252.com.mx\/home\/#website"},"primaryImageOfPage":{"@id":"https:\/\/agencia.252.com.mx\/home\/presentan-estrategia-contra-despojo-de-inmuebles-para-la-defensa-del-patrimonio-de-las-familias\/#primaryimage"},"image":{"@id":"https:\/\/agencia.252.com.mx\/home\/presentan-estrategia-contra-despojo-de-inmuebles-para-la-defensa-del-patrimonio-de-las-familias\/#primaryimage"},"thumbnailUrl":"https:\/\/agencia.252.com.mx\/wp-content\/uploads\/2025\/07\/68894214625a8869591056.jpeg","datePublished":"2025-07-30T03:29:32+00:00","dateModified":"2025-07-30T03:29:54+00:00","breadcrumb":{"@id":"https:\/\/agencia.252.com.mx\/home\/presentan-estrategia-contra-despojo-de-inmuebles-para-la-defensa-del-patrimonio-de-las-familias\/#breadcrumb"},"inLanguage":"es","potentialAction":[{"@type":"ReadAction","target":["https:\/\/agencia.252.com.mx\/home\/presentan-estrategia-contra-despojo-de-inmuebles-para-la-defensa-del-patrimonio-de-las-familias\/"]}]},{"@type":"ImageObject","inLanguage":"es","@id":"https:\/\/agencia.252.com.mx\/home\/presentan-estrategia-contra-despojo-de-inmuebles-para-la-defensa-del-patrimonio-de-las-familias\/#primaryimage","url":"https:\/\/agencia.252.com.mx\/wp-content\/uploads\/2025\/07\/68894214625a8869591056.jpeg","contentUrl":"https:\/\/agencia.252.com.mx\/wp-content\/uploads\/2025\/07\/68894214625a8869591056.jpeg","width":2560,"height":1707},{"@type":"BreadcrumbList","@id":"https:\/\/agencia.252.com.mx\/home\/presentan-estrategia-contra-despojo-de-inmuebles-para-la-defensa-del-patrimonio-de-las-familias\/#breadcrumb","itemListElement":[{"@type":"ListItem","position":1,"name":"Portada","item":"https:\/\/agencia.252.com.mx\/home\/"},{"@type":"ListItem","position":2,"name":"Presentan\u00a0\u00a0Estrategia Contra Despojo de Inmuebles para la defensa del patrimonio de las familias"}]},{"@type":"WebSite","@id":"https:\/\/agencia.252.com.mx\/home\/#website","url":"https:\/\/agencia.252.com.mx\/home\/","name":"Agencia252","description":"Tu espacio en la Red","publisher":{"@id":"https:\/\/agencia.252.com.mx\/home\/#organization"},"potentialAction":[{"@type":"SearchAction","target":{"@type":"EntryPoint","urlTemplate":"https:\/\/agencia.252.com.mx\/home\/?s={search_term_string}"},"query-input":{"@type":"PropertyValueSpecification","valueRequired":true,"valueName":"search_term_string"}}],"inLanguage":"es"},{"@type":"Organization","@id":"https:\/\/agencia.252.com.mx\/home\/#organization","name":"Agencia252","url":"https:\/\/agencia.252.com.mx\/home\/","logo":{"@type":"ImageObject","inLanguage":"es","@id":"https:\/\/agencia.252.com.mx\/home\/#\/schema\/logo\/image\/","url":"https:\/\/agencia.252.com.mx\/wp-content\/uploads\/2023\/02\/cropped-ciruclo-agencia-e1677562404136.png","contentUrl":"https:\/\/agencia.252.com.mx\/wp-content\/uploads\/2023\/02\/cropped-ciruclo-agencia-e1677562404136.png","width":512,"height":512,"caption":"Agencia252"},"image":{"@id":"https:\/\/agencia.252.com.mx\/home\/#\/schema\/logo\/image\/"},"sameAs":["https:\/\/www.facebook.com\/252Comunicacion\/","https:\/\/x.com\/252COMS"]},{"@type":"Person","@id":"https:\/\/agencia.252.com.mx\/home\/#\/schema\/person\/6b972021e9a92d45ade8c78d81509098","name":"Nacho Corro","image":{"@type":"ImageObject","inLanguage":"es","@id":"https:\/\/secure.gravatar.com\/avatar\/5db6df507cfe1307e192fbb498c6b85f1cf2ffd8b4cd37141b9eea588fcbd5a4?s=96&r=g","url":"https:\/\/secure.gravatar.com\/avatar\/5db6df507cfe1307e192fbb498c6b85f1cf2ffd8b4cd37141b9eea588fcbd5a4?s=96&r=g","contentUrl":"https:\/\/secure.gravatar.com\/avatar\/5db6df507cfe1307e192fbb498c6b85f1cf2ffd8b4cd37141b9eea588fcbd5a4?s=96&r=g","caption":"Nacho Corro"},"description":"Comunicador Social, Periodista y Administraci\u00f3n P\u00fablica. Conversador pol\u00edtico, temas electorales y seguridad. Generador de contenidos digitales. Amante de la fotograf\u00eda","sameAs":["https:\/\/www.facebook.com\/jcorroherrera\/","www.instagram.com\/nachocorro\/","https:\/\/x.com\/Juan Ignacio Corro Herrera"],"url":"https:\/\/agencia.252.com.mx\/home\/author\/i-corro\/"}]}},"_links":{"self":[{"href":"https:\/\/agencia.252.com.mx\/home\/wp-json\/wp\/v2\/posts\/9462","targetHints":{"allow":["GET"]}}],"collection":[{"href":"https:\/\/agencia.252.com.mx\/home\/wp-json\/wp\/v2\/posts"}],"about":[{"href":"https:\/\/agencia.252.com.mx\/home\/wp-json\/wp\/v2\/types\/post"}],"author":[{"embeddable":true,"href":"https:\/\/agencia.252.com.mx\/home\/wp-json\/wp\/v2\/users\/5"}],"replies":[{"embeddable":true,"href":"https:\/\/agencia.252.com.mx\/home\/wp-json\/wp\/v2\/comments?post=9462"}],"version-history":[{"count":2,"href":"https:\/\/agencia.252.com.mx\/home\/wp-json\/wp\/v2\/posts\/9462\/revisions"}],"predecessor-version":[{"id":9467,"href":"https:\/\/agencia.252.com.mx\/home\/wp-json\/wp\/v2\/posts\/9462\/revisions\/9467"}],"wp:featuredmedia":[{"embeddable":true,"href":"https:\/\/agencia.252.com.mx\/home\/wp-json\/wp\/v2\/media\/9464"}],"wp:attachment":[{"href":"https:\/\/agencia.252.com.mx\/home\/wp-json\/wp\/v2\/media?parent=9462"}],"wp:term":[{"taxonomy":"category","embeddable":true,"href":"https:\/\/agencia.252.com.mx\/home\/wp-json\/wp\/v2\/categories?post=9462"},{"taxonomy":"post_tag","embeddable":true,"href":"https:\/\/agencia.252.com.mx\/home\/wp-json\/wp\/v2\/tags?post=9462"}],"curies":[{"name":"wp","href":"https:\/\/api.w.org\/{rel}","templated":true}]}}