{"id":9451,"date":"2025-07-29T20:02:01","date_gmt":"2025-07-30T02:02:01","guid":{"rendered":"https:\/\/agencia.252.com.mx\/home\/?p=9451"},"modified":"2025-07-29T23:24:12","modified_gmt":"2025-07-30T05:24:12","slug":"compremete-romina-contreras-seguir-estabilizacion-de-taludes-en-huixquilucan-para-proteger-el-patrimonio-de-las-familias","status":"publish","type":"post","link":"https:\/\/agencia.252.com.mx\/home\/compremete-romina-contreras-seguir-estabilizacion-de-taludes-en-huixquilucan-para-proteger-el-patrimonio-de-las-familias\/","title":{"rendered":"Compromete Romina Contreras seguir con estabilizaci\u00f3n de taludes en Huixquilucan, para proteger el patrimonio de las familias"},"content":{"rendered":"<p>Visitas: 37<\/p>\n<ul class=\"wp-block-list\">\n<li><em>Al reunirse con vecinos de Parques de la Herradura, la presidenta municipal, Romina Contreras, anunci\u00f3 el inicio de los trabajos para la estabilizaci\u00f3n del talud de Parque de Santander<\/em><\/li>\n\n\n\n<li><em>Durante 2025, el Gobierno de Huixquilucan invierte m\u00e1s de 59 millones de pesos para estabilizar seis taludes a lo largo y ancho del territorio, para dar mayor seguridad a los vecinos, ante la temporada de lluvias<\/em><\/li>\n<\/ul>\n\n\n\n<p>&nbsp;Juan Ignacio Corro&nbsp;<\/p>\n\n\n\n<p>Huixquilucan, Estado de M\u00e9xico, a 28 de julio de 2025<\/p>\n\n\n\n<p>Al reunirse con vecinos de los fraccionamientos Parques de la Herradura y Bosques de las Palmas, como parte de los recorridos semanales que se llevan a cabo con el programa \u201cHuixquilucan Contigo 24\/7\u201d, la presidenta municipal, Romina Contreras Carrasco, anunci\u00f3 que su administraci\u00f3n iniciar\u00e1 los trabajos de estabilizaci\u00f3n del talud de la calle Parque de Santander, con el objetivo de disminuir los riesgos ante la temporada de lluvias y salvaguardar el patrimonio de las familias que viven en las inmediaciones.<\/p>\n\n\n\n<figure class=\"wp-block-image alignright size-medium\"><img fetchpriority=\"high\" decoding=\"async\" width=\"300\" height=\"200\" src=\"https:\/\/agencia.252.com.mx\/wp-content\/uploads\/2025\/07\/Huixquilucan-Romina-Contreras-C-182-2025-5-1-300x200.jpeg\" alt=\"\" class=\"wp-image-9453\" srcset=\"https:\/\/agencia.252.com.mx\/wp-content\/uploads\/2025\/07\/Huixquilucan-Romina-Contreras-C-182-2025-5-1-300x200.jpeg 300w, https:\/\/agencia.252.com.mx\/wp-content\/uploads\/2025\/07\/Huixquilucan-Romina-Contreras-C-182-2025-5-1-1024x683.jpeg 1024w, https:\/\/agencia.252.com.mx\/wp-content\/uploads\/2025\/07\/Huixquilucan-Romina-Contreras-C-182-2025-5-1-768x512.jpeg 768w, https:\/\/agencia.252.com.mx\/wp-content\/uploads\/2025\/07\/Huixquilucan-Romina-Contreras-C-182-2025-5-1-1536x1024.jpeg 1536w, https:\/\/agencia.252.com.mx\/wp-content\/uploads\/2025\/07\/Huixquilucan-Romina-Contreras-C-182-2025-5-1-2048x1365.jpeg 2048w\" sizes=\"(max-width: 300px) 100vw, 300px\" \/><\/figure>\n\n\n\n<p>Acompa\u00f1ada de integrantes de su gabinete, Romina Contreras indic\u00f3 que esta obra, contemplada en el Plan Anual de Obra P\u00fablica, es parte de los seis taludes que se estabilizan este a\u00f1o, a lo largo y ancho del territorio, para hacer m\u00e1s seguro el tr\u00e1nsito y garantizar la protecci\u00f3n de las familias y sus bienes, ante la temporada de lluvias actual.<\/p>\n\n\n\n<p>\u201cEn los primeros cien d\u00edas de gobierno, anunciamos que, durante 2025, estabilizar\u00edamos seis taludes en diferentes comunidades del municipio, para proteger a la poblaci\u00f3n, y esta obra de Parque de Santander forma parte de estas acciones, pues fue una solicitud que nos realizaron los vecinos y que, luego de revisar con la Coordinaci\u00f3n Municipal de Protecci\u00f3n Civil, consideramos necesaria, para salvaguardar el patrimonio de las familias\u201d, indic\u00f3.<\/p>\n\n\n\n<p>&nbsp;Romina Contreras record\u00f3 que este a\u00f1o, el Gobierno de Huixquilucan invierte m\u00e1s de 59 millones de pesos en este rubro, con la intenci\u00f3n de evitar derrumbes, cierres de tramos carreteros o de avenidas principales, adem\u00e1s de otros riesgos causados por las precipitaciones.<\/p>\n\n\n\n<p>Hasta ahora ya fueron concluidos los trabajos de estabilizaci\u00f3n del talud del paraje El Venado, en San Francisco Dos R\u00edos; de avenida Crist\u00f3bal Col\u00f3n, en el Cuarto Cuartel y de la avenida Zacamulpa Sur, en Zacamulpa, y contin\u00faan los trabajos de construcci\u00f3n del muro de Vista Real, en Lomas Country Club, entre otros.<\/p>\n\n\n\n<p>Durante estas visitas del programa Huixquilucan Contigo 24\/7, la presidenta municipal, junto con su gabinete, escuch\u00f3 y atendi\u00f3 las solicitudes e ideas de los vecinos, con el objetivo de continuar mejorando la calidad de vida de las y los huixquiluquenses, entre las que se incluyen trabajos de poda, balizamiento, desazolve de rejillas, as\u00ed como la posibilidad de realizar una jornada de reforestaci\u00f3n, entre otras.<\/p>\n","protected":false},"excerpt":{"rendered":"<p>Visitas: 37 &nbsp;Juan Ignacio Corro&nbsp; Huixquilucan, Estado de M\u00e9xico, a 28 de julio de 2025 Al reunirse con vecinos de los fraccionamientos Parques de la Herradura y Bosques de las Palmas, como parte de los recorridos semanales que se llevan a cabo con el programa \u201cHuixquilucan Contigo 24\/7\u201d, la presidenta municipal, Romina Contreras Carrasco, anunci\u00f3 [&hellip;]<\/p>\n","protected":false},"author":5,"featured_media":9454,"comment_status":"open","ping_status":"open","sticky":false,"template":"","format":"standard","meta":{"site-sidebar-layout":"default","site-content-layout":"","ast-site-content-layout":"default","site-content-style":"default","site-sidebar-style":"default","ast-global-header-display":"","ast-banner-title-visibility":"","ast-main-header-display":"","ast-hfb-above-header-display":"","ast-hfb-below-header-display":"","ast-hfb-mobile-header-display":"","site-post-title":"","ast-breadcrumbs-content":"","ast-featured-img":"","footer-sml-layout":"","ast-disable-related-posts":"","theme-transparent-header-meta":"","adv-header-id-meta":"","stick-header-meta":"","header-above-stick-meta":"","header-main-stick-meta":"","header-below-stick-meta":"","astra-migrate-meta-layouts":"set","ast-page-background-enabled":"default","ast-page-background-meta":{"desktop":{"background-color":"var(--ast-global-color-4)","background-image":"","background-repeat":"repeat","background-position":"center center","background-size":"auto","background-attachment":"scroll","background-type":"","background-media":"","overlay-type":"","overlay-color":"","overlay-opacity":"","overlay-gradient":""},"tablet":{"background-color":"","background-image":"","background-repeat":"repeat","background-position":"center center","background-size":"auto","background-attachment":"scroll","background-type":"","background-media":"","overlay-type":"","overlay-color":"","overlay-opacity":"","overlay-gradient":""},"mobile":{"background-color":"","background-image":"","background-repeat":"repeat","background-position":"center center","background-size":"auto","background-attachment":"scroll","background-type":"","background-media":"","overlay-type":"","overlay-color":"","overlay-opacity":"","overlay-gradient":""}},"ast-content-background-meta":{"desktop":{"background-color":"var(--ast-global-color-5)","background-image":"","background-repeat":"repeat","background-position":"center center","background-size":"auto","background-attachment":"scroll","background-type":"","background-media":"","overlay-type":"","overlay-color":"","overlay-opacity":"","overlay-gradient":""},"tablet":{"background-color":"var(--ast-global-color-5)","background-image":"","background-repeat":"repeat","background-position":"center center","background-size":"auto","background-attachment":"scroll","background-type":"","background-media":"","overlay-type":"","overlay-color":"","overlay-opacity":"","overlay-gradient":""},"mobile":{"background-color":"var(--ast-global-color-5)","background-image":"","background-repeat":"repeat","background-position":"center center","background-size":"auto","background-attachment":"scroll","background-type":"","background-media":"","overlay-type":"","overlay-color":"","overlay-opacity":"","overlay-gradient":""}},"footnotes":""},"categories":[8,572,283,512,68],"tags":[526],"class_list":["post-9451","post","type-post","status-publish","format-standard","has-post-thumbnail","hentry","category-edomex","category-emergencias","category-huixquilucan","category-metropoli","category-seguridad","tag-edomex"],"yoast_head":"<!-- This site is optimized with the Yoast SEO plugin v27.4 - https:\/\/yoast.com\/product\/yoast-seo-wordpress\/ -->\n<title>Compromete Romina Contreras seguir con estabilizaci\u00f3n de taludes en Huixquilucan, para proteger el patrimonio de las familias - Agencia252<\/title>\n<meta name=\"robots\" content=\"index, follow, max-snippet:-1, max-image-preview:large, max-video-preview:-1\" \/>\n<link rel=\"canonical\" href=\"https:\/\/agencia.252.com.mx\/home\/compremete-romina-contreras-seguir-estabilizacion-de-taludes-en-huixquilucan-para-proteger-el-patrimonio-de-las-familias\/\" \/>\n<meta property=\"og:locale\" content=\"es_ES\" \/>\n<meta property=\"og:type\" content=\"article\" \/>\n<meta property=\"og:title\" content=\"Compromete Romina Contreras seguir con estabilizaci\u00f3n de taludes en Huixquilucan, para proteger el patrimonio de las familias - Agencia252\" \/>\n<meta property=\"og:description\" content=\"Visitas: 37 &nbsp;Juan Ignacio Corro&nbsp; Huixquilucan, Estado de M\u00e9xico, a 28 de julio de 2025 Al reunirse con vecinos de los fraccionamientos Parques de la Herradura y Bosques de las Palmas, como parte de los recorridos semanales que se llevan a cabo con el programa \u201cHuixquilucan Contigo 24\/7\u201d, la presidenta municipal, Romina Contreras Carrasco, anunci\u00f3 [&hellip;]\" \/>\n<meta property=\"og:url\" content=\"https:\/\/agencia.252.com.mx\/home\/compremete-romina-contreras-seguir-estabilizacion-de-taludes-en-huixquilucan-para-proteger-el-patrimonio-de-las-familias\/\" \/>\n<meta property=\"og:site_name\" content=\"Agencia252\" \/>\n<meta property=\"article:publisher\" content=\"https:\/\/www.facebook.com\/252Comunicacion\/\" \/>\n<meta property=\"article:author\" content=\"https:\/\/www.facebook.com\/jcorroherrera\/\" \/>\n<meta property=\"article:published_time\" content=\"2025-07-30T02:02:01+00:00\" \/>\n<meta property=\"article:modified_time\" content=\"2025-07-30T05:24:12+00:00\" \/>\n<meta property=\"og:image\" content=\"http:\/\/agencia.252.com.mx\/wp-content\/uploads\/2025\/07\/Huixquilucan-Romina-Contreras-C-182-2025-4-scaled.jpeg\" \/>\n\t<meta property=\"og:image:width\" content=\"2560\" \/>\n\t<meta property=\"og:image:height\" content=\"1707\" \/>\n\t<meta property=\"og:image:type\" content=\"image\/jpeg\" \/>\n<meta name=\"author\" content=\"Nacho Corro\" \/>\n<meta name=\"twitter:card\" content=\"summary_large_image\" \/>\n<meta name=\"twitter:creator\" content=\"@Juan Ignacio Corro Herrera\" \/>\n<meta name=\"twitter:site\" content=\"@252COMS\" \/>\n<meta name=\"twitter:label1\" content=\"Escrito por\" \/>\n\t<meta name=\"twitter:data1\" content=\"Nacho Corro\" \/>\n\t<meta name=\"twitter:label2\" content=\"Tiempo de lectura\" \/>\n\t<meta name=\"twitter:data2\" content=\"1 minuto\" \/>\n<script type=\"application\/ld+json\" class=\"yoast-schema-graph\">{\"@context\":\"https:\\\/\\\/schema.org\",\"@graph\":[{\"@type\":\"Article\",\"@id\":\"https:\\\/\\\/agencia.252.com.mx\\\/home\\\/compremete-romina-contreras-seguir-estabilizacion-de-taludes-en-huixquilucan-para-proteger-el-patrimonio-de-las-familias\\\/#article\",\"isPartOf\":{\"@id\":\"https:\\\/\\\/agencia.252.com.mx\\\/home\\\/compremete-romina-contreras-seguir-estabilizacion-de-taludes-en-huixquilucan-para-proteger-el-patrimonio-de-las-familias\\\/\"},\"author\":{\"name\":\"Nacho Corro\",\"@id\":\"https:\\\/\\\/agencia.252.com.mx\\\/home\\\/#\\\/schema\\\/person\\\/6b972021e9a92d45ade8c78d81509098\"},\"headline\":\"Compromete Romina Contreras seguir con estabilizaci\u00f3n de taludes en Huixquilucan, para proteger el patrimonio de las familias\",\"datePublished\":\"2025-07-30T02:02:01+00:00\",\"dateModified\":\"2025-07-30T05:24:12+00:00\",\"mainEntityOfPage\":{\"@id\":\"https:\\\/\\\/agencia.252.com.mx\\\/home\\\/compremete-romina-contreras-seguir-estabilizacion-de-taludes-en-huixquilucan-para-proteger-el-patrimonio-de-las-familias\\\/\"},\"wordCount\":484,\"commentCount\":0,\"publisher\":{\"@id\":\"https:\\\/\\\/agencia.252.com.mx\\\/home\\\/#organization\"},\"image\":{\"@id\":\"https:\\\/\\\/agencia.252.com.mx\\\/home\\\/compremete-romina-contreras-seguir-estabilizacion-de-taludes-en-huixquilucan-para-proteger-el-patrimonio-de-las-familias\\\/#primaryimage\"},\"thumbnailUrl\":\"https:\\\/\\\/agencia.252.com.mx\\\/wp-content\\\/uploads\\\/2025\\\/07\\\/Huixquilucan-Romina-Contreras-C-182-2025-4-scaled.jpeg\",\"keywords\":[\"Edomex\"],\"articleSection\":[\"Edomex\",\"Emergencias\",\"huixquilucan\",\"Metropoli\",\"Seguridad\"],\"inLanguage\":\"es\",\"potentialAction\":[{\"@type\":\"CommentAction\",\"name\":\"Comment\",\"target\":[\"https:\\\/\\\/agencia.252.com.mx\\\/home\\\/compremete-romina-contreras-seguir-estabilizacion-de-taludes-en-huixquilucan-para-proteger-el-patrimonio-de-las-familias\\\/#respond\"]}]},{\"@type\":\"WebPage\",\"@id\":\"https:\\\/\\\/agencia.252.com.mx\\\/home\\\/compremete-romina-contreras-seguir-estabilizacion-de-taludes-en-huixquilucan-para-proteger-el-patrimonio-de-las-familias\\\/\",\"url\":\"https:\\\/\\\/agencia.252.com.mx\\\/home\\\/compremete-romina-contreras-seguir-estabilizacion-de-taludes-en-huixquilucan-para-proteger-el-patrimonio-de-las-familias\\\/\",\"name\":\"Compromete Romina Contreras seguir con estabilizaci\u00f3n de taludes en Huixquilucan, para proteger el patrimonio de las familias - Agencia252\",\"isPartOf\":{\"@id\":\"https:\\\/\\\/agencia.252.com.mx\\\/home\\\/#website\"},\"primaryImageOfPage\":{\"@id\":\"https:\\\/\\\/agencia.252.com.mx\\\/home\\\/compremete-romina-contreras-seguir-estabilizacion-de-taludes-en-huixquilucan-para-proteger-el-patrimonio-de-las-familias\\\/#primaryimage\"},\"image\":{\"@id\":\"https:\\\/\\\/agencia.252.com.mx\\\/home\\\/compremete-romina-contreras-seguir-estabilizacion-de-taludes-en-huixquilucan-para-proteger-el-patrimonio-de-las-familias\\\/#primaryimage\"},\"thumbnailUrl\":\"https:\\\/\\\/agencia.252.com.mx\\\/wp-content\\\/uploads\\\/2025\\\/07\\\/Huixquilucan-Romina-Contreras-C-182-2025-4-scaled.jpeg\",\"datePublished\":\"2025-07-30T02:02:01+00:00\",\"dateModified\":\"2025-07-30T05:24:12+00:00\",\"breadcrumb\":{\"@id\":\"https:\\\/\\\/agencia.252.com.mx\\\/home\\\/compremete-romina-contreras-seguir-estabilizacion-de-taludes-en-huixquilucan-para-proteger-el-patrimonio-de-las-familias\\\/#breadcrumb\"},\"inLanguage\":\"es\",\"potentialAction\":[{\"@type\":\"ReadAction\",\"target\":[\"https:\\\/\\\/agencia.252.com.mx\\\/home\\\/compremete-romina-contreras-seguir-estabilizacion-de-taludes-en-huixquilucan-para-proteger-el-patrimonio-de-las-familias\\\/\"]}]},{\"@type\":\"ImageObject\",\"inLanguage\":\"es\",\"@id\":\"https:\\\/\\\/agencia.252.com.mx\\\/home\\\/compremete-romina-contreras-seguir-estabilizacion-de-taludes-en-huixquilucan-para-proteger-el-patrimonio-de-las-familias\\\/#primaryimage\",\"url\":\"https:\\\/\\\/agencia.252.com.mx\\\/wp-content\\\/uploads\\\/2025\\\/07\\\/Huixquilucan-Romina-Contreras-C-182-2025-4-scaled.jpeg\",\"contentUrl\":\"https:\\\/\\\/agencia.252.com.mx\\\/wp-content\\\/uploads\\\/2025\\\/07\\\/Huixquilucan-Romina-Contreras-C-182-2025-4-scaled.jpeg\",\"width\":2560,\"height\":1707},{\"@type\":\"BreadcrumbList\",\"@id\":\"https:\\\/\\\/agencia.252.com.mx\\\/home\\\/compremete-romina-contreras-seguir-estabilizacion-de-taludes-en-huixquilucan-para-proteger-el-patrimonio-de-las-familias\\\/#breadcrumb\",\"itemListElement\":[{\"@type\":\"ListItem\",\"position\":1,\"name\":\"Portada\",\"item\":\"https:\\\/\\\/agencia.252.com.mx\\\/home\\\/\"},{\"@type\":\"ListItem\",\"position\":2,\"name\":\"Compromete Romina Contreras seguir con estabilizaci\u00f3n de taludes en Huixquilucan, para proteger el patrimonio de las familias\"}]},{\"@type\":\"WebSite\",\"@id\":\"https:\\\/\\\/agencia.252.com.mx\\\/home\\\/#website\",\"url\":\"https:\\\/\\\/agencia.252.com.mx\\\/home\\\/\",\"name\":\"Agencia252\",\"description\":\"Tu espacio en la Red\",\"publisher\":{\"@id\":\"https:\\\/\\\/agencia.252.com.mx\\\/home\\\/#organization\"},\"potentialAction\":[{\"@type\":\"SearchAction\",\"target\":{\"@type\":\"EntryPoint\",\"urlTemplate\":\"https:\\\/\\\/agencia.252.com.mx\\\/home\\\/?s={search_term_string}\"},\"query-input\":{\"@type\":\"PropertyValueSpecification\",\"valueRequired\":true,\"valueName\":\"search_term_string\"}}],\"inLanguage\":\"es\"},{\"@type\":\"Organization\",\"@id\":\"https:\\\/\\\/agencia.252.com.mx\\\/home\\\/#organization\",\"name\":\"Agencia252\",\"url\":\"https:\\\/\\\/agencia.252.com.mx\\\/home\\\/\",\"logo\":{\"@type\":\"ImageObject\",\"inLanguage\":\"es\",\"@id\":\"https:\\\/\\\/agencia.252.com.mx\\\/home\\\/#\\\/schema\\\/logo\\\/image\\\/\",\"url\":\"https:\\\/\\\/agencia.252.com.mx\\\/wp-content\\\/uploads\\\/2023\\\/02\\\/cropped-ciruclo-agencia-e1677562404136.png\",\"contentUrl\":\"https:\\\/\\\/agencia.252.com.mx\\\/wp-content\\\/uploads\\\/2023\\\/02\\\/cropped-ciruclo-agencia-e1677562404136.png\",\"width\":512,\"height\":512,\"caption\":\"Agencia252\"},\"image\":{\"@id\":\"https:\\\/\\\/agencia.252.com.mx\\\/home\\\/#\\\/schema\\\/logo\\\/image\\\/\"},\"sameAs\":[\"https:\\\/\\\/www.facebook.com\\\/252Comunicacion\\\/\",\"https:\\\/\\\/x.com\\\/252COMS\"]},{\"@type\":\"Person\",\"@id\":\"https:\\\/\\\/agencia.252.com.mx\\\/home\\\/#\\\/schema\\\/person\\\/6b972021e9a92d45ade8c78d81509098\",\"name\":\"Nacho Corro\",\"image\":{\"@type\":\"ImageObject\",\"inLanguage\":\"es\",\"@id\":\"https:\\\/\\\/secure.gravatar.com\\\/avatar\\\/5db6df507cfe1307e192fbb498c6b85f1cf2ffd8b4cd37141b9eea588fcbd5a4?s=96&r=g\",\"url\":\"https:\\\/\\\/secure.gravatar.com\\\/avatar\\\/5db6df507cfe1307e192fbb498c6b85f1cf2ffd8b4cd37141b9eea588fcbd5a4?s=96&r=g\",\"contentUrl\":\"https:\\\/\\\/secure.gravatar.com\\\/avatar\\\/5db6df507cfe1307e192fbb498c6b85f1cf2ffd8b4cd37141b9eea588fcbd5a4?s=96&r=g\",\"caption\":\"Nacho Corro\"},\"description\":\"Comunicador Social, Periodista y Administraci\u00f3n P\u00fablica. Conversador pol\u00edtico, temas electorales y seguridad. Generador de contenidos digitales. Amante de la fotograf\u00eda\",\"sameAs\":[\"https:\\\/\\\/www.facebook.com\\\/jcorroherrera\\\/\",\"www.instagram.com\\\/nachocorro\\\/\",\"https:\\\/\\\/x.com\\\/Juan Ignacio Corro Herrera\"],\"url\":\"https:\\\/\\\/agencia.252.com.mx\\\/home\\\/author\\\/i-corro\\\/\"}]}<\/script>\n<!-- \/ Yoast SEO plugin. -->","yoast_head_json":{"title":"Compromete Romina Contreras seguir con estabilizaci\u00f3n de taludes en Huixquilucan, para proteger el patrimonio de las familias - Agencia252","robots":{"index":"index","follow":"follow","max-snippet":"max-snippet:-1","max-image-preview":"max-image-preview:large","max-video-preview":"max-video-preview:-1"},"canonical":"https:\/\/agencia.252.com.mx\/home\/compremete-romina-contreras-seguir-estabilizacion-de-taludes-en-huixquilucan-para-proteger-el-patrimonio-de-las-familias\/","og_locale":"es_ES","og_type":"article","og_title":"Compromete Romina Contreras seguir con estabilizaci\u00f3n de taludes en Huixquilucan, para proteger el patrimonio de las familias - Agencia252","og_description":"Visitas: 37 &nbsp;Juan Ignacio Corro&nbsp; Huixquilucan, Estado de M\u00e9xico, a 28 de julio de 2025 Al reunirse con vecinos de los fraccionamientos Parques de la Herradura y Bosques de las Palmas, como parte de los recorridos semanales que se llevan a cabo con el programa \u201cHuixquilucan Contigo 24\/7\u201d, la presidenta municipal, Romina Contreras Carrasco, anunci\u00f3 [&hellip;]","og_url":"https:\/\/agencia.252.com.mx\/home\/compremete-romina-contreras-seguir-estabilizacion-de-taludes-en-huixquilucan-para-proteger-el-patrimonio-de-las-familias\/","og_site_name":"Agencia252","article_publisher":"https:\/\/www.facebook.com\/252Comunicacion\/","article_author":"https:\/\/www.facebook.com\/jcorroherrera\/","article_published_time":"2025-07-30T02:02:01+00:00","article_modified_time":"2025-07-30T05:24:12+00:00","og_image":[{"width":2560,"height":1707,"url":"http:\/\/agencia.252.com.mx\/wp-content\/uploads\/2025\/07\/Huixquilucan-Romina-Contreras-C-182-2025-4-scaled.jpeg","type":"image\/jpeg"}],"author":"Nacho Corro","twitter_card":"summary_large_image","twitter_creator":"@Juan Ignacio Corro Herrera","twitter_site":"@252COMS","twitter_misc":{"Escrito por":"Nacho Corro","Tiempo de lectura":"1 minuto"},"schema":{"@context":"https:\/\/schema.org","@graph":[{"@type":"Article","@id":"https:\/\/agencia.252.com.mx\/home\/compremete-romina-contreras-seguir-estabilizacion-de-taludes-en-huixquilucan-para-proteger-el-patrimonio-de-las-familias\/#article","isPartOf":{"@id":"https:\/\/agencia.252.com.mx\/home\/compremete-romina-contreras-seguir-estabilizacion-de-taludes-en-huixquilucan-para-proteger-el-patrimonio-de-las-familias\/"},"author":{"name":"Nacho Corro","@id":"https:\/\/agencia.252.com.mx\/home\/#\/schema\/person\/6b972021e9a92d45ade8c78d81509098"},"headline":"Compromete Romina Contreras seguir con estabilizaci\u00f3n de taludes en Huixquilucan, para proteger el patrimonio de las familias","datePublished":"2025-07-30T02:02:01+00:00","dateModified":"2025-07-30T05:24:12+00:00","mainEntityOfPage":{"@id":"https:\/\/agencia.252.com.mx\/home\/compremete-romina-contreras-seguir-estabilizacion-de-taludes-en-huixquilucan-para-proteger-el-patrimonio-de-las-familias\/"},"wordCount":484,"commentCount":0,"publisher":{"@id":"https:\/\/agencia.252.com.mx\/home\/#organization"},"image":{"@id":"https:\/\/agencia.252.com.mx\/home\/compremete-romina-contreras-seguir-estabilizacion-de-taludes-en-huixquilucan-para-proteger-el-patrimonio-de-las-familias\/#primaryimage"},"thumbnailUrl":"https:\/\/agencia.252.com.mx\/wp-content\/uploads\/2025\/07\/Huixquilucan-Romina-Contreras-C-182-2025-4-scaled.jpeg","keywords":["Edomex"],"articleSection":["Edomex","Emergencias","huixquilucan","Metropoli","Seguridad"],"inLanguage":"es","potentialAction":[{"@type":"CommentAction","name":"Comment","target":["https:\/\/agencia.252.com.mx\/home\/compremete-romina-contreras-seguir-estabilizacion-de-taludes-en-huixquilucan-para-proteger-el-patrimonio-de-las-familias\/#respond"]}]},{"@type":"WebPage","@id":"https:\/\/agencia.252.com.mx\/home\/compremete-romina-contreras-seguir-estabilizacion-de-taludes-en-huixquilucan-para-proteger-el-patrimonio-de-las-familias\/","url":"https:\/\/agencia.252.com.mx\/home\/compremete-romina-contreras-seguir-estabilizacion-de-taludes-en-huixquilucan-para-proteger-el-patrimonio-de-las-familias\/","name":"Compromete Romina Contreras seguir con estabilizaci\u00f3n de taludes en Huixquilucan, para proteger el patrimonio de las familias - Agencia252","isPartOf":{"@id":"https:\/\/agencia.252.com.mx\/home\/#website"},"primaryImageOfPage":{"@id":"https:\/\/agencia.252.com.mx\/home\/compremete-romina-contreras-seguir-estabilizacion-de-taludes-en-huixquilucan-para-proteger-el-patrimonio-de-las-familias\/#primaryimage"},"image":{"@id":"https:\/\/agencia.252.com.mx\/home\/compremete-romina-contreras-seguir-estabilizacion-de-taludes-en-huixquilucan-para-proteger-el-patrimonio-de-las-familias\/#primaryimage"},"thumbnailUrl":"https:\/\/agencia.252.com.mx\/wp-content\/uploads\/2025\/07\/Huixquilucan-Romina-Contreras-C-182-2025-4-scaled.jpeg","datePublished":"2025-07-30T02:02:01+00:00","dateModified":"2025-07-30T05:24:12+00:00","breadcrumb":{"@id":"https:\/\/agencia.252.com.mx\/home\/compremete-romina-contreras-seguir-estabilizacion-de-taludes-en-huixquilucan-para-proteger-el-patrimonio-de-las-familias\/#breadcrumb"},"inLanguage":"es","potentialAction":[{"@type":"ReadAction","target":["https:\/\/agencia.252.com.mx\/home\/compremete-romina-contreras-seguir-estabilizacion-de-taludes-en-huixquilucan-para-proteger-el-patrimonio-de-las-familias\/"]}]},{"@type":"ImageObject","inLanguage":"es","@id":"https:\/\/agencia.252.com.mx\/home\/compremete-romina-contreras-seguir-estabilizacion-de-taludes-en-huixquilucan-para-proteger-el-patrimonio-de-las-familias\/#primaryimage","url":"https:\/\/agencia.252.com.mx\/wp-content\/uploads\/2025\/07\/Huixquilucan-Romina-Contreras-C-182-2025-4-scaled.jpeg","contentUrl":"https:\/\/agencia.252.com.mx\/wp-content\/uploads\/2025\/07\/Huixquilucan-Romina-Contreras-C-182-2025-4-scaled.jpeg","width":2560,"height":1707},{"@type":"BreadcrumbList","@id":"https:\/\/agencia.252.com.mx\/home\/compremete-romina-contreras-seguir-estabilizacion-de-taludes-en-huixquilucan-para-proteger-el-patrimonio-de-las-familias\/#breadcrumb","itemListElement":[{"@type":"ListItem","position":1,"name":"Portada","item":"https:\/\/agencia.252.com.mx\/home\/"},{"@type":"ListItem","position":2,"name":"Compromete Romina Contreras seguir con estabilizaci\u00f3n de taludes en Huixquilucan, para proteger el patrimonio de las familias"}]},{"@type":"WebSite","@id":"https:\/\/agencia.252.com.mx\/home\/#website","url":"https:\/\/agencia.252.com.mx\/home\/","name":"Agencia252","description":"Tu espacio en la Red","publisher":{"@id":"https:\/\/agencia.252.com.mx\/home\/#organization"},"potentialAction":[{"@type":"SearchAction","target":{"@type":"EntryPoint","urlTemplate":"https:\/\/agencia.252.com.mx\/home\/?s={search_term_string}"},"query-input":{"@type":"PropertyValueSpecification","valueRequired":true,"valueName":"search_term_string"}}],"inLanguage":"es"},{"@type":"Organization","@id":"https:\/\/agencia.252.com.mx\/home\/#organization","name":"Agencia252","url":"https:\/\/agencia.252.com.mx\/home\/","logo":{"@type":"ImageObject","inLanguage":"es","@id":"https:\/\/agencia.252.com.mx\/home\/#\/schema\/logo\/image\/","url":"https:\/\/agencia.252.com.mx\/wp-content\/uploads\/2023\/02\/cropped-ciruclo-agencia-e1677562404136.png","contentUrl":"https:\/\/agencia.252.com.mx\/wp-content\/uploads\/2023\/02\/cropped-ciruclo-agencia-e1677562404136.png","width":512,"height":512,"caption":"Agencia252"},"image":{"@id":"https:\/\/agencia.252.com.mx\/home\/#\/schema\/logo\/image\/"},"sameAs":["https:\/\/www.facebook.com\/252Comunicacion\/","https:\/\/x.com\/252COMS"]},{"@type":"Person","@id":"https:\/\/agencia.252.com.mx\/home\/#\/schema\/person\/6b972021e9a92d45ade8c78d81509098","name":"Nacho Corro","image":{"@type":"ImageObject","inLanguage":"es","@id":"https:\/\/secure.gravatar.com\/avatar\/5db6df507cfe1307e192fbb498c6b85f1cf2ffd8b4cd37141b9eea588fcbd5a4?s=96&r=g","url":"https:\/\/secure.gravatar.com\/avatar\/5db6df507cfe1307e192fbb498c6b85f1cf2ffd8b4cd37141b9eea588fcbd5a4?s=96&r=g","contentUrl":"https:\/\/secure.gravatar.com\/avatar\/5db6df507cfe1307e192fbb498c6b85f1cf2ffd8b4cd37141b9eea588fcbd5a4?s=96&r=g","caption":"Nacho Corro"},"description":"Comunicador Social, Periodista y Administraci\u00f3n P\u00fablica. Conversador pol\u00edtico, temas electorales y seguridad. Generador de contenidos digitales. Amante de la fotograf\u00eda","sameAs":["https:\/\/www.facebook.com\/jcorroherrera\/","www.instagram.com\/nachocorro\/","https:\/\/x.com\/Juan Ignacio Corro Herrera"],"url":"https:\/\/agencia.252.com.mx\/home\/author\/i-corro\/"}]}},"_links":{"self":[{"href":"https:\/\/agencia.252.com.mx\/home\/wp-json\/wp\/v2\/posts\/9451","targetHints":{"allow":["GET"]}}],"collection":[{"href":"https:\/\/agencia.252.com.mx\/home\/wp-json\/wp\/v2\/posts"}],"about":[{"href":"https:\/\/agencia.252.com.mx\/home\/wp-json\/wp\/v2\/types\/post"}],"author":[{"embeddable":true,"href":"https:\/\/agencia.252.com.mx\/home\/wp-json\/wp\/v2\/users\/5"}],"replies":[{"embeddable":true,"href":"https:\/\/agencia.252.com.mx\/home\/wp-json\/wp\/v2\/comments?post=9451"}],"version-history":[{"count":3,"href":"https:\/\/agencia.252.com.mx\/home\/wp-json\/wp\/v2\/posts\/9451\/revisions"}],"predecessor-version":[{"id":9468,"href":"https:\/\/agencia.252.com.mx\/home\/wp-json\/wp\/v2\/posts\/9451\/revisions\/9468"}],"wp:featuredmedia":[{"embeddable":true,"href":"https:\/\/agencia.252.com.mx\/home\/wp-json\/wp\/v2\/media\/9454"}],"wp:attachment":[{"href":"https:\/\/agencia.252.com.mx\/home\/wp-json\/wp\/v2\/media?parent=9451"}],"wp:term":[{"taxonomy":"category","embeddable":true,"href":"https:\/\/agencia.252.com.mx\/home\/wp-json\/wp\/v2\/categories?post=9451"},{"taxonomy":"post_tag","embeddable":true,"href":"https:\/\/agencia.252.com.mx\/home\/wp-json\/wp\/v2\/tags?post=9451"}],"curies":[{"name":"wp","href":"https:\/\/api.w.org\/{rel}","templated":true}]}}