{"id":9445,"date":"2025-07-29T19:46:11","date_gmt":"2025-07-30T01:46:11","guid":{"rendered":"https:\/\/agencia.252.com.mx\/home\/?p=9445"},"modified":"2025-07-29T19:46:12","modified_gmt":"2025-07-30T01:46:12","slug":"supervisa-codhem-actividades-en-centro-penitenciario-de-chalco-tras-rina-registrada","status":"publish","type":"post","link":"https:\/\/agencia.252.com.mx\/home\/supervisa-codhem-actividades-en-centro-penitenciario-de-chalco-tras-rina-registrada\/","title":{"rendered":"Supervisa CODHEM actividades en centro penitenciario de Chalco tras ri\u00f1a registrada\u00a0"},"content":{"rendered":"<p>Visitas: 45<\/p>\n<ul class=\"wp-block-list\">\n<li><em>Personal de la Comisi\u00f3n de Derechos Humanos del Estado de M\u00e9xico recorri\u00f3 el Centro Penitenciario para constatar que las actividades transcurrieran de manera normal<\/em><\/li>\n<\/ul>\n\n\n\n<p>Juan Ignacio Corro&nbsp;<\/p>\n\n\n\n<p class=\"has-text-align-right\">Toluca, Estado de M\u00e9xico, a 29 de julio de 2025<\/p>\n\n\n\n<p>Personal de la Comisi\u00f3n de Derechos Humanos del Estado de M\u00e9xico (CODHEM) encabezados por el Visitador Especializado en Personas Privadas de la Libertad, Carlos Vald\u00e9s, recorrieron el Centro Penitenciario y de Reinserci\u00f3n Social (CPRS) de Chalco tras una ri\u00f1a registrada en el M\u00f3dulo 2, la tarde del lunes 28 de julio.<\/p>\n\n\n\n<figure class=\"wp-block-image alignright size-medium\"><img fetchpriority=\"high\" decoding=\"async\" width=\"225\" height=\"300\" src=\"https:\/\/agencia.252.com.mx\/wp-content\/uploads\/2025\/07\/WhatsApp-Image-2025-07-29-at-9.41.35-AM-225x300.jpeg\" alt=\"\" class=\"wp-image-9449\" srcset=\"https:\/\/agencia.252.com.mx\/wp-content\/uploads\/2025\/07\/WhatsApp-Image-2025-07-29-at-9.41.35-AM-225x300.jpeg 225w, https:\/\/agencia.252.com.mx\/wp-content\/uploads\/2025\/07\/WhatsApp-Image-2025-07-29-at-9.41.35-AM-768x1024.jpeg 768w, https:\/\/agencia.252.com.mx\/wp-content\/uploads\/2025\/07\/WhatsApp-Image-2025-07-29-at-9.41.35-AM.jpeg 960w\" sizes=\"(max-width: 225px) 100vw, 225px\" \/><\/figure>\n\n\n\n<p>Esta supervisi\u00f3n realizada por la CODHEM obedece al desarrollo de la investigaci\u00f3n de oficio CODHEM\/EPPL\/382\/2025, iniciada para determinar, de manera objetiva, sobre presuntas violaciones a los derechos humanos, a la protecci\u00f3n de la integridad y una estancia digna y segura en prisi\u00f3n de las PPL en este CPRS.&nbsp;<\/p>\n\n\n\n<p>Durante la inspecci\u00f3n se document\u00f3 que una persona de las involucradas result\u00f3 lesionada por un objeto punzocortante, por lo que fue trasladada al Hospital General Valle de Chalco para su atenci\u00f3n m\u00e9dica.&nbsp;<\/p>\n\n\n\n<p>Durante el recorrido por diversos m\u00f3dulos del CPRS el personal de la CODHEM entrevist\u00f3 de manera aleatoria a varias PPL, quienes narraron parte de lo sucedido. Posteriormente los visitadores dialogaron con un grupo de personas que se encontraban a las afueras del establecimiento carcelario exigiendo informaci\u00f3n sobre las condiciones de sus familiares, por lo que se les proporcion\u00f3 informaci\u00f3n detallada al respecto.<\/p>\n","protected":false},"excerpt":{"rendered":"<p>Visitas: 45 Juan Ignacio Corro&nbsp; Toluca, Estado de M\u00e9xico, a 29 de julio de 2025 Personal de la Comisi\u00f3n de Derechos Humanos del Estado de M\u00e9xico (CODHEM) encabezados por el Visitador Especializado en Personas Privadas de la Libertad, Carlos Vald\u00e9s, recorrieron el Centro Penitenciario y de Reinserci\u00f3n Social (CPRS) de Chalco tras una ri\u00f1a registrada [&hellip;]<\/p>\n","protected":false},"author":5,"featured_media":9447,"comment_status":"open","ping_status":"open","sticky":false,"template":"","format":"standard","meta":{"site-sidebar-layout":"default","site-content-layout":"","ast-site-content-layout":"default","site-content-style":"default","site-sidebar-style":"default","ast-global-header-display":"","ast-banner-title-visibility":"","ast-main-header-display":"","ast-hfb-above-header-display":"","ast-hfb-below-header-display":"","ast-hfb-mobile-header-display":"","site-post-title":"","ast-breadcrumbs-content":"","ast-featured-img":"","footer-sml-layout":"","ast-disable-related-posts":"","theme-transparent-header-meta":"","adv-header-id-meta":"","stick-header-meta":"","header-above-stick-meta":"","header-main-stick-meta":"","header-below-stick-meta":"","astra-migrate-meta-layouts":"set","ast-page-background-enabled":"default","ast-page-background-meta":{"desktop":{"background-color":"var(--ast-global-color-4)","background-image":"","background-repeat":"repeat","background-position":"center center","background-size":"auto","background-attachment":"scroll","background-type":"","background-media":"","overlay-type":"","overlay-color":"","overlay-opacity":"","overlay-gradient":""},"tablet":{"background-color":"","background-image":"","background-repeat":"repeat","background-position":"center center","background-size":"auto","background-attachment":"scroll","background-type":"","background-media":"","overlay-type":"","overlay-color":"","overlay-opacity":"","overlay-gradient":""},"mobile":{"background-color":"","background-image":"","background-repeat":"repeat","background-position":"center center","background-size":"auto","background-attachment":"scroll","background-type":"","background-media":"","overlay-type":"","overlay-color":"","overlay-opacity":"","overlay-gradient":""}},"ast-content-background-meta":{"desktop":{"background-color":"var(--ast-global-color-5)","background-image":"","background-repeat":"repeat","background-position":"center center","background-size":"auto","background-attachment":"scroll","background-type":"","background-media":"","overlay-type":"","overlay-color":"","overlay-opacity":"","overlay-gradient":""},"tablet":{"background-color":"var(--ast-global-color-5)","background-image":"","background-repeat":"repeat","background-position":"center center","background-size":"auto","background-attachment":"scroll","background-type":"","background-media":"","overlay-type":"","overlay-color":"","overlay-opacity":"","overlay-gradient":""},"mobile":{"background-color":"var(--ast-global-color-5)","background-image":"","background-repeat":"repeat","background-position":"center center","background-size":"auto","background-attachment":"scroll","background-type":"","background-media":"","overlay-type":"","overlay-color":"","overlay-opacity":"","overlay-gradient":""}},"footnotes":""},"categories":[1],"tags":[],"class_list":["post-9445","post","type-post","status-publish","format-standard","has-post-thumbnail","hentry","category-uncategorized"],"yoast_head":"<!-- This site is optimized with the Yoast SEO plugin v27.4 - https:\/\/yoast.com\/product\/yoast-seo-wordpress\/ -->\n<title>Supervisa CODHEM actividades en centro penitenciario de Chalco tras ri\u00f1a registrada\u00a0 - Agencia252<\/title>\n<meta name=\"robots\" content=\"index, follow, max-snippet:-1, max-image-preview:large, max-video-preview:-1\" \/>\n<link rel=\"canonical\" href=\"https:\/\/agencia.252.com.mx\/home\/supervisa-codhem-actividades-en-centro-penitenciario-de-chalco-tras-rina-registrada\/\" \/>\n<meta property=\"og:locale\" content=\"es_ES\" \/>\n<meta property=\"og:type\" content=\"article\" \/>\n<meta property=\"og:title\" content=\"Supervisa CODHEM actividades en centro penitenciario de Chalco tras ri\u00f1a registrada\u00a0 - Agencia252\" \/>\n<meta property=\"og:description\" content=\"Visitas: 45 Juan Ignacio Corro&nbsp; Toluca, Estado de M\u00e9xico, a 29 de julio de 2025 Personal de la Comisi\u00f3n de Derechos Humanos del Estado de M\u00e9xico (CODHEM) encabezados por el Visitador Especializado en Personas Privadas de la Libertad, Carlos Vald\u00e9s, recorrieron el Centro Penitenciario y de Reinserci\u00f3n Social (CPRS) de Chalco tras una ri\u00f1a registrada [&hellip;]\" \/>\n<meta property=\"og:url\" content=\"https:\/\/agencia.252.com.mx\/home\/supervisa-codhem-actividades-en-centro-penitenciario-de-chalco-tras-rina-registrada\/\" \/>\n<meta property=\"og:site_name\" content=\"Agencia252\" \/>\n<meta property=\"article:publisher\" content=\"https:\/\/www.facebook.com\/252Comunicacion\/\" \/>\n<meta property=\"article:author\" content=\"https:\/\/www.facebook.com\/jcorroherrera\/\" \/>\n<meta property=\"article:published_time\" content=\"2025-07-30T01:46:11+00:00\" \/>\n<meta property=\"article:modified_time\" content=\"2025-07-30T01:46:12+00:00\" \/>\n<meta property=\"og:image\" content=\"http:\/\/agencia.252.com.mx\/wp-content\/uploads\/2025\/07\/WhatsApp-Image-2025-07-29-at-9.41.35-AM-3.jpeg\" \/>\n\t<meta property=\"og:image:width\" content=\"780\" \/>\n\t<meta property=\"og:image:height\" content=\"1052\" \/>\n\t<meta property=\"og:image:type\" content=\"image\/jpeg\" \/>\n<meta name=\"author\" content=\"Nacho Corro\" \/>\n<meta name=\"twitter:card\" content=\"summary_large_image\" \/>\n<meta name=\"twitter:creator\" content=\"@Juan Ignacio Corro Herrera\" \/>\n<meta name=\"twitter:site\" content=\"@252COMS\" \/>\n<meta name=\"twitter:label1\" content=\"Escrito por\" \/>\n\t<meta name=\"twitter:data1\" content=\"Nacho Corro\" \/>\n\t<meta name=\"twitter:label2\" content=\"Tiempo de lectura\" \/>\n\t<meta name=\"twitter:data2\" content=\"2 minutos\" \/>\n<script type=\"application\/ld+json\" class=\"yoast-schema-graph\">{\"@context\":\"https:\\\/\\\/schema.org\",\"@graph\":[{\"@type\":\"Article\",\"@id\":\"https:\\\/\\\/agencia.252.com.mx\\\/home\\\/supervisa-codhem-actividades-en-centro-penitenciario-de-chalco-tras-rina-registrada\\\/#article\",\"isPartOf\":{\"@id\":\"https:\\\/\\\/agencia.252.com.mx\\\/home\\\/supervisa-codhem-actividades-en-centro-penitenciario-de-chalco-tras-rina-registrada\\\/\"},\"author\":{\"name\":\"Nacho Corro\",\"@id\":\"https:\\\/\\\/agencia.252.com.mx\\\/home\\\/#\\\/schema\\\/person\\\/6b972021e9a92d45ade8c78d81509098\"},\"headline\":\"Supervisa CODHEM actividades en centro penitenciario de Chalco tras ri\u00f1a registrada\u00a0\",\"datePublished\":\"2025-07-30T01:46:11+00:00\",\"dateModified\":\"2025-07-30T01:46:12+00:00\",\"mainEntityOfPage\":{\"@id\":\"https:\\\/\\\/agencia.252.com.mx\\\/home\\\/supervisa-codhem-actividades-en-centro-penitenciario-de-chalco-tras-rina-registrada\\\/\"},\"wordCount\":261,\"commentCount\":0,\"publisher\":{\"@id\":\"https:\\\/\\\/agencia.252.com.mx\\\/home\\\/#organization\"},\"image\":{\"@id\":\"https:\\\/\\\/agencia.252.com.mx\\\/home\\\/supervisa-codhem-actividades-en-centro-penitenciario-de-chalco-tras-rina-registrada\\\/#primaryimage\"},\"thumbnailUrl\":\"https:\\\/\\\/agencia.252.com.mx\\\/wp-content\\\/uploads\\\/2025\\\/07\\\/WhatsApp-Image-2025-07-29-at-9.41.35-AM-3.jpeg\",\"articleSection\":[\"Uncategorized\"],\"inLanguage\":\"es\",\"potentialAction\":[{\"@type\":\"CommentAction\",\"name\":\"Comment\",\"target\":[\"https:\\\/\\\/agencia.252.com.mx\\\/home\\\/supervisa-codhem-actividades-en-centro-penitenciario-de-chalco-tras-rina-registrada\\\/#respond\"]}]},{\"@type\":\"WebPage\",\"@id\":\"https:\\\/\\\/agencia.252.com.mx\\\/home\\\/supervisa-codhem-actividades-en-centro-penitenciario-de-chalco-tras-rina-registrada\\\/\",\"url\":\"https:\\\/\\\/agencia.252.com.mx\\\/home\\\/supervisa-codhem-actividades-en-centro-penitenciario-de-chalco-tras-rina-registrada\\\/\",\"name\":\"Supervisa CODHEM actividades en centro penitenciario de Chalco tras ri\u00f1a registrada\u00a0 - Agencia252\",\"isPartOf\":{\"@id\":\"https:\\\/\\\/agencia.252.com.mx\\\/home\\\/#website\"},\"primaryImageOfPage\":{\"@id\":\"https:\\\/\\\/agencia.252.com.mx\\\/home\\\/supervisa-codhem-actividades-en-centro-penitenciario-de-chalco-tras-rina-registrada\\\/#primaryimage\"},\"image\":{\"@id\":\"https:\\\/\\\/agencia.252.com.mx\\\/home\\\/supervisa-codhem-actividades-en-centro-penitenciario-de-chalco-tras-rina-registrada\\\/#primaryimage\"},\"thumbnailUrl\":\"https:\\\/\\\/agencia.252.com.mx\\\/wp-content\\\/uploads\\\/2025\\\/07\\\/WhatsApp-Image-2025-07-29-at-9.41.35-AM-3.jpeg\",\"datePublished\":\"2025-07-30T01:46:11+00:00\",\"dateModified\":\"2025-07-30T01:46:12+00:00\",\"breadcrumb\":{\"@id\":\"https:\\\/\\\/agencia.252.com.mx\\\/home\\\/supervisa-codhem-actividades-en-centro-penitenciario-de-chalco-tras-rina-registrada\\\/#breadcrumb\"},\"inLanguage\":\"es\",\"potentialAction\":[{\"@type\":\"ReadAction\",\"target\":[\"https:\\\/\\\/agencia.252.com.mx\\\/home\\\/supervisa-codhem-actividades-en-centro-penitenciario-de-chalco-tras-rina-registrada\\\/\"]}]},{\"@type\":\"ImageObject\",\"inLanguage\":\"es\",\"@id\":\"https:\\\/\\\/agencia.252.com.mx\\\/home\\\/supervisa-codhem-actividades-en-centro-penitenciario-de-chalco-tras-rina-registrada\\\/#primaryimage\",\"url\":\"https:\\\/\\\/agencia.252.com.mx\\\/wp-content\\\/uploads\\\/2025\\\/07\\\/WhatsApp-Image-2025-07-29-at-9.41.35-AM-3.jpeg\",\"contentUrl\":\"https:\\\/\\\/agencia.252.com.mx\\\/wp-content\\\/uploads\\\/2025\\\/07\\\/WhatsApp-Image-2025-07-29-at-9.41.35-AM-3.jpeg\",\"width\":780,\"height\":1052},{\"@type\":\"BreadcrumbList\",\"@id\":\"https:\\\/\\\/agencia.252.com.mx\\\/home\\\/supervisa-codhem-actividades-en-centro-penitenciario-de-chalco-tras-rina-registrada\\\/#breadcrumb\",\"itemListElement\":[{\"@type\":\"ListItem\",\"position\":1,\"name\":\"Portada\",\"item\":\"https:\\\/\\\/agencia.252.com.mx\\\/home\\\/\"},{\"@type\":\"ListItem\",\"position\":2,\"name\":\"Supervisa CODHEM actividades en centro penitenciario de Chalco tras ri\u00f1a registrada\u00a0\"}]},{\"@type\":\"WebSite\",\"@id\":\"https:\\\/\\\/agencia.252.com.mx\\\/home\\\/#website\",\"url\":\"https:\\\/\\\/agencia.252.com.mx\\\/home\\\/\",\"name\":\"Agencia252\",\"description\":\"Tu espacio en la Red\",\"publisher\":{\"@id\":\"https:\\\/\\\/agencia.252.com.mx\\\/home\\\/#organization\"},\"potentialAction\":[{\"@type\":\"SearchAction\",\"target\":{\"@type\":\"EntryPoint\",\"urlTemplate\":\"https:\\\/\\\/agencia.252.com.mx\\\/home\\\/?s={search_term_string}\"},\"query-input\":{\"@type\":\"PropertyValueSpecification\",\"valueRequired\":true,\"valueName\":\"search_term_string\"}}],\"inLanguage\":\"es\"},{\"@type\":\"Organization\",\"@id\":\"https:\\\/\\\/agencia.252.com.mx\\\/home\\\/#organization\",\"name\":\"Agencia252\",\"url\":\"https:\\\/\\\/agencia.252.com.mx\\\/home\\\/\",\"logo\":{\"@type\":\"ImageObject\",\"inLanguage\":\"es\",\"@id\":\"https:\\\/\\\/agencia.252.com.mx\\\/home\\\/#\\\/schema\\\/logo\\\/image\\\/\",\"url\":\"https:\\\/\\\/agencia.252.com.mx\\\/wp-content\\\/uploads\\\/2023\\\/02\\\/cropped-ciruclo-agencia-e1677562404136.png\",\"contentUrl\":\"https:\\\/\\\/agencia.252.com.mx\\\/wp-content\\\/uploads\\\/2023\\\/02\\\/cropped-ciruclo-agencia-e1677562404136.png\",\"width\":512,\"height\":512,\"caption\":\"Agencia252\"},\"image\":{\"@id\":\"https:\\\/\\\/agencia.252.com.mx\\\/home\\\/#\\\/schema\\\/logo\\\/image\\\/\"},\"sameAs\":[\"https:\\\/\\\/www.facebook.com\\\/252Comunicacion\\\/\",\"https:\\\/\\\/x.com\\\/252COMS\"]},{\"@type\":\"Person\",\"@id\":\"https:\\\/\\\/agencia.252.com.mx\\\/home\\\/#\\\/schema\\\/person\\\/6b972021e9a92d45ade8c78d81509098\",\"name\":\"Nacho Corro\",\"image\":{\"@type\":\"ImageObject\",\"inLanguage\":\"es\",\"@id\":\"https:\\\/\\\/secure.gravatar.com\\\/avatar\\\/5db6df507cfe1307e192fbb498c6b85f1cf2ffd8b4cd37141b9eea588fcbd5a4?s=96&r=g\",\"url\":\"https:\\\/\\\/secure.gravatar.com\\\/avatar\\\/5db6df507cfe1307e192fbb498c6b85f1cf2ffd8b4cd37141b9eea588fcbd5a4?s=96&r=g\",\"contentUrl\":\"https:\\\/\\\/secure.gravatar.com\\\/avatar\\\/5db6df507cfe1307e192fbb498c6b85f1cf2ffd8b4cd37141b9eea588fcbd5a4?s=96&r=g\",\"caption\":\"Nacho Corro\"},\"description\":\"Comunicador Social, Periodista y Administraci\u00f3n P\u00fablica. Conversador pol\u00edtico, temas electorales y seguridad. Generador de contenidos digitales. Amante de la fotograf\u00eda\",\"sameAs\":[\"https:\\\/\\\/www.facebook.com\\\/jcorroherrera\\\/\",\"www.instagram.com\\\/nachocorro\\\/\",\"https:\\\/\\\/x.com\\\/Juan Ignacio Corro Herrera\"],\"url\":\"https:\\\/\\\/agencia.252.com.mx\\\/home\\\/author\\\/i-corro\\\/\"}]}<\/script>\n<!-- \/ Yoast SEO plugin. -->","yoast_head_json":{"title":"Supervisa CODHEM actividades en centro penitenciario de Chalco tras ri\u00f1a registrada\u00a0 - Agencia252","robots":{"index":"index","follow":"follow","max-snippet":"max-snippet:-1","max-image-preview":"max-image-preview:large","max-video-preview":"max-video-preview:-1"},"canonical":"https:\/\/agencia.252.com.mx\/home\/supervisa-codhem-actividades-en-centro-penitenciario-de-chalco-tras-rina-registrada\/","og_locale":"es_ES","og_type":"article","og_title":"Supervisa CODHEM actividades en centro penitenciario de Chalco tras ri\u00f1a registrada\u00a0 - Agencia252","og_description":"Visitas: 45 Juan Ignacio Corro&nbsp; Toluca, Estado de M\u00e9xico, a 29 de julio de 2025 Personal de la Comisi\u00f3n de Derechos Humanos del Estado de M\u00e9xico (CODHEM) encabezados por el Visitador Especializado en Personas Privadas de la Libertad, Carlos Vald\u00e9s, recorrieron el Centro Penitenciario y de Reinserci\u00f3n Social (CPRS) de Chalco tras una ri\u00f1a registrada [&hellip;]","og_url":"https:\/\/agencia.252.com.mx\/home\/supervisa-codhem-actividades-en-centro-penitenciario-de-chalco-tras-rina-registrada\/","og_site_name":"Agencia252","article_publisher":"https:\/\/www.facebook.com\/252Comunicacion\/","article_author":"https:\/\/www.facebook.com\/jcorroherrera\/","article_published_time":"2025-07-30T01:46:11+00:00","article_modified_time":"2025-07-30T01:46:12+00:00","og_image":[{"width":780,"height":1052,"url":"http:\/\/agencia.252.com.mx\/wp-content\/uploads\/2025\/07\/WhatsApp-Image-2025-07-29-at-9.41.35-AM-3.jpeg","type":"image\/jpeg"}],"author":"Nacho Corro","twitter_card":"summary_large_image","twitter_creator":"@Juan Ignacio Corro Herrera","twitter_site":"@252COMS","twitter_misc":{"Escrito por":"Nacho Corro","Tiempo de lectura":"2 minutos"},"schema":{"@context":"https:\/\/schema.org","@graph":[{"@type":"Article","@id":"https:\/\/agencia.252.com.mx\/home\/supervisa-codhem-actividades-en-centro-penitenciario-de-chalco-tras-rina-registrada\/#article","isPartOf":{"@id":"https:\/\/agencia.252.com.mx\/home\/supervisa-codhem-actividades-en-centro-penitenciario-de-chalco-tras-rina-registrada\/"},"author":{"name":"Nacho Corro","@id":"https:\/\/agencia.252.com.mx\/home\/#\/schema\/person\/6b972021e9a92d45ade8c78d81509098"},"headline":"Supervisa CODHEM actividades en centro penitenciario de Chalco tras ri\u00f1a registrada\u00a0","datePublished":"2025-07-30T01:46:11+00:00","dateModified":"2025-07-30T01:46:12+00:00","mainEntityOfPage":{"@id":"https:\/\/agencia.252.com.mx\/home\/supervisa-codhem-actividades-en-centro-penitenciario-de-chalco-tras-rina-registrada\/"},"wordCount":261,"commentCount":0,"publisher":{"@id":"https:\/\/agencia.252.com.mx\/home\/#organization"},"image":{"@id":"https:\/\/agencia.252.com.mx\/home\/supervisa-codhem-actividades-en-centro-penitenciario-de-chalco-tras-rina-registrada\/#primaryimage"},"thumbnailUrl":"https:\/\/agencia.252.com.mx\/wp-content\/uploads\/2025\/07\/WhatsApp-Image-2025-07-29-at-9.41.35-AM-3.jpeg","articleSection":["Uncategorized"],"inLanguage":"es","potentialAction":[{"@type":"CommentAction","name":"Comment","target":["https:\/\/agencia.252.com.mx\/home\/supervisa-codhem-actividades-en-centro-penitenciario-de-chalco-tras-rina-registrada\/#respond"]}]},{"@type":"WebPage","@id":"https:\/\/agencia.252.com.mx\/home\/supervisa-codhem-actividades-en-centro-penitenciario-de-chalco-tras-rina-registrada\/","url":"https:\/\/agencia.252.com.mx\/home\/supervisa-codhem-actividades-en-centro-penitenciario-de-chalco-tras-rina-registrada\/","name":"Supervisa CODHEM actividades en centro penitenciario de Chalco tras ri\u00f1a registrada\u00a0 - Agencia252","isPartOf":{"@id":"https:\/\/agencia.252.com.mx\/home\/#website"},"primaryImageOfPage":{"@id":"https:\/\/agencia.252.com.mx\/home\/supervisa-codhem-actividades-en-centro-penitenciario-de-chalco-tras-rina-registrada\/#primaryimage"},"image":{"@id":"https:\/\/agencia.252.com.mx\/home\/supervisa-codhem-actividades-en-centro-penitenciario-de-chalco-tras-rina-registrada\/#primaryimage"},"thumbnailUrl":"https:\/\/agencia.252.com.mx\/wp-content\/uploads\/2025\/07\/WhatsApp-Image-2025-07-29-at-9.41.35-AM-3.jpeg","datePublished":"2025-07-30T01:46:11+00:00","dateModified":"2025-07-30T01:46:12+00:00","breadcrumb":{"@id":"https:\/\/agencia.252.com.mx\/home\/supervisa-codhem-actividades-en-centro-penitenciario-de-chalco-tras-rina-registrada\/#breadcrumb"},"inLanguage":"es","potentialAction":[{"@type":"ReadAction","target":["https:\/\/agencia.252.com.mx\/home\/supervisa-codhem-actividades-en-centro-penitenciario-de-chalco-tras-rina-registrada\/"]}]},{"@type":"ImageObject","inLanguage":"es","@id":"https:\/\/agencia.252.com.mx\/home\/supervisa-codhem-actividades-en-centro-penitenciario-de-chalco-tras-rina-registrada\/#primaryimage","url":"https:\/\/agencia.252.com.mx\/wp-content\/uploads\/2025\/07\/WhatsApp-Image-2025-07-29-at-9.41.35-AM-3.jpeg","contentUrl":"https:\/\/agencia.252.com.mx\/wp-content\/uploads\/2025\/07\/WhatsApp-Image-2025-07-29-at-9.41.35-AM-3.jpeg","width":780,"height":1052},{"@type":"BreadcrumbList","@id":"https:\/\/agencia.252.com.mx\/home\/supervisa-codhem-actividades-en-centro-penitenciario-de-chalco-tras-rina-registrada\/#breadcrumb","itemListElement":[{"@type":"ListItem","position":1,"name":"Portada","item":"https:\/\/agencia.252.com.mx\/home\/"},{"@type":"ListItem","position":2,"name":"Supervisa CODHEM actividades en centro penitenciario de Chalco tras ri\u00f1a registrada\u00a0"}]},{"@type":"WebSite","@id":"https:\/\/agencia.252.com.mx\/home\/#website","url":"https:\/\/agencia.252.com.mx\/home\/","name":"Agencia252","description":"Tu espacio en la Red","publisher":{"@id":"https:\/\/agencia.252.com.mx\/home\/#organization"},"potentialAction":[{"@type":"SearchAction","target":{"@type":"EntryPoint","urlTemplate":"https:\/\/agencia.252.com.mx\/home\/?s={search_term_string}"},"query-input":{"@type":"PropertyValueSpecification","valueRequired":true,"valueName":"search_term_string"}}],"inLanguage":"es"},{"@type":"Organization","@id":"https:\/\/agencia.252.com.mx\/home\/#organization","name":"Agencia252","url":"https:\/\/agencia.252.com.mx\/home\/","logo":{"@type":"ImageObject","inLanguage":"es","@id":"https:\/\/agencia.252.com.mx\/home\/#\/schema\/logo\/image\/","url":"https:\/\/agencia.252.com.mx\/wp-content\/uploads\/2023\/02\/cropped-ciruclo-agencia-e1677562404136.png","contentUrl":"https:\/\/agencia.252.com.mx\/wp-content\/uploads\/2023\/02\/cropped-ciruclo-agencia-e1677562404136.png","width":512,"height":512,"caption":"Agencia252"},"image":{"@id":"https:\/\/agencia.252.com.mx\/home\/#\/schema\/logo\/image\/"},"sameAs":["https:\/\/www.facebook.com\/252Comunicacion\/","https:\/\/x.com\/252COMS"]},{"@type":"Person","@id":"https:\/\/agencia.252.com.mx\/home\/#\/schema\/person\/6b972021e9a92d45ade8c78d81509098","name":"Nacho Corro","image":{"@type":"ImageObject","inLanguage":"es","@id":"https:\/\/secure.gravatar.com\/avatar\/5db6df507cfe1307e192fbb498c6b85f1cf2ffd8b4cd37141b9eea588fcbd5a4?s=96&r=g","url":"https:\/\/secure.gravatar.com\/avatar\/5db6df507cfe1307e192fbb498c6b85f1cf2ffd8b4cd37141b9eea588fcbd5a4?s=96&r=g","contentUrl":"https:\/\/secure.gravatar.com\/avatar\/5db6df507cfe1307e192fbb498c6b85f1cf2ffd8b4cd37141b9eea588fcbd5a4?s=96&r=g","caption":"Nacho Corro"},"description":"Comunicador Social, Periodista y Administraci\u00f3n P\u00fablica. Conversador pol\u00edtico, temas electorales y seguridad. Generador de contenidos digitales. Amante de la fotograf\u00eda","sameAs":["https:\/\/www.facebook.com\/jcorroherrera\/","www.instagram.com\/nachocorro\/","https:\/\/x.com\/Juan Ignacio Corro Herrera"],"url":"https:\/\/agencia.252.com.mx\/home\/author\/i-corro\/"}]}},"_links":{"self":[{"href":"https:\/\/agencia.252.com.mx\/home\/wp-json\/wp\/v2\/posts\/9445","targetHints":{"allow":["GET"]}}],"collection":[{"href":"https:\/\/agencia.252.com.mx\/home\/wp-json\/wp\/v2\/posts"}],"about":[{"href":"https:\/\/agencia.252.com.mx\/home\/wp-json\/wp\/v2\/types\/post"}],"author":[{"embeddable":true,"href":"https:\/\/agencia.252.com.mx\/home\/wp-json\/wp\/v2\/users\/5"}],"replies":[{"embeddable":true,"href":"https:\/\/agencia.252.com.mx\/home\/wp-json\/wp\/v2\/comments?post=9445"}],"version-history":[{"count":1,"href":"https:\/\/agencia.252.com.mx\/home\/wp-json\/wp\/v2\/posts\/9445\/revisions"}],"predecessor-version":[{"id":9450,"href":"https:\/\/agencia.252.com.mx\/home\/wp-json\/wp\/v2\/posts\/9445\/revisions\/9450"}],"wp:featuredmedia":[{"embeddable":true,"href":"https:\/\/agencia.252.com.mx\/home\/wp-json\/wp\/v2\/media\/9447"}],"wp:attachment":[{"href":"https:\/\/agencia.252.com.mx\/home\/wp-json\/wp\/v2\/media?parent=9445"}],"wp:term":[{"taxonomy":"category","embeddable":true,"href":"https:\/\/agencia.252.com.mx\/home\/wp-json\/wp\/v2\/categories?post=9445"},{"taxonomy":"post_tag","embeddable":true,"href":"https:\/\/agencia.252.com.mx\/home\/wp-json\/wp\/v2\/tags?post=9445"}],"curies":[{"name":"wp","href":"https:\/\/api.w.org\/{rel}","templated":true}]}}