{"id":9440,"date":"2025-07-29T19:43:11","date_gmt":"2025-07-30T01:43:11","guid":{"rendered":"https:\/\/agencia.252.com.mx\/home\/?p=9440"},"modified":"2025-07-29T19:43:12","modified_gmt":"2025-07-30T01:43:12","slug":"rehabilitan-vialidades-de-andadores-en-tlalnepantla-oriente","status":"publish","type":"post","link":"https:\/\/agencia.252.com.mx\/home\/rehabilitan-vialidades-de-andadores-en-tlalnepantla-oriente\/","title":{"rendered":"Rehabilitan vialidades de andadores en Tlalnepantla Oriente\u00a0"},"content":{"rendered":"<p>Visitas: 27<\/p>\n<ul class=\"wp-block-list\">\n<li><em>El Presidente Municipal Raciel P\u00e9rez Cruz dio el banderazo de inicio a los trabajos de repavimentaci\u00f3n con concreto hidr\u00e1ulico de calle Costa Rica en San Jos\u00e9 Ixhuatepec<\/em><\/li>\n\n\n\n<li><em>La Primera Cerrada San Pablo (San Isidro) en la colonia San Isidro Ixhuatepec tambi\u00e9n recibir\u00e1 una rehabilitaci\u00f3n integral<\/em><\/li>\n<\/ul>\n\n\n\n<p>Juan Ignacio Corro&nbsp;<\/p>\n\n\n\n<p class=\"has-text-align-right\">Tlalnepantla, Estado de M\u00e9xico, a 29 de julio de 2025<\/p>\n\n\n\n<p>En la localidad El Puerto, el Alcalde Raciel P\u00e9rez Cruz dio el banderazo de inicio a los trabajos de construcci\u00f3n de andador y escalinata en calle Aztecas (Puerto Acapulco como la conocen los vecinos), en donde se realizar\u00e1n trabajos&nbsp;&nbsp;de reconstrucci\u00f3n de guarniciones; rehabilitaci\u00f3n de banquetas, escaleras, rampas y muro de contenci\u00f3n; colocaci\u00f3n de barandales con pl\u00e1stico producto de reciclaje; reparaci\u00f3n de tomas domiciliarias en puntos afectados; pintura en peraltes de escalones y guarniciones; rehabilitaci\u00f3n de andador con concreto hidr\u00e1ulico; entre otras.<\/p>\n\n\n\n<p>El Edil comunic\u00f3 a los vecinos, que adem\u00e1s de estas acciones, se tiene contemplados otro trabajos de rehabilitaci\u00f3n en calles y andadores de esta comunidad, adem\u00e1s de la remodelaci\u00f3n de toda la red hidr\u00e1ulica, \u201cyo estuve aqu\u00ed hace ya unos meses, en el periodo de gobierno electo, conozco bien este callej\u00f3n, seguiremos dialogando con los vecinos para atender sus necesidades\u201d.<\/p>\n\n\n\n<figure class=\"wp-block-image alignright size-medium\"><img fetchpriority=\"high\" decoding=\"async\" width=\"300\" height=\"169\" src=\"https:\/\/agencia.252.com.mx\/wp-content\/uploads\/2025\/07\/WhatsApp-Image-2025-07-29-at-3.58.19-PM-300x169.jpeg\" alt=\"\" class=\"wp-image-9443\" srcset=\"https:\/\/agencia.252.com.mx\/wp-content\/uploads\/2025\/07\/WhatsApp-Image-2025-07-29-at-3.58.19-PM-300x169.jpeg 300w, https:\/\/agencia.252.com.mx\/wp-content\/uploads\/2025\/07\/WhatsApp-Image-2025-07-29-at-3.58.19-PM-1024x576.jpeg 1024w, https:\/\/agencia.252.com.mx\/wp-content\/uploads\/2025\/07\/WhatsApp-Image-2025-07-29-at-3.58.19-PM-768x432.jpeg 768w, https:\/\/agencia.252.com.mx\/wp-content\/uploads\/2025\/07\/WhatsApp-Image-2025-07-29-at-3.58.19-PM-1536x864.jpeg 1536w, https:\/\/agencia.252.com.mx\/wp-content\/uploads\/2025\/07\/WhatsApp-Image-2025-07-29-at-3.58.19-PM.jpeg 1600w\" sizes=\"(max-width: 300px) 100vw, 300px\" \/><\/figure>\n\n\n\n<p>En la calle Costa Rica Ubicada en la comunidad de San Jos\u00e9 Ixhuatepec se llevar\u00e1 a cabo la reconstrucci\u00f3n de carpeta con concreto hidr\u00e1ulico; rehabilitaci\u00f3n de guarniciones y banquetas; sustituci\u00f3n de red de agua potable y red de drenaje en puntos afectados; renivelaci\u00f3n de pozos de visita; construcci\u00f3n de reductores de velocidad; se\u00f1alizaci\u00f3n y pintura en reductores de velocidad, por mencionar algunos trabajos.&nbsp;&nbsp;<\/p>\n\n\n\n<p>En total, se atender\u00e1 una superficie de 625.66 metros cuadrados y una longitud de 52.4 metros, lo que generar\u00e1 un entorno m\u00e1s seguro y contribuir\u00e1 a una sana convivencia entre los vecinos.&nbsp;<\/p>\n\n\n\n<p>En este punto, el Presidente Municipal Raciel P\u00e9rez Cruz asegur\u00f3 que seguir\u00e1n trabajando en la transformaci\u00f3n de m\u00e1s localidades como San Isidro, Caracoles, La Presa, La Petrolera, entre otras, al tiempo que record\u00f3 el lema que se convirti\u00f3 en su causa: \u201cNo mentir, no robar y no traicionar al pueblo\u201d.&nbsp;<\/p>\n\n\n\n<p>La Primera Cerrada San Pablo (San Isidro) en a colonia San Isidro Ixhuatepec tambi\u00e9n ser\u00e1 repavimentada, dicha vialidad cuenta con una superficie total de 914.49 metros cuadrados y una longitud de 129.9 metros. Aqu\u00ed, se realizar\u00e1n trabajos en guarniciones y banquetas; rehabilitaci\u00f3n de calle con concreto hidr\u00e1ulico; balizamiento; renivelaci\u00f3n de pozos de visita; reparaci\u00f3n de descargas sanitarias; sustituci\u00f3n de l\u00ednea de agua potable; colocaci\u00f3n de luminarias solares, entre otras.<\/p>\n","protected":false},"excerpt":{"rendered":"<p>Visitas: 27 Juan Ignacio Corro&nbsp; Tlalnepantla, Estado de M\u00e9xico, a 29 de julio de 2025 En la localidad El Puerto, el Alcalde Raciel P\u00e9rez Cruz dio el banderazo de inicio a los trabajos de construcci\u00f3n de andador y escalinata en calle Aztecas (Puerto Acapulco como la conocen los vecinos), en donde se realizar\u00e1n trabajos&nbsp;&nbsp;de reconstrucci\u00f3n [&hellip;]<\/p>\n","protected":false},"author":5,"featured_media":9441,"comment_status":"open","ping_status":"open","sticky":false,"template":"","format":"standard","meta":{"site-sidebar-layout":"default","site-content-layout":"","ast-site-content-layout":"default","site-content-style":"default","site-sidebar-style":"default","ast-global-header-display":"","ast-banner-title-visibility":"","ast-main-header-display":"","ast-hfb-above-header-display":"","ast-hfb-below-header-display":"","ast-hfb-mobile-header-display":"","site-post-title":"","ast-breadcrumbs-content":"","ast-featured-img":"","footer-sml-layout":"","ast-disable-related-posts":"","theme-transparent-header-meta":"","adv-header-id-meta":"","stick-header-meta":"","header-above-stick-meta":"","header-main-stick-meta":"","header-below-stick-meta":"","astra-migrate-meta-layouts":"set","ast-page-background-enabled":"default","ast-page-background-meta":{"desktop":{"background-color":"var(--ast-global-color-4)","background-image":"","background-repeat":"repeat","background-position":"center center","background-size":"auto","background-attachment":"scroll","background-type":"","background-media":"","overlay-type":"","overlay-color":"","overlay-opacity":"","overlay-gradient":""},"tablet":{"background-color":"","background-image":"","background-repeat":"repeat","background-position":"center center","background-size":"auto","background-attachment":"scroll","background-type":"","background-media":"","overlay-type":"","overlay-color":"","overlay-opacity":"","overlay-gradient":""},"mobile":{"background-color":"","background-image":"","background-repeat":"repeat","background-position":"center center","background-size":"auto","background-attachment":"scroll","background-type":"","background-media":"","overlay-type":"","overlay-color":"","overlay-opacity":"","overlay-gradient":""}},"ast-content-background-meta":{"desktop":{"background-color":"var(--ast-global-color-5)","background-image":"","background-repeat":"repeat","background-position":"center center","background-size":"auto","background-attachment":"scroll","background-type":"","background-media":"","overlay-type":"","overlay-color":"","overlay-opacity":"","overlay-gradient":""},"tablet":{"background-color":"var(--ast-global-color-5)","background-image":"","background-repeat":"repeat","background-position":"center center","background-size":"auto","background-attachment":"scroll","background-type":"","background-media":"","overlay-type":"","overlay-color":"","overlay-opacity":"","overlay-gradient":""},"mobile":{"background-color":"var(--ast-global-color-5)","background-image":"","background-repeat":"repeat","background-position":"center center","background-size":"auto","background-attachment":"scroll","background-type":"","background-media":"","overlay-type":"","overlay-color":"","overlay-opacity":"","overlay-gradient":""}},"footnotes":""},"categories":[8,512,56],"tags":[526],"class_list":["post-9440","post","type-post","status-publish","format-standard","has-post-thumbnail","hentry","category-edomex","category-metropoli","category-tlalnepantla","tag-edomex"],"yoast_head":"<!-- This site is optimized with the Yoast SEO plugin v27.4 - https:\/\/yoast.com\/product\/yoast-seo-wordpress\/ -->\n<title>Rehabilitan vialidades de andadores en Tlalnepantla Oriente\u00a0 - Agencia252<\/title>\n<meta name=\"robots\" content=\"index, follow, max-snippet:-1, max-image-preview:large, max-video-preview:-1\" \/>\n<link rel=\"canonical\" href=\"https:\/\/agencia.252.com.mx\/home\/rehabilitan-vialidades-de-andadores-en-tlalnepantla-oriente\/\" \/>\n<meta property=\"og:locale\" content=\"es_ES\" \/>\n<meta property=\"og:type\" content=\"article\" \/>\n<meta property=\"og:title\" content=\"Rehabilitan vialidades de andadores en Tlalnepantla Oriente\u00a0 - Agencia252\" \/>\n<meta property=\"og:description\" content=\"Visitas: 27 Juan Ignacio Corro&nbsp; Tlalnepantla, Estado de M\u00e9xico, a 29 de julio de 2025 En la localidad El Puerto, el Alcalde Raciel P\u00e9rez Cruz dio el banderazo de inicio a los trabajos de construcci\u00f3n de andador y escalinata en calle Aztecas (Puerto Acapulco como la conocen los vecinos), en donde se realizar\u00e1n trabajos&nbsp;&nbsp;de reconstrucci\u00f3n [&hellip;]\" \/>\n<meta property=\"og:url\" content=\"https:\/\/agencia.252.com.mx\/home\/rehabilitan-vialidades-de-andadores-en-tlalnepantla-oriente\/\" \/>\n<meta property=\"og:site_name\" content=\"Agencia252\" \/>\n<meta property=\"article:publisher\" content=\"https:\/\/www.facebook.com\/252Comunicacion\/\" \/>\n<meta property=\"article:author\" content=\"https:\/\/www.facebook.com\/jcorroherrera\/\" \/>\n<meta property=\"article:published_time\" content=\"2025-07-30T01:43:11+00:00\" \/>\n<meta property=\"article:modified_time\" content=\"2025-07-30T01:43:12+00:00\" \/>\n<meta property=\"og:image\" content=\"http:\/\/agencia.252.com.mx\/wp-content\/uploads\/2025\/07\/WhatsApp-Image-2025-07-29-at-3.58.17-PM.jpeg\" \/>\n\t<meta property=\"og:image:width\" content=\"1600\" \/>\n\t<meta property=\"og:image:height\" content=\"900\" \/>\n\t<meta property=\"og:image:type\" content=\"image\/jpeg\" \/>\n<meta name=\"author\" content=\"Nacho Corro\" \/>\n<meta name=\"twitter:card\" content=\"summary_large_image\" \/>\n<meta name=\"twitter:creator\" content=\"@Juan Ignacio Corro Herrera\" \/>\n<meta name=\"twitter:site\" content=\"@252COMS\" \/>\n<meta name=\"twitter:label1\" content=\"Escrito por\" \/>\n\t<meta name=\"twitter:data1\" content=\"Nacho Corro\" \/>\n\t<meta name=\"twitter:label2\" content=\"Tiempo de lectura\" \/>\n\t<meta name=\"twitter:data2\" content=\"3 minutos\" \/>\n<script type=\"application\/ld+json\" class=\"yoast-schema-graph\">{\"@context\":\"https:\\\/\\\/schema.org\",\"@graph\":[{\"@type\":\"Article\",\"@id\":\"https:\\\/\\\/agencia.252.com.mx\\\/home\\\/rehabilitan-vialidades-de-andadores-en-tlalnepantla-oriente\\\/#article\",\"isPartOf\":{\"@id\":\"https:\\\/\\\/agencia.252.com.mx\\\/home\\\/rehabilitan-vialidades-de-andadores-en-tlalnepantla-oriente\\\/\"},\"author\":{\"name\":\"Nacho Corro\",\"@id\":\"https:\\\/\\\/agencia.252.com.mx\\\/home\\\/#\\\/schema\\\/person\\\/6b972021e9a92d45ade8c78d81509098\"},\"headline\":\"Rehabilitan vialidades de andadores en Tlalnepantla Oriente\u00a0\",\"datePublished\":\"2025-07-30T01:43:11+00:00\",\"dateModified\":\"2025-07-30T01:43:12+00:00\",\"mainEntityOfPage\":{\"@id\":\"https:\\\/\\\/agencia.252.com.mx\\\/home\\\/rehabilitan-vialidades-de-andadores-en-tlalnepantla-oriente\\\/\"},\"wordCount\":467,\"commentCount\":0,\"publisher\":{\"@id\":\"https:\\\/\\\/agencia.252.com.mx\\\/home\\\/#organization\"},\"image\":{\"@id\":\"https:\\\/\\\/agencia.252.com.mx\\\/home\\\/rehabilitan-vialidades-de-andadores-en-tlalnepantla-oriente\\\/#primaryimage\"},\"thumbnailUrl\":\"https:\\\/\\\/agencia.252.com.mx\\\/wp-content\\\/uploads\\\/2025\\\/07\\\/WhatsApp-Image-2025-07-29-at-3.58.17-PM.jpeg\",\"keywords\":[\"Edomex\"],\"articleSection\":[\"Edomex\",\"Metropoli\",\"Tlalnepantla\"],\"inLanguage\":\"es\",\"potentialAction\":[{\"@type\":\"CommentAction\",\"name\":\"Comment\",\"target\":[\"https:\\\/\\\/agencia.252.com.mx\\\/home\\\/rehabilitan-vialidades-de-andadores-en-tlalnepantla-oriente\\\/#respond\"]}]},{\"@type\":\"WebPage\",\"@id\":\"https:\\\/\\\/agencia.252.com.mx\\\/home\\\/rehabilitan-vialidades-de-andadores-en-tlalnepantla-oriente\\\/\",\"url\":\"https:\\\/\\\/agencia.252.com.mx\\\/home\\\/rehabilitan-vialidades-de-andadores-en-tlalnepantla-oriente\\\/\",\"name\":\"Rehabilitan vialidades de andadores en Tlalnepantla Oriente\u00a0 - Agencia252\",\"isPartOf\":{\"@id\":\"https:\\\/\\\/agencia.252.com.mx\\\/home\\\/#website\"},\"primaryImageOfPage\":{\"@id\":\"https:\\\/\\\/agencia.252.com.mx\\\/home\\\/rehabilitan-vialidades-de-andadores-en-tlalnepantla-oriente\\\/#primaryimage\"},\"image\":{\"@id\":\"https:\\\/\\\/agencia.252.com.mx\\\/home\\\/rehabilitan-vialidades-de-andadores-en-tlalnepantla-oriente\\\/#primaryimage\"},\"thumbnailUrl\":\"https:\\\/\\\/agencia.252.com.mx\\\/wp-content\\\/uploads\\\/2025\\\/07\\\/WhatsApp-Image-2025-07-29-at-3.58.17-PM.jpeg\",\"datePublished\":\"2025-07-30T01:43:11+00:00\",\"dateModified\":\"2025-07-30T01:43:12+00:00\",\"breadcrumb\":{\"@id\":\"https:\\\/\\\/agencia.252.com.mx\\\/home\\\/rehabilitan-vialidades-de-andadores-en-tlalnepantla-oriente\\\/#breadcrumb\"},\"inLanguage\":\"es\",\"potentialAction\":[{\"@type\":\"ReadAction\",\"target\":[\"https:\\\/\\\/agencia.252.com.mx\\\/home\\\/rehabilitan-vialidades-de-andadores-en-tlalnepantla-oriente\\\/\"]}]},{\"@type\":\"ImageObject\",\"inLanguage\":\"es\",\"@id\":\"https:\\\/\\\/agencia.252.com.mx\\\/home\\\/rehabilitan-vialidades-de-andadores-en-tlalnepantla-oriente\\\/#primaryimage\",\"url\":\"https:\\\/\\\/agencia.252.com.mx\\\/wp-content\\\/uploads\\\/2025\\\/07\\\/WhatsApp-Image-2025-07-29-at-3.58.17-PM.jpeg\",\"contentUrl\":\"https:\\\/\\\/agencia.252.com.mx\\\/wp-content\\\/uploads\\\/2025\\\/07\\\/WhatsApp-Image-2025-07-29-at-3.58.17-PM.jpeg\",\"width\":1600,\"height\":900},{\"@type\":\"BreadcrumbList\",\"@id\":\"https:\\\/\\\/agencia.252.com.mx\\\/home\\\/rehabilitan-vialidades-de-andadores-en-tlalnepantla-oriente\\\/#breadcrumb\",\"itemListElement\":[{\"@type\":\"ListItem\",\"position\":1,\"name\":\"Portada\",\"item\":\"https:\\\/\\\/agencia.252.com.mx\\\/home\\\/\"},{\"@type\":\"ListItem\",\"position\":2,\"name\":\"Rehabilitan vialidades de andadores en Tlalnepantla Oriente\u00a0\"}]},{\"@type\":\"WebSite\",\"@id\":\"https:\\\/\\\/agencia.252.com.mx\\\/home\\\/#website\",\"url\":\"https:\\\/\\\/agencia.252.com.mx\\\/home\\\/\",\"name\":\"Agencia252\",\"description\":\"Tu espacio en la Red\",\"publisher\":{\"@id\":\"https:\\\/\\\/agencia.252.com.mx\\\/home\\\/#organization\"},\"potentialAction\":[{\"@type\":\"SearchAction\",\"target\":{\"@type\":\"EntryPoint\",\"urlTemplate\":\"https:\\\/\\\/agencia.252.com.mx\\\/home\\\/?s={search_term_string}\"},\"query-input\":{\"@type\":\"PropertyValueSpecification\",\"valueRequired\":true,\"valueName\":\"search_term_string\"}}],\"inLanguage\":\"es\"},{\"@type\":\"Organization\",\"@id\":\"https:\\\/\\\/agencia.252.com.mx\\\/home\\\/#organization\",\"name\":\"Agencia252\",\"url\":\"https:\\\/\\\/agencia.252.com.mx\\\/home\\\/\",\"logo\":{\"@type\":\"ImageObject\",\"inLanguage\":\"es\",\"@id\":\"https:\\\/\\\/agencia.252.com.mx\\\/home\\\/#\\\/schema\\\/logo\\\/image\\\/\",\"url\":\"https:\\\/\\\/agencia.252.com.mx\\\/wp-content\\\/uploads\\\/2023\\\/02\\\/cropped-ciruclo-agencia-e1677562404136.png\",\"contentUrl\":\"https:\\\/\\\/agencia.252.com.mx\\\/wp-content\\\/uploads\\\/2023\\\/02\\\/cropped-ciruclo-agencia-e1677562404136.png\",\"width\":512,\"height\":512,\"caption\":\"Agencia252\"},\"image\":{\"@id\":\"https:\\\/\\\/agencia.252.com.mx\\\/home\\\/#\\\/schema\\\/logo\\\/image\\\/\"},\"sameAs\":[\"https:\\\/\\\/www.facebook.com\\\/252Comunicacion\\\/\",\"https:\\\/\\\/x.com\\\/252COMS\"]},{\"@type\":\"Person\",\"@id\":\"https:\\\/\\\/agencia.252.com.mx\\\/home\\\/#\\\/schema\\\/person\\\/6b972021e9a92d45ade8c78d81509098\",\"name\":\"Nacho Corro\",\"image\":{\"@type\":\"ImageObject\",\"inLanguage\":\"es\",\"@id\":\"https:\\\/\\\/secure.gravatar.com\\\/avatar\\\/5db6df507cfe1307e192fbb498c6b85f1cf2ffd8b4cd37141b9eea588fcbd5a4?s=96&r=g\",\"url\":\"https:\\\/\\\/secure.gravatar.com\\\/avatar\\\/5db6df507cfe1307e192fbb498c6b85f1cf2ffd8b4cd37141b9eea588fcbd5a4?s=96&r=g\",\"contentUrl\":\"https:\\\/\\\/secure.gravatar.com\\\/avatar\\\/5db6df507cfe1307e192fbb498c6b85f1cf2ffd8b4cd37141b9eea588fcbd5a4?s=96&r=g\",\"caption\":\"Nacho Corro\"},\"description\":\"Comunicador Social, Periodista y Administraci\u00f3n P\u00fablica. Conversador pol\u00edtico, temas electorales y seguridad. Generador de contenidos digitales. Amante de la fotograf\u00eda\",\"sameAs\":[\"https:\\\/\\\/www.facebook.com\\\/jcorroherrera\\\/\",\"www.instagram.com\\\/nachocorro\\\/\",\"https:\\\/\\\/x.com\\\/Juan Ignacio Corro Herrera\"],\"url\":\"https:\\\/\\\/agencia.252.com.mx\\\/home\\\/author\\\/i-corro\\\/\"}]}<\/script>\n<!-- \/ Yoast SEO plugin. -->","yoast_head_json":{"title":"Rehabilitan vialidades de andadores en Tlalnepantla Oriente\u00a0 - Agencia252","robots":{"index":"index","follow":"follow","max-snippet":"max-snippet:-1","max-image-preview":"max-image-preview:large","max-video-preview":"max-video-preview:-1"},"canonical":"https:\/\/agencia.252.com.mx\/home\/rehabilitan-vialidades-de-andadores-en-tlalnepantla-oriente\/","og_locale":"es_ES","og_type":"article","og_title":"Rehabilitan vialidades de andadores en Tlalnepantla Oriente\u00a0 - Agencia252","og_description":"Visitas: 27 Juan Ignacio Corro&nbsp; Tlalnepantla, Estado de M\u00e9xico, a 29 de julio de 2025 En la localidad El Puerto, el Alcalde Raciel P\u00e9rez Cruz dio el banderazo de inicio a los trabajos de construcci\u00f3n de andador y escalinata en calle Aztecas (Puerto Acapulco como la conocen los vecinos), en donde se realizar\u00e1n trabajos&nbsp;&nbsp;de reconstrucci\u00f3n [&hellip;]","og_url":"https:\/\/agencia.252.com.mx\/home\/rehabilitan-vialidades-de-andadores-en-tlalnepantla-oriente\/","og_site_name":"Agencia252","article_publisher":"https:\/\/www.facebook.com\/252Comunicacion\/","article_author":"https:\/\/www.facebook.com\/jcorroherrera\/","article_published_time":"2025-07-30T01:43:11+00:00","article_modified_time":"2025-07-30T01:43:12+00:00","og_image":[{"width":1600,"height":900,"url":"http:\/\/agencia.252.com.mx\/wp-content\/uploads\/2025\/07\/WhatsApp-Image-2025-07-29-at-3.58.17-PM.jpeg","type":"image\/jpeg"}],"author":"Nacho Corro","twitter_card":"summary_large_image","twitter_creator":"@Juan Ignacio Corro Herrera","twitter_site":"@252COMS","twitter_misc":{"Escrito por":"Nacho Corro","Tiempo de lectura":"3 minutos"},"schema":{"@context":"https:\/\/schema.org","@graph":[{"@type":"Article","@id":"https:\/\/agencia.252.com.mx\/home\/rehabilitan-vialidades-de-andadores-en-tlalnepantla-oriente\/#article","isPartOf":{"@id":"https:\/\/agencia.252.com.mx\/home\/rehabilitan-vialidades-de-andadores-en-tlalnepantla-oriente\/"},"author":{"name":"Nacho Corro","@id":"https:\/\/agencia.252.com.mx\/home\/#\/schema\/person\/6b972021e9a92d45ade8c78d81509098"},"headline":"Rehabilitan vialidades de andadores en Tlalnepantla Oriente\u00a0","datePublished":"2025-07-30T01:43:11+00:00","dateModified":"2025-07-30T01:43:12+00:00","mainEntityOfPage":{"@id":"https:\/\/agencia.252.com.mx\/home\/rehabilitan-vialidades-de-andadores-en-tlalnepantla-oriente\/"},"wordCount":467,"commentCount":0,"publisher":{"@id":"https:\/\/agencia.252.com.mx\/home\/#organization"},"image":{"@id":"https:\/\/agencia.252.com.mx\/home\/rehabilitan-vialidades-de-andadores-en-tlalnepantla-oriente\/#primaryimage"},"thumbnailUrl":"https:\/\/agencia.252.com.mx\/wp-content\/uploads\/2025\/07\/WhatsApp-Image-2025-07-29-at-3.58.17-PM.jpeg","keywords":["Edomex"],"articleSection":["Edomex","Metropoli","Tlalnepantla"],"inLanguage":"es","potentialAction":[{"@type":"CommentAction","name":"Comment","target":["https:\/\/agencia.252.com.mx\/home\/rehabilitan-vialidades-de-andadores-en-tlalnepantla-oriente\/#respond"]}]},{"@type":"WebPage","@id":"https:\/\/agencia.252.com.mx\/home\/rehabilitan-vialidades-de-andadores-en-tlalnepantla-oriente\/","url":"https:\/\/agencia.252.com.mx\/home\/rehabilitan-vialidades-de-andadores-en-tlalnepantla-oriente\/","name":"Rehabilitan vialidades de andadores en Tlalnepantla Oriente\u00a0 - Agencia252","isPartOf":{"@id":"https:\/\/agencia.252.com.mx\/home\/#website"},"primaryImageOfPage":{"@id":"https:\/\/agencia.252.com.mx\/home\/rehabilitan-vialidades-de-andadores-en-tlalnepantla-oriente\/#primaryimage"},"image":{"@id":"https:\/\/agencia.252.com.mx\/home\/rehabilitan-vialidades-de-andadores-en-tlalnepantla-oriente\/#primaryimage"},"thumbnailUrl":"https:\/\/agencia.252.com.mx\/wp-content\/uploads\/2025\/07\/WhatsApp-Image-2025-07-29-at-3.58.17-PM.jpeg","datePublished":"2025-07-30T01:43:11+00:00","dateModified":"2025-07-30T01:43:12+00:00","breadcrumb":{"@id":"https:\/\/agencia.252.com.mx\/home\/rehabilitan-vialidades-de-andadores-en-tlalnepantla-oriente\/#breadcrumb"},"inLanguage":"es","potentialAction":[{"@type":"ReadAction","target":["https:\/\/agencia.252.com.mx\/home\/rehabilitan-vialidades-de-andadores-en-tlalnepantla-oriente\/"]}]},{"@type":"ImageObject","inLanguage":"es","@id":"https:\/\/agencia.252.com.mx\/home\/rehabilitan-vialidades-de-andadores-en-tlalnepantla-oriente\/#primaryimage","url":"https:\/\/agencia.252.com.mx\/wp-content\/uploads\/2025\/07\/WhatsApp-Image-2025-07-29-at-3.58.17-PM.jpeg","contentUrl":"https:\/\/agencia.252.com.mx\/wp-content\/uploads\/2025\/07\/WhatsApp-Image-2025-07-29-at-3.58.17-PM.jpeg","width":1600,"height":900},{"@type":"BreadcrumbList","@id":"https:\/\/agencia.252.com.mx\/home\/rehabilitan-vialidades-de-andadores-en-tlalnepantla-oriente\/#breadcrumb","itemListElement":[{"@type":"ListItem","position":1,"name":"Portada","item":"https:\/\/agencia.252.com.mx\/home\/"},{"@type":"ListItem","position":2,"name":"Rehabilitan vialidades de andadores en Tlalnepantla Oriente\u00a0"}]},{"@type":"WebSite","@id":"https:\/\/agencia.252.com.mx\/home\/#website","url":"https:\/\/agencia.252.com.mx\/home\/","name":"Agencia252","description":"Tu espacio en la Red","publisher":{"@id":"https:\/\/agencia.252.com.mx\/home\/#organization"},"potentialAction":[{"@type":"SearchAction","target":{"@type":"EntryPoint","urlTemplate":"https:\/\/agencia.252.com.mx\/home\/?s={search_term_string}"},"query-input":{"@type":"PropertyValueSpecification","valueRequired":true,"valueName":"search_term_string"}}],"inLanguage":"es"},{"@type":"Organization","@id":"https:\/\/agencia.252.com.mx\/home\/#organization","name":"Agencia252","url":"https:\/\/agencia.252.com.mx\/home\/","logo":{"@type":"ImageObject","inLanguage":"es","@id":"https:\/\/agencia.252.com.mx\/home\/#\/schema\/logo\/image\/","url":"https:\/\/agencia.252.com.mx\/wp-content\/uploads\/2023\/02\/cropped-ciruclo-agencia-e1677562404136.png","contentUrl":"https:\/\/agencia.252.com.mx\/wp-content\/uploads\/2023\/02\/cropped-ciruclo-agencia-e1677562404136.png","width":512,"height":512,"caption":"Agencia252"},"image":{"@id":"https:\/\/agencia.252.com.mx\/home\/#\/schema\/logo\/image\/"},"sameAs":["https:\/\/www.facebook.com\/252Comunicacion\/","https:\/\/x.com\/252COMS"]},{"@type":"Person","@id":"https:\/\/agencia.252.com.mx\/home\/#\/schema\/person\/6b972021e9a92d45ade8c78d81509098","name":"Nacho Corro","image":{"@type":"ImageObject","inLanguage":"es","@id":"https:\/\/secure.gravatar.com\/avatar\/5db6df507cfe1307e192fbb498c6b85f1cf2ffd8b4cd37141b9eea588fcbd5a4?s=96&r=g","url":"https:\/\/secure.gravatar.com\/avatar\/5db6df507cfe1307e192fbb498c6b85f1cf2ffd8b4cd37141b9eea588fcbd5a4?s=96&r=g","contentUrl":"https:\/\/secure.gravatar.com\/avatar\/5db6df507cfe1307e192fbb498c6b85f1cf2ffd8b4cd37141b9eea588fcbd5a4?s=96&r=g","caption":"Nacho Corro"},"description":"Comunicador Social, Periodista y Administraci\u00f3n P\u00fablica. Conversador pol\u00edtico, temas electorales y seguridad. Generador de contenidos digitales. Amante de la fotograf\u00eda","sameAs":["https:\/\/www.facebook.com\/jcorroherrera\/","www.instagram.com\/nachocorro\/","https:\/\/x.com\/Juan Ignacio Corro Herrera"],"url":"https:\/\/agencia.252.com.mx\/home\/author\/i-corro\/"}]}},"_links":{"self":[{"href":"https:\/\/agencia.252.com.mx\/home\/wp-json\/wp\/v2\/posts\/9440","targetHints":{"allow":["GET"]}}],"collection":[{"href":"https:\/\/agencia.252.com.mx\/home\/wp-json\/wp\/v2\/posts"}],"about":[{"href":"https:\/\/agencia.252.com.mx\/home\/wp-json\/wp\/v2\/types\/post"}],"author":[{"embeddable":true,"href":"https:\/\/agencia.252.com.mx\/home\/wp-json\/wp\/v2\/users\/5"}],"replies":[{"embeddable":true,"href":"https:\/\/agencia.252.com.mx\/home\/wp-json\/wp\/v2\/comments?post=9440"}],"version-history":[{"count":1,"href":"https:\/\/agencia.252.com.mx\/home\/wp-json\/wp\/v2\/posts\/9440\/revisions"}],"predecessor-version":[{"id":9444,"href":"https:\/\/agencia.252.com.mx\/home\/wp-json\/wp\/v2\/posts\/9440\/revisions\/9444"}],"wp:featuredmedia":[{"embeddable":true,"href":"https:\/\/agencia.252.com.mx\/home\/wp-json\/wp\/v2\/media\/9441"}],"wp:attachment":[{"href":"https:\/\/agencia.252.com.mx\/home\/wp-json\/wp\/v2\/media?parent=9440"}],"wp:term":[{"taxonomy":"category","embeddable":true,"href":"https:\/\/agencia.252.com.mx\/home\/wp-json\/wp\/v2\/categories?post=9440"},{"taxonomy":"post_tag","embeddable":true,"href":"https:\/\/agencia.252.com.mx\/home\/wp-json\/wp\/v2\/tags?post=9440"}],"curies":[{"name":"wp","href":"https:\/\/api.w.org\/{rel}","templated":true}]}}