{"id":23189,"date":"2026-09-05T15:50:49","date_gmt":"2026-09-05T21:50:49","guid":{"rendered":"https:\/\/agencia.252.com.mx\/home\/?p=23189"},"modified":"2026-09-05T19:26:52","modified_gmt":"2026-09-06T01:26:52","slug":"gobierno-de-ecatepec-recupera-50-espacios-utilizados-como-negocio-por-organizaciones-y-delincuentes","status":"publish","type":"post","link":"https:\/\/agencia.252.com.mx\/home\/gobierno-de-ecatepec-recupera-50-espacios-utilizados-como-negocio-por-organizaciones-y-delincuentes\/","title":{"rendered":"Gobierno de Ecatepec recupera 50 espacios utilizados como negocio por organizaciones y delincuentes"},"content":{"rendered":"<p>Visitas: 4<\/p>\n<ul class=\"wp-block-list\">\n<li><em>Ecatepec recupera lo que es de la gente: Azucena Cisneros entrega Parque Prizo 1&nbsp;<\/em><\/li>\n<\/ul>\n\n\n\n<ul class=\"wp-block-list\">\n<li><em>Hubo permisividad de gobiernos anteriores para que se fueran apropiando los delincuentes de los espacios p\u00fablicos<\/em><\/li>\n<\/ul>\n\n\n\n<p class=\"wp-block-paragraph\">Juan Ignacio Corro&nbsp;<\/p>\n\n\n\n<p class=\"has-text-align-right wp-block-paragraph\">Ecatepec, Estado de M\u00e9xico, a 5 de septiembre de 2026<\/p>\n\n\n\n<p class=\"wp-block-paragraph\">Al inaugurar el Parque Prizo 1, espacio p\u00fablico que recuper\u00f3 el gobierno de Ecatepec para todos los habitantes de la zona, la alcaldesa Azucena Cisneros advirti\u00f3 aquienes promueven la infamia y la difamaci\u00f3n que su gobierno encaminan su esfuerzo en la honra, la honestidad plena y \u201cel gran amor que le tengo a Ecatepec\u201d.<\/p>\n\n\n\n<p class=\"wp-block-paragraph\">Tras recorrer el Parque Prizo 1 y observar a las familias divertirse en las \u00e1reas de esparcimiento y los espacios deportivos, la presidenta municipal record\u00f3 que ese parque \u201ca pesar de ser un espacio p\u00fablico, fue un territorio que, por supuesto, se secuestr\u00f3 por a\u00f1os y a\u00f1os y a\u00f1os, por la delincuencia, por el pandillerismo que, por supuesto, \u201clo que menos importaba era si hab\u00eda algunos j\u00f3venes o ni\u00f1os, que&nbsp;&nbsp;(\u2026) jugaban en ese famoso front\u00f3n\u201d.<\/p>\n\n\n\n<p class=\"wp-block-paragraph\">Cisneros Coss lamento la permisividad de gobiernos anteriores para que se fueran apropiando los delincuentes de los espacios p\u00fablicos, al amparo de la falta de institucionalidad y la falta de gobernanza.<\/p>\n\n\n\n<figure class=\"wp-block-gallery has-nested-images columns-default is-cropped wp-block-gallery-1 is-layout-flex wp-block-gallery-is-layout-flex\">\n<figure class=\"wp-block-image size-large\"><img fetchpriority=\"high\" decoding=\"async\" width=\"1024\" height=\"682\" data-id=\"23192\" src=\"https:\/\/agencia.252.com.mx\/wp-content\/uploads\/2026\/09\/WhatsApp-Image-2026-09-05-at-2.22.49-PM-1024x682.jpeg\" alt=\"\" class=\"wp-image-23192\" srcset=\"https:\/\/agencia.252.com.mx\/wp-content\/uploads\/2026\/09\/WhatsApp-Image-2026-09-05-at-2.22.49-PM-1024x682.jpeg 1024w, https:\/\/agencia.252.com.mx\/wp-content\/uploads\/2026\/09\/WhatsApp-Image-2026-09-05-at-2.22.49-PM-300x200.jpeg 300w, https:\/\/agencia.252.com.mx\/wp-content\/uploads\/2026\/09\/WhatsApp-Image-2026-09-05-at-2.22.49-PM-768x512.jpeg 768w, https:\/\/agencia.252.com.mx\/wp-content\/uploads\/2026\/09\/WhatsApp-Image-2026-09-05-at-2.22.49-PM-1536x1023.jpeg 1536w, https:\/\/agencia.252.com.mx\/wp-content\/uploads\/2026\/09\/WhatsApp-Image-2026-09-05-at-2.22.49-PM.jpeg 1600w\" sizes=\"(max-width: 1024px) 100vw, 1024px\" \/><\/figure>\n\n\n\n<figure class=\"wp-block-image size-large\"><img decoding=\"async\" width=\"1024\" height=\"744\" data-id=\"23191\" src=\"http:\/\/agencia.252.com.mx\/wp-content\/uploads\/2026\/09\/WhatsApp-Image-2026-09-05-at-2.25.11-PM-1024x744.jpeg\" alt=\"\" class=\"wp-image-23191\" srcset=\"https:\/\/agencia.252.com.mx\/wp-content\/uploads\/2026\/09\/WhatsApp-Image-2026-09-05-at-2.25.11-PM-1024x744.jpeg 1024w, https:\/\/agencia.252.com.mx\/wp-content\/uploads\/2026\/09\/WhatsApp-Image-2026-09-05-at-2.25.11-PM-300x218.jpeg 300w, https:\/\/agencia.252.com.mx\/wp-content\/uploads\/2026\/09\/WhatsApp-Image-2026-09-05-at-2.25.11-PM-768x558.jpeg 768w, https:\/\/agencia.252.com.mx\/wp-content\/uploads\/2026\/09\/WhatsApp-Image-2026-09-05-at-2.25.11-PM-1536x1116.jpeg 1536w, https:\/\/agencia.252.com.mx\/wp-content\/uploads\/2026\/09\/WhatsApp-Image-2026-09-05-at-2.25.11-PM.jpeg 1600w\" sizes=\"(max-width: 1024px) 100vw, 1024px\" \/><\/figure>\n<\/figure>\n\n\n\n<p class=\"wp-block-paragraph\">Sin embargo, puntualiz\u00f3 que la actual administraci\u00f3n ha recuperado aproximadamente 50 espacios, tanto del gobierno municipal como de las comunidades, que se usufructuaron y se usaron como negocio por parte de organizaciones, en detrimento de los derechos de la gente en Ecatepec.<\/p>\n\n\n\n<p class=\"wp-block-paragraph\">Manifest\u00f3 que el gobierno municipal realiz\u00f3 un levantamiento antropol\u00f3gico social, donde se entrevist\u00f3 a varios habitantes del lugar, donde preguntaron c\u00f3mo se sent\u00edan con ese espacio y la respuesta de la mayor\u00eda fue: plenamente inseguros. Raz\u00f3n por la que el gobierno municipal decidi\u00f3 intervenir y rehabilitar el lugar. \u201cNinguno de los espacios que se construyeron fue por ocurrencia. Fue el resultado de una consulta con los vecinos de esta comunidad\u201d.<\/p>\n\n\n\n<p class=\"wp-block-paragraph\">En el lugar, el gobierno municipal, a trav\u00e9s de la Direcci\u00f3n de Obras P\u00fablicas, intervin\u00f3 una superficie superior a los nueve mil metros cuadrados, donde se ejecutaron obras como: rehabilitaci\u00f3n de la cancha de f\u00fatbol y construcci\u00f3n de una multicancha equipada con dos multiporter\u00edas; instalaci\u00f3n de un \u00e1rea destinada a la pr\u00e1ctica de skate, que cuenta con mobiliario especializado y la rodea una ciclopista; adem\u00e1s se instal\u00f3 una trotapista, para caminar y correr, alrededor del parque.<\/p>\n\n\n\n<p class=\"wp-block-paragraph\"><\/p>\n\n\n\n<p class=\"wp-block-paragraph\">Tambi\u00e9n, un parque canino, que fue equipado con mobiliario para los lomitos para favorecer su esparcimiento y actividad f\u00edsica; se mejor\u00f3 el \u00e1rea infantil, donde se colocaron juegos, que incluyen un columpio y un sube y baja para peque\u00f1os con sillas de ruedas. Se rehabilit\u00f3 la Casa del Adulto Mayor y se coloc\u00f3 una velar\u00eda destinada a actividades de convivencia y recreaci\u00f3n para personas de la tercera edad.<\/p>\n\n\n\n<p class=\"wp-block-paragraph\">Carlos Cruz, director de Servicios P\u00fablicos, inform\u00f3 que hace aproximadamente 60 d\u00edas se llev\u00f3 a cabo una intervenci\u00f3n integral para&nbsp;&nbsp;transformar este parque, donde personal a su cargo instal\u00f3 161 luminarias y 67 postes.<\/p>\n\n\n\n<p class=\"wp-block-paragraph\">Elementos de Protecci\u00f3n Civil realizaron 80 podas sanitarias y el retiro de un panal de abejas; a la vez que empleados de la Direcci\u00f3n de Medio Ambiente sembraron mil 480 plantas ornamentales y polinizadoras, as\u00ed como 80 \u00e1rboles.&nbsp;<\/p>\n\n\n\n<p class=\"wp-block-paragraph\">Por \u00faltimo, hay que destacar que la mun\u00edcipe anunci\u00f3 que en ese lugar, adem\u00e1s de que se aplicar\u00e1 el programa Cambia de Cancha, para que las y los j\u00f3venes practiquen diversos deportes, se va a construir una Casa del Adolescente, donde se brindar\u00e1n actividades l\u00fadicas y recreativas a favor de los ni\u00f1os y los j\u00f3venes, as\u00ed como la instalaci\u00f3n de un ring de boxeo.<\/p>\n\n\n\n<p class=\"wp-block-paragraph\"><\/p>\n","protected":false},"excerpt":{"rendered":"<p>Visitas: 4 Juan Ignacio Corro&nbsp; Ecatepec, Estado de M\u00e9xico, a 5 de septiembre de 2026 Al inaugurar el Parque Prizo 1, espacio p\u00fablico que recuper\u00f3 el gobierno de Ecatepec para todos los habitantes de la zona, la alcaldesa Azucena Cisneros advirti\u00f3 aquienes promueven la infamia y la difamaci\u00f3n que su gobierno encaminan su esfuerzo en [&hellip;]<\/p>\n","protected":false},"author":5,"featured_media":23190,"comment_status":"open","ping_status":"open","sticky":false,"template":"","format":"standard","meta":{"site-sidebar-layout":"default","site-content-layout":"","ast-site-content-layout":"default","site-content-style":"default","site-sidebar-style":"default","ast-global-header-display":"","ast-banner-title-visibility":"","ast-main-header-display":"","ast-hfb-above-header-display":"","ast-hfb-below-header-display":"","ast-hfb-mobile-header-display":"","site-post-title":"","ast-breadcrumbs-content":"","ast-featured-img":"","footer-sml-layout":"","ast-disable-related-posts":"","theme-transparent-header-meta":"","adv-header-id-meta":"","stick-header-meta":"","header-above-stick-meta":"","header-main-stick-meta":"","header-below-stick-meta":"","astra-migrate-meta-layouts":"set","ast-page-background-enabled":"default","ast-page-background-meta":{"desktop":{"background-color":"var(--ast-global-color-4)","background-image":"","background-repeat":"repeat","background-position":"center center","background-size":"auto","background-attachment":"scroll","background-type":"","background-media":"","overlay-type":"","overlay-color":"","overlay-opacity":"","overlay-gradient":""},"tablet":{"background-color":"","background-image":"","background-repeat":"repeat","background-position":"center center","background-size":"auto","background-attachment":"scroll","background-type":"","background-media":"","overlay-type":"","overlay-color":"","overlay-opacity":"","overlay-gradient":""},"mobile":{"background-color":"","background-image":"","background-repeat":"repeat","background-position":"center center","background-size":"auto","background-attachment":"scroll","background-type":"","background-media":"","overlay-type":"","overlay-color":"","overlay-opacity":"","overlay-gradient":""}},"ast-content-background-meta":{"desktop":{"background-color":"var(--ast-global-color-5)","background-image":"","background-repeat":"repeat","background-position":"center center","background-size":"auto","background-attachment":"scroll","background-type":"","background-media":"","overlay-type":"","overlay-color":"","overlay-opacity":"","overlay-gradient":""},"tablet":{"background-color":"var(--ast-global-color-5)","background-image":"","background-repeat":"repeat","background-position":"center center","background-size":"auto","background-attachment":"scroll","background-type":"","background-media":"","overlay-type":"","overlay-color":"","overlay-opacity":"","overlay-gradient":""},"mobile":{"background-color":"var(--ast-global-color-5)","background-image":"","background-repeat":"repeat","background-position":"center center","background-size":"auto","background-attachment":"scroll","background-type":"","background-media":"","overlay-type":"","overlay-color":"","overlay-opacity":"","overlay-gradient":""}},"footnotes":""},"categories":[38,8,68],"tags":[526],"class_list":["post-23189","post","type-post","status-publish","format-standard","has-post-thumbnail","hentry","category-ecatepec","category-edomex","category-seguridad","tag-edomex"],"yoast_head":"<!-- This site is optimized with the Yoast SEO plugin v28.4 - https:\/\/yoast.com\/product\/yoast-seo-wordpress\/ -->\n<title>Gobierno de Ecatepec recupera 50 espacios utilizados como negocio por organizaciones y delincuentes - Agencia252<\/title>\n<meta name=\"robots\" content=\"index, follow, max-snippet:-1, max-image-preview:large, max-video-preview:-1\" \/>\n<link rel=\"canonical\" href=\"https:\/\/agencia.252.com.mx\/home\/gobierno-de-ecatepec-recupera-50-espacios-utilizados-como-negocio-por-organizaciones-y-delincuentes\/\" \/>\n<meta property=\"og:locale\" content=\"es_ES\" \/>\n<meta property=\"og:type\" content=\"article\" \/>\n<meta property=\"og:title\" content=\"Gobierno de Ecatepec recupera 50 espacios utilizados como negocio por organizaciones y delincuentes - Agencia252\" \/>\n<meta property=\"og:description\" content=\"Visitas: 4 Juan Ignacio Corro&nbsp; Ecatepec, Estado de M\u00e9xico, a 5 de septiembre de 2026 Al inaugurar el Parque Prizo 1, espacio p\u00fablico que recuper\u00f3 el gobierno de Ecatepec para todos los habitantes de la zona, la alcaldesa Azucena Cisneros advirti\u00f3 aquienes promueven la infamia y la difamaci\u00f3n que su gobierno encaminan su esfuerzo en [&hellip;]\" \/>\n<meta property=\"og:url\" content=\"https:\/\/agencia.252.com.mx\/home\/gobierno-de-ecatepec-recupera-50-espacios-utilizados-como-negocio-por-organizaciones-y-delincuentes\/\" \/>\n<meta property=\"og:site_name\" content=\"Agencia252\" \/>\n<meta property=\"article:publisher\" content=\"https:\/\/www.facebook.com\/252Comunicacion\/\" \/>\n<meta property=\"article:author\" content=\"https:\/\/www.facebook.com\/jcorroherrera\/\" \/>\n<meta property=\"article:published_time\" content=\"2026-09-05T21:50:49+00:00\" \/>\n<meta property=\"article:modified_time\" content=\"2026-09-06T01:26:52+00:00\" \/>\n<meta property=\"og:image\" content=\"http:\/\/agencia.252.com.mx\/wp-content\/uploads\/2026\/09\/WhatsApp-Image-2026-09-05-at-2.23.10-PM.jpeg\" \/>\n\t<meta property=\"og:image:width\" content=\"1273\" \/>\n\t<meta property=\"og:image:height\" content=\"1280\" \/>\n\t<meta property=\"og:image:type\" content=\"image\/jpeg\" \/>\n<meta name=\"author\" content=\"Nacho Corro\" \/>\n<meta name=\"twitter:card\" content=\"summary_large_image\" \/>\n<meta name=\"twitter:creator\" content=\"@Juan Ignacio Corro Herrera\" \/>\n<meta name=\"twitter:site\" content=\"@252COMS\" \/>\n<meta name=\"twitter:label1\" content=\"Escrito por\" \/>\n\t<meta name=\"twitter:data1\" content=\"Nacho Corro\" \/>\n\t<meta name=\"twitter:label2\" content=\"Tiempo de lectura\" \/>\n\t<meta name=\"twitter:data2\" content=\"4 minutos\" \/>\n<script type=\"application\/ld+json\" class=\"yoast-schema-graph\">{\"@context\":\"https:\\\/\\\/schema.org\",\"@graph\":[{\"@type\":\"Article\",\"@id\":\"https:\\\/\\\/agencia.252.com.mx\\\/home\\\/gobierno-de-ecatepec-recupera-50-espacios-utilizados-como-negocio-por-organizaciones-y-delincuentes\\\/#article\",\"isPartOf\":{\"@id\":\"https:\\\/\\\/agencia.252.com.mx\\\/home\\\/gobierno-de-ecatepec-recupera-50-espacios-utilizados-como-negocio-por-organizaciones-y-delincuentes\\\/\"},\"author\":{\"name\":\"Nacho Corro\",\"@id\":\"https:\\\/\\\/agencia.252.com.mx\\\/home\\\/#\\\/schema\\\/person\\\/6b972021e9a92d45ade8c78d81509098\"},\"headline\":\"Gobierno de Ecatepec recupera 50 espacios utilizados como negocio por organizaciones y delincuentes\",\"datePublished\":\"2026-09-05T21:50:49+00:00\",\"dateModified\":\"2026-09-06T01:26:52+00:00\",\"mainEntityOfPage\":{\"@id\":\"https:\\\/\\\/agencia.252.com.mx\\\/home\\\/gobierno-de-ecatepec-recupera-50-espacios-utilizados-como-negocio-por-organizaciones-y-delincuentes\\\/\"},\"wordCount\":649,\"commentCount\":0,\"publisher\":{\"@id\":\"https:\\\/\\\/agencia.252.com.mx\\\/home\\\/#organization\"},\"image\":{\"@id\":\"https:\\\/\\\/agencia.252.com.mx\\\/home\\\/gobierno-de-ecatepec-recupera-50-espacios-utilizados-como-negocio-por-organizaciones-y-delincuentes\\\/#primaryimage\"},\"thumbnailUrl\":\"https:\\\/\\\/agencia.252.com.mx\\\/wp-content\\\/uploads\\\/2026\\\/09\\\/WhatsApp-Image-2026-09-05-at-2.23.10-PM.jpeg\",\"keywords\":[\"Edomex\"],\"articleSection\":[\"Ecatepec\",\"Edomex\",\"Seguridad\"],\"inLanguage\":\"es\",\"potentialAction\":[{\"@type\":\"CommentAction\",\"name\":\"Comment\",\"target\":[\"https:\\\/\\\/agencia.252.com.mx\\\/home\\\/gobierno-de-ecatepec-recupera-50-espacios-utilizados-como-negocio-por-organizaciones-y-delincuentes\\\/#respond\"]}]},{\"@type\":\"WebPage\",\"@id\":\"https:\\\/\\\/agencia.252.com.mx\\\/home\\\/gobierno-de-ecatepec-recupera-50-espacios-utilizados-como-negocio-por-organizaciones-y-delincuentes\\\/\",\"url\":\"https:\\\/\\\/agencia.252.com.mx\\\/home\\\/gobierno-de-ecatepec-recupera-50-espacios-utilizados-como-negocio-por-organizaciones-y-delincuentes\\\/\",\"name\":\"Gobierno de Ecatepec recupera 50 espacios utilizados como negocio por organizaciones y delincuentes - Agencia252\",\"isPartOf\":{\"@id\":\"https:\\\/\\\/agencia.252.com.mx\\\/home\\\/#website\"},\"primaryImageOfPage\":{\"@id\":\"https:\\\/\\\/agencia.252.com.mx\\\/home\\\/gobierno-de-ecatepec-recupera-50-espacios-utilizados-como-negocio-por-organizaciones-y-delincuentes\\\/#primaryimage\"},\"image\":{\"@id\":\"https:\\\/\\\/agencia.252.com.mx\\\/home\\\/gobierno-de-ecatepec-recupera-50-espacios-utilizados-como-negocio-por-organizaciones-y-delincuentes\\\/#primaryimage\"},\"thumbnailUrl\":\"https:\\\/\\\/agencia.252.com.mx\\\/wp-content\\\/uploads\\\/2026\\\/09\\\/WhatsApp-Image-2026-09-05-at-2.23.10-PM.jpeg\",\"datePublished\":\"2026-09-05T21:50:49+00:00\",\"dateModified\":\"2026-09-06T01:26:52+00:00\",\"breadcrumb\":{\"@id\":\"https:\\\/\\\/agencia.252.com.mx\\\/home\\\/gobierno-de-ecatepec-recupera-50-espacios-utilizados-como-negocio-por-organizaciones-y-delincuentes\\\/#breadcrumb\"},\"inLanguage\":\"es\",\"potentialAction\":[{\"@type\":\"ReadAction\",\"target\":[\"https:\\\/\\\/agencia.252.com.mx\\\/home\\\/gobierno-de-ecatepec-recupera-50-espacios-utilizados-como-negocio-por-organizaciones-y-delincuentes\\\/\"]}]},{\"@type\":\"ImageObject\",\"inLanguage\":\"es\",\"@id\":\"https:\\\/\\\/agencia.252.com.mx\\\/home\\\/gobierno-de-ecatepec-recupera-50-espacios-utilizados-como-negocio-por-organizaciones-y-delincuentes\\\/#primaryimage\",\"url\":\"https:\\\/\\\/agencia.252.com.mx\\\/wp-content\\\/uploads\\\/2026\\\/09\\\/WhatsApp-Image-2026-09-05-at-2.23.10-PM.jpeg\",\"contentUrl\":\"https:\\\/\\\/agencia.252.com.mx\\\/wp-content\\\/uploads\\\/2026\\\/09\\\/WhatsApp-Image-2026-09-05-at-2.23.10-PM.jpeg\",\"width\":1273,\"height\":1280},{\"@type\":\"BreadcrumbList\",\"@id\":\"https:\\\/\\\/agencia.252.com.mx\\\/home\\\/gobierno-de-ecatepec-recupera-50-espacios-utilizados-como-negocio-por-organizaciones-y-delincuentes\\\/#breadcrumb\",\"itemListElement\":[{\"@type\":\"ListItem\",\"position\":1,\"name\":\"Portada\",\"item\":\"https:\\\/\\\/agencia.252.com.mx\\\/home\\\/\"},{\"@type\":\"ListItem\",\"position\":2,\"name\":\"Gobierno de Ecatepec recupera 50 espacios utilizados como negocio por organizaciones y delincuentes\"}]},{\"@type\":\"WebSite\",\"@id\":\"https:\\\/\\\/agencia.252.com.mx\\\/home\\\/#website\",\"url\":\"https:\\\/\\\/agencia.252.com.mx\\\/home\\\/\",\"name\":\"Agencia252\",\"description\":\"Tu espacio en la Red\",\"publisher\":{\"@id\":\"https:\\\/\\\/agencia.252.com.mx\\\/home\\\/#organization\"},\"potentialAction\":[{\"@type\":\"SearchAction\",\"target\":{\"@type\":\"EntryPoint\",\"urlTemplate\":\"https:\\\/\\\/agencia.252.com.mx\\\/home\\\/?s={search_term_string}\"},\"query-input\":{\"@type\":\"PropertyValueSpecification\",\"valueRequired\":true,\"valueName\":\"search_term_string\"}}],\"inLanguage\":\"es\"},{\"@type\":\"Organization\",\"@id\":\"https:\\\/\\\/agencia.252.com.mx\\\/home\\\/#organization\",\"name\":\"Agencia252\",\"url\":\"https:\\\/\\\/agencia.252.com.mx\\\/home\\\/\",\"logo\":{\"@type\":\"ImageObject\",\"inLanguage\":\"es\",\"@id\":\"https:\\\/\\\/agencia.252.com.mx\\\/home\\\/#\\\/schema\\\/logo\\\/image\\\/\",\"url\":\"https:\\\/\\\/agencia.252.com.mx\\\/wp-content\\\/uploads\\\/2023\\\/02\\\/cropped-ciruclo-agencia-e1677562404136.png\",\"contentUrl\":\"https:\\\/\\\/agencia.252.com.mx\\\/wp-content\\\/uploads\\\/2023\\\/02\\\/cropped-ciruclo-agencia-e1677562404136.png\",\"width\":512,\"height\":512,\"caption\":\"Agencia252\"},\"image\":{\"@id\":\"https:\\\/\\\/agencia.252.com.mx\\\/home\\\/#\\\/schema\\\/logo\\\/image\\\/\"},\"sameAs\":[\"https:\\\/\\\/www.facebook.com\\\/252Comunicacion\\\/\",\"https:\\\/\\\/x.com\\\/252COMS\"]},{\"@type\":\"Person\",\"@id\":\"https:\\\/\\\/agencia.252.com.mx\\\/home\\\/#\\\/schema\\\/person\\\/6b972021e9a92d45ade8c78d81509098\",\"name\":\"Nacho Corro\",\"image\":{\"@type\":\"ImageObject\",\"inLanguage\":\"es\",\"@id\":\"https:\\\/\\\/secure.gravatar.com\\\/avatar\\\/5db6df507cfe1307e192fbb498c6b85f1cf2ffd8b4cd37141b9eea588fcbd5a4?s=96&r=g\",\"url\":\"https:\\\/\\\/secure.gravatar.com\\\/avatar\\\/5db6df507cfe1307e192fbb498c6b85f1cf2ffd8b4cd37141b9eea588fcbd5a4?s=96&r=g\",\"contentUrl\":\"https:\\\/\\\/secure.gravatar.com\\\/avatar\\\/5db6df507cfe1307e192fbb498c6b85f1cf2ffd8b4cd37141b9eea588fcbd5a4?s=96&r=g\",\"caption\":\"Nacho Corro\"},\"description\":\"Comunicador Social, Periodista y Administraci\u00f3n P\u00fablica. Conversador pol\u00edtico, temas electorales y seguridad. Generador de contenidos digitales. Amante de la fotograf\u00eda\",\"sameAs\":[\"https:\\\/\\\/www.facebook.com\\\/jcorroherrera\\\/\",\"www.instagram.com\\\/nachocorro\\\/\",\"https:\\\/\\\/x.com\\\/Juan Ignacio Corro Herrera\"],\"url\":\"https:\\\/\\\/agencia.252.com.mx\\\/home\\\/author\\\/i-corro\\\/\"}]}<\/script>\n<!-- \/ Yoast SEO plugin. -->","yoast_head_json":{"title":"Gobierno de Ecatepec recupera 50 espacios utilizados como negocio por organizaciones y delincuentes - Agencia252","robots":{"index":"index","follow":"follow","max-snippet":"max-snippet:-1","max-image-preview":"max-image-preview:large","max-video-preview":"max-video-preview:-1"},"canonical":"https:\/\/agencia.252.com.mx\/home\/gobierno-de-ecatepec-recupera-50-espacios-utilizados-como-negocio-por-organizaciones-y-delincuentes\/","og_locale":"es_ES","og_type":"article","og_title":"Gobierno de Ecatepec recupera 50 espacios utilizados como negocio por organizaciones y delincuentes - Agencia252","og_description":"Visitas: 4 Juan Ignacio Corro&nbsp; Ecatepec, Estado de M\u00e9xico, a 5 de septiembre de 2026 Al inaugurar el Parque Prizo 1, espacio p\u00fablico que recuper\u00f3 el gobierno de Ecatepec para todos los habitantes de la zona, la alcaldesa Azucena Cisneros advirti\u00f3 aquienes promueven la infamia y la difamaci\u00f3n que su gobierno encaminan su esfuerzo en [&hellip;]","og_url":"https:\/\/agencia.252.com.mx\/home\/gobierno-de-ecatepec-recupera-50-espacios-utilizados-como-negocio-por-organizaciones-y-delincuentes\/","og_site_name":"Agencia252","article_publisher":"https:\/\/www.facebook.com\/252Comunicacion\/","article_author":"https:\/\/www.facebook.com\/jcorroherrera\/","article_published_time":"2026-09-05T21:50:49+00:00","article_modified_time":"2026-09-06T01:26:52+00:00","og_image":[{"width":1273,"height":1280,"url":"http:\/\/agencia.252.com.mx\/wp-content\/uploads\/2026\/09\/WhatsApp-Image-2026-09-05-at-2.23.10-PM.jpeg","type":"image\/jpeg"}],"author":"Nacho Corro","twitter_card":"summary_large_image","twitter_creator":"@Juan Ignacio Corro Herrera","twitter_site":"@252COMS","twitter_misc":{"Escrito por":"Nacho Corro","Tiempo de lectura":"4 minutos"},"schema":{"@context":"https:\/\/schema.org","@graph":[{"@type":"Article","@id":"https:\/\/agencia.252.com.mx\/home\/gobierno-de-ecatepec-recupera-50-espacios-utilizados-como-negocio-por-organizaciones-y-delincuentes\/#article","isPartOf":{"@id":"https:\/\/agencia.252.com.mx\/home\/gobierno-de-ecatepec-recupera-50-espacios-utilizados-como-negocio-por-organizaciones-y-delincuentes\/"},"author":{"name":"Nacho Corro","@id":"https:\/\/agencia.252.com.mx\/home\/#\/schema\/person\/6b972021e9a92d45ade8c78d81509098"},"headline":"Gobierno de Ecatepec recupera 50 espacios utilizados como negocio por organizaciones y delincuentes","datePublished":"2026-09-05T21:50:49+00:00","dateModified":"2026-09-06T01:26:52+00:00","mainEntityOfPage":{"@id":"https:\/\/agencia.252.com.mx\/home\/gobierno-de-ecatepec-recupera-50-espacios-utilizados-como-negocio-por-organizaciones-y-delincuentes\/"},"wordCount":649,"commentCount":0,"publisher":{"@id":"https:\/\/agencia.252.com.mx\/home\/#organization"},"image":{"@id":"https:\/\/agencia.252.com.mx\/home\/gobierno-de-ecatepec-recupera-50-espacios-utilizados-como-negocio-por-organizaciones-y-delincuentes\/#primaryimage"},"thumbnailUrl":"https:\/\/agencia.252.com.mx\/wp-content\/uploads\/2026\/09\/WhatsApp-Image-2026-09-05-at-2.23.10-PM.jpeg","keywords":["Edomex"],"articleSection":["Ecatepec","Edomex","Seguridad"],"inLanguage":"es","potentialAction":[{"@type":"CommentAction","name":"Comment","target":["https:\/\/agencia.252.com.mx\/home\/gobierno-de-ecatepec-recupera-50-espacios-utilizados-como-negocio-por-organizaciones-y-delincuentes\/#respond"]}]},{"@type":"WebPage","@id":"https:\/\/agencia.252.com.mx\/home\/gobierno-de-ecatepec-recupera-50-espacios-utilizados-como-negocio-por-organizaciones-y-delincuentes\/","url":"https:\/\/agencia.252.com.mx\/home\/gobierno-de-ecatepec-recupera-50-espacios-utilizados-como-negocio-por-organizaciones-y-delincuentes\/","name":"Gobierno de Ecatepec recupera 50 espacios utilizados como negocio por organizaciones y delincuentes - Agencia252","isPartOf":{"@id":"https:\/\/agencia.252.com.mx\/home\/#website"},"primaryImageOfPage":{"@id":"https:\/\/agencia.252.com.mx\/home\/gobierno-de-ecatepec-recupera-50-espacios-utilizados-como-negocio-por-organizaciones-y-delincuentes\/#primaryimage"},"image":{"@id":"https:\/\/agencia.252.com.mx\/home\/gobierno-de-ecatepec-recupera-50-espacios-utilizados-como-negocio-por-organizaciones-y-delincuentes\/#primaryimage"},"thumbnailUrl":"https:\/\/agencia.252.com.mx\/wp-content\/uploads\/2026\/09\/WhatsApp-Image-2026-09-05-at-2.23.10-PM.jpeg","datePublished":"2026-09-05T21:50:49+00:00","dateModified":"2026-09-06T01:26:52+00:00","breadcrumb":{"@id":"https:\/\/agencia.252.com.mx\/home\/gobierno-de-ecatepec-recupera-50-espacios-utilizados-como-negocio-por-organizaciones-y-delincuentes\/#breadcrumb"},"inLanguage":"es","potentialAction":[{"@type":"ReadAction","target":["https:\/\/agencia.252.com.mx\/home\/gobierno-de-ecatepec-recupera-50-espacios-utilizados-como-negocio-por-organizaciones-y-delincuentes\/"]}]},{"@type":"ImageObject","inLanguage":"es","@id":"https:\/\/agencia.252.com.mx\/home\/gobierno-de-ecatepec-recupera-50-espacios-utilizados-como-negocio-por-organizaciones-y-delincuentes\/#primaryimage","url":"https:\/\/agencia.252.com.mx\/wp-content\/uploads\/2026\/09\/WhatsApp-Image-2026-09-05-at-2.23.10-PM.jpeg","contentUrl":"https:\/\/agencia.252.com.mx\/wp-content\/uploads\/2026\/09\/WhatsApp-Image-2026-09-05-at-2.23.10-PM.jpeg","width":1273,"height":1280},{"@type":"BreadcrumbList","@id":"https:\/\/agencia.252.com.mx\/home\/gobierno-de-ecatepec-recupera-50-espacios-utilizados-como-negocio-por-organizaciones-y-delincuentes\/#breadcrumb","itemListElement":[{"@type":"ListItem","position":1,"name":"Portada","item":"https:\/\/agencia.252.com.mx\/home\/"},{"@type":"ListItem","position":2,"name":"Gobierno de Ecatepec recupera 50 espacios utilizados como negocio por organizaciones y delincuentes"}]},{"@type":"WebSite","@id":"https:\/\/agencia.252.com.mx\/home\/#website","url":"https:\/\/agencia.252.com.mx\/home\/","name":"Agencia252","description":"Tu espacio en la Red","publisher":{"@id":"https:\/\/agencia.252.com.mx\/home\/#organization"},"potentialAction":[{"@type":"SearchAction","target":{"@type":"EntryPoint","urlTemplate":"https:\/\/agencia.252.com.mx\/home\/?s={search_term_string}"},"query-input":{"@type":"PropertyValueSpecification","valueRequired":true,"valueName":"search_term_string"}}],"inLanguage":"es"},{"@type":"Organization","@id":"https:\/\/agencia.252.com.mx\/home\/#organization","name":"Agencia252","url":"https:\/\/agencia.252.com.mx\/home\/","logo":{"@type":"ImageObject","inLanguage":"es","@id":"https:\/\/agencia.252.com.mx\/home\/#\/schema\/logo\/image\/","url":"https:\/\/agencia.252.com.mx\/wp-content\/uploads\/2023\/02\/cropped-ciruclo-agencia-e1677562404136.png","contentUrl":"https:\/\/agencia.252.com.mx\/wp-content\/uploads\/2023\/02\/cropped-ciruclo-agencia-e1677562404136.png","width":512,"height":512,"caption":"Agencia252"},"image":{"@id":"https:\/\/agencia.252.com.mx\/home\/#\/schema\/logo\/image\/"},"sameAs":["https:\/\/www.facebook.com\/252Comunicacion\/","https:\/\/x.com\/252COMS"]},{"@type":"Person","@id":"https:\/\/agencia.252.com.mx\/home\/#\/schema\/person\/6b972021e9a92d45ade8c78d81509098","name":"Nacho Corro","image":{"@type":"ImageObject","inLanguage":"es","@id":"https:\/\/secure.gravatar.com\/avatar\/5db6df507cfe1307e192fbb498c6b85f1cf2ffd8b4cd37141b9eea588fcbd5a4?s=96&r=g","url":"https:\/\/secure.gravatar.com\/avatar\/5db6df507cfe1307e192fbb498c6b85f1cf2ffd8b4cd37141b9eea588fcbd5a4?s=96&r=g","contentUrl":"https:\/\/secure.gravatar.com\/avatar\/5db6df507cfe1307e192fbb498c6b85f1cf2ffd8b4cd37141b9eea588fcbd5a4?s=96&r=g","caption":"Nacho Corro"},"description":"Comunicador Social, Periodista y Administraci\u00f3n P\u00fablica. Conversador pol\u00edtico, temas electorales y seguridad. Generador de contenidos digitales. Amante de la fotograf\u00eda","sameAs":["https:\/\/www.facebook.com\/jcorroherrera\/","www.instagram.com\/nachocorro\/","https:\/\/x.com\/Juan Ignacio Corro Herrera"],"url":"https:\/\/agencia.252.com.mx\/home\/author\/i-corro\/"}]}},"_links":{"self":[{"href":"https:\/\/agencia.252.com.mx\/home\/wp-json\/wp\/v2\/posts\/23189","targetHints":{"allow":["GET"]}}],"collection":[{"href":"https:\/\/agencia.252.com.mx\/home\/wp-json\/wp\/v2\/posts"}],"about":[{"href":"https:\/\/agencia.252.com.mx\/home\/wp-json\/wp\/v2\/types\/post"}],"author":[{"embeddable":true,"href":"https:\/\/agencia.252.com.mx\/home\/wp-json\/wp\/v2\/users\/5"}],"replies":[{"embeddable":true,"href":"https:\/\/agencia.252.com.mx\/home\/wp-json\/wp\/v2\/comments?post=23189"}],"version-history":[{"count":2,"href":"https:\/\/agencia.252.com.mx\/home\/wp-json\/wp\/v2\/posts\/23189\/revisions"}],"predecessor-version":[{"id":23197,"href":"https:\/\/agencia.252.com.mx\/home\/wp-json\/wp\/v2\/posts\/23189\/revisions\/23197"}],"wp:featuredmedia":[{"embeddable":true,"href":"https:\/\/agencia.252.com.mx\/home\/wp-json\/wp\/v2\/media\/23190"}],"wp:attachment":[{"href":"https:\/\/agencia.252.com.mx\/home\/wp-json\/wp\/v2\/media?parent=23189"}],"wp:term":[{"taxonomy":"category","embeddable":true,"href":"https:\/\/agencia.252.com.mx\/home\/wp-json\/wp\/v2\/categories?post=23189"},{"taxonomy":"post_tag","embeddable":true,"href":"https:\/\/agencia.252.com.mx\/home\/wp-json\/wp\/v2\/tags?post=23189"}],"curies":[{"name":"wp","href":"https:\/\/api.w.org\/{rel}","templated":true}]}}