{"id":23179,"date":"2026-09-05T14:15:40","date_gmt":"2026-09-05T20:15:40","guid":{"rendered":"https:\/\/agencia.252.com.mx\/home\/?p=23179"},"modified":"2026-09-05T14:15:45","modified_gmt":"2026-09-05T20:15:45","slug":"rehabitan-casa-de-la-cultura-jose-c-angeles-para-impulsar-el-desarrollo-artistico-y-comunitario-de-tlalnepantla","status":"publish","type":"post","link":"https:\/\/agencia.252.com.mx\/home\/rehabitan-casa-de-la-cultura-jose-c-angeles-para-impulsar-el-desarrollo-artistico-y-comunitario-de-tlalnepantla\/","title":{"rendered":"Rehabitan Casa de la Cultura Jos\u00e9 C. \u00c1ngeles para impulsar el desarrollo artistico y comunitario de Tlalnepantla\u00a0"},"content":{"rendered":"<p>Visitas: 1<\/p>\n<ul class=\"wp-block-list\">\n<li><em>El Gobierno Municipal fortalece su red de infraestructura con un total de 33 casas de cultura distribuidas en toda la demarcaci\u00f3n.\u00a0<\/em><\/li>\n<\/ul>\n\n\n\n<ul class=\"wp-block-list\">\n<li><em>\u200bLa oferta del recinto abarca talleres de yoga, educaci\u00f3n inicial, dibujo, guitarra, kickboxing, zumba, karate, ballet, manualidades y danza \u00e1rabe.<\/em><\/li>\n<\/ul>\n\n\n\n<p class=\"wp-block-paragraph\">Juan Ignacio Corro&nbsp;<\/p>\n\n\n\n<p class=\"wp-block-paragraph\">Tlalnepantla, Estado de M\u00e9xico, a 5 de septiembre de 2026<\/p>\n\n\n\n<p class=\"wp-block-paragraph\">El Presidente de Tlalnepantla, Raciel P\u00e9rez Cruz, encabez\u00f3 la reinauguraci\u00f3n de la Casa de Cultura Jos\u00e9 C. \u00c1ngeles, ubica en la colonia Divisi\u00f3n del Norte, la cual fue intervenida con trabajos de mantenimiento correctivo y preventivo para asegurar espacios adecuados en beneficio de las familias.&nbsp;&nbsp;<\/p>\n\n\n\n<p class=\"wp-block-paragraph\">\u00abLa cultura y las expresiones art\u00edsticas son pilares fundamentales en la construcci\u00f3n de pol\u00edticas p\u00fablicas de nuestro gobierno, porque representan herramientas vivas para reconstruir el tejido social, alejar a nuestros j\u00f3venes de conductas de riesgo y brindar opciones de sano esparcimiento en cada comunidad\u00bb, afirm\u00f3 el Alcalde Raciel P\u00e9rez Cruz durante la entrega del inmueble rehabilitado.<\/p>\n\n\n\n<p class=\"wp-block-paragraph\">Con esta reapertura, la administraci\u00f3n municipal reafirma la consolidaci\u00f3n de una red de 33 casas de cultura desplegadas en distintos puntos estrat\u00e9gicos del territorio.&nbsp;<\/p>\n\n\n\n<p class=\"wp-block-paragraph\">Esta infraestructura distribuida permite acercar la formaci\u00f3n art\u00edstica a todos los barrios y colonias, lo que&nbsp;&nbsp;garantiza que el acceso a la cultura sea un derecho efectivo y descentralizado para toda la poblaci\u00f3n.&nbsp;&nbsp;<\/p>\n\n\n\n<p class=\"wp-block-paragraph\">El inmueble reinaugurado pondr\u00e1 a disposici\u00f3n de la ciudadan\u00eda una oferta de talleres enfocados en el bienestar integral y la expresi\u00f3n creativa, entre los que destacan disciplinas como yoga, educaci\u00f3n inicial, dibujo, guitarra, kickboxing, zumba, karate, ballet, manualidades y danza \u00e1rabe.&nbsp;<\/p>\n\n\n\n<p class=\"wp-block-paragraph\"><\/p>\n","protected":false},"excerpt":{"rendered":"<p>Visitas: 1 Juan Ignacio Corro&nbsp; Tlalnepantla, Estado de M\u00e9xico, a 5 de septiembre de 2026 El Presidente de Tlalnepantla, Raciel P\u00e9rez Cruz, encabez\u00f3 la reinauguraci\u00f3n de la Casa de Cultura Jos\u00e9 C. \u00c1ngeles, ubica en la colonia Divisi\u00f3n del Norte, la cual fue intervenida con trabajos de mantenimiento correctivo y preventivo para asegurar espacios adecuados [&hellip;]<\/p>\n","protected":false},"author":5,"featured_media":23183,"comment_status":"open","ping_status":"open","sticky":false,"template":"","format":"standard","meta":{"site-sidebar-layout":"default","site-content-layout":"","ast-site-content-layout":"default","site-content-style":"default","site-sidebar-style":"default","ast-global-header-display":"","ast-banner-title-visibility":"","ast-main-header-display":"","ast-hfb-above-header-display":"","ast-hfb-below-header-display":"","ast-hfb-mobile-header-display":"","site-post-title":"","ast-breadcrumbs-content":"","ast-featured-img":"","footer-sml-layout":"","ast-disable-related-posts":"","theme-transparent-header-meta":"","adv-header-id-meta":"","stick-header-meta":"","header-above-stick-meta":"","header-main-stick-meta":"","header-below-stick-meta":"","astra-migrate-meta-layouts":"set","ast-page-background-enabled":"default","ast-page-background-meta":{"desktop":{"background-color":"var(--ast-global-color-4)","background-image":"","background-repeat":"repeat","background-position":"center center","background-size":"auto","background-attachment":"scroll","background-type":"","background-media":"","overlay-type":"","overlay-color":"","overlay-opacity":"","overlay-gradient":""},"tablet":{"background-color":"","background-image":"","background-repeat":"repeat","background-position":"center center","background-size":"auto","background-attachment":"scroll","background-type":"","background-media":"","overlay-type":"","overlay-color":"","overlay-opacity":"","overlay-gradient":""},"mobile":{"background-color":"","background-image":"","background-repeat":"repeat","background-position":"center center","background-size":"auto","background-attachment":"scroll","background-type":"","background-media":"","overlay-type":"","overlay-color":"","overlay-opacity":"","overlay-gradient":""}},"ast-content-background-meta":{"desktop":{"background-color":"var(--ast-global-color-5)","background-image":"","background-repeat":"repeat","background-position":"center center","background-size":"auto","background-attachment":"scroll","background-type":"","background-media":"","overlay-type":"","overlay-color":"","overlay-opacity":"","overlay-gradient":""},"tablet":{"background-color":"var(--ast-global-color-5)","background-image":"","background-repeat":"repeat","background-position":"center center","background-size":"auto","background-attachment":"scroll","background-type":"","background-media":"","overlay-type":"","overlay-color":"","overlay-opacity":"","overlay-gradient":""},"mobile":{"background-color":"var(--ast-global-color-5)","background-image":"","background-repeat":"repeat","background-position":"center center","background-size":"auto","background-attachment":"scroll","background-type":"","background-media":"","overlay-type":"","overlay-color":"","overlay-opacity":"","overlay-gradient":""}},"footnotes":""},"categories":[8,512,68,56],"tags":[526],"class_list":["post-23179","post","type-post","status-publish","format-standard","has-post-thumbnail","hentry","category-edomex","category-metropoli","category-seguridad","category-tlalnepantla","tag-edomex"],"yoast_head":"<!-- This site is optimized with the Yoast SEO plugin v28.4 - https:\/\/yoast.com\/product\/yoast-seo-wordpress\/ -->\n<title>Rehabitan Casa de la Cultura Jos\u00e9 C. \u00c1ngeles para impulsar el desarrollo artistico y comunitario de Tlalnepantla\u00a0 - Agencia252<\/title>\n<meta name=\"robots\" content=\"index, follow, max-snippet:-1, max-image-preview:large, max-video-preview:-1\" \/>\n<link rel=\"canonical\" href=\"https:\/\/agencia.252.com.mx\/home\/rehabitan-casa-de-la-cultura-jose-c-angeles-para-impulsar-el-desarrollo-artistico-y-comunitario-de-tlalnepantla\/\" \/>\n<meta property=\"og:locale\" content=\"es_ES\" \/>\n<meta property=\"og:type\" content=\"article\" \/>\n<meta property=\"og:title\" content=\"Rehabitan Casa de la Cultura Jos\u00e9 C. \u00c1ngeles para impulsar el desarrollo artistico y comunitario de Tlalnepantla\u00a0 - Agencia252\" \/>\n<meta property=\"og:description\" content=\"Visitas: 1 Juan Ignacio Corro&nbsp; Tlalnepantla, Estado de M\u00e9xico, a 5 de septiembre de 2026 El Presidente de Tlalnepantla, Raciel P\u00e9rez Cruz, encabez\u00f3 la reinauguraci\u00f3n de la Casa de Cultura Jos\u00e9 C. \u00c1ngeles, ubica en la colonia Divisi\u00f3n del Norte, la cual fue intervenida con trabajos de mantenimiento correctivo y preventivo para asegurar espacios adecuados [&hellip;]\" \/>\n<meta property=\"og:url\" content=\"https:\/\/agencia.252.com.mx\/home\/rehabitan-casa-de-la-cultura-jose-c-angeles-para-impulsar-el-desarrollo-artistico-y-comunitario-de-tlalnepantla\/\" \/>\n<meta property=\"og:site_name\" content=\"Agencia252\" \/>\n<meta property=\"article:publisher\" content=\"https:\/\/www.facebook.com\/252Comunicacion\/\" \/>\n<meta property=\"article:author\" content=\"https:\/\/www.facebook.com\/jcorroherrera\/\" \/>\n<meta property=\"article:published_time\" content=\"2026-09-05T20:15:40+00:00\" \/>\n<meta property=\"article:modified_time\" content=\"2026-09-05T20:15:45+00:00\" \/>\n<meta property=\"og:image\" content=\"http:\/\/agencia.252.com.mx\/wp-content\/uploads\/2026\/09\/WhatsApp-Image-2026-09-05-at-1.18.13-PM.jpeg\" \/>\n\t<meta property=\"og:image:width\" content=\"1600\" \/>\n\t<meta property=\"og:image:height\" content=\"811\" \/>\n\t<meta property=\"og:image:type\" content=\"image\/jpeg\" \/>\n<meta name=\"author\" content=\"Nacho Corro\" \/>\n<meta name=\"twitter:card\" content=\"summary_large_image\" \/>\n<meta name=\"twitter:creator\" content=\"@Juan Ignacio Corro Herrera\" \/>\n<meta name=\"twitter:site\" content=\"@252COMS\" \/>\n<meta name=\"twitter:label1\" content=\"Escrito por\" \/>\n\t<meta name=\"twitter:data1\" content=\"Nacho Corro\" \/>\n\t<meta name=\"twitter:label2\" content=\"Tiempo de lectura\" \/>\n\t<meta name=\"twitter:data2\" content=\"2 minutos\" \/>\n<script type=\"application\/ld+json\" class=\"yoast-schema-graph\">{\"@context\":\"https:\\\/\\\/schema.org\",\"@graph\":[{\"@type\":\"Article\",\"@id\":\"https:\\\/\\\/agencia.252.com.mx\\\/home\\\/rehabitan-casa-de-la-cultura-jose-c-angeles-para-impulsar-el-desarrollo-artistico-y-comunitario-de-tlalnepantla\\\/#article\",\"isPartOf\":{\"@id\":\"https:\\\/\\\/agencia.252.com.mx\\\/home\\\/rehabitan-casa-de-la-cultura-jose-c-angeles-para-impulsar-el-desarrollo-artistico-y-comunitario-de-tlalnepantla\\\/\"},\"author\":{\"name\":\"Nacho Corro\",\"@id\":\"https:\\\/\\\/agencia.252.com.mx\\\/home\\\/#\\\/schema\\\/person\\\/6b972021e9a92d45ade8c78d81509098\"},\"headline\":\"Rehabitan Casa de la Cultura Jos\u00e9 C. \u00c1ngeles para impulsar el desarrollo artistico y comunitario de Tlalnepantla\u00a0\",\"datePublished\":\"2026-09-05T20:15:40+00:00\",\"dateModified\":\"2026-09-05T20:15:45+00:00\",\"mainEntityOfPage\":{\"@id\":\"https:\\\/\\\/agencia.252.com.mx\\\/home\\\/rehabitan-casa-de-la-cultura-jose-c-angeles-para-impulsar-el-desarrollo-artistico-y-comunitario-de-tlalnepantla\\\/\"},\"wordCount\":297,\"commentCount\":0,\"publisher\":{\"@id\":\"https:\\\/\\\/agencia.252.com.mx\\\/home\\\/#organization\"},\"image\":{\"@id\":\"https:\\\/\\\/agencia.252.com.mx\\\/home\\\/rehabitan-casa-de-la-cultura-jose-c-angeles-para-impulsar-el-desarrollo-artistico-y-comunitario-de-tlalnepantla\\\/#primaryimage\"},\"thumbnailUrl\":\"https:\\\/\\\/agencia.252.com.mx\\\/wp-content\\\/uploads\\\/2026\\\/09\\\/WhatsApp-Image-2026-09-05-at-1.18.13-PM.jpeg\",\"keywords\":[\"Edomex\"],\"articleSection\":[\"Edomex\",\"Metropoli\",\"Seguridad\",\"Tlalnepantla\"],\"inLanguage\":\"es\",\"potentialAction\":[{\"@type\":\"CommentAction\",\"name\":\"Comment\",\"target\":[\"https:\\\/\\\/agencia.252.com.mx\\\/home\\\/rehabitan-casa-de-la-cultura-jose-c-angeles-para-impulsar-el-desarrollo-artistico-y-comunitario-de-tlalnepantla\\\/#respond\"]}]},{\"@type\":\"WebPage\",\"@id\":\"https:\\\/\\\/agencia.252.com.mx\\\/home\\\/rehabitan-casa-de-la-cultura-jose-c-angeles-para-impulsar-el-desarrollo-artistico-y-comunitario-de-tlalnepantla\\\/\",\"url\":\"https:\\\/\\\/agencia.252.com.mx\\\/home\\\/rehabitan-casa-de-la-cultura-jose-c-angeles-para-impulsar-el-desarrollo-artistico-y-comunitario-de-tlalnepantla\\\/\",\"name\":\"Rehabitan Casa de la Cultura Jos\u00e9 C. \u00c1ngeles para impulsar el desarrollo artistico y comunitario de Tlalnepantla\u00a0 - Agencia252\",\"isPartOf\":{\"@id\":\"https:\\\/\\\/agencia.252.com.mx\\\/home\\\/#website\"},\"primaryImageOfPage\":{\"@id\":\"https:\\\/\\\/agencia.252.com.mx\\\/home\\\/rehabitan-casa-de-la-cultura-jose-c-angeles-para-impulsar-el-desarrollo-artistico-y-comunitario-de-tlalnepantla\\\/#primaryimage\"},\"image\":{\"@id\":\"https:\\\/\\\/agencia.252.com.mx\\\/home\\\/rehabitan-casa-de-la-cultura-jose-c-angeles-para-impulsar-el-desarrollo-artistico-y-comunitario-de-tlalnepantla\\\/#primaryimage\"},\"thumbnailUrl\":\"https:\\\/\\\/agencia.252.com.mx\\\/wp-content\\\/uploads\\\/2026\\\/09\\\/WhatsApp-Image-2026-09-05-at-1.18.13-PM.jpeg\",\"datePublished\":\"2026-09-05T20:15:40+00:00\",\"dateModified\":\"2026-09-05T20:15:45+00:00\",\"breadcrumb\":{\"@id\":\"https:\\\/\\\/agencia.252.com.mx\\\/home\\\/rehabitan-casa-de-la-cultura-jose-c-angeles-para-impulsar-el-desarrollo-artistico-y-comunitario-de-tlalnepantla\\\/#breadcrumb\"},\"inLanguage\":\"es\",\"potentialAction\":[{\"@type\":\"ReadAction\",\"target\":[\"https:\\\/\\\/agencia.252.com.mx\\\/home\\\/rehabitan-casa-de-la-cultura-jose-c-angeles-para-impulsar-el-desarrollo-artistico-y-comunitario-de-tlalnepantla\\\/\"]}]},{\"@type\":\"ImageObject\",\"inLanguage\":\"es\",\"@id\":\"https:\\\/\\\/agencia.252.com.mx\\\/home\\\/rehabitan-casa-de-la-cultura-jose-c-angeles-para-impulsar-el-desarrollo-artistico-y-comunitario-de-tlalnepantla\\\/#primaryimage\",\"url\":\"https:\\\/\\\/agencia.252.com.mx\\\/wp-content\\\/uploads\\\/2026\\\/09\\\/WhatsApp-Image-2026-09-05-at-1.18.13-PM.jpeg\",\"contentUrl\":\"https:\\\/\\\/agencia.252.com.mx\\\/wp-content\\\/uploads\\\/2026\\\/09\\\/WhatsApp-Image-2026-09-05-at-1.18.13-PM.jpeg\",\"width\":1600,\"height\":811},{\"@type\":\"BreadcrumbList\",\"@id\":\"https:\\\/\\\/agencia.252.com.mx\\\/home\\\/rehabitan-casa-de-la-cultura-jose-c-angeles-para-impulsar-el-desarrollo-artistico-y-comunitario-de-tlalnepantla\\\/#breadcrumb\",\"itemListElement\":[{\"@type\":\"ListItem\",\"position\":1,\"name\":\"Portada\",\"item\":\"https:\\\/\\\/agencia.252.com.mx\\\/home\\\/\"},{\"@type\":\"ListItem\",\"position\":2,\"name\":\"Rehabitan Casa de la Cultura Jos\u00e9 C. \u00c1ngeles para impulsar el desarrollo artistico y comunitario de Tlalnepantla\u00a0\"}]},{\"@type\":\"WebSite\",\"@id\":\"https:\\\/\\\/agencia.252.com.mx\\\/home\\\/#website\",\"url\":\"https:\\\/\\\/agencia.252.com.mx\\\/home\\\/\",\"name\":\"Agencia252\",\"description\":\"Tu espacio en la Red\",\"publisher\":{\"@id\":\"https:\\\/\\\/agencia.252.com.mx\\\/home\\\/#organization\"},\"potentialAction\":[{\"@type\":\"SearchAction\",\"target\":{\"@type\":\"EntryPoint\",\"urlTemplate\":\"https:\\\/\\\/agencia.252.com.mx\\\/home\\\/?s={search_term_string}\"},\"query-input\":{\"@type\":\"PropertyValueSpecification\",\"valueRequired\":true,\"valueName\":\"search_term_string\"}}],\"inLanguage\":\"es\"},{\"@type\":\"Organization\",\"@id\":\"https:\\\/\\\/agencia.252.com.mx\\\/home\\\/#organization\",\"name\":\"Agencia252\",\"url\":\"https:\\\/\\\/agencia.252.com.mx\\\/home\\\/\",\"logo\":{\"@type\":\"ImageObject\",\"inLanguage\":\"es\",\"@id\":\"https:\\\/\\\/agencia.252.com.mx\\\/home\\\/#\\\/schema\\\/logo\\\/image\\\/\",\"url\":\"https:\\\/\\\/agencia.252.com.mx\\\/wp-content\\\/uploads\\\/2023\\\/02\\\/cropped-ciruclo-agencia-e1677562404136.png\",\"contentUrl\":\"https:\\\/\\\/agencia.252.com.mx\\\/wp-content\\\/uploads\\\/2023\\\/02\\\/cropped-ciruclo-agencia-e1677562404136.png\",\"width\":512,\"height\":512,\"caption\":\"Agencia252\"},\"image\":{\"@id\":\"https:\\\/\\\/agencia.252.com.mx\\\/home\\\/#\\\/schema\\\/logo\\\/image\\\/\"},\"sameAs\":[\"https:\\\/\\\/www.facebook.com\\\/252Comunicacion\\\/\",\"https:\\\/\\\/x.com\\\/252COMS\"]},{\"@type\":\"Person\",\"@id\":\"https:\\\/\\\/agencia.252.com.mx\\\/home\\\/#\\\/schema\\\/person\\\/6b972021e9a92d45ade8c78d81509098\",\"name\":\"Nacho Corro\",\"image\":{\"@type\":\"ImageObject\",\"inLanguage\":\"es\",\"@id\":\"https:\\\/\\\/secure.gravatar.com\\\/avatar\\\/5db6df507cfe1307e192fbb498c6b85f1cf2ffd8b4cd37141b9eea588fcbd5a4?s=96&r=g\",\"url\":\"https:\\\/\\\/secure.gravatar.com\\\/avatar\\\/5db6df507cfe1307e192fbb498c6b85f1cf2ffd8b4cd37141b9eea588fcbd5a4?s=96&r=g\",\"contentUrl\":\"https:\\\/\\\/secure.gravatar.com\\\/avatar\\\/5db6df507cfe1307e192fbb498c6b85f1cf2ffd8b4cd37141b9eea588fcbd5a4?s=96&r=g\",\"caption\":\"Nacho Corro\"},\"description\":\"Comunicador Social, Periodista y Administraci\u00f3n P\u00fablica. Conversador pol\u00edtico, temas electorales y seguridad. Generador de contenidos digitales. Amante de la fotograf\u00eda\",\"sameAs\":[\"https:\\\/\\\/www.facebook.com\\\/jcorroherrera\\\/\",\"www.instagram.com\\\/nachocorro\\\/\",\"https:\\\/\\\/x.com\\\/Juan Ignacio Corro Herrera\"],\"url\":\"https:\\\/\\\/agencia.252.com.mx\\\/home\\\/author\\\/i-corro\\\/\"}]}<\/script>\n<!-- \/ Yoast SEO plugin. -->","yoast_head_json":{"title":"Rehabitan Casa de la Cultura Jos\u00e9 C. \u00c1ngeles para impulsar el desarrollo artistico y comunitario de Tlalnepantla\u00a0 - Agencia252","robots":{"index":"index","follow":"follow","max-snippet":"max-snippet:-1","max-image-preview":"max-image-preview:large","max-video-preview":"max-video-preview:-1"},"canonical":"https:\/\/agencia.252.com.mx\/home\/rehabitan-casa-de-la-cultura-jose-c-angeles-para-impulsar-el-desarrollo-artistico-y-comunitario-de-tlalnepantla\/","og_locale":"es_ES","og_type":"article","og_title":"Rehabitan Casa de la Cultura Jos\u00e9 C. \u00c1ngeles para impulsar el desarrollo artistico y comunitario de Tlalnepantla\u00a0 - Agencia252","og_description":"Visitas: 1 Juan Ignacio Corro&nbsp; Tlalnepantla, Estado de M\u00e9xico, a 5 de septiembre de 2026 El Presidente de Tlalnepantla, Raciel P\u00e9rez Cruz, encabez\u00f3 la reinauguraci\u00f3n de la Casa de Cultura Jos\u00e9 C. \u00c1ngeles, ubica en la colonia Divisi\u00f3n del Norte, la cual fue intervenida con trabajos de mantenimiento correctivo y preventivo para asegurar espacios adecuados [&hellip;]","og_url":"https:\/\/agencia.252.com.mx\/home\/rehabitan-casa-de-la-cultura-jose-c-angeles-para-impulsar-el-desarrollo-artistico-y-comunitario-de-tlalnepantla\/","og_site_name":"Agencia252","article_publisher":"https:\/\/www.facebook.com\/252Comunicacion\/","article_author":"https:\/\/www.facebook.com\/jcorroherrera\/","article_published_time":"2026-09-05T20:15:40+00:00","article_modified_time":"2026-09-05T20:15:45+00:00","og_image":[{"width":1600,"height":811,"url":"http:\/\/agencia.252.com.mx\/wp-content\/uploads\/2026\/09\/WhatsApp-Image-2026-09-05-at-1.18.13-PM.jpeg","type":"image\/jpeg"}],"author":"Nacho Corro","twitter_card":"summary_large_image","twitter_creator":"@Juan Ignacio Corro Herrera","twitter_site":"@252COMS","twitter_misc":{"Escrito por":"Nacho Corro","Tiempo de lectura":"2 minutos"},"schema":{"@context":"https:\/\/schema.org","@graph":[{"@type":"Article","@id":"https:\/\/agencia.252.com.mx\/home\/rehabitan-casa-de-la-cultura-jose-c-angeles-para-impulsar-el-desarrollo-artistico-y-comunitario-de-tlalnepantla\/#article","isPartOf":{"@id":"https:\/\/agencia.252.com.mx\/home\/rehabitan-casa-de-la-cultura-jose-c-angeles-para-impulsar-el-desarrollo-artistico-y-comunitario-de-tlalnepantla\/"},"author":{"name":"Nacho Corro","@id":"https:\/\/agencia.252.com.mx\/home\/#\/schema\/person\/6b972021e9a92d45ade8c78d81509098"},"headline":"Rehabitan Casa de la Cultura Jos\u00e9 C. \u00c1ngeles para impulsar el desarrollo artistico y comunitario de Tlalnepantla\u00a0","datePublished":"2026-09-05T20:15:40+00:00","dateModified":"2026-09-05T20:15:45+00:00","mainEntityOfPage":{"@id":"https:\/\/agencia.252.com.mx\/home\/rehabitan-casa-de-la-cultura-jose-c-angeles-para-impulsar-el-desarrollo-artistico-y-comunitario-de-tlalnepantla\/"},"wordCount":297,"commentCount":0,"publisher":{"@id":"https:\/\/agencia.252.com.mx\/home\/#organization"},"image":{"@id":"https:\/\/agencia.252.com.mx\/home\/rehabitan-casa-de-la-cultura-jose-c-angeles-para-impulsar-el-desarrollo-artistico-y-comunitario-de-tlalnepantla\/#primaryimage"},"thumbnailUrl":"https:\/\/agencia.252.com.mx\/wp-content\/uploads\/2026\/09\/WhatsApp-Image-2026-09-05-at-1.18.13-PM.jpeg","keywords":["Edomex"],"articleSection":["Edomex","Metropoli","Seguridad","Tlalnepantla"],"inLanguage":"es","potentialAction":[{"@type":"CommentAction","name":"Comment","target":["https:\/\/agencia.252.com.mx\/home\/rehabitan-casa-de-la-cultura-jose-c-angeles-para-impulsar-el-desarrollo-artistico-y-comunitario-de-tlalnepantla\/#respond"]}]},{"@type":"WebPage","@id":"https:\/\/agencia.252.com.mx\/home\/rehabitan-casa-de-la-cultura-jose-c-angeles-para-impulsar-el-desarrollo-artistico-y-comunitario-de-tlalnepantla\/","url":"https:\/\/agencia.252.com.mx\/home\/rehabitan-casa-de-la-cultura-jose-c-angeles-para-impulsar-el-desarrollo-artistico-y-comunitario-de-tlalnepantla\/","name":"Rehabitan Casa de la Cultura Jos\u00e9 C. \u00c1ngeles para impulsar el desarrollo artistico y comunitario de Tlalnepantla\u00a0 - Agencia252","isPartOf":{"@id":"https:\/\/agencia.252.com.mx\/home\/#website"},"primaryImageOfPage":{"@id":"https:\/\/agencia.252.com.mx\/home\/rehabitan-casa-de-la-cultura-jose-c-angeles-para-impulsar-el-desarrollo-artistico-y-comunitario-de-tlalnepantla\/#primaryimage"},"image":{"@id":"https:\/\/agencia.252.com.mx\/home\/rehabitan-casa-de-la-cultura-jose-c-angeles-para-impulsar-el-desarrollo-artistico-y-comunitario-de-tlalnepantla\/#primaryimage"},"thumbnailUrl":"https:\/\/agencia.252.com.mx\/wp-content\/uploads\/2026\/09\/WhatsApp-Image-2026-09-05-at-1.18.13-PM.jpeg","datePublished":"2026-09-05T20:15:40+00:00","dateModified":"2026-09-05T20:15:45+00:00","breadcrumb":{"@id":"https:\/\/agencia.252.com.mx\/home\/rehabitan-casa-de-la-cultura-jose-c-angeles-para-impulsar-el-desarrollo-artistico-y-comunitario-de-tlalnepantla\/#breadcrumb"},"inLanguage":"es","potentialAction":[{"@type":"ReadAction","target":["https:\/\/agencia.252.com.mx\/home\/rehabitan-casa-de-la-cultura-jose-c-angeles-para-impulsar-el-desarrollo-artistico-y-comunitario-de-tlalnepantla\/"]}]},{"@type":"ImageObject","inLanguage":"es","@id":"https:\/\/agencia.252.com.mx\/home\/rehabitan-casa-de-la-cultura-jose-c-angeles-para-impulsar-el-desarrollo-artistico-y-comunitario-de-tlalnepantla\/#primaryimage","url":"https:\/\/agencia.252.com.mx\/wp-content\/uploads\/2026\/09\/WhatsApp-Image-2026-09-05-at-1.18.13-PM.jpeg","contentUrl":"https:\/\/agencia.252.com.mx\/wp-content\/uploads\/2026\/09\/WhatsApp-Image-2026-09-05-at-1.18.13-PM.jpeg","width":1600,"height":811},{"@type":"BreadcrumbList","@id":"https:\/\/agencia.252.com.mx\/home\/rehabitan-casa-de-la-cultura-jose-c-angeles-para-impulsar-el-desarrollo-artistico-y-comunitario-de-tlalnepantla\/#breadcrumb","itemListElement":[{"@type":"ListItem","position":1,"name":"Portada","item":"https:\/\/agencia.252.com.mx\/home\/"},{"@type":"ListItem","position":2,"name":"Rehabitan Casa de la Cultura Jos\u00e9 C. \u00c1ngeles para impulsar el desarrollo artistico y comunitario de Tlalnepantla\u00a0"}]},{"@type":"WebSite","@id":"https:\/\/agencia.252.com.mx\/home\/#website","url":"https:\/\/agencia.252.com.mx\/home\/","name":"Agencia252","description":"Tu espacio en la Red","publisher":{"@id":"https:\/\/agencia.252.com.mx\/home\/#organization"},"potentialAction":[{"@type":"SearchAction","target":{"@type":"EntryPoint","urlTemplate":"https:\/\/agencia.252.com.mx\/home\/?s={search_term_string}"},"query-input":{"@type":"PropertyValueSpecification","valueRequired":true,"valueName":"search_term_string"}}],"inLanguage":"es"},{"@type":"Organization","@id":"https:\/\/agencia.252.com.mx\/home\/#organization","name":"Agencia252","url":"https:\/\/agencia.252.com.mx\/home\/","logo":{"@type":"ImageObject","inLanguage":"es","@id":"https:\/\/agencia.252.com.mx\/home\/#\/schema\/logo\/image\/","url":"https:\/\/agencia.252.com.mx\/wp-content\/uploads\/2023\/02\/cropped-ciruclo-agencia-e1677562404136.png","contentUrl":"https:\/\/agencia.252.com.mx\/wp-content\/uploads\/2023\/02\/cropped-ciruclo-agencia-e1677562404136.png","width":512,"height":512,"caption":"Agencia252"},"image":{"@id":"https:\/\/agencia.252.com.mx\/home\/#\/schema\/logo\/image\/"},"sameAs":["https:\/\/www.facebook.com\/252Comunicacion\/","https:\/\/x.com\/252COMS"]},{"@type":"Person","@id":"https:\/\/agencia.252.com.mx\/home\/#\/schema\/person\/6b972021e9a92d45ade8c78d81509098","name":"Nacho Corro","image":{"@type":"ImageObject","inLanguage":"es","@id":"https:\/\/secure.gravatar.com\/avatar\/5db6df507cfe1307e192fbb498c6b85f1cf2ffd8b4cd37141b9eea588fcbd5a4?s=96&r=g","url":"https:\/\/secure.gravatar.com\/avatar\/5db6df507cfe1307e192fbb498c6b85f1cf2ffd8b4cd37141b9eea588fcbd5a4?s=96&r=g","contentUrl":"https:\/\/secure.gravatar.com\/avatar\/5db6df507cfe1307e192fbb498c6b85f1cf2ffd8b4cd37141b9eea588fcbd5a4?s=96&r=g","caption":"Nacho Corro"},"description":"Comunicador Social, Periodista y Administraci\u00f3n P\u00fablica. Conversador pol\u00edtico, temas electorales y seguridad. Generador de contenidos digitales. Amante de la fotograf\u00eda","sameAs":["https:\/\/www.facebook.com\/jcorroherrera\/","www.instagram.com\/nachocorro\/","https:\/\/x.com\/Juan Ignacio Corro Herrera"],"url":"https:\/\/agencia.252.com.mx\/home\/author\/i-corro\/"}]}},"_links":{"self":[{"href":"https:\/\/agencia.252.com.mx\/home\/wp-json\/wp\/v2\/posts\/23179","targetHints":{"allow":["GET"]}}],"collection":[{"href":"https:\/\/agencia.252.com.mx\/home\/wp-json\/wp\/v2\/posts"}],"about":[{"href":"https:\/\/agencia.252.com.mx\/home\/wp-json\/wp\/v2\/types\/post"}],"author":[{"embeddable":true,"href":"https:\/\/agencia.252.com.mx\/home\/wp-json\/wp\/v2\/users\/5"}],"replies":[{"embeddable":true,"href":"https:\/\/agencia.252.com.mx\/home\/wp-json\/wp\/v2\/comments?post=23179"}],"version-history":[{"count":1,"href":"https:\/\/agencia.252.com.mx\/home\/wp-json\/wp\/v2\/posts\/23179\/revisions"}],"predecessor-version":[{"id":23184,"href":"https:\/\/agencia.252.com.mx\/home\/wp-json\/wp\/v2\/posts\/23179\/revisions\/23184"}],"wp:featuredmedia":[{"embeddable":true,"href":"https:\/\/agencia.252.com.mx\/home\/wp-json\/wp\/v2\/media\/23183"}],"wp:attachment":[{"href":"https:\/\/agencia.252.com.mx\/home\/wp-json\/wp\/v2\/media?parent=23179"}],"wp:term":[{"taxonomy":"category","embeddable":true,"href":"https:\/\/agencia.252.com.mx\/home\/wp-json\/wp\/v2\/categories?post=23179"},{"taxonomy":"post_tag","embeddable":true,"href":"https:\/\/agencia.252.com.mx\/home\/wp-json\/wp\/v2\/tags?post=23179"}],"curies":[{"name":"wp","href":"https:\/\/api.w.org\/{rel}","templated":true}]}}