{"id":23158,"date":"2026-09-04T20:13:31","date_gmt":"2026-09-05T02:13:31","guid":{"rendered":"https:\/\/agencia.252.com.mx\/home\/?p=23158"},"modified":"2026-09-04T20:13:33","modified_gmt":"2026-09-05T02:13:33","slug":"ordenes-de-aprehension-en-contra-de-sebastian-n-y-gerardo-n-por-delitos-de-homicidio-multiple-interrupcion-del-embarazo-maltrato-y-crueldad-de-seres-sintientes","status":"publish","type":"post","link":"https:\/\/agencia.252.com.mx\/home\/ordenes-de-aprehension-en-contra-de-sebastian-n-y-gerardo-n-por-delitos-de-homicidio-multiple-interrupcion-del-embarazo-maltrato-y-crueldad-de-seres-sintientes\/","title":{"rendered":"Ordenes de aprehensi\u00f3n en contra de Sebastian N y Gerardo N, por delitos de homicidio m\u00faltiple, interrupci\u00f3n del embarazo, maltrato y crueldad de seres sintientes\u00a0"},"content":{"rendered":"<p>Visitas: 4<\/p>\n<ul class=\"wp-block-list\">\n<li><em>La probable causa el robo de \u201cuna caja fr\u00eda con cantidades millonarias de d\u00f3lares en Bitcoins\u201d\u00a0<\/em><\/li>\n<\/ul>\n\n\n\n<ul class=\"wp-block-list\">\n<li><em>El responsable someti\u00f3 a las v\u00edctimas maniat\u00e1ndolas con cinchos pl\u00e1sticos y cinta adhesiva industrial gris, adem\u00e1s de accionar en su contra un arma de fuego provista de silenciador<\/em><\/li>\n<\/ul>\n\n\n\n<p class=\"wp-block-paragraph\">Juan Ignacio Corro&nbsp;<\/p>\n\n\n\n<p class=\"has-text-align-right wp-block-paragraph\">Tlalnepantla, Estado de M\u00e9xico, a 4 de septiembre de 2026<\/p>\n\n\n\n<p class=\"has-text-align-left alignwide wp-block-paragraph\">Elementos de la Fiscal\u00eda General de Justicia del Estado de M\u00e9xico, cumplimentaron \u00f3rdenes de aprehensi\u00f3n en contra de Diego Sebasti\u00e1n \u201cN\u201d y Gerardo \u201cN\u201d, por su probable intervenci\u00f3n en el homicidio calificado de &nbsp;Jonathan Samuel Mel\u00e9ndez Ochoa, Ana Paula de 35 a\u00f1os y su hija Sofia de tres, al igual que Aleyda Romero Victorio de 21 a\u00f1os y trabajadora del hogar, as\u00ed como un perro de casi un a\u00f1o de edad.&nbsp;<\/p>\n\n\n\n<p class=\"has-text-align-left alignwide wp-block-paragraph\">Adem\u00e1s del delito de homicidio se les acusa de interrupci\u00f3n del embarazo y&nbsp;&nbsp;crueldad a los seres sintientes por la privaci\u00f3n de la vida de un canino hembra, por los cuales podr\u00eda alcanzar hasta 200 a\u00f1os de prisi\u00f3n: de 25 a 70 a\u00f1os de prisi\u00f3n por cada v\u00edctima; por el delito de maltrato y crueldad a los seres sintientes en agravio de la dignidad animal una pena de 3 a 6 a\u00f1os de prisi\u00f3n, mientras que por el delito de interrupci\u00f3n del embarazo, cometido en agravio del producto de la gestaci\u00f3n, podr\u00edan ser acreedores de una pena de 5 a 10 a\u00f1os de prisi\u00f3n.<\/p>\n\n\n\n<p class=\"wp-block-paragraph\"><strong>Relatoria de hechos&nbsp;<\/strong><\/p>\n\n\n\n<p class=\"wp-block-paragraph\">Los hechos se registraron al interior del domicilio ubicado en Bosque de Amates, fraccionamiento Grand Viure, donde se localizaron cuatro personas sin signos vitales, en un crimen cometido alrededor de las 00:40 horas del mi\u00e9rcoles 2 de septiembre. Posteriormente elementos de esta Fiscal\u00eda arribaron al lugar de los hechos a las 01:05 horas, para realizar las diligencias preliminares, concluyendo con el levantamiento de las v\u00edctimas a las 04:25 horas y continuar con el protocolo de investigaci\u00f3n correspondiente.<\/p>\n\n\n\n<p class=\"wp-block-paragraph\">En el segundo nivel del inmueble se localiz\u00f3 el cuerpo de un masculino de 38 a\u00f1os de iniciales Jonathan Samuel Mel\u00e9ndez, con impacto de arma de fuego en extremidad cef\u00e1lica, amordazado con cinta adhesiva industrial y maniatado en un sof\u00e1 al interior de la rec\u00e1mara principal; en esa misma habitaci\u00f3n, en el \u00e1rea de ba\u00f1o, el cuerpo de Ana Paula de 35 a\u00f1os de edad, igualmente amordazada y maniatada; y sobre sus piernas, una menor de 3 a\u00f1os, ambas con impacto de arma de fuego en la cabeza.<\/p>\n\n\n\n<figure class=\"wp-block-gallery has-nested-images columns-default is-cropped wp-block-gallery-1 is-layout-flex wp-block-gallery-is-layout-flex\">\n<figure class=\"wp-block-image size-large\"><img fetchpriority=\"high\" decoding=\"async\" width=\"1024\" height=\"888\" data-id=\"23162\" src=\"https:\/\/agencia.252.com.mx\/wp-content\/uploads\/2026\/09\/WhatsApp-Image-2026-09-04-at-7.10.36-PM-4-1024x888.jpeg\" alt=\"\" class=\"wp-image-23162\" srcset=\"https:\/\/agencia.252.com.mx\/wp-content\/uploads\/2026\/09\/WhatsApp-Image-2026-09-04-at-7.10.36-PM-4-1024x888.jpeg 1024w, https:\/\/agencia.252.com.mx\/wp-content\/uploads\/2026\/09\/WhatsApp-Image-2026-09-04-at-7.10.36-PM-4-300x260.jpeg 300w, https:\/\/agencia.252.com.mx\/wp-content\/uploads\/2026\/09\/WhatsApp-Image-2026-09-04-at-7.10.36-PM-4-768x666.jpeg 768w, https:\/\/agencia.252.com.mx\/wp-content\/uploads\/2026\/09\/WhatsApp-Image-2026-09-04-at-7.10.36-PM-4.jpeg 1280w\" sizes=\"(max-width: 1024px) 100vw, 1024px\" \/><\/figure>\n\n\n\n<figure class=\"wp-block-image size-large\"><img decoding=\"async\" width=\"1024\" height=\"888\" data-id=\"23163\" src=\"https:\/\/agencia.252.com.mx\/wp-content\/uploads\/2026\/09\/WhatsApp-Image-2026-09-04-at-7.10.36-PM-1024x888.jpeg\" alt=\"\" class=\"wp-image-23163\" srcset=\"https:\/\/agencia.252.com.mx\/wp-content\/uploads\/2026\/09\/WhatsApp-Image-2026-09-04-at-7.10.36-PM-1024x888.jpeg 1024w, https:\/\/agencia.252.com.mx\/wp-content\/uploads\/2026\/09\/WhatsApp-Image-2026-09-04-at-7.10.36-PM-300x260.jpeg 300w, https:\/\/agencia.252.com.mx\/wp-content\/uploads\/2026\/09\/WhatsApp-Image-2026-09-04-at-7.10.36-PM-768x666.jpeg 768w, https:\/\/agencia.252.com.mx\/wp-content\/uploads\/2026\/09\/WhatsApp-Image-2026-09-04-at-7.10.36-PM.jpeg 1280w\" sizes=\"(max-width: 1024px) 100vw, 1024px\" \/><\/figure>\n\n\n\n<figure class=\"wp-block-image size-large\"><img decoding=\"async\" width=\"1024\" height=\"888\" data-id=\"23161\" src=\"https:\/\/agencia.252.com.mx\/wp-content\/uploads\/2026\/09\/WhatsApp-Image-2026-09-04-at-7.10.36-PM-3-1024x888.jpeg\" alt=\"\" class=\"wp-image-23161\" srcset=\"https:\/\/agencia.252.com.mx\/wp-content\/uploads\/2026\/09\/WhatsApp-Image-2026-09-04-at-7.10.36-PM-3-1024x888.jpeg 1024w, https:\/\/agencia.252.com.mx\/wp-content\/uploads\/2026\/09\/WhatsApp-Image-2026-09-04-at-7.10.36-PM-3-300x260.jpeg 300w, https:\/\/agencia.252.com.mx\/wp-content\/uploads\/2026\/09\/WhatsApp-Image-2026-09-04-at-7.10.36-PM-3-768x666.jpeg 768w, https:\/\/agencia.252.com.mx\/wp-content\/uploads\/2026\/09\/WhatsApp-Image-2026-09-04-at-7.10.36-PM-3.jpeg 1280w\" sizes=\"(max-width: 1024px) 100vw, 1024px\" \/><\/figure>\n<\/figure>\n\n\n\n<p class=\"wp-block-paragraph\">En el primer nivel del inmueble, dentro de una habitaci\u00f3n, sobre una cama, se encontr\u00f3 a una femenina de 21 a\u00f1os de iniciales Aleyda Romero Victorio maniatada e igualmente con disparo de arma de fuego en la parte superior de la espalda y base de la extremidad cef\u00e1lica; por \u00faltimo, fue localizado en un ba\u00f1o de ese mismo nivel, un canino hembra con el hocico envuelto con cinta adhesiva de color gris y disparo de arma de fuego en la cabeza.<\/p>\n\n\n\n<p class=\"wp-block-paragraph\">El primer respondiente report\u00f3 que en el inmueble \u201cse localizan dos habitaciones m\u00e1s, siendo en la primera en la cual se localizaba un menor de edad de aproximadamente cinco a\u00f1os de edad, el cual a simple vista no contaba con lesi\u00f3n visible\u201d, al preguntar el Agente del Ministerio P\u00fablico sobre el paradero del menor, los elementos policiacos informaron que lo entregaron a sus abuelos.<\/p>\n\n\n\n<p class=\"wp-block-paragraph\">Tras 8 horas con 45 minutos de actos de investigaci\u00f3n, se logr\u00f3 la detenci\u00f3n, primero de Gerardo \u201cN\u201d y posteriormente de Diego Sebasti\u00e1n \u201cN\u201d, este \u00faltimo, por su condici\u00f3n de m\u00faltiple nacionalidad y situaci\u00f3n econ\u00f3mica, era altamente susceptible de abandonar el pa\u00eds para evadir la acci\u00f3n de la justicia, en la que intervino la Secretar\u00eda de Seguridad y Protecci\u00f3n Ciudadana (SSPC) del Gobierno de M\u00e9xico, la Secretar\u00eda de Seguridad Ciudadana de la Ciudad de M\u00e9xico (SSCDMX) con esta Fiscal\u00eda,<\/p>\n\n\n\n<p class=\"wp-block-paragraph\">En el marco del Protocolo de Actuaci\u00f3n para quienes Imparten Justicia en Casos que Involucren a Ni\u00f1as, Ni\u00f1os y Adolescentes y anteponiendo el inter\u00e9s superior de la ni\u00f1ez y en el momento oportuno, esta Fiscal\u00eda buscar\u00e1 recabar su entrevista. Hasta momento el ni\u00f1o no ha sido presentado para valoraciones psicol\u00f3gicas y de trabajo social ante el personal especializado de esta Fiscal\u00eda.<\/p>\n\n\n\n<p class=\"wp-block-paragraph\"><strong>El robo por causa de obtener criptomonedas&nbsp;<\/strong><\/p>\n\n\n\n<p class=\"wp-block-paragraph\">La investigaci\u00f3n logr\u00f3 establecer que el intervalo de muerte de las v\u00edctimas oscila de las 17:30 a las 20:00 horas, lapso que coincide con el tiempo en que Diego Sebasti\u00e1n \u201cN\u201d y Gerardo \u201cN\u201d permanecieron al interior del Fraccionamiento Residencial Grand Viure, acorde con los registros de entradas y salidas de este lugar.<\/p>\n\n\n\n<p class=\"wp-block-paragraph\">A las 17:23 horas, las videoc\u00e1maras de seguridad captan el ingreso de un veh\u00edculo sed\u00e1n marca Kia, color gris, conducido por Gerardo \u201cN\u201d quien era acompa\u00f1ado de Diego Sebasti\u00e1n \u201cN\u201d, quien es visto a las 17:24 horas al interior de un elevador una vez que A.P.G.B., por la relaci\u00f3n de confianza del investigado con su esposo, autoriz\u00f3 a trav\u00e9s de llamada telef\u00f3nica su acceso ya que ella no se encontraba en el lugar, por lo que ingres\u00f3 al departamento en donde \u00fanicamente se encontraba la v\u00edctima de iniciales A.R.V. y dos mascotas.<\/p>\n\n\n\n<p class=\"wp-block-paragraph\">Posteriormente, a las 17:42 horas, arriba la v\u00edctima de iniciales A.P.G.B. y sus hijos, a bordo de un automotor marca Nissan, tipo X-trail, color negro y suben al departamento. A las 17:54 horas, la femenina contacta a un masculino (testigo) quien en entrevista en sede ministerial refiri\u00f3 que a trav\u00e9s de mensaje de texto le dijo \u201cSebasti\u00e1n (activo del delito) ya ten\u00eda rato esperando a Jonathan, por lo que Jonathan le llama y le comenta que est\u00e1bamos jugando Padel y le dijo Sebasti\u00e1n que lo esperaba\u201d.<\/p>\n\n\n\n<p class=\"wp-block-paragraph\">A las 19:28 horas, la videoc\u00e1mara capta el arribo de Jonatan, a bordo de un veh\u00edculo marca Chevrolet, tipo Suburban, color blanco, acompa\u00f1ado de un amigo suyo (testigo), quien en entrevista refiri\u00f3 \u201c<em>al llegar, Jonathan se baja del carro, lo deja prendido, me bajo con \u00e9l. Lo iba acompa\u00f1ar a entrar a su casa y me dijo: esp\u00e9rame aqu\u00ed abajo, si no contesto pide ayuda. Pero en ese momento me percat\u00e9 que me lo dec\u00eda con un cierto miedo, al mandarle mensaje y no contestarme es que decido pedir ayuda en la caseta de vigilancia<\/em>\u201d.<\/p>\n\n\n\n<p class=\"wp-block-paragraph\">A las 19:41 horas, una c\u00e1mara de video capta a Diego Sebasti\u00e1n \u201cN\u201d (activo del delito) en el \u00e1rea de estacionamiento sin que previamente se le observe en el elevador que utiliz\u00f3 para subir al departamento. A las 19:43 horas, el veh\u00edculo KIA sale del fraccionamiento con ambos investigados a bordo.<\/p>\n\n\n\n<p class=\"wp-block-paragraph\">El testigo refiere que para evitar la revisi\u00f3n del veh\u00edculo por parte de personal de seguridad privada del fraccionamiento, \u201cDiego Sebasti\u00e1n \u201cN\u201d, le dijo a la chica de seguridad: c<em>\u00e1mara hija de tu pu\u2026 madre, abre la pluma que ya me tengo que ir; y le mostr\u00f3 un arma de fuego, por lo que al abrir personal de seguridad, es que me ve que estaba atr\u00e1s de ella y me dice, tu pin\u2026 negrito, donde se te ocurra decir que me viste te voy a matar como a tus pin\u2026 amigos\u00bb.<\/em><\/p>\n\n\n\n<p class=\"wp-block-paragraph\">Actos de investigaci\u00f3n permitieron establecer que un d\u00eda antes, es decir, el 31 de agosto, y durante la ma\u00f1ana del d\u00eda de los hechos, Diego Sebasti\u00e1n \u201cN\u201d le instruy\u00f3 a Gerardo \u201cN\u201d, \u201cconseguir un desarmador plano, un desarmador de cruz, electr\u00f3nicos, cinchos grandes, guantes negros de tatuajes y cubrebocas\u201d para lo cual le dar\u00eda dinero despu\u00e9s. Estos art\u00edculos y un rollo de cinta adhesiva industrial guardan correspondencia con los utilizados para maniatar a las v\u00edctimas, as\u00ed como con los indicios asegurados al interior del veh\u00edculo KIA.<\/p>\n\n\n\n<p class=\"wp-block-paragraph\">Cabe se\u00f1alar que, al investigar el veh\u00edculo en el que los ahora detenidos arribaron al fraccionamiento, se identific\u00f3 que ten\u00eda placas de circulaci\u00f3n \u201csobrepuestas\u201d, sin embargo, se logr\u00f3 ubicar la unidad en el Fraccionamiento H\u00e9roes Tec\u00e1mac, secci\u00f3n Bosques, de ese municipio, lugar en donde fue asegurado.<\/p>\n\n\n\n<p class=\"wp-block-paragraph\">Por otra parte, se advierte que el arma de fuego con la que las v\u00edctimas fueron privadas de la vida, presuntamente estaba provista de silenciador e incluso el activo reconoce \u201c<em>la desensambl\u00e9 y avent\u00e9 a una barranca<\/em>\u201d. Al respecto, los actos de investigaci\u00f3n acreditan que los vecinos no escucharon sonidos asociados a detonaciones de arma de fuego, por lo que esta circunstancia guarda correspondencia con lo manifestado por el investigado.<\/p>\n\n\n\n<p class=\"wp-block-paragraph\">As\u00ed mismo, se cuenta con informaci\u00f3n de que los activos supon\u00edan que las v\u00edctimas pose\u00edan una importante cantidad de numerario en \u201ccriptomonedas\u201d, por lo que tratar\u00edan de localizar en el departamento \u201c<em>una caja fr\u00eda con cantidades millonarias de d\u00f3lares en Bitcoins<\/em>\u201d y una vez obtenidos los recursos, Diego Sebasti\u00e1n \u201cN\u201d le dar\u00eda a Gerardo \u201cN\u201d 2 millones de pesos \u201cpor la ayuda\u201d.<\/p>\n\n\n\n<p class=\"wp-block-paragraph\">De igual forma, testigos refieren que luego de cometido el multihomicidio, a altas horas de la noche, Diego Sebasti\u00e1n \u201cN\u201d, habr\u00eda acudido a un conocido restaurante ubicado en la Avenida Mixcoac en la Ciudad de M\u00e9xico, con la intenci\u00f3n de comer tacos, sin embargo, al percatarse que ya no hab\u00eda servicio, se retir\u00f3 con rumbo a la colonia Del Valle.<\/p>\n\n\n\n<p class=\"wp-block-paragraph\">El d\u00eda de hoy, Diego Sebasti\u00e1n \u201cN\u201d y Gerardo \u201cN\u201d fueron ingresados al Centro Penitenciario de Reinserci\u00f3n Social de Tlalnepantla, a disposici\u00f3n de la Autoridad Judicial, quien fij\u00f3 las 12:30 horas del s\u00e1bado 5 de septiembre para celebrar audiencia inicial para formulaci\u00f3n de imputaci\u00f3n.<\/p>\n\n\n\n<p class=\"wp-block-paragraph\"><\/p>\n","protected":false},"excerpt":{"rendered":"<p>Visitas: 4 Juan Ignacio Corro&nbsp; Tlalnepantla, Estado de M\u00e9xico, a 4 de septiembre de 2026 Elementos de la Fiscal\u00eda General de Justicia del Estado de M\u00e9xico, cumplimentaron \u00f3rdenes de aprehensi\u00f3n en contra de Diego Sebasti\u00e1n \u201cN\u201d y Gerardo \u201cN\u201d, por su probable intervenci\u00f3n en el homicidio calificado de &nbsp;Jonathan Samuel Mel\u00e9ndez Ochoa, Ana Paula de [&hellip;]<\/p>\n","protected":false},"author":5,"featured_media":23164,"comment_status":"open","ping_status":"open","sticky":false,"template":"","format":"standard","meta":{"site-sidebar-layout":"default","site-content-layout":"","ast-site-content-layout":"default","site-content-style":"default","site-sidebar-style":"default","ast-global-header-display":"","ast-banner-title-visibility":"","ast-main-header-display":"","ast-hfb-above-header-display":"","ast-hfb-below-header-display":"","ast-hfb-mobile-header-display":"","site-post-title":"","ast-breadcrumbs-content":"","ast-featured-img":"","footer-sml-layout":"","ast-disable-related-posts":"","theme-transparent-header-meta":"","adv-header-id-meta":"","stick-header-meta":"","header-above-stick-meta":"","header-main-stick-meta":"","header-below-stick-meta":"","astra-migrate-meta-layouts":"set","ast-page-background-enabled":"default","ast-page-background-meta":{"desktop":{"background-color":"var(--ast-global-color-4)","background-image":"","background-repeat":"repeat","background-position":"center center","background-size":"auto","background-attachment":"scroll","background-type":"","background-media":"","overlay-type":"","overlay-color":"","overlay-opacity":"","overlay-gradient":""},"tablet":{"background-color":"","background-image":"","background-repeat":"repeat","background-position":"center center","background-size":"auto","background-attachment":"scroll","background-type":"","background-media":"","overlay-type":"","overlay-color":"","overlay-opacity":"","overlay-gradient":""},"mobile":{"background-color":"","background-image":"","background-repeat":"repeat","background-position":"center center","background-size":"auto","background-attachment":"scroll","background-type":"","background-media":"","overlay-type":"","overlay-color":"","overlay-opacity":"","overlay-gradient":""}},"ast-content-background-meta":{"desktop":{"background-color":"var(--ast-global-color-5)","background-image":"","background-repeat":"repeat","background-position":"center center","background-size":"auto","background-attachment":"scroll","background-type":"","background-media":"","overlay-type":"","overlay-color":"","overlay-opacity":"","overlay-gradient":""},"tablet":{"background-color":"var(--ast-global-color-5)","background-image":"","background-repeat":"repeat","background-position":"center center","background-size":"auto","background-attachment":"scroll","background-type":"","background-media":"","overlay-type":"","overlay-color":"","overlay-opacity":"","overlay-gradient":""},"mobile":{"background-color":"var(--ast-global-color-5)","background-image":"","background-repeat":"repeat","background-position":"center center","background-size":"auto","background-attachment":"scroll","background-type":"","background-media":"","overlay-type":"","overlay-color":"","overlay-opacity":"","overlay-gradient":""}},"footnotes":""},"categories":[8,512,68],"tags":[526],"class_list":["post-23158","post","type-post","status-publish","format-standard","has-post-thumbnail","hentry","category-edomex","category-metropoli","category-seguridad","tag-edomex"],"yoast_head":"<!-- This site is optimized with the Yoast SEO plugin v28.4 - https:\/\/yoast.com\/product\/yoast-seo-wordpress\/ -->\n<title>Ordenes de aprehensi\u00f3n en contra de Sebastian N y Gerardo N, por delitos de homicidio m\u00faltiple, interrupci\u00f3n del embarazo, maltrato y crueldad de seres sintientes\u00a0 - Agencia252<\/title>\n<meta name=\"robots\" content=\"index, follow, max-snippet:-1, max-image-preview:large, max-video-preview:-1\" \/>\n<link rel=\"canonical\" href=\"https:\/\/agencia.252.com.mx\/home\/ordenes-de-aprehension-en-contra-de-sebastian-n-y-gerardo-n-por-delitos-de-homicidio-multiple-interrupcion-del-embarazo-maltrato-y-crueldad-de-seres-sintientes\/\" \/>\n<meta property=\"og:locale\" content=\"es_ES\" \/>\n<meta property=\"og:type\" content=\"article\" \/>\n<meta property=\"og:title\" content=\"Ordenes de aprehensi\u00f3n en contra de Sebastian N y Gerardo N, por delitos de homicidio m\u00faltiple, interrupci\u00f3n del embarazo, maltrato y crueldad de seres sintientes\u00a0 - Agencia252\" \/>\n<meta property=\"og:description\" content=\"Visitas: 4 Juan Ignacio Corro&nbsp; Tlalnepantla, Estado de M\u00e9xico, a 4 de septiembre de 2026 Elementos de la Fiscal\u00eda General de Justicia del Estado de M\u00e9xico, cumplimentaron \u00f3rdenes de aprehensi\u00f3n en contra de Diego Sebasti\u00e1n \u201cN\u201d y Gerardo \u201cN\u201d, por su probable intervenci\u00f3n en el homicidio calificado de &nbsp;Jonathan Samuel Mel\u00e9ndez Ochoa, Ana Paula de [&hellip;]\" \/>\n<meta property=\"og:url\" content=\"https:\/\/agencia.252.com.mx\/home\/ordenes-de-aprehension-en-contra-de-sebastian-n-y-gerardo-n-por-delitos-de-homicidio-multiple-interrupcion-del-embarazo-maltrato-y-crueldad-de-seres-sintientes\/\" \/>\n<meta property=\"og:site_name\" content=\"Agencia252\" \/>\n<meta property=\"article:publisher\" content=\"https:\/\/www.facebook.com\/252Comunicacion\/\" \/>\n<meta property=\"article:author\" content=\"https:\/\/www.facebook.com\/jcorroherrera\/\" \/>\n<meta property=\"article:published_time\" content=\"2026-09-05T02:13:31+00:00\" \/>\n<meta property=\"article:modified_time\" content=\"2026-09-05T02:13:33+00:00\" \/>\n<meta property=\"og:image\" content=\"http:\/\/agencia.252.com.mx\/wp-content\/uploads\/2026\/09\/WhatsApp-Image-2026-09-04-at-7.10.37-PM.jpeg\" \/>\n\t<meta property=\"og:image:width\" content=\"1280\" \/>\n\t<meta property=\"og:image:height\" content=\"1110\" \/>\n\t<meta property=\"og:image:type\" content=\"image\/jpeg\" \/>\n<meta name=\"author\" content=\"Nacho Corro\" \/>\n<meta name=\"twitter:card\" content=\"summary_large_image\" \/>\n<meta name=\"twitter:creator\" content=\"@Juan Ignacio Corro Herrera\" \/>\n<meta name=\"twitter:site\" content=\"@252COMS\" \/>\n<meta name=\"twitter:label1\" content=\"Escrito por\" \/>\n\t<meta name=\"twitter:data1\" content=\"Nacho Corro\" \/>\n\t<meta name=\"twitter:label2\" content=\"Tiempo de lectura\" \/>\n\t<meta name=\"twitter:data2\" content=\"8 minutos\" \/>\n<script type=\"application\/ld+json\" class=\"yoast-schema-graph\">{\"@context\":\"https:\\\/\\\/schema.org\",\"@graph\":[{\"@type\":\"Article\",\"@id\":\"https:\\\/\\\/agencia.252.com.mx\\\/home\\\/ordenes-de-aprehension-en-contra-de-sebastian-n-y-gerardo-n-por-delitos-de-homicidio-multiple-interrupcion-del-embarazo-maltrato-y-crueldad-de-seres-sintientes\\\/#article\",\"isPartOf\":{\"@id\":\"https:\\\/\\\/agencia.252.com.mx\\\/home\\\/ordenes-de-aprehension-en-contra-de-sebastian-n-y-gerardo-n-por-delitos-de-homicidio-multiple-interrupcion-del-embarazo-maltrato-y-crueldad-de-seres-sintientes\\\/\"},\"author\":{\"name\":\"Nacho Corro\",\"@id\":\"https:\\\/\\\/agencia.252.com.mx\\\/home\\\/#\\\/schema\\\/person\\\/6b972021e9a92d45ade8c78d81509098\"},\"headline\":\"Ordenes de aprehensi\u00f3n en contra de Sebastian N y Gerardo N, por delitos de homicidio m\u00faltiple, interrupci\u00f3n del embarazo, maltrato y crueldad de seres sintientes\u00a0\",\"datePublished\":\"2026-09-05T02:13:31+00:00\",\"dateModified\":\"2026-09-05T02:13:33+00:00\",\"mainEntityOfPage\":{\"@id\":\"https:\\\/\\\/agencia.252.com.mx\\\/home\\\/ordenes-de-aprehension-en-contra-de-sebastian-n-y-gerardo-n-por-delitos-de-homicidio-multiple-interrupcion-del-embarazo-maltrato-y-crueldad-de-seres-sintientes\\\/\"},\"wordCount\":1686,\"commentCount\":0,\"publisher\":{\"@id\":\"https:\\\/\\\/agencia.252.com.mx\\\/home\\\/#organization\"},\"image\":{\"@id\":\"https:\\\/\\\/agencia.252.com.mx\\\/home\\\/ordenes-de-aprehension-en-contra-de-sebastian-n-y-gerardo-n-por-delitos-de-homicidio-multiple-interrupcion-del-embarazo-maltrato-y-crueldad-de-seres-sintientes\\\/#primaryimage\"},\"thumbnailUrl\":\"https:\\\/\\\/agencia.252.com.mx\\\/wp-content\\\/uploads\\\/2026\\\/09\\\/WhatsApp-Image-2026-09-04-at-7.10.37-PM.jpeg\",\"keywords\":[\"Edomex\"],\"articleSection\":[\"Edomex\",\"Metropoli\",\"Seguridad\"],\"inLanguage\":\"es\",\"potentialAction\":[{\"@type\":\"CommentAction\",\"name\":\"Comment\",\"target\":[\"https:\\\/\\\/agencia.252.com.mx\\\/home\\\/ordenes-de-aprehension-en-contra-de-sebastian-n-y-gerardo-n-por-delitos-de-homicidio-multiple-interrupcion-del-embarazo-maltrato-y-crueldad-de-seres-sintientes\\\/#respond\"]}]},{\"@type\":\"WebPage\",\"@id\":\"https:\\\/\\\/agencia.252.com.mx\\\/home\\\/ordenes-de-aprehension-en-contra-de-sebastian-n-y-gerardo-n-por-delitos-de-homicidio-multiple-interrupcion-del-embarazo-maltrato-y-crueldad-de-seres-sintientes\\\/\",\"url\":\"https:\\\/\\\/agencia.252.com.mx\\\/home\\\/ordenes-de-aprehension-en-contra-de-sebastian-n-y-gerardo-n-por-delitos-de-homicidio-multiple-interrupcion-del-embarazo-maltrato-y-crueldad-de-seres-sintientes\\\/\",\"name\":\"Ordenes de aprehensi\u00f3n en contra de Sebastian N y Gerardo N, por delitos de homicidio m\u00faltiple, interrupci\u00f3n del embarazo, maltrato y crueldad de seres sintientes\u00a0 - Agencia252\",\"isPartOf\":{\"@id\":\"https:\\\/\\\/agencia.252.com.mx\\\/home\\\/#website\"},\"primaryImageOfPage\":{\"@id\":\"https:\\\/\\\/agencia.252.com.mx\\\/home\\\/ordenes-de-aprehension-en-contra-de-sebastian-n-y-gerardo-n-por-delitos-de-homicidio-multiple-interrupcion-del-embarazo-maltrato-y-crueldad-de-seres-sintientes\\\/#primaryimage\"},\"image\":{\"@id\":\"https:\\\/\\\/agencia.252.com.mx\\\/home\\\/ordenes-de-aprehension-en-contra-de-sebastian-n-y-gerardo-n-por-delitos-de-homicidio-multiple-interrupcion-del-embarazo-maltrato-y-crueldad-de-seres-sintientes\\\/#primaryimage\"},\"thumbnailUrl\":\"https:\\\/\\\/agencia.252.com.mx\\\/wp-content\\\/uploads\\\/2026\\\/09\\\/WhatsApp-Image-2026-09-04-at-7.10.37-PM.jpeg\",\"datePublished\":\"2026-09-05T02:13:31+00:00\",\"dateModified\":\"2026-09-05T02:13:33+00:00\",\"breadcrumb\":{\"@id\":\"https:\\\/\\\/agencia.252.com.mx\\\/home\\\/ordenes-de-aprehension-en-contra-de-sebastian-n-y-gerardo-n-por-delitos-de-homicidio-multiple-interrupcion-del-embarazo-maltrato-y-crueldad-de-seres-sintientes\\\/#breadcrumb\"},\"inLanguage\":\"es\",\"potentialAction\":[{\"@type\":\"ReadAction\",\"target\":[\"https:\\\/\\\/agencia.252.com.mx\\\/home\\\/ordenes-de-aprehension-en-contra-de-sebastian-n-y-gerardo-n-por-delitos-de-homicidio-multiple-interrupcion-del-embarazo-maltrato-y-crueldad-de-seres-sintientes\\\/\"]}]},{\"@type\":\"ImageObject\",\"inLanguage\":\"es\",\"@id\":\"https:\\\/\\\/agencia.252.com.mx\\\/home\\\/ordenes-de-aprehension-en-contra-de-sebastian-n-y-gerardo-n-por-delitos-de-homicidio-multiple-interrupcion-del-embarazo-maltrato-y-crueldad-de-seres-sintientes\\\/#primaryimage\",\"url\":\"https:\\\/\\\/agencia.252.com.mx\\\/wp-content\\\/uploads\\\/2026\\\/09\\\/WhatsApp-Image-2026-09-04-at-7.10.37-PM.jpeg\",\"contentUrl\":\"https:\\\/\\\/agencia.252.com.mx\\\/wp-content\\\/uploads\\\/2026\\\/09\\\/WhatsApp-Image-2026-09-04-at-7.10.37-PM.jpeg\",\"width\":1280,\"height\":1110},{\"@type\":\"BreadcrumbList\",\"@id\":\"https:\\\/\\\/agencia.252.com.mx\\\/home\\\/ordenes-de-aprehension-en-contra-de-sebastian-n-y-gerardo-n-por-delitos-de-homicidio-multiple-interrupcion-del-embarazo-maltrato-y-crueldad-de-seres-sintientes\\\/#breadcrumb\",\"itemListElement\":[{\"@type\":\"ListItem\",\"position\":1,\"name\":\"Portada\",\"item\":\"https:\\\/\\\/agencia.252.com.mx\\\/home\\\/\"},{\"@type\":\"ListItem\",\"position\":2,\"name\":\"Ordenes de aprehensi\u00f3n en contra de Sebastian N y Gerardo N, por delitos de homicidio m\u00faltiple, interrupci\u00f3n del embarazo, maltrato y crueldad de seres sintientes\u00a0\"}]},{\"@type\":\"WebSite\",\"@id\":\"https:\\\/\\\/agencia.252.com.mx\\\/home\\\/#website\",\"url\":\"https:\\\/\\\/agencia.252.com.mx\\\/home\\\/\",\"name\":\"Agencia252\",\"description\":\"Tu espacio en la Red\",\"publisher\":{\"@id\":\"https:\\\/\\\/agencia.252.com.mx\\\/home\\\/#organization\"},\"potentialAction\":[{\"@type\":\"SearchAction\",\"target\":{\"@type\":\"EntryPoint\",\"urlTemplate\":\"https:\\\/\\\/agencia.252.com.mx\\\/home\\\/?s={search_term_string}\"},\"query-input\":{\"@type\":\"PropertyValueSpecification\",\"valueRequired\":true,\"valueName\":\"search_term_string\"}}],\"inLanguage\":\"es\"},{\"@type\":\"Organization\",\"@id\":\"https:\\\/\\\/agencia.252.com.mx\\\/home\\\/#organization\",\"name\":\"Agencia252\",\"url\":\"https:\\\/\\\/agencia.252.com.mx\\\/home\\\/\",\"logo\":{\"@type\":\"ImageObject\",\"inLanguage\":\"es\",\"@id\":\"https:\\\/\\\/agencia.252.com.mx\\\/home\\\/#\\\/schema\\\/logo\\\/image\\\/\",\"url\":\"https:\\\/\\\/agencia.252.com.mx\\\/wp-content\\\/uploads\\\/2023\\\/02\\\/cropped-ciruclo-agencia-e1677562404136.png\",\"contentUrl\":\"https:\\\/\\\/agencia.252.com.mx\\\/wp-content\\\/uploads\\\/2023\\\/02\\\/cropped-ciruclo-agencia-e1677562404136.png\",\"width\":512,\"height\":512,\"caption\":\"Agencia252\"},\"image\":{\"@id\":\"https:\\\/\\\/agencia.252.com.mx\\\/home\\\/#\\\/schema\\\/logo\\\/image\\\/\"},\"sameAs\":[\"https:\\\/\\\/www.facebook.com\\\/252Comunicacion\\\/\",\"https:\\\/\\\/x.com\\\/252COMS\"]},{\"@type\":\"Person\",\"@id\":\"https:\\\/\\\/agencia.252.com.mx\\\/home\\\/#\\\/schema\\\/person\\\/6b972021e9a92d45ade8c78d81509098\",\"name\":\"Nacho Corro\",\"image\":{\"@type\":\"ImageObject\",\"inLanguage\":\"es\",\"@id\":\"https:\\\/\\\/secure.gravatar.com\\\/avatar\\\/5db6df507cfe1307e192fbb498c6b85f1cf2ffd8b4cd37141b9eea588fcbd5a4?s=96&r=g\",\"url\":\"https:\\\/\\\/secure.gravatar.com\\\/avatar\\\/5db6df507cfe1307e192fbb498c6b85f1cf2ffd8b4cd37141b9eea588fcbd5a4?s=96&r=g\",\"contentUrl\":\"https:\\\/\\\/secure.gravatar.com\\\/avatar\\\/5db6df507cfe1307e192fbb498c6b85f1cf2ffd8b4cd37141b9eea588fcbd5a4?s=96&r=g\",\"caption\":\"Nacho Corro\"},\"description\":\"Comunicador Social, Periodista y Administraci\u00f3n P\u00fablica. Conversador pol\u00edtico, temas electorales y seguridad. Generador de contenidos digitales. Amante de la fotograf\u00eda\",\"sameAs\":[\"https:\\\/\\\/www.facebook.com\\\/jcorroherrera\\\/\",\"www.instagram.com\\\/nachocorro\\\/\",\"https:\\\/\\\/x.com\\\/Juan Ignacio Corro Herrera\"],\"url\":\"https:\\\/\\\/agencia.252.com.mx\\\/home\\\/author\\\/i-corro\\\/\"}]}<\/script>\n<!-- \/ Yoast SEO plugin. -->","yoast_head_json":{"title":"Ordenes de aprehensi\u00f3n en contra de Sebastian N y Gerardo N, por delitos de homicidio m\u00faltiple, interrupci\u00f3n del embarazo, maltrato y crueldad de seres sintientes\u00a0 - Agencia252","robots":{"index":"index","follow":"follow","max-snippet":"max-snippet:-1","max-image-preview":"max-image-preview:large","max-video-preview":"max-video-preview:-1"},"canonical":"https:\/\/agencia.252.com.mx\/home\/ordenes-de-aprehension-en-contra-de-sebastian-n-y-gerardo-n-por-delitos-de-homicidio-multiple-interrupcion-del-embarazo-maltrato-y-crueldad-de-seres-sintientes\/","og_locale":"es_ES","og_type":"article","og_title":"Ordenes de aprehensi\u00f3n en contra de Sebastian N y Gerardo N, por delitos de homicidio m\u00faltiple, interrupci\u00f3n del embarazo, maltrato y crueldad de seres sintientes\u00a0 - Agencia252","og_description":"Visitas: 4 Juan Ignacio Corro&nbsp; Tlalnepantla, Estado de M\u00e9xico, a 4 de septiembre de 2026 Elementos de la Fiscal\u00eda General de Justicia del Estado de M\u00e9xico, cumplimentaron \u00f3rdenes de aprehensi\u00f3n en contra de Diego Sebasti\u00e1n \u201cN\u201d y Gerardo \u201cN\u201d, por su probable intervenci\u00f3n en el homicidio calificado de &nbsp;Jonathan Samuel Mel\u00e9ndez Ochoa, Ana Paula de [&hellip;]","og_url":"https:\/\/agencia.252.com.mx\/home\/ordenes-de-aprehension-en-contra-de-sebastian-n-y-gerardo-n-por-delitos-de-homicidio-multiple-interrupcion-del-embarazo-maltrato-y-crueldad-de-seres-sintientes\/","og_site_name":"Agencia252","article_publisher":"https:\/\/www.facebook.com\/252Comunicacion\/","article_author":"https:\/\/www.facebook.com\/jcorroherrera\/","article_published_time":"2026-09-05T02:13:31+00:00","article_modified_time":"2026-09-05T02:13:33+00:00","og_image":[{"width":1280,"height":1110,"url":"http:\/\/agencia.252.com.mx\/wp-content\/uploads\/2026\/09\/WhatsApp-Image-2026-09-04-at-7.10.37-PM.jpeg","type":"image\/jpeg"}],"author":"Nacho Corro","twitter_card":"summary_large_image","twitter_creator":"@Juan Ignacio Corro Herrera","twitter_site":"@252COMS","twitter_misc":{"Escrito por":"Nacho Corro","Tiempo de lectura":"8 minutos"},"schema":{"@context":"https:\/\/schema.org","@graph":[{"@type":"Article","@id":"https:\/\/agencia.252.com.mx\/home\/ordenes-de-aprehension-en-contra-de-sebastian-n-y-gerardo-n-por-delitos-de-homicidio-multiple-interrupcion-del-embarazo-maltrato-y-crueldad-de-seres-sintientes\/#article","isPartOf":{"@id":"https:\/\/agencia.252.com.mx\/home\/ordenes-de-aprehension-en-contra-de-sebastian-n-y-gerardo-n-por-delitos-de-homicidio-multiple-interrupcion-del-embarazo-maltrato-y-crueldad-de-seres-sintientes\/"},"author":{"name":"Nacho Corro","@id":"https:\/\/agencia.252.com.mx\/home\/#\/schema\/person\/6b972021e9a92d45ade8c78d81509098"},"headline":"Ordenes de aprehensi\u00f3n en contra de Sebastian N y Gerardo N, por delitos de homicidio m\u00faltiple, interrupci\u00f3n del embarazo, maltrato y crueldad de seres sintientes\u00a0","datePublished":"2026-09-05T02:13:31+00:00","dateModified":"2026-09-05T02:13:33+00:00","mainEntityOfPage":{"@id":"https:\/\/agencia.252.com.mx\/home\/ordenes-de-aprehension-en-contra-de-sebastian-n-y-gerardo-n-por-delitos-de-homicidio-multiple-interrupcion-del-embarazo-maltrato-y-crueldad-de-seres-sintientes\/"},"wordCount":1686,"commentCount":0,"publisher":{"@id":"https:\/\/agencia.252.com.mx\/home\/#organization"},"image":{"@id":"https:\/\/agencia.252.com.mx\/home\/ordenes-de-aprehension-en-contra-de-sebastian-n-y-gerardo-n-por-delitos-de-homicidio-multiple-interrupcion-del-embarazo-maltrato-y-crueldad-de-seres-sintientes\/#primaryimage"},"thumbnailUrl":"https:\/\/agencia.252.com.mx\/wp-content\/uploads\/2026\/09\/WhatsApp-Image-2026-09-04-at-7.10.37-PM.jpeg","keywords":["Edomex"],"articleSection":["Edomex","Metropoli","Seguridad"],"inLanguage":"es","potentialAction":[{"@type":"CommentAction","name":"Comment","target":["https:\/\/agencia.252.com.mx\/home\/ordenes-de-aprehension-en-contra-de-sebastian-n-y-gerardo-n-por-delitos-de-homicidio-multiple-interrupcion-del-embarazo-maltrato-y-crueldad-de-seres-sintientes\/#respond"]}]},{"@type":"WebPage","@id":"https:\/\/agencia.252.com.mx\/home\/ordenes-de-aprehension-en-contra-de-sebastian-n-y-gerardo-n-por-delitos-de-homicidio-multiple-interrupcion-del-embarazo-maltrato-y-crueldad-de-seres-sintientes\/","url":"https:\/\/agencia.252.com.mx\/home\/ordenes-de-aprehension-en-contra-de-sebastian-n-y-gerardo-n-por-delitos-de-homicidio-multiple-interrupcion-del-embarazo-maltrato-y-crueldad-de-seres-sintientes\/","name":"Ordenes de aprehensi\u00f3n en contra de Sebastian N y Gerardo N, por delitos de homicidio m\u00faltiple, interrupci\u00f3n del embarazo, maltrato y crueldad de seres sintientes\u00a0 - Agencia252","isPartOf":{"@id":"https:\/\/agencia.252.com.mx\/home\/#website"},"primaryImageOfPage":{"@id":"https:\/\/agencia.252.com.mx\/home\/ordenes-de-aprehension-en-contra-de-sebastian-n-y-gerardo-n-por-delitos-de-homicidio-multiple-interrupcion-del-embarazo-maltrato-y-crueldad-de-seres-sintientes\/#primaryimage"},"image":{"@id":"https:\/\/agencia.252.com.mx\/home\/ordenes-de-aprehension-en-contra-de-sebastian-n-y-gerardo-n-por-delitos-de-homicidio-multiple-interrupcion-del-embarazo-maltrato-y-crueldad-de-seres-sintientes\/#primaryimage"},"thumbnailUrl":"https:\/\/agencia.252.com.mx\/wp-content\/uploads\/2026\/09\/WhatsApp-Image-2026-09-04-at-7.10.37-PM.jpeg","datePublished":"2026-09-05T02:13:31+00:00","dateModified":"2026-09-05T02:13:33+00:00","breadcrumb":{"@id":"https:\/\/agencia.252.com.mx\/home\/ordenes-de-aprehension-en-contra-de-sebastian-n-y-gerardo-n-por-delitos-de-homicidio-multiple-interrupcion-del-embarazo-maltrato-y-crueldad-de-seres-sintientes\/#breadcrumb"},"inLanguage":"es","potentialAction":[{"@type":"ReadAction","target":["https:\/\/agencia.252.com.mx\/home\/ordenes-de-aprehension-en-contra-de-sebastian-n-y-gerardo-n-por-delitos-de-homicidio-multiple-interrupcion-del-embarazo-maltrato-y-crueldad-de-seres-sintientes\/"]}]},{"@type":"ImageObject","inLanguage":"es","@id":"https:\/\/agencia.252.com.mx\/home\/ordenes-de-aprehension-en-contra-de-sebastian-n-y-gerardo-n-por-delitos-de-homicidio-multiple-interrupcion-del-embarazo-maltrato-y-crueldad-de-seres-sintientes\/#primaryimage","url":"https:\/\/agencia.252.com.mx\/wp-content\/uploads\/2026\/09\/WhatsApp-Image-2026-09-04-at-7.10.37-PM.jpeg","contentUrl":"https:\/\/agencia.252.com.mx\/wp-content\/uploads\/2026\/09\/WhatsApp-Image-2026-09-04-at-7.10.37-PM.jpeg","width":1280,"height":1110},{"@type":"BreadcrumbList","@id":"https:\/\/agencia.252.com.mx\/home\/ordenes-de-aprehension-en-contra-de-sebastian-n-y-gerardo-n-por-delitos-de-homicidio-multiple-interrupcion-del-embarazo-maltrato-y-crueldad-de-seres-sintientes\/#breadcrumb","itemListElement":[{"@type":"ListItem","position":1,"name":"Portada","item":"https:\/\/agencia.252.com.mx\/home\/"},{"@type":"ListItem","position":2,"name":"Ordenes de aprehensi\u00f3n en contra de Sebastian N y Gerardo N, por delitos de homicidio m\u00faltiple, interrupci\u00f3n del embarazo, maltrato y crueldad de seres sintientes\u00a0"}]},{"@type":"WebSite","@id":"https:\/\/agencia.252.com.mx\/home\/#website","url":"https:\/\/agencia.252.com.mx\/home\/","name":"Agencia252","description":"Tu espacio en la Red","publisher":{"@id":"https:\/\/agencia.252.com.mx\/home\/#organization"},"potentialAction":[{"@type":"SearchAction","target":{"@type":"EntryPoint","urlTemplate":"https:\/\/agencia.252.com.mx\/home\/?s={search_term_string}"},"query-input":{"@type":"PropertyValueSpecification","valueRequired":true,"valueName":"search_term_string"}}],"inLanguage":"es"},{"@type":"Organization","@id":"https:\/\/agencia.252.com.mx\/home\/#organization","name":"Agencia252","url":"https:\/\/agencia.252.com.mx\/home\/","logo":{"@type":"ImageObject","inLanguage":"es","@id":"https:\/\/agencia.252.com.mx\/home\/#\/schema\/logo\/image\/","url":"https:\/\/agencia.252.com.mx\/wp-content\/uploads\/2023\/02\/cropped-ciruclo-agencia-e1677562404136.png","contentUrl":"https:\/\/agencia.252.com.mx\/wp-content\/uploads\/2023\/02\/cropped-ciruclo-agencia-e1677562404136.png","width":512,"height":512,"caption":"Agencia252"},"image":{"@id":"https:\/\/agencia.252.com.mx\/home\/#\/schema\/logo\/image\/"},"sameAs":["https:\/\/www.facebook.com\/252Comunicacion\/","https:\/\/x.com\/252COMS"]},{"@type":"Person","@id":"https:\/\/agencia.252.com.mx\/home\/#\/schema\/person\/6b972021e9a92d45ade8c78d81509098","name":"Nacho Corro","image":{"@type":"ImageObject","inLanguage":"es","@id":"https:\/\/secure.gravatar.com\/avatar\/5db6df507cfe1307e192fbb498c6b85f1cf2ffd8b4cd37141b9eea588fcbd5a4?s=96&r=g","url":"https:\/\/secure.gravatar.com\/avatar\/5db6df507cfe1307e192fbb498c6b85f1cf2ffd8b4cd37141b9eea588fcbd5a4?s=96&r=g","contentUrl":"https:\/\/secure.gravatar.com\/avatar\/5db6df507cfe1307e192fbb498c6b85f1cf2ffd8b4cd37141b9eea588fcbd5a4?s=96&r=g","caption":"Nacho Corro"},"description":"Comunicador Social, Periodista y Administraci\u00f3n P\u00fablica. Conversador pol\u00edtico, temas electorales y seguridad. Generador de contenidos digitales. Amante de la fotograf\u00eda","sameAs":["https:\/\/www.facebook.com\/jcorroherrera\/","www.instagram.com\/nachocorro\/","https:\/\/x.com\/Juan Ignacio Corro Herrera"],"url":"https:\/\/agencia.252.com.mx\/home\/author\/i-corro\/"}]}},"_links":{"self":[{"href":"https:\/\/agencia.252.com.mx\/home\/wp-json\/wp\/v2\/posts\/23158","targetHints":{"allow":["GET"]}}],"collection":[{"href":"https:\/\/agencia.252.com.mx\/home\/wp-json\/wp\/v2\/posts"}],"about":[{"href":"https:\/\/agencia.252.com.mx\/home\/wp-json\/wp\/v2\/types\/post"}],"author":[{"embeddable":true,"href":"https:\/\/agencia.252.com.mx\/home\/wp-json\/wp\/v2\/users\/5"}],"replies":[{"embeddable":true,"href":"https:\/\/agencia.252.com.mx\/home\/wp-json\/wp\/v2\/comments?post=23158"}],"version-history":[{"count":1,"href":"https:\/\/agencia.252.com.mx\/home\/wp-json\/wp\/v2\/posts\/23158\/revisions"}],"predecessor-version":[{"id":23165,"href":"https:\/\/agencia.252.com.mx\/home\/wp-json\/wp\/v2\/posts\/23158\/revisions\/23165"}],"wp:featuredmedia":[{"embeddable":true,"href":"https:\/\/agencia.252.com.mx\/home\/wp-json\/wp\/v2\/media\/23164"}],"wp:attachment":[{"href":"https:\/\/agencia.252.com.mx\/home\/wp-json\/wp\/v2\/media?parent=23158"}],"wp:term":[{"taxonomy":"category","embeddable":true,"href":"https:\/\/agencia.252.com.mx\/home\/wp-json\/wp\/v2\/categories?post=23158"},{"taxonomy":"post_tag","embeddable":true,"href":"https:\/\/agencia.252.com.mx\/home\/wp-json\/wp\/v2\/tags?post=23158"}],"curies":[{"name":"wp","href":"https:\/\/api.w.org\/{rel}","templated":true}]}}