{"id":23145,"date":"2026-09-03T21:34:38","date_gmt":"2026-09-04T03:34:38","guid":{"rendered":"https:\/\/agencia.252.com.mx\/home\/?p=23145"},"modified":"2026-09-03T21:35:12","modified_gmt":"2026-09-04T03:35:12","slug":"reforzara-presencia-territorial-la-administracion-de-naucalpan-funcionarios-visitaran-casa-a-casa","status":"publish","type":"post","link":"https:\/\/agencia.252.com.mx\/home\/reforzara-presencia-territorial-la-administracion-de-naucalpan-funcionarios-visitaran-casa-a-casa\/","title":{"rendered":"Reforzar\u00e1 presencia territorial la administraci\u00f3n de Naucalpan; funcionarios visitar\u00e1n casa a casa \u00a0"},"content":{"rendered":"<p>Visitas: 4<\/p>\n<ul class=\"wp-block-list\">\n<li><em>Encabeza alcalde Issac Montoya el 152 aniversario de la fundaci\u00f3n de Naucalpan\u00a0<\/em><\/li>\n<\/ul>\n\n\n\n<ul class=\"wp-block-list\">\n<li><em>Destac\u00f3 la asignaci\u00f3n equitativa del presupuesto p\u00fablico para priorizar las colonias con mayor rezago e infraestructura en vialidades clave.<\/em><\/li>\n<\/ul>\n\n\n\n<p class=\"wp-block-paragraph\">Juan Ignacio Corro&nbsp;<\/p>\n\n\n\n<p class=\"has-text-align-right wp-block-paragraph\">Naucalpan, Estado de M\u00e9xico, a 3 de septiembre de 2026<\/p>\n\n\n\n<p class=\"wp-block-paragraph\">En el marco del 152 Aniversario de Naucalpan de Ju\u00e1rez, el presidente municipal Isaac Montoya M\u00e1rquez encabez\u00f3 la ceremonia conmemorativa donde destac\u00f3 la historia, el peso econ\u00f3mico y la diversidad cultural de la demarcaci\u00f3n, as\u00ed como parte de los avances de la transformaci\u00f3n del municipio, al tiempo que present\u00f3 el proyecto de remodelaci\u00f3n del Parque Revoluci\u00f3n y anunci\u00f3 que se iniciaran recorridos casa por casa junto a directores de su administraci\u00f3n como parte del trabajo territorial.<\/p>\n\n\n\n<p class=\"wp-block-paragraph\">En la Plaza Revoluci\u00f3n, acompa\u00f1ado de las y los integrantes del Cabildo, directoras y directores de la administraci\u00f3n, muestra de un gobierno de territorio, el alcalde reflexion\u00f3 sobre los hechos hist\u00f3ricos que rodearon al municipio, y en comparaci\u00f3n los hechos actuales que pretenden general polaridad en el pa\u00eds.<\/p>\n\n\n\n<p class=\"wp-block-paragraph\">Asimismo, subray\u00f3 que Naucalpan es el municipio que m\u00e1s aporta con el 17% al Producto Interno Bruto (PIB) del Estado de M\u00e9xico. De la misma forma, enfatiz\u00f3 la necesidad de recuperar los s\u00edmbolos de identidad naucalpense y preservar la memoria hist\u00f3rica, haciendo referencia a los pueblos originarios otom\u00edes de San Francisco Chimalpa y Santiago Tepatlaxco, as\u00ed como al patrimonio cultural, deportivo y social de la localidad.<\/p>\n\n\n\n<figure class=\"wp-block-image alignright size-medium\"><img decoding=\"async\" width=\"300\" height=\"138\" src=\"https:\/\/agencia.252.com.mx\/wp-content\/uploads\/2026\/09\/WhatsApp-Image-2026-09-03-at-7.20.05-PM-300x138.jpeg\" alt=\"\" class=\"wp-image-23147\" srcset=\"https:\/\/agencia.252.com.mx\/wp-content\/uploads\/2026\/09\/WhatsApp-Image-2026-09-03-at-7.20.05-PM-300x138.jpeg 300w, https:\/\/agencia.252.com.mx\/wp-content\/uploads\/2026\/09\/WhatsApp-Image-2026-09-03-at-7.20.05-PM-1024x472.jpeg 1024w, https:\/\/agencia.252.com.mx\/wp-content\/uploads\/2026\/09\/WhatsApp-Image-2026-09-03-at-7.20.05-PM-768x354.jpeg 768w, https:\/\/agencia.252.com.mx\/wp-content\/uploads\/2026\/09\/WhatsApp-Image-2026-09-03-at-7.20.05-PM.jpeg 1280w\" sizes=\"(max-width: 300px) 100vw, 300px\" \/><\/figure>\n\n\n\n<p class=\"wp-block-paragraph\">Ante las y los vecinos, as\u00ed como de la Directora de Consultor\u00eda Jur\u00eddica y Asistencia Legal de Procuradur\u00eda Fiscal estatal, Araceli Enr\u00edquez Mondrag\u00f3n, representante de la gobernadora Delfina G\u00f3mez \u00c1lvarez, el alcalde present\u00f3 el proyecto de remodelaci\u00f3n del Parque Revoluci\u00f3n, donde se instalar\u00e1n bustos de figuras revolucionarias.&nbsp;<\/p>\n\n\n\n<p class=\"wp-block-paragraph\">Destac\u00f3 que las obras p\u00fablicas y actos c\u00edvicos de su administraci\u00f3n se realizan de manera descentralizada en el territorio para atender directamente las necesidades de la poblaci\u00f3n.<\/p>\n\n\n\n<p class=\"wp-block-paragraph\">Montoya M\u00e1rquez subray\u00f3 la asignaci\u00f3n equitativa del presupuesto p\u00fablico para priorizar las colonias con mayor rezago e infraestructura en vialidades clave como Perif\u00e9rico, 16 de Septiembre, Estacas, Avenida M\u00e9xico y la Calzada Luis Donaldo Colosio.<\/p>\n\n\n\n<p class=\"wp-block-paragraph\">En este sentido, tras a\u00f1os de olvido, en Naucalpan la transformaci\u00f3n avanza en las comunidades, de las 311 colonias se han atendido m\u00e1s de 234, m\u00e1s del 75%. A ello se suman casi 100 Huellas de la Transformaci\u00f3n, m\u00e1s de 67 kil\u00f3metros de Senderos Seguros y Luminosos y 1 mill\u00f3n de metros cuadrados de calles y avenidas rehabilitados. Para rescatar las vialidades, en 2025 se aplicaron 2,308 toneladas de mezcla asf\u00e1ltica y, a julio de 2026, 1,845 toneladas.<\/p>\n\n\n\n<p class=\"wp-block-paragraph\">Del presupuesto p\u00fablico, en 2025 se destinaron m\u00e1s de mil millones de pesos a obra p\u00fablica, con 150 obras de infraestructura, triplicando la inversi\u00f3n respecto a la administraci\u00f3n anterior. De acuerdo con datos difundidos por INEGI, Naucalpan registr\u00f3 un incremento de 319% en el gasto destinado a obra p\u00fablica, el mayor crecimiento del pa\u00eds. En 2026 se proyecta duplicar nuevamente la inversi\u00f3n.<\/p>\n\n\n\n<p class=\"wp-block-paragraph\">Asimismo, el alcalde anunci\u00f3 que, a partir de la pr\u00f3xima semana, junto con titulares de las distintas direcciones y jefaturas de departamento, iniciar\u00e1 caminatas casa por casa para supervisar directamente la atenci\u00f3n a las demandas ciudadanas.<\/p>\n\n\n\n<p class=\"wp-block-paragraph\">Del mismo modo, Montoya M\u00e1rquez se refiri\u00f3 a obras que ser\u00e1n un legado, por lo que agradeci\u00f3 a la gobernadora Delfina G\u00f3mez \u00c1lvarez por el avance del 80% en los trabajos de la L\u00ednea 3 del Mexicable, proyecto de movilidad que beneficiar\u00e1 a la zona alta del municipio, as\u00ed como el trabajo conjunto en la rehabilitaci\u00f3n hist\u00f3rica de v\u00edas como lo fue en su momento el Perif\u00e9rico Norte y hoy la Luis Donaldo Colosio.<\/p>\n\n\n\n<p class=\"wp-block-paragraph\">El presidente municipal respald\u00f3 los proyectos impulsados por la presidenta Claudia Sheinbaum Pardo, para la integraci\u00f3n del municipio en planes estrat\u00e9gicos de desarrollo y porque en materia de seguridad Naucalpan ya era parte de la Estrategia Operativa Oriente, a trav\u00e9s del cual ha obtenido resultados como la disminuci\u00f3n en robo de veh\u00edculo hasta un 69.3% en comparativa con 2024 vs 2026.Concluy\u00f3, Naucalpan est\u00e1 cambiando de fondo, porque en Naucalpan se gobierna caminando. Hoy Naucalpan est\u00e1 trabajando desde una visi\u00f3n cercana y la transformaci\u00f3n profunda requiere de la participaci\u00f3n<\/p>\n\n\n\n<p class=\"wp-block-paragraph\"><\/p>\n","protected":false},"excerpt":{"rendered":"<p>Visitas: 4 Juan Ignacio Corro&nbsp; Naucalpan, Estado de M\u00e9xico, a 3 de septiembre de 2026 En el marco del 152 Aniversario de Naucalpan de Ju\u00e1rez, el presidente municipal Isaac Montoya M\u00e1rquez encabez\u00f3 la ceremonia conmemorativa donde destac\u00f3 la historia, el peso econ\u00f3mico y la diversidad cultural de la demarcaci\u00f3n, as\u00ed como parte de los avances [&hellip;]<\/p>\n","protected":false},"author":5,"featured_media":23146,"comment_status":"open","ping_status":"open","sticky":false,"template":"","format":"standard","meta":{"site-sidebar-layout":"default","site-content-layout":"","ast-site-content-layout":"default","site-content-style":"default","site-sidebar-style":"default","ast-global-header-display":"","ast-banner-title-visibility":"","ast-main-header-display":"","ast-hfb-above-header-display":"","ast-hfb-below-header-display":"","ast-hfb-mobile-header-display":"","site-post-title":"","ast-breadcrumbs-content":"","ast-featured-img":"","footer-sml-layout":"","ast-disable-related-posts":"","theme-transparent-header-meta":"","adv-header-id-meta":"","stick-header-meta":"","header-above-stick-meta":"","header-main-stick-meta":"","header-below-stick-meta":"","astra-migrate-meta-layouts":"set","ast-page-background-enabled":"default","ast-page-background-meta":{"desktop":{"background-color":"var(--ast-global-color-4)","background-image":"","background-repeat":"repeat","background-position":"center center","background-size":"auto","background-attachment":"scroll","background-type":"","background-media":"","overlay-type":"","overlay-color":"","overlay-opacity":"","overlay-gradient":""},"tablet":{"background-color":"","background-image":"","background-repeat":"repeat","background-position":"center center","background-size":"auto","background-attachment":"scroll","background-type":"","background-media":"","overlay-type":"","overlay-color":"","overlay-opacity":"","overlay-gradient":""},"mobile":{"background-color":"","background-image":"","background-repeat":"repeat","background-position":"center center","background-size":"auto","background-attachment":"scroll","background-type":"","background-media":"","overlay-type":"","overlay-color":"","overlay-opacity":"","overlay-gradient":""}},"ast-content-background-meta":{"desktop":{"background-color":"var(--ast-global-color-5)","background-image":"","background-repeat":"repeat","background-position":"center center","background-size":"auto","background-attachment":"scroll","background-type":"","background-media":"","overlay-type":"","overlay-color":"","overlay-opacity":"","overlay-gradient":""},"tablet":{"background-color":"var(--ast-global-color-5)","background-image":"","background-repeat":"repeat","background-position":"center center","background-size":"auto","background-attachment":"scroll","background-type":"","background-media":"","overlay-type":"","overlay-color":"","overlay-opacity":"","overlay-gradient":""},"mobile":{"background-color":"var(--ast-global-color-5)","background-image":"","background-repeat":"repeat","background-position":"center center","background-size":"auto","background-attachment":"scroll","background-type":"","background-media":"","overlay-type":"","overlay-color":"","overlay-opacity":"","overlay-gradient":""}},"footnotes":""},"categories":[8,70,68],"tags":[526],"class_list":["post-23145","post","type-post","status-publish","format-standard","has-post-thumbnail","hentry","category-edomex","category-naucalpan","category-seguridad","tag-edomex"],"yoast_head":"<!-- This site is optimized with the Yoast SEO plugin v28.4 - https:\/\/yoast.com\/product\/yoast-seo-wordpress\/ -->\n<title>Reforzar\u00e1 presencia territorial la administraci\u00f3n de Naucalpan; funcionarios visitar\u00e1n casa a casa \u00a0 - Agencia252<\/title>\n<meta name=\"robots\" content=\"index, follow, max-snippet:-1, max-image-preview:large, max-video-preview:-1\" \/>\n<link rel=\"canonical\" href=\"https:\/\/agencia.252.com.mx\/home\/reforzara-presencia-territorial-la-administracion-de-naucalpan-funcionarios-visitaran-casa-a-casa\/\" \/>\n<meta property=\"og:locale\" content=\"es_ES\" \/>\n<meta property=\"og:type\" content=\"article\" \/>\n<meta property=\"og:title\" content=\"Reforzar\u00e1 presencia territorial la administraci\u00f3n de Naucalpan; funcionarios visitar\u00e1n casa a casa \u00a0 - Agencia252\" \/>\n<meta property=\"og:description\" content=\"Visitas: 4 Juan Ignacio Corro&nbsp; Naucalpan, Estado de M\u00e9xico, a 3 de septiembre de 2026 En el marco del 152 Aniversario de Naucalpan de Ju\u00e1rez, el presidente municipal Isaac Montoya M\u00e1rquez encabez\u00f3 la ceremonia conmemorativa donde destac\u00f3 la historia, el peso econ\u00f3mico y la diversidad cultural de la demarcaci\u00f3n, as\u00ed como parte de los avances [&hellip;]\" \/>\n<meta property=\"og:url\" content=\"https:\/\/agencia.252.com.mx\/home\/reforzara-presencia-territorial-la-administracion-de-naucalpan-funcionarios-visitaran-casa-a-casa\/\" \/>\n<meta property=\"og:site_name\" content=\"Agencia252\" \/>\n<meta property=\"article:publisher\" content=\"https:\/\/www.facebook.com\/252Comunicacion\/\" \/>\n<meta property=\"article:author\" content=\"https:\/\/www.facebook.com\/jcorroherrera\/\" \/>\n<meta property=\"article:published_time\" content=\"2026-09-04T03:34:38+00:00\" \/>\n<meta property=\"article:modified_time\" content=\"2026-09-04T03:35:12+00:00\" \/>\n<meta property=\"og:image\" content=\"http:\/\/agencia.252.com.mx\/wp-content\/uploads\/2026\/09\/WhatsApp-Image-2026-09-03-at-7.20.04-PM.jpeg\" \/>\n\t<meta property=\"og:image:width\" content=\"1600\" \/>\n\t<meta property=\"og:image:height\" content=\"1066\" \/>\n\t<meta property=\"og:image:type\" content=\"image\/jpeg\" \/>\n<meta name=\"author\" content=\"Nacho Corro\" \/>\n<meta name=\"twitter:card\" content=\"summary_large_image\" \/>\n<meta name=\"twitter:creator\" content=\"@Juan Ignacio Corro Herrera\" \/>\n<meta name=\"twitter:site\" content=\"@252COMS\" \/>\n<meta name=\"twitter:label1\" content=\"Escrito por\" \/>\n\t<meta name=\"twitter:data1\" content=\"Nacho Corro\" \/>\n\t<meta name=\"twitter:label2\" content=\"Tiempo de lectura\" \/>\n\t<meta name=\"twitter:data2\" content=\"4 minutos\" \/>\n<script type=\"application\/ld+json\" class=\"yoast-schema-graph\">{\"@context\":\"https:\\\/\\\/schema.org\",\"@graph\":[{\"@type\":\"Article\",\"@id\":\"https:\\\/\\\/agencia.252.com.mx\\\/home\\\/reforzara-presencia-territorial-la-administracion-de-naucalpan-funcionarios-visitaran-casa-a-casa\\\/#article\",\"isPartOf\":{\"@id\":\"https:\\\/\\\/agencia.252.com.mx\\\/home\\\/reforzara-presencia-territorial-la-administracion-de-naucalpan-funcionarios-visitaran-casa-a-casa\\\/\"},\"author\":{\"name\":\"Nacho Corro\",\"@id\":\"https:\\\/\\\/agencia.252.com.mx\\\/home\\\/#\\\/schema\\\/person\\\/6b972021e9a92d45ade8c78d81509098\"},\"headline\":\"Reforzar\u00e1 presencia territorial la administraci\u00f3n de Naucalpan; funcionarios visitar\u00e1n casa a casa \u00a0\",\"datePublished\":\"2026-09-04T03:34:38+00:00\",\"dateModified\":\"2026-09-04T03:35:12+00:00\",\"mainEntityOfPage\":{\"@id\":\"https:\\\/\\\/agencia.252.com.mx\\\/home\\\/reforzara-presencia-territorial-la-administracion-de-naucalpan-funcionarios-visitaran-casa-a-casa\\\/\"},\"wordCount\":749,\"commentCount\":0,\"publisher\":{\"@id\":\"https:\\\/\\\/agencia.252.com.mx\\\/home\\\/#organization\"},\"image\":{\"@id\":\"https:\\\/\\\/agencia.252.com.mx\\\/home\\\/reforzara-presencia-territorial-la-administracion-de-naucalpan-funcionarios-visitaran-casa-a-casa\\\/#primaryimage\"},\"thumbnailUrl\":\"https:\\\/\\\/agencia.252.com.mx\\\/wp-content\\\/uploads\\\/2026\\\/09\\\/WhatsApp-Image-2026-09-03-at-7.20.04-PM.jpeg\",\"keywords\":[\"Edomex\"],\"articleSection\":[\"Edomex\",\"Naucalpan\",\"Seguridad\"],\"inLanguage\":\"es\",\"potentialAction\":[{\"@type\":\"CommentAction\",\"name\":\"Comment\",\"target\":[\"https:\\\/\\\/agencia.252.com.mx\\\/home\\\/reforzara-presencia-territorial-la-administracion-de-naucalpan-funcionarios-visitaran-casa-a-casa\\\/#respond\"]}]},{\"@type\":\"WebPage\",\"@id\":\"https:\\\/\\\/agencia.252.com.mx\\\/home\\\/reforzara-presencia-territorial-la-administracion-de-naucalpan-funcionarios-visitaran-casa-a-casa\\\/\",\"url\":\"https:\\\/\\\/agencia.252.com.mx\\\/home\\\/reforzara-presencia-territorial-la-administracion-de-naucalpan-funcionarios-visitaran-casa-a-casa\\\/\",\"name\":\"Reforzar\u00e1 presencia territorial la administraci\u00f3n de Naucalpan; funcionarios visitar\u00e1n casa a casa \u00a0 - Agencia252\",\"isPartOf\":{\"@id\":\"https:\\\/\\\/agencia.252.com.mx\\\/home\\\/#website\"},\"primaryImageOfPage\":{\"@id\":\"https:\\\/\\\/agencia.252.com.mx\\\/home\\\/reforzara-presencia-territorial-la-administracion-de-naucalpan-funcionarios-visitaran-casa-a-casa\\\/#primaryimage\"},\"image\":{\"@id\":\"https:\\\/\\\/agencia.252.com.mx\\\/home\\\/reforzara-presencia-territorial-la-administracion-de-naucalpan-funcionarios-visitaran-casa-a-casa\\\/#primaryimage\"},\"thumbnailUrl\":\"https:\\\/\\\/agencia.252.com.mx\\\/wp-content\\\/uploads\\\/2026\\\/09\\\/WhatsApp-Image-2026-09-03-at-7.20.04-PM.jpeg\",\"datePublished\":\"2026-09-04T03:34:38+00:00\",\"dateModified\":\"2026-09-04T03:35:12+00:00\",\"breadcrumb\":{\"@id\":\"https:\\\/\\\/agencia.252.com.mx\\\/home\\\/reforzara-presencia-territorial-la-administracion-de-naucalpan-funcionarios-visitaran-casa-a-casa\\\/#breadcrumb\"},\"inLanguage\":\"es\",\"potentialAction\":[{\"@type\":\"ReadAction\",\"target\":[\"https:\\\/\\\/agencia.252.com.mx\\\/home\\\/reforzara-presencia-territorial-la-administracion-de-naucalpan-funcionarios-visitaran-casa-a-casa\\\/\"]}]},{\"@type\":\"ImageObject\",\"inLanguage\":\"es\",\"@id\":\"https:\\\/\\\/agencia.252.com.mx\\\/home\\\/reforzara-presencia-territorial-la-administracion-de-naucalpan-funcionarios-visitaran-casa-a-casa\\\/#primaryimage\",\"url\":\"https:\\\/\\\/agencia.252.com.mx\\\/wp-content\\\/uploads\\\/2026\\\/09\\\/WhatsApp-Image-2026-09-03-at-7.20.04-PM.jpeg\",\"contentUrl\":\"https:\\\/\\\/agencia.252.com.mx\\\/wp-content\\\/uploads\\\/2026\\\/09\\\/WhatsApp-Image-2026-09-03-at-7.20.04-PM.jpeg\",\"width\":1600,\"height\":1066},{\"@type\":\"BreadcrumbList\",\"@id\":\"https:\\\/\\\/agencia.252.com.mx\\\/home\\\/reforzara-presencia-territorial-la-administracion-de-naucalpan-funcionarios-visitaran-casa-a-casa\\\/#breadcrumb\",\"itemListElement\":[{\"@type\":\"ListItem\",\"position\":1,\"name\":\"Portada\",\"item\":\"https:\\\/\\\/agencia.252.com.mx\\\/home\\\/\"},{\"@type\":\"ListItem\",\"position\":2,\"name\":\"Reforzar\u00e1 presencia territorial la administraci\u00f3n de Naucalpan; funcionarios visitar\u00e1n casa a casa \u00a0\"}]},{\"@type\":\"WebSite\",\"@id\":\"https:\\\/\\\/agencia.252.com.mx\\\/home\\\/#website\",\"url\":\"https:\\\/\\\/agencia.252.com.mx\\\/home\\\/\",\"name\":\"Agencia252\",\"description\":\"Tu espacio en la Red\",\"publisher\":{\"@id\":\"https:\\\/\\\/agencia.252.com.mx\\\/home\\\/#organization\"},\"potentialAction\":[{\"@type\":\"SearchAction\",\"target\":{\"@type\":\"EntryPoint\",\"urlTemplate\":\"https:\\\/\\\/agencia.252.com.mx\\\/home\\\/?s={search_term_string}\"},\"query-input\":{\"@type\":\"PropertyValueSpecification\",\"valueRequired\":true,\"valueName\":\"search_term_string\"}}],\"inLanguage\":\"es\"},{\"@type\":\"Organization\",\"@id\":\"https:\\\/\\\/agencia.252.com.mx\\\/home\\\/#organization\",\"name\":\"Agencia252\",\"url\":\"https:\\\/\\\/agencia.252.com.mx\\\/home\\\/\",\"logo\":{\"@type\":\"ImageObject\",\"inLanguage\":\"es\",\"@id\":\"https:\\\/\\\/agencia.252.com.mx\\\/home\\\/#\\\/schema\\\/logo\\\/image\\\/\",\"url\":\"https:\\\/\\\/agencia.252.com.mx\\\/wp-content\\\/uploads\\\/2023\\\/02\\\/cropped-ciruclo-agencia-e1677562404136.png\",\"contentUrl\":\"https:\\\/\\\/agencia.252.com.mx\\\/wp-content\\\/uploads\\\/2023\\\/02\\\/cropped-ciruclo-agencia-e1677562404136.png\",\"width\":512,\"height\":512,\"caption\":\"Agencia252\"},\"image\":{\"@id\":\"https:\\\/\\\/agencia.252.com.mx\\\/home\\\/#\\\/schema\\\/logo\\\/image\\\/\"},\"sameAs\":[\"https:\\\/\\\/www.facebook.com\\\/252Comunicacion\\\/\",\"https:\\\/\\\/x.com\\\/252COMS\"]},{\"@type\":\"Person\",\"@id\":\"https:\\\/\\\/agencia.252.com.mx\\\/home\\\/#\\\/schema\\\/person\\\/6b972021e9a92d45ade8c78d81509098\",\"name\":\"Nacho Corro\",\"image\":{\"@type\":\"ImageObject\",\"inLanguage\":\"es\",\"@id\":\"https:\\\/\\\/secure.gravatar.com\\\/avatar\\\/5db6df507cfe1307e192fbb498c6b85f1cf2ffd8b4cd37141b9eea588fcbd5a4?s=96&r=g\",\"url\":\"https:\\\/\\\/secure.gravatar.com\\\/avatar\\\/5db6df507cfe1307e192fbb498c6b85f1cf2ffd8b4cd37141b9eea588fcbd5a4?s=96&r=g\",\"contentUrl\":\"https:\\\/\\\/secure.gravatar.com\\\/avatar\\\/5db6df507cfe1307e192fbb498c6b85f1cf2ffd8b4cd37141b9eea588fcbd5a4?s=96&r=g\",\"caption\":\"Nacho Corro\"},\"description\":\"Comunicador Social, Periodista y Administraci\u00f3n P\u00fablica. Conversador pol\u00edtico, temas electorales y seguridad. Generador de contenidos digitales. Amante de la fotograf\u00eda\",\"sameAs\":[\"https:\\\/\\\/www.facebook.com\\\/jcorroherrera\\\/\",\"www.instagram.com\\\/nachocorro\\\/\",\"https:\\\/\\\/x.com\\\/Juan Ignacio Corro Herrera\"],\"url\":\"https:\\\/\\\/agencia.252.com.mx\\\/home\\\/author\\\/i-corro\\\/\"}]}<\/script>\n<!-- \/ Yoast SEO plugin. -->","yoast_head_json":{"title":"Reforzar\u00e1 presencia territorial la administraci\u00f3n de Naucalpan; funcionarios visitar\u00e1n casa a casa \u00a0 - Agencia252","robots":{"index":"index","follow":"follow","max-snippet":"max-snippet:-1","max-image-preview":"max-image-preview:large","max-video-preview":"max-video-preview:-1"},"canonical":"https:\/\/agencia.252.com.mx\/home\/reforzara-presencia-territorial-la-administracion-de-naucalpan-funcionarios-visitaran-casa-a-casa\/","og_locale":"es_ES","og_type":"article","og_title":"Reforzar\u00e1 presencia territorial la administraci\u00f3n de Naucalpan; funcionarios visitar\u00e1n casa a casa \u00a0 - Agencia252","og_description":"Visitas: 4 Juan Ignacio Corro&nbsp; Naucalpan, Estado de M\u00e9xico, a 3 de septiembre de 2026 En el marco del 152 Aniversario de Naucalpan de Ju\u00e1rez, el presidente municipal Isaac Montoya M\u00e1rquez encabez\u00f3 la ceremonia conmemorativa donde destac\u00f3 la historia, el peso econ\u00f3mico y la diversidad cultural de la demarcaci\u00f3n, as\u00ed como parte de los avances [&hellip;]","og_url":"https:\/\/agencia.252.com.mx\/home\/reforzara-presencia-territorial-la-administracion-de-naucalpan-funcionarios-visitaran-casa-a-casa\/","og_site_name":"Agencia252","article_publisher":"https:\/\/www.facebook.com\/252Comunicacion\/","article_author":"https:\/\/www.facebook.com\/jcorroherrera\/","article_published_time":"2026-09-04T03:34:38+00:00","article_modified_time":"2026-09-04T03:35:12+00:00","og_image":[{"width":1600,"height":1066,"url":"http:\/\/agencia.252.com.mx\/wp-content\/uploads\/2026\/09\/WhatsApp-Image-2026-09-03-at-7.20.04-PM.jpeg","type":"image\/jpeg"}],"author":"Nacho Corro","twitter_card":"summary_large_image","twitter_creator":"@Juan Ignacio Corro Herrera","twitter_site":"@252COMS","twitter_misc":{"Escrito por":"Nacho Corro","Tiempo de lectura":"4 minutos"},"schema":{"@context":"https:\/\/schema.org","@graph":[{"@type":"Article","@id":"https:\/\/agencia.252.com.mx\/home\/reforzara-presencia-territorial-la-administracion-de-naucalpan-funcionarios-visitaran-casa-a-casa\/#article","isPartOf":{"@id":"https:\/\/agencia.252.com.mx\/home\/reforzara-presencia-territorial-la-administracion-de-naucalpan-funcionarios-visitaran-casa-a-casa\/"},"author":{"name":"Nacho Corro","@id":"https:\/\/agencia.252.com.mx\/home\/#\/schema\/person\/6b972021e9a92d45ade8c78d81509098"},"headline":"Reforzar\u00e1 presencia territorial la administraci\u00f3n de Naucalpan; funcionarios visitar\u00e1n casa a casa \u00a0","datePublished":"2026-09-04T03:34:38+00:00","dateModified":"2026-09-04T03:35:12+00:00","mainEntityOfPage":{"@id":"https:\/\/agencia.252.com.mx\/home\/reforzara-presencia-territorial-la-administracion-de-naucalpan-funcionarios-visitaran-casa-a-casa\/"},"wordCount":749,"commentCount":0,"publisher":{"@id":"https:\/\/agencia.252.com.mx\/home\/#organization"},"image":{"@id":"https:\/\/agencia.252.com.mx\/home\/reforzara-presencia-territorial-la-administracion-de-naucalpan-funcionarios-visitaran-casa-a-casa\/#primaryimage"},"thumbnailUrl":"https:\/\/agencia.252.com.mx\/wp-content\/uploads\/2026\/09\/WhatsApp-Image-2026-09-03-at-7.20.04-PM.jpeg","keywords":["Edomex"],"articleSection":["Edomex","Naucalpan","Seguridad"],"inLanguage":"es","potentialAction":[{"@type":"CommentAction","name":"Comment","target":["https:\/\/agencia.252.com.mx\/home\/reforzara-presencia-territorial-la-administracion-de-naucalpan-funcionarios-visitaran-casa-a-casa\/#respond"]}]},{"@type":"WebPage","@id":"https:\/\/agencia.252.com.mx\/home\/reforzara-presencia-territorial-la-administracion-de-naucalpan-funcionarios-visitaran-casa-a-casa\/","url":"https:\/\/agencia.252.com.mx\/home\/reforzara-presencia-territorial-la-administracion-de-naucalpan-funcionarios-visitaran-casa-a-casa\/","name":"Reforzar\u00e1 presencia territorial la administraci\u00f3n de Naucalpan; funcionarios visitar\u00e1n casa a casa \u00a0 - Agencia252","isPartOf":{"@id":"https:\/\/agencia.252.com.mx\/home\/#website"},"primaryImageOfPage":{"@id":"https:\/\/agencia.252.com.mx\/home\/reforzara-presencia-territorial-la-administracion-de-naucalpan-funcionarios-visitaran-casa-a-casa\/#primaryimage"},"image":{"@id":"https:\/\/agencia.252.com.mx\/home\/reforzara-presencia-territorial-la-administracion-de-naucalpan-funcionarios-visitaran-casa-a-casa\/#primaryimage"},"thumbnailUrl":"https:\/\/agencia.252.com.mx\/wp-content\/uploads\/2026\/09\/WhatsApp-Image-2026-09-03-at-7.20.04-PM.jpeg","datePublished":"2026-09-04T03:34:38+00:00","dateModified":"2026-09-04T03:35:12+00:00","breadcrumb":{"@id":"https:\/\/agencia.252.com.mx\/home\/reforzara-presencia-territorial-la-administracion-de-naucalpan-funcionarios-visitaran-casa-a-casa\/#breadcrumb"},"inLanguage":"es","potentialAction":[{"@type":"ReadAction","target":["https:\/\/agencia.252.com.mx\/home\/reforzara-presencia-territorial-la-administracion-de-naucalpan-funcionarios-visitaran-casa-a-casa\/"]}]},{"@type":"ImageObject","inLanguage":"es","@id":"https:\/\/agencia.252.com.mx\/home\/reforzara-presencia-territorial-la-administracion-de-naucalpan-funcionarios-visitaran-casa-a-casa\/#primaryimage","url":"https:\/\/agencia.252.com.mx\/wp-content\/uploads\/2026\/09\/WhatsApp-Image-2026-09-03-at-7.20.04-PM.jpeg","contentUrl":"https:\/\/agencia.252.com.mx\/wp-content\/uploads\/2026\/09\/WhatsApp-Image-2026-09-03-at-7.20.04-PM.jpeg","width":1600,"height":1066},{"@type":"BreadcrumbList","@id":"https:\/\/agencia.252.com.mx\/home\/reforzara-presencia-territorial-la-administracion-de-naucalpan-funcionarios-visitaran-casa-a-casa\/#breadcrumb","itemListElement":[{"@type":"ListItem","position":1,"name":"Portada","item":"https:\/\/agencia.252.com.mx\/home\/"},{"@type":"ListItem","position":2,"name":"Reforzar\u00e1 presencia territorial la administraci\u00f3n de Naucalpan; funcionarios visitar\u00e1n casa a casa \u00a0"}]},{"@type":"WebSite","@id":"https:\/\/agencia.252.com.mx\/home\/#website","url":"https:\/\/agencia.252.com.mx\/home\/","name":"Agencia252","description":"Tu espacio en la Red","publisher":{"@id":"https:\/\/agencia.252.com.mx\/home\/#organization"},"potentialAction":[{"@type":"SearchAction","target":{"@type":"EntryPoint","urlTemplate":"https:\/\/agencia.252.com.mx\/home\/?s={search_term_string}"},"query-input":{"@type":"PropertyValueSpecification","valueRequired":true,"valueName":"search_term_string"}}],"inLanguage":"es"},{"@type":"Organization","@id":"https:\/\/agencia.252.com.mx\/home\/#organization","name":"Agencia252","url":"https:\/\/agencia.252.com.mx\/home\/","logo":{"@type":"ImageObject","inLanguage":"es","@id":"https:\/\/agencia.252.com.mx\/home\/#\/schema\/logo\/image\/","url":"https:\/\/agencia.252.com.mx\/wp-content\/uploads\/2023\/02\/cropped-ciruclo-agencia-e1677562404136.png","contentUrl":"https:\/\/agencia.252.com.mx\/wp-content\/uploads\/2023\/02\/cropped-ciruclo-agencia-e1677562404136.png","width":512,"height":512,"caption":"Agencia252"},"image":{"@id":"https:\/\/agencia.252.com.mx\/home\/#\/schema\/logo\/image\/"},"sameAs":["https:\/\/www.facebook.com\/252Comunicacion\/","https:\/\/x.com\/252COMS"]},{"@type":"Person","@id":"https:\/\/agencia.252.com.mx\/home\/#\/schema\/person\/6b972021e9a92d45ade8c78d81509098","name":"Nacho Corro","image":{"@type":"ImageObject","inLanguage":"es","@id":"https:\/\/secure.gravatar.com\/avatar\/5db6df507cfe1307e192fbb498c6b85f1cf2ffd8b4cd37141b9eea588fcbd5a4?s=96&r=g","url":"https:\/\/secure.gravatar.com\/avatar\/5db6df507cfe1307e192fbb498c6b85f1cf2ffd8b4cd37141b9eea588fcbd5a4?s=96&r=g","contentUrl":"https:\/\/secure.gravatar.com\/avatar\/5db6df507cfe1307e192fbb498c6b85f1cf2ffd8b4cd37141b9eea588fcbd5a4?s=96&r=g","caption":"Nacho Corro"},"description":"Comunicador Social, Periodista y Administraci\u00f3n P\u00fablica. Conversador pol\u00edtico, temas electorales y seguridad. Generador de contenidos digitales. Amante de la fotograf\u00eda","sameAs":["https:\/\/www.facebook.com\/jcorroherrera\/","www.instagram.com\/nachocorro\/","https:\/\/x.com\/Juan Ignacio Corro Herrera"],"url":"https:\/\/agencia.252.com.mx\/home\/author\/i-corro\/"}]}},"_links":{"self":[{"href":"https:\/\/agencia.252.com.mx\/home\/wp-json\/wp\/v2\/posts\/23145","targetHints":{"allow":["GET"]}}],"collection":[{"href":"https:\/\/agencia.252.com.mx\/home\/wp-json\/wp\/v2\/posts"}],"about":[{"href":"https:\/\/agencia.252.com.mx\/home\/wp-json\/wp\/v2\/types\/post"}],"author":[{"embeddable":true,"href":"https:\/\/agencia.252.com.mx\/home\/wp-json\/wp\/v2\/users\/5"}],"replies":[{"embeddable":true,"href":"https:\/\/agencia.252.com.mx\/home\/wp-json\/wp\/v2\/comments?post=23145"}],"version-history":[{"count":1,"href":"https:\/\/agencia.252.com.mx\/home\/wp-json\/wp\/v2\/posts\/23145\/revisions"}],"predecessor-version":[{"id":23148,"href":"https:\/\/agencia.252.com.mx\/home\/wp-json\/wp\/v2\/posts\/23145\/revisions\/23148"}],"wp:featuredmedia":[{"embeddable":true,"href":"https:\/\/agencia.252.com.mx\/home\/wp-json\/wp\/v2\/media\/23146"}],"wp:attachment":[{"href":"https:\/\/agencia.252.com.mx\/home\/wp-json\/wp\/v2\/media?parent=23145"}],"wp:term":[{"taxonomy":"category","embeddable":true,"href":"https:\/\/agencia.252.com.mx\/home\/wp-json\/wp\/v2\/categories?post=23145"},{"taxonomy":"post_tag","embeddable":true,"href":"https:\/\/agencia.252.com.mx\/home\/wp-json\/wp\/v2\/tags?post=23145"}],"curies":[{"name":"wp","href":"https:\/\/api.w.org\/{rel}","templated":true}]}}