{"id":23139,"date":"2026-09-03T21:18:00","date_gmt":"2026-09-04T03:18:00","guid":{"rendered":"https:\/\/agencia.252.com.mx\/home\/?p=23139"},"modified":"2026-09-03T21:19:28","modified_gmt":"2026-09-04T03:19:28","slug":"el-tsjedomex-enfrenta-rezagos-en-materia-familiar-a-un-ano-de-la-reforma-judicial","status":"publish","type":"post","link":"https:\/\/agencia.252.com.mx\/home\/el-tsjedomex-enfrenta-rezagos-en-materia-familiar-a-un-ano-de-la-reforma-judicial\/","title":{"rendered":"El TSJEDOMEX enfrenta rezagos en materia familiar a un a\u00f1o de la reforma judicial\u00a0"},"content":{"rendered":"<p>Visitas: 4<\/p>\n<ul class=\"wp-block-list\">\n<li><em>Rinde primer Informe de Labores el presidente H\u00e9ctor Macedo Garc\u00eda, el primero emanado de la Reforma Judicial\u00a0<\/em><\/li>\n<\/ul>\n\n\n\n<ul class=\"wp-block-list\">\n<li><em>Faltan mas jueces para atender la demanda del tribunal mexiquense: Delfina G\u00f3mez\u00a0<\/em><\/li>\n<\/ul>\n\n\n\n<p class=\"wp-block-paragraph\">Juan Ignacio Corro&nbsp;<\/p>\n\n\n\n<p class=\"has-text-align-right wp-block-paragraph\">Texcoco, Estado de M\u00e9xico, a 3 de septiembre de 2026<\/p>\n\n\n\n<p class=\"wp-block-paragraph\">El Magistrado Presidente del Tribunal Superior de Justicia del Poder Judicial del Estado de M\u00e9xico&nbsp;del Tribunal de Justicia del Estado de M\u00e9xico, H\u00e9ctor Macedo Garc\u00eda indic\u00f3 que el Poder Judicial enfrenta el desaf\u00edo de atender el rezago, particularmente en materia familiar, donde miles de personas esperan una respuesta, por lo que llam\u00f3 a fortalecer las capacidades de la instituci\u00f3n y pidi\u00f3 comprensi\u00f3n ante las necesidades de recursos, personal e infraestructura.<\/p>\n\n\n\n<p class=\"wp-block-paragraph\">En el Teatro Elisa Carrillo del Centro Cultural Mexiquense Bicentenario, en Texcoco, el Magistrado Presidente destac\u00f3 avances, pendientes y la ruta que sigue la transformaci\u00f3n iniciada con la reforma judicial<\/p>\n\n\n\n<p class=\"wp-block-paragraph\">Pese a los retos, el Poder Judicial ha mantenido finanzas sanas y ha convertido sus recursos en infraestructura, capacitaci\u00f3n y nuevas herramientas para acercar la justicia, pero advirti\u00f3 que la instituci\u00f3n no puede dejar en vilo sus obligaciones ni permitir que la saturaci\u00f3n termine afectando el derecho de las personas a obtener resoluciones oportunas.<\/p>\n\n\n\n<figure class=\"wp-block-image alignleft size-medium\"><img fetchpriority=\"high\" decoding=\"async\" width=\"300\" height=\"200\" src=\"https:\/\/agencia.252.com.mx\/wp-content\/uploads\/2026\/09\/WhatsApp-Image-2026-09-03-at-3.58.13-PM-300x200.jpeg\" alt=\"\" class=\"wp-image-23142\" srcset=\"https:\/\/agencia.252.com.mx\/wp-content\/uploads\/2026\/09\/WhatsApp-Image-2026-09-03-at-3.58.13-PM-300x200.jpeg 300w, https:\/\/agencia.252.com.mx\/wp-content\/uploads\/2026\/09\/WhatsApp-Image-2026-09-03-at-3.58.13-PM-1024x683.jpeg 1024w, https:\/\/agencia.252.com.mx\/wp-content\/uploads\/2026\/09\/WhatsApp-Image-2026-09-03-at-3.58.13-PM-768x512.jpeg 768w, https:\/\/agencia.252.com.mx\/wp-content\/uploads\/2026\/09\/WhatsApp-Image-2026-09-03-at-3.58.13-PM-1536x1024.jpeg 1536w, https:\/\/agencia.252.com.mx\/wp-content\/uploads\/2026\/09\/WhatsApp-Image-2026-09-03-at-3.58.13-PM-2048x1365.jpeg 2048w\" sizes=\"(max-width: 300px) 100vw, 300px\" \/><\/figure>\n\n\n\n<p class=\"wp-block-paragraph\">La Gobernadora mexiquense reconoci\u00f3 que, ante la magnitud de la demanda, el Poder Judicial requiere fortalecer su capacidad operativa y asumi\u00f3 el compromiso de buscar, en la medida de las posibilidades del Gobierno estatal, una mejor asignaci\u00f3n para atender sus necesidades, al tiempo que refrend\u00f3 la coordinaci\u00f3n entre ambos poderes con pleno respeto a la autonom\u00eda judicial.<\/p>\n\n\n\n<p class=\"wp-block-paragraph\">\u201cHay que reconocer que faltan m\u00e1s jueces, que faltan m\u00e1s elementos que puedan desempe\u00f1ar este cargo, porque resulta insuficiente ante tanta petici\u00f3n y tanta acci\u00f3n que realiza\u201d, afirm\u00f3.<\/p>\n\n\n\n<p class=\"wp-block-paragraph\">Entre los resultados, Macedo Garc\u00eda destac\u00f3 el Juzgado LIBRE, propuesta constitucional impulsada de manera conjunta por el Poder Judicial, el Gobierno estatal, el Congreso, la Fiscal\u00eda General de Justicia y la Comisi\u00f3n de Derechos Humanos, que permitir\u00e1 a las v\u00edctimas acceder a protecci\u00f3n sin enfrentar formalismos que retrasen la respuesta institucional.&nbsp;<\/p>\n\n\n\n<p class=\"wp-block-paragraph\">A esta apuesta por acercar la justicia a la gente se sumaron programas como Justicia Casa por Casa, Audiencias Ciudadanas e Institucionales y el modelo de videoconferencia CONTIGO, adem\u00e1s de la Alianza Pro Bono, que con la participaci\u00f3n de asociaciones, barras y colegios de abogados ofrecer\u00e1 representaci\u00f3n jur\u00eddica gratuita a personas sin recursos.&nbsp;<\/p>\n\n\n\n<p class=\"wp-block-paragraph\">Tambi\u00e9n se formaliz\u00f3 la incorporaci\u00f3n del Poder Judicial a las Mesas de Paz estatal y municipales, lo que constituy\u00f3 un hito que rompi\u00f3 con el aislamiento institucional, participando en 50 reuniones, permitiendo sumar al Poder Judicial a la estrategia integral de coordinaci\u00f3n interinstitucional, para atender problem\u00e1ticas sensibles como la violencia familiar, impulsar la propuesta de capacitaci\u00f3n con perspectiva de derechos humanos de polic\u00edas, especialmente de quienes son primeros respondientes.<\/p>\n\n\n\n<p class=\"wp-block-paragraph\">El Magistrado Presidente inform\u00f3 que, entre septiembre de 2025 y agosto de 2026 ingresaron 289 mil 421 asuntos, se concluyeron 187 mil 220 y se emitieron 222 mil 328 resoluciones, con la materia familiar como la de mayor carga con 137 mil 733 expedientes iniciados, lo que llev\u00f3 a desplegar Brigadas de Apoyo Jurisdiccional en cinco juzgados familiares, donde los expedientes concluidos aumentaron 35 por ciento, las sentencias definitivas 34 por ciento y las notificaciones diligenciadas 50 por ciento.&nbsp;<\/p>\n\n\n\n<p class=\"wp-block-paragraph\">En las salas y tribunales de segunda instancia alcanzaron un \u00edndice de resoluci\u00f3n del 96 por ciento. En paralelo, el Juzgado en L\u00ednea Especializado en Violencia Familiar emiti\u00f3 4 mil 543 medidas de protecci\u00f3n y el juzgado especializado en cateos y \u00f3rdenes de aprehensi\u00f3n en l\u00ednea concedi\u00f3 3 mil 145 de estas \u00faltimas.<\/p>\n\n\n\n<p class=\"wp-block-paragraph\">La justicia alternativa registr\u00f3 21 mil 903 procesos y 10 mil 56 convenios, en tanto que el Tribunal Electr\u00f3nico atiende a m\u00e1s de 170 mil personas usuarias, con el respaldo de herramientas como JustiBot y el Int\u00e9rprete de Sentencias -que en su primer mes de operaci\u00f3n proces\u00f3 mil 400 resoluciones para traducir el lenguaje jur\u00eddico a explicaciones accesibles-.&nbsp;<\/p>\n\n\n\n<p class=\"wp-block-paragraph\">En la construcci\u00f3n del Plan de Desarrollo del Poder Judicial participaron m\u00e1s de 3 mil personas, se recibieron 200 propuestas t\u00e9cnicas y se realizaron mesas de di\u00e1logo en diez municipios.<\/p>\n\n\n\n<p class=\"wp-block-paragraph\">Macedo Garc\u00eda reconoci\u00f3 que la transformaci\u00f3n todav\u00eda tiene cuentas pendientes como el rezago, la falta de personal, la nivelaci\u00f3n salarial, las condiciones de infraestructura, la conclusi\u00f3n del C\u00f3digo de \u00c9tica y los tiempos de resoluci\u00f3n, particularmente cuando est\u00e1n en juego los derechos de personas en situaci\u00f3n de vulnerabilidad.<\/p>\n\n\n\n<p class=\"wp-block-paragraph\"><\/p>\n","protected":false},"excerpt":{"rendered":"<p>Visitas: 4 Juan Ignacio Corro&nbsp; Texcoco, Estado de M\u00e9xico, a 3 de septiembre de 2026 El Magistrado Presidente del Tribunal Superior de Justicia del Poder Judicial del Estado de M\u00e9xico&nbsp;del Tribunal de Justicia del Estado de M\u00e9xico, H\u00e9ctor Macedo Garc\u00eda indic\u00f3 que el Poder Judicial enfrenta el desaf\u00edo de atender el rezago, particularmente en materia [&hellip;]<\/p>\n","protected":false},"author":5,"featured_media":23140,"comment_status":"open","ping_status":"open","sticky":false,"template":"","format":"standard","meta":{"site-sidebar-layout":"default","site-content-layout":"","ast-site-content-layout":"default","site-content-style":"default","site-sidebar-style":"default","ast-global-header-display":"","ast-banner-title-visibility":"","ast-main-header-display":"","ast-hfb-above-header-display":"","ast-hfb-below-header-display":"","ast-hfb-mobile-header-display":"","site-post-title":"","ast-breadcrumbs-content":"","ast-featured-img":"","footer-sml-layout":"","ast-disable-related-posts":"","theme-transparent-header-meta":"","adv-header-id-meta":"","stick-header-meta":"","header-above-stick-meta":"","header-main-stick-meta":"","header-below-stick-meta":"","astra-migrate-meta-layouts":"set","ast-page-background-enabled":"default","ast-page-background-meta":{"desktop":{"background-color":"var(--ast-global-color-4)","background-image":"","background-repeat":"repeat","background-position":"center center","background-size":"auto","background-attachment":"scroll","background-type":"","background-media":"","overlay-type":"","overlay-color":"","overlay-opacity":"","overlay-gradient":""},"tablet":{"background-color":"","background-image":"","background-repeat":"repeat","background-position":"center center","background-size":"auto","background-attachment":"scroll","background-type":"","background-media":"","overlay-type":"","overlay-color":"","overlay-opacity":"","overlay-gradient":""},"mobile":{"background-color":"","background-image":"","background-repeat":"repeat","background-position":"center center","background-size":"auto","background-attachment":"scroll","background-type":"","background-media":"","overlay-type":"","overlay-color":"","overlay-opacity":"","overlay-gradient":""}},"ast-content-background-meta":{"desktop":{"background-color":"var(--ast-global-color-5)","background-image":"","background-repeat":"repeat","background-position":"center center","background-size":"auto","background-attachment":"scroll","background-type":"","background-media":"","overlay-type":"","overlay-color":"","overlay-opacity":"","overlay-gradient":""},"tablet":{"background-color":"var(--ast-global-color-5)","background-image":"","background-repeat":"repeat","background-position":"center center","background-size":"auto","background-attachment":"scroll","background-type":"","background-media":"","overlay-type":"","overlay-color":"","overlay-opacity":"","overlay-gradient":""},"mobile":{"background-color":"var(--ast-global-color-5)","background-image":"","background-repeat":"repeat","background-position":"center center","background-size":"auto","background-attachment":"scroll","background-type":"","background-media":"","overlay-type":"","overlay-color":"","overlay-opacity":"","overlay-gradient":""}},"footnotes":""},"categories":[8,512,68],"tags":[526],"class_list":["post-23139","post","type-post","status-publish","format-standard","has-post-thumbnail","hentry","category-edomex","category-metropoli","category-seguridad","tag-edomex"],"yoast_head":"<!-- This site is optimized with the Yoast SEO plugin v28.4 - https:\/\/yoast.com\/product\/yoast-seo-wordpress\/ -->\n<title>El TSJEDOMEX enfrenta rezagos en materia familiar a un a\u00f1o de la reforma judicial\u00a0 - Agencia252<\/title>\n<meta name=\"robots\" content=\"index, follow, max-snippet:-1, max-image-preview:large, max-video-preview:-1\" \/>\n<link rel=\"canonical\" href=\"https:\/\/agencia.252.com.mx\/home\/el-tsjedomex-enfrenta-rezagos-en-materia-familiar-a-un-ano-de-la-reforma-judicial\/\" \/>\n<meta property=\"og:locale\" content=\"es_ES\" \/>\n<meta property=\"og:type\" content=\"article\" \/>\n<meta property=\"og:title\" content=\"El TSJEDOMEX enfrenta rezagos en materia familiar a un a\u00f1o de la reforma judicial\u00a0 - Agencia252\" \/>\n<meta property=\"og:description\" content=\"Visitas: 4 Juan Ignacio Corro&nbsp; Texcoco, Estado de M\u00e9xico, a 3 de septiembre de 2026 El Magistrado Presidente del Tribunal Superior de Justicia del Poder Judicial del Estado de M\u00e9xico&nbsp;del Tribunal de Justicia del Estado de M\u00e9xico, H\u00e9ctor Macedo Garc\u00eda indic\u00f3 que el Poder Judicial enfrenta el desaf\u00edo de atender el rezago, particularmente en materia [&hellip;]\" \/>\n<meta property=\"og:url\" content=\"https:\/\/agencia.252.com.mx\/home\/el-tsjedomex-enfrenta-rezagos-en-materia-familiar-a-un-ano-de-la-reforma-judicial\/\" \/>\n<meta property=\"og:site_name\" content=\"Agencia252\" \/>\n<meta property=\"article:publisher\" content=\"https:\/\/www.facebook.com\/252Comunicacion\/\" \/>\n<meta property=\"article:author\" content=\"https:\/\/www.facebook.com\/jcorroherrera\/\" \/>\n<meta property=\"article:published_time\" content=\"2026-09-04T03:18:00+00:00\" \/>\n<meta property=\"article:modified_time\" content=\"2026-09-04T03:19:28+00:00\" \/>\n<meta property=\"og:image\" content=\"http:\/\/agencia.252.com.mx\/wp-content\/uploads\/2026\/09\/WhatsApp-Image-2026-09-03-at-3.58.14-PM.jpeg\" \/>\n\t<meta property=\"og:image:width\" content=\"1280\" \/>\n\t<meta property=\"og:image:height\" content=\"853\" \/>\n\t<meta property=\"og:image:type\" content=\"image\/jpeg\" \/>\n<meta name=\"author\" content=\"Nacho Corro\" \/>\n<meta name=\"twitter:card\" content=\"summary_large_image\" \/>\n<meta name=\"twitter:creator\" content=\"@Juan Ignacio Corro Herrera\" \/>\n<meta name=\"twitter:site\" content=\"@252COMS\" \/>\n<meta name=\"twitter:label1\" content=\"Escrito por\" \/>\n\t<meta name=\"twitter:data1\" content=\"Nacho Corro\" \/>\n\t<meta name=\"twitter:label2\" content=\"Tiempo de lectura\" \/>\n\t<meta name=\"twitter:data2\" content=\"4 minutos\" \/>\n<script type=\"application\/ld+json\" class=\"yoast-schema-graph\">{\"@context\":\"https:\\\/\\\/schema.org\",\"@graph\":[{\"@type\":\"Article\",\"@id\":\"https:\\\/\\\/agencia.252.com.mx\\\/home\\\/el-tsjedomex-enfrenta-rezagos-en-materia-familiar-a-un-ano-de-la-reforma-judicial\\\/#article\",\"isPartOf\":{\"@id\":\"https:\\\/\\\/agencia.252.com.mx\\\/home\\\/el-tsjedomex-enfrenta-rezagos-en-materia-familiar-a-un-ano-de-la-reforma-judicial\\\/\"},\"author\":{\"name\":\"Nacho Corro\",\"@id\":\"https:\\\/\\\/agencia.252.com.mx\\\/home\\\/#\\\/schema\\\/person\\\/6b972021e9a92d45ade8c78d81509098\"},\"headline\":\"El TSJEDOMEX enfrenta rezagos en materia familiar a un a\u00f1o de la reforma judicial\u00a0\",\"datePublished\":\"2026-09-04T03:18:00+00:00\",\"dateModified\":\"2026-09-04T03:19:28+00:00\",\"mainEntityOfPage\":{\"@id\":\"https:\\\/\\\/agencia.252.com.mx\\\/home\\\/el-tsjedomex-enfrenta-rezagos-en-materia-familiar-a-un-ano-de-la-reforma-judicial\\\/\"},\"wordCount\":776,\"commentCount\":0,\"publisher\":{\"@id\":\"https:\\\/\\\/agencia.252.com.mx\\\/home\\\/#organization\"},\"image\":{\"@id\":\"https:\\\/\\\/agencia.252.com.mx\\\/home\\\/el-tsjedomex-enfrenta-rezagos-en-materia-familiar-a-un-ano-de-la-reforma-judicial\\\/#primaryimage\"},\"thumbnailUrl\":\"https:\\\/\\\/agencia.252.com.mx\\\/wp-content\\\/uploads\\\/2026\\\/09\\\/WhatsApp-Image-2026-09-03-at-3.58.14-PM.jpeg\",\"keywords\":[\"Edomex\"],\"articleSection\":[\"Edomex\",\"Metropoli\",\"Seguridad\"],\"inLanguage\":\"es\",\"potentialAction\":[{\"@type\":\"CommentAction\",\"name\":\"Comment\",\"target\":[\"https:\\\/\\\/agencia.252.com.mx\\\/home\\\/el-tsjedomex-enfrenta-rezagos-en-materia-familiar-a-un-ano-de-la-reforma-judicial\\\/#respond\"]}]},{\"@type\":\"WebPage\",\"@id\":\"https:\\\/\\\/agencia.252.com.mx\\\/home\\\/el-tsjedomex-enfrenta-rezagos-en-materia-familiar-a-un-ano-de-la-reforma-judicial\\\/\",\"url\":\"https:\\\/\\\/agencia.252.com.mx\\\/home\\\/el-tsjedomex-enfrenta-rezagos-en-materia-familiar-a-un-ano-de-la-reforma-judicial\\\/\",\"name\":\"El TSJEDOMEX enfrenta rezagos en materia familiar a un a\u00f1o de la reforma judicial\u00a0 - Agencia252\",\"isPartOf\":{\"@id\":\"https:\\\/\\\/agencia.252.com.mx\\\/home\\\/#website\"},\"primaryImageOfPage\":{\"@id\":\"https:\\\/\\\/agencia.252.com.mx\\\/home\\\/el-tsjedomex-enfrenta-rezagos-en-materia-familiar-a-un-ano-de-la-reforma-judicial\\\/#primaryimage\"},\"image\":{\"@id\":\"https:\\\/\\\/agencia.252.com.mx\\\/home\\\/el-tsjedomex-enfrenta-rezagos-en-materia-familiar-a-un-ano-de-la-reforma-judicial\\\/#primaryimage\"},\"thumbnailUrl\":\"https:\\\/\\\/agencia.252.com.mx\\\/wp-content\\\/uploads\\\/2026\\\/09\\\/WhatsApp-Image-2026-09-03-at-3.58.14-PM.jpeg\",\"datePublished\":\"2026-09-04T03:18:00+00:00\",\"dateModified\":\"2026-09-04T03:19:28+00:00\",\"breadcrumb\":{\"@id\":\"https:\\\/\\\/agencia.252.com.mx\\\/home\\\/el-tsjedomex-enfrenta-rezagos-en-materia-familiar-a-un-ano-de-la-reforma-judicial\\\/#breadcrumb\"},\"inLanguage\":\"es\",\"potentialAction\":[{\"@type\":\"ReadAction\",\"target\":[\"https:\\\/\\\/agencia.252.com.mx\\\/home\\\/el-tsjedomex-enfrenta-rezagos-en-materia-familiar-a-un-ano-de-la-reforma-judicial\\\/\"]}]},{\"@type\":\"ImageObject\",\"inLanguage\":\"es\",\"@id\":\"https:\\\/\\\/agencia.252.com.mx\\\/home\\\/el-tsjedomex-enfrenta-rezagos-en-materia-familiar-a-un-ano-de-la-reforma-judicial\\\/#primaryimage\",\"url\":\"https:\\\/\\\/agencia.252.com.mx\\\/wp-content\\\/uploads\\\/2026\\\/09\\\/WhatsApp-Image-2026-09-03-at-3.58.14-PM.jpeg\",\"contentUrl\":\"https:\\\/\\\/agencia.252.com.mx\\\/wp-content\\\/uploads\\\/2026\\\/09\\\/WhatsApp-Image-2026-09-03-at-3.58.14-PM.jpeg\",\"width\":1280,\"height\":853},{\"@type\":\"BreadcrumbList\",\"@id\":\"https:\\\/\\\/agencia.252.com.mx\\\/home\\\/el-tsjedomex-enfrenta-rezagos-en-materia-familiar-a-un-ano-de-la-reforma-judicial\\\/#breadcrumb\",\"itemListElement\":[{\"@type\":\"ListItem\",\"position\":1,\"name\":\"Portada\",\"item\":\"https:\\\/\\\/agencia.252.com.mx\\\/home\\\/\"},{\"@type\":\"ListItem\",\"position\":2,\"name\":\"El TSJEDOMEX enfrenta rezagos en materia familiar a un a\u00f1o de la reforma judicial\u00a0\"}]},{\"@type\":\"WebSite\",\"@id\":\"https:\\\/\\\/agencia.252.com.mx\\\/home\\\/#website\",\"url\":\"https:\\\/\\\/agencia.252.com.mx\\\/home\\\/\",\"name\":\"Agencia252\",\"description\":\"Tu espacio en la Red\",\"publisher\":{\"@id\":\"https:\\\/\\\/agencia.252.com.mx\\\/home\\\/#organization\"},\"potentialAction\":[{\"@type\":\"SearchAction\",\"target\":{\"@type\":\"EntryPoint\",\"urlTemplate\":\"https:\\\/\\\/agencia.252.com.mx\\\/home\\\/?s={search_term_string}\"},\"query-input\":{\"@type\":\"PropertyValueSpecification\",\"valueRequired\":true,\"valueName\":\"search_term_string\"}}],\"inLanguage\":\"es\"},{\"@type\":\"Organization\",\"@id\":\"https:\\\/\\\/agencia.252.com.mx\\\/home\\\/#organization\",\"name\":\"Agencia252\",\"url\":\"https:\\\/\\\/agencia.252.com.mx\\\/home\\\/\",\"logo\":{\"@type\":\"ImageObject\",\"inLanguage\":\"es\",\"@id\":\"https:\\\/\\\/agencia.252.com.mx\\\/home\\\/#\\\/schema\\\/logo\\\/image\\\/\",\"url\":\"https:\\\/\\\/agencia.252.com.mx\\\/wp-content\\\/uploads\\\/2023\\\/02\\\/cropped-ciruclo-agencia-e1677562404136.png\",\"contentUrl\":\"https:\\\/\\\/agencia.252.com.mx\\\/wp-content\\\/uploads\\\/2023\\\/02\\\/cropped-ciruclo-agencia-e1677562404136.png\",\"width\":512,\"height\":512,\"caption\":\"Agencia252\"},\"image\":{\"@id\":\"https:\\\/\\\/agencia.252.com.mx\\\/home\\\/#\\\/schema\\\/logo\\\/image\\\/\"},\"sameAs\":[\"https:\\\/\\\/www.facebook.com\\\/252Comunicacion\\\/\",\"https:\\\/\\\/x.com\\\/252COMS\"]},{\"@type\":\"Person\",\"@id\":\"https:\\\/\\\/agencia.252.com.mx\\\/home\\\/#\\\/schema\\\/person\\\/6b972021e9a92d45ade8c78d81509098\",\"name\":\"Nacho Corro\",\"image\":{\"@type\":\"ImageObject\",\"inLanguage\":\"es\",\"@id\":\"https:\\\/\\\/secure.gravatar.com\\\/avatar\\\/5db6df507cfe1307e192fbb498c6b85f1cf2ffd8b4cd37141b9eea588fcbd5a4?s=96&r=g\",\"url\":\"https:\\\/\\\/secure.gravatar.com\\\/avatar\\\/5db6df507cfe1307e192fbb498c6b85f1cf2ffd8b4cd37141b9eea588fcbd5a4?s=96&r=g\",\"contentUrl\":\"https:\\\/\\\/secure.gravatar.com\\\/avatar\\\/5db6df507cfe1307e192fbb498c6b85f1cf2ffd8b4cd37141b9eea588fcbd5a4?s=96&r=g\",\"caption\":\"Nacho Corro\"},\"description\":\"Comunicador Social, Periodista y Administraci\u00f3n P\u00fablica. Conversador pol\u00edtico, temas electorales y seguridad. Generador de contenidos digitales. Amante de la fotograf\u00eda\",\"sameAs\":[\"https:\\\/\\\/www.facebook.com\\\/jcorroherrera\\\/\",\"www.instagram.com\\\/nachocorro\\\/\",\"https:\\\/\\\/x.com\\\/Juan Ignacio Corro Herrera\"],\"url\":\"https:\\\/\\\/agencia.252.com.mx\\\/home\\\/author\\\/i-corro\\\/\"}]}<\/script>\n<!-- \/ Yoast SEO plugin. -->","yoast_head_json":{"title":"El TSJEDOMEX enfrenta rezagos en materia familiar a un a\u00f1o de la reforma judicial\u00a0 - Agencia252","robots":{"index":"index","follow":"follow","max-snippet":"max-snippet:-1","max-image-preview":"max-image-preview:large","max-video-preview":"max-video-preview:-1"},"canonical":"https:\/\/agencia.252.com.mx\/home\/el-tsjedomex-enfrenta-rezagos-en-materia-familiar-a-un-ano-de-la-reforma-judicial\/","og_locale":"es_ES","og_type":"article","og_title":"El TSJEDOMEX enfrenta rezagos en materia familiar a un a\u00f1o de la reforma judicial\u00a0 - Agencia252","og_description":"Visitas: 4 Juan Ignacio Corro&nbsp; Texcoco, Estado de M\u00e9xico, a 3 de septiembre de 2026 El Magistrado Presidente del Tribunal Superior de Justicia del Poder Judicial del Estado de M\u00e9xico&nbsp;del Tribunal de Justicia del Estado de M\u00e9xico, H\u00e9ctor Macedo Garc\u00eda indic\u00f3 que el Poder Judicial enfrenta el desaf\u00edo de atender el rezago, particularmente en materia [&hellip;]","og_url":"https:\/\/agencia.252.com.mx\/home\/el-tsjedomex-enfrenta-rezagos-en-materia-familiar-a-un-ano-de-la-reforma-judicial\/","og_site_name":"Agencia252","article_publisher":"https:\/\/www.facebook.com\/252Comunicacion\/","article_author":"https:\/\/www.facebook.com\/jcorroherrera\/","article_published_time":"2026-09-04T03:18:00+00:00","article_modified_time":"2026-09-04T03:19:28+00:00","og_image":[{"width":1280,"height":853,"url":"http:\/\/agencia.252.com.mx\/wp-content\/uploads\/2026\/09\/WhatsApp-Image-2026-09-03-at-3.58.14-PM.jpeg","type":"image\/jpeg"}],"author":"Nacho Corro","twitter_card":"summary_large_image","twitter_creator":"@Juan Ignacio Corro Herrera","twitter_site":"@252COMS","twitter_misc":{"Escrito por":"Nacho Corro","Tiempo de lectura":"4 minutos"},"schema":{"@context":"https:\/\/schema.org","@graph":[{"@type":"Article","@id":"https:\/\/agencia.252.com.mx\/home\/el-tsjedomex-enfrenta-rezagos-en-materia-familiar-a-un-ano-de-la-reforma-judicial\/#article","isPartOf":{"@id":"https:\/\/agencia.252.com.mx\/home\/el-tsjedomex-enfrenta-rezagos-en-materia-familiar-a-un-ano-de-la-reforma-judicial\/"},"author":{"name":"Nacho Corro","@id":"https:\/\/agencia.252.com.mx\/home\/#\/schema\/person\/6b972021e9a92d45ade8c78d81509098"},"headline":"El TSJEDOMEX enfrenta rezagos en materia familiar a un a\u00f1o de la reforma judicial\u00a0","datePublished":"2026-09-04T03:18:00+00:00","dateModified":"2026-09-04T03:19:28+00:00","mainEntityOfPage":{"@id":"https:\/\/agencia.252.com.mx\/home\/el-tsjedomex-enfrenta-rezagos-en-materia-familiar-a-un-ano-de-la-reforma-judicial\/"},"wordCount":776,"commentCount":0,"publisher":{"@id":"https:\/\/agencia.252.com.mx\/home\/#organization"},"image":{"@id":"https:\/\/agencia.252.com.mx\/home\/el-tsjedomex-enfrenta-rezagos-en-materia-familiar-a-un-ano-de-la-reforma-judicial\/#primaryimage"},"thumbnailUrl":"https:\/\/agencia.252.com.mx\/wp-content\/uploads\/2026\/09\/WhatsApp-Image-2026-09-03-at-3.58.14-PM.jpeg","keywords":["Edomex"],"articleSection":["Edomex","Metropoli","Seguridad"],"inLanguage":"es","potentialAction":[{"@type":"CommentAction","name":"Comment","target":["https:\/\/agencia.252.com.mx\/home\/el-tsjedomex-enfrenta-rezagos-en-materia-familiar-a-un-ano-de-la-reforma-judicial\/#respond"]}]},{"@type":"WebPage","@id":"https:\/\/agencia.252.com.mx\/home\/el-tsjedomex-enfrenta-rezagos-en-materia-familiar-a-un-ano-de-la-reforma-judicial\/","url":"https:\/\/agencia.252.com.mx\/home\/el-tsjedomex-enfrenta-rezagos-en-materia-familiar-a-un-ano-de-la-reforma-judicial\/","name":"El TSJEDOMEX enfrenta rezagos en materia familiar a un a\u00f1o de la reforma judicial\u00a0 - Agencia252","isPartOf":{"@id":"https:\/\/agencia.252.com.mx\/home\/#website"},"primaryImageOfPage":{"@id":"https:\/\/agencia.252.com.mx\/home\/el-tsjedomex-enfrenta-rezagos-en-materia-familiar-a-un-ano-de-la-reforma-judicial\/#primaryimage"},"image":{"@id":"https:\/\/agencia.252.com.mx\/home\/el-tsjedomex-enfrenta-rezagos-en-materia-familiar-a-un-ano-de-la-reforma-judicial\/#primaryimage"},"thumbnailUrl":"https:\/\/agencia.252.com.mx\/wp-content\/uploads\/2026\/09\/WhatsApp-Image-2026-09-03-at-3.58.14-PM.jpeg","datePublished":"2026-09-04T03:18:00+00:00","dateModified":"2026-09-04T03:19:28+00:00","breadcrumb":{"@id":"https:\/\/agencia.252.com.mx\/home\/el-tsjedomex-enfrenta-rezagos-en-materia-familiar-a-un-ano-de-la-reforma-judicial\/#breadcrumb"},"inLanguage":"es","potentialAction":[{"@type":"ReadAction","target":["https:\/\/agencia.252.com.mx\/home\/el-tsjedomex-enfrenta-rezagos-en-materia-familiar-a-un-ano-de-la-reforma-judicial\/"]}]},{"@type":"ImageObject","inLanguage":"es","@id":"https:\/\/agencia.252.com.mx\/home\/el-tsjedomex-enfrenta-rezagos-en-materia-familiar-a-un-ano-de-la-reforma-judicial\/#primaryimage","url":"https:\/\/agencia.252.com.mx\/wp-content\/uploads\/2026\/09\/WhatsApp-Image-2026-09-03-at-3.58.14-PM.jpeg","contentUrl":"https:\/\/agencia.252.com.mx\/wp-content\/uploads\/2026\/09\/WhatsApp-Image-2026-09-03-at-3.58.14-PM.jpeg","width":1280,"height":853},{"@type":"BreadcrumbList","@id":"https:\/\/agencia.252.com.mx\/home\/el-tsjedomex-enfrenta-rezagos-en-materia-familiar-a-un-ano-de-la-reforma-judicial\/#breadcrumb","itemListElement":[{"@type":"ListItem","position":1,"name":"Portada","item":"https:\/\/agencia.252.com.mx\/home\/"},{"@type":"ListItem","position":2,"name":"El TSJEDOMEX enfrenta rezagos en materia familiar a un a\u00f1o de la reforma judicial\u00a0"}]},{"@type":"WebSite","@id":"https:\/\/agencia.252.com.mx\/home\/#website","url":"https:\/\/agencia.252.com.mx\/home\/","name":"Agencia252","description":"Tu espacio en la Red","publisher":{"@id":"https:\/\/agencia.252.com.mx\/home\/#organization"},"potentialAction":[{"@type":"SearchAction","target":{"@type":"EntryPoint","urlTemplate":"https:\/\/agencia.252.com.mx\/home\/?s={search_term_string}"},"query-input":{"@type":"PropertyValueSpecification","valueRequired":true,"valueName":"search_term_string"}}],"inLanguage":"es"},{"@type":"Organization","@id":"https:\/\/agencia.252.com.mx\/home\/#organization","name":"Agencia252","url":"https:\/\/agencia.252.com.mx\/home\/","logo":{"@type":"ImageObject","inLanguage":"es","@id":"https:\/\/agencia.252.com.mx\/home\/#\/schema\/logo\/image\/","url":"https:\/\/agencia.252.com.mx\/wp-content\/uploads\/2023\/02\/cropped-ciruclo-agencia-e1677562404136.png","contentUrl":"https:\/\/agencia.252.com.mx\/wp-content\/uploads\/2023\/02\/cropped-ciruclo-agencia-e1677562404136.png","width":512,"height":512,"caption":"Agencia252"},"image":{"@id":"https:\/\/agencia.252.com.mx\/home\/#\/schema\/logo\/image\/"},"sameAs":["https:\/\/www.facebook.com\/252Comunicacion\/","https:\/\/x.com\/252COMS"]},{"@type":"Person","@id":"https:\/\/agencia.252.com.mx\/home\/#\/schema\/person\/6b972021e9a92d45ade8c78d81509098","name":"Nacho Corro","image":{"@type":"ImageObject","inLanguage":"es","@id":"https:\/\/secure.gravatar.com\/avatar\/5db6df507cfe1307e192fbb498c6b85f1cf2ffd8b4cd37141b9eea588fcbd5a4?s=96&r=g","url":"https:\/\/secure.gravatar.com\/avatar\/5db6df507cfe1307e192fbb498c6b85f1cf2ffd8b4cd37141b9eea588fcbd5a4?s=96&r=g","contentUrl":"https:\/\/secure.gravatar.com\/avatar\/5db6df507cfe1307e192fbb498c6b85f1cf2ffd8b4cd37141b9eea588fcbd5a4?s=96&r=g","caption":"Nacho Corro"},"description":"Comunicador Social, Periodista y Administraci\u00f3n P\u00fablica. Conversador pol\u00edtico, temas electorales y seguridad. Generador de contenidos digitales. Amante de la fotograf\u00eda","sameAs":["https:\/\/www.facebook.com\/jcorroherrera\/","www.instagram.com\/nachocorro\/","https:\/\/x.com\/Juan Ignacio Corro Herrera"],"url":"https:\/\/agencia.252.com.mx\/home\/author\/i-corro\/"}]}},"_links":{"self":[{"href":"https:\/\/agencia.252.com.mx\/home\/wp-json\/wp\/v2\/posts\/23139","targetHints":{"allow":["GET"]}}],"collection":[{"href":"https:\/\/agencia.252.com.mx\/home\/wp-json\/wp\/v2\/posts"}],"about":[{"href":"https:\/\/agencia.252.com.mx\/home\/wp-json\/wp\/v2\/types\/post"}],"author":[{"embeddable":true,"href":"https:\/\/agencia.252.com.mx\/home\/wp-json\/wp\/v2\/users\/5"}],"replies":[{"embeddable":true,"href":"https:\/\/agencia.252.com.mx\/home\/wp-json\/wp\/v2\/comments?post=23139"}],"version-history":[{"count":2,"href":"https:\/\/agencia.252.com.mx\/home\/wp-json\/wp\/v2\/posts\/23139\/revisions"}],"predecessor-version":[{"id":23144,"href":"https:\/\/agencia.252.com.mx\/home\/wp-json\/wp\/v2\/posts\/23139\/revisions\/23144"}],"wp:featuredmedia":[{"embeddable":true,"href":"https:\/\/agencia.252.com.mx\/home\/wp-json\/wp\/v2\/media\/23140"}],"wp:attachment":[{"href":"https:\/\/agencia.252.com.mx\/home\/wp-json\/wp\/v2\/media?parent=23139"}],"wp:term":[{"taxonomy":"category","embeddable":true,"href":"https:\/\/agencia.252.com.mx\/home\/wp-json\/wp\/v2\/categories?post=23139"},{"taxonomy":"post_tag","embeddable":true,"href":"https:\/\/agencia.252.com.mx\/home\/wp-json\/wp\/v2\/tags?post=23139"}],"curies":[{"name":"wp","href":"https:\/\/api.w.org\/{rel}","templated":true}]}}