{"id":23133,"date":"2026-09-03T18:41:33","date_gmt":"2026-09-04T00:41:33","guid":{"rendered":"https:\/\/agencia.252.com.mx\/home\/?p=23133"},"modified":"2026-09-03T18:47:00","modified_gmt":"2026-09-04T00:47:00","slug":"van-10-taludes-estabilizados-para-cuidar-las-familias-y-su-patrimonio","status":"publish","type":"post","link":"https:\/\/agencia.252.com.mx\/home\/van-10-taludes-estabilizados-para-cuidar-las-familias-y-su-patrimonio\/","title":{"rendered":"Van 10 taludes estabilizados para cuidar las familias y su patrimonio \u00a0"},"content":{"rendered":"<p>Visitas: 2<\/p>\n<ul class=\"wp-block-list\">\n<li><em>Romina Contreras, entreg\u00f3 la estabilizaci\u00f3n de dos taludes m\u00e1s en Bosque de Mayorazgo y avenida Arboledas<\/em><\/li>\n\n\n\n<li><em>Adem\u00e1s, inaugur\u00f3 la repavimentaci\u00f3n con concreto hidr\u00e1ulico de la avenida Arboledas, en la comunidad de El Cerrito, lo que se traduce en un tr\u00e1nsito m\u00e1s seguro para los ciudadanos<\/em><\/li>\n<\/ul>\n\n\n\n<p class=\"wp-block-paragraph\">Juan Ignacio Corro<\/p>\n\n\n\n<p class=\"has-text-align-right wp-block-paragraph\">Huixquilucan, Estado de M\u00e9xico, a 3 de septiembre de 2025<\/p>\n\n\n\n<p class=\"wp-block-paragraph\">El Gobierno de Huixquilucan entreg\u00f3 la estabilizaci\u00f3n de dos taludes m\u00e1s, ubicados en el fraccionamiento Bosques de la Herradura y en la comunidad de El Cerrito, con lo que suma un total de 10 obras de este tipo distribuidas por todo el territorio que, en su conjunto, representan una inversi\u00f3n hist\u00f3rica de casi 100 millones de pesos.<\/p>\n\n\n\n<p class=\"wp-block-paragraph\">Al entregar la estabilizaci\u00f3n del talud en la calle Bosque de Mayorazgo, en el fraccionamiento Bosques de la Herradura, la presidenta municipal, Romina Contreras Carrasco, inform\u00f3 que esta obra, la cual contempl\u00f3 la estabilizaci\u00f3n de m\u00e1s de mil 900 metros cuadrados de zona de talud y una inversi\u00f3n de alrededor de cinco millones de pesos, responde a las solicitudes vecinales hechas a trav\u00e9s del programa \u201cHuixquilucan Contigo 24\/7\u201d, cumpliendo el compromiso de escuchar y atender las demandas ciudadanas.<\/p>\n\n\n\n<figure class=\"wp-block-image alignright size-medium\"><img fetchpriority=\"high\" decoding=\"async\" width=\"300\" height=\"200\" src=\"https:\/\/agencia.252.com.mx\/wp-content\/uploads\/2026\/09\/78152c15-ac12-4254-8739-0f967965009e-300x200.jpg\" alt=\"\" class=\"wp-image-23134\" srcset=\"https:\/\/agencia.252.com.mx\/wp-content\/uploads\/2026\/09\/78152c15-ac12-4254-8739-0f967965009e-300x200.jpg 300w, https:\/\/agencia.252.com.mx\/wp-content\/uploads\/2026\/09\/78152c15-ac12-4254-8739-0f967965009e-1024x683.jpg 1024w, https:\/\/agencia.252.com.mx\/wp-content\/uploads\/2026\/09\/78152c15-ac12-4254-8739-0f967965009e-768x512.jpg 768w, https:\/\/agencia.252.com.mx\/wp-content\/uploads\/2026\/09\/78152c15-ac12-4254-8739-0f967965009e-1536x1024.jpg 1536w, https:\/\/agencia.252.com.mx\/wp-content\/uploads\/2026\/09\/78152c15-ac12-4254-8739-0f967965009e.jpg 1920w\" sizes=\"(max-width: 300px) 100vw, 300px\" \/><\/figure>\n\n\n\n<p class=\"wp-block-paragraph\">De igual forma, en la avenida Arboledas, en la comunidad de El Cerrito, Romina Contreras entreg\u00f3 la estabilizaci\u00f3n de un talud, muro de contenci\u00f3n y repavimentaci\u00f3n con concreto hidr\u00e1ulico, abarcando un total de m\u00e1s de dos mil 300 metros cuadrados, con una inversi\u00f3n superior a 8.7 millones de pesos, lo que se traduce en v\u00edas m\u00e1s seguras para los automovilistas, banquetas estables para los peatones y tranquilidad para las familias que viven en la zona.<\/p>\n\n\n\n<p class=\"wp-block-paragraph\">Asimismo, la directora general de Infraestructura y Edificaci\u00f3n de Huixquilucan, Jessica Nabil Castillo Mart\u00ednez, enfatiz\u00f3 que la seguridad es primordial y es uno de los ejes principales de la actual administraci\u00f3n, por lo que, a pesar de los retos presentados debido a las fuertes lluvias, se trabaj\u00f3 24\/7 para concluir la obra que mejora la movilidad y protege a los habitantes de El Cerrito.<\/p>\n\n\n\n<p class=\"wp-block-paragraph\">Tambi\u00e9n, a nombre de los vecinos de El Cerrito, Karla N\u00fa\u00f1ez, expres\u00f3 que estas obras, principalmente la calle, es una v\u00eda principal de comunicaci\u00f3n que los une con los pueblos vecinos, por lo que beneficia a miles de habitantes de la regi\u00f3n.<\/p>\n\n\n\n<p class=\"wp-block-paragraph\">En los \u00faltimos dos a\u00f1os, el Gobierno de Huixquilucan tambi\u00e9n ha entregado la estabilizaci\u00f3n de los taludes de Parque Santander, en La Herradura; en la Avenida Crist\u00f3bal Col\u00f3n, en el paraje La Selva, Cuarto Cuartel; en la avenida Zacamulpa Sur, en Zacamulpa; en la calle Circuito Empresarial, en el Centro Urbano San Fernando-La Herradura Magnocentro; en Vista Real, en el fraccionamiento Lomas Country Club; en la calle Parque de C\u00e1diz, en el fraccionamiento Parques de la Herradura; en la calle Monte Himalaya, en Balcones de la Herradura y en el Boulevard Loma Real, en el fraccionamiento Bosque Real.<\/p>\n\n\n\n<p class=\"wp-block-paragraph\"><\/p>\n","protected":false},"excerpt":{"rendered":"<p>Visitas: 2 Juan Ignacio Corro Huixquilucan, Estado de M\u00e9xico, a 3 de septiembre de 2025 El Gobierno de Huixquilucan entreg\u00f3 la estabilizaci\u00f3n de dos taludes m\u00e1s, ubicados en el fraccionamiento Bosques de la Herradura y en la comunidad de El Cerrito, con lo que suma un total de 10 obras de este tipo distribuidas por [&hellip;]<\/p>\n","protected":false},"author":5,"featured_media":23135,"comment_status":"open","ping_status":"open","sticky":false,"template":"","format":"standard","meta":{"site-sidebar-layout":"default","site-content-layout":"","ast-site-content-layout":"default","site-content-style":"default","site-sidebar-style":"default","ast-global-header-display":"","ast-banner-title-visibility":"","ast-main-header-display":"","ast-hfb-above-header-display":"","ast-hfb-below-header-display":"","ast-hfb-mobile-header-display":"","site-post-title":"disabled","ast-breadcrumbs-content":"","ast-featured-img":"","footer-sml-layout":"","ast-disable-related-posts":"","theme-transparent-header-meta":"","adv-header-id-meta":"","stick-header-meta":"","header-above-stick-meta":"","header-main-stick-meta":"","header-below-stick-meta":"","astra-migrate-meta-layouts":"set","ast-page-background-enabled":"default","ast-page-background-meta":{"desktop":{"background-color":"var(--ast-global-color-4)","background-image":"","background-repeat":"repeat","background-position":"center center","background-size":"auto","background-attachment":"scroll","background-type":"","background-media":"","overlay-type":"","overlay-color":"","overlay-opacity":"","overlay-gradient":""},"tablet":{"background-color":"","background-image":"","background-repeat":"repeat","background-position":"center center","background-size":"auto","background-attachment":"scroll","background-type":"","background-media":"","overlay-type":"","overlay-color":"","overlay-opacity":"","overlay-gradient":""},"mobile":{"background-color":"","background-image":"","background-repeat":"repeat","background-position":"center center","background-size":"auto","background-attachment":"scroll","background-type":"","background-media":"","overlay-type":"","overlay-color":"","overlay-opacity":"","overlay-gradient":""}},"ast-content-background-meta":{"desktop":{"background-color":"var(--ast-global-color-5)","background-image":"","background-repeat":"repeat","background-position":"center center","background-size":"auto","background-attachment":"scroll","background-type":"","background-media":"","overlay-type":"","overlay-color":"","overlay-opacity":"","overlay-gradient":""},"tablet":{"background-color":"var(--ast-global-color-5)","background-image":"","background-repeat":"repeat","background-position":"center center","background-size":"auto","background-attachment":"scroll","background-type":"","background-media":"","overlay-type":"","overlay-color":"","overlay-opacity":"","overlay-gradient":""},"mobile":{"background-color":"var(--ast-global-color-5)","background-image":"","background-repeat":"repeat","background-position":"center center","background-size":"auto","background-attachment":"scroll","background-type":"","background-media":"","overlay-type":"","overlay-color":"","overlay-opacity":"","overlay-gradient":""}},"footnotes":""},"categories":[8,283,512,68],"tags":[526],"class_list":["post-23133","post","type-post","status-publish","format-standard","has-post-thumbnail","hentry","category-edomex","category-huixquilucan","category-metropoli","category-seguridad","tag-edomex"],"yoast_head":"<!-- This site is optimized with the Yoast SEO plugin v28.4 - https:\/\/yoast.com\/product\/yoast-seo-wordpress\/ -->\n<title>Van 10 taludes estabilizados para cuidar las familias y su patrimonio \u00a0 - Agencia252<\/title>\n<meta name=\"robots\" content=\"index, follow, max-snippet:-1, max-image-preview:large, max-video-preview:-1\" \/>\n<link rel=\"canonical\" href=\"https:\/\/agencia.252.com.mx\/home\/van-10-taludes-estabilizados-para-cuidar-las-familias-y-su-patrimonio\/\" \/>\n<meta property=\"og:locale\" content=\"es_ES\" \/>\n<meta property=\"og:type\" content=\"article\" \/>\n<meta property=\"og:title\" content=\"Van 10 taludes estabilizados para cuidar las familias y su patrimonio \u00a0 - Agencia252\" \/>\n<meta property=\"og:description\" content=\"Visitas: 2 Juan Ignacio Corro Huixquilucan, Estado de M\u00e9xico, a 3 de septiembre de 2025 El Gobierno de Huixquilucan entreg\u00f3 la estabilizaci\u00f3n de dos taludes m\u00e1s, ubicados en el fraccionamiento Bosques de la Herradura y en la comunidad de El Cerrito, con lo que suma un total de 10 obras de este tipo distribuidas por [&hellip;]\" \/>\n<meta property=\"og:url\" content=\"https:\/\/agencia.252.com.mx\/home\/van-10-taludes-estabilizados-para-cuidar-las-familias-y-su-patrimonio\/\" \/>\n<meta property=\"og:site_name\" content=\"Agencia252\" \/>\n<meta property=\"article:publisher\" content=\"https:\/\/www.facebook.com\/252Comunicacion\/\" \/>\n<meta property=\"article:author\" content=\"https:\/\/www.facebook.com\/jcorroherrera\/\" \/>\n<meta property=\"article:published_time\" content=\"2026-09-04T00:41:33+00:00\" \/>\n<meta property=\"article:modified_time\" content=\"2026-09-04T00:47:00+00:00\" \/>\n<meta property=\"og:image\" content=\"http:\/\/agencia.252.com.mx\/wp-content\/uploads\/2026\/09\/2b1b3daf-b86a-4c29-8685-cdbbea43b662.jpg\" \/>\n\t<meta property=\"og:image:width\" content=\"1920\" \/>\n\t<meta property=\"og:image:height\" content=\"1280\" \/>\n\t<meta property=\"og:image:type\" content=\"image\/jpeg\" \/>\n<meta name=\"author\" content=\"Nacho Corro\" \/>\n<meta name=\"twitter:card\" content=\"summary_large_image\" \/>\n<meta name=\"twitter:creator\" content=\"@Juan Ignacio Corro Herrera\" \/>\n<meta name=\"twitter:site\" content=\"@252COMS\" \/>\n<meta name=\"twitter:label1\" content=\"Escrito por\" \/>\n\t<meta name=\"twitter:data1\" content=\"Nacho Corro\" \/>\n\t<meta name=\"twitter:label2\" content=\"Tiempo de lectura\" \/>\n\t<meta name=\"twitter:data2\" content=\"3 minutos\" \/>\n<script type=\"application\/ld+json\" class=\"yoast-schema-graph\">{\"@context\":\"https:\\\/\\\/schema.org\",\"@graph\":[{\"@type\":\"Article\",\"@id\":\"https:\\\/\\\/agencia.252.com.mx\\\/home\\\/van-10-taludes-estabilizados-para-cuidar-las-familias-y-su-patrimonio\\\/#article\",\"isPartOf\":{\"@id\":\"https:\\\/\\\/agencia.252.com.mx\\\/home\\\/van-10-taludes-estabilizados-para-cuidar-las-familias-y-su-patrimonio\\\/\"},\"author\":{\"name\":\"Nacho Corro\",\"@id\":\"https:\\\/\\\/agencia.252.com.mx\\\/home\\\/#\\\/schema\\\/person\\\/6b972021e9a92d45ade8c78d81509098\"},\"headline\":\"Van 10 taludes estabilizados para cuidar las familias y su patrimonio \u00a0\",\"datePublished\":\"2026-09-04T00:41:33+00:00\",\"dateModified\":\"2026-09-04T00:47:00+00:00\",\"mainEntityOfPage\":{\"@id\":\"https:\\\/\\\/agencia.252.com.mx\\\/home\\\/van-10-taludes-estabilizados-para-cuidar-las-familias-y-su-patrimonio\\\/\"},\"wordCount\":512,\"commentCount\":0,\"publisher\":{\"@id\":\"https:\\\/\\\/agencia.252.com.mx\\\/home\\\/#organization\"},\"image\":{\"@id\":\"https:\\\/\\\/agencia.252.com.mx\\\/home\\\/van-10-taludes-estabilizados-para-cuidar-las-familias-y-su-patrimonio\\\/#primaryimage\"},\"thumbnailUrl\":\"https:\\\/\\\/agencia.252.com.mx\\\/wp-content\\\/uploads\\\/2026\\\/09\\\/2b1b3daf-b86a-4c29-8685-cdbbea43b662.jpg\",\"keywords\":[\"Edomex\"],\"articleSection\":[\"Edomex\",\"huixquilucan\",\"Metropoli\",\"Seguridad\"],\"inLanguage\":\"es\",\"potentialAction\":[{\"@type\":\"CommentAction\",\"name\":\"Comment\",\"target\":[\"https:\\\/\\\/agencia.252.com.mx\\\/home\\\/van-10-taludes-estabilizados-para-cuidar-las-familias-y-su-patrimonio\\\/#respond\"]}]},{\"@type\":\"WebPage\",\"@id\":\"https:\\\/\\\/agencia.252.com.mx\\\/home\\\/van-10-taludes-estabilizados-para-cuidar-las-familias-y-su-patrimonio\\\/\",\"url\":\"https:\\\/\\\/agencia.252.com.mx\\\/home\\\/van-10-taludes-estabilizados-para-cuidar-las-familias-y-su-patrimonio\\\/\",\"name\":\"Van 10 taludes estabilizados para cuidar las familias y su patrimonio \u00a0 - Agencia252\",\"isPartOf\":{\"@id\":\"https:\\\/\\\/agencia.252.com.mx\\\/home\\\/#website\"},\"primaryImageOfPage\":{\"@id\":\"https:\\\/\\\/agencia.252.com.mx\\\/home\\\/van-10-taludes-estabilizados-para-cuidar-las-familias-y-su-patrimonio\\\/#primaryimage\"},\"image\":{\"@id\":\"https:\\\/\\\/agencia.252.com.mx\\\/home\\\/van-10-taludes-estabilizados-para-cuidar-las-familias-y-su-patrimonio\\\/#primaryimage\"},\"thumbnailUrl\":\"https:\\\/\\\/agencia.252.com.mx\\\/wp-content\\\/uploads\\\/2026\\\/09\\\/2b1b3daf-b86a-4c29-8685-cdbbea43b662.jpg\",\"datePublished\":\"2026-09-04T00:41:33+00:00\",\"dateModified\":\"2026-09-04T00:47:00+00:00\",\"breadcrumb\":{\"@id\":\"https:\\\/\\\/agencia.252.com.mx\\\/home\\\/van-10-taludes-estabilizados-para-cuidar-las-familias-y-su-patrimonio\\\/#breadcrumb\"},\"inLanguage\":\"es\",\"potentialAction\":[{\"@type\":\"ReadAction\",\"target\":[\"https:\\\/\\\/agencia.252.com.mx\\\/home\\\/van-10-taludes-estabilizados-para-cuidar-las-familias-y-su-patrimonio\\\/\"]}]},{\"@type\":\"ImageObject\",\"inLanguage\":\"es\",\"@id\":\"https:\\\/\\\/agencia.252.com.mx\\\/home\\\/van-10-taludes-estabilizados-para-cuidar-las-familias-y-su-patrimonio\\\/#primaryimage\",\"url\":\"https:\\\/\\\/agencia.252.com.mx\\\/wp-content\\\/uploads\\\/2026\\\/09\\\/2b1b3daf-b86a-4c29-8685-cdbbea43b662.jpg\",\"contentUrl\":\"https:\\\/\\\/agencia.252.com.mx\\\/wp-content\\\/uploads\\\/2026\\\/09\\\/2b1b3daf-b86a-4c29-8685-cdbbea43b662.jpg\",\"width\":1920,\"height\":1280},{\"@type\":\"BreadcrumbList\",\"@id\":\"https:\\\/\\\/agencia.252.com.mx\\\/home\\\/van-10-taludes-estabilizados-para-cuidar-las-familias-y-su-patrimonio\\\/#breadcrumb\",\"itemListElement\":[{\"@type\":\"ListItem\",\"position\":1,\"name\":\"Portada\",\"item\":\"https:\\\/\\\/agencia.252.com.mx\\\/home\\\/\"},{\"@type\":\"ListItem\",\"position\":2,\"name\":\"Van 10 taludes estabilizados para cuidar las familias y su patrimonio \u00a0\"}]},{\"@type\":\"WebSite\",\"@id\":\"https:\\\/\\\/agencia.252.com.mx\\\/home\\\/#website\",\"url\":\"https:\\\/\\\/agencia.252.com.mx\\\/home\\\/\",\"name\":\"Agencia252\",\"description\":\"Tu espacio en la Red\",\"publisher\":{\"@id\":\"https:\\\/\\\/agencia.252.com.mx\\\/home\\\/#organization\"},\"potentialAction\":[{\"@type\":\"SearchAction\",\"target\":{\"@type\":\"EntryPoint\",\"urlTemplate\":\"https:\\\/\\\/agencia.252.com.mx\\\/home\\\/?s={search_term_string}\"},\"query-input\":{\"@type\":\"PropertyValueSpecification\",\"valueRequired\":true,\"valueName\":\"search_term_string\"}}],\"inLanguage\":\"es\"},{\"@type\":\"Organization\",\"@id\":\"https:\\\/\\\/agencia.252.com.mx\\\/home\\\/#organization\",\"name\":\"Agencia252\",\"url\":\"https:\\\/\\\/agencia.252.com.mx\\\/home\\\/\",\"logo\":{\"@type\":\"ImageObject\",\"inLanguage\":\"es\",\"@id\":\"https:\\\/\\\/agencia.252.com.mx\\\/home\\\/#\\\/schema\\\/logo\\\/image\\\/\",\"url\":\"https:\\\/\\\/agencia.252.com.mx\\\/wp-content\\\/uploads\\\/2023\\\/02\\\/cropped-ciruclo-agencia-e1677562404136.png\",\"contentUrl\":\"https:\\\/\\\/agencia.252.com.mx\\\/wp-content\\\/uploads\\\/2023\\\/02\\\/cropped-ciruclo-agencia-e1677562404136.png\",\"width\":512,\"height\":512,\"caption\":\"Agencia252\"},\"image\":{\"@id\":\"https:\\\/\\\/agencia.252.com.mx\\\/home\\\/#\\\/schema\\\/logo\\\/image\\\/\"},\"sameAs\":[\"https:\\\/\\\/www.facebook.com\\\/252Comunicacion\\\/\",\"https:\\\/\\\/x.com\\\/252COMS\"]},{\"@type\":\"Person\",\"@id\":\"https:\\\/\\\/agencia.252.com.mx\\\/home\\\/#\\\/schema\\\/person\\\/6b972021e9a92d45ade8c78d81509098\",\"name\":\"Nacho Corro\",\"image\":{\"@type\":\"ImageObject\",\"inLanguage\":\"es\",\"@id\":\"https:\\\/\\\/secure.gravatar.com\\\/avatar\\\/5db6df507cfe1307e192fbb498c6b85f1cf2ffd8b4cd37141b9eea588fcbd5a4?s=96&r=g\",\"url\":\"https:\\\/\\\/secure.gravatar.com\\\/avatar\\\/5db6df507cfe1307e192fbb498c6b85f1cf2ffd8b4cd37141b9eea588fcbd5a4?s=96&r=g\",\"contentUrl\":\"https:\\\/\\\/secure.gravatar.com\\\/avatar\\\/5db6df507cfe1307e192fbb498c6b85f1cf2ffd8b4cd37141b9eea588fcbd5a4?s=96&r=g\",\"caption\":\"Nacho Corro\"},\"description\":\"Comunicador Social, Periodista y Administraci\u00f3n P\u00fablica. Conversador pol\u00edtico, temas electorales y seguridad. Generador de contenidos digitales. Amante de la fotograf\u00eda\",\"sameAs\":[\"https:\\\/\\\/www.facebook.com\\\/jcorroherrera\\\/\",\"www.instagram.com\\\/nachocorro\\\/\",\"https:\\\/\\\/x.com\\\/Juan Ignacio Corro Herrera\"],\"url\":\"https:\\\/\\\/agencia.252.com.mx\\\/home\\\/author\\\/i-corro\\\/\"}]}<\/script>\n<!-- \/ Yoast SEO plugin. -->","yoast_head_json":{"title":"Van 10 taludes estabilizados para cuidar las familias y su patrimonio \u00a0 - Agencia252","robots":{"index":"index","follow":"follow","max-snippet":"max-snippet:-1","max-image-preview":"max-image-preview:large","max-video-preview":"max-video-preview:-1"},"canonical":"https:\/\/agencia.252.com.mx\/home\/van-10-taludes-estabilizados-para-cuidar-las-familias-y-su-patrimonio\/","og_locale":"es_ES","og_type":"article","og_title":"Van 10 taludes estabilizados para cuidar las familias y su patrimonio \u00a0 - Agencia252","og_description":"Visitas: 2 Juan Ignacio Corro Huixquilucan, Estado de M\u00e9xico, a 3 de septiembre de 2025 El Gobierno de Huixquilucan entreg\u00f3 la estabilizaci\u00f3n de dos taludes m\u00e1s, ubicados en el fraccionamiento Bosques de la Herradura y en la comunidad de El Cerrito, con lo que suma un total de 10 obras de este tipo distribuidas por [&hellip;]","og_url":"https:\/\/agencia.252.com.mx\/home\/van-10-taludes-estabilizados-para-cuidar-las-familias-y-su-patrimonio\/","og_site_name":"Agencia252","article_publisher":"https:\/\/www.facebook.com\/252Comunicacion\/","article_author":"https:\/\/www.facebook.com\/jcorroherrera\/","article_published_time":"2026-09-04T00:41:33+00:00","article_modified_time":"2026-09-04T00:47:00+00:00","og_image":[{"width":1920,"height":1280,"url":"http:\/\/agencia.252.com.mx\/wp-content\/uploads\/2026\/09\/2b1b3daf-b86a-4c29-8685-cdbbea43b662.jpg","type":"image\/jpeg"}],"author":"Nacho Corro","twitter_card":"summary_large_image","twitter_creator":"@Juan Ignacio Corro Herrera","twitter_site":"@252COMS","twitter_misc":{"Escrito por":"Nacho Corro","Tiempo de lectura":"3 minutos"},"schema":{"@context":"https:\/\/schema.org","@graph":[{"@type":"Article","@id":"https:\/\/agencia.252.com.mx\/home\/van-10-taludes-estabilizados-para-cuidar-las-familias-y-su-patrimonio\/#article","isPartOf":{"@id":"https:\/\/agencia.252.com.mx\/home\/van-10-taludes-estabilizados-para-cuidar-las-familias-y-su-patrimonio\/"},"author":{"name":"Nacho Corro","@id":"https:\/\/agencia.252.com.mx\/home\/#\/schema\/person\/6b972021e9a92d45ade8c78d81509098"},"headline":"Van 10 taludes estabilizados para cuidar las familias y su patrimonio \u00a0","datePublished":"2026-09-04T00:41:33+00:00","dateModified":"2026-09-04T00:47:00+00:00","mainEntityOfPage":{"@id":"https:\/\/agencia.252.com.mx\/home\/van-10-taludes-estabilizados-para-cuidar-las-familias-y-su-patrimonio\/"},"wordCount":512,"commentCount":0,"publisher":{"@id":"https:\/\/agencia.252.com.mx\/home\/#organization"},"image":{"@id":"https:\/\/agencia.252.com.mx\/home\/van-10-taludes-estabilizados-para-cuidar-las-familias-y-su-patrimonio\/#primaryimage"},"thumbnailUrl":"https:\/\/agencia.252.com.mx\/wp-content\/uploads\/2026\/09\/2b1b3daf-b86a-4c29-8685-cdbbea43b662.jpg","keywords":["Edomex"],"articleSection":["Edomex","huixquilucan","Metropoli","Seguridad"],"inLanguage":"es","potentialAction":[{"@type":"CommentAction","name":"Comment","target":["https:\/\/agencia.252.com.mx\/home\/van-10-taludes-estabilizados-para-cuidar-las-familias-y-su-patrimonio\/#respond"]}]},{"@type":"WebPage","@id":"https:\/\/agencia.252.com.mx\/home\/van-10-taludes-estabilizados-para-cuidar-las-familias-y-su-patrimonio\/","url":"https:\/\/agencia.252.com.mx\/home\/van-10-taludes-estabilizados-para-cuidar-las-familias-y-su-patrimonio\/","name":"Van 10 taludes estabilizados para cuidar las familias y su patrimonio \u00a0 - Agencia252","isPartOf":{"@id":"https:\/\/agencia.252.com.mx\/home\/#website"},"primaryImageOfPage":{"@id":"https:\/\/agencia.252.com.mx\/home\/van-10-taludes-estabilizados-para-cuidar-las-familias-y-su-patrimonio\/#primaryimage"},"image":{"@id":"https:\/\/agencia.252.com.mx\/home\/van-10-taludes-estabilizados-para-cuidar-las-familias-y-su-patrimonio\/#primaryimage"},"thumbnailUrl":"https:\/\/agencia.252.com.mx\/wp-content\/uploads\/2026\/09\/2b1b3daf-b86a-4c29-8685-cdbbea43b662.jpg","datePublished":"2026-09-04T00:41:33+00:00","dateModified":"2026-09-04T00:47:00+00:00","breadcrumb":{"@id":"https:\/\/agencia.252.com.mx\/home\/van-10-taludes-estabilizados-para-cuidar-las-familias-y-su-patrimonio\/#breadcrumb"},"inLanguage":"es","potentialAction":[{"@type":"ReadAction","target":["https:\/\/agencia.252.com.mx\/home\/van-10-taludes-estabilizados-para-cuidar-las-familias-y-su-patrimonio\/"]}]},{"@type":"ImageObject","inLanguage":"es","@id":"https:\/\/agencia.252.com.mx\/home\/van-10-taludes-estabilizados-para-cuidar-las-familias-y-su-patrimonio\/#primaryimage","url":"https:\/\/agencia.252.com.mx\/wp-content\/uploads\/2026\/09\/2b1b3daf-b86a-4c29-8685-cdbbea43b662.jpg","contentUrl":"https:\/\/agencia.252.com.mx\/wp-content\/uploads\/2026\/09\/2b1b3daf-b86a-4c29-8685-cdbbea43b662.jpg","width":1920,"height":1280},{"@type":"BreadcrumbList","@id":"https:\/\/agencia.252.com.mx\/home\/van-10-taludes-estabilizados-para-cuidar-las-familias-y-su-patrimonio\/#breadcrumb","itemListElement":[{"@type":"ListItem","position":1,"name":"Portada","item":"https:\/\/agencia.252.com.mx\/home\/"},{"@type":"ListItem","position":2,"name":"Van 10 taludes estabilizados para cuidar las familias y su patrimonio \u00a0"}]},{"@type":"WebSite","@id":"https:\/\/agencia.252.com.mx\/home\/#website","url":"https:\/\/agencia.252.com.mx\/home\/","name":"Agencia252","description":"Tu espacio en la Red","publisher":{"@id":"https:\/\/agencia.252.com.mx\/home\/#organization"},"potentialAction":[{"@type":"SearchAction","target":{"@type":"EntryPoint","urlTemplate":"https:\/\/agencia.252.com.mx\/home\/?s={search_term_string}"},"query-input":{"@type":"PropertyValueSpecification","valueRequired":true,"valueName":"search_term_string"}}],"inLanguage":"es"},{"@type":"Organization","@id":"https:\/\/agencia.252.com.mx\/home\/#organization","name":"Agencia252","url":"https:\/\/agencia.252.com.mx\/home\/","logo":{"@type":"ImageObject","inLanguage":"es","@id":"https:\/\/agencia.252.com.mx\/home\/#\/schema\/logo\/image\/","url":"https:\/\/agencia.252.com.mx\/wp-content\/uploads\/2023\/02\/cropped-ciruclo-agencia-e1677562404136.png","contentUrl":"https:\/\/agencia.252.com.mx\/wp-content\/uploads\/2023\/02\/cropped-ciruclo-agencia-e1677562404136.png","width":512,"height":512,"caption":"Agencia252"},"image":{"@id":"https:\/\/agencia.252.com.mx\/home\/#\/schema\/logo\/image\/"},"sameAs":["https:\/\/www.facebook.com\/252Comunicacion\/","https:\/\/x.com\/252COMS"]},{"@type":"Person","@id":"https:\/\/agencia.252.com.mx\/home\/#\/schema\/person\/6b972021e9a92d45ade8c78d81509098","name":"Nacho Corro","image":{"@type":"ImageObject","inLanguage":"es","@id":"https:\/\/secure.gravatar.com\/avatar\/5db6df507cfe1307e192fbb498c6b85f1cf2ffd8b4cd37141b9eea588fcbd5a4?s=96&r=g","url":"https:\/\/secure.gravatar.com\/avatar\/5db6df507cfe1307e192fbb498c6b85f1cf2ffd8b4cd37141b9eea588fcbd5a4?s=96&r=g","contentUrl":"https:\/\/secure.gravatar.com\/avatar\/5db6df507cfe1307e192fbb498c6b85f1cf2ffd8b4cd37141b9eea588fcbd5a4?s=96&r=g","caption":"Nacho Corro"},"description":"Comunicador Social, Periodista y Administraci\u00f3n P\u00fablica. Conversador pol\u00edtico, temas electorales y seguridad. Generador de contenidos digitales. Amante de la fotograf\u00eda","sameAs":["https:\/\/www.facebook.com\/jcorroherrera\/","www.instagram.com\/nachocorro\/","https:\/\/x.com\/Juan Ignacio Corro Herrera"],"url":"https:\/\/agencia.252.com.mx\/home\/author\/i-corro\/"}]}},"_links":{"self":[{"href":"https:\/\/agencia.252.com.mx\/home\/wp-json\/wp\/v2\/posts\/23133","targetHints":{"allow":["GET"]}}],"collection":[{"href":"https:\/\/agencia.252.com.mx\/home\/wp-json\/wp\/v2\/posts"}],"about":[{"href":"https:\/\/agencia.252.com.mx\/home\/wp-json\/wp\/v2\/types\/post"}],"author":[{"embeddable":true,"href":"https:\/\/agencia.252.com.mx\/home\/wp-json\/wp\/v2\/users\/5"}],"replies":[{"embeddable":true,"href":"https:\/\/agencia.252.com.mx\/home\/wp-json\/wp\/v2\/comments?post=23133"}],"version-history":[{"count":1,"href":"https:\/\/agencia.252.com.mx\/home\/wp-json\/wp\/v2\/posts\/23133\/revisions"}],"predecessor-version":[{"id":23136,"href":"https:\/\/agencia.252.com.mx\/home\/wp-json\/wp\/v2\/posts\/23133\/revisions\/23136"}],"wp:featuredmedia":[{"embeddable":true,"href":"https:\/\/agencia.252.com.mx\/home\/wp-json\/wp\/v2\/media\/23135"}],"wp:attachment":[{"href":"https:\/\/agencia.252.com.mx\/home\/wp-json\/wp\/v2\/media?parent=23133"}],"wp:term":[{"taxonomy":"category","embeddable":true,"href":"https:\/\/agencia.252.com.mx\/home\/wp-json\/wp\/v2\/categories?post=23133"},{"taxonomy":"post_tag","embeddable":true,"href":"https:\/\/agencia.252.com.mx\/home\/wp-json\/wp\/v2\/tags?post=23133"}],"curies":[{"name":"wp","href":"https:\/\/api.w.org\/{rel}","templated":true}]}}