{"id":23129,"date":"2026-09-03T16:22:37","date_gmt":"2026-09-03T22:22:37","guid":{"rendered":"https:\/\/agencia.252.com.mx\/home\/?p=23129"},"modified":"2026-09-03T16:22:39","modified_gmt":"2026-09-03T22:22:39","slug":"gobierno-de-naucalpan-y-ciudadania-hacen-equipo-para-transformar-rincon-verde","status":"publish","type":"post","link":"https:\/\/agencia.252.com.mx\/home\/gobierno-de-naucalpan-y-ciudadania-hacen-equipo-para-transformar-rincon-verde\/","title":{"rendered":"Gobierno de Naucalpan y ciudadan\u00eda hacen equipo para transformar Rinc\u00f3n Verde"},"content":{"rendered":"<p>Visitas: 1<\/p>\n<ul class=\"wp-block-list\">\n<li><em>El programa COMUNA permitir\u00e1 concretar m\u00e1s de 260 obras con la participaci\u00f3n directa de las comunidades<\/em><\/li>\n\n\n\n<li><em>El alcalde Isaac Montoya entrega la primera etapa de pavimentaci\u00f3n de la calle Colorines, una obra que mejora la movilidad y beneficia directamente a las familias de Aguilillas<\/em><\/li>\n<\/ul>\n\n\n\n<p class=\"wp-block-paragraph\"><em>Juan Ignacio Corro<\/em><\/p>\n\n\n\n<p class=\"has-text-align-right wp-block-paragraph\"><em>Naucalpan, Estado de M\u00e9xico, a 3 de septiembre de 2025<\/em><\/p>\n\n\n\n<p class=\"wp-block-paragraph\">Como parte de la estrategia para llevar infraestructura a todos los rincones de Naucalpan, el Presidente Municipal Isaac Montoya M\u00e1rquez entreg\u00f3 la primera etapa de pavimentaci\u00f3n de la calle Colorines, en la comunidad de Rinc\u00f3n Verde (Aguilillas), una obra realizada con concreto hidr\u00e1ulico a trav\u00e9s del programa COMUNA (Comunidad Unida y Activa).<\/p>\n\n\n\n<p class=\"wp-block-paragraph\">La obra fue realizada con el esfuerzo y coordinaci\u00f3n de las y los vecinos de la calle Colorines, quienes participaron directamente en este ejercicio de colaboraci\u00f3n comunitaria.<\/p>\n\n\n\n<figure class=\"wp-block-image alignleft size-medium\"><img fetchpriority=\"high\" decoding=\"async\" width=\"300\" height=\"200\" src=\"https:\/\/agencia.252.com.mx\/wp-content\/uploads\/2026\/09\/WhatsApp-Image-2026-09-03-at-1.57.27-PM-300x200.jpeg\" alt=\"\" class=\"wp-image-23131\" srcset=\"https:\/\/agencia.252.com.mx\/wp-content\/uploads\/2026\/09\/WhatsApp-Image-2026-09-03-at-1.57.27-PM-300x200.jpeg 300w, https:\/\/agencia.252.com.mx\/wp-content\/uploads\/2026\/09\/WhatsApp-Image-2026-09-03-at-1.57.27-PM-1024x683.jpeg 1024w, https:\/\/agencia.252.com.mx\/wp-content\/uploads\/2026\/09\/WhatsApp-Image-2026-09-03-at-1.57.27-PM-768x512.jpeg 768w, https:\/\/agencia.252.com.mx\/wp-content\/uploads\/2026\/09\/WhatsApp-Image-2026-09-03-at-1.57.27-PM-1536x1024.jpeg 1536w, https:\/\/agencia.252.com.mx\/wp-content\/uploads\/2026\/09\/WhatsApp-Image-2026-09-03-at-1.57.27-PM.jpeg 1600w\" sizes=\"(max-width: 300px) 100vw, 300px\" \/><\/figure>\n\n\n\n<p class=\"wp-block-paragraph\">La intervenci\u00f3n contempla mil metros cuadrados de pavimentaci\u00f3n y fue posible gracias a la coordinaci\u00f3n y esfuerzo conjunto entre el Gobierno Municipal y las y los vecinos de la calle Colorines, quienes participaron activamente en la ejecuci\u00f3n de los trabajos.<\/p>\n\n\n\n<p class=\"wp-block-paragraph\">La obra permitir\u00e1 mejorar las condiciones de movilidad de la zona, facilitar la circulaci\u00f3n del transporte p\u00fablico y particular y fortalecer el acceso de las familias a servicios esenciales, al contar ahora con una vialidad m\u00e1s segura, resistente y funcional.<\/p>\n\n\n\n<p class=\"wp-block-paragraph\">Durante la entrega, Isaac Montoya destac\u00f3 que su administraci\u00f3n trabaja simult\u00e1neamente en grandes proyectos de infraestructura y en obras de impacto directo para las comunidades, porque la transformaci\u00f3n de Naucalpan debe sentirse tanto en sus principales vialidades como en las calles y espacios que durante a\u00f1os permanecieron en el abandono.<\/p>\n\n\n\n<p class=\"wp-block-paragraph\">\u201cEstamos trabajando para que las obras lleguen a todos los rincones de Naucalpan. No queremos que el desarrollo se concentre \u00fanicamente en las zonas c\u00e9ntricas; queremos atender tambi\u00e9n a las comunidades que durante muchos a\u00f1os fueron olvidadas y que hoy est\u00e1n siendo escuchadas\u201d, afirm\u00f3.<\/p>\n\n\n\n<p class=\"wp-block-paragraph\">El alcalde subray\u00f3 que, mediante la suma de esfuerzos entre ciudadan\u00eda y gobierno, ser\u00e1 posible concretar m\u00e1s de 260 obras a lo largo y ancho del municipio, atendiendo necesidades espec\u00edficas planteadas directamente por las y los habitantes.<\/p>\n\n\n\n<p class=\"wp-block-paragraph\">Record\u00f3 que, de acuerdo con cifras oficiales del INEGI, Naucalpan registr\u00f3 entre 2024 y 2025 el mayor incremento a nivel nacional en inversi\u00f3n de obra p\u00fablica, con un crecimiento superior al 319 por ciento, resultado de una pol\u00edtica que coloca a la infraestructura como una herramienta fundamental para combatir rezagos y mejorar las condiciones de vida de la poblaci\u00f3n.<\/p>\n\n\n\n<p class=\"wp-block-paragraph\">Isaac Montoya enfatiz\u00f3 que su origen y cercan\u00eda con las comunidades representan una responsabilidad adicional para impulsar una transformaci\u00f3n que llegue a quienes durante a\u00f1os no tuvieron respuesta a sus demandas.<\/p>\n\n\n\n<p class=\"wp-block-paragraph\">En el caso de la calle Colorines, los trabajos incluyeron la nivelaci\u00f3n del terreno, retiro, extracci\u00f3n y disposici\u00f3n del material generado, as\u00ed como la colocaci\u00f3n de losas de concreto hidr\u00e1ulico de 15 cent\u00edmetros de espesor, lo que permitir\u00e1 contar con una superficie resistente y durable.<\/p>\n\n\n\n<p class=\"wp-block-paragraph\"><\/p>\n","protected":false},"excerpt":{"rendered":"<p>Visitas: 1 Juan Ignacio Corro Naucalpan, Estado de M\u00e9xico, a 3 de septiembre de 2025 Como parte de la estrategia para llevar infraestructura a todos los rincones de Naucalpan, el Presidente Municipal Isaac Montoya M\u00e1rquez entreg\u00f3 la primera etapa de pavimentaci\u00f3n de la calle Colorines, en la comunidad de Rinc\u00f3n Verde (Aguilillas), una obra realizada [&hellip;]<\/p>\n","protected":false},"author":5,"featured_media":23130,"comment_status":"open","ping_status":"open","sticky":false,"template":"","format":"standard","meta":{"site-sidebar-layout":"default","site-content-layout":"","ast-site-content-layout":"default","site-content-style":"default","site-sidebar-style":"default","ast-global-header-display":"","ast-banner-title-visibility":"","ast-main-header-display":"","ast-hfb-above-header-display":"","ast-hfb-below-header-display":"","ast-hfb-mobile-header-display":"","site-post-title":"","ast-breadcrumbs-content":"","ast-featured-img":"","footer-sml-layout":"","ast-disable-related-posts":"","theme-transparent-header-meta":"","adv-header-id-meta":"","stick-header-meta":"","header-above-stick-meta":"","header-main-stick-meta":"","header-below-stick-meta":"","astra-migrate-meta-layouts":"set","ast-page-background-enabled":"default","ast-page-background-meta":{"desktop":{"background-color":"var(--ast-global-color-4)","background-image":"","background-repeat":"repeat","background-position":"center center","background-size":"auto","background-attachment":"scroll","background-type":"","background-media":"","overlay-type":"","overlay-color":"","overlay-opacity":"","overlay-gradient":""},"tablet":{"background-color":"","background-image":"","background-repeat":"repeat","background-position":"center center","background-size":"auto","background-attachment":"scroll","background-type":"","background-media":"","overlay-type":"","overlay-color":"","overlay-opacity":"","overlay-gradient":""},"mobile":{"background-color":"","background-image":"","background-repeat":"repeat","background-position":"center center","background-size":"auto","background-attachment":"scroll","background-type":"","background-media":"","overlay-type":"","overlay-color":"","overlay-opacity":"","overlay-gradient":""}},"ast-content-background-meta":{"desktop":{"background-color":"var(--ast-global-color-5)","background-image":"","background-repeat":"repeat","background-position":"center center","background-size":"auto","background-attachment":"scroll","background-type":"","background-media":"","overlay-type":"","overlay-color":"","overlay-opacity":"","overlay-gradient":""},"tablet":{"background-color":"var(--ast-global-color-5)","background-image":"","background-repeat":"repeat","background-position":"center center","background-size":"auto","background-attachment":"scroll","background-type":"","background-media":"","overlay-type":"","overlay-color":"","overlay-opacity":"","overlay-gradient":""},"mobile":{"background-color":"var(--ast-global-color-5)","background-image":"","background-repeat":"repeat","background-position":"center center","background-size":"auto","background-attachment":"scroll","background-type":"","background-media":"","overlay-type":"","overlay-color":"","overlay-opacity":"","overlay-gradient":""}},"footnotes":""},"categories":[8,512,70],"tags":[526],"class_list":["post-23129","post","type-post","status-publish","format-standard","has-post-thumbnail","hentry","category-edomex","category-metropoli","category-naucalpan","tag-edomex"],"yoast_head":"<!-- This site is optimized with the Yoast SEO plugin v28.4 - https:\/\/yoast.com\/product\/yoast-seo-wordpress\/ -->\n<title>Gobierno de Naucalpan y ciudadan\u00eda hacen equipo para transformar Rinc\u00f3n Verde - Agencia252<\/title>\n<meta name=\"robots\" content=\"index, follow, max-snippet:-1, max-image-preview:large, max-video-preview:-1\" \/>\n<link rel=\"canonical\" href=\"https:\/\/agencia.252.com.mx\/home\/gobierno-de-naucalpan-y-ciudadania-hacen-equipo-para-transformar-rincon-verde\/\" \/>\n<meta property=\"og:locale\" content=\"es_ES\" \/>\n<meta property=\"og:type\" content=\"article\" \/>\n<meta property=\"og:title\" content=\"Gobierno de Naucalpan y ciudadan\u00eda hacen equipo para transformar Rinc\u00f3n Verde - Agencia252\" \/>\n<meta property=\"og:description\" content=\"Visitas: 1 Juan Ignacio Corro Naucalpan, Estado de M\u00e9xico, a 3 de septiembre de 2025 Como parte de la estrategia para llevar infraestructura a todos los rincones de Naucalpan, el Presidente Municipal Isaac Montoya M\u00e1rquez entreg\u00f3 la primera etapa de pavimentaci\u00f3n de la calle Colorines, en la comunidad de Rinc\u00f3n Verde (Aguilillas), una obra realizada [&hellip;]\" \/>\n<meta property=\"og:url\" content=\"https:\/\/agencia.252.com.mx\/home\/gobierno-de-naucalpan-y-ciudadania-hacen-equipo-para-transformar-rincon-verde\/\" \/>\n<meta property=\"og:site_name\" content=\"Agencia252\" \/>\n<meta property=\"article:publisher\" content=\"https:\/\/www.facebook.com\/252Comunicacion\/\" \/>\n<meta property=\"article:author\" content=\"https:\/\/www.facebook.com\/jcorroherrera\/\" \/>\n<meta property=\"article:published_time\" content=\"2026-09-03T22:22:37+00:00\" \/>\n<meta property=\"article:modified_time\" content=\"2026-09-03T22:22:39+00:00\" \/>\n<meta property=\"og:image\" content=\"http:\/\/agencia.252.com.mx\/wp-content\/uploads\/2026\/09\/WhatsApp-Image-2026-09-03-at-1.57.27-PM-1.jpeg\" \/>\n\t<meta property=\"og:image:width\" content=\"1600\" \/>\n\t<meta property=\"og:image:height\" content=\"1097\" \/>\n\t<meta property=\"og:image:type\" content=\"image\/jpeg\" \/>\n<meta name=\"author\" content=\"Nacho Corro\" \/>\n<meta name=\"twitter:card\" content=\"summary_large_image\" \/>\n<meta name=\"twitter:creator\" content=\"@Juan Ignacio Corro Herrera\" \/>\n<meta name=\"twitter:site\" content=\"@252COMS\" \/>\n<meta name=\"twitter:label1\" content=\"Escrito por\" \/>\n\t<meta name=\"twitter:data1\" content=\"Nacho Corro\" \/>\n\t<meta name=\"twitter:label2\" content=\"Tiempo de lectura\" \/>\n\t<meta name=\"twitter:data2\" content=\"3 minutos\" \/>\n<script type=\"application\/ld+json\" class=\"yoast-schema-graph\">{\"@context\":\"https:\\\/\\\/schema.org\",\"@graph\":[{\"@type\":\"Article\",\"@id\":\"https:\\\/\\\/agencia.252.com.mx\\\/home\\\/gobierno-de-naucalpan-y-ciudadania-hacen-equipo-para-transformar-rincon-verde\\\/#article\",\"isPartOf\":{\"@id\":\"https:\\\/\\\/agencia.252.com.mx\\\/home\\\/gobierno-de-naucalpan-y-ciudadania-hacen-equipo-para-transformar-rincon-verde\\\/\"},\"author\":{\"name\":\"Nacho Corro\",\"@id\":\"https:\\\/\\\/agencia.252.com.mx\\\/home\\\/#\\\/schema\\\/person\\\/6b972021e9a92d45ade8c78d81509098\"},\"headline\":\"Gobierno de Naucalpan y ciudadan\u00eda hacen equipo para transformar Rinc\u00f3n Verde\",\"datePublished\":\"2026-09-03T22:22:37+00:00\",\"dateModified\":\"2026-09-03T22:22:39+00:00\",\"mainEntityOfPage\":{\"@id\":\"https:\\\/\\\/agencia.252.com.mx\\\/home\\\/gobierno-de-naucalpan-y-ciudadania-hacen-equipo-para-transformar-rincon-verde\\\/\"},\"wordCount\":529,\"commentCount\":0,\"publisher\":{\"@id\":\"https:\\\/\\\/agencia.252.com.mx\\\/home\\\/#organization\"},\"image\":{\"@id\":\"https:\\\/\\\/agencia.252.com.mx\\\/home\\\/gobierno-de-naucalpan-y-ciudadania-hacen-equipo-para-transformar-rincon-verde\\\/#primaryimage\"},\"thumbnailUrl\":\"https:\\\/\\\/agencia.252.com.mx\\\/wp-content\\\/uploads\\\/2026\\\/09\\\/WhatsApp-Image-2026-09-03-at-1.57.27-PM-1.jpeg\",\"keywords\":[\"Edomex\"],\"articleSection\":[\"Edomex\",\"Metropoli\",\"Naucalpan\"],\"inLanguage\":\"es\",\"potentialAction\":[{\"@type\":\"CommentAction\",\"name\":\"Comment\",\"target\":[\"https:\\\/\\\/agencia.252.com.mx\\\/home\\\/gobierno-de-naucalpan-y-ciudadania-hacen-equipo-para-transformar-rincon-verde\\\/#respond\"]}]},{\"@type\":\"WebPage\",\"@id\":\"https:\\\/\\\/agencia.252.com.mx\\\/home\\\/gobierno-de-naucalpan-y-ciudadania-hacen-equipo-para-transformar-rincon-verde\\\/\",\"url\":\"https:\\\/\\\/agencia.252.com.mx\\\/home\\\/gobierno-de-naucalpan-y-ciudadania-hacen-equipo-para-transformar-rincon-verde\\\/\",\"name\":\"Gobierno de Naucalpan y ciudadan\u00eda hacen equipo para transformar Rinc\u00f3n Verde - Agencia252\",\"isPartOf\":{\"@id\":\"https:\\\/\\\/agencia.252.com.mx\\\/home\\\/#website\"},\"primaryImageOfPage\":{\"@id\":\"https:\\\/\\\/agencia.252.com.mx\\\/home\\\/gobierno-de-naucalpan-y-ciudadania-hacen-equipo-para-transformar-rincon-verde\\\/#primaryimage\"},\"image\":{\"@id\":\"https:\\\/\\\/agencia.252.com.mx\\\/home\\\/gobierno-de-naucalpan-y-ciudadania-hacen-equipo-para-transformar-rincon-verde\\\/#primaryimage\"},\"thumbnailUrl\":\"https:\\\/\\\/agencia.252.com.mx\\\/wp-content\\\/uploads\\\/2026\\\/09\\\/WhatsApp-Image-2026-09-03-at-1.57.27-PM-1.jpeg\",\"datePublished\":\"2026-09-03T22:22:37+00:00\",\"dateModified\":\"2026-09-03T22:22:39+00:00\",\"breadcrumb\":{\"@id\":\"https:\\\/\\\/agencia.252.com.mx\\\/home\\\/gobierno-de-naucalpan-y-ciudadania-hacen-equipo-para-transformar-rincon-verde\\\/#breadcrumb\"},\"inLanguage\":\"es\",\"potentialAction\":[{\"@type\":\"ReadAction\",\"target\":[\"https:\\\/\\\/agencia.252.com.mx\\\/home\\\/gobierno-de-naucalpan-y-ciudadania-hacen-equipo-para-transformar-rincon-verde\\\/\"]}]},{\"@type\":\"ImageObject\",\"inLanguage\":\"es\",\"@id\":\"https:\\\/\\\/agencia.252.com.mx\\\/home\\\/gobierno-de-naucalpan-y-ciudadania-hacen-equipo-para-transformar-rincon-verde\\\/#primaryimage\",\"url\":\"https:\\\/\\\/agencia.252.com.mx\\\/wp-content\\\/uploads\\\/2026\\\/09\\\/WhatsApp-Image-2026-09-03-at-1.57.27-PM-1.jpeg\",\"contentUrl\":\"https:\\\/\\\/agencia.252.com.mx\\\/wp-content\\\/uploads\\\/2026\\\/09\\\/WhatsApp-Image-2026-09-03-at-1.57.27-PM-1.jpeg\",\"width\":1600,\"height\":1097},{\"@type\":\"BreadcrumbList\",\"@id\":\"https:\\\/\\\/agencia.252.com.mx\\\/home\\\/gobierno-de-naucalpan-y-ciudadania-hacen-equipo-para-transformar-rincon-verde\\\/#breadcrumb\",\"itemListElement\":[{\"@type\":\"ListItem\",\"position\":1,\"name\":\"Portada\",\"item\":\"https:\\\/\\\/agencia.252.com.mx\\\/home\\\/\"},{\"@type\":\"ListItem\",\"position\":2,\"name\":\"Gobierno de Naucalpan y ciudadan\u00eda hacen equipo para transformar Rinc\u00f3n Verde\"}]},{\"@type\":\"WebSite\",\"@id\":\"https:\\\/\\\/agencia.252.com.mx\\\/home\\\/#website\",\"url\":\"https:\\\/\\\/agencia.252.com.mx\\\/home\\\/\",\"name\":\"Agencia252\",\"description\":\"Tu espacio en la Red\",\"publisher\":{\"@id\":\"https:\\\/\\\/agencia.252.com.mx\\\/home\\\/#organization\"},\"potentialAction\":[{\"@type\":\"SearchAction\",\"target\":{\"@type\":\"EntryPoint\",\"urlTemplate\":\"https:\\\/\\\/agencia.252.com.mx\\\/home\\\/?s={search_term_string}\"},\"query-input\":{\"@type\":\"PropertyValueSpecification\",\"valueRequired\":true,\"valueName\":\"search_term_string\"}}],\"inLanguage\":\"es\"},{\"@type\":\"Organization\",\"@id\":\"https:\\\/\\\/agencia.252.com.mx\\\/home\\\/#organization\",\"name\":\"Agencia252\",\"url\":\"https:\\\/\\\/agencia.252.com.mx\\\/home\\\/\",\"logo\":{\"@type\":\"ImageObject\",\"inLanguage\":\"es\",\"@id\":\"https:\\\/\\\/agencia.252.com.mx\\\/home\\\/#\\\/schema\\\/logo\\\/image\\\/\",\"url\":\"https:\\\/\\\/agencia.252.com.mx\\\/wp-content\\\/uploads\\\/2023\\\/02\\\/cropped-ciruclo-agencia-e1677562404136.png\",\"contentUrl\":\"https:\\\/\\\/agencia.252.com.mx\\\/wp-content\\\/uploads\\\/2023\\\/02\\\/cropped-ciruclo-agencia-e1677562404136.png\",\"width\":512,\"height\":512,\"caption\":\"Agencia252\"},\"image\":{\"@id\":\"https:\\\/\\\/agencia.252.com.mx\\\/home\\\/#\\\/schema\\\/logo\\\/image\\\/\"},\"sameAs\":[\"https:\\\/\\\/www.facebook.com\\\/252Comunicacion\\\/\",\"https:\\\/\\\/x.com\\\/252COMS\"]},{\"@type\":\"Person\",\"@id\":\"https:\\\/\\\/agencia.252.com.mx\\\/home\\\/#\\\/schema\\\/person\\\/6b972021e9a92d45ade8c78d81509098\",\"name\":\"Nacho Corro\",\"image\":{\"@type\":\"ImageObject\",\"inLanguage\":\"es\",\"@id\":\"https:\\\/\\\/secure.gravatar.com\\\/avatar\\\/5db6df507cfe1307e192fbb498c6b85f1cf2ffd8b4cd37141b9eea588fcbd5a4?s=96&r=g\",\"url\":\"https:\\\/\\\/secure.gravatar.com\\\/avatar\\\/5db6df507cfe1307e192fbb498c6b85f1cf2ffd8b4cd37141b9eea588fcbd5a4?s=96&r=g\",\"contentUrl\":\"https:\\\/\\\/secure.gravatar.com\\\/avatar\\\/5db6df507cfe1307e192fbb498c6b85f1cf2ffd8b4cd37141b9eea588fcbd5a4?s=96&r=g\",\"caption\":\"Nacho Corro\"},\"description\":\"Comunicador Social, Periodista y Administraci\u00f3n P\u00fablica. Conversador pol\u00edtico, temas electorales y seguridad. Generador de contenidos digitales. Amante de la fotograf\u00eda\",\"sameAs\":[\"https:\\\/\\\/www.facebook.com\\\/jcorroherrera\\\/\",\"www.instagram.com\\\/nachocorro\\\/\",\"https:\\\/\\\/x.com\\\/Juan Ignacio Corro Herrera\"],\"url\":\"https:\\\/\\\/agencia.252.com.mx\\\/home\\\/author\\\/i-corro\\\/\"}]}<\/script>\n<!-- \/ Yoast SEO plugin. -->","yoast_head_json":{"title":"Gobierno de Naucalpan y ciudadan\u00eda hacen equipo para transformar Rinc\u00f3n Verde - Agencia252","robots":{"index":"index","follow":"follow","max-snippet":"max-snippet:-1","max-image-preview":"max-image-preview:large","max-video-preview":"max-video-preview:-1"},"canonical":"https:\/\/agencia.252.com.mx\/home\/gobierno-de-naucalpan-y-ciudadania-hacen-equipo-para-transformar-rincon-verde\/","og_locale":"es_ES","og_type":"article","og_title":"Gobierno de Naucalpan y ciudadan\u00eda hacen equipo para transformar Rinc\u00f3n Verde - Agencia252","og_description":"Visitas: 1 Juan Ignacio Corro Naucalpan, Estado de M\u00e9xico, a 3 de septiembre de 2025 Como parte de la estrategia para llevar infraestructura a todos los rincones de Naucalpan, el Presidente Municipal Isaac Montoya M\u00e1rquez entreg\u00f3 la primera etapa de pavimentaci\u00f3n de la calle Colorines, en la comunidad de Rinc\u00f3n Verde (Aguilillas), una obra realizada [&hellip;]","og_url":"https:\/\/agencia.252.com.mx\/home\/gobierno-de-naucalpan-y-ciudadania-hacen-equipo-para-transformar-rincon-verde\/","og_site_name":"Agencia252","article_publisher":"https:\/\/www.facebook.com\/252Comunicacion\/","article_author":"https:\/\/www.facebook.com\/jcorroherrera\/","article_published_time":"2026-09-03T22:22:37+00:00","article_modified_time":"2026-09-03T22:22:39+00:00","og_image":[{"width":1600,"height":1097,"url":"http:\/\/agencia.252.com.mx\/wp-content\/uploads\/2026\/09\/WhatsApp-Image-2026-09-03-at-1.57.27-PM-1.jpeg","type":"image\/jpeg"}],"author":"Nacho Corro","twitter_card":"summary_large_image","twitter_creator":"@Juan Ignacio Corro Herrera","twitter_site":"@252COMS","twitter_misc":{"Escrito por":"Nacho Corro","Tiempo de lectura":"3 minutos"},"schema":{"@context":"https:\/\/schema.org","@graph":[{"@type":"Article","@id":"https:\/\/agencia.252.com.mx\/home\/gobierno-de-naucalpan-y-ciudadania-hacen-equipo-para-transformar-rincon-verde\/#article","isPartOf":{"@id":"https:\/\/agencia.252.com.mx\/home\/gobierno-de-naucalpan-y-ciudadania-hacen-equipo-para-transformar-rincon-verde\/"},"author":{"name":"Nacho Corro","@id":"https:\/\/agencia.252.com.mx\/home\/#\/schema\/person\/6b972021e9a92d45ade8c78d81509098"},"headline":"Gobierno de Naucalpan y ciudadan\u00eda hacen equipo para transformar Rinc\u00f3n Verde","datePublished":"2026-09-03T22:22:37+00:00","dateModified":"2026-09-03T22:22:39+00:00","mainEntityOfPage":{"@id":"https:\/\/agencia.252.com.mx\/home\/gobierno-de-naucalpan-y-ciudadania-hacen-equipo-para-transformar-rincon-verde\/"},"wordCount":529,"commentCount":0,"publisher":{"@id":"https:\/\/agencia.252.com.mx\/home\/#organization"},"image":{"@id":"https:\/\/agencia.252.com.mx\/home\/gobierno-de-naucalpan-y-ciudadania-hacen-equipo-para-transformar-rincon-verde\/#primaryimage"},"thumbnailUrl":"https:\/\/agencia.252.com.mx\/wp-content\/uploads\/2026\/09\/WhatsApp-Image-2026-09-03-at-1.57.27-PM-1.jpeg","keywords":["Edomex"],"articleSection":["Edomex","Metropoli","Naucalpan"],"inLanguage":"es","potentialAction":[{"@type":"CommentAction","name":"Comment","target":["https:\/\/agencia.252.com.mx\/home\/gobierno-de-naucalpan-y-ciudadania-hacen-equipo-para-transformar-rincon-verde\/#respond"]}]},{"@type":"WebPage","@id":"https:\/\/agencia.252.com.mx\/home\/gobierno-de-naucalpan-y-ciudadania-hacen-equipo-para-transformar-rincon-verde\/","url":"https:\/\/agencia.252.com.mx\/home\/gobierno-de-naucalpan-y-ciudadania-hacen-equipo-para-transformar-rincon-verde\/","name":"Gobierno de Naucalpan y ciudadan\u00eda hacen equipo para transformar Rinc\u00f3n Verde - Agencia252","isPartOf":{"@id":"https:\/\/agencia.252.com.mx\/home\/#website"},"primaryImageOfPage":{"@id":"https:\/\/agencia.252.com.mx\/home\/gobierno-de-naucalpan-y-ciudadania-hacen-equipo-para-transformar-rincon-verde\/#primaryimage"},"image":{"@id":"https:\/\/agencia.252.com.mx\/home\/gobierno-de-naucalpan-y-ciudadania-hacen-equipo-para-transformar-rincon-verde\/#primaryimage"},"thumbnailUrl":"https:\/\/agencia.252.com.mx\/wp-content\/uploads\/2026\/09\/WhatsApp-Image-2026-09-03-at-1.57.27-PM-1.jpeg","datePublished":"2026-09-03T22:22:37+00:00","dateModified":"2026-09-03T22:22:39+00:00","breadcrumb":{"@id":"https:\/\/agencia.252.com.mx\/home\/gobierno-de-naucalpan-y-ciudadania-hacen-equipo-para-transformar-rincon-verde\/#breadcrumb"},"inLanguage":"es","potentialAction":[{"@type":"ReadAction","target":["https:\/\/agencia.252.com.mx\/home\/gobierno-de-naucalpan-y-ciudadania-hacen-equipo-para-transformar-rincon-verde\/"]}]},{"@type":"ImageObject","inLanguage":"es","@id":"https:\/\/agencia.252.com.mx\/home\/gobierno-de-naucalpan-y-ciudadania-hacen-equipo-para-transformar-rincon-verde\/#primaryimage","url":"https:\/\/agencia.252.com.mx\/wp-content\/uploads\/2026\/09\/WhatsApp-Image-2026-09-03-at-1.57.27-PM-1.jpeg","contentUrl":"https:\/\/agencia.252.com.mx\/wp-content\/uploads\/2026\/09\/WhatsApp-Image-2026-09-03-at-1.57.27-PM-1.jpeg","width":1600,"height":1097},{"@type":"BreadcrumbList","@id":"https:\/\/agencia.252.com.mx\/home\/gobierno-de-naucalpan-y-ciudadania-hacen-equipo-para-transformar-rincon-verde\/#breadcrumb","itemListElement":[{"@type":"ListItem","position":1,"name":"Portada","item":"https:\/\/agencia.252.com.mx\/home\/"},{"@type":"ListItem","position":2,"name":"Gobierno de Naucalpan y ciudadan\u00eda hacen equipo para transformar Rinc\u00f3n Verde"}]},{"@type":"WebSite","@id":"https:\/\/agencia.252.com.mx\/home\/#website","url":"https:\/\/agencia.252.com.mx\/home\/","name":"Agencia252","description":"Tu espacio en la Red","publisher":{"@id":"https:\/\/agencia.252.com.mx\/home\/#organization"},"potentialAction":[{"@type":"SearchAction","target":{"@type":"EntryPoint","urlTemplate":"https:\/\/agencia.252.com.mx\/home\/?s={search_term_string}"},"query-input":{"@type":"PropertyValueSpecification","valueRequired":true,"valueName":"search_term_string"}}],"inLanguage":"es"},{"@type":"Organization","@id":"https:\/\/agencia.252.com.mx\/home\/#organization","name":"Agencia252","url":"https:\/\/agencia.252.com.mx\/home\/","logo":{"@type":"ImageObject","inLanguage":"es","@id":"https:\/\/agencia.252.com.mx\/home\/#\/schema\/logo\/image\/","url":"https:\/\/agencia.252.com.mx\/wp-content\/uploads\/2023\/02\/cropped-ciruclo-agencia-e1677562404136.png","contentUrl":"https:\/\/agencia.252.com.mx\/wp-content\/uploads\/2023\/02\/cropped-ciruclo-agencia-e1677562404136.png","width":512,"height":512,"caption":"Agencia252"},"image":{"@id":"https:\/\/agencia.252.com.mx\/home\/#\/schema\/logo\/image\/"},"sameAs":["https:\/\/www.facebook.com\/252Comunicacion\/","https:\/\/x.com\/252COMS"]},{"@type":"Person","@id":"https:\/\/agencia.252.com.mx\/home\/#\/schema\/person\/6b972021e9a92d45ade8c78d81509098","name":"Nacho Corro","image":{"@type":"ImageObject","inLanguage":"es","@id":"https:\/\/secure.gravatar.com\/avatar\/5db6df507cfe1307e192fbb498c6b85f1cf2ffd8b4cd37141b9eea588fcbd5a4?s=96&r=g","url":"https:\/\/secure.gravatar.com\/avatar\/5db6df507cfe1307e192fbb498c6b85f1cf2ffd8b4cd37141b9eea588fcbd5a4?s=96&r=g","contentUrl":"https:\/\/secure.gravatar.com\/avatar\/5db6df507cfe1307e192fbb498c6b85f1cf2ffd8b4cd37141b9eea588fcbd5a4?s=96&r=g","caption":"Nacho Corro"},"description":"Comunicador Social, Periodista y Administraci\u00f3n P\u00fablica. Conversador pol\u00edtico, temas electorales y seguridad. Generador de contenidos digitales. Amante de la fotograf\u00eda","sameAs":["https:\/\/www.facebook.com\/jcorroherrera\/","www.instagram.com\/nachocorro\/","https:\/\/x.com\/Juan Ignacio Corro Herrera"],"url":"https:\/\/agencia.252.com.mx\/home\/author\/i-corro\/"}]}},"_links":{"self":[{"href":"https:\/\/agencia.252.com.mx\/home\/wp-json\/wp\/v2\/posts\/23129","targetHints":{"allow":["GET"]}}],"collection":[{"href":"https:\/\/agencia.252.com.mx\/home\/wp-json\/wp\/v2\/posts"}],"about":[{"href":"https:\/\/agencia.252.com.mx\/home\/wp-json\/wp\/v2\/types\/post"}],"author":[{"embeddable":true,"href":"https:\/\/agencia.252.com.mx\/home\/wp-json\/wp\/v2\/users\/5"}],"replies":[{"embeddable":true,"href":"https:\/\/agencia.252.com.mx\/home\/wp-json\/wp\/v2\/comments?post=23129"}],"version-history":[{"count":1,"href":"https:\/\/agencia.252.com.mx\/home\/wp-json\/wp\/v2\/posts\/23129\/revisions"}],"predecessor-version":[{"id":23132,"href":"https:\/\/agencia.252.com.mx\/home\/wp-json\/wp\/v2\/posts\/23129\/revisions\/23132"}],"wp:featuredmedia":[{"embeddable":true,"href":"https:\/\/agencia.252.com.mx\/home\/wp-json\/wp\/v2\/media\/23130"}],"wp:attachment":[{"href":"https:\/\/agencia.252.com.mx\/home\/wp-json\/wp\/v2\/media?parent=23129"}],"wp:term":[{"taxonomy":"category","embeddable":true,"href":"https:\/\/agencia.252.com.mx\/home\/wp-json\/wp\/v2\/categories?post=23129"},{"taxonomy":"post_tag","embeddable":true,"href":"https:\/\/agencia.252.com.mx\/home\/wp-json\/wp\/v2\/tags?post=23129"}],"curies":[{"name":"wp","href":"https:\/\/api.w.org\/{rel}","templated":true}]}}