{"id":23123,"date":"2026-09-03T14:50:11","date_gmt":"2026-09-03T20:50:11","guid":{"rendered":"https:\/\/agencia.252.com.mx\/home\/?p=23123"},"modified":"2026-09-03T14:50:12","modified_gmt":"2026-09-03T20:50:12","slug":"destaca-presidenta-sheinbaum-inversion-para-llevar-agua-a-familias-de-ecatepec-y-el-trabajo-con-la-alcaldesa","status":"publish","type":"post","link":"https:\/\/agencia.252.com.mx\/home\/destaca-presidenta-sheinbaum-inversion-para-llevar-agua-a-familias-de-ecatepec-y-el-trabajo-con-la-alcaldesa\/","title":{"rendered":"Destaca presidenta Sheinbaum inversi\u00f3n para llevar agua a familias de Ecatepec y el trabajo con la alcaldesa"},"content":{"rendered":"<p>Visitas: 1<\/p>\n<ul class=\"wp-block-list\">\n<li><em>\u201cSe trabaja muy bien con la presidenta de Ecatepec\u201d: Claudia Sheinbaum<\/em><\/li>\n\n\n\n<li><em>En la Ma\u00f1anera inform\u00f3 que en Ecatepec ya est\u00e1n operando 24 pozos y se trabaja en la rehabilitaci\u00f3n de la red de distribuci\u00f3n de agua potable<\/em><\/li>\n<\/ul>\n\n\n\n<p class=\"wp-block-paragraph\">Juan Ignacio Corro<\/p>\n\n\n\n<p class=\"has-text-align-right wp-block-paragraph\">Ecatepec, Estado de M\u00e9xico, a 3 de septiembre de 2025<\/p>\n\n\n\n<p class=\"wp-block-paragraph\">En \u201cLa Ma\u00f1anera del Pueblo\u201d, la presidenta de M\u00e9xico, Claudia Sheinbaum Pardo, inform\u00f3 sobre los avances en materia de infraestructura hidr\u00e1ulica que se realiza con el Plan Oriente en Ecatepec y reconoci\u00f3 el trabajo realizado con la alcaldesa Azucena Cisneros Coss.<\/p>\n\n\n\n<p class=\"wp-block-paragraph\">\u201cSe trabaja muy bien con la presidenta municipal, con Azucena, y se est\u00e1 avanzando\u201d, dijo la mandataria.<\/p>\n\n\n\n<p class=\"wp-block-paragraph\">Sheinbaum Pardo inform\u00f3 que en Ecatepec 24 pozos, que no estaban en funcionamiento, ya est\u00e1n operando y se est\u00e1 haciendo un trabajo muy importante en la rehabilitaci\u00f3n de la red de distribuci\u00f3n de agua potable. Record\u00f3 que durante una gira de trabajo, una persona le agradeci\u00f3 \u201cporque hab\u00eda llegado agua a su casa en Ecatepec\u201d.<\/p>\n\n\n\n<p class=\"wp-block-paragraph\">Sobre el Plan Integral Oriente, Azucena Cisneros mencion\u00f3 que en materia de agua potable, los tres niveles de gobierno han ejecutado obras que han significado la inversi\u00f3n de m\u00e1s de mil 700 millones de pesos, en un hecho in\u00e9dito en Ecatepec y con ello devolverle&nbsp; a la poblaci\u00f3n el agua por la red.<\/p>\n\n\n\n<p class=\"wp-block-paragraph\">Mientras, la presidenta Sheinbaum Pardo sostuvo que existe un plan muy ambicioso para toda la Zona Metropolitana del Valle de M\u00e9xico en el tema del vital l\u00edquido, particularmente para el Oriente, que tendr\u00e1 una inversi\u00f3n de cerca de 25 mil millones de pesos, que incluye la rehabilitaci\u00f3n del Lago de Guadalupe y de un ducto muy importante que lleva agua por esa zona, as\u00ed como el mejoramiento de algunos pozos, cambios en la red de distribuci\u00f3n del vital l\u00edquido, entre otras obras.<\/p>\n\n\n\n<p class=\"wp-block-paragraph\">\u201cY eso va a permitirnos llevar m\u00e1s agua a Ecatepec, a otros municipios del Oriente del Estado de M\u00e9xico, a Iztapalapa, al norte de la Ciudad de M\u00e9xico, a Gustavo A. Madero, y tambi\u00e9n va a permitir que llegue m\u00e1s agua por el acuaf\u00e9rico a la alcald\u00eda de Tlalpan, que son las alcald\u00edas de la Ciudad con mayor escasez o, m\u00e1s que escasez, mayor problem\u00e1tica para el abasto de agua porque a veces s\u00ed hay suficiente agua que llega, pero se pierde en fugas o no hay la suficiente infraestructura para que pueda llegar todos los d\u00edas o los siete d\u00edas a la semana el agua a las casas\u201d, expuso.<\/p>\n\n\n\n<p class=\"wp-block-paragraph\">Enfatiz\u00f3 que en el Estado de M\u00e9xico se desarrolla el Plan Integral Oriente del Estado de M\u00e9xico debido a que esa regi\u00f3n durante mucho tiempo fue abandonada, principalmente por los gobiernos estatales.<\/p>\n\n\n\n<p class=\"wp-block-paragraph\">Reflexion\u00f3 sobre el hecho de que es una zona de cerca de 10 millones de habitantes, y a pesar de estar cerca de la Ciudad de M\u00e9xico y que el Estado de M\u00e9xico es una de las entidades de mayor generaci\u00f3n de riqueza en el pa\u00eds, tienen problemas importantes de pobreza y de acceso a los servicios p\u00fablicos.<\/p>\n\n\n\n<p class=\"wp-block-paragraph\">As\u00ed, los municipios crecieron sin hospitales, sin escuelas, sin universidades, sin preparatorias, con recursos que no se destinaron a mejorar el servicio de agua potable, a pavimentar las calles, a iluminar. \u201cPor temas de corrupci\u00f3n y de utilizaci\u00f3n del recurso en otras cosas\u201d, dijo.<\/p>\n\n\n\n<p class=\"wp-block-paragraph\">Debido a ello, ahora se est\u00e1 resarciendo el rezago, con el trabajo coordinado entre el Gobierno de M\u00e9xico, el Estado de M\u00e9xico, con la gobernadora Delfina G\u00f3mez, y los gobiernos municipales, enfatiz\u00f3<\/p>\n\n\n\n<p class=\"wp-block-paragraph\"><\/p>\n","protected":false},"excerpt":{"rendered":"<p>Visitas: 1 Juan Ignacio Corro Ecatepec, Estado de M\u00e9xico, a 3 de septiembre de 2025 En \u201cLa Ma\u00f1anera del Pueblo\u201d, la presidenta de M\u00e9xico, Claudia Sheinbaum Pardo, inform\u00f3 sobre los avances en materia de infraestructura hidr\u00e1ulica que se realiza con el Plan Oriente en Ecatepec y reconoci\u00f3 el trabajo realizado con la alcaldesa Azucena Cisneros [&hellip;]<\/p>\n","protected":false},"author":5,"featured_media":23125,"comment_status":"open","ping_status":"open","sticky":false,"template":"","format":"standard","meta":{"site-sidebar-layout":"default","site-content-layout":"","ast-site-content-layout":"default","site-content-style":"default","site-sidebar-style":"default","ast-global-header-display":"","ast-banner-title-visibility":"","ast-main-header-display":"","ast-hfb-above-header-display":"","ast-hfb-below-header-display":"","ast-hfb-mobile-header-display":"","site-post-title":"","ast-breadcrumbs-content":"","ast-featured-img":"","footer-sml-layout":"","ast-disable-related-posts":"","theme-transparent-header-meta":"","adv-header-id-meta":"","stick-header-meta":"","header-above-stick-meta":"","header-main-stick-meta":"","header-below-stick-meta":"","astra-migrate-meta-layouts":"set","ast-page-background-enabled":"default","ast-page-background-meta":{"desktop":{"background-color":"var(--ast-global-color-4)","background-image":"","background-repeat":"repeat","background-position":"center center","background-size":"auto","background-attachment":"scroll","background-type":"","background-media":"","overlay-type":"","overlay-color":"","overlay-opacity":"","overlay-gradient":""},"tablet":{"background-color":"","background-image":"","background-repeat":"repeat","background-position":"center center","background-size":"auto","background-attachment":"scroll","background-type":"","background-media":"","overlay-type":"","overlay-color":"","overlay-opacity":"","overlay-gradient":""},"mobile":{"background-color":"","background-image":"","background-repeat":"repeat","background-position":"center center","background-size":"auto","background-attachment":"scroll","background-type":"","background-media":"","overlay-type":"","overlay-color":"","overlay-opacity":"","overlay-gradient":""}},"ast-content-background-meta":{"desktop":{"background-color":"var(--ast-global-color-5)","background-image":"","background-repeat":"repeat","background-position":"center center","background-size":"auto","background-attachment":"scroll","background-type":"","background-media":"","overlay-type":"","overlay-color":"","overlay-opacity":"","overlay-gradient":""},"tablet":{"background-color":"var(--ast-global-color-5)","background-image":"","background-repeat":"repeat","background-position":"center center","background-size":"auto","background-attachment":"scroll","background-type":"","background-media":"","overlay-type":"","overlay-color":"","overlay-opacity":"","overlay-gradient":""},"mobile":{"background-color":"var(--ast-global-color-5)","background-image":"","background-repeat":"repeat","background-position":"center center","background-size":"auto","background-attachment":"scroll","background-type":"","background-media":"","overlay-type":"","overlay-color":"","overlay-opacity":"","overlay-gradient":""}},"footnotes":""},"categories":[415,8,512],"tags":[526],"class_list":["post-23123","post","type-post","status-publish","format-standard","has-post-thumbnail","hentry","category-agua","category-edomex","category-metropoli","tag-edomex"],"yoast_head":"<!-- This site is optimized with the Yoast SEO plugin v28.4 - https:\/\/yoast.com\/product\/yoast-seo-wordpress\/ -->\n<title>Destaca presidenta Sheinbaum inversi\u00f3n para llevar agua a familias de Ecatepec y el trabajo con la alcaldesa - Agencia252<\/title>\n<meta name=\"robots\" content=\"index, follow, max-snippet:-1, max-image-preview:large, max-video-preview:-1\" \/>\n<link rel=\"canonical\" href=\"https:\/\/agencia.252.com.mx\/home\/destaca-presidenta-sheinbaum-inversion-para-llevar-agua-a-familias-de-ecatepec-y-el-trabajo-con-la-alcaldesa\/\" \/>\n<meta property=\"og:locale\" content=\"es_ES\" \/>\n<meta property=\"og:type\" content=\"article\" \/>\n<meta property=\"og:title\" content=\"Destaca presidenta Sheinbaum inversi\u00f3n para llevar agua a familias de Ecatepec y el trabajo con la alcaldesa - Agencia252\" \/>\n<meta property=\"og:description\" content=\"Visitas: 1 Juan Ignacio Corro Ecatepec, Estado de M\u00e9xico, a 3 de septiembre de 2025 En \u201cLa Ma\u00f1anera del Pueblo\u201d, la presidenta de M\u00e9xico, Claudia Sheinbaum Pardo, inform\u00f3 sobre los avances en materia de infraestructura hidr\u00e1ulica que se realiza con el Plan Oriente en Ecatepec y reconoci\u00f3 el trabajo realizado con la alcaldesa Azucena Cisneros [&hellip;]\" \/>\n<meta property=\"og:url\" content=\"https:\/\/agencia.252.com.mx\/home\/destaca-presidenta-sheinbaum-inversion-para-llevar-agua-a-familias-de-ecatepec-y-el-trabajo-con-la-alcaldesa\/\" \/>\n<meta property=\"og:site_name\" content=\"Agencia252\" \/>\n<meta property=\"article:publisher\" content=\"https:\/\/www.facebook.com\/252Comunicacion\/\" \/>\n<meta property=\"article:author\" content=\"https:\/\/www.facebook.com\/jcorroherrera\/\" \/>\n<meta property=\"article:published_time\" content=\"2026-09-03T20:50:11+00:00\" \/>\n<meta property=\"article:modified_time\" content=\"2026-09-03T20:50:12+00:00\" \/>\n<meta property=\"og:image\" content=\"http:\/\/agencia.252.com.mx\/wp-content\/uploads\/2026\/09\/WhatsApp-Image-2026-09-03-at-12.26.43-PM.jpeg\" \/>\n\t<meta property=\"og:image:width\" content=\"1600\" \/>\n\t<meta property=\"og:image:height\" content=\"1066\" \/>\n\t<meta property=\"og:image:type\" content=\"image\/jpeg\" \/>\n<meta name=\"author\" content=\"Nacho Corro\" \/>\n<meta name=\"twitter:card\" content=\"summary_large_image\" \/>\n<meta name=\"twitter:creator\" content=\"@Juan Ignacio Corro Herrera\" \/>\n<meta name=\"twitter:site\" content=\"@252COMS\" \/>\n<meta name=\"twitter:label1\" content=\"Escrito por\" \/>\n\t<meta name=\"twitter:data1\" content=\"Nacho Corro\" \/>\n\t<meta name=\"twitter:label2\" content=\"Tiempo de lectura\" \/>\n\t<meta name=\"twitter:data2\" content=\"3 minutos\" \/>\n<script type=\"application\/ld+json\" class=\"yoast-schema-graph\">{\"@context\":\"https:\\\/\\\/schema.org\",\"@graph\":[{\"@type\":\"Article\",\"@id\":\"https:\\\/\\\/agencia.252.com.mx\\\/home\\\/destaca-presidenta-sheinbaum-inversion-para-llevar-agua-a-familias-de-ecatepec-y-el-trabajo-con-la-alcaldesa\\\/#article\",\"isPartOf\":{\"@id\":\"https:\\\/\\\/agencia.252.com.mx\\\/home\\\/destaca-presidenta-sheinbaum-inversion-para-llevar-agua-a-familias-de-ecatepec-y-el-trabajo-con-la-alcaldesa\\\/\"},\"author\":{\"name\":\"Nacho Corro\",\"@id\":\"https:\\\/\\\/agencia.252.com.mx\\\/home\\\/#\\\/schema\\\/person\\\/6b972021e9a92d45ade8c78d81509098\"},\"headline\":\"Destaca presidenta Sheinbaum inversi\u00f3n para llevar agua a familias de Ecatepec y el trabajo con la alcaldesa\",\"datePublished\":\"2026-09-03T20:50:11+00:00\",\"dateModified\":\"2026-09-03T20:50:12+00:00\",\"mainEntityOfPage\":{\"@id\":\"https:\\\/\\\/agencia.252.com.mx\\\/home\\\/destaca-presidenta-sheinbaum-inversion-para-llevar-agua-a-familias-de-ecatepec-y-el-trabajo-con-la-alcaldesa\\\/\"},\"wordCount\":633,\"commentCount\":0,\"publisher\":{\"@id\":\"https:\\\/\\\/agencia.252.com.mx\\\/home\\\/#organization\"},\"image\":{\"@id\":\"https:\\\/\\\/agencia.252.com.mx\\\/home\\\/destaca-presidenta-sheinbaum-inversion-para-llevar-agua-a-familias-de-ecatepec-y-el-trabajo-con-la-alcaldesa\\\/#primaryimage\"},\"thumbnailUrl\":\"https:\\\/\\\/agencia.252.com.mx\\\/wp-content\\\/uploads\\\/2026\\\/09\\\/WhatsApp-Image-2026-09-03-at-12.26.43-PM.jpeg\",\"keywords\":[\"Edomex\"],\"articleSection\":[\"Agua\",\"Edomex\",\"Metropoli\"],\"inLanguage\":\"es\",\"potentialAction\":[{\"@type\":\"CommentAction\",\"name\":\"Comment\",\"target\":[\"https:\\\/\\\/agencia.252.com.mx\\\/home\\\/destaca-presidenta-sheinbaum-inversion-para-llevar-agua-a-familias-de-ecatepec-y-el-trabajo-con-la-alcaldesa\\\/#respond\"]}]},{\"@type\":\"WebPage\",\"@id\":\"https:\\\/\\\/agencia.252.com.mx\\\/home\\\/destaca-presidenta-sheinbaum-inversion-para-llevar-agua-a-familias-de-ecatepec-y-el-trabajo-con-la-alcaldesa\\\/\",\"url\":\"https:\\\/\\\/agencia.252.com.mx\\\/home\\\/destaca-presidenta-sheinbaum-inversion-para-llevar-agua-a-familias-de-ecatepec-y-el-trabajo-con-la-alcaldesa\\\/\",\"name\":\"Destaca presidenta Sheinbaum inversi\u00f3n para llevar agua a familias de Ecatepec y el trabajo con la alcaldesa - Agencia252\",\"isPartOf\":{\"@id\":\"https:\\\/\\\/agencia.252.com.mx\\\/home\\\/#website\"},\"primaryImageOfPage\":{\"@id\":\"https:\\\/\\\/agencia.252.com.mx\\\/home\\\/destaca-presidenta-sheinbaum-inversion-para-llevar-agua-a-familias-de-ecatepec-y-el-trabajo-con-la-alcaldesa\\\/#primaryimage\"},\"image\":{\"@id\":\"https:\\\/\\\/agencia.252.com.mx\\\/home\\\/destaca-presidenta-sheinbaum-inversion-para-llevar-agua-a-familias-de-ecatepec-y-el-trabajo-con-la-alcaldesa\\\/#primaryimage\"},\"thumbnailUrl\":\"https:\\\/\\\/agencia.252.com.mx\\\/wp-content\\\/uploads\\\/2026\\\/09\\\/WhatsApp-Image-2026-09-03-at-12.26.43-PM.jpeg\",\"datePublished\":\"2026-09-03T20:50:11+00:00\",\"dateModified\":\"2026-09-03T20:50:12+00:00\",\"breadcrumb\":{\"@id\":\"https:\\\/\\\/agencia.252.com.mx\\\/home\\\/destaca-presidenta-sheinbaum-inversion-para-llevar-agua-a-familias-de-ecatepec-y-el-trabajo-con-la-alcaldesa\\\/#breadcrumb\"},\"inLanguage\":\"es\",\"potentialAction\":[{\"@type\":\"ReadAction\",\"target\":[\"https:\\\/\\\/agencia.252.com.mx\\\/home\\\/destaca-presidenta-sheinbaum-inversion-para-llevar-agua-a-familias-de-ecatepec-y-el-trabajo-con-la-alcaldesa\\\/\"]}]},{\"@type\":\"ImageObject\",\"inLanguage\":\"es\",\"@id\":\"https:\\\/\\\/agencia.252.com.mx\\\/home\\\/destaca-presidenta-sheinbaum-inversion-para-llevar-agua-a-familias-de-ecatepec-y-el-trabajo-con-la-alcaldesa\\\/#primaryimage\",\"url\":\"https:\\\/\\\/agencia.252.com.mx\\\/wp-content\\\/uploads\\\/2026\\\/09\\\/WhatsApp-Image-2026-09-03-at-12.26.43-PM.jpeg\",\"contentUrl\":\"https:\\\/\\\/agencia.252.com.mx\\\/wp-content\\\/uploads\\\/2026\\\/09\\\/WhatsApp-Image-2026-09-03-at-12.26.43-PM.jpeg\",\"width\":1600,\"height\":1066},{\"@type\":\"BreadcrumbList\",\"@id\":\"https:\\\/\\\/agencia.252.com.mx\\\/home\\\/destaca-presidenta-sheinbaum-inversion-para-llevar-agua-a-familias-de-ecatepec-y-el-trabajo-con-la-alcaldesa\\\/#breadcrumb\",\"itemListElement\":[{\"@type\":\"ListItem\",\"position\":1,\"name\":\"Portada\",\"item\":\"https:\\\/\\\/agencia.252.com.mx\\\/home\\\/\"},{\"@type\":\"ListItem\",\"position\":2,\"name\":\"Destaca presidenta Sheinbaum inversi\u00f3n para llevar agua a familias de Ecatepec y el trabajo con la alcaldesa\"}]},{\"@type\":\"WebSite\",\"@id\":\"https:\\\/\\\/agencia.252.com.mx\\\/home\\\/#website\",\"url\":\"https:\\\/\\\/agencia.252.com.mx\\\/home\\\/\",\"name\":\"Agencia252\",\"description\":\"Tu espacio en la Red\",\"publisher\":{\"@id\":\"https:\\\/\\\/agencia.252.com.mx\\\/home\\\/#organization\"},\"potentialAction\":[{\"@type\":\"SearchAction\",\"target\":{\"@type\":\"EntryPoint\",\"urlTemplate\":\"https:\\\/\\\/agencia.252.com.mx\\\/home\\\/?s={search_term_string}\"},\"query-input\":{\"@type\":\"PropertyValueSpecification\",\"valueRequired\":true,\"valueName\":\"search_term_string\"}}],\"inLanguage\":\"es\"},{\"@type\":\"Organization\",\"@id\":\"https:\\\/\\\/agencia.252.com.mx\\\/home\\\/#organization\",\"name\":\"Agencia252\",\"url\":\"https:\\\/\\\/agencia.252.com.mx\\\/home\\\/\",\"logo\":{\"@type\":\"ImageObject\",\"inLanguage\":\"es\",\"@id\":\"https:\\\/\\\/agencia.252.com.mx\\\/home\\\/#\\\/schema\\\/logo\\\/image\\\/\",\"url\":\"https:\\\/\\\/agencia.252.com.mx\\\/wp-content\\\/uploads\\\/2023\\\/02\\\/cropped-ciruclo-agencia-e1677562404136.png\",\"contentUrl\":\"https:\\\/\\\/agencia.252.com.mx\\\/wp-content\\\/uploads\\\/2023\\\/02\\\/cropped-ciruclo-agencia-e1677562404136.png\",\"width\":512,\"height\":512,\"caption\":\"Agencia252\"},\"image\":{\"@id\":\"https:\\\/\\\/agencia.252.com.mx\\\/home\\\/#\\\/schema\\\/logo\\\/image\\\/\"},\"sameAs\":[\"https:\\\/\\\/www.facebook.com\\\/252Comunicacion\\\/\",\"https:\\\/\\\/x.com\\\/252COMS\"]},{\"@type\":\"Person\",\"@id\":\"https:\\\/\\\/agencia.252.com.mx\\\/home\\\/#\\\/schema\\\/person\\\/6b972021e9a92d45ade8c78d81509098\",\"name\":\"Nacho Corro\",\"image\":{\"@type\":\"ImageObject\",\"inLanguage\":\"es\",\"@id\":\"https:\\\/\\\/secure.gravatar.com\\\/avatar\\\/5db6df507cfe1307e192fbb498c6b85f1cf2ffd8b4cd37141b9eea588fcbd5a4?s=96&r=g\",\"url\":\"https:\\\/\\\/secure.gravatar.com\\\/avatar\\\/5db6df507cfe1307e192fbb498c6b85f1cf2ffd8b4cd37141b9eea588fcbd5a4?s=96&r=g\",\"contentUrl\":\"https:\\\/\\\/secure.gravatar.com\\\/avatar\\\/5db6df507cfe1307e192fbb498c6b85f1cf2ffd8b4cd37141b9eea588fcbd5a4?s=96&r=g\",\"caption\":\"Nacho Corro\"},\"description\":\"Comunicador Social, Periodista y Administraci\u00f3n P\u00fablica. Conversador pol\u00edtico, temas electorales y seguridad. Generador de contenidos digitales. Amante de la fotograf\u00eda\",\"sameAs\":[\"https:\\\/\\\/www.facebook.com\\\/jcorroherrera\\\/\",\"www.instagram.com\\\/nachocorro\\\/\",\"https:\\\/\\\/x.com\\\/Juan Ignacio Corro Herrera\"],\"url\":\"https:\\\/\\\/agencia.252.com.mx\\\/home\\\/author\\\/i-corro\\\/\"}]}<\/script>\n<!-- \/ Yoast SEO plugin. -->","yoast_head_json":{"title":"Destaca presidenta Sheinbaum inversi\u00f3n para llevar agua a familias de Ecatepec y el trabajo con la alcaldesa - Agencia252","robots":{"index":"index","follow":"follow","max-snippet":"max-snippet:-1","max-image-preview":"max-image-preview:large","max-video-preview":"max-video-preview:-1"},"canonical":"https:\/\/agencia.252.com.mx\/home\/destaca-presidenta-sheinbaum-inversion-para-llevar-agua-a-familias-de-ecatepec-y-el-trabajo-con-la-alcaldesa\/","og_locale":"es_ES","og_type":"article","og_title":"Destaca presidenta Sheinbaum inversi\u00f3n para llevar agua a familias de Ecatepec y el trabajo con la alcaldesa - Agencia252","og_description":"Visitas: 1 Juan Ignacio Corro Ecatepec, Estado de M\u00e9xico, a 3 de septiembre de 2025 En \u201cLa Ma\u00f1anera del Pueblo\u201d, la presidenta de M\u00e9xico, Claudia Sheinbaum Pardo, inform\u00f3 sobre los avances en materia de infraestructura hidr\u00e1ulica que se realiza con el Plan Oriente en Ecatepec y reconoci\u00f3 el trabajo realizado con la alcaldesa Azucena Cisneros [&hellip;]","og_url":"https:\/\/agencia.252.com.mx\/home\/destaca-presidenta-sheinbaum-inversion-para-llevar-agua-a-familias-de-ecatepec-y-el-trabajo-con-la-alcaldesa\/","og_site_name":"Agencia252","article_publisher":"https:\/\/www.facebook.com\/252Comunicacion\/","article_author":"https:\/\/www.facebook.com\/jcorroherrera\/","article_published_time":"2026-09-03T20:50:11+00:00","article_modified_time":"2026-09-03T20:50:12+00:00","og_image":[{"width":1600,"height":1066,"url":"http:\/\/agencia.252.com.mx\/wp-content\/uploads\/2026\/09\/WhatsApp-Image-2026-09-03-at-12.26.43-PM.jpeg","type":"image\/jpeg"}],"author":"Nacho Corro","twitter_card":"summary_large_image","twitter_creator":"@Juan Ignacio Corro Herrera","twitter_site":"@252COMS","twitter_misc":{"Escrito por":"Nacho Corro","Tiempo de lectura":"3 minutos"},"schema":{"@context":"https:\/\/schema.org","@graph":[{"@type":"Article","@id":"https:\/\/agencia.252.com.mx\/home\/destaca-presidenta-sheinbaum-inversion-para-llevar-agua-a-familias-de-ecatepec-y-el-trabajo-con-la-alcaldesa\/#article","isPartOf":{"@id":"https:\/\/agencia.252.com.mx\/home\/destaca-presidenta-sheinbaum-inversion-para-llevar-agua-a-familias-de-ecatepec-y-el-trabajo-con-la-alcaldesa\/"},"author":{"name":"Nacho Corro","@id":"https:\/\/agencia.252.com.mx\/home\/#\/schema\/person\/6b972021e9a92d45ade8c78d81509098"},"headline":"Destaca presidenta Sheinbaum inversi\u00f3n para llevar agua a familias de Ecatepec y el trabajo con la alcaldesa","datePublished":"2026-09-03T20:50:11+00:00","dateModified":"2026-09-03T20:50:12+00:00","mainEntityOfPage":{"@id":"https:\/\/agencia.252.com.mx\/home\/destaca-presidenta-sheinbaum-inversion-para-llevar-agua-a-familias-de-ecatepec-y-el-trabajo-con-la-alcaldesa\/"},"wordCount":633,"commentCount":0,"publisher":{"@id":"https:\/\/agencia.252.com.mx\/home\/#organization"},"image":{"@id":"https:\/\/agencia.252.com.mx\/home\/destaca-presidenta-sheinbaum-inversion-para-llevar-agua-a-familias-de-ecatepec-y-el-trabajo-con-la-alcaldesa\/#primaryimage"},"thumbnailUrl":"https:\/\/agencia.252.com.mx\/wp-content\/uploads\/2026\/09\/WhatsApp-Image-2026-09-03-at-12.26.43-PM.jpeg","keywords":["Edomex"],"articleSection":["Agua","Edomex","Metropoli"],"inLanguage":"es","potentialAction":[{"@type":"CommentAction","name":"Comment","target":["https:\/\/agencia.252.com.mx\/home\/destaca-presidenta-sheinbaum-inversion-para-llevar-agua-a-familias-de-ecatepec-y-el-trabajo-con-la-alcaldesa\/#respond"]}]},{"@type":"WebPage","@id":"https:\/\/agencia.252.com.mx\/home\/destaca-presidenta-sheinbaum-inversion-para-llevar-agua-a-familias-de-ecatepec-y-el-trabajo-con-la-alcaldesa\/","url":"https:\/\/agencia.252.com.mx\/home\/destaca-presidenta-sheinbaum-inversion-para-llevar-agua-a-familias-de-ecatepec-y-el-trabajo-con-la-alcaldesa\/","name":"Destaca presidenta Sheinbaum inversi\u00f3n para llevar agua a familias de Ecatepec y el trabajo con la alcaldesa - Agencia252","isPartOf":{"@id":"https:\/\/agencia.252.com.mx\/home\/#website"},"primaryImageOfPage":{"@id":"https:\/\/agencia.252.com.mx\/home\/destaca-presidenta-sheinbaum-inversion-para-llevar-agua-a-familias-de-ecatepec-y-el-trabajo-con-la-alcaldesa\/#primaryimage"},"image":{"@id":"https:\/\/agencia.252.com.mx\/home\/destaca-presidenta-sheinbaum-inversion-para-llevar-agua-a-familias-de-ecatepec-y-el-trabajo-con-la-alcaldesa\/#primaryimage"},"thumbnailUrl":"https:\/\/agencia.252.com.mx\/wp-content\/uploads\/2026\/09\/WhatsApp-Image-2026-09-03-at-12.26.43-PM.jpeg","datePublished":"2026-09-03T20:50:11+00:00","dateModified":"2026-09-03T20:50:12+00:00","breadcrumb":{"@id":"https:\/\/agencia.252.com.mx\/home\/destaca-presidenta-sheinbaum-inversion-para-llevar-agua-a-familias-de-ecatepec-y-el-trabajo-con-la-alcaldesa\/#breadcrumb"},"inLanguage":"es","potentialAction":[{"@type":"ReadAction","target":["https:\/\/agencia.252.com.mx\/home\/destaca-presidenta-sheinbaum-inversion-para-llevar-agua-a-familias-de-ecatepec-y-el-trabajo-con-la-alcaldesa\/"]}]},{"@type":"ImageObject","inLanguage":"es","@id":"https:\/\/agencia.252.com.mx\/home\/destaca-presidenta-sheinbaum-inversion-para-llevar-agua-a-familias-de-ecatepec-y-el-trabajo-con-la-alcaldesa\/#primaryimage","url":"https:\/\/agencia.252.com.mx\/wp-content\/uploads\/2026\/09\/WhatsApp-Image-2026-09-03-at-12.26.43-PM.jpeg","contentUrl":"https:\/\/agencia.252.com.mx\/wp-content\/uploads\/2026\/09\/WhatsApp-Image-2026-09-03-at-12.26.43-PM.jpeg","width":1600,"height":1066},{"@type":"BreadcrumbList","@id":"https:\/\/agencia.252.com.mx\/home\/destaca-presidenta-sheinbaum-inversion-para-llevar-agua-a-familias-de-ecatepec-y-el-trabajo-con-la-alcaldesa\/#breadcrumb","itemListElement":[{"@type":"ListItem","position":1,"name":"Portada","item":"https:\/\/agencia.252.com.mx\/home\/"},{"@type":"ListItem","position":2,"name":"Destaca presidenta Sheinbaum inversi\u00f3n para llevar agua a familias de Ecatepec y el trabajo con la alcaldesa"}]},{"@type":"WebSite","@id":"https:\/\/agencia.252.com.mx\/home\/#website","url":"https:\/\/agencia.252.com.mx\/home\/","name":"Agencia252","description":"Tu espacio en la Red","publisher":{"@id":"https:\/\/agencia.252.com.mx\/home\/#organization"},"potentialAction":[{"@type":"SearchAction","target":{"@type":"EntryPoint","urlTemplate":"https:\/\/agencia.252.com.mx\/home\/?s={search_term_string}"},"query-input":{"@type":"PropertyValueSpecification","valueRequired":true,"valueName":"search_term_string"}}],"inLanguage":"es"},{"@type":"Organization","@id":"https:\/\/agencia.252.com.mx\/home\/#organization","name":"Agencia252","url":"https:\/\/agencia.252.com.mx\/home\/","logo":{"@type":"ImageObject","inLanguage":"es","@id":"https:\/\/agencia.252.com.mx\/home\/#\/schema\/logo\/image\/","url":"https:\/\/agencia.252.com.mx\/wp-content\/uploads\/2023\/02\/cropped-ciruclo-agencia-e1677562404136.png","contentUrl":"https:\/\/agencia.252.com.mx\/wp-content\/uploads\/2023\/02\/cropped-ciruclo-agencia-e1677562404136.png","width":512,"height":512,"caption":"Agencia252"},"image":{"@id":"https:\/\/agencia.252.com.mx\/home\/#\/schema\/logo\/image\/"},"sameAs":["https:\/\/www.facebook.com\/252Comunicacion\/","https:\/\/x.com\/252COMS"]},{"@type":"Person","@id":"https:\/\/agencia.252.com.mx\/home\/#\/schema\/person\/6b972021e9a92d45ade8c78d81509098","name":"Nacho Corro","image":{"@type":"ImageObject","inLanguage":"es","@id":"https:\/\/secure.gravatar.com\/avatar\/5db6df507cfe1307e192fbb498c6b85f1cf2ffd8b4cd37141b9eea588fcbd5a4?s=96&r=g","url":"https:\/\/secure.gravatar.com\/avatar\/5db6df507cfe1307e192fbb498c6b85f1cf2ffd8b4cd37141b9eea588fcbd5a4?s=96&r=g","contentUrl":"https:\/\/secure.gravatar.com\/avatar\/5db6df507cfe1307e192fbb498c6b85f1cf2ffd8b4cd37141b9eea588fcbd5a4?s=96&r=g","caption":"Nacho Corro"},"description":"Comunicador Social, Periodista y Administraci\u00f3n P\u00fablica. Conversador pol\u00edtico, temas electorales y seguridad. Generador de contenidos digitales. Amante de la fotograf\u00eda","sameAs":["https:\/\/www.facebook.com\/jcorroherrera\/","www.instagram.com\/nachocorro\/","https:\/\/x.com\/Juan Ignacio Corro Herrera"],"url":"https:\/\/agencia.252.com.mx\/home\/author\/i-corro\/"}]}},"_links":{"self":[{"href":"https:\/\/agencia.252.com.mx\/home\/wp-json\/wp\/v2\/posts\/23123","targetHints":{"allow":["GET"]}}],"collection":[{"href":"https:\/\/agencia.252.com.mx\/home\/wp-json\/wp\/v2\/posts"}],"about":[{"href":"https:\/\/agencia.252.com.mx\/home\/wp-json\/wp\/v2\/types\/post"}],"author":[{"embeddable":true,"href":"https:\/\/agencia.252.com.mx\/home\/wp-json\/wp\/v2\/users\/5"}],"replies":[{"embeddable":true,"href":"https:\/\/agencia.252.com.mx\/home\/wp-json\/wp\/v2\/comments?post=23123"}],"version-history":[{"count":1,"href":"https:\/\/agencia.252.com.mx\/home\/wp-json\/wp\/v2\/posts\/23123\/revisions"}],"predecessor-version":[{"id":23127,"href":"https:\/\/agencia.252.com.mx\/home\/wp-json\/wp\/v2\/posts\/23123\/revisions\/23127"}],"wp:featuredmedia":[{"embeddable":true,"href":"https:\/\/agencia.252.com.mx\/home\/wp-json\/wp\/v2\/media\/23125"}],"wp:attachment":[{"href":"https:\/\/agencia.252.com.mx\/home\/wp-json\/wp\/v2\/media?parent=23123"}],"wp:term":[{"taxonomy":"category","embeddable":true,"href":"https:\/\/agencia.252.com.mx\/home\/wp-json\/wp\/v2\/categories?post=23123"},{"taxonomy":"post_tag","embeddable":true,"href":"https:\/\/agencia.252.com.mx\/home\/wp-json\/wp\/v2\/tags?post=23123"}],"curies":[{"name":"wp","href":"https:\/\/api.w.org\/{rel}","templated":true}]}}