{"id":23116,"date":"2026-09-03T14:46:00","date_gmt":"2026-09-03T20:46:00","guid":{"rendered":"https:\/\/agencia.252.com.mx\/home\/?p=23116"},"modified":"2026-09-03T14:46:02","modified_gmt":"2026-09-03T20:46:02","slug":"desaparecio-el-drenaje-en-ecatepec-por-erosion-que-provoco-2-km-de-cavernas-bajo-avenida-r1","status":"publish","type":"post","link":"https:\/\/agencia.252.com.mx\/home\/desaparecio-el-drenaje-en-ecatepec-por-erosion-que-provoco-2-km-de-cavernas-bajo-avenida-r1\/","title":{"rendered":"Desapareci\u00f3 el drenaje en Ecatepec por erosi\u00f3n que provoco 2 km de cavernas bajo avenida R1"},"content":{"rendered":"<p>Visitas: 1<\/p>\n<ul class=\"wp-block-list\">\n<li><em>Al iniciar trabajos de reencarpetamiento de la vialidad, de 11 km de longitud y que cruza 26 colonias, se descubrieron oquedades producidas al parecer por la desaparici\u00f3n del drenaje<\/em><\/li>\n\n\n\n<li><em>Azucena Azucena Cisneros anuncia que eliminar\u00e1n el riesgo, aunque requieren 100 millones de pesos<\/em><\/li>\n<\/ul>\n\n\n\n<p class=\"wp-block-paragraph\">Juan Ignacio Corro<\/p>\n\n\n\n<p class=\"has-text-align-right wp-block-paragraph\">Ecatepec, Estado de M\u00e9xico, a 3 de septiembre de 2025<\/p>\n\n\n\n<p class=\"wp-block-paragraph\">Tras iniciar trabajos de reencarpetado de la avenida Adolfo L\u00f3pez Mateos (R1), el gobierno de Ecatepec detect\u00f3 al menos dos kil\u00f3metros de cavernas bajo la vialidad, algunas hasta de seis metros de altura, lo que requiere alrededor de 100 millones de pesos adicionales para eliminar los riesgos para la poblaci\u00f3n, inform\u00f3 la alcaldesa Azucena Cisneros Coss.<\/p>\n\n\n\n<p class=\"wp-block-paragraph\">La presidenta municipal de Ecatepec detall\u00f3 que una de las principales obras que realiza su gobierno es la rehabilitaci\u00f3n integral de avenida R1, de 11 kil\u00f3metros de longitud y que cruza por 26 colonias.<\/p>\n\n\n\n<figure class=\"wp-block-gallery has-nested-images columns-default is-cropped wp-block-gallery-1 is-layout-flex wp-block-gallery-is-layout-flex\">\n<figure class=\"wp-block-image size-large\"><img fetchpriority=\"high\" decoding=\"async\" width=\"1024\" height=\"768\" data-id=\"23119\" src=\"https:\/\/agencia.252.com.mx\/wp-content\/uploads\/2026\/09\/WhatsApp-Image-2026-09-03-at-1.31.31-PM-1024x768.jpeg\" alt=\"\" class=\"wp-image-23119\" srcset=\"https:\/\/agencia.252.com.mx\/wp-content\/uploads\/2026\/09\/WhatsApp-Image-2026-09-03-at-1.31.31-PM-1024x768.jpeg 1024w, https:\/\/agencia.252.com.mx\/wp-content\/uploads\/2026\/09\/WhatsApp-Image-2026-09-03-at-1.31.31-PM-300x225.jpeg 300w, https:\/\/agencia.252.com.mx\/wp-content\/uploads\/2026\/09\/WhatsApp-Image-2026-09-03-at-1.31.31-PM-768x576.jpeg 768w, https:\/\/agencia.252.com.mx\/wp-content\/uploads\/2026\/09\/WhatsApp-Image-2026-09-03-at-1.31.31-PM-1536x1152.jpeg 1536w, https:\/\/agencia.252.com.mx\/wp-content\/uploads\/2026\/09\/WhatsApp-Image-2026-09-03-at-1.31.31-PM.jpeg 1566w\" sizes=\"(max-width: 1024px) 100vw, 1024px\" \/><\/figure>\n\n\n\n<figure class=\"wp-block-image size-large\"><img decoding=\"async\" width=\"484\" height=\"850\" data-id=\"23117\" src=\"https:\/\/agencia.252.com.mx\/wp-content\/uploads\/2026\/09\/WhatsApp-Image-2026-09-03-at-1.31.32-PM.jpeg\" alt=\"\" class=\"wp-image-23117\" srcset=\"https:\/\/agencia.252.com.mx\/wp-content\/uploads\/2026\/09\/WhatsApp-Image-2026-09-03-at-1.31.32-PM.jpeg 484w, https:\/\/agencia.252.com.mx\/wp-content\/uploads\/2026\/09\/WhatsApp-Image-2026-09-03-at-1.31.32-PM-171x300.jpeg 171w\" sizes=\"(max-width: 484px) 100vw, 484px\" \/><\/figure>\n<\/figure>\n\n\n\n<p class=\"wp-block-paragraph\">Cisneros Coss reiter\u00f3 que son colectores y drenajes que se pulverizaron con el tiempo, lo que gener\u00f3 un desgaste de la tierra y se generaron las cavernas, por lo que hasta el momento han detectado cerca de dos kil\u00f3metros que afectan una parte de la avenida.<\/p>\n\n\n\n<p class=\"wp-block-paragraph\">\u201cEs un riesgo latente para muchos vecinos y que tendremos que, por supuesto, entrarle y entrarle con todo\u201d, reiter\u00f3.<\/p>\n\n\n\n<p class=\"wp-block-paragraph\">Lamento que no se quiso invertir en drenajes y en redes de agua en ninguna parte, producto tambi\u00e9n de que todo es c\u00e1lculo pol\u00edtico, para todos lo que son pol\u00edticos corruptos, que no invirtieron en lo m\u00e1s importante para las comunidades, que eran redes de agua y drenaje\u201d.<\/p>\n\n\n\n<p class=\"wp-block-paragraph\">Esta vialidad fue construida en la d\u00e9cada de 1960 y solamente tuvo una intervenci\u00f3n, por lo que est\u00e1 totalmente deteriorada por la falta de mantenimiento.<\/p>\n\n\n\n<p class=\"wp-block-paragraph\">Explic\u00f3 que al comenzar los trabajos de reencarpetamiento se detectaron estas cavernas de cerca de dos kil\u00f3metros bajo la vialidad, al parecer debido a que el drenaje se pulveriz\u00f3, lo que significa riesgos para la poblaci\u00f3n.<\/p>\n\n\n\n<p class=\"wp-block-paragraph\">Lamento que la corrupci\u00f3n, el desprecio, de d\u00e9cadas de abandono genero esta situaci\u00f3n. De los 60tas y 70tas para ac\u00e1 creo que ha tenido una sola intervenci\u00f3n y eso fue hace 35 a\u00f1os, sin que esto hay implicado el cambio ni de redes de agua ni de drenaje en todo el municipio y menos en la avenida R1.<\/p>\n\n\n\n<p class=\"wp-block-paragraph\">Insisti\u00f3 que eliminar el riesgo de las cavernas y sustituir el drenaje afectado en esos dos kil\u00f3metros costar\u00e1 alrededor de 100 millones de pesos, aparte de la inversi\u00f3n destinada para el remozamiento integral de esta importante vialidad, estimada en otros 500 millones de pesos, cuyas obras iniciar\u00e1n formalmente el pr\u00f3ximo 6 de septiembre y que concluir\u00e1n al t\u00e9rmino de este a\u00f1o.<\/p>\n\n\n\n<p class=\"wp-block-paragraph\"><\/p>\n","protected":false},"excerpt":{"rendered":"<p>Visitas: 1 Juan Ignacio Corro Ecatepec, Estado de M\u00e9xico, a 3 de septiembre de 2025 Tras iniciar trabajos de reencarpetado de la avenida Adolfo L\u00f3pez Mateos (R1), el gobierno de Ecatepec detect\u00f3 al menos dos kil\u00f3metros de cavernas bajo la vialidad, algunas hasta de seis metros de altura, lo que requiere alrededor de 100 millones [&hellip;]<\/p>\n","protected":false},"author":5,"featured_media":23118,"comment_status":"open","ping_status":"open","sticky":false,"template":"","format":"standard","meta":{"site-sidebar-layout":"default","site-content-layout":"","ast-site-content-layout":"default","site-content-style":"default","site-sidebar-style":"default","ast-global-header-display":"","ast-banner-title-visibility":"","ast-main-header-display":"","ast-hfb-above-header-display":"","ast-hfb-below-header-display":"","ast-hfb-mobile-header-display":"","site-post-title":"","ast-breadcrumbs-content":"","ast-featured-img":"","footer-sml-layout":"","ast-disable-related-posts":"","theme-transparent-header-meta":"","adv-header-id-meta":"","stick-header-meta":"","header-above-stick-meta":"","header-main-stick-meta":"","header-below-stick-meta":"","astra-migrate-meta-layouts":"set","ast-page-background-enabled":"default","ast-page-background-meta":{"desktop":{"background-color":"var(--ast-global-color-4)","background-image":"","background-repeat":"repeat","background-position":"center center","background-size":"auto","background-attachment":"scroll","background-type":"","background-media":"","overlay-type":"","overlay-color":"","overlay-opacity":"","overlay-gradient":""},"tablet":{"background-color":"","background-image":"","background-repeat":"repeat","background-position":"center center","background-size":"auto","background-attachment":"scroll","background-type":"","background-media":"","overlay-type":"","overlay-color":"","overlay-opacity":"","overlay-gradient":""},"mobile":{"background-color":"","background-image":"","background-repeat":"repeat","background-position":"center center","background-size":"auto","background-attachment":"scroll","background-type":"","background-media":"","overlay-type":"","overlay-color":"","overlay-opacity":"","overlay-gradient":""}},"ast-content-background-meta":{"desktop":{"background-color":"var(--ast-global-color-5)","background-image":"","background-repeat":"repeat","background-position":"center center","background-size":"auto","background-attachment":"scroll","background-type":"","background-media":"","overlay-type":"","overlay-color":"","overlay-opacity":"","overlay-gradient":""},"tablet":{"background-color":"var(--ast-global-color-5)","background-image":"","background-repeat":"repeat","background-position":"center center","background-size":"auto","background-attachment":"scroll","background-type":"","background-media":"","overlay-type":"","overlay-color":"","overlay-opacity":"","overlay-gradient":""},"mobile":{"background-color":"var(--ast-global-color-5)","background-image":"","background-repeat":"repeat","background-position":"center center","background-size":"auto","background-attachment":"scroll","background-type":"","background-media":"","overlay-type":"","overlay-color":"","overlay-opacity":"","overlay-gradient":""}},"footnotes":""},"categories":[38,8,512,68],"tags":[526],"class_list":["post-23116","post","type-post","status-publish","format-standard","has-post-thumbnail","hentry","category-ecatepec","category-edomex","category-metropoli","category-seguridad","tag-edomex"],"yoast_head":"<!-- This site is optimized with the Yoast SEO plugin v28.4 - https:\/\/yoast.com\/product\/yoast-seo-wordpress\/ -->\n<title>Desapareci\u00f3 el drenaje en Ecatepec por erosi\u00f3n que provoco 2 km de cavernas bajo avenida R1 - Agencia252<\/title>\n<meta name=\"robots\" content=\"index, follow, max-snippet:-1, max-image-preview:large, max-video-preview:-1\" \/>\n<link rel=\"canonical\" href=\"https:\/\/agencia.252.com.mx\/home\/desaparecio-el-drenaje-en-ecatepec-por-erosion-que-provoco-2-km-de-cavernas-bajo-avenida-r1\/\" \/>\n<meta property=\"og:locale\" content=\"es_ES\" \/>\n<meta property=\"og:type\" content=\"article\" \/>\n<meta property=\"og:title\" content=\"Desapareci\u00f3 el drenaje en Ecatepec por erosi\u00f3n que provoco 2 km de cavernas bajo avenida R1 - Agencia252\" \/>\n<meta property=\"og:description\" content=\"Visitas: 1 Juan Ignacio Corro Ecatepec, Estado de M\u00e9xico, a 3 de septiembre de 2025 Tras iniciar trabajos de reencarpetado de la avenida Adolfo L\u00f3pez Mateos (R1), el gobierno de Ecatepec detect\u00f3 al menos dos kil\u00f3metros de cavernas bajo la vialidad, algunas hasta de seis metros de altura, lo que requiere alrededor de 100 millones [&hellip;]\" \/>\n<meta property=\"og:url\" content=\"https:\/\/agencia.252.com.mx\/home\/desaparecio-el-drenaje-en-ecatepec-por-erosion-que-provoco-2-km-de-cavernas-bajo-avenida-r1\/\" \/>\n<meta property=\"og:site_name\" content=\"Agencia252\" \/>\n<meta property=\"article:publisher\" content=\"https:\/\/www.facebook.com\/252Comunicacion\/\" \/>\n<meta property=\"article:author\" content=\"https:\/\/www.facebook.com\/jcorroherrera\/\" \/>\n<meta property=\"article:published_time\" content=\"2026-09-03T20:46:00+00:00\" \/>\n<meta property=\"article:modified_time\" content=\"2026-09-03T20:46:02+00:00\" \/>\n<meta property=\"og:image\" content=\"http:\/\/agencia.252.com.mx\/wp-content\/uploads\/2026\/09\/WhatsApp-Image-2026-09-03-at-1.31.31-PM-1.jpeg\" \/>\n\t<meta property=\"og:image:width\" content=\"488\" \/>\n\t<meta property=\"og:image:height\" content=\"814\" \/>\n\t<meta property=\"og:image:type\" content=\"image\/jpeg\" \/>\n<meta name=\"author\" content=\"Nacho Corro\" \/>\n<meta name=\"twitter:card\" content=\"summary_large_image\" \/>\n<meta name=\"twitter:creator\" content=\"@Juan Ignacio Corro Herrera\" \/>\n<meta name=\"twitter:site\" content=\"@252COMS\" \/>\n<meta name=\"twitter:label1\" content=\"Escrito por\" \/>\n\t<meta name=\"twitter:data1\" content=\"Nacho Corro\" \/>\n\t<meta name=\"twitter:label2\" content=\"Tiempo de lectura\" \/>\n\t<meta name=\"twitter:data2\" content=\"3 minutos\" \/>\n<script type=\"application\/ld+json\" class=\"yoast-schema-graph\">{\"@context\":\"https:\\\/\\\/schema.org\",\"@graph\":[{\"@type\":\"Article\",\"@id\":\"https:\\\/\\\/agencia.252.com.mx\\\/home\\\/desaparecio-el-drenaje-en-ecatepec-por-erosion-que-provoco-2-km-de-cavernas-bajo-avenida-r1\\\/#article\",\"isPartOf\":{\"@id\":\"https:\\\/\\\/agencia.252.com.mx\\\/home\\\/desaparecio-el-drenaje-en-ecatepec-por-erosion-que-provoco-2-km-de-cavernas-bajo-avenida-r1\\\/\"},\"author\":{\"name\":\"Nacho Corro\",\"@id\":\"https:\\\/\\\/agencia.252.com.mx\\\/home\\\/#\\\/schema\\\/person\\\/6b972021e9a92d45ade8c78d81509098\"},\"headline\":\"Desapareci\u00f3 el drenaje en Ecatepec por erosi\u00f3n que provoco 2 km de cavernas bajo avenida R1\",\"datePublished\":\"2026-09-03T20:46:00+00:00\",\"dateModified\":\"2026-09-03T20:46:02+00:00\",\"mainEntityOfPage\":{\"@id\":\"https:\\\/\\\/agencia.252.com.mx\\\/home\\\/desaparecio-el-drenaje-en-ecatepec-por-erosion-que-provoco-2-km-de-cavernas-bajo-avenida-r1\\\/\"},\"wordCount\":472,\"commentCount\":0,\"publisher\":{\"@id\":\"https:\\\/\\\/agencia.252.com.mx\\\/home\\\/#organization\"},\"image\":{\"@id\":\"https:\\\/\\\/agencia.252.com.mx\\\/home\\\/desaparecio-el-drenaje-en-ecatepec-por-erosion-que-provoco-2-km-de-cavernas-bajo-avenida-r1\\\/#primaryimage\"},\"thumbnailUrl\":\"https:\\\/\\\/agencia.252.com.mx\\\/wp-content\\\/uploads\\\/2026\\\/09\\\/WhatsApp-Image-2026-09-03-at-1.31.31-PM-1.jpeg\",\"keywords\":[\"Edomex\"],\"articleSection\":[\"Ecatepec\",\"Edomex\",\"Metropoli\",\"Seguridad\"],\"inLanguage\":\"es\",\"potentialAction\":[{\"@type\":\"CommentAction\",\"name\":\"Comment\",\"target\":[\"https:\\\/\\\/agencia.252.com.mx\\\/home\\\/desaparecio-el-drenaje-en-ecatepec-por-erosion-que-provoco-2-km-de-cavernas-bajo-avenida-r1\\\/#respond\"]}]},{\"@type\":\"WebPage\",\"@id\":\"https:\\\/\\\/agencia.252.com.mx\\\/home\\\/desaparecio-el-drenaje-en-ecatepec-por-erosion-que-provoco-2-km-de-cavernas-bajo-avenida-r1\\\/\",\"url\":\"https:\\\/\\\/agencia.252.com.mx\\\/home\\\/desaparecio-el-drenaje-en-ecatepec-por-erosion-que-provoco-2-km-de-cavernas-bajo-avenida-r1\\\/\",\"name\":\"Desapareci\u00f3 el drenaje en Ecatepec por erosi\u00f3n que provoco 2 km de cavernas bajo avenida R1 - Agencia252\",\"isPartOf\":{\"@id\":\"https:\\\/\\\/agencia.252.com.mx\\\/home\\\/#website\"},\"primaryImageOfPage\":{\"@id\":\"https:\\\/\\\/agencia.252.com.mx\\\/home\\\/desaparecio-el-drenaje-en-ecatepec-por-erosion-que-provoco-2-km-de-cavernas-bajo-avenida-r1\\\/#primaryimage\"},\"image\":{\"@id\":\"https:\\\/\\\/agencia.252.com.mx\\\/home\\\/desaparecio-el-drenaje-en-ecatepec-por-erosion-que-provoco-2-km-de-cavernas-bajo-avenida-r1\\\/#primaryimage\"},\"thumbnailUrl\":\"https:\\\/\\\/agencia.252.com.mx\\\/wp-content\\\/uploads\\\/2026\\\/09\\\/WhatsApp-Image-2026-09-03-at-1.31.31-PM-1.jpeg\",\"datePublished\":\"2026-09-03T20:46:00+00:00\",\"dateModified\":\"2026-09-03T20:46:02+00:00\",\"breadcrumb\":{\"@id\":\"https:\\\/\\\/agencia.252.com.mx\\\/home\\\/desaparecio-el-drenaje-en-ecatepec-por-erosion-que-provoco-2-km-de-cavernas-bajo-avenida-r1\\\/#breadcrumb\"},\"inLanguage\":\"es\",\"potentialAction\":[{\"@type\":\"ReadAction\",\"target\":[\"https:\\\/\\\/agencia.252.com.mx\\\/home\\\/desaparecio-el-drenaje-en-ecatepec-por-erosion-que-provoco-2-km-de-cavernas-bajo-avenida-r1\\\/\"]}]},{\"@type\":\"ImageObject\",\"inLanguage\":\"es\",\"@id\":\"https:\\\/\\\/agencia.252.com.mx\\\/home\\\/desaparecio-el-drenaje-en-ecatepec-por-erosion-que-provoco-2-km-de-cavernas-bajo-avenida-r1\\\/#primaryimage\",\"url\":\"https:\\\/\\\/agencia.252.com.mx\\\/wp-content\\\/uploads\\\/2026\\\/09\\\/WhatsApp-Image-2026-09-03-at-1.31.31-PM-1.jpeg\",\"contentUrl\":\"https:\\\/\\\/agencia.252.com.mx\\\/wp-content\\\/uploads\\\/2026\\\/09\\\/WhatsApp-Image-2026-09-03-at-1.31.31-PM-1.jpeg\",\"width\":488,\"height\":814},{\"@type\":\"BreadcrumbList\",\"@id\":\"https:\\\/\\\/agencia.252.com.mx\\\/home\\\/desaparecio-el-drenaje-en-ecatepec-por-erosion-que-provoco-2-km-de-cavernas-bajo-avenida-r1\\\/#breadcrumb\",\"itemListElement\":[{\"@type\":\"ListItem\",\"position\":1,\"name\":\"Portada\",\"item\":\"https:\\\/\\\/agencia.252.com.mx\\\/home\\\/\"},{\"@type\":\"ListItem\",\"position\":2,\"name\":\"Desapareci\u00f3 el drenaje en Ecatepec por erosi\u00f3n que provoco 2 km de cavernas bajo avenida R1\"}]},{\"@type\":\"WebSite\",\"@id\":\"https:\\\/\\\/agencia.252.com.mx\\\/home\\\/#website\",\"url\":\"https:\\\/\\\/agencia.252.com.mx\\\/home\\\/\",\"name\":\"Agencia252\",\"description\":\"Tu espacio en la Red\",\"publisher\":{\"@id\":\"https:\\\/\\\/agencia.252.com.mx\\\/home\\\/#organization\"},\"potentialAction\":[{\"@type\":\"SearchAction\",\"target\":{\"@type\":\"EntryPoint\",\"urlTemplate\":\"https:\\\/\\\/agencia.252.com.mx\\\/home\\\/?s={search_term_string}\"},\"query-input\":{\"@type\":\"PropertyValueSpecification\",\"valueRequired\":true,\"valueName\":\"search_term_string\"}}],\"inLanguage\":\"es\"},{\"@type\":\"Organization\",\"@id\":\"https:\\\/\\\/agencia.252.com.mx\\\/home\\\/#organization\",\"name\":\"Agencia252\",\"url\":\"https:\\\/\\\/agencia.252.com.mx\\\/home\\\/\",\"logo\":{\"@type\":\"ImageObject\",\"inLanguage\":\"es\",\"@id\":\"https:\\\/\\\/agencia.252.com.mx\\\/home\\\/#\\\/schema\\\/logo\\\/image\\\/\",\"url\":\"https:\\\/\\\/agencia.252.com.mx\\\/wp-content\\\/uploads\\\/2023\\\/02\\\/cropped-ciruclo-agencia-e1677562404136.png\",\"contentUrl\":\"https:\\\/\\\/agencia.252.com.mx\\\/wp-content\\\/uploads\\\/2023\\\/02\\\/cropped-ciruclo-agencia-e1677562404136.png\",\"width\":512,\"height\":512,\"caption\":\"Agencia252\"},\"image\":{\"@id\":\"https:\\\/\\\/agencia.252.com.mx\\\/home\\\/#\\\/schema\\\/logo\\\/image\\\/\"},\"sameAs\":[\"https:\\\/\\\/www.facebook.com\\\/252Comunicacion\\\/\",\"https:\\\/\\\/x.com\\\/252COMS\"]},{\"@type\":\"Person\",\"@id\":\"https:\\\/\\\/agencia.252.com.mx\\\/home\\\/#\\\/schema\\\/person\\\/6b972021e9a92d45ade8c78d81509098\",\"name\":\"Nacho Corro\",\"image\":{\"@type\":\"ImageObject\",\"inLanguage\":\"es\",\"@id\":\"https:\\\/\\\/secure.gravatar.com\\\/avatar\\\/5db6df507cfe1307e192fbb498c6b85f1cf2ffd8b4cd37141b9eea588fcbd5a4?s=96&r=g\",\"url\":\"https:\\\/\\\/secure.gravatar.com\\\/avatar\\\/5db6df507cfe1307e192fbb498c6b85f1cf2ffd8b4cd37141b9eea588fcbd5a4?s=96&r=g\",\"contentUrl\":\"https:\\\/\\\/secure.gravatar.com\\\/avatar\\\/5db6df507cfe1307e192fbb498c6b85f1cf2ffd8b4cd37141b9eea588fcbd5a4?s=96&r=g\",\"caption\":\"Nacho Corro\"},\"description\":\"Comunicador Social, Periodista y Administraci\u00f3n P\u00fablica. Conversador pol\u00edtico, temas electorales y seguridad. Generador de contenidos digitales. Amante de la fotograf\u00eda\",\"sameAs\":[\"https:\\\/\\\/www.facebook.com\\\/jcorroherrera\\\/\",\"www.instagram.com\\\/nachocorro\\\/\",\"https:\\\/\\\/x.com\\\/Juan Ignacio Corro Herrera\"],\"url\":\"https:\\\/\\\/agencia.252.com.mx\\\/home\\\/author\\\/i-corro\\\/\"}]}<\/script>\n<!-- \/ Yoast SEO plugin. -->","yoast_head_json":{"title":"Desapareci\u00f3 el drenaje en Ecatepec por erosi\u00f3n que provoco 2 km de cavernas bajo avenida R1 - Agencia252","robots":{"index":"index","follow":"follow","max-snippet":"max-snippet:-1","max-image-preview":"max-image-preview:large","max-video-preview":"max-video-preview:-1"},"canonical":"https:\/\/agencia.252.com.mx\/home\/desaparecio-el-drenaje-en-ecatepec-por-erosion-que-provoco-2-km-de-cavernas-bajo-avenida-r1\/","og_locale":"es_ES","og_type":"article","og_title":"Desapareci\u00f3 el drenaje en Ecatepec por erosi\u00f3n que provoco 2 km de cavernas bajo avenida R1 - Agencia252","og_description":"Visitas: 1 Juan Ignacio Corro Ecatepec, Estado de M\u00e9xico, a 3 de septiembre de 2025 Tras iniciar trabajos de reencarpetado de la avenida Adolfo L\u00f3pez Mateos (R1), el gobierno de Ecatepec detect\u00f3 al menos dos kil\u00f3metros de cavernas bajo la vialidad, algunas hasta de seis metros de altura, lo que requiere alrededor de 100 millones [&hellip;]","og_url":"https:\/\/agencia.252.com.mx\/home\/desaparecio-el-drenaje-en-ecatepec-por-erosion-que-provoco-2-km-de-cavernas-bajo-avenida-r1\/","og_site_name":"Agencia252","article_publisher":"https:\/\/www.facebook.com\/252Comunicacion\/","article_author":"https:\/\/www.facebook.com\/jcorroherrera\/","article_published_time":"2026-09-03T20:46:00+00:00","article_modified_time":"2026-09-03T20:46:02+00:00","og_image":[{"width":488,"height":814,"url":"http:\/\/agencia.252.com.mx\/wp-content\/uploads\/2026\/09\/WhatsApp-Image-2026-09-03-at-1.31.31-PM-1.jpeg","type":"image\/jpeg"}],"author":"Nacho Corro","twitter_card":"summary_large_image","twitter_creator":"@Juan Ignacio Corro Herrera","twitter_site":"@252COMS","twitter_misc":{"Escrito por":"Nacho Corro","Tiempo de lectura":"3 minutos"},"schema":{"@context":"https:\/\/schema.org","@graph":[{"@type":"Article","@id":"https:\/\/agencia.252.com.mx\/home\/desaparecio-el-drenaje-en-ecatepec-por-erosion-que-provoco-2-km-de-cavernas-bajo-avenida-r1\/#article","isPartOf":{"@id":"https:\/\/agencia.252.com.mx\/home\/desaparecio-el-drenaje-en-ecatepec-por-erosion-que-provoco-2-km-de-cavernas-bajo-avenida-r1\/"},"author":{"name":"Nacho Corro","@id":"https:\/\/agencia.252.com.mx\/home\/#\/schema\/person\/6b972021e9a92d45ade8c78d81509098"},"headline":"Desapareci\u00f3 el drenaje en Ecatepec por erosi\u00f3n que provoco 2 km de cavernas bajo avenida R1","datePublished":"2026-09-03T20:46:00+00:00","dateModified":"2026-09-03T20:46:02+00:00","mainEntityOfPage":{"@id":"https:\/\/agencia.252.com.mx\/home\/desaparecio-el-drenaje-en-ecatepec-por-erosion-que-provoco-2-km-de-cavernas-bajo-avenida-r1\/"},"wordCount":472,"commentCount":0,"publisher":{"@id":"https:\/\/agencia.252.com.mx\/home\/#organization"},"image":{"@id":"https:\/\/agencia.252.com.mx\/home\/desaparecio-el-drenaje-en-ecatepec-por-erosion-que-provoco-2-km-de-cavernas-bajo-avenida-r1\/#primaryimage"},"thumbnailUrl":"https:\/\/agencia.252.com.mx\/wp-content\/uploads\/2026\/09\/WhatsApp-Image-2026-09-03-at-1.31.31-PM-1.jpeg","keywords":["Edomex"],"articleSection":["Ecatepec","Edomex","Metropoli","Seguridad"],"inLanguage":"es","potentialAction":[{"@type":"CommentAction","name":"Comment","target":["https:\/\/agencia.252.com.mx\/home\/desaparecio-el-drenaje-en-ecatepec-por-erosion-que-provoco-2-km-de-cavernas-bajo-avenida-r1\/#respond"]}]},{"@type":"WebPage","@id":"https:\/\/agencia.252.com.mx\/home\/desaparecio-el-drenaje-en-ecatepec-por-erosion-que-provoco-2-km-de-cavernas-bajo-avenida-r1\/","url":"https:\/\/agencia.252.com.mx\/home\/desaparecio-el-drenaje-en-ecatepec-por-erosion-que-provoco-2-km-de-cavernas-bajo-avenida-r1\/","name":"Desapareci\u00f3 el drenaje en Ecatepec por erosi\u00f3n que provoco 2 km de cavernas bajo avenida R1 - Agencia252","isPartOf":{"@id":"https:\/\/agencia.252.com.mx\/home\/#website"},"primaryImageOfPage":{"@id":"https:\/\/agencia.252.com.mx\/home\/desaparecio-el-drenaje-en-ecatepec-por-erosion-que-provoco-2-km-de-cavernas-bajo-avenida-r1\/#primaryimage"},"image":{"@id":"https:\/\/agencia.252.com.mx\/home\/desaparecio-el-drenaje-en-ecatepec-por-erosion-que-provoco-2-km-de-cavernas-bajo-avenida-r1\/#primaryimage"},"thumbnailUrl":"https:\/\/agencia.252.com.mx\/wp-content\/uploads\/2026\/09\/WhatsApp-Image-2026-09-03-at-1.31.31-PM-1.jpeg","datePublished":"2026-09-03T20:46:00+00:00","dateModified":"2026-09-03T20:46:02+00:00","breadcrumb":{"@id":"https:\/\/agencia.252.com.mx\/home\/desaparecio-el-drenaje-en-ecatepec-por-erosion-que-provoco-2-km-de-cavernas-bajo-avenida-r1\/#breadcrumb"},"inLanguage":"es","potentialAction":[{"@type":"ReadAction","target":["https:\/\/agencia.252.com.mx\/home\/desaparecio-el-drenaje-en-ecatepec-por-erosion-que-provoco-2-km-de-cavernas-bajo-avenida-r1\/"]}]},{"@type":"ImageObject","inLanguage":"es","@id":"https:\/\/agencia.252.com.mx\/home\/desaparecio-el-drenaje-en-ecatepec-por-erosion-que-provoco-2-km-de-cavernas-bajo-avenida-r1\/#primaryimage","url":"https:\/\/agencia.252.com.mx\/wp-content\/uploads\/2026\/09\/WhatsApp-Image-2026-09-03-at-1.31.31-PM-1.jpeg","contentUrl":"https:\/\/agencia.252.com.mx\/wp-content\/uploads\/2026\/09\/WhatsApp-Image-2026-09-03-at-1.31.31-PM-1.jpeg","width":488,"height":814},{"@type":"BreadcrumbList","@id":"https:\/\/agencia.252.com.mx\/home\/desaparecio-el-drenaje-en-ecatepec-por-erosion-que-provoco-2-km-de-cavernas-bajo-avenida-r1\/#breadcrumb","itemListElement":[{"@type":"ListItem","position":1,"name":"Portada","item":"https:\/\/agencia.252.com.mx\/home\/"},{"@type":"ListItem","position":2,"name":"Desapareci\u00f3 el drenaje en Ecatepec por erosi\u00f3n que provoco 2 km de cavernas bajo avenida R1"}]},{"@type":"WebSite","@id":"https:\/\/agencia.252.com.mx\/home\/#website","url":"https:\/\/agencia.252.com.mx\/home\/","name":"Agencia252","description":"Tu espacio en la Red","publisher":{"@id":"https:\/\/agencia.252.com.mx\/home\/#organization"},"potentialAction":[{"@type":"SearchAction","target":{"@type":"EntryPoint","urlTemplate":"https:\/\/agencia.252.com.mx\/home\/?s={search_term_string}"},"query-input":{"@type":"PropertyValueSpecification","valueRequired":true,"valueName":"search_term_string"}}],"inLanguage":"es"},{"@type":"Organization","@id":"https:\/\/agencia.252.com.mx\/home\/#organization","name":"Agencia252","url":"https:\/\/agencia.252.com.mx\/home\/","logo":{"@type":"ImageObject","inLanguage":"es","@id":"https:\/\/agencia.252.com.mx\/home\/#\/schema\/logo\/image\/","url":"https:\/\/agencia.252.com.mx\/wp-content\/uploads\/2023\/02\/cropped-ciruclo-agencia-e1677562404136.png","contentUrl":"https:\/\/agencia.252.com.mx\/wp-content\/uploads\/2023\/02\/cropped-ciruclo-agencia-e1677562404136.png","width":512,"height":512,"caption":"Agencia252"},"image":{"@id":"https:\/\/agencia.252.com.mx\/home\/#\/schema\/logo\/image\/"},"sameAs":["https:\/\/www.facebook.com\/252Comunicacion\/","https:\/\/x.com\/252COMS"]},{"@type":"Person","@id":"https:\/\/agencia.252.com.mx\/home\/#\/schema\/person\/6b972021e9a92d45ade8c78d81509098","name":"Nacho Corro","image":{"@type":"ImageObject","inLanguage":"es","@id":"https:\/\/secure.gravatar.com\/avatar\/5db6df507cfe1307e192fbb498c6b85f1cf2ffd8b4cd37141b9eea588fcbd5a4?s=96&r=g","url":"https:\/\/secure.gravatar.com\/avatar\/5db6df507cfe1307e192fbb498c6b85f1cf2ffd8b4cd37141b9eea588fcbd5a4?s=96&r=g","contentUrl":"https:\/\/secure.gravatar.com\/avatar\/5db6df507cfe1307e192fbb498c6b85f1cf2ffd8b4cd37141b9eea588fcbd5a4?s=96&r=g","caption":"Nacho Corro"},"description":"Comunicador Social, Periodista y Administraci\u00f3n P\u00fablica. Conversador pol\u00edtico, temas electorales y seguridad. Generador de contenidos digitales. Amante de la fotograf\u00eda","sameAs":["https:\/\/www.facebook.com\/jcorroherrera\/","www.instagram.com\/nachocorro\/","https:\/\/x.com\/Juan Ignacio Corro Herrera"],"url":"https:\/\/agencia.252.com.mx\/home\/author\/i-corro\/"}]}},"_links":{"self":[{"href":"https:\/\/agencia.252.com.mx\/home\/wp-json\/wp\/v2\/posts\/23116","targetHints":{"allow":["GET"]}}],"collection":[{"href":"https:\/\/agencia.252.com.mx\/home\/wp-json\/wp\/v2\/posts"}],"about":[{"href":"https:\/\/agencia.252.com.mx\/home\/wp-json\/wp\/v2\/types\/post"}],"author":[{"embeddable":true,"href":"https:\/\/agencia.252.com.mx\/home\/wp-json\/wp\/v2\/users\/5"}],"replies":[{"embeddable":true,"href":"https:\/\/agencia.252.com.mx\/home\/wp-json\/wp\/v2\/comments?post=23116"}],"version-history":[{"count":1,"href":"https:\/\/agencia.252.com.mx\/home\/wp-json\/wp\/v2\/posts\/23116\/revisions"}],"predecessor-version":[{"id":23121,"href":"https:\/\/agencia.252.com.mx\/home\/wp-json\/wp\/v2\/posts\/23116\/revisions\/23121"}],"wp:featuredmedia":[{"embeddable":true,"href":"https:\/\/agencia.252.com.mx\/home\/wp-json\/wp\/v2\/media\/23118"}],"wp:attachment":[{"href":"https:\/\/agencia.252.com.mx\/home\/wp-json\/wp\/v2\/media?parent=23116"}],"wp:term":[{"taxonomy":"category","embeddable":true,"href":"https:\/\/agencia.252.com.mx\/home\/wp-json\/wp\/v2\/categories?post=23116"},{"taxonomy":"post_tag","embeddable":true,"href":"https:\/\/agencia.252.com.mx\/home\/wp-json\/wp\/v2\/tags?post=23116"}],"curies":[{"name":"wp","href":"https:\/\/api.w.org\/{rel}","templated":true}]}}