{"id":23112,"date":"2026-09-03T14:29:10","date_gmt":"2026-09-03T20:29:10","guid":{"rendered":"https:\/\/agencia.252.com.mx\/home\/?p=23112"},"modified":"2026-09-03T14:29:11","modified_gmt":"2026-09-03T20:29:11","slug":"reduciran-tramites-y-tiempo-para-acceder-a-vivienda-en-la-cdmx","status":"publish","type":"post","link":"https:\/\/agencia.252.com.mx\/home\/reduciran-tramites-y-tiempo-para-acceder-a-vivienda-en-la-cdmx\/","title":{"rendered":"Reducir\u00e1n tramites y tiempo para acceder a vivienda en la CDMX"},"content":{"rendered":"<p>Visitas: 3<\/p>\n<ul class=\"wp-block-list\">\n<li><em>Durante la entrega de 97 departamentos, la jefa de Gobierno anunci\u00f3 la pr\u00f3xima simplificaci\u00f3n de tr\u00e1mites al 50 por ciento, con el objetivo de adquirir pronto una vivienda<\/em><\/li>\n<\/ul>\n\n\n\n<p class=\"wp-block-paragraph\">Juan Ignacio Corro<\/p>\n\n\n\n<p class=\"has-text-align-right wp-block-paragraph\">Ciudad de M\u00e9xico, a 3 de septiembre de 2025<\/p>\n\n\n\n<p class=\"wp-block-paragraph\">La jefa de Gobierno, Clara Brugada Molina, inform\u00f3 que pr\u00f3ximamente se dar\u00e1 a conocer una simplificaci\u00f3n de tr\u00e1mites de la Secretar\u00eda de Vivienda, con la meta de reducir hasta 50 por ciento los procesos para adquirir vivienda p\u00fablica.<\/p>\n\n\n\n<p class=\"wp-block-paragraph\">Se dijo convencida de que la vivienda en la Ciudad de M\u00e9xico debe costar menos y el acceso debe ser m\u00e1s r\u00e1pido. \u201cNo que tarden muchos a\u00f1os en la gesti\u00f3n. Eso ya dijimos que tiene que ser muy r\u00e1pido\u201d, afirm\u00f3.<\/p>\n\n\n\n<figure class=\"wp-block-image alignright size-medium\"><img fetchpriority=\"high\" decoding=\"async\" width=\"300\" height=\"169\" src=\"https:\/\/agencia.252.com.mx\/wp-content\/uploads\/2026\/09\/WhatsApp-Image-2026-09-03-at-11.36.54-AM-300x169.jpeg\" alt=\"\" class=\"wp-image-23113\" srcset=\"https:\/\/agencia.252.com.mx\/wp-content\/uploads\/2026\/09\/WhatsApp-Image-2026-09-03-at-11.36.54-AM-300x169.jpeg 300w, https:\/\/agencia.252.com.mx\/wp-content\/uploads\/2026\/09\/WhatsApp-Image-2026-09-03-at-11.36.54-AM-1024x577.jpeg 1024w, https:\/\/agencia.252.com.mx\/wp-content\/uploads\/2026\/09\/WhatsApp-Image-2026-09-03-at-11.36.54-AM-768x433.jpeg 768w, https:\/\/agencia.252.com.mx\/wp-content\/uploads\/2026\/09\/WhatsApp-Image-2026-09-03-at-11.36.54-AM-1536x866.jpeg 1536w, https:\/\/agencia.252.com.mx\/wp-content\/uploads\/2026\/09\/WhatsApp-Image-2026-09-03-at-11.36.54-AM.jpeg 1600w\" sizes=\"(max-width: 300px) 100vw, 300px\" \/><\/figure>\n\n\n\n<p class=\"wp-block-paragraph\">Subrayo que su administraci\u00f3n duplic\u00f3 el presupuesto anual destinado a vivienda, al pasar de 4 mil 500 millones de pesos a 9 mil millones, con el objetivo de ampliar la construcci\u00f3n de hogares accesibles para las familias de la Ciudad de M\u00e9xico.<\/p>\n\n\n\n<p class=\"wp-block-paragraph\">Este a\u00f1o se prev\u00e9 alcanzar la meta de edificar m\u00e1s de 10 mil viviendas construidas y entregadas desde que inici\u00f3 su administraci\u00f3n.<\/p>\n\n\n\n<p class=\"wp-block-paragraph\">Desde el n\u00famero 314 de la calle Santo Domingo, colonia Ampliaci\u00f3n Petrolera, Azcapotzalco, la mandataria capitalina entreg\u00f3 personalmente 59 viviendas de 60 metros cuadrados, con un costo aproximado de 900 mil pesos cada una, mientras que de manera simult\u00e1nea se realiz\u00f3 la entrega de viviendas a familias de Gustavo A. Madero.<\/p>\n\n\n\n<p class=\"wp-block-paragraph\">En conjunto, los proyectos entregados benefician a 97 familias.<\/p>\n\n\n\n<p class=\"wp-block-paragraph\">Brugada Molina resalt\u00f3 que las viviendas incorporan calentadores solares, sistemas de captaci\u00f3n de agua de lluvia y dispositivos ahorradores de agua e iluminaci\u00f3n eficiente, con beneficios directos para la econom\u00eda familiar.<\/p>\n\n\n\n<p class=\"wp-block-paragraph\">La jefa de Gobierno destac\u00f3 que este modelo de vivienda se desarrolla en coordinaci\u00f3n con organizaciones sociales y familias que se organizan para ejercer su derecho a un hogar propio, y llam\u00f3 a las y los beneficiarios a mantener la organizaci\u00f3n y la convivencia comunitaria. \u201cTenemos la oportunidad de garantizar viviendas m\u00e1s baratas para la poblaci\u00f3n y en mucho menos tiempo. Esa es nuestra tarea\u201d, concluy\u00f3.<\/p>\n\n\n\n<p class=\"wp-block-paragraph\"><\/p>\n","protected":false},"excerpt":{"rendered":"<p>Visitas: 3 Juan Ignacio Corro Ciudad de M\u00e9xico, a 3 de septiembre de 2025 La jefa de Gobierno, Clara Brugada Molina, inform\u00f3 que pr\u00f3ximamente se dar\u00e1 a conocer una simplificaci\u00f3n de tr\u00e1mites de la Secretar\u00eda de Vivienda, con la meta de reducir hasta 50 por ciento los procesos para adquirir vivienda p\u00fablica. Se dijo convencida [&hellip;]<\/p>\n","protected":false},"author":5,"featured_media":23114,"comment_status":"open","ping_status":"open","sticky":false,"template":"","format":"standard","meta":{"site-sidebar-layout":"default","site-content-layout":"","ast-site-content-layout":"default","site-content-style":"default","site-sidebar-style":"default","ast-global-header-display":"","ast-banner-title-visibility":"","ast-main-header-display":"","ast-hfb-above-header-display":"","ast-hfb-below-header-display":"","ast-hfb-mobile-header-display":"","site-post-title":"","ast-breadcrumbs-content":"","ast-featured-img":"","footer-sml-layout":"","ast-disable-related-posts":"","theme-transparent-header-meta":"","adv-header-id-meta":"","stick-header-meta":"","header-above-stick-meta":"","header-main-stick-meta":"","header-below-stick-meta":"","astra-migrate-meta-layouts":"set","ast-page-background-enabled":"default","ast-page-background-meta":{"desktop":{"background-color":"var(--ast-global-color-4)","background-image":"","background-repeat":"repeat","background-position":"center center","background-size":"auto","background-attachment":"scroll","background-type":"","background-media":"","overlay-type":"","overlay-color":"","overlay-opacity":"","overlay-gradient":""},"tablet":{"background-color":"","background-image":"","background-repeat":"repeat","background-position":"center center","background-size":"auto","background-attachment":"scroll","background-type":"","background-media":"","overlay-type":"","overlay-color":"","overlay-opacity":"","overlay-gradient":""},"mobile":{"background-color":"","background-image":"","background-repeat":"repeat","background-position":"center center","background-size":"auto","background-attachment":"scroll","background-type":"","background-media":"","overlay-type":"","overlay-color":"","overlay-opacity":"","overlay-gradient":""}},"ast-content-background-meta":{"desktop":{"background-color":"var(--ast-global-color-5)","background-image":"","background-repeat":"repeat","background-position":"center center","background-size":"auto","background-attachment":"scroll","background-type":"","background-media":"","overlay-type":"","overlay-color":"","overlay-opacity":"","overlay-gradient":""},"tablet":{"background-color":"var(--ast-global-color-5)","background-image":"","background-repeat":"repeat","background-position":"center center","background-size":"auto","background-attachment":"scroll","background-type":"","background-media":"","overlay-type":"","overlay-color":"","overlay-opacity":"","overlay-gradient":""},"mobile":{"background-color":"var(--ast-global-color-5)","background-image":"","background-repeat":"repeat","background-position":"center center","background-size":"auto","background-attachment":"scroll","background-type":"","background-media":"","overlay-type":"","overlay-color":"","overlay-opacity":"","overlay-gradient":""}},"footnotes":""},"categories":[69,512,68],"tags":[535],"class_list":["post-23112","post","type-post","status-publish","format-standard","has-post-thumbnail","hentry","category-cdmx","category-metropoli","category-seguridad","tag-cdmx"],"yoast_head":"<!-- This site is optimized with the Yoast SEO plugin v28.4 - https:\/\/yoast.com\/product\/yoast-seo-wordpress\/ -->\n<title>Reducir\u00e1n tramites y tiempo para acceder a vivienda en la CDMX - Agencia252<\/title>\n<meta name=\"robots\" content=\"index, follow, max-snippet:-1, max-image-preview:large, max-video-preview:-1\" \/>\n<link rel=\"canonical\" href=\"https:\/\/agencia.252.com.mx\/home\/reduciran-tramites-y-tiempo-para-acceder-a-vivienda-en-la-cdmx\/\" \/>\n<meta property=\"og:locale\" content=\"es_ES\" \/>\n<meta property=\"og:type\" content=\"article\" \/>\n<meta property=\"og:title\" content=\"Reducir\u00e1n tramites y tiempo para acceder a vivienda en la CDMX - Agencia252\" \/>\n<meta property=\"og:description\" content=\"Visitas: 3 Juan Ignacio Corro Ciudad de M\u00e9xico, a 3 de septiembre de 2025 La jefa de Gobierno, Clara Brugada Molina, inform\u00f3 que pr\u00f3ximamente se dar\u00e1 a conocer una simplificaci\u00f3n de tr\u00e1mites de la Secretar\u00eda de Vivienda, con la meta de reducir hasta 50 por ciento los procesos para adquirir vivienda p\u00fablica. Se dijo convencida [&hellip;]\" \/>\n<meta property=\"og:url\" content=\"https:\/\/agencia.252.com.mx\/home\/reduciran-tramites-y-tiempo-para-acceder-a-vivienda-en-la-cdmx\/\" \/>\n<meta property=\"og:site_name\" content=\"Agencia252\" \/>\n<meta property=\"article:publisher\" content=\"https:\/\/www.facebook.com\/252Comunicacion\/\" \/>\n<meta property=\"article:author\" content=\"https:\/\/www.facebook.com\/jcorroherrera\/\" \/>\n<meta property=\"article:published_time\" content=\"2026-09-03T20:29:10+00:00\" \/>\n<meta property=\"article:modified_time\" content=\"2026-09-03T20:29:11+00:00\" \/>\n<meta property=\"og:image\" content=\"http:\/\/agencia.252.com.mx\/wp-content\/uploads\/2026\/09\/WhatsApp-Image-2026-09-03-at-1.23.32-PM.jpeg\" \/>\n\t<meta property=\"og:image:width\" content=\"2560\" \/>\n\t<meta property=\"og:image:height\" content=\"1706\" \/>\n\t<meta property=\"og:image:type\" content=\"image\/jpeg\" \/>\n<meta name=\"author\" content=\"Nacho Corro\" \/>\n<meta name=\"twitter:card\" content=\"summary_large_image\" \/>\n<meta name=\"twitter:creator\" content=\"@Juan Ignacio Corro Herrera\" \/>\n<meta name=\"twitter:site\" content=\"@252COMS\" \/>\n<meta name=\"twitter:label1\" content=\"Escrito por\" \/>\n\t<meta name=\"twitter:data1\" content=\"Nacho Corro\" \/>\n\t<meta name=\"twitter:label2\" content=\"Tiempo de lectura\" \/>\n\t<meta name=\"twitter:data2\" content=\"2 minutos\" \/>\n<script type=\"application\/ld+json\" class=\"yoast-schema-graph\">{\"@context\":\"https:\\\/\\\/schema.org\",\"@graph\":[{\"@type\":\"Article\",\"@id\":\"https:\\\/\\\/agencia.252.com.mx\\\/home\\\/reduciran-tramites-y-tiempo-para-acceder-a-vivienda-en-la-cdmx\\\/#article\",\"isPartOf\":{\"@id\":\"https:\\\/\\\/agencia.252.com.mx\\\/home\\\/reduciran-tramites-y-tiempo-para-acceder-a-vivienda-en-la-cdmx\\\/\"},\"author\":{\"name\":\"Nacho Corro\",\"@id\":\"https:\\\/\\\/agencia.252.com.mx\\\/home\\\/#\\\/schema\\\/person\\\/6b972021e9a92d45ade8c78d81509098\"},\"headline\":\"Reducir\u00e1n tramites y tiempo para acceder a vivienda en la CDMX\",\"datePublished\":\"2026-09-03T20:29:10+00:00\",\"dateModified\":\"2026-09-03T20:29:11+00:00\",\"mainEntityOfPage\":{\"@id\":\"https:\\\/\\\/agencia.252.com.mx\\\/home\\\/reduciran-tramites-y-tiempo-para-acceder-a-vivienda-en-la-cdmx\\\/\"},\"wordCount\":368,\"commentCount\":0,\"publisher\":{\"@id\":\"https:\\\/\\\/agencia.252.com.mx\\\/home\\\/#organization\"},\"image\":{\"@id\":\"https:\\\/\\\/agencia.252.com.mx\\\/home\\\/reduciran-tramites-y-tiempo-para-acceder-a-vivienda-en-la-cdmx\\\/#primaryimage\"},\"thumbnailUrl\":\"https:\\\/\\\/agencia.252.com.mx\\\/wp-content\\\/uploads\\\/2026\\\/09\\\/WhatsApp-Image-2026-09-03-at-1.23.32-PM.jpeg\",\"keywords\":[\"CDMX\"],\"articleSection\":[\"CDMX\",\"Metropoli\",\"Seguridad\"],\"inLanguage\":\"es\",\"potentialAction\":[{\"@type\":\"CommentAction\",\"name\":\"Comment\",\"target\":[\"https:\\\/\\\/agencia.252.com.mx\\\/home\\\/reduciran-tramites-y-tiempo-para-acceder-a-vivienda-en-la-cdmx\\\/#respond\"]}]},{\"@type\":\"WebPage\",\"@id\":\"https:\\\/\\\/agencia.252.com.mx\\\/home\\\/reduciran-tramites-y-tiempo-para-acceder-a-vivienda-en-la-cdmx\\\/\",\"url\":\"https:\\\/\\\/agencia.252.com.mx\\\/home\\\/reduciran-tramites-y-tiempo-para-acceder-a-vivienda-en-la-cdmx\\\/\",\"name\":\"Reducir\u00e1n tramites y tiempo para acceder a vivienda en la CDMX - Agencia252\",\"isPartOf\":{\"@id\":\"https:\\\/\\\/agencia.252.com.mx\\\/home\\\/#website\"},\"primaryImageOfPage\":{\"@id\":\"https:\\\/\\\/agencia.252.com.mx\\\/home\\\/reduciran-tramites-y-tiempo-para-acceder-a-vivienda-en-la-cdmx\\\/#primaryimage\"},\"image\":{\"@id\":\"https:\\\/\\\/agencia.252.com.mx\\\/home\\\/reduciran-tramites-y-tiempo-para-acceder-a-vivienda-en-la-cdmx\\\/#primaryimage\"},\"thumbnailUrl\":\"https:\\\/\\\/agencia.252.com.mx\\\/wp-content\\\/uploads\\\/2026\\\/09\\\/WhatsApp-Image-2026-09-03-at-1.23.32-PM.jpeg\",\"datePublished\":\"2026-09-03T20:29:10+00:00\",\"dateModified\":\"2026-09-03T20:29:11+00:00\",\"breadcrumb\":{\"@id\":\"https:\\\/\\\/agencia.252.com.mx\\\/home\\\/reduciran-tramites-y-tiempo-para-acceder-a-vivienda-en-la-cdmx\\\/#breadcrumb\"},\"inLanguage\":\"es\",\"potentialAction\":[{\"@type\":\"ReadAction\",\"target\":[\"https:\\\/\\\/agencia.252.com.mx\\\/home\\\/reduciran-tramites-y-tiempo-para-acceder-a-vivienda-en-la-cdmx\\\/\"]}]},{\"@type\":\"ImageObject\",\"inLanguage\":\"es\",\"@id\":\"https:\\\/\\\/agencia.252.com.mx\\\/home\\\/reduciran-tramites-y-tiempo-para-acceder-a-vivienda-en-la-cdmx\\\/#primaryimage\",\"url\":\"https:\\\/\\\/agencia.252.com.mx\\\/wp-content\\\/uploads\\\/2026\\\/09\\\/WhatsApp-Image-2026-09-03-at-1.23.32-PM.jpeg\",\"contentUrl\":\"https:\\\/\\\/agencia.252.com.mx\\\/wp-content\\\/uploads\\\/2026\\\/09\\\/WhatsApp-Image-2026-09-03-at-1.23.32-PM.jpeg\",\"width\":2560,\"height\":1706},{\"@type\":\"BreadcrumbList\",\"@id\":\"https:\\\/\\\/agencia.252.com.mx\\\/home\\\/reduciran-tramites-y-tiempo-para-acceder-a-vivienda-en-la-cdmx\\\/#breadcrumb\",\"itemListElement\":[{\"@type\":\"ListItem\",\"position\":1,\"name\":\"Portada\",\"item\":\"https:\\\/\\\/agencia.252.com.mx\\\/home\\\/\"},{\"@type\":\"ListItem\",\"position\":2,\"name\":\"Reducir\u00e1n tramites y tiempo para acceder a vivienda en la CDMX\"}]},{\"@type\":\"WebSite\",\"@id\":\"https:\\\/\\\/agencia.252.com.mx\\\/home\\\/#website\",\"url\":\"https:\\\/\\\/agencia.252.com.mx\\\/home\\\/\",\"name\":\"Agencia252\",\"description\":\"Tu espacio en la Red\",\"publisher\":{\"@id\":\"https:\\\/\\\/agencia.252.com.mx\\\/home\\\/#organization\"},\"potentialAction\":[{\"@type\":\"SearchAction\",\"target\":{\"@type\":\"EntryPoint\",\"urlTemplate\":\"https:\\\/\\\/agencia.252.com.mx\\\/home\\\/?s={search_term_string}\"},\"query-input\":{\"@type\":\"PropertyValueSpecification\",\"valueRequired\":true,\"valueName\":\"search_term_string\"}}],\"inLanguage\":\"es\"},{\"@type\":\"Organization\",\"@id\":\"https:\\\/\\\/agencia.252.com.mx\\\/home\\\/#organization\",\"name\":\"Agencia252\",\"url\":\"https:\\\/\\\/agencia.252.com.mx\\\/home\\\/\",\"logo\":{\"@type\":\"ImageObject\",\"inLanguage\":\"es\",\"@id\":\"https:\\\/\\\/agencia.252.com.mx\\\/home\\\/#\\\/schema\\\/logo\\\/image\\\/\",\"url\":\"https:\\\/\\\/agencia.252.com.mx\\\/wp-content\\\/uploads\\\/2023\\\/02\\\/cropped-ciruclo-agencia-e1677562404136.png\",\"contentUrl\":\"https:\\\/\\\/agencia.252.com.mx\\\/wp-content\\\/uploads\\\/2023\\\/02\\\/cropped-ciruclo-agencia-e1677562404136.png\",\"width\":512,\"height\":512,\"caption\":\"Agencia252\"},\"image\":{\"@id\":\"https:\\\/\\\/agencia.252.com.mx\\\/home\\\/#\\\/schema\\\/logo\\\/image\\\/\"},\"sameAs\":[\"https:\\\/\\\/www.facebook.com\\\/252Comunicacion\\\/\",\"https:\\\/\\\/x.com\\\/252COMS\"]},{\"@type\":\"Person\",\"@id\":\"https:\\\/\\\/agencia.252.com.mx\\\/home\\\/#\\\/schema\\\/person\\\/6b972021e9a92d45ade8c78d81509098\",\"name\":\"Nacho Corro\",\"image\":{\"@type\":\"ImageObject\",\"inLanguage\":\"es\",\"@id\":\"https:\\\/\\\/secure.gravatar.com\\\/avatar\\\/5db6df507cfe1307e192fbb498c6b85f1cf2ffd8b4cd37141b9eea588fcbd5a4?s=96&r=g\",\"url\":\"https:\\\/\\\/secure.gravatar.com\\\/avatar\\\/5db6df507cfe1307e192fbb498c6b85f1cf2ffd8b4cd37141b9eea588fcbd5a4?s=96&r=g\",\"contentUrl\":\"https:\\\/\\\/secure.gravatar.com\\\/avatar\\\/5db6df507cfe1307e192fbb498c6b85f1cf2ffd8b4cd37141b9eea588fcbd5a4?s=96&r=g\",\"caption\":\"Nacho Corro\"},\"description\":\"Comunicador Social, Periodista y Administraci\u00f3n P\u00fablica. Conversador pol\u00edtico, temas electorales y seguridad. Generador de contenidos digitales. Amante de la fotograf\u00eda\",\"sameAs\":[\"https:\\\/\\\/www.facebook.com\\\/jcorroherrera\\\/\",\"www.instagram.com\\\/nachocorro\\\/\",\"https:\\\/\\\/x.com\\\/Juan Ignacio Corro Herrera\"],\"url\":\"https:\\\/\\\/agencia.252.com.mx\\\/home\\\/author\\\/i-corro\\\/\"}]}<\/script>\n<!-- \/ Yoast SEO plugin. -->","yoast_head_json":{"title":"Reducir\u00e1n tramites y tiempo para acceder a vivienda en la CDMX - Agencia252","robots":{"index":"index","follow":"follow","max-snippet":"max-snippet:-1","max-image-preview":"max-image-preview:large","max-video-preview":"max-video-preview:-1"},"canonical":"https:\/\/agencia.252.com.mx\/home\/reduciran-tramites-y-tiempo-para-acceder-a-vivienda-en-la-cdmx\/","og_locale":"es_ES","og_type":"article","og_title":"Reducir\u00e1n tramites y tiempo para acceder a vivienda en la CDMX - Agencia252","og_description":"Visitas: 3 Juan Ignacio Corro Ciudad de M\u00e9xico, a 3 de septiembre de 2025 La jefa de Gobierno, Clara Brugada Molina, inform\u00f3 que pr\u00f3ximamente se dar\u00e1 a conocer una simplificaci\u00f3n de tr\u00e1mites de la Secretar\u00eda de Vivienda, con la meta de reducir hasta 50 por ciento los procesos para adquirir vivienda p\u00fablica. Se dijo convencida [&hellip;]","og_url":"https:\/\/agencia.252.com.mx\/home\/reduciran-tramites-y-tiempo-para-acceder-a-vivienda-en-la-cdmx\/","og_site_name":"Agencia252","article_publisher":"https:\/\/www.facebook.com\/252Comunicacion\/","article_author":"https:\/\/www.facebook.com\/jcorroherrera\/","article_published_time":"2026-09-03T20:29:10+00:00","article_modified_time":"2026-09-03T20:29:11+00:00","og_image":[{"width":2560,"height":1706,"url":"http:\/\/agencia.252.com.mx\/wp-content\/uploads\/2026\/09\/WhatsApp-Image-2026-09-03-at-1.23.32-PM.jpeg","type":"image\/jpeg"}],"author":"Nacho Corro","twitter_card":"summary_large_image","twitter_creator":"@Juan Ignacio Corro Herrera","twitter_site":"@252COMS","twitter_misc":{"Escrito por":"Nacho Corro","Tiempo de lectura":"2 minutos"},"schema":{"@context":"https:\/\/schema.org","@graph":[{"@type":"Article","@id":"https:\/\/agencia.252.com.mx\/home\/reduciran-tramites-y-tiempo-para-acceder-a-vivienda-en-la-cdmx\/#article","isPartOf":{"@id":"https:\/\/agencia.252.com.mx\/home\/reduciran-tramites-y-tiempo-para-acceder-a-vivienda-en-la-cdmx\/"},"author":{"name":"Nacho Corro","@id":"https:\/\/agencia.252.com.mx\/home\/#\/schema\/person\/6b972021e9a92d45ade8c78d81509098"},"headline":"Reducir\u00e1n tramites y tiempo para acceder a vivienda en la CDMX","datePublished":"2026-09-03T20:29:10+00:00","dateModified":"2026-09-03T20:29:11+00:00","mainEntityOfPage":{"@id":"https:\/\/agencia.252.com.mx\/home\/reduciran-tramites-y-tiempo-para-acceder-a-vivienda-en-la-cdmx\/"},"wordCount":368,"commentCount":0,"publisher":{"@id":"https:\/\/agencia.252.com.mx\/home\/#organization"},"image":{"@id":"https:\/\/agencia.252.com.mx\/home\/reduciran-tramites-y-tiempo-para-acceder-a-vivienda-en-la-cdmx\/#primaryimage"},"thumbnailUrl":"https:\/\/agencia.252.com.mx\/wp-content\/uploads\/2026\/09\/WhatsApp-Image-2026-09-03-at-1.23.32-PM.jpeg","keywords":["CDMX"],"articleSection":["CDMX","Metropoli","Seguridad"],"inLanguage":"es","potentialAction":[{"@type":"CommentAction","name":"Comment","target":["https:\/\/agencia.252.com.mx\/home\/reduciran-tramites-y-tiempo-para-acceder-a-vivienda-en-la-cdmx\/#respond"]}]},{"@type":"WebPage","@id":"https:\/\/agencia.252.com.mx\/home\/reduciran-tramites-y-tiempo-para-acceder-a-vivienda-en-la-cdmx\/","url":"https:\/\/agencia.252.com.mx\/home\/reduciran-tramites-y-tiempo-para-acceder-a-vivienda-en-la-cdmx\/","name":"Reducir\u00e1n tramites y tiempo para acceder a vivienda en la CDMX - Agencia252","isPartOf":{"@id":"https:\/\/agencia.252.com.mx\/home\/#website"},"primaryImageOfPage":{"@id":"https:\/\/agencia.252.com.mx\/home\/reduciran-tramites-y-tiempo-para-acceder-a-vivienda-en-la-cdmx\/#primaryimage"},"image":{"@id":"https:\/\/agencia.252.com.mx\/home\/reduciran-tramites-y-tiempo-para-acceder-a-vivienda-en-la-cdmx\/#primaryimage"},"thumbnailUrl":"https:\/\/agencia.252.com.mx\/wp-content\/uploads\/2026\/09\/WhatsApp-Image-2026-09-03-at-1.23.32-PM.jpeg","datePublished":"2026-09-03T20:29:10+00:00","dateModified":"2026-09-03T20:29:11+00:00","breadcrumb":{"@id":"https:\/\/agencia.252.com.mx\/home\/reduciran-tramites-y-tiempo-para-acceder-a-vivienda-en-la-cdmx\/#breadcrumb"},"inLanguage":"es","potentialAction":[{"@type":"ReadAction","target":["https:\/\/agencia.252.com.mx\/home\/reduciran-tramites-y-tiempo-para-acceder-a-vivienda-en-la-cdmx\/"]}]},{"@type":"ImageObject","inLanguage":"es","@id":"https:\/\/agencia.252.com.mx\/home\/reduciran-tramites-y-tiempo-para-acceder-a-vivienda-en-la-cdmx\/#primaryimage","url":"https:\/\/agencia.252.com.mx\/wp-content\/uploads\/2026\/09\/WhatsApp-Image-2026-09-03-at-1.23.32-PM.jpeg","contentUrl":"https:\/\/agencia.252.com.mx\/wp-content\/uploads\/2026\/09\/WhatsApp-Image-2026-09-03-at-1.23.32-PM.jpeg","width":2560,"height":1706},{"@type":"BreadcrumbList","@id":"https:\/\/agencia.252.com.mx\/home\/reduciran-tramites-y-tiempo-para-acceder-a-vivienda-en-la-cdmx\/#breadcrumb","itemListElement":[{"@type":"ListItem","position":1,"name":"Portada","item":"https:\/\/agencia.252.com.mx\/home\/"},{"@type":"ListItem","position":2,"name":"Reducir\u00e1n tramites y tiempo para acceder a vivienda en la CDMX"}]},{"@type":"WebSite","@id":"https:\/\/agencia.252.com.mx\/home\/#website","url":"https:\/\/agencia.252.com.mx\/home\/","name":"Agencia252","description":"Tu espacio en la Red","publisher":{"@id":"https:\/\/agencia.252.com.mx\/home\/#organization"},"potentialAction":[{"@type":"SearchAction","target":{"@type":"EntryPoint","urlTemplate":"https:\/\/agencia.252.com.mx\/home\/?s={search_term_string}"},"query-input":{"@type":"PropertyValueSpecification","valueRequired":true,"valueName":"search_term_string"}}],"inLanguage":"es"},{"@type":"Organization","@id":"https:\/\/agencia.252.com.mx\/home\/#organization","name":"Agencia252","url":"https:\/\/agencia.252.com.mx\/home\/","logo":{"@type":"ImageObject","inLanguage":"es","@id":"https:\/\/agencia.252.com.mx\/home\/#\/schema\/logo\/image\/","url":"https:\/\/agencia.252.com.mx\/wp-content\/uploads\/2023\/02\/cropped-ciruclo-agencia-e1677562404136.png","contentUrl":"https:\/\/agencia.252.com.mx\/wp-content\/uploads\/2023\/02\/cropped-ciruclo-agencia-e1677562404136.png","width":512,"height":512,"caption":"Agencia252"},"image":{"@id":"https:\/\/agencia.252.com.mx\/home\/#\/schema\/logo\/image\/"},"sameAs":["https:\/\/www.facebook.com\/252Comunicacion\/","https:\/\/x.com\/252COMS"]},{"@type":"Person","@id":"https:\/\/agencia.252.com.mx\/home\/#\/schema\/person\/6b972021e9a92d45ade8c78d81509098","name":"Nacho Corro","image":{"@type":"ImageObject","inLanguage":"es","@id":"https:\/\/secure.gravatar.com\/avatar\/5db6df507cfe1307e192fbb498c6b85f1cf2ffd8b4cd37141b9eea588fcbd5a4?s=96&r=g","url":"https:\/\/secure.gravatar.com\/avatar\/5db6df507cfe1307e192fbb498c6b85f1cf2ffd8b4cd37141b9eea588fcbd5a4?s=96&r=g","contentUrl":"https:\/\/secure.gravatar.com\/avatar\/5db6df507cfe1307e192fbb498c6b85f1cf2ffd8b4cd37141b9eea588fcbd5a4?s=96&r=g","caption":"Nacho Corro"},"description":"Comunicador Social, Periodista y Administraci\u00f3n P\u00fablica. Conversador pol\u00edtico, temas electorales y seguridad. Generador de contenidos digitales. Amante de la fotograf\u00eda","sameAs":["https:\/\/www.facebook.com\/jcorroherrera\/","www.instagram.com\/nachocorro\/","https:\/\/x.com\/Juan Ignacio Corro Herrera"],"url":"https:\/\/agencia.252.com.mx\/home\/author\/i-corro\/"}]}},"_links":{"self":[{"href":"https:\/\/agencia.252.com.mx\/home\/wp-json\/wp\/v2\/posts\/23112","targetHints":{"allow":["GET"]}}],"collection":[{"href":"https:\/\/agencia.252.com.mx\/home\/wp-json\/wp\/v2\/posts"}],"about":[{"href":"https:\/\/agencia.252.com.mx\/home\/wp-json\/wp\/v2\/types\/post"}],"author":[{"embeddable":true,"href":"https:\/\/agencia.252.com.mx\/home\/wp-json\/wp\/v2\/users\/5"}],"replies":[{"embeddable":true,"href":"https:\/\/agencia.252.com.mx\/home\/wp-json\/wp\/v2\/comments?post=23112"}],"version-history":[{"count":1,"href":"https:\/\/agencia.252.com.mx\/home\/wp-json\/wp\/v2\/posts\/23112\/revisions"}],"predecessor-version":[{"id":23115,"href":"https:\/\/agencia.252.com.mx\/home\/wp-json\/wp\/v2\/posts\/23112\/revisions\/23115"}],"wp:featuredmedia":[{"embeddable":true,"href":"https:\/\/agencia.252.com.mx\/home\/wp-json\/wp\/v2\/media\/23114"}],"wp:attachment":[{"href":"https:\/\/agencia.252.com.mx\/home\/wp-json\/wp\/v2\/media?parent=23112"}],"wp:term":[{"taxonomy":"category","embeddable":true,"href":"https:\/\/agencia.252.com.mx\/home\/wp-json\/wp\/v2\/categories?post=23112"},{"taxonomy":"post_tag","embeddable":true,"href":"https:\/\/agencia.252.com.mx\/home\/wp-json\/wp\/v2\/tags?post=23112"}],"curies":[{"name":"wp","href":"https:\/\/api.w.org\/{rel}","templated":true}]}}