{"id":23098,"date":"2026-09-03T12:27:24","date_gmt":"2026-09-03T18:27:24","guid":{"rendered":"https:\/\/agencia.252.com.mx\/home\/?p=23098"},"modified":"2026-09-03T12:44:04","modified_gmt":"2026-09-03T18:44:04","slug":"el-multihomicidio-de-bosques-esmeralda-recordara-los-152-anos-de-la-fundacion-de-atizapan-de-zaragoza","status":"publish","type":"post","link":"https:\/\/agencia.252.com.mx\/home\/el-multihomicidio-de-bosques-esmeralda-recordara-los-152-anos-de-la-fundacion-de-atizapan-de-zaragoza\/","title":{"rendered":"El multihomicidio de Bosques Esmeralda recordara los 152 a\u00f1os de la fundaci\u00f3n de Atizap\u00e1n de Zaragoza"},"content":{"rendered":"<p>Visitas: 6<\/p>\n<ul class=\"wp-block-list\">\n<li><em>En medio del brutal multihomicidio que puso a Atizap\u00e1n en la agenda medi\u00e1tica y criminal nacional se festeja el aniversario de la localidad &nbsp;<\/em><\/li>\n\n\n\n<li><em>El edil Pedro Rodr\u00edguez refrenda que la suma de voluntades permitir\u00e1 la concreci\u00f3n de obras y acciones para las siguientes generaciones.<\/em><\/li>\n<\/ul>\n\n\n\n<p class=\"wp-block-paragraph\">Juan Ignacio Corro<\/p>\n\n\n\n<p class=\"has-text-align-right wp-block-paragraph\">Atizap\u00e1n de Zaragoza, a 3 de septiembre de 2025<\/p>\n\n\n\n<p class=\"wp-block-paragraph\">Durante la ceremonia conmemorativa por los 152 a\u00f1os de la fundaci\u00f3n de Atizap\u00e1n de Zaragoza, el Presidente Municipal Pedro Rodr\u00edguez destaco los trabajos de su administraci\u00f3n y el compromiso de seguir trabajando para que el municipio siga creciendo con obras p\u00fablicas que trasciendan generaciones y acciones que lo mantengan como uno de los mejores municipios para vivir.<\/p>\n\n\n\n<p class=\"wp-block-paragraph\">Acompa\u00f1ado de su esposa, Patricia Ar\u00e9valo, festejo las cifras de su gesti\u00f3n, mismas que no hubieran sido posible sin la suma de voluntades, de todos y cada uno de los miembros del cabildo y sin esa generosidad de ver siempre por las y los atizapenses.<\/p>\n\n\n\n<figure class=\"wp-block-image alignleft size-medium\"><img fetchpriority=\"high\" decoding=\"async\" width=\"225\" height=\"300\" src=\"https:\/\/agencia.252.com.mx\/wp-content\/uploads\/2026\/09\/WhatsApp-Image-2026-09-03-at-11.35.34-AM-225x300.jpeg\" alt=\"\" class=\"wp-image-23100\" srcset=\"https:\/\/agencia.252.com.mx\/wp-content\/uploads\/2026\/09\/WhatsApp-Image-2026-09-03-at-11.35.34-AM-225x300.jpeg 225w, https:\/\/agencia.252.com.mx\/wp-content\/uploads\/2026\/09\/WhatsApp-Image-2026-09-03-at-11.35.34-AM-768x1024.jpeg 768w, https:\/\/agencia.252.com.mx\/wp-content\/uploads\/2026\/09\/WhatsApp-Image-2026-09-03-at-11.35.34-AM.jpeg 960w\" sizes=\"(max-width: 225px) 100vw, 225px\" \/><\/figure>\n\n\n\n<p class=\"wp-block-paragraph\">Celebro que se hayan olvidado los proyectos personales y el tinte partidista y sumar voluntades para dejar trascendencia en el municipio.<\/p>\n\n\n\n<p class=\"wp-block-paragraph\">Durante este a\u00f1o se han invertido 150 millones de pesos en apoyo a las familias atizapenses a trav\u00e9s del Salario Familiar, as\u00ed como 52 millones de pesos destinados al Programa Municipal de Becas Educativas 2026.<\/p>\n\n\n\n<p class=\"wp-block-paragraph\">Agreg\u00f3 que recientemente se entregaron paquetes escolares gratuitos para que las y los estudiantes de Atizap\u00e1n regresen a clases con herramientas b\u00e1sicas para continuar con su preparaci\u00f3n y alcanzar sus sue\u00f1os y metas.<\/p>\n\n\n\n<p class=\"wp-block-paragraph\">Lo anterior, aseguro, es reflejo de una administraci\u00f3n con experiencia, responsabilidad y de beneficio para las y los atizapenses, toda vez que es una forma de regresar a la ciudadan\u00eda parte de los impuestos que puntualmente pagan.<\/p>\n\n\n\n<p class=\"wp-block-paragraph\">En el evento, el Cronista Municipal, Arturo Trueba Urban, destac\u00f3 el papel de los tres pueblos originarios que dieron origen al municipio: Atizap\u00e1n, cuyo significado es \u201cLugar de Aguas Blancas o Zarcas\u201d; Calacoaya, \u201cPuerta de Entrada\u201d; y Tecoloapan, \u201cR\u00edo de Tecolotes\u201d.<\/p>\n\n\n\n<p class=\"wp-block-paragraph\">Se\u00f1al\u00f3 que se trata de una sociedad trabajadora y con identidad que, a lo largo de los a\u00f1os, se ha transformado hasta ser un municipio pujante que no olvida su historia.<\/p>\n\n\n\n<p class=\"wp-block-paragraph\">La celebraci\u00f3n del aniversario de Atizap\u00e1n de Zaragoza de 2026 ser\u00e1 recordada por la opini\u00f3n publica en el marco de los acontecimientos por el multi homicidio en Bosque Esmeralda, donde fueron asesinados Jonathan Samuel Mel\u00e9ndez Ochoa, tecladista y fundador de la agrupaci\u00f3n Camilo S\u00e9ptimo y su familia, en un departamento de una torre residencial al interior del fraccionamiento Grand Viure, ubicado en \u201cZona Esmeralda\u201d, Atizap\u00e1n de Zaragoza<\/p>\n\n\n\n<p class=\"wp-block-paragraph\">Tambien te puede interesar esta nota: <\/p>\n\n\n\n<p class=\"wp-block-paragraph\"><a href=\"https:\/\/agencia.252.com.mx\/home\/roban-mas-motos-que-autos-en-atizapan-de-zaragoza\/\">Roban mas motos que autos en Atizap\u00e1n de Zaragoza<\/a><\/p>\n\n\n\n<p class=\"wp-block-paragraph\"><\/p>\n","protected":false},"excerpt":{"rendered":"<p>Visitas: 6 Juan Ignacio Corro Atizap\u00e1n de Zaragoza, a 3 de septiembre de 2025 Durante la ceremonia conmemorativa por los 152 a\u00f1os de la fundaci\u00f3n de Atizap\u00e1n de Zaragoza, el Presidente Municipal Pedro Rodr\u00edguez destaco los trabajos de su administraci\u00f3n y el compromiso de seguir trabajando para que el municipio siga creciendo con obras p\u00fablicas [&hellip;]<\/p>\n","protected":false},"author":5,"featured_media":23099,"comment_status":"open","ping_status":"open","sticky":false,"template":"","format":"standard","meta":{"site-sidebar-layout":"default","site-content-layout":"","ast-site-content-layout":"default","site-content-style":"default","site-sidebar-style":"default","ast-global-header-display":"","ast-banner-title-visibility":"","ast-main-header-display":"","ast-hfb-above-header-display":"","ast-hfb-below-header-display":"","ast-hfb-mobile-header-display":"","site-post-title":"","ast-breadcrumbs-content":"","ast-featured-img":"","footer-sml-layout":"","ast-disable-related-posts":"","theme-transparent-header-meta":"","adv-header-id-meta":"","stick-header-meta":"","header-above-stick-meta":"","header-main-stick-meta":"","header-below-stick-meta":"","astra-migrate-meta-layouts":"set","ast-page-background-enabled":"default","ast-page-background-meta":{"desktop":{"background-color":"var(--ast-global-color-4)","background-image":"","background-repeat":"repeat","background-position":"center center","background-size":"auto","background-attachment":"scroll","background-type":"","background-media":"","overlay-type":"","overlay-color":"","overlay-opacity":"","overlay-gradient":""},"tablet":{"background-color":"","background-image":"","background-repeat":"repeat","background-position":"center center","background-size":"auto","background-attachment":"scroll","background-type":"","background-media":"","overlay-type":"","overlay-color":"","overlay-opacity":"","overlay-gradient":""},"mobile":{"background-color":"","background-image":"","background-repeat":"repeat","background-position":"center center","background-size":"auto","background-attachment":"scroll","background-type":"","background-media":"","overlay-type":"","overlay-color":"","overlay-opacity":"","overlay-gradient":""}},"ast-content-background-meta":{"desktop":{"background-color":"var(--ast-global-color-5)","background-image":"","background-repeat":"repeat","background-position":"center center","background-size":"auto","background-attachment":"scroll","background-type":"","background-media":"","overlay-type":"","overlay-color":"","overlay-opacity":"","overlay-gradient":""},"tablet":{"background-color":"var(--ast-global-color-5)","background-image":"","background-repeat":"repeat","background-position":"center center","background-size":"auto","background-attachment":"scroll","background-type":"","background-media":"","overlay-type":"","overlay-color":"","overlay-opacity":"","overlay-gradient":""},"mobile":{"background-color":"var(--ast-global-color-5)","background-image":"","background-repeat":"repeat","background-position":"center center","background-size":"auto","background-attachment":"scroll","background-type":"","background-media":"","overlay-type":"","overlay-color":"","overlay-opacity":"","overlay-gradient":""}},"footnotes":""},"categories":[58,8,512,345,68],"tags":[526],"class_list":["post-23098","post","type-post","status-publish","format-standard","has-post-thumbnail","hentry","category-atizapan","category-edomex","category-metropoli","category-municipios","category-seguridad","tag-edomex"],"yoast_head":"<!-- This site is optimized with the Yoast SEO plugin v28.4 - https:\/\/yoast.com\/product\/yoast-seo-wordpress\/ -->\n<title>El multihomicidio de Bosques Esmeralda recordara los 152 a\u00f1os de la fundaci\u00f3n de Atizap\u00e1n de Zaragoza - Agencia252<\/title>\n<meta name=\"robots\" content=\"index, follow, max-snippet:-1, max-image-preview:large, max-video-preview:-1\" \/>\n<link rel=\"canonical\" href=\"https:\/\/agencia.252.com.mx\/home\/el-multihomicidio-de-bosques-esmeralda-recordara-los-152-anos-de-la-fundacion-de-atizapan-de-zaragoza\/\" \/>\n<meta property=\"og:locale\" content=\"es_ES\" \/>\n<meta property=\"og:type\" content=\"article\" \/>\n<meta property=\"og:title\" content=\"El multihomicidio de Bosques Esmeralda recordara los 152 a\u00f1os de la fundaci\u00f3n de Atizap\u00e1n de Zaragoza - Agencia252\" \/>\n<meta property=\"og:description\" content=\"Visitas: 6 Juan Ignacio Corro Atizap\u00e1n de Zaragoza, a 3 de septiembre de 2025 Durante la ceremonia conmemorativa por los 152 a\u00f1os de la fundaci\u00f3n de Atizap\u00e1n de Zaragoza, el Presidente Municipal Pedro Rodr\u00edguez destaco los trabajos de su administraci\u00f3n y el compromiso de seguir trabajando para que el municipio siga creciendo con obras p\u00fablicas [&hellip;]\" \/>\n<meta property=\"og:url\" content=\"https:\/\/agencia.252.com.mx\/home\/el-multihomicidio-de-bosques-esmeralda-recordara-los-152-anos-de-la-fundacion-de-atizapan-de-zaragoza\/\" \/>\n<meta property=\"og:site_name\" content=\"Agencia252\" \/>\n<meta property=\"article:publisher\" content=\"https:\/\/www.facebook.com\/252Comunicacion\/\" \/>\n<meta property=\"article:author\" content=\"https:\/\/www.facebook.com\/jcorroherrera\/\" \/>\n<meta property=\"article:published_time\" content=\"2026-09-03T18:27:24+00:00\" \/>\n<meta property=\"article:modified_time\" content=\"2026-09-03T18:44:04+00:00\" \/>\n<meta property=\"og:image\" content=\"http:\/\/agencia.252.com.mx\/wp-content\/uploads\/2026\/09\/WhatsApp-Image-2026-09-03-at-11.35.33-AM.jpeg\" \/>\n\t<meta property=\"og:image:width\" content=\"1280\" \/>\n\t<meta property=\"og:image:height\" content=\"960\" \/>\n\t<meta property=\"og:image:type\" content=\"image\/jpeg\" \/>\n<meta name=\"author\" content=\"Nacho Corro\" \/>\n<meta name=\"twitter:card\" content=\"summary_large_image\" \/>\n<meta name=\"twitter:creator\" content=\"@Juan Ignacio Corro Herrera\" \/>\n<meta name=\"twitter:site\" content=\"@252COMS\" \/>\n<meta name=\"twitter:label1\" content=\"Escrito por\" \/>\n\t<meta name=\"twitter:data1\" content=\"Nacho Corro\" \/>\n\t<meta name=\"twitter:label2\" content=\"Tiempo de lectura\" \/>\n\t<meta name=\"twitter:data2\" content=\"3 minutos\" \/>\n<script type=\"application\/ld+json\" class=\"yoast-schema-graph\">{\"@context\":\"https:\\\/\\\/schema.org\",\"@graph\":[{\"@type\":\"Article\",\"@id\":\"https:\\\/\\\/agencia.252.com.mx\\\/home\\\/el-multihomicidio-de-bosques-esmeralda-recordara-los-152-anos-de-la-fundacion-de-atizapan-de-zaragoza\\\/#article\",\"isPartOf\":{\"@id\":\"https:\\\/\\\/agencia.252.com.mx\\\/home\\\/el-multihomicidio-de-bosques-esmeralda-recordara-los-152-anos-de-la-fundacion-de-atizapan-de-zaragoza\\\/\"},\"author\":{\"name\":\"Nacho Corro\",\"@id\":\"https:\\\/\\\/agencia.252.com.mx\\\/home\\\/#\\\/schema\\\/person\\\/6b972021e9a92d45ade8c78d81509098\"},\"headline\":\"El multihomicidio de Bosques Esmeralda recordara los 152 a\u00f1os de la fundaci\u00f3n de Atizap\u00e1n de Zaragoza\",\"datePublished\":\"2026-09-03T18:27:24+00:00\",\"dateModified\":\"2026-09-03T18:44:04+00:00\",\"mainEntityOfPage\":{\"@id\":\"https:\\\/\\\/agencia.252.com.mx\\\/home\\\/el-multihomicidio-de-bosques-esmeralda-recordara-los-152-anos-de-la-fundacion-de-atizapan-de-zaragoza\\\/\"},\"wordCount\":484,\"commentCount\":0,\"publisher\":{\"@id\":\"https:\\\/\\\/agencia.252.com.mx\\\/home\\\/#organization\"},\"image\":{\"@id\":\"https:\\\/\\\/agencia.252.com.mx\\\/home\\\/el-multihomicidio-de-bosques-esmeralda-recordara-los-152-anos-de-la-fundacion-de-atizapan-de-zaragoza\\\/#primaryimage\"},\"thumbnailUrl\":\"https:\\\/\\\/agencia.252.com.mx\\\/wp-content\\\/uploads\\\/2026\\\/09\\\/WhatsApp-Image-2026-09-03-at-11.35.33-AM.jpeg\",\"keywords\":[\"Edomex\"],\"articleSection\":[\"Atizap\u00e1n\",\"Edomex\",\"Metropoli\",\"Municipios\",\"Seguridad\"],\"inLanguage\":\"es\",\"potentialAction\":[{\"@type\":\"CommentAction\",\"name\":\"Comment\",\"target\":[\"https:\\\/\\\/agencia.252.com.mx\\\/home\\\/el-multihomicidio-de-bosques-esmeralda-recordara-los-152-anos-de-la-fundacion-de-atizapan-de-zaragoza\\\/#respond\"]}]},{\"@type\":\"WebPage\",\"@id\":\"https:\\\/\\\/agencia.252.com.mx\\\/home\\\/el-multihomicidio-de-bosques-esmeralda-recordara-los-152-anos-de-la-fundacion-de-atizapan-de-zaragoza\\\/\",\"url\":\"https:\\\/\\\/agencia.252.com.mx\\\/home\\\/el-multihomicidio-de-bosques-esmeralda-recordara-los-152-anos-de-la-fundacion-de-atizapan-de-zaragoza\\\/\",\"name\":\"El multihomicidio de Bosques Esmeralda recordara los 152 a\u00f1os de la fundaci\u00f3n de Atizap\u00e1n de Zaragoza - Agencia252\",\"isPartOf\":{\"@id\":\"https:\\\/\\\/agencia.252.com.mx\\\/home\\\/#website\"},\"primaryImageOfPage\":{\"@id\":\"https:\\\/\\\/agencia.252.com.mx\\\/home\\\/el-multihomicidio-de-bosques-esmeralda-recordara-los-152-anos-de-la-fundacion-de-atizapan-de-zaragoza\\\/#primaryimage\"},\"image\":{\"@id\":\"https:\\\/\\\/agencia.252.com.mx\\\/home\\\/el-multihomicidio-de-bosques-esmeralda-recordara-los-152-anos-de-la-fundacion-de-atizapan-de-zaragoza\\\/#primaryimage\"},\"thumbnailUrl\":\"https:\\\/\\\/agencia.252.com.mx\\\/wp-content\\\/uploads\\\/2026\\\/09\\\/WhatsApp-Image-2026-09-03-at-11.35.33-AM.jpeg\",\"datePublished\":\"2026-09-03T18:27:24+00:00\",\"dateModified\":\"2026-09-03T18:44:04+00:00\",\"breadcrumb\":{\"@id\":\"https:\\\/\\\/agencia.252.com.mx\\\/home\\\/el-multihomicidio-de-bosques-esmeralda-recordara-los-152-anos-de-la-fundacion-de-atizapan-de-zaragoza\\\/#breadcrumb\"},\"inLanguage\":\"es\",\"potentialAction\":[{\"@type\":\"ReadAction\",\"target\":[\"https:\\\/\\\/agencia.252.com.mx\\\/home\\\/el-multihomicidio-de-bosques-esmeralda-recordara-los-152-anos-de-la-fundacion-de-atizapan-de-zaragoza\\\/\"]}]},{\"@type\":\"ImageObject\",\"inLanguage\":\"es\",\"@id\":\"https:\\\/\\\/agencia.252.com.mx\\\/home\\\/el-multihomicidio-de-bosques-esmeralda-recordara-los-152-anos-de-la-fundacion-de-atizapan-de-zaragoza\\\/#primaryimage\",\"url\":\"https:\\\/\\\/agencia.252.com.mx\\\/wp-content\\\/uploads\\\/2026\\\/09\\\/WhatsApp-Image-2026-09-03-at-11.35.33-AM.jpeg\",\"contentUrl\":\"https:\\\/\\\/agencia.252.com.mx\\\/wp-content\\\/uploads\\\/2026\\\/09\\\/WhatsApp-Image-2026-09-03-at-11.35.33-AM.jpeg\",\"width\":1280,\"height\":960},{\"@type\":\"BreadcrumbList\",\"@id\":\"https:\\\/\\\/agencia.252.com.mx\\\/home\\\/el-multihomicidio-de-bosques-esmeralda-recordara-los-152-anos-de-la-fundacion-de-atizapan-de-zaragoza\\\/#breadcrumb\",\"itemListElement\":[{\"@type\":\"ListItem\",\"position\":1,\"name\":\"Portada\",\"item\":\"https:\\\/\\\/agencia.252.com.mx\\\/home\\\/\"},{\"@type\":\"ListItem\",\"position\":2,\"name\":\"El multihomicidio de Bosques Esmeralda recordara los 152 a\u00f1os de la fundaci\u00f3n de Atizap\u00e1n de Zaragoza\"}]},{\"@type\":\"WebSite\",\"@id\":\"https:\\\/\\\/agencia.252.com.mx\\\/home\\\/#website\",\"url\":\"https:\\\/\\\/agencia.252.com.mx\\\/home\\\/\",\"name\":\"Agencia252\",\"description\":\"Tu espacio en la Red\",\"publisher\":{\"@id\":\"https:\\\/\\\/agencia.252.com.mx\\\/home\\\/#organization\"},\"potentialAction\":[{\"@type\":\"SearchAction\",\"target\":{\"@type\":\"EntryPoint\",\"urlTemplate\":\"https:\\\/\\\/agencia.252.com.mx\\\/home\\\/?s={search_term_string}\"},\"query-input\":{\"@type\":\"PropertyValueSpecification\",\"valueRequired\":true,\"valueName\":\"search_term_string\"}}],\"inLanguage\":\"es\"},{\"@type\":\"Organization\",\"@id\":\"https:\\\/\\\/agencia.252.com.mx\\\/home\\\/#organization\",\"name\":\"Agencia252\",\"url\":\"https:\\\/\\\/agencia.252.com.mx\\\/home\\\/\",\"logo\":{\"@type\":\"ImageObject\",\"inLanguage\":\"es\",\"@id\":\"https:\\\/\\\/agencia.252.com.mx\\\/home\\\/#\\\/schema\\\/logo\\\/image\\\/\",\"url\":\"https:\\\/\\\/agencia.252.com.mx\\\/wp-content\\\/uploads\\\/2023\\\/02\\\/cropped-ciruclo-agencia-e1677562404136.png\",\"contentUrl\":\"https:\\\/\\\/agencia.252.com.mx\\\/wp-content\\\/uploads\\\/2023\\\/02\\\/cropped-ciruclo-agencia-e1677562404136.png\",\"width\":512,\"height\":512,\"caption\":\"Agencia252\"},\"image\":{\"@id\":\"https:\\\/\\\/agencia.252.com.mx\\\/home\\\/#\\\/schema\\\/logo\\\/image\\\/\"},\"sameAs\":[\"https:\\\/\\\/www.facebook.com\\\/252Comunicacion\\\/\",\"https:\\\/\\\/x.com\\\/252COMS\"]},{\"@type\":\"Person\",\"@id\":\"https:\\\/\\\/agencia.252.com.mx\\\/home\\\/#\\\/schema\\\/person\\\/6b972021e9a92d45ade8c78d81509098\",\"name\":\"Nacho Corro\",\"image\":{\"@type\":\"ImageObject\",\"inLanguage\":\"es\",\"@id\":\"https:\\\/\\\/secure.gravatar.com\\\/avatar\\\/5db6df507cfe1307e192fbb498c6b85f1cf2ffd8b4cd37141b9eea588fcbd5a4?s=96&r=g\",\"url\":\"https:\\\/\\\/secure.gravatar.com\\\/avatar\\\/5db6df507cfe1307e192fbb498c6b85f1cf2ffd8b4cd37141b9eea588fcbd5a4?s=96&r=g\",\"contentUrl\":\"https:\\\/\\\/secure.gravatar.com\\\/avatar\\\/5db6df507cfe1307e192fbb498c6b85f1cf2ffd8b4cd37141b9eea588fcbd5a4?s=96&r=g\",\"caption\":\"Nacho Corro\"},\"description\":\"Comunicador Social, Periodista y Administraci\u00f3n P\u00fablica. Conversador pol\u00edtico, temas electorales y seguridad. Generador de contenidos digitales. Amante de la fotograf\u00eda\",\"sameAs\":[\"https:\\\/\\\/www.facebook.com\\\/jcorroherrera\\\/\",\"www.instagram.com\\\/nachocorro\\\/\",\"https:\\\/\\\/x.com\\\/Juan Ignacio Corro Herrera\"],\"url\":\"https:\\\/\\\/agencia.252.com.mx\\\/home\\\/author\\\/i-corro\\\/\"}]}<\/script>\n<!-- \/ Yoast SEO plugin. -->","yoast_head_json":{"title":"El multihomicidio de Bosques Esmeralda recordara los 152 a\u00f1os de la fundaci\u00f3n de Atizap\u00e1n de Zaragoza - Agencia252","robots":{"index":"index","follow":"follow","max-snippet":"max-snippet:-1","max-image-preview":"max-image-preview:large","max-video-preview":"max-video-preview:-1"},"canonical":"https:\/\/agencia.252.com.mx\/home\/el-multihomicidio-de-bosques-esmeralda-recordara-los-152-anos-de-la-fundacion-de-atizapan-de-zaragoza\/","og_locale":"es_ES","og_type":"article","og_title":"El multihomicidio de Bosques Esmeralda recordara los 152 a\u00f1os de la fundaci\u00f3n de Atizap\u00e1n de Zaragoza - Agencia252","og_description":"Visitas: 6 Juan Ignacio Corro Atizap\u00e1n de Zaragoza, a 3 de septiembre de 2025 Durante la ceremonia conmemorativa por los 152 a\u00f1os de la fundaci\u00f3n de Atizap\u00e1n de Zaragoza, el Presidente Municipal Pedro Rodr\u00edguez destaco los trabajos de su administraci\u00f3n y el compromiso de seguir trabajando para que el municipio siga creciendo con obras p\u00fablicas [&hellip;]","og_url":"https:\/\/agencia.252.com.mx\/home\/el-multihomicidio-de-bosques-esmeralda-recordara-los-152-anos-de-la-fundacion-de-atizapan-de-zaragoza\/","og_site_name":"Agencia252","article_publisher":"https:\/\/www.facebook.com\/252Comunicacion\/","article_author":"https:\/\/www.facebook.com\/jcorroherrera\/","article_published_time":"2026-09-03T18:27:24+00:00","article_modified_time":"2026-09-03T18:44:04+00:00","og_image":[{"width":1280,"height":960,"url":"http:\/\/agencia.252.com.mx\/wp-content\/uploads\/2026\/09\/WhatsApp-Image-2026-09-03-at-11.35.33-AM.jpeg","type":"image\/jpeg"}],"author":"Nacho Corro","twitter_card":"summary_large_image","twitter_creator":"@Juan Ignacio Corro Herrera","twitter_site":"@252COMS","twitter_misc":{"Escrito por":"Nacho Corro","Tiempo de lectura":"3 minutos"},"schema":{"@context":"https:\/\/schema.org","@graph":[{"@type":"Article","@id":"https:\/\/agencia.252.com.mx\/home\/el-multihomicidio-de-bosques-esmeralda-recordara-los-152-anos-de-la-fundacion-de-atizapan-de-zaragoza\/#article","isPartOf":{"@id":"https:\/\/agencia.252.com.mx\/home\/el-multihomicidio-de-bosques-esmeralda-recordara-los-152-anos-de-la-fundacion-de-atizapan-de-zaragoza\/"},"author":{"name":"Nacho Corro","@id":"https:\/\/agencia.252.com.mx\/home\/#\/schema\/person\/6b972021e9a92d45ade8c78d81509098"},"headline":"El multihomicidio de Bosques Esmeralda recordara los 152 a\u00f1os de la fundaci\u00f3n de Atizap\u00e1n de Zaragoza","datePublished":"2026-09-03T18:27:24+00:00","dateModified":"2026-09-03T18:44:04+00:00","mainEntityOfPage":{"@id":"https:\/\/agencia.252.com.mx\/home\/el-multihomicidio-de-bosques-esmeralda-recordara-los-152-anos-de-la-fundacion-de-atizapan-de-zaragoza\/"},"wordCount":484,"commentCount":0,"publisher":{"@id":"https:\/\/agencia.252.com.mx\/home\/#organization"},"image":{"@id":"https:\/\/agencia.252.com.mx\/home\/el-multihomicidio-de-bosques-esmeralda-recordara-los-152-anos-de-la-fundacion-de-atizapan-de-zaragoza\/#primaryimage"},"thumbnailUrl":"https:\/\/agencia.252.com.mx\/wp-content\/uploads\/2026\/09\/WhatsApp-Image-2026-09-03-at-11.35.33-AM.jpeg","keywords":["Edomex"],"articleSection":["Atizap\u00e1n","Edomex","Metropoli","Municipios","Seguridad"],"inLanguage":"es","potentialAction":[{"@type":"CommentAction","name":"Comment","target":["https:\/\/agencia.252.com.mx\/home\/el-multihomicidio-de-bosques-esmeralda-recordara-los-152-anos-de-la-fundacion-de-atizapan-de-zaragoza\/#respond"]}]},{"@type":"WebPage","@id":"https:\/\/agencia.252.com.mx\/home\/el-multihomicidio-de-bosques-esmeralda-recordara-los-152-anos-de-la-fundacion-de-atizapan-de-zaragoza\/","url":"https:\/\/agencia.252.com.mx\/home\/el-multihomicidio-de-bosques-esmeralda-recordara-los-152-anos-de-la-fundacion-de-atizapan-de-zaragoza\/","name":"El multihomicidio de Bosques Esmeralda recordara los 152 a\u00f1os de la fundaci\u00f3n de Atizap\u00e1n de Zaragoza - Agencia252","isPartOf":{"@id":"https:\/\/agencia.252.com.mx\/home\/#website"},"primaryImageOfPage":{"@id":"https:\/\/agencia.252.com.mx\/home\/el-multihomicidio-de-bosques-esmeralda-recordara-los-152-anos-de-la-fundacion-de-atizapan-de-zaragoza\/#primaryimage"},"image":{"@id":"https:\/\/agencia.252.com.mx\/home\/el-multihomicidio-de-bosques-esmeralda-recordara-los-152-anos-de-la-fundacion-de-atizapan-de-zaragoza\/#primaryimage"},"thumbnailUrl":"https:\/\/agencia.252.com.mx\/wp-content\/uploads\/2026\/09\/WhatsApp-Image-2026-09-03-at-11.35.33-AM.jpeg","datePublished":"2026-09-03T18:27:24+00:00","dateModified":"2026-09-03T18:44:04+00:00","breadcrumb":{"@id":"https:\/\/agencia.252.com.mx\/home\/el-multihomicidio-de-bosques-esmeralda-recordara-los-152-anos-de-la-fundacion-de-atizapan-de-zaragoza\/#breadcrumb"},"inLanguage":"es","potentialAction":[{"@type":"ReadAction","target":["https:\/\/agencia.252.com.mx\/home\/el-multihomicidio-de-bosques-esmeralda-recordara-los-152-anos-de-la-fundacion-de-atizapan-de-zaragoza\/"]}]},{"@type":"ImageObject","inLanguage":"es","@id":"https:\/\/agencia.252.com.mx\/home\/el-multihomicidio-de-bosques-esmeralda-recordara-los-152-anos-de-la-fundacion-de-atizapan-de-zaragoza\/#primaryimage","url":"https:\/\/agencia.252.com.mx\/wp-content\/uploads\/2026\/09\/WhatsApp-Image-2026-09-03-at-11.35.33-AM.jpeg","contentUrl":"https:\/\/agencia.252.com.mx\/wp-content\/uploads\/2026\/09\/WhatsApp-Image-2026-09-03-at-11.35.33-AM.jpeg","width":1280,"height":960},{"@type":"BreadcrumbList","@id":"https:\/\/agencia.252.com.mx\/home\/el-multihomicidio-de-bosques-esmeralda-recordara-los-152-anos-de-la-fundacion-de-atizapan-de-zaragoza\/#breadcrumb","itemListElement":[{"@type":"ListItem","position":1,"name":"Portada","item":"https:\/\/agencia.252.com.mx\/home\/"},{"@type":"ListItem","position":2,"name":"El multihomicidio de Bosques Esmeralda recordara los 152 a\u00f1os de la fundaci\u00f3n de Atizap\u00e1n de Zaragoza"}]},{"@type":"WebSite","@id":"https:\/\/agencia.252.com.mx\/home\/#website","url":"https:\/\/agencia.252.com.mx\/home\/","name":"Agencia252","description":"Tu espacio en la Red","publisher":{"@id":"https:\/\/agencia.252.com.mx\/home\/#organization"},"potentialAction":[{"@type":"SearchAction","target":{"@type":"EntryPoint","urlTemplate":"https:\/\/agencia.252.com.mx\/home\/?s={search_term_string}"},"query-input":{"@type":"PropertyValueSpecification","valueRequired":true,"valueName":"search_term_string"}}],"inLanguage":"es"},{"@type":"Organization","@id":"https:\/\/agencia.252.com.mx\/home\/#organization","name":"Agencia252","url":"https:\/\/agencia.252.com.mx\/home\/","logo":{"@type":"ImageObject","inLanguage":"es","@id":"https:\/\/agencia.252.com.mx\/home\/#\/schema\/logo\/image\/","url":"https:\/\/agencia.252.com.mx\/wp-content\/uploads\/2023\/02\/cropped-ciruclo-agencia-e1677562404136.png","contentUrl":"https:\/\/agencia.252.com.mx\/wp-content\/uploads\/2023\/02\/cropped-ciruclo-agencia-e1677562404136.png","width":512,"height":512,"caption":"Agencia252"},"image":{"@id":"https:\/\/agencia.252.com.mx\/home\/#\/schema\/logo\/image\/"},"sameAs":["https:\/\/www.facebook.com\/252Comunicacion\/","https:\/\/x.com\/252COMS"]},{"@type":"Person","@id":"https:\/\/agencia.252.com.mx\/home\/#\/schema\/person\/6b972021e9a92d45ade8c78d81509098","name":"Nacho Corro","image":{"@type":"ImageObject","inLanguage":"es","@id":"https:\/\/secure.gravatar.com\/avatar\/5db6df507cfe1307e192fbb498c6b85f1cf2ffd8b4cd37141b9eea588fcbd5a4?s=96&r=g","url":"https:\/\/secure.gravatar.com\/avatar\/5db6df507cfe1307e192fbb498c6b85f1cf2ffd8b4cd37141b9eea588fcbd5a4?s=96&r=g","contentUrl":"https:\/\/secure.gravatar.com\/avatar\/5db6df507cfe1307e192fbb498c6b85f1cf2ffd8b4cd37141b9eea588fcbd5a4?s=96&r=g","caption":"Nacho Corro"},"description":"Comunicador Social, Periodista y Administraci\u00f3n P\u00fablica. Conversador pol\u00edtico, temas electorales y seguridad. Generador de contenidos digitales. Amante de la fotograf\u00eda","sameAs":["https:\/\/www.facebook.com\/jcorroherrera\/","www.instagram.com\/nachocorro\/","https:\/\/x.com\/Juan Ignacio Corro Herrera"],"url":"https:\/\/agencia.252.com.mx\/home\/author\/i-corro\/"}]}},"_links":{"self":[{"href":"https:\/\/agencia.252.com.mx\/home\/wp-json\/wp\/v2\/posts\/23098","targetHints":{"allow":["GET"]}}],"collection":[{"href":"https:\/\/agencia.252.com.mx\/home\/wp-json\/wp\/v2\/posts"}],"about":[{"href":"https:\/\/agencia.252.com.mx\/home\/wp-json\/wp\/v2\/types\/post"}],"author":[{"embeddable":true,"href":"https:\/\/agencia.252.com.mx\/home\/wp-json\/wp\/v2\/users\/5"}],"replies":[{"embeddable":true,"href":"https:\/\/agencia.252.com.mx\/home\/wp-json\/wp\/v2\/comments?post=23098"}],"version-history":[{"count":4,"href":"https:\/\/agencia.252.com.mx\/home\/wp-json\/wp\/v2\/posts\/23098\/revisions"}],"predecessor-version":[{"id":23106,"href":"https:\/\/agencia.252.com.mx\/home\/wp-json\/wp\/v2\/posts\/23098\/revisions\/23106"}],"wp:featuredmedia":[{"embeddable":true,"href":"https:\/\/agencia.252.com.mx\/home\/wp-json\/wp\/v2\/media\/23099"}],"wp:attachment":[{"href":"https:\/\/agencia.252.com.mx\/home\/wp-json\/wp\/v2\/media?parent=23098"}],"wp:term":[{"taxonomy":"category","embeddable":true,"href":"https:\/\/agencia.252.com.mx\/home\/wp-json\/wp\/v2\/categories?post=23098"},{"taxonomy":"post_tag","embeddable":true,"href":"https:\/\/agencia.252.com.mx\/home\/wp-json\/wp\/v2\/tags?post=23098"}],"curies":[{"name":"wp","href":"https:\/\/api.w.org\/{rel}","templated":true}]}}