{"id":23085,"date":"2026-09-02T20:02:13","date_gmt":"2026-09-03T02:02:13","guid":{"rendered":"https:\/\/agencia.252.com.mx\/home\/?p=23085"},"modified":"2026-09-02T20:02:16","modified_gmt":"2026-09-03T02:02:16","slug":"en-regla-armamento-y-licencia-colectiva-de-las-armas-de-la-policia-de-ecatepec","status":"publish","type":"post","link":"https:\/\/agencia.252.com.mx\/home\/en-regla-armamento-y-licencia-colectiva-de-las-armas-de-la-policia-de-ecatepec\/","title":{"rendered":"En regla armamento y licencia colectiva de las armas de la polic\u00eda de Ecatepec"},"content":{"rendered":"<p>Visitas: 2<\/p>\n<ul class=\"wp-block-list\">\n<li><em>Sedena realiza pase de revista al armamento de la polic\u00eda municipal<\/em><\/li>\n<\/ul>\n\n\n\n<p class=\"wp-block-paragraph\">Juan Ignacio Corro<\/p>\n\n\n\n<p class=\"has-text-align-right wp-block-paragraph\">Ecatepec, Estado de M\u00e9xico, a 2 de septiembre de 2025<\/p>\n\n\n\n<p class=\"wp-block-paragraph\">Personal de la Secretar\u00eda de la Defensa Nacional de la Primera Regi\u00f3n Militar realizo pase de revista de armas en los 27 sectores de la Direcci\u00f3n General de Seguridad Ciudadana y Tr\u00e1nsito Municipal, en cumplimiento a la Ley Federal de Armas de Fuego y Explosivos, y la Ley General del Sistema Nacional de Seguridad P\u00fablica.<\/p>\n\n\n\n<p class=\"wp-block-paragraph\">El comisario de Seguridad Ciudadana y Tr\u00e1nsito Municipal, Luis Alberto Taylor Gonz\u00e1lez explic\u00f3 que estas inspecciones se realizan de manera peri\u00f3dica dos veces al a\u00f1o, al armamento que tiene bajo resguardo la polic\u00eda de Ecatepec, en cumplimiento a las leyes y normas que rigen a los cuerpos policiales del pa\u00eds.<\/p>\n\n\n\n<figure class=\"wp-block-gallery has-nested-images columns-default is-cropped wp-block-gallery-1 is-layout-flex wp-block-gallery-is-layout-flex\">\n<figure class=\"wp-block-image size-large\"><img fetchpriority=\"high\" decoding=\"async\" width=\"1024\" height=\"682\" data-id=\"23087\" src=\"https:\/\/agencia.252.com.mx\/wp-content\/uploads\/2026\/09\/WhatsApp-Image-2026-09-01-at-12.15.56-PM-1024x682.jpeg\" alt=\"\" class=\"wp-image-23087\" srcset=\"https:\/\/agencia.252.com.mx\/wp-content\/uploads\/2026\/09\/WhatsApp-Image-2026-09-01-at-12.15.56-PM-1024x682.jpeg 1024w, https:\/\/agencia.252.com.mx\/wp-content\/uploads\/2026\/09\/WhatsApp-Image-2026-09-01-at-12.15.56-PM-300x200.jpeg 300w, https:\/\/agencia.252.com.mx\/wp-content\/uploads\/2026\/09\/WhatsApp-Image-2026-09-01-at-12.15.56-PM-768x512.jpeg 768w, https:\/\/agencia.252.com.mx\/wp-content\/uploads\/2026\/09\/WhatsApp-Image-2026-09-01-at-12.15.56-PM.jpeg 1280w\" sizes=\"(max-width: 1024px) 100vw, 1024px\" \/><\/figure>\n\n\n\n<figure class=\"wp-block-image size-large\"><img decoding=\"async\" width=\"1024\" height=\"671\" data-id=\"23088\" src=\"https:\/\/agencia.252.com.mx\/wp-content\/uploads\/2026\/09\/WhatsApp-Image-2026-09-01-at-12.15.56-PM-1-1024x671.jpeg\" alt=\"\" class=\"wp-image-23088\" srcset=\"https:\/\/agencia.252.com.mx\/wp-content\/uploads\/2026\/09\/WhatsApp-Image-2026-09-01-at-12.15.56-PM-1-1024x671.jpeg 1024w, https:\/\/agencia.252.com.mx\/wp-content\/uploads\/2026\/09\/WhatsApp-Image-2026-09-01-at-12.15.56-PM-1-300x197.jpeg 300w, https:\/\/agencia.252.com.mx\/wp-content\/uploads\/2026\/09\/WhatsApp-Image-2026-09-01-at-12.15.56-PM-1-768x503.jpeg 768w, https:\/\/agencia.252.com.mx\/wp-content\/uploads\/2026\/09\/WhatsApp-Image-2026-09-01-at-12.15.56-PM-1.jpeg 1280w\" sizes=\"(max-width: 1024px) 100vw, 1024px\" \/><\/figure>\n<\/figure>\n\n\n\n<p class=\"wp-block-paragraph\">\u201cLa finalidad es verificar que el armamento que posee la polic\u00eda municipal se encuentre registrado dentro de la licencia y que el portador cuente con su permiso correspondiente para que al momento de desempe\u00f1ar el servicio y si se tiene la necesidad de usar su arma de fuego se encuentre facultado para ello\u201d, explic\u00f3 el capit\u00e1n de Marina.<\/p>\n\n\n\n<p class=\"wp-block-paragraph\">Personal militar como autoridad facultada para supervisar, autorizar y registrar las armas de las corporaciones de seguridad p\u00fablica, verifica el cumplimiento de la Licencia Oficial Colectiva.<\/p>\n\n\n\n<p class=\"wp-block-paragraph\">En el pase de revista, que est\u00e1 a cargo de un Teniente de Infanter\u00eda se comprueba mediante inspecciones f\u00edsicas en los sectores, que el armamento f\u00edsico coincida con el que se encuentra registrado en la licencia colectiva.<\/p>\n\n\n\n<p class=\"wp-block-paragraph\">Durante la inspecci\u00f3n f\u00edsica los militares verifican que armas cortas y largas coincidan con la matr\u00edcula, marca y calibre, y que se encuentren en el padr\u00f3n registrado en la Licencia Oficial Colectiva.<\/p>\n\n\n\n<p class=\"wp-block-paragraph\">La revisi\u00f3n se realiza a 26 municipios que forman pare de la primera regi\u00f3n militar, entre los que se encuentra Ecatepec, y al que se destinaron de 8 a 12 d\u00edas para la inspecci\u00f3n en sectores policiales.<\/p>\n\n\n\n<p class=\"wp-block-paragraph\"><\/p>\n","protected":false},"excerpt":{"rendered":"<p>Visitas: 2 Juan Ignacio Corro Ecatepec, Estado de M\u00e9xico, a 2 de septiembre de 2025 Personal de la Secretar\u00eda de la Defensa Nacional de la Primera Regi\u00f3n Militar realizo pase de revista de armas en los 27 sectores de la Direcci\u00f3n General de Seguridad Ciudadana y Tr\u00e1nsito Municipal, en cumplimiento a la Ley Federal de [&hellip;]<\/p>\n","protected":false},"author":5,"featured_media":23086,"comment_status":"open","ping_status":"open","sticky":false,"template":"","format":"standard","meta":{"site-sidebar-layout":"default","site-content-layout":"","ast-site-content-layout":"default","site-content-style":"default","site-sidebar-style":"default","ast-global-header-display":"","ast-banner-title-visibility":"","ast-main-header-display":"","ast-hfb-above-header-display":"","ast-hfb-below-header-display":"","ast-hfb-mobile-header-display":"","site-post-title":"","ast-breadcrumbs-content":"","ast-featured-img":"","footer-sml-layout":"","ast-disable-related-posts":"","theme-transparent-header-meta":"","adv-header-id-meta":"","stick-header-meta":"","header-above-stick-meta":"","header-main-stick-meta":"","header-below-stick-meta":"","astra-migrate-meta-layouts":"set","ast-page-background-enabled":"default","ast-page-background-meta":{"desktop":{"background-color":"var(--ast-global-color-4)","background-image":"","background-repeat":"repeat","background-position":"center center","background-size":"auto","background-attachment":"scroll","background-type":"","background-media":"","overlay-type":"","overlay-color":"","overlay-opacity":"","overlay-gradient":""},"tablet":{"background-color":"","background-image":"","background-repeat":"repeat","background-position":"center center","background-size":"auto","background-attachment":"scroll","background-type":"","background-media":"","overlay-type":"","overlay-color":"","overlay-opacity":"","overlay-gradient":""},"mobile":{"background-color":"","background-image":"","background-repeat":"repeat","background-position":"center center","background-size":"auto","background-attachment":"scroll","background-type":"","background-media":"","overlay-type":"","overlay-color":"","overlay-opacity":"","overlay-gradient":""}},"ast-content-background-meta":{"desktop":{"background-color":"var(--ast-global-color-5)","background-image":"","background-repeat":"repeat","background-position":"center center","background-size":"auto","background-attachment":"scroll","background-type":"","background-media":"","overlay-type":"","overlay-color":"","overlay-opacity":"","overlay-gradient":""},"tablet":{"background-color":"var(--ast-global-color-5)","background-image":"","background-repeat":"repeat","background-position":"center center","background-size":"auto","background-attachment":"scroll","background-type":"","background-media":"","overlay-type":"","overlay-color":"","overlay-opacity":"","overlay-gradient":""},"mobile":{"background-color":"var(--ast-global-color-5)","background-image":"","background-repeat":"repeat","background-position":"center center","background-size":"auto","background-attachment":"scroll","background-type":"","background-media":"","overlay-type":"","overlay-color":"","overlay-opacity":"","overlay-gradient":""}},"footnotes":""},"categories":[38,8,512],"tags":[526],"class_list":["post-23085","post","type-post","status-publish","format-standard","has-post-thumbnail","hentry","category-ecatepec","category-edomex","category-metropoli","tag-edomex"],"yoast_head":"<!-- This site is optimized with the Yoast SEO plugin v28.4 - https:\/\/yoast.com\/product\/yoast-seo-wordpress\/ -->\n<title>En regla armamento y licencia colectiva de las armas de la polic\u00eda de Ecatepec - Agencia252<\/title>\n<meta name=\"robots\" content=\"index, follow, max-snippet:-1, max-image-preview:large, max-video-preview:-1\" \/>\n<link rel=\"canonical\" href=\"https:\/\/agencia.252.com.mx\/home\/en-regla-armamento-y-licencia-colectiva-de-las-armas-de-la-policia-de-ecatepec\/\" \/>\n<meta property=\"og:locale\" content=\"es_ES\" \/>\n<meta property=\"og:type\" content=\"article\" \/>\n<meta property=\"og:title\" content=\"En regla armamento y licencia colectiva de las armas de la polic\u00eda de Ecatepec - Agencia252\" \/>\n<meta property=\"og:description\" content=\"Visitas: 2 Juan Ignacio Corro Ecatepec, Estado de M\u00e9xico, a 2 de septiembre de 2025 Personal de la Secretar\u00eda de la Defensa Nacional de la Primera Regi\u00f3n Militar realizo pase de revista de armas en los 27 sectores de la Direcci\u00f3n General de Seguridad Ciudadana y Tr\u00e1nsito Municipal, en cumplimiento a la Ley Federal de [&hellip;]\" \/>\n<meta property=\"og:url\" content=\"https:\/\/agencia.252.com.mx\/home\/en-regla-armamento-y-licencia-colectiva-de-las-armas-de-la-policia-de-ecatepec\/\" \/>\n<meta property=\"og:site_name\" content=\"Agencia252\" \/>\n<meta property=\"article:publisher\" content=\"https:\/\/www.facebook.com\/252Comunicacion\/\" \/>\n<meta property=\"article:author\" content=\"https:\/\/www.facebook.com\/jcorroherrera\/\" \/>\n<meta property=\"article:published_time\" content=\"2026-09-03T02:02:13+00:00\" \/>\n<meta property=\"article:modified_time\" content=\"2026-09-03T02:02:16+00:00\" \/>\n<meta property=\"og:image\" content=\"http:\/\/agencia.252.com.mx\/wp-content\/uploads\/2026\/09\/WhatsApp-Image-2026-09-01-at-12.15.55-PM.jpeg\" \/>\n\t<meta property=\"og:image:width\" content=\"1280\" \/>\n\t<meta property=\"og:image:height\" content=\"853\" \/>\n\t<meta property=\"og:image:type\" content=\"image\/jpeg\" \/>\n<meta name=\"author\" content=\"Nacho Corro\" \/>\n<meta name=\"twitter:card\" content=\"summary_large_image\" \/>\n<meta name=\"twitter:creator\" content=\"@Juan Ignacio Corro Herrera\" \/>\n<meta name=\"twitter:site\" content=\"@252COMS\" \/>\n<meta name=\"twitter:label1\" content=\"Escrito por\" \/>\n\t<meta name=\"twitter:data1\" content=\"Nacho Corro\" \/>\n\t<meta name=\"twitter:label2\" content=\"Tiempo de lectura\" \/>\n\t<meta name=\"twitter:data2\" content=\"3 minutos\" \/>\n<script type=\"application\/ld+json\" class=\"yoast-schema-graph\">{\"@context\":\"https:\\\/\\\/schema.org\",\"@graph\":[{\"@type\":\"Article\",\"@id\":\"https:\\\/\\\/agencia.252.com.mx\\\/home\\\/en-regla-armamento-y-licencia-colectiva-de-las-armas-de-la-policia-de-ecatepec\\\/#article\",\"isPartOf\":{\"@id\":\"https:\\\/\\\/agencia.252.com.mx\\\/home\\\/en-regla-armamento-y-licencia-colectiva-de-las-armas-de-la-policia-de-ecatepec\\\/\"},\"author\":{\"name\":\"Nacho Corro\",\"@id\":\"https:\\\/\\\/agencia.252.com.mx\\\/home\\\/#\\\/schema\\\/person\\\/6b972021e9a92d45ade8c78d81509098\"},\"headline\":\"En regla armamento y licencia colectiva de las armas de la polic\u00eda de Ecatepec\",\"datePublished\":\"2026-09-03T02:02:13+00:00\",\"dateModified\":\"2026-09-03T02:02:16+00:00\",\"mainEntityOfPage\":{\"@id\":\"https:\\\/\\\/agencia.252.com.mx\\\/home\\\/en-regla-armamento-y-licencia-colectiva-de-las-armas-de-la-policia-de-ecatepec\\\/\"},\"wordCount\":356,\"commentCount\":0,\"publisher\":{\"@id\":\"https:\\\/\\\/agencia.252.com.mx\\\/home\\\/#organization\"},\"image\":{\"@id\":\"https:\\\/\\\/agencia.252.com.mx\\\/home\\\/en-regla-armamento-y-licencia-colectiva-de-las-armas-de-la-policia-de-ecatepec\\\/#primaryimage\"},\"thumbnailUrl\":\"https:\\\/\\\/agencia.252.com.mx\\\/wp-content\\\/uploads\\\/2026\\\/09\\\/WhatsApp-Image-2026-09-01-at-12.15.55-PM.jpeg\",\"keywords\":[\"Edomex\"],\"articleSection\":[\"Ecatepec\",\"Edomex\",\"Metropoli\"],\"inLanguage\":\"es\",\"potentialAction\":[{\"@type\":\"CommentAction\",\"name\":\"Comment\",\"target\":[\"https:\\\/\\\/agencia.252.com.mx\\\/home\\\/en-regla-armamento-y-licencia-colectiva-de-las-armas-de-la-policia-de-ecatepec\\\/#respond\"]}]},{\"@type\":\"WebPage\",\"@id\":\"https:\\\/\\\/agencia.252.com.mx\\\/home\\\/en-regla-armamento-y-licencia-colectiva-de-las-armas-de-la-policia-de-ecatepec\\\/\",\"url\":\"https:\\\/\\\/agencia.252.com.mx\\\/home\\\/en-regla-armamento-y-licencia-colectiva-de-las-armas-de-la-policia-de-ecatepec\\\/\",\"name\":\"En regla armamento y licencia colectiva de las armas de la polic\u00eda de Ecatepec - Agencia252\",\"isPartOf\":{\"@id\":\"https:\\\/\\\/agencia.252.com.mx\\\/home\\\/#website\"},\"primaryImageOfPage\":{\"@id\":\"https:\\\/\\\/agencia.252.com.mx\\\/home\\\/en-regla-armamento-y-licencia-colectiva-de-las-armas-de-la-policia-de-ecatepec\\\/#primaryimage\"},\"image\":{\"@id\":\"https:\\\/\\\/agencia.252.com.mx\\\/home\\\/en-regla-armamento-y-licencia-colectiva-de-las-armas-de-la-policia-de-ecatepec\\\/#primaryimage\"},\"thumbnailUrl\":\"https:\\\/\\\/agencia.252.com.mx\\\/wp-content\\\/uploads\\\/2026\\\/09\\\/WhatsApp-Image-2026-09-01-at-12.15.55-PM.jpeg\",\"datePublished\":\"2026-09-03T02:02:13+00:00\",\"dateModified\":\"2026-09-03T02:02:16+00:00\",\"breadcrumb\":{\"@id\":\"https:\\\/\\\/agencia.252.com.mx\\\/home\\\/en-regla-armamento-y-licencia-colectiva-de-las-armas-de-la-policia-de-ecatepec\\\/#breadcrumb\"},\"inLanguage\":\"es\",\"potentialAction\":[{\"@type\":\"ReadAction\",\"target\":[\"https:\\\/\\\/agencia.252.com.mx\\\/home\\\/en-regla-armamento-y-licencia-colectiva-de-las-armas-de-la-policia-de-ecatepec\\\/\"]}]},{\"@type\":\"ImageObject\",\"inLanguage\":\"es\",\"@id\":\"https:\\\/\\\/agencia.252.com.mx\\\/home\\\/en-regla-armamento-y-licencia-colectiva-de-las-armas-de-la-policia-de-ecatepec\\\/#primaryimage\",\"url\":\"https:\\\/\\\/agencia.252.com.mx\\\/wp-content\\\/uploads\\\/2026\\\/09\\\/WhatsApp-Image-2026-09-01-at-12.15.55-PM.jpeg\",\"contentUrl\":\"https:\\\/\\\/agencia.252.com.mx\\\/wp-content\\\/uploads\\\/2026\\\/09\\\/WhatsApp-Image-2026-09-01-at-12.15.55-PM.jpeg\",\"width\":1280,\"height\":853},{\"@type\":\"BreadcrumbList\",\"@id\":\"https:\\\/\\\/agencia.252.com.mx\\\/home\\\/en-regla-armamento-y-licencia-colectiva-de-las-armas-de-la-policia-de-ecatepec\\\/#breadcrumb\",\"itemListElement\":[{\"@type\":\"ListItem\",\"position\":1,\"name\":\"Portada\",\"item\":\"https:\\\/\\\/agencia.252.com.mx\\\/home\\\/\"},{\"@type\":\"ListItem\",\"position\":2,\"name\":\"En regla armamento y licencia colectiva de las armas de la polic\u00eda de Ecatepec\"}]},{\"@type\":\"WebSite\",\"@id\":\"https:\\\/\\\/agencia.252.com.mx\\\/home\\\/#website\",\"url\":\"https:\\\/\\\/agencia.252.com.mx\\\/home\\\/\",\"name\":\"Agencia252\",\"description\":\"Tu espacio en la Red\",\"publisher\":{\"@id\":\"https:\\\/\\\/agencia.252.com.mx\\\/home\\\/#organization\"},\"potentialAction\":[{\"@type\":\"SearchAction\",\"target\":{\"@type\":\"EntryPoint\",\"urlTemplate\":\"https:\\\/\\\/agencia.252.com.mx\\\/home\\\/?s={search_term_string}\"},\"query-input\":{\"@type\":\"PropertyValueSpecification\",\"valueRequired\":true,\"valueName\":\"search_term_string\"}}],\"inLanguage\":\"es\"},{\"@type\":\"Organization\",\"@id\":\"https:\\\/\\\/agencia.252.com.mx\\\/home\\\/#organization\",\"name\":\"Agencia252\",\"url\":\"https:\\\/\\\/agencia.252.com.mx\\\/home\\\/\",\"logo\":{\"@type\":\"ImageObject\",\"inLanguage\":\"es\",\"@id\":\"https:\\\/\\\/agencia.252.com.mx\\\/home\\\/#\\\/schema\\\/logo\\\/image\\\/\",\"url\":\"https:\\\/\\\/agencia.252.com.mx\\\/wp-content\\\/uploads\\\/2023\\\/02\\\/cropped-ciruclo-agencia-e1677562404136.png\",\"contentUrl\":\"https:\\\/\\\/agencia.252.com.mx\\\/wp-content\\\/uploads\\\/2023\\\/02\\\/cropped-ciruclo-agencia-e1677562404136.png\",\"width\":512,\"height\":512,\"caption\":\"Agencia252\"},\"image\":{\"@id\":\"https:\\\/\\\/agencia.252.com.mx\\\/home\\\/#\\\/schema\\\/logo\\\/image\\\/\"},\"sameAs\":[\"https:\\\/\\\/www.facebook.com\\\/252Comunicacion\\\/\",\"https:\\\/\\\/x.com\\\/252COMS\"]},{\"@type\":\"Person\",\"@id\":\"https:\\\/\\\/agencia.252.com.mx\\\/home\\\/#\\\/schema\\\/person\\\/6b972021e9a92d45ade8c78d81509098\",\"name\":\"Nacho Corro\",\"image\":{\"@type\":\"ImageObject\",\"inLanguage\":\"es\",\"@id\":\"https:\\\/\\\/secure.gravatar.com\\\/avatar\\\/5db6df507cfe1307e192fbb498c6b85f1cf2ffd8b4cd37141b9eea588fcbd5a4?s=96&r=g\",\"url\":\"https:\\\/\\\/secure.gravatar.com\\\/avatar\\\/5db6df507cfe1307e192fbb498c6b85f1cf2ffd8b4cd37141b9eea588fcbd5a4?s=96&r=g\",\"contentUrl\":\"https:\\\/\\\/secure.gravatar.com\\\/avatar\\\/5db6df507cfe1307e192fbb498c6b85f1cf2ffd8b4cd37141b9eea588fcbd5a4?s=96&r=g\",\"caption\":\"Nacho Corro\"},\"description\":\"Comunicador Social, Periodista y Administraci\u00f3n P\u00fablica. Conversador pol\u00edtico, temas electorales y seguridad. Generador de contenidos digitales. Amante de la fotograf\u00eda\",\"sameAs\":[\"https:\\\/\\\/www.facebook.com\\\/jcorroherrera\\\/\",\"www.instagram.com\\\/nachocorro\\\/\",\"https:\\\/\\\/x.com\\\/Juan Ignacio Corro Herrera\"],\"url\":\"https:\\\/\\\/agencia.252.com.mx\\\/home\\\/author\\\/i-corro\\\/\"}]}<\/script>\n<!-- \/ Yoast SEO plugin. -->","yoast_head_json":{"title":"En regla armamento y licencia colectiva de las armas de la polic\u00eda de Ecatepec - Agencia252","robots":{"index":"index","follow":"follow","max-snippet":"max-snippet:-1","max-image-preview":"max-image-preview:large","max-video-preview":"max-video-preview:-1"},"canonical":"https:\/\/agencia.252.com.mx\/home\/en-regla-armamento-y-licencia-colectiva-de-las-armas-de-la-policia-de-ecatepec\/","og_locale":"es_ES","og_type":"article","og_title":"En regla armamento y licencia colectiva de las armas de la polic\u00eda de Ecatepec - Agencia252","og_description":"Visitas: 2 Juan Ignacio Corro Ecatepec, Estado de M\u00e9xico, a 2 de septiembre de 2025 Personal de la Secretar\u00eda de la Defensa Nacional de la Primera Regi\u00f3n Militar realizo pase de revista de armas en los 27 sectores de la Direcci\u00f3n General de Seguridad Ciudadana y Tr\u00e1nsito Municipal, en cumplimiento a la Ley Federal de [&hellip;]","og_url":"https:\/\/agencia.252.com.mx\/home\/en-regla-armamento-y-licencia-colectiva-de-las-armas-de-la-policia-de-ecatepec\/","og_site_name":"Agencia252","article_publisher":"https:\/\/www.facebook.com\/252Comunicacion\/","article_author":"https:\/\/www.facebook.com\/jcorroherrera\/","article_published_time":"2026-09-03T02:02:13+00:00","article_modified_time":"2026-09-03T02:02:16+00:00","og_image":[{"width":1280,"height":853,"url":"http:\/\/agencia.252.com.mx\/wp-content\/uploads\/2026\/09\/WhatsApp-Image-2026-09-01-at-12.15.55-PM.jpeg","type":"image\/jpeg"}],"author":"Nacho Corro","twitter_card":"summary_large_image","twitter_creator":"@Juan Ignacio Corro Herrera","twitter_site":"@252COMS","twitter_misc":{"Escrito por":"Nacho Corro","Tiempo de lectura":"3 minutos"},"schema":{"@context":"https:\/\/schema.org","@graph":[{"@type":"Article","@id":"https:\/\/agencia.252.com.mx\/home\/en-regla-armamento-y-licencia-colectiva-de-las-armas-de-la-policia-de-ecatepec\/#article","isPartOf":{"@id":"https:\/\/agencia.252.com.mx\/home\/en-regla-armamento-y-licencia-colectiva-de-las-armas-de-la-policia-de-ecatepec\/"},"author":{"name":"Nacho Corro","@id":"https:\/\/agencia.252.com.mx\/home\/#\/schema\/person\/6b972021e9a92d45ade8c78d81509098"},"headline":"En regla armamento y licencia colectiva de las armas de la polic\u00eda de Ecatepec","datePublished":"2026-09-03T02:02:13+00:00","dateModified":"2026-09-03T02:02:16+00:00","mainEntityOfPage":{"@id":"https:\/\/agencia.252.com.mx\/home\/en-regla-armamento-y-licencia-colectiva-de-las-armas-de-la-policia-de-ecatepec\/"},"wordCount":356,"commentCount":0,"publisher":{"@id":"https:\/\/agencia.252.com.mx\/home\/#organization"},"image":{"@id":"https:\/\/agencia.252.com.mx\/home\/en-regla-armamento-y-licencia-colectiva-de-las-armas-de-la-policia-de-ecatepec\/#primaryimage"},"thumbnailUrl":"https:\/\/agencia.252.com.mx\/wp-content\/uploads\/2026\/09\/WhatsApp-Image-2026-09-01-at-12.15.55-PM.jpeg","keywords":["Edomex"],"articleSection":["Ecatepec","Edomex","Metropoli"],"inLanguage":"es","potentialAction":[{"@type":"CommentAction","name":"Comment","target":["https:\/\/agencia.252.com.mx\/home\/en-regla-armamento-y-licencia-colectiva-de-las-armas-de-la-policia-de-ecatepec\/#respond"]}]},{"@type":"WebPage","@id":"https:\/\/agencia.252.com.mx\/home\/en-regla-armamento-y-licencia-colectiva-de-las-armas-de-la-policia-de-ecatepec\/","url":"https:\/\/agencia.252.com.mx\/home\/en-regla-armamento-y-licencia-colectiva-de-las-armas-de-la-policia-de-ecatepec\/","name":"En regla armamento y licencia colectiva de las armas de la polic\u00eda de Ecatepec - Agencia252","isPartOf":{"@id":"https:\/\/agencia.252.com.mx\/home\/#website"},"primaryImageOfPage":{"@id":"https:\/\/agencia.252.com.mx\/home\/en-regla-armamento-y-licencia-colectiva-de-las-armas-de-la-policia-de-ecatepec\/#primaryimage"},"image":{"@id":"https:\/\/agencia.252.com.mx\/home\/en-regla-armamento-y-licencia-colectiva-de-las-armas-de-la-policia-de-ecatepec\/#primaryimage"},"thumbnailUrl":"https:\/\/agencia.252.com.mx\/wp-content\/uploads\/2026\/09\/WhatsApp-Image-2026-09-01-at-12.15.55-PM.jpeg","datePublished":"2026-09-03T02:02:13+00:00","dateModified":"2026-09-03T02:02:16+00:00","breadcrumb":{"@id":"https:\/\/agencia.252.com.mx\/home\/en-regla-armamento-y-licencia-colectiva-de-las-armas-de-la-policia-de-ecatepec\/#breadcrumb"},"inLanguage":"es","potentialAction":[{"@type":"ReadAction","target":["https:\/\/agencia.252.com.mx\/home\/en-regla-armamento-y-licencia-colectiva-de-las-armas-de-la-policia-de-ecatepec\/"]}]},{"@type":"ImageObject","inLanguage":"es","@id":"https:\/\/agencia.252.com.mx\/home\/en-regla-armamento-y-licencia-colectiva-de-las-armas-de-la-policia-de-ecatepec\/#primaryimage","url":"https:\/\/agencia.252.com.mx\/wp-content\/uploads\/2026\/09\/WhatsApp-Image-2026-09-01-at-12.15.55-PM.jpeg","contentUrl":"https:\/\/agencia.252.com.mx\/wp-content\/uploads\/2026\/09\/WhatsApp-Image-2026-09-01-at-12.15.55-PM.jpeg","width":1280,"height":853},{"@type":"BreadcrumbList","@id":"https:\/\/agencia.252.com.mx\/home\/en-regla-armamento-y-licencia-colectiva-de-las-armas-de-la-policia-de-ecatepec\/#breadcrumb","itemListElement":[{"@type":"ListItem","position":1,"name":"Portada","item":"https:\/\/agencia.252.com.mx\/home\/"},{"@type":"ListItem","position":2,"name":"En regla armamento y licencia colectiva de las armas de la polic\u00eda de Ecatepec"}]},{"@type":"WebSite","@id":"https:\/\/agencia.252.com.mx\/home\/#website","url":"https:\/\/agencia.252.com.mx\/home\/","name":"Agencia252","description":"Tu espacio en la Red","publisher":{"@id":"https:\/\/agencia.252.com.mx\/home\/#organization"},"potentialAction":[{"@type":"SearchAction","target":{"@type":"EntryPoint","urlTemplate":"https:\/\/agencia.252.com.mx\/home\/?s={search_term_string}"},"query-input":{"@type":"PropertyValueSpecification","valueRequired":true,"valueName":"search_term_string"}}],"inLanguage":"es"},{"@type":"Organization","@id":"https:\/\/agencia.252.com.mx\/home\/#organization","name":"Agencia252","url":"https:\/\/agencia.252.com.mx\/home\/","logo":{"@type":"ImageObject","inLanguage":"es","@id":"https:\/\/agencia.252.com.mx\/home\/#\/schema\/logo\/image\/","url":"https:\/\/agencia.252.com.mx\/wp-content\/uploads\/2023\/02\/cropped-ciruclo-agencia-e1677562404136.png","contentUrl":"https:\/\/agencia.252.com.mx\/wp-content\/uploads\/2023\/02\/cropped-ciruclo-agencia-e1677562404136.png","width":512,"height":512,"caption":"Agencia252"},"image":{"@id":"https:\/\/agencia.252.com.mx\/home\/#\/schema\/logo\/image\/"},"sameAs":["https:\/\/www.facebook.com\/252Comunicacion\/","https:\/\/x.com\/252COMS"]},{"@type":"Person","@id":"https:\/\/agencia.252.com.mx\/home\/#\/schema\/person\/6b972021e9a92d45ade8c78d81509098","name":"Nacho Corro","image":{"@type":"ImageObject","inLanguage":"es","@id":"https:\/\/secure.gravatar.com\/avatar\/5db6df507cfe1307e192fbb498c6b85f1cf2ffd8b4cd37141b9eea588fcbd5a4?s=96&r=g","url":"https:\/\/secure.gravatar.com\/avatar\/5db6df507cfe1307e192fbb498c6b85f1cf2ffd8b4cd37141b9eea588fcbd5a4?s=96&r=g","contentUrl":"https:\/\/secure.gravatar.com\/avatar\/5db6df507cfe1307e192fbb498c6b85f1cf2ffd8b4cd37141b9eea588fcbd5a4?s=96&r=g","caption":"Nacho Corro"},"description":"Comunicador Social, Periodista y Administraci\u00f3n P\u00fablica. Conversador pol\u00edtico, temas electorales y seguridad. Generador de contenidos digitales. Amante de la fotograf\u00eda","sameAs":["https:\/\/www.facebook.com\/jcorroherrera\/","www.instagram.com\/nachocorro\/","https:\/\/x.com\/Juan Ignacio Corro Herrera"],"url":"https:\/\/agencia.252.com.mx\/home\/author\/i-corro\/"}]}},"_links":{"self":[{"href":"https:\/\/agencia.252.com.mx\/home\/wp-json\/wp\/v2\/posts\/23085","targetHints":{"allow":["GET"]}}],"collection":[{"href":"https:\/\/agencia.252.com.mx\/home\/wp-json\/wp\/v2\/posts"}],"about":[{"href":"https:\/\/agencia.252.com.mx\/home\/wp-json\/wp\/v2\/types\/post"}],"author":[{"embeddable":true,"href":"https:\/\/agencia.252.com.mx\/home\/wp-json\/wp\/v2\/users\/5"}],"replies":[{"embeddable":true,"href":"https:\/\/agencia.252.com.mx\/home\/wp-json\/wp\/v2\/comments?post=23085"}],"version-history":[{"count":1,"href":"https:\/\/agencia.252.com.mx\/home\/wp-json\/wp\/v2\/posts\/23085\/revisions"}],"predecessor-version":[{"id":23089,"href":"https:\/\/agencia.252.com.mx\/home\/wp-json\/wp\/v2\/posts\/23085\/revisions\/23089"}],"wp:featuredmedia":[{"embeddable":true,"href":"https:\/\/agencia.252.com.mx\/home\/wp-json\/wp\/v2\/media\/23086"}],"wp:attachment":[{"href":"https:\/\/agencia.252.com.mx\/home\/wp-json\/wp\/v2\/media?parent=23085"}],"wp:term":[{"taxonomy":"category","embeddable":true,"href":"https:\/\/agencia.252.com.mx\/home\/wp-json\/wp\/v2\/categories?post=23085"},{"taxonomy":"post_tag","embeddable":true,"href":"https:\/\/agencia.252.com.mx\/home\/wp-json\/wp\/v2\/tags?post=23085"}],"curies":[{"name":"wp","href":"https:\/\/api.w.org\/{rel}","templated":true}]}}