{"id":23063,"date":"2026-09-02T09:52:44","date_gmt":"2026-09-02T15:52:44","guid":{"rendered":"https:\/\/agencia.252.com.mx\/home\/?p=23063"},"modified":"2026-09-02T09:52:46","modified_gmt":"2026-09-02T15:52:46","slug":"mataron-a-una-comerciante-en-ecatepec-por-no-pagar-la-extorsion-fueron-detenido-despues-de-enfrentamiento-con-la-policia-municipal","status":"publish","type":"post","link":"https:\/\/agencia.252.com.mx\/home\/mataron-a-una-comerciante-en-ecatepec-por-no-pagar-la-extorsion-fueron-detenido-despues-de-enfrentamiento-con-la-policia-municipal\/","title":{"rendered":"Mataron a una comerciante en Ecatepec por no pagar la extorsi\u00f3n, fueron detenido despu\u00e9s de enfrentamiento con la Polic\u00eda Municipal"},"content":{"rendered":"<p>Visitas: 4<\/p>\n<ul class=\"wp-block-list\">\n<li><em>Le habr\u00eda exigido el pago de 150 mil pesos a cambio de no molestar a una mujer comerciante y dejarla trabajar en su negocio, a lo que la v\u00edctima se neg\u00f3<\/em><\/li>\n<\/ul>\n\n\n\n<p class=\"wp-block-paragraph\">Juan Ignacio Corro&nbsp;<\/p>\n\n\n\n<p class=\"has-text-align-right wp-block-paragraph\">Ecatepec, Estado de M\u00e9xico, a 2 de septiembre de 2026<\/p>\n\n\n\n<p class=\"wp-block-paragraph\">Brayan \u201cN\u201d, Juan Carlos \u201cN\u201d y Brandon \u201cN\u201d, forman parte de una banda dedicada a la extorsi\u00f3n en Ecatepex y fueron detenidos el pasado 27 de agosto cuando llegaron a cobrar piso a una mujer a la que le habr\u00eda exigido el pago de 150 mil pesos a cambio de no molestarla y dejarla trabajar en su negocio, a lo que la v\u00edctima se neg\u00f3.<\/p>\n\n\n\n<p class=\"wp-block-paragraph\">De acuerdo con las primeras indagatorias iniciadas por la Fiscal\u00eda mexiquense, el pasado 27 de agosto de este a\u00f1o, en la avenida de las Torres, en la colonia Santa Mar\u00eda Chiconautla, en Ecatepec, estas tres personas junto con un grupo de aproximadamente 25 personas, portaban armas de fuego, quienes se aproximaron a la v\u00edctima.<\/p>\n\n\n\n<p class=\"wp-block-paragraph\">Luego de que la v\u00edctima se\u00f1alara que no contaba con el numerario, los hoy detenidos comenzaron a agredirla junto con sus acompa\u00f1antes, y en un momento, uno de los intervinientes habr\u00eda sacado un arma de fuego con la que agredi\u00f3 a la v\u00edctima, quien perdi\u00f3 la vida a causa de las lesiones.<\/p>\n\n\n\n<p class=\"wp-block-paragraph\">Al lugar arribaron elementos de la Polic\u00eda Municipal, quienes, al intentar la detenci\u00f3n de uno de los hoy detenidos, fueron recibidos con disparos, por lo que uno de ellos result\u00f3 herido por disparo de arma de fuego.<\/p>\n\n\n\n<p class=\"wp-block-paragraph\">Finalmente, los elementos de seguridad lograron la detenci\u00f3n de Brayan \u201cN\u201d, Juan Carlos \u201cN\u201d y Brandon \u201cN\u201d quienes fueron puestos a disposici\u00f3n de la Autoridad Ministerial, \u00e9sta determin\u00f3 su ingreso al Centro Penitenciario y de Reinserci\u00f3n Social, donde quedaron a disposici\u00f3n del Juez, quien ser\u00e1 el encargado de definir su situaci\u00f3n legal.<\/p>\n\n\n\n<p class=\"wp-block-paragraph\"><\/p>\n","protected":false},"excerpt":{"rendered":"<p>Visitas: 4 Juan Ignacio Corro&nbsp; Ecatepec, Estado de M\u00e9xico, a 2 de septiembre de 2026 Brayan \u201cN\u201d, Juan Carlos \u201cN\u201d y Brandon \u201cN\u201d, forman parte de una banda dedicada a la extorsi\u00f3n en Ecatepex y fueron detenidos el pasado 27 de agosto cuando llegaron a cobrar piso a una mujer a la que le habr\u00eda [&hellip;]<\/p>\n","protected":false},"author":5,"featured_media":23064,"comment_status":"open","ping_status":"open","sticky":false,"template":"","format":"standard","meta":{"site-sidebar-layout":"default","site-content-layout":"","ast-site-content-layout":"default","site-content-style":"default","site-sidebar-style":"default","ast-global-header-display":"","ast-banner-title-visibility":"","ast-main-header-display":"","ast-hfb-above-header-display":"","ast-hfb-below-header-display":"","ast-hfb-mobile-header-display":"","site-post-title":"","ast-breadcrumbs-content":"","ast-featured-img":"","footer-sml-layout":"","ast-disable-related-posts":"","theme-transparent-header-meta":"","adv-header-id-meta":"","stick-header-meta":"","header-above-stick-meta":"","header-main-stick-meta":"","header-below-stick-meta":"","astra-migrate-meta-layouts":"set","ast-page-background-enabled":"default","ast-page-background-meta":{"desktop":{"background-color":"var(--ast-global-color-4)","background-image":"","background-repeat":"repeat","background-position":"center center","background-size":"auto","background-attachment":"scroll","background-type":"","background-media":"","overlay-type":"","overlay-color":"","overlay-opacity":"","overlay-gradient":""},"tablet":{"background-color":"","background-image":"","background-repeat":"repeat","background-position":"center center","background-size":"auto","background-attachment":"scroll","background-type":"","background-media":"","overlay-type":"","overlay-color":"","overlay-opacity":"","overlay-gradient":""},"mobile":{"background-color":"","background-image":"","background-repeat":"repeat","background-position":"center center","background-size":"auto","background-attachment":"scroll","background-type":"","background-media":"","overlay-type":"","overlay-color":"","overlay-opacity":"","overlay-gradient":""}},"ast-content-background-meta":{"desktop":{"background-color":"var(--ast-global-color-5)","background-image":"","background-repeat":"repeat","background-position":"center center","background-size":"auto","background-attachment":"scroll","background-type":"","background-media":"","overlay-type":"","overlay-color":"","overlay-opacity":"","overlay-gradient":""},"tablet":{"background-color":"var(--ast-global-color-5)","background-image":"","background-repeat":"repeat","background-position":"center center","background-size":"auto","background-attachment":"scroll","background-type":"","background-media":"","overlay-type":"","overlay-color":"","overlay-opacity":"","overlay-gradient":""},"mobile":{"background-color":"var(--ast-global-color-5)","background-image":"","background-repeat":"repeat","background-position":"center center","background-size":"auto","background-attachment":"scroll","background-type":"","background-media":"","overlay-type":"","overlay-color":"","overlay-opacity":"","overlay-gradient":""}},"footnotes":""},"categories":[38,8,512,68],"tags":[526],"class_list":["post-23063","post","type-post","status-publish","format-standard","has-post-thumbnail","hentry","category-ecatepec","category-edomex","category-metropoli","category-seguridad","tag-edomex"],"yoast_head":"<!-- This site is optimized with the Yoast SEO plugin v28.3 - https:\/\/yoast.com\/product\/yoast-seo-wordpress\/ -->\n<title>Mataron a una comerciante en Ecatepec por no pagar la extorsi\u00f3n, fueron detenido despu\u00e9s de enfrentamiento con la Polic\u00eda Municipal - Agencia252<\/title>\n<meta name=\"robots\" content=\"index, follow, max-snippet:-1, max-image-preview:large, max-video-preview:-1\" \/>\n<link rel=\"canonical\" href=\"https:\/\/agencia.252.com.mx\/home\/mataron-a-una-comerciante-en-ecatepec-por-no-pagar-la-extorsion-fueron-detenido-despues-de-enfrentamiento-con-la-policia-municipal\/\" \/>\n<meta property=\"og:locale\" content=\"es_ES\" \/>\n<meta property=\"og:type\" content=\"article\" \/>\n<meta property=\"og:title\" content=\"Mataron a una comerciante en Ecatepec por no pagar la extorsi\u00f3n, fueron detenido despu\u00e9s de enfrentamiento con la Polic\u00eda Municipal - Agencia252\" \/>\n<meta property=\"og:description\" content=\"Visitas: 4 Juan Ignacio Corro&nbsp; Ecatepec, Estado de M\u00e9xico, a 2 de septiembre de 2026 Brayan \u201cN\u201d, Juan Carlos \u201cN\u201d y Brandon \u201cN\u201d, forman parte de una banda dedicada a la extorsi\u00f3n en Ecatepex y fueron detenidos el pasado 27 de agosto cuando llegaron a cobrar piso a una mujer a la que le habr\u00eda [&hellip;]\" \/>\n<meta property=\"og:url\" content=\"https:\/\/agencia.252.com.mx\/home\/mataron-a-una-comerciante-en-ecatepec-por-no-pagar-la-extorsion-fueron-detenido-despues-de-enfrentamiento-con-la-policia-municipal\/\" \/>\n<meta property=\"og:site_name\" content=\"Agencia252\" \/>\n<meta property=\"article:publisher\" content=\"https:\/\/www.facebook.com\/252Comunicacion\/\" \/>\n<meta property=\"article:author\" content=\"https:\/\/www.facebook.com\/jcorroherrera\/\" \/>\n<meta property=\"article:published_time\" content=\"2026-09-02T15:52:44+00:00\" \/>\n<meta property=\"article:modified_time\" content=\"2026-09-02T15:52:46+00:00\" \/>\n<meta property=\"og:image\" content=\"http:\/\/agencia.252.com.mx\/wp-content\/uploads\/2026\/09\/WhatsApp-Image-2026-09-01-at-4.55.29-PM.jpeg\" \/>\n\t<meta property=\"og:image:width\" content=\"1600\" \/>\n\t<meta property=\"og:image:height\" content=\"1166\" \/>\n\t<meta property=\"og:image:type\" content=\"image\/jpeg\" \/>\n<meta name=\"author\" content=\"Nacho Corro\" \/>\n<meta name=\"twitter:card\" content=\"summary_large_image\" \/>\n<meta name=\"twitter:creator\" content=\"@Juan Ignacio Corro Herrera\" \/>\n<meta name=\"twitter:site\" content=\"@252COMS\" \/>\n<meta name=\"twitter:label1\" content=\"Escrito por\" \/>\n\t<meta name=\"twitter:data1\" content=\"Nacho Corro\" \/>\n\t<meta name=\"twitter:label2\" content=\"Tiempo de lectura\" \/>\n\t<meta name=\"twitter:data2\" content=\"2 minutos\" \/>\n<script type=\"application\/ld+json\" class=\"yoast-schema-graph\">{\"@context\":\"https:\\\/\\\/schema.org\",\"@graph\":[{\"@type\":\"Article\",\"@id\":\"https:\\\/\\\/agencia.252.com.mx\\\/home\\\/mataron-a-una-comerciante-en-ecatepec-por-no-pagar-la-extorsion-fueron-detenido-despues-de-enfrentamiento-con-la-policia-municipal\\\/#article\",\"isPartOf\":{\"@id\":\"https:\\\/\\\/agencia.252.com.mx\\\/home\\\/mataron-a-una-comerciante-en-ecatepec-por-no-pagar-la-extorsion-fueron-detenido-despues-de-enfrentamiento-con-la-policia-municipal\\\/\"},\"author\":{\"name\":\"Nacho Corro\",\"@id\":\"https:\\\/\\\/agencia.252.com.mx\\\/home\\\/#\\\/schema\\\/person\\\/6b972021e9a92d45ade8c78d81509098\"},\"headline\":\"Mataron a una comerciante en Ecatepec por no pagar la extorsi\u00f3n, fueron detenido despu\u00e9s de enfrentamiento con la Polic\u00eda Municipal\",\"datePublished\":\"2026-09-02T15:52:44+00:00\",\"dateModified\":\"2026-09-02T15:52:46+00:00\",\"mainEntityOfPage\":{\"@id\":\"https:\\\/\\\/agencia.252.com.mx\\\/home\\\/mataron-a-una-comerciante-en-ecatepec-por-no-pagar-la-extorsion-fueron-detenido-despues-de-enfrentamiento-con-la-policia-municipal\\\/\"},\"wordCount\":343,\"commentCount\":0,\"publisher\":{\"@id\":\"https:\\\/\\\/agencia.252.com.mx\\\/home\\\/#organization\"},\"image\":{\"@id\":\"https:\\\/\\\/agencia.252.com.mx\\\/home\\\/mataron-a-una-comerciante-en-ecatepec-por-no-pagar-la-extorsion-fueron-detenido-despues-de-enfrentamiento-con-la-policia-municipal\\\/#primaryimage\"},\"thumbnailUrl\":\"https:\\\/\\\/agencia.252.com.mx\\\/wp-content\\\/uploads\\\/2026\\\/09\\\/WhatsApp-Image-2026-09-01-at-4.55.29-PM.jpeg\",\"keywords\":[\"Edomex\"],\"articleSection\":[\"Ecatepec\",\"Edomex\",\"Metropoli\",\"Seguridad\"],\"inLanguage\":\"es\",\"potentialAction\":[{\"@type\":\"CommentAction\",\"name\":\"Comment\",\"target\":[\"https:\\\/\\\/agencia.252.com.mx\\\/home\\\/mataron-a-una-comerciante-en-ecatepec-por-no-pagar-la-extorsion-fueron-detenido-despues-de-enfrentamiento-con-la-policia-municipal\\\/#respond\"]}]},{\"@type\":\"WebPage\",\"@id\":\"https:\\\/\\\/agencia.252.com.mx\\\/home\\\/mataron-a-una-comerciante-en-ecatepec-por-no-pagar-la-extorsion-fueron-detenido-despues-de-enfrentamiento-con-la-policia-municipal\\\/\",\"url\":\"https:\\\/\\\/agencia.252.com.mx\\\/home\\\/mataron-a-una-comerciante-en-ecatepec-por-no-pagar-la-extorsion-fueron-detenido-despues-de-enfrentamiento-con-la-policia-municipal\\\/\",\"name\":\"Mataron a una comerciante en Ecatepec por no pagar la extorsi\u00f3n, fueron detenido despu\u00e9s de enfrentamiento con la Polic\u00eda Municipal - Agencia252\",\"isPartOf\":{\"@id\":\"https:\\\/\\\/agencia.252.com.mx\\\/home\\\/#website\"},\"primaryImageOfPage\":{\"@id\":\"https:\\\/\\\/agencia.252.com.mx\\\/home\\\/mataron-a-una-comerciante-en-ecatepec-por-no-pagar-la-extorsion-fueron-detenido-despues-de-enfrentamiento-con-la-policia-municipal\\\/#primaryimage\"},\"image\":{\"@id\":\"https:\\\/\\\/agencia.252.com.mx\\\/home\\\/mataron-a-una-comerciante-en-ecatepec-por-no-pagar-la-extorsion-fueron-detenido-despues-de-enfrentamiento-con-la-policia-municipal\\\/#primaryimage\"},\"thumbnailUrl\":\"https:\\\/\\\/agencia.252.com.mx\\\/wp-content\\\/uploads\\\/2026\\\/09\\\/WhatsApp-Image-2026-09-01-at-4.55.29-PM.jpeg\",\"datePublished\":\"2026-09-02T15:52:44+00:00\",\"dateModified\":\"2026-09-02T15:52:46+00:00\",\"breadcrumb\":{\"@id\":\"https:\\\/\\\/agencia.252.com.mx\\\/home\\\/mataron-a-una-comerciante-en-ecatepec-por-no-pagar-la-extorsion-fueron-detenido-despues-de-enfrentamiento-con-la-policia-municipal\\\/#breadcrumb\"},\"inLanguage\":\"es\",\"potentialAction\":[{\"@type\":\"ReadAction\",\"target\":[\"https:\\\/\\\/agencia.252.com.mx\\\/home\\\/mataron-a-una-comerciante-en-ecatepec-por-no-pagar-la-extorsion-fueron-detenido-despues-de-enfrentamiento-con-la-policia-municipal\\\/\"]}]},{\"@type\":\"ImageObject\",\"inLanguage\":\"es\",\"@id\":\"https:\\\/\\\/agencia.252.com.mx\\\/home\\\/mataron-a-una-comerciante-en-ecatepec-por-no-pagar-la-extorsion-fueron-detenido-despues-de-enfrentamiento-con-la-policia-municipal\\\/#primaryimage\",\"url\":\"https:\\\/\\\/agencia.252.com.mx\\\/wp-content\\\/uploads\\\/2026\\\/09\\\/WhatsApp-Image-2026-09-01-at-4.55.29-PM.jpeg\",\"contentUrl\":\"https:\\\/\\\/agencia.252.com.mx\\\/wp-content\\\/uploads\\\/2026\\\/09\\\/WhatsApp-Image-2026-09-01-at-4.55.29-PM.jpeg\",\"width\":1600,\"height\":1166},{\"@type\":\"BreadcrumbList\",\"@id\":\"https:\\\/\\\/agencia.252.com.mx\\\/home\\\/mataron-a-una-comerciante-en-ecatepec-por-no-pagar-la-extorsion-fueron-detenido-despues-de-enfrentamiento-con-la-policia-municipal\\\/#breadcrumb\",\"itemListElement\":[{\"@type\":\"ListItem\",\"position\":1,\"name\":\"Portada\",\"item\":\"https:\\\/\\\/agencia.252.com.mx\\\/home\\\/\"},{\"@type\":\"ListItem\",\"position\":2,\"name\":\"Mataron a una comerciante en Ecatepec por no pagar la extorsi\u00f3n, fueron detenido despu\u00e9s de enfrentamiento con la Polic\u00eda Municipal\"}]},{\"@type\":\"WebSite\",\"@id\":\"https:\\\/\\\/agencia.252.com.mx\\\/home\\\/#website\",\"url\":\"https:\\\/\\\/agencia.252.com.mx\\\/home\\\/\",\"name\":\"Agencia252\",\"description\":\"Tu espacio en la Red\",\"publisher\":{\"@id\":\"https:\\\/\\\/agencia.252.com.mx\\\/home\\\/#organization\"},\"potentialAction\":[{\"@type\":\"SearchAction\",\"target\":{\"@type\":\"EntryPoint\",\"urlTemplate\":\"https:\\\/\\\/agencia.252.com.mx\\\/home\\\/?s={search_term_string}\"},\"query-input\":{\"@type\":\"PropertyValueSpecification\",\"valueRequired\":true,\"valueName\":\"search_term_string\"}}],\"inLanguage\":\"es\"},{\"@type\":\"Organization\",\"@id\":\"https:\\\/\\\/agencia.252.com.mx\\\/home\\\/#organization\",\"name\":\"Agencia252\",\"url\":\"https:\\\/\\\/agencia.252.com.mx\\\/home\\\/\",\"logo\":{\"@type\":\"ImageObject\",\"inLanguage\":\"es\",\"@id\":\"https:\\\/\\\/agencia.252.com.mx\\\/home\\\/#\\\/schema\\\/logo\\\/image\\\/\",\"url\":\"https:\\\/\\\/agencia.252.com.mx\\\/wp-content\\\/uploads\\\/2023\\\/02\\\/cropped-ciruclo-agencia-e1677562404136.png\",\"contentUrl\":\"https:\\\/\\\/agencia.252.com.mx\\\/wp-content\\\/uploads\\\/2023\\\/02\\\/cropped-ciruclo-agencia-e1677562404136.png\",\"width\":512,\"height\":512,\"caption\":\"Agencia252\"},\"image\":{\"@id\":\"https:\\\/\\\/agencia.252.com.mx\\\/home\\\/#\\\/schema\\\/logo\\\/image\\\/\"},\"sameAs\":[\"https:\\\/\\\/www.facebook.com\\\/252Comunicacion\\\/\",\"https:\\\/\\\/x.com\\\/252COMS\"]},{\"@type\":\"Person\",\"@id\":\"https:\\\/\\\/agencia.252.com.mx\\\/home\\\/#\\\/schema\\\/person\\\/6b972021e9a92d45ade8c78d81509098\",\"name\":\"Nacho Corro\",\"image\":{\"@type\":\"ImageObject\",\"inLanguage\":\"es\",\"@id\":\"https:\\\/\\\/secure.gravatar.com\\\/avatar\\\/5db6df507cfe1307e192fbb498c6b85f1cf2ffd8b4cd37141b9eea588fcbd5a4?s=96&r=g\",\"url\":\"https:\\\/\\\/secure.gravatar.com\\\/avatar\\\/5db6df507cfe1307e192fbb498c6b85f1cf2ffd8b4cd37141b9eea588fcbd5a4?s=96&r=g\",\"contentUrl\":\"https:\\\/\\\/secure.gravatar.com\\\/avatar\\\/5db6df507cfe1307e192fbb498c6b85f1cf2ffd8b4cd37141b9eea588fcbd5a4?s=96&r=g\",\"caption\":\"Nacho Corro\"},\"description\":\"Comunicador Social, Periodista y Administraci\u00f3n P\u00fablica. Conversador pol\u00edtico, temas electorales y seguridad. Generador de contenidos digitales. Amante de la fotograf\u00eda\",\"sameAs\":[\"https:\\\/\\\/www.facebook.com\\\/jcorroherrera\\\/\",\"www.instagram.com\\\/nachocorro\\\/\",\"https:\\\/\\\/x.com\\\/Juan Ignacio Corro Herrera\"],\"url\":\"https:\\\/\\\/agencia.252.com.mx\\\/home\\\/author\\\/i-corro\\\/\"}]}<\/script>\n<!-- \/ Yoast SEO plugin. -->","yoast_head_json":{"title":"Mataron a una comerciante en Ecatepec por no pagar la extorsi\u00f3n, fueron detenido despu\u00e9s de enfrentamiento con la Polic\u00eda Municipal - Agencia252","robots":{"index":"index","follow":"follow","max-snippet":"max-snippet:-1","max-image-preview":"max-image-preview:large","max-video-preview":"max-video-preview:-1"},"canonical":"https:\/\/agencia.252.com.mx\/home\/mataron-a-una-comerciante-en-ecatepec-por-no-pagar-la-extorsion-fueron-detenido-despues-de-enfrentamiento-con-la-policia-municipal\/","og_locale":"es_ES","og_type":"article","og_title":"Mataron a una comerciante en Ecatepec por no pagar la extorsi\u00f3n, fueron detenido despu\u00e9s de enfrentamiento con la Polic\u00eda Municipal - Agencia252","og_description":"Visitas: 4 Juan Ignacio Corro&nbsp; Ecatepec, Estado de M\u00e9xico, a 2 de septiembre de 2026 Brayan \u201cN\u201d, Juan Carlos \u201cN\u201d y Brandon \u201cN\u201d, forman parte de una banda dedicada a la extorsi\u00f3n en Ecatepex y fueron detenidos el pasado 27 de agosto cuando llegaron a cobrar piso a una mujer a la que le habr\u00eda [&hellip;]","og_url":"https:\/\/agencia.252.com.mx\/home\/mataron-a-una-comerciante-en-ecatepec-por-no-pagar-la-extorsion-fueron-detenido-despues-de-enfrentamiento-con-la-policia-municipal\/","og_site_name":"Agencia252","article_publisher":"https:\/\/www.facebook.com\/252Comunicacion\/","article_author":"https:\/\/www.facebook.com\/jcorroherrera\/","article_published_time":"2026-09-02T15:52:44+00:00","article_modified_time":"2026-09-02T15:52:46+00:00","og_image":[{"width":1600,"height":1166,"url":"http:\/\/agencia.252.com.mx\/wp-content\/uploads\/2026\/09\/WhatsApp-Image-2026-09-01-at-4.55.29-PM.jpeg","type":"image\/jpeg"}],"author":"Nacho Corro","twitter_card":"summary_large_image","twitter_creator":"@Juan Ignacio Corro Herrera","twitter_site":"@252COMS","twitter_misc":{"Escrito por":"Nacho Corro","Tiempo de lectura":"2 minutos"},"schema":{"@context":"https:\/\/schema.org","@graph":[{"@type":"Article","@id":"https:\/\/agencia.252.com.mx\/home\/mataron-a-una-comerciante-en-ecatepec-por-no-pagar-la-extorsion-fueron-detenido-despues-de-enfrentamiento-con-la-policia-municipal\/#article","isPartOf":{"@id":"https:\/\/agencia.252.com.mx\/home\/mataron-a-una-comerciante-en-ecatepec-por-no-pagar-la-extorsion-fueron-detenido-despues-de-enfrentamiento-con-la-policia-municipal\/"},"author":{"name":"Nacho Corro","@id":"https:\/\/agencia.252.com.mx\/home\/#\/schema\/person\/6b972021e9a92d45ade8c78d81509098"},"headline":"Mataron a una comerciante en Ecatepec por no pagar la extorsi\u00f3n, fueron detenido despu\u00e9s de enfrentamiento con la Polic\u00eda Municipal","datePublished":"2026-09-02T15:52:44+00:00","dateModified":"2026-09-02T15:52:46+00:00","mainEntityOfPage":{"@id":"https:\/\/agencia.252.com.mx\/home\/mataron-a-una-comerciante-en-ecatepec-por-no-pagar-la-extorsion-fueron-detenido-despues-de-enfrentamiento-con-la-policia-municipal\/"},"wordCount":343,"commentCount":0,"publisher":{"@id":"https:\/\/agencia.252.com.mx\/home\/#organization"},"image":{"@id":"https:\/\/agencia.252.com.mx\/home\/mataron-a-una-comerciante-en-ecatepec-por-no-pagar-la-extorsion-fueron-detenido-despues-de-enfrentamiento-con-la-policia-municipal\/#primaryimage"},"thumbnailUrl":"https:\/\/agencia.252.com.mx\/wp-content\/uploads\/2026\/09\/WhatsApp-Image-2026-09-01-at-4.55.29-PM.jpeg","keywords":["Edomex"],"articleSection":["Ecatepec","Edomex","Metropoli","Seguridad"],"inLanguage":"es","potentialAction":[{"@type":"CommentAction","name":"Comment","target":["https:\/\/agencia.252.com.mx\/home\/mataron-a-una-comerciante-en-ecatepec-por-no-pagar-la-extorsion-fueron-detenido-despues-de-enfrentamiento-con-la-policia-municipal\/#respond"]}]},{"@type":"WebPage","@id":"https:\/\/agencia.252.com.mx\/home\/mataron-a-una-comerciante-en-ecatepec-por-no-pagar-la-extorsion-fueron-detenido-despues-de-enfrentamiento-con-la-policia-municipal\/","url":"https:\/\/agencia.252.com.mx\/home\/mataron-a-una-comerciante-en-ecatepec-por-no-pagar-la-extorsion-fueron-detenido-despues-de-enfrentamiento-con-la-policia-municipal\/","name":"Mataron a una comerciante en Ecatepec por no pagar la extorsi\u00f3n, fueron detenido despu\u00e9s de enfrentamiento con la Polic\u00eda Municipal - Agencia252","isPartOf":{"@id":"https:\/\/agencia.252.com.mx\/home\/#website"},"primaryImageOfPage":{"@id":"https:\/\/agencia.252.com.mx\/home\/mataron-a-una-comerciante-en-ecatepec-por-no-pagar-la-extorsion-fueron-detenido-despues-de-enfrentamiento-con-la-policia-municipal\/#primaryimage"},"image":{"@id":"https:\/\/agencia.252.com.mx\/home\/mataron-a-una-comerciante-en-ecatepec-por-no-pagar-la-extorsion-fueron-detenido-despues-de-enfrentamiento-con-la-policia-municipal\/#primaryimage"},"thumbnailUrl":"https:\/\/agencia.252.com.mx\/wp-content\/uploads\/2026\/09\/WhatsApp-Image-2026-09-01-at-4.55.29-PM.jpeg","datePublished":"2026-09-02T15:52:44+00:00","dateModified":"2026-09-02T15:52:46+00:00","breadcrumb":{"@id":"https:\/\/agencia.252.com.mx\/home\/mataron-a-una-comerciante-en-ecatepec-por-no-pagar-la-extorsion-fueron-detenido-despues-de-enfrentamiento-con-la-policia-municipal\/#breadcrumb"},"inLanguage":"es","potentialAction":[{"@type":"ReadAction","target":["https:\/\/agencia.252.com.mx\/home\/mataron-a-una-comerciante-en-ecatepec-por-no-pagar-la-extorsion-fueron-detenido-despues-de-enfrentamiento-con-la-policia-municipal\/"]}]},{"@type":"ImageObject","inLanguage":"es","@id":"https:\/\/agencia.252.com.mx\/home\/mataron-a-una-comerciante-en-ecatepec-por-no-pagar-la-extorsion-fueron-detenido-despues-de-enfrentamiento-con-la-policia-municipal\/#primaryimage","url":"https:\/\/agencia.252.com.mx\/wp-content\/uploads\/2026\/09\/WhatsApp-Image-2026-09-01-at-4.55.29-PM.jpeg","contentUrl":"https:\/\/agencia.252.com.mx\/wp-content\/uploads\/2026\/09\/WhatsApp-Image-2026-09-01-at-4.55.29-PM.jpeg","width":1600,"height":1166},{"@type":"BreadcrumbList","@id":"https:\/\/agencia.252.com.mx\/home\/mataron-a-una-comerciante-en-ecatepec-por-no-pagar-la-extorsion-fueron-detenido-despues-de-enfrentamiento-con-la-policia-municipal\/#breadcrumb","itemListElement":[{"@type":"ListItem","position":1,"name":"Portada","item":"https:\/\/agencia.252.com.mx\/home\/"},{"@type":"ListItem","position":2,"name":"Mataron a una comerciante en Ecatepec por no pagar la extorsi\u00f3n, fueron detenido despu\u00e9s de enfrentamiento con la Polic\u00eda Municipal"}]},{"@type":"WebSite","@id":"https:\/\/agencia.252.com.mx\/home\/#website","url":"https:\/\/agencia.252.com.mx\/home\/","name":"Agencia252","description":"Tu espacio en la Red","publisher":{"@id":"https:\/\/agencia.252.com.mx\/home\/#organization"},"potentialAction":[{"@type":"SearchAction","target":{"@type":"EntryPoint","urlTemplate":"https:\/\/agencia.252.com.mx\/home\/?s={search_term_string}"},"query-input":{"@type":"PropertyValueSpecification","valueRequired":true,"valueName":"search_term_string"}}],"inLanguage":"es"},{"@type":"Organization","@id":"https:\/\/agencia.252.com.mx\/home\/#organization","name":"Agencia252","url":"https:\/\/agencia.252.com.mx\/home\/","logo":{"@type":"ImageObject","inLanguage":"es","@id":"https:\/\/agencia.252.com.mx\/home\/#\/schema\/logo\/image\/","url":"https:\/\/agencia.252.com.mx\/wp-content\/uploads\/2023\/02\/cropped-ciruclo-agencia-e1677562404136.png","contentUrl":"https:\/\/agencia.252.com.mx\/wp-content\/uploads\/2023\/02\/cropped-ciruclo-agencia-e1677562404136.png","width":512,"height":512,"caption":"Agencia252"},"image":{"@id":"https:\/\/agencia.252.com.mx\/home\/#\/schema\/logo\/image\/"},"sameAs":["https:\/\/www.facebook.com\/252Comunicacion\/","https:\/\/x.com\/252COMS"]},{"@type":"Person","@id":"https:\/\/agencia.252.com.mx\/home\/#\/schema\/person\/6b972021e9a92d45ade8c78d81509098","name":"Nacho Corro","image":{"@type":"ImageObject","inLanguage":"es","@id":"https:\/\/secure.gravatar.com\/avatar\/5db6df507cfe1307e192fbb498c6b85f1cf2ffd8b4cd37141b9eea588fcbd5a4?s=96&r=g","url":"https:\/\/secure.gravatar.com\/avatar\/5db6df507cfe1307e192fbb498c6b85f1cf2ffd8b4cd37141b9eea588fcbd5a4?s=96&r=g","contentUrl":"https:\/\/secure.gravatar.com\/avatar\/5db6df507cfe1307e192fbb498c6b85f1cf2ffd8b4cd37141b9eea588fcbd5a4?s=96&r=g","caption":"Nacho Corro"},"description":"Comunicador Social, Periodista y Administraci\u00f3n P\u00fablica. Conversador pol\u00edtico, temas electorales y seguridad. Generador de contenidos digitales. Amante de la fotograf\u00eda","sameAs":["https:\/\/www.facebook.com\/jcorroherrera\/","www.instagram.com\/nachocorro\/","https:\/\/x.com\/Juan Ignacio Corro Herrera"],"url":"https:\/\/agencia.252.com.mx\/home\/author\/i-corro\/"}]}},"_links":{"self":[{"href":"https:\/\/agencia.252.com.mx\/home\/wp-json\/wp\/v2\/posts\/23063","targetHints":{"allow":["GET"]}}],"collection":[{"href":"https:\/\/agencia.252.com.mx\/home\/wp-json\/wp\/v2\/posts"}],"about":[{"href":"https:\/\/agencia.252.com.mx\/home\/wp-json\/wp\/v2\/types\/post"}],"author":[{"embeddable":true,"href":"https:\/\/agencia.252.com.mx\/home\/wp-json\/wp\/v2\/users\/5"}],"replies":[{"embeddable":true,"href":"https:\/\/agencia.252.com.mx\/home\/wp-json\/wp\/v2\/comments?post=23063"}],"version-history":[{"count":1,"href":"https:\/\/agencia.252.com.mx\/home\/wp-json\/wp\/v2\/posts\/23063\/revisions"}],"predecessor-version":[{"id":23065,"href":"https:\/\/agencia.252.com.mx\/home\/wp-json\/wp\/v2\/posts\/23063\/revisions\/23065"}],"wp:featuredmedia":[{"embeddable":true,"href":"https:\/\/agencia.252.com.mx\/home\/wp-json\/wp\/v2\/media\/23064"}],"wp:attachment":[{"href":"https:\/\/agencia.252.com.mx\/home\/wp-json\/wp\/v2\/media?parent=23063"}],"wp:term":[{"taxonomy":"category","embeddable":true,"href":"https:\/\/agencia.252.com.mx\/home\/wp-json\/wp\/v2\/categories?post=23063"},{"taxonomy":"post_tag","embeddable":true,"href":"https:\/\/agencia.252.com.mx\/home\/wp-json\/wp\/v2\/tags?post=23063"}],"curies":[{"name":"wp","href":"https:\/\/api.w.org\/{rel}","templated":true}]}}