{"id":23061,"date":"2026-09-02T09:27:28","date_gmt":"2026-09-02T15:27:28","guid":{"rendered":"https:\/\/agencia.252.com.mx\/home\/?p=23061"},"modified":"2026-09-02T09:27:30","modified_gmt":"2026-09-02T15:27:30","slug":"95-4-de-aspirantes-de-la-unam-obtuvo-una-calificacion-menor-entre-el-examen-virtual-y-el-examen-de-control","status":"publish","type":"post","link":"https:\/\/agencia.252.com.mx\/home\/95-4-de-aspirantes-de-la-unam-obtuvo-una-calificacion-menor-entre-el-examen-virtual-y-el-examen-de-control\/","title":{"rendered":"95.4% de aspirantes de la UNAM obtuvo una calificaci\u00f3n menor entre el examen virtual y el examen de control\u00a0"},"content":{"rendered":"<p>Visitas: 5<\/p>\n<ul class=\"wp-block-list\">\n<li><em>Se registro una p\u00e9rdida promedio general de 30 aciertos<\/em><\/li>\n<\/ul>\n\n\n\n<ul class=\"wp-block-list\">\n<li><em>De 6,029 aspirantes con puntajes casi perfectos en el examen en l\u00ednea, \u00fanicamente 90 personas lograron sostener su calificaci\u00f3n en la prueba f\u00edsica.<\/em><\/li>\n<\/ul>\n\n\n\n<ul class=\"wp-block-list\">\n<li><em>La M\u00e1xima Casa de Estudios asign\u00f3 de manera leg\u00edtima 20,923 lugares por concurso de selecci\u00f3n.<\/em><\/li>\n<\/ul>\n\n\n\n<p class=\"wp-block-paragraph\">Juan Ignacio Corro&nbsp;<\/p>\n\n\n\n<p class=\"has-text-align-right wp-block-paragraph\">Ciudad de M\u00e9xico, a 2 de septiembre de 2026<\/p>\n\n\n\n<p class=\"wp-block-paragraph\">De un grupo de&nbsp;6,029 sustentantes&nbsp;que hab\u00edan obtenido entre 110 y 120 aciertos en el examen en l\u00ednea,&nbsp;\u00fanicamente el 1.5%&nbsp;logr\u00f3 ratificar ese nivel de excelencia de manera presencial correspondiente a nuevo ingreso a la Universidad Nacional Aut\u00f3noma de M\u00e9xico (UNAM).<\/p>\n\n\n\n<p class=\"wp-block-paragraph\">De acuerdo con los resultados del&nbsp;Examen de Control Presencial, aplicado tras detectarse anomal\u00edas, suplantaci\u00f3n de identidad y uso de dispositivos tecnol\u00f3gicos en la pasada evaluaci\u00f3n virtual de la convocatoria de licenciatura 2026, el an\u00e1lisis estad\u00edstico final confirm\u00f3 la hip\u00f3tesis de la Comisi\u00f3n T\u00e9cnica sobre un fraude generalizado en la modalidad a distancia.&nbsp;<\/p>\n\n\n\n<p class=\"wp-block-paragraph\">Conforme a los datos&nbsp;&nbsp;del reporte oficial revelan el desplome de los puntajes perfectos, ya solo 90 aspirantes conservaron su resultado, lo que represento una ca\u00edda libre en los aciertos entre el examen virtual y el examen de control.<\/p>\n\n\n\n<figure class=\"wp-block-image alignright size-medium\"><img fetchpriority=\"high\" decoding=\"async\" width=\"300\" height=\"200\" src=\"https:\/\/agencia.252.com.mx\/wp-content\/uploads\/2026\/08\/49112-300x200.jpg\" alt=\"\" class=\"wp-image-22663\" srcset=\"https:\/\/agencia.252.com.mx\/wp-content\/uploads\/2026\/08\/49112-300x200.jpg 300w, https:\/\/agencia.252.com.mx\/wp-content\/uploads\/2026\/08\/49112-1024x683.jpg 1024w, https:\/\/agencia.252.com.mx\/wp-content\/uploads\/2026\/08\/49112-768x512.jpg 768w, https:\/\/agencia.252.com.mx\/wp-content\/uploads\/2026\/08\/49112-1536x1024.jpg 1536w, https:\/\/agencia.252.com.mx\/wp-content\/uploads\/2026\/08\/49112-2048x1366.jpg 2048w\" sizes=\"(max-width: 300px) 100vw, 300px\" \/><\/figure>\n\n\n\n<p class=\"wp-block-paragraph\">El 98.5% restante de este bloque sospechoso sufri\u00f3 un desplome dr\u00e1stico, registrando en promedio&nbsp;45 aciertos menos&nbsp;en el examen f\u00edsico.<\/p>\n\n\n\n<p class=\"wp-block-paragraph\">Ademas, reflejo una tendencia general a la baja, al advertir &nbsp;que&nbsp;&nbsp;el universo total de aspirantes evaluados en esta segunda vuelta, el&nbsp;95.4% obtuvo una calificaci\u00f3n menor, con una p\u00e9rdida promedio general de 30 aciertos.&nbsp;<\/p>\n\n\n\n<p class=\"wp-block-paragraph\">Esto es, m\u00e1s de 15,000 personas no alcanzaron siquiera los 60 reactivos correctos.<\/p>\n\n\n\n<p class=\"wp-block-paragraph\">A pesar de la estricta depuraci\u00f3n y la detecci\u00f3n de 22 nuevos intentos de trampa en las sedes f\u00edsicas, la UNAM garantiz\u00f3 el acceso a los estudiantes que demostraron sus conocimientos de forma honesta:<\/p>\n\n\n\n<p class=\"wp-block-paragraph\">Del ingreso total:&nbsp;49,074 alumnas y alumnos&nbsp;fueron aceptados para el Ciclo Escolar 2026-2027\/1.<\/p>\n\n\n\n<p class=\"wp-block-paragraph\">V\u00eda Concurso de Selecci\u00f3n:&nbsp;20,923 lugares&nbsp;se asignaron formalmente mediante el Examen de Control.<\/p>\n\n\n\n<p class=\"wp-block-paragraph\">V\u00eda Pase Reglamentado:&nbsp;28,151 egresados&nbsp;de Bachillerato UNAM formalizaron su inscripci\u00f3n.<\/p>\n\n\n\n<p class=\"wp-block-paragraph\"><\/p>\n","protected":false},"excerpt":{"rendered":"<p>Visitas: 5 Juan Ignacio Corro&nbsp; Ciudad de M\u00e9xico, a 2 de septiembre de 2026 De un grupo de&nbsp;6,029 sustentantes&nbsp;que hab\u00edan obtenido entre 110 y 120 aciertos en el examen en l\u00ednea,&nbsp;\u00fanicamente el 1.5%&nbsp;logr\u00f3 ratificar ese nivel de excelencia de manera presencial correspondiente a nuevo ingreso a la Universidad Nacional Aut\u00f3noma de M\u00e9xico (UNAM). De acuerdo [&hellip;]<\/p>\n","protected":false},"author":5,"featured_media":22664,"comment_status":"open","ping_status":"open","sticky":false,"template":"","format":"standard","meta":{"site-sidebar-layout":"default","site-content-layout":"","ast-site-content-layout":"default","site-content-style":"default","site-sidebar-style":"default","ast-global-header-display":"","ast-banner-title-visibility":"","ast-main-header-display":"","ast-hfb-above-header-display":"","ast-hfb-below-header-display":"","ast-hfb-mobile-header-display":"","site-post-title":"","ast-breadcrumbs-content":"","ast-featured-img":"","footer-sml-layout":"","ast-disable-related-posts":"","theme-transparent-header-meta":"","adv-header-id-meta":"","stick-header-meta":"","header-above-stick-meta":"","header-main-stick-meta":"","header-below-stick-meta":"","astra-migrate-meta-layouts":"set","ast-page-background-enabled":"default","ast-page-background-meta":{"desktop":{"background-color":"var(--ast-global-color-4)","background-image":"","background-repeat":"repeat","background-position":"center center","background-size":"auto","background-attachment":"scroll","background-type":"","background-media":"","overlay-type":"","overlay-color":"","overlay-opacity":"","overlay-gradient":""},"tablet":{"background-color":"","background-image":"","background-repeat":"repeat","background-position":"center center","background-size":"auto","background-attachment":"scroll","background-type":"","background-media":"","overlay-type":"","overlay-color":"","overlay-opacity":"","overlay-gradient":""},"mobile":{"background-color":"","background-image":"","background-repeat":"repeat","background-position":"center center","background-size":"auto","background-attachment":"scroll","background-type":"","background-media":"","overlay-type":"","overlay-color":"","overlay-opacity":"","overlay-gradient":""}},"ast-content-background-meta":{"desktop":{"background-color":"var(--ast-global-color-5)","background-image":"","background-repeat":"repeat","background-position":"center center","background-size":"auto","background-attachment":"scroll","background-type":"","background-media":"","overlay-type":"","overlay-color":"","overlay-opacity":"","overlay-gradient":""},"tablet":{"background-color":"var(--ast-global-color-5)","background-image":"","background-repeat":"repeat","background-position":"center center","background-size":"auto","background-attachment":"scroll","background-type":"","background-media":"","overlay-type":"","overlay-color":"","overlay-opacity":"","overlay-gradient":""},"mobile":{"background-color":"var(--ast-global-color-5)","background-image":"","background-repeat":"repeat","background-position":"center center","background-size":"auto","background-attachment":"scroll","background-type":"","background-media":"","overlay-type":"","overlay-color":"","overlay-opacity":"","overlay-gradient":""}},"footnotes":""},"categories":[69,512,68,382],"tags":[535],"class_list":["post-23061","post","type-post","status-publish","format-standard","has-post-thumbnail","hentry","category-cdmx","category-metropoli","category-seguridad","category-unam","tag-cdmx"],"yoast_head":"<!-- This site is optimized with the Yoast SEO plugin v28.3 - https:\/\/yoast.com\/product\/yoast-seo-wordpress\/ -->\n<title>95.4% de aspirantes de la UNAM obtuvo una calificaci\u00f3n menor entre el examen virtual y el examen de control\u00a0 - Agencia252<\/title>\n<meta name=\"robots\" content=\"index, follow, max-snippet:-1, max-image-preview:large, max-video-preview:-1\" \/>\n<link rel=\"canonical\" href=\"https:\/\/agencia.252.com.mx\/home\/95-4-de-aspirantes-de-la-unam-obtuvo-una-calificacion-menor-entre-el-examen-virtual-y-el-examen-de-control\/\" \/>\n<meta property=\"og:locale\" content=\"es_ES\" \/>\n<meta property=\"og:type\" content=\"article\" \/>\n<meta property=\"og:title\" content=\"95.4% de aspirantes de la UNAM obtuvo una calificaci\u00f3n menor entre el examen virtual y el examen de control\u00a0 - Agencia252\" \/>\n<meta property=\"og:description\" content=\"Visitas: 5 Juan Ignacio Corro&nbsp; Ciudad de M\u00e9xico, a 2 de septiembre de 2026 De un grupo de&nbsp;6,029 sustentantes&nbsp;que hab\u00edan obtenido entre 110 y 120 aciertos en el examen en l\u00ednea,&nbsp;\u00fanicamente el 1.5%&nbsp;logr\u00f3 ratificar ese nivel de excelencia de manera presencial correspondiente a nuevo ingreso a la Universidad Nacional Aut\u00f3noma de M\u00e9xico (UNAM). De acuerdo [&hellip;]\" \/>\n<meta property=\"og:url\" content=\"https:\/\/agencia.252.com.mx\/home\/95-4-de-aspirantes-de-la-unam-obtuvo-una-calificacion-menor-entre-el-examen-virtual-y-el-examen-de-control\/\" \/>\n<meta property=\"og:site_name\" content=\"Agencia252\" \/>\n<meta property=\"article:publisher\" content=\"https:\/\/www.facebook.com\/252Comunicacion\/\" \/>\n<meta property=\"article:author\" content=\"https:\/\/www.facebook.com\/jcorroherrera\/\" \/>\n<meta property=\"article:published_time\" content=\"2026-09-02T15:27:28+00:00\" \/>\n<meta property=\"article:modified_time\" content=\"2026-09-02T15:27:30+00:00\" \/>\n<meta property=\"og:image\" content=\"http:\/\/agencia.252.com.mx\/wp-content\/uploads\/2026\/08\/49113-scaled.jpg\" \/>\n\t<meta property=\"og:image:width\" content=\"2560\" \/>\n\t<meta property=\"og:image:height\" content=\"1707\" \/>\n\t<meta property=\"og:image:type\" content=\"image\/jpeg\" \/>\n<meta name=\"author\" content=\"Nacho Corro\" \/>\n<meta name=\"twitter:card\" content=\"summary_large_image\" \/>\n<meta name=\"twitter:creator\" content=\"@Juan Ignacio Corro Herrera\" \/>\n<meta name=\"twitter:site\" content=\"@252COMS\" \/>\n<meta name=\"twitter:label1\" content=\"Escrito por\" \/>\n\t<meta name=\"twitter:data1\" content=\"Nacho Corro\" \/>\n\t<meta name=\"twitter:label2\" content=\"Tiempo de lectura\" \/>\n\t<meta name=\"twitter:data2\" content=\"2 minutos\" \/>\n<script type=\"application\/ld+json\" class=\"yoast-schema-graph\">{\"@context\":\"https:\\\/\\\/schema.org\",\"@graph\":[{\"@type\":\"Article\",\"@id\":\"https:\\\/\\\/agencia.252.com.mx\\\/home\\\/95-4-de-aspirantes-de-la-unam-obtuvo-una-calificacion-menor-entre-el-examen-virtual-y-el-examen-de-control\\\/#article\",\"isPartOf\":{\"@id\":\"https:\\\/\\\/agencia.252.com.mx\\\/home\\\/95-4-de-aspirantes-de-la-unam-obtuvo-una-calificacion-menor-entre-el-examen-virtual-y-el-examen-de-control\\\/\"},\"author\":{\"name\":\"Nacho Corro\",\"@id\":\"https:\\\/\\\/agencia.252.com.mx\\\/home\\\/#\\\/schema\\\/person\\\/6b972021e9a92d45ade8c78d81509098\"},\"headline\":\"95.4% de aspirantes de la UNAM obtuvo una calificaci\u00f3n menor entre el examen virtual y el examen de control\u00a0\",\"datePublished\":\"2026-09-02T15:27:28+00:00\",\"dateModified\":\"2026-09-02T15:27:30+00:00\",\"mainEntityOfPage\":{\"@id\":\"https:\\\/\\\/agencia.252.com.mx\\\/home\\\/95-4-de-aspirantes-de-la-unam-obtuvo-una-calificacion-menor-entre-el-examen-virtual-y-el-examen-de-control\\\/\"},\"wordCount\":389,\"commentCount\":0,\"publisher\":{\"@id\":\"https:\\\/\\\/agencia.252.com.mx\\\/home\\\/#organization\"},\"image\":{\"@id\":\"https:\\\/\\\/agencia.252.com.mx\\\/home\\\/95-4-de-aspirantes-de-la-unam-obtuvo-una-calificacion-menor-entre-el-examen-virtual-y-el-examen-de-control\\\/#primaryimage\"},\"thumbnailUrl\":\"https:\\\/\\\/agencia.252.com.mx\\\/wp-content\\\/uploads\\\/2026\\\/08\\\/49113-scaled.jpg\",\"keywords\":[\"CDMX\"],\"articleSection\":[\"CDMX\",\"Metropoli\",\"Seguridad\",\"UNAM\"],\"inLanguage\":\"es\",\"potentialAction\":[{\"@type\":\"CommentAction\",\"name\":\"Comment\",\"target\":[\"https:\\\/\\\/agencia.252.com.mx\\\/home\\\/95-4-de-aspirantes-de-la-unam-obtuvo-una-calificacion-menor-entre-el-examen-virtual-y-el-examen-de-control\\\/#respond\"]}]},{\"@type\":\"WebPage\",\"@id\":\"https:\\\/\\\/agencia.252.com.mx\\\/home\\\/95-4-de-aspirantes-de-la-unam-obtuvo-una-calificacion-menor-entre-el-examen-virtual-y-el-examen-de-control\\\/\",\"url\":\"https:\\\/\\\/agencia.252.com.mx\\\/home\\\/95-4-de-aspirantes-de-la-unam-obtuvo-una-calificacion-menor-entre-el-examen-virtual-y-el-examen-de-control\\\/\",\"name\":\"95.4% de aspirantes de la UNAM obtuvo una calificaci\u00f3n menor entre el examen virtual y el examen de control\u00a0 - Agencia252\",\"isPartOf\":{\"@id\":\"https:\\\/\\\/agencia.252.com.mx\\\/home\\\/#website\"},\"primaryImageOfPage\":{\"@id\":\"https:\\\/\\\/agencia.252.com.mx\\\/home\\\/95-4-de-aspirantes-de-la-unam-obtuvo-una-calificacion-menor-entre-el-examen-virtual-y-el-examen-de-control\\\/#primaryimage\"},\"image\":{\"@id\":\"https:\\\/\\\/agencia.252.com.mx\\\/home\\\/95-4-de-aspirantes-de-la-unam-obtuvo-una-calificacion-menor-entre-el-examen-virtual-y-el-examen-de-control\\\/#primaryimage\"},\"thumbnailUrl\":\"https:\\\/\\\/agencia.252.com.mx\\\/wp-content\\\/uploads\\\/2026\\\/08\\\/49113-scaled.jpg\",\"datePublished\":\"2026-09-02T15:27:28+00:00\",\"dateModified\":\"2026-09-02T15:27:30+00:00\",\"breadcrumb\":{\"@id\":\"https:\\\/\\\/agencia.252.com.mx\\\/home\\\/95-4-de-aspirantes-de-la-unam-obtuvo-una-calificacion-menor-entre-el-examen-virtual-y-el-examen-de-control\\\/#breadcrumb\"},\"inLanguage\":\"es\",\"potentialAction\":[{\"@type\":\"ReadAction\",\"target\":[\"https:\\\/\\\/agencia.252.com.mx\\\/home\\\/95-4-de-aspirantes-de-la-unam-obtuvo-una-calificacion-menor-entre-el-examen-virtual-y-el-examen-de-control\\\/\"]}]},{\"@type\":\"ImageObject\",\"inLanguage\":\"es\",\"@id\":\"https:\\\/\\\/agencia.252.com.mx\\\/home\\\/95-4-de-aspirantes-de-la-unam-obtuvo-una-calificacion-menor-entre-el-examen-virtual-y-el-examen-de-control\\\/#primaryimage\",\"url\":\"https:\\\/\\\/agencia.252.com.mx\\\/wp-content\\\/uploads\\\/2026\\\/08\\\/49113-scaled.jpg\",\"contentUrl\":\"https:\\\/\\\/agencia.252.com.mx\\\/wp-content\\\/uploads\\\/2026\\\/08\\\/49113-scaled.jpg\",\"width\":2560,\"height\":1707},{\"@type\":\"BreadcrumbList\",\"@id\":\"https:\\\/\\\/agencia.252.com.mx\\\/home\\\/95-4-de-aspirantes-de-la-unam-obtuvo-una-calificacion-menor-entre-el-examen-virtual-y-el-examen-de-control\\\/#breadcrumb\",\"itemListElement\":[{\"@type\":\"ListItem\",\"position\":1,\"name\":\"Portada\",\"item\":\"https:\\\/\\\/agencia.252.com.mx\\\/home\\\/\"},{\"@type\":\"ListItem\",\"position\":2,\"name\":\"95.4% de aspirantes de la UNAM obtuvo una calificaci\u00f3n menor entre el examen virtual y el examen de control\u00a0\"}]},{\"@type\":\"WebSite\",\"@id\":\"https:\\\/\\\/agencia.252.com.mx\\\/home\\\/#website\",\"url\":\"https:\\\/\\\/agencia.252.com.mx\\\/home\\\/\",\"name\":\"Agencia252\",\"description\":\"Tu espacio en la Red\",\"publisher\":{\"@id\":\"https:\\\/\\\/agencia.252.com.mx\\\/home\\\/#organization\"},\"potentialAction\":[{\"@type\":\"SearchAction\",\"target\":{\"@type\":\"EntryPoint\",\"urlTemplate\":\"https:\\\/\\\/agencia.252.com.mx\\\/home\\\/?s={search_term_string}\"},\"query-input\":{\"@type\":\"PropertyValueSpecification\",\"valueRequired\":true,\"valueName\":\"search_term_string\"}}],\"inLanguage\":\"es\"},{\"@type\":\"Organization\",\"@id\":\"https:\\\/\\\/agencia.252.com.mx\\\/home\\\/#organization\",\"name\":\"Agencia252\",\"url\":\"https:\\\/\\\/agencia.252.com.mx\\\/home\\\/\",\"logo\":{\"@type\":\"ImageObject\",\"inLanguage\":\"es\",\"@id\":\"https:\\\/\\\/agencia.252.com.mx\\\/home\\\/#\\\/schema\\\/logo\\\/image\\\/\",\"url\":\"https:\\\/\\\/agencia.252.com.mx\\\/wp-content\\\/uploads\\\/2023\\\/02\\\/cropped-ciruclo-agencia-e1677562404136.png\",\"contentUrl\":\"https:\\\/\\\/agencia.252.com.mx\\\/wp-content\\\/uploads\\\/2023\\\/02\\\/cropped-ciruclo-agencia-e1677562404136.png\",\"width\":512,\"height\":512,\"caption\":\"Agencia252\"},\"image\":{\"@id\":\"https:\\\/\\\/agencia.252.com.mx\\\/home\\\/#\\\/schema\\\/logo\\\/image\\\/\"},\"sameAs\":[\"https:\\\/\\\/www.facebook.com\\\/252Comunicacion\\\/\",\"https:\\\/\\\/x.com\\\/252COMS\"]},{\"@type\":\"Person\",\"@id\":\"https:\\\/\\\/agencia.252.com.mx\\\/home\\\/#\\\/schema\\\/person\\\/6b972021e9a92d45ade8c78d81509098\",\"name\":\"Nacho Corro\",\"image\":{\"@type\":\"ImageObject\",\"inLanguage\":\"es\",\"@id\":\"https:\\\/\\\/secure.gravatar.com\\\/avatar\\\/5db6df507cfe1307e192fbb498c6b85f1cf2ffd8b4cd37141b9eea588fcbd5a4?s=96&r=g\",\"url\":\"https:\\\/\\\/secure.gravatar.com\\\/avatar\\\/5db6df507cfe1307e192fbb498c6b85f1cf2ffd8b4cd37141b9eea588fcbd5a4?s=96&r=g\",\"contentUrl\":\"https:\\\/\\\/secure.gravatar.com\\\/avatar\\\/5db6df507cfe1307e192fbb498c6b85f1cf2ffd8b4cd37141b9eea588fcbd5a4?s=96&r=g\",\"caption\":\"Nacho Corro\"},\"description\":\"Comunicador Social, Periodista y Administraci\u00f3n P\u00fablica. Conversador pol\u00edtico, temas electorales y seguridad. Generador de contenidos digitales. Amante de la fotograf\u00eda\",\"sameAs\":[\"https:\\\/\\\/www.facebook.com\\\/jcorroherrera\\\/\",\"www.instagram.com\\\/nachocorro\\\/\",\"https:\\\/\\\/x.com\\\/Juan Ignacio Corro Herrera\"],\"url\":\"https:\\\/\\\/agencia.252.com.mx\\\/home\\\/author\\\/i-corro\\\/\"}]}<\/script>\n<!-- \/ Yoast SEO plugin. -->","yoast_head_json":{"title":"95.4% de aspirantes de la UNAM obtuvo una calificaci\u00f3n menor entre el examen virtual y el examen de control\u00a0 - Agencia252","robots":{"index":"index","follow":"follow","max-snippet":"max-snippet:-1","max-image-preview":"max-image-preview:large","max-video-preview":"max-video-preview:-1"},"canonical":"https:\/\/agencia.252.com.mx\/home\/95-4-de-aspirantes-de-la-unam-obtuvo-una-calificacion-menor-entre-el-examen-virtual-y-el-examen-de-control\/","og_locale":"es_ES","og_type":"article","og_title":"95.4% de aspirantes de la UNAM obtuvo una calificaci\u00f3n menor entre el examen virtual y el examen de control\u00a0 - Agencia252","og_description":"Visitas: 5 Juan Ignacio Corro&nbsp; Ciudad de M\u00e9xico, a 2 de septiembre de 2026 De un grupo de&nbsp;6,029 sustentantes&nbsp;que hab\u00edan obtenido entre 110 y 120 aciertos en el examen en l\u00ednea,&nbsp;\u00fanicamente el 1.5%&nbsp;logr\u00f3 ratificar ese nivel de excelencia de manera presencial correspondiente a nuevo ingreso a la Universidad Nacional Aut\u00f3noma de M\u00e9xico (UNAM). De acuerdo [&hellip;]","og_url":"https:\/\/agencia.252.com.mx\/home\/95-4-de-aspirantes-de-la-unam-obtuvo-una-calificacion-menor-entre-el-examen-virtual-y-el-examen-de-control\/","og_site_name":"Agencia252","article_publisher":"https:\/\/www.facebook.com\/252Comunicacion\/","article_author":"https:\/\/www.facebook.com\/jcorroherrera\/","article_published_time":"2026-09-02T15:27:28+00:00","article_modified_time":"2026-09-02T15:27:30+00:00","og_image":[{"width":2560,"height":1707,"url":"http:\/\/agencia.252.com.mx\/wp-content\/uploads\/2026\/08\/49113-scaled.jpg","type":"image\/jpeg"}],"author":"Nacho Corro","twitter_card":"summary_large_image","twitter_creator":"@Juan Ignacio Corro Herrera","twitter_site":"@252COMS","twitter_misc":{"Escrito por":"Nacho Corro","Tiempo de lectura":"2 minutos"},"schema":{"@context":"https:\/\/schema.org","@graph":[{"@type":"Article","@id":"https:\/\/agencia.252.com.mx\/home\/95-4-de-aspirantes-de-la-unam-obtuvo-una-calificacion-menor-entre-el-examen-virtual-y-el-examen-de-control\/#article","isPartOf":{"@id":"https:\/\/agencia.252.com.mx\/home\/95-4-de-aspirantes-de-la-unam-obtuvo-una-calificacion-menor-entre-el-examen-virtual-y-el-examen-de-control\/"},"author":{"name":"Nacho Corro","@id":"https:\/\/agencia.252.com.mx\/home\/#\/schema\/person\/6b972021e9a92d45ade8c78d81509098"},"headline":"95.4% de aspirantes de la UNAM obtuvo una calificaci\u00f3n menor entre el examen virtual y el examen de control\u00a0","datePublished":"2026-09-02T15:27:28+00:00","dateModified":"2026-09-02T15:27:30+00:00","mainEntityOfPage":{"@id":"https:\/\/agencia.252.com.mx\/home\/95-4-de-aspirantes-de-la-unam-obtuvo-una-calificacion-menor-entre-el-examen-virtual-y-el-examen-de-control\/"},"wordCount":389,"commentCount":0,"publisher":{"@id":"https:\/\/agencia.252.com.mx\/home\/#organization"},"image":{"@id":"https:\/\/agencia.252.com.mx\/home\/95-4-de-aspirantes-de-la-unam-obtuvo-una-calificacion-menor-entre-el-examen-virtual-y-el-examen-de-control\/#primaryimage"},"thumbnailUrl":"https:\/\/agencia.252.com.mx\/wp-content\/uploads\/2026\/08\/49113-scaled.jpg","keywords":["CDMX"],"articleSection":["CDMX","Metropoli","Seguridad","UNAM"],"inLanguage":"es","potentialAction":[{"@type":"CommentAction","name":"Comment","target":["https:\/\/agencia.252.com.mx\/home\/95-4-de-aspirantes-de-la-unam-obtuvo-una-calificacion-menor-entre-el-examen-virtual-y-el-examen-de-control\/#respond"]}]},{"@type":"WebPage","@id":"https:\/\/agencia.252.com.mx\/home\/95-4-de-aspirantes-de-la-unam-obtuvo-una-calificacion-menor-entre-el-examen-virtual-y-el-examen-de-control\/","url":"https:\/\/agencia.252.com.mx\/home\/95-4-de-aspirantes-de-la-unam-obtuvo-una-calificacion-menor-entre-el-examen-virtual-y-el-examen-de-control\/","name":"95.4% de aspirantes de la UNAM obtuvo una calificaci\u00f3n menor entre el examen virtual y el examen de control\u00a0 - Agencia252","isPartOf":{"@id":"https:\/\/agencia.252.com.mx\/home\/#website"},"primaryImageOfPage":{"@id":"https:\/\/agencia.252.com.mx\/home\/95-4-de-aspirantes-de-la-unam-obtuvo-una-calificacion-menor-entre-el-examen-virtual-y-el-examen-de-control\/#primaryimage"},"image":{"@id":"https:\/\/agencia.252.com.mx\/home\/95-4-de-aspirantes-de-la-unam-obtuvo-una-calificacion-menor-entre-el-examen-virtual-y-el-examen-de-control\/#primaryimage"},"thumbnailUrl":"https:\/\/agencia.252.com.mx\/wp-content\/uploads\/2026\/08\/49113-scaled.jpg","datePublished":"2026-09-02T15:27:28+00:00","dateModified":"2026-09-02T15:27:30+00:00","breadcrumb":{"@id":"https:\/\/agencia.252.com.mx\/home\/95-4-de-aspirantes-de-la-unam-obtuvo-una-calificacion-menor-entre-el-examen-virtual-y-el-examen-de-control\/#breadcrumb"},"inLanguage":"es","potentialAction":[{"@type":"ReadAction","target":["https:\/\/agencia.252.com.mx\/home\/95-4-de-aspirantes-de-la-unam-obtuvo-una-calificacion-menor-entre-el-examen-virtual-y-el-examen-de-control\/"]}]},{"@type":"ImageObject","inLanguage":"es","@id":"https:\/\/agencia.252.com.mx\/home\/95-4-de-aspirantes-de-la-unam-obtuvo-una-calificacion-menor-entre-el-examen-virtual-y-el-examen-de-control\/#primaryimage","url":"https:\/\/agencia.252.com.mx\/wp-content\/uploads\/2026\/08\/49113-scaled.jpg","contentUrl":"https:\/\/agencia.252.com.mx\/wp-content\/uploads\/2026\/08\/49113-scaled.jpg","width":2560,"height":1707},{"@type":"BreadcrumbList","@id":"https:\/\/agencia.252.com.mx\/home\/95-4-de-aspirantes-de-la-unam-obtuvo-una-calificacion-menor-entre-el-examen-virtual-y-el-examen-de-control\/#breadcrumb","itemListElement":[{"@type":"ListItem","position":1,"name":"Portada","item":"https:\/\/agencia.252.com.mx\/home\/"},{"@type":"ListItem","position":2,"name":"95.4% de aspirantes de la UNAM obtuvo una calificaci\u00f3n menor entre el examen virtual y el examen de control\u00a0"}]},{"@type":"WebSite","@id":"https:\/\/agencia.252.com.mx\/home\/#website","url":"https:\/\/agencia.252.com.mx\/home\/","name":"Agencia252","description":"Tu espacio en la Red","publisher":{"@id":"https:\/\/agencia.252.com.mx\/home\/#organization"},"potentialAction":[{"@type":"SearchAction","target":{"@type":"EntryPoint","urlTemplate":"https:\/\/agencia.252.com.mx\/home\/?s={search_term_string}"},"query-input":{"@type":"PropertyValueSpecification","valueRequired":true,"valueName":"search_term_string"}}],"inLanguage":"es"},{"@type":"Organization","@id":"https:\/\/agencia.252.com.mx\/home\/#organization","name":"Agencia252","url":"https:\/\/agencia.252.com.mx\/home\/","logo":{"@type":"ImageObject","inLanguage":"es","@id":"https:\/\/agencia.252.com.mx\/home\/#\/schema\/logo\/image\/","url":"https:\/\/agencia.252.com.mx\/wp-content\/uploads\/2023\/02\/cropped-ciruclo-agencia-e1677562404136.png","contentUrl":"https:\/\/agencia.252.com.mx\/wp-content\/uploads\/2023\/02\/cropped-ciruclo-agencia-e1677562404136.png","width":512,"height":512,"caption":"Agencia252"},"image":{"@id":"https:\/\/agencia.252.com.mx\/home\/#\/schema\/logo\/image\/"},"sameAs":["https:\/\/www.facebook.com\/252Comunicacion\/","https:\/\/x.com\/252COMS"]},{"@type":"Person","@id":"https:\/\/agencia.252.com.mx\/home\/#\/schema\/person\/6b972021e9a92d45ade8c78d81509098","name":"Nacho Corro","image":{"@type":"ImageObject","inLanguage":"es","@id":"https:\/\/secure.gravatar.com\/avatar\/5db6df507cfe1307e192fbb498c6b85f1cf2ffd8b4cd37141b9eea588fcbd5a4?s=96&r=g","url":"https:\/\/secure.gravatar.com\/avatar\/5db6df507cfe1307e192fbb498c6b85f1cf2ffd8b4cd37141b9eea588fcbd5a4?s=96&r=g","contentUrl":"https:\/\/secure.gravatar.com\/avatar\/5db6df507cfe1307e192fbb498c6b85f1cf2ffd8b4cd37141b9eea588fcbd5a4?s=96&r=g","caption":"Nacho Corro"},"description":"Comunicador Social, Periodista y Administraci\u00f3n P\u00fablica. Conversador pol\u00edtico, temas electorales y seguridad. Generador de contenidos digitales. Amante de la fotograf\u00eda","sameAs":["https:\/\/www.facebook.com\/jcorroherrera\/","www.instagram.com\/nachocorro\/","https:\/\/x.com\/Juan Ignacio Corro Herrera"],"url":"https:\/\/agencia.252.com.mx\/home\/author\/i-corro\/"}]}},"_links":{"self":[{"href":"https:\/\/agencia.252.com.mx\/home\/wp-json\/wp\/v2\/posts\/23061","targetHints":{"allow":["GET"]}}],"collection":[{"href":"https:\/\/agencia.252.com.mx\/home\/wp-json\/wp\/v2\/posts"}],"about":[{"href":"https:\/\/agencia.252.com.mx\/home\/wp-json\/wp\/v2\/types\/post"}],"author":[{"embeddable":true,"href":"https:\/\/agencia.252.com.mx\/home\/wp-json\/wp\/v2\/users\/5"}],"replies":[{"embeddable":true,"href":"https:\/\/agencia.252.com.mx\/home\/wp-json\/wp\/v2\/comments?post=23061"}],"version-history":[{"count":1,"href":"https:\/\/agencia.252.com.mx\/home\/wp-json\/wp\/v2\/posts\/23061\/revisions"}],"predecessor-version":[{"id":23062,"href":"https:\/\/agencia.252.com.mx\/home\/wp-json\/wp\/v2\/posts\/23061\/revisions\/23062"}],"wp:featuredmedia":[{"embeddable":true,"href":"https:\/\/agencia.252.com.mx\/home\/wp-json\/wp\/v2\/media\/22664"}],"wp:attachment":[{"href":"https:\/\/agencia.252.com.mx\/home\/wp-json\/wp\/v2\/media?parent=23061"}],"wp:term":[{"taxonomy":"category","embeddable":true,"href":"https:\/\/agencia.252.com.mx\/home\/wp-json\/wp\/v2\/categories?post=23061"},{"taxonomy":"post_tag","embeddable":true,"href":"https:\/\/agencia.252.com.mx\/home\/wp-json\/wp\/v2\/tags?post=23061"}],"curies":[{"name":"wp","href":"https:\/\/api.w.org\/{rel}","templated":true}]}}