{"id":23055,"date":"2026-09-01T18:46:48","date_gmt":"2026-09-02T00:46:48","guid":{"rendered":"https:\/\/agencia.252.com.mx\/home\/?p=23055"},"modified":"2026-09-01T19:40:44","modified_gmt":"2026-09-02T01:40:44","slug":"con-el-plan-oriente-que-impulsa-la-presidenta-sheinbaum-se-han-invertido-mas-de-3-mil-millones-de-pesos-en-ecatepec","status":"publish","type":"post","link":"https:\/\/agencia.252.com.mx\/home\/con-el-plan-oriente-que-impulsa-la-presidenta-sheinbaum-se-han-invertido-mas-de-3-mil-millones-de-pesos-en-ecatepec\/","title":{"rendered":"Con el Plan Oriente que impulsa la presidenta Sheinbaum, se han invertido m\u00e1s de 3 mil millones de pesos en Ecatepec"},"content":{"rendered":"<p>Visitas: 2<\/p>\n<ul class=\"wp-block-list\">\n<li><em>En Ecatepec se construyen senderos seguros, escuelas, hospitales, se lleva el abasto de agua al 80 por ciento de la poblaci\u00f3n y medio mill\u00f3n de apoyos del bienestar\u00a0<\/em><\/li>\n<\/ul>\n\n\n\n<ul class=\"wp-block-list\">\n<li><em>\u201cQuiero declarar p\u00fablicamente a nuestra presidenta Claudia Sheinbaum como ecatepense de coraz\u00f3n\u201d: Azucena Cisneros<\/em><\/li>\n<\/ul>\n\n\n\n<p class=\"wp-block-paragraph\">Juan Ignacio Corro&nbsp;<\/p>\n\n\n\n<p class=\"has-text-align-right wp-block-paragraph\">Ecatepec, Estado de M\u00e9xico, a 1 de septiembre de 2026<\/p>\n\n\n\n<p class=\"wp-block-paragraph\">Ecatepec se coloc\u00f3 en el centro de la pol\u00edtica nacional con el Plan Integral de la Zona Oriente del Estado de M\u00e9xico, con una inversi\u00f3n de m\u00e1s de 3 mil millones de pesos para obras y programas, afirm\u00f3 la alcaldesa Azucena Cisneros Coss en la conferencia semanal, en el marco del Segundo Informe de Gobierno de la presidenta de M\u00e9xico, Claudia Sheinbaum Pardo.<\/p>\n\n\n\n<p class=\"wp-block-paragraph\">Frente a las y los reporteros, la presidenta municipal subray\u00f3 que en materia de agua potable se realiz\u00f3 una inversi\u00f3n conjunta de m\u00e1s de mil 700 millones de pesos, por lo que el 80 por ciento de la poblaci\u00f3n ya cuenta con el vital l\u00edquido; con los programas de bienestar, m\u00e1s de medio mill\u00f3n de ecatepenses reciben alg\u00fan apoyo federal; se trabaja en la recuperaci\u00f3n del espacio p\u00fablico y se fortalece la infraestructura en salud y educaci\u00f3n.<\/p>\n\n\n\n<figure class=\"wp-block-image alignleft size-medium\"><img fetchpriority=\"high\" decoding=\"async\" width=\"300\" height=\"214\" src=\"https:\/\/agencia.252.com.mx\/wp-content\/uploads\/2026\/09\/WhatsApp-Image-2026-09-01-at-1.57.12-PM-300x214.jpeg\" alt=\"\" class=\"wp-image-23057\" srcset=\"https:\/\/agencia.252.com.mx\/wp-content\/uploads\/2026\/09\/WhatsApp-Image-2026-09-01-at-1.57.12-PM-300x214.jpeg 300w, https:\/\/agencia.252.com.mx\/wp-content\/uploads\/2026\/09\/WhatsApp-Image-2026-09-01-at-1.57.12-PM-1024x729.jpeg 1024w, https:\/\/agencia.252.com.mx\/wp-content\/uploads\/2026\/09\/WhatsApp-Image-2026-09-01-at-1.57.12-PM-768x547.jpeg 768w, https:\/\/agencia.252.com.mx\/wp-content\/uploads\/2026\/09\/WhatsApp-Image-2026-09-01-at-1.57.12-PM.jpeg 1280w\" sizes=\"(max-width: 300px) 100vw, 300px\" \/><\/figure>\n\n\n\n<p class=\"wp-block-paragraph\">Cisneros Coss enfatiz\u00f3 que Claudia Sheinbaum est\u00e1 transformando Ecatepec, con amor y trabajo, con agua, con programas sociales, con calles pavimentadas, con inversi\u00f3n y con resultados. \u201cPor eso, Presidenta: Ecatepec es su casa. Tiene en mi persona no solamente a una aliada, sino a un soldado que est\u00e1 firme para seguir construyendo la prosperidad compartida que todos los mexicanos y, por supuesto, los ecatepenses necesitan\u201d.<\/p>\n\n\n\n<p class=\"wp-block-paragraph\">Asimismo, reiter\u00f3 que el Ayuntamiento de Ecatepec hace equipo con el gobierno del estado de M\u00e9xico, que preside la gobernadora Delfina G\u00f3mez \u00c1lvarez.<\/p>\n\n\n\n<p class=\"wp-block-paragraph\">En materia de agua potable, con el Plan Oriente, cuando inici\u00f3 la presente Administraci\u00f3n, alrededor del 35 por ciento del municipio ten\u00eda el suministro; hoy 80 por ciento ya tiene agua por la red. Adem\u00e1s que se rehabilitaron 71 pozos y se construy\u00f3 el Tanque Maestro de Ciudad Cuauht\u00e9moc, con una capacidad de cinco millones de litros. De este modo, los tres niveles de gobierno invirtieron m\u00e1s de mil 700 millones de pesos, afirm\u00f3.<\/p>\n\n\n\n<p class=\"wp-block-paragraph\">Manifest\u00f3 que otro gran legado de la presidenta de M\u00e9xico en este municipio es el bienestar, por ello, m\u00e1s de medio mill\u00f3n de ecatepenses, entre los que destacan las y los adultos mayores, personas con discapacidad, mujeres, j\u00f3venes, estudiantes y familias reciben alg\u00fan apoyo federal. \u201cSomos el municipio del pa\u00eds que m\u00e1s apoyos recibe a nivel federal\u201d.<\/p>\n\n\n\n<p class=\"wp-block-paragraph\">La presidenta de Ecatepec destac\u00f3 la recuperaci\u00f3n de la ciudad, con la intervenci\u00f3n de m\u00e1s de 444 kil\u00f3metros de vialidades, entre las que destacan avenidas importantes como Insurgentes, Revoluci\u00f3n y Nacional, junto con la recuperaci\u00f3n de parques, camellones y espacios p\u00fablicos y construcci\u00f3n de 305 Senderos Seguros.<\/p>\n\n\n\n<p class=\"wp-block-paragraph\">Sobre el fortalecimiento de la infraestructura en salud y educaci\u00f3n, expuso que en materia educativa, con el Plan Oriente, se realizan y avanzan obras como la construcci\u00f3n del CBTis 29, del Bachillerato Nacional Margarita Maza y la Universidad Nacional Rosario Castellanos, que ya cuenta con proyecto arquitect\u00f3nico con inversi\u00f3n tripartita.&nbsp;<\/p>\n\n\n\n<p class=\"wp-block-paragraph\">En salud, el Hospital Oncol\u00f3gico Pedi\u00e1trico de Ecatepec&nbsp;&nbsp;iniciar\u00e1 su rehabilitaci\u00f3n en octubre de 2026. Tambi\u00e9n se prev\u00e9 la inauguraci\u00f3n de una cl\u00ednica para hemodi\u00e1lisis el pr\u00f3ximo a\u00f1o, y para \u00abLa Cl\u00ednica es Nuestra\u00bb se asignaron 24 millones de pesos para la rehabilitaci\u00f3n de 29 unidades m\u00e9dicas en 2026.&nbsp;<\/p>\n\n\n\n<p class=\"wp-block-paragraph\"><\/p>\n","protected":false},"excerpt":{"rendered":"<p>Visitas: 2 Juan Ignacio Corro&nbsp; Ecatepec, Estado de M\u00e9xico, a 1 de septiembre de 2026 Ecatepec se coloc\u00f3 en el centro de la pol\u00edtica nacional con el Plan Integral de la Zona Oriente del Estado de M\u00e9xico, con una inversi\u00f3n de m\u00e1s de 3 mil millones de pesos para obras y programas, afirm\u00f3 la alcaldesa [&hellip;]<\/p>\n","protected":false},"author":5,"featured_media":23056,"comment_status":"open","ping_status":"open","sticky":false,"template":"","format":"standard","meta":{"site-sidebar-layout":"default","site-content-layout":"","ast-site-content-layout":"default","site-content-style":"default","site-sidebar-style":"default","ast-global-header-display":"","ast-banner-title-visibility":"","ast-main-header-display":"","ast-hfb-above-header-display":"","ast-hfb-below-header-display":"","ast-hfb-mobile-header-display":"","site-post-title":"","ast-breadcrumbs-content":"","ast-featured-img":"","footer-sml-layout":"","ast-disable-related-posts":"","theme-transparent-header-meta":"","adv-header-id-meta":"","stick-header-meta":"","header-above-stick-meta":"","header-main-stick-meta":"","header-below-stick-meta":"","astra-migrate-meta-layouts":"set","ast-page-background-enabled":"default","ast-page-background-meta":{"desktop":{"background-color":"var(--ast-global-color-4)","background-image":"","background-repeat":"repeat","background-position":"center center","background-size":"auto","background-attachment":"scroll","background-type":"","background-media":"","overlay-type":"","overlay-color":"","overlay-opacity":"","overlay-gradient":""},"tablet":{"background-color":"","background-image":"","background-repeat":"repeat","background-position":"center center","background-size":"auto","background-attachment":"scroll","background-type":"","background-media":"","overlay-type":"","overlay-color":"","overlay-opacity":"","overlay-gradient":""},"mobile":{"background-color":"","background-image":"","background-repeat":"repeat","background-position":"center center","background-size":"auto","background-attachment":"scroll","background-type":"","background-media":"","overlay-type":"","overlay-color":"","overlay-opacity":"","overlay-gradient":""}},"ast-content-background-meta":{"desktop":{"background-color":"var(--ast-global-color-5)","background-image":"","background-repeat":"repeat","background-position":"center center","background-size":"auto","background-attachment":"scroll","background-type":"","background-media":"","overlay-type":"","overlay-color":"","overlay-opacity":"","overlay-gradient":""},"tablet":{"background-color":"var(--ast-global-color-5)","background-image":"","background-repeat":"repeat","background-position":"center center","background-size":"auto","background-attachment":"scroll","background-type":"","background-media":"","overlay-type":"","overlay-color":"","overlay-opacity":"","overlay-gradient":""},"mobile":{"background-color":"var(--ast-global-color-5)","background-image":"","background-repeat":"repeat","background-position":"center center","background-size":"auto","background-attachment":"scroll","background-type":"","background-media":"","overlay-type":"","overlay-color":"","overlay-opacity":"","overlay-gradient":""}},"footnotes":""},"categories":[8,512,68],"tags":[526],"class_list":["post-23055","post","type-post","status-publish","format-standard","has-post-thumbnail","hentry","category-edomex","category-metropoli","category-seguridad","tag-edomex"],"yoast_head":"<!-- This site is optimized with the Yoast SEO plugin v28.3 - https:\/\/yoast.com\/product\/yoast-seo-wordpress\/ -->\n<title>Con el Plan Oriente que impulsa la presidenta Sheinbaum, se han invertido m\u00e1s de 3 mil millones de pesos en Ecatepec - Agencia252<\/title>\n<meta name=\"robots\" content=\"index, follow, max-snippet:-1, max-image-preview:large, max-video-preview:-1\" \/>\n<link rel=\"canonical\" href=\"https:\/\/agencia.252.com.mx\/home\/con-el-plan-oriente-que-impulsa-la-presidenta-sheinbaum-se-han-invertido-mas-de-3-mil-millones-de-pesos-en-ecatepec\/\" \/>\n<meta property=\"og:locale\" content=\"es_ES\" \/>\n<meta property=\"og:type\" content=\"article\" \/>\n<meta property=\"og:title\" content=\"Con el Plan Oriente que impulsa la presidenta Sheinbaum, se han invertido m\u00e1s de 3 mil millones de pesos en Ecatepec - Agencia252\" \/>\n<meta property=\"og:description\" content=\"Visitas: 2 Juan Ignacio Corro&nbsp; Ecatepec, Estado de M\u00e9xico, a 1 de septiembre de 2026 Ecatepec se coloc\u00f3 en el centro de la pol\u00edtica nacional con el Plan Integral de la Zona Oriente del Estado de M\u00e9xico, con una inversi\u00f3n de m\u00e1s de 3 mil millones de pesos para obras y programas, afirm\u00f3 la alcaldesa [&hellip;]\" \/>\n<meta property=\"og:url\" content=\"https:\/\/agencia.252.com.mx\/home\/con-el-plan-oriente-que-impulsa-la-presidenta-sheinbaum-se-han-invertido-mas-de-3-mil-millones-de-pesos-en-ecatepec\/\" \/>\n<meta property=\"og:site_name\" content=\"Agencia252\" \/>\n<meta property=\"article:publisher\" content=\"https:\/\/www.facebook.com\/252Comunicacion\/\" \/>\n<meta property=\"article:author\" content=\"https:\/\/www.facebook.com\/jcorroherrera\/\" \/>\n<meta property=\"article:published_time\" content=\"2026-09-02T00:46:48+00:00\" \/>\n<meta property=\"article:modified_time\" content=\"2026-09-02T01:40:44+00:00\" \/>\n<meta property=\"og:image\" content=\"http:\/\/agencia.252.com.mx\/wp-content\/uploads\/2026\/09\/WhatsApp-Image-2026-09-01-at-1.57.12-PM-2.jpeg\" \/>\n\t<meta property=\"og:image:width\" content=\"1280\" \/>\n\t<meta property=\"og:image:height\" content=\"853\" \/>\n\t<meta property=\"og:image:type\" content=\"image\/jpeg\" \/>\n<meta name=\"author\" content=\"Nacho Corro\" \/>\n<meta name=\"twitter:card\" content=\"summary_large_image\" \/>\n<meta name=\"twitter:creator\" content=\"@Juan Ignacio Corro Herrera\" \/>\n<meta name=\"twitter:site\" content=\"@252COMS\" \/>\n<meta name=\"twitter:label1\" content=\"Escrito por\" \/>\n\t<meta name=\"twitter:data1\" content=\"Nacho Corro\" \/>\n\t<meta name=\"twitter:label2\" content=\"Tiempo de lectura\" \/>\n\t<meta name=\"twitter:data2\" content=\"3 minutos\" \/>\n<script type=\"application\/ld+json\" class=\"yoast-schema-graph\">{\"@context\":\"https:\\\/\\\/schema.org\",\"@graph\":[{\"@type\":\"Article\",\"@id\":\"https:\\\/\\\/agencia.252.com.mx\\\/home\\\/con-el-plan-oriente-que-impulsa-la-presidenta-sheinbaum-se-han-invertido-mas-de-3-mil-millones-de-pesos-en-ecatepec\\\/#article\",\"isPartOf\":{\"@id\":\"https:\\\/\\\/agencia.252.com.mx\\\/home\\\/con-el-plan-oriente-que-impulsa-la-presidenta-sheinbaum-se-han-invertido-mas-de-3-mil-millones-de-pesos-en-ecatepec\\\/\"},\"author\":{\"name\":\"Nacho Corro\",\"@id\":\"https:\\\/\\\/agencia.252.com.mx\\\/home\\\/#\\\/schema\\\/person\\\/6b972021e9a92d45ade8c78d81509098\"},\"headline\":\"Con el Plan Oriente que impulsa la presidenta Sheinbaum, se han invertido m\u00e1s de 3 mil millones de pesos en Ecatepec\",\"datePublished\":\"2026-09-02T00:46:48+00:00\",\"dateModified\":\"2026-09-02T01:40:44+00:00\",\"mainEntityOfPage\":{\"@id\":\"https:\\\/\\\/agencia.252.com.mx\\\/home\\\/con-el-plan-oriente-que-impulsa-la-presidenta-sheinbaum-se-han-invertido-mas-de-3-mil-millones-de-pesos-en-ecatepec\\\/\"},\"wordCount\":628,\"commentCount\":0,\"publisher\":{\"@id\":\"https:\\\/\\\/agencia.252.com.mx\\\/home\\\/#organization\"},\"image\":{\"@id\":\"https:\\\/\\\/agencia.252.com.mx\\\/home\\\/con-el-plan-oriente-que-impulsa-la-presidenta-sheinbaum-se-han-invertido-mas-de-3-mil-millones-de-pesos-en-ecatepec\\\/#primaryimage\"},\"thumbnailUrl\":\"https:\\\/\\\/agencia.252.com.mx\\\/wp-content\\\/uploads\\\/2026\\\/09\\\/WhatsApp-Image-2026-09-01-at-1.57.12-PM-2.jpeg\",\"keywords\":[\"Edomex\"],\"articleSection\":[\"Edomex\",\"Metropoli\",\"Seguridad\"],\"inLanguage\":\"es\",\"potentialAction\":[{\"@type\":\"CommentAction\",\"name\":\"Comment\",\"target\":[\"https:\\\/\\\/agencia.252.com.mx\\\/home\\\/con-el-plan-oriente-que-impulsa-la-presidenta-sheinbaum-se-han-invertido-mas-de-3-mil-millones-de-pesos-en-ecatepec\\\/#respond\"]}]},{\"@type\":\"WebPage\",\"@id\":\"https:\\\/\\\/agencia.252.com.mx\\\/home\\\/con-el-plan-oriente-que-impulsa-la-presidenta-sheinbaum-se-han-invertido-mas-de-3-mil-millones-de-pesos-en-ecatepec\\\/\",\"url\":\"https:\\\/\\\/agencia.252.com.mx\\\/home\\\/con-el-plan-oriente-que-impulsa-la-presidenta-sheinbaum-se-han-invertido-mas-de-3-mil-millones-de-pesos-en-ecatepec\\\/\",\"name\":\"Con el Plan Oriente que impulsa la presidenta Sheinbaum, se han invertido m\u00e1s de 3 mil millones de pesos en Ecatepec - Agencia252\",\"isPartOf\":{\"@id\":\"https:\\\/\\\/agencia.252.com.mx\\\/home\\\/#website\"},\"primaryImageOfPage\":{\"@id\":\"https:\\\/\\\/agencia.252.com.mx\\\/home\\\/con-el-plan-oriente-que-impulsa-la-presidenta-sheinbaum-se-han-invertido-mas-de-3-mil-millones-de-pesos-en-ecatepec\\\/#primaryimage\"},\"image\":{\"@id\":\"https:\\\/\\\/agencia.252.com.mx\\\/home\\\/con-el-plan-oriente-que-impulsa-la-presidenta-sheinbaum-se-han-invertido-mas-de-3-mil-millones-de-pesos-en-ecatepec\\\/#primaryimage\"},\"thumbnailUrl\":\"https:\\\/\\\/agencia.252.com.mx\\\/wp-content\\\/uploads\\\/2026\\\/09\\\/WhatsApp-Image-2026-09-01-at-1.57.12-PM-2.jpeg\",\"datePublished\":\"2026-09-02T00:46:48+00:00\",\"dateModified\":\"2026-09-02T01:40:44+00:00\",\"breadcrumb\":{\"@id\":\"https:\\\/\\\/agencia.252.com.mx\\\/home\\\/con-el-plan-oriente-que-impulsa-la-presidenta-sheinbaum-se-han-invertido-mas-de-3-mil-millones-de-pesos-en-ecatepec\\\/#breadcrumb\"},\"inLanguage\":\"es\",\"potentialAction\":[{\"@type\":\"ReadAction\",\"target\":[\"https:\\\/\\\/agencia.252.com.mx\\\/home\\\/con-el-plan-oriente-que-impulsa-la-presidenta-sheinbaum-se-han-invertido-mas-de-3-mil-millones-de-pesos-en-ecatepec\\\/\"]}]},{\"@type\":\"ImageObject\",\"inLanguage\":\"es\",\"@id\":\"https:\\\/\\\/agencia.252.com.mx\\\/home\\\/con-el-plan-oriente-que-impulsa-la-presidenta-sheinbaum-se-han-invertido-mas-de-3-mil-millones-de-pesos-en-ecatepec\\\/#primaryimage\",\"url\":\"https:\\\/\\\/agencia.252.com.mx\\\/wp-content\\\/uploads\\\/2026\\\/09\\\/WhatsApp-Image-2026-09-01-at-1.57.12-PM-2.jpeg\",\"contentUrl\":\"https:\\\/\\\/agencia.252.com.mx\\\/wp-content\\\/uploads\\\/2026\\\/09\\\/WhatsApp-Image-2026-09-01-at-1.57.12-PM-2.jpeg\",\"width\":1280,\"height\":853},{\"@type\":\"BreadcrumbList\",\"@id\":\"https:\\\/\\\/agencia.252.com.mx\\\/home\\\/con-el-plan-oriente-que-impulsa-la-presidenta-sheinbaum-se-han-invertido-mas-de-3-mil-millones-de-pesos-en-ecatepec\\\/#breadcrumb\",\"itemListElement\":[{\"@type\":\"ListItem\",\"position\":1,\"name\":\"Portada\",\"item\":\"https:\\\/\\\/agencia.252.com.mx\\\/home\\\/\"},{\"@type\":\"ListItem\",\"position\":2,\"name\":\"Con el Plan Oriente que impulsa la presidenta Sheinbaum, se han invertido m\u00e1s de 3 mil millones de pesos en Ecatepec\"}]},{\"@type\":\"WebSite\",\"@id\":\"https:\\\/\\\/agencia.252.com.mx\\\/home\\\/#website\",\"url\":\"https:\\\/\\\/agencia.252.com.mx\\\/home\\\/\",\"name\":\"Agencia252\",\"description\":\"Tu espacio en la Red\",\"publisher\":{\"@id\":\"https:\\\/\\\/agencia.252.com.mx\\\/home\\\/#organization\"},\"potentialAction\":[{\"@type\":\"SearchAction\",\"target\":{\"@type\":\"EntryPoint\",\"urlTemplate\":\"https:\\\/\\\/agencia.252.com.mx\\\/home\\\/?s={search_term_string}\"},\"query-input\":{\"@type\":\"PropertyValueSpecification\",\"valueRequired\":true,\"valueName\":\"search_term_string\"}}],\"inLanguage\":\"es\"},{\"@type\":\"Organization\",\"@id\":\"https:\\\/\\\/agencia.252.com.mx\\\/home\\\/#organization\",\"name\":\"Agencia252\",\"url\":\"https:\\\/\\\/agencia.252.com.mx\\\/home\\\/\",\"logo\":{\"@type\":\"ImageObject\",\"inLanguage\":\"es\",\"@id\":\"https:\\\/\\\/agencia.252.com.mx\\\/home\\\/#\\\/schema\\\/logo\\\/image\\\/\",\"url\":\"https:\\\/\\\/agencia.252.com.mx\\\/wp-content\\\/uploads\\\/2023\\\/02\\\/cropped-ciruclo-agencia-e1677562404136.png\",\"contentUrl\":\"https:\\\/\\\/agencia.252.com.mx\\\/wp-content\\\/uploads\\\/2023\\\/02\\\/cropped-ciruclo-agencia-e1677562404136.png\",\"width\":512,\"height\":512,\"caption\":\"Agencia252\"},\"image\":{\"@id\":\"https:\\\/\\\/agencia.252.com.mx\\\/home\\\/#\\\/schema\\\/logo\\\/image\\\/\"},\"sameAs\":[\"https:\\\/\\\/www.facebook.com\\\/252Comunicacion\\\/\",\"https:\\\/\\\/x.com\\\/252COMS\"]},{\"@type\":\"Person\",\"@id\":\"https:\\\/\\\/agencia.252.com.mx\\\/home\\\/#\\\/schema\\\/person\\\/6b972021e9a92d45ade8c78d81509098\",\"name\":\"Nacho Corro\",\"image\":{\"@type\":\"ImageObject\",\"inLanguage\":\"es\",\"@id\":\"https:\\\/\\\/secure.gravatar.com\\\/avatar\\\/5db6df507cfe1307e192fbb498c6b85f1cf2ffd8b4cd37141b9eea588fcbd5a4?s=96&r=g\",\"url\":\"https:\\\/\\\/secure.gravatar.com\\\/avatar\\\/5db6df507cfe1307e192fbb498c6b85f1cf2ffd8b4cd37141b9eea588fcbd5a4?s=96&r=g\",\"contentUrl\":\"https:\\\/\\\/secure.gravatar.com\\\/avatar\\\/5db6df507cfe1307e192fbb498c6b85f1cf2ffd8b4cd37141b9eea588fcbd5a4?s=96&r=g\",\"caption\":\"Nacho Corro\"},\"description\":\"Comunicador Social, Periodista y Administraci\u00f3n P\u00fablica. Conversador pol\u00edtico, temas electorales y seguridad. Generador de contenidos digitales. Amante de la fotograf\u00eda\",\"sameAs\":[\"https:\\\/\\\/www.facebook.com\\\/jcorroherrera\\\/\",\"www.instagram.com\\\/nachocorro\\\/\",\"https:\\\/\\\/x.com\\\/Juan Ignacio Corro Herrera\"],\"url\":\"https:\\\/\\\/agencia.252.com.mx\\\/home\\\/author\\\/i-corro\\\/\"}]}<\/script>\n<!-- \/ Yoast SEO plugin. -->","yoast_head_json":{"title":"Con el Plan Oriente que impulsa la presidenta Sheinbaum, se han invertido m\u00e1s de 3 mil millones de pesos en Ecatepec - Agencia252","robots":{"index":"index","follow":"follow","max-snippet":"max-snippet:-1","max-image-preview":"max-image-preview:large","max-video-preview":"max-video-preview:-1"},"canonical":"https:\/\/agencia.252.com.mx\/home\/con-el-plan-oriente-que-impulsa-la-presidenta-sheinbaum-se-han-invertido-mas-de-3-mil-millones-de-pesos-en-ecatepec\/","og_locale":"es_ES","og_type":"article","og_title":"Con el Plan Oriente que impulsa la presidenta Sheinbaum, se han invertido m\u00e1s de 3 mil millones de pesos en Ecatepec - Agencia252","og_description":"Visitas: 2 Juan Ignacio Corro&nbsp; Ecatepec, Estado de M\u00e9xico, a 1 de septiembre de 2026 Ecatepec se coloc\u00f3 en el centro de la pol\u00edtica nacional con el Plan Integral de la Zona Oriente del Estado de M\u00e9xico, con una inversi\u00f3n de m\u00e1s de 3 mil millones de pesos para obras y programas, afirm\u00f3 la alcaldesa [&hellip;]","og_url":"https:\/\/agencia.252.com.mx\/home\/con-el-plan-oriente-que-impulsa-la-presidenta-sheinbaum-se-han-invertido-mas-de-3-mil-millones-de-pesos-en-ecatepec\/","og_site_name":"Agencia252","article_publisher":"https:\/\/www.facebook.com\/252Comunicacion\/","article_author":"https:\/\/www.facebook.com\/jcorroherrera\/","article_published_time":"2026-09-02T00:46:48+00:00","article_modified_time":"2026-09-02T01:40:44+00:00","og_image":[{"width":1280,"height":853,"url":"http:\/\/agencia.252.com.mx\/wp-content\/uploads\/2026\/09\/WhatsApp-Image-2026-09-01-at-1.57.12-PM-2.jpeg","type":"image\/jpeg"}],"author":"Nacho Corro","twitter_card":"summary_large_image","twitter_creator":"@Juan Ignacio Corro Herrera","twitter_site":"@252COMS","twitter_misc":{"Escrito por":"Nacho Corro","Tiempo de lectura":"3 minutos"},"schema":{"@context":"https:\/\/schema.org","@graph":[{"@type":"Article","@id":"https:\/\/agencia.252.com.mx\/home\/con-el-plan-oriente-que-impulsa-la-presidenta-sheinbaum-se-han-invertido-mas-de-3-mil-millones-de-pesos-en-ecatepec\/#article","isPartOf":{"@id":"https:\/\/agencia.252.com.mx\/home\/con-el-plan-oriente-que-impulsa-la-presidenta-sheinbaum-se-han-invertido-mas-de-3-mil-millones-de-pesos-en-ecatepec\/"},"author":{"name":"Nacho Corro","@id":"https:\/\/agencia.252.com.mx\/home\/#\/schema\/person\/6b972021e9a92d45ade8c78d81509098"},"headline":"Con el Plan Oriente que impulsa la presidenta Sheinbaum, se han invertido m\u00e1s de 3 mil millones de pesos en Ecatepec","datePublished":"2026-09-02T00:46:48+00:00","dateModified":"2026-09-02T01:40:44+00:00","mainEntityOfPage":{"@id":"https:\/\/agencia.252.com.mx\/home\/con-el-plan-oriente-que-impulsa-la-presidenta-sheinbaum-se-han-invertido-mas-de-3-mil-millones-de-pesos-en-ecatepec\/"},"wordCount":628,"commentCount":0,"publisher":{"@id":"https:\/\/agencia.252.com.mx\/home\/#organization"},"image":{"@id":"https:\/\/agencia.252.com.mx\/home\/con-el-plan-oriente-que-impulsa-la-presidenta-sheinbaum-se-han-invertido-mas-de-3-mil-millones-de-pesos-en-ecatepec\/#primaryimage"},"thumbnailUrl":"https:\/\/agencia.252.com.mx\/wp-content\/uploads\/2026\/09\/WhatsApp-Image-2026-09-01-at-1.57.12-PM-2.jpeg","keywords":["Edomex"],"articleSection":["Edomex","Metropoli","Seguridad"],"inLanguage":"es","potentialAction":[{"@type":"CommentAction","name":"Comment","target":["https:\/\/agencia.252.com.mx\/home\/con-el-plan-oriente-que-impulsa-la-presidenta-sheinbaum-se-han-invertido-mas-de-3-mil-millones-de-pesos-en-ecatepec\/#respond"]}]},{"@type":"WebPage","@id":"https:\/\/agencia.252.com.mx\/home\/con-el-plan-oriente-que-impulsa-la-presidenta-sheinbaum-se-han-invertido-mas-de-3-mil-millones-de-pesos-en-ecatepec\/","url":"https:\/\/agencia.252.com.mx\/home\/con-el-plan-oriente-que-impulsa-la-presidenta-sheinbaum-se-han-invertido-mas-de-3-mil-millones-de-pesos-en-ecatepec\/","name":"Con el Plan Oriente que impulsa la presidenta Sheinbaum, se han invertido m\u00e1s de 3 mil millones de pesos en Ecatepec - Agencia252","isPartOf":{"@id":"https:\/\/agencia.252.com.mx\/home\/#website"},"primaryImageOfPage":{"@id":"https:\/\/agencia.252.com.mx\/home\/con-el-plan-oriente-que-impulsa-la-presidenta-sheinbaum-se-han-invertido-mas-de-3-mil-millones-de-pesos-en-ecatepec\/#primaryimage"},"image":{"@id":"https:\/\/agencia.252.com.mx\/home\/con-el-plan-oriente-que-impulsa-la-presidenta-sheinbaum-se-han-invertido-mas-de-3-mil-millones-de-pesos-en-ecatepec\/#primaryimage"},"thumbnailUrl":"https:\/\/agencia.252.com.mx\/wp-content\/uploads\/2026\/09\/WhatsApp-Image-2026-09-01-at-1.57.12-PM-2.jpeg","datePublished":"2026-09-02T00:46:48+00:00","dateModified":"2026-09-02T01:40:44+00:00","breadcrumb":{"@id":"https:\/\/agencia.252.com.mx\/home\/con-el-plan-oriente-que-impulsa-la-presidenta-sheinbaum-se-han-invertido-mas-de-3-mil-millones-de-pesos-en-ecatepec\/#breadcrumb"},"inLanguage":"es","potentialAction":[{"@type":"ReadAction","target":["https:\/\/agencia.252.com.mx\/home\/con-el-plan-oriente-que-impulsa-la-presidenta-sheinbaum-se-han-invertido-mas-de-3-mil-millones-de-pesos-en-ecatepec\/"]}]},{"@type":"ImageObject","inLanguage":"es","@id":"https:\/\/agencia.252.com.mx\/home\/con-el-plan-oriente-que-impulsa-la-presidenta-sheinbaum-se-han-invertido-mas-de-3-mil-millones-de-pesos-en-ecatepec\/#primaryimage","url":"https:\/\/agencia.252.com.mx\/wp-content\/uploads\/2026\/09\/WhatsApp-Image-2026-09-01-at-1.57.12-PM-2.jpeg","contentUrl":"https:\/\/agencia.252.com.mx\/wp-content\/uploads\/2026\/09\/WhatsApp-Image-2026-09-01-at-1.57.12-PM-2.jpeg","width":1280,"height":853},{"@type":"BreadcrumbList","@id":"https:\/\/agencia.252.com.mx\/home\/con-el-plan-oriente-que-impulsa-la-presidenta-sheinbaum-se-han-invertido-mas-de-3-mil-millones-de-pesos-en-ecatepec\/#breadcrumb","itemListElement":[{"@type":"ListItem","position":1,"name":"Portada","item":"https:\/\/agencia.252.com.mx\/home\/"},{"@type":"ListItem","position":2,"name":"Con el Plan Oriente que impulsa la presidenta Sheinbaum, se han invertido m\u00e1s de 3 mil millones de pesos en Ecatepec"}]},{"@type":"WebSite","@id":"https:\/\/agencia.252.com.mx\/home\/#website","url":"https:\/\/agencia.252.com.mx\/home\/","name":"Agencia252","description":"Tu espacio en la Red","publisher":{"@id":"https:\/\/agencia.252.com.mx\/home\/#organization"},"potentialAction":[{"@type":"SearchAction","target":{"@type":"EntryPoint","urlTemplate":"https:\/\/agencia.252.com.mx\/home\/?s={search_term_string}"},"query-input":{"@type":"PropertyValueSpecification","valueRequired":true,"valueName":"search_term_string"}}],"inLanguage":"es"},{"@type":"Organization","@id":"https:\/\/agencia.252.com.mx\/home\/#organization","name":"Agencia252","url":"https:\/\/agencia.252.com.mx\/home\/","logo":{"@type":"ImageObject","inLanguage":"es","@id":"https:\/\/agencia.252.com.mx\/home\/#\/schema\/logo\/image\/","url":"https:\/\/agencia.252.com.mx\/wp-content\/uploads\/2023\/02\/cropped-ciruclo-agencia-e1677562404136.png","contentUrl":"https:\/\/agencia.252.com.mx\/wp-content\/uploads\/2023\/02\/cropped-ciruclo-agencia-e1677562404136.png","width":512,"height":512,"caption":"Agencia252"},"image":{"@id":"https:\/\/agencia.252.com.mx\/home\/#\/schema\/logo\/image\/"},"sameAs":["https:\/\/www.facebook.com\/252Comunicacion\/","https:\/\/x.com\/252COMS"]},{"@type":"Person","@id":"https:\/\/agencia.252.com.mx\/home\/#\/schema\/person\/6b972021e9a92d45ade8c78d81509098","name":"Nacho Corro","image":{"@type":"ImageObject","inLanguage":"es","@id":"https:\/\/secure.gravatar.com\/avatar\/5db6df507cfe1307e192fbb498c6b85f1cf2ffd8b4cd37141b9eea588fcbd5a4?s=96&r=g","url":"https:\/\/secure.gravatar.com\/avatar\/5db6df507cfe1307e192fbb498c6b85f1cf2ffd8b4cd37141b9eea588fcbd5a4?s=96&r=g","contentUrl":"https:\/\/secure.gravatar.com\/avatar\/5db6df507cfe1307e192fbb498c6b85f1cf2ffd8b4cd37141b9eea588fcbd5a4?s=96&r=g","caption":"Nacho Corro"},"description":"Comunicador Social, Periodista y Administraci\u00f3n P\u00fablica. Conversador pol\u00edtico, temas electorales y seguridad. Generador de contenidos digitales. Amante de la fotograf\u00eda","sameAs":["https:\/\/www.facebook.com\/jcorroherrera\/","www.instagram.com\/nachocorro\/","https:\/\/x.com\/Juan Ignacio Corro Herrera"],"url":"https:\/\/agencia.252.com.mx\/home\/author\/i-corro\/"}]}},"_links":{"self":[{"href":"https:\/\/agencia.252.com.mx\/home\/wp-json\/wp\/v2\/posts\/23055","targetHints":{"allow":["GET"]}}],"collection":[{"href":"https:\/\/agencia.252.com.mx\/home\/wp-json\/wp\/v2\/posts"}],"about":[{"href":"https:\/\/agencia.252.com.mx\/home\/wp-json\/wp\/v2\/types\/post"}],"author":[{"embeddable":true,"href":"https:\/\/agencia.252.com.mx\/home\/wp-json\/wp\/v2\/users\/5"}],"replies":[{"embeddable":true,"href":"https:\/\/agencia.252.com.mx\/home\/wp-json\/wp\/v2\/comments?post=23055"}],"version-history":[{"count":2,"href":"https:\/\/agencia.252.com.mx\/home\/wp-json\/wp\/v2\/posts\/23055\/revisions"}],"predecessor-version":[{"id":23060,"href":"https:\/\/agencia.252.com.mx\/home\/wp-json\/wp\/v2\/posts\/23055\/revisions\/23060"}],"wp:featuredmedia":[{"embeddable":true,"href":"https:\/\/agencia.252.com.mx\/home\/wp-json\/wp\/v2\/media\/23056"}],"wp:attachment":[{"href":"https:\/\/agencia.252.com.mx\/home\/wp-json\/wp\/v2\/media?parent=23055"}],"wp:term":[{"taxonomy":"category","embeddable":true,"href":"https:\/\/agencia.252.com.mx\/home\/wp-json\/wp\/v2\/categories?post=23055"},{"taxonomy":"post_tag","embeddable":true,"href":"https:\/\/agencia.252.com.mx\/home\/wp-json\/wp\/v2\/tags?post=23055"}],"curies":[{"name":"wp","href":"https:\/\/api.w.org\/{rel}","templated":true}]}}