{"id":23051,"date":"2026-09-01T18:38:48","date_gmt":"2026-09-02T00:38:48","guid":{"rendered":"https:\/\/agencia.252.com.mx\/home\/?p=23051"},"modified":"2026-09-01T18:39:21","modified_gmt":"2026-09-02T00:39:21","slug":"inica-ciclo-escolar-2026-2027-en-tlalnepantla-con-la-estrategia-edomex-al-100","status":"publish","type":"post","link":"https:\/\/agencia.252.com.mx\/home\/inica-ciclo-escolar-2026-2027-en-tlalnepantla-con-la-estrategia-edomex-al-100\/","title":{"rendered":"Inicia ciclo escolar 2026-2027 en Tlalnepantla con la estrategia \u201cEdomex al 100\u201d\u00a0"},"content":{"rendered":"<p>Visitas: 0<\/p>\n<ul class=\"wp-block-list\">\n<li><em>El Alcalde Raciel P\u00e9rez Cruz destac\u00f3 la edificaci\u00f3n de dos bachilleratos Margarita Maza y la pr\u00f3xima llegada de la Universidad Rosario Castellanos para fortalecer la oferta educativa en la ciudad.<\/em><\/li>\n\n\n\n<li><em>La estrategia \u00abEdoM\u00e9x al 100 con este regreso a clases\u00bb beneficia a m\u00e1s de 4.2 millones de estudiantes mexiquenses con \u00fatiles, becas e inversi\u00f3n en infraestructura.<\/em><\/li>\n<\/ul>\n\n\n\n<p class=\"wp-block-paragraph\">Juan Ignacio Corro&nbsp;<\/p>\n\n\n\n<p class=\"has-text-align-right wp-block-paragraph\">Tlalnepantla, Estado de M\u00e9xico, a 1 de septiembre de 2026<\/p>\n\n\n\n<p class=\"wp-block-paragraph\">En una suma de esfuerzos entre el Gobierno del Estado de M\u00e9xico y el Gobierno Municipal de Tlalnepantla, se llev\u00f3 a cabo el arranque oficial del ciclo escolar 2026-2027 en la Escuela Secundaria \u00abMois\u00e9s S\u00e1enz\u00bb, donde se present\u00f3 la estrategia \u201cEdoM\u00e9x al 100 con este regreso a clases\u00bb. El acto estuvo encabezado por el Presidente Municipal, Raciel P\u00e9rez Cruz, y por la Oficial Mayor del Gobierno estatal, M\u00f3nica Ch\u00e1vez Dur\u00e1n.<\/p>\n\n\n\n<p class=\"wp-block-paragraph\">Durante el evento, el Presidente Raciel P\u00e9rez Cruz, reafirm\u00f3 la plena corresponsabilidad de su administraci\u00f3n con la pol\u00edtica educativa estatal y federal, reconoci\u00f3 el respaldo de la Presidenta Claudia Sheinbaum Pardo y la Gobernadora Delfina G\u00f3mez \u00c1lvarez para transformar las oportunidades de las y los j\u00f3venes en Tlalnepantla.&nbsp;<\/p>\n\n\n\n<p class=\"wp-block-paragraph\">El edil resalt\u00f3 la gran apuesta de infraestructura en la demarcaci\u00f3n con la construcci\u00f3n en marcha de dos bachilleratos Margarita Maza que estar\u00e1n concluidos en diciembre y la pr\u00f3xima llegada de la Universidad Rosario Castellanos, proyectos prioritarios que consolidan el objetivo municipal de elevar el nivel de formaci\u00f3n acad\u00e9mica. Asimismo, en atenci\u00f3n directa al plantel sede, el alcalde anunci\u00f3 la donaci\u00f3n de 15 equipos de c\u00f3mputo para el aula de inform\u00e1tica y trabajos de pintura para el patio escolar de la Secundaria \u00abMois\u00e9s S\u00e1enz\u00bb.<\/p>\n\n\n\n<p class=\"wp-block-paragraph\">La estrategia \u00abEdoM\u00e9x al 100 con este regreso a clases\u00bb respalda el retorno a las aulas de m\u00e1s de 4.2 millones de alumnas y alumnos, as\u00ed como&nbsp;&nbsp;250 mil docentes mexiquenses mediante la distribuci\u00f3n oportuna de libros de texto gratuitos en m\u00e1s de 19 mil escuelas de educaci\u00f3n b\u00e1sica, el suministro de \u00fatiles a m\u00e1s de 2.7 millones de estudiantes con una inversi\u00f3n superior a mil 255 millones de pesos, la continuidad del Protocolo Mochila de Paz y la incorporaci\u00f3n hist\u00f3rica por primera vez de un Seguro Escolar con cobertura m\u00e9dica gratuita por m\u00e1s de 56.5 millones de pesos, que se suman a una bolsa hist\u00f3rica federal y estatal superior a los 12 mil 313 millones de pesos destinados al sector educativo.<\/p>\n\n\n\n<p class=\"wp-block-paragraph\"><\/p>\n","protected":false},"excerpt":{"rendered":"<p>Visitas: 0 Juan Ignacio Corro&nbsp; Tlalnepantla, Estado de M\u00e9xico, a 1 de septiembre de 2026 En una suma de esfuerzos entre el Gobierno del Estado de M\u00e9xico y el Gobierno Municipal de Tlalnepantla, se llev\u00f3 a cabo el arranque oficial del ciclo escolar 2026-2027 en la Escuela Secundaria \u00abMois\u00e9s S\u00e1enz\u00bb, donde se present\u00f3 la estrategia [&hellip;]<\/p>\n","protected":false},"author":5,"featured_media":23052,"comment_status":"open","ping_status":"open","sticky":false,"template":"","format":"standard","meta":{"site-sidebar-layout":"default","site-content-layout":"","ast-site-content-layout":"default","site-content-style":"default","site-sidebar-style":"default","ast-global-header-display":"","ast-banner-title-visibility":"","ast-main-header-display":"","ast-hfb-above-header-display":"","ast-hfb-below-header-display":"","ast-hfb-mobile-header-display":"","site-post-title":"","ast-breadcrumbs-content":"","ast-featured-img":"","footer-sml-layout":"","ast-disable-related-posts":"","theme-transparent-header-meta":"","adv-header-id-meta":"","stick-header-meta":"","header-above-stick-meta":"","header-main-stick-meta":"","header-below-stick-meta":"","astra-migrate-meta-layouts":"set","ast-page-background-enabled":"default","ast-page-background-meta":{"desktop":{"background-color":"var(--ast-global-color-4)","background-image":"","background-repeat":"repeat","background-position":"center center","background-size":"auto","background-attachment":"scroll","background-type":"","background-media":"","overlay-type":"","overlay-color":"","overlay-opacity":"","overlay-gradient":""},"tablet":{"background-color":"","background-image":"","background-repeat":"repeat","background-position":"center center","background-size":"auto","background-attachment":"scroll","background-type":"","background-media":"","overlay-type":"","overlay-color":"","overlay-opacity":"","overlay-gradient":""},"mobile":{"background-color":"","background-image":"","background-repeat":"repeat","background-position":"center center","background-size":"auto","background-attachment":"scroll","background-type":"","background-media":"","overlay-type":"","overlay-color":"","overlay-opacity":"","overlay-gradient":""}},"ast-content-background-meta":{"desktop":{"background-color":"var(--ast-global-color-5)","background-image":"","background-repeat":"repeat","background-position":"center center","background-size":"auto","background-attachment":"scroll","background-type":"","background-media":"","overlay-type":"","overlay-color":"","overlay-opacity":"","overlay-gradient":""},"tablet":{"background-color":"var(--ast-global-color-5)","background-image":"","background-repeat":"repeat","background-position":"center center","background-size":"auto","background-attachment":"scroll","background-type":"","background-media":"","overlay-type":"","overlay-color":"","overlay-opacity":"","overlay-gradient":""},"mobile":{"background-color":"var(--ast-global-color-5)","background-image":"","background-repeat":"repeat","background-position":"center center","background-size":"auto","background-attachment":"scroll","background-type":"","background-media":"","overlay-type":"","overlay-color":"","overlay-opacity":"","overlay-gradient":""}},"footnotes":""},"categories":[8,512,56],"tags":[526],"class_list":["post-23051","post","type-post","status-publish","format-standard","has-post-thumbnail","hentry","category-edomex","category-metropoli","category-tlalnepantla","tag-edomex"],"yoast_head":"<!-- This site is optimized with the Yoast SEO plugin v28.3 - https:\/\/yoast.com\/product\/yoast-seo-wordpress\/ -->\n<title>Inicia ciclo escolar 2026-2027 en Tlalnepantla con la estrategia \u201cEdomex al 100\u201d\u00a0 - Agencia252<\/title>\n<meta name=\"robots\" content=\"index, follow, max-snippet:-1, max-image-preview:large, max-video-preview:-1\" \/>\n<link rel=\"canonical\" href=\"https:\/\/agencia.252.com.mx\/home\/inica-ciclo-escolar-2026-2027-en-tlalnepantla-con-la-estrategia-edomex-al-100\/\" \/>\n<meta property=\"og:locale\" content=\"es_ES\" \/>\n<meta property=\"og:type\" content=\"article\" \/>\n<meta property=\"og:title\" content=\"Inicia ciclo escolar 2026-2027 en Tlalnepantla con la estrategia \u201cEdomex al 100\u201d\u00a0 - Agencia252\" \/>\n<meta property=\"og:description\" content=\"Visitas: 0 Juan Ignacio Corro&nbsp; Tlalnepantla, Estado de M\u00e9xico, a 1 de septiembre de 2026 En una suma de esfuerzos entre el Gobierno del Estado de M\u00e9xico y el Gobierno Municipal de Tlalnepantla, se llev\u00f3 a cabo el arranque oficial del ciclo escolar 2026-2027 en la Escuela Secundaria \u00abMois\u00e9s S\u00e1enz\u00bb, donde se present\u00f3 la estrategia [&hellip;]\" \/>\n<meta property=\"og:url\" content=\"https:\/\/agencia.252.com.mx\/home\/inica-ciclo-escolar-2026-2027-en-tlalnepantla-con-la-estrategia-edomex-al-100\/\" \/>\n<meta property=\"og:site_name\" content=\"Agencia252\" \/>\n<meta property=\"article:publisher\" content=\"https:\/\/www.facebook.com\/252Comunicacion\/\" \/>\n<meta property=\"article:author\" content=\"https:\/\/www.facebook.com\/jcorroherrera\/\" \/>\n<meta property=\"article:published_time\" content=\"2026-09-02T00:38:48+00:00\" \/>\n<meta property=\"article:modified_time\" content=\"2026-09-02T00:39:21+00:00\" \/>\n<meta property=\"og:image\" content=\"http:\/\/agencia.252.com.mx\/wp-content\/uploads\/2026\/09\/WhatsApp-Image-2026-08-31-at-2.04.33-PM.jpeg\" \/>\n\t<meta property=\"og:image:width\" content=\"1600\" \/>\n\t<meta property=\"og:image:height\" content=\"780\" \/>\n\t<meta property=\"og:image:type\" content=\"image\/jpeg\" \/>\n<meta name=\"author\" content=\"Nacho Corro\" \/>\n<meta name=\"twitter:card\" content=\"summary_large_image\" \/>\n<meta name=\"twitter:creator\" content=\"@Juan Ignacio Corro Herrera\" \/>\n<meta name=\"twitter:site\" content=\"@252COMS\" \/>\n<meta name=\"twitter:label1\" content=\"Escrito por\" \/>\n\t<meta name=\"twitter:data1\" content=\"Nacho Corro\" \/>\n\t<meta name=\"twitter:label2\" content=\"Tiempo de lectura\" \/>\n\t<meta name=\"twitter:data2\" content=\"3 minutos\" \/>\n<script type=\"application\/ld+json\" class=\"yoast-schema-graph\">{\"@context\":\"https:\\\/\\\/schema.org\",\"@graph\":[{\"@type\":\"Article\",\"@id\":\"https:\\\/\\\/agencia.252.com.mx\\\/home\\\/inica-ciclo-escolar-2026-2027-en-tlalnepantla-con-la-estrategia-edomex-al-100\\\/#article\",\"isPartOf\":{\"@id\":\"https:\\\/\\\/agencia.252.com.mx\\\/home\\\/inica-ciclo-escolar-2026-2027-en-tlalnepantla-con-la-estrategia-edomex-al-100\\\/\"},\"author\":{\"name\":\"Nacho Corro\",\"@id\":\"https:\\\/\\\/agencia.252.com.mx\\\/home\\\/#\\\/schema\\\/person\\\/6b972021e9a92d45ade8c78d81509098\"},\"headline\":\"Inicia ciclo escolar 2026-2027 en Tlalnepantla con la estrategia \u201cEdomex al 100\u201d\u00a0\",\"datePublished\":\"2026-09-02T00:38:48+00:00\",\"dateModified\":\"2026-09-02T00:39:21+00:00\",\"mainEntityOfPage\":{\"@id\":\"https:\\\/\\\/agencia.252.com.mx\\\/home\\\/inica-ciclo-escolar-2026-2027-en-tlalnepantla-con-la-estrategia-edomex-al-100\\\/\"},\"wordCount\":438,\"commentCount\":0,\"publisher\":{\"@id\":\"https:\\\/\\\/agencia.252.com.mx\\\/home\\\/#organization\"},\"image\":{\"@id\":\"https:\\\/\\\/agencia.252.com.mx\\\/home\\\/inica-ciclo-escolar-2026-2027-en-tlalnepantla-con-la-estrategia-edomex-al-100\\\/#primaryimage\"},\"thumbnailUrl\":\"https:\\\/\\\/agencia.252.com.mx\\\/wp-content\\\/uploads\\\/2026\\\/09\\\/WhatsApp-Image-2026-08-31-at-2.04.33-PM.jpeg\",\"keywords\":[\"Edomex\"],\"articleSection\":[\"Edomex\",\"Metropoli\",\"Tlalnepantla\"],\"inLanguage\":\"es\",\"potentialAction\":[{\"@type\":\"CommentAction\",\"name\":\"Comment\",\"target\":[\"https:\\\/\\\/agencia.252.com.mx\\\/home\\\/inica-ciclo-escolar-2026-2027-en-tlalnepantla-con-la-estrategia-edomex-al-100\\\/#respond\"]}]},{\"@type\":\"WebPage\",\"@id\":\"https:\\\/\\\/agencia.252.com.mx\\\/home\\\/inica-ciclo-escolar-2026-2027-en-tlalnepantla-con-la-estrategia-edomex-al-100\\\/\",\"url\":\"https:\\\/\\\/agencia.252.com.mx\\\/home\\\/inica-ciclo-escolar-2026-2027-en-tlalnepantla-con-la-estrategia-edomex-al-100\\\/\",\"name\":\"Inicia ciclo escolar 2026-2027 en Tlalnepantla con la estrategia \u201cEdomex al 100\u201d\u00a0 - Agencia252\",\"isPartOf\":{\"@id\":\"https:\\\/\\\/agencia.252.com.mx\\\/home\\\/#website\"},\"primaryImageOfPage\":{\"@id\":\"https:\\\/\\\/agencia.252.com.mx\\\/home\\\/inica-ciclo-escolar-2026-2027-en-tlalnepantla-con-la-estrategia-edomex-al-100\\\/#primaryimage\"},\"image\":{\"@id\":\"https:\\\/\\\/agencia.252.com.mx\\\/home\\\/inica-ciclo-escolar-2026-2027-en-tlalnepantla-con-la-estrategia-edomex-al-100\\\/#primaryimage\"},\"thumbnailUrl\":\"https:\\\/\\\/agencia.252.com.mx\\\/wp-content\\\/uploads\\\/2026\\\/09\\\/WhatsApp-Image-2026-08-31-at-2.04.33-PM.jpeg\",\"datePublished\":\"2026-09-02T00:38:48+00:00\",\"dateModified\":\"2026-09-02T00:39:21+00:00\",\"breadcrumb\":{\"@id\":\"https:\\\/\\\/agencia.252.com.mx\\\/home\\\/inica-ciclo-escolar-2026-2027-en-tlalnepantla-con-la-estrategia-edomex-al-100\\\/#breadcrumb\"},\"inLanguage\":\"es\",\"potentialAction\":[{\"@type\":\"ReadAction\",\"target\":[\"https:\\\/\\\/agencia.252.com.mx\\\/home\\\/inica-ciclo-escolar-2026-2027-en-tlalnepantla-con-la-estrategia-edomex-al-100\\\/\"]}]},{\"@type\":\"ImageObject\",\"inLanguage\":\"es\",\"@id\":\"https:\\\/\\\/agencia.252.com.mx\\\/home\\\/inica-ciclo-escolar-2026-2027-en-tlalnepantla-con-la-estrategia-edomex-al-100\\\/#primaryimage\",\"url\":\"https:\\\/\\\/agencia.252.com.mx\\\/wp-content\\\/uploads\\\/2026\\\/09\\\/WhatsApp-Image-2026-08-31-at-2.04.33-PM.jpeg\",\"contentUrl\":\"https:\\\/\\\/agencia.252.com.mx\\\/wp-content\\\/uploads\\\/2026\\\/09\\\/WhatsApp-Image-2026-08-31-at-2.04.33-PM.jpeg\",\"width\":1600,\"height\":780},{\"@type\":\"BreadcrumbList\",\"@id\":\"https:\\\/\\\/agencia.252.com.mx\\\/home\\\/inica-ciclo-escolar-2026-2027-en-tlalnepantla-con-la-estrategia-edomex-al-100\\\/#breadcrumb\",\"itemListElement\":[{\"@type\":\"ListItem\",\"position\":1,\"name\":\"Portada\",\"item\":\"https:\\\/\\\/agencia.252.com.mx\\\/home\\\/\"},{\"@type\":\"ListItem\",\"position\":2,\"name\":\"Inicia ciclo escolar 2026-2027 en Tlalnepantla con la estrategia \u201cEdomex al 100\u201d\u00a0\"}]},{\"@type\":\"WebSite\",\"@id\":\"https:\\\/\\\/agencia.252.com.mx\\\/home\\\/#website\",\"url\":\"https:\\\/\\\/agencia.252.com.mx\\\/home\\\/\",\"name\":\"Agencia252\",\"description\":\"Tu espacio en la Red\",\"publisher\":{\"@id\":\"https:\\\/\\\/agencia.252.com.mx\\\/home\\\/#organization\"},\"potentialAction\":[{\"@type\":\"SearchAction\",\"target\":{\"@type\":\"EntryPoint\",\"urlTemplate\":\"https:\\\/\\\/agencia.252.com.mx\\\/home\\\/?s={search_term_string}\"},\"query-input\":{\"@type\":\"PropertyValueSpecification\",\"valueRequired\":true,\"valueName\":\"search_term_string\"}}],\"inLanguage\":\"es\"},{\"@type\":\"Organization\",\"@id\":\"https:\\\/\\\/agencia.252.com.mx\\\/home\\\/#organization\",\"name\":\"Agencia252\",\"url\":\"https:\\\/\\\/agencia.252.com.mx\\\/home\\\/\",\"logo\":{\"@type\":\"ImageObject\",\"inLanguage\":\"es\",\"@id\":\"https:\\\/\\\/agencia.252.com.mx\\\/home\\\/#\\\/schema\\\/logo\\\/image\\\/\",\"url\":\"https:\\\/\\\/agencia.252.com.mx\\\/wp-content\\\/uploads\\\/2023\\\/02\\\/cropped-ciruclo-agencia-e1677562404136.png\",\"contentUrl\":\"https:\\\/\\\/agencia.252.com.mx\\\/wp-content\\\/uploads\\\/2023\\\/02\\\/cropped-ciruclo-agencia-e1677562404136.png\",\"width\":512,\"height\":512,\"caption\":\"Agencia252\"},\"image\":{\"@id\":\"https:\\\/\\\/agencia.252.com.mx\\\/home\\\/#\\\/schema\\\/logo\\\/image\\\/\"},\"sameAs\":[\"https:\\\/\\\/www.facebook.com\\\/252Comunicacion\\\/\",\"https:\\\/\\\/x.com\\\/252COMS\"]},{\"@type\":\"Person\",\"@id\":\"https:\\\/\\\/agencia.252.com.mx\\\/home\\\/#\\\/schema\\\/person\\\/6b972021e9a92d45ade8c78d81509098\",\"name\":\"Nacho Corro\",\"image\":{\"@type\":\"ImageObject\",\"inLanguage\":\"es\",\"@id\":\"https:\\\/\\\/secure.gravatar.com\\\/avatar\\\/5db6df507cfe1307e192fbb498c6b85f1cf2ffd8b4cd37141b9eea588fcbd5a4?s=96&r=g\",\"url\":\"https:\\\/\\\/secure.gravatar.com\\\/avatar\\\/5db6df507cfe1307e192fbb498c6b85f1cf2ffd8b4cd37141b9eea588fcbd5a4?s=96&r=g\",\"contentUrl\":\"https:\\\/\\\/secure.gravatar.com\\\/avatar\\\/5db6df507cfe1307e192fbb498c6b85f1cf2ffd8b4cd37141b9eea588fcbd5a4?s=96&r=g\",\"caption\":\"Nacho Corro\"},\"description\":\"Comunicador Social, Periodista y Administraci\u00f3n P\u00fablica. Conversador pol\u00edtico, temas electorales y seguridad. Generador de contenidos digitales. Amante de la fotograf\u00eda\",\"sameAs\":[\"https:\\\/\\\/www.facebook.com\\\/jcorroherrera\\\/\",\"www.instagram.com\\\/nachocorro\\\/\",\"https:\\\/\\\/x.com\\\/Juan Ignacio Corro Herrera\"],\"url\":\"https:\\\/\\\/agencia.252.com.mx\\\/home\\\/author\\\/i-corro\\\/\"}]}<\/script>\n<!-- \/ Yoast SEO plugin. -->","yoast_head_json":{"title":"Inicia ciclo escolar 2026-2027 en Tlalnepantla con la estrategia \u201cEdomex al 100\u201d\u00a0 - Agencia252","robots":{"index":"index","follow":"follow","max-snippet":"max-snippet:-1","max-image-preview":"max-image-preview:large","max-video-preview":"max-video-preview:-1"},"canonical":"https:\/\/agencia.252.com.mx\/home\/inica-ciclo-escolar-2026-2027-en-tlalnepantla-con-la-estrategia-edomex-al-100\/","og_locale":"es_ES","og_type":"article","og_title":"Inicia ciclo escolar 2026-2027 en Tlalnepantla con la estrategia \u201cEdomex al 100\u201d\u00a0 - Agencia252","og_description":"Visitas: 0 Juan Ignacio Corro&nbsp; Tlalnepantla, Estado de M\u00e9xico, a 1 de septiembre de 2026 En una suma de esfuerzos entre el Gobierno del Estado de M\u00e9xico y el Gobierno Municipal de Tlalnepantla, se llev\u00f3 a cabo el arranque oficial del ciclo escolar 2026-2027 en la Escuela Secundaria \u00abMois\u00e9s S\u00e1enz\u00bb, donde se present\u00f3 la estrategia [&hellip;]","og_url":"https:\/\/agencia.252.com.mx\/home\/inica-ciclo-escolar-2026-2027-en-tlalnepantla-con-la-estrategia-edomex-al-100\/","og_site_name":"Agencia252","article_publisher":"https:\/\/www.facebook.com\/252Comunicacion\/","article_author":"https:\/\/www.facebook.com\/jcorroherrera\/","article_published_time":"2026-09-02T00:38:48+00:00","article_modified_time":"2026-09-02T00:39:21+00:00","og_image":[{"width":1600,"height":780,"url":"http:\/\/agencia.252.com.mx\/wp-content\/uploads\/2026\/09\/WhatsApp-Image-2026-08-31-at-2.04.33-PM.jpeg","type":"image\/jpeg"}],"author":"Nacho Corro","twitter_card":"summary_large_image","twitter_creator":"@Juan Ignacio Corro Herrera","twitter_site":"@252COMS","twitter_misc":{"Escrito por":"Nacho Corro","Tiempo de lectura":"3 minutos"},"schema":{"@context":"https:\/\/schema.org","@graph":[{"@type":"Article","@id":"https:\/\/agencia.252.com.mx\/home\/inica-ciclo-escolar-2026-2027-en-tlalnepantla-con-la-estrategia-edomex-al-100\/#article","isPartOf":{"@id":"https:\/\/agencia.252.com.mx\/home\/inica-ciclo-escolar-2026-2027-en-tlalnepantla-con-la-estrategia-edomex-al-100\/"},"author":{"name":"Nacho Corro","@id":"https:\/\/agencia.252.com.mx\/home\/#\/schema\/person\/6b972021e9a92d45ade8c78d81509098"},"headline":"Inicia ciclo escolar 2026-2027 en Tlalnepantla con la estrategia \u201cEdomex al 100\u201d\u00a0","datePublished":"2026-09-02T00:38:48+00:00","dateModified":"2026-09-02T00:39:21+00:00","mainEntityOfPage":{"@id":"https:\/\/agencia.252.com.mx\/home\/inica-ciclo-escolar-2026-2027-en-tlalnepantla-con-la-estrategia-edomex-al-100\/"},"wordCount":438,"commentCount":0,"publisher":{"@id":"https:\/\/agencia.252.com.mx\/home\/#organization"},"image":{"@id":"https:\/\/agencia.252.com.mx\/home\/inica-ciclo-escolar-2026-2027-en-tlalnepantla-con-la-estrategia-edomex-al-100\/#primaryimage"},"thumbnailUrl":"https:\/\/agencia.252.com.mx\/wp-content\/uploads\/2026\/09\/WhatsApp-Image-2026-08-31-at-2.04.33-PM.jpeg","keywords":["Edomex"],"articleSection":["Edomex","Metropoli","Tlalnepantla"],"inLanguage":"es","potentialAction":[{"@type":"CommentAction","name":"Comment","target":["https:\/\/agencia.252.com.mx\/home\/inica-ciclo-escolar-2026-2027-en-tlalnepantla-con-la-estrategia-edomex-al-100\/#respond"]}]},{"@type":"WebPage","@id":"https:\/\/agencia.252.com.mx\/home\/inica-ciclo-escolar-2026-2027-en-tlalnepantla-con-la-estrategia-edomex-al-100\/","url":"https:\/\/agencia.252.com.mx\/home\/inica-ciclo-escolar-2026-2027-en-tlalnepantla-con-la-estrategia-edomex-al-100\/","name":"Inicia ciclo escolar 2026-2027 en Tlalnepantla con la estrategia \u201cEdomex al 100\u201d\u00a0 - Agencia252","isPartOf":{"@id":"https:\/\/agencia.252.com.mx\/home\/#website"},"primaryImageOfPage":{"@id":"https:\/\/agencia.252.com.mx\/home\/inica-ciclo-escolar-2026-2027-en-tlalnepantla-con-la-estrategia-edomex-al-100\/#primaryimage"},"image":{"@id":"https:\/\/agencia.252.com.mx\/home\/inica-ciclo-escolar-2026-2027-en-tlalnepantla-con-la-estrategia-edomex-al-100\/#primaryimage"},"thumbnailUrl":"https:\/\/agencia.252.com.mx\/wp-content\/uploads\/2026\/09\/WhatsApp-Image-2026-08-31-at-2.04.33-PM.jpeg","datePublished":"2026-09-02T00:38:48+00:00","dateModified":"2026-09-02T00:39:21+00:00","breadcrumb":{"@id":"https:\/\/agencia.252.com.mx\/home\/inica-ciclo-escolar-2026-2027-en-tlalnepantla-con-la-estrategia-edomex-al-100\/#breadcrumb"},"inLanguage":"es","potentialAction":[{"@type":"ReadAction","target":["https:\/\/agencia.252.com.mx\/home\/inica-ciclo-escolar-2026-2027-en-tlalnepantla-con-la-estrategia-edomex-al-100\/"]}]},{"@type":"ImageObject","inLanguage":"es","@id":"https:\/\/agencia.252.com.mx\/home\/inica-ciclo-escolar-2026-2027-en-tlalnepantla-con-la-estrategia-edomex-al-100\/#primaryimage","url":"https:\/\/agencia.252.com.mx\/wp-content\/uploads\/2026\/09\/WhatsApp-Image-2026-08-31-at-2.04.33-PM.jpeg","contentUrl":"https:\/\/agencia.252.com.mx\/wp-content\/uploads\/2026\/09\/WhatsApp-Image-2026-08-31-at-2.04.33-PM.jpeg","width":1600,"height":780},{"@type":"BreadcrumbList","@id":"https:\/\/agencia.252.com.mx\/home\/inica-ciclo-escolar-2026-2027-en-tlalnepantla-con-la-estrategia-edomex-al-100\/#breadcrumb","itemListElement":[{"@type":"ListItem","position":1,"name":"Portada","item":"https:\/\/agencia.252.com.mx\/home\/"},{"@type":"ListItem","position":2,"name":"Inicia ciclo escolar 2026-2027 en Tlalnepantla con la estrategia \u201cEdomex al 100\u201d\u00a0"}]},{"@type":"WebSite","@id":"https:\/\/agencia.252.com.mx\/home\/#website","url":"https:\/\/agencia.252.com.mx\/home\/","name":"Agencia252","description":"Tu espacio en la Red","publisher":{"@id":"https:\/\/agencia.252.com.mx\/home\/#organization"},"potentialAction":[{"@type":"SearchAction","target":{"@type":"EntryPoint","urlTemplate":"https:\/\/agencia.252.com.mx\/home\/?s={search_term_string}"},"query-input":{"@type":"PropertyValueSpecification","valueRequired":true,"valueName":"search_term_string"}}],"inLanguage":"es"},{"@type":"Organization","@id":"https:\/\/agencia.252.com.mx\/home\/#organization","name":"Agencia252","url":"https:\/\/agencia.252.com.mx\/home\/","logo":{"@type":"ImageObject","inLanguage":"es","@id":"https:\/\/agencia.252.com.mx\/home\/#\/schema\/logo\/image\/","url":"https:\/\/agencia.252.com.mx\/wp-content\/uploads\/2023\/02\/cropped-ciruclo-agencia-e1677562404136.png","contentUrl":"https:\/\/agencia.252.com.mx\/wp-content\/uploads\/2023\/02\/cropped-ciruclo-agencia-e1677562404136.png","width":512,"height":512,"caption":"Agencia252"},"image":{"@id":"https:\/\/agencia.252.com.mx\/home\/#\/schema\/logo\/image\/"},"sameAs":["https:\/\/www.facebook.com\/252Comunicacion\/","https:\/\/x.com\/252COMS"]},{"@type":"Person","@id":"https:\/\/agencia.252.com.mx\/home\/#\/schema\/person\/6b972021e9a92d45ade8c78d81509098","name":"Nacho Corro","image":{"@type":"ImageObject","inLanguage":"es","@id":"https:\/\/secure.gravatar.com\/avatar\/5db6df507cfe1307e192fbb498c6b85f1cf2ffd8b4cd37141b9eea588fcbd5a4?s=96&r=g","url":"https:\/\/secure.gravatar.com\/avatar\/5db6df507cfe1307e192fbb498c6b85f1cf2ffd8b4cd37141b9eea588fcbd5a4?s=96&r=g","contentUrl":"https:\/\/secure.gravatar.com\/avatar\/5db6df507cfe1307e192fbb498c6b85f1cf2ffd8b4cd37141b9eea588fcbd5a4?s=96&r=g","caption":"Nacho Corro"},"description":"Comunicador Social, Periodista y Administraci\u00f3n P\u00fablica. Conversador pol\u00edtico, temas electorales y seguridad. Generador de contenidos digitales. Amante de la fotograf\u00eda","sameAs":["https:\/\/www.facebook.com\/jcorroherrera\/","www.instagram.com\/nachocorro\/","https:\/\/x.com\/Juan Ignacio Corro Herrera"],"url":"https:\/\/agencia.252.com.mx\/home\/author\/i-corro\/"}]}},"_links":{"self":[{"href":"https:\/\/agencia.252.com.mx\/home\/wp-json\/wp\/v2\/posts\/23051","targetHints":{"allow":["GET"]}}],"collection":[{"href":"https:\/\/agencia.252.com.mx\/home\/wp-json\/wp\/v2\/posts"}],"about":[{"href":"https:\/\/agencia.252.com.mx\/home\/wp-json\/wp\/v2\/types\/post"}],"author":[{"embeddable":true,"href":"https:\/\/agencia.252.com.mx\/home\/wp-json\/wp\/v2\/users\/5"}],"replies":[{"embeddable":true,"href":"https:\/\/agencia.252.com.mx\/home\/wp-json\/wp\/v2\/comments?post=23051"}],"version-history":[{"count":2,"href":"https:\/\/agencia.252.com.mx\/home\/wp-json\/wp\/v2\/posts\/23051\/revisions"}],"predecessor-version":[{"id":23054,"href":"https:\/\/agencia.252.com.mx\/home\/wp-json\/wp\/v2\/posts\/23051\/revisions\/23054"}],"wp:featuredmedia":[{"embeddable":true,"href":"https:\/\/agencia.252.com.mx\/home\/wp-json\/wp\/v2\/media\/23052"}],"wp:attachment":[{"href":"https:\/\/agencia.252.com.mx\/home\/wp-json\/wp\/v2\/media?parent=23051"}],"wp:term":[{"taxonomy":"category","embeddable":true,"href":"https:\/\/agencia.252.com.mx\/home\/wp-json\/wp\/v2\/categories?post=23051"},{"taxonomy":"post_tag","embeddable":true,"href":"https:\/\/agencia.252.com.mx\/home\/wp-json\/wp\/v2\/tags?post=23051"}],"curies":[{"name":"wp","href":"https:\/\/api.w.org\/{rel}","templated":true}]}}