{"id":23048,"date":"2026-09-01T18:05:32","date_gmt":"2026-09-02T00:05:32","guid":{"rendered":"https:\/\/agencia.252.com.mx\/home\/?p=23048"},"modified":"2026-09-01T18:05:33","modified_gmt":"2026-09-02T00:05:33","slug":"prohiben-el-acceso-de-pirotecnia-en-el-metro-con-motivo-de-las-fiestas-patrias","status":"publish","type":"post","link":"https:\/\/agencia.252.com.mx\/home\/prohiben-el-acceso-de-pirotecnia-en-el-metro-con-motivo-de-las-fiestas-patrias\/","title":{"rendered":"Prohiben el acceso de pirotecnia en el metro con motivo de las fiestas patrias"},"content":{"rendered":"<p>Visitas: 4<\/p>\n<ul class=\"wp-block-list\">\n<li><em>Del 1 al 16 de septiembre implementara Operativo Cero Pirotecnia, para intensificar la vigilancia en las entradas de todas las estaciones estrat\u00e9gicas para prevenir el ingreso, traslado y venta de pirotecnia<\/em><\/li>\n\n\n\n<li><em>Candelaria, Merced, Pino Su\u00e1rez, Balderas, Hidalgo, Indios Verdes y Jamaica ser\u00e1n estaciones prioritarias durante el dispositivo<\/em><\/li>\n<\/ul>\n\n\n\n<p class=\"wp-block-paragraph\">Juan Ignacio Corro&nbsp;<\/p>\n\n\n\n<p class=\"has-text-align-right wp-block-paragraph\">Ciudad de M\u00e9xico, a 1 de septiembre de 2026<\/p>\n\n\n\n<p class=\"wp-block-paragraph\">En el marco de las celebraciones septembrinas, del 1 al 16 del mes en curso el Sistema de Transporte Colectivo (STC) reforzar\u00e1 el control de acceso en todas las estaciones de la red, como parte del operativo \u201cCero Pirotecnia\u201d.<\/p>\n\n\n\n<p class=\"wp-block-paragraph\">Durante el horario de servicio, personal de vigilancia y elementos policiales intensificar\u00e1n su presencia en las entradas de las estaciones para prevenir y disuadir el ingreso de personas que transporten o pretendan comercializar art\u00edculos pirot\u00e9cnicos dentro de las instalaciones.<\/p>\n\n\n\n<p class=\"wp-block-paragraph\">El operativo se concentrar\u00e1 principalmente en siete estaciones identificadas como prioritarias: Candelaria, de las L\u00edneas 1 y 4; Merced, de la L\u00ednea 1; Pino Su\u00e1rez, de las L\u00edneas 1 y 2; Balderas, de las L\u00edneas 1 y 3; Hidalgo, de las L\u00edneas 2 y 3; Indios Verdes, de la L\u00ednea 3, y Jamaica, de las L\u00edneas 4 y 9.<\/p>\n\n\n\n<p class=\"wp-block-paragraph\">La vigilancia en los accesos se complementar\u00e1 con dispositivos m\u00f3viles de seguridad a cargo de elementos de los grupos Fuerza de Reacci\u00f3n y Estrat\u00e9gicos, quienes realizar\u00e1n recorridos a bordo de trenes, pasillos y zonas de distribuci\u00f3n para detectar e inhibir el traslado o la venta de estos materiales.<\/p>\n\n\n\n<p class=\"wp-block-paragraph\">Asimismo, se solicitar\u00e1 a la Secretar\u00eda de Seguridad Ciudadana (SSC) la participaci\u00f3n de personal del Agrupamiento Fuerza de Tarea en las labores de recolecci\u00f3n y destino final de los art\u00edculos pirot\u00e9cnicos asegurados.<\/p>\n\n\n\n<p class=\"wp-block-paragraph\">Como medida complementaria, el sistema de videovigilancia permitir\u00e1 mantener un monitoreo constante en los accesos que presentan mayor incidencia de usuarios que intentan ingresar con pirotecnia.En caso de que una persona sea sorprendida transportando o comercializando estos art\u00edculos, ser\u00e1 reportada de forma inmediata al Puesto Central de Monitoreo (PCM), para dar aviso al \u00e1rea jur\u00eddica del organismo y determinar lo procedente respecto de la persona y del material asegurado<\/p>\n\n\n\n<p class=\"wp-block-paragraph\"><\/p>\n","protected":false},"excerpt":{"rendered":"<p>Visitas: 4 Juan Ignacio Corro&nbsp; Ciudad de M\u00e9xico, a 1 de septiembre de 2026 En el marco de las celebraciones septembrinas, del 1 al 16 del mes en curso el Sistema de Transporte Colectivo (STC) reforzar\u00e1 el control de acceso en todas las estaciones de la red, como parte del operativo \u201cCero Pirotecnia\u201d. Durante el [&hellip;]<\/p>\n","protected":false},"author":5,"featured_media":23049,"comment_status":"open","ping_status":"open","sticky":false,"template":"","format":"standard","meta":{"site-sidebar-layout":"default","site-content-layout":"","ast-site-content-layout":"default","site-content-style":"default","site-sidebar-style":"default","ast-global-header-display":"","ast-banner-title-visibility":"","ast-main-header-display":"","ast-hfb-above-header-display":"","ast-hfb-below-header-display":"","ast-hfb-mobile-header-display":"","site-post-title":"","ast-breadcrumbs-content":"","ast-featured-img":"","footer-sml-layout":"","ast-disable-related-posts":"","theme-transparent-header-meta":"","adv-header-id-meta":"","stick-header-meta":"","header-above-stick-meta":"","header-main-stick-meta":"","header-below-stick-meta":"","astra-migrate-meta-layouts":"set","ast-page-background-enabled":"default","ast-page-background-meta":{"desktop":{"background-color":"var(--ast-global-color-4)","background-image":"","background-repeat":"repeat","background-position":"center center","background-size":"auto","background-attachment":"scroll","background-type":"","background-media":"","overlay-type":"","overlay-color":"","overlay-opacity":"","overlay-gradient":""},"tablet":{"background-color":"","background-image":"","background-repeat":"repeat","background-position":"center center","background-size":"auto","background-attachment":"scroll","background-type":"","background-media":"","overlay-type":"","overlay-color":"","overlay-opacity":"","overlay-gradient":""},"mobile":{"background-color":"","background-image":"","background-repeat":"repeat","background-position":"center center","background-size":"auto","background-attachment":"scroll","background-type":"","background-media":"","overlay-type":"","overlay-color":"","overlay-opacity":"","overlay-gradient":""}},"ast-content-background-meta":{"desktop":{"background-color":"var(--ast-global-color-5)","background-image":"","background-repeat":"repeat","background-position":"center center","background-size":"auto","background-attachment":"scroll","background-type":"","background-media":"","overlay-type":"","overlay-color":"","overlay-opacity":"","overlay-gradient":""},"tablet":{"background-color":"var(--ast-global-color-5)","background-image":"","background-repeat":"repeat","background-position":"center center","background-size":"auto","background-attachment":"scroll","background-type":"","background-media":"","overlay-type":"","overlay-color":"","overlay-opacity":"","overlay-gradient":""},"mobile":{"background-color":"var(--ast-global-color-5)","background-image":"","background-repeat":"repeat","background-position":"center center","background-size":"auto","background-attachment":"scroll","background-type":"","background-media":"","overlay-type":"","overlay-color":"","overlay-opacity":"","overlay-gradient":""}},"footnotes":""},"categories":[69,206,68],"tags":[535],"class_list":["post-23048","post","type-post","status-publish","format-standard","has-post-thumbnail","hentry","category-cdmx","category-pirotecnia","category-seguridad","tag-cdmx"],"yoast_head":"<!-- This site is optimized with the Yoast SEO plugin v28.3 - https:\/\/yoast.com\/product\/yoast-seo-wordpress\/ -->\n<title>Prohiben el acceso de pirotecnia en el metro con motivo de las fiestas patrias - Agencia252<\/title>\n<meta name=\"robots\" content=\"index, follow, max-snippet:-1, max-image-preview:large, max-video-preview:-1\" \/>\n<link rel=\"canonical\" href=\"https:\/\/agencia.252.com.mx\/home\/prohiben-el-acceso-de-pirotecnia-en-el-metro-con-motivo-de-las-fiestas-patrias\/\" \/>\n<meta property=\"og:locale\" content=\"es_ES\" \/>\n<meta property=\"og:type\" content=\"article\" \/>\n<meta property=\"og:title\" content=\"Prohiben el acceso de pirotecnia en el metro con motivo de las fiestas patrias - Agencia252\" \/>\n<meta property=\"og:description\" content=\"Visitas: 4 Juan Ignacio Corro&nbsp; Ciudad de M\u00e9xico, a 1 de septiembre de 2026 En el marco de las celebraciones septembrinas, del 1 al 16 del mes en curso el Sistema de Transporte Colectivo (STC) reforzar\u00e1 el control de acceso en todas las estaciones de la red, como parte del operativo \u201cCero Pirotecnia\u201d. Durante el [&hellip;]\" \/>\n<meta property=\"og:url\" content=\"https:\/\/agencia.252.com.mx\/home\/prohiben-el-acceso-de-pirotecnia-en-el-metro-con-motivo-de-las-fiestas-patrias\/\" \/>\n<meta property=\"og:site_name\" content=\"Agencia252\" \/>\n<meta property=\"article:publisher\" content=\"https:\/\/www.facebook.com\/252Comunicacion\/\" \/>\n<meta property=\"article:author\" content=\"https:\/\/www.facebook.com\/jcorroherrera\/\" \/>\n<meta property=\"article:published_time\" content=\"2026-09-02T00:05:32+00:00\" \/>\n<meta property=\"article:modified_time\" content=\"2026-09-02T00:05:33+00:00\" \/>\n<meta property=\"og:image\" content=\"http:\/\/agencia.252.com.mx\/wp-content\/uploads\/2026\/09\/6T3RrW6u.png\" \/>\n\t<meta property=\"og:image:width\" content=\"680\" \/>\n\t<meta property=\"og:image:height\" content=\"410\" \/>\n\t<meta property=\"og:image:type\" content=\"image\/png\" \/>\n<meta name=\"author\" content=\"Nacho Corro\" \/>\n<meta name=\"twitter:card\" content=\"summary_large_image\" \/>\n<meta name=\"twitter:creator\" content=\"@Juan Ignacio Corro Herrera\" \/>\n<meta name=\"twitter:site\" content=\"@252COMS\" \/>\n<meta name=\"twitter:label1\" content=\"Escrito por\" \/>\n\t<meta name=\"twitter:data1\" content=\"Nacho Corro\" \/>\n\t<meta name=\"twitter:label2\" content=\"Tiempo de lectura\" \/>\n\t<meta name=\"twitter:data2\" content=\"2 minutos\" \/>\n<script type=\"application\/ld+json\" class=\"yoast-schema-graph\">{\"@context\":\"https:\\\/\\\/schema.org\",\"@graph\":[{\"@type\":\"Article\",\"@id\":\"https:\\\/\\\/agencia.252.com.mx\\\/home\\\/prohiben-el-acceso-de-pirotecnia-en-el-metro-con-motivo-de-las-fiestas-patrias\\\/#article\",\"isPartOf\":{\"@id\":\"https:\\\/\\\/agencia.252.com.mx\\\/home\\\/prohiben-el-acceso-de-pirotecnia-en-el-metro-con-motivo-de-las-fiestas-patrias\\\/\"},\"author\":{\"name\":\"Nacho Corro\",\"@id\":\"https:\\\/\\\/agencia.252.com.mx\\\/home\\\/#\\\/schema\\\/person\\\/6b972021e9a92d45ade8c78d81509098\"},\"headline\":\"Prohiben el acceso de pirotecnia en el metro con motivo de las fiestas patrias\",\"datePublished\":\"2026-09-02T00:05:32+00:00\",\"dateModified\":\"2026-09-02T00:05:33+00:00\",\"mainEntityOfPage\":{\"@id\":\"https:\\\/\\\/agencia.252.com.mx\\\/home\\\/prohiben-el-acceso-de-pirotecnia-en-el-metro-con-motivo-de-las-fiestas-patrias\\\/\"},\"wordCount\":370,\"commentCount\":0,\"publisher\":{\"@id\":\"https:\\\/\\\/agencia.252.com.mx\\\/home\\\/#organization\"},\"image\":{\"@id\":\"https:\\\/\\\/agencia.252.com.mx\\\/home\\\/prohiben-el-acceso-de-pirotecnia-en-el-metro-con-motivo-de-las-fiestas-patrias\\\/#primaryimage\"},\"thumbnailUrl\":\"https:\\\/\\\/agencia.252.com.mx\\\/wp-content\\\/uploads\\\/2026\\\/09\\\/6T3RrW6u.png\",\"keywords\":[\"CDMX\"],\"articleSection\":[\"CDMX\",\"pirot\u00e9cnia\",\"Seguridad\"],\"inLanguage\":\"es\",\"potentialAction\":[{\"@type\":\"CommentAction\",\"name\":\"Comment\",\"target\":[\"https:\\\/\\\/agencia.252.com.mx\\\/home\\\/prohiben-el-acceso-de-pirotecnia-en-el-metro-con-motivo-de-las-fiestas-patrias\\\/#respond\"]}]},{\"@type\":\"WebPage\",\"@id\":\"https:\\\/\\\/agencia.252.com.mx\\\/home\\\/prohiben-el-acceso-de-pirotecnia-en-el-metro-con-motivo-de-las-fiestas-patrias\\\/\",\"url\":\"https:\\\/\\\/agencia.252.com.mx\\\/home\\\/prohiben-el-acceso-de-pirotecnia-en-el-metro-con-motivo-de-las-fiestas-patrias\\\/\",\"name\":\"Prohiben el acceso de pirotecnia en el metro con motivo de las fiestas patrias - Agencia252\",\"isPartOf\":{\"@id\":\"https:\\\/\\\/agencia.252.com.mx\\\/home\\\/#website\"},\"primaryImageOfPage\":{\"@id\":\"https:\\\/\\\/agencia.252.com.mx\\\/home\\\/prohiben-el-acceso-de-pirotecnia-en-el-metro-con-motivo-de-las-fiestas-patrias\\\/#primaryimage\"},\"image\":{\"@id\":\"https:\\\/\\\/agencia.252.com.mx\\\/home\\\/prohiben-el-acceso-de-pirotecnia-en-el-metro-con-motivo-de-las-fiestas-patrias\\\/#primaryimage\"},\"thumbnailUrl\":\"https:\\\/\\\/agencia.252.com.mx\\\/wp-content\\\/uploads\\\/2026\\\/09\\\/6T3RrW6u.png\",\"datePublished\":\"2026-09-02T00:05:32+00:00\",\"dateModified\":\"2026-09-02T00:05:33+00:00\",\"breadcrumb\":{\"@id\":\"https:\\\/\\\/agencia.252.com.mx\\\/home\\\/prohiben-el-acceso-de-pirotecnia-en-el-metro-con-motivo-de-las-fiestas-patrias\\\/#breadcrumb\"},\"inLanguage\":\"es\",\"potentialAction\":[{\"@type\":\"ReadAction\",\"target\":[\"https:\\\/\\\/agencia.252.com.mx\\\/home\\\/prohiben-el-acceso-de-pirotecnia-en-el-metro-con-motivo-de-las-fiestas-patrias\\\/\"]}]},{\"@type\":\"ImageObject\",\"inLanguage\":\"es\",\"@id\":\"https:\\\/\\\/agencia.252.com.mx\\\/home\\\/prohiben-el-acceso-de-pirotecnia-en-el-metro-con-motivo-de-las-fiestas-patrias\\\/#primaryimage\",\"url\":\"https:\\\/\\\/agencia.252.com.mx\\\/wp-content\\\/uploads\\\/2026\\\/09\\\/6T3RrW6u.png\",\"contentUrl\":\"https:\\\/\\\/agencia.252.com.mx\\\/wp-content\\\/uploads\\\/2026\\\/09\\\/6T3RrW6u.png\",\"width\":680,\"height\":410},{\"@type\":\"BreadcrumbList\",\"@id\":\"https:\\\/\\\/agencia.252.com.mx\\\/home\\\/prohiben-el-acceso-de-pirotecnia-en-el-metro-con-motivo-de-las-fiestas-patrias\\\/#breadcrumb\",\"itemListElement\":[{\"@type\":\"ListItem\",\"position\":1,\"name\":\"Portada\",\"item\":\"https:\\\/\\\/agencia.252.com.mx\\\/home\\\/\"},{\"@type\":\"ListItem\",\"position\":2,\"name\":\"Prohiben el acceso de pirotecnia en el metro con motivo de las fiestas patrias\"}]},{\"@type\":\"WebSite\",\"@id\":\"https:\\\/\\\/agencia.252.com.mx\\\/home\\\/#website\",\"url\":\"https:\\\/\\\/agencia.252.com.mx\\\/home\\\/\",\"name\":\"Agencia252\",\"description\":\"Tu espacio en la Red\",\"publisher\":{\"@id\":\"https:\\\/\\\/agencia.252.com.mx\\\/home\\\/#organization\"},\"potentialAction\":[{\"@type\":\"SearchAction\",\"target\":{\"@type\":\"EntryPoint\",\"urlTemplate\":\"https:\\\/\\\/agencia.252.com.mx\\\/home\\\/?s={search_term_string}\"},\"query-input\":{\"@type\":\"PropertyValueSpecification\",\"valueRequired\":true,\"valueName\":\"search_term_string\"}}],\"inLanguage\":\"es\"},{\"@type\":\"Organization\",\"@id\":\"https:\\\/\\\/agencia.252.com.mx\\\/home\\\/#organization\",\"name\":\"Agencia252\",\"url\":\"https:\\\/\\\/agencia.252.com.mx\\\/home\\\/\",\"logo\":{\"@type\":\"ImageObject\",\"inLanguage\":\"es\",\"@id\":\"https:\\\/\\\/agencia.252.com.mx\\\/home\\\/#\\\/schema\\\/logo\\\/image\\\/\",\"url\":\"https:\\\/\\\/agencia.252.com.mx\\\/wp-content\\\/uploads\\\/2023\\\/02\\\/cropped-ciruclo-agencia-e1677562404136.png\",\"contentUrl\":\"https:\\\/\\\/agencia.252.com.mx\\\/wp-content\\\/uploads\\\/2023\\\/02\\\/cropped-ciruclo-agencia-e1677562404136.png\",\"width\":512,\"height\":512,\"caption\":\"Agencia252\"},\"image\":{\"@id\":\"https:\\\/\\\/agencia.252.com.mx\\\/home\\\/#\\\/schema\\\/logo\\\/image\\\/\"},\"sameAs\":[\"https:\\\/\\\/www.facebook.com\\\/252Comunicacion\\\/\",\"https:\\\/\\\/x.com\\\/252COMS\"]},{\"@type\":\"Person\",\"@id\":\"https:\\\/\\\/agencia.252.com.mx\\\/home\\\/#\\\/schema\\\/person\\\/6b972021e9a92d45ade8c78d81509098\",\"name\":\"Nacho Corro\",\"image\":{\"@type\":\"ImageObject\",\"inLanguage\":\"es\",\"@id\":\"https:\\\/\\\/secure.gravatar.com\\\/avatar\\\/5db6df507cfe1307e192fbb498c6b85f1cf2ffd8b4cd37141b9eea588fcbd5a4?s=96&r=g\",\"url\":\"https:\\\/\\\/secure.gravatar.com\\\/avatar\\\/5db6df507cfe1307e192fbb498c6b85f1cf2ffd8b4cd37141b9eea588fcbd5a4?s=96&r=g\",\"contentUrl\":\"https:\\\/\\\/secure.gravatar.com\\\/avatar\\\/5db6df507cfe1307e192fbb498c6b85f1cf2ffd8b4cd37141b9eea588fcbd5a4?s=96&r=g\",\"caption\":\"Nacho Corro\"},\"description\":\"Comunicador Social, Periodista y Administraci\u00f3n P\u00fablica. Conversador pol\u00edtico, temas electorales y seguridad. Generador de contenidos digitales. Amante de la fotograf\u00eda\",\"sameAs\":[\"https:\\\/\\\/www.facebook.com\\\/jcorroherrera\\\/\",\"www.instagram.com\\\/nachocorro\\\/\",\"https:\\\/\\\/x.com\\\/Juan Ignacio Corro Herrera\"],\"url\":\"https:\\\/\\\/agencia.252.com.mx\\\/home\\\/author\\\/i-corro\\\/\"}]}<\/script>\n<!-- \/ Yoast SEO plugin. -->","yoast_head_json":{"title":"Prohiben el acceso de pirotecnia en el metro con motivo de las fiestas patrias - Agencia252","robots":{"index":"index","follow":"follow","max-snippet":"max-snippet:-1","max-image-preview":"max-image-preview:large","max-video-preview":"max-video-preview:-1"},"canonical":"https:\/\/agencia.252.com.mx\/home\/prohiben-el-acceso-de-pirotecnia-en-el-metro-con-motivo-de-las-fiestas-patrias\/","og_locale":"es_ES","og_type":"article","og_title":"Prohiben el acceso de pirotecnia en el metro con motivo de las fiestas patrias - Agencia252","og_description":"Visitas: 4 Juan Ignacio Corro&nbsp; Ciudad de M\u00e9xico, a 1 de septiembre de 2026 En el marco de las celebraciones septembrinas, del 1 al 16 del mes en curso el Sistema de Transporte Colectivo (STC) reforzar\u00e1 el control de acceso en todas las estaciones de la red, como parte del operativo \u201cCero Pirotecnia\u201d. Durante el [&hellip;]","og_url":"https:\/\/agencia.252.com.mx\/home\/prohiben-el-acceso-de-pirotecnia-en-el-metro-con-motivo-de-las-fiestas-patrias\/","og_site_name":"Agencia252","article_publisher":"https:\/\/www.facebook.com\/252Comunicacion\/","article_author":"https:\/\/www.facebook.com\/jcorroherrera\/","article_published_time":"2026-09-02T00:05:32+00:00","article_modified_time":"2026-09-02T00:05:33+00:00","og_image":[{"width":680,"height":410,"url":"http:\/\/agencia.252.com.mx\/wp-content\/uploads\/2026\/09\/6T3RrW6u.png","type":"image\/png"}],"author":"Nacho Corro","twitter_card":"summary_large_image","twitter_creator":"@Juan Ignacio Corro Herrera","twitter_site":"@252COMS","twitter_misc":{"Escrito por":"Nacho Corro","Tiempo de lectura":"2 minutos"},"schema":{"@context":"https:\/\/schema.org","@graph":[{"@type":"Article","@id":"https:\/\/agencia.252.com.mx\/home\/prohiben-el-acceso-de-pirotecnia-en-el-metro-con-motivo-de-las-fiestas-patrias\/#article","isPartOf":{"@id":"https:\/\/agencia.252.com.mx\/home\/prohiben-el-acceso-de-pirotecnia-en-el-metro-con-motivo-de-las-fiestas-patrias\/"},"author":{"name":"Nacho Corro","@id":"https:\/\/agencia.252.com.mx\/home\/#\/schema\/person\/6b972021e9a92d45ade8c78d81509098"},"headline":"Prohiben el acceso de pirotecnia en el metro con motivo de las fiestas patrias","datePublished":"2026-09-02T00:05:32+00:00","dateModified":"2026-09-02T00:05:33+00:00","mainEntityOfPage":{"@id":"https:\/\/agencia.252.com.mx\/home\/prohiben-el-acceso-de-pirotecnia-en-el-metro-con-motivo-de-las-fiestas-patrias\/"},"wordCount":370,"commentCount":0,"publisher":{"@id":"https:\/\/agencia.252.com.mx\/home\/#organization"},"image":{"@id":"https:\/\/agencia.252.com.mx\/home\/prohiben-el-acceso-de-pirotecnia-en-el-metro-con-motivo-de-las-fiestas-patrias\/#primaryimage"},"thumbnailUrl":"https:\/\/agencia.252.com.mx\/wp-content\/uploads\/2026\/09\/6T3RrW6u.png","keywords":["CDMX"],"articleSection":["CDMX","pirot\u00e9cnia","Seguridad"],"inLanguage":"es","potentialAction":[{"@type":"CommentAction","name":"Comment","target":["https:\/\/agencia.252.com.mx\/home\/prohiben-el-acceso-de-pirotecnia-en-el-metro-con-motivo-de-las-fiestas-patrias\/#respond"]}]},{"@type":"WebPage","@id":"https:\/\/agencia.252.com.mx\/home\/prohiben-el-acceso-de-pirotecnia-en-el-metro-con-motivo-de-las-fiestas-patrias\/","url":"https:\/\/agencia.252.com.mx\/home\/prohiben-el-acceso-de-pirotecnia-en-el-metro-con-motivo-de-las-fiestas-patrias\/","name":"Prohiben el acceso de pirotecnia en el metro con motivo de las fiestas patrias - Agencia252","isPartOf":{"@id":"https:\/\/agencia.252.com.mx\/home\/#website"},"primaryImageOfPage":{"@id":"https:\/\/agencia.252.com.mx\/home\/prohiben-el-acceso-de-pirotecnia-en-el-metro-con-motivo-de-las-fiestas-patrias\/#primaryimage"},"image":{"@id":"https:\/\/agencia.252.com.mx\/home\/prohiben-el-acceso-de-pirotecnia-en-el-metro-con-motivo-de-las-fiestas-patrias\/#primaryimage"},"thumbnailUrl":"https:\/\/agencia.252.com.mx\/wp-content\/uploads\/2026\/09\/6T3RrW6u.png","datePublished":"2026-09-02T00:05:32+00:00","dateModified":"2026-09-02T00:05:33+00:00","breadcrumb":{"@id":"https:\/\/agencia.252.com.mx\/home\/prohiben-el-acceso-de-pirotecnia-en-el-metro-con-motivo-de-las-fiestas-patrias\/#breadcrumb"},"inLanguage":"es","potentialAction":[{"@type":"ReadAction","target":["https:\/\/agencia.252.com.mx\/home\/prohiben-el-acceso-de-pirotecnia-en-el-metro-con-motivo-de-las-fiestas-patrias\/"]}]},{"@type":"ImageObject","inLanguage":"es","@id":"https:\/\/agencia.252.com.mx\/home\/prohiben-el-acceso-de-pirotecnia-en-el-metro-con-motivo-de-las-fiestas-patrias\/#primaryimage","url":"https:\/\/agencia.252.com.mx\/wp-content\/uploads\/2026\/09\/6T3RrW6u.png","contentUrl":"https:\/\/agencia.252.com.mx\/wp-content\/uploads\/2026\/09\/6T3RrW6u.png","width":680,"height":410},{"@type":"BreadcrumbList","@id":"https:\/\/agencia.252.com.mx\/home\/prohiben-el-acceso-de-pirotecnia-en-el-metro-con-motivo-de-las-fiestas-patrias\/#breadcrumb","itemListElement":[{"@type":"ListItem","position":1,"name":"Portada","item":"https:\/\/agencia.252.com.mx\/home\/"},{"@type":"ListItem","position":2,"name":"Prohiben el acceso de pirotecnia en el metro con motivo de las fiestas patrias"}]},{"@type":"WebSite","@id":"https:\/\/agencia.252.com.mx\/home\/#website","url":"https:\/\/agencia.252.com.mx\/home\/","name":"Agencia252","description":"Tu espacio en la Red","publisher":{"@id":"https:\/\/agencia.252.com.mx\/home\/#organization"},"potentialAction":[{"@type":"SearchAction","target":{"@type":"EntryPoint","urlTemplate":"https:\/\/agencia.252.com.mx\/home\/?s={search_term_string}"},"query-input":{"@type":"PropertyValueSpecification","valueRequired":true,"valueName":"search_term_string"}}],"inLanguage":"es"},{"@type":"Organization","@id":"https:\/\/agencia.252.com.mx\/home\/#organization","name":"Agencia252","url":"https:\/\/agencia.252.com.mx\/home\/","logo":{"@type":"ImageObject","inLanguage":"es","@id":"https:\/\/agencia.252.com.mx\/home\/#\/schema\/logo\/image\/","url":"https:\/\/agencia.252.com.mx\/wp-content\/uploads\/2023\/02\/cropped-ciruclo-agencia-e1677562404136.png","contentUrl":"https:\/\/agencia.252.com.mx\/wp-content\/uploads\/2023\/02\/cropped-ciruclo-agencia-e1677562404136.png","width":512,"height":512,"caption":"Agencia252"},"image":{"@id":"https:\/\/agencia.252.com.mx\/home\/#\/schema\/logo\/image\/"},"sameAs":["https:\/\/www.facebook.com\/252Comunicacion\/","https:\/\/x.com\/252COMS"]},{"@type":"Person","@id":"https:\/\/agencia.252.com.mx\/home\/#\/schema\/person\/6b972021e9a92d45ade8c78d81509098","name":"Nacho Corro","image":{"@type":"ImageObject","inLanguage":"es","@id":"https:\/\/secure.gravatar.com\/avatar\/5db6df507cfe1307e192fbb498c6b85f1cf2ffd8b4cd37141b9eea588fcbd5a4?s=96&r=g","url":"https:\/\/secure.gravatar.com\/avatar\/5db6df507cfe1307e192fbb498c6b85f1cf2ffd8b4cd37141b9eea588fcbd5a4?s=96&r=g","contentUrl":"https:\/\/secure.gravatar.com\/avatar\/5db6df507cfe1307e192fbb498c6b85f1cf2ffd8b4cd37141b9eea588fcbd5a4?s=96&r=g","caption":"Nacho Corro"},"description":"Comunicador Social, Periodista y Administraci\u00f3n P\u00fablica. Conversador pol\u00edtico, temas electorales y seguridad. Generador de contenidos digitales. Amante de la fotograf\u00eda","sameAs":["https:\/\/www.facebook.com\/jcorroherrera\/","www.instagram.com\/nachocorro\/","https:\/\/x.com\/Juan Ignacio Corro Herrera"],"url":"https:\/\/agencia.252.com.mx\/home\/author\/i-corro\/"}]}},"_links":{"self":[{"href":"https:\/\/agencia.252.com.mx\/home\/wp-json\/wp\/v2\/posts\/23048","targetHints":{"allow":["GET"]}}],"collection":[{"href":"https:\/\/agencia.252.com.mx\/home\/wp-json\/wp\/v2\/posts"}],"about":[{"href":"https:\/\/agencia.252.com.mx\/home\/wp-json\/wp\/v2\/types\/post"}],"author":[{"embeddable":true,"href":"https:\/\/agencia.252.com.mx\/home\/wp-json\/wp\/v2\/users\/5"}],"replies":[{"embeddable":true,"href":"https:\/\/agencia.252.com.mx\/home\/wp-json\/wp\/v2\/comments?post=23048"}],"version-history":[{"count":1,"href":"https:\/\/agencia.252.com.mx\/home\/wp-json\/wp\/v2\/posts\/23048\/revisions"}],"predecessor-version":[{"id":23050,"href":"https:\/\/agencia.252.com.mx\/home\/wp-json\/wp\/v2\/posts\/23048\/revisions\/23050"}],"wp:featuredmedia":[{"embeddable":true,"href":"https:\/\/agencia.252.com.mx\/home\/wp-json\/wp\/v2\/media\/23049"}],"wp:attachment":[{"href":"https:\/\/agencia.252.com.mx\/home\/wp-json\/wp\/v2\/media?parent=23048"}],"wp:term":[{"taxonomy":"category","embeddable":true,"href":"https:\/\/agencia.252.com.mx\/home\/wp-json\/wp\/v2\/categories?post=23048"},{"taxonomy":"post_tag","embeddable":true,"href":"https:\/\/agencia.252.com.mx\/home\/wp-json\/wp\/v2\/tags?post=23048"}],"curies":[{"name":"wp","href":"https:\/\/api.w.org\/{rel}","templated":true}]}}