{"id":23039,"date":"2026-09-01T14:28:54","date_gmt":"2026-09-01T20:28:54","guid":{"rendered":"https:\/\/agencia.252.com.mx\/home\/?p=23039"},"modified":"2026-09-01T14:28:55","modified_gmt":"2026-09-01T20:28:55","slug":"mexico-tiene-rumbo-claudia-sheinbaum-pide-a-la-poblacion-a-no-equivocarse","status":"publish","type":"post","link":"https:\/\/agencia.252.com.mx\/home\/mexico-tiene-rumbo-claudia-sheinbaum-pide-a-la-poblacion-a-no-equivocarse\/","title":{"rendered":"M\u00e9xico tiene rumbo: Claudia Sheinbaum; pide a la poblaci\u00f3n a no equivocarse\u00a0\u00a0"},"content":{"rendered":"<p>Visitas: 3<\/p>\n<ul class=\"wp-block-list\">\n<li><em>Presume crecimiento econ\u00f3mico de 1.4 %\u00a0<\/em><\/li>\n\n\n\n<li><em>M\u00e9xico quiere cooperaci\u00f3n, di\u00e1logo y entendimiento con todas las naciones sin sometimiento ni renuncia a sus principios<\/em><\/li>\n<\/ul>\n\n\n\n<p class=\"wp-block-paragraph\">Juan Ignacio Corro&nbsp;<\/p>\n\n\n\n<p class=\"has-text-align-right wp-block-paragraph\">Ciudad de M\u00e9xico, a 1 de septiembre de 2026<\/p>\n\n\n\n<p class=\"wp-block-paragraph\">En 23 meses de grandes cambios se ha mostrado que M\u00e9xico es fuerte, tiene un pueblo extraordinario con un gobierno que es parte del proyecto de la Cuarta Transformaci\u00f3n de la vida p\u00fablica, afirm\u00f3 la Presidenta de M\u00e9xico, Claudia Sheinbaum, al hacer un llamado a la poblaci\u00f3n a \u201cno equivocarse, ya que no hay divisiones ni rompimiento\u201d.<\/p>\n\n\n\n<p class=\"wp-block-paragraph\">La Jefa del Ejecutivo Federal resalt\u00f3 que la econom\u00eda mexicana permanece estable y avanza con r\u00e9cord en Inversi\u00f3n Extranjera Directa (IED); el PIB creci\u00f3 1.4% y el peso est\u00e1 fuerte, manteni\u00e9ndose como una de las monedas m\u00e1s apreciadas en todo el mundo.<\/p>\n\n\n\n<figure class=\"wp-block-image alignleft size-full\"><img fetchpriority=\"high\" decoding=\"async\" width=\"650\" height=\"380\" src=\"http:\/\/agencia.252.com.mx\/wp-content\/uploads\/2026\/09\/post_presidenta_CSP_informe.jpeg\" alt=\"\" class=\"wp-image-23040\" srcset=\"https:\/\/agencia.252.com.mx\/wp-content\/uploads\/2026\/09\/post_presidenta_CSP_informe.jpeg 650w, https:\/\/agencia.252.com.mx\/wp-content\/uploads\/2026\/09\/post_presidenta_CSP_informe-300x175.jpeg 300w\" sizes=\"(max-width: 650px) 100vw, 650px\" \/><\/figure>\n\n\n\n<p class=\"wp-block-paragraph\">&nbsp;En su Segundo Informe de Gobierno, la Presidenta de M\u00e9xico, Claudia Sheinbaum Pardo, resalt\u00f3 que solo con honestidad se dan verdaderos resultados; por ello, el pa\u00eds est\u00e1 mejor y tiene un rumbo marcado por el pueblo, lo que permite entregar buenas cuentas y garantizar un futuro de bienestar para todas y todos los mexicanos.<\/p>\n\n\n\n<p class=\"wp-block-paragraph\">La Jefa del Ejecutivo Federal puntualiz\u00f3 que mientras tenga el honor de servir como Presidenta de la Rep\u00fablica, defender\u00e1 con toda firmeza la soberan\u00eda, la dignidad y la independencia, ya que M\u00e9xico es un pa\u00eds soberano y ante esto, recalc\u00f3, la soberan\u00eda no se negocia, no se entrega y no se comparte.&nbsp;<\/p>\n\n\n\n<p class=\"wp-block-paragraph\">Sobre la relaci\u00f3n con el gobierno de Estados Unidos, destac\u00f3 que en materia comercial se mantiene di\u00e1logo permanente, en seguridad se han alcanzado acuerdos de colaboraci\u00f3n basados en que M\u00e9xico busca la cooperaci\u00f3n y el entendimiento con todas las naciones. \u201cCooperaci\u00f3n no significa sometimiento. Amistad no significa renunciar a nuestros principios\u201d, expres\u00f3.<\/p>\n\n\n\n<p class=\"wp-block-paragraph\">Destac\u00f3 que durante estos dos a\u00f1os de su administraci\u00f3n no se han destinado recursos p\u00fablicos a gastos innecesarios, los salarios de servidores p\u00fablicos de alto nivel no han aumentado y se ha reducido el gasto corriente en 200 mil millones de pesos (mdp) comparado con el 2024; aument\u00f3 el ingreso de las y los maestros en 10 por ciento en 2025 y 9 por ciento en 2026. Los ingresos del Gobierno Federal alcanzaron una cifra hist\u00f3rica de 6 billones 46 mil mdp, lo que representa 487 mil mdp m\u00e1s que el a\u00f1o pasado; al cierre de agosto, la recaudaci\u00f3n registra 149 mil mdp m\u00e1s respecto al mismo periodo del a\u00f1o anterior; y los 24 productos de la canasta b\u00e1sica han disminuido su precio en 12 por ciento.<\/p>\n\n\n\n<p class=\"wp-block-paragraph\">Expuso que la econom\u00eda mexicana permanece estable y avanza, ya que alcanz\u00f3 un r\u00e9cord en Inversi\u00f3n Extranjera Directa (IED) con 35 mil millones de d\u00f3lares, un crecimiento del 12 por ciento respecto al 2024; en el segundo trimestre del a\u00f1o, el PIB tuvo un crecimiento de 1.4 por ciento respecto al trimestre anterior y de 1.9 por ciento respecto al segundo trimestre de 2025.<\/p>\n\n\n\n<p class=\"wp-block-paragraph\">El peso est\u00e1 fuerte y se mantiene en cerca de 17 pesos por d\u00f3lar, una de las monedas m\u00e1s apreciadas en todo el mundo, y por segundo a\u00f1o consecutivo, la balanza comercial es positiva.&nbsp;&nbsp;<\/p>\n\n\n\n<p class=\"wp-block-paragraph\">Adem\u00e1s, el&nbsp;Plan M\u00e9xico&nbsp;contin\u00faa con la puesta en operaci\u00f3n de 25 parques industriales de una meta de 100 y se cre\u00f3 la Oficina de Presidencia para la promoci\u00f3n de las inversiones que en cuatro meses ha aprobado 19 proyectos por un monto de 3 mil 760 millones de d\u00f3lares.<\/p>\n\n\n\n<p class=\"wp-block-paragraph\">Se\u00f1al\u00f3 que los&nbsp;Programas para el Bienestar,&nbsp;al cierre de 2026, llegar\u00e1n a 42 millones 860 mil 296 derechohabientes, con una inversi\u00f3n hist\u00f3rica de un bill\u00f3n de pesos destinados directamente al bienestar de la gente. Adem\u00e1s, dijo que la Transformaci\u00f3n se vive en las aulas: todos los estudiantes de primaria y preparatoria est\u00e1n becados y van por m\u00e1s en la educaci\u00f3n superior.&nbsp;<\/p>\n\n\n\n<p class=\"wp-block-paragraph\"><\/p>\n","protected":false},"excerpt":{"rendered":"<p>Visitas: 3 Juan Ignacio Corro&nbsp; Ciudad de M\u00e9xico, a 1 de septiembre de 2026 En 23 meses de grandes cambios se ha mostrado que M\u00e9xico es fuerte, tiene un pueblo extraordinario con un gobierno que es parte del proyecto de la Cuarta Transformaci\u00f3n de la vida p\u00fablica, afirm\u00f3 la Presidenta de M\u00e9xico, Claudia Sheinbaum, al [&hellip;]<\/p>\n","protected":false},"author":5,"featured_media":23041,"comment_status":"open","ping_status":"open","sticky":false,"template":"","format":"standard","meta":{"site-sidebar-layout":"default","site-content-layout":"","ast-site-content-layout":"default","site-content-style":"default","site-sidebar-style":"default","ast-global-header-display":"","ast-banner-title-visibility":"","ast-main-header-display":"","ast-hfb-above-header-display":"","ast-hfb-below-header-display":"","ast-hfb-mobile-header-display":"","site-post-title":"","ast-breadcrumbs-content":"","ast-featured-img":"","footer-sml-layout":"","ast-disable-related-posts":"","theme-transparent-header-meta":"","adv-header-id-meta":"","stick-header-meta":"","header-above-stick-meta":"","header-main-stick-meta":"","header-below-stick-meta":"","astra-migrate-meta-layouts":"set","ast-page-background-enabled":"default","ast-page-background-meta":{"desktop":{"background-color":"var(--ast-global-color-4)","background-image":"","background-repeat":"repeat","background-position":"center center","background-size":"auto","background-attachment":"scroll","background-type":"","background-media":"","overlay-type":"","overlay-color":"","overlay-opacity":"","overlay-gradient":""},"tablet":{"background-color":"","background-image":"","background-repeat":"repeat","background-position":"center center","background-size":"auto","background-attachment":"scroll","background-type":"","background-media":"","overlay-type":"","overlay-color":"","overlay-opacity":"","overlay-gradient":""},"mobile":{"background-color":"","background-image":"","background-repeat":"repeat","background-position":"center center","background-size":"auto","background-attachment":"scroll","background-type":"","background-media":"","overlay-type":"","overlay-color":"","overlay-opacity":"","overlay-gradient":""}},"ast-content-background-meta":{"desktop":{"background-color":"var(--ast-global-color-5)","background-image":"","background-repeat":"repeat","background-position":"center center","background-size":"auto","background-attachment":"scroll","background-type":"","background-media":"","overlay-type":"","overlay-color":"","overlay-opacity":"","overlay-gradient":""},"tablet":{"background-color":"var(--ast-global-color-5)","background-image":"","background-repeat":"repeat","background-position":"center center","background-size":"auto","background-attachment":"scroll","background-type":"","background-media":"","overlay-type":"","overlay-color":"","overlay-opacity":"","overlay-gradient":""},"mobile":{"background-color":"var(--ast-global-color-5)","background-image":"","background-repeat":"repeat","background-position":"center center","background-size":"auto","background-attachment":"scroll","background-type":"","background-media":"","overlay-type":"","overlay-color":"","overlay-opacity":"","overlay-gradient":""}},"footnotes":""},"categories":[69,512,458,68],"tags":[535],"class_list":["post-23039","post","type-post","status-publish","format-standard","has-post-thumbnail","hentry","category-cdmx","category-metropoli","category-nacional","category-seguridad","tag-cdmx"],"yoast_head":"<!-- This site is optimized with the Yoast SEO plugin v28.3 - https:\/\/yoast.com\/product\/yoast-seo-wordpress\/ -->\n<title>M\u00e9xico tiene rumbo: Claudia Sheinbaum; pide a la poblaci\u00f3n a no equivocarse\u00a0\u00a0 - Agencia252<\/title>\n<meta name=\"robots\" content=\"index, follow, max-snippet:-1, max-image-preview:large, max-video-preview:-1\" \/>\n<link rel=\"canonical\" href=\"https:\/\/agencia.252.com.mx\/home\/mexico-tiene-rumbo-claudia-sheinbaum-pide-a-la-poblacion-a-no-equivocarse\/\" \/>\n<meta property=\"og:locale\" content=\"es_ES\" \/>\n<meta property=\"og:type\" content=\"article\" \/>\n<meta property=\"og:title\" content=\"M\u00e9xico tiene rumbo: Claudia Sheinbaum; pide a la poblaci\u00f3n a no equivocarse\u00a0\u00a0 - Agencia252\" \/>\n<meta property=\"og:description\" content=\"Visitas: 3 Juan Ignacio Corro&nbsp; Ciudad de M\u00e9xico, a 1 de septiembre de 2026 En 23 meses de grandes cambios se ha mostrado que M\u00e9xico es fuerte, tiene un pueblo extraordinario con un gobierno que es parte del proyecto de la Cuarta Transformaci\u00f3n de la vida p\u00fablica, afirm\u00f3 la Presidenta de M\u00e9xico, Claudia Sheinbaum, al [&hellip;]\" \/>\n<meta property=\"og:url\" content=\"https:\/\/agencia.252.com.mx\/home\/mexico-tiene-rumbo-claudia-sheinbaum-pide-a-la-poblacion-a-no-equivocarse\/\" \/>\n<meta property=\"og:site_name\" content=\"Agencia252\" \/>\n<meta property=\"article:publisher\" content=\"https:\/\/www.facebook.com\/252Comunicacion\/\" \/>\n<meta property=\"article:author\" content=\"https:\/\/www.facebook.com\/jcorroherrera\/\" \/>\n<meta property=\"article:published_time\" content=\"2026-09-01T20:28:54+00:00\" \/>\n<meta property=\"article:modified_time\" content=\"2026-09-01T20:28:55+00:00\" \/>\n<meta property=\"og:image\" content=\"http:\/\/agencia.252.com.mx\/wp-content\/uploads\/2026\/09\/WhatsApp-Image-2026-09-01-at-2.25.53-PM.jpeg\" \/>\n\t<meta property=\"og:image:width\" content=\"2560\" \/>\n\t<meta property=\"og:image:height\" content=\"1705\" \/>\n\t<meta property=\"og:image:type\" content=\"image\/jpeg\" \/>\n<meta name=\"author\" content=\"Nacho Corro\" \/>\n<meta name=\"twitter:card\" content=\"summary_large_image\" \/>\n<meta name=\"twitter:creator\" content=\"@Juan Ignacio Corro Herrera\" \/>\n<meta name=\"twitter:site\" content=\"@252COMS\" \/>\n<meta name=\"twitter:label1\" content=\"Escrito por\" \/>\n\t<meta name=\"twitter:data1\" content=\"Nacho Corro\" \/>\n\t<meta name=\"twitter:label2\" content=\"Tiempo de lectura\" \/>\n\t<meta name=\"twitter:data2\" content=\"4 minutos\" \/>\n<script type=\"application\/ld+json\" class=\"yoast-schema-graph\">{\"@context\":\"https:\\\/\\\/schema.org\",\"@graph\":[{\"@type\":\"Article\",\"@id\":\"https:\\\/\\\/agencia.252.com.mx\\\/home\\\/mexico-tiene-rumbo-claudia-sheinbaum-pide-a-la-poblacion-a-no-equivocarse\\\/#article\",\"isPartOf\":{\"@id\":\"https:\\\/\\\/agencia.252.com.mx\\\/home\\\/mexico-tiene-rumbo-claudia-sheinbaum-pide-a-la-poblacion-a-no-equivocarse\\\/\"},\"author\":{\"name\":\"Nacho Corro\",\"@id\":\"https:\\\/\\\/agencia.252.com.mx\\\/home\\\/#\\\/schema\\\/person\\\/6b972021e9a92d45ade8c78d81509098\"},\"headline\":\"M\u00e9xico tiene rumbo: Claudia Sheinbaum; pide a la poblaci\u00f3n a no equivocarse\u00a0\u00a0\",\"datePublished\":\"2026-09-01T20:28:54+00:00\",\"dateModified\":\"2026-09-01T20:28:55+00:00\",\"mainEntityOfPage\":{\"@id\":\"https:\\\/\\\/agencia.252.com.mx\\\/home\\\/mexico-tiene-rumbo-claudia-sheinbaum-pide-a-la-poblacion-a-no-equivocarse\\\/\"},\"wordCount\":682,\"commentCount\":0,\"publisher\":{\"@id\":\"https:\\\/\\\/agencia.252.com.mx\\\/home\\\/#organization\"},\"image\":{\"@id\":\"https:\\\/\\\/agencia.252.com.mx\\\/home\\\/mexico-tiene-rumbo-claudia-sheinbaum-pide-a-la-poblacion-a-no-equivocarse\\\/#primaryimage\"},\"thumbnailUrl\":\"https:\\\/\\\/agencia.252.com.mx\\\/wp-content\\\/uploads\\\/2026\\\/09\\\/WhatsApp-Image-2026-09-01-at-2.25.53-PM.jpeg\",\"keywords\":[\"CDMX\"],\"articleSection\":[\"CDMX\",\"Metropoli\",\"Nacional\",\"Seguridad\"],\"inLanguage\":\"es\",\"potentialAction\":[{\"@type\":\"CommentAction\",\"name\":\"Comment\",\"target\":[\"https:\\\/\\\/agencia.252.com.mx\\\/home\\\/mexico-tiene-rumbo-claudia-sheinbaum-pide-a-la-poblacion-a-no-equivocarse\\\/#respond\"]}]},{\"@type\":\"WebPage\",\"@id\":\"https:\\\/\\\/agencia.252.com.mx\\\/home\\\/mexico-tiene-rumbo-claudia-sheinbaum-pide-a-la-poblacion-a-no-equivocarse\\\/\",\"url\":\"https:\\\/\\\/agencia.252.com.mx\\\/home\\\/mexico-tiene-rumbo-claudia-sheinbaum-pide-a-la-poblacion-a-no-equivocarse\\\/\",\"name\":\"M\u00e9xico tiene rumbo: Claudia Sheinbaum; pide a la poblaci\u00f3n a no equivocarse\u00a0\u00a0 - Agencia252\",\"isPartOf\":{\"@id\":\"https:\\\/\\\/agencia.252.com.mx\\\/home\\\/#website\"},\"primaryImageOfPage\":{\"@id\":\"https:\\\/\\\/agencia.252.com.mx\\\/home\\\/mexico-tiene-rumbo-claudia-sheinbaum-pide-a-la-poblacion-a-no-equivocarse\\\/#primaryimage\"},\"image\":{\"@id\":\"https:\\\/\\\/agencia.252.com.mx\\\/home\\\/mexico-tiene-rumbo-claudia-sheinbaum-pide-a-la-poblacion-a-no-equivocarse\\\/#primaryimage\"},\"thumbnailUrl\":\"https:\\\/\\\/agencia.252.com.mx\\\/wp-content\\\/uploads\\\/2026\\\/09\\\/WhatsApp-Image-2026-09-01-at-2.25.53-PM.jpeg\",\"datePublished\":\"2026-09-01T20:28:54+00:00\",\"dateModified\":\"2026-09-01T20:28:55+00:00\",\"breadcrumb\":{\"@id\":\"https:\\\/\\\/agencia.252.com.mx\\\/home\\\/mexico-tiene-rumbo-claudia-sheinbaum-pide-a-la-poblacion-a-no-equivocarse\\\/#breadcrumb\"},\"inLanguage\":\"es\",\"potentialAction\":[{\"@type\":\"ReadAction\",\"target\":[\"https:\\\/\\\/agencia.252.com.mx\\\/home\\\/mexico-tiene-rumbo-claudia-sheinbaum-pide-a-la-poblacion-a-no-equivocarse\\\/\"]}]},{\"@type\":\"ImageObject\",\"inLanguage\":\"es\",\"@id\":\"https:\\\/\\\/agencia.252.com.mx\\\/home\\\/mexico-tiene-rumbo-claudia-sheinbaum-pide-a-la-poblacion-a-no-equivocarse\\\/#primaryimage\",\"url\":\"https:\\\/\\\/agencia.252.com.mx\\\/wp-content\\\/uploads\\\/2026\\\/09\\\/WhatsApp-Image-2026-09-01-at-2.25.53-PM.jpeg\",\"contentUrl\":\"https:\\\/\\\/agencia.252.com.mx\\\/wp-content\\\/uploads\\\/2026\\\/09\\\/WhatsApp-Image-2026-09-01-at-2.25.53-PM.jpeg\",\"width\":2560,\"height\":1705},{\"@type\":\"BreadcrumbList\",\"@id\":\"https:\\\/\\\/agencia.252.com.mx\\\/home\\\/mexico-tiene-rumbo-claudia-sheinbaum-pide-a-la-poblacion-a-no-equivocarse\\\/#breadcrumb\",\"itemListElement\":[{\"@type\":\"ListItem\",\"position\":1,\"name\":\"Portada\",\"item\":\"https:\\\/\\\/agencia.252.com.mx\\\/home\\\/\"},{\"@type\":\"ListItem\",\"position\":2,\"name\":\"M\u00e9xico tiene rumbo: Claudia Sheinbaum; pide a la poblaci\u00f3n a no equivocarse\u00a0\u00a0\"}]},{\"@type\":\"WebSite\",\"@id\":\"https:\\\/\\\/agencia.252.com.mx\\\/home\\\/#website\",\"url\":\"https:\\\/\\\/agencia.252.com.mx\\\/home\\\/\",\"name\":\"Agencia252\",\"description\":\"Tu espacio en la Red\",\"publisher\":{\"@id\":\"https:\\\/\\\/agencia.252.com.mx\\\/home\\\/#organization\"},\"potentialAction\":[{\"@type\":\"SearchAction\",\"target\":{\"@type\":\"EntryPoint\",\"urlTemplate\":\"https:\\\/\\\/agencia.252.com.mx\\\/home\\\/?s={search_term_string}\"},\"query-input\":{\"@type\":\"PropertyValueSpecification\",\"valueRequired\":true,\"valueName\":\"search_term_string\"}}],\"inLanguage\":\"es\"},{\"@type\":\"Organization\",\"@id\":\"https:\\\/\\\/agencia.252.com.mx\\\/home\\\/#organization\",\"name\":\"Agencia252\",\"url\":\"https:\\\/\\\/agencia.252.com.mx\\\/home\\\/\",\"logo\":{\"@type\":\"ImageObject\",\"inLanguage\":\"es\",\"@id\":\"https:\\\/\\\/agencia.252.com.mx\\\/home\\\/#\\\/schema\\\/logo\\\/image\\\/\",\"url\":\"https:\\\/\\\/agencia.252.com.mx\\\/wp-content\\\/uploads\\\/2023\\\/02\\\/cropped-ciruclo-agencia-e1677562404136.png\",\"contentUrl\":\"https:\\\/\\\/agencia.252.com.mx\\\/wp-content\\\/uploads\\\/2023\\\/02\\\/cropped-ciruclo-agencia-e1677562404136.png\",\"width\":512,\"height\":512,\"caption\":\"Agencia252\"},\"image\":{\"@id\":\"https:\\\/\\\/agencia.252.com.mx\\\/home\\\/#\\\/schema\\\/logo\\\/image\\\/\"},\"sameAs\":[\"https:\\\/\\\/www.facebook.com\\\/252Comunicacion\\\/\",\"https:\\\/\\\/x.com\\\/252COMS\"]},{\"@type\":\"Person\",\"@id\":\"https:\\\/\\\/agencia.252.com.mx\\\/home\\\/#\\\/schema\\\/person\\\/6b972021e9a92d45ade8c78d81509098\",\"name\":\"Nacho Corro\",\"image\":{\"@type\":\"ImageObject\",\"inLanguage\":\"es\",\"@id\":\"https:\\\/\\\/secure.gravatar.com\\\/avatar\\\/5db6df507cfe1307e192fbb498c6b85f1cf2ffd8b4cd37141b9eea588fcbd5a4?s=96&r=g\",\"url\":\"https:\\\/\\\/secure.gravatar.com\\\/avatar\\\/5db6df507cfe1307e192fbb498c6b85f1cf2ffd8b4cd37141b9eea588fcbd5a4?s=96&r=g\",\"contentUrl\":\"https:\\\/\\\/secure.gravatar.com\\\/avatar\\\/5db6df507cfe1307e192fbb498c6b85f1cf2ffd8b4cd37141b9eea588fcbd5a4?s=96&r=g\",\"caption\":\"Nacho Corro\"},\"description\":\"Comunicador Social, Periodista y Administraci\u00f3n P\u00fablica. Conversador pol\u00edtico, temas electorales y seguridad. Generador de contenidos digitales. Amante de la fotograf\u00eda\",\"sameAs\":[\"https:\\\/\\\/www.facebook.com\\\/jcorroherrera\\\/\",\"www.instagram.com\\\/nachocorro\\\/\",\"https:\\\/\\\/x.com\\\/Juan Ignacio Corro Herrera\"],\"url\":\"https:\\\/\\\/agencia.252.com.mx\\\/home\\\/author\\\/i-corro\\\/\"}]}<\/script>\n<!-- \/ Yoast SEO plugin. -->","yoast_head_json":{"title":"M\u00e9xico tiene rumbo: Claudia Sheinbaum; pide a la poblaci\u00f3n a no equivocarse\u00a0\u00a0 - Agencia252","robots":{"index":"index","follow":"follow","max-snippet":"max-snippet:-1","max-image-preview":"max-image-preview:large","max-video-preview":"max-video-preview:-1"},"canonical":"https:\/\/agencia.252.com.mx\/home\/mexico-tiene-rumbo-claudia-sheinbaum-pide-a-la-poblacion-a-no-equivocarse\/","og_locale":"es_ES","og_type":"article","og_title":"M\u00e9xico tiene rumbo: Claudia Sheinbaum; pide a la poblaci\u00f3n a no equivocarse\u00a0\u00a0 - Agencia252","og_description":"Visitas: 3 Juan Ignacio Corro&nbsp; Ciudad de M\u00e9xico, a 1 de septiembre de 2026 En 23 meses de grandes cambios se ha mostrado que M\u00e9xico es fuerte, tiene un pueblo extraordinario con un gobierno que es parte del proyecto de la Cuarta Transformaci\u00f3n de la vida p\u00fablica, afirm\u00f3 la Presidenta de M\u00e9xico, Claudia Sheinbaum, al [&hellip;]","og_url":"https:\/\/agencia.252.com.mx\/home\/mexico-tiene-rumbo-claudia-sheinbaum-pide-a-la-poblacion-a-no-equivocarse\/","og_site_name":"Agencia252","article_publisher":"https:\/\/www.facebook.com\/252Comunicacion\/","article_author":"https:\/\/www.facebook.com\/jcorroherrera\/","article_published_time":"2026-09-01T20:28:54+00:00","article_modified_time":"2026-09-01T20:28:55+00:00","og_image":[{"width":2560,"height":1705,"url":"http:\/\/agencia.252.com.mx\/wp-content\/uploads\/2026\/09\/WhatsApp-Image-2026-09-01-at-2.25.53-PM.jpeg","type":"image\/jpeg"}],"author":"Nacho Corro","twitter_card":"summary_large_image","twitter_creator":"@Juan Ignacio Corro Herrera","twitter_site":"@252COMS","twitter_misc":{"Escrito por":"Nacho Corro","Tiempo de lectura":"4 minutos"},"schema":{"@context":"https:\/\/schema.org","@graph":[{"@type":"Article","@id":"https:\/\/agencia.252.com.mx\/home\/mexico-tiene-rumbo-claudia-sheinbaum-pide-a-la-poblacion-a-no-equivocarse\/#article","isPartOf":{"@id":"https:\/\/agencia.252.com.mx\/home\/mexico-tiene-rumbo-claudia-sheinbaum-pide-a-la-poblacion-a-no-equivocarse\/"},"author":{"name":"Nacho Corro","@id":"https:\/\/agencia.252.com.mx\/home\/#\/schema\/person\/6b972021e9a92d45ade8c78d81509098"},"headline":"M\u00e9xico tiene rumbo: Claudia Sheinbaum; pide a la poblaci\u00f3n a no equivocarse\u00a0\u00a0","datePublished":"2026-09-01T20:28:54+00:00","dateModified":"2026-09-01T20:28:55+00:00","mainEntityOfPage":{"@id":"https:\/\/agencia.252.com.mx\/home\/mexico-tiene-rumbo-claudia-sheinbaum-pide-a-la-poblacion-a-no-equivocarse\/"},"wordCount":682,"commentCount":0,"publisher":{"@id":"https:\/\/agencia.252.com.mx\/home\/#organization"},"image":{"@id":"https:\/\/agencia.252.com.mx\/home\/mexico-tiene-rumbo-claudia-sheinbaum-pide-a-la-poblacion-a-no-equivocarse\/#primaryimage"},"thumbnailUrl":"https:\/\/agencia.252.com.mx\/wp-content\/uploads\/2026\/09\/WhatsApp-Image-2026-09-01-at-2.25.53-PM.jpeg","keywords":["CDMX"],"articleSection":["CDMX","Metropoli","Nacional","Seguridad"],"inLanguage":"es","potentialAction":[{"@type":"CommentAction","name":"Comment","target":["https:\/\/agencia.252.com.mx\/home\/mexico-tiene-rumbo-claudia-sheinbaum-pide-a-la-poblacion-a-no-equivocarse\/#respond"]}]},{"@type":"WebPage","@id":"https:\/\/agencia.252.com.mx\/home\/mexico-tiene-rumbo-claudia-sheinbaum-pide-a-la-poblacion-a-no-equivocarse\/","url":"https:\/\/agencia.252.com.mx\/home\/mexico-tiene-rumbo-claudia-sheinbaum-pide-a-la-poblacion-a-no-equivocarse\/","name":"M\u00e9xico tiene rumbo: Claudia Sheinbaum; pide a la poblaci\u00f3n a no equivocarse\u00a0\u00a0 - Agencia252","isPartOf":{"@id":"https:\/\/agencia.252.com.mx\/home\/#website"},"primaryImageOfPage":{"@id":"https:\/\/agencia.252.com.mx\/home\/mexico-tiene-rumbo-claudia-sheinbaum-pide-a-la-poblacion-a-no-equivocarse\/#primaryimage"},"image":{"@id":"https:\/\/agencia.252.com.mx\/home\/mexico-tiene-rumbo-claudia-sheinbaum-pide-a-la-poblacion-a-no-equivocarse\/#primaryimage"},"thumbnailUrl":"https:\/\/agencia.252.com.mx\/wp-content\/uploads\/2026\/09\/WhatsApp-Image-2026-09-01-at-2.25.53-PM.jpeg","datePublished":"2026-09-01T20:28:54+00:00","dateModified":"2026-09-01T20:28:55+00:00","breadcrumb":{"@id":"https:\/\/agencia.252.com.mx\/home\/mexico-tiene-rumbo-claudia-sheinbaum-pide-a-la-poblacion-a-no-equivocarse\/#breadcrumb"},"inLanguage":"es","potentialAction":[{"@type":"ReadAction","target":["https:\/\/agencia.252.com.mx\/home\/mexico-tiene-rumbo-claudia-sheinbaum-pide-a-la-poblacion-a-no-equivocarse\/"]}]},{"@type":"ImageObject","inLanguage":"es","@id":"https:\/\/agencia.252.com.mx\/home\/mexico-tiene-rumbo-claudia-sheinbaum-pide-a-la-poblacion-a-no-equivocarse\/#primaryimage","url":"https:\/\/agencia.252.com.mx\/wp-content\/uploads\/2026\/09\/WhatsApp-Image-2026-09-01-at-2.25.53-PM.jpeg","contentUrl":"https:\/\/agencia.252.com.mx\/wp-content\/uploads\/2026\/09\/WhatsApp-Image-2026-09-01-at-2.25.53-PM.jpeg","width":2560,"height":1705},{"@type":"BreadcrumbList","@id":"https:\/\/agencia.252.com.mx\/home\/mexico-tiene-rumbo-claudia-sheinbaum-pide-a-la-poblacion-a-no-equivocarse\/#breadcrumb","itemListElement":[{"@type":"ListItem","position":1,"name":"Portada","item":"https:\/\/agencia.252.com.mx\/home\/"},{"@type":"ListItem","position":2,"name":"M\u00e9xico tiene rumbo: Claudia Sheinbaum; pide a la poblaci\u00f3n a no equivocarse\u00a0\u00a0"}]},{"@type":"WebSite","@id":"https:\/\/agencia.252.com.mx\/home\/#website","url":"https:\/\/agencia.252.com.mx\/home\/","name":"Agencia252","description":"Tu espacio en la Red","publisher":{"@id":"https:\/\/agencia.252.com.mx\/home\/#organization"},"potentialAction":[{"@type":"SearchAction","target":{"@type":"EntryPoint","urlTemplate":"https:\/\/agencia.252.com.mx\/home\/?s={search_term_string}"},"query-input":{"@type":"PropertyValueSpecification","valueRequired":true,"valueName":"search_term_string"}}],"inLanguage":"es"},{"@type":"Organization","@id":"https:\/\/agencia.252.com.mx\/home\/#organization","name":"Agencia252","url":"https:\/\/agencia.252.com.mx\/home\/","logo":{"@type":"ImageObject","inLanguage":"es","@id":"https:\/\/agencia.252.com.mx\/home\/#\/schema\/logo\/image\/","url":"https:\/\/agencia.252.com.mx\/wp-content\/uploads\/2023\/02\/cropped-ciruclo-agencia-e1677562404136.png","contentUrl":"https:\/\/agencia.252.com.mx\/wp-content\/uploads\/2023\/02\/cropped-ciruclo-agencia-e1677562404136.png","width":512,"height":512,"caption":"Agencia252"},"image":{"@id":"https:\/\/agencia.252.com.mx\/home\/#\/schema\/logo\/image\/"},"sameAs":["https:\/\/www.facebook.com\/252Comunicacion\/","https:\/\/x.com\/252COMS"]},{"@type":"Person","@id":"https:\/\/agencia.252.com.mx\/home\/#\/schema\/person\/6b972021e9a92d45ade8c78d81509098","name":"Nacho Corro","image":{"@type":"ImageObject","inLanguage":"es","@id":"https:\/\/secure.gravatar.com\/avatar\/5db6df507cfe1307e192fbb498c6b85f1cf2ffd8b4cd37141b9eea588fcbd5a4?s=96&r=g","url":"https:\/\/secure.gravatar.com\/avatar\/5db6df507cfe1307e192fbb498c6b85f1cf2ffd8b4cd37141b9eea588fcbd5a4?s=96&r=g","contentUrl":"https:\/\/secure.gravatar.com\/avatar\/5db6df507cfe1307e192fbb498c6b85f1cf2ffd8b4cd37141b9eea588fcbd5a4?s=96&r=g","caption":"Nacho Corro"},"description":"Comunicador Social, Periodista y Administraci\u00f3n P\u00fablica. Conversador pol\u00edtico, temas electorales y seguridad. Generador de contenidos digitales. Amante de la fotograf\u00eda","sameAs":["https:\/\/www.facebook.com\/jcorroherrera\/","www.instagram.com\/nachocorro\/","https:\/\/x.com\/Juan Ignacio Corro Herrera"],"url":"https:\/\/agencia.252.com.mx\/home\/author\/i-corro\/"}]}},"_links":{"self":[{"href":"https:\/\/agencia.252.com.mx\/home\/wp-json\/wp\/v2\/posts\/23039","targetHints":{"allow":["GET"]}}],"collection":[{"href":"https:\/\/agencia.252.com.mx\/home\/wp-json\/wp\/v2\/posts"}],"about":[{"href":"https:\/\/agencia.252.com.mx\/home\/wp-json\/wp\/v2\/types\/post"}],"author":[{"embeddable":true,"href":"https:\/\/agencia.252.com.mx\/home\/wp-json\/wp\/v2\/users\/5"}],"replies":[{"embeddable":true,"href":"https:\/\/agencia.252.com.mx\/home\/wp-json\/wp\/v2\/comments?post=23039"}],"version-history":[{"count":1,"href":"https:\/\/agencia.252.com.mx\/home\/wp-json\/wp\/v2\/posts\/23039\/revisions"}],"predecessor-version":[{"id":23043,"href":"https:\/\/agencia.252.com.mx\/home\/wp-json\/wp\/v2\/posts\/23039\/revisions\/23043"}],"wp:featuredmedia":[{"embeddable":true,"href":"https:\/\/agencia.252.com.mx\/home\/wp-json\/wp\/v2\/media\/23041"}],"wp:attachment":[{"href":"https:\/\/agencia.252.com.mx\/home\/wp-json\/wp\/v2\/media?parent=23039"}],"wp:term":[{"taxonomy":"category","embeddable":true,"href":"https:\/\/agencia.252.com.mx\/home\/wp-json\/wp\/v2\/categories?post=23039"},{"taxonomy":"post_tag","embeddable":true,"href":"https:\/\/agencia.252.com.mx\/home\/wp-json\/wp\/v2\/tags?post=23039"}],"curies":[{"name":"wp","href":"https:\/\/api.w.org\/{rel}","templated":true}]}}