{"id":23036,"date":"2026-08-31T21:04:49","date_gmt":"2026-09-01T03:04:49","guid":{"rendered":"https:\/\/agencia.252.com.mx\/home\/?p=23036"},"modified":"2026-08-31T21:04:50","modified_gmt":"2026-09-01T03:04:50","slug":"alerta-pan-que-morena-pretende-controlar-lo-que-dicen-las-y-los-mexicanos-y-los-medios-de-comunicacion-bajo-el-argumento-de-la-proteccion-de-las-audiencias","status":"publish","type":"post","link":"https:\/\/agencia.252.com.mx\/home\/alerta-pan-que-morena-pretende-controlar-lo-que-dicen-las-y-los-mexicanos-y-los-medios-de-comunicacion-bajo-el-argumento-de-la-proteccion-de-las-audiencias\/","title":{"rendered":"Alerta PAN que Morena pretende controlar lo que dicen las y los mexicanos y los medios de comunicaci\u00f3n bajo el argumento de la protecci\u00f3n de las audiencias"},"content":{"rendered":"<p>Visitas: 3<\/p>\n<ul class=\"wp-block-list\">\n<li><em>El dirigente nacional del PAN, anunci\u00f3 que las 111 Soluciones para M\u00e9xico ser\u00e1n el eje de la agenda parlamentaria de Acci\u00f3n Nacional en el \u00faltimo a\u00f1o de la LXVI Legislatura<\/em><\/li>\n<\/ul>\n\n\n\n<p class=\"wp-block-paragraph\">Juan Ignacio Corro&nbsp;<\/p>\n\n\n\n<p class=\"has-text-align-right wp-block-paragraph\">Ciudad de M\u00e9xico, a 31 de agosto de 2026<\/p>\n\n\n\n<p class=\"wp-block-paragraph\">De cara al arranque del pr\u00f3ximo periodo ordinario de sesiones que inicia este 1 de septiembre en el Congreso de la Uni\u00f3n, el presidente nacional del PAN, Jorge Romero Herrera reiter\u00f3 que para Acci\u00f3n Nacional no hay nada m\u00e1s importante que cuidar a M\u00e9xico del tumor guinda y proponer soluciones para la ciudadan\u00eda frente a los malos gobiernos de Morena.&nbsp;<\/p>\n\n\n\n<p class=\"wp-block-paragraph\">En el marco de la reuni\u00f3n plenaria de las y los senadores panistas en la sede de la C\u00e1mara Alta, el l\u00edder del blanquiazul anunci\u00f3 que las 111 Soluciones para M\u00e9xico en materia de seguridad, educaci\u00f3n, salud y econom\u00eda ser\u00e1n el eje rector de la agenda parlamentaria del PAN en la C\u00e1mara Alta.&nbsp;<\/p>\n\n\n\n<p class=\"wp-block-paragraph\">\u00abEs ver como desde Acci\u00f3n Nacional podemos ayudarle a la gente: nada est\u00e1 por encima de eso, ninguna coyuntura, ninguna denuncia ni ning\u00fan debate. El PAN ocupa su energ\u00eda para darle soluci\u00f3n a las personas; esa siempre ser\u00e1 nuestra luz y nuestra gu\u00eda. Venimos a proponer y a contrastar con firmeza y contundencia, si es que este gobierno est\u00e1 dispuesto a escuchar a los dem\u00e1s\u00bb, enfatiz\u00f3.<\/p>\n\n\n\n<p class=\"wp-block-paragraph\">En conferencia de prensa Jorge Romero advirti\u00f3 \u201cque estamos al borde de un gobierno que no solo ha hecho las cosas mal, sino que ahora quiere controlar lo que dicen las y los mexicanos y los medios de comunicaci\u00f3n bajo el argumento de la protecci\u00f3n de las audiencias\u201d.&nbsp;<\/p>\n\n\n\n<p class=\"wp-block-paragraph\">\u00abEstamos al borde de un gobierno que no solo ha hecho las cosas mal, sino que ahora quiere controlar lo que dicen las y los mexicanos y los medios de comunicaci\u00f3n. Esto es estalinismo en M\u00e9xico; se promueve la censura y la autocensura. El gobierno de la 4T le quiere decir a la gente qu\u00e9 es verdad y qu\u00e9 no. Se transformaron en todo lo que juraron combatir\u00bb, advirti\u00f3.<\/p>\n\n\n\n<p class=\"wp-block-paragraph\">En ese sentido, adelant\u00f3 que Acci\u00f3n Nacional facilitar\u00e1 formatos de amparo para que las y los ciudadanos puedan defenderse legalmente frente a cualquier atropello autoritario o intento de censura de la 4T.&nbsp;<\/p>\n\n\n\n<p class=\"wp-block-paragraph\">Jorge Romero asegur\u00f3 que Acci\u00f3n Nacional no dejar\u00e1 de denunciar los atropellos que comete todos los d\u00edas el r\u00e9gimen morenista y de proponer acciones concretas en beneficio de la ciudadan\u00eda.<\/p>\n\n\n\n<p class=\"wp-block-paragraph\">\u201cNo daremos un cheque en blanco\u201d a Morena advirti\u00f3 el coordinador de las y los senadores de Acci\u00f3n Nacional, Ricardo Anaya Cort\u00e9s, quien se\u00f1al\u00f3 que lejos de la cortes\u00eda que puede tener un valor simb\u00f3lico, el partido en el gobierno debe demostrar en los hechos que no van a bloquear las iniciativas del PAN, que les dar\u00e1n tr\u00e1mite en comisiones, llegar\u00e1n al Pleno y abrir\u00e1n el tablero de votaci\u00f3n.<\/p>\n\n\n\n<p class=\"wp-block-paragraph\">\u201cPorque nosotros queremos ver c\u00f3mo vota Morena la disminuci\u00f3n de la gasolina, queremos ver c\u00f3mo vota Morena el exentar el aguinaldo del Impuesto Sobre la Renta (ISR), queremos ver c\u00f3mo vota Morena que los narcopol\u00edticos merezcan cadena perpetua\u201d asegur\u00f3.<\/p>\n\n\n\n<p class=\"wp-block-paragraph\">Afirm\u00f3 que el PAN primero es oposici\u00f3n y se opondr\u00e1 con todo a este \u201cnarco r\u00e9gimen, a este narco gobierno que es Morena\u201d.<\/p>\n\n\n\n<p class=\"wp-block-paragraph\">El l\u00edder de la bancada del blanquiazul en el Senado se\u00f1al\u00f3 que por instrucciones de la dirigencia del partido las 111 Soluciones para M\u00e9xico se convertir\u00e1n en iniciativas y destac\u00f3 algunas de las m\u00e1s relevantes para los ciudadanos como el imponer cadena perpetua a los narcopol\u00edticos, con una reforma a la Constituci\u00f3n.<\/p>\n\n\n\n<p class=\"wp-block-paragraph\">En temas econ\u00f3micos el costo de la gasolina a 18 pesos, con la reducci\u00f3n del IEPS y el IVA; que el aguinaldo est\u00e9 exento de impuestos y que todas las personas que ganen 12 mil pesos o menos tengan exento al 100 por ciento el ISR.<\/p>\n\n\n\n<p class=\"wp-block-paragraph\"><\/p>\n","protected":false},"excerpt":{"rendered":"<p>Visitas: 3 Juan Ignacio Corro&nbsp; Ciudad de M\u00e9xico, a 31 de agosto de 2026 De cara al arranque del pr\u00f3ximo periodo ordinario de sesiones que inicia este 1 de septiembre en el Congreso de la Uni\u00f3n, el presidente nacional del PAN, Jorge Romero Herrera reiter\u00f3 que para Acci\u00f3n Nacional no hay nada m\u00e1s importante que [&hellip;]<\/p>\n","protected":false},"author":5,"featured_media":23037,"comment_status":"open","ping_status":"open","sticky":false,"template":"","format":"standard","meta":{"site-sidebar-layout":"default","site-content-layout":"","ast-site-content-layout":"default","site-content-style":"default","site-sidebar-style":"default","ast-global-header-display":"","ast-banner-title-visibility":"","ast-main-header-display":"","ast-hfb-above-header-display":"","ast-hfb-below-header-display":"","ast-hfb-mobile-header-display":"","site-post-title":"","ast-breadcrumbs-content":"","ast-featured-img":"","footer-sml-layout":"","ast-disable-related-posts":"","theme-transparent-header-meta":"","adv-header-id-meta":"","stick-header-meta":"","header-above-stick-meta":"","header-main-stick-meta":"","header-below-stick-meta":"","astra-migrate-meta-layouts":"set","ast-page-background-enabled":"default","ast-page-background-meta":{"desktop":{"background-color":"var(--ast-global-color-4)","background-image":"","background-repeat":"repeat","background-position":"center center","background-size":"auto","background-attachment":"scroll","background-type":"","background-media":"","overlay-type":"","overlay-color":"","overlay-opacity":"","overlay-gradient":""},"tablet":{"background-color":"","background-image":"","background-repeat":"repeat","background-position":"center center","background-size":"auto","background-attachment":"scroll","background-type":"","background-media":"","overlay-type":"","overlay-color":"","overlay-opacity":"","overlay-gradient":""},"mobile":{"background-color":"","background-image":"","background-repeat":"repeat","background-position":"center center","background-size":"auto","background-attachment":"scroll","background-type":"","background-media":"","overlay-type":"","overlay-color":"","overlay-opacity":"","overlay-gradient":""}},"ast-content-background-meta":{"desktop":{"background-color":"var(--ast-global-color-5)","background-image":"","background-repeat":"repeat","background-position":"center center","background-size":"auto","background-attachment":"scroll","background-type":"","background-media":"","overlay-type":"","overlay-color":"","overlay-opacity":"","overlay-gradient":""},"tablet":{"background-color":"var(--ast-global-color-5)","background-image":"","background-repeat":"repeat","background-position":"center center","background-size":"auto","background-attachment":"scroll","background-type":"","background-media":"","overlay-type":"","overlay-color":"","overlay-opacity":"","overlay-gradient":""},"mobile":{"background-color":"var(--ast-global-color-5)","background-image":"","background-repeat":"repeat","background-position":"center center","background-size":"auto","background-attachment":"scroll","background-type":"","background-media":"","overlay-type":"","overlay-color":"","overlay-opacity":"","overlay-gradient":""}},"footnotes":""},"categories":[69,142,68],"tags":[535],"class_list":["post-23036","post","type-post","status-publish","format-standard","has-post-thumbnail","hentry","category-cdmx","category-pan","category-seguridad","tag-cdmx"],"yoast_head":"<!-- This site is optimized with the Yoast SEO plugin v28.3 - https:\/\/yoast.com\/product\/yoast-seo-wordpress\/ -->\n<title>Alerta PAN que Morena pretende controlar lo que dicen las y los mexicanos y los medios de comunicaci\u00f3n bajo el argumento de la protecci\u00f3n de las audiencias - Agencia252<\/title>\n<meta name=\"robots\" content=\"index, follow, max-snippet:-1, max-image-preview:large, max-video-preview:-1\" \/>\n<link rel=\"canonical\" href=\"https:\/\/agencia.252.com.mx\/home\/alerta-pan-que-morena-pretende-controlar-lo-que-dicen-las-y-los-mexicanos-y-los-medios-de-comunicacion-bajo-el-argumento-de-la-proteccion-de-las-audiencias\/\" \/>\n<meta property=\"og:locale\" content=\"es_ES\" \/>\n<meta property=\"og:type\" content=\"article\" \/>\n<meta property=\"og:title\" content=\"Alerta PAN que Morena pretende controlar lo que dicen las y los mexicanos y los medios de comunicaci\u00f3n bajo el argumento de la protecci\u00f3n de las audiencias - Agencia252\" \/>\n<meta property=\"og:description\" content=\"Visitas: 3 Juan Ignacio Corro&nbsp; Ciudad de M\u00e9xico, a 31 de agosto de 2026 De cara al arranque del pr\u00f3ximo periodo ordinario de sesiones que inicia este 1 de septiembre en el Congreso de la Uni\u00f3n, el presidente nacional del PAN, Jorge Romero Herrera reiter\u00f3 que para Acci\u00f3n Nacional no hay nada m\u00e1s importante que [&hellip;]\" \/>\n<meta property=\"og:url\" content=\"https:\/\/agencia.252.com.mx\/home\/alerta-pan-que-morena-pretende-controlar-lo-que-dicen-las-y-los-mexicanos-y-los-medios-de-comunicacion-bajo-el-argumento-de-la-proteccion-de-las-audiencias\/\" \/>\n<meta property=\"og:site_name\" content=\"Agencia252\" \/>\n<meta property=\"article:publisher\" content=\"https:\/\/www.facebook.com\/252Comunicacion\/\" \/>\n<meta property=\"article:author\" content=\"https:\/\/www.facebook.com\/jcorroherrera\/\" \/>\n<meta property=\"article:published_time\" content=\"2026-09-01T03:04:49+00:00\" \/>\n<meta property=\"article:modified_time\" content=\"2026-09-01T03:04:50+00:00\" \/>\n<meta property=\"og:image\" content=\"http:\/\/agencia.252.com.mx\/wp-content\/uploads\/2026\/08\/Captura-de-Pantalla-2026-08-31-a-las-21.03.58.png\" \/>\n\t<meta property=\"og:image:width\" content=\"311\" \/>\n\t<meta property=\"og:image:height\" content=\"230\" \/>\n\t<meta property=\"og:image:type\" content=\"image\/png\" \/>\n<meta name=\"author\" content=\"Nacho Corro\" \/>\n<meta name=\"twitter:card\" content=\"summary_large_image\" \/>\n<meta name=\"twitter:creator\" content=\"@Juan Ignacio Corro Herrera\" \/>\n<meta name=\"twitter:site\" content=\"@252COMS\" \/>\n<meta name=\"twitter:label1\" content=\"Escrito por\" \/>\n\t<meta name=\"twitter:data1\" content=\"Nacho Corro\" \/>\n\t<meta name=\"twitter:label2\" content=\"Tiempo de lectura\" \/>\n\t<meta name=\"twitter:data2\" content=\"4 minutos\" \/>\n<script type=\"application\/ld+json\" class=\"yoast-schema-graph\">{\"@context\":\"https:\\\/\\\/schema.org\",\"@graph\":[{\"@type\":\"Article\",\"@id\":\"https:\\\/\\\/agencia.252.com.mx\\\/home\\\/alerta-pan-que-morena-pretende-controlar-lo-que-dicen-las-y-los-mexicanos-y-los-medios-de-comunicacion-bajo-el-argumento-de-la-proteccion-de-las-audiencias\\\/#article\",\"isPartOf\":{\"@id\":\"https:\\\/\\\/agencia.252.com.mx\\\/home\\\/alerta-pan-que-morena-pretende-controlar-lo-que-dicen-las-y-los-mexicanos-y-los-medios-de-comunicacion-bajo-el-argumento-de-la-proteccion-de-las-audiencias\\\/\"},\"author\":{\"name\":\"Nacho Corro\",\"@id\":\"https:\\\/\\\/agencia.252.com.mx\\\/home\\\/#\\\/schema\\\/person\\\/6b972021e9a92d45ade8c78d81509098\"},\"headline\":\"Alerta PAN que Morena pretende controlar lo que dicen las y los mexicanos y los medios de comunicaci\u00f3n bajo el argumento de la protecci\u00f3n de las audiencias\",\"datePublished\":\"2026-09-01T03:04:49+00:00\",\"dateModified\":\"2026-09-01T03:04:50+00:00\",\"mainEntityOfPage\":{\"@id\":\"https:\\\/\\\/agencia.252.com.mx\\\/home\\\/alerta-pan-que-morena-pretende-controlar-lo-que-dicen-las-y-los-mexicanos-y-los-medios-de-comunicacion-bajo-el-argumento-de-la-proteccion-de-las-audiencias\\\/\"},\"wordCount\":714,\"commentCount\":0,\"publisher\":{\"@id\":\"https:\\\/\\\/agencia.252.com.mx\\\/home\\\/#organization\"},\"image\":{\"@id\":\"https:\\\/\\\/agencia.252.com.mx\\\/home\\\/alerta-pan-que-morena-pretende-controlar-lo-que-dicen-las-y-los-mexicanos-y-los-medios-de-comunicacion-bajo-el-argumento-de-la-proteccion-de-las-audiencias\\\/#primaryimage\"},\"thumbnailUrl\":\"https:\\\/\\\/agencia.252.com.mx\\\/wp-content\\\/uploads\\\/2026\\\/08\\\/Captura-de-Pantalla-2026-08-31-a-las-21.03.58.png\",\"keywords\":[\"CDMX\"],\"articleSection\":[\"CDMX\",\"PAN\",\"Seguridad\"],\"inLanguage\":\"es\",\"potentialAction\":[{\"@type\":\"CommentAction\",\"name\":\"Comment\",\"target\":[\"https:\\\/\\\/agencia.252.com.mx\\\/home\\\/alerta-pan-que-morena-pretende-controlar-lo-que-dicen-las-y-los-mexicanos-y-los-medios-de-comunicacion-bajo-el-argumento-de-la-proteccion-de-las-audiencias\\\/#respond\"]}]},{\"@type\":\"WebPage\",\"@id\":\"https:\\\/\\\/agencia.252.com.mx\\\/home\\\/alerta-pan-que-morena-pretende-controlar-lo-que-dicen-las-y-los-mexicanos-y-los-medios-de-comunicacion-bajo-el-argumento-de-la-proteccion-de-las-audiencias\\\/\",\"url\":\"https:\\\/\\\/agencia.252.com.mx\\\/home\\\/alerta-pan-que-morena-pretende-controlar-lo-que-dicen-las-y-los-mexicanos-y-los-medios-de-comunicacion-bajo-el-argumento-de-la-proteccion-de-las-audiencias\\\/\",\"name\":\"Alerta PAN que Morena pretende controlar lo que dicen las y los mexicanos y los medios de comunicaci\u00f3n bajo el argumento de la protecci\u00f3n de las audiencias - Agencia252\",\"isPartOf\":{\"@id\":\"https:\\\/\\\/agencia.252.com.mx\\\/home\\\/#website\"},\"primaryImageOfPage\":{\"@id\":\"https:\\\/\\\/agencia.252.com.mx\\\/home\\\/alerta-pan-que-morena-pretende-controlar-lo-que-dicen-las-y-los-mexicanos-y-los-medios-de-comunicacion-bajo-el-argumento-de-la-proteccion-de-las-audiencias\\\/#primaryimage\"},\"image\":{\"@id\":\"https:\\\/\\\/agencia.252.com.mx\\\/home\\\/alerta-pan-que-morena-pretende-controlar-lo-que-dicen-las-y-los-mexicanos-y-los-medios-de-comunicacion-bajo-el-argumento-de-la-proteccion-de-las-audiencias\\\/#primaryimage\"},\"thumbnailUrl\":\"https:\\\/\\\/agencia.252.com.mx\\\/wp-content\\\/uploads\\\/2026\\\/08\\\/Captura-de-Pantalla-2026-08-31-a-las-21.03.58.png\",\"datePublished\":\"2026-09-01T03:04:49+00:00\",\"dateModified\":\"2026-09-01T03:04:50+00:00\",\"breadcrumb\":{\"@id\":\"https:\\\/\\\/agencia.252.com.mx\\\/home\\\/alerta-pan-que-morena-pretende-controlar-lo-que-dicen-las-y-los-mexicanos-y-los-medios-de-comunicacion-bajo-el-argumento-de-la-proteccion-de-las-audiencias\\\/#breadcrumb\"},\"inLanguage\":\"es\",\"potentialAction\":[{\"@type\":\"ReadAction\",\"target\":[\"https:\\\/\\\/agencia.252.com.mx\\\/home\\\/alerta-pan-que-morena-pretende-controlar-lo-que-dicen-las-y-los-mexicanos-y-los-medios-de-comunicacion-bajo-el-argumento-de-la-proteccion-de-las-audiencias\\\/\"]}]},{\"@type\":\"ImageObject\",\"inLanguage\":\"es\",\"@id\":\"https:\\\/\\\/agencia.252.com.mx\\\/home\\\/alerta-pan-que-morena-pretende-controlar-lo-que-dicen-las-y-los-mexicanos-y-los-medios-de-comunicacion-bajo-el-argumento-de-la-proteccion-de-las-audiencias\\\/#primaryimage\",\"url\":\"https:\\\/\\\/agencia.252.com.mx\\\/wp-content\\\/uploads\\\/2026\\\/08\\\/Captura-de-Pantalla-2026-08-31-a-las-21.03.58.png\",\"contentUrl\":\"https:\\\/\\\/agencia.252.com.mx\\\/wp-content\\\/uploads\\\/2026\\\/08\\\/Captura-de-Pantalla-2026-08-31-a-las-21.03.58.png\",\"width\":311,\"height\":230},{\"@type\":\"BreadcrumbList\",\"@id\":\"https:\\\/\\\/agencia.252.com.mx\\\/home\\\/alerta-pan-que-morena-pretende-controlar-lo-que-dicen-las-y-los-mexicanos-y-los-medios-de-comunicacion-bajo-el-argumento-de-la-proteccion-de-las-audiencias\\\/#breadcrumb\",\"itemListElement\":[{\"@type\":\"ListItem\",\"position\":1,\"name\":\"Portada\",\"item\":\"https:\\\/\\\/agencia.252.com.mx\\\/home\\\/\"},{\"@type\":\"ListItem\",\"position\":2,\"name\":\"Alerta PAN que Morena pretende controlar lo que dicen las y los mexicanos y los medios de comunicaci\u00f3n bajo el argumento de la protecci\u00f3n de las audiencias\"}]},{\"@type\":\"WebSite\",\"@id\":\"https:\\\/\\\/agencia.252.com.mx\\\/home\\\/#website\",\"url\":\"https:\\\/\\\/agencia.252.com.mx\\\/home\\\/\",\"name\":\"Agencia252\",\"description\":\"Tu espacio en la Red\",\"publisher\":{\"@id\":\"https:\\\/\\\/agencia.252.com.mx\\\/home\\\/#organization\"},\"potentialAction\":[{\"@type\":\"SearchAction\",\"target\":{\"@type\":\"EntryPoint\",\"urlTemplate\":\"https:\\\/\\\/agencia.252.com.mx\\\/home\\\/?s={search_term_string}\"},\"query-input\":{\"@type\":\"PropertyValueSpecification\",\"valueRequired\":true,\"valueName\":\"search_term_string\"}}],\"inLanguage\":\"es\"},{\"@type\":\"Organization\",\"@id\":\"https:\\\/\\\/agencia.252.com.mx\\\/home\\\/#organization\",\"name\":\"Agencia252\",\"url\":\"https:\\\/\\\/agencia.252.com.mx\\\/home\\\/\",\"logo\":{\"@type\":\"ImageObject\",\"inLanguage\":\"es\",\"@id\":\"https:\\\/\\\/agencia.252.com.mx\\\/home\\\/#\\\/schema\\\/logo\\\/image\\\/\",\"url\":\"https:\\\/\\\/agencia.252.com.mx\\\/wp-content\\\/uploads\\\/2023\\\/02\\\/cropped-ciruclo-agencia-e1677562404136.png\",\"contentUrl\":\"https:\\\/\\\/agencia.252.com.mx\\\/wp-content\\\/uploads\\\/2023\\\/02\\\/cropped-ciruclo-agencia-e1677562404136.png\",\"width\":512,\"height\":512,\"caption\":\"Agencia252\"},\"image\":{\"@id\":\"https:\\\/\\\/agencia.252.com.mx\\\/home\\\/#\\\/schema\\\/logo\\\/image\\\/\"},\"sameAs\":[\"https:\\\/\\\/www.facebook.com\\\/252Comunicacion\\\/\",\"https:\\\/\\\/x.com\\\/252COMS\"]},{\"@type\":\"Person\",\"@id\":\"https:\\\/\\\/agencia.252.com.mx\\\/home\\\/#\\\/schema\\\/person\\\/6b972021e9a92d45ade8c78d81509098\",\"name\":\"Nacho Corro\",\"image\":{\"@type\":\"ImageObject\",\"inLanguage\":\"es\",\"@id\":\"https:\\\/\\\/secure.gravatar.com\\\/avatar\\\/5db6df507cfe1307e192fbb498c6b85f1cf2ffd8b4cd37141b9eea588fcbd5a4?s=96&r=g\",\"url\":\"https:\\\/\\\/secure.gravatar.com\\\/avatar\\\/5db6df507cfe1307e192fbb498c6b85f1cf2ffd8b4cd37141b9eea588fcbd5a4?s=96&r=g\",\"contentUrl\":\"https:\\\/\\\/secure.gravatar.com\\\/avatar\\\/5db6df507cfe1307e192fbb498c6b85f1cf2ffd8b4cd37141b9eea588fcbd5a4?s=96&r=g\",\"caption\":\"Nacho Corro\"},\"description\":\"Comunicador Social, Periodista y Administraci\u00f3n P\u00fablica. Conversador pol\u00edtico, temas electorales y seguridad. Generador de contenidos digitales. Amante de la fotograf\u00eda\",\"sameAs\":[\"https:\\\/\\\/www.facebook.com\\\/jcorroherrera\\\/\",\"www.instagram.com\\\/nachocorro\\\/\",\"https:\\\/\\\/x.com\\\/Juan Ignacio Corro Herrera\"],\"url\":\"https:\\\/\\\/agencia.252.com.mx\\\/home\\\/author\\\/i-corro\\\/\"}]}<\/script>\n<!-- \/ Yoast SEO plugin. -->","yoast_head_json":{"title":"Alerta PAN que Morena pretende controlar lo que dicen las y los mexicanos y los medios de comunicaci\u00f3n bajo el argumento de la protecci\u00f3n de las audiencias - Agencia252","robots":{"index":"index","follow":"follow","max-snippet":"max-snippet:-1","max-image-preview":"max-image-preview:large","max-video-preview":"max-video-preview:-1"},"canonical":"https:\/\/agencia.252.com.mx\/home\/alerta-pan-que-morena-pretende-controlar-lo-que-dicen-las-y-los-mexicanos-y-los-medios-de-comunicacion-bajo-el-argumento-de-la-proteccion-de-las-audiencias\/","og_locale":"es_ES","og_type":"article","og_title":"Alerta PAN que Morena pretende controlar lo que dicen las y los mexicanos y los medios de comunicaci\u00f3n bajo el argumento de la protecci\u00f3n de las audiencias - Agencia252","og_description":"Visitas: 3 Juan Ignacio Corro&nbsp; Ciudad de M\u00e9xico, a 31 de agosto de 2026 De cara al arranque del pr\u00f3ximo periodo ordinario de sesiones que inicia este 1 de septiembre en el Congreso de la Uni\u00f3n, el presidente nacional del PAN, Jorge Romero Herrera reiter\u00f3 que para Acci\u00f3n Nacional no hay nada m\u00e1s importante que [&hellip;]","og_url":"https:\/\/agencia.252.com.mx\/home\/alerta-pan-que-morena-pretende-controlar-lo-que-dicen-las-y-los-mexicanos-y-los-medios-de-comunicacion-bajo-el-argumento-de-la-proteccion-de-las-audiencias\/","og_site_name":"Agencia252","article_publisher":"https:\/\/www.facebook.com\/252Comunicacion\/","article_author":"https:\/\/www.facebook.com\/jcorroherrera\/","article_published_time":"2026-09-01T03:04:49+00:00","article_modified_time":"2026-09-01T03:04:50+00:00","og_image":[{"width":311,"height":230,"url":"http:\/\/agencia.252.com.mx\/wp-content\/uploads\/2026\/08\/Captura-de-Pantalla-2026-08-31-a-las-21.03.58.png","type":"image\/png"}],"author":"Nacho Corro","twitter_card":"summary_large_image","twitter_creator":"@Juan Ignacio Corro Herrera","twitter_site":"@252COMS","twitter_misc":{"Escrito por":"Nacho Corro","Tiempo de lectura":"4 minutos"},"schema":{"@context":"https:\/\/schema.org","@graph":[{"@type":"Article","@id":"https:\/\/agencia.252.com.mx\/home\/alerta-pan-que-morena-pretende-controlar-lo-que-dicen-las-y-los-mexicanos-y-los-medios-de-comunicacion-bajo-el-argumento-de-la-proteccion-de-las-audiencias\/#article","isPartOf":{"@id":"https:\/\/agencia.252.com.mx\/home\/alerta-pan-que-morena-pretende-controlar-lo-que-dicen-las-y-los-mexicanos-y-los-medios-de-comunicacion-bajo-el-argumento-de-la-proteccion-de-las-audiencias\/"},"author":{"name":"Nacho Corro","@id":"https:\/\/agencia.252.com.mx\/home\/#\/schema\/person\/6b972021e9a92d45ade8c78d81509098"},"headline":"Alerta PAN que Morena pretende controlar lo que dicen las y los mexicanos y los medios de comunicaci\u00f3n bajo el argumento de la protecci\u00f3n de las audiencias","datePublished":"2026-09-01T03:04:49+00:00","dateModified":"2026-09-01T03:04:50+00:00","mainEntityOfPage":{"@id":"https:\/\/agencia.252.com.mx\/home\/alerta-pan-que-morena-pretende-controlar-lo-que-dicen-las-y-los-mexicanos-y-los-medios-de-comunicacion-bajo-el-argumento-de-la-proteccion-de-las-audiencias\/"},"wordCount":714,"commentCount":0,"publisher":{"@id":"https:\/\/agencia.252.com.mx\/home\/#organization"},"image":{"@id":"https:\/\/agencia.252.com.mx\/home\/alerta-pan-que-morena-pretende-controlar-lo-que-dicen-las-y-los-mexicanos-y-los-medios-de-comunicacion-bajo-el-argumento-de-la-proteccion-de-las-audiencias\/#primaryimage"},"thumbnailUrl":"https:\/\/agencia.252.com.mx\/wp-content\/uploads\/2026\/08\/Captura-de-Pantalla-2026-08-31-a-las-21.03.58.png","keywords":["CDMX"],"articleSection":["CDMX","PAN","Seguridad"],"inLanguage":"es","potentialAction":[{"@type":"CommentAction","name":"Comment","target":["https:\/\/agencia.252.com.mx\/home\/alerta-pan-que-morena-pretende-controlar-lo-que-dicen-las-y-los-mexicanos-y-los-medios-de-comunicacion-bajo-el-argumento-de-la-proteccion-de-las-audiencias\/#respond"]}]},{"@type":"WebPage","@id":"https:\/\/agencia.252.com.mx\/home\/alerta-pan-que-morena-pretende-controlar-lo-que-dicen-las-y-los-mexicanos-y-los-medios-de-comunicacion-bajo-el-argumento-de-la-proteccion-de-las-audiencias\/","url":"https:\/\/agencia.252.com.mx\/home\/alerta-pan-que-morena-pretende-controlar-lo-que-dicen-las-y-los-mexicanos-y-los-medios-de-comunicacion-bajo-el-argumento-de-la-proteccion-de-las-audiencias\/","name":"Alerta PAN que Morena pretende controlar lo que dicen las y los mexicanos y los medios de comunicaci\u00f3n bajo el argumento de la protecci\u00f3n de las audiencias - Agencia252","isPartOf":{"@id":"https:\/\/agencia.252.com.mx\/home\/#website"},"primaryImageOfPage":{"@id":"https:\/\/agencia.252.com.mx\/home\/alerta-pan-que-morena-pretende-controlar-lo-que-dicen-las-y-los-mexicanos-y-los-medios-de-comunicacion-bajo-el-argumento-de-la-proteccion-de-las-audiencias\/#primaryimage"},"image":{"@id":"https:\/\/agencia.252.com.mx\/home\/alerta-pan-que-morena-pretende-controlar-lo-que-dicen-las-y-los-mexicanos-y-los-medios-de-comunicacion-bajo-el-argumento-de-la-proteccion-de-las-audiencias\/#primaryimage"},"thumbnailUrl":"https:\/\/agencia.252.com.mx\/wp-content\/uploads\/2026\/08\/Captura-de-Pantalla-2026-08-31-a-las-21.03.58.png","datePublished":"2026-09-01T03:04:49+00:00","dateModified":"2026-09-01T03:04:50+00:00","breadcrumb":{"@id":"https:\/\/agencia.252.com.mx\/home\/alerta-pan-que-morena-pretende-controlar-lo-que-dicen-las-y-los-mexicanos-y-los-medios-de-comunicacion-bajo-el-argumento-de-la-proteccion-de-las-audiencias\/#breadcrumb"},"inLanguage":"es","potentialAction":[{"@type":"ReadAction","target":["https:\/\/agencia.252.com.mx\/home\/alerta-pan-que-morena-pretende-controlar-lo-que-dicen-las-y-los-mexicanos-y-los-medios-de-comunicacion-bajo-el-argumento-de-la-proteccion-de-las-audiencias\/"]}]},{"@type":"ImageObject","inLanguage":"es","@id":"https:\/\/agencia.252.com.mx\/home\/alerta-pan-que-morena-pretende-controlar-lo-que-dicen-las-y-los-mexicanos-y-los-medios-de-comunicacion-bajo-el-argumento-de-la-proteccion-de-las-audiencias\/#primaryimage","url":"https:\/\/agencia.252.com.mx\/wp-content\/uploads\/2026\/08\/Captura-de-Pantalla-2026-08-31-a-las-21.03.58.png","contentUrl":"https:\/\/agencia.252.com.mx\/wp-content\/uploads\/2026\/08\/Captura-de-Pantalla-2026-08-31-a-las-21.03.58.png","width":311,"height":230},{"@type":"BreadcrumbList","@id":"https:\/\/agencia.252.com.mx\/home\/alerta-pan-que-morena-pretende-controlar-lo-que-dicen-las-y-los-mexicanos-y-los-medios-de-comunicacion-bajo-el-argumento-de-la-proteccion-de-las-audiencias\/#breadcrumb","itemListElement":[{"@type":"ListItem","position":1,"name":"Portada","item":"https:\/\/agencia.252.com.mx\/home\/"},{"@type":"ListItem","position":2,"name":"Alerta PAN que Morena pretende controlar lo que dicen las y los mexicanos y los medios de comunicaci\u00f3n bajo el argumento de la protecci\u00f3n de las audiencias"}]},{"@type":"WebSite","@id":"https:\/\/agencia.252.com.mx\/home\/#website","url":"https:\/\/agencia.252.com.mx\/home\/","name":"Agencia252","description":"Tu espacio en la Red","publisher":{"@id":"https:\/\/agencia.252.com.mx\/home\/#organization"},"potentialAction":[{"@type":"SearchAction","target":{"@type":"EntryPoint","urlTemplate":"https:\/\/agencia.252.com.mx\/home\/?s={search_term_string}"},"query-input":{"@type":"PropertyValueSpecification","valueRequired":true,"valueName":"search_term_string"}}],"inLanguage":"es"},{"@type":"Organization","@id":"https:\/\/agencia.252.com.mx\/home\/#organization","name":"Agencia252","url":"https:\/\/agencia.252.com.mx\/home\/","logo":{"@type":"ImageObject","inLanguage":"es","@id":"https:\/\/agencia.252.com.mx\/home\/#\/schema\/logo\/image\/","url":"https:\/\/agencia.252.com.mx\/wp-content\/uploads\/2023\/02\/cropped-ciruclo-agencia-e1677562404136.png","contentUrl":"https:\/\/agencia.252.com.mx\/wp-content\/uploads\/2023\/02\/cropped-ciruclo-agencia-e1677562404136.png","width":512,"height":512,"caption":"Agencia252"},"image":{"@id":"https:\/\/agencia.252.com.mx\/home\/#\/schema\/logo\/image\/"},"sameAs":["https:\/\/www.facebook.com\/252Comunicacion\/","https:\/\/x.com\/252COMS"]},{"@type":"Person","@id":"https:\/\/agencia.252.com.mx\/home\/#\/schema\/person\/6b972021e9a92d45ade8c78d81509098","name":"Nacho Corro","image":{"@type":"ImageObject","inLanguage":"es","@id":"https:\/\/secure.gravatar.com\/avatar\/5db6df507cfe1307e192fbb498c6b85f1cf2ffd8b4cd37141b9eea588fcbd5a4?s=96&r=g","url":"https:\/\/secure.gravatar.com\/avatar\/5db6df507cfe1307e192fbb498c6b85f1cf2ffd8b4cd37141b9eea588fcbd5a4?s=96&r=g","contentUrl":"https:\/\/secure.gravatar.com\/avatar\/5db6df507cfe1307e192fbb498c6b85f1cf2ffd8b4cd37141b9eea588fcbd5a4?s=96&r=g","caption":"Nacho Corro"},"description":"Comunicador Social, Periodista y Administraci\u00f3n P\u00fablica. Conversador pol\u00edtico, temas electorales y seguridad. Generador de contenidos digitales. Amante de la fotograf\u00eda","sameAs":["https:\/\/www.facebook.com\/jcorroherrera\/","www.instagram.com\/nachocorro\/","https:\/\/x.com\/Juan Ignacio Corro Herrera"],"url":"https:\/\/agencia.252.com.mx\/home\/author\/i-corro\/"}]}},"_links":{"self":[{"href":"https:\/\/agencia.252.com.mx\/home\/wp-json\/wp\/v2\/posts\/23036","targetHints":{"allow":["GET"]}}],"collection":[{"href":"https:\/\/agencia.252.com.mx\/home\/wp-json\/wp\/v2\/posts"}],"about":[{"href":"https:\/\/agencia.252.com.mx\/home\/wp-json\/wp\/v2\/types\/post"}],"author":[{"embeddable":true,"href":"https:\/\/agencia.252.com.mx\/home\/wp-json\/wp\/v2\/users\/5"}],"replies":[{"embeddable":true,"href":"https:\/\/agencia.252.com.mx\/home\/wp-json\/wp\/v2\/comments?post=23036"}],"version-history":[{"count":1,"href":"https:\/\/agencia.252.com.mx\/home\/wp-json\/wp\/v2\/posts\/23036\/revisions"}],"predecessor-version":[{"id":23038,"href":"https:\/\/agencia.252.com.mx\/home\/wp-json\/wp\/v2\/posts\/23036\/revisions\/23038"}],"wp:featuredmedia":[{"embeddable":true,"href":"https:\/\/agencia.252.com.mx\/home\/wp-json\/wp\/v2\/media\/23037"}],"wp:attachment":[{"href":"https:\/\/agencia.252.com.mx\/home\/wp-json\/wp\/v2\/media?parent=23036"}],"wp:term":[{"taxonomy":"category","embeddable":true,"href":"https:\/\/agencia.252.com.mx\/home\/wp-json\/wp\/v2\/categories?post=23036"},{"taxonomy":"post_tag","embeddable":true,"href":"https:\/\/agencia.252.com.mx\/home\/wp-json\/wp\/v2\/tags?post=23036"}],"curies":[{"name":"wp","href":"https:\/\/api.w.org\/{rel}","templated":true}]}}