{"id":23032,"date":"2026-08-31T20:28:09","date_gmt":"2026-09-01T02:28:09","guid":{"rendered":"https:\/\/agencia.252.com.mx\/home\/?p=23032"},"modified":"2026-08-31T20:28:11","modified_gmt":"2026-09-01T02:28:11","slug":"va-morena-edomex-a-las-elecciones-2027-con-unidad-y-organizacion","status":"publish","type":"post","link":"https:\/\/agencia.252.com.mx\/home\/va-morena-edomex-a-las-elecciones-2027-con-unidad-y-organizacion\/","title":{"rendered":"Va Morena Edomex a las elecciones 2027 con unidad y\u00a0\u00a0organizaci\u00f3n\u00a0"},"content":{"rendered":"<p>Visitas: 3<\/p>\n<ul class=\"wp-block-list\">\n<li><em>Concluyen 143 asambleas de Morena en Edomex, en atenci\u00f3n al llamado nacional de la Presidenta Claudia Sheinbaum, en defensa de la soberan\u00eda<br>Tambi\u00e9n se realizaron talleres de Formaci\u00f3n Pol\u00edtica y talleres de Formaci\u00f3n Pol\u00edtica para Mujeres, fortaleciendo la organizaci\u00f3n, la conciencia y la participaci\u00f3n de la militancia<\/em>.\u00a0<\/li>\n<\/ul>\n\n\n\n<p class=\"wp-block-paragraph\">Juan Ignacio Corro&nbsp;<\/p>\n\n\n\n<p class=\"has-text-align-right wp-block-paragraph\">Toluca, Estado de M\u00e9xico, a 31 de agosto de 2026<\/p>\n\n\n\n<p class=\"wp-block-paragraph\">Durante agosto se fortaleci\u00f3 el trabajo pol\u00edtico y territorial del movimiento en el Estado de M\u00e9xico sostuvo la Presidenta del Comit\u00e9 Estatal de Morena, Luz Ma Hern\u00e1ndez, al informar sobre la conclusi\u00f3n de 143 asambleas programadas por el Comit\u00e9 Ejecutivo Nacional de Morena y el Instituto Nacional de Formaci\u00f3n Pol\u00edtica, en coordinaci\u00f3n con el CEE estatal, como parte del llamado nacional realizado por la Presidenta de M\u00e9xico, Claudia Sheinbaum Pardo.&nbsp;<\/p>\n\n\n\n<p class=\"wp-block-paragraph\">Se\u00f1al\u00f3 que estas asambleas permitieron llevar a territorio un mensaje de unidad, organizaci\u00f3n y defensa de la soberan\u00eda nacional, as\u00ed como refrendar el respaldo al proyecto de transformaci\u00f3n que encabeza la Presidenta Claudia Sheinbaum y que en la entidad acompa\u00f1a la Gobernadora Delfina G\u00f3mez \u00c1lvarez.&nbsp;<\/p>\n\n\n\n<figure class=\"wp-block-image alignleft size-medium\"><img fetchpriority=\"high\" decoding=\"async\" width=\"300\" height=\"200\" src=\"https:\/\/agencia.252.com.mx\/wp-content\/uploads\/2026\/08\/WhatsApp-Image-2026-08-31-at-4.58.28-PM-300x200.jpeg\" alt=\"\" class=\"wp-image-23034\" srcset=\"https:\/\/agencia.252.com.mx\/wp-content\/uploads\/2026\/08\/WhatsApp-Image-2026-08-31-at-4.58.28-PM-300x200.jpeg 300w, https:\/\/agencia.252.com.mx\/wp-content\/uploads\/2026\/08\/WhatsApp-Image-2026-08-31-at-4.58.28-PM-1024x682.jpeg 1024w, https:\/\/agencia.252.com.mx\/wp-content\/uploads\/2026\/08\/WhatsApp-Image-2026-08-31-at-4.58.28-PM-768x512.jpeg 768w, https:\/\/agencia.252.com.mx\/wp-content\/uploads\/2026\/08\/WhatsApp-Image-2026-08-31-at-4.58.28-PM-1536x1023.jpeg 1536w, https:\/\/agencia.252.com.mx\/wp-content\/uploads\/2026\/08\/WhatsApp-Image-2026-08-31-at-4.58.28-PM.jpeg 1600w\" sizes=\"(max-width: 300px) 100vw, 300px\" \/><\/figure>\n\n\n\n<p class=\"wp-block-paragraph\">A la par de las asambleas, Morena Estado de M\u00e9xico impuls\u00f3 talleres de Formaci\u00f3n Pol\u00edtica y talleres de Formaci\u00f3n Pol\u00edtica para Mujeres, con el objetivo de fortalecer la participaci\u00f3n, la conciencia pol\u00edtica y la organizaci\u00f3n de la militancia, adem\u00e1s de generar espacios de reflexi\u00f3n y aprendizaje para quienes forman parte del movimiento de cara a las elecciones 2027.&nbsp;<\/p>\n\n\n\n<p class=\"wp-block-paragraph\">Luz Ma Hern\u00e1ndez destac\u00f3 que la tarea del partido no se limita a acompa\u00f1ar los resultados de los gobiernos de la transformaci\u00f3n, sino tambi\u00e9n a formar, organizar e informar al pueblo para defender los avances alcanzados y seguir construyendo el segundo piso de la Cuarta Transformaci\u00f3n.<\/p>\n\n\n\n<p class=\"wp-block-paragraph\">\u201cConcluimos 143 asambleas en todo el Estado de M\u00e9xico, llevando a cada regi\u00f3n el mensaje de que la patria se ama, se defiende y se organiza. Morena est\u00e1 en territorio, formando conciencia y caminando junto al pueblo para defender la soberan\u00eda y la transformaci\u00f3n.\u201d&nbsp;<\/p>\n\n\n\n<p class=\"wp-block-paragraph\">La dirigente estatal se\u00f1al\u00f3 que esta labor pol\u00edtica y territorial se acompa\u00f1a de resultados concretos de los gobiernos de la transformaci\u00f3n.&nbsp;<\/p>\n\n\n\n<p class=\"wp-block-paragraph\">\u201cTenemos un movimiento organizado, una militancia que se forma y un gobierno que da resultados. Esa es la fuerza de la transformaci\u00f3n: pueblo, partido y gobierno caminando en una misma direcci\u00f3n, con principios y con compromiso social\u201d, afirm\u00f3 Luz Ma Hern\u00e1ndez.&nbsp;<\/p>\n\n\n\n<p class=\"wp-block-paragraph\">Finalmente, reiter\u00f3 que Morena Estado de M\u00e9xico continuar\u00e1 recorriendo los 125 municipios, fortaleciendo la organizaci\u00f3n territorial, la formaci\u00f3n pol\u00edtica y la participaci\u00f3n ciudadana para consolidar el proyecto de transformaci\u00f3n en la entidad.<br><\/p>\n\n\n\n<p class=\"wp-block-paragraph\"><\/p>\n","protected":false},"excerpt":{"rendered":"<p>Visitas: 3 Juan Ignacio Corro&nbsp; Toluca, Estado de M\u00e9xico, a 31 de agosto de 2026 Durante agosto se fortaleci\u00f3 el trabajo pol\u00edtico y territorial del movimiento en el Estado de M\u00e9xico sostuvo la Presidenta del Comit\u00e9 Estatal de Morena, Luz Ma Hern\u00e1ndez, al informar sobre la conclusi\u00f3n de 143 asambleas programadas por el Comit\u00e9 Ejecutivo [&hellip;]<\/p>\n","protected":false},"author":5,"featured_media":23033,"comment_status":"open","ping_status":"open","sticky":false,"template":"","format":"standard","meta":{"site-sidebar-layout":"default","site-content-layout":"","ast-site-content-layout":"default","site-content-style":"default","site-sidebar-style":"default","ast-global-header-display":"","ast-banner-title-visibility":"","ast-main-header-display":"","ast-hfb-above-header-display":"","ast-hfb-below-header-display":"","ast-hfb-mobile-header-display":"","site-post-title":"","ast-breadcrumbs-content":"","ast-featured-img":"","footer-sml-layout":"","ast-disable-related-posts":"","theme-transparent-header-meta":"","adv-header-id-meta":"","stick-header-meta":"","header-above-stick-meta":"","header-main-stick-meta":"","header-below-stick-meta":"","astra-migrate-meta-layouts":"set","ast-page-background-enabled":"default","ast-page-background-meta":{"desktop":{"background-color":"var(--ast-global-color-4)","background-image":"","background-repeat":"repeat","background-position":"center center","background-size":"auto","background-attachment":"scroll","background-type":"","background-media":"","overlay-type":"","overlay-color":"","overlay-opacity":"","overlay-gradient":""},"tablet":{"background-color":"","background-image":"","background-repeat":"repeat","background-position":"center center","background-size":"auto","background-attachment":"scroll","background-type":"","background-media":"","overlay-type":"","overlay-color":"","overlay-opacity":"","overlay-gradient":""},"mobile":{"background-color":"","background-image":"","background-repeat":"repeat","background-position":"center center","background-size":"auto","background-attachment":"scroll","background-type":"","background-media":"","overlay-type":"","overlay-color":"","overlay-opacity":"","overlay-gradient":""}},"ast-content-background-meta":{"desktop":{"background-color":"var(--ast-global-color-5)","background-image":"","background-repeat":"repeat","background-position":"center center","background-size":"auto","background-attachment":"scroll","background-type":"","background-media":"","overlay-type":"","overlay-color":"","overlay-opacity":"","overlay-gradient":""},"tablet":{"background-color":"var(--ast-global-color-5)","background-image":"","background-repeat":"repeat","background-position":"center center","background-size":"auto","background-attachment":"scroll","background-type":"","background-media":"","overlay-type":"","overlay-color":"","overlay-opacity":"","overlay-gradient":""},"mobile":{"background-color":"var(--ast-global-color-5)","background-image":"","background-repeat":"repeat","background-position":"center center","background-size":"auto","background-attachment":"scroll","background-type":"","background-media":"","overlay-type":"","overlay-color":"","overlay-opacity":"","overlay-gradient":""}},"footnotes":""},"categories":[8,596,512,68],"tags":[526],"class_list":["post-23032","post","type-post","status-publish","format-standard","has-post-thumbnail","hentry","category-edomex","category-elecciones-2027","category-metropoli","category-seguridad","tag-edomex"],"yoast_head":"<!-- This site is optimized with the Yoast SEO plugin v28.3 - https:\/\/yoast.com\/product\/yoast-seo-wordpress\/ -->\n<title>Va Morena Edomex a las elecciones 2027 con unidad y\u00a0\u00a0organizaci\u00f3n\u00a0 - Agencia252<\/title>\n<meta name=\"robots\" content=\"index, follow, max-snippet:-1, max-image-preview:large, max-video-preview:-1\" \/>\n<link rel=\"canonical\" href=\"https:\/\/agencia.252.com.mx\/home\/va-morena-edomex-a-las-elecciones-2027-con-unidad-y-organizacion\/\" \/>\n<meta property=\"og:locale\" content=\"es_ES\" \/>\n<meta property=\"og:type\" content=\"article\" \/>\n<meta property=\"og:title\" content=\"Va Morena Edomex a las elecciones 2027 con unidad y\u00a0\u00a0organizaci\u00f3n\u00a0 - Agencia252\" \/>\n<meta property=\"og:description\" content=\"Visitas: 3 Juan Ignacio Corro&nbsp; Toluca, Estado de M\u00e9xico, a 31 de agosto de 2026 Durante agosto se fortaleci\u00f3 el trabajo pol\u00edtico y territorial del movimiento en el Estado de M\u00e9xico sostuvo la Presidenta del Comit\u00e9 Estatal de Morena, Luz Ma Hern\u00e1ndez, al informar sobre la conclusi\u00f3n de 143 asambleas programadas por el Comit\u00e9 Ejecutivo [&hellip;]\" \/>\n<meta property=\"og:url\" content=\"https:\/\/agencia.252.com.mx\/home\/va-morena-edomex-a-las-elecciones-2027-con-unidad-y-organizacion\/\" \/>\n<meta property=\"og:site_name\" content=\"Agencia252\" \/>\n<meta property=\"article:publisher\" content=\"https:\/\/www.facebook.com\/252Comunicacion\/\" \/>\n<meta property=\"article:author\" content=\"https:\/\/www.facebook.com\/jcorroherrera\/\" \/>\n<meta property=\"article:published_time\" content=\"2026-09-01T02:28:09+00:00\" \/>\n<meta property=\"article:modified_time\" content=\"2026-09-01T02:28:11+00:00\" \/>\n<meta property=\"og:image\" content=\"http:\/\/agencia.252.com.mx\/wp-content\/uploads\/2026\/08\/WhatsApp-Image-2026-08-31-at-4.58.27-PM.jpeg\" \/>\n\t<meta property=\"og:image:width\" content=\"1600\" \/>\n\t<meta property=\"og:image:height\" content=\"1066\" \/>\n\t<meta property=\"og:image:type\" content=\"image\/jpeg\" \/>\n<meta name=\"author\" content=\"Nacho Corro\" \/>\n<meta name=\"twitter:card\" content=\"summary_large_image\" \/>\n<meta name=\"twitter:creator\" content=\"@Juan Ignacio Corro Herrera\" \/>\n<meta name=\"twitter:site\" content=\"@252COMS\" \/>\n<meta name=\"twitter:label1\" content=\"Escrito por\" \/>\n\t<meta name=\"twitter:data1\" content=\"Nacho Corro\" \/>\n\t<meta name=\"twitter:label2\" content=\"Tiempo de lectura\" \/>\n\t<meta name=\"twitter:data2\" content=\"3 minutos\" \/>\n<script type=\"application\/ld+json\" class=\"yoast-schema-graph\">{\"@context\":\"https:\\\/\\\/schema.org\",\"@graph\":[{\"@type\":\"Article\",\"@id\":\"https:\\\/\\\/agencia.252.com.mx\\\/home\\\/va-morena-edomex-a-las-elecciones-2027-con-unidad-y-organizacion\\\/#article\",\"isPartOf\":{\"@id\":\"https:\\\/\\\/agencia.252.com.mx\\\/home\\\/va-morena-edomex-a-las-elecciones-2027-con-unidad-y-organizacion\\\/\"},\"author\":{\"name\":\"Nacho Corro\",\"@id\":\"https:\\\/\\\/agencia.252.com.mx\\\/home\\\/#\\\/schema\\\/person\\\/6b972021e9a92d45ade8c78d81509098\"},\"headline\":\"Va Morena Edomex a las elecciones 2027 con unidad y\u00a0\u00a0organizaci\u00f3n\u00a0\",\"datePublished\":\"2026-09-01T02:28:09+00:00\",\"dateModified\":\"2026-09-01T02:28:11+00:00\",\"mainEntityOfPage\":{\"@id\":\"https:\\\/\\\/agencia.252.com.mx\\\/home\\\/va-morena-edomex-a-las-elecciones-2027-con-unidad-y-organizacion\\\/\"},\"wordCount\":483,\"commentCount\":0,\"publisher\":{\"@id\":\"https:\\\/\\\/agencia.252.com.mx\\\/home\\\/#organization\"},\"image\":{\"@id\":\"https:\\\/\\\/agencia.252.com.mx\\\/home\\\/va-morena-edomex-a-las-elecciones-2027-con-unidad-y-organizacion\\\/#primaryimage\"},\"thumbnailUrl\":\"https:\\\/\\\/agencia.252.com.mx\\\/wp-content\\\/uploads\\\/2026\\\/08\\\/WhatsApp-Image-2026-08-31-at-4.58.27-PM.jpeg\",\"keywords\":[\"Edomex\"],\"articleSection\":[\"Edomex\",\"Elecciones 2027\",\"Metropoli\",\"Seguridad\"],\"inLanguage\":\"es\",\"potentialAction\":[{\"@type\":\"CommentAction\",\"name\":\"Comment\",\"target\":[\"https:\\\/\\\/agencia.252.com.mx\\\/home\\\/va-morena-edomex-a-las-elecciones-2027-con-unidad-y-organizacion\\\/#respond\"]}]},{\"@type\":\"WebPage\",\"@id\":\"https:\\\/\\\/agencia.252.com.mx\\\/home\\\/va-morena-edomex-a-las-elecciones-2027-con-unidad-y-organizacion\\\/\",\"url\":\"https:\\\/\\\/agencia.252.com.mx\\\/home\\\/va-morena-edomex-a-las-elecciones-2027-con-unidad-y-organizacion\\\/\",\"name\":\"Va Morena Edomex a las elecciones 2027 con unidad y\u00a0\u00a0organizaci\u00f3n\u00a0 - Agencia252\",\"isPartOf\":{\"@id\":\"https:\\\/\\\/agencia.252.com.mx\\\/home\\\/#website\"},\"primaryImageOfPage\":{\"@id\":\"https:\\\/\\\/agencia.252.com.mx\\\/home\\\/va-morena-edomex-a-las-elecciones-2027-con-unidad-y-organizacion\\\/#primaryimage\"},\"image\":{\"@id\":\"https:\\\/\\\/agencia.252.com.mx\\\/home\\\/va-morena-edomex-a-las-elecciones-2027-con-unidad-y-organizacion\\\/#primaryimage\"},\"thumbnailUrl\":\"https:\\\/\\\/agencia.252.com.mx\\\/wp-content\\\/uploads\\\/2026\\\/08\\\/WhatsApp-Image-2026-08-31-at-4.58.27-PM.jpeg\",\"datePublished\":\"2026-09-01T02:28:09+00:00\",\"dateModified\":\"2026-09-01T02:28:11+00:00\",\"breadcrumb\":{\"@id\":\"https:\\\/\\\/agencia.252.com.mx\\\/home\\\/va-morena-edomex-a-las-elecciones-2027-con-unidad-y-organizacion\\\/#breadcrumb\"},\"inLanguage\":\"es\",\"potentialAction\":[{\"@type\":\"ReadAction\",\"target\":[\"https:\\\/\\\/agencia.252.com.mx\\\/home\\\/va-morena-edomex-a-las-elecciones-2027-con-unidad-y-organizacion\\\/\"]}]},{\"@type\":\"ImageObject\",\"inLanguage\":\"es\",\"@id\":\"https:\\\/\\\/agencia.252.com.mx\\\/home\\\/va-morena-edomex-a-las-elecciones-2027-con-unidad-y-organizacion\\\/#primaryimage\",\"url\":\"https:\\\/\\\/agencia.252.com.mx\\\/wp-content\\\/uploads\\\/2026\\\/08\\\/WhatsApp-Image-2026-08-31-at-4.58.27-PM.jpeg\",\"contentUrl\":\"https:\\\/\\\/agencia.252.com.mx\\\/wp-content\\\/uploads\\\/2026\\\/08\\\/WhatsApp-Image-2026-08-31-at-4.58.27-PM.jpeg\",\"width\":1600,\"height\":1066},{\"@type\":\"BreadcrumbList\",\"@id\":\"https:\\\/\\\/agencia.252.com.mx\\\/home\\\/va-morena-edomex-a-las-elecciones-2027-con-unidad-y-organizacion\\\/#breadcrumb\",\"itemListElement\":[{\"@type\":\"ListItem\",\"position\":1,\"name\":\"Portada\",\"item\":\"https:\\\/\\\/agencia.252.com.mx\\\/home\\\/\"},{\"@type\":\"ListItem\",\"position\":2,\"name\":\"Va Morena Edomex a las elecciones 2027 con unidad y\u00a0\u00a0organizaci\u00f3n\u00a0\"}]},{\"@type\":\"WebSite\",\"@id\":\"https:\\\/\\\/agencia.252.com.mx\\\/home\\\/#website\",\"url\":\"https:\\\/\\\/agencia.252.com.mx\\\/home\\\/\",\"name\":\"Agencia252\",\"description\":\"Tu espacio en la Red\",\"publisher\":{\"@id\":\"https:\\\/\\\/agencia.252.com.mx\\\/home\\\/#organization\"},\"potentialAction\":[{\"@type\":\"SearchAction\",\"target\":{\"@type\":\"EntryPoint\",\"urlTemplate\":\"https:\\\/\\\/agencia.252.com.mx\\\/home\\\/?s={search_term_string}\"},\"query-input\":{\"@type\":\"PropertyValueSpecification\",\"valueRequired\":true,\"valueName\":\"search_term_string\"}}],\"inLanguage\":\"es\"},{\"@type\":\"Organization\",\"@id\":\"https:\\\/\\\/agencia.252.com.mx\\\/home\\\/#organization\",\"name\":\"Agencia252\",\"url\":\"https:\\\/\\\/agencia.252.com.mx\\\/home\\\/\",\"logo\":{\"@type\":\"ImageObject\",\"inLanguage\":\"es\",\"@id\":\"https:\\\/\\\/agencia.252.com.mx\\\/home\\\/#\\\/schema\\\/logo\\\/image\\\/\",\"url\":\"https:\\\/\\\/agencia.252.com.mx\\\/wp-content\\\/uploads\\\/2023\\\/02\\\/cropped-ciruclo-agencia-e1677562404136.png\",\"contentUrl\":\"https:\\\/\\\/agencia.252.com.mx\\\/wp-content\\\/uploads\\\/2023\\\/02\\\/cropped-ciruclo-agencia-e1677562404136.png\",\"width\":512,\"height\":512,\"caption\":\"Agencia252\"},\"image\":{\"@id\":\"https:\\\/\\\/agencia.252.com.mx\\\/home\\\/#\\\/schema\\\/logo\\\/image\\\/\"},\"sameAs\":[\"https:\\\/\\\/www.facebook.com\\\/252Comunicacion\\\/\",\"https:\\\/\\\/x.com\\\/252COMS\"]},{\"@type\":\"Person\",\"@id\":\"https:\\\/\\\/agencia.252.com.mx\\\/home\\\/#\\\/schema\\\/person\\\/6b972021e9a92d45ade8c78d81509098\",\"name\":\"Nacho Corro\",\"image\":{\"@type\":\"ImageObject\",\"inLanguage\":\"es\",\"@id\":\"https:\\\/\\\/secure.gravatar.com\\\/avatar\\\/5db6df507cfe1307e192fbb498c6b85f1cf2ffd8b4cd37141b9eea588fcbd5a4?s=96&r=g\",\"url\":\"https:\\\/\\\/secure.gravatar.com\\\/avatar\\\/5db6df507cfe1307e192fbb498c6b85f1cf2ffd8b4cd37141b9eea588fcbd5a4?s=96&r=g\",\"contentUrl\":\"https:\\\/\\\/secure.gravatar.com\\\/avatar\\\/5db6df507cfe1307e192fbb498c6b85f1cf2ffd8b4cd37141b9eea588fcbd5a4?s=96&r=g\",\"caption\":\"Nacho Corro\"},\"description\":\"Comunicador Social, Periodista y Administraci\u00f3n P\u00fablica. Conversador pol\u00edtico, temas electorales y seguridad. Generador de contenidos digitales. Amante de la fotograf\u00eda\",\"sameAs\":[\"https:\\\/\\\/www.facebook.com\\\/jcorroherrera\\\/\",\"www.instagram.com\\\/nachocorro\\\/\",\"https:\\\/\\\/x.com\\\/Juan Ignacio Corro Herrera\"],\"url\":\"https:\\\/\\\/agencia.252.com.mx\\\/home\\\/author\\\/i-corro\\\/\"}]}<\/script>\n<!-- \/ Yoast SEO plugin. -->","yoast_head_json":{"title":"Va Morena Edomex a las elecciones 2027 con unidad y\u00a0\u00a0organizaci\u00f3n\u00a0 - Agencia252","robots":{"index":"index","follow":"follow","max-snippet":"max-snippet:-1","max-image-preview":"max-image-preview:large","max-video-preview":"max-video-preview:-1"},"canonical":"https:\/\/agencia.252.com.mx\/home\/va-morena-edomex-a-las-elecciones-2027-con-unidad-y-organizacion\/","og_locale":"es_ES","og_type":"article","og_title":"Va Morena Edomex a las elecciones 2027 con unidad y\u00a0\u00a0organizaci\u00f3n\u00a0 - Agencia252","og_description":"Visitas: 3 Juan Ignacio Corro&nbsp; Toluca, Estado de M\u00e9xico, a 31 de agosto de 2026 Durante agosto se fortaleci\u00f3 el trabajo pol\u00edtico y territorial del movimiento en el Estado de M\u00e9xico sostuvo la Presidenta del Comit\u00e9 Estatal de Morena, Luz Ma Hern\u00e1ndez, al informar sobre la conclusi\u00f3n de 143 asambleas programadas por el Comit\u00e9 Ejecutivo [&hellip;]","og_url":"https:\/\/agencia.252.com.mx\/home\/va-morena-edomex-a-las-elecciones-2027-con-unidad-y-organizacion\/","og_site_name":"Agencia252","article_publisher":"https:\/\/www.facebook.com\/252Comunicacion\/","article_author":"https:\/\/www.facebook.com\/jcorroherrera\/","article_published_time":"2026-09-01T02:28:09+00:00","article_modified_time":"2026-09-01T02:28:11+00:00","og_image":[{"width":1600,"height":1066,"url":"http:\/\/agencia.252.com.mx\/wp-content\/uploads\/2026\/08\/WhatsApp-Image-2026-08-31-at-4.58.27-PM.jpeg","type":"image\/jpeg"}],"author":"Nacho Corro","twitter_card":"summary_large_image","twitter_creator":"@Juan Ignacio Corro Herrera","twitter_site":"@252COMS","twitter_misc":{"Escrito por":"Nacho Corro","Tiempo de lectura":"3 minutos"},"schema":{"@context":"https:\/\/schema.org","@graph":[{"@type":"Article","@id":"https:\/\/agencia.252.com.mx\/home\/va-morena-edomex-a-las-elecciones-2027-con-unidad-y-organizacion\/#article","isPartOf":{"@id":"https:\/\/agencia.252.com.mx\/home\/va-morena-edomex-a-las-elecciones-2027-con-unidad-y-organizacion\/"},"author":{"name":"Nacho Corro","@id":"https:\/\/agencia.252.com.mx\/home\/#\/schema\/person\/6b972021e9a92d45ade8c78d81509098"},"headline":"Va Morena Edomex a las elecciones 2027 con unidad y\u00a0\u00a0organizaci\u00f3n\u00a0","datePublished":"2026-09-01T02:28:09+00:00","dateModified":"2026-09-01T02:28:11+00:00","mainEntityOfPage":{"@id":"https:\/\/agencia.252.com.mx\/home\/va-morena-edomex-a-las-elecciones-2027-con-unidad-y-organizacion\/"},"wordCount":483,"commentCount":0,"publisher":{"@id":"https:\/\/agencia.252.com.mx\/home\/#organization"},"image":{"@id":"https:\/\/agencia.252.com.mx\/home\/va-morena-edomex-a-las-elecciones-2027-con-unidad-y-organizacion\/#primaryimage"},"thumbnailUrl":"https:\/\/agencia.252.com.mx\/wp-content\/uploads\/2026\/08\/WhatsApp-Image-2026-08-31-at-4.58.27-PM.jpeg","keywords":["Edomex"],"articleSection":["Edomex","Elecciones 2027","Metropoli","Seguridad"],"inLanguage":"es","potentialAction":[{"@type":"CommentAction","name":"Comment","target":["https:\/\/agencia.252.com.mx\/home\/va-morena-edomex-a-las-elecciones-2027-con-unidad-y-organizacion\/#respond"]}]},{"@type":"WebPage","@id":"https:\/\/agencia.252.com.mx\/home\/va-morena-edomex-a-las-elecciones-2027-con-unidad-y-organizacion\/","url":"https:\/\/agencia.252.com.mx\/home\/va-morena-edomex-a-las-elecciones-2027-con-unidad-y-organizacion\/","name":"Va Morena Edomex a las elecciones 2027 con unidad y\u00a0\u00a0organizaci\u00f3n\u00a0 - Agencia252","isPartOf":{"@id":"https:\/\/agencia.252.com.mx\/home\/#website"},"primaryImageOfPage":{"@id":"https:\/\/agencia.252.com.mx\/home\/va-morena-edomex-a-las-elecciones-2027-con-unidad-y-organizacion\/#primaryimage"},"image":{"@id":"https:\/\/agencia.252.com.mx\/home\/va-morena-edomex-a-las-elecciones-2027-con-unidad-y-organizacion\/#primaryimage"},"thumbnailUrl":"https:\/\/agencia.252.com.mx\/wp-content\/uploads\/2026\/08\/WhatsApp-Image-2026-08-31-at-4.58.27-PM.jpeg","datePublished":"2026-09-01T02:28:09+00:00","dateModified":"2026-09-01T02:28:11+00:00","breadcrumb":{"@id":"https:\/\/agencia.252.com.mx\/home\/va-morena-edomex-a-las-elecciones-2027-con-unidad-y-organizacion\/#breadcrumb"},"inLanguage":"es","potentialAction":[{"@type":"ReadAction","target":["https:\/\/agencia.252.com.mx\/home\/va-morena-edomex-a-las-elecciones-2027-con-unidad-y-organizacion\/"]}]},{"@type":"ImageObject","inLanguage":"es","@id":"https:\/\/agencia.252.com.mx\/home\/va-morena-edomex-a-las-elecciones-2027-con-unidad-y-organizacion\/#primaryimage","url":"https:\/\/agencia.252.com.mx\/wp-content\/uploads\/2026\/08\/WhatsApp-Image-2026-08-31-at-4.58.27-PM.jpeg","contentUrl":"https:\/\/agencia.252.com.mx\/wp-content\/uploads\/2026\/08\/WhatsApp-Image-2026-08-31-at-4.58.27-PM.jpeg","width":1600,"height":1066},{"@type":"BreadcrumbList","@id":"https:\/\/agencia.252.com.mx\/home\/va-morena-edomex-a-las-elecciones-2027-con-unidad-y-organizacion\/#breadcrumb","itemListElement":[{"@type":"ListItem","position":1,"name":"Portada","item":"https:\/\/agencia.252.com.mx\/home\/"},{"@type":"ListItem","position":2,"name":"Va Morena Edomex a las elecciones 2027 con unidad y\u00a0\u00a0organizaci\u00f3n\u00a0"}]},{"@type":"WebSite","@id":"https:\/\/agencia.252.com.mx\/home\/#website","url":"https:\/\/agencia.252.com.mx\/home\/","name":"Agencia252","description":"Tu espacio en la Red","publisher":{"@id":"https:\/\/agencia.252.com.mx\/home\/#organization"},"potentialAction":[{"@type":"SearchAction","target":{"@type":"EntryPoint","urlTemplate":"https:\/\/agencia.252.com.mx\/home\/?s={search_term_string}"},"query-input":{"@type":"PropertyValueSpecification","valueRequired":true,"valueName":"search_term_string"}}],"inLanguage":"es"},{"@type":"Organization","@id":"https:\/\/agencia.252.com.mx\/home\/#organization","name":"Agencia252","url":"https:\/\/agencia.252.com.mx\/home\/","logo":{"@type":"ImageObject","inLanguage":"es","@id":"https:\/\/agencia.252.com.mx\/home\/#\/schema\/logo\/image\/","url":"https:\/\/agencia.252.com.mx\/wp-content\/uploads\/2023\/02\/cropped-ciruclo-agencia-e1677562404136.png","contentUrl":"https:\/\/agencia.252.com.mx\/wp-content\/uploads\/2023\/02\/cropped-ciruclo-agencia-e1677562404136.png","width":512,"height":512,"caption":"Agencia252"},"image":{"@id":"https:\/\/agencia.252.com.mx\/home\/#\/schema\/logo\/image\/"},"sameAs":["https:\/\/www.facebook.com\/252Comunicacion\/","https:\/\/x.com\/252COMS"]},{"@type":"Person","@id":"https:\/\/agencia.252.com.mx\/home\/#\/schema\/person\/6b972021e9a92d45ade8c78d81509098","name":"Nacho Corro","image":{"@type":"ImageObject","inLanguage":"es","@id":"https:\/\/secure.gravatar.com\/avatar\/5db6df507cfe1307e192fbb498c6b85f1cf2ffd8b4cd37141b9eea588fcbd5a4?s=96&r=g","url":"https:\/\/secure.gravatar.com\/avatar\/5db6df507cfe1307e192fbb498c6b85f1cf2ffd8b4cd37141b9eea588fcbd5a4?s=96&r=g","contentUrl":"https:\/\/secure.gravatar.com\/avatar\/5db6df507cfe1307e192fbb498c6b85f1cf2ffd8b4cd37141b9eea588fcbd5a4?s=96&r=g","caption":"Nacho Corro"},"description":"Comunicador Social, Periodista y Administraci\u00f3n P\u00fablica. Conversador pol\u00edtico, temas electorales y seguridad. Generador de contenidos digitales. Amante de la fotograf\u00eda","sameAs":["https:\/\/www.facebook.com\/jcorroherrera\/","www.instagram.com\/nachocorro\/","https:\/\/x.com\/Juan Ignacio Corro Herrera"],"url":"https:\/\/agencia.252.com.mx\/home\/author\/i-corro\/"}]}},"_links":{"self":[{"href":"https:\/\/agencia.252.com.mx\/home\/wp-json\/wp\/v2\/posts\/23032","targetHints":{"allow":["GET"]}}],"collection":[{"href":"https:\/\/agencia.252.com.mx\/home\/wp-json\/wp\/v2\/posts"}],"about":[{"href":"https:\/\/agencia.252.com.mx\/home\/wp-json\/wp\/v2\/types\/post"}],"author":[{"embeddable":true,"href":"https:\/\/agencia.252.com.mx\/home\/wp-json\/wp\/v2\/users\/5"}],"replies":[{"embeddable":true,"href":"https:\/\/agencia.252.com.mx\/home\/wp-json\/wp\/v2\/comments?post=23032"}],"version-history":[{"count":1,"href":"https:\/\/agencia.252.com.mx\/home\/wp-json\/wp\/v2\/posts\/23032\/revisions"}],"predecessor-version":[{"id":23035,"href":"https:\/\/agencia.252.com.mx\/home\/wp-json\/wp\/v2\/posts\/23032\/revisions\/23035"}],"wp:featuredmedia":[{"embeddable":true,"href":"https:\/\/agencia.252.com.mx\/home\/wp-json\/wp\/v2\/media\/23033"}],"wp:attachment":[{"href":"https:\/\/agencia.252.com.mx\/home\/wp-json\/wp\/v2\/media?parent=23032"}],"wp:term":[{"taxonomy":"category","embeddable":true,"href":"https:\/\/agencia.252.com.mx\/home\/wp-json\/wp\/v2\/categories?post=23032"},{"taxonomy":"post_tag","embeddable":true,"href":"https:\/\/agencia.252.com.mx\/home\/wp-json\/wp\/v2\/tags?post=23032"}],"curies":[{"name":"wp","href":"https:\/\/api.w.org\/{rel}","templated":true}]}}