{"id":23025,"date":"2026-08-31T19:43:37","date_gmt":"2026-09-01T01:43:37","guid":{"rendered":"https:\/\/agencia.252.com.mx\/home\/?p=23025"},"modified":"2026-08-31T19:45:24","modified_gmt":"2026-09-01T01:45:24","slug":"14-de-octubre-segundo-informe-de-gobierno-al-congreso-de-la-cdmx","status":"publish","type":"post","link":"https:\/\/agencia.252.com.mx\/home\/14-de-octubre-segundo-informe-de-gobierno-al-congreso-de-la-cdmx\/","title":{"rendered":"14 de octubre, Segundo Informe de Gobierno al Congreso de la CDMX\u00a0"},"content":{"rendered":"<p>Visitas: 5<\/p>\n<ul class=\"wp-block-list\">\n<li>Clara Brugada  <em>enviar\u00e1, <em>ma\u00f1ana 1 de septiembre<\/em> por escrito, su segundo informe al Congreso de la Ciudad<\/em><\/li>\n<\/ul>\n\n\n\n<p class=\"wp-block-paragraph\">Juan Ignacio Corro&nbsp;<\/p>\n\n\n\n<p class=\"has-text-align-right wp-block-paragraph\">Ciudad de M\u00e9xico, a 31 de agosto de 2026<\/p>\n\n\n\n<p class=\"wp-block-paragraph\">Este 1 de septiembre, como lo establece la Constituci\u00f3n Pol\u00edtica de la Ciudad de M\u00e9xico, Clara Brugada, Jefa de Gobierno de la Ciudad de M\u00e9xico, presentar\u00e1 por escrito al Congreso local su segundo informe, conformado por 4 documentos y organizado en 7 ejes de acci\u00f3n<\/p>\n\n\n\n<p class=\"wp-block-paragraph\">Adem\u00e1s, el 14 de octubre rendir\u00e1 su Segundo Informe de Gobierno ante el Congreso de la Ciudad M\u00e9xico, en donde informar\u00e1 sobre su gesti\u00f3n realizada durante el segundo a\u00f1o al frente de la administraci\u00f3n capitalina, donde destac\u00f3 la construcci\u00f3n de 3 mil 600 obras en los espacios p\u00fablicos y 53 mil acciones de vivienda en la capital entre 2025 y 2026.<\/p>\n\n\n\n<p class=\"wp-block-paragraph\">En conferencia de prensa desde el antiguo Palacio del Ayuntamiento, la mandataria inform\u00f3 que conforme lo marca la Constituci\u00f3n Pol\u00edtica de la Ciudad de M\u00e9xico, ma\u00f1ana 1 de septiembre enviar\u00e1 por escrito su segundo informe al Congreso de la Ciudad, el cual est\u00e1 organizado en 7 ejes de acci\u00f3n: Ciudad cuidadora de bienestar con igualdad sustantiva y con derechos plenos; ciudad segura en paz y resiliente.<\/p>\n\n\n\n<p class=\"wp-block-paragraph\">Los otros eje son Ciudad pr\u00f3spera con inversi\u00f3n, empleo, desarrollo compartido e innovaci\u00f3n tecnol\u00f3gica; derecho a la ciudad con obras transformadoras, con vivienda y ordenamiento territorial; ciudad sustentable con gesti\u00f3n integral del agua y derecho a la movilidad; ciudad pluricultural con derechos culturales y turismo sustentable, y ciudad participativa con gobernabilidad democr\u00e1tica y gobierno digital.<\/p>\n\n\n\n<p class=\"wp-block-paragraph\">Acompa\u00f1ado por los secretarios de Gobierno, C\u00e9sar Cravioto Romero; de Obras y Servicios, Ra\u00fal Basulto Luciano, y de Gesti\u00f3n Integral del Agua, Jos\u00e9 Mario Esparza Hern\u00e1nde, as\u00ed como de la consejera Jur\u00eddica y Servicios Legales, Er\u00e9ndira CruzVillegas Fuentes, la jefa del Ejecutivo local destac\u00f3 que son 3 mil 600 realizadas en el espacio p\u00fablico entre 2025 y 2026, adem\u00e1s de 13 mil viviendas nuevas concluidas y 40 mil acciones de mejoramiento de viviendas, as\u00ed como la intervenci\u00f3n de 4 mil unidades habitacionales.<\/p>\n\n\n\n<p class=\"wp-block-paragraph\">Clara Brugada explic\u00f3 que entre estas obras, llevadas a cabo en el espacio p\u00fablico, se encuentran las ocho Utop\u00edas inauguradas, m\u00e1s 4 que se entregar\u00e1n en las pr\u00f3ximas semanas y 18 que est\u00e1n en proceso de construcci\u00f3n.<\/p>\n\n\n\n<p class=\"wp-block-paragraph\">En materia de electromovilidad, la jefa de Gobierno indic\u00f3 que se impulsa el funcionamiento de 140 kil\u00f3metros que benefician a m\u00e1s de 340 mil personas, rubro que cuenta con una inversi\u00f3n de 21 mil millones de pesos, que incluye obras como la nueva ruta de Metrob\u00fas Quetzalcoatl, la ruta de RTP Hero\u00ednas Ind\u00edgenas y las rutas del troleb\u00fas Chapul\u00edn y Animales Silvestres.<\/p>\n\n\n\n<p class=\"wp-block-paragraph\">La jefa de Gobierno destac\u00f3 la modernizaci\u00f3n de la L\u00ednea 1 del Metro, la construcci\u00f3n de la calzada flotante Tlallipan, la renovaci\u00f3n integral 777 escuelas p\u00fablicas, la construcci\u00f3n y renovaci\u00f3n de 316 canchas en el marco del Mundial de F\u00fatbol 2026.<\/p>\n\n\n\n<p class=\"wp-block-paragraph\">En ese sentido, resalt\u00f3 que cada obra nace desde la convicci\u00f3n de gobernar, sin lujos, sin privilegios, ni corrupci\u00f3n, lo que ha permitido gobernar con confianza y abrir la puerta e incrementar la inversi\u00f3n p\u00fablica en un 55 por ciento m\u00e1s que en 2024.<\/p>\n\n\n\n<p class=\"wp-block-paragraph\"><\/p>\n","protected":false},"excerpt":{"rendered":"<p>Visitas: 5 Juan Ignacio Corro&nbsp; Ciudad de M\u00e9xico, a 31 de agosto de 2026 Este 1 de septiembre, como lo establece la Constituci\u00f3n Pol\u00edtica de la Ciudad de M\u00e9xico, Clara Brugada, Jefa de Gobierno de la Ciudad de M\u00e9xico, presentar\u00e1 por escrito al Congreso local su segundo informe, conformado por 4 documentos y organizado en [&hellip;]<\/p>\n","protected":false},"author":5,"featured_media":23026,"comment_status":"open","ping_status":"open","sticky":false,"template":"","format":"standard","meta":{"site-sidebar-layout":"default","site-content-layout":"","ast-site-content-layout":"default","site-content-style":"default","site-sidebar-style":"default","ast-global-header-display":"","ast-banner-title-visibility":"","ast-main-header-display":"","ast-hfb-above-header-display":"","ast-hfb-below-header-display":"","ast-hfb-mobile-header-display":"","site-post-title":"","ast-breadcrumbs-content":"","ast-featured-img":"","footer-sml-layout":"","ast-disable-related-posts":"","theme-transparent-header-meta":"","adv-header-id-meta":"","stick-header-meta":"","header-above-stick-meta":"","header-main-stick-meta":"","header-below-stick-meta":"","astra-migrate-meta-layouts":"set","ast-page-background-enabled":"default","ast-page-background-meta":{"desktop":{"background-color":"var(--ast-global-color-4)","background-image":"","background-repeat":"repeat","background-position":"center center","background-size":"auto","background-attachment":"scroll","background-type":"","background-media":"","overlay-type":"","overlay-color":"","overlay-opacity":"","overlay-gradient":""},"tablet":{"background-color":"","background-image":"","background-repeat":"repeat","background-position":"center center","background-size":"auto","background-attachment":"scroll","background-type":"","background-media":"","overlay-type":"","overlay-color":"","overlay-opacity":"","overlay-gradient":""},"mobile":{"background-color":"","background-image":"","background-repeat":"repeat","background-position":"center center","background-size":"auto","background-attachment":"scroll","background-type":"","background-media":"","overlay-type":"","overlay-color":"","overlay-opacity":"","overlay-gradient":""}},"ast-content-background-meta":{"desktop":{"background-color":"var(--ast-global-color-5)","background-image":"","background-repeat":"repeat","background-position":"center center","background-size":"auto","background-attachment":"scroll","background-type":"","background-media":"","overlay-type":"","overlay-color":"","overlay-opacity":"","overlay-gradient":""},"tablet":{"background-color":"var(--ast-global-color-5)","background-image":"","background-repeat":"repeat","background-position":"center center","background-size":"auto","background-attachment":"scroll","background-type":"","background-media":"","overlay-type":"","overlay-color":"","overlay-opacity":"","overlay-gradient":""},"mobile":{"background-color":"var(--ast-global-color-5)","background-image":"","background-repeat":"repeat","background-position":"center center","background-size":"auto","background-attachment":"scroll","background-type":"","background-media":"","overlay-type":"","overlay-color":"","overlay-opacity":"","overlay-gradient":""}},"footnotes":""},"categories":[69,512,68],"tags":[535],"class_list":["post-23025","post","type-post","status-publish","format-standard","has-post-thumbnail","hentry","category-cdmx","category-metropoli","category-seguridad","tag-cdmx"],"yoast_head":"<!-- This site is optimized with the Yoast SEO plugin v28.3 - https:\/\/yoast.com\/product\/yoast-seo-wordpress\/ -->\n<title>14 de octubre, Segundo Informe de Gobierno al Congreso de la CDMX\u00a0 - Agencia252<\/title>\n<meta name=\"robots\" content=\"index, follow, max-snippet:-1, max-image-preview:large, max-video-preview:-1\" \/>\n<link rel=\"canonical\" href=\"https:\/\/agencia.252.com.mx\/home\/14-de-octubre-segundo-informe-de-gobierno-al-congreso-de-la-cdmx\/\" \/>\n<meta property=\"og:locale\" content=\"es_ES\" \/>\n<meta property=\"og:type\" content=\"article\" \/>\n<meta property=\"og:title\" content=\"14 de octubre, Segundo Informe de Gobierno al Congreso de la CDMX\u00a0 - Agencia252\" \/>\n<meta property=\"og:description\" content=\"Visitas: 5 Juan Ignacio Corro&nbsp; Ciudad de M\u00e9xico, a 31 de agosto de 2026 Este 1 de septiembre, como lo establece la Constituci\u00f3n Pol\u00edtica de la Ciudad de M\u00e9xico, Clara Brugada, Jefa de Gobierno de la Ciudad de M\u00e9xico, presentar\u00e1 por escrito al Congreso local su segundo informe, conformado por 4 documentos y organizado en [&hellip;]\" \/>\n<meta property=\"og:url\" content=\"https:\/\/agencia.252.com.mx\/home\/14-de-octubre-segundo-informe-de-gobierno-al-congreso-de-la-cdmx\/\" \/>\n<meta property=\"og:site_name\" content=\"Agencia252\" \/>\n<meta property=\"article:publisher\" content=\"https:\/\/www.facebook.com\/252Comunicacion\/\" \/>\n<meta property=\"article:author\" content=\"https:\/\/www.facebook.com\/jcorroherrera\/\" \/>\n<meta property=\"article:published_time\" content=\"2026-09-01T01:43:37+00:00\" \/>\n<meta property=\"article:modified_time\" content=\"2026-09-01T01:45:24+00:00\" \/>\n<meta property=\"og:image\" content=\"http:\/\/agencia.252.com.mx\/wp-content\/uploads\/2026\/08\/WhatsApp-Image-2026-08-31-at-2.47.32-PM.jpeg\" \/>\n\t<meta property=\"og:image:width\" content=\"2560\" \/>\n\t<meta property=\"og:image:height\" content=\"1706\" \/>\n\t<meta property=\"og:image:type\" content=\"image\/jpeg\" \/>\n<meta name=\"author\" content=\"Nacho Corro\" \/>\n<meta name=\"twitter:card\" content=\"summary_large_image\" \/>\n<meta name=\"twitter:creator\" content=\"@Juan Ignacio Corro Herrera\" \/>\n<meta name=\"twitter:site\" content=\"@252COMS\" \/>\n<meta name=\"twitter:label1\" content=\"Escrito por\" \/>\n\t<meta name=\"twitter:data1\" content=\"Nacho Corro\" \/>\n\t<meta name=\"twitter:label2\" content=\"Tiempo de lectura\" \/>\n\t<meta name=\"twitter:data2\" content=\"3 minutos\" \/>\n<script type=\"application\/ld+json\" class=\"yoast-schema-graph\">{\"@context\":\"https:\\\/\\\/schema.org\",\"@graph\":[{\"@type\":\"Article\",\"@id\":\"https:\\\/\\\/agencia.252.com.mx\\\/home\\\/14-de-octubre-segundo-informe-de-gobierno-al-congreso-de-la-cdmx\\\/#article\",\"isPartOf\":{\"@id\":\"https:\\\/\\\/agencia.252.com.mx\\\/home\\\/14-de-octubre-segundo-informe-de-gobierno-al-congreso-de-la-cdmx\\\/\"},\"author\":{\"name\":\"Nacho Corro\",\"@id\":\"https:\\\/\\\/agencia.252.com.mx\\\/home\\\/#\\\/schema\\\/person\\\/6b972021e9a92d45ade8c78d81509098\"},\"headline\":\"14 de octubre, Segundo Informe de Gobierno al Congreso de la CDMX\u00a0\",\"datePublished\":\"2026-09-01T01:43:37+00:00\",\"dateModified\":\"2026-09-01T01:45:24+00:00\",\"mainEntityOfPage\":{\"@id\":\"https:\\\/\\\/agencia.252.com.mx\\\/home\\\/14-de-octubre-segundo-informe-de-gobierno-al-congreso-de-la-cdmx\\\/\"},\"wordCount\":565,\"commentCount\":0,\"publisher\":{\"@id\":\"https:\\\/\\\/agencia.252.com.mx\\\/home\\\/#organization\"},\"image\":{\"@id\":\"https:\\\/\\\/agencia.252.com.mx\\\/home\\\/14-de-octubre-segundo-informe-de-gobierno-al-congreso-de-la-cdmx\\\/#primaryimage\"},\"thumbnailUrl\":\"https:\\\/\\\/agencia.252.com.mx\\\/wp-content\\\/uploads\\\/2026\\\/08\\\/WhatsApp-Image-2026-08-31-at-2.47.32-PM.jpeg\",\"keywords\":[\"CDMX\"],\"articleSection\":[\"CDMX\",\"Metropoli\",\"Seguridad\"],\"inLanguage\":\"es\",\"potentialAction\":[{\"@type\":\"CommentAction\",\"name\":\"Comment\",\"target\":[\"https:\\\/\\\/agencia.252.com.mx\\\/home\\\/14-de-octubre-segundo-informe-de-gobierno-al-congreso-de-la-cdmx\\\/#respond\"]}]},{\"@type\":\"WebPage\",\"@id\":\"https:\\\/\\\/agencia.252.com.mx\\\/home\\\/14-de-octubre-segundo-informe-de-gobierno-al-congreso-de-la-cdmx\\\/\",\"url\":\"https:\\\/\\\/agencia.252.com.mx\\\/home\\\/14-de-octubre-segundo-informe-de-gobierno-al-congreso-de-la-cdmx\\\/\",\"name\":\"14 de octubre, Segundo Informe de Gobierno al Congreso de la CDMX\u00a0 - Agencia252\",\"isPartOf\":{\"@id\":\"https:\\\/\\\/agencia.252.com.mx\\\/home\\\/#website\"},\"primaryImageOfPage\":{\"@id\":\"https:\\\/\\\/agencia.252.com.mx\\\/home\\\/14-de-octubre-segundo-informe-de-gobierno-al-congreso-de-la-cdmx\\\/#primaryimage\"},\"image\":{\"@id\":\"https:\\\/\\\/agencia.252.com.mx\\\/home\\\/14-de-octubre-segundo-informe-de-gobierno-al-congreso-de-la-cdmx\\\/#primaryimage\"},\"thumbnailUrl\":\"https:\\\/\\\/agencia.252.com.mx\\\/wp-content\\\/uploads\\\/2026\\\/08\\\/WhatsApp-Image-2026-08-31-at-2.47.32-PM.jpeg\",\"datePublished\":\"2026-09-01T01:43:37+00:00\",\"dateModified\":\"2026-09-01T01:45:24+00:00\",\"breadcrumb\":{\"@id\":\"https:\\\/\\\/agencia.252.com.mx\\\/home\\\/14-de-octubre-segundo-informe-de-gobierno-al-congreso-de-la-cdmx\\\/#breadcrumb\"},\"inLanguage\":\"es\",\"potentialAction\":[{\"@type\":\"ReadAction\",\"target\":[\"https:\\\/\\\/agencia.252.com.mx\\\/home\\\/14-de-octubre-segundo-informe-de-gobierno-al-congreso-de-la-cdmx\\\/\"]}]},{\"@type\":\"ImageObject\",\"inLanguage\":\"es\",\"@id\":\"https:\\\/\\\/agencia.252.com.mx\\\/home\\\/14-de-octubre-segundo-informe-de-gobierno-al-congreso-de-la-cdmx\\\/#primaryimage\",\"url\":\"https:\\\/\\\/agencia.252.com.mx\\\/wp-content\\\/uploads\\\/2026\\\/08\\\/WhatsApp-Image-2026-08-31-at-2.47.32-PM.jpeg\",\"contentUrl\":\"https:\\\/\\\/agencia.252.com.mx\\\/wp-content\\\/uploads\\\/2026\\\/08\\\/WhatsApp-Image-2026-08-31-at-2.47.32-PM.jpeg\",\"width\":2560,\"height\":1706},{\"@type\":\"BreadcrumbList\",\"@id\":\"https:\\\/\\\/agencia.252.com.mx\\\/home\\\/14-de-octubre-segundo-informe-de-gobierno-al-congreso-de-la-cdmx\\\/#breadcrumb\",\"itemListElement\":[{\"@type\":\"ListItem\",\"position\":1,\"name\":\"Portada\",\"item\":\"https:\\\/\\\/agencia.252.com.mx\\\/home\\\/\"},{\"@type\":\"ListItem\",\"position\":2,\"name\":\"14 de octubre, Segundo Informe de Gobierno al Congreso de la CDMX\u00a0\"}]},{\"@type\":\"WebSite\",\"@id\":\"https:\\\/\\\/agencia.252.com.mx\\\/home\\\/#website\",\"url\":\"https:\\\/\\\/agencia.252.com.mx\\\/home\\\/\",\"name\":\"Agencia252\",\"description\":\"Tu espacio en la Red\",\"publisher\":{\"@id\":\"https:\\\/\\\/agencia.252.com.mx\\\/home\\\/#organization\"},\"potentialAction\":[{\"@type\":\"SearchAction\",\"target\":{\"@type\":\"EntryPoint\",\"urlTemplate\":\"https:\\\/\\\/agencia.252.com.mx\\\/home\\\/?s={search_term_string}\"},\"query-input\":{\"@type\":\"PropertyValueSpecification\",\"valueRequired\":true,\"valueName\":\"search_term_string\"}}],\"inLanguage\":\"es\"},{\"@type\":\"Organization\",\"@id\":\"https:\\\/\\\/agencia.252.com.mx\\\/home\\\/#organization\",\"name\":\"Agencia252\",\"url\":\"https:\\\/\\\/agencia.252.com.mx\\\/home\\\/\",\"logo\":{\"@type\":\"ImageObject\",\"inLanguage\":\"es\",\"@id\":\"https:\\\/\\\/agencia.252.com.mx\\\/home\\\/#\\\/schema\\\/logo\\\/image\\\/\",\"url\":\"https:\\\/\\\/agencia.252.com.mx\\\/wp-content\\\/uploads\\\/2023\\\/02\\\/cropped-ciruclo-agencia-e1677562404136.png\",\"contentUrl\":\"https:\\\/\\\/agencia.252.com.mx\\\/wp-content\\\/uploads\\\/2023\\\/02\\\/cropped-ciruclo-agencia-e1677562404136.png\",\"width\":512,\"height\":512,\"caption\":\"Agencia252\"},\"image\":{\"@id\":\"https:\\\/\\\/agencia.252.com.mx\\\/home\\\/#\\\/schema\\\/logo\\\/image\\\/\"},\"sameAs\":[\"https:\\\/\\\/www.facebook.com\\\/252Comunicacion\\\/\",\"https:\\\/\\\/x.com\\\/252COMS\"]},{\"@type\":\"Person\",\"@id\":\"https:\\\/\\\/agencia.252.com.mx\\\/home\\\/#\\\/schema\\\/person\\\/6b972021e9a92d45ade8c78d81509098\",\"name\":\"Nacho Corro\",\"image\":{\"@type\":\"ImageObject\",\"inLanguage\":\"es\",\"@id\":\"https:\\\/\\\/secure.gravatar.com\\\/avatar\\\/5db6df507cfe1307e192fbb498c6b85f1cf2ffd8b4cd37141b9eea588fcbd5a4?s=96&r=g\",\"url\":\"https:\\\/\\\/secure.gravatar.com\\\/avatar\\\/5db6df507cfe1307e192fbb498c6b85f1cf2ffd8b4cd37141b9eea588fcbd5a4?s=96&r=g\",\"contentUrl\":\"https:\\\/\\\/secure.gravatar.com\\\/avatar\\\/5db6df507cfe1307e192fbb498c6b85f1cf2ffd8b4cd37141b9eea588fcbd5a4?s=96&r=g\",\"caption\":\"Nacho Corro\"},\"description\":\"Comunicador Social, Periodista y Administraci\u00f3n P\u00fablica. Conversador pol\u00edtico, temas electorales y seguridad. Generador de contenidos digitales. Amante de la fotograf\u00eda\",\"sameAs\":[\"https:\\\/\\\/www.facebook.com\\\/jcorroherrera\\\/\",\"www.instagram.com\\\/nachocorro\\\/\",\"https:\\\/\\\/x.com\\\/Juan Ignacio Corro Herrera\"],\"url\":\"https:\\\/\\\/agencia.252.com.mx\\\/home\\\/author\\\/i-corro\\\/\"}]}<\/script>\n<!-- \/ Yoast SEO plugin. -->","yoast_head_json":{"title":"14 de octubre, Segundo Informe de Gobierno al Congreso de la CDMX\u00a0 - Agencia252","robots":{"index":"index","follow":"follow","max-snippet":"max-snippet:-1","max-image-preview":"max-image-preview:large","max-video-preview":"max-video-preview:-1"},"canonical":"https:\/\/agencia.252.com.mx\/home\/14-de-octubre-segundo-informe-de-gobierno-al-congreso-de-la-cdmx\/","og_locale":"es_ES","og_type":"article","og_title":"14 de octubre, Segundo Informe de Gobierno al Congreso de la CDMX\u00a0 - Agencia252","og_description":"Visitas: 5 Juan Ignacio Corro&nbsp; Ciudad de M\u00e9xico, a 31 de agosto de 2026 Este 1 de septiembre, como lo establece la Constituci\u00f3n Pol\u00edtica de la Ciudad de M\u00e9xico, Clara Brugada, Jefa de Gobierno de la Ciudad de M\u00e9xico, presentar\u00e1 por escrito al Congreso local su segundo informe, conformado por 4 documentos y organizado en [&hellip;]","og_url":"https:\/\/agencia.252.com.mx\/home\/14-de-octubre-segundo-informe-de-gobierno-al-congreso-de-la-cdmx\/","og_site_name":"Agencia252","article_publisher":"https:\/\/www.facebook.com\/252Comunicacion\/","article_author":"https:\/\/www.facebook.com\/jcorroherrera\/","article_published_time":"2026-09-01T01:43:37+00:00","article_modified_time":"2026-09-01T01:45:24+00:00","og_image":[{"width":2560,"height":1706,"url":"http:\/\/agencia.252.com.mx\/wp-content\/uploads\/2026\/08\/WhatsApp-Image-2026-08-31-at-2.47.32-PM.jpeg","type":"image\/jpeg"}],"author":"Nacho Corro","twitter_card":"summary_large_image","twitter_creator":"@Juan Ignacio Corro Herrera","twitter_site":"@252COMS","twitter_misc":{"Escrito por":"Nacho Corro","Tiempo de lectura":"3 minutos"},"schema":{"@context":"https:\/\/schema.org","@graph":[{"@type":"Article","@id":"https:\/\/agencia.252.com.mx\/home\/14-de-octubre-segundo-informe-de-gobierno-al-congreso-de-la-cdmx\/#article","isPartOf":{"@id":"https:\/\/agencia.252.com.mx\/home\/14-de-octubre-segundo-informe-de-gobierno-al-congreso-de-la-cdmx\/"},"author":{"name":"Nacho Corro","@id":"https:\/\/agencia.252.com.mx\/home\/#\/schema\/person\/6b972021e9a92d45ade8c78d81509098"},"headline":"14 de octubre, Segundo Informe de Gobierno al Congreso de la CDMX\u00a0","datePublished":"2026-09-01T01:43:37+00:00","dateModified":"2026-09-01T01:45:24+00:00","mainEntityOfPage":{"@id":"https:\/\/agencia.252.com.mx\/home\/14-de-octubre-segundo-informe-de-gobierno-al-congreso-de-la-cdmx\/"},"wordCount":565,"commentCount":0,"publisher":{"@id":"https:\/\/agencia.252.com.mx\/home\/#organization"},"image":{"@id":"https:\/\/agencia.252.com.mx\/home\/14-de-octubre-segundo-informe-de-gobierno-al-congreso-de-la-cdmx\/#primaryimage"},"thumbnailUrl":"https:\/\/agencia.252.com.mx\/wp-content\/uploads\/2026\/08\/WhatsApp-Image-2026-08-31-at-2.47.32-PM.jpeg","keywords":["CDMX"],"articleSection":["CDMX","Metropoli","Seguridad"],"inLanguage":"es","potentialAction":[{"@type":"CommentAction","name":"Comment","target":["https:\/\/agencia.252.com.mx\/home\/14-de-octubre-segundo-informe-de-gobierno-al-congreso-de-la-cdmx\/#respond"]}]},{"@type":"WebPage","@id":"https:\/\/agencia.252.com.mx\/home\/14-de-octubre-segundo-informe-de-gobierno-al-congreso-de-la-cdmx\/","url":"https:\/\/agencia.252.com.mx\/home\/14-de-octubre-segundo-informe-de-gobierno-al-congreso-de-la-cdmx\/","name":"14 de octubre, Segundo Informe de Gobierno al Congreso de la CDMX\u00a0 - Agencia252","isPartOf":{"@id":"https:\/\/agencia.252.com.mx\/home\/#website"},"primaryImageOfPage":{"@id":"https:\/\/agencia.252.com.mx\/home\/14-de-octubre-segundo-informe-de-gobierno-al-congreso-de-la-cdmx\/#primaryimage"},"image":{"@id":"https:\/\/agencia.252.com.mx\/home\/14-de-octubre-segundo-informe-de-gobierno-al-congreso-de-la-cdmx\/#primaryimage"},"thumbnailUrl":"https:\/\/agencia.252.com.mx\/wp-content\/uploads\/2026\/08\/WhatsApp-Image-2026-08-31-at-2.47.32-PM.jpeg","datePublished":"2026-09-01T01:43:37+00:00","dateModified":"2026-09-01T01:45:24+00:00","breadcrumb":{"@id":"https:\/\/agencia.252.com.mx\/home\/14-de-octubre-segundo-informe-de-gobierno-al-congreso-de-la-cdmx\/#breadcrumb"},"inLanguage":"es","potentialAction":[{"@type":"ReadAction","target":["https:\/\/agencia.252.com.mx\/home\/14-de-octubre-segundo-informe-de-gobierno-al-congreso-de-la-cdmx\/"]}]},{"@type":"ImageObject","inLanguage":"es","@id":"https:\/\/agencia.252.com.mx\/home\/14-de-octubre-segundo-informe-de-gobierno-al-congreso-de-la-cdmx\/#primaryimage","url":"https:\/\/agencia.252.com.mx\/wp-content\/uploads\/2026\/08\/WhatsApp-Image-2026-08-31-at-2.47.32-PM.jpeg","contentUrl":"https:\/\/agencia.252.com.mx\/wp-content\/uploads\/2026\/08\/WhatsApp-Image-2026-08-31-at-2.47.32-PM.jpeg","width":2560,"height":1706},{"@type":"BreadcrumbList","@id":"https:\/\/agencia.252.com.mx\/home\/14-de-octubre-segundo-informe-de-gobierno-al-congreso-de-la-cdmx\/#breadcrumb","itemListElement":[{"@type":"ListItem","position":1,"name":"Portada","item":"https:\/\/agencia.252.com.mx\/home\/"},{"@type":"ListItem","position":2,"name":"14 de octubre, Segundo Informe de Gobierno al Congreso de la CDMX\u00a0"}]},{"@type":"WebSite","@id":"https:\/\/agencia.252.com.mx\/home\/#website","url":"https:\/\/agencia.252.com.mx\/home\/","name":"Agencia252","description":"Tu espacio en la Red","publisher":{"@id":"https:\/\/agencia.252.com.mx\/home\/#organization"},"potentialAction":[{"@type":"SearchAction","target":{"@type":"EntryPoint","urlTemplate":"https:\/\/agencia.252.com.mx\/home\/?s={search_term_string}"},"query-input":{"@type":"PropertyValueSpecification","valueRequired":true,"valueName":"search_term_string"}}],"inLanguage":"es"},{"@type":"Organization","@id":"https:\/\/agencia.252.com.mx\/home\/#organization","name":"Agencia252","url":"https:\/\/agencia.252.com.mx\/home\/","logo":{"@type":"ImageObject","inLanguage":"es","@id":"https:\/\/agencia.252.com.mx\/home\/#\/schema\/logo\/image\/","url":"https:\/\/agencia.252.com.mx\/wp-content\/uploads\/2023\/02\/cropped-ciruclo-agencia-e1677562404136.png","contentUrl":"https:\/\/agencia.252.com.mx\/wp-content\/uploads\/2023\/02\/cropped-ciruclo-agencia-e1677562404136.png","width":512,"height":512,"caption":"Agencia252"},"image":{"@id":"https:\/\/agencia.252.com.mx\/home\/#\/schema\/logo\/image\/"},"sameAs":["https:\/\/www.facebook.com\/252Comunicacion\/","https:\/\/x.com\/252COMS"]},{"@type":"Person","@id":"https:\/\/agencia.252.com.mx\/home\/#\/schema\/person\/6b972021e9a92d45ade8c78d81509098","name":"Nacho Corro","image":{"@type":"ImageObject","inLanguage":"es","@id":"https:\/\/secure.gravatar.com\/avatar\/5db6df507cfe1307e192fbb498c6b85f1cf2ffd8b4cd37141b9eea588fcbd5a4?s=96&r=g","url":"https:\/\/secure.gravatar.com\/avatar\/5db6df507cfe1307e192fbb498c6b85f1cf2ffd8b4cd37141b9eea588fcbd5a4?s=96&r=g","contentUrl":"https:\/\/secure.gravatar.com\/avatar\/5db6df507cfe1307e192fbb498c6b85f1cf2ffd8b4cd37141b9eea588fcbd5a4?s=96&r=g","caption":"Nacho Corro"},"description":"Comunicador Social, Periodista y Administraci\u00f3n P\u00fablica. Conversador pol\u00edtico, temas electorales y seguridad. Generador de contenidos digitales. Amante de la fotograf\u00eda","sameAs":["https:\/\/www.facebook.com\/jcorroherrera\/","www.instagram.com\/nachocorro\/","https:\/\/x.com\/Juan Ignacio Corro Herrera"],"url":"https:\/\/agencia.252.com.mx\/home\/author\/i-corro\/"}]}},"_links":{"self":[{"href":"https:\/\/agencia.252.com.mx\/home\/wp-json\/wp\/v2\/posts\/23025","targetHints":{"allow":["GET"]}}],"collection":[{"href":"https:\/\/agencia.252.com.mx\/home\/wp-json\/wp\/v2\/posts"}],"about":[{"href":"https:\/\/agencia.252.com.mx\/home\/wp-json\/wp\/v2\/types\/post"}],"author":[{"embeddable":true,"href":"https:\/\/agencia.252.com.mx\/home\/wp-json\/wp\/v2\/users\/5"}],"replies":[{"embeddable":true,"href":"https:\/\/agencia.252.com.mx\/home\/wp-json\/wp\/v2\/comments?post=23025"}],"version-history":[{"count":2,"href":"https:\/\/agencia.252.com.mx\/home\/wp-json\/wp\/v2\/posts\/23025\/revisions"}],"predecessor-version":[{"id":23028,"href":"https:\/\/agencia.252.com.mx\/home\/wp-json\/wp\/v2\/posts\/23025\/revisions\/23028"}],"wp:featuredmedia":[{"embeddable":true,"href":"https:\/\/agencia.252.com.mx\/home\/wp-json\/wp\/v2\/media\/23026"}],"wp:attachment":[{"href":"https:\/\/agencia.252.com.mx\/home\/wp-json\/wp\/v2\/media?parent=23025"}],"wp:term":[{"taxonomy":"category","embeddable":true,"href":"https:\/\/agencia.252.com.mx\/home\/wp-json\/wp\/v2\/categories?post=23025"},{"taxonomy":"post_tag","embeddable":true,"href":"https:\/\/agencia.252.com.mx\/home\/wp-json\/wp\/v2\/tags?post=23025"}],"curies":[{"name":"wp","href":"https:\/\/api.w.org\/{rel}","templated":true}]}}