{"id":23022,"date":"2026-08-31T16:10:13","date_gmt":"2026-08-31T22:10:13","guid":{"rendered":"https:\/\/agencia.252.com.mx\/home\/?p=23022"},"modified":"2026-08-31T16:10:15","modified_gmt":"2026-08-31T22:10:15","slug":"ecatepec-se-suma-a-la-defensa-de-la-soberania-nacional","status":"publish","type":"post","link":"https:\/\/agencia.252.com.mx\/home\/ecatepec-se-suma-a-la-defensa-de-la-soberania-nacional\/","title":{"rendered":"Ecatepec se suma a la Defensa de la Soberan\u00eda Nacional"},"content":{"rendered":"<p>Visitas: 6<\/p>\n<ul class=\"wp-block-list\">\n<li><em>Azucena Cisneros Coss afirma que los habitantes de Ecatepec respaldan la transformaci\u00f3n del pa\u00eds<\/em><\/li>\n<\/ul>\n\n\n\n<p class=\"wp-block-paragraph\">Juan Ignacio Corro&nbsp;<\/p>\n\n\n\n<p class=\"has-text-align-right wp-block-paragraph\">Ecatepec, Estado de M\u00e9xico, a 31 de agosto de 2026<\/p>\n\n\n\n<p class=\"wp-block-paragraph\">M\u00e1s de cinco mil personas asistieron a la Asamblea Informativa en Defensa de la Soberan\u00eda Nacional realizada en Ecatepec, donde la alcaldesa Azucena Cisneros Coss ratific\u00f3 el apoyo del pueblo ecatepense a la presidenta Claudia Sheinbaum Pardo.<\/p>\n\n\n\n<p class=\"wp-block-paragraph\">La asamblea convoc\u00f3 a habitantes del Distrito XIII federal y se efectu\u00f3 en el deportivo Alfredo del Mazo, ubicado en Jardines de Santa Clara, con la presencia de Sandra Luz Falc\u00f3n Venegas, ex alcaldesa de Texcoco y senadora suplente; Ad\u00e1n Gordo Ram\u00edrez, secretario general del Comit\u00e9 Ejecutivo de Morena en el Estado de M\u00e9xico; Nazario Guti\u00e9rrez Mart\u00ednez, alcalde de Texcoco, y los diputados locales Octavio Mart\u00ednez Vargas y Mar\u00eda Jos\u00e9 P\u00e9rez Dom\u00ednguez, entre muchos otros militantes de Morena.<\/p>\n\n\n\n<p class=\"wp-block-paragraph\">Cisneros Coss reiter\u00f3 que \u201cdesde Ecatepec nos sumamos de manera incondicional a la causa de nuestra presidenta Claudia Sheinbaum Pardo, nos sumamos a proteger su legado, nos sumamos tambi\u00e9n a cuidar el legado de Andr\u00e9s Manuel L\u00f3pez Obrador, el legado de la Cuarta Transformaci\u00f3n. Nos sumamos con m\u00e1s agua, con m\u00e1s seguridad, con calles dignas, con educaci\u00f3n, con espacios p\u00fablicos recuperados, con honestidad, resultados y con la fuerza de un pueblo organizado\u201d.<\/p>\n\n\n\n<p class=\"wp-block-paragraph\">Destac\u00f3 que hoy es tiempo de mujeres, como la presidenta Claudia Sheinbaum Pardo y la gobernadora Delfina G\u00f3mez \u00c1lvarez, as\u00ed como de mujeres y hombres fundamentales para la historia de M\u00e9xico, entre ellos Josefa Ortiz T\u00e9llez Gir\u00f3n, Leona Vicario, Jos\u00e9 Mar\u00eda Morelos y Miguel Hidalgo.<\/p>\n\n\n\n<p class=\"wp-block-paragraph\">Dijo que hoy m\u00e1s que nunca el pueblo de M\u00e9xico est\u00e1 llamado a defender la soberan\u00eda que tanto trabajo cost\u00f3 alcanzar, sobre todo porque en Am\u00e9rica y en todo el mundo fuerzas reaccionarias y conservadores intentan destruir la voluntad popular y quitarle derechos al pueblo, lo que no lograr\u00e1n.<\/p>\n\n\n\n<p class=\"wp-block-paragraph\">Cisneros Coss insisti\u00f3 que la soberan\u00eda se defiende garantizando la paz y atendiendo las causas, por lo que en el municipio fueron creados m\u00e1s de 10 mil Comit\u00e9s por la Paz y se han realizado ocho mil 345 Mesas de Paz Comunitarias, donde las fuerzas de seguridad se ponen al servicio de la poblaci\u00f3n porque \u201cun pueblo soberano es el que sabe que la polic\u00eda est\u00e1 para servirle y no para abusar de \u00e9l. \u00a1Y en Ecatepec, la Marina nos cuida\u201d.<\/p>\n\n\n\n<p class=\"wp-block-paragraph\"><\/p>\n","protected":false},"excerpt":{"rendered":"<p>Visitas: 6 Juan Ignacio Corro&nbsp; Ecatepec, Estado de M\u00e9xico, a 31 de agosto de 2026 M\u00e1s de cinco mil personas asistieron a la Asamblea Informativa en Defensa de la Soberan\u00eda Nacional realizada en Ecatepec, donde la alcaldesa Azucena Cisneros Coss ratific\u00f3 el apoyo del pueblo ecatepense a la presidenta Claudia Sheinbaum Pardo. La asamblea convoc\u00f3 [&hellip;]<\/p>\n","protected":false},"author":5,"featured_media":23009,"comment_status":"open","ping_status":"open","sticky":false,"template":"","format":"standard","meta":{"site-sidebar-layout":"default","site-content-layout":"","ast-site-content-layout":"default","site-content-style":"default","site-sidebar-style":"default","ast-global-header-display":"","ast-banner-title-visibility":"","ast-main-header-display":"","ast-hfb-above-header-display":"","ast-hfb-below-header-display":"","ast-hfb-mobile-header-display":"","site-post-title":"","ast-breadcrumbs-content":"","ast-featured-img":"","footer-sml-layout":"","ast-disable-related-posts":"","theme-transparent-header-meta":"","adv-header-id-meta":"","stick-header-meta":"","header-above-stick-meta":"","header-main-stick-meta":"","header-below-stick-meta":"","astra-migrate-meta-layouts":"set","ast-page-background-enabled":"default","ast-page-background-meta":{"desktop":{"background-color":"var(--ast-global-color-4)","background-image":"","background-repeat":"repeat","background-position":"center center","background-size":"auto","background-attachment":"scroll","background-type":"","background-media":"","overlay-type":"","overlay-color":"","overlay-opacity":"","overlay-gradient":""},"tablet":{"background-color":"","background-image":"","background-repeat":"repeat","background-position":"center center","background-size":"auto","background-attachment":"scroll","background-type":"","background-media":"","overlay-type":"","overlay-color":"","overlay-opacity":"","overlay-gradient":""},"mobile":{"background-color":"","background-image":"","background-repeat":"repeat","background-position":"center center","background-size":"auto","background-attachment":"scroll","background-type":"","background-media":"","overlay-type":"","overlay-color":"","overlay-opacity":"","overlay-gradient":""}},"ast-content-background-meta":{"desktop":{"background-color":"var(--ast-global-color-5)","background-image":"","background-repeat":"repeat","background-position":"center center","background-size":"auto","background-attachment":"scroll","background-type":"","background-media":"","overlay-type":"","overlay-color":"","overlay-opacity":"","overlay-gradient":""},"tablet":{"background-color":"var(--ast-global-color-5)","background-image":"","background-repeat":"repeat","background-position":"center center","background-size":"auto","background-attachment":"scroll","background-type":"","background-media":"","overlay-type":"","overlay-color":"","overlay-opacity":"","overlay-gradient":""},"mobile":{"background-color":"var(--ast-global-color-5)","background-image":"","background-repeat":"repeat","background-position":"center center","background-size":"auto","background-attachment":"scroll","background-type":"","background-media":"","overlay-type":"","overlay-color":"","overlay-opacity":"","overlay-gradient":""}},"footnotes":""},"categories":[38,8,512],"tags":[526],"class_list":["post-23022","post","type-post","status-publish","format-standard","has-post-thumbnail","hentry","category-ecatepec","category-edomex","category-metropoli","tag-edomex"],"yoast_head":"<!-- This site is optimized with the Yoast SEO plugin v28.3 - https:\/\/yoast.com\/product\/yoast-seo-wordpress\/ -->\n<title>Ecatepec se suma a la Defensa de la Soberan\u00eda Nacional - Agencia252<\/title>\n<meta name=\"robots\" content=\"index, follow, max-snippet:-1, max-image-preview:large, max-video-preview:-1\" \/>\n<link rel=\"canonical\" href=\"https:\/\/agencia.252.com.mx\/home\/ecatepec-se-suma-a-la-defensa-de-la-soberania-nacional\/\" \/>\n<meta property=\"og:locale\" content=\"es_ES\" \/>\n<meta property=\"og:type\" content=\"article\" \/>\n<meta property=\"og:title\" content=\"Ecatepec se suma a la Defensa de la Soberan\u00eda Nacional - Agencia252\" \/>\n<meta property=\"og:description\" content=\"Visitas: 6 Juan Ignacio Corro&nbsp; Ecatepec, Estado de M\u00e9xico, a 31 de agosto de 2026 M\u00e1s de cinco mil personas asistieron a la Asamblea Informativa en Defensa de la Soberan\u00eda Nacional realizada en Ecatepec, donde la alcaldesa Azucena Cisneros Coss ratific\u00f3 el apoyo del pueblo ecatepense a la presidenta Claudia Sheinbaum Pardo. La asamblea convoc\u00f3 [&hellip;]\" \/>\n<meta property=\"og:url\" content=\"https:\/\/agencia.252.com.mx\/home\/ecatepec-se-suma-a-la-defensa-de-la-soberania-nacional\/\" \/>\n<meta property=\"og:site_name\" content=\"Agencia252\" \/>\n<meta property=\"article:publisher\" content=\"https:\/\/www.facebook.com\/252Comunicacion\/\" \/>\n<meta property=\"article:author\" content=\"https:\/\/www.facebook.com\/jcorroherrera\/\" \/>\n<meta property=\"article:published_time\" content=\"2026-08-31T22:10:13+00:00\" \/>\n<meta property=\"article:modified_time\" content=\"2026-08-31T22:10:15+00:00\" \/>\n<meta property=\"og:image\" content=\"http:\/\/agencia.252.com.mx\/wp-content\/uploads\/2026\/08\/WhatsApp-Image-2026-08-30-at-12.52.30-PM.jpeg\" \/>\n\t<meta property=\"og:image:width\" content=\"1280\" \/>\n\t<meta property=\"og:image:height\" content=\"784\" \/>\n\t<meta property=\"og:image:type\" content=\"image\/jpeg\" \/>\n<meta name=\"author\" content=\"Nacho Corro\" \/>\n<meta name=\"twitter:card\" content=\"summary_large_image\" \/>\n<meta name=\"twitter:creator\" content=\"@Juan Ignacio Corro Herrera\" \/>\n<meta name=\"twitter:site\" content=\"@252COMS\" \/>\n<meta name=\"twitter:label1\" content=\"Escrito por\" \/>\n\t<meta name=\"twitter:data1\" content=\"Nacho Corro\" \/>\n\t<meta name=\"twitter:label2\" content=\"Tiempo de lectura\" \/>\n\t<meta name=\"twitter:data2\" content=\"2 minutos\" \/>\n<script type=\"application\/ld+json\" class=\"yoast-schema-graph\">{\"@context\":\"https:\\\/\\\/schema.org\",\"@graph\":[{\"@type\":\"Article\",\"@id\":\"https:\\\/\\\/agencia.252.com.mx\\\/home\\\/ecatepec-se-suma-a-la-defensa-de-la-soberania-nacional\\\/#article\",\"isPartOf\":{\"@id\":\"https:\\\/\\\/agencia.252.com.mx\\\/home\\\/ecatepec-se-suma-a-la-defensa-de-la-soberania-nacional\\\/\"},\"author\":{\"name\":\"Nacho Corro\",\"@id\":\"https:\\\/\\\/agencia.252.com.mx\\\/home\\\/#\\\/schema\\\/person\\\/6b972021e9a92d45ade8c78d81509098\"},\"headline\":\"Ecatepec se suma a la Defensa de la Soberan\u00eda Nacional\",\"datePublished\":\"2026-08-31T22:10:13+00:00\",\"dateModified\":\"2026-08-31T22:10:15+00:00\",\"mainEntityOfPage\":{\"@id\":\"https:\\\/\\\/agencia.252.com.mx\\\/home\\\/ecatepec-se-suma-a-la-defensa-de-la-soberania-nacional\\\/\"},\"wordCount\":435,\"commentCount\":0,\"publisher\":{\"@id\":\"https:\\\/\\\/agencia.252.com.mx\\\/home\\\/#organization\"},\"image\":{\"@id\":\"https:\\\/\\\/agencia.252.com.mx\\\/home\\\/ecatepec-se-suma-a-la-defensa-de-la-soberania-nacional\\\/#primaryimage\"},\"thumbnailUrl\":\"https:\\\/\\\/agencia.252.com.mx\\\/wp-content\\\/uploads\\\/2026\\\/08\\\/WhatsApp-Image-2026-08-30-at-12.52.30-PM.jpeg\",\"keywords\":[\"Edomex\"],\"articleSection\":[\"Ecatepec\",\"Edomex\",\"Metropoli\"],\"inLanguage\":\"es\",\"potentialAction\":[{\"@type\":\"CommentAction\",\"name\":\"Comment\",\"target\":[\"https:\\\/\\\/agencia.252.com.mx\\\/home\\\/ecatepec-se-suma-a-la-defensa-de-la-soberania-nacional\\\/#respond\"]}]},{\"@type\":\"WebPage\",\"@id\":\"https:\\\/\\\/agencia.252.com.mx\\\/home\\\/ecatepec-se-suma-a-la-defensa-de-la-soberania-nacional\\\/\",\"url\":\"https:\\\/\\\/agencia.252.com.mx\\\/home\\\/ecatepec-se-suma-a-la-defensa-de-la-soberania-nacional\\\/\",\"name\":\"Ecatepec se suma a la Defensa de la Soberan\u00eda Nacional - Agencia252\",\"isPartOf\":{\"@id\":\"https:\\\/\\\/agencia.252.com.mx\\\/home\\\/#website\"},\"primaryImageOfPage\":{\"@id\":\"https:\\\/\\\/agencia.252.com.mx\\\/home\\\/ecatepec-se-suma-a-la-defensa-de-la-soberania-nacional\\\/#primaryimage\"},\"image\":{\"@id\":\"https:\\\/\\\/agencia.252.com.mx\\\/home\\\/ecatepec-se-suma-a-la-defensa-de-la-soberania-nacional\\\/#primaryimage\"},\"thumbnailUrl\":\"https:\\\/\\\/agencia.252.com.mx\\\/wp-content\\\/uploads\\\/2026\\\/08\\\/WhatsApp-Image-2026-08-30-at-12.52.30-PM.jpeg\",\"datePublished\":\"2026-08-31T22:10:13+00:00\",\"dateModified\":\"2026-08-31T22:10:15+00:00\",\"breadcrumb\":{\"@id\":\"https:\\\/\\\/agencia.252.com.mx\\\/home\\\/ecatepec-se-suma-a-la-defensa-de-la-soberania-nacional\\\/#breadcrumb\"},\"inLanguage\":\"es\",\"potentialAction\":[{\"@type\":\"ReadAction\",\"target\":[\"https:\\\/\\\/agencia.252.com.mx\\\/home\\\/ecatepec-se-suma-a-la-defensa-de-la-soberania-nacional\\\/\"]}]},{\"@type\":\"ImageObject\",\"inLanguage\":\"es\",\"@id\":\"https:\\\/\\\/agencia.252.com.mx\\\/home\\\/ecatepec-se-suma-a-la-defensa-de-la-soberania-nacional\\\/#primaryimage\",\"url\":\"https:\\\/\\\/agencia.252.com.mx\\\/wp-content\\\/uploads\\\/2026\\\/08\\\/WhatsApp-Image-2026-08-30-at-12.52.30-PM.jpeg\",\"contentUrl\":\"https:\\\/\\\/agencia.252.com.mx\\\/wp-content\\\/uploads\\\/2026\\\/08\\\/WhatsApp-Image-2026-08-30-at-12.52.30-PM.jpeg\",\"width\":1280,\"height\":784},{\"@type\":\"BreadcrumbList\",\"@id\":\"https:\\\/\\\/agencia.252.com.mx\\\/home\\\/ecatepec-se-suma-a-la-defensa-de-la-soberania-nacional\\\/#breadcrumb\",\"itemListElement\":[{\"@type\":\"ListItem\",\"position\":1,\"name\":\"Portada\",\"item\":\"https:\\\/\\\/agencia.252.com.mx\\\/home\\\/\"},{\"@type\":\"ListItem\",\"position\":2,\"name\":\"Ecatepec se suma a la Defensa de la Soberan\u00eda Nacional\"}]},{\"@type\":\"WebSite\",\"@id\":\"https:\\\/\\\/agencia.252.com.mx\\\/home\\\/#website\",\"url\":\"https:\\\/\\\/agencia.252.com.mx\\\/home\\\/\",\"name\":\"Agencia252\",\"description\":\"Tu espacio en la Red\",\"publisher\":{\"@id\":\"https:\\\/\\\/agencia.252.com.mx\\\/home\\\/#organization\"},\"potentialAction\":[{\"@type\":\"SearchAction\",\"target\":{\"@type\":\"EntryPoint\",\"urlTemplate\":\"https:\\\/\\\/agencia.252.com.mx\\\/home\\\/?s={search_term_string}\"},\"query-input\":{\"@type\":\"PropertyValueSpecification\",\"valueRequired\":true,\"valueName\":\"search_term_string\"}}],\"inLanguage\":\"es\"},{\"@type\":\"Organization\",\"@id\":\"https:\\\/\\\/agencia.252.com.mx\\\/home\\\/#organization\",\"name\":\"Agencia252\",\"url\":\"https:\\\/\\\/agencia.252.com.mx\\\/home\\\/\",\"logo\":{\"@type\":\"ImageObject\",\"inLanguage\":\"es\",\"@id\":\"https:\\\/\\\/agencia.252.com.mx\\\/home\\\/#\\\/schema\\\/logo\\\/image\\\/\",\"url\":\"https:\\\/\\\/agencia.252.com.mx\\\/wp-content\\\/uploads\\\/2023\\\/02\\\/cropped-ciruclo-agencia-e1677562404136.png\",\"contentUrl\":\"https:\\\/\\\/agencia.252.com.mx\\\/wp-content\\\/uploads\\\/2023\\\/02\\\/cropped-ciruclo-agencia-e1677562404136.png\",\"width\":512,\"height\":512,\"caption\":\"Agencia252\"},\"image\":{\"@id\":\"https:\\\/\\\/agencia.252.com.mx\\\/home\\\/#\\\/schema\\\/logo\\\/image\\\/\"},\"sameAs\":[\"https:\\\/\\\/www.facebook.com\\\/252Comunicacion\\\/\",\"https:\\\/\\\/x.com\\\/252COMS\"]},{\"@type\":\"Person\",\"@id\":\"https:\\\/\\\/agencia.252.com.mx\\\/home\\\/#\\\/schema\\\/person\\\/6b972021e9a92d45ade8c78d81509098\",\"name\":\"Nacho Corro\",\"image\":{\"@type\":\"ImageObject\",\"inLanguage\":\"es\",\"@id\":\"https:\\\/\\\/secure.gravatar.com\\\/avatar\\\/5db6df507cfe1307e192fbb498c6b85f1cf2ffd8b4cd37141b9eea588fcbd5a4?s=96&r=g\",\"url\":\"https:\\\/\\\/secure.gravatar.com\\\/avatar\\\/5db6df507cfe1307e192fbb498c6b85f1cf2ffd8b4cd37141b9eea588fcbd5a4?s=96&r=g\",\"contentUrl\":\"https:\\\/\\\/secure.gravatar.com\\\/avatar\\\/5db6df507cfe1307e192fbb498c6b85f1cf2ffd8b4cd37141b9eea588fcbd5a4?s=96&r=g\",\"caption\":\"Nacho Corro\"},\"description\":\"Comunicador Social, Periodista y Administraci\u00f3n P\u00fablica. Conversador pol\u00edtico, temas electorales y seguridad. Generador de contenidos digitales. Amante de la fotograf\u00eda\",\"sameAs\":[\"https:\\\/\\\/www.facebook.com\\\/jcorroherrera\\\/\",\"www.instagram.com\\\/nachocorro\\\/\",\"https:\\\/\\\/x.com\\\/Juan Ignacio Corro Herrera\"],\"url\":\"https:\\\/\\\/agencia.252.com.mx\\\/home\\\/author\\\/i-corro\\\/\"}]}<\/script>\n<!-- \/ Yoast SEO plugin. -->","yoast_head_json":{"title":"Ecatepec se suma a la Defensa de la Soberan\u00eda Nacional - Agencia252","robots":{"index":"index","follow":"follow","max-snippet":"max-snippet:-1","max-image-preview":"max-image-preview:large","max-video-preview":"max-video-preview:-1"},"canonical":"https:\/\/agencia.252.com.mx\/home\/ecatepec-se-suma-a-la-defensa-de-la-soberania-nacional\/","og_locale":"es_ES","og_type":"article","og_title":"Ecatepec se suma a la Defensa de la Soberan\u00eda Nacional - Agencia252","og_description":"Visitas: 6 Juan Ignacio Corro&nbsp; Ecatepec, Estado de M\u00e9xico, a 31 de agosto de 2026 M\u00e1s de cinco mil personas asistieron a la Asamblea Informativa en Defensa de la Soberan\u00eda Nacional realizada en Ecatepec, donde la alcaldesa Azucena Cisneros Coss ratific\u00f3 el apoyo del pueblo ecatepense a la presidenta Claudia Sheinbaum Pardo. La asamblea convoc\u00f3 [&hellip;]","og_url":"https:\/\/agencia.252.com.mx\/home\/ecatepec-se-suma-a-la-defensa-de-la-soberania-nacional\/","og_site_name":"Agencia252","article_publisher":"https:\/\/www.facebook.com\/252Comunicacion\/","article_author":"https:\/\/www.facebook.com\/jcorroherrera\/","article_published_time":"2026-08-31T22:10:13+00:00","article_modified_time":"2026-08-31T22:10:15+00:00","og_image":[{"width":1280,"height":784,"url":"http:\/\/agencia.252.com.mx\/wp-content\/uploads\/2026\/08\/WhatsApp-Image-2026-08-30-at-12.52.30-PM.jpeg","type":"image\/jpeg"}],"author":"Nacho Corro","twitter_card":"summary_large_image","twitter_creator":"@Juan Ignacio Corro Herrera","twitter_site":"@252COMS","twitter_misc":{"Escrito por":"Nacho Corro","Tiempo de lectura":"2 minutos"},"schema":{"@context":"https:\/\/schema.org","@graph":[{"@type":"Article","@id":"https:\/\/agencia.252.com.mx\/home\/ecatepec-se-suma-a-la-defensa-de-la-soberania-nacional\/#article","isPartOf":{"@id":"https:\/\/agencia.252.com.mx\/home\/ecatepec-se-suma-a-la-defensa-de-la-soberania-nacional\/"},"author":{"name":"Nacho Corro","@id":"https:\/\/agencia.252.com.mx\/home\/#\/schema\/person\/6b972021e9a92d45ade8c78d81509098"},"headline":"Ecatepec se suma a la Defensa de la Soberan\u00eda Nacional","datePublished":"2026-08-31T22:10:13+00:00","dateModified":"2026-08-31T22:10:15+00:00","mainEntityOfPage":{"@id":"https:\/\/agencia.252.com.mx\/home\/ecatepec-se-suma-a-la-defensa-de-la-soberania-nacional\/"},"wordCount":435,"commentCount":0,"publisher":{"@id":"https:\/\/agencia.252.com.mx\/home\/#organization"},"image":{"@id":"https:\/\/agencia.252.com.mx\/home\/ecatepec-se-suma-a-la-defensa-de-la-soberania-nacional\/#primaryimage"},"thumbnailUrl":"https:\/\/agencia.252.com.mx\/wp-content\/uploads\/2026\/08\/WhatsApp-Image-2026-08-30-at-12.52.30-PM.jpeg","keywords":["Edomex"],"articleSection":["Ecatepec","Edomex","Metropoli"],"inLanguage":"es","potentialAction":[{"@type":"CommentAction","name":"Comment","target":["https:\/\/agencia.252.com.mx\/home\/ecatepec-se-suma-a-la-defensa-de-la-soberania-nacional\/#respond"]}]},{"@type":"WebPage","@id":"https:\/\/agencia.252.com.mx\/home\/ecatepec-se-suma-a-la-defensa-de-la-soberania-nacional\/","url":"https:\/\/agencia.252.com.mx\/home\/ecatepec-se-suma-a-la-defensa-de-la-soberania-nacional\/","name":"Ecatepec se suma a la Defensa de la Soberan\u00eda Nacional - Agencia252","isPartOf":{"@id":"https:\/\/agencia.252.com.mx\/home\/#website"},"primaryImageOfPage":{"@id":"https:\/\/agencia.252.com.mx\/home\/ecatepec-se-suma-a-la-defensa-de-la-soberania-nacional\/#primaryimage"},"image":{"@id":"https:\/\/agencia.252.com.mx\/home\/ecatepec-se-suma-a-la-defensa-de-la-soberania-nacional\/#primaryimage"},"thumbnailUrl":"https:\/\/agencia.252.com.mx\/wp-content\/uploads\/2026\/08\/WhatsApp-Image-2026-08-30-at-12.52.30-PM.jpeg","datePublished":"2026-08-31T22:10:13+00:00","dateModified":"2026-08-31T22:10:15+00:00","breadcrumb":{"@id":"https:\/\/agencia.252.com.mx\/home\/ecatepec-se-suma-a-la-defensa-de-la-soberania-nacional\/#breadcrumb"},"inLanguage":"es","potentialAction":[{"@type":"ReadAction","target":["https:\/\/agencia.252.com.mx\/home\/ecatepec-se-suma-a-la-defensa-de-la-soberania-nacional\/"]}]},{"@type":"ImageObject","inLanguage":"es","@id":"https:\/\/agencia.252.com.mx\/home\/ecatepec-se-suma-a-la-defensa-de-la-soberania-nacional\/#primaryimage","url":"https:\/\/agencia.252.com.mx\/wp-content\/uploads\/2026\/08\/WhatsApp-Image-2026-08-30-at-12.52.30-PM.jpeg","contentUrl":"https:\/\/agencia.252.com.mx\/wp-content\/uploads\/2026\/08\/WhatsApp-Image-2026-08-30-at-12.52.30-PM.jpeg","width":1280,"height":784},{"@type":"BreadcrumbList","@id":"https:\/\/agencia.252.com.mx\/home\/ecatepec-se-suma-a-la-defensa-de-la-soberania-nacional\/#breadcrumb","itemListElement":[{"@type":"ListItem","position":1,"name":"Portada","item":"https:\/\/agencia.252.com.mx\/home\/"},{"@type":"ListItem","position":2,"name":"Ecatepec se suma a la Defensa de la Soberan\u00eda Nacional"}]},{"@type":"WebSite","@id":"https:\/\/agencia.252.com.mx\/home\/#website","url":"https:\/\/agencia.252.com.mx\/home\/","name":"Agencia252","description":"Tu espacio en la Red","publisher":{"@id":"https:\/\/agencia.252.com.mx\/home\/#organization"},"potentialAction":[{"@type":"SearchAction","target":{"@type":"EntryPoint","urlTemplate":"https:\/\/agencia.252.com.mx\/home\/?s={search_term_string}"},"query-input":{"@type":"PropertyValueSpecification","valueRequired":true,"valueName":"search_term_string"}}],"inLanguage":"es"},{"@type":"Organization","@id":"https:\/\/agencia.252.com.mx\/home\/#organization","name":"Agencia252","url":"https:\/\/agencia.252.com.mx\/home\/","logo":{"@type":"ImageObject","inLanguage":"es","@id":"https:\/\/agencia.252.com.mx\/home\/#\/schema\/logo\/image\/","url":"https:\/\/agencia.252.com.mx\/wp-content\/uploads\/2023\/02\/cropped-ciruclo-agencia-e1677562404136.png","contentUrl":"https:\/\/agencia.252.com.mx\/wp-content\/uploads\/2023\/02\/cropped-ciruclo-agencia-e1677562404136.png","width":512,"height":512,"caption":"Agencia252"},"image":{"@id":"https:\/\/agencia.252.com.mx\/home\/#\/schema\/logo\/image\/"},"sameAs":["https:\/\/www.facebook.com\/252Comunicacion\/","https:\/\/x.com\/252COMS"]},{"@type":"Person","@id":"https:\/\/agencia.252.com.mx\/home\/#\/schema\/person\/6b972021e9a92d45ade8c78d81509098","name":"Nacho Corro","image":{"@type":"ImageObject","inLanguage":"es","@id":"https:\/\/secure.gravatar.com\/avatar\/5db6df507cfe1307e192fbb498c6b85f1cf2ffd8b4cd37141b9eea588fcbd5a4?s=96&r=g","url":"https:\/\/secure.gravatar.com\/avatar\/5db6df507cfe1307e192fbb498c6b85f1cf2ffd8b4cd37141b9eea588fcbd5a4?s=96&r=g","contentUrl":"https:\/\/secure.gravatar.com\/avatar\/5db6df507cfe1307e192fbb498c6b85f1cf2ffd8b4cd37141b9eea588fcbd5a4?s=96&r=g","caption":"Nacho Corro"},"description":"Comunicador Social, Periodista y Administraci\u00f3n P\u00fablica. Conversador pol\u00edtico, temas electorales y seguridad. Generador de contenidos digitales. Amante de la fotograf\u00eda","sameAs":["https:\/\/www.facebook.com\/jcorroherrera\/","www.instagram.com\/nachocorro\/","https:\/\/x.com\/Juan Ignacio Corro Herrera"],"url":"https:\/\/agencia.252.com.mx\/home\/author\/i-corro\/"}]}},"_links":{"self":[{"href":"https:\/\/agencia.252.com.mx\/home\/wp-json\/wp\/v2\/posts\/23022","targetHints":{"allow":["GET"]}}],"collection":[{"href":"https:\/\/agencia.252.com.mx\/home\/wp-json\/wp\/v2\/posts"}],"about":[{"href":"https:\/\/agencia.252.com.mx\/home\/wp-json\/wp\/v2\/types\/post"}],"author":[{"embeddable":true,"href":"https:\/\/agencia.252.com.mx\/home\/wp-json\/wp\/v2\/users\/5"}],"replies":[{"embeddable":true,"href":"https:\/\/agencia.252.com.mx\/home\/wp-json\/wp\/v2\/comments?post=23022"}],"version-history":[{"count":1,"href":"https:\/\/agencia.252.com.mx\/home\/wp-json\/wp\/v2\/posts\/23022\/revisions"}],"predecessor-version":[{"id":23024,"href":"https:\/\/agencia.252.com.mx\/home\/wp-json\/wp\/v2\/posts\/23022\/revisions\/23024"}],"wp:featuredmedia":[{"embeddable":true,"href":"https:\/\/agencia.252.com.mx\/home\/wp-json\/wp\/v2\/media\/23009"}],"wp:attachment":[{"href":"https:\/\/agencia.252.com.mx\/home\/wp-json\/wp\/v2\/media?parent=23022"}],"wp:term":[{"taxonomy":"category","embeddable":true,"href":"https:\/\/agencia.252.com.mx\/home\/wp-json\/wp\/v2\/categories?post=23022"},{"taxonomy":"post_tag","embeddable":true,"href":"https:\/\/agencia.252.com.mx\/home\/wp-json\/wp\/v2\/tags?post=23022"}],"curies":[{"name":"wp","href":"https:\/\/api.w.org\/{rel}","templated":true}]}}