{"id":23008,"date":"2026-08-31T13:55:09","date_gmt":"2026-08-31T19:55:09","guid":{"rendered":"https:\/\/agencia.252.com.mx\/home\/?p=23008"},"modified":"2026-08-31T16:04:55","modified_gmt":"2026-08-31T22:04:55","slug":"fiscalia-cdmx-capacita-a-150-agentes-de-la-pdi-para-fortalecer-su-intervencion-en-audiencias","status":"publish","type":"post","link":"https:\/\/agencia.252.com.mx\/home\/fiscalia-cdmx-capacita-a-150-agentes-de-la-pdi-para-fortalecer-su-intervencion-en-audiencias\/","title":{"rendered":"Fiscal\u00eda CDMX capacita a 150 agentes de la PDI para fortalecer su intervenci\u00f3n en audiencias"},"content":{"rendered":"<p>Visitas: 4<\/p>\n<ul class=\"wp-block-list\">\n<li><em>La formaci\u00f3n brinda herramientas para exponer con claridad y solidez el trabajo policial ante los tribunales<\/em><\/li>\n\n\n\n<li><em>El curso combin\u00f3 contenidos te\u00f3ricos, ejercicios pr\u00e1cticos y simulaciones durante cinco sesiones presenciales<\/em><\/li>\n<\/ul>\n\n\n\n<p class=\"wp-block-paragraph\">Juan Ignacio Corro&nbsp;<\/p>\n\n\n\n<p class=\"has-text-align-right wp-block-paragraph\">Ciudad&nbsp;&nbsp;de M\u00e9xico, a 31 de agosto de 2026<\/p>\n\n\n\n<p class=\"wp-block-paragraph\">La Fiscal\u00eda General de Justicia de la Ciudad de M\u00e9xico (Fiscal\u00eda CDMX), a trav\u00e9s del Instituto de Formaci\u00f3n Profesional y Estudios Superiores (IFPES), capacit\u00f3 a 150 agentes de la Polic\u00eda de Investigaci\u00f3n (PDI) para intervenir en interrogatorios y contrainterrogatorios, con el objetivo de fortalecer su preparaci\u00f3n para explicar y sustentar ante los tribunales el trabajo que realizan durante una investigaci\u00f3n.<\/p>\n\n\n\n<p class=\"wp-block-paragraph\">El curso tuvo una duraci\u00f3n de 15 horas distribuidas en cinco sesiones realizadas del 24 al 28 de agosto en el auditorio Maestro Carlos Franco Sodi de la Fiscal\u00eda CDMX. Mediante contenidos te\u00f3ricos y ejercicios pr\u00e1cticos, las y los participantes desarrollaron herramientas para exponer con claridad y precisi\u00f3n su intervenci\u00f3n en las investigaciones, as\u00ed como responder preguntas durante interrogatorios y contrainterrogatorios en audiencia, con apego al marco legal y al debido proceso.<\/p>\n\n\n\n<figure class=\"wp-block-image alignleft size-medium\"><img fetchpriority=\"high\" decoding=\"async\" width=\"300\" height=\"184\" src=\"https:\/\/agencia.252.com.mx\/wp-content\/uploads\/2026\/08\/WhatsApp-Image-2026-08-30-at-12.52.30-PM-300x184.jpeg\" alt=\"\" class=\"wp-image-23009\" srcset=\"https:\/\/agencia.252.com.mx\/wp-content\/uploads\/2026\/08\/WhatsApp-Image-2026-08-30-at-12.52.30-PM-300x184.jpeg 300w, https:\/\/agencia.252.com.mx\/wp-content\/uploads\/2026\/08\/WhatsApp-Image-2026-08-30-at-12.52.30-PM-1024x627.jpeg 1024w, https:\/\/agencia.252.com.mx\/wp-content\/uploads\/2026\/08\/WhatsApp-Image-2026-08-30-at-12.52.30-PM-768x470.jpeg 768w, https:\/\/agencia.252.com.mx\/wp-content\/uploads\/2026\/08\/WhatsApp-Image-2026-08-30-at-12.52.30-PM.jpeg 1280w\" sizes=\"(max-width: 300px) 100vw, 300px\" \/><\/figure>\n\n\n\n<p class=\"wp-block-paragraph\">Durante la clausura, el titular del IFPES, Jorge G\u00f3mez Carre\u00f1o, se\u00f1al\u00f3 que la capacitaci\u00f3n continua forma parte de las acciones previstas en el Plan de Pol\u00edtica Criminal y Programa de Persecuci\u00f3n Penal 2026, impulsado por la fiscal general Bertha Alcalde Luj\u00e1n para fortalecer las capacidades institucionales.<\/p>\n\n\n\n<p class=\"wp-block-paragraph\">El curso incluy\u00f3 bases conceptuales y jurisprudenciales, as\u00ed como m\u00f3dulos especializados sobre el marco constitucional y legal de la investigaci\u00f3n policial, la defensa t\u00e9cnica del informe policial, las t\u00e9cnicas de interrogatorio y contrainterrogatorio en audiencia y los simulacros de testimonio y litigaci\u00f3n oral.<\/p>\n\n\n\n<p class=\"wp-block-paragraph\"><\/p>\n","protected":false},"excerpt":{"rendered":"<p>Visitas: 4 Juan Ignacio Corro&nbsp; Ciudad&nbsp;&nbsp;de M\u00e9xico, a 31 de agosto de 2026 La Fiscal\u00eda General de Justicia de la Ciudad de M\u00e9xico (Fiscal\u00eda CDMX), a trav\u00e9s del Instituto de Formaci\u00f3n Profesional y Estudios Superiores (IFPES), capacit\u00f3 a 150 agentes de la Polic\u00eda de Investigaci\u00f3n (PDI) para intervenir en interrogatorios y contrainterrogatorios, con el objetivo [&hellip;]<\/p>\n","protected":false},"author":5,"featured_media":23020,"comment_status":"open","ping_status":"open","sticky":false,"template":"","format":"standard","meta":{"site-sidebar-layout":"default","site-content-layout":"","ast-site-content-layout":"default","site-content-style":"default","site-sidebar-style":"default","ast-global-header-display":"","ast-banner-title-visibility":"","ast-main-header-display":"","ast-hfb-above-header-display":"","ast-hfb-below-header-display":"","ast-hfb-mobile-header-display":"","site-post-title":"","ast-breadcrumbs-content":"","ast-featured-img":"","footer-sml-layout":"","ast-disable-related-posts":"","theme-transparent-header-meta":"","adv-header-id-meta":"","stick-header-meta":"","header-above-stick-meta":"","header-main-stick-meta":"","header-below-stick-meta":"","astra-migrate-meta-layouts":"set","ast-page-background-enabled":"default","ast-page-background-meta":{"desktop":{"background-color":"var(--ast-global-color-4)","background-image":"","background-repeat":"repeat","background-position":"center center","background-size":"auto","background-attachment":"scroll","background-type":"","background-media":"","overlay-type":"","overlay-color":"","overlay-opacity":"","overlay-gradient":""},"tablet":{"background-color":"","background-image":"","background-repeat":"repeat","background-position":"center center","background-size":"auto","background-attachment":"scroll","background-type":"","background-media":"","overlay-type":"","overlay-color":"","overlay-opacity":"","overlay-gradient":""},"mobile":{"background-color":"","background-image":"","background-repeat":"repeat","background-position":"center center","background-size":"auto","background-attachment":"scroll","background-type":"","background-media":"","overlay-type":"","overlay-color":"","overlay-opacity":"","overlay-gradient":""}},"ast-content-background-meta":{"desktop":{"background-color":"var(--ast-global-color-5)","background-image":"","background-repeat":"repeat","background-position":"center center","background-size":"auto","background-attachment":"scroll","background-type":"","background-media":"","overlay-type":"","overlay-color":"","overlay-opacity":"","overlay-gradient":""},"tablet":{"background-color":"var(--ast-global-color-5)","background-image":"","background-repeat":"repeat","background-position":"center center","background-size":"auto","background-attachment":"scroll","background-type":"","background-media":"","overlay-type":"","overlay-color":"","overlay-opacity":"","overlay-gradient":""},"mobile":{"background-color":"var(--ast-global-color-5)","background-image":"","background-repeat":"repeat","background-position":"center center","background-size":"auto","background-attachment":"scroll","background-type":"","background-media":"","overlay-type":"","overlay-color":"","overlay-opacity":"","overlay-gradient":""}},"footnotes":""},"categories":[69,575,512,68],"tags":[535],"class_list":["post-23008","post","type-post","status-publish","format-standard","has-post-thumbnail","hentry","category-cdmx","category-justicia","category-metropoli","category-seguridad","tag-cdmx"],"yoast_head":"<!-- This site is optimized with the Yoast SEO plugin v28.3 - https:\/\/yoast.com\/product\/yoast-seo-wordpress\/ -->\n<title>Fiscal\u00eda CDMX capacita a 150 agentes de la PDI para fortalecer su intervenci\u00f3n en audiencias - Agencia252<\/title>\n<meta name=\"robots\" content=\"index, follow, max-snippet:-1, max-image-preview:large, max-video-preview:-1\" \/>\n<link rel=\"canonical\" href=\"https:\/\/agencia.252.com.mx\/home\/fiscalia-cdmx-capacita-a-150-agentes-de-la-pdi-para-fortalecer-su-intervencion-en-audiencias\/\" \/>\n<meta property=\"og:locale\" content=\"es_ES\" \/>\n<meta property=\"og:type\" content=\"article\" \/>\n<meta property=\"og:title\" content=\"Fiscal\u00eda CDMX capacita a 150 agentes de la PDI para fortalecer su intervenci\u00f3n en audiencias - Agencia252\" \/>\n<meta property=\"og:description\" content=\"Visitas: 4 Juan Ignacio Corro&nbsp; Ciudad&nbsp;&nbsp;de M\u00e9xico, a 31 de agosto de 2026 La Fiscal\u00eda General de Justicia de la Ciudad de M\u00e9xico (Fiscal\u00eda CDMX), a trav\u00e9s del Instituto de Formaci\u00f3n Profesional y Estudios Superiores (IFPES), capacit\u00f3 a 150 agentes de la Polic\u00eda de Investigaci\u00f3n (PDI) para intervenir en interrogatorios y contrainterrogatorios, con el objetivo [&hellip;]\" \/>\n<meta property=\"og:url\" content=\"https:\/\/agencia.252.com.mx\/home\/fiscalia-cdmx-capacita-a-150-agentes-de-la-pdi-para-fortalecer-su-intervencion-en-audiencias\/\" \/>\n<meta property=\"og:site_name\" content=\"Agencia252\" \/>\n<meta property=\"article:publisher\" content=\"https:\/\/www.facebook.com\/252Comunicacion\/\" \/>\n<meta property=\"article:author\" content=\"https:\/\/www.facebook.com\/jcorroherrera\/\" \/>\n<meta property=\"article:published_time\" content=\"2026-08-31T19:55:09+00:00\" \/>\n<meta property=\"article:modified_time\" content=\"2026-08-31T22:04:55+00:00\" \/>\n<meta property=\"og:image\" content=\"http:\/\/agencia.252.com.mx\/wp-content\/uploads\/2026\/08\/28-de-Agosto-Ceremonia-de-clausura-del-curso-LitigaciA\u00b3n-oral_-Interrogatorio-y-contrainterrogatorio-para-el-PDI-015-scaled.jpg\" \/>\n\t<meta property=\"og:image:width\" content=\"2560\" \/>\n\t<meta property=\"og:image:height\" content=\"1708\" \/>\n\t<meta property=\"og:image:type\" content=\"image\/jpeg\" \/>\n<meta name=\"author\" content=\"Nacho Corro\" \/>\n<meta name=\"twitter:card\" content=\"summary_large_image\" \/>\n<meta name=\"twitter:creator\" content=\"@Juan Ignacio Corro Herrera\" \/>\n<meta name=\"twitter:site\" content=\"@252COMS\" \/>\n<meta name=\"twitter:label1\" content=\"Escrito por\" \/>\n\t<meta name=\"twitter:data1\" content=\"Nacho Corro\" \/>\n\t<meta name=\"twitter:label2\" content=\"Tiempo de lectura\" \/>\n\t<meta name=\"twitter:data2\" content=\"2 minutos\" \/>\n<script type=\"application\/ld+json\" class=\"yoast-schema-graph\">{\"@context\":\"https:\\\/\\\/schema.org\",\"@graph\":[{\"@type\":\"Article\",\"@id\":\"https:\\\/\\\/agencia.252.com.mx\\\/home\\\/fiscalia-cdmx-capacita-a-150-agentes-de-la-pdi-para-fortalecer-su-intervencion-en-audiencias\\\/#article\",\"isPartOf\":{\"@id\":\"https:\\\/\\\/agencia.252.com.mx\\\/home\\\/fiscalia-cdmx-capacita-a-150-agentes-de-la-pdi-para-fortalecer-su-intervencion-en-audiencias\\\/\"},\"author\":{\"name\":\"Nacho Corro\",\"@id\":\"https:\\\/\\\/agencia.252.com.mx\\\/home\\\/#\\\/schema\\\/person\\\/6b972021e9a92d45ade8c78d81509098\"},\"headline\":\"Fiscal\u00eda CDMX capacita a 150 agentes de la PDI para fortalecer su intervenci\u00f3n en audiencias\",\"datePublished\":\"2026-08-31T19:55:09+00:00\",\"dateModified\":\"2026-08-31T22:04:55+00:00\",\"mainEntityOfPage\":{\"@id\":\"https:\\\/\\\/agencia.252.com.mx\\\/home\\\/fiscalia-cdmx-capacita-a-150-agentes-de-la-pdi-para-fortalecer-su-intervencion-en-audiencias\\\/\"},\"wordCount\":305,\"commentCount\":0,\"publisher\":{\"@id\":\"https:\\\/\\\/agencia.252.com.mx\\\/home\\\/#organization\"},\"image\":{\"@id\":\"https:\\\/\\\/agencia.252.com.mx\\\/home\\\/fiscalia-cdmx-capacita-a-150-agentes-de-la-pdi-para-fortalecer-su-intervencion-en-audiencias\\\/#primaryimage\"},\"thumbnailUrl\":\"https:\\\/\\\/agencia.252.com.mx\\\/wp-content\\\/uploads\\\/2026\\\/08\\\/28-de-Agosto-Ceremonia-de-clausura-del-curso-LitigaciA\u00b3n-oral_-Interrogatorio-y-contrainterrogatorio-para-el-PDI-015-scaled.jpg\",\"keywords\":[\"CDMX\"],\"articleSection\":[\"CDMX\",\"justicia\",\"Metropoli\",\"Seguridad\"],\"inLanguage\":\"es\",\"potentialAction\":[{\"@type\":\"CommentAction\",\"name\":\"Comment\",\"target\":[\"https:\\\/\\\/agencia.252.com.mx\\\/home\\\/fiscalia-cdmx-capacita-a-150-agentes-de-la-pdi-para-fortalecer-su-intervencion-en-audiencias\\\/#respond\"]}]},{\"@type\":\"WebPage\",\"@id\":\"https:\\\/\\\/agencia.252.com.mx\\\/home\\\/fiscalia-cdmx-capacita-a-150-agentes-de-la-pdi-para-fortalecer-su-intervencion-en-audiencias\\\/\",\"url\":\"https:\\\/\\\/agencia.252.com.mx\\\/home\\\/fiscalia-cdmx-capacita-a-150-agentes-de-la-pdi-para-fortalecer-su-intervencion-en-audiencias\\\/\",\"name\":\"Fiscal\u00eda CDMX capacita a 150 agentes de la PDI para fortalecer su intervenci\u00f3n en audiencias - Agencia252\",\"isPartOf\":{\"@id\":\"https:\\\/\\\/agencia.252.com.mx\\\/home\\\/#website\"},\"primaryImageOfPage\":{\"@id\":\"https:\\\/\\\/agencia.252.com.mx\\\/home\\\/fiscalia-cdmx-capacita-a-150-agentes-de-la-pdi-para-fortalecer-su-intervencion-en-audiencias\\\/#primaryimage\"},\"image\":{\"@id\":\"https:\\\/\\\/agencia.252.com.mx\\\/home\\\/fiscalia-cdmx-capacita-a-150-agentes-de-la-pdi-para-fortalecer-su-intervencion-en-audiencias\\\/#primaryimage\"},\"thumbnailUrl\":\"https:\\\/\\\/agencia.252.com.mx\\\/wp-content\\\/uploads\\\/2026\\\/08\\\/28-de-Agosto-Ceremonia-de-clausura-del-curso-LitigaciA\u00b3n-oral_-Interrogatorio-y-contrainterrogatorio-para-el-PDI-015-scaled.jpg\",\"datePublished\":\"2026-08-31T19:55:09+00:00\",\"dateModified\":\"2026-08-31T22:04:55+00:00\",\"breadcrumb\":{\"@id\":\"https:\\\/\\\/agencia.252.com.mx\\\/home\\\/fiscalia-cdmx-capacita-a-150-agentes-de-la-pdi-para-fortalecer-su-intervencion-en-audiencias\\\/#breadcrumb\"},\"inLanguage\":\"es\",\"potentialAction\":[{\"@type\":\"ReadAction\",\"target\":[\"https:\\\/\\\/agencia.252.com.mx\\\/home\\\/fiscalia-cdmx-capacita-a-150-agentes-de-la-pdi-para-fortalecer-su-intervencion-en-audiencias\\\/\"]}]},{\"@type\":\"ImageObject\",\"inLanguage\":\"es\",\"@id\":\"https:\\\/\\\/agencia.252.com.mx\\\/home\\\/fiscalia-cdmx-capacita-a-150-agentes-de-la-pdi-para-fortalecer-su-intervencion-en-audiencias\\\/#primaryimage\",\"url\":\"https:\\\/\\\/agencia.252.com.mx\\\/wp-content\\\/uploads\\\/2026\\\/08\\\/28-de-Agosto-Ceremonia-de-clausura-del-curso-LitigaciA\u00b3n-oral_-Interrogatorio-y-contrainterrogatorio-para-el-PDI-015-scaled.jpg\",\"contentUrl\":\"https:\\\/\\\/agencia.252.com.mx\\\/wp-content\\\/uploads\\\/2026\\\/08\\\/28-de-Agosto-Ceremonia-de-clausura-del-curso-LitigaciA\u00b3n-oral_-Interrogatorio-y-contrainterrogatorio-para-el-PDI-015-scaled.jpg\",\"width\":2560,\"height\":1708},{\"@type\":\"BreadcrumbList\",\"@id\":\"https:\\\/\\\/agencia.252.com.mx\\\/home\\\/fiscalia-cdmx-capacita-a-150-agentes-de-la-pdi-para-fortalecer-su-intervencion-en-audiencias\\\/#breadcrumb\",\"itemListElement\":[{\"@type\":\"ListItem\",\"position\":1,\"name\":\"Portada\",\"item\":\"https:\\\/\\\/agencia.252.com.mx\\\/home\\\/\"},{\"@type\":\"ListItem\",\"position\":2,\"name\":\"Fiscal\u00eda CDMX capacita a 150 agentes de la PDI para fortalecer su intervenci\u00f3n en audiencias\"}]},{\"@type\":\"WebSite\",\"@id\":\"https:\\\/\\\/agencia.252.com.mx\\\/home\\\/#website\",\"url\":\"https:\\\/\\\/agencia.252.com.mx\\\/home\\\/\",\"name\":\"Agencia252\",\"description\":\"Tu espacio en la Red\",\"publisher\":{\"@id\":\"https:\\\/\\\/agencia.252.com.mx\\\/home\\\/#organization\"},\"potentialAction\":[{\"@type\":\"SearchAction\",\"target\":{\"@type\":\"EntryPoint\",\"urlTemplate\":\"https:\\\/\\\/agencia.252.com.mx\\\/home\\\/?s={search_term_string}\"},\"query-input\":{\"@type\":\"PropertyValueSpecification\",\"valueRequired\":true,\"valueName\":\"search_term_string\"}}],\"inLanguage\":\"es\"},{\"@type\":\"Organization\",\"@id\":\"https:\\\/\\\/agencia.252.com.mx\\\/home\\\/#organization\",\"name\":\"Agencia252\",\"url\":\"https:\\\/\\\/agencia.252.com.mx\\\/home\\\/\",\"logo\":{\"@type\":\"ImageObject\",\"inLanguage\":\"es\",\"@id\":\"https:\\\/\\\/agencia.252.com.mx\\\/home\\\/#\\\/schema\\\/logo\\\/image\\\/\",\"url\":\"https:\\\/\\\/agencia.252.com.mx\\\/wp-content\\\/uploads\\\/2023\\\/02\\\/cropped-ciruclo-agencia-e1677562404136.png\",\"contentUrl\":\"https:\\\/\\\/agencia.252.com.mx\\\/wp-content\\\/uploads\\\/2023\\\/02\\\/cropped-ciruclo-agencia-e1677562404136.png\",\"width\":512,\"height\":512,\"caption\":\"Agencia252\"},\"image\":{\"@id\":\"https:\\\/\\\/agencia.252.com.mx\\\/home\\\/#\\\/schema\\\/logo\\\/image\\\/\"},\"sameAs\":[\"https:\\\/\\\/www.facebook.com\\\/252Comunicacion\\\/\",\"https:\\\/\\\/x.com\\\/252COMS\"]},{\"@type\":\"Person\",\"@id\":\"https:\\\/\\\/agencia.252.com.mx\\\/home\\\/#\\\/schema\\\/person\\\/6b972021e9a92d45ade8c78d81509098\",\"name\":\"Nacho Corro\",\"image\":{\"@type\":\"ImageObject\",\"inLanguage\":\"es\",\"@id\":\"https:\\\/\\\/secure.gravatar.com\\\/avatar\\\/5db6df507cfe1307e192fbb498c6b85f1cf2ffd8b4cd37141b9eea588fcbd5a4?s=96&r=g\",\"url\":\"https:\\\/\\\/secure.gravatar.com\\\/avatar\\\/5db6df507cfe1307e192fbb498c6b85f1cf2ffd8b4cd37141b9eea588fcbd5a4?s=96&r=g\",\"contentUrl\":\"https:\\\/\\\/secure.gravatar.com\\\/avatar\\\/5db6df507cfe1307e192fbb498c6b85f1cf2ffd8b4cd37141b9eea588fcbd5a4?s=96&r=g\",\"caption\":\"Nacho Corro\"},\"description\":\"Comunicador Social, Periodista y Administraci\u00f3n P\u00fablica. Conversador pol\u00edtico, temas electorales y seguridad. Generador de contenidos digitales. Amante de la fotograf\u00eda\",\"sameAs\":[\"https:\\\/\\\/www.facebook.com\\\/jcorroherrera\\\/\",\"www.instagram.com\\\/nachocorro\\\/\",\"https:\\\/\\\/x.com\\\/Juan Ignacio Corro Herrera\"],\"url\":\"https:\\\/\\\/agencia.252.com.mx\\\/home\\\/author\\\/i-corro\\\/\"}]}<\/script>\n<!-- \/ Yoast SEO plugin. -->","yoast_head_json":{"title":"Fiscal\u00eda CDMX capacita a 150 agentes de la PDI para fortalecer su intervenci\u00f3n en audiencias - Agencia252","robots":{"index":"index","follow":"follow","max-snippet":"max-snippet:-1","max-image-preview":"max-image-preview:large","max-video-preview":"max-video-preview:-1"},"canonical":"https:\/\/agencia.252.com.mx\/home\/fiscalia-cdmx-capacita-a-150-agentes-de-la-pdi-para-fortalecer-su-intervencion-en-audiencias\/","og_locale":"es_ES","og_type":"article","og_title":"Fiscal\u00eda CDMX capacita a 150 agentes de la PDI para fortalecer su intervenci\u00f3n en audiencias - Agencia252","og_description":"Visitas: 4 Juan Ignacio Corro&nbsp; Ciudad&nbsp;&nbsp;de M\u00e9xico, a 31 de agosto de 2026 La Fiscal\u00eda General de Justicia de la Ciudad de M\u00e9xico (Fiscal\u00eda CDMX), a trav\u00e9s del Instituto de Formaci\u00f3n Profesional y Estudios Superiores (IFPES), capacit\u00f3 a 150 agentes de la Polic\u00eda de Investigaci\u00f3n (PDI) para intervenir en interrogatorios y contrainterrogatorios, con el objetivo [&hellip;]","og_url":"https:\/\/agencia.252.com.mx\/home\/fiscalia-cdmx-capacita-a-150-agentes-de-la-pdi-para-fortalecer-su-intervencion-en-audiencias\/","og_site_name":"Agencia252","article_publisher":"https:\/\/www.facebook.com\/252Comunicacion\/","article_author":"https:\/\/www.facebook.com\/jcorroherrera\/","article_published_time":"2026-08-31T19:55:09+00:00","article_modified_time":"2026-08-31T22:04:55+00:00","og_image":[{"width":2560,"height":1708,"url":"http:\/\/agencia.252.com.mx\/wp-content\/uploads\/2026\/08\/28-de-Agosto-Ceremonia-de-clausura-del-curso-LitigaciA\u00b3n-oral_-Interrogatorio-y-contrainterrogatorio-para-el-PDI-015-scaled.jpg","type":"image\/jpeg"}],"author":"Nacho Corro","twitter_card":"summary_large_image","twitter_creator":"@Juan Ignacio Corro Herrera","twitter_site":"@252COMS","twitter_misc":{"Escrito por":"Nacho Corro","Tiempo de lectura":"2 minutos"},"schema":{"@context":"https:\/\/schema.org","@graph":[{"@type":"Article","@id":"https:\/\/agencia.252.com.mx\/home\/fiscalia-cdmx-capacita-a-150-agentes-de-la-pdi-para-fortalecer-su-intervencion-en-audiencias\/#article","isPartOf":{"@id":"https:\/\/agencia.252.com.mx\/home\/fiscalia-cdmx-capacita-a-150-agentes-de-la-pdi-para-fortalecer-su-intervencion-en-audiencias\/"},"author":{"name":"Nacho Corro","@id":"https:\/\/agencia.252.com.mx\/home\/#\/schema\/person\/6b972021e9a92d45ade8c78d81509098"},"headline":"Fiscal\u00eda CDMX capacita a 150 agentes de la PDI para fortalecer su intervenci\u00f3n en audiencias","datePublished":"2026-08-31T19:55:09+00:00","dateModified":"2026-08-31T22:04:55+00:00","mainEntityOfPage":{"@id":"https:\/\/agencia.252.com.mx\/home\/fiscalia-cdmx-capacita-a-150-agentes-de-la-pdi-para-fortalecer-su-intervencion-en-audiencias\/"},"wordCount":305,"commentCount":0,"publisher":{"@id":"https:\/\/agencia.252.com.mx\/home\/#organization"},"image":{"@id":"https:\/\/agencia.252.com.mx\/home\/fiscalia-cdmx-capacita-a-150-agentes-de-la-pdi-para-fortalecer-su-intervencion-en-audiencias\/#primaryimage"},"thumbnailUrl":"https:\/\/agencia.252.com.mx\/wp-content\/uploads\/2026\/08\/28-de-Agosto-Ceremonia-de-clausura-del-curso-LitigaciA\u00b3n-oral_-Interrogatorio-y-contrainterrogatorio-para-el-PDI-015-scaled.jpg","keywords":["CDMX"],"articleSection":["CDMX","justicia","Metropoli","Seguridad"],"inLanguage":"es","potentialAction":[{"@type":"CommentAction","name":"Comment","target":["https:\/\/agencia.252.com.mx\/home\/fiscalia-cdmx-capacita-a-150-agentes-de-la-pdi-para-fortalecer-su-intervencion-en-audiencias\/#respond"]}]},{"@type":"WebPage","@id":"https:\/\/agencia.252.com.mx\/home\/fiscalia-cdmx-capacita-a-150-agentes-de-la-pdi-para-fortalecer-su-intervencion-en-audiencias\/","url":"https:\/\/agencia.252.com.mx\/home\/fiscalia-cdmx-capacita-a-150-agentes-de-la-pdi-para-fortalecer-su-intervencion-en-audiencias\/","name":"Fiscal\u00eda CDMX capacita a 150 agentes de la PDI para fortalecer su intervenci\u00f3n en audiencias - Agencia252","isPartOf":{"@id":"https:\/\/agencia.252.com.mx\/home\/#website"},"primaryImageOfPage":{"@id":"https:\/\/agencia.252.com.mx\/home\/fiscalia-cdmx-capacita-a-150-agentes-de-la-pdi-para-fortalecer-su-intervencion-en-audiencias\/#primaryimage"},"image":{"@id":"https:\/\/agencia.252.com.mx\/home\/fiscalia-cdmx-capacita-a-150-agentes-de-la-pdi-para-fortalecer-su-intervencion-en-audiencias\/#primaryimage"},"thumbnailUrl":"https:\/\/agencia.252.com.mx\/wp-content\/uploads\/2026\/08\/28-de-Agosto-Ceremonia-de-clausura-del-curso-LitigaciA\u00b3n-oral_-Interrogatorio-y-contrainterrogatorio-para-el-PDI-015-scaled.jpg","datePublished":"2026-08-31T19:55:09+00:00","dateModified":"2026-08-31T22:04:55+00:00","breadcrumb":{"@id":"https:\/\/agencia.252.com.mx\/home\/fiscalia-cdmx-capacita-a-150-agentes-de-la-pdi-para-fortalecer-su-intervencion-en-audiencias\/#breadcrumb"},"inLanguage":"es","potentialAction":[{"@type":"ReadAction","target":["https:\/\/agencia.252.com.mx\/home\/fiscalia-cdmx-capacita-a-150-agentes-de-la-pdi-para-fortalecer-su-intervencion-en-audiencias\/"]}]},{"@type":"ImageObject","inLanguage":"es","@id":"https:\/\/agencia.252.com.mx\/home\/fiscalia-cdmx-capacita-a-150-agentes-de-la-pdi-para-fortalecer-su-intervencion-en-audiencias\/#primaryimage","url":"https:\/\/agencia.252.com.mx\/wp-content\/uploads\/2026\/08\/28-de-Agosto-Ceremonia-de-clausura-del-curso-LitigaciA\u00b3n-oral_-Interrogatorio-y-contrainterrogatorio-para-el-PDI-015-scaled.jpg","contentUrl":"https:\/\/agencia.252.com.mx\/wp-content\/uploads\/2026\/08\/28-de-Agosto-Ceremonia-de-clausura-del-curso-LitigaciA\u00b3n-oral_-Interrogatorio-y-contrainterrogatorio-para-el-PDI-015-scaled.jpg","width":2560,"height":1708},{"@type":"BreadcrumbList","@id":"https:\/\/agencia.252.com.mx\/home\/fiscalia-cdmx-capacita-a-150-agentes-de-la-pdi-para-fortalecer-su-intervencion-en-audiencias\/#breadcrumb","itemListElement":[{"@type":"ListItem","position":1,"name":"Portada","item":"https:\/\/agencia.252.com.mx\/home\/"},{"@type":"ListItem","position":2,"name":"Fiscal\u00eda CDMX capacita a 150 agentes de la PDI para fortalecer su intervenci\u00f3n en audiencias"}]},{"@type":"WebSite","@id":"https:\/\/agencia.252.com.mx\/home\/#website","url":"https:\/\/agencia.252.com.mx\/home\/","name":"Agencia252","description":"Tu espacio en la Red","publisher":{"@id":"https:\/\/agencia.252.com.mx\/home\/#organization"},"potentialAction":[{"@type":"SearchAction","target":{"@type":"EntryPoint","urlTemplate":"https:\/\/agencia.252.com.mx\/home\/?s={search_term_string}"},"query-input":{"@type":"PropertyValueSpecification","valueRequired":true,"valueName":"search_term_string"}}],"inLanguage":"es"},{"@type":"Organization","@id":"https:\/\/agencia.252.com.mx\/home\/#organization","name":"Agencia252","url":"https:\/\/agencia.252.com.mx\/home\/","logo":{"@type":"ImageObject","inLanguage":"es","@id":"https:\/\/agencia.252.com.mx\/home\/#\/schema\/logo\/image\/","url":"https:\/\/agencia.252.com.mx\/wp-content\/uploads\/2023\/02\/cropped-ciruclo-agencia-e1677562404136.png","contentUrl":"https:\/\/agencia.252.com.mx\/wp-content\/uploads\/2023\/02\/cropped-ciruclo-agencia-e1677562404136.png","width":512,"height":512,"caption":"Agencia252"},"image":{"@id":"https:\/\/agencia.252.com.mx\/home\/#\/schema\/logo\/image\/"},"sameAs":["https:\/\/www.facebook.com\/252Comunicacion\/","https:\/\/x.com\/252COMS"]},{"@type":"Person","@id":"https:\/\/agencia.252.com.mx\/home\/#\/schema\/person\/6b972021e9a92d45ade8c78d81509098","name":"Nacho Corro","image":{"@type":"ImageObject","inLanguage":"es","@id":"https:\/\/secure.gravatar.com\/avatar\/5db6df507cfe1307e192fbb498c6b85f1cf2ffd8b4cd37141b9eea588fcbd5a4?s=96&r=g","url":"https:\/\/secure.gravatar.com\/avatar\/5db6df507cfe1307e192fbb498c6b85f1cf2ffd8b4cd37141b9eea588fcbd5a4?s=96&r=g","contentUrl":"https:\/\/secure.gravatar.com\/avatar\/5db6df507cfe1307e192fbb498c6b85f1cf2ffd8b4cd37141b9eea588fcbd5a4?s=96&r=g","caption":"Nacho Corro"},"description":"Comunicador Social, Periodista y Administraci\u00f3n P\u00fablica. Conversador pol\u00edtico, temas electorales y seguridad. Generador de contenidos digitales. Amante de la fotograf\u00eda","sameAs":["https:\/\/www.facebook.com\/jcorroherrera\/","www.instagram.com\/nachocorro\/","https:\/\/x.com\/Juan Ignacio Corro Herrera"],"url":"https:\/\/agencia.252.com.mx\/home\/author\/i-corro\/"}]}},"_links":{"self":[{"href":"https:\/\/agencia.252.com.mx\/home\/wp-json\/wp\/v2\/posts\/23008","targetHints":{"allow":["GET"]}}],"collection":[{"href":"https:\/\/agencia.252.com.mx\/home\/wp-json\/wp\/v2\/posts"}],"about":[{"href":"https:\/\/agencia.252.com.mx\/home\/wp-json\/wp\/v2\/types\/post"}],"author":[{"embeddable":true,"href":"https:\/\/agencia.252.com.mx\/home\/wp-json\/wp\/v2\/users\/5"}],"replies":[{"embeddable":true,"href":"https:\/\/agencia.252.com.mx\/home\/wp-json\/wp\/v2\/comments?post=23008"}],"version-history":[{"count":1,"href":"https:\/\/agencia.252.com.mx\/home\/wp-json\/wp\/v2\/posts\/23008\/revisions"}],"predecessor-version":[{"id":23011,"href":"https:\/\/agencia.252.com.mx\/home\/wp-json\/wp\/v2\/posts\/23008\/revisions\/23011"}],"wp:featuredmedia":[{"embeddable":true,"href":"https:\/\/agencia.252.com.mx\/home\/wp-json\/wp\/v2\/media\/23020"}],"wp:attachment":[{"href":"https:\/\/agencia.252.com.mx\/home\/wp-json\/wp\/v2\/media?parent=23008"}],"wp:term":[{"taxonomy":"category","embeddable":true,"href":"https:\/\/agencia.252.com.mx\/home\/wp-json\/wp\/v2\/categories?post=23008"},{"taxonomy":"post_tag","embeddable":true,"href":"https:\/\/agencia.252.com.mx\/home\/wp-json\/wp\/v2\/tags?post=23008"}],"curies":[{"name":"wp","href":"https:\/\/api.w.org\/{rel}","templated":true}]}}