{"id":22996,"date":"2026-08-31T12:36:01","date_gmt":"2026-08-31T18:36:01","guid":{"rendered":"https:\/\/agencia.252.com.mx\/home\/?p=22996"},"modified":"2026-08-31T12:36:04","modified_gmt":"2026-08-31T18:36:04","slug":"gobierno-de-ecatepec-despliega-operativo-especial-regreso-a-clases-seguro","status":"publish","type":"post","link":"https:\/\/agencia.252.com.mx\/home\/gobierno-de-ecatepec-despliega-operativo-especial-regreso-a-clases-seguro\/","title":{"rendered":"Gobierno de Ecatepec despliega operativo especial Regreso a clases seguro"},"content":{"rendered":"<p>Visitas: 0<\/p>\n<ul class=\"wp-block-list\">\n<li><em>M\u00e1s de dos mil elementos vigilan 710 planteles educativos<\/em><\/li>\n<\/ul>\n\n\n\n<p class=\"wp-block-paragraph\">Juan Ignacio Corro&nbsp;<\/p>\n\n\n\n<p class=\"has-text-align-right wp-block-paragraph\">Ecatepec, Estado de M\u00e9xico, a 31 de agosto de 2026<\/p>\n\n\n\n<p class=\"wp-block-paragraph\">M\u00e1s de 2 mil elementos fueron desplegados en 710 planteles educativos como parte del Operativo Regreso a Clases Seguro que instruy\u00f3 la presidenta municipal Azucena Cisneros Coss para reforzar la seguridad de estudiantes, familias y comunidades escolares tras el retorno a las aulas este lunes.<\/p>\n\n\n\n<p class=\"wp-block-paragraph\">El despliegue operativo realiz\u00f3 desde las 6:30 horas en inmediaciones de escuelas de nivel secundaria y medio superior para el arribo seguro de alumnos acompa\u00f1ados de los padres de familia, y m\u00e1s tarde en los planteles de preescolar y primaria para vigilar el acceso de estudiantes.<\/p>\n\n\n\n<figure class=\"wp-block-gallery has-nested-images columns-default is-cropped wp-block-gallery-1 is-layout-flex wp-block-gallery-is-layout-flex\">\n<figure class=\"wp-block-image size-large\"><img decoding=\"async\" data-id=\"22999\" src=\"https:\/\/agencia.252.com.mx\/wp-content\/uploads\/2026\/08\/WhatsApp-Image-2026-08-31-at-11.28.09-AM-1024x576.jpeg\" alt=\"\" class=\"wp-image-22999\"\/><\/figure>\n\n\n\n<figure class=\"wp-block-image size-large\"><img fetchpriority=\"high\" decoding=\"async\" width=\"1024\" height=\"682\" data-id=\"22998\" src=\"https:\/\/agencia.252.com.mx\/wp-content\/uploads\/2026\/08\/WhatsApp-Image-2026-08-31-at-11.28.08-AM-1024x682.jpeg\" alt=\"\" class=\"wp-image-22998\" srcset=\"https:\/\/agencia.252.com.mx\/wp-content\/uploads\/2026\/08\/WhatsApp-Image-2026-08-31-at-11.28.08-AM-1024x682.jpeg 1024w, https:\/\/agencia.252.com.mx\/wp-content\/uploads\/2026\/08\/WhatsApp-Image-2026-08-31-at-11.28.08-AM-300x200.jpeg 300w, https:\/\/agencia.252.com.mx\/wp-content\/uploads\/2026\/08\/WhatsApp-Image-2026-08-31-at-11.28.08-AM-768x512.jpeg 768w, https:\/\/agencia.252.com.mx\/wp-content\/uploads\/2026\/08\/WhatsApp-Image-2026-08-31-at-11.28.08-AM.jpeg 1280w\" sizes=\"(max-width: 1024px) 100vw, 1024px\" \/><\/figure>\n<\/figure>\n\n\n\n<p class=\"wp-block-paragraph\">Personal de Tr\u00e1nsito Municipal implement\u00f3 dispositivos viales para agilizar la circulaci\u00f3n en vialidades principales y en los accesos a las escuelas, mientras que personal de Prevenci\u00f3n del Delito realiz\u00f3 proximidad social con las y los padres de familia sobre el funcionamiento de la Red Violeta y la aplicaci\u00f3n que pueden descargar en sus dispositivos m\u00f3viles.<\/p>\n\n\n\n<p class=\"wp-block-paragraph\">En tanto que polic\u00edas sectoriales, de Polic\u00eda Metropolitana, Grupo de Operaciones Especiales, Unidad Canina y Fuerza de Tarea Marina realizaron presencia pie tierra y patrullajes en la entrada de los planteles y recorridos en los alrededores para garantizar seguridad en los traslados de las familias y alumnos.<\/p>\n\n\n\n<p class=\"wp-block-paragraph\"><\/p>\n","protected":false},"excerpt":{"rendered":"<p>Visitas: 0 Juan Ignacio Corro&nbsp; Ecatepec, Estado de M\u00e9xico, a 31 de agosto de 2026 M\u00e1s de 2 mil elementos fueron desplegados en 710 planteles educativos como parte del Operativo Regreso a Clases Seguro que instruy\u00f3 la presidenta municipal Azucena Cisneros Coss para reforzar la seguridad de estudiantes, familias y comunidades escolares tras el retorno [&hellip;]<\/p>\n","protected":false},"author":5,"featured_media":22997,"comment_status":"open","ping_status":"open","sticky":false,"template":"","format":"standard","meta":{"site-sidebar-layout":"default","site-content-layout":"","ast-site-content-layout":"default","site-content-style":"default","site-sidebar-style":"default","ast-global-header-display":"","ast-banner-title-visibility":"","ast-main-header-display":"","ast-hfb-above-header-display":"","ast-hfb-below-header-display":"","ast-hfb-mobile-header-display":"","site-post-title":"","ast-breadcrumbs-content":"","ast-featured-img":"","footer-sml-layout":"","ast-disable-related-posts":"","theme-transparent-header-meta":"","adv-header-id-meta":"","stick-header-meta":"","header-above-stick-meta":"","header-main-stick-meta":"","header-below-stick-meta":"","astra-migrate-meta-layouts":"set","ast-page-background-enabled":"default","ast-page-background-meta":{"desktop":{"background-color":"var(--ast-global-color-4)","background-image":"","background-repeat":"repeat","background-position":"center center","background-size":"auto","background-attachment":"scroll","background-type":"","background-media":"","overlay-type":"","overlay-color":"","overlay-opacity":"","overlay-gradient":""},"tablet":{"background-color":"","background-image":"","background-repeat":"repeat","background-position":"center center","background-size":"auto","background-attachment":"scroll","background-type":"","background-media":"","overlay-type":"","overlay-color":"","overlay-opacity":"","overlay-gradient":""},"mobile":{"background-color":"","background-image":"","background-repeat":"repeat","background-position":"center center","background-size":"auto","background-attachment":"scroll","background-type":"","background-media":"","overlay-type":"","overlay-color":"","overlay-opacity":"","overlay-gradient":""}},"ast-content-background-meta":{"desktop":{"background-color":"var(--ast-global-color-5)","background-image":"","background-repeat":"repeat","background-position":"center center","background-size":"auto","background-attachment":"scroll","background-type":"","background-media":"","overlay-type":"","overlay-color":"","overlay-opacity":"","overlay-gradient":""},"tablet":{"background-color":"var(--ast-global-color-5)","background-image":"","background-repeat":"repeat","background-position":"center center","background-size":"auto","background-attachment":"scroll","background-type":"","background-media":"","overlay-type":"","overlay-color":"","overlay-opacity":"","overlay-gradient":""},"mobile":{"background-color":"var(--ast-global-color-5)","background-image":"","background-repeat":"repeat","background-position":"center center","background-size":"auto","background-attachment":"scroll","background-type":"","background-media":"","overlay-type":"","overlay-color":"","overlay-opacity":"","overlay-gradient":""}},"footnotes":""},"categories":[38,8,512,68],"tags":[],"class_list":["post-22996","post","type-post","status-publish","format-standard","has-post-thumbnail","hentry","category-ecatepec","category-edomex","category-metropoli","category-seguridad"],"yoast_head":"<!-- This site is optimized with the Yoast SEO plugin v28.3 - https:\/\/yoast.com\/product\/yoast-seo-wordpress\/ -->\n<title>Gobierno de Ecatepec despliega operativo especial Regreso a clases seguro - Agencia252<\/title>\n<meta name=\"robots\" content=\"index, follow, max-snippet:-1, max-image-preview:large, max-video-preview:-1\" \/>\n<link rel=\"canonical\" href=\"https:\/\/agencia.252.com.mx\/home\/gobierno-de-ecatepec-despliega-operativo-especial-regreso-a-clases-seguro\/\" \/>\n<meta property=\"og:locale\" content=\"es_ES\" \/>\n<meta property=\"og:type\" content=\"article\" \/>\n<meta property=\"og:title\" content=\"Gobierno de Ecatepec despliega operativo especial Regreso a clases seguro - Agencia252\" \/>\n<meta property=\"og:description\" content=\"Visitas: 0 Juan Ignacio Corro&nbsp; Ecatepec, Estado de M\u00e9xico, a 31 de agosto de 2026 M\u00e1s de 2 mil elementos fueron desplegados en 710 planteles educativos como parte del Operativo Regreso a Clases Seguro que instruy\u00f3 la presidenta municipal Azucena Cisneros Coss para reforzar la seguridad de estudiantes, familias y comunidades escolares tras el retorno [&hellip;]\" \/>\n<meta property=\"og:url\" content=\"https:\/\/agencia.252.com.mx\/home\/gobierno-de-ecatepec-despliega-operativo-especial-regreso-a-clases-seguro\/\" \/>\n<meta property=\"og:site_name\" content=\"Agencia252\" \/>\n<meta property=\"article:publisher\" content=\"https:\/\/www.facebook.com\/252Comunicacion\/\" \/>\n<meta property=\"article:author\" content=\"https:\/\/www.facebook.com\/jcorroherrera\/\" \/>\n<meta property=\"article:published_time\" content=\"2026-08-31T18:36:01+00:00\" \/>\n<meta property=\"article:modified_time\" content=\"2026-08-31T18:36:04+00:00\" \/>\n<meta property=\"og:image\" content=\"http:\/\/agencia.252.com.mx\/wp-content\/uploads\/2026\/08\/WhatsApp-Image-2026-08-31-at-11.28.09-AM-2.jpeg\" \/>\n\t<meta property=\"og:image:width\" content=\"1280\" \/>\n\t<meta property=\"og:image:height\" content=\"720\" \/>\n\t<meta property=\"og:image:type\" content=\"image\/jpeg\" \/>\n<meta name=\"author\" content=\"Nacho Corro\" \/>\n<meta name=\"twitter:card\" content=\"summary_large_image\" \/>\n<meta name=\"twitter:creator\" content=\"@Juan Ignacio Corro Herrera\" \/>\n<meta name=\"twitter:site\" content=\"@252COMS\" \/>\n<meta name=\"twitter:label1\" content=\"Escrito por\" \/>\n\t<meta name=\"twitter:data1\" content=\"Nacho Corro\" \/>\n\t<meta name=\"twitter:label2\" content=\"Tiempo de lectura\" \/>\n\t<meta name=\"twitter:data2\" content=\"2 minutos\" \/>\n<script type=\"application\/ld+json\" class=\"yoast-schema-graph\">{\"@context\":\"https:\\\/\\\/schema.org\",\"@graph\":[{\"@type\":\"Article\",\"@id\":\"https:\\\/\\\/agencia.252.com.mx\\\/home\\\/gobierno-de-ecatepec-despliega-operativo-especial-regreso-a-clases-seguro\\\/#article\",\"isPartOf\":{\"@id\":\"https:\\\/\\\/agencia.252.com.mx\\\/home\\\/gobierno-de-ecatepec-despliega-operativo-especial-regreso-a-clases-seguro\\\/\"},\"author\":{\"name\":\"Nacho Corro\",\"@id\":\"https:\\\/\\\/agencia.252.com.mx\\\/home\\\/#\\\/schema\\\/person\\\/6b972021e9a92d45ade8c78d81509098\"},\"headline\":\"Gobierno de Ecatepec despliega operativo especial Regreso a clases seguro\",\"datePublished\":\"2026-08-31T18:36:01+00:00\",\"dateModified\":\"2026-08-31T18:36:04+00:00\",\"mainEntityOfPage\":{\"@id\":\"https:\\\/\\\/agencia.252.com.mx\\\/home\\\/gobierno-de-ecatepec-despliega-operativo-especial-regreso-a-clases-seguro\\\/\"},\"wordCount\":232,\"commentCount\":0,\"publisher\":{\"@id\":\"https:\\\/\\\/agencia.252.com.mx\\\/home\\\/#organization\"},\"image\":{\"@id\":\"https:\\\/\\\/agencia.252.com.mx\\\/home\\\/gobierno-de-ecatepec-despliega-operativo-especial-regreso-a-clases-seguro\\\/#primaryimage\"},\"thumbnailUrl\":\"https:\\\/\\\/agencia.252.com.mx\\\/wp-content\\\/uploads\\\/2026\\\/08\\\/WhatsApp-Image-2026-08-31-at-11.28.09-AM-2.jpeg\",\"articleSection\":[\"Ecatepec\",\"Edomex\",\"Metropoli\",\"Seguridad\"],\"inLanguage\":\"es\",\"potentialAction\":[{\"@type\":\"CommentAction\",\"name\":\"Comment\",\"target\":[\"https:\\\/\\\/agencia.252.com.mx\\\/home\\\/gobierno-de-ecatepec-despliega-operativo-especial-regreso-a-clases-seguro\\\/#respond\"]}]},{\"@type\":\"WebPage\",\"@id\":\"https:\\\/\\\/agencia.252.com.mx\\\/home\\\/gobierno-de-ecatepec-despliega-operativo-especial-regreso-a-clases-seguro\\\/\",\"url\":\"https:\\\/\\\/agencia.252.com.mx\\\/home\\\/gobierno-de-ecatepec-despliega-operativo-especial-regreso-a-clases-seguro\\\/\",\"name\":\"Gobierno de Ecatepec despliega operativo especial Regreso a clases seguro - Agencia252\",\"isPartOf\":{\"@id\":\"https:\\\/\\\/agencia.252.com.mx\\\/home\\\/#website\"},\"primaryImageOfPage\":{\"@id\":\"https:\\\/\\\/agencia.252.com.mx\\\/home\\\/gobierno-de-ecatepec-despliega-operativo-especial-regreso-a-clases-seguro\\\/#primaryimage\"},\"image\":{\"@id\":\"https:\\\/\\\/agencia.252.com.mx\\\/home\\\/gobierno-de-ecatepec-despliega-operativo-especial-regreso-a-clases-seguro\\\/#primaryimage\"},\"thumbnailUrl\":\"https:\\\/\\\/agencia.252.com.mx\\\/wp-content\\\/uploads\\\/2026\\\/08\\\/WhatsApp-Image-2026-08-31-at-11.28.09-AM-2.jpeg\",\"datePublished\":\"2026-08-31T18:36:01+00:00\",\"dateModified\":\"2026-08-31T18:36:04+00:00\",\"breadcrumb\":{\"@id\":\"https:\\\/\\\/agencia.252.com.mx\\\/home\\\/gobierno-de-ecatepec-despliega-operativo-especial-regreso-a-clases-seguro\\\/#breadcrumb\"},\"inLanguage\":\"es\",\"potentialAction\":[{\"@type\":\"ReadAction\",\"target\":[\"https:\\\/\\\/agencia.252.com.mx\\\/home\\\/gobierno-de-ecatepec-despliega-operativo-especial-regreso-a-clases-seguro\\\/\"]}]},{\"@type\":\"ImageObject\",\"inLanguage\":\"es\",\"@id\":\"https:\\\/\\\/agencia.252.com.mx\\\/home\\\/gobierno-de-ecatepec-despliega-operativo-especial-regreso-a-clases-seguro\\\/#primaryimage\",\"url\":\"https:\\\/\\\/agencia.252.com.mx\\\/wp-content\\\/uploads\\\/2026\\\/08\\\/WhatsApp-Image-2026-08-31-at-11.28.09-AM-2.jpeg\",\"contentUrl\":\"https:\\\/\\\/agencia.252.com.mx\\\/wp-content\\\/uploads\\\/2026\\\/08\\\/WhatsApp-Image-2026-08-31-at-11.28.09-AM-2.jpeg\",\"width\":1280,\"height\":720},{\"@type\":\"BreadcrumbList\",\"@id\":\"https:\\\/\\\/agencia.252.com.mx\\\/home\\\/gobierno-de-ecatepec-despliega-operativo-especial-regreso-a-clases-seguro\\\/#breadcrumb\",\"itemListElement\":[{\"@type\":\"ListItem\",\"position\":1,\"name\":\"Portada\",\"item\":\"https:\\\/\\\/agencia.252.com.mx\\\/home\\\/\"},{\"@type\":\"ListItem\",\"position\":2,\"name\":\"Gobierno de Ecatepec despliega operativo especial Regreso a clases seguro\"}]},{\"@type\":\"WebSite\",\"@id\":\"https:\\\/\\\/agencia.252.com.mx\\\/home\\\/#website\",\"url\":\"https:\\\/\\\/agencia.252.com.mx\\\/home\\\/\",\"name\":\"Agencia252\",\"description\":\"Tu espacio en la Red\",\"publisher\":{\"@id\":\"https:\\\/\\\/agencia.252.com.mx\\\/home\\\/#organization\"},\"potentialAction\":[{\"@type\":\"SearchAction\",\"target\":{\"@type\":\"EntryPoint\",\"urlTemplate\":\"https:\\\/\\\/agencia.252.com.mx\\\/home\\\/?s={search_term_string}\"},\"query-input\":{\"@type\":\"PropertyValueSpecification\",\"valueRequired\":true,\"valueName\":\"search_term_string\"}}],\"inLanguage\":\"es\"},{\"@type\":\"Organization\",\"@id\":\"https:\\\/\\\/agencia.252.com.mx\\\/home\\\/#organization\",\"name\":\"Agencia252\",\"url\":\"https:\\\/\\\/agencia.252.com.mx\\\/home\\\/\",\"logo\":{\"@type\":\"ImageObject\",\"inLanguage\":\"es\",\"@id\":\"https:\\\/\\\/agencia.252.com.mx\\\/home\\\/#\\\/schema\\\/logo\\\/image\\\/\",\"url\":\"https:\\\/\\\/agencia.252.com.mx\\\/wp-content\\\/uploads\\\/2023\\\/02\\\/cropped-ciruclo-agencia-e1677562404136.png\",\"contentUrl\":\"https:\\\/\\\/agencia.252.com.mx\\\/wp-content\\\/uploads\\\/2023\\\/02\\\/cropped-ciruclo-agencia-e1677562404136.png\",\"width\":512,\"height\":512,\"caption\":\"Agencia252\"},\"image\":{\"@id\":\"https:\\\/\\\/agencia.252.com.mx\\\/home\\\/#\\\/schema\\\/logo\\\/image\\\/\"},\"sameAs\":[\"https:\\\/\\\/www.facebook.com\\\/252Comunicacion\\\/\",\"https:\\\/\\\/x.com\\\/252COMS\"]},{\"@type\":\"Person\",\"@id\":\"https:\\\/\\\/agencia.252.com.mx\\\/home\\\/#\\\/schema\\\/person\\\/6b972021e9a92d45ade8c78d81509098\",\"name\":\"Nacho Corro\",\"image\":{\"@type\":\"ImageObject\",\"inLanguage\":\"es\",\"@id\":\"https:\\\/\\\/secure.gravatar.com\\\/avatar\\\/5db6df507cfe1307e192fbb498c6b85f1cf2ffd8b4cd37141b9eea588fcbd5a4?s=96&r=g\",\"url\":\"https:\\\/\\\/secure.gravatar.com\\\/avatar\\\/5db6df507cfe1307e192fbb498c6b85f1cf2ffd8b4cd37141b9eea588fcbd5a4?s=96&r=g\",\"contentUrl\":\"https:\\\/\\\/secure.gravatar.com\\\/avatar\\\/5db6df507cfe1307e192fbb498c6b85f1cf2ffd8b4cd37141b9eea588fcbd5a4?s=96&r=g\",\"caption\":\"Nacho Corro\"},\"description\":\"Comunicador Social, Periodista y Administraci\u00f3n P\u00fablica. Conversador pol\u00edtico, temas electorales y seguridad. Generador de contenidos digitales. Amante de la fotograf\u00eda\",\"sameAs\":[\"https:\\\/\\\/www.facebook.com\\\/jcorroherrera\\\/\",\"www.instagram.com\\\/nachocorro\\\/\",\"https:\\\/\\\/x.com\\\/Juan Ignacio Corro Herrera\"],\"url\":\"https:\\\/\\\/agencia.252.com.mx\\\/home\\\/author\\\/i-corro\\\/\"}]}<\/script>\n<!-- \/ Yoast SEO plugin. -->","yoast_head_json":{"title":"Gobierno de Ecatepec despliega operativo especial Regreso a clases seguro - Agencia252","robots":{"index":"index","follow":"follow","max-snippet":"max-snippet:-1","max-image-preview":"max-image-preview:large","max-video-preview":"max-video-preview:-1"},"canonical":"https:\/\/agencia.252.com.mx\/home\/gobierno-de-ecatepec-despliega-operativo-especial-regreso-a-clases-seguro\/","og_locale":"es_ES","og_type":"article","og_title":"Gobierno de Ecatepec despliega operativo especial Regreso a clases seguro - Agencia252","og_description":"Visitas: 0 Juan Ignacio Corro&nbsp; Ecatepec, Estado de M\u00e9xico, a 31 de agosto de 2026 M\u00e1s de 2 mil elementos fueron desplegados en 710 planteles educativos como parte del Operativo Regreso a Clases Seguro que instruy\u00f3 la presidenta municipal Azucena Cisneros Coss para reforzar la seguridad de estudiantes, familias y comunidades escolares tras el retorno [&hellip;]","og_url":"https:\/\/agencia.252.com.mx\/home\/gobierno-de-ecatepec-despliega-operativo-especial-regreso-a-clases-seguro\/","og_site_name":"Agencia252","article_publisher":"https:\/\/www.facebook.com\/252Comunicacion\/","article_author":"https:\/\/www.facebook.com\/jcorroherrera\/","article_published_time":"2026-08-31T18:36:01+00:00","article_modified_time":"2026-08-31T18:36:04+00:00","og_image":[{"width":1280,"height":720,"url":"http:\/\/agencia.252.com.mx\/wp-content\/uploads\/2026\/08\/WhatsApp-Image-2026-08-31-at-11.28.09-AM-2.jpeg","type":"image\/jpeg"}],"author":"Nacho Corro","twitter_card":"summary_large_image","twitter_creator":"@Juan Ignacio Corro Herrera","twitter_site":"@252COMS","twitter_misc":{"Escrito por":"Nacho Corro","Tiempo de lectura":"2 minutos"},"schema":{"@context":"https:\/\/schema.org","@graph":[{"@type":"Article","@id":"https:\/\/agencia.252.com.mx\/home\/gobierno-de-ecatepec-despliega-operativo-especial-regreso-a-clases-seguro\/#article","isPartOf":{"@id":"https:\/\/agencia.252.com.mx\/home\/gobierno-de-ecatepec-despliega-operativo-especial-regreso-a-clases-seguro\/"},"author":{"name":"Nacho Corro","@id":"https:\/\/agencia.252.com.mx\/home\/#\/schema\/person\/6b972021e9a92d45ade8c78d81509098"},"headline":"Gobierno de Ecatepec despliega operativo especial Regreso a clases seguro","datePublished":"2026-08-31T18:36:01+00:00","dateModified":"2026-08-31T18:36:04+00:00","mainEntityOfPage":{"@id":"https:\/\/agencia.252.com.mx\/home\/gobierno-de-ecatepec-despliega-operativo-especial-regreso-a-clases-seguro\/"},"wordCount":232,"commentCount":0,"publisher":{"@id":"https:\/\/agencia.252.com.mx\/home\/#organization"},"image":{"@id":"https:\/\/agencia.252.com.mx\/home\/gobierno-de-ecatepec-despliega-operativo-especial-regreso-a-clases-seguro\/#primaryimage"},"thumbnailUrl":"https:\/\/agencia.252.com.mx\/wp-content\/uploads\/2026\/08\/WhatsApp-Image-2026-08-31-at-11.28.09-AM-2.jpeg","articleSection":["Ecatepec","Edomex","Metropoli","Seguridad"],"inLanguage":"es","potentialAction":[{"@type":"CommentAction","name":"Comment","target":["https:\/\/agencia.252.com.mx\/home\/gobierno-de-ecatepec-despliega-operativo-especial-regreso-a-clases-seguro\/#respond"]}]},{"@type":"WebPage","@id":"https:\/\/agencia.252.com.mx\/home\/gobierno-de-ecatepec-despliega-operativo-especial-regreso-a-clases-seguro\/","url":"https:\/\/agencia.252.com.mx\/home\/gobierno-de-ecatepec-despliega-operativo-especial-regreso-a-clases-seguro\/","name":"Gobierno de Ecatepec despliega operativo especial Regreso a clases seguro - Agencia252","isPartOf":{"@id":"https:\/\/agencia.252.com.mx\/home\/#website"},"primaryImageOfPage":{"@id":"https:\/\/agencia.252.com.mx\/home\/gobierno-de-ecatepec-despliega-operativo-especial-regreso-a-clases-seguro\/#primaryimage"},"image":{"@id":"https:\/\/agencia.252.com.mx\/home\/gobierno-de-ecatepec-despliega-operativo-especial-regreso-a-clases-seguro\/#primaryimage"},"thumbnailUrl":"https:\/\/agencia.252.com.mx\/wp-content\/uploads\/2026\/08\/WhatsApp-Image-2026-08-31-at-11.28.09-AM-2.jpeg","datePublished":"2026-08-31T18:36:01+00:00","dateModified":"2026-08-31T18:36:04+00:00","breadcrumb":{"@id":"https:\/\/agencia.252.com.mx\/home\/gobierno-de-ecatepec-despliega-operativo-especial-regreso-a-clases-seguro\/#breadcrumb"},"inLanguage":"es","potentialAction":[{"@type":"ReadAction","target":["https:\/\/agencia.252.com.mx\/home\/gobierno-de-ecatepec-despliega-operativo-especial-regreso-a-clases-seguro\/"]}]},{"@type":"ImageObject","inLanguage":"es","@id":"https:\/\/agencia.252.com.mx\/home\/gobierno-de-ecatepec-despliega-operativo-especial-regreso-a-clases-seguro\/#primaryimage","url":"https:\/\/agencia.252.com.mx\/wp-content\/uploads\/2026\/08\/WhatsApp-Image-2026-08-31-at-11.28.09-AM-2.jpeg","contentUrl":"https:\/\/agencia.252.com.mx\/wp-content\/uploads\/2026\/08\/WhatsApp-Image-2026-08-31-at-11.28.09-AM-2.jpeg","width":1280,"height":720},{"@type":"BreadcrumbList","@id":"https:\/\/agencia.252.com.mx\/home\/gobierno-de-ecatepec-despliega-operativo-especial-regreso-a-clases-seguro\/#breadcrumb","itemListElement":[{"@type":"ListItem","position":1,"name":"Portada","item":"https:\/\/agencia.252.com.mx\/home\/"},{"@type":"ListItem","position":2,"name":"Gobierno de Ecatepec despliega operativo especial Regreso a clases seguro"}]},{"@type":"WebSite","@id":"https:\/\/agencia.252.com.mx\/home\/#website","url":"https:\/\/agencia.252.com.mx\/home\/","name":"Agencia252","description":"Tu espacio en la Red","publisher":{"@id":"https:\/\/agencia.252.com.mx\/home\/#organization"},"potentialAction":[{"@type":"SearchAction","target":{"@type":"EntryPoint","urlTemplate":"https:\/\/agencia.252.com.mx\/home\/?s={search_term_string}"},"query-input":{"@type":"PropertyValueSpecification","valueRequired":true,"valueName":"search_term_string"}}],"inLanguage":"es"},{"@type":"Organization","@id":"https:\/\/agencia.252.com.mx\/home\/#organization","name":"Agencia252","url":"https:\/\/agencia.252.com.mx\/home\/","logo":{"@type":"ImageObject","inLanguage":"es","@id":"https:\/\/agencia.252.com.mx\/home\/#\/schema\/logo\/image\/","url":"https:\/\/agencia.252.com.mx\/wp-content\/uploads\/2023\/02\/cropped-ciruclo-agencia-e1677562404136.png","contentUrl":"https:\/\/agencia.252.com.mx\/wp-content\/uploads\/2023\/02\/cropped-ciruclo-agencia-e1677562404136.png","width":512,"height":512,"caption":"Agencia252"},"image":{"@id":"https:\/\/agencia.252.com.mx\/home\/#\/schema\/logo\/image\/"},"sameAs":["https:\/\/www.facebook.com\/252Comunicacion\/","https:\/\/x.com\/252COMS"]},{"@type":"Person","@id":"https:\/\/agencia.252.com.mx\/home\/#\/schema\/person\/6b972021e9a92d45ade8c78d81509098","name":"Nacho Corro","image":{"@type":"ImageObject","inLanguage":"es","@id":"https:\/\/secure.gravatar.com\/avatar\/5db6df507cfe1307e192fbb498c6b85f1cf2ffd8b4cd37141b9eea588fcbd5a4?s=96&r=g","url":"https:\/\/secure.gravatar.com\/avatar\/5db6df507cfe1307e192fbb498c6b85f1cf2ffd8b4cd37141b9eea588fcbd5a4?s=96&r=g","contentUrl":"https:\/\/secure.gravatar.com\/avatar\/5db6df507cfe1307e192fbb498c6b85f1cf2ffd8b4cd37141b9eea588fcbd5a4?s=96&r=g","caption":"Nacho Corro"},"description":"Comunicador Social, Periodista y Administraci\u00f3n P\u00fablica. Conversador pol\u00edtico, temas electorales y seguridad. Generador de contenidos digitales. Amante de la fotograf\u00eda","sameAs":["https:\/\/www.facebook.com\/jcorroherrera\/","www.instagram.com\/nachocorro\/","https:\/\/x.com\/Juan Ignacio Corro Herrera"],"url":"https:\/\/agencia.252.com.mx\/home\/author\/i-corro\/"}]}},"_links":{"self":[{"href":"https:\/\/agencia.252.com.mx\/home\/wp-json\/wp\/v2\/posts\/22996","targetHints":{"allow":["GET"]}}],"collection":[{"href":"https:\/\/agencia.252.com.mx\/home\/wp-json\/wp\/v2\/posts"}],"about":[{"href":"https:\/\/agencia.252.com.mx\/home\/wp-json\/wp\/v2\/types\/post"}],"author":[{"embeddable":true,"href":"https:\/\/agencia.252.com.mx\/home\/wp-json\/wp\/v2\/users\/5"}],"replies":[{"embeddable":true,"href":"https:\/\/agencia.252.com.mx\/home\/wp-json\/wp\/v2\/comments?post=22996"}],"version-history":[{"count":1,"href":"https:\/\/agencia.252.com.mx\/home\/wp-json\/wp\/v2\/posts\/22996\/revisions"}],"predecessor-version":[{"id":23000,"href":"https:\/\/agencia.252.com.mx\/home\/wp-json\/wp\/v2\/posts\/22996\/revisions\/23000"}],"wp:featuredmedia":[{"embeddable":true,"href":"https:\/\/agencia.252.com.mx\/home\/wp-json\/wp\/v2\/media\/22997"}],"wp:attachment":[{"href":"https:\/\/agencia.252.com.mx\/home\/wp-json\/wp\/v2\/media?parent=22996"}],"wp:term":[{"taxonomy":"category","embeddable":true,"href":"https:\/\/agencia.252.com.mx\/home\/wp-json\/wp\/v2\/categories?post=22996"},{"taxonomy":"post_tag","embeddable":true,"href":"https:\/\/agencia.252.com.mx\/home\/wp-json\/wp\/v2\/tags?post=22996"}],"curies":[{"name":"wp","href":"https:\/\/api.w.org\/{rel}","templated":true}]}}