{"id":22987,"date":"2026-08-30T17:14:35","date_gmt":"2026-08-30T23:14:35","guid":{"rendered":"https:\/\/agencia.252.com.mx\/home\/?p=22987"},"modified":"2026-08-30T17:14:36","modified_gmt":"2026-08-30T23:14:36","slug":"personas-adultas-mayores-contribuyeron-a-construir-los-barrios-colonias-fraccionamientos-y-pueblos-y-la-grandeza-de-naucalpan","status":"publish","type":"post","link":"https:\/\/agencia.252.com.mx\/home\/personas-adultas-mayores-contribuyeron-a-construir-los-barrios-colonias-fraccionamientos-y-pueblos-y-la-grandeza-de-naucalpan\/","title":{"rendered":"Personas adultas mayores contribuyeron a construir los barrios, colonias, fraccionamientos y pueblos y la grandeza de Naucalpan"},"content":{"rendered":"<p>Visitas: 0<\/p>\n<ul class=\"wp-block-list\">\n<li><em>Isaac Montoya y Adriana G. Escobar festejaron a m\u00e1s de mil abuelitas y abuelitos en el marco del D\u00eda de las Personas Adultas Mayores<\/em><\/li>\n\n\n\n<li><em>\u2060<\/em><em>El Gobierno Municipal impulsa servicios de salud, alimentaci\u00f3n, actividades f\u00edsicas y culturales, as\u00ed como espacios dignos para este sector<\/em><\/li>\n<\/ul>\n\n\n\n<p class=\"wp-block-paragraph\">Juan Ignacio Corro&nbsp;<\/p>\n\n\n\n<p class=\"has-text-align-right wp-block-paragraph\">Naucalpan, Estado de M\u00e9xico, a 30 de agosto de 2026<\/p>\n\n\n\n<p class=\"wp-block-paragraph\">Al reconocer que con su trabajo, esfuerzo y dedicaci\u00f3n las personas adultas mayores contribuyeron a construir los barrios, colonias, fraccionamientos y pueblos y la grandeza de Naucalpan, el Presidente Municipal, Isaac Montoya M\u00e1rquez, y la Presidenta Honoraria del DIF Municipal, Adriana G. Escobar, festejaron a m\u00e1s de mil abuelitas y abuelitos con motivo del D\u00eda de las Personas Adultas Mayores.<\/p>\n\n\n\n<p class=\"wp-block-paragraph\">En el Centro de Exposiciones, Ferias y Eventos (CEFE) del Parque Naucalli, donde se reunieron integrantes de 31 clubes de adultos mayores, dos casas de d\u00eda y un centro de larga estad\u00eda, el Alcalde destac\u00f3 que las personas adultas mayores son la memoria viva y colectiva de Naucalpan, por lo que su gobierno tiene la responsabilidad de reconocer y valorar su aportaci\u00f3n a la construcci\u00f3n del municipio.<\/p>\n\n\n\n<p class=\"wp-block-paragraph\">Se\u00f1al\u00f3 que el desarrollo y la grandeza que hoy distinguen al municipio son resultado tambi\u00e9n del esfuerzo de generaciones que durante d\u00e9cadas trabajaron para sacar adelante a sus familias y comunidades, por lo que hoy Naucalpan es el municipio m\u00e1s importante del Estado de M\u00e9xico en t\u00e9rminos de aportaci\u00f3n econ\u00f3mica, al generar m\u00e1s del 17 por ciento del Producto Interno Bruto estatal.<\/p>\n\n\n\n<p class=\"wp-block-paragraph\">Isaac Montoya explic\u00f3 que el Gobierno Municipal impulsa acciones para acercar a este sector servicios de salud, alimentaci\u00f3n, lentes, activaciones f\u00edsicas, actividades culturales y espacios de convivencia, adem\u00e1s de mejorar los lugares donde se desarrollan sus actividades para que cuenten con instalaciones m\u00e1s dignas.<\/p>\n\n\n\n<p class=\"wp-block-paragraph\">En este sentido, anunci\u00f3 que tambi\u00e9n se trabaja en la creaci\u00f3n de parques para las personas adultas mayores, con espacios adecuados para que puedan realizar activaciones f\u00edsicas, convivir y desarrollar diversas actividades recreativas.<\/p>\n\n\n\n<p class=\"wp-block-paragraph\">Durante el festejo, las y los abuelitos provenientes de distintas regiones de Naucalpan disfrutaron de m\u00fasica, baile, alimentos, rifas y viajes, en una jornada que tuvo como prop\u00f3sito celebrar su vida, reconocer sus aportaciones y refrendar el compromiso del Gobierno Municipal de continuar construyendo un Naucalpan donde las personas adultas mayores sean valoradas, escuchadas y atendidas con dignidad.<\/p>\n\n\n\n<p class=\"wp-block-paragraph\"><\/p>\n","protected":false},"excerpt":{"rendered":"<p>Visitas: 0 Juan Ignacio Corro&nbsp; Naucalpan, Estado de M\u00e9xico, a 30 de agosto de 2026 Al reconocer que con su trabajo, esfuerzo y dedicaci\u00f3n las personas adultas mayores contribuyeron a construir los barrios, colonias, fraccionamientos y pueblos y la grandeza de Naucalpan, el Presidente Municipal, Isaac Montoya M\u00e1rquez, y la Presidenta Honoraria del DIF Municipal, [&hellip;]<\/p>\n","protected":false},"author":5,"featured_media":22988,"comment_status":"open","ping_status":"open","sticky":false,"template":"","format":"standard","meta":{"site-sidebar-layout":"default","site-content-layout":"","ast-site-content-layout":"default","site-content-style":"default","site-sidebar-style":"default","ast-global-header-display":"","ast-banner-title-visibility":"","ast-main-header-display":"","ast-hfb-above-header-display":"","ast-hfb-below-header-display":"","ast-hfb-mobile-header-display":"","site-post-title":"","ast-breadcrumbs-content":"","ast-featured-img":"","footer-sml-layout":"","ast-disable-related-posts":"","theme-transparent-header-meta":"","adv-header-id-meta":"","stick-header-meta":"","header-above-stick-meta":"","header-main-stick-meta":"","header-below-stick-meta":"","astra-migrate-meta-layouts":"set","ast-page-background-enabled":"default","ast-page-background-meta":{"desktop":{"background-color":"var(--ast-global-color-4)","background-image":"","background-repeat":"repeat","background-position":"center center","background-size":"auto","background-attachment":"scroll","background-type":"","background-media":"","overlay-type":"","overlay-color":"","overlay-opacity":"","overlay-gradient":""},"tablet":{"background-color":"","background-image":"","background-repeat":"repeat","background-position":"center center","background-size":"auto","background-attachment":"scroll","background-type":"","background-media":"","overlay-type":"","overlay-color":"","overlay-opacity":"","overlay-gradient":""},"mobile":{"background-color":"","background-image":"","background-repeat":"repeat","background-position":"center center","background-size":"auto","background-attachment":"scroll","background-type":"","background-media":"","overlay-type":"","overlay-color":"","overlay-opacity":"","overlay-gradient":""}},"ast-content-background-meta":{"desktop":{"background-color":"var(--ast-global-color-5)","background-image":"","background-repeat":"repeat","background-position":"center center","background-size":"auto","background-attachment":"scroll","background-type":"","background-media":"","overlay-type":"","overlay-color":"","overlay-opacity":"","overlay-gradient":""},"tablet":{"background-color":"var(--ast-global-color-5)","background-image":"","background-repeat":"repeat","background-position":"center center","background-size":"auto","background-attachment":"scroll","background-type":"","background-media":"","overlay-type":"","overlay-color":"","overlay-opacity":"","overlay-gradient":""},"mobile":{"background-color":"var(--ast-global-color-5)","background-image":"","background-repeat":"repeat","background-position":"center center","background-size":"auto","background-attachment":"scroll","background-type":"","background-media":"","overlay-type":"","overlay-color":"","overlay-opacity":"","overlay-gradient":""}},"footnotes":""},"categories":[8,512,70],"tags":[526],"class_list":["post-22987","post","type-post","status-publish","format-standard","has-post-thumbnail","hentry","category-edomex","category-metropoli","category-naucalpan","tag-edomex"],"yoast_head":"<!-- This site is optimized with the Yoast SEO plugin v28.3 - https:\/\/yoast.com\/product\/yoast-seo-wordpress\/ -->\n<title>Personas adultas mayores contribuyeron a construir los barrios, colonias, fraccionamientos y pueblos y la grandeza de Naucalpan - Agencia252<\/title>\n<meta name=\"robots\" content=\"index, follow, max-snippet:-1, max-image-preview:large, max-video-preview:-1\" \/>\n<link rel=\"canonical\" href=\"https:\/\/agencia.252.com.mx\/home\/personas-adultas-mayores-contribuyeron-a-construir-los-barrios-colonias-fraccionamientos-y-pueblos-y-la-grandeza-de-naucalpan\/\" \/>\n<meta property=\"og:locale\" content=\"es_ES\" \/>\n<meta property=\"og:type\" content=\"article\" \/>\n<meta property=\"og:title\" content=\"Personas adultas mayores contribuyeron a construir los barrios, colonias, fraccionamientos y pueblos y la grandeza de Naucalpan - Agencia252\" \/>\n<meta property=\"og:description\" content=\"Visitas: 0 Juan Ignacio Corro&nbsp; Naucalpan, Estado de M\u00e9xico, a 30 de agosto de 2026 Al reconocer que con su trabajo, esfuerzo y dedicaci\u00f3n las personas adultas mayores contribuyeron a construir los barrios, colonias, fraccionamientos y pueblos y la grandeza de Naucalpan, el Presidente Municipal, Isaac Montoya M\u00e1rquez, y la Presidenta Honoraria del DIF Municipal, [&hellip;]\" \/>\n<meta property=\"og:url\" content=\"https:\/\/agencia.252.com.mx\/home\/personas-adultas-mayores-contribuyeron-a-construir-los-barrios-colonias-fraccionamientos-y-pueblos-y-la-grandeza-de-naucalpan\/\" \/>\n<meta property=\"og:site_name\" content=\"Agencia252\" \/>\n<meta property=\"article:publisher\" content=\"https:\/\/www.facebook.com\/252Comunicacion\/\" \/>\n<meta property=\"article:author\" content=\"https:\/\/www.facebook.com\/jcorroherrera\/\" \/>\n<meta property=\"article:published_time\" content=\"2026-08-30T23:14:35+00:00\" \/>\n<meta property=\"article:modified_time\" content=\"2026-08-30T23:14:36+00:00\" \/>\n<meta property=\"og:image\" content=\"http:\/\/agencia.252.com.mx\/wp-content\/uploads\/2026\/08\/WhatsApp-Image-2026-08-28-at-6.49.50-PM.jpeg\" \/>\n\t<meta property=\"og:image:width\" content=\"1600\" \/>\n\t<meta property=\"og:image:height\" content=\"1067\" \/>\n\t<meta property=\"og:image:type\" content=\"image\/jpeg\" \/>\n<meta name=\"author\" content=\"Nacho Corro\" \/>\n<meta name=\"twitter:card\" content=\"summary_large_image\" \/>\n<meta name=\"twitter:creator\" content=\"@Juan Ignacio Corro Herrera\" \/>\n<meta name=\"twitter:site\" content=\"@252COMS\" \/>\n<meta name=\"twitter:label1\" content=\"Escrito por\" \/>\n\t<meta name=\"twitter:data1\" content=\"Nacho Corro\" \/>\n\t<meta name=\"twitter:label2\" content=\"Tiempo de lectura\" \/>\n\t<meta name=\"twitter:data2\" content=\"2 minutos\" \/>\n<script type=\"application\/ld+json\" class=\"yoast-schema-graph\">{\"@context\":\"https:\\\/\\\/schema.org\",\"@graph\":[{\"@type\":\"Article\",\"@id\":\"https:\\\/\\\/agencia.252.com.mx\\\/home\\\/personas-adultas-mayores-contribuyeron-a-construir-los-barrios-colonias-fraccionamientos-y-pueblos-y-la-grandeza-de-naucalpan\\\/#article\",\"isPartOf\":{\"@id\":\"https:\\\/\\\/agencia.252.com.mx\\\/home\\\/personas-adultas-mayores-contribuyeron-a-construir-los-barrios-colonias-fraccionamientos-y-pueblos-y-la-grandeza-de-naucalpan\\\/\"},\"author\":{\"name\":\"Nacho Corro\",\"@id\":\"https:\\\/\\\/agencia.252.com.mx\\\/home\\\/#\\\/schema\\\/person\\\/6b972021e9a92d45ade8c78d81509098\"},\"headline\":\"Personas adultas mayores contribuyeron a construir los barrios, colonias, fraccionamientos y pueblos y la grandeza de Naucalpan\",\"datePublished\":\"2026-08-30T23:14:35+00:00\",\"dateModified\":\"2026-08-30T23:14:36+00:00\",\"mainEntityOfPage\":{\"@id\":\"https:\\\/\\\/agencia.252.com.mx\\\/home\\\/personas-adultas-mayores-contribuyeron-a-construir-los-barrios-colonias-fraccionamientos-y-pueblos-y-la-grandeza-de-naucalpan\\\/\"},\"wordCount\":425,\"commentCount\":0,\"publisher\":{\"@id\":\"https:\\\/\\\/agencia.252.com.mx\\\/home\\\/#organization\"},\"image\":{\"@id\":\"https:\\\/\\\/agencia.252.com.mx\\\/home\\\/personas-adultas-mayores-contribuyeron-a-construir-los-barrios-colonias-fraccionamientos-y-pueblos-y-la-grandeza-de-naucalpan\\\/#primaryimage\"},\"thumbnailUrl\":\"https:\\\/\\\/agencia.252.com.mx\\\/wp-content\\\/uploads\\\/2026\\\/08\\\/WhatsApp-Image-2026-08-28-at-6.49.50-PM.jpeg\",\"keywords\":[\"Edomex\"],\"articleSection\":[\"Edomex\",\"Metropoli\",\"Naucalpan\"],\"inLanguage\":\"es\",\"potentialAction\":[{\"@type\":\"CommentAction\",\"name\":\"Comment\",\"target\":[\"https:\\\/\\\/agencia.252.com.mx\\\/home\\\/personas-adultas-mayores-contribuyeron-a-construir-los-barrios-colonias-fraccionamientos-y-pueblos-y-la-grandeza-de-naucalpan\\\/#respond\"]}]},{\"@type\":\"WebPage\",\"@id\":\"https:\\\/\\\/agencia.252.com.mx\\\/home\\\/personas-adultas-mayores-contribuyeron-a-construir-los-barrios-colonias-fraccionamientos-y-pueblos-y-la-grandeza-de-naucalpan\\\/\",\"url\":\"https:\\\/\\\/agencia.252.com.mx\\\/home\\\/personas-adultas-mayores-contribuyeron-a-construir-los-barrios-colonias-fraccionamientos-y-pueblos-y-la-grandeza-de-naucalpan\\\/\",\"name\":\"Personas adultas mayores contribuyeron a construir los barrios, colonias, fraccionamientos y pueblos y la grandeza de Naucalpan - Agencia252\",\"isPartOf\":{\"@id\":\"https:\\\/\\\/agencia.252.com.mx\\\/home\\\/#website\"},\"primaryImageOfPage\":{\"@id\":\"https:\\\/\\\/agencia.252.com.mx\\\/home\\\/personas-adultas-mayores-contribuyeron-a-construir-los-barrios-colonias-fraccionamientos-y-pueblos-y-la-grandeza-de-naucalpan\\\/#primaryimage\"},\"image\":{\"@id\":\"https:\\\/\\\/agencia.252.com.mx\\\/home\\\/personas-adultas-mayores-contribuyeron-a-construir-los-barrios-colonias-fraccionamientos-y-pueblos-y-la-grandeza-de-naucalpan\\\/#primaryimage\"},\"thumbnailUrl\":\"https:\\\/\\\/agencia.252.com.mx\\\/wp-content\\\/uploads\\\/2026\\\/08\\\/WhatsApp-Image-2026-08-28-at-6.49.50-PM.jpeg\",\"datePublished\":\"2026-08-30T23:14:35+00:00\",\"dateModified\":\"2026-08-30T23:14:36+00:00\",\"breadcrumb\":{\"@id\":\"https:\\\/\\\/agencia.252.com.mx\\\/home\\\/personas-adultas-mayores-contribuyeron-a-construir-los-barrios-colonias-fraccionamientos-y-pueblos-y-la-grandeza-de-naucalpan\\\/#breadcrumb\"},\"inLanguage\":\"es\",\"potentialAction\":[{\"@type\":\"ReadAction\",\"target\":[\"https:\\\/\\\/agencia.252.com.mx\\\/home\\\/personas-adultas-mayores-contribuyeron-a-construir-los-barrios-colonias-fraccionamientos-y-pueblos-y-la-grandeza-de-naucalpan\\\/\"]}]},{\"@type\":\"ImageObject\",\"inLanguage\":\"es\",\"@id\":\"https:\\\/\\\/agencia.252.com.mx\\\/home\\\/personas-adultas-mayores-contribuyeron-a-construir-los-barrios-colonias-fraccionamientos-y-pueblos-y-la-grandeza-de-naucalpan\\\/#primaryimage\",\"url\":\"https:\\\/\\\/agencia.252.com.mx\\\/wp-content\\\/uploads\\\/2026\\\/08\\\/WhatsApp-Image-2026-08-28-at-6.49.50-PM.jpeg\",\"contentUrl\":\"https:\\\/\\\/agencia.252.com.mx\\\/wp-content\\\/uploads\\\/2026\\\/08\\\/WhatsApp-Image-2026-08-28-at-6.49.50-PM.jpeg\",\"width\":1600,\"height\":1067},{\"@type\":\"BreadcrumbList\",\"@id\":\"https:\\\/\\\/agencia.252.com.mx\\\/home\\\/personas-adultas-mayores-contribuyeron-a-construir-los-barrios-colonias-fraccionamientos-y-pueblos-y-la-grandeza-de-naucalpan\\\/#breadcrumb\",\"itemListElement\":[{\"@type\":\"ListItem\",\"position\":1,\"name\":\"Portada\",\"item\":\"https:\\\/\\\/agencia.252.com.mx\\\/home\\\/\"},{\"@type\":\"ListItem\",\"position\":2,\"name\":\"Personas adultas mayores contribuyeron a construir los barrios, colonias, fraccionamientos y pueblos y la grandeza de Naucalpan\"}]},{\"@type\":\"WebSite\",\"@id\":\"https:\\\/\\\/agencia.252.com.mx\\\/home\\\/#website\",\"url\":\"https:\\\/\\\/agencia.252.com.mx\\\/home\\\/\",\"name\":\"Agencia252\",\"description\":\"Tu espacio en la Red\",\"publisher\":{\"@id\":\"https:\\\/\\\/agencia.252.com.mx\\\/home\\\/#organization\"},\"potentialAction\":[{\"@type\":\"SearchAction\",\"target\":{\"@type\":\"EntryPoint\",\"urlTemplate\":\"https:\\\/\\\/agencia.252.com.mx\\\/home\\\/?s={search_term_string}\"},\"query-input\":{\"@type\":\"PropertyValueSpecification\",\"valueRequired\":true,\"valueName\":\"search_term_string\"}}],\"inLanguage\":\"es\"},{\"@type\":\"Organization\",\"@id\":\"https:\\\/\\\/agencia.252.com.mx\\\/home\\\/#organization\",\"name\":\"Agencia252\",\"url\":\"https:\\\/\\\/agencia.252.com.mx\\\/home\\\/\",\"logo\":{\"@type\":\"ImageObject\",\"inLanguage\":\"es\",\"@id\":\"https:\\\/\\\/agencia.252.com.mx\\\/home\\\/#\\\/schema\\\/logo\\\/image\\\/\",\"url\":\"https:\\\/\\\/agencia.252.com.mx\\\/wp-content\\\/uploads\\\/2023\\\/02\\\/cropped-ciruclo-agencia-e1677562404136.png\",\"contentUrl\":\"https:\\\/\\\/agencia.252.com.mx\\\/wp-content\\\/uploads\\\/2023\\\/02\\\/cropped-ciruclo-agencia-e1677562404136.png\",\"width\":512,\"height\":512,\"caption\":\"Agencia252\"},\"image\":{\"@id\":\"https:\\\/\\\/agencia.252.com.mx\\\/home\\\/#\\\/schema\\\/logo\\\/image\\\/\"},\"sameAs\":[\"https:\\\/\\\/www.facebook.com\\\/252Comunicacion\\\/\",\"https:\\\/\\\/x.com\\\/252COMS\"]},{\"@type\":\"Person\",\"@id\":\"https:\\\/\\\/agencia.252.com.mx\\\/home\\\/#\\\/schema\\\/person\\\/6b972021e9a92d45ade8c78d81509098\",\"name\":\"Nacho Corro\",\"image\":{\"@type\":\"ImageObject\",\"inLanguage\":\"es\",\"@id\":\"https:\\\/\\\/secure.gravatar.com\\\/avatar\\\/5db6df507cfe1307e192fbb498c6b85f1cf2ffd8b4cd37141b9eea588fcbd5a4?s=96&r=g\",\"url\":\"https:\\\/\\\/secure.gravatar.com\\\/avatar\\\/5db6df507cfe1307e192fbb498c6b85f1cf2ffd8b4cd37141b9eea588fcbd5a4?s=96&r=g\",\"contentUrl\":\"https:\\\/\\\/secure.gravatar.com\\\/avatar\\\/5db6df507cfe1307e192fbb498c6b85f1cf2ffd8b4cd37141b9eea588fcbd5a4?s=96&r=g\",\"caption\":\"Nacho Corro\"},\"description\":\"Comunicador Social, Periodista y Administraci\u00f3n P\u00fablica. Conversador pol\u00edtico, temas electorales y seguridad. Generador de contenidos digitales. Amante de la fotograf\u00eda\",\"sameAs\":[\"https:\\\/\\\/www.facebook.com\\\/jcorroherrera\\\/\",\"www.instagram.com\\\/nachocorro\\\/\",\"https:\\\/\\\/x.com\\\/Juan Ignacio Corro Herrera\"],\"url\":\"https:\\\/\\\/agencia.252.com.mx\\\/home\\\/author\\\/i-corro\\\/\"}]}<\/script>\n<!-- \/ Yoast SEO plugin. -->","yoast_head_json":{"title":"Personas adultas mayores contribuyeron a construir los barrios, colonias, fraccionamientos y pueblos y la grandeza de Naucalpan - Agencia252","robots":{"index":"index","follow":"follow","max-snippet":"max-snippet:-1","max-image-preview":"max-image-preview:large","max-video-preview":"max-video-preview:-1"},"canonical":"https:\/\/agencia.252.com.mx\/home\/personas-adultas-mayores-contribuyeron-a-construir-los-barrios-colonias-fraccionamientos-y-pueblos-y-la-grandeza-de-naucalpan\/","og_locale":"es_ES","og_type":"article","og_title":"Personas adultas mayores contribuyeron a construir los barrios, colonias, fraccionamientos y pueblos y la grandeza de Naucalpan - Agencia252","og_description":"Visitas: 0 Juan Ignacio Corro&nbsp; Naucalpan, Estado de M\u00e9xico, a 30 de agosto de 2026 Al reconocer que con su trabajo, esfuerzo y dedicaci\u00f3n las personas adultas mayores contribuyeron a construir los barrios, colonias, fraccionamientos y pueblos y la grandeza de Naucalpan, el Presidente Municipal, Isaac Montoya M\u00e1rquez, y la Presidenta Honoraria del DIF Municipal, [&hellip;]","og_url":"https:\/\/agencia.252.com.mx\/home\/personas-adultas-mayores-contribuyeron-a-construir-los-barrios-colonias-fraccionamientos-y-pueblos-y-la-grandeza-de-naucalpan\/","og_site_name":"Agencia252","article_publisher":"https:\/\/www.facebook.com\/252Comunicacion\/","article_author":"https:\/\/www.facebook.com\/jcorroherrera\/","article_published_time":"2026-08-30T23:14:35+00:00","article_modified_time":"2026-08-30T23:14:36+00:00","og_image":[{"width":1600,"height":1067,"url":"http:\/\/agencia.252.com.mx\/wp-content\/uploads\/2026\/08\/WhatsApp-Image-2026-08-28-at-6.49.50-PM.jpeg","type":"image\/jpeg"}],"author":"Nacho Corro","twitter_card":"summary_large_image","twitter_creator":"@Juan Ignacio Corro Herrera","twitter_site":"@252COMS","twitter_misc":{"Escrito por":"Nacho Corro","Tiempo de lectura":"2 minutos"},"schema":{"@context":"https:\/\/schema.org","@graph":[{"@type":"Article","@id":"https:\/\/agencia.252.com.mx\/home\/personas-adultas-mayores-contribuyeron-a-construir-los-barrios-colonias-fraccionamientos-y-pueblos-y-la-grandeza-de-naucalpan\/#article","isPartOf":{"@id":"https:\/\/agencia.252.com.mx\/home\/personas-adultas-mayores-contribuyeron-a-construir-los-barrios-colonias-fraccionamientos-y-pueblos-y-la-grandeza-de-naucalpan\/"},"author":{"name":"Nacho Corro","@id":"https:\/\/agencia.252.com.mx\/home\/#\/schema\/person\/6b972021e9a92d45ade8c78d81509098"},"headline":"Personas adultas mayores contribuyeron a construir los barrios, colonias, fraccionamientos y pueblos y la grandeza de Naucalpan","datePublished":"2026-08-30T23:14:35+00:00","dateModified":"2026-08-30T23:14:36+00:00","mainEntityOfPage":{"@id":"https:\/\/agencia.252.com.mx\/home\/personas-adultas-mayores-contribuyeron-a-construir-los-barrios-colonias-fraccionamientos-y-pueblos-y-la-grandeza-de-naucalpan\/"},"wordCount":425,"commentCount":0,"publisher":{"@id":"https:\/\/agencia.252.com.mx\/home\/#organization"},"image":{"@id":"https:\/\/agencia.252.com.mx\/home\/personas-adultas-mayores-contribuyeron-a-construir-los-barrios-colonias-fraccionamientos-y-pueblos-y-la-grandeza-de-naucalpan\/#primaryimage"},"thumbnailUrl":"https:\/\/agencia.252.com.mx\/wp-content\/uploads\/2026\/08\/WhatsApp-Image-2026-08-28-at-6.49.50-PM.jpeg","keywords":["Edomex"],"articleSection":["Edomex","Metropoli","Naucalpan"],"inLanguage":"es","potentialAction":[{"@type":"CommentAction","name":"Comment","target":["https:\/\/agencia.252.com.mx\/home\/personas-adultas-mayores-contribuyeron-a-construir-los-barrios-colonias-fraccionamientos-y-pueblos-y-la-grandeza-de-naucalpan\/#respond"]}]},{"@type":"WebPage","@id":"https:\/\/agencia.252.com.mx\/home\/personas-adultas-mayores-contribuyeron-a-construir-los-barrios-colonias-fraccionamientos-y-pueblos-y-la-grandeza-de-naucalpan\/","url":"https:\/\/agencia.252.com.mx\/home\/personas-adultas-mayores-contribuyeron-a-construir-los-barrios-colonias-fraccionamientos-y-pueblos-y-la-grandeza-de-naucalpan\/","name":"Personas adultas mayores contribuyeron a construir los barrios, colonias, fraccionamientos y pueblos y la grandeza de Naucalpan - Agencia252","isPartOf":{"@id":"https:\/\/agencia.252.com.mx\/home\/#website"},"primaryImageOfPage":{"@id":"https:\/\/agencia.252.com.mx\/home\/personas-adultas-mayores-contribuyeron-a-construir-los-barrios-colonias-fraccionamientos-y-pueblos-y-la-grandeza-de-naucalpan\/#primaryimage"},"image":{"@id":"https:\/\/agencia.252.com.mx\/home\/personas-adultas-mayores-contribuyeron-a-construir-los-barrios-colonias-fraccionamientos-y-pueblos-y-la-grandeza-de-naucalpan\/#primaryimage"},"thumbnailUrl":"https:\/\/agencia.252.com.mx\/wp-content\/uploads\/2026\/08\/WhatsApp-Image-2026-08-28-at-6.49.50-PM.jpeg","datePublished":"2026-08-30T23:14:35+00:00","dateModified":"2026-08-30T23:14:36+00:00","breadcrumb":{"@id":"https:\/\/agencia.252.com.mx\/home\/personas-adultas-mayores-contribuyeron-a-construir-los-barrios-colonias-fraccionamientos-y-pueblos-y-la-grandeza-de-naucalpan\/#breadcrumb"},"inLanguage":"es","potentialAction":[{"@type":"ReadAction","target":["https:\/\/agencia.252.com.mx\/home\/personas-adultas-mayores-contribuyeron-a-construir-los-barrios-colonias-fraccionamientos-y-pueblos-y-la-grandeza-de-naucalpan\/"]}]},{"@type":"ImageObject","inLanguage":"es","@id":"https:\/\/agencia.252.com.mx\/home\/personas-adultas-mayores-contribuyeron-a-construir-los-barrios-colonias-fraccionamientos-y-pueblos-y-la-grandeza-de-naucalpan\/#primaryimage","url":"https:\/\/agencia.252.com.mx\/wp-content\/uploads\/2026\/08\/WhatsApp-Image-2026-08-28-at-6.49.50-PM.jpeg","contentUrl":"https:\/\/agencia.252.com.mx\/wp-content\/uploads\/2026\/08\/WhatsApp-Image-2026-08-28-at-6.49.50-PM.jpeg","width":1600,"height":1067},{"@type":"BreadcrumbList","@id":"https:\/\/agencia.252.com.mx\/home\/personas-adultas-mayores-contribuyeron-a-construir-los-barrios-colonias-fraccionamientos-y-pueblos-y-la-grandeza-de-naucalpan\/#breadcrumb","itemListElement":[{"@type":"ListItem","position":1,"name":"Portada","item":"https:\/\/agencia.252.com.mx\/home\/"},{"@type":"ListItem","position":2,"name":"Personas adultas mayores contribuyeron a construir los barrios, colonias, fraccionamientos y pueblos y la grandeza de Naucalpan"}]},{"@type":"WebSite","@id":"https:\/\/agencia.252.com.mx\/home\/#website","url":"https:\/\/agencia.252.com.mx\/home\/","name":"Agencia252","description":"Tu espacio en la Red","publisher":{"@id":"https:\/\/agencia.252.com.mx\/home\/#organization"},"potentialAction":[{"@type":"SearchAction","target":{"@type":"EntryPoint","urlTemplate":"https:\/\/agencia.252.com.mx\/home\/?s={search_term_string}"},"query-input":{"@type":"PropertyValueSpecification","valueRequired":true,"valueName":"search_term_string"}}],"inLanguage":"es"},{"@type":"Organization","@id":"https:\/\/agencia.252.com.mx\/home\/#organization","name":"Agencia252","url":"https:\/\/agencia.252.com.mx\/home\/","logo":{"@type":"ImageObject","inLanguage":"es","@id":"https:\/\/agencia.252.com.mx\/home\/#\/schema\/logo\/image\/","url":"https:\/\/agencia.252.com.mx\/wp-content\/uploads\/2023\/02\/cropped-ciruclo-agencia-e1677562404136.png","contentUrl":"https:\/\/agencia.252.com.mx\/wp-content\/uploads\/2023\/02\/cropped-ciruclo-agencia-e1677562404136.png","width":512,"height":512,"caption":"Agencia252"},"image":{"@id":"https:\/\/agencia.252.com.mx\/home\/#\/schema\/logo\/image\/"},"sameAs":["https:\/\/www.facebook.com\/252Comunicacion\/","https:\/\/x.com\/252COMS"]},{"@type":"Person","@id":"https:\/\/agencia.252.com.mx\/home\/#\/schema\/person\/6b972021e9a92d45ade8c78d81509098","name":"Nacho Corro","image":{"@type":"ImageObject","inLanguage":"es","@id":"https:\/\/secure.gravatar.com\/avatar\/5db6df507cfe1307e192fbb498c6b85f1cf2ffd8b4cd37141b9eea588fcbd5a4?s=96&r=g","url":"https:\/\/secure.gravatar.com\/avatar\/5db6df507cfe1307e192fbb498c6b85f1cf2ffd8b4cd37141b9eea588fcbd5a4?s=96&r=g","contentUrl":"https:\/\/secure.gravatar.com\/avatar\/5db6df507cfe1307e192fbb498c6b85f1cf2ffd8b4cd37141b9eea588fcbd5a4?s=96&r=g","caption":"Nacho Corro"},"description":"Comunicador Social, Periodista y Administraci\u00f3n P\u00fablica. Conversador pol\u00edtico, temas electorales y seguridad. Generador de contenidos digitales. Amante de la fotograf\u00eda","sameAs":["https:\/\/www.facebook.com\/jcorroherrera\/","www.instagram.com\/nachocorro\/","https:\/\/x.com\/Juan Ignacio Corro Herrera"],"url":"https:\/\/agencia.252.com.mx\/home\/author\/i-corro\/"}]}},"_links":{"self":[{"href":"https:\/\/agencia.252.com.mx\/home\/wp-json\/wp\/v2\/posts\/22987","targetHints":{"allow":["GET"]}}],"collection":[{"href":"https:\/\/agencia.252.com.mx\/home\/wp-json\/wp\/v2\/posts"}],"about":[{"href":"https:\/\/agencia.252.com.mx\/home\/wp-json\/wp\/v2\/types\/post"}],"author":[{"embeddable":true,"href":"https:\/\/agencia.252.com.mx\/home\/wp-json\/wp\/v2\/users\/5"}],"replies":[{"embeddable":true,"href":"https:\/\/agencia.252.com.mx\/home\/wp-json\/wp\/v2\/comments?post=22987"}],"version-history":[{"count":1,"href":"https:\/\/agencia.252.com.mx\/home\/wp-json\/wp\/v2\/posts\/22987\/revisions"}],"predecessor-version":[{"id":22989,"href":"https:\/\/agencia.252.com.mx\/home\/wp-json\/wp\/v2\/posts\/22987\/revisions\/22989"}],"wp:featuredmedia":[{"embeddable":true,"href":"https:\/\/agencia.252.com.mx\/home\/wp-json\/wp\/v2\/media\/22988"}],"wp:attachment":[{"href":"https:\/\/agencia.252.com.mx\/home\/wp-json\/wp\/v2\/media?parent=22987"}],"wp:term":[{"taxonomy":"category","embeddable":true,"href":"https:\/\/agencia.252.com.mx\/home\/wp-json\/wp\/v2\/categories?post=22987"},{"taxonomy":"post_tag","embeddable":true,"href":"https:\/\/agencia.252.com.mx\/home\/wp-json\/wp\/v2\/tags?post=22987"}],"curies":[{"name":"wp","href":"https:\/\/api.w.org\/{rel}","templated":true}]}}