{"id":22981,"date":"2026-08-30T16:55:57","date_gmt":"2026-08-30T22:55:57","guid":{"rendered":"https:\/\/agencia.252.com.mx\/home\/?p=22981"},"modified":"2026-08-30T16:57:26","modified_gmt":"2026-08-30T22:57:26","slug":"rifan-dos-automoviles-y-una-camioneta-entre-padres-de-familia-de-naucalpan","status":"publish","type":"post","link":"https:\/\/agencia.252.com.mx\/home\/rifan-dos-automoviles-y-una-camioneta-entre-padres-de-familia-de-naucalpan\/","title":{"rendered":"Rifan dos automoviles y una camioneta entre padres de familia de Naucalpan\u00a0"},"content":{"rendered":"<p>Visitas: 0<\/p>\n<p class=\"wp-block-paragraph\"><em>M\u00e1s de 5 mil personas se dieron cita en la explanada del Palacio Municipal para disfrutar del evento \u201cUn Impulso para Pap\u00e1\u201d.<\/em><\/p>\n\n\n\n<ul class=\"wp-block-list\">\n<li><em>Vecinos de Lomas de la Ca\u00f1ada, San Luis Tlatilco y Chimalpa resultaron ganadores; tambi\u00e9n se rifaron 10 pantallas.<\/em><\/li>\n<\/ul>\n\n\n\n<p class=\"wp-block-paragraph\">Juan Ignacio Corro&nbsp;<\/p>\n\n\n\n<p class=\"has-text-align-right wp-block-paragraph\">Naucalpan, Estado de M\u00e9xico, a 30 de agosto de 2026<\/p>\n\n\n\n<p class=\"wp-block-paragraph\">El Gobierno de Naucalpan llev\u00f3 a cabo el evento \u201cUn Impulso para Pap\u00e1\u201d, para reconocier el esfuerzo,&nbsp;&nbsp;la dedicaci\u00f3n y la responsabilidad de los padres de familia del municipio con la rifa de dos autom\u00f3viles y una camioneta, adem\u00e1s de 10 pantallas.<\/p>\n\n\n\n<p class=\"wp-block-paragraph\">El evento enmarcado en los festejos del D\u00eda del Padre, fue encabezado por el Presidente Municipal de Naucalpan, Isaac Montoya M\u00e1rquez, y la Presidenta Honoraria del Sistema DIF Municipal, Adriana G. Escobar, quienes destacaron la importancia de reconocer a los padres que todos los d\u00edas trabajan y se esfuerzan por sacar adelante a sus familias.<\/p>\n\n\n\n<figure class=\"wp-block-image alignleft size-medium\"><img fetchpriority=\"high\" decoding=\"async\" width=\"300\" height=\"200\" src=\"https:\/\/agencia.252.com.mx\/wp-content\/uploads\/2026\/08\/WhatsApp-Image-2026-08-29-at-7.10.58-PM-300x200.jpeg\" alt=\"\" class=\"wp-image-22985\" srcset=\"https:\/\/agencia.252.com.mx\/wp-content\/uploads\/2026\/08\/WhatsApp-Image-2026-08-29-at-7.10.58-PM-300x200.jpeg 300w, https:\/\/agencia.252.com.mx\/wp-content\/uploads\/2026\/08\/WhatsApp-Image-2026-08-29-at-7.10.58-PM-1024x682.jpeg 1024w, https:\/\/agencia.252.com.mx\/wp-content\/uploads\/2026\/08\/WhatsApp-Image-2026-08-29-at-7.10.58-PM-768x512.jpeg 768w, https:\/\/agencia.252.com.mx\/wp-content\/uploads\/2026\/08\/WhatsApp-Image-2026-08-29-at-7.10.58-PM-1536x1023.jpeg 1536w, https:\/\/agencia.252.com.mx\/wp-content\/uploads\/2026\/08\/WhatsApp-Image-2026-08-29-at-7.10.58-PM.jpeg 1600w\" sizes=\"(max-width: 300px) 100vw, 300px\" \/><\/figure>\n\n\n\n<p class=\"wp-block-paragraph\">Ante la presencia del notario p\u00fablico n\u00famero 136, V\u00edctor Humberto Ben\u00edtez Gonz\u00e1lez, se realiz\u00f3 el sorteo de los veh\u00edculos. Los autom\u00f3viles fueron para Jer\u00f3nimo V\u00e1zquez Dami\u00e1n, vecino de Lomas de la Ca\u00f1ada, y Alberto Ayala P\u00e9rez, de San Luis Tlatilco.<\/p>\n\n\n\n<p class=\"wp-block-paragraph\">En tanto, la camioneta fue para Omar Vallejo de los Santos, vecino de San Francisco Chimalpa-<\/p>\n\n\n\n<p class=\"wp-block-paragraph\">Durante la jornada tambi\u00e9n se realiz\u00f3 la rifa de 10 pantallas, como parte de esta celebraci\u00f3n dedicada a los padres de familia.<\/p>\n\n\n\n<p class=\"wp-block-paragraph\">La explanada del Palacio Municipal reuni\u00f3 a m\u00e1s de 5 mil personas, quienes disfrutaron de una tarde de m\u00fasica, baile y convivencia familiar. El ambiente festivo estuvo a cargo de La Sonora Dinamita de Lucho Argain.<\/p>\n\n\n\n<p class=\"wp-block-paragraph\">El Presidente Municipal, Isaac Montoya, y la Presidenta Honoraria del DIF Municipal, Adriana G. Escobar, agradecieron la participaci\u00f3n de las familias y reconocieron especialmente a los padres responsables que, con trabajo y dedicaci\u00f3n, contribuyen todos los d\u00edas al bienestar y desarrollo de sus hogares<\/p>\n\n\n\n<p class=\"wp-block-paragraph\"><\/p>\n","protected":false},"excerpt":{"rendered":"<p>Visitas: 0 M\u00e1s de 5 mil personas se dieron cita en la explanada del Palacio Municipal para disfrutar del evento \u201cUn Impulso para Pap\u00e1\u201d. Juan Ignacio Corro&nbsp; Naucalpan, Estado de M\u00e9xico, a 30 de agosto de 2026 El Gobierno de Naucalpan llev\u00f3 a cabo el evento \u201cUn Impulso para Pap\u00e1\u201d, para reconocier el esfuerzo,&nbsp;&nbsp;la dedicaci\u00f3n [&hellip;]<\/p>\n","protected":false},"author":5,"featured_media":22982,"comment_status":"open","ping_status":"open","sticky":false,"template":"","format":"standard","meta":{"site-sidebar-layout":"default","site-content-layout":"","ast-site-content-layout":"default","site-content-style":"default","site-sidebar-style":"default","ast-global-header-display":"","ast-banner-title-visibility":"","ast-main-header-display":"","ast-hfb-above-header-display":"","ast-hfb-below-header-display":"","ast-hfb-mobile-header-display":"","site-post-title":"","ast-breadcrumbs-content":"","ast-featured-img":"","footer-sml-layout":"","ast-disable-related-posts":"","theme-transparent-header-meta":"","adv-header-id-meta":"","stick-header-meta":"","header-above-stick-meta":"","header-main-stick-meta":"","header-below-stick-meta":"","astra-migrate-meta-layouts":"set","ast-page-background-enabled":"default","ast-page-background-meta":{"desktop":{"background-color":"var(--ast-global-color-4)","background-image":"","background-repeat":"repeat","background-position":"center center","background-size":"auto","background-attachment":"scroll","background-type":"","background-media":"","overlay-type":"","overlay-color":"","overlay-opacity":"","overlay-gradient":""},"tablet":{"background-color":"","background-image":"","background-repeat":"repeat","background-position":"center center","background-size":"auto","background-attachment":"scroll","background-type":"","background-media":"","overlay-type":"","overlay-color":"","overlay-opacity":"","overlay-gradient":""},"mobile":{"background-color":"","background-image":"","background-repeat":"repeat","background-position":"center center","background-size":"auto","background-attachment":"scroll","background-type":"","background-media":"","overlay-type":"","overlay-color":"","overlay-opacity":"","overlay-gradient":""}},"ast-content-background-meta":{"desktop":{"background-color":"var(--ast-global-color-5)","background-image":"","background-repeat":"repeat","background-position":"center center","background-size":"auto","background-attachment":"scroll","background-type":"","background-media":"","overlay-type":"","overlay-color":"","overlay-opacity":"","overlay-gradient":""},"tablet":{"background-color":"var(--ast-global-color-5)","background-image":"","background-repeat":"repeat","background-position":"center center","background-size":"auto","background-attachment":"scroll","background-type":"","background-media":"","overlay-type":"","overlay-color":"","overlay-opacity":"","overlay-gradient":""},"mobile":{"background-color":"var(--ast-global-color-5)","background-image":"","background-repeat":"repeat","background-position":"center center","background-size":"auto","background-attachment":"scroll","background-type":"","background-media":"","overlay-type":"","overlay-color":"","overlay-opacity":"","overlay-gradient":""}},"footnotes":""},"categories":[8,70,68],"tags":[526],"class_list":["post-22981","post","type-post","status-publish","format-standard","has-post-thumbnail","hentry","category-edomex","category-naucalpan","category-seguridad","tag-edomex"],"yoast_head":"<!-- This site is optimized with the Yoast SEO plugin v28.3 - https:\/\/yoast.com\/product\/yoast-seo-wordpress\/ -->\n<title>Rifan dos automoviles y una camioneta entre padres de familia de Naucalpan\u00a0 - Agencia252<\/title>\n<meta name=\"robots\" content=\"index, follow, max-snippet:-1, max-image-preview:large, max-video-preview:-1\" \/>\n<link rel=\"canonical\" href=\"https:\/\/agencia.252.com.mx\/home\/rifan-dos-automoviles-y-una-camioneta-entre-padres-de-familia-de-naucalpan\/\" \/>\n<meta property=\"og:locale\" content=\"es_ES\" \/>\n<meta property=\"og:type\" content=\"article\" \/>\n<meta property=\"og:title\" content=\"Rifan dos automoviles y una camioneta entre padres de familia de Naucalpan\u00a0 - Agencia252\" \/>\n<meta property=\"og:description\" content=\"Visitas: 0 M\u00e1s de 5 mil personas se dieron cita en la explanada del Palacio Municipal para disfrutar del evento \u201cUn Impulso para Pap\u00e1\u201d. Juan Ignacio Corro&nbsp; Naucalpan, Estado de M\u00e9xico, a 30 de agosto de 2026 El Gobierno de Naucalpan llev\u00f3 a cabo el evento \u201cUn Impulso para Pap\u00e1\u201d, para reconocier el esfuerzo,&nbsp;&nbsp;la dedicaci\u00f3n [&hellip;]\" \/>\n<meta property=\"og:url\" content=\"https:\/\/agencia.252.com.mx\/home\/rifan-dos-automoviles-y-una-camioneta-entre-padres-de-familia-de-naucalpan\/\" \/>\n<meta property=\"og:site_name\" content=\"Agencia252\" \/>\n<meta property=\"article:publisher\" content=\"https:\/\/www.facebook.com\/252Comunicacion\/\" \/>\n<meta property=\"article:author\" content=\"https:\/\/www.facebook.com\/jcorroherrera\/\" \/>\n<meta property=\"article:published_time\" content=\"2026-08-30T22:55:57+00:00\" \/>\n<meta property=\"article:modified_time\" content=\"2026-08-30T22:57:26+00:00\" \/>\n<meta property=\"og:image\" content=\"http:\/\/agencia.252.com.mx\/wp-content\/uploads\/2026\/08\/WhatsApp-Image-2026-08-29-at-7.10.57-PM.jpeg\" \/>\n\t<meta property=\"og:image:width\" content=\"1600\" \/>\n\t<meta property=\"og:image:height\" content=\"1066\" \/>\n\t<meta property=\"og:image:type\" content=\"image\/jpeg\" \/>\n<meta name=\"author\" content=\"Nacho Corro\" \/>\n<meta name=\"twitter:card\" content=\"summary_large_image\" \/>\n<meta name=\"twitter:creator\" content=\"@Juan Ignacio Corro Herrera\" \/>\n<meta name=\"twitter:site\" content=\"@252COMS\" \/>\n<meta name=\"twitter:label1\" content=\"Escrito por\" \/>\n\t<meta name=\"twitter:data1\" content=\"Nacho Corro\" \/>\n\t<meta name=\"twitter:label2\" content=\"Tiempo de lectura\" \/>\n\t<meta name=\"twitter:data2\" content=\"2 minutos\" \/>\n<script type=\"application\/ld+json\" class=\"yoast-schema-graph\">{\"@context\":\"https:\\\/\\\/schema.org\",\"@graph\":[{\"@type\":\"Article\",\"@id\":\"https:\\\/\\\/agencia.252.com.mx\\\/home\\\/rifan-dos-automoviles-y-una-camioneta-entre-padres-de-familia-de-naucalpan\\\/#article\",\"isPartOf\":{\"@id\":\"https:\\\/\\\/agencia.252.com.mx\\\/home\\\/rifan-dos-automoviles-y-una-camioneta-entre-padres-de-familia-de-naucalpan\\\/\"},\"author\":{\"name\":\"Nacho Corro\",\"@id\":\"https:\\\/\\\/agencia.252.com.mx\\\/home\\\/#\\\/schema\\\/person\\\/6b972021e9a92d45ade8c78d81509098\"},\"headline\":\"Rifan dos automoviles y una camioneta entre padres de familia de Naucalpan\u00a0\",\"datePublished\":\"2026-08-30T22:55:57+00:00\",\"dateModified\":\"2026-08-30T22:57:26+00:00\",\"mainEntityOfPage\":{\"@id\":\"https:\\\/\\\/agencia.252.com.mx\\\/home\\\/rifan-dos-automoviles-y-una-camioneta-entre-padres-de-familia-de-naucalpan\\\/\"},\"wordCount\":344,\"commentCount\":0,\"publisher\":{\"@id\":\"https:\\\/\\\/agencia.252.com.mx\\\/home\\\/#organization\"},\"image\":{\"@id\":\"https:\\\/\\\/agencia.252.com.mx\\\/home\\\/rifan-dos-automoviles-y-una-camioneta-entre-padres-de-familia-de-naucalpan\\\/#primaryimage\"},\"thumbnailUrl\":\"https:\\\/\\\/agencia.252.com.mx\\\/wp-content\\\/uploads\\\/2026\\\/08\\\/WhatsApp-Image-2026-08-29-at-7.10.57-PM.jpeg\",\"keywords\":[\"Edomex\"],\"articleSection\":[\"Edomex\",\"Naucalpan\",\"Seguridad\"],\"inLanguage\":\"es\",\"potentialAction\":[{\"@type\":\"CommentAction\",\"name\":\"Comment\",\"target\":[\"https:\\\/\\\/agencia.252.com.mx\\\/home\\\/rifan-dos-automoviles-y-una-camioneta-entre-padres-de-familia-de-naucalpan\\\/#respond\"]}]},{\"@type\":\"WebPage\",\"@id\":\"https:\\\/\\\/agencia.252.com.mx\\\/home\\\/rifan-dos-automoviles-y-una-camioneta-entre-padres-de-familia-de-naucalpan\\\/\",\"url\":\"https:\\\/\\\/agencia.252.com.mx\\\/home\\\/rifan-dos-automoviles-y-una-camioneta-entre-padres-de-familia-de-naucalpan\\\/\",\"name\":\"Rifan dos automoviles y una camioneta entre padres de familia de Naucalpan\u00a0 - Agencia252\",\"isPartOf\":{\"@id\":\"https:\\\/\\\/agencia.252.com.mx\\\/home\\\/#website\"},\"primaryImageOfPage\":{\"@id\":\"https:\\\/\\\/agencia.252.com.mx\\\/home\\\/rifan-dos-automoviles-y-una-camioneta-entre-padres-de-familia-de-naucalpan\\\/#primaryimage\"},\"image\":{\"@id\":\"https:\\\/\\\/agencia.252.com.mx\\\/home\\\/rifan-dos-automoviles-y-una-camioneta-entre-padres-de-familia-de-naucalpan\\\/#primaryimage\"},\"thumbnailUrl\":\"https:\\\/\\\/agencia.252.com.mx\\\/wp-content\\\/uploads\\\/2026\\\/08\\\/WhatsApp-Image-2026-08-29-at-7.10.57-PM.jpeg\",\"datePublished\":\"2026-08-30T22:55:57+00:00\",\"dateModified\":\"2026-08-30T22:57:26+00:00\",\"breadcrumb\":{\"@id\":\"https:\\\/\\\/agencia.252.com.mx\\\/home\\\/rifan-dos-automoviles-y-una-camioneta-entre-padres-de-familia-de-naucalpan\\\/#breadcrumb\"},\"inLanguage\":\"es\",\"potentialAction\":[{\"@type\":\"ReadAction\",\"target\":[\"https:\\\/\\\/agencia.252.com.mx\\\/home\\\/rifan-dos-automoviles-y-una-camioneta-entre-padres-de-familia-de-naucalpan\\\/\"]}]},{\"@type\":\"ImageObject\",\"inLanguage\":\"es\",\"@id\":\"https:\\\/\\\/agencia.252.com.mx\\\/home\\\/rifan-dos-automoviles-y-una-camioneta-entre-padres-de-familia-de-naucalpan\\\/#primaryimage\",\"url\":\"https:\\\/\\\/agencia.252.com.mx\\\/wp-content\\\/uploads\\\/2026\\\/08\\\/WhatsApp-Image-2026-08-29-at-7.10.57-PM.jpeg\",\"contentUrl\":\"https:\\\/\\\/agencia.252.com.mx\\\/wp-content\\\/uploads\\\/2026\\\/08\\\/WhatsApp-Image-2026-08-29-at-7.10.57-PM.jpeg\",\"width\":1600,\"height\":1066},{\"@type\":\"BreadcrumbList\",\"@id\":\"https:\\\/\\\/agencia.252.com.mx\\\/home\\\/rifan-dos-automoviles-y-una-camioneta-entre-padres-de-familia-de-naucalpan\\\/#breadcrumb\",\"itemListElement\":[{\"@type\":\"ListItem\",\"position\":1,\"name\":\"Portada\",\"item\":\"https:\\\/\\\/agencia.252.com.mx\\\/home\\\/\"},{\"@type\":\"ListItem\",\"position\":2,\"name\":\"Rifan dos automoviles y una camioneta entre padres de familia de Naucalpan\u00a0\"}]},{\"@type\":\"WebSite\",\"@id\":\"https:\\\/\\\/agencia.252.com.mx\\\/home\\\/#website\",\"url\":\"https:\\\/\\\/agencia.252.com.mx\\\/home\\\/\",\"name\":\"Agencia252\",\"description\":\"Tu espacio en la Red\",\"publisher\":{\"@id\":\"https:\\\/\\\/agencia.252.com.mx\\\/home\\\/#organization\"},\"potentialAction\":[{\"@type\":\"SearchAction\",\"target\":{\"@type\":\"EntryPoint\",\"urlTemplate\":\"https:\\\/\\\/agencia.252.com.mx\\\/home\\\/?s={search_term_string}\"},\"query-input\":{\"@type\":\"PropertyValueSpecification\",\"valueRequired\":true,\"valueName\":\"search_term_string\"}}],\"inLanguage\":\"es\"},{\"@type\":\"Organization\",\"@id\":\"https:\\\/\\\/agencia.252.com.mx\\\/home\\\/#organization\",\"name\":\"Agencia252\",\"url\":\"https:\\\/\\\/agencia.252.com.mx\\\/home\\\/\",\"logo\":{\"@type\":\"ImageObject\",\"inLanguage\":\"es\",\"@id\":\"https:\\\/\\\/agencia.252.com.mx\\\/home\\\/#\\\/schema\\\/logo\\\/image\\\/\",\"url\":\"https:\\\/\\\/agencia.252.com.mx\\\/wp-content\\\/uploads\\\/2023\\\/02\\\/cropped-ciruclo-agencia-e1677562404136.png\",\"contentUrl\":\"https:\\\/\\\/agencia.252.com.mx\\\/wp-content\\\/uploads\\\/2023\\\/02\\\/cropped-ciruclo-agencia-e1677562404136.png\",\"width\":512,\"height\":512,\"caption\":\"Agencia252\"},\"image\":{\"@id\":\"https:\\\/\\\/agencia.252.com.mx\\\/home\\\/#\\\/schema\\\/logo\\\/image\\\/\"},\"sameAs\":[\"https:\\\/\\\/www.facebook.com\\\/252Comunicacion\\\/\",\"https:\\\/\\\/x.com\\\/252COMS\"]},{\"@type\":\"Person\",\"@id\":\"https:\\\/\\\/agencia.252.com.mx\\\/home\\\/#\\\/schema\\\/person\\\/6b972021e9a92d45ade8c78d81509098\",\"name\":\"Nacho Corro\",\"image\":{\"@type\":\"ImageObject\",\"inLanguage\":\"es\",\"@id\":\"https:\\\/\\\/secure.gravatar.com\\\/avatar\\\/5db6df507cfe1307e192fbb498c6b85f1cf2ffd8b4cd37141b9eea588fcbd5a4?s=96&r=g\",\"url\":\"https:\\\/\\\/secure.gravatar.com\\\/avatar\\\/5db6df507cfe1307e192fbb498c6b85f1cf2ffd8b4cd37141b9eea588fcbd5a4?s=96&r=g\",\"contentUrl\":\"https:\\\/\\\/secure.gravatar.com\\\/avatar\\\/5db6df507cfe1307e192fbb498c6b85f1cf2ffd8b4cd37141b9eea588fcbd5a4?s=96&r=g\",\"caption\":\"Nacho Corro\"},\"description\":\"Comunicador Social, Periodista y Administraci\u00f3n P\u00fablica. Conversador pol\u00edtico, temas electorales y seguridad. Generador de contenidos digitales. Amante de la fotograf\u00eda\",\"sameAs\":[\"https:\\\/\\\/www.facebook.com\\\/jcorroherrera\\\/\",\"www.instagram.com\\\/nachocorro\\\/\",\"https:\\\/\\\/x.com\\\/Juan Ignacio Corro Herrera\"],\"url\":\"https:\\\/\\\/agencia.252.com.mx\\\/home\\\/author\\\/i-corro\\\/\"}]}<\/script>\n<!-- \/ Yoast SEO plugin. -->","yoast_head_json":{"title":"Rifan dos automoviles y una camioneta entre padres de familia de Naucalpan\u00a0 - Agencia252","robots":{"index":"index","follow":"follow","max-snippet":"max-snippet:-1","max-image-preview":"max-image-preview:large","max-video-preview":"max-video-preview:-1"},"canonical":"https:\/\/agencia.252.com.mx\/home\/rifan-dos-automoviles-y-una-camioneta-entre-padres-de-familia-de-naucalpan\/","og_locale":"es_ES","og_type":"article","og_title":"Rifan dos automoviles y una camioneta entre padres de familia de Naucalpan\u00a0 - Agencia252","og_description":"Visitas: 0 M\u00e1s de 5 mil personas se dieron cita en la explanada del Palacio Municipal para disfrutar del evento \u201cUn Impulso para Pap\u00e1\u201d. Juan Ignacio Corro&nbsp; Naucalpan, Estado de M\u00e9xico, a 30 de agosto de 2026 El Gobierno de Naucalpan llev\u00f3 a cabo el evento \u201cUn Impulso para Pap\u00e1\u201d, para reconocier el esfuerzo,&nbsp;&nbsp;la dedicaci\u00f3n [&hellip;]","og_url":"https:\/\/agencia.252.com.mx\/home\/rifan-dos-automoviles-y-una-camioneta-entre-padres-de-familia-de-naucalpan\/","og_site_name":"Agencia252","article_publisher":"https:\/\/www.facebook.com\/252Comunicacion\/","article_author":"https:\/\/www.facebook.com\/jcorroherrera\/","article_published_time":"2026-08-30T22:55:57+00:00","article_modified_time":"2026-08-30T22:57:26+00:00","og_image":[{"width":1600,"height":1066,"url":"http:\/\/agencia.252.com.mx\/wp-content\/uploads\/2026\/08\/WhatsApp-Image-2026-08-29-at-7.10.57-PM.jpeg","type":"image\/jpeg"}],"author":"Nacho Corro","twitter_card":"summary_large_image","twitter_creator":"@Juan Ignacio Corro Herrera","twitter_site":"@252COMS","twitter_misc":{"Escrito por":"Nacho Corro","Tiempo de lectura":"2 minutos"},"schema":{"@context":"https:\/\/schema.org","@graph":[{"@type":"Article","@id":"https:\/\/agencia.252.com.mx\/home\/rifan-dos-automoviles-y-una-camioneta-entre-padres-de-familia-de-naucalpan\/#article","isPartOf":{"@id":"https:\/\/agencia.252.com.mx\/home\/rifan-dos-automoviles-y-una-camioneta-entre-padres-de-familia-de-naucalpan\/"},"author":{"name":"Nacho Corro","@id":"https:\/\/agencia.252.com.mx\/home\/#\/schema\/person\/6b972021e9a92d45ade8c78d81509098"},"headline":"Rifan dos automoviles y una camioneta entre padres de familia de Naucalpan\u00a0","datePublished":"2026-08-30T22:55:57+00:00","dateModified":"2026-08-30T22:57:26+00:00","mainEntityOfPage":{"@id":"https:\/\/agencia.252.com.mx\/home\/rifan-dos-automoviles-y-una-camioneta-entre-padres-de-familia-de-naucalpan\/"},"wordCount":344,"commentCount":0,"publisher":{"@id":"https:\/\/agencia.252.com.mx\/home\/#organization"},"image":{"@id":"https:\/\/agencia.252.com.mx\/home\/rifan-dos-automoviles-y-una-camioneta-entre-padres-de-familia-de-naucalpan\/#primaryimage"},"thumbnailUrl":"https:\/\/agencia.252.com.mx\/wp-content\/uploads\/2026\/08\/WhatsApp-Image-2026-08-29-at-7.10.57-PM.jpeg","keywords":["Edomex"],"articleSection":["Edomex","Naucalpan","Seguridad"],"inLanguage":"es","potentialAction":[{"@type":"CommentAction","name":"Comment","target":["https:\/\/agencia.252.com.mx\/home\/rifan-dos-automoviles-y-una-camioneta-entre-padres-de-familia-de-naucalpan\/#respond"]}]},{"@type":"WebPage","@id":"https:\/\/agencia.252.com.mx\/home\/rifan-dos-automoviles-y-una-camioneta-entre-padres-de-familia-de-naucalpan\/","url":"https:\/\/agencia.252.com.mx\/home\/rifan-dos-automoviles-y-una-camioneta-entre-padres-de-familia-de-naucalpan\/","name":"Rifan dos automoviles y una camioneta entre padres de familia de Naucalpan\u00a0 - Agencia252","isPartOf":{"@id":"https:\/\/agencia.252.com.mx\/home\/#website"},"primaryImageOfPage":{"@id":"https:\/\/agencia.252.com.mx\/home\/rifan-dos-automoviles-y-una-camioneta-entre-padres-de-familia-de-naucalpan\/#primaryimage"},"image":{"@id":"https:\/\/agencia.252.com.mx\/home\/rifan-dos-automoviles-y-una-camioneta-entre-padres-de-familia-de-naucalpan\/#primaryimage"},"thumbnailUrl":"https:\/\/agencia.252.com.mx\/wp-content\/uploads\/2026\/08\/WhatsApp-Image-2026-08-29-at-7.10.57-PM.jpeg","datePublished":"2026-08-30T22:55:57+00:00","dateModified":"2026-08-30T22:57:26+00:00","breadcrumb":{"@id":"https:\/\/agencia.252.com.mx\/home\/rifan-dos-automoviles-y-una-camioneta-entre-padres-de-familia-de-naucalpan\/#breadcrumb"},"inLanguage":"es","potentialAction":[{"@type":"ReadAction","target":["https:\/\/agencia.252.com.mx\/home\/rifan-dos-automoviles-y-una-camioneta-entre-padres-de-familia-de-naucalpan\/"]}]},{"@type":"ImageObject","inLanguage":"es","@id":"https:\/\/agencia.252.com.mx\/home\/rifan-dos-automoviles-y-una-camioneta-entre-padres-de-familia-de-naucalpan\/#primaryimage","url":"https:\/\/agencia.252.com.mx\/wp-content\/uploads\/2026\/08\/WhatsApp-Image-2026-08-29-at-7.10.57-PM.jpeg","contentUrl":"https:\/\/agencia.252.com.mx\/wp-content\/uploads\/2026\/08\/WhatsApp-Image-2026-08-29-at-7.10.57-PM.jpeg","width":1600,"height":1066},{"@type":"BreadcrumbList","@id":"https:\/\/agencia.252.com.mx\/home\/rifan-dos-automoviles-y-una-camioneta-entre-padres-de-familia-de-naucalpan\/#breadcrumb","itemListElement":[{"@type":"ListItem","position":1,"name":"Portada","item":"https:\/\/agencia.252.com.mx\/home\/"},{"@type":"ListItem","position":2,"name":"Rifan dos automoviles y una camioneta entre padres de familia de Naucalpan\u00a0"}]},{"@type":"WebSite","@id":"https:\/\/agencia.252.com.mx\/home\/#website","url":"https:\/\/agencia.252.com.mx\/home\/","name":"Agencia252","description":"Tu espacio en la Red","publisher":{"@id":"https:\/\/agencia.252.com.mx\/home\/#organization"},"potentialAction":[{"@type":"SearchAction","target":{"@type":"EntryPoint","urlTemplate":"https:\/\/agencia.252.com.mx\/home\/?s={search_term_string}"},"query-input":{"@type":"PropertyValueSpecification","valueRequired":true,"valueName":"search_term_string"}}],"inLanguage":"es"},{"@type":"Organization","@id":"https:\/\/agencia.252.com.mx\/home\/#organization","name":"Agencia252","url":"https:\/\/agencia.252.com.mx\/home\/","logo":{"@type":"ImageObject","inLanguage":"es","@id":"https:\/\/agencia.252.com.mx\/home\/#\/schema\/logo\/image\/","url":"https:\/\/agencia.252.com.mx\/wp-content\/uploads\/2023\/02\/cropped-ciruclo-agencia-e1677562404136.png","contentUrl":"https:\/\/agencia.252.com.mx\/wp-content\/uploads\/2023\/02\/cropped-ciruclo-agencia-e1677562404136.png","width":512,"height":512,"caption":"Agencia252"},"image":{"@id":"https:\/\/agencia.252.com.mx\/home\/#\/schema\/logo\/image\/"},"sameAs":["https:\/\/www.facebook.com\/252Comunicacion\/","https:\/\/x.com\/252COMS"]},{"@type":"Person","@id":"https:\/\/agencia.252.com.mx\/home\/#\/schema\/person\/6b972021e9a92d45ade8c78d81509098","name":"Nacho Corro","image":{"@type":"ImageObject","inLanguage":"es","@id":"https:\/\/secure.gravatar.com\/avatar\/5db6df507cfe1307e192fbb498c6b85f1cf2ffd8b4cd37141b9eea588fcbd5a4?s=96&r=g","url":"https:\/\/secure.gravatar.com\/avatar\/5db6df507cfe1307e192fbb498c6b85f1cf2ffd8b4cd37141b9eea588fcbd5a4?s=96&r=g","contentUrl":"https:\/\/secure.gravatar.com\/avatar\/5db6df507cfe1307e192fbb498c6b85f1cf2ffd8b4cd37141b9eea588fcbd5a4?s=96&r=g","caption":"Nacho Corro"},"description":"Comunicador Social, Periodista y Administraci\u00f3n P\u00fablica. Conversador pol\u00edtico, temas electorales y seguridad. Generador de contenidos digitales. Amante de la fotograf\u00eda","sameAs":["https:\/\/www.facebook.com\/jcorroherrera\/","www.instagram.com\/nachocorro\/","https:\/\/x.com\/Juan Ignacio Corro Herrera"],"url":"https:\/\/agencia.252.com.mx\/home\/author\/i-corro\/"}]}},"_links":{"self":[{"href":"https:\/\/agencia.252.com.mx\/home\/wp-json\/wp\/v2\/posts\/22981","targetHints":{"allow":["GET"]}}],"collection":[{"href":"https:\/\/agencia.252.com.mx\/home\/wp-json\/wp\/v2\/posts"}],"about":[{"href":"https:\/\/agencia.252.com.mx\/home\/wp-json\/wp\/v2\/types\/post"}],"author":[{"embeddable":true,"href":"https:\/\/agencia.252.com.mx\/home\/wp-json\/wp\/v2\/users\/5"}],"replies":[{"embeddable":true,"href":"https:\/\/agencia.252.com.mx\/home\/wp-json\/wp\/v2\/comments?post=22981"}],"version-history":[{"count":2,"href":"https:\/\/agencia.252.com.mx\/home\/wp-json\/wp\/v2\/posts\/22981\/revisions"}],"predecessor-version":[{"id":22986,"href":"https:\/\/agencia.252.com.mx\/home\/wp-json\/wp\/v2\/posts\/22981\/revisions\/22986"}],"wp:featuredmedia":[{"embeddable":true,"href":"https:\/\/agencia.252.com.mx\/home\/wp-json\/wp\/v2\/media\/22982"}],"wp:attachment":[{"href":"https:\/\/agencia.252.com.mx\/home\/wp-json\/wp\/v2\/media?parent=22981"}],"wp:term":[{"taxonomy":"category","embeddable":true,"href":"https:\/\/agencia.252.com.mx\/home\/wp-json\/wp\/v2\/categories?post=22981"},{"taxonomy":"post_tag","embeddable":true,"href":"https:\/\/agencia.252.com.mx\/home\/wp-json\/wp\/v2\/tags?post=22981"}],"curies":[{"name":"wp","href":"https:\/\/api.w.org\/{rel}","templated":true}]}}