{"id":1946,"date":"2023-05-29T21:06:40","date_gmt":"2023-05-30T03:06:40","guid":{"rendered":"https:\/\/agencia.252.com.mx\/home\/?p=1946"},"modified":"2023-05-29T23:26:22","modified_gmt":"2023-05-30T05:26:22","slug":"llega-la-caballada-a-aguascalientes","status":"publish","type":"post","link":"https:\/\/agencia.252.com.mx\/home\/llega-la-caballada-a-aguascalientes\/","title":{"rendered":"Llega la caballada a Aguascalientes"},"content":{"rendered":"<p>Visitas: 77<\/p>\n<p class=\"wp-block-paragraph\">A partir de este martes, la Ciudad de Aguascalientes se convertir\u00e1 en el centro ecuestre de atenci\u00f3n juvenil al disputarse en la Arena San Marcos los juegos nacionales juveniles de Charrer\u00eda y por primera vez de Rodeo organizados por la Comisi\u00f3n Nacional de Cultura F\u00edsica y Deporte.<\/p>\n\n\n\n<figure class=\"wp-block-image size-large is-resized\"><img fetchpriority=\"high\" decoding=\"async\" src=\"https:\/\/agencia.252.com.mx\/wp-content\/uploads\/2023\/05\/das-1024x1024.jpg\" alt=\"\" class=\"wp-image-1949\" width=\"409\" height=\"409\" srcset=\"https:\/\/agencia.252.com.mx\/wp-content\/uploads\/2023\/05\/das-1024x1024.jpg 1024w, https:\/\/agencia.252.com.mx\/wp-content\/uploads\/2023\/05\/das-300x300.jpg 300w, https:\/\/agencia.252.com.mx\/wp-content\/uploads\/2023\/05\/das-150x150.jpg 150w, https:\/\/agencia.252.com.mx\/wp-content\/uploads\/2023\/05\/das-768x768.jpg 768w, https:\/\/agencia.252.com.mx\/wp-content\/uploads\/2023\/05\/das.jpg 1080w\" sizes=\"(max-width: 409px) 100vw, 409px\" \/><\/figure>\n\n\n\n<p class=\"wp-block-paragraph\">Los primeros en las competencias ser\u00e1n los equipos Charros y Escaramuzas en las categor\u00edas infantil B y Juvenil que ser\u00e1n del 30 de mayo al 4 de junio en el lienzo de la Arena San Marcos mientras que del 6 al 10 de junio ser\u00e1n las disciplinas de Rodeo quienes ocupen las instalaciones ecuestres.<\/p>\n\n\n\n<p class=\"wp-block-paragraph\">En la capital hidroc\u00e1lida se dar\u00e1n cita, a lo largo de cinco jornadas, un total de 17 equipos varoniles y 15 escaramuzas, procedentes de 13 entidades federativas de la Rep\u00fablica Mexicana y el debut de representativos charros de los Estados Unidos de Norteam\u00e9rica, donde se practica la Charrer\u00eda.<\/p>\n\n\n\n<p class=\"wp-block-paragraph\">Aldo Garibay, Delegado T\u00e9cnico de la Federaci\u00f3n Mexicana de Rodeo, explic\u00f3 que para la federaci\u00f3n a la que representa, es la primera vez que participan y ser\u00e1n un aproximado de 470 jinetes quienes se presenten en lazo, barriles y otras disciplinas de su deporte.<\/p>\n\n\n\n<figure class=\"wp-block-image size-full is-resized\"><img decoding=\"async\" src=\"https:\/\/agencia.252.com.mx\/wp-content\/uploads\/2023\/05\/fatima-4.jpg\" alt=\"\" class=\"wp-image-1948\" width=\"474\" height=\"379\" srcset=\"https:\/\/agencia.252.com.mx\/wp-content\/uploads\/2023\/05\/fatima-4.jpg 920w, https:\/\/agencia.252.com.mx\/wp-content\/uploads\/2023\/05\/fatima-4-300x240.jpg 300w, https:\/\/agencia.252.com.mx\/wp-content\/uploads\/2023\/05\/fatima-4-768x614.jpg 768w\" sizes=\"(max-width: 474px) 100vw, 474px\" \/><\/figure>\n\n\n\n<p class=\"wp-block-paragraph\">\u201cPara nosotros todo esto es nuevo, los representantes de los estados est\u00e1n muy emocionados, estamos agradecidos con la CONADE en que se nos incluyera en los Juegos Nacionales y es nuestro primer a\u00f1o de participaci\u00f3n\u201d, coment\u00f3 Garibay<\/p>\n\n\n\n<p class=\"wp-block-paragraph\">As\u00ed que durante dos semanas la ciudad de Aguascalientes tendr\u00e1 actividades deportivas de pasi\u00f3n, adrenalina, tradici\u00f3n y cultura con los binomios ecuestres.<\/p>\n\n\n\n<figure class=\"wp-block-image size-large is-resized\"><img decoding=\"async\" src=\"https:\/\/agencia.252.com.mx\/wp-content\/uploads\/2023\/05\/Imagen-de-WhatsApp-2023-05-29-a-las-21.02.39-1024x1024.jpg\" alt=\"\" class=\"wp-image-1950\" width=\"405\" height=\"405\" srcset=\"https:\/\/agencia.252.com.mx\/wp-content\/uploads\/2023\/05\/Imagen-de-WhatsApp-2023-05-29-a-las-21.02.39-1024x1024.jpg 1024w, https:\/\/agencia.252.com.mx\/wp-content\/uploads\/2023\/05\/Imagen-de-WhatsApp-2023-05-29-a-las-21.02.39-300x300.jpg 300w, https:\/\/agencia.252.com.mx\/wp-content\/uploads\/2023\/05\/Imagen-de-WhatsApp-2023-05-29-a-las-21.02.39-150x150.jpg 150w, https:\/\/agencia.252.com.mx\/wp-content\/uploads\/2023\/05\/Imagen-de-WhatsApp-2023-05-29-a-las-21.02.39-768x768.jpg 768w, https:\/\/agencia.252.com.mx\/wp-content\/uploads\/2023\/05\/Imagen-de-WhatsApp-2023-05-29-a-las-21.02.39.jpg 1080w\" sizes=\"(max-width: 405px) 100vw, 405px\" \/><\/figure>\n","protected":false},"excerpt":{"rendered":"<p>Aguascalientes reunir\u00e1 las disciplinas ecuestres de Charreria y Rodeo en dos semanas de justas deportivas <\/p>\n","protected":false},"author":2,"featured_media":1950,"comment_status":"open","ping_status":"open","sticky":false,"template":"","format":"standard","meta":{"site-sidebar-layout":"default","site-content-layout":"","ast-site-content-layout":"default","site-content-style":"default","site-sidebar-style":"default","ast-global-header-display":"","ast-banner-title-visibility":"","ast-main-header-display":"","ast-hfb-above-header-display":"","ast-hfb-below-header-display":"","ast-hfb-mobile-header-display":"","site-post-title":"","ast-breadcrumbs-content":"","ast-featured-img":"","footer-sml-layout":"","ast-disable-related-posts":"","theme-transparent-header-meta":"","adv-header-id-meta":"","stick-header-meta":"","header-above-stick-meta":"","header-main-stick-meta":"","header-below-stick-meta":"","astra-migrate-meta-layouts":"default","ast-page-background-enabled":"default","ast-page-background-meta":{"desktop":{"background-color":"var(--ast-global-color-4)","background-image":"","background-repeat":"repeat","background-position":"center center","background-size":"auto","background-attachment":"scroll","background-type":"","background-media":"","overlay-type":"","overlay-color":"","overlay-opacity":"","overlay-gradient":""},"tablet":{"background-color":"","background-image":"","background-repeat":"repeat","background-position":"center center","background-size":"auto","background-attachment":"scroll","background-type":"","background-media":"","overlay-type":"","overlay-color":"","overlay-opacity":"","overlay-gradient":""},"mobile":{"background-color":"","background-image":"","background-repeat":"repeat","background-position":"center center","background-size":"auto","background-attachment":"scroll","background-type":"","background-media":"","overlay-type":"","overlay-color":"","overlay-opacity":"","overlay-gradient":""}},"ast-content-background-meta":{"desktop":{"background-color":"var(--ast-global-color-5)","background-image":"","background-repeat":"repeat","background-position":"center center","background-size":"auto","background-attachment":"scroll","background-type":"","background-media":"","overlay-type":"","overlay-color":"","overlay-opacity":"","overlay-gradient":""},"tablet":{"background-color":"var(--ast-global-color-5)","background-image":"","background-repeat":"repeat","background-position":"center center","background-size":"auto","background-attachment":"scroll","background-type":"","background-media":"","overlay-type":"","overlay-color":"","overlay-opacity":"","overlay-gradient":""},"mobile":{"background-color":"var(--ast-global-color-5)","background-image":"","background-repeat":"repeat","background-position":"center center","background-size":"auto","background-attachment":"scroll","background-type":"","background-media":"","overlay-type":"","overlay-color":"","overlay-opacity":"","overlay-gradient":""}},"footnotes":""},"categories":[54],"tags":[509,519],"class_list":["post-1946","post","type-post","status-publish","format-standard","has-post-thumbnail","hentry","category-cabalgando","tag-caballos","tag-charreria"],"yoast_head":"<!-- This site is optimized with the Yoast SEO plugin v28.3 - https:\/\/yoast.com\/product\/yoast-seo-wordpress\/ -->\n<title>Llega la caballada a Aguascalientes - Agencia252<\/title>\n<meta name=\"description\" content=\"Aguascalientes reunir\u00e1 las disciplinas ecuestres de Charreria y Rodeo en dos semanas de justas deportivas en los Nacionales CONADE\" \/>\n<meta name=\"robots\" content=\"index, follow, max-snippet:-1, max-image-preview:large, max-video-preview:-1\" \/>\n<link rel=\"canonical\" href=\"https:\/\/agencia.252.com.mx\/home\/llega-la-caballada-a-aguascalientes\/\" \/>\n<meta property=\"og:locale\" content=\"es_ES\" \/>\n<meta property=\"og:type\" content=\"article\" \/>\n<meta property=\"og:title\" content=\"Llega la caballada a Aguascalientes - Agencia252\" \/>\n<meta property=\"og:description\" content=\"Aguascalientes reunir\u00e1 las disciplinas ecuestres de Charreria y Rodeo en dos semanas de justas deportivas en los Nacionales CONADE\" \/>\n<meta property=\"og:url\" content=\"https:\/\/agencia.252.com.mx\/home\/llega-la-caballada-a-aguascalientes\/\" \/>\n<meta property=\"og:site_name\" content=\"Agencia252\" \/>\n<meta property=\"article:publisher\" content=\"https:\/\/www.facebook.com\/252Comunicacion\/\" \/>\n<meta property=\"article:published_time\" content=\"2023-05-30T03:06:40+00:00\" \/>\n<meta property=\"article:modified_time\" content=\"2023-05-30T05:26:22+00:00\" \/>\n<meta property=\"og:image\" content=\"http:\/\/agencia.252.com.mx\/wp-content\/uploads\/2023\/05\/Imagen-de-WhatsApp-2023-05-29-a-las-21.02.39.jpg\" \/>\n\t<meta property=\"og:image:width\" content=\"1080\" \/>\n\t<meta property=\"og:image:height\" content=\"1080\" \/>\n\t<meta property=\"og:image:type\" content=\"image\/jpeg\" \/>\n<meta name=\"author\" content=\"C\u00e9sar D\u00edaz\" \/>\n<meta name=\"twitter:card\" content=\"summary_large_image\" \/>\n<meta name=\"twitter:creator\" content=\"@252COMS\" \/>\n<meta name=\"twitter:site\" content=\"@252COMS\" \/>\n<meta name=\"twitter:label1\" content=\"Escrito por\" \/>\n\t<meta name=\"twitter:data1\" content=\"C\u00e9sar D\u00edaz\" \/>\n\t<meta name=\"twitter:label2\" content=\"Tiempo de lectura\" \/>\n\t<meta name=\"twitter:data2\" content=\"2 minutos\" \/>\n<script type=\"application\/ld+json\" class=\"yoast-schema-graph\">{\"@context\":\"https:\\\/\\\/schema.org\",\"@graph\":[{\"@type\":\"Article\",\"@id\":\"https:\\\/\\\/agencia.252.com.mx\\\/home\\\/llega-la-caballada-a-aguascalientes\\\/#article\",\"isPartOf\":{\"@id\":\"https:\\\/\\\/agencia.252.com.mx\\\/home\\\/llega-la-caballada-a-aguascalientes\\\/\"},\"author\":{\"name\":\"C\u00e9sar D\u00edaz\",\"@id\":\"https:\\\/\\\/agencia.252.com.mx\\\/home\\\/#\\\/schema\\\/person\\\/5b572a97d324685fe6ca87bd627de79a\"},\"headline\":\"Llega la caballada a Aguascalientes\",\"datePublished\":\"2023-05-30T03:06:40+00:00\",\"dateModified\":\"2023-05-30T05:26:22+00:00\",\"mainEntityOfPage\":{\"@id\":\"https:\\\/\\\/agencia.252.com.mx\\\/home\\\/llega-la-caballada-a-aguascalientes\\\/\"},\"wordCount\":271,\"commentCount\":2,\"publisher\":{\"@id\":\"https:\\\/\\\/agencia.252.com.mx\\\/home\\\/#organization\"},\"image\":{\"@id\":\"https:\\\/\\\/agencia.252.com.mx\\\/home\\\/llega-la-caballada-a-aguascalientes\\\/#primaryimage\"},\"thumbnailUrl\":\"https:\\\/\\\/agencia.252.com.mx\\\/wp-content\\\/uploads\\\/2023\\\/05\\\/Imagen-de-WhatsApp-2023-05-29-a-las-21.02.39.jpg\",\"keywords\":[\"caballos\",\"charreria\"],\"articleSection\":[\"Cabalgando\"],\"inLanguage\":\"es\",\"potentialAction\":[{\"@type\":\"CommentAction\",\"name\":\"Comment\",\"target\":[\"https:\\\/\\\/agencia.252.com.mx\\\/home\\\/llega-la-caballada-a-aguascalientes\\\/#respond\"]}]},{\"@type\":\"WebPage\",\"@id\":\"https:\\\/\\\/agencia.252.com.mx\\\/home\\\/llega-la-caballada-a-aguascalientes\\\/\",\"url\":\"https:\\\/\\\/agencia.252.com.mx\\\/home\\\/llega-la-caballada-a-aguascalientes\\\/\",\"name\":\"Llega la caballada a Aguascalientes - Agencia252\",\"isPartOf\":{\"@id\":\"https:\\\/\\\/agencia.252.com.mx\\\/home\\\/#website\"},\"primaryImageOfPage\":{\"@id\":\"https:\\\/\\\/agencia.252.com.mx\\\/home\\\/llega-la-caballada-a-aguascalientes\\\/#primaryimage\"},\"image\":{\"@id\":\"https:\\\/\\\/agencia.252.com.mx\\\/home\\\/llega-la-caballada-a-aguascalientes\\\/#primaryimage\"},\"thumbnailUrl\":\"https:\\\/\\\/agencia.252.com.mx\\\/wp-content\\\/uploads\\\/2023\\\/05\\\/Imagen-de-WhatsApp-2023-05-29-a-las-21.02.39.jpg\",\"datePublished\":\"2023-05-30T03:06:40+00:00\",\"dateModified\":\"2023-05-30T05:26:22+00:00\",\"description\":\"Aguascalientes reunir\u00e1 las disciplinas ecuestres de Charreria y Rodeo en dos semanas de justas deportivas en los Nacionales CONADE\",\"breadcrumb\":{\"@id\":\"https:\\\/\\\/agencia.252.com.mx\\\/home\\\/llega-la-caballada-a-aguascalientes\\\/#breadcrumb\"},\"inLanguage\":\"es\",\"potentialAction\":[{\"@type\":\"ReadAction\",\"target\":[\"https:\\\/\\\/agencia.252.com.mx\\\/home\\\/llega-la-caballada-a-aguascalientes\\\/\"]}]},{\"@type\":\"ImageObject\",\"inLanguage\":\"es\",\"@id\":\"https:\\\/\\\/agencia.252.com.mx\\\/home\\\/llega-la-caballada-a-aguascalientes\\\/#primaryimage\",\"url\":\"https:\\\/\\\/agencia.252.com.mx\\\/wp-content\\\/uploads\\\/2023\\\/05\\\/Imagen-de-WhatsApp-2023-05-29-a-las-21.02.39.jpg\",\"contentUrl\":\"https:\\\/\\\/agencia.252.com.mx\\\/wp-content\\\/uploads\\\/2023\\\/05\\\/Imagen-de-WhatsApp-2023-05-29-a-las-21.02.39.jpg\",\"width\":1080,\"height\":1080},{\"@type\":\"BreadcrumbList\",\"@id\":\"https:\\\/\\\/agencia.252.com.mx\\\/home\\\/llega-la-caballada-a-aguascalientes\\\/#breadcrumb\",\"itemListElement\":[{\"@type\":\"ListItem\",\"position\":1,\"name\":\"Portada\",\"item\":\"https:\\\/\\\/agencia.252.com.mx\\\/home\\\/\"},{\"@type\":\"ListItem\",\"position\":2,\"name\":\"Llega la caballada a Aguascalientes\"}]},{\"@type\":\"WebSite\",\"@id\":\"https:\\\/\\\/agencia.252.com.mx\\\/home\\\/#website\",\"url\":\"https:\\\/\\\/agencia.252.com.mx\\\/home\\\/\",\"name\":\"Agencia252\",\"description\":\"Tu espacio en la Red\",\"publisher\":{\"@id\":\"https:\\\/\\\/agencia.252.com.mx\\\/home\\\/#organization\"},\"potentialAction\":[{\"@type\":\"SearchAction\",\"target\":{\"@type\":\"EntryPoint\",\"urlTemplate\":\"https:\\\/\\\/agencia.252.com.mx\\\/home\\\/?s={search_term_string}\"},\"query-input\":{\"@type\":\"PropertyValueSpecification\",\"valueRequired\":true,\"valueName\":\"search_term_string\"}}],\"inLanguage\":\"es\"},{\"@type\":\"Organization\",\"@id\":\"https:\\\/\\\/agencia.252.com.mx\\\/home\\\/#organization\",\"name\":\"Agencia252\",\"url\":\"https:\\\/\\\/agencia.252.com.mx\\\/home\\\/\",\"logo\":{\"@type\":\"ImageObject\",\"inLanguage\":\"es\",\"@id\":\"https:\\\/\\\/agencia.252.com.mx\\\/home\\\/#\\\/schema\\\/logo\\\/image\\\/\",\"url\":\"https:\\\/\\\/agencia.252.com.mx\\\/wp-content\\\/uploads\\\/2023\\\/02\\\/cropped-ciruclo-agencia-e1677562404136.png\",\"contentUrl\":\"https:\\\/\\\/agencia.252.com.mx\\\/wp-content\\\/uploads\\\/2023\\\/02\\\/cropped-ciruclo-agencia-e1677562404136.png\",\"width\":512,\"height\":512,\"caption\":\"Agencia252\"},\"image\":{\"@id\":\"https:\\\/\\\/agencia.252.com.mx\\\/home\\\/#\\\/schema\\\/logo\\\/image\\\/\"},\"sameAs\":[\"https:\\\/\\\/www.facebook.com\\\/252Comunicacion\\\/\",\"https:\\\/\\\/x.com\\\/252COMS\"]},{\"@type\":\"Person\",\"@id\":\"https:\\\/\\\/agencia.252.com.mx\\\/home\\\/#\\\/schema\\\/person\\\/5b572a97d324685fe6ca87bd627de79a\",\"name\":\"C\u00e9sar D\u00edaz\",\"image\":{\"@type\":\"ImageObject\",\"inLanguage\":\"es\",\"@id\":\"https:\\\/\\\/secure.gravatar.com\\\/avatar\\\/b8f76667be0aa9874637720ae3e7c0d5db56e69308e4263058f4c756f1573081?s=96&r=g\",\"url\":\"https:\\\/\\\/secure.gravatar.com\\\/avatar\\\/b8f76667be0aa9874637720ae3e7c0d5db56e69308e4263058f4c756f1573081?s=96&r=g\",\"contentUrl\":\"https:\\\/\\\/secure.gravatar.com\\\/avatar\\\/b8f76667be0aa9874637720ae3e7c0d5db56e69308e4263058f4c756f1573081?s=96&r=g\",\"caption\":\"C\u00e9sar D\u00edaz\"},\"description\":\"Fotoperiodista independiente\",\"url\":\"https:\\\/\\\/agencia.252.com.mx\\\/home\\\/author\\\/252cm\\\/\"}]}<\/script>\n<!-- \/ Yoast SEO plugin. -->","yoast_head_json":{"title":"Llega la caballada a Aguascalientes - Agencia252","description":"Aguascalientes reunir\u00e1 las disciplinas ecuestres de Charreria y Rodeo en dos semanas de justas deportivas en los Nacionales CONADE","robots":{"index":"index","follow":"follow","max-snippet":"max-snippet:-1","max-image-preview":"max-image-preview:large","max-video-preview":"max-video-preview:-1"},"canonical":"https:\/\/agencia.252.com.mx\/home\/llega-la-caballada-a-aguascalientes\/","og_locale":"es_ES","og_type":"article","og_title":"Llega la caballada a Aguascalientes - Agencia252","og_description":"Aguascalientes reunir\u00e1 las disciplinas ecuestres de Charreria y Rodeo en dos semanas de justas deportivas en los Nacionales CONADE","og_url":"https:\/\/agencia.252.com.mx\/home\/llega-la-caballada-a-aguascalientes\/","og_site_name":"Agencia252","article_publisher":"https:\/\/www.facebook.com\/252Comunicacion\/","article_published_time":"2023-05-30T03:06:40+00:00","article_modified_time":"2023-05-30T05:26:22+00:00","og_image":[{"width":1080,"height":1080,"url":"http:\/\/agencia.252.com.mx\/wp-content\/uploads\/2023\/05\/Imagen-de-WhatsApp-2023-05-29-a-las-21.02.39.jpg","type":"image\/jpeg"}],"author":"C\u00e9sar D\u00edaz","twitter_card":"summary_large_image","twitter_creator":"@252COMS","twitter_site":"@252COMS","twitter_misc":{"Escrito por":"C\u00e9sar D\u00edaz","Tiempo de lectura":"2 minutos"},"schema":{"@context":"https:\/\/schema.org","@graph":[{"@type":"Article","@id":"https:\/\/agencia.252.com.mx\/home\/llega-la-caballada-a-aguascalientes\/#article","isPartOf":{"@id":"https:\/\/agencia.252.com.mx\/home\/llega-la-caballada-a-aguascalientes\/"},"author":{"name":"C\u00e9sar D\u00edaz","@id":"https:\/\/agencia.252.com.mx\/home\/#\/schema\/person\/5b572a97d324685fe6ca87bd627de79a"},"headline":"Llega la caballada a Aguascalientes","datePublished":"2023-05-30T03:06:40+00:00","dateModified":"2023-05-30T05:26:22+00:00","mainEntityOfPage":{"@id":"https:\/\/agencia.252.com.mx\/home\/llega-la-caballada-a-aguascalientes\/"},"wordCount":271,"commentCount":2,"publisher":{"@id":"https:\/\/agencia.252.com.mx\/home\/#organization"},"image":{"@id":"https:\/\/agencia.252.com.mx\/home\/llega-la-caballada-a-aguascalientes\/#primaryimage"},"thumbnailUrl":"https:\/\/agencia.252.com.mx\/wp-content\/uploads\/2023\/05\/Imagen-de-WhatsApp-2023-05-29-a-las-21.02.39.jpg","keywords":["caballos","charreria"],"articleSection":["Cabalgando"],"inLanguage":"es","potentialAction":[{"@type":"CommentAction","name":"Comment","target":["https:\/\/agencia.252.com.mx\/home\/llega-la-caballada-a-aguascalientes\/#respond"]}]},{"@type":"WebPage","@id":"https:\/\/agencia.252.com.mx\/home\/llega-la-caballada-a-aguascalientes\/","url":"https:\/\/agencia.252.com.mx\/home\/llega-la-caballada-a-aguascalientes\/","name":"Llega la caballada a Aguascalientes - Agencia252","isPartOf":{"@id":"https:\/\/agencia.252.com.mx\/home\/#website"},"primaryImageOfPage":{"@id":"https:\/\/agencia.252.com.mx\/home\/llega-la-caballada-a-aguascalientes\/#primaryimage"},"image":{"@id":"https:\/\/agencia.252.com.mx\/home\/llega-la-caballada-a-aguascalientes\/#primaryimage"},"thumbnailUrl":"https:\/\/agencia.252.com.mx\/wp-content\/uploads\/2023\/05\/Imagen-de-WhatsApp-2023-05-29-a-las-21.02.39.jpg","datePublished":"2023-05-30T03:06:40+00:00","dateModified":"2023-05-30T05:26:22+00:00","description":"Aguascalientes reunir\u00e1 las disciplinas ecuestres de Charreria y Rodeo en dos semanas de justas deportivas en los Nacionales CONADE","breadcrumb":{"@id":"https:\/\/agencia.252.com.mx\/home\/llega-la-caballada-a-aguascalientes\/#breadcrumb"},"inLanguage":"es","potentialAction":[{"@type":"ReadAction","target":["https:\/\/agencia.252.com.mx\/home\/llega-la-caballada-a-aguascalientes\/"]}]},{"@type":"ImageObject","inLanguage":"es","@id":"https:\/\/agencia.252.com.mx\/home\/llega-la-caballada-a-aguascalientes\/#primaryimage","url":"https:\/\/agencia.252.com.mx\/wp-content\/uploads\/2023\/05\/Imagen-de-WhatsApp-2023-05-29-a-las-21.02.39.jpg","contentUrl":"https:\/\/agencia.252.com.mx\/wp-content\/uploads\/2023\/05\/Imagen-de-WhatsApp-2023-05-29-a-las-21.02.39.jpg","width":1080,"height":1080},{"@type":"BreadcrumbList","@id":"https:\/\/agencia.252.com.mx\/home\/llega-la-caballada-a-aguascalientes\/#breadcrumb","itemListElement":[{"@type":"ListItem","position":1,"name":"Portada","item":"https:\/\/agencia.252.com.mx\/home\/"},{"@type":"ListItem","position":2,"name":"Llega la caballada a Aguascalientes"}]},{"@type":"WebSite","@id":"https:\/\/agencia.252.com.mx\/home\/#website","url":"https:\/\/agencia.252.com.mx\/home\/","name":"Agencia252","description":"Tu espacio en la Red","publisher":{"@id":"https:\/\/agencia.252.com.mx\/home\/#organization"},"potentialAction":[{"@type":"SearchAction","target":{"@type":"EntryPoint","urlTemplate":"https:\/\/agencia.252.com.mx\/home\/?s={search_term_string}"},"query-input":{"@type":"PropertyValueSpecification","valueRequired":true,"valueName":"search_term_string"}}],"inLanguage":"es"},{"@type":"Organization","@id":"https:\/\/agencia.252.com.mx\/home\/#organization","name":"Agencia252","url":"https:\/\/agencia.252.com.mx\/home\/","logo":{"@type":"ImageObject","inLanguage":"es","@id":"https:\/\/agencia.252.com.mx\/home\/#\/schema\/logo\/image\/","url":"https:\/\/agencia.252.com.mx\/wp-content\/uploads\/2023\/02\/cropped-ciruclo-agencia-e1677562404136.png","contentUrl":"https:\/\/agencia.252.com.mx\/wp-content\/uploads\/2023\/02\/cropped-ciruclo-agencia-e1677562404136.png","width":512,"height":512,"caption":"Agencia252"},"image":{"@id":"https:\/\/agencia.252.com.mx\/home\/#\/schema\/logo\/image\/"},"sameAs":["https:\/\/www.facebook.com\/252Comunicacion\/","https:\/\/x.com\/252COMS"]},{"@type":"Person","@id":"https:\/\/agencia.252.com.mx\/home\/#\/schema\/person\/5b572a97d324685fe6ca87bd627de79a","name":"C\u00e9sar D\u00edaz","image":{"@type":"ImageObject","inLanguage":"es","@id":"https:\/\/secure.gravatar.com\/avatar\/b8f76667be0aa9874637720ae3e7c0d5db56e69308e4263058f4c756f1573081?s=96&r=g","url":"https:\/\/secure.gravatar.com\/avatar\/b8f76667be0aa9874637720ae3e7c0d5db56e69308e4263058f4c756f1573081?s=96&r=g","contentUrl":"https:\/\/secure.gravatar.com\/avatar\/b8f76667be0aa9874637720ae3e7c0d5db56e69308e4263058f4c756f1573081?s=96&r=g","caption":"C\u00e9sar D\u00edaz"},"description":"Fotoperiodista independiente","url":"https:\/\/agencia.252.com.mx\/home\/author\/252cm\/"}]}},"_links":{"self":[{"href":"https:\/\/agencia.252.com.mx\/home\/wp-json\/wp\/v2\/posts\/1946","targetHints":{"allow":["GET"]}}],"collection":[{"href":"https:\/\/agencia.252.com.mx\/home\/wp-json\/wp\/v2\/posts"}],"about":[{"href":"https:\/\/agencia.252.com.mx\/home\/wp-json\/wp\/v2\/types\/post"}],"author":[{"embeddable":true,"href":"https:\/\/agencia.252.com.mx\/home\/wp-json\/wp\/v2\/users\/2"}],"replies":[{"embeddable":true,"href":"https:\/\/agencia.252.com.mx\/home\/wp-json\/wp\/v2\/comments?post=1946"}],"version-history":[{"count":2,"href":"https:\/\/agencia.252.com.mx\/home\/wp-json\/wp\/v2\/posts\/1946\/revisions"}],"predecessor-version":[{"id":1952,"href":"https:\/\/agencia.252.com.mx\/home\/wp-json\/wp\/v2\/posts\/1946\/revisions\/1952"}],"wp:featuredmedia":[{"embeddable":true,"href":"https:\/\/agencia.252.com.mx\/home\/wp-json\/wp\/v2\/media\/1950"}],"wp:attachment":[{"href":"https:\/\/agencia.252.com.mx\/home\/wp-json\/wp\/v2\/media?parent=1946"}],"wp:term":[{"taxonomy":"category","embeddable":true,"href":"https:\/\/agencia.252.com.mx\/home\/wp-json\/wp\/v2\/categories?post=1946"},{"taxonomy":"post_tag","embeddable":true,"href":"https:\/\/agencia.252.com.mx\/home\/wp-json\/wp\/v2\/tags?post=1946"}],"curies":[{"name":"wp","href":"https:\/\/api.w.org\/{rel}","templated":true}]}}