{"id":18975,"date":"2026-05-01T20:16:52","date_gmt":"2026-05-02T02:16:52","guid":{"rendered":"https:\/\/agencia.252.com.mx\/home\/?p=18975"},"modified":"2026-05-01T20:16:53","modified_gmt":"2026-05-02T02:16:53","slug":"aprueba-huixquilucan-la-integracion-del-comite-coordinador-municipal-del-sistema-municipal-anticorrupcion","status":"publish","type":"post","link":"https:\/\/agencia.252.com.mx\/home\/aprueba-huixquilucan-la-integracion-del-comite-coordinador-municipal-del-sistema-municipal-anticorrupcion\/","title":{"rendered":"Aprueba Huixquilucan la integraci\u00f3n del Comit\u00e9 Coordinador Municipal del Sistema Municipal Anticorrupci\u00f3n"},"content":{"rendered":"<p>Visitas: 0<\/p>\n<ul class=\"wp-block-list\">\n<li><em>Romina Contreras, y\u00a0el\u00a0cuerpo edilicio, aprobaron a los integrantes del Comit\u00e9 Coordinador Municipal del Sistema Municipal Anticorrupci\u00f3n, para el periodo 2026\u00a0&#8211;\u00a02027\u00a0<\/em><\/li>\n\n\n\n<li><em>Durante la Cuadrag\u00e9sima Tercera Sesi\u00f3n Ordinaria de Cabildo,\u00a0tambi\u00e9n votaron a favor de\u00a0la integraci\u00f3n de Marycarmen G\u00f3mez Gil\u00a0al Comit\u00e9 de Participaci\u00f3n Ciudadana del Sistema Municipal de Anticorrupci\u00f3n de Huixquilucan<\/em><\/li>\n<\/ul>\n\n\n\n<p>Juan Ignacio Corro&nbsp;<\/p>\n\n\n\n<p class=\"has-text-align-right\">Huixquilucan, Estado de M\u00e9xico, a 1 de mayo&nbsp;&nbsp;de 2026<\/p>\n\n\n\n<p>Con el objetivo de consolidar una gesti\u00f3n p\u00fablica eficiente&nbsp;y transparente, el Ayuntamiento de Huixquilucan&nbsp;aprob\u00f3,&nbsp;por unanimidad&nbsp;de votos, la integraci\u00f3n del Comit\u00e9 Coordinador Municipal del Sistema Municipal Anticorrupci\u00f3n, para el periodo 2026 &#8211; 2027, para seguir avanzando en el combate a la corrupci\u00f3n y la rendici\u00f3n de cuentas.<\/p>\n\n\n\n<p>Durante la Cuadrag\u00e9sima Tercera Sesi\u00f3n Ordinaria de Cabildo,&nbsp;la presidenta municipal, Romina Contreras Carrasco, explic\u00f3 que este&nbsp;Comit\u00e9&nbsp;tiene el prop\u00f3sito de dise\u00f1ar pol\u00edticas p\u00fablicas y promover programas para combatir la corrupci\u00f3n en procesos administrativos del municipio, as\u00ed como reforzar las acciones del gobierno municipal para continuar como una administraci\u00f3n transparente.&nbsp;<\/p>\n\n\n\n<p>\u00abEn Huixquilucan,&nbsp;trabajamos de frente a la gente, y gracias a que manejamos los recursos con honestidad, hoy tenemos mejores programas para todos. Con el apoyo del Comit\u00e9&nbsp;Coordinador Municipal del Sistema Municipal Anticorrupci\u00f3n, estamos blindando al municipio para que siga siendo el mejor lugar para vivir. Fortalecer organismos como&nbsp;\u00e9ste&nbsp;es clave para consolidar a Huixquilucan como un referente de&nbsp;buen gobierno\u201d, sentenci\u00f3 Romina Contreras.&nbsp;<\/p>\n\n\n\n<p>Este Comit\u00e9 fue aprobado para el periodo que comprende del 16 de mayo de 2026 al 15 de mayo de 2027, el cual est\u00e1 integrado por el presidente del Comit\u00e9 de Participaci\u00f3n Ciudadana y&nbsp;presidente del Comit\u00e9 Coordinador Municipal&nbsp;del Sistema Municipal de Anticorrupci\u00f3n,&nbsp;Rogelio Ambrosio Meneses Aguilar; el titular del \u00d3rgano Interno de Control Municipal,&nbsp;Benito Garc\u00eda \u00c1valos; y el titular de la Unidad de Transparencia Municipal,&nbsp;Diego Tejeda Calvario.<\/p>\n\n\n\n<p>\u00abCon la renovaci\u00f3n de dicho \u00f3rgano y la suma de perfiles ciudadanos, Huixquilucan consolida su posici\u00f3n como referente en gesti\u00f3n p\u00fablica. Al robustecer estos mecanismos de supervisi\u00f3n, la administraci\u00f3n garantiza que la integridad y rendici\u00f3n de cuentas sean los pilares encargados de salvaguardar el patrimonio municipal, asegurando un gobierno abierto que act\u00fae siempre con \u00e9tica en beneficio de la poblaci\u00f3n\u201d, se\u00f1al\u00f3 Romina Contreras.&nbsp;<\/p>\n\n\n\n<p>Asimismo, en esta Sesi\u00f3n Ordinaria de Cabildo, se aprob\u00f3, por unanimidad de votos,&nbsp;laintegraci\u00f3n de&nbsp;Marycarmen G\u00f3mez Gil&nbsp;al&nbsp;Comit\u00e9 de Participaci\u00f3n Ciudadana del Sistema Municipal de Anticorrupci\u00f3n&nbsp;de Huixquilucan, para fortalecer el&nbsp;v\u00ednculo directo entre la ciudadan\u00eda y las autoridades,&nbsp;as\u00ed como&nbsp;vigilar el correcto uso de los recursos p\u00fablicos y prevenir, detectar y sancionar posibles actos de corrupci\u00f3n o faltas administrativas.<\/p>\n\n\n\n<p>Por \u00faltimo, la alcaldesa indic\u00f3 que este&nbsp;nombramiento&nbsp;fortalece los pilares de \u00e9tica y rendici\u00f3n de cuentas de la actual administraci\u00f3n, toda vez que se construyen filtros s\u00f3lidos para asegurar que la honestidad sea uno de los ejes principales de los servidores p\u00fablicos.<\/p>\n","protected":false},"excerpt":{"rendered":"<p>Visitas: 0 Juan Ignacio Corro&nbsp; Huixquilucan, Estado de M\u00e9xico, a 1 de mayo&nbsp;&nbsp;de 2026 Con el objetivo de consolidar una gesti\u00f3n p\u00fablica eficiente&nbsp;y transparente, el Ayuntamiento de Huixquilucan&nbsp;aprob\u00f3,&nbsp;por unanimidad&nbsp;de votos, la integraci\u00f3n del Comit\u00e9 Coordinador Municipal del Sistema Municipal Anticorrupci\u00f3n, para el periodo 2026 &#8211; 2027, para seguir avanzando en el combate a la corrupci\u00f3n [&hellip;]<\/p>\n","protected":false},"author":5,"featured_media":18976,"comment_status":"open","ping_status":"open","sticky":false,"template":"","format":"standard","meta":{"site-sidebar-layout":"default","site-content-layout":"","ast-site-content-layout":"default","site-content-style":"default","site-sidebar-style":"default","ast-global-header-display":"","ast-banner-title-visibility":"","ast-main-header-display":"","ast-hfb-above-header-display":"","ast-hfb-below-header-display":"","ast-hfb-mobile-header-display":"","site-post-title":"","ast-breadcrumbs-content":"","ast-featured-img":"","footer-sml-layout":"","ast-disable-related-posts":"","theme-transparent-header-meta":"","adv-header-id-meta":"","stick-header-meta":"","header-above-stick-meta":"","header-main-stick-meta":"","header-below-stick-meta":"","astra-migrate-meta-layouts":"set","ast-page-background-enabled":"default","ast-page-background-meta":{"desktop":{"background-color":"var(--ast-global-color-4)","background-image":"","background-repeat":"repeat","background-position":"center center","background-size":"auto","background-attachment":"scroll","background-type":"","background-media":"","overlay-type":"","overlay-color":"","overlay-opacity":"","overlay-gradient":""},"tablet":{"background-color":"","background-image":"","background-repeat":"repeat","background-position":"center center","background-size":"auto","background-attachment":"scroll","background-type":"","background-media":"","overlay-type":"","overlay-color":"","overlay-opacity":"","overlay-gradient":""},"mobile":{"background-color":"","background-image":"","background-repeat":"repeat","background-position":"center center","background-size":"auto","background-attachment":"scroll","background-type":"","background-media":"","overlay-type":"","overlay-color":"","overlay-opacity":"","overlay-gradient":""}},"ast-content-background-meta":{"desktop":{"background-color":"var(--ast-global-color-5)","background-image":"","background-repeat":"repeat","background-position":"center center","background-size":"auto","background-attachment":"scroll","background-type":"","background-media":"","overlay-type":"","overlay-color":"","overlay-opacity":"","overlay-gradient":""},"tablet":{"background-color":"var(--ast-global-color-5)","background-image":"","background-repeat":"repeat","background-position":"center center","background-size":"auto","background-attachment":"scroll","background-type":"","background-media":"","overlay-type":"","overlay-color":"","overlay-opacity":"","overlay-gradient":""},"mobile":{"background-color":"var(--ast-global-color-5)","background-image":"","background-repeat":"repeat","background-position":"center center","background-size":"auto","background-attachment":"scroll","background-type":"","background-media":"","overlay-type":"","overlay-color":"","overlay-opacity":"","overlay-gradient":""}},"footnotes":""},"categories":[8,283,512],"tags":[526],"class_list":["post-18975","post","type-post","status-publish","format-standard","has-post-thumbnail","hentry","category-edomex","category-huixquilucan","category-metropoli","tag-edomex"],"yoast_head":"<!-- This site is optimized with the Yoast SEO plugin v27.4 - https:\/\/yoast.com\/product\/yoast-seo-wordpress\/ -->\n<title>Aprueba Huixquilucan la integraci\u00f3n del Comit\u00e9 Coordinador Municipal del Sistema Municipal Anticorrupci\u00f3n - Agencia252<\/title>\n<meta name=\"robots\" content=\"index, follow, max-snippet:-1, max-image-preview:large, max-video-preview:-1\" \/>\n<link rel=\"canonical\" href=\"https:\/\/agencia.252.com.mx\/home\/aprueba-huixquilucan-la-integracion-del-comite-coordinador-municipal-del-sistema-municipal-anticorrupcion\/\" \/>\n<meta property=\"og:locale\" content=\"es_ES\" \/>\n<meta property=\"og:type\" content=\"article\" \/>\n<meta property=\"og:title\" content=\"Aprueba Huixquilucan la integraci\u00f3n del Comit\u00e9 Coordinador Municipal del Sistema Municipal Anticorrupci\u00f3n - Agencia252\" \/>\n<meta property=\"og:description\" content=\"Visitas: 0 Juan Ignacio Corro&nbsp; Huixquilucan, Estado de M\u00e9xico, a 1 de mayo&nbsp;&nbsp;de 2026 Con el objetivo de consolidar una gesti\u00f3n p\u00fablica eficiente&nbsp;y transparente, el Ayuntamiento de Huixquilucan&nbsp;aprob\u00f3,&nbsp;por unanimidad&nbsp;de votos, la integraci\u00f3n del Comit\u00e9 Coordinador Municipal del Sistema Municipal Anticorrupci\u00f3n, para el periodo 2026 &#8211; 2027, para seguir avanzando en el combate a la corrupci\u00f3n [&hellip;]\" \/>\n<meta property=\"og:url\" content=\"https:\/\/agencia.252.com.mx\/home\/aprueba-huixquilucan-la-integracion-del-comite-coordinador-municipal-del-sistema-municipal-anticorrupcion\/\" \/>\n<meta property=\"og:site_name\" content=\"Agencia252\" \/>\n<meta property=\"article:publisher\" content=\"https:\/\/www.facebook.com\/252Comunicacion\/\" \/>\n<meta property=\"article:author\" content=\"https:\/\/www.facebook.com\/jcorroherrera\/\" \/>\n<meta property=\"article:published_time\" content=\"2026-05-02T02:16:52+00:00\" \/>\n<meta property=\"article:modified_time\" content=\"2026-05-02T02:16:53+00:00\" \/>\n<meta property=\"og:image\" content=\"http:\/\/agencia.252.com.mx\/wp-content\/uploads\/2026\/05\/Huixquilucan-Romina-Contreras-C-104-2026-2.jpeg\" \/>\n\t<meta property=\"og:image:width\" content=\"1280\" \/>\n\t<meta property=\"og:image:height\" content=\"960\" \/>\n\t<meta property=\"og:image:type\" content=\"image\/jpeg\" \/>\n<meta name=\"author\" content=\"Nacho Corro\" \/>\n<meta name=\"twitter:card\" content=\"summary_large_image\" \/>\n<meta name=\"twitter:creator\" content=\"@Juan Ignacio Corro Herrera\" \/>\n<meta name=\"twitter:site\" content=\"@252COMS\" \/>\n<meta name=\"twitter:label1\" content=\"Escrito por\" \/>\n\t<meta name=\"twitter:data1\" content=\"Nacho Corro\" \/>\n\t<meta name=\"twitter:label2\" content=\"Tiempo de lectura\" \/>\n\t<meta name=\"twitter:data2\" content=\"3 minutos\" \/>\n<script type=\"application\/ld+json\" class=\"yoast-schema-graph\">{\"@context\":\"https:\\\/\\\/schema.org\",\"@graph\":[{\"@type\":\"Article\",\"@id\":\"https:\\\/\\\/agencia.252.com.mx\\\/home\\\/aprueba-huixquilucan-la-integracion-del-comite-coordinador-municipal-del-sistema-municipal-anticorrupcion\\\/#article\",\"isPartOf\":{\"@id\":\"https:\\\/\\\/agencia.252.com.mx\\\/home\\\/aprueba-huixquilucan-la-integracion-del-comite-coordinador-municipal-del-sistema-municipal-anticorrupcion\\\/\"},\"author\":{\"name\":\"Nacho Corro\",\"@id\":\"https:\\\/\\\/agencia.252.com.mx\\\/home\\\/#\\\/schema\\\/person\\\/6b972021e9a92d45ade8c78d81509098\"},\"headline\":\"Aprueba Huixquilucan la integraci\u00f3n del Comit\u00e9 Coordinador Municipal del Sistema Municipal Anticorrupci\u00f3n\",\"datePublished\":\"2026-05-02T02:16:52+00:00\",\"dateModified\":\"2026-05-02T02:16:53+00:00\",\"mainEntityOfPage\":{\"@id\":\"https:\\\/\\\/agencia.252.com.mx\\\/home\\\/aprueba-huixquilucan-la-integracion-del-comite-coordinador-municipal-del-sistema-municipal-anticorrupcion\\\/\"},\"wordCount\":562,\"commentCount\":0,\"publisher\":{\"@id\":\"https:\\\/\\\/agencia.252.com.mx\\\/home\\\/#organization\"},\"image\":{\"@id\":\"https:\\\/\\\/agencia.252.com.mx\\\/home\\\/aprueba-huixquilucan-la-integracion-del-comite-coordinador-municipal-del-sistema-municipal-anticorrupcion\\\/#primaryimage\"},\"thumbnailUrl\":\"https:\\\/\\\/agencia.252.com.mx\\\/wp-content\\\/uploads\\\/2026\\\/05\\\/Huixquilucan-Romina-Contreras-C-104-2026-2.jpeg\",\"keywords\":[\"Edomex\"],\"articleSection\":[\"Edomex\",\"huixquilucan\",\"Metropoli\"],\"inLanguage\":\"es\",\"potentialAction\":[{\"@type\":\"CommentAction\",\"name\":\"Comment\",\"target\":[\"https:\\\/\\\/agencia.252.com.mx\\\/home\\\/aprueba-huixquilucan-la-integracion-del-comite-coordinador-municipal-del-sistema-municipal-anticorrupcion\\\/#respond\"]}]},{\"@type\":\"WebPage\",\"@id\":\"https:\\\/\\\/agencia.252.com.mx\\\/home\\\/aprueba-huixquilucan-la-integracion-del-comite-coordinador-municipal-del-sistema-municipal-anticorrupcion\\\/\",\"url\":\"https:\\\/\\\/agencia.252.com.mx\\\/home\\\/aprueba-huixquilucan-la-integracion-del-comite-coordinador-municipal-del-sistema-municipal-anticorrupcion\\\/\",\"name\":\"Aprueba Huixquilucan la integraci\u00f3n del Comit\u00e9 Coordinador Municipal del Sistema Municipal Anticorrupci\u00f3n - Agencia252\",\"isPartOf\":{\"@id\":\"https:\\\/\\\/agencia.252.com.mx\\\/home\\\/#website\"},\"primaryImageOfPage\":{\"@id\":\"https:\\\/\\\/agencia.252.com.mx\\\/home\\\/aprueba-huixquilucan-la-integracion-del-comite-coordinador-municipal-del-sistema-municipal-anticorrupcion\\\/#primaryimage\"},\"image\":{\"@id\":\"https:\\\/\\\/agencia.252.com.mx\\\/home\\\/aprueba-huixquilucan-la-integracion-del-comite-coordinador-municipal-del-sistema-municipal-anticorrupcion\\\/#primaryimage\"},\"thumbnailUrl\":\"https:\\\/\\\/agencia.252.com.mx\\\/wp-content\\\/uploads\\\/2026\\\/05\\\/Huixquilucan-Romina-Contreras-C-104-2026-2.jpeg\",\"datePublished\":\"2026-05-02T02:16:52+00:00\",\"dateModified\":\"2026-05-02T02:16:53+00:00\",\"breadcrumb\":{\"@id\":\"https:\\\/\\\/agencia.252.com.mx\\\/home\\\/aprueba-huixquilucan-la-integracion-del-comite-coordinador-municipal-del-sistema-municipal-anticorrupcion\\\/#breadcrumb\"},\"inLanguage\":\"es\",\"potentialAction\":[{\"@type\":\"ReadAction\",\"target\":[\"https:\\\/\\\/agencia.252.com.mx\\\/home\\\/aprueba-huixquilucan-la-integracion-del-comite-coordinador-municipal-del-sistema-municipal-anticorrupcion\\\/\"]}]},{\"@type\":\"ImageObject\",\"inLanguage\":\"es\",\"@id\":\"https:\\\/\\\/agencia.252.com.mx\\\/home\\\/aprueba-huixquilucan-la-integracion-del-comite-coordinador-municipal-del-sistema-municipal-anticorrupcion\\\/#primaryimage\",\"url\":\"https:\\\/\\\/agencia.252.com.mx\\\/wp-content\\\/uploads\\\/2026\\\/05\\\/Huixquilucan-Romina-Contreras-C-104-2026-2.jpeg\",\"contentUrl\":\"https:\\\/\\\/agencia.252.com.mx\\\/wp-content\\\/uploads\\\/2026\\\/05\\\/Huixquilucan-Romina-Contreras-C-104-2026-2.jpeg\",\"width\":1280,\"height\":960},{\"@type\":\"BreadcrumbList\",\"@id\":\"https:\\\/\\\/agencia.252.com.mx\\\/home\\\/aprueba-huixquilucan-la-integracion-del-comite-coordinador-municipal-del-sistema-municipal-anticorrupcion\\\/#breadcrumb\",\"itemListElement\":[{\"@type\":\"ListItem\",\"position\":1,\"name\":\"Portada\",\"item\":\"https:\\\/\\\/agencia.252.com.mx\\\/home\\\/\"},{\"@type\":\"ListItem\",\"position\":2,\"name\":\"Aprueba Huixquilucan la integraci\u00f3n del Comit\u00e9 Coordinador Municipal del Sistema Municipal Anticorrupci\u00f3n\"}]},{\"@type\":\"WebSite\",\"@id\":\"https:\\\/\\\/agencia.252.com.mx\\\/home\\\/#website\",\"url\":\"https:\\\/\\\/agencia.252.com.mx\\\/home\\\/\",\"name\":\"Agencia252\",\"description\":\"Tu espacio en la Red\",\"publisher\":{\"@id\":\"https:\\\/\\\/agencia.252.com.mx\\\/home\\\/#organization\"},\"potentialAction\":[{\"@type\":\"SearchAction\",\"target\":{\"@type\":\"EntryPoint\",\"urlTemplate\":\"https:\\\/\\\/agencia.252.com.mx\\\/home\\\/?s={search_term_string}\"},\"query-input\":{\"@type\":\"PropertyValueSpecification\",\"valueRequired\":true,\"valueName\":\"search_term_string\"}}],\"inLanguage\":\"es\"},{\"@type\":\"Organization\",\"@id\":\"https:\\\/\\\/agencia.252.com.mx\\\/home\\\/#organization\",\"name\":\"Agencia252\",\"url\":\"https:\\\/\\\/agencia.252.com.mx\\\/home\\\/\",\"logo\":{\"@type\":\"ImageObject\",\"inLanguage\":\"es\",\"@id\":\"https:\\\/\\\/agencia.252.com.mx\\\/home\\\/#\\\/schema\\\/logo\\\/image\\\/\",\"url\":\"https:\\\/\\\/agencia.252.com.mx\\\/wp-content\\\/uploads\\\/2023\\\/02\\\/cropped-ciruclo-agencia-e1677562404136.png\",\"contentUrl\":\"https:\\\/\\\/agencia.252.com.mx\\\/wp-content\\\/uploads\\\/2023\\\/02\\\/cropped-ciruclo-agencia-e1677562404136.png\",\"width\":512,\"height\":512,\"caption\":\"Agencia252\"},\"image\":{\"@id\":\"https:\\\/\\\/agencia.252.com.mx\\\/home\\\/#\\\/schema\\\/logo\\\/image\\\/\"},\"sameAs\":[\"https:\\\/\\\/www.facebook.com\\\/252Comunicacion\\\/\",\"https:\\\/\\\/x.com\\\/252COMS\"]},{\"@type\":\"Person\",\"@id\":\"https:\\\/\\\/agencia.252.com.mx\\\/home\\\/#\\\/schema\\\/person\\\/6b972021e9a92d45ade8c78d81509098\",\"name\":\"Nacho Corro\",\"image\":{\"@type\":\"ImageObject\",\"inLanguage\":\"es\",\"@id\":\"https:\\\/\\\/secure.gravatar.com\\\/avatar\\\/5db6df507cfe1307e192fbb498c6b85f1cf2ffd8b4cd37141b9eea588fcbd5a4?s=96&r=g\",\"url\":\"https:\\\/\\\/secure.gravatar.com\\\/avatar\\\/5db6df507cfe1307e192fbb498c6b85f1cf2ffd8b4cd37141b9eea588fcbd5a4?s=96&r=g\",\"contentUrl\":\"https:\\\/\\\/secure.gravatar.com\\\/avatar\\\/5db6df507cfe1307e192fbb498c6b85f1cf2ffd8b4cd37141b9eea588fcbd5a4?s=96&r=g\",\"caption\":\"Nacho Corro\"},\"description\":\"Comunicador Social, Periodista y Administraci\u00f3n P\u00fablica. Conversador pol\u00edtico, temas electorales y seguridad. Generador de contenidos digitales. Amante de la fotograf\u00eda\",\"sameAs\":[\"https:\\\/\\\/www.facebook.com\\\/jcorroherrera\\\/\",\"www.instagram.com\\\/nachocorro\\\/\",\"https:\\\/\\\/x.com\\\/Juan Ignacio Corro Herrera\"],\"url\":\"https:\\\/\\\/agencia.252.com.mx\\\/home\\\/author\\\/i-corro\\\/\"}]}<\/script>\n<!-- \/ Yoast SEO plugin. -->","yoast_head_json":{"title":"Aprueba Huixquilucan la integraci\u00f3n del Comit\u00e9 Coordinador Municipal del Sistema Municipal Anticorrupci\u00f3n - Agencia252","robots":{"index":"index","follow":"follow","max-snippet":"max-snippet:-1","max-image-preview":"max-image-preview:large","max-video-preview":"max-video-preview:-1"},"canonical":"https:\/\/agencia.252.com.mx\/home\/aprueba-huixquilucan-la-integracion-del-comite-coordinador-municipal-del-sistema-municipal-anticorrupcion\/","og_locale":"es_ES","og_type":"article","og_title":"Aprueba Huixquilucan la integraci\u00f3n del Comit\u00e9 Coordinador Municipal del Sistema Municipal Anticorrupci\u00f3n - Agencia252","og_description":"Visitas: 0 Juan Ignacio Corro&nbsp; Huixquilucan, Estado de M\u00e9xico, a 1 de mayo&nbsp;&nbsp;de 2026 Con el objetivo de consolidar una gesti\u00f3n p\u00fablica eficiente&nbsp;y transparente, el Ayuntamiento de Huixquilucan&nbsp;aprob\u00f3,&nbsp;por unanimidad&nbsp;de votos, la integraci\u00f3n del Comit\u00e9 Coordinador Municipal del Sistema Municipal Anticorrupci\u00f3n, para el periodo 2026 &#8211; 2027, para seguir avanzando en el combate a la corrupci\u00f3n [&hellip;]","og_url":"https:\/\/agencia.252.com.mx\/home\/aprueba-huixquilucan-la-integracion-del-comite-coordinador-municipal-del-sistema-municipal-anticorrupcion\/","og_site_name":"Agencia252","article_publisher":"https:\/\/www.facebook.com\/252Comunicacion\/","article_author":"https:\/\/www.facebook.com\/jcorroherrera\/","article_published_time":"2026-05-02T02:16:52+00:00","article_modified_time":"2026-05-02T02:16:53+00:00","og_image":[{"width":1280,"height":960,"url":"http:\/\/agencia.252.com.mx\/wp-content\/uploads\/2026\/05\/Huixquilucan-Romina-Contreras-C-104-2026-2.jpeg","type":"image\/jpeg"}],"author":"Nacho Corro","twitter_card":"summary_large_image","twitter_creator":"@Juan Ignacio Corro Herrera","twitter_site":"@252COMS","twitter_misc":{"Escrito por":"Nacho Corro","Tiempo de lectura":"3 minutos"},"schema":{"@context":"https:\/\/schema.org","@graph":[{"@type":"Article","@id":"https:\/\/agencia.252.com.mx\/home\/aprueba-huixquilucan-la-integracion-del-comite-coordinador-municipal-del-sistema-municipal-anticorrupcion\/#article","isPartOf":{"@id":"https:\/\/agencia.252.com.mx\/home\/aprueba-huixquilucan-la-integracion-del-comite-coordinador-municipal-del-sistema-municipal-anticorrupcion\/"},"author":{"name":"Nacho Corro","@id":"https:\/\/agencia.252.com.mx\/home\/#\/schema\/person\/6b972021e9a92d45ade8c78d81509098"},"headline":"Aprueba Huixquilucan la integraci\u00f3n del Comit\u00e9 Coordinador Municipal del Sistema Municipal Anticorrupci\u00f3n","datePublished":"2026-05-02T02:16:52+00:00","dateModified":"2026-05-02T02:16:53+00:00","mainEntityOfPage":{"@id":"https:\/\/agencia.252.com.mx\/home\/aprueba-huixquilucan-la-integracion-del-comite-coordinador-municipal-del-sistema-municipal-anticorrupcion\/"},"wordCount":562,"commentCount":0,"publisher":{"@id":"https:\/\/agencia.252.com.mx\/home\/#organization"},"image":{"@id":"https:\/\/agencia.252.com.mx\/home\/aprueba-huixquilucan-la-integracion-del-comite-coordinador-municipal-del-sistema-municipal-anticorrupcion\/#primaryimage"},"thumbnailUrl":"https:\/\/agencia.252.com.mx\/wp-content\/uploads\/2026\/05\/Huixquilucan-Romina-Contreras-C-104-2026-2.jpeg","keywords":["Edomex"],"articleSection":["Edomex","huixquilucan","Metropoli"],"inLanguage":"es","potentialAction":[{"@type":"CommentAction","name":"Comment","target":["https:\/\/agencia.252.com.mx\/home\/aprueba-huixquilucan-la-integracion-del-comite-coordinador-municipal-del-sistema-municipal-anticorrupcion\/#respond"]}]},{"@type":"WebPage","@id":"https:\/\/agencia.252.com.mx\/home\/aprueba-huixquilucan-la-integracion-del-comite-coordinador-municipal-del-sistema-municipal-anticorrupcion\/","url":"https:\/\/agencia.252.com.mx\/home\/aprueba-huixquilucan-la-integracion-del-comite-coordinador-municipal-del-sistema-municipal-anticorrupcion\/","name":"Aprueba Huixquilucan la integraci\u00f3n del Comit\u00e9 Coordinador Municipal del Sistema Municipal Anticorrupci\u00f3n - Agencia252","isPartOf":{"@id":"https:\/\/agencia.252.com.mx\/home\/#website"},"primaryImageOfPage":{"@id":"https:\/\/agencia.252.com.mx\/home\/aprueba-huixquilucan-la-integracion-del-comite-coordinador-municipal-del-sistema-municipal-anticorrupcion\/#primaryimage"},"image":{"@id":"https:\/\/agencia.252.com.mx\/home\/aprueba-huixquilucan-la-integracion-del-comite-coordinador-municipal-del-sistema-municipal-anticorrupcion\/#primaryimage"},"thumbnailUrl":"https:\/\/agencia.252.com.mx\/wp-content\/uploads\/2026\/05\/Huixquilucan-Romina-Contreras-C-104-2026-2.jpeg","datePublished":"2026-05-02T02:16:52+00:00","dateModified":"2026-05-02T02:16:53+00:00","breadcrumb":{"@id":"https:\/\/agencia.252.com.mx\/home\/aprueba-huixquilucan-la-integracion-del-comite-coordinador-municipal-del-sistema-municipal-anticorrupcion\/#breadcrumb"},"inLanguage":"es","potentialAction":[{"@type":"ReadAction","target":["https:\/\/agencia.252.com.mx\/home\/aprueba-huixquilucan-la-integracion-del-comite-coordinador-municipal-del-sistema-municipal-anticorrupcion\/"]}]},{"@type":"ImageObject","inLanguage":"es","@id":"https:\/\/agencia.252.com.mx\/home\/aprueba-huixquilucan-la-integracion-del-comite-coordinador-municipal-del-sistema-municipal-anticorrupcion\/#primaryimage","url":"https:\/\/agencia.252.com.mx\/wp-content\/uploads\/2026\/05\/Huixquilucan-Romina-Contreras-C-104-2026-2.jpeg","contentUrl":"https:\/\/agencia.252.com.mx\/wp-content\/uploads\/2026\/05\/Huixquilucan-Romina-Contreras-C-104-2026-2.jpeg","width":1280,"height":960},{"@type":"BreadcrumbList","@id":"https:\/\/agencia.252.com.mx\/home\/aprueba-huixquilucan-la-integracion-del-comite-coordinador-municipal-del-sistema-municipal-anticorrupcion\/#breadcrumb","itemListElement":[{"@type":"ListItem","position":1,"name":"Portada","item":"https:\/\/agencia.252.com.mx\/home\/"},{"@type":"ListItem","position":2,"name":"Aprueba Huixquilucan la integraci\u00f3n del Comit\u00e9 Coordinador Municipal del Sistema Municipal Anticorrupci\u00f3n"}]},{"@type":"WebSite","@id":"https:\/\/agencia.252.com.mx\/home\/#website","url":"https:\/\/agencia.252.com.mx\/home\/","name":"Agencia252","description":"Tu espacio en la Red","publisher":{"@id":"https:\/\/agencia.252.com.mx\/home\/#organization"},"potentialAction":[{"@type":"SearchAction","target":{"@type":"EntryPoint","urlTemplate":"https:\/\/agencia.252.com.mx\/home\/?s={search_term_string}"},"query-input":{"@type":"PropertyValueSpecification","valueRequired":true,"valueName":"search_term_string"}}],"inLanguage":"es"},{"@type":"Organization","@id":"https:\/\/agencia.252.com.mx\/home\/#organization","name":"Agencia252","url":"https:\/\/agencia.252.com.mx\/home\/","logo":{"@type":"ImageObject","inLanguage":"es","@id":"https:\/\/agencia.252.com.mx\/home\/#\/schema\/logo\/image\/","url":"https:\/\/agencia.252.com.mx\/wp-content\/uploads\/2023\/02\/cropped-ciruclo-agencia-e1677562404136.png","contentUrl":"https:\/\/agencia.252.com.mx\/wp-content\/uploads\/2023\/02\/cropped-ciruclo-agencia-e1677562404136.png","width":512,"height":512,"caption":"Agencia252"},"image":{"@id":"https:\/\/agencia.252.com.mx\/home\/#\/schema\/logo\/image\/"},"sameAs":["https:\/\/www.facebook.com\/252Comunicacion\/","https:\/\/x.com\/252COMS"]},{"@type":"Person","@id":"https:\/\/agencia.252.com.mx\/home\/#\/schema\/person\/6b972021e9a92d45ade8c78d81509098","name":"Nacho Corro","image":{"@type":"ImageObject","inLanguage":"es","@id":"https:\/\/secure.gravatar.com\/avatar\/5db6df507cfe1307e192fbb498c6b85f1cf2ffd8b4cd37141b9eea588fcbd5a4?s=96&r=g","url":"https:\/\/secure.gravatar.com\/avatar\/5db6df507cfe1307e192fbb498c6b85f1cf2ffd8b4cd37141b9eea588fcbd5a4?s=96&r=g","contentUrl":"https:\/\/secure.gravatar.com\/avatar\/5db6df507cfe1307e192fbb498c6b85f1cf2ffd8b4cd37141b9eea588fcbd5a4?s=96&r=g","caption":"Nacho Corro"},"description":"Comunicador Social, Periodista y Administraci\u00f3n P\u00fablica. Conversador pol\u00edtico, temas electorales y seguridad. Generador de contenidos digitales. Amante de la fotograf\u00eda","sameAs":["https:\/\/www.facebook.com\/jcorroherrera\/","www.instagram.com\/nachocorro\/","https:\/\/x.com\/Juan Ignacio Corro Herrera"],"url":"https:\/\/agencia.252.com.mx\/home\/author\/i-corro\/"}]}},"_links":{"self":[{"href":"https:\/\/agencia.252.com.mx\/home\/wp-json\/wp\/v2\/posts\/18975","targetHints":{"allow":["GET"]}}],"collection":[{"href":"https:\/\/agencia.252.com.mx\/home\/wp-json\/wp\/v2\/posts"}],"about":[{"href":"https:\/\/agencia.252.com.mx\/home\/wp-json\/wp\/v2\/types\/post"}],"author":[{"embeddable":true,"href":"https:\/\/agencia.252.com.mx\/home\/wp-json\/wp\/v2\/users\/5"}],"replies":[{"embeddable":true,"href":"https:\/\/agencia.252.com.mx\/home\/wp-json\/wp\/v2\/comments?post=18975"}],"version-history":[{"count":1,"href":"https:\/\/agencia.252.com.mx\/home\/wp-json\/wp\/v2\/posts\/18975\/revisions"}],"predecessor-version":[{"id":18977,"href":"https:\/\/agencia.252.com.mx\/home\/wp-json\/wp\/v2\/posts\/18975\/revisions\/18977"}],"wp:featuredmedia":[{"embeddable":true,"href":"https:\/\/agencia.252.com.mx\/home\/wp-json\/wp\/v2\/media\/18976"}],"wp:attachment":[{"href":"https:\/\/agencia.252.com.mx\/home\/wp-json\/wp\/v2\/media?parent=18975"}],"wp:term":[{"taxonomy":"category","embeddable":true,"href":"https:\/\/agencia.252.com.mx\/home\/wp-json\/wp\/v2\/categories?post=18975"},{"taxonomy":"post_tag","embeddable":true,"href":"https:\/\/agencia.252.com.mx\/home\/wp-json\/wp\/v2\/tags?post=18975"}],"curies":[{"name":"wp","href":"https:\/\/api.w.org\/{rel}","templated":true}]}}