{"id":18971,"date":"2026-05-01T20:12:14","date_gmt":"2026-05-02T02:12:14","guid":{"rendered":"https:\/\/agencia.252.com.mx\/home\/?p=18971"},"modified":"2026-05-01T20:12:15","modified_gmt":"2026-05-02T02:12:15","slug":"con-juegos-y-sonrisas-tlalnepantla-celebra-el-dia-de-las-infancias","status":"publish","type":"post","link":"https:\/\/agencia.252.com.mx\/home\/con-juegos-y-sonrisas-tlalnepantla-celebra-el-dia-de-las-infancias\/","title":{"rendered":"Con juegos y sonrisas, Tlalnepantla celebra el Dia de las Infancias\u00a0"},"content":{"rendered":"<p>Visitas: 0<\/p>\n<p>Juan Ignacio Corro&nbsp;<\/p>\n\n\n\n<p class=\"has-text-align-right\">Tlalnepantla, Estado de M\u00e9xico, a 1 de mayo&nbsp;&nbsp;de 2026<\/p>\n\n\n\n<p>En el marco de la celebraci\u00f3n del D\u00eda de la Ni\u00f1a y el Ni\u00f1o, la Comisaria General de Proximidad y Seguridad Ciudadana de Tlalnepantla llev\u00f3 a cabo un evento especial dedicado a las infancias del municipio, en un espacio lleno de alegr\u00eda, convivencia y cercan\u00eda con la comunidad.<\/p>\n\n\n\n<p>Durante esta jornada, ni\u00f1as y ni\u00f1os disfrutaron de un ambiente festivo en el que las risas, el juego y la diversi\u00f3n fueron protagonistas. Las y los asistentes compartieron momentos inolvidables en compa\u00f1\u00eda de sus familias y de quienes integran la corporaci\u00f3n policial.<\/p>\n\n\n\n<figure class=\"wp-block-image alignleft size-medium\"><img fetchpriority=\"high\" decoding=\"async\" width=\"300\" height=\"200\" src=\"https:\/\/agencia.252.com.mx\/wp-content\/uploads\/2026\/05\/WhatsApp-Image-2026-04-30-at-2.40.23-PM-2-300x200.jpeg\" alt=\"\" class=\"wp-image-18973\" srcset=\"https:\/\/agencia.252.com.mx\/wp-content\/uploads\/2026\/05\/WhatsApp-Image-2026-04-30-at-2.40.23-PM-2-300x200.jpeg 300w, https:\/\/agencia.252.com.mx\/wp-content\/uploads\/2026\/05\/WhatsApp-Image-2026-04-30-at-2.40.23-PM-2-1024x683.jpeg 1024w, https:\/\/agencia.252.com.mx\/wp-content\/uploads\/2026\/05\/WhatsApp-Image-2026-04-30-at-2.40.23-PM-2-768x512.jpeg 768w, https:\/\/agencia.252.com.mx\/wp-content\/uploads\/2026\/05\/WhatsApp-Image-2026-04-30-at-2.40.23-PM-2.jpeg 1280w\" sizes=\"(max-width: 300px) 100vw, 300px\" \/><\/figure>\n\n\n\n<p>El Gobierno Municipal, encabezado por Racel P\u00e9rez Cruz, realiz\u00f3 diversas actividades, entre ellas se cont\u00f3 con botargas, juegos inflables, juguetes, regalos, paletas de hielo, concursos y diversas din\u00e1micas dise\u00f1adas para que cada ni\u00f1a y ni\u00f1o viviera una experiencia \u00fanica y emocionante.&nbsp;<\/p>\n\n\n\n<p>La intenci\u00f3n fue clara: brindarles un d\u00eda especial en el que pudieran sentirse celebrados y felices.<\/p>\n\n\n\n<p>Las y los elementos de la Polic\u00eda Municipal destinaron tiempo y esfuerzo durante este mes de abril para hacer posible este encuentro, demostrando que su labor tambi\u00e9n incluye generar espacios de bienestar y cercan\u00eda con la ciudadan\u00eda.<\/p>\n\n\n\n<p>Asimismo, las autoridades reiteraron que velan de manera permanente para que ni\u00f1as, ni\u00f1os y adolescentes crezcan en entornos seguros, alejados de malas pr\u00e1cticas y riesgos.<\/p>\n\n\n\n<p>Destacaron que, d\u00eda a d\u00eda, se trabaja de forma coordinada para inhibir conductas delictivas y fortalecer la tranquilidad en las comunidades.<\/p>\n\n\n\n<p>Este tipo de iniciativas forman parte del compromiso institucional por fomentar la proximidad social, fortalecer los lazos con la comunidad y construir relaciones basadas en la confianza y el respeto mutuo.<\/p>\n\n\n\n<p>Celebramos a nuestras ni\u00f1as y ni\u00f1os, reconocemos su creatividad, entusiasmo y la energ\u00eda que llenan de vida a nuestra ciudad. Al tiempo que reiteramos nuestro compromiso de trabajar por espacios seguros, incluyentes y felices para todas las personas. Gracias a cada familia que fue parte de esta gran celebraci\u00f3n.<\/p>\n","protected":false},"excerpt":{"rendered":"<p>Visitas: 0 Juan Ignacio Corro&nbsp; Tlalnepantla, Estado de M\u00e9xico, a 1 de mayo&nbsp;&nbsp;de 2026 En el marco de la celebraci\u00f3n del D\u00eda de la Ni\u00f1a y el Ni\u00f1o, la Comisaria General de Proximidad y Seguridad Ciudadana de Tlalnepantla llev\u00f3 a cabo un evento especial dedicado a las infancias del municipio, en un espacio lleno de [&hellip;]<\/p>\n","protected":false},"author":5,"featured_media":18972,"comment_status":"open","ping_status":"open","sticky":false,"template":"","format":"standard","meta":{"site-sidebar-layout":"default","site-content-layout":"","ast-site-content-layout":"default","site-content-style":"default","site-sidebar-style":"default","ast-global-header-display":"","ast-banner-title-visibility":"","ast-main-header-display":"","ast-hfb-above-header-display":"","ast-hfb-below-header-display":"","ast-hfb-mobile-header-display":"","site-post-title":"","ast-breadcrumbs-content":"","ast-featured-img":"","footer-sml-layout":"","ast-disable-related-posts":"","theme-transparent-header-meta":"","adv-header-id-meta":"","stick-header-meta":"","header-above-stick-meta":"","header-main-stick-meta":"","header-below-stick-meta":"","astra-migrate-meta-layouts":"set","ast-page-background-enabled":"default","ast-page-background-meta":{"desktop":{"background-color":"var(--ast-global-color-4)","background-image":"","background-repeat":"repeat","background-position":"center center","background-size":"auto","background-attachment":"scroll","background-type":"","background-media":"","overlay-type":"","overlay-color":"","overlay-opacity":"","overlay-gradient":""},"tablet":{"background-color":"","background-image":"","background-repeat":"repeat","background-position":"center center","background-size":"auto","background-attachment":"scroll","background-type":"","background-media":"","overlay-type":"","overlay-color":"","overlay-opacity":"","overlay-gradient":""},"mobile":{"background-color":"","background-image":"","background-repeat":"repeat","background-position":"center center","background-size":"auto","background-attachment":"scroll","background-type":"","background-media":"","overlay-type":"","overlay-color":"","overlay-opacity":"","overlay-gradient":""}},"ast-content-background-meta":{"desktop":{"background-color":"var(--ast-global-color-5)","background-image":"","background-repeat":"repeat","background-position":"center center","background-size":"auto","background-attachment":"scroll","background-type":"","background-media":"","overlay-type":"","overlay-color":"","overlay-opacity":"","overlay-gradient":""},"tablet":{"background-color":"var(--ast-global-color-5)","background-image":"","background-repeat":"repeat","background-position":"center center","background-size":"auto","background-attachment":"scroll","background-type":"","background-media":"","overlay-type":"","overlay-color":"","overlay-opacity":"","overlay-gradient":""},"mobile":{"background-color":"var(--ast-global-color-5)","background-image":"","background-repeat":"repeat","background-position":"center center","background-size":"auto","background-attachment":"scroll","background-type":"","background-media":"","overlay-type":"","overlay-color":"","overlay-opacity":"","overlay-gradient":""}},"footnotes":""},"categories":[8,512,56],"tags":[526],"class_list":["post-18971","post","type-post","status-publish","format-standard","has-post-thumbnail","hentry","category-edomex","category-metropoli","category-tlalnepantla","tag-edomex"],"yoast_head":"<!-- This site is optimized with the Yoast SEO plugin v27.4 - https:\/\/yoast.com\/product\/yoast-seo-wordpress\/ -->\n<title>Con juegos y sonrisas, Tlalnepantla celebra el Dia de las Infancias\u00a0 - Agencia252<\/title>\n<meta name=\"robots\" content=\"index, follow, max-snippet:-1, max-image-preview:large, max-video-preview:-1\" \/>\n<link rel=\"canonical\" href=\"https:\/\/agencia.252.com.mx\/home\/con-juegos-y-sonrisas-tlalnepantla-celebra-el-dia-de-las-infancias\/\" \/>\n<meta property=\"og:locale\" content=\"es_ES\" \/>\n<meta property=\"og:type\" content=\"article\" \/>\n<meta property=\"og:title\" content=\"Con juegos y sonrisas, Tlalnepantla celebra el Dia de las Infancias\u00a0 - Agencia252\" \/>\n<meta property=\"og:description\" content=\"Visitas: 0 Juan Ignacio Corro&nbsp; Tlalnepantla, Estado de M\u00e9xico, a 1 de mayo&nbsp;&nbsp;de 2026 En el marco de la celebraci\u00f3n del D\u00eda de la Ni\u00f1a y el Ni\u00f1o, la Comisaria General de Proximidad y Seguridad Ciudadana de Tlalnepantla llev\u00f3 a cabo un evento especial dedicado a las infancias del municipio, en un espacio lleno de [&hellip;]\" \/>\n<meta property=\"og:url\" content=\"https:\/\/agencia.252.com.mx\/home\/con-juegos-y-sonrisas-tlalnepantla-celebra-el-dia-de-las-infancias\/\" \/>\n<meta property=\"og:site_name\" content=\"Agencia252\" \/>\n<meta property=\"article:publisher\" content=\"https:\/\/www.facebook.com\/252Comunicacion\/\" \/>\n<meta property=\"article:author\" content=\"https:\/\/www.facebook.com\/jcorroherrera\/\" \/>\n<meta property=\"article:published_time\" content=\"2026-05-02T02:12:14+00:00\" \/>\n<meta property=\"article:modified_time\" content=\"2026-05-02T02:12:15+00:00\" \/>\n<meta property=\"og:image\" content=\"http:\/\/agencia.252.com.mx\/wp-content\/uploads\/2026\/05\/WhatsApp-Image-2026-04-30-at-2.40.23-PM.jpeg\" \/>\n\t<meta property=\"og:image:width\" content=\"1280\" \/>\n\t<meta property=\"og:image:height\" content=\"720\" \/>\n\t<meta property=\"og:image:type\" content=\"image\/jpeg\" \/>\n<meta name=\"author\" content=\"Nacho Corro\" \/>\n<meta name=\"twitter:card\" content=\"summary_large_image\" \/>\n<meta name=\"twitter:creator\" content=\"@Juan Ignacio Corro Herrera\" \/>\n<meta name=\"twitter:site\" content=\"@252COMS\" \/>\n<meta name=\"twitter:label1\" content=\"Escrito por\" \/>\n\t<meta name=\"twitter:data1\" content=\"Nacho Corro\" \/>\n\t<meta name=\"twitter:label2\" content=\"Tiempo de lectura\" \/>\n\t<meta name=\"twitter:data2\" content=\"2 minutos\" \/>\n<script type=\"application\/ld+json\" class=\"yoast-schema-graph\">{\"@context\":\"https:\\\/\\\/schema.org\",\"@graph\":[{\"@type\":\"Article\",\"@id\":\"https:\\\/\\\/agencia.252.com.mx\\\/home\\\/con-juegos-y-sonrisas-tlalnepantla-celebra-el-dia-de-las-infancias\\\/#article\",\"isPartOf\":{\"@id\":\"https:\\\/\\\/agencia.252.com.mx\\\/home\\\/con-juegos-y-sonrisas-tlalnepantla-celebra-el-dia-de-las-infancias\\\/\"},\"author\":{\"name\":\"Nacho Corro\",\"@id\":\"https:\\\/\\\/agencia.252.com.mx\\\/home\\\/#\\\/schema\\\/person\\\/6b972021e9a92d45ade8c78d81509098\"},\"headline\":\"Con juegos y sonrisas, Tlalnepantla celebra el Dia de las Infancias\u00a0\",\"datePublished\":\"2026-05-02T02:12:14+00:00\",\"dateModified\":\"2026-05-02T02:12:15+00:00\",\"mainEntityOfPage\":{\"@id\":\"https:\\\/\\\/agencia.252.com.mx\\\/home\\\/con-juegos-y-sonrisas-tlalnepantla-celebra-el-dia-de-las-infancias\\\/\"},\"wordCount\":368,\"commentCount\":0,\"publisher\":{\"@id\":\"https:\\\/\\\/agencia.252.com.mx\\\/home\\\/#organization\"},\"image\":{\"@id\":\"https:\\\/\\\/agencia.252.com.mx\\\/home\\\/con-juegos-y-sonrisas-tlalnepantla-celebra-el-dia-de-las-infancias\\\/#primaryimage\"},\"thumbnailUrl\":\"https:\\\/\\\/agencia.252.com.mx\\\/wp-content\\\/uploads\\\/2026\\\/05\\\/WhatsApp-Image-2026-04-30-at-2.40.23-PM.jpeg\",\"keywords\":[\"Edomex\"],\"articleSection\":[\"Edomex\",\"Metropoli\",\"Tlalnepantla\"],\"inLanguage\":\"es\",\"potentialAction\":[{\"@type\":\"CommentAction\",\"name\":\"Comment\",\"target\":[\"https:\\\/\\\/agencia.252.com.mx\\\/home\\\/con-juegos-y-sonrisas-tlalnepantla-celebra-el-dia-de-las-infancias\\\/#respond\"]}]},{\"@type\":\"WebPage\",\"@id\":\"https:\\\/\\\/agencia.252.com.mx\\\/home\\\/con-juegos-y-sonrisas-tlalnepantla-celebra-el-dia-de-las-infancias\\\/\",\"url\":\"https:\\\/\\\/agencia.252.com.mx\\\/home\\\/con-juegos-y-sonrisas-tlalnepantla-celebra-el-dia-de-las-infancias\\\/\",\"name\":\"Con juegos y sonrisas, Tlalnepantla celebra el Dia de las Infancias\u00a0 - Agencia252\",\"isPartOf\":{\"@id\":\"https:\\\/\\\/agencia.252.com.mx\\\/home\\\/#website\"},\"primaryImageOfPage\":{\"@id\":\"https:\\\/\\\/agencia.252.com.mx\\\/home\\\/con-juegos-y-sonrisas-tlalnepantla-celebra-el-dia-de-las-infancias\\\/#primaryimage\"},\"image\":{\"@id\":\"https:\\\/\\\/agencia.252.com.mx\\\/home\\\/con-juegos-y-sonrisas-tlalnepantla-celebra-el-dia-de-las-infancias\\\/#primaryimage\"},\"thumbnailUrl\":\"https:\\\/\\\/agencia.252.com.mx\\\/wp-content\\\/uploads\\\/2026\\\/05\\\/WhatsApp-Image-2026-04-30-at-2.40.23-PM.jpeg\",\"datePublished\":\"2026-05-02T02:12:14+00:00\",\"dateModified\":\"2026-05-02T02:12:15+00:00\",\"breadcrumb\":{\"@id\":\"https:\\\/\\\/agencia.252.com.mx\\\/home\\\/con-juegos-y-sonrisas-tlalnepantla-celebra-el-dia-de-las-infancias\\\/#breadcrumb\"},\"inLanguage\":\"es\",\"potentialAction\":[{\"@type\":\"ReadAction\",\"target\":[\"https:\\\/\\\/agencia.252.com.mx\\\/home\\\/con-juegos-y-sonrisas-tlalnepantla-celebra-el-dia-de-las-infancias\\\/\"]}]},{\"@type\":\"ImageObject\",\"inLanguage\":\"es\",\"@id\":\"https:\\\/\\\/agencia.252.com.mx\\\/home\\\/con-juegos-y-sonrisas-tlalnepantla-celebra-el-dia-de-las-infancias\\\/#primaryimage\",\"url\":\"https:\\\/\\\/agencia.252.com.mx\\\/wp-content\\\/uploads\\\/2026\\\/05\\\/WhatsApp-Image-2026-04-30-at-2.40.23-PM.jpeg\",\"contentUrl\":\"https:\\\/\\\/agencia.252.com.mx\\\/wp-content\\\/uploads\\\/2026\\\/05\\\/WhatsApp-Image-2026-04-30-at-2.40.23-PM.jpeg\",\"width\":1280,\"height\":720},{\"@type\":\"BreadcrumbList\",\"@id\":\"https:\\\/\\\/agencia.252.com.mx\\\/home\\\/con-juegos-y-sonrisas-tlalnepantla-celebra-el-dia-de-las-infancias\\\/#breadcrumb\",\"itemListElement\":[{\"@type\":\"ListItem\",\"position\":1,\"name\":\"Portada\",\"item\":\"https:\\\/\\\/agencia.252.com.mx\\\/home\\\/\"},{\"@type\":\"ListItem\",\"position\":2,\"name\":\"Con juegos y sonrisas, Tlalnepantla celebra el Dia de las Infancias\u00a0\"}]},{\"@type\":\"WebSite\",\"@id\":\"https:\\\/\\\/agencia.252.com.mx\\\/home\\\/#website\",\"url\":\"https:\\\/\\\/agencia.252.com.mx\\\/home\\\/\",\"name\":\"Agencia252\",\"description\":\"Tu espacio en la Red\",\"publisher\":{\"@id\":\"https:\\\/\\\/agencia.252.com.mx\\\/home\\\/#organization\"},\"potentialAction\":[{\"@type\":\"SearchAction\",\"target\":{\"@type\":\"EntryPoint\",\"urlTemplate\":\"https:\\\/\\\/agencia.252.com.mx\\\/home\\\/?s={search_term_string}\"},\"query-input\":{\"@type\":\"PropertyValueSpecification\",\"valueRequired\":true,\"valueName\":\"search_term_string\"}}],\"inLanguage\":\"es\"},{\"@type\":\"Organization\",\"@id\":\"https:\\\/\\\/agencia.252.com.mx\\\/home\\\/#organization\",\"name\":\"Agencia252\",\"url\":\"https:\\\/\\\/agencia.252.com.mx\\\/home\\\/\",\"logo\":{\"@type\":\"ImageObject\",\"inLanguage\":\"es\",\"@id\":\"https:\\\/\\\/agencia.252.com.mx\\\/home\\\/#\\\/schema\\\/logo\\\/image\\\/\",\"url\":\"https:\\\/\\\/agencia.252.com.mx\\\/wp-content\\\/uploads\\\/2023\\\/02\\\/cropped-ciruclo-agencia-e1677562404136.png\",\"contentUrl\":\"https:\\\/\\\/agencia.252.com.mx\\\/wp-content\\\/uploads\\\/2023\\\/02\\\/cropped-ciruclo-agencia-e1677562404136.png\",\"width\":512,\"height\":512,\"caption\":\"Agencia252\"},\"image\":{\"@id\":\"https:\\\/\\\/agencia.252.com.mx\\\/home\\\/#\\\/schema\\\/logo\\\/image\\\/\"},\"sameAs\":[\"https:\\\/\\\/www.facebook.com\\\/252Comunicacion\\\/\",\"https:\\\/\\\/x.com\\\/252COMS\"]},{\"@type\":\"Person\",\"@id\":\"https:\\\/\\\/agencia.252.com.mx\\\/home\\\/#\\\/schema\\\/person\\\/6b972021e9a92d45ade8c78d81509098\",\"name\":\"Nacho Corro\",\"image\":{\"@type\":\"ImageObject\",\"inLanguage\":\"es\",\"@id\":\"https:\\\/\\\/secure.gravatar.com\\\/avatar\\\/5db6df507cfe1307e192fbb498c6b85f1cf2ffd8b4cd37141b9eea588fcbd5a4?s=96&r=g\",\"url\":\"https:\\\/\\\/secure.gravatar.com\\\/avatar\\\/5db6df507cfe1307e192fbb498c6b85f1cf2ffd8b4cd37141b9eea588fcbd5a4?s=96&r=g\",\"contentUrl\":\"https:\\\/\\\/secure.gravatar.com\\\/avatar\\\/5db6df507cfe1307e192fbb498c6b85f1cf2ffd8b4cd37141b9eea588fcbd5a4?s=96&r=g\",\"caption\":\"Nacho Corro\"},\"description\":\"Comunicador Social, Periodista y Administraci\u00f3n P\u00fablica. Conversador pol\u00edtico, temas electorales y seguridad. Generador de contenidos digitales. Amante de la fotograf\u00eda\",\"sameAs\":[\"https:\\\/\\\/www.facebook.com\\\/jcorroherrera\\\/\",\"www.instagram.com\\\/nachocorro\\\/\",\"https:\\\/\\\/x.com\\\/Juan Ignacio Corro Herrera\"],\"url\":\"https:\\\/\\\/agencia.252.com.mx\\\/home\\\/author\\\/i-corro\\\/\"}]}<\/script>\n<!-- \/ Yoast SEO plugin. -->","yoast_head_json":{"title":"Con juegos y sonrisas, Tlalnepantla celebra el Dia de las Infancias\u00a0 - Agencia252","robots":{"index":"index","follow":"follow","max-snippet":"max-snippet:-1","max-image-preview":"max-image-preview:large","max-video-preview":"max-video-preview:-1"},"canonical":"https:\/\/agencia.252.com.mx\/home\/con-juegos-y-sonrisas-tlalnepantla-celebra-el-dia-de-las-infancias\/","og_locale":"es_ES","og_type":"article","og_title":"Con juegos y sonrisas, Tlalnepantla celebra el Dia de las Infancias\u00a0 - Agencia252","og_description":"Visitas: 0 Juan Ignacio Corro&nbsp; Tlalnepantla, Estado de M\u00e9xico, a 1 de mayo&nbsp;&nbsp;de 2026 En el marco de la celebraci\u00f3n del D\u00eda de la Ni\u00f1a y el Ni\u00f1o, la Comisaria General de Proximidad y Seguridad Ciudadana de Tlalnepantla llev\u00f3 a cabo un evento especial dedicado a las infancias del municipio, en un espacio lleno de [&hellip;]","og_url":"https:\/\/agencia.252.com.mx\/home\/con-juegos-y-sonrisas-tlalnepantla-celebra-el-dia-de-las-infancias\/","og_site_name":"Agencia252","article_publisher":"https:\/\/www.facebook.com\/252Comunicacion\/","article_author":"https:\/\/www.facebook.com\/jcorroherrera\/","article_published_time":"2026-05-02T02:12:14+00:00","article_modified_time":"2026-05-02T02:12:15+00:00","og_image":[{"width":1280,"height":720,"url":"http:\/\/agencia.252.com.mx\/wp-content\/uploads\/2026\/05\/WhatsApp-Image-2026-04-30-at-2.40.23-PM.jpeg","type":"image\/jpeg"}],"author":"Nacho Corro","twitter_card":"summary_large_image","twitter_creator":"@Juan Ignacio Corro Herrera","twitter_site":"@252COMS","twitter_misc":{"Escrito por":"Nacho Corro","Tiempo de lectura":"2 minutos"},"schema":{"@context":"https:\/\/schema.org","@graph":[{"@type":"Article","@id":"https:\/\/agencia.252.com.mx\/home\/con-juegos-y-sonrisas-tlalnepantla-celebra-el-dia-de-las-infancias\/#article","isPartOf":{"@id":"https:\/\/agencia.252.com.mx\/home\/con-juegos-y-sonrisas-tlalnepantla-celebra-el-dia-de-las-infancias\/"},"author":{"name":"Nacho Corro","@id":"https:\/\/agencia.252.com.mx\/home\/#\/schema\/person\/6b972021e9a92d45ade8c78d81509098"},"headline":"Con juegos y sonrisas, Tlalnepantla celebra el Dia de las Infancias\u00a0","datePublished":"2026-05-02T02:12:14+00:00","dateModified":"2026-05-02T02:12:15+00:00","mainEntityOfPage":{"@id":"https:\/\/agencia.252.com.mx\/home\/con-juegos-y-sonrisas-tlalnepantla-celebra-el-dia-de-las-infancias\/"},"wordCount":368,"commentCount":0,"publisher":{"@id":"https:\/\/agencia.252.com.mx\/home\/#organization"},"image":{"@id":"https:\/\/agencia.252.com.mx\/home\/con-juegos-y-sonrisas-tlalnepantla-celebra-el-dia-de-las-infancias\/#primaryimage"},"thumbnailUrl":"https:\/\/agencia.252.com.mx\/wp-content\/uploads\/2026\/05\/WhatsApp-Image-2026-04-30-at-2.40.23-PM.jpeg","keywords":["Edomex"],"articleSection":["Edomex","Metropoli","Tlalnepantla"],"inLanguage":"es","potentialAction":[{"@type":"CommentAction","name":"Comment","target":["https:\/\/agencia.252.com.mx\/home\/con-juegos-y-sonrisas-tlalnepantla-celebra-el-dia-de-las-infancias\/#respond"]}]},{"@type":"WebPage","@id":"https:\/\/agencia.252.com.mx\/home\/con-juegos-y-sonrisas-tlalnepantla-celebra-el-dia-de-las-infancias\/","url":"https:\/\/agencia.252.com.mx\/home\/con-juegos-y-sonrisas-tlalnepantla-celebra-el-dia-de-las-infancias\/","name":"Con juegos y sonrisas, Tlalnepantla celebra el Dia de las Infancias\u00a0 - Agencia252","isPartOf":{"@id":"https:\/\/agencia.252.com.mx\/home\/#website"},"primaryImageOfPage":{"@id":"https:\/\/agencia.252.com.mx\/home\/con-juegos-y-sonrisas-tlalnepantla-celebra-el-dia-de-las-infancias\/#primaryimage"},"image":{"@id":"https:\/\/agencia.252.com.mx\/home\/con-juegos-y-sonrisas-tlalnepantla-celebra-el-dia-de-las-infancias\/#primaryimage"},"thumbnailUrl":"https:\/\/agencia.252.com.mx\/wp-content\/uploads\/2026\/05\/WhatsApp-Image-2026-04-30-at-2.40.23-PM.jpeg","datePublished":"2026-05-02T02:12:14+00:00","dateModified":"2026-05-02T02:12:15+00:00","breadcrumb":{"@id":"https:\/\/agencia.252.com.mx\/home\/con-juegos-y-sonrisas-tlalnepantla-celebra-el-dia-de-las-infancias\/#breadcrumb"},"inLanguage":"es","potentialAction":[{"@type":"ReadAction","target":["https:\/\/agencia.252.com.mx\/home\/con-juegos-y-sonrisas-tlalnepantla-celebra-el-dia-de-las-infancias\/"]}]},{"@type":"ImageObject","inLanguage":"es","@id":"https:\/\/agencia.252.com.mx\/home\/con-juegos-y-sonrisas-tlalnepantla-celebra-el-dia-de-las-infancias\/#primaryimage","url":"https:\/\/agencia.252.com.mx\/wp-content\/uploads\/2026\/05\/WhatsApp-Image-2026-04-30-at-2.40.23-PM.jpeg","contentUrl":"https:\/\/agencia.252.com.mx\/wp-content\/uploads\/2026\/05\/WhatsApp-Image-2026-04-30-at-2.40.23-PM.jpeg","width":1280,"height":720},{"@type":"BreadcrumbList","@id":"https:\/\/agencia.252.com.mx\/home\/con-juegos-y-sonrisas-tlalnepantla-celebra-el-dia-de-las-infancias\/#breadcrumb","itemListElement":[{"@type":"ListItem","position":1,"name":"Portada","item":"https:\/\/agencia.252.com.mx\/home\/"},{"@type":"ListItem","position":2,"name":"Con juegos y sonrisas, Tlalnepantla celebra el Dia de las Infancias\u00a0"}]},{"@type":"WebSite","@id":"https:\/\/agencia.252.com.mx\/home\/#website","url":"https:\/\/agencia.252.com.mx\/home\/","name":"Agencia252","description":"Tu espacio en la Red","publisher":{"@id":"https:\/\/agencia.252.com.mx\/home\/#organization"},"potentialAction":[{"@type":"SearchAction","target":{"@type":"EntryPoint","urlTemplate":"https:\/\/agencia.252.com.mx\/home\/?s={search_term_string}"},"query-input":{"@type":"PropertyValueSpecification","valueRequired":true,"valueName":"search_term_string"}}],"inLanguage":"es"},{"@type":"Organization","@id":"https:\/\/agencia.252.com.mx\/home\/#organization","name":"Agencia252","url":"https:\/\/agencia.252.com.mx\/home\/","logo":{"@type":"ImageObject","inLanguage":"es","@id":"https:\/\/agencia.252.com.mx\/home\/#\/schema\/logo\/image\/","url":"https:\/\/agencia.252.com.mx\/wp-content\/uploads\/2023\/02\/cropped-ciruclo-agencia-e1677562404136.png","contentUrl":"https:\/\/agencia.252.com.mx\/wp-content\/uploads\/2023\/02\/cropped-ciruclo-agencia-e1677562404136.png","width":512,"height":512,"caption":"Agencia252"},"image":{"@id":"https:\/\/agencia.252.com.mx\/home\/#\/schema\/logo\/image\/"},"sameAs":["https:\/\/www.facebook.com\/252Comunicacion\/","https:\/\/x.com\/252COMS"]},{"@type":"Person","@id":"https:\/\/agencia.252.com.mx\/home\/#\/schema\/person\/6b972021e9a92d45ade8c78d81509098","name":"Nacho Corro","image":{"@type":"ImageObject","inLanguage":"es","@id":"https:\/\/secure.gravatar.com\/avatar\/5db6df507cfe1307e192fbb498c6b85f1cf2ffd8b4cd37141b9eea588fcbd5a4?s=96&r=g","url":"https:\/\/secure.gravatar.com\/avatar\/5db6df507cfe1307e192fbb498c6b85f1cf2ffd8b4cd37141b9eea588fcbd5a4?s=96&r=g","contentUrl":"https:\/\/secure.gravatar.com\/avatar\/5db6df507cfe1307e192fbb498c6b85f1cf2ffd8b4cd37141b9eea588fcbd5a4?s=96&r=g","caption":"Nacho Corro"},"description":"Comunicador Social, Periodista y Administraci\u00f3n P\u00fablica. Conversador pol\u00edtico, temas electorales y seguridad. Generador de contenidos digitales. Amante de la fotograf\u00eda","sameAs":["https:\/\/www.facebook.com\/jcorroherrera\/","www.instagram.com\/nachocorro\/","https:\/\/x.com\/Juan Ignacio Corro Herrera"],"url":"https:\/\/agencia.252.com.mx\/home\/author\/i-corro\/"}]}},"_links":{"self":[{"href":"https:\/\/agencia.252.com.mx\/home\/wp-json\/wp\/v2\/posts\/18971","targetHints":{"allow":["GET"]}}],"collection":[{"href":"https:\/\/agencia.252.com.mx\/home\/wp-json\/wp\/v2\/posts"}],"about":[{"href":"https:\/\/agencia.252.com.mx\/home\/wp-json\/wp\/v2\/types\/post"}],"author":[{"embeddable":true,"href":"https:\/\/agencia.252.com.mx\/home\/wp-json\/wp\/v2\/users\/5"}],"replies":[{"embeddable":true,"href":"https:\/\/agencia.252.com.mx\/home\/wp-json\/wp\/v2\/comments?post=18971"}],"version-history":[{"count":1,"href":"https:\/\/agencia.252.com.mx\/home\/wp-json\/wp\/v2\/posts\/18971\/revisions"}],"predecessor-version":[{"id":18974,"href":"https:\/\/agencia.252.com.mx\/home\/wp-json\/wp\/v2\/posts\/18971\/revisions\/18974"}],"wp:featuredmedia":[{"embeddable":true,"href":"https:\/\/agencia.252.com.mx\/home\/wp-json\/wp\/v2\/media\/18972"}],"wp:attachment":[{"href":"https:\/\/agencia.252.com.mx\/home\/wp-json\/wp\/v2\/media?parent=18971"}],"wp:term":[{"taxonomy":"category","embeddable":true,"href":"https:\/\/agencia.252.com.mx\/home\/wp-json\/wp\/v2\/categories?post=18971"},{"taxonomy":"post_tag","embeddable":true,"href":"https:\/\/agencia.252.com.mx\/home\/wp-json\/wp\/v2\/tags?post=18971"}],"curies":[{"name":"wp","href":"https:\/\/api.w.org\/{rel}","templated":true}]}}