{"id":18966,"date":"2026-05-01T19:58:22","date_gmt":"2026-05-02T01:58:22","guid":{"rendered":"https:\/\/agencia.252.com.mx\/home\/?p=18966"},"modified":"2026-05-01T20:01:03","modified_gmt":"2026-05-02T02:01:03","slug":"reitera-issac-montoya-compromiso-de-naucalpan-con-la-justicia-laboral","status":"publish","type":"post","link":"https:\/\/agencia.252.com.mx\/home\/reitera-issac-montoya-compromiso-de-naucalpan-con-la-justicia-laboral\/","title":{"rendered":"Reitera Issac Montoya compromiso de Naucalpan con la justicia laboral\u00a0"},"content":{"rendered":"<p>Visitas: 3<\/p>\n<ul class=\"wp-block-list\">\n<li><em>Durante conmemoraci\u00f3n del D\u00eda del Trabajo que realiz\u00f3 SUTEYM se fortalecen los lazos entre el gobierno municipal y su fuerza de trabajo.<\/em><\/li>\n<\/ul>\n\n\n\n<ul class=\"wp-block-list\">\n<li><em>Gobierno de Naucalpan toma decisiones para saldar deudas hist\u00f3ricas con las zonas m\u00e1s rezagadas del municipio.<\/em><\/li>\n<\/ul>\n\n\n\n<p>Juan Ignacio Corro&nbsp;<\/p>\n\n\n\n<p class=\"has-text-align-right\">Naucalpan, Estado de M\u00e9xico, a 1 de mayo&nbsp;&nbsp;de 2026<\/p>\n\n\n\n<p>En un acto de reconocimiento a la labor del servicio p\u00fablico, el Presidente Municipal, Isaac Montoya M\u00e1rquez, particip\u00f3 en la conmemoraci\u00f3n del D\u00eda del Trabajo, organizada por el Sindicato \u00danico de Trabajadores de los Poderes, Municipios e Instituciones Descentralizadas del Estado de M\u00e9xico (SUTEYM), donde reafirm\u00f3 el compromiso de su administraci\u00f3n con la justicia laboral, destacando que su gesti\u00f3n ser\u00e1 un gobierno \u201cde, para y con los trabajadores\u201d.<\/p>\n\n\n\n<p>El evento tuvo lugar en la explanada del Palacio Municipal, donde se dieron cita cientos de agremiados y sus liderazgos para conmemorar la lucha hist\u00f3rica por los derechos laborales y fortalecer los lazos entre el gobierno municipal y su fuerza de trabajo. Acompa\u00f1ado por el Secretario de la Secci\u00f3n Naucalpan, Tom\u00e1s Palomares, a quien el alcalde reconoci\u00f3 por su liderazgo y amistad, hizo un llamado para valorar el esfuerzo de quienes mantienen en pie al municipio.<\/p>\n\n\n\n<figure class=\"wp-block-gallery has-nested-images columns-default is-cropped wp-block-gallery-1 is-layout-flex wp-block-gallery-is-layout-flex\">\n<figure class=\"wp-block-image size-large\"><img fetchpriority=\"high\" decoding=\"async\" width=\"1024\" height=\"397\" data-id=\"18967\" src=\"http:\/\/agencia.252.com.mx\/wp-content\/uploads\/2026\/05\/WhatsApp-Image-2026-05-01-at-6.02.02-PM-1024x397.jpeg\" alt=\"\" class=\"wp-image-18967\" srcset=\"https:\/\/agencia.252.com.mx\/wp-content\/uploads\/2026\/05\/WhatsApp-Image-2026-05-01-at-6.02.02-PM-1024x397.jpeg 1024w, https:\/\/agencia.252.com.mx\/wp-content\/uploads\/2026\/05\/WhatsApp-Image-2026-05-01-at-6.02.02-PM-300x116.jpeg 300w, https:\/\/agencia.252.com.mx\/wp-content\/uploads\/2026\/05\/WhatsApp-Image-2026-05-01-at-6.02.02-PM-768x298.jpeg 768w, https:\/\/agencia.252.com.mx\/wp-content\/uploads\/2026\/05\/WhatsApp-Image-2026-05-01-at-6.02.02-PM-1536x595.jpeg 1536w, https:\/\/agencia.252.com.mx\/wp-content\/uploads\/2026\/05\/WhatsApp-Image-2026-05-01-at-6.02.02-PM.jpeg 1600w\" sizes=\"(max-width: 1024px) 100vw, 1024px\" \/><\/figure>\n<\/figure>\n\n\n\n<p>En presencia de la Presidenta del Sistema Municipal DIF Naucalpan, Adriana G. Escobar, as\u00ed como de liderazgos del SUTEYM, y servidores p\u00fablicos municipales, enfatiz\u00f3 que la lucha laboral pertenece hist\u00f3ricamente a la izquierda y que, bajo el principio de \u00abprosperidad compartida\u00bb, nadie se quedar\u00e1 atr\u00e1s en la transformaci\u00f3n de Naucalpan.<\/p>\n\n\n\n<p>\u00abLa pol\u00edtica de los tiempos actuales debe tener la humildad para dejarse escuchar y ayudar. Cuando hay soberbia, no se alcanzan los objetivos\u00bb, se\u00f1al\u00f3 el edil ante la estructura sindical y funcionarios p\u00fablicos.<\/p>\n\n\n\n<p>Asimismo, comparti\u00f3 sus ra\u00edces como habitante de los cerros de Naucalpan, recordando que proviene de una familia de migrantes que, como miles de naucalpenses, construyeron sus colonias a base de \u00abpico y pala\u00bb.&nbsp;<\/p>\n\n\n\n<p>Montoya M\u00e1rquez apunt\u00f3 que su administraci\u00f3n tomar\u00e1 decisiones con \u00abconciencia social\u00bb para saldar deudas hist\u00f3ricas con las zonas m\u00e1s rezagadas del municipio.&nbsp;<\/p>\n","protected":false},"excerpt":{"rendered":"<p>Visitas: 3 Juan Ignacio Corro&nbsp; Naucalpan, Estado de M\u00e9xico, a 1 de mayo&nbsp;&nbsp;de 2026 En un acto de reconocimiento a la labor del servicio p\u00fablico, el Presidente Municipal, Isaac Montoya M\u00e1rquez, particip\u00f3 en la conmemoraci\u00f3n del D\u00eda del Trabajo, organizada por el Sindicato \u00danico de Trabajadores de los Poderes, Municipios e Instituciones Descentralizadas del Estado [&hellip;]<\/p>\n","protected":false},"author":5,"featured_media":18968,"comment_status":"open","ping_status":"open","sticky":false,"template":"","format":"standard","meta":{"site-sidebar-layout":"default","site-content-layout":"","ast-site-content-layout":"default","site-content-style":"default","site-sidebar-style":"default","ast-global-header-display":"","ast-banner-title-visibility":"","ast-main-header-display":"","ast-hfb-above-header-display":"","ast-hfb-below-header-display":"","ast-hfb-mobile-header-display":"","site-post-title":"","ast-breadcrumbs-content":"","ast-featured-img":"","footer-sml-layout":"","ast-disable-related-posts":"","theme-transparent-header-meta":"","adv-header-id-meta":"","stick-header-meta":"","header-above-stick-meta":"","header-main-stick-meta":"","header-below-stick-meta":"","astra-migrate-meta-layouts":"set","ast-page-background-enabled":"default","ast-page-background-meta":{"desktop":{"background-color":"var(--ast-global-color-4)","background-image":"","background-repeat":"repeat","background-position":"center center","background-size":"auto","background-attachment":"scroll","background-type":"","background-media":"","overlay-type":"","overlay-color":"","overlay-opacity":"","overlay-gradient":""},"tablet":{"background-color":"","background-image":"","background-repeat":"repeat","background-position":"center center","background-size":"auto","background-attachment":"scroll","background-type":"","background-media":"","overlay-type":"","overlay-color":"","overlay-opacity":"","overlay-gradient":""},"mobile":{"background-color":"","background-image":"","background-repeat":"repeat","background-position":"center center","background-size":"auto","background-attachment":"scroll","background-type":"","background-media":"","overlay-type":"","overlay-color":"","overlay-opacity":"","overlay-gradient":""}},"ast-content-background-meta":{"desktop":{"background-color":"var(--ast-global-color-5)","background-image":"","background-repeat":"repeat","background-position":"center center","background-size":"auto","background-attachment":"scroll","background-type":"","background-media":"","overlay-type":"","overlay-color":"","overlay-opacity":"","overlay-gradient":""},"tablet":{"background-color":"var(--ast-global-color-5)","background-image":"","background-repeat":"repeat","background-position":"center center","background-size":"auto","background-attachment":"scroll","background-type":"","background-media":"","overlay-type":"","overlay-color":"","overlay-opacity":"","overlay-gradient":""},"mobile":{"background-color":"var(--ast-global-color-5)","background-image":"","background-repeat":"repeat","background-position":"center center","background-size":"auto","background-attachment":"scroll","background-type":"","background-media":"","overlay-type":"","overlay-color":"","overlay-opacity":"","overlay-gradient":""}},"footnotes":""},"categories":[8,512,70],"tags":[526],"class_list":["post-18966","post","type-post","status-publish","format-standard","has-post-thumbnail","hentry","category-edomex","category-metropoli","category-naucalpan","tag-edomex"],"yoast_head":"<!-- This site is optimized with the Yoast SEO plugin v27.4 - https:\/\/yoast.com\/product\/yoast-seo-wordpress\/ -->\n<title>Reitera Issac Montoya compromiso de Naucalpan con la justicia laboral\u00a0 - Agencia252<\/title>\n<meta name=\"robots\" content=\"index, follow, max-snippet:-1, max-image-preview:large, max-video-preview:-1\" \/>\n<link rel=\"canonical\" href=\"https:\/\/agencia.252.com.mx\/home\/reitera-issac-montoya-compromiso-de-naucalpan-con-la-justicia-laboral\/\" \/>\n<meta property=\"og:locale\" content=\"es_ES\" \/>\n<meta property=\"og:type\" content=\"article\" \/>\n<meta property=\"og:title\" content=\"Reitera Issac Montoya compromiso de Naucalpan con la justicia laboral\u00a0 - Agencia252\" \/>\n<meta property=\"og:description\" content=\"Visitas: 3 Juan Ignacio Corro&nbsp; Naucalpan, Estado de M\u00e9xico, a 1 de mayo&nbsp;&nbsp;de 2026 En un acto de reconocimiento a la labor del servicio p\u00fablico, el Presidente Municipal, Isaac Montoya M\u00e1rquez, particip\u00f3 en la conmemoraci\u00f3n del D\u00eda del Trabajo, organizada por el Sindicato \u00danico de Trabajadores de los Poderes, Municipios e Instituciones Descentralizadas del Estado [&hellip;]\" \/>\n<meta property=\"og:url\" content=\"https:\/\/agencia.252.com.mx\/home\/reitera-issac-montoya-compromiso-de-naucalpan-con-la-justicia-laboral\/\" \/>\n<meta property=\"og:site_name\" content=\"Agencia252\" \/>\n<meta property=\"article:publisher\" content=\"https:\/\/www.facebook.com\/252Comunicacion\/\" \/>\n<meta property=\"article:author\" content=\"https:\/\/www.facebook.com\/jcorroherrera\/\" \/>\n<meta property=\"article:published_time\" content=\"2026-05-02T01:58:22+00:00\" \/>\n<meta property=\"article:modified_time\" content=\"2026-05-02T02:01:03+00:00\" \/>\n<meta property=\"og:image\" content=\"http:\/\/agencia.252.com.mx\/wp-content\/uploads\/2026\/05\/WhatsApp-Image-2026-05-01-at-6.01.36-PM.jpeg\" \/>\n\t<meta property=\"og:image:width\" content=\"1600\" \/>\n\t<meta property=\"og:image:height\" content=\"1200\" \/>\n\t<meta property=\"og:image:type\" content=\"image\/jpeg\" \/>\n<meta name=\"author\" content=\"Nacho Corro\" \/>\n<meta name=\"twitter:card\" content=\"summary_large_image\" \/>\n<meta name=\"twitter:creator\" content=\"@Juan Ignacio Corro Herrera\" \/>\n<meta name=\"twitter:site\" content=\"@252COMS\" \/>\n<meta name=\"twitter:label1\" content=\"Escrito por\" \/>\n\t<meta name=\"twitter:data1\" content=\"Nacho Corro\" \/>\n\t<meta name=\"twitter:label2\" content=\"Tiempo de lectura\" \/>\n\t<meta name=\"twitter:data2\" content=\"2 minutos\" \/>\n<script type=\"application\/ld+json\" class=\"yoast-schema-graph\">{\"@context\":\"https:\\\/\\\/schema.org\",\"@graph\":[{\"@type\":\"Article\",\"@id\":\"https:\\\/\\\/agencia.252.com.mx\\\/home\\\/reitera-issac-montoya-compromiso-de-naucalpan-con-la-justicia-laboral\\\/#article\",\"isPartOf\":{\"@id\":\"https:\\\/\\\/agencia.252.com.mx\\\/home\\\/reitera-issac-montoya-compromiso-de-naucalpan-con-la-justicia-laboral\\\/\"},\"author\":{\"name\":\"Nacho Corro\",\"@id\":\"https:\\\/\\\/agencia.252.com.mx\\\/home\\\/#\\\/schema\\\/person\\\/6b972021e9a92d45ade8c78d81509098\"},\"headline\":\"Reitera Issac Montoya compromiso de Naucalpan con la justicia laboral\u00a0\",\"datePublished\":\"2026-05-02T01:58:22+00:00\",\"dateModified\":\"2026-05-02T02:01:03+00:00\",\"mainEntityOfPage\":{\"@id\":\"https:\\\/\\\/agencia.252.com.mx\\\/home\\\/reitera-issac-montoya-compromiso-de-naucalpan-con-la-justicia-laboral\\\/\"},\"wordCount\":374,\"commentCount\":0,\"publisher\":{\"@id\":\"https:\\\/\\\/agencia.252.com.mx\\\/home\\\/#organization\"},\"image\":{\"@id\":\"https:\\\/\\\/agencia.252.com.mx\\\/home\\\/reitera-issac-montoya-compromiso-de-naucalpan-con-la-justicia-laboral\\\/#primaryimage\"},\"thumbnailUrl\":\"https:\\\/\\\/agencia.252.com.mx\\\/wp-content\\\/uploads\\\/2026\\\/05\\\/WhatsApp-Image-2026-05-01-at-6.01.36-PM.jpeg\",\"keywords\":[\"Edomex\"],\"articleSection\":[\"Edomex\",\"Metropoli\",\"Naucalpan\"],\"inLanguage\":\"es\",\"potentialAction\":[{\"@type\":\"CommentAction\",\"name\":\"Comment\",\"target\":[\"https:\\\/\\\/agencia.252.com.mx\\\/home\\\/reitera-issac-montoya-compromiso-de-naucalpan-con-la-justicia-laboral\\\/#respond\"]}]},{\"@type\":\"WebPage\",\"@id\":\"https:\\\/\\\/agencia.252.com.mx\\\/home\\\/reitera-issac-montoya-compromiso-de-naucalpan-con-la-justicia-laboral\\\/\",\"url\":\"https:\\\/\\\/agencia.252.com.mx\\\/home\\\/reitera-issac-montoya-compromiso-de-naucalpan-con-la-justicia-laboral\\\/\",\"name\":\"Reitera Issac Montoya compromiso de Naucalpan con la justicia laboral\u00a0 - Agencia252\",\"isPartOf\":{\"@id\":\"https:\\\/\\\/agencia.252.com.mx\\\/home\\\/#website\"},\"primaryImageOfPage\":{\"@id\":\"https:\\\/\\\/agencia.252.com.mx\\\/home\\\/reitera-issac-montoya-compromiso-de-naucalpan-con-la-justicia-laboral\\\/#primaryimage\"},\"image\":{\"@id\":\"https:\\\/\\\/agencia.252.com.mx\\\/home\\\/reitera-issac-montoya-compromiso-de-naucalpan-con-la-justicia-laboral\\\/#primaryimage\"},\"thumbnailUrl\":\"https:\\\/\\\/agencia.252.com.mx\\\/wp-content\\\/uploads\\\/2026\\\/05\\\/WhatsApp-Image-2026-05-01-at-6.01.36-PM.jpeg\",\"datePublished\":\"2026-05-02T01:58:22+00:00\",\"dateModified\":\"2026-05-02T02:01:03+00:00\",\"breadcrumb\":{\"@id\":\"https:\\\/\\\/agencia.252.com.mx\\\/home\\\/reitera-issac-montoya-compromiso-de-naucalpan-con-la-justicia-laboral\\\/#breadcrumb\"},\"inLanguage\":\"es\",\"potentialAction\":[{\"@type\":\"ReadAction\",\"target\":[\"https:\\\/\\\/agencia.252.com.mx\\\/home\\\/reitera-issac-montoya-compromiso-de-naucalpan-con-la-justicia-laboral\\\/\"]}]},{\"@type\":\"ImageObject\",\"inLanguage\":\"es\",\"@id\":\"https:\\\/\\\/agencia.252.com.mx\\\/home\\\/reitera-issac-montoya-compromiso-de-naucalpan-con-la-justicia-laboral\\\/#primaryimage\",\"url\":\"https:\\\/\\\/agencia.252.com.mx\\\/wp-content\\\/uploads\\\/2026\\\/05\\\/WhatsApp-Image-2026-05-01-at-6.01.36-PM.jpeg\",\"contentUrl\":\"https:\\\/\\\/agencia.252.com.mx\\\/wp-content\\\/uploads\\\/2026\\\/05\\\/WhatsApp-Image-2026-05-01-at-6.01.36-PM.jpeg\",\"width\":1600,\"height\":1200},{\"@type\":\"BreadcrumbList\",\"@id\":\"https:\\\/\\\/agencia.252.com.mx\\\/home\\\/reitera-issac-montoya-compromiso-de-naucalpan-con-la-justicia-laboral\\\/#breadcrumb\",\"itemListElement\":[{\"@type\":\"ListItem\",\"position\":1,\"name\":\"Portada\",\"item\":\"https:\\\/\\\/agencia.252.com.mx\\\/home\\\/\"},{\"@type\":\"ListItem\",\"position\":2,\"name\":\"Reitera Issac Montoya compromiso de Naucalpan con la justicia laboral\u00a0\"}]},{\"@type\":\"WebSite\",\"@id\":\"https:\\\/\\\/agencia.252.com.mx\\\/home\\\/#website\",\"url\":\"https:\\\/\\\/agencia.252.com.mx\\\/home\\\/\",\"name\":\"Agencia252\",\"description\":\"Tu espacio en la Red\",\"publisher\":{\"@id\":\"https:\\\/\\\/agencia.252.com.mx\\\/home\\\/#organization\"},\"potentialAction\":[{\"@type\":\"SearchAction\",\"target\":{\"@type\":\"EntryPoint\",\"urlTemplate\":\"https:\\\/\\\/agencia.252.com.mx\\\/home\\\/?s={search_term_string}\"},\"query-input\":{\"@type\":\"PropertyValueSpecification\",\"valueRequired\":true,\"valueName\":\"search_term_string\"}}],\"inLanguage\":\"es\"},{\"@type\":\"Organization\",\"@id\":\"https:\\\/\\\/agencia.252.com.mx\\\/home\\\/#organization\",\"name\":\"Agencia252\",\"url\":\"https:\\\/\\\/agencia.252.com.mx\\\/home\\\/\",\"logo\":{\"@type\":\"ImageObject\",\"inLanguage\":\"es\",\"@id\":\"https:\\\/\\\/agencia.252.com.mx\\\/home\\\/#\\\/schema\\\/logo\\\/image\\\/\",\"url\":\"https:\\\/\\\/agencia.252.com.mx\\\/wp-content\\\/uploads\\\/2023\\\/02\\\/cropped-ciruclo-agencia-e1677562404136.png\",\"contentUrl\":\"https:\\\/\\\/agencia.252.com.mx\\\/wp-content\\\/uploads\\\/2023\\\/02\\\/cropped-ciruclo-agencia-e1677562404136.png\",\"width\":512,\"height\":512,\"caption\":\"Agencia252\"},\"image\":{\"@id\":\"https:\\\/\\\/agencia.252.com.mx\\\/home\\\/#\\\/schema\\\/logo\\\/image\\\/\"},\"sameAs\":[\"https:\\\/\\\/www.facebook.com\\\/252Comunicacion\\\/\",\"https:\\\/\\\/x.com\\\/252COMS\"]},{\"@type\":\"Person\",\"@id\":\"https:\\\/\\\/agencia.252.com.mx\\\/home\\\/#\\\/schema\\\/person\\\/6b972021e9a92d45ade8c78d81509098\",\"name\":\"Nacho Corro\",\"image\":{\"@type\":\"ImageObject\",\"inLanguage\":\"es\",\"@id\":\"https:\\\/\\\/secure.gravatar.com\\\/avatar\\\/5db6df507cfe1307e192fbb498c6b85f1cf2ffd8b4cd37141b9eea588fcbd5a4?s=96&r=g\",\"url\":\"https:\\\/\\\/secure.gravatar.com\\\/avatar\\\/5db6df507cfe1307e192fbb498c6b85f1cf2ffd8b4cd37141b9eea588fcbd5a4?s=96&r=g\",\"contentUrl\":\"https:\\\/\\\/secure.gravatar.com\\\/avatar\\\/5db6df507cfe1307e192fbb498c6b85f1cf2ffd8b4cd37141b9eea588fcbd5a4?s=96&r=g\",\"caption\":\"Nacho Corro\"},\"description\":\"Comunicador Social, Periodista y Administraci\u00f3n P\u00fablica. Conversador pol\u00edtico, temas electorales y seguridad. Generador de contenidos digitales. Amante de la fotograf\u00eda\",\"sameAs\":[\"https:\\\/\\\/www.facebook.com\\\/jcorroherrera\\\/\",\"www.instagram.com\\\/nachocorro\\\/\",\"https:\\\/\\\/x.com\\\/Juan Ignacio Corro Herrera\"],\"url\":\"https:\\\/\\\/agencia.252.com.mx\\\/home\\\/author\\\/i-corro\\\/\"}]}<\/script>\n<!-- \/ Yoast SEO plugin. -->","yoast_head_json":{"title":"Reitera Issac Montoya compromiso de Naucalpan con la justicia laboral\u00a0 - Agencia252","robots":{"index":"index","follow":"follow","max-snippet":"max-snippet:-1","max-image-preview":"max-image-preview:large","max-video-preview":"max-video-preview:-1"},"canonical":"https:\/\/agencia.252.com.mx\/home\/reitera-issac-montoya-compromiso-de-naucalpan-con-la-justicia-laboral\/","og_locale":"es_ES","og_type":"article","og_title":"Reitera Issac Montoya compromiso de Naucalpan con la justicia laboral\u00a0 - Agencia252","og_description":"Visitas: 3 Juan Ignacio Corro&nbsp; Naucalpan, Estado de M\u00e9xico, a 1 de mayo&nbsp;&nbsp;de 2026 En un acto de reconocimiento a la labor del servicio p\u00fablico, el Presidente Municipal, Isaac Montoya M\u00e1rquez, particip\u00f3 en la conmemoraci\u00f3n del D\u00eda del Trabajo, organizada por el Sindicato \u00danico de Trabajadores de los Poderes, Municipios e Instituciones Descentralizadas del Estado [&hellip;]","og_url":"https:\/\/agencia.252.com.mx\/home\/reitera-issac-montoya-compromiso-de-naucalpan-con-la-justicia-laboral\/","og_site_name":"Agencia252","article_publisher":"https:\/\/www.facebook.com\/252Comunicacion\/","article_author":"https:\/\/www.facebook.com\/jcorroherrera\/","article_published_time":"2026-05-02T01:58:22+00:00","article_modified_time":"2026-05-02T02:01:03+00:00","og_image":[{"width":1600,"height":1200,"url":"http:\/\/agencia.252.com.mx\/wp-content\/uploads\/2026\/05\/WhatsApp-Image-2026-05-01-at-6.01.36-PM.jpeg","type":"image\/jpeg"}],"author":"Nacho Corro","twitter_card":"summary_large_image","twitter_creator":"@Juan Ignacio Corro Herrera","twitter_site":"@252COMS","twitter_misc":{"Escrito por":"Nacho Corro","Tiempo de lectura":"2 minutos"},"schema":{"@context":"https:\/\/schema.org","@graph":[{"@type":"Article","@id":"https:\/\/agencia.252.com.mx\/home\/reitera-issac-montoya-compromiso-de-naucalpan-con-la-justicia-laboral\/#article","isPartOf":{"@id":"https:\/\/agencia.252.com.mx\/home\/reitera-issac-montoya-compromiso-de-naucalpan-con-la-justicia-laboral\/"},"author":{"name":"Nacho Corro","@id":"https:\/\/agencia.252.com.mx\/home\/#\/schema\/person\/6b972021e9a92d45ade8c78d81509098"},"headline":"Reitera Issac Montoya compromiso de Naucalpan con la justicia laboral\u00a0","datePublished":"2026-05-02T01:58:22+00:00","dateModified":"2026-05-02T02:01:03+00:00","mainEntityOfPage":{"@id":"https:\/\/agencia.252.com.mx\/home\/reitera-issac-montoya-compromiso-de-naucalpan-con-la-justicia-laboral\/"},"wordCount":374,"commentCount":0,"publisher":{"@id":"https:\/\/agencia.252.com.mx\/home\/#organization"},"image":{"@id":"https:\/\/agencia.252.com.mx\/home\/reitera-issac-montoya-compromiso-de-naucalpan-con-la-justicia-laboral\/#primaryimage"},"thumbnailUrl":"https:\/\/agencia.252.com.mx\/wp-content\/uploads\/2026\/05\/WhatsApp-Image-2026-05-01-at-6.01.36-PM.jpeg","keywords":["Edomex"],"articleSection":["Edomex","Metropoli","Naucalpan"],"inLanguage":"es","potentialAction":[{"@type":"CommentAction","name":"Comment","target":["https:\/\/agencia.252.com.mx\/home\/reitera-issac-montoya-compromiso-de-naucalpan-con-la-justicia-laboral\/#respond"]}]},{"@type":"WebPage","@id":"https:\/\/agencia.252.com.mx\/home\/reitera-issac-montoya-compromiso-de-naucalpan-con-la-justicia-laboral\/","url":"https:\/\/agencia.252.com.mx\/home\/reitera-issac-montoya-compromiso-de-naucalpan-con-la-justicia-laboral\/","name":"Reitera Issac Montoya compromiso de Naucalpan con la justicia laboral\u00a0 - Agencia252","isPartOf":{"@id":"https:\/\/agencia.252.com.mx\/home\/#website"},"primaryImageOfPage":{"@id":"https:\/\/agencia.252.com.mx\/home\/reitera-issac-montoya-compromiso-de-naucalpan-con-la-justicia-laboral\/#primaryimage"},"image":{"@id":"https:\/\/agencia.252.com.mx\/home\/reitera-issac-montoya-compromiso-de-naucalpan-con-la-justicia-laboral\/#primaryimage"},"thumbnailUrl":"https:\/\/agencia.252.com.mx\/wp-content\/uploads\/2026\/05\/WhatsApp-Image-2026-05-01-at-6.01.36-PM.jpeg","datePublished":"2026-05-02T01:58:22+00:00","dateModified":"2026-05-02T02:01:03+00:00","breadcrumb":{"@id":"https:\/\/agencia.252.com.mx\/home\/reitera-issac-montoya-compromiso-de-naucalpan-con-la-justicia-laboral\/#breadcrumb"},"inLanguage":"es","potentialAction":[{"@type":"ReadAction","target":["https:\/\/agencia.252.com.mx\/home\/reitera-issac-montoya-compromiso-de-naucalpan-con-la-justicia-laboral\/"]}]},{"@type":"ImageObject","inLanguage":"es","@id":"https:\/\/agencia.252.com.mx\/home\/reitera-issac-montoya-compromiso-de-naucalpan-con-la-justicia-laboral\/#primaryimage","url":"https:\/\/agencia.252.com.mx\/wp-content\/uploads\/2026\/05\/WhatsApp-Image-2026-05-01-at-6.01.36-PM.jpeg","contentUrl":"https:\/\/agencia.252.com.mx\/wp-content\/uploads\/2026\/05\/WhatsApp-Image-2026-05-01-at-6.01.36-PM.jpeg","width":1600,"height":1200},{"@type":"BreadcrumbList","@id":"https:\/\/agencia.252.com.mx\/home\/reitera-issac-montoya-compromiso-de-naucalpan-con-la-justicia-laboral\/#breadcrumb","itemListElement":[{"@type":"ListItem","position":1,"name":"Portada","item":"https:\/\/agencia.252.com.mx\/home\/"},{"@type":"ListItem","position":2,"name":"Reitera Issac Montoya compromiso de Naucalpan con la justicia laboral\u00a0"}]},{"@type":"WebSite","@id":"https:\/\/agencia.252.com.mx\/home\/#website","url":"https:\/\/agencia.252.com.mx\/home\/","name":"Agencia252","description":"Tu espacio en la Red","publisher":{"@id":"https:\/\/agencia.252.com.mx\/home\/#organization"},"potentialAction":[{"@type":"SearchAction","target":{"@type":"EntryPoint","urlTemplate":"https:\/\/agencia.252.com.mx\/home\/?s={search_term_string}"},"query-input":{"@type":"PropertyValueSpecification","valueRequired":true,"valueName":"search_term_string"}}],"inLanguage":"es"},{"@type":"Organization","@id":"https:\/\/agencia.252.com.mx\/home\/#organization","name":"Agencia252","url":"https:\/\/agencia.252.com.mx\/home\/","logo":{"@type":"ImageObject","inLanguage":"es","@id":"https:\/\/agencia.252.com.mx\/home\/#\/schema\/logo\/image\/","url":"https:\/\/agencia.252.com.mx\/wp-content\/uploads\/2023\/02\/cropped-ciruclo-agencia-e1677562404136.png","contentUrl":"https:\/\/agencia.252.com.mx\/wp-content\/uploads\/2023\/02\/cropped-ciruclo-agencia-e1677562404136.png","width":512,"height":512,"caption":"Agencia252"},"image":{"@id":"https:\/\/agencia.252.com.mx\/home\/#\/schema\/logo\/image\/"},"sameAs":["https:\/\/www.facebook.com\/252Comunicacion\/","https:\/\/x.com\/252COMS"]},{"@type":"Person","@id":"https:\/\/agencia.252.com.mx\/home\/#\/schema\/person\/6b972021e9a92d45ade8c78d81509098","name":"Nacho Corro","image":{"@type":"ImageObject","inLanguage":"es","@id":"https:\/\/secure.gravatar.com\/avatar\/5db6df507cfe1307e192fbb498c6b85f1cf2ffd8b4cd37141b9eea588fcbd5a4?s=96&r=g","url":"https:\/\/secure.gravatar.com\/avatar\/5db6df507cfe1307e192fbb498c6b85f1cf2ffd8b4cd37141b9eea588fcbd5a4?s=96&r=g","contentUrl":"https:\/\/secure.gravatar.com\/avatar\/5db6df507cfe1307e192fbb498c6b85f1cf2ffd8b4cd37141b9eea588fcbd5a4?s=96&r=g","caption":"Nacho Corro"},"description":"Comunicador Social, Periodista y Administraci\u00f3n P\u00fablica. Conversador pol\u00edtico, temas electorales y seguridad. Generador de contenidos digitales. Amante de la fotograf\u00eda","sameAs":["https:\/\/www.facebook.com\/jcorroherrera\/","www.instagram.com\/nachocorro\/","https:\/\/x.com\/Juan Ignacio Corro Herrera"],"url":"https:\/\/agencia.252.com.mx\/home\/author\/i-corro\/"}]}},"_links":{"self":[{"href":"https:\/\/agencia.252.com.mx\/home\/wp-json\/wp\/v2\/posts\/18966","targetHints":{"allow":["GET"]}}],"collection":[{"href":"https:\/\/agencia.252.com.mx\/home\/wp-json\/wp\/v2\/posts"}],"about":[{"href":"https:\/\/agencia.252.com.mx\/home\/wp-json\/wp\/v2\/types\/post"}],"author":[{"embeddable":true,"href":"https:\/\/agencia.252.com.mx\/home\/wp-json\/wp\/v2\/users\/5"}],"replies":[{"embeddable":true,"href":"https:\/\/agencia.252.com.mx\/home\/wp-json\/wp\/v2\/comments?post=18966"}],"version-history":[{"count":2,"href":"https:\/\/agencia.252.com.mx\/home\/wp-json\/wp\/v2\/posts\/18966\/revisions"}],"predecessor-version":[{"id":18970,"href":"https:\/\/agencia.252.com.mx\/home\/wp-json\/wp\/v2\/posts\/18966\/revisions\/18970"}],"wp:featuredmedia":[{"embeddable":true,"href":"https:\/\/agencia.252.com.mx\/home\/wp-json\/wp\/v2\/media\/18968"}],"wp:attachment":[{"href":"https:\/\/agencia.252.com.mx\/home\/wp-json\/wp\/v2\/media?parent=18966"}],"wp:term":[{"taxonomy":"category","embeddable":true,"href":"https:\/\/agencia.252.com.mx\/home\/wp-json\/wp\/v2\/categories?post=18966"},{"taxonomy":"post_tag","embeddable":true,"href":"https:\/\/agencia.252.com.mx\/home\/wp-json\/wp\/v2\/tags?post=18966"}],"curies":[{"name":"wp","href":"https:\/\/api.w.org\/{rel}","templated":true}]}}