{"id":18961,"date":"2026-05-01T19:52:21","date_gmt":"2026-05-02T01:52:21","guid":{"rendered":"https:\/\/agencia.252.com.mx\/home\/?p=18961"},"modified":"2026-05-01T19:52:22","modified_gmt":"2026-05-02T01:52:22","slug":"optimiza-gobierno-del-edomex-traslado-de-organos-en-el-pais-con-capacitacion-de-grupo-relampagos-a-personal-del-centro-nacional-de-trasplantes","status":"publish","type":"post","link":"https:\/\/agencia.252.com.mx\/home\/optimiza-gobierno-del-edomex-traslado-de-organos-en-el-pais-con-capacitacion-de-grupo-relampagos-a-personal-del-centro-nacional-de-trasplantes\/","title":{"rendered":"Optimiza Gobierno del EdoM\u00e9x traslado de \u00f3rganos en el pa\u00eds con capacitaci\u00f3n de \u201cGrupo Rel\u00e1mpagos\u201d a personal del Centro Nacional de Trasplantes\u00a0"},"content":{"rendered":"<p>Visitas: 1<\/p>\n<ul class=\"wp-block-list\">\n<li><em>Participan especialistas de Quintana Roo, Hidalgo, Quer\u00e9taro, Ciudad de M\u00e9xico, Estado de M\u00e9xico y otras entidades.<\/em><\/li>\n<\/ul>\n\n\n\n<ul class=\"wp-block-list\">\n<li><em>Realizan el curso-taller Medidas Integrales de Seguridad en Evacuaci\u00f3n Aerom\u00e9dica (MISEA), con la participaci\u00f3n de 19 m\u00e9dicas y m\u00e9dicos coordinados por el Centro Nacional de Trasplantes.<\/em><\/li>\n<\/ul>\n\n\n\n<p>Juan Ignacio Corro&nbsp;<\/p>\n\n\n\n<p class=\"has-text-align-right\">Toluca, Estado de M\u00e9xico, a 1 de mayo&nbsp;&nbsp;de 2026<\/p>\n\n\n\n<p>El \u201cGrupo Rel\u00e1mpagos\u201d brinda seguridad en la evacuaci\u00f3n aerom\u00e9dica y optimiza el traslado oportuno de \u00f3rganos en el pa\u00eds, mediante la capacitaci\u00f3n especializada que brinda al Centro Nacional de Trasplantes (CENATRA).<\/p>\n\n\n\n<p>En esta acci\u00f3n estrat\u00e9gica participan 19 m\u00e9dicas y m\u00e9dicos de diversas instituciones de salud, coordinados por el CENATRA, quienes reciben formaci\u00f3n por parte del \u201cGrupo de Rescate A\u00e9reo Rel\u00e1mpagos del Estado de M\u00e9xico\u201d, para mejorar los procesos de procuraci\u00f3n, traslado y entrega de \u00f3rganos en condiciones seguras y eficientes.<\/p>\n\n\n\n<figure class=\"wp-block-gallery has-nested-images columns-default is-cropped wp-block-gallery-1 is-layout-flex wp-block-gallery-is-layout-flex\">\n<figure class=\"wp-block-image size-large\"><img fetchpriority=\"high\" decoding=\"async\" width=\"1024\" height=\"682\" data-id=\"18964\" src=\"https:\/\/agencia.252.com.mx\/wp-content\/uploads\/2026\/05\/WhatsApp-Image-2026-05-01-at-10.30.29-AM-1024x682.jpeg\" alt=\"\" class=\"wp-image-18964\" srcset=\"https:\/\/agencia.252.com.mx\/wp-content\/uploads\/2026\/05\/WhatsApp-Image-2026-05-01-at-10.30.29-AM-1024x682.jpeg 1024w, https:\/\/agencia.252.com.mx\/wp-content\/uploads\/2026\/05\/WhatsApp-Image-2026-05-01-at-10.30.29-AM-300x200.jpeg 300w, https:\/\/agencia.252.com.mx\/wp-content\/uploads\/2026\/05\/WhatsApp-Image-2026-05-01-at-10.30.29-AM-768x512.jpeg 768w, https:\/\/agencia.252.com.mx\/wp-content\/uploads\/2026\/05\/WhatsApp-Image-2026-05-01-at-10.30.29-AM.jpeg 1280w\" sizes=\"(max-width: 1024px) 100vw, 1024px\" \/><\/figure>\n\n\n\n<figure class=\"wp-block-image size-large\"><img decoding=\"async\" width=\"1024\" height=\"660\" data-id=\"18963\" src=\"https:\/\/agencia.252.com.mx\/wp-content\/uploads\/2026\/05\/WhatsApp-Image-2026-05-01-at-10.30.28-AM-1024x660.jpeg\" alt=\"\" class=\"wp-image-18963\" srcset=\"https:\/\/agencia.252.com.mx\/wp-content\/uploads\/2026\/05\/WhatsApp-Image-2026-05-01-at-10.30.28-AM-1024x660.jpeg 1024w, https:\/\/agencia.252.com.mx\/wp-content\/uploads\/2026\/05\/WhatsApp-Image-2026-05-01-at-10.30.28-AM-300x193.jpeg 300w, https:\/\/agencia.252.com.mx\/wp-content\/uploads\/2026\/05\/WhatsApp-Image-2026-05-01-at-10.30.28-AM-768x495.jpeg 768w, https:\/\/agencia.252.com.mx\/wp-content\/uploads\/2026\/05\/WhatsApp-Image-2026-05-01-at-10.30.28-AM.jpeg 1280w\" sizes=\"(max-width: 1024px) 100vw, 1024px\" \/><\/figure>\n<\/figure>\n\n\n\n<p>\u201cEl Centro Nacional de Trasplantes env\u00eda m\u00e9dicos que se encargan de la regulaci\u00f3n del trasplante de \u00f3rganos y de procurar los \u00f3rganos. El objetivo principal es que comprendan c\u00f3mo realizar una operaci\u00f3n, c\u00f3mo entregar y recibir un \u00f3rgano\u201d, expres\u00f3 Ricardo Castillo Zavala, param\u00e9dico rescatista de \u201cGrupo Rel\u00e1mpagos\u201d.<\/p>\n\n\n\n<p>El curso-taller Medidas Integrales de Seguridad en Evacuaci\u00f3n Aerom\u00e9dica (MISEA) forma parte del compromiso de la administraci\u00f3n estatal por consolidar servicios de emergencia m\u00e1s seguros, eficientes y profesionales, con una atenci\u00f3n oportuna que priorice la vida y la salud de la poblaci\u00f3n.<\/p>\n\n\n\n<p>Durante la capacitaci\u00f3n se actualizan conocimientos en historia de la aviaci\u00f3n, seguridad operacional, criterios de aerotransportaci\u00f3n, evacuaci\u00f3n aerom\u00e9dica, protocolos de medicina a\u00e9rea y activaci\u00f3n del sistema de ambulancia a\u00e9rea, lo que permite estandarizar procedimientos y mejorar la capacidad de respuesta ante emergencias.<\/p>\n\n\n\n<p>Participan especialistas de la Secretar\u00eda de Salud, Centros Estatales de Trasplantes, Instituto Mexicano del Seguro Social (IMSS), IMSS-Bienestar y el Instituto de Seguridad y Servicios Sociales de los Trabajadores del Estado (ISSSTE), provenientes de Quintana Roo, Hidalgo, Quer\u00e9taro, Ciudad de M\u00e9xico, Estado de M\u00e9xico y otras entidades.<\/p>\n\n\n\n<p>En este marco, el hangar del agrupamiento recibi\u00f3 a Rosa Erro Aboytia, Directora General del Centro Nacional de Trasplantes, junto con su equipo de trabajo, con el prop\u00f3sito de fortalecer la coordinaci\u00f3n interinstitucional en favor de la vida.<\/p>\n","protected":false},"excerpt":{"rendered":"<p>Visitas: 1 Juan Ignacio Corro&nbsp; Toluca, Estado de M\u00e9xico, a 1 de mayo&nbsp;&nbsp;de 2026 El \u201cGrupo Rel\u00e1mpagos\u201d brinda seguridad en la evacuaci\u00f3n aerom\u00e9dica y optimiza el traslado oportuno de \u00f3rganos en el pa\u00eds, mediante la capacitaci\u00f3n especializada que brinda al Centro Nacional de Trasplantes (CENATRA). En esta acci\u00f3n estrat\u00e9gica participan 19 m\u00e9dicas y m\u00e9dicos de [&hellip;]<\/p>\n","protected":false},"author":5,"featured_media":18962,"comment_status":"open","ping_status":"open","sticky":false,"template":"","format":"standard","meta":{"site-sidebar-layout":"default","site-content-layout":"","ast-site-content-layout":"default","site-content-style":"default","site-sidebar-style":"default","ast-global-header-display":"","ast-banner-title-visibility":"","ast-main-header-display":"","ast-hfb-above-header-display":"","ast-hfb-below-header-display":"","ast-hfb-mobile-header-display":"","site-post-title":"","ast-breadcrumbs-content":"","ast-featured-img":"","footer-sml-layout":"","ast-disable-related-posts":"","theme-transparent-header-meta":"","adv-header-id-meta":"","stick-header-meta":"","header-above-stick-meta":"","header-main-stick-meta":"","header-below-stick-meta":"","astra-migrate-meta-layouts":"set","ast-page-background-enabled":"default","ast-page-background-meta":{"desktop":{"background-color":"var(--ast-global-color-4)","background-image":"","background-repeat":"repeat","background-position":"center center","background-size":"auto","background-attachment":"scroll","background-type":"","background-media":"","overlay-type":"","overlay-color":"","overlay-opacity":"","overlay-gradient":""},"tablet":{"background-color":"","background-image":"","background-repeat":"repeat","background-position":"center center","background-size":"auto","background-attachment":"scroll","background-type":"","background-media":"","overlay-type":"","overlay-color":"","overlay-opacity":"","overlay-gradient":""},"mobile":{"background-color":"","background-image":"","background-repeat":"repeat","background-position":"center center","background-size":"auto","background-attachment":"scroll","background-type":"","background-media":"","overlay-type":"","overlay-color":"","overlay-opacity":"","overlay-gradient":""}},"ast-content-background-meta":{"desktop":{"background-color":"var(--ast-global-color-5)","background-image":"","background-repeat":"repeat","background-position":"center center","background-size":"auto","background-attachment":"scroll","background-type":"","background-media":"","overlay-type":"","overlay-color":"","overlay-opacity":"","overlay-gradient":""},"tablet":{"background-color":"var(--ast-global-color-5)","background-image":"","background-repeat":"repeat","background-position":"center center","background-size":"auto","background-attachment":"scroll","background-type":"","background-media":"","overlay-type":"","overlay-color":"","overlay-opacity":"","overlay-gradient":""},"mobile":{"background-color":"var(--ast-global-color-5)","background-image":"","background-repeat":"repeat","background-position":"center center","background-size":"auto","background-attachment":"scroll","background-type":"","background-media":"","overlay-type":"","overlay-color":"","overlay-opacity":"","overlay-gradient":""}},"footnotes":""},"categories":[8,572,200,68],"tags":[526],"class_list":["post-18961","post","type-post","status-publish","format-standard","has-post-thumbnail","hentry","category-edomex","category-emergencias","category-salud","category-seguridad","tag-edomex"],"yoast_head":"<!-- This site is optimized with the Yoast SEO plugin v27.4 - https:\/\/yoast.com\/product\/yoast-seo-wordpress\/ -->\n<title>Optimiza Gobierno del EdoM\u00e9x traslado de \u00f3rganos en el pa\u00eds con capacitaci\u00f3n de \u201cGrupo Rel\u00e1mpagos\u201d a personal del Centro Nacional de Trasplantes\u00a0 - Agencia252<\/title>\n<meta name=\"robots\" content=\"index, follow, max-snippet:-1, max-image-preview:large, max-video-preview:-1\" \/>\n<link rel=\"canonical\" href=\"https:\/\/agencia.252.com.mx\/home\/optimiza-gobierno-del-edomex-traslado-de-organos-en-el-pais-con-capacitacion-de-grupo-relampagos-a-personal-del-centro-nacional-de-trasplantes\/\" \/>\n<meta property=\"og:locale\" content=\"es_ES\" \/>\n<meta property=\"og:type\" content=\"article\" \/>\n<meta property=\"og:title\" content=\"Optimiza Gobierno del EdoM\u00e9x traslado de \u00f3rganos en el pa\u00eds con capacitaci\u00f3n de \u201cGrupo Rel\u00e1mpagos\u201d a personal del Centro Nacional de Trasplantes\u00a0 - Agencia252\" \/>\n<meta property=\"og:description\" content=\"Visitas: 1 Juan Ignacio Corro&nbsp; Toluca, Estado de M\u00e9xico, a 1 de mayo&nbsp;&nbsp;de 2026 El \u201cGrupo Rel\u00e1mpagos\u201d brinda seguridad en la evacuaci\u00f3n aerom\u00e9dica y optimiza el traslado oportuno de \u00f3rganos en el pa\u00eds, mediante la capacitaci\u00f3n especializada que brinda al Centro Nacional de Trasplantes (CENATRA). En esta acci\u00f3n estrat\u00e9gica participan 19 m\u00e9dicas y m\u00e9dicos de [&hellip;]\" \/>\n<meta property=\"og:url\" content=\"https:\/\/agencia.252.com.mx\/home\/optimiza-gobierno-del-edomex-traslado-de-organos-en-el-pais-con-capacitacion-de-grupo-relampagos-a-personal-del-centro-nacional-de-trasplantes\/\" \/>\n<meta property=\"og:site_name\" content=\"Agencia252\" \/>\n<meta property=\"article:publisher\" content=\"https:\/\/www.facebook.com\/252Comunicacion\/\" \/>\n<meta property=\"article:author\" content=\"https:\/\/www.facebook.com\/jcorroherrera\/\" \/>\n<meta property=\"article:published_time\" content=\"2026-05-02T01:52:21+00:00\" \/>\n<meta property=\"article:modified_time\" content=\"2026-05-02T01:52:22+00:00\" \/>\n<meta property=\"og:image\" content=\"http:\/\/agencia.252.com.mx\/wp-content\/uploads\/2026\/05\/WhatsApp-Image-2026-05-01-at-10.30.28-AM-2.jpeg\" \/>\n\t<meta property=\"og:image:width\" content=\"1280\" \/>\n\t<meta property=\"og:image:height\" content=\"853\" \/>\n\t<meta property=\"og:image:type\" content=\"image\/jpeg\" \/>\n<meta name=\"author\" content=\"Nacho Corro\" \/>\n<meta name=\"twitter:card\" content=\"summary_large_image\" \/>\n<meta name=\"twitter:creator\" content=\"@Juan Ignacio Corro Herrera\" \/>\n<meta name=\"twitter:site\" content=\"@252COMS\" \/>\n<meta name=\"twitter:label1\" content=\"Escrito por\" \/>\n\t<meta name=\"twitter:data1\" content=\"Nacho Corro\" \/>\n\t<meta name=\"twitter:label2\" content=\"Tiempo de lectura\" \/>\n\t<meta name=\"twitter:data2\" content=\"3 minutos\" \/>\n<script type=\"application\/ld+json\" class=\"yoast-schema-graph\">{\"@context\":\"https:\\\/\\\/schema.org\",\"@graph\":[{\"@type\":\"Article\",\"@id\":\"https:\\\/\\\/agencia.252.com.mx\\\/home\\\/optimiza-gobierno-del-edomex-traslado-de-organos-en-el-pais-con-capacitacion-de-grupo-relampagos-a-personal-del-centro-nacional-de-trasplantes\\\/#article\",\"isPartOf\":{\"@id\":\"https:\\\/\\\/agencia.252.com.mx\\\/home\\\/optimiza-gobierno-del-edomex-traslado-de-organos-en-el-pais-con-capacitacion-de-grupo-relampagos-a-personal-del-centro-nacional-de-trasplantes\\\/\"},\"author\":{\"name\":\"Nacho Corro\",\"@id\":\"https:\\\/\\\/agencia.252.com.mx\\\/home\\\/#\\\/schema\\\/person\\\/6b972021e9a92d45ade8c78d81509098\"},\"headline\":\"Optimiza Gobierno del EdoM\u00e9x traslado de \u00f3rganos en el pa\u00eds con capacitaci\u00f3n de \u201cGrupo Rel\u00e1mpagos\u201d a personal del Centro Nacional de Trasplantes\u00a0\",\"datePublished\":\"2026-05-02T01:52:21+00:00\",\"dateModified\":\"2026-05-02T01:52:22+00:00\",\"mainEntityOfPage\":{\"@id\":\"https:\\\/\\\/agencia.252.com.mx\\\/home\\\/optimiza-gobierno-del-edomex-traslado-de-organos-en-el-pais-con-capacitacion-de-grupo-relampagos-a-personal-del-centro-nacional-de-trasplantes\\\/\"},\"wordCount\":427,\"commentCount\":0,\"publisher\":{\"@id\":\"https:\\\/\\\/agencia.252.com.mx\\\/home\\\/#organization\"},\"image\":{\"@id\":\"https:\\\/\\\/agencia.252.com.mx\\\/home\\\/optimiza-gobierno-del-edomex-traslado-de-organos-en-el-pais-con-capacitacion-de-grupo-relampagos-a-personal-del-centro-nacional-de-trasplantes\\\/#primaryimage\"},\"thumbnailUrl\":\"https:\\\/\\\/agencia.252.com.mx\\\/wp-content\\\/uploads\\\/2026\\\/05\\\/WhatsApp-Image-2026-05-01-at-10.30.28-AM-2.jpeg\",\"keywords\":[\"Edomex\"],\"articleSection\":[\"Edomex\",\"Emergencias\",\"salud\",\"Seguridad\"],\"inLanguage\":\"es\",\"potentialAction\":[{\"@type\":\"CommentAction\",\"name\":\"Comment\",\"target\":[\"https:\\\/\\\/agencia.252.com.mx\\\/home\\\/optimiza-gobierno-del-edomex-traslado-de-organos-en-el-pais-con-capacitacion-de-grupo-relampagos-a-personal-del-centro-nacional-de-trasplantes\\\/#respond\"]}]},{\"@type\":\"WebPage\",\"@id\":\"https:\\\/\\\/agencia.252.com.mx\\\/home\\\/optimiza-gobierno-del-edomex-traslado-de-organos-en-el-pais-con-capacitacion-de-grupo-relampagos-a-personal-del-centro-nacional-de-trasplantes\\\/\",\"url\":\"https:\\\/\\\/agencia.252.com.mx\\\/home\\\/optimiza-gobierno-del-edomex-traslado-de-organos-en-el-pais-con-capacitacion-de-grupo-relampagos-a-personal-del-centro-nacional-de-trasplantes\\\/\",\"name\":\"Optimiza Gobierno del EdoM\u00e9x traslado de \u00f3rganos en el pa\u00eds con capacitaci\u00f3n de \u201cGrupo Rel\u00e1mpagos\u201d a personal del Centro Nacional de Trasplantes\u00a0 - Agencia252\",\"isPartOf\":{\"@id\":\"https:\\\/\\\/agencia.252.com.mx\\\/home\\\/#website\"},\"primaryImageOfPage\":{\"@id\":\"https:\\\/\\\/agencia.252.com.mx\\\/home\\\/optimiza-gobierno-del-edomex-traslado-de-organos-en-el-pais-con-capacitacion-de-grupo-relampagos-a-personal-del-centro-nacional-de-trasplantes\\\/#primaryimage\"},\"image\":{\"@id\":\"https:\\\/\\\/agencia.252.com.mx\\\/home\\\/optimiza-gobierno-del-edomex-traslado-de-organos-en-el-pais-con-capacitacion-de-grupo-relampagos-a-personal-del-centro-nacional-de-trasplantes\\\/#primaryimage\"},\"thumbnailUrl\":\"https:\\\/\\\/agencia.252.com.mx\\\/wp-content\\\/uploads\\\/2026\\\/05\\\/WhatsApp-Image-2026-05-01-at-10.30.28-AM-2.jpeg\",\"datePublished\":\"2026-05-02T01:52:21+00:00\",\"dateModified\":\"2026-05-02T01:52:22+00:00\",\"breadcrumb\":{\"@id\":\"https:\\\/\\\/agencia.252.com.mx\\\/home\\\/optimiza-gobierno-del-edomex-traslado-de-organos-en-el-pais-con-capacitacion-de-grupo-relampagos-a-personal-del-centro-nacional-de-trasplantes\\\/#breadcrumb\"},\"inLanguage\":\"es\",\"potentialAction\":[{\"@type\":\"ReadAction\",\"target\":[\"https:\\\/\\\/agencia.252.com.mx\\\/home\\\/optimiza-gobierno-del-edomex-traslado-de-organos-en-el-pais-con-capacitacion-de-grupo-relampagos-a-personal-del-centro-nacional-de-trasplantes\\\/\"]}]},{\"@type\":\"ImageObject\",\"inLanguage\":\"es\",\"@id\":\"https:\\\/\\\/agencia.252.com.mx\\\/home\\\/optimiza-gobierno-del-edomex-traslado-de-organos-en-el-pais-con-capacitacion-de-grupo-relampagos-a-personal-del-centro-nacional-de-trasplantes\\\/#primaryimage\",\"url\":\"https:\\\/\\\/agencia.252.com.mx\\\/wp-content\\\/uploads\\\/2026\\\/05\\\/WhatsApp-Image-2026-05-01-at-10.30.28-AM-2.jpeg\",\"contentUrl\":\"https:\\\/\\\/agencia.252.com.mx\\\/wp-content\\\/uploads\\\/2026\\\/05\\\/WhatsApp-Image-2026-05-01-at-10.30.28-AM-2.jpeg\",\"width\":1280,\"height\":853},{\"@type\":\"BreadcrumbList\",\"@id\":\"https:\\\/\\\/agencia.252.com.mx\\\/home\\\/optimiza-gobierno-del-edomex-traslado-de-organos-en-el-pais-con-capacitacion-de-grupo-relampagos-a-personal-del-centro-nacional-de-trasplantes\\\/#breadcrumb\",\"itemListElement\":[{\"@type\":\"ListItem\",\"position\":1,\"name\":\"Portada\",\"item\":\"https:\\\/\\\/agencia.252.com.mx\\\/home\\\/\"},{\"@type\":\"ListItem\",\"position\":2,\"name\":\"Optimiza Gobierno del EdoM\u00e9x traslado de \u00f3rganos en el pa\u00eds con capacitaci\u00f3n de \u201cGrupo Rel\u00e1mpagos\u201d a personal del Centro Nacional de Trasplantes\u00a0\"}]},{\"@type\":\"WebSite\",\"@id\":\"https:\\\/\\\/agencia.252.com.mx\\\/home\\\/#website\",\"url\":\"https:\\\/\\\/agencia.252.com.mx\\\/home\\\/\",\"name\":\"Agencia252\",\"description\":\"Tu espacio en la Red\",\"publisher\":{\"@id\":\"https:\\\/\\\/agencia.252.com.mx\\\/home\\\/#organization\"},\"potentialAction\":[{\"@type\":\"SearchAction\",\"target\":{\"@type\":\"EntryPoint\",\"urlTemplate\":\"https:\\\/\\\/agencia.252.com.mx\\\/home\\\/?s={search_term_string}\"},\"query-input\":{\"@type\":\"PropertyValueSpecification\",\"valueRequired\":true,\"valueName\":\"search_term_string\"}}],\"inLanguage\":\"es\"},{\"@type\":\"Organization\",\"@id\":\"https:\\\/\\\/agencia.252.com.mx\\\/home\\\/#organization\",\"name\":\"Agencia252\",\"url\":\"https:\\\/\\\/agencia.252.com.mx\\\/home\\\/\",\"logo\":{\"@type\":\"ImageObject\",\"inLanguage\":\"es\",\"@id\":\"https:\\\/\\\/agencia.252.com.mx\\\/home\\\/#\\\/schema\\\/logo\\\/image\\\/\",\"url\":\"https:\\\/\\\/agencia.252.com.mx\\\/wp-content\\\/uploads\\\/2023\\\/02\\\/cropped-ciruclo-agencia-e1677562404136.png\",\"contentUrl\":\"https:\\\/\\\/agencia.252.com.mx\\\/wp-content\\\/uploads\\\/2023\\\/02\\\/cropped-ciruclo-agencia-e1677562404136.png\",\"width\":512,\"height\":512,\"caption\":\"Agencia252\"},\"image\":{\"@id\":\"https:\\\/\\\/agencia.252.com.mx\\\/home\\\/#\\\/schema\\\/logo\\\/image\\\/\"},\"sameAs\":[\"https:\\\/\\\/www.facebook.com\\\/252Comunicacion\\\/\",\"https:\\\/\\\/x.com\\\/252COMS\"]},{\"@type\":\"Person\",\"@id\":\"https:\\\/\\\/agencia.252.com.mx\\\/home\\\/#\\\/schema\\\/person\\\/6b972021e9a92d45ade8c78d81509098\",\"name\":\"Nacho Corro\",\"image\":{\"@type\":\"ImageObject\",\"inLanguage\":\"es\",\"@id\":\"https:\\\/\\\/secure.gravatar.com\\\/avatar\\\/5db6df507cfe1307e192fbb498c6b85f1cf2ffd8b4cd37141b9eea588fcbd5a4?s=96&r=g\",\"url\":\"https:\\\/\\\/secure.gravatar.com\\\/avatar\\\/5db6df507cfe1307e192fbb498c6b85f1cf2ffd8b4cd37141b9eea588fcbd5a4?s=96&r=g\",\"contentUrl\":\"https:\\\/\\\/secure.gravatar.com\\\/avatar\\\/5db6df507cfe1307e192fbb498c6b85f1cf2ffd8b4cd37141b9eea588fcbd5a4?s=96&r=g\",\"caption\":\"Nacho Corro\"},\"description\":\"Comunicador Social, Periodista y Administraci\u00f3n P\u00fablica. Conversador pol\u00edtico, temas electorales y seguridad. Generador de contenidos digitales. Amante de la fotograf\u00eda\",\"sameAs\":[\"https:\\\/\\\/www.facebook.com\\\/jcorroherrera\\\/\",\"www.instagram.com\\\/nachocorro\\\/\",\"https:\\\/\\\/x.com\\\/Juan Ignacio Corro Herrera\"],\"url\":\"https:\\\/\\\/agencia.252.com.mx\\\/home\\\/author\\\/i-corro\\\/\"}]}<\/script>\n<!-- \/ Yoast SEO plugin. -->","yoast_head_json":{"title":"Optimiza Gobierno del EdoM\u00e9x traslado de \u00f3rganos en el pa\u00eds con capacitaci\u00f3n de \u201cGrupo Rel\u00e1mpagos\u201d a personal del Centro Nacional de Trasplantes\u00a0 - Agencia252","robots":{"index":"index","follow":"follow","max-snippet":"max-snippet:-1","max-image-preview":"max-image-preview:large","max-video-preview":"max-video-preview:-1"},"canonical":"https:\/\/agencia.252.com.mx\/home\/optimiza-gobierno-del-edomex-traslado-de-organos-en-el-pais-con-capacitacion-de-grupo-relampagos-a-personal-del-centro-nacional-de-trasplantes\/","og_locale":"es_ES","og_type":"article","og_title":"Optimiza Gobierno del EdoM\u00e9x traslado de \u00f3rganos en el pa\u00eds con capacitaci\u00f3n de \u201cGrupo Rel\u00e1mpagos\u201d a personal del Centro Nacional de Trasplantes\u00a0 - Agencia252","og_description":"Visitas: 1 Juan Ignacio Corro&nbsp; Toluca, Estado de M\u00e9xico, a 1 de mayo&nbsp;&nbsp;de 2026 El \u201cGrupo Rel\u00e1mpagos\u201d brinda seguridad en la evacuaci\u00f3n aerom\u00e9dica y optimiza el traslado oportuno de \u00f3rganos en el pa\u00eds, mediante la capacitaci\u00f3n especializada que brinda al Centro Nacional de Trasplantes (CENATRA). En esta acci\u00f3n estrat\u00e9gica participan 19 m\u00e9dicas y m\u00e9dicos de [&hellip;]","og_url":"https:\/\/agencia.252.com.mx\/home\/optimiza-gobierno-del-edomex-traslado-de-organos-en-el-pais-con-capacitacion-de-grupo-relampagos-a-personal-del-centro-nacional-de-trasplantes\/","og_site_name":"Agencia252","article_publisher":"https:\/\/www.facebook.com\/252Comunicacion\/","article_author":"https:\/\/www.facebook.com\/jcorroherrera\/","article_published_time":"2026-05-02T01:52:21+00:00","article_modified_time":"2026-05-02T01:52:22+00:00","og_image":[{"width":1280,"height":853,"url":"http:\/\/agencia.252.com.mx\/wp-content\/uploads\/2026\/05\/WhatsApp-Image-2026-05-01-at-10.30.28-AM-2.jpeg","type":"image\/jpeg"}],"author":"Nacho Corro","twitter_card":"summary_large_image","twitter_creator":"@Juan Ignacio Corro Herrera","twitter_site":"@252COMS","twitter_misc":{"Escrito por":"Nacho Corro","Tiempo de lectura":"3 minutos"},"schema":{"@context":"https:\/\/schema.org","@graph":[{"@type":"Article","@id":"https:\/\/agencia.252.com.mx\/home\/optimiza-gobierno-del-edomex-traslado-de-organos-en-el-pais-con-capacitacion-de-grupo-relampagos-a-personal-del-centro-nacional-de-trasplantes\/#article","isPartOf":{"@id":"https:\/\/agencia.252.com.mx\/home\/optimiza-gobierno-del-edomex-traslado-de-organos-en-el-pais-con-capacitacion-de-grupo-relampagos-a-personal-del-centro-nacional-de-trasplantes\/"},"author":{"name":"Nacho Corro","@id":"https:\/\/agencia.252.com.mx\/home\/#\/schema\/person\/6b972021e9a92d45ade8c78d81509098"},"headline":"Optimiza Gobierno del EdoM\u00e9x traslado de \u00f3rganos en el pa\u00eds con capacitaci\u00f3n de \u201cGrupo Rel\u00e1mpagos\u201d a personal del Centro Nacional de Trasplantes\u00a0","datePublished":"2026-05-02T01:52:21+00:00","dateModified":"2026-05-02T01:52:22+00:00","mainEntityOfPage":{"@id":"https:\/\/agencia.252.com.mx\/home\/optimiza-gobierno-del-edomex-traslado-de-organos-en-el-pais-con-capacitacion-de-grupo-relampagos-a-personal-del-centro-nacional-de-trasplantes\/"},"wordCount":427,"commentCount":0,"publisher":{"@id":"https:\/\/agencia.252.com.mx\/home\/#organization"},"image":{"@id":"https:\/\/agencia.252.com.mx\/home\/optimiza-gobierno-del-edomex-traslado-de-organos-en-el-pais-con-capacitacion-de-grupo-relampagos-a-personal-del-centro-nacional-de-trasplantes\/#primaryimage"},"thumbnailUrl":"https:\/\/agencia.252.com.mx\/wp-content\/uploads\/2026\/05\/WhatsApp-Image-2026-05-01-at-10.30.28-AM-2.jpeg","keywords":["Edomex"],"articleSection":["Edomex","Emergencias","salud","Seguridad"],"inLanguage":"es","potentialAction":[{"@type":"CommentAction","name":"Comment","target":["https:\/\/agencia.252.com.mx\/home\/optimiza-gobierno-del-edomex-traslado-de-organos-en-el-pais-con-capacitacion-de-grupo-relampagos-a-personal-del-centro-nacional-de-trasplantes\/#respond"]}]},{"@type":"WebPage","@id":"https:\/\/agencia.252.com.mx\/home\/optimiza-gobierno-del-edomex-traslado-de-organos-en-el-pais-con-capacitacion-de-grupo-relampagos-a-personal-del-centro-nacional-de-trasplantes\/","url":"https:\/\/agencia.252.com.mx\/home\/optimiza-gobierno-del-edomex-traslado-de-organos-en-el-pais-con-capacitacion-de-grupo-relampagos-a-personal-del-centro-nacional-de-trasplantes\/","name":"Optimiza Gobierno del EdoM\u00e9x traslado de \u00f3rganos en el pa\u00eds con capacitaci\u00f3n de \u201cGrupo Rel\u00e1mpagos\u201d a personal del Centro Nacional de Trasplantes\u00a0 - Agencia252","isPartOf":{"@id":"https:\/\/agencia.252.com.mx\/home\/#website"},"primaryImageOfPage":{"@id":"https:\/\/agencia.252.com.mx\/home\/optimiza-gobierno-del-edomex-traslado-de-organos-en-el-pais-con-capacitacion-de-grupo-relampagos-a-personal-del-centro-nacional-de-trasplantes\/#primaryimage"},"image":{"@id":"https:\/\/agencia.252.com.mx\/home\/optimiza-gobierno-del-edomex-traslado-de-organos-en-el-pais-con-capacitacion-de-grupo-relampagos-a-personal-del-centro-nacional-de-trasplantes\/#primaryimage"},"thumbnailUrl":"https:\/\/agencia.252.com.mx\/wp-content\/uploads\/2026\/05\/WhatsApp-Image-2026-05-01-at-10.30.28-AM-2.jpeg","datePublished":"2026-05-02T01:52:21+00:00","dateModified":"2026-05-02T01:52:22+00:00","breadcrumb":{"@id":"https:\/\/agencia.252.com.mx\/home\/optimiza-gobierno-del-edomex-traslado-de-organos-en-el-pais-con-capacitacion-de-grupo-relampagos-a-personal-del-centro-nacional-de-trasplantes\/#breadcrumb"},"inLanguage":"es","potentialAction":[{"@type":"ReadAction","target":["https:\/\/agencia.252.com.mx\/home\/optimiza-gobierno-del-edomex-traslado-de-organos-en-el-pais-con-capacitacion-de-grupo-relampagos-a-personal-del-centro-nacional-de-trasplantes\/"]}]},{"@type":"ImageObject","inLanguage":"es","@id":"https:\/\/agencia.252.com.mx\/home\/optimiza-gobierno-del-edomex-traslado-de-organos-en-el-pais-con-capacitacion-de-grupo-relampagos-a-personal-del-centro-nacional-de-trasplantes\/#primaryimage","url":"https:\/\/agencia.252.com.mx\/wp-content\/uploads\/2026\/05\/WhatsApp-Image-2026-05-01-at-10.30.28-AM-2.jpeg","contentUrl":"https:\/\/agencia.252.com.mx\/wp-content\/uploads\/2026\/05\/WhatsApp-Image-2026-05-01-at-10.30.28-AM-2.jpeg","width":1280,"height":853},{"@type":"BreadcrumbList","@id":"https:\/\/agencia.252.com.mx\/home\/optimiza-gobierno-del-edomex-traslado-de-organos-en-el-pais-con-capacitacion-de-grupo-relampagos-a-personal-del-centro-nacional-de-trasplantes\/#breadcrumb","itemListElement":[{"@type":"ListItem","position":1,"name":"Portada","item":"https:\/\/agencia.252.com.mx\/home\/"},{"@type":"ListItem","position":2,"name":"Optimiza Gobierno del EdoM\u00e9x traslado de \u00f3rganos en el pa\u00eds con capacitaci\u00f3n de \u201cGrupo Rel\u00e1mpagos\u201d a personal del Centro Nacional de Trasplantes\u00a0"}]},{"@type":"WebSite","@id":"https:\/\/agencia.252.com.mx\/home\/#website","url":"https:\/\/agencia.252.com.mx\/home\/","name":"Agencia252","description":"Tu espacio en la Red","publisher":{"@id":"https:\/\/agencia.252.com.mx\/home\/#organization"},"potentialAction":[{"@type":"SearchAction","target":{"@type":"EntryPoint","urlTemplate":"https:\/\/agencia.252.com.mx\/home\/?s={search_term_string}"},"query-input":{"@type":"PropertyValueSpecification","valueRequired":true,"valueName":"search_term_string"}}],"inLanguage":"es"},{"@type":"Organization","@id":"https:\/\/agencia.252.com.mx\/home\/#organization","name":"Agencia252","url":"https:\/\/agencia.252.com.mx\/home\/","logo":{"@type":"ImageObject","inLanguage":"es","@id":"https:\/\/agencia.252.com.mx\/home\/#\/schema\/logo\/image\/","url":"https:\/\/agencia.252.com.mx\/wp-content\/uploads\/2023\/02\/cropped-ciruclo-agencia-e1677562404136.png","contentUrl":"https:\/\/agencia.252.com.mx\/wp-content\/uploads\/2023\/02\/cropped-ciruclo-agencia-e1677562404136.png","width":512,"height":512,"caption":"Agencia252"},"image":{"@id":"https:\/\/agencia.252.com.mx\/home\/#\/schema\/logo\/image\/"},"sameAs":["https:\/\/www.facebook.com\/252Comunicacion\/","https:\/\/x.com\/252COMS"]},{"@type":"Person","@id":"https:\/\/agencia.252.com.mx\/home\/#\/schema\/person\/6b972021e9a92d45ade8c78d81509098","name":"Nacho Corro","image":{"@type":"ImageObject","inLanguage":"es","@id":"https:\/\/secure.gravatar.com\/avatar\/5db6df507cfe1307e192fbb498c6b85f1cf2ffd8b4cd37141b9eea588fcbd5a4?s=96&r=g","url":"https:\/\/secure.gravatar.com\/avatar\/5db6df507cfe1307e192fbb498c6b85f1cf2ffd8b4cd37141b9eea588fcbd5a4?s=96&r=g","contentUrl":"https:\/\/secure.gravatar.com\/avatar\/5db6df507cfe1307e192fbb498c6b85f1cf2ffd8b4cd37141b9eea588fcbd5a4?s=96&r=g","caption":"Nacho Corro"},"description":"Comunicador Social, Periodista y Administraci\u00f3n P\u00fablica. Conversador pol\u00edtico, temas electorales y seguridad. Generador de contenidos digitales. Amante de la fotograf\u00eda","sameAs":["https:\/\/www.facebook.com\/jcorroherrera\/","www.instagram.com\/nachocorro\/","https:\/\/x.com\/Juan Ignacio Corro Herrera"],"url":"https:\/\/agencia.252.com.mx\/home\/author\/i-corro\/"}]}},"_links":{"self":[{"href":"https:\/\/agencia.252.com.mx\/home\/wp-json\/wp\/v2\/posts\/18961","targetHints":{"allow":["GET"]}}],"collection":[{"href":"https:\/\/agencia.252.com.mx\/home\/wp-json\/wp\/v2\/posts"}],"about":[{"href":"https:\/\/agencia.252.com.mx\/home\/wp-json\/wp\/v2\/types\/post"}],"author":[{"embeddable":true,"href":"https:\/\/agencia.252.com.mx\/home\/wp-json\/wp\/v2\/users\/5"}],"replies":[{"embeddable":true,"href":"https:\/\/agencia.252.com.mx\/home\/wp-json\/wp\/v2\/comments?post=18961"}],"version-history":[{"count":1,"href":"https:\/\/agencia.252.com.mx\/home\/wp-json\/wp\/v2\/posts\/18961\/revisions"}],"predecessor-version":[{"id":18965,"href":"https:\/\/agencia.252.com.mx\/home\/wp-json\/wp\/v2\/posts\/18961\/revisions\/18965"}],"wp:featuredmedia":[{"embeddable":true,"href":"https:\/\/agencia.252.com.mx\/home\/wp-json\/wp\/v2\/media\/18962"}],"wp:attachment":[{"href":"https:\/\/agencia.252.com.mx\/home\/wp-json\/wp\/v2\/media?parent=18961"}],"wp:term":[{"taxonomy":"category","embeddable":true,"href":"https:\/\/agencia.252.com.mx\/home\/wp-json\/wp\/v2\/categories?post=18961"},{"taxonomy":"post_tag","embeddable":true,"href":"https:\/\/agencia.252.com.mx\/home\/wp-json\/wp\/v2\/tags?post=18961"}],"curies":[{"name":"wp","href":"https:\/\/api.w.org\/{rel}","templated":true}]}}