{"id":18957,"date":"2026-05-01T19:41:09","date_gmt":"2026-05-02T01:41:09","guid":{"rendered":"https:\/\/agencia.252.com.mx\/home\/?p=18957"},"modified":"2026-05-01T19:41:10","modified_gmt":"2026-05-02T01:41:10","slug":"toman-protesta-comandantes-militares-de-zona-en-santa-lucia-edomex","status":"publish","type":"post","link":"https:\/\/agencia.252.com.mx\/home\/toman-protesta-comandantes-militares-de-zona-en-santa-lucia-edomex\/","title":{"rendered":"Toman protesta Comandantes militares de Zona en Santa Luc\u00eda, EdoM\u00e9x\u00a0"},"content":{"rendered":"<p>Visitas: 1<\/p>\n<ul class=\"wp-block-list\">\n<li><em>Designan al General de Brigada Estado Mayor Fernando Antonio Solares Lammel como Comandante de la 37\/a Zona Militar y al General de Ala Piloto Aviador Estado Mayor, Ra\u00fal Mart\u00ednez Montiel, como Comandante de la 1\/a Zona A\u00e9rea Militar.<\/em><\/li>\n<\/ul>\n\n\n\n<ul class=\"wp-block-list\">\n<li><em>Encabeza Mandataria mexiquenses la Mesa de Paz en Zumpango.<\/em><\/li>\n<\/ul>\n\n\n\n<p>Juan Ignacio Corro&nbsp;<\/p>\n\n\n\n<p class=\"has-text-align-right\">Zumpango, Estado de M\u00e9xico, a 1 de mayo&nbsp;&nbsp;de 2026<\/p>\n\n\n\n<p>El General de Brigada Estado Mayor, Fernando Antonio Solares Lammel, tomo protesta como Comandante de la 37\/a Zona Militar, y del General de Ala Piloto Aviador Estado Mayor, Ra\u00fal Mart\u00ednez Montiel, como Comandante de la 1\/a Zona A\u00e9rea Militar.<\/p>\n\n\n\n<p>Fernando Antonio Solares Lammel es licenciado en Administraci\u00f3n Militar y maestro en Seguridad Interior y Defensa Nacional. A lo largo de su carrera ha ocupado diversos cargos, uno de ellos como Agregado Militar y A\u00e9reo en la Embajada de M\u00e9xico en Per\u00fa.<\/p>\n\n\n\n<figure class=\"wp-block-image alignleft size-medium\"><img fetchpriority=\"high\" decoding=\"async\" width=\"300\" height=\"200\" src=\"https:\/\/agencia.252.com.mx\/wp-content\/uploads\/2026\/05\/WhatsApp-Image-2026-05-01-at-1.06.05-PM-2-300x200.jpeg\" alt=\"\" class=\"wp-image-18958\" srcset=\"https:\/\/agencia.252.com.mx\/wp-content\/uploads\/2026\/05\/WhatsApp-Image-2026-05-01-at-1.06.05-PM-2-300x200.jpeg 300w, https:\/\/agencia.252.com.mx\/wp-content\/uploads\/2026\/05\/WhatsApp-Image-2026-05-01-at-1.06.05-PM-2-1024x682.jpeg 1024w, https:\/\/agencia.252.com.mx\/wp-content\/uploads\/2026\/05\/WhatsApp-Image-2026-05-01-at-1.06.05-PM-2-768x512.jpeg 768w, https:\/\/agencia.252.com.mx\/wp-content\/uploads\/2026\/05\/WhatsApp-Image-2026-05-01-at-1.06.05-PM-2.jpeg 1280w\" sizes=\"(max-width: 300px) 100vw, 300px\" \/><\/figure>\n\n\n\n<p>Ra\u00fal Mart\u00ednez Montiel ha realizado estudios civiles y militares en M\u00e9xico y en el extranjero; cuenta con una Maestr\u00eda en Administraci\u00f3n Militar para la Seguridad Interior y Defensa Nacional. Y ha ocupado diversos cargos como el de Director General de Transportes A\u00e9reos de la Guardia Nacional.<\/p>\n\n\n\n<p>Previo a las ceremonias, que se realizaron en la Zona Militar de Santa Luc\u00eda, en Zumpango. La Gobernadora Delfina G\u00f3mez \u00c1lvarez encabez\u00f3 la Mesa de Paz n\u00famero 81, con la participaci\u00f3n de los tres \u00f3rdenes de Gobierno; mediante este mecanismo las Fuerzas Armadas colaboran en la estrategia de seguridad en el Estado de M\u00e9xico.&nbsp;<\/p>\n\n\n\n<p>Junto con la Delfin G\u00f3mex, gobernadora del Estado de M\u00e9xico, asistieron a estas ceremonias el General de Divisi\u00f3n Piloto Aviador Estado Mayor, Alfonso Rodr\u00edguez Sierra, Comandante de la 1\/a Regi\u00f3n A\u00e9rea Militar, y el General de Divisi\u00f3n Estado Mayor, Marco Antonio \u00c1lvarez Reyes, Comandante de la 1\/a. Regi\u00f3n Militar.<\/p>\n\n\n\n<p>Tambi\u00e9n Horacio Duarte Olivares, Secretario General de Gobierno; Crist\u00f3bal Casta\u00f1eda Camarillo, Secretario de Seguridad estatal; Maricela L\u00f3pez Urbina, Secretaria T\u00e9cnica de la Mesa Paz en el Estado de M\u00e9xico; y otros integrantes de las Fuerzas Armadas.<\/p>\n","protected":false},"excerpt":{"rendered":"<p>Visitas: 1 Juan Ignacio Corro&nbsp; Zumpango, Estado de M\u00e9xico, a 1 de mayo&nbsp;&nbsp;de 2026 El General de Brigada Estado Mayor, Fernando Antonio Solares Lammel, tomo protesta como Comandante de la 37\/a Zona Militar, y del General de Ala Piloto Aviador Estado Mayor, Ra\u00fal Mart\u00ednez Montiel, como Comandante de la 1\/a Zona A\u00e9rea Militar. Fernando Antonio [&hellip;]<\/p>\n","protected":false},"author":5,"featured_media":18959,"comment_status":"open","ping_status":"open","sticky":false,"template":"","format":"standard","meta":{"site-sidebar-layout":"default","site-content-layout":"","ast-site-content-layout":"default","site-content-style":"default","site-sidebar-style":"default","ast-global-header-display":"","ast-banner-title-visibility":"","ast-main-header-display":"","ast-hfb-above-header-display":"","ast-hfb-below-header-display":"","ast-hfb-mobile-header-display":"","site-post-title":"","ast-breadcrumbs-content":"","ast-featured-img":"","footer-sml-layout":"","ast-disable-related-posts":"","theme-transparent-header-meta":"","adv-header-id-meta":"","stick-header-meta":"","header-above-stick-meta":"","header-main-stick-meta":"","header-below-stick-meta":"","astra-migrate-meta-layouts":"set","ast-page-background-enabled":"default","ast-page-background-meta":{"desktop":{"background-color":"var(--ast-global-color-4)","background-image":"","background-repeat":"repeat","background-position":"center center","background-size":"auto","background-attachment":"scroll","background-type":"","background-media":"","overlay-type":"","overlay-color":"","overlay-opacity":"","overlay-gradient":""},"tablet":{"background-color":"","background-image":"","background-repeat":"repeat","background-position":"center center","background-size":"auto","background-attachment":"scroll","background-type":"","background-media":"","overlay-type":"","overlay-color":"","overlay-opacity":"","overlay-gradient":""},"mobile":{"background-color":"","background-image":"","background-repeat":"repeat","background-position":"center center","background-size":"auto","background-attachment":"scroll","background-type":"","background-media":"","overlay-type":"","overlay-color":"","overlay-opacity":"","overlay-gradient":""}},"ast-content-background-meta":{"desktop":{"background-color":"var(--ast-global-color-5)","background-image":"","background-repeat":"repeat","background-position":"center center","background-size":"auto","background-attachment":"scroll","background-type":"","background-media":"","overlay-type":"","overlay-color":"","overlay-opacity":"","overlay-gradient":""},"tablet":{"background-color":"var(--ast-global-color-5)","background-image":"","background-repeat":"repeat","background-position":"center center","background-size":"auto","background-attachment":"scroll","background-type":"","background-media":"","overlay-type":"","overlay-color":"","overlay-opacity":"","overlay-gradient":""},"mobile":{"background-color":"var(--ast-global-color-5)","background-image":"","background-repeat":"repeat","background-position":"center center","background-size":"auto","background-attachment":"scroll","background-type":"","background-media":"","overlay-type":"","overlay-color":"","overlay-opacity":"","overlay-gradient":""}},"footnotes":""},"categories":[8,580,68,281],"tags":[526],"class_list":["post-18957","post","type-post","status-publish","format-standard","has-post-thumbnail","hentry","category-edomex","category-sedena","category-seguridad","category-zumpango","tag-edomex"],"yoast_head":"<!-- This site is optimized with the Yoast SEO plugin v27.4 - https:\/\/yoast.com\/product\/yoast-seo-wordpress\/ -->\n<title>Toman protesta Comandantes militares de Zona en Santa Luc\u00eda, EdoM\u00e9x\u00a0 - Agencia252<\/title>\n<meta name=\"robots\" content=\"index, follow, max-snippet:-1, max-image-preview:large, max-video-preview:-1\" \/>\n<link rel=\"canonical\" href=\"https:\/\/agencia.252.com.mx\/home\/toman-protesta-comandantes-militares-de-zona-en-santa-lucia-edomex\/\" \/>\n<meta property=\"og:locale\" content=\"es_ES\" \/>\n<meta property=\"og:type\" content=\"article\" \/>\n<meta property=\"og:title\" content=\"Toman protesta Comandantes militares de Zona en Santa Luc\u00eda, EdoM\u00e9x\u00a0 - Agencia252\" \/>\n<meta property=\"og:description\" content=\"Visitas: 1 Juan Ignacio Corro&nbsp; Zumpango, Estado de M\u00e9xico, a 1 de mayo&nbsp;&nbsp;de 2026 El General de Brigada Estado Mayor, Fernando Antonio Solares Lammel, tomo protesta como Comandante de la 37\/a Zona Militar, y del General de Ala Piloto Aviador Estado Mayor, Ra\u00fal Mart\u00ednez Montiel, como Comandante de la 1\/a Zona A\u00e9rea Militar. Fernando Antonio [&hellip;]\" \/>\n<meta property=\"og:url\" content=\"https:\/\/agencia.252.com.mx\/home\/toman-protesta-comandantes-militares-de-zona-en-santa-lucia-edomex\/\" \/>\n<meta property=\"og:site_name\" content=\"Agencia252\" \/>\n<meta property=\"article:publisher\" content=\"https:\/\/www.facebook.com\/252Comunicacion\/\" \/>\n<meta property=\"article:author\" content=\"https:\/\/www.facebook.com\/jcorroherrera\/\" \/>\n<meta property=\"article:published_time\" content=\"2026-05-02T01:41:09+00:00\" \/>\n<meta property=\"article:modified_time\" content=\"2026-05-02T01:41:10+00:00\" \/>\n<meta property=\"og:image\" content=\"http:\/\/agencia.252.com.mx\/wp-content\/uploads\/2026\/05\/WhatsApp-Image-2026-05-01-at-1.06.05-PM-3.jpeg\" \/>\n\t<meta property=\"og:image:width\" content=\"1280\" \/>\n\t<meta property=\"og:image:height\" content=\"853\" \/>\n\t<meta property=\"og:image:type\" content=\"image\/jpeg\" \/>\n<meta name=\"author\" content=\"Nacho Corro\" \/>\n<meta name=\"twitter:card\" content=\"summary_large_image\" \/>\n<meta name=\"twitter:creator\" content=\"@Juan Ignacio Corro Herrera\" \/>\n<meta name=\"twitter:site\" content=\"@252COMS\" \/>\n<meta name=\"twitter:label1\" content=\"Escrito por\" \/>\n\t<meta name=\"twitter:data1\" content=\"Nacho Corro\" \/>\n\t<meta name=\"twitter:label2\" content=\"Tiempo de lectura\" \/>\n\t<meta name=\"twitter:data2\" content=\"2 minutos\" \/>\n<script type=\"application\/ld+json\" class=\"yoast-schema-graph\">{\"@context\":\"https:\\\/\\\/schema.org\",\"@graph\":[{\"@type\":\"Article\",\"@id\":\"https:\\\/\\\/agencia.252.com.mx\\\/home\\\/toman-protesta-comandantes-militares-de-zona-en-santa-lucia-edomex\\\/#article\",\"isPartOf\":{\"@id\":\"https:\\\/\\\/agencia.252.com.mx\\\/home\\\/toman-protesta-comandantes-militares-de-zona-en-santa-lucia-edomex\\\/\"},\"author\":{\"name\":\"Nacho Corro\",\"@id\":\"https:\\\/\\\/agencia.252.com.mx\\\/home\\\/#\\\/schema\\\/person\\\/6b972021e9a92d45ade8c78d81509098\"},\"headline\":\"Toman protesta Comandantes militares de Zona en Santa Luc\u00eda, EdoM\u00e9x\u00a0\",\"datePublished\":\"2026-05-02T01:41:09+00:00\",\"dateModified\":\"2026-05-02T01:41:10+00:00\",\"mainEntityOfPage\":{\"@id\":\"https:\\\/\\\/agencia.252.com.mx\\\/home\\\/toman-protesta-comandantes-militares-de-zona-en-santa-lucia-edomex\\\/\"},\"wordCount\":374,\"commentCount\":0,\"publisher\":{\"@id\":\"https:\\\/\\\/agencia.252.com.mx\\\/home\\\/#organization\"},\"image\":{\"@id\":\"https:\\\/\\\/agencia.252.com.mx\\\/home\\\/toman-protesta-comandantes-militares-de-zona-en-santa-lucia-edomex\\\/#primaryimage\"},\"thumbnailUrl\":\"https:\\\/\\\/agencia.252.com.mx\\\/wp-content\\\/uploads\\\/2026\\\/05\\\/WhatsApp-Image-2026-05-01-at-1.06.05-PM-3.jpeg\",\"keywords\":[\"Edomex\"],\"articleSection\":[\"Edomex\",\"SEDENA\",\"Seguridad\",\"Zumpango\"],\"inLanguage\":\"es\",\"potentialAction\":[{\"@type\":\"CommentAction\",\"name\":\"Comment\",\"target\":[\"https:\\\/\\\/agencia.252.com.mx\\\/home\\\/toman-protesta-comandantes-militares-de-zona-en-santa-lucia-edomex\\\/#respond\"]}]},{\"@type\":\"WebPage\",\"@id\":\"https:\\\/\\\/agencia.252.com.mx\\\/home\\\/toman-protesta-comandantes-militares-de-zona-en-santa-lucia-edomex\\\/\",\"url\":\"https:\\\/\\\/agencia.252.com.mx\\\/home\\\/toman-protesta-comandantes-militares-de-zona-en-santa-lucia-edomex\\\/\",\"name\":\"Toman protesta Comandantes militares de Zona en Santa Luc\u00eda, EdoM\u00e9x\u00a0 - Agencia252\",\"isPartOf\":{\"@id\":\"https:\\\/\\\/agencia.252.com.mx\\\/home\\\/#website\"},\"primaryImageOfPage\":{\"@id\":\"https:\\\/\\\/agencia.252.com.mx\\\/home\\\/toman-protesta-comandantes-militares-de-zona-en-santa-lucia-edomex\\\/#primaryimage\"},\"image\":{\"@id\":\"https:\\\/\\\/agencia.252.com.mx\\\/home\\\/toman-protesta-comandantes-militares-de-zona-en-santa-lucia-edomex\\\/#primaryimage\"},\"thumbnailUrl\":\"https:\\\/\\\/agencia.252.com.mx\\\/wp-content\\\/uploads\\\/2026\\\/05\\\/WhatsApp-Image-2026-05-01-at-1.06.05-PM-3.jpeg\",\"datePublished\":\"2026-05-02T01:41:09+00:00\",\"dateModified\":\"2026-05-02T01:41:10+00:00\",\"breadcrumb\":{\"@id\":\"https:\\\/\\\/agencia.252.com.mx\\\/home\\\/toman-protesta-comandantes-militares-de-zona-en-santa-lucia-edomex\\\/#breadcrumb\"},\"inLanguage\":\"es\",\"potentialAction\":[{\"@type\":\"ReadAction\",\"target\":[\"https:\\\/\\\/agencia.252.com.mx\\\/home\\\/toman-protesta-comandantes-militares-de-zona-en-santa-lucia-edomex\\\/\"]}]},{\"@type\":\"ImageObject\",\"inLanguage\":\"es\",\"@id\":\"https:\\\/\\\/agencia.252.com.mx\\\/home\\\/toman-protesta-comandantes-militares-de-zona-en-santa-lucia-edomex\\\/#primaryimage\",\"url\":\"https:\\\/\\\/agencia.252.com.mx\\\/wp-content\\\/uploads\\\/2026\\\/05\\\/WhatsApp-Image-2026-05-01-at-1.06.05-PM-3.jpeg\",\"contentUrl\":\"https:\\\/\\\/agencia.252.com.mx\\\/wp-content\\\/uploads\\\/2026\\\/05\\\/WhatsApp-Image-2026-05-01-at-1.06.05-PM-3.jpeg\",\"width\":1280,\"height\":853},{\"@type\":\"BreadcrumbList\",\"@id\":\"https:\\\/\\\/agencia.252.com.mx\\\/home\\\/toman-protesta-comandantes-militares-de-zona-en-santa-lucia-edomex\\\/#breadcrumb\",\"itemListElement\":[{\"@type\":\"ListItem\",\"position\":1,\"name\":\"Portada\",\"item\":\"https:\\\/\\\/agencia.252.com.mx\\\/home\\\/\"},{\"@type\":\"ListItem\",\"position\":2,\"name\":\"Toman protesta Comandantes militares de Zona en Santa Luc\u00eda, EdoM\u00e9x\u00a0\"}]},{\"@type\":\"WebSite\",\"@id\":\"https:\\\/\\\/agencia.252.com.mx\\\/home\\\/#website\",\"url\":\"https:\\\/\\\/agencia.252.com.mx\\\/home\\\/\",\"name\":\"Agencia252\",\"description\":\"Tu espacio en la Red\",\"publisher\":{\"@id\":\"https:\\\/\\\/agencia.252.com.mx\\\/home\\\/#organization\"},\"potentialAction\":[{\"@type\":\"SearchAction\",\"target\":{\"@type\":\"EntryPoint\",\"urlTemplate\":\"https:\\\/\\\/agencia.252.com.mx\\\/home\\\/?s={search_term_string}\"},\"query-input\":{\"@type\":\"PropertyValueSpecification\",\"valueRequired\":true,\"valueName\":\"search_term_string\"}}],\"inLanguage\":\"es\"},{\"@type\":\"Organization\",\"@id\":\"https:\\\/\\\/agencia.252.com.mx\\\/home\\\/#organization\",\"name\":\"Agencia252\",\"url\":\"https:\\\/\\\/agencia.252.com.mx\\\/home\\\/\",\"logo\":{\"@type\":\"ImageObject\",\"inLanguage\":\"es\",\"@id\":\"https:\\\/\\\/agencia.252.com.mx\\\/home\\\/#\\\/schema\\\/logo\\\/image\\\/\",\"url\":\"https:\\\/\\\/agencia.252.com.mx\\\/wp-content\\\/uploads\\\/2023\\\/02\\\/cropped-ciruclo-agencia-e1677562404136.png\",\"contentUrl\":\"https:\\\/\\\/agencia.252.com.mx\\\/wp-content\\\/uploads\\\/2023\\\/02\\\/cropped-ciruclo-agencia-e1677562404136.png\",\"width\":512,\"height\":512,\"caption\":\"Agencia252\"},\"image\":{\"@id\":\"https:\\\/\\\/agencia.252.com.mx\\\/home\\\/#\\\/schema\\\/logo\\\/image\\\/\"},\"sameAs\":[\"https:\\\/\\\/www.facebook.com\\\/252Comunicacion\\\/\",\"https:\\\/\\\/x.com\\\/252COMS\"]},{\"@type\":\"Person\",\"@id\":\"https:\\\/\\\/agencia.252.com.mx\\\/home\\\/#\\\/schema\\\/person\\\/6b972021e9a92d45ade8c78d81509098\",\"name\":\"Nacho Corro\",\"image\":{\"@type\":\"ImageObject\",\"inLanguage\":\"es\",\"@id\":\"https:\\\/\\\/secure.gravatar.com\\\/avatar\\\/5db6df507cfe1307e192fbb498c6b85f1cf2ffd8b4cd37141b9eea588fcbd5a4?s=96&r=g\",\"url\":\"https:\\\/\\\/secure.gravatar.com\\\/avatar\\\/5db6df507cfe1307e192fbb498c6b85f1cf2ffd8b4cd37141b9eea588fcbd5a4?s=96&r=g\",\"contentUrl\":\"https:\\\/\\\/secure.gravatar.com\\\/avatar\\\/5db6df507cfe1307e192fbb498c6b85f1cf2ffd8b4cd37141b9eea588fcbd5a4?s=96&r=g\",\"caption\":\"Nacho Corro\"},\"description\":\"Comunicador Social, Periodista y Administraci\u00f3n P\u00fablica. Conversador pol\u00edtico, temas electorales y seguridad. Generador de contenidos digitales. Amante de la fotograf\u00eda\",\"sameAs\":[\"https:\\\/\\\/www.facebook.com\\\/jcorroherrera\\\/\",\"www.instagram.com\\\/nachocorro\\\/\",\"https:\\\/\\\/x.com\\\/Juan Ignacio Corro Herrera\"],\"url\":\"https:\\\/\\\/agencia.252.com.mx\\\/home\\\/author\\\/i-corro\\\/\"}]}<\/script>\n<!-- \/ Yoast SEO plugin. -->","yoast_head_json":{"title":"Toman protesta Comandantes militares de Zona en Santa Luc\u00eda, EdoM\u00e9x\u00a0 - Agencia252","robots":{"index":"index","follow":"follow","max-snippet":"max-snippet:-1","max-image-preview":"max-image-preview:large","max-video-preview":"max-video-preview:-1"},"canonical":"https:\/\/agencia.252.com.mx\/home\/toman-protesta-comandantes-militares-de-zona-en-santa-lucia-edomex\/","og_locale":"es_ES","og_type":"article","og_title":"Toman protesta Comandantes militares de Zona en Santa Luc\u00eda, EdoM\u00e9x\u00a0 - Agencia252","og_description":"Visitas: 1 Juan Ignacio Corro&nbsp; Zumpango, Estado de M\u00e9xico, a 1 de mayo&nbsp;&nbsp;de 2026 El General de Brigada Estado Mayor, Fernando Antonio Solares Lammel, tomo protesta como Comandante de la 37\/a Zona Militar, y del General de Ala Piloto Aviador Estado Mayor, Ra\u00fal Mart\u00ednez Montiel, como Comandante de la 1\/a Zona A\u00e9rea Militar. Fernando Antonio [&hellip;]","og_url":"https:\/\/agencia.252.com.mx\/home\/toman-protesta-comandantes-militares-de-zona-en-santa-lucia-edomex\/","og_site_name":"Agencia252","article_publisher":"https:\/\/www.facebook.com\/252Comunicacion\/","article_author":"https:\/\/www.facebook.com\/jcorroherrera\/","article_published_time":"2026-05-02T01:41:09+00:00","article_modified_time":"2026-05-02T01:41:10+00:00","og_image":[{"width":1280,"height":853,"url":"http:\/\/agencia.252.com.mx\/wp-content\/uploads\/2026\/05\/WhatsApp-Image-2026-05-01-at-1.06.05-PM-3.jpeg","type":"image\/jpeg"}],"author":"Nacho Corro","twitter_card":"summary_large_image","twitter_creator":"@Juan Ignacio Corro Herrera","twitter_site":"@252COMS","twitter_misc":{"Escrito por":"Nacho Corro","Tiempo de lectura":"2 minutos"},"schema":{"@context":"https:\/\/schema.org","@graph":[{"@type":"Article","@id":"https:\/\/agencia.252.com.mx\/home\/toman-protesta-comandantes-militares-de-zona-en-santa-lucia-edomex\/#article","isPartOf":{"@id":"https:\/\/agencia.252.com.mx\/home\/toman-protesta-comandantes-militares-de-zona-en-santa-lucia-edomex\/"},"author":{"name":"Nacho Corro","@id":"https:\/\/agencia.252.com.mx\/home\/#\/schema\/person\/6b972021e9a92d45ade8c78d81509098"},"headline":"Toman protesta Comandantes militares de Zona en Santa Luc\u00eda, EdoM\u00e9x\u00a0","datePublished":"2026-05-02T01:41:09+00:00","dateModified":"2026-05-02T01:41:10+00:00","mainEntityOfPage":{"@id":"https:\/\/agencia.252.com.mx\/home\/toman-protesta-comandantes-militares-de-zona-en-santa-lucia-edomex\/"},"wordCount":374,"commentCount":0,"publisher":{"@id":"https:\/\/agencia.252.com.mx\/home\/#organization"},"image":{"@id":"https:\/\/agencia.252.com.mx\/home\/toman-protesta-comandantes-militares-de-zona-en-santa-lucia-edomex\/#primaryimage"},"thumbnailUrl":"https:\/\/agencia.252.com.mx\/wp-content\/uploads\/2026\/05\/WhatsApp-Image-2026-05-01-at-1.06.05-PM-3.jpeg","keywords":["Edomex"],"articleSection":["Edomex","SEDENA","Seguridad","Zumpango"],"inLanguage":"es","potentialAction":[{"@type":"CommentAction","name":"Comment","target":["https:\/\/agencia.252.com.mx\/home\/toman-protesta-comandantes-militares-de-zona-en-santa-lucia-edomex\/#respond"]}]},{"@type":"WebPage","@id":"https:\/\/agencia.252.com.mx\/home\/toman-protesta-comandantes-militares-de-zona-en-santa-lucia-edomex\/","url":"https:\/\/agencia.252.com.mx\/home\/toman-protesta-comandantes-militares-de-zona-en-santa-lucia-edomex\/","name":"Toman protesta Comandantes militares de Zona en Santa Luc\u00eda, EdoM\u00e9x\u00a0 - Agencia252","isPartOf":{"@id":"https:\/\/agencia.252.com.mx\/home\/#website"},"primaryImageOfPage":{"@id":"https:\/\/agencia.252.com.mx\/home\/toman-protesta-comandantes-militares-de-zona-en-santa-lucia-edomex\/#primaryimage"},"image":{"@id":"https:\/\/agencia.252.com.mx\/home\/toman-protesta-comandantes-militares-de-zona-en-santa-lucia-edomex\/#primaryimage"},"thumbnailUrl":"https:\/\/agencia.252.com.mx\/wp-content\/uploads\/2026\/05\/WhatsApp-Image-2026-05-01-at-1.06.05-PM-3.jpeg","datePublished":"2026-05-02T01:41:09+00:00","dateModified":"2026-05-02T01:41:10+00:00","breadcrumb":{"@id":"https:\/\/agencia.252.com.mx\/home\/toman-protesta-comandantes-militares-de-zona-en-santa-lucia-edomex\/#breadcrumb"},"inLanguage":"es","potentialAction":[{"@type":"ReadAction","target":["https:\/\/agencia.252.com.mx\/home\/toman-protesta-comandantes-militares-de-zona-en-santa-lucia-edomex\/"]}]},{"@type":"ImageObject","inLanguage":"es","@id":"https:\/\/agencia.252.com.mx\/home\/toman-protesta-comandantes-militares-de-zona-en-santa-lucia-edomex\/#primaryimage","url":"https:\/\/agencia.252.com.mx\/wp-content\/uploads\/2026\/05\/WhatsApp-Image-2026-05-01-at-1.06.05-PM-3.jpeg","contentUrl":"https:\/\/agencia.252.com.mx\/wp-content\/uploads\/2026\/05\/WhatsApp-Image-2026-05-01-at-1.06.05-PM-3.jpeg","width":1280,"height":853},{"@type":"BreadcrumbList","@id":"https:\/\/agencia.252.com.mx\/home\/toman-protesta-comandantes-militares-de-zona-en-santa-lucia-edomex\/#breadcrumb","itemListElement":[{"@type":"ListItem","position":1,"name":"Portada","item":"https:\/\/agencia.252.com.mx\/home\/"},{"@type":"ListItem","position":2,"name":"Toman protesta Comandantes militares de Zona en Santa Luc\u00eda, EdoM\u00e9x\u00a0"}]},{"@type":"WebSite","@id":"https:\/\/agencia.252.com.mx\/home\/#website","url":"https:\/\/agencia.252.com.mx\/home\/","name":"Agencia252","description":"Tu espacio en la Red","publisher":{"@id":"https:\/\/agencia.252.com.mx\/home\/#organization"},"potentialAction":[{"@type":"SearchAction","target":{"@type":"EntryPoint","urlTemplate":"https:\/\/agencia.252.com.mx\/home\/?s={search_term_string}"},"query-input":{"@type":"PropertyValueSpecification","valueRequired":true,"valueName":"search_term_string"}}],"inLanguage":"es"},{"@type":"Organization","@id":"https:\/\/agencia.252.com.mx\/home\/#organization","name":"Agencia252","url":"https:\/\/agencia.252.com.mx\/home\/","logo":{"@type":"ImageObject","inLanguage":"es","@id":"https:\/\/agencia.252.com.mx\/home\/#\/schema\/logo\/image\/","url":"https:\/\/agencia.252.com.mx\/wp-content\/uploads\/2023\/02\/cropped-ciruclo-agencia-e1677562404136.png","contentUrl":"https:\/\/agencia.252.com.mx\/wp-content\/uploads\/2023\/02\/cropped-ciruclo-agencia-e1677562404136.png","width":512,"height":512,"caption":"Agencia252"},"image":{"@id":"https:\/\/agencia.252.com.mx\/home\/#\/schema\/logo\/image\/"},"sameAs":["https:\/\/www.facebook.com\/252Comunicacion\/","https:\/\/x.com\/252COMS"]},{"@type":"Person","@id":"https:\/\/agencia.252.com.mx\/home\/#\/schema\/person\/6b972021e9a92d45ade8c78d81509098","name":"Nacho Corro","image":{"@type":"ImageObject","inLanguage":"es","@id":"https:\/\/secure.gravatar.com\/avatar\/5db6df507cfe1307e192fbb498c6b85f1cf2ffd8b4cd37141b9eea588fcbd5a4?s=96&r=g","url":"https:\/\/secure.gravatar.com\/avatar\/5db6df507cfe1307e192fbb498c6b85f1cf2ffd8b4cd37141b9eea588fcbd5a4?s=96&r=g","contentUrl":"https:\/\/secure.gravatar.com\/avatar\/5db6df507cfe1307e192fbb498c6b85f1cf2ffd8b4cd37141b9eea588fcbd5a4?s=96&r=g","caption":"Nacho Corro"},"description":"Comunicador Social, Periodista y Administraci\u00f3n P\u00fablica. Conversador pol\u00edtico, temas electorales y seguridad. Generador de contenidos digitales. Amante de la fotograf\u00eda","sameAs":["https:\/\/www.facebook.com\/jcorroherrera\/","www.instagram.com\/nachocorro\/","https:\/\/x.com\/Juan Ignacio Corro Herrera"],"url":"https:\/\/agencia.252.com.mx\/home\/author\/i-corro\/"}]}},"_links":{"self":[{"href":"https:\/\/agencia.252.com.mx\/home\/wp-json\/wp\/v2\/posts\/18957","targetHints":{"allow":["GET"]}}],"collection":[{"href":"https:\/\/agencia.252.com.mx\/home\/wp-json\/wp\/v2\/posts"}],"about":[{"href":"https:\/\/agencia.252.com.mx\/home\/wp-json\/wp\/v2\/types\/post"}],"author":[{"embeddable":true,"href":"https:\/\/agencia.252.com.mx\/home\/wp-json\/wp\/v2\/users\/5"}],"replies":[{"embeddable":true,"href":"https:\/\/agencia.252.com.mx\/home\/wp-json\/wp\/v2\/comments?post=18957"}],"version-history":[{"count":1,"href":"https:\/\/agencia.252.com.mx\/home\/wp-json\/wp\/v2\/posts\/18957\/revisions"}],"predecessor-version":[{"id":18960,"href":"https:\/\/agencia.252.com.mx\/home\/wp-json\/wp\/v2\/posts\/18957\/revisions\/18960"}],"wp:featuredmedia":[{"embeddable":true,"href":"https:\/\/agencia.252.com.mx\/home\/wp-json\/wp\/v2\/media\/18959"}],"wp:attachment":[{"href":"https:\/\/agencia.252.com.mx\/home\/wp-json\/wp\/v2\/media?parent=18957"}],"wp:term":[{"taxonomy":"category","embeddable":true,"href":"https:\/\/agencia.252.com.mx\/home\/wp-json\/wp\/v2\/categories?post=18957"},{"taxonomy":"post_tag","embeddable":true,"href":"https:\/\/agencia.252.com.mx\/home\/wp-json\/wp\/v2\/tags?post=18957"}],"curies":[{"name":"wp","href":"https:\/\/api.w.org\/{rel}","templated":true}]}}