{"id":18953,"date":"2026-05-01T19:31:32","date_gmt":"2026-05-02T01:31:32","guid":{"rendered":"https:\/\/agencia.252.com.mx\/home\/?p=18953"},"modified":"2026-05-01T19:31:33","modified_gmt":"2026-05-02T01:31:33","slug":"entrega-clara-brugada-apoyos-a-28-mil-universitarios-como-pate-de-la-beca-para-el-transporte-y-mas","status":"publish","type":"post","link":"https:\/\/agencia.252.com.mx\/home\/entrega-clara-brugada-apoyos-a-28-mil-universitarios-como-pate-de-la-beca-para-el-transporte-y-mas\/","title":{"rendered":"Entrega Clara Brugada apoyos a 28 mil universitarios como pate de la beca para el transporte y m\u00e1s\u00a0"},"content":{"rendered":"<p>Visitas: 2<\/p>\n<ul class=\"wp-block-list\">\n<li><em>El beneficio forma parte de una pol\u00edtica de car\u00e1cter universal para garantizar el acceso a la educaci\u00f3n, indic\u00f3 la jefa de gobierno\u00a0\u00a0<\/em><\/li>\n\n\n\n<li><em>A trav\u00e9s de una tarjeta, los estudiantes recibir\u00e1n mil 500 pesos bimestrales, la que tambi\u00e9n servir\u00e1 como medio de pago en el sistema de transporte p\u00fablico<\/em><\/li>\n<\/ul>\n\n\n\n<p>Juan Ignacio Corro&nbsp;<\/p>\n\n\n\n<p class=\"has-text-align-right\">Ciudad de M\u00e9xico, a 1 de mayo&nbsp;&nbsp;de 2026<\/p>\n\n\n\n<p>Con la presencia de miles de estudiantes universitarios, la Jefa de Gobierno de la Ciudad de M\u00e9xico, Clara Brugada Molina, encabez\u00f3 la primera entrega de este a\u00f1o de 28 mil apoyos de la Beca para el Transporte y M\u00e1s, dirigida a j\u00f3venes de instituciones p\u00fablicas que residen en la capital, como parte de una pol\u00edtica de car\u00e1cter universal orientada a garantizar el acceso a la educaci\u00f3n.<\/p>\n\n\n\n<p>Desde la Utop\u00eda Mixiuhca, la mandataria capitalina inform\u00f3 que las y los beneficiarios recibir\u00e1n mil 500 pesos bimestrales mediante una tarjeta que, adem\u00e1s, funcionar\u00e1 como medio de pago en el sistema de transporte p\u00fablico.&nbsp;<\/p>\n\n\n\n<figure class=\"wp-block-image alignleft size-medium\"><img fetchpriority=\"high\" decoding=\"async\" width=\"300\" height=\"200\" src=\"https:\/\/agencia.252.com.mx\/wp-content\/uploads\/2026\/05\/WhatsApp-Image-2026-05-01-at-12.37.48-PM-300x200.jpeg\" alt=\"\" class=\"wp-image-18954\" srcset=\"https:\/\/agencia.252.com.mx\/wp-content\/uploads\/2026\/05\/WhatsApp-Image-2026-05-01-at-12.37.48-PM-300x200.jpeg 300w, https:\/\/agencia.252.com.mx\/wp-content\/uploads\/2026\/05\/WhatsApp-Image-2026-05-01-at-12.37.48-PM-1024x682.jpeg 1024w, https:\/\/agencia.252.com.mx\/wp-content\/uploads\/2026\/05\/WhatsApp-Image-2026-05-01-at-12.37.48-PM-768x512.jpeg 768w, https:\/\/agencia.252.com.mx\/wp-content\/uploads\/2026\/05\/WhatsApp-Image-2026-05-01-at-12.37.48-PM-1536x1024.jpeg 1536w, https:\/\/agencia.252.com.mx\/wp-content\/uploads\/2026\/05\/WhatsApp-Image-2026-05-01-at-12.37.48-PM-2048x1365.jpeg 2048w\" sizes=\"(max-width: 300px) 100vw, 300px\" \/><\/figure>\n\n\n\n<p>Destac\u00f3 que este instrumento permitir\u00e1 facilitar los traslados cotidianos hacia escuelas, bibliotecas, laboratorios y espacios acad\u00e9micos, reduciendo el impacto econ\u00f3mico del transporte en la vida estudiantil.&nbsp;<\/p>\n\n\n\n<p>Asimismo, Brugada Molina precis\u00f3 que la meta para este 2026 es alcanzar a 200 mil universitarios en toda la ciudad, con la perspectiva de incrementar el monto del apoyo el pr\u00f3ximo a\u00f1o.<\/p>\n\n\n\n<p>Subray\u00f3 que este programa forma parte de una visi\u00f3n de gobierno que busca cerrar brechas de desigualdad y garantizar derechos.&nbsp;<\/p>\n\n\n\n<p>\u201cQueremos una ciudad donde el origen no decida el destino de nadie; donde estudiar no sea una carrera de obst\u00e1culos, sino un derecho garantizado\u201d, afirm\u00f3.&nbsp;<\/p>\n\n\n\n<p>En ese sentido, se\u00f1al\u00f3 que la beca no s\u00f3lo atiende la necesidad de movilidad, sino que representa una herramienta para que las juventudes puedan sostener y concluir sus estudios.<\/p>\n\n\n\n<p>La Jefa de Gobierno reiter\u00f3 que la Beca para el Transporte y M\u00e1s es una apuesta por el futuro de la ciudad, al reconocer en las juventudes una fuerza transformadora. Se\u00f1al\u00f3 que este apoyo busca que las y los estudiantes \u201clleguen a donde quieran llegar\u201d, en una ciudad que apuesta por su talento, su energ\u00eda y su capacidad para construir una sociedad m\u00e1s justa.<\/p>\n\n\n\n<p>En materia de movilidad, destac\u00f3 que su administraci\u00f3n continuar\u00e1 invirtiendo en la modernizaci\u00f3n y renovaci\u00f3n de las l\u00edneas del Metro y del transporte p\u00fablico en general, con el objetivo de ofrecer un servicio m\u00e1s eficiente y seguro para millones de usuarios, entre ellos, estudiantes.<\/p>\n\n\n\n<p>El titular de la Secretar\u00eda de Educaci\u00f3n, Ciencia, Tecnolog\u00eda e Innovaci\u00f3n (Sectei), Pedro Moctezuma Barrag\u00e1n, afirm\u00f3 que la nueva tarjeta del programa permitir\u00e1 acceder a todos los tipos de transporte de la ciudad, adem\u00e1s podr\u00e1 usarse en el cajero autom\u00e1tico, hacer recargas telef\u00f3nicas y realizar pago de servicios como tel\u00e9fono e internet.<\/p>\n\n\n\n<p>\u201cUstedes est\u00e1n en un momento en sus vidas en donde es importante recibir todo el apoyo para que la educaci\u00f3n pueda ir de la mano con facilidad de transporte, acceso a todas las oportunidades culturales, y todo gratis\u201d, expres\u00f3 a las y los universitarios.<\/p>\n\n\n\n<p>Moctezuma Barragan indic\u00f3, que este programa beneficia a 56 por ciento de mujeres j\u00f3venes con el objetivo de romper las barreras de g\u00e9nero, adem\u00e1s prioriza a la poblaci\u00f3n que vive en la colonias y barrios con mayores dificultades de desarrollo.<\/p>\n\n\n\n<p>En representaci\u00f3n de las y los estudiantes universitarios, Cater\u00edn Varela Romero, de la Universidad Nacional Aut\u00f3noma de M\u00e9xico (UNAM), agradeci\u00f3 la implementaci\u00f3n de la beca de transporte y se\u00f1al\u00f3 que este apoyo contribuye de manera directa a garantizar la continuidad de sus estudios y eliminar barreras econ\u00f3micas relacionadas con la movilidad diaria.<\/p>\n\n\n\n<p>Destac\u00f3 que esta iniciativa permite a las y los j\u00f3venes concentrarse en su desarrollo acad\u00e9mico y personal sin que el costo del traslado represente un obst\u00e1culo, por lo que reconoci\u00f3 el respaldo del Gobierno de la Ciudad de M\u00e9xico para fortalecer las condiciones de acceso a la educaci\u00f3n superior.<\/p>\n","protected":false},"excerpt":{"rendered":"<p>Visitas: 2 Juan Ignacio Corro&nbsp; Ciudad de M\u00e9xico, a 1 de mayo&nbsp;&nbsp;de 2026 Con la presencia de miles de estudiantes universitarios, la Jefa de Gobierno de la Ciudad de M\u00e9xico, Clara Brugada Molina, encabez\u00f3 la primera entrega de este a\u00f1o de 28 mil apoyos de la Beca para el Transporte y M\u00e1s, dirigida a j\u00f3venes [&hellip;]<\/p>\n","protected":false},"author":5,"featured_media":18955,"comment_status":"open","ping_status":"open","sticky":false,"template":"","format":"standard","meta":{"site-sidebar-layout":"default","site-content-layout":"","ast-site-content-layout":"default","site-content-style":"default","site-sidebar-style":"default","ast-global-header-display":"","ast-banner-title-visibility":"","ast-main-header-display":"","ast-hfb-above-header-display":"","ast-hfb-below-header-display":"","ast-hfb-mobile-header-display":"","site-post-title":"","ast-breadcrumbs-content":"","ast-featured-img":"","footer-sml-layout":"","ast-disable-related-posts":"","theme-transparent-header-meta":"","adv-header-id-meta":"","stick-header-meta":"","header-above-stick-meta":"","header-main-stick-meta":"","header-below-stick-meta":"","astra-migrate-meta-layouts":"set","ast-page-background-enabled":"default","ast-page-background-meta":{"desktop":{"background-color":"var(--ast-global-color-4)","background-image":"","background-repeat":"repeat","background-position":"center center","background-size":"auto","background-attachment":"scroll","background-type":"","background-media":"","overlay-type":"","overlay-color":"","overlay-opacity":"","overlay-gradient":""},"tablet":{"background-color":"","background-image":"","background-repeat":"repeat","background-position":"center center","background-size":"auto","background-attachment":"scroll","background-type":"","background-media":"","overlay-type":"","overlay-color":"","overlay-opacity":"","overlay-gradient":""},"mobile":{"background-color":"","background-image":"","background-repeat":"repeat","background-position":"center center","background-size":"auto","background-attachment":"scroll","background-type":"","background-media":"","overlay-type":"","overlay-color":"","overlay-opacity":"","overlay-gradient":""}},"ast-content-background-meta":{"desktop":{"background-color":"var(--ast-global-color-5)","background-image":"","background-repeat":"repeat","background-position":"center center","background-size":"auto","background-attachment":"scroll","background-type":"","background-media":"","overlay-type":"","overlay-color":"","overlay-opacity":"","overlay-gradient":""},"tablet":{"background-color":"var(--ast-global-color-5)","background-image":"","background-repeat":"repeat","background-position":"center center","background-size":"auto","background-attachment":"scroll","background-type":"","background-media":"","overlay-type":"","overlay-color":"","overlay-opacity":"","overlay-gradient":""},"mobile":{"background-color":"var(--ast-global-color-5)","background-image":"","background-repeat":"repeat","background-position":"center center","background-size":"auto","background-attachment":"scroll","background-type":"","background-media":"","overlay-type":"","overlay-color":"","overlay-opacity":"","overlay-gradient":""}},"footnotes":""},"categories":[69,512,68],"tags":[535],"class_list":["post-18953","post","type-post","status-publish","format-standard","has-post-thumbnail","hentry","category-cdmx","category-metropoli","category-seguridad","tag-cdmx"],"yoast_head":"<!-- This site is optimized with the Yoast SEO plugin v27.4 - https:\/\/yoast.com\/product\/yoast-seo-wordpress\/ -->\n<title>Entrega Clara Brugada apoyos a 28 mil universitarios como pate de la beca para el transporte y m\u00e1s\u00a0 - Agencia252<\/title>\n<meta name=\"robots\" content=\"index, follow, max-snippet:-1, max-image-preview:large, max-video-preview:-1\" \/>\n<link rel=\"canonical\" href=\"https:\/\/agencia.252.com.mx\/home\/entrega-clara-brugada-apoyos-a-28-mil-universitarios-como-pate-de-la-beca-para-el-transporte-y-mas\/\" \/>\n<meta property=\"og:locale\" content=\"es_ES\" \/>\n<meta property=\"og:type\" content=\"article\" \/>\n<meta property=\"og:title\" content=\"Entrega Clara Brugada apoyos a 28 mil universitarios como pate de la beca para el transporte y m\u00e1s\u00a0 - Agencia252\" \/>\n<meta property=\"og:description\" content=\"Visitas: 2 Juan Ignacio Corro&nbsp; Ciudad de M\u00e9xico, a 1 de mayo&nbsp;&nbsp;de 2026 Con la presencia de miles de estudiantes universitarios, la Jefa de Gobierno de la Ciudad de M\u00e9xico, Clara Brugada Molina, encabez\u00f3 la primera entrega de este a\u00f1o de 28 mil apoyos de la Beca para el Transporte y M\u00e1s, dirigida a j\u00f3venes [&hellip;]\" \/>\n<meta property=\"og:url\" content=\"https:\/\/agencia.252.com.mx\/home\/entrega-clara-brugada-apoyos-a-28-mil-universitarios-como-pate-de-la-beca-para-el-transporte-y-mas\/\" \/>\n<meta property=\"og:site_name\" content=\"Agencia252\" \/>\n<meta property=\"article:publisher\" content=\"https:\/\/www.facebook.com\/252Comunicacion\/\" \/>\n<meta property=\"article:author\" content=\"https:\/\/www.facebook.com\/jcorroherrera\/\" \/>\n<meta property=\"article:published_time\" content=\"2026-05-02T01:31:32+00:00\" \/>\n<meta property=\"article:modified_time\" content=\"2026-05-02T01:31:33+00:00\" \/>\n<meta property=\"og:image\" content=\"http:\/\/agencia.252.com.mx\/wp-content\/uploads\/2026\/05\/WhatsApp-Image-2026-05-01-at-12.28.58-PM.jpeg\" \/>\n\t<meta property=\"og:image:width\" content=\"2560\" \/>\n\t<meta property=\"og:image:height\" content=\"1706\" \/>\n\t<meta property=\"og:image:type\" content=\"image\/jpeg\" \/>\n<meta name=\"author\" content=\"Nacho Corro\" \/>\n<meta name=\"twitter:card\" content=\"summary_large_image\" \/>\n<meta name=\"twitter:creator\" content=\"@Juan Ignacio Corro Herrera\" \/>\n<meta name=\"twitter:site\" content=\"@252COMS\" \/>\n<meta name=\"twitter:label1\" content=\"Escrito por\" \/>\n\t<meta name=\"twitter:data1\" content=\"Nacho Corro\" \/>\n\t<meta name=\"twitter:label2\" content=\"Tiempo de lectura\" \/>\n\t<meta name=\"twitter:data2\" content=\"4 minutos\" \/>\n<script type=\"application\/ld+json\" class=\"yoast-schema-graph\">{\"@context\":\"https:\\\/\\\/schema.org\",\"@graph\":[{\"@type\":\"Article\",\"@id\":\"https:\\\/\\\/agencia.252.com.mx\\\/home\\\/entrega-clara-brugada-apoyos-a-28-mil-universitarios-como-pate-de-la-beca-para-el-transporte-y-mas\\\/#article\",\"isPartOf\":{\"@id\":\"https:\\\/\\\/agencia.252.com.mx\\\/home\\\/entrega-clara-brugada-apoyos-a-28-mil-universitarios-como-pate-de-la-beca-para-el-transporte-y-mas\\\/\"},\"author\":{\"name\":\"Nacho Corro\",\"@id\":\"https:\\\/\\\/agencia.252.com.mx\\\/home\\\/#\\\/schema\\\/person\\\/6b972021e9a92d45ade8c78d81509098\"},\"headline\":\"Entrega Clara Brugada apoyos a 28 mil universitarios como pate de la beca para el transporte y m\u00e1s\u00a0\",\"datePublished\":\"2026-05-02T01:31:32+00:00\",\"dateModified\":\"2026-05-02T01:31:33+00:00\",\"mainEntityOfPage\":{\"@id\":\"https:\\\/\\\/agencia.252.com.mx\\\/home\\\/entrega-clara-brugada-apoyos-a-28-mil-universitarios-como-pate-de-la-beca-para-el-transporte-y-mas\\\/\"},\"wordCount\":719,\"commentCount\":0,\"publisher\":{\"@id\":\"https:\\\/\\\/agencia.252.com.mx\\\/home\\\/#organization\"},\"image\":{\"@id\":\"https:\\\/\\\/agencia.252.com.mx\\\/home\\\/entrega-clara-brugada-apoyos-a-28-mil-universitarios-como-pate-de-la-beca-para-el-transporte-y-mas\\\/#primaryimage\"},\"thumbnailUrl\":\"https:\\\/\\\/agencia.252.com.mx\\\/wp-content\\\/uploads\\\/2026\\\/05\\\/WhatsApp-Image-2026-05-01-at-12.28.58-PM.jpeg\",\"keywords\":[\"CDMX\"],\"articleSection\":[\"CDMX\",\"Metropoli\",\"Seguridad\"],\"inLanguage\":\"es\",\"potentialAction\":[{\"@type\":\"CommentAction\",\"name\":\"Comment\",\"target\":[\"https:\\\/\\\/agencia.252.com.mx\\\/home\\\/entrega-clara-brugada-apoyos-a-28-mil-universitarios-como-pate-de-la-beca-para-el-transporte-y-mas\\\/#respond\"]}]},{\"@type\":\"WebPage\",\"@id\":\"https:\\\/\\\/agencia.252.com.mx\\\/home\\\/entrega-clara-brugada-apoyos-a-28-mil-universitarios-como-pate-de-la-beca-para-el-transporte-y-mas\\\/\",\"url\":\"https:\\\/\\\/agencia.252.com.mx\\\/home\\\/entrega-clara-brugada-apoyos-a-28-mil-universitarios-como-pate-de-la-beca-para-el-transporte-y-mas\\\/\",\"name\":\"Entrega Clara Brugada apoyos a 28 mil universitarios como pate de la beca para el transporte y m\u00e1s\u00a0 - Agencia252\",\"isPartOf\":{\"@id\":\"https:\\\/\\\/agencia.252.com.mx\\\/home\\\/#website\"},\"primaryImageOfPage\":{\"@id\":\"https:\\\/\\\/agencia.252.com.mx\\\/home\\\/entrega-clara-brugada-apoyos-a-28-mil-universitarios-como-pate-de-la-beca-para-el-transporte-y-mas\\\/#primaryimage\"},\"image\":{\"@id\":\"https:\\\/\\\/agencia.252.com.mx\\\/home\\\/entrega-clara-brugada-apoyos-a-28-mil-universitarios-como-pate-de-la-beca-para-el-transporte-y-mas\\\/#primaryimage\"},\"thumbnailUrl\":\"https:\\\/\\\/agencia.252.com.mx\\\/wp-content\\\/uploads\\\/2026\\\/05\\\/WhatsApp-Image-2026-05-01-at-12.28.58-PM.jpeg\",\"datePublished\":\"2026-05-02T01:31:32+00:00\",\"dateModified\":\"2026-05-02T01:31:33+00:00\",\"breadcrumb\":{\"@id\":\"https:\\\/\\\/agencia.252.com.mx\\\/home\\\/entrega-clara-brugada-apoyos-a-28-mil-universitarios-como-pate-de-la-beca-para-el-transporte-y-mas\\\/#breadcrumb\"},\"inLanguage\":\"es\",\"potentialAction\":[{\"@type\":\"ReadAction\",\"target\":[\"https:\\\/\\\/agencia.252.com.mx\\\/home\\\/entrega-clara-brugada-apoyos-a-28-mil-universitarios-como-pate-de-la-beca-para-el-transporte-y-mas\\\/\"]}]},{\"@type\":\"ImageObject\",\"inLanguage\":\"es\",\"@id\":\"https:\\\/\\\/agencia.252.com.mx\\\/home\\\/entrega-clara-brugada-apoyos-a-28-mil-universitarios-como-pate-de-la-beca-para-el-transporte-y-mas\\\/#primaryimage\",\"url\":\"https:\\\/\\\/agencia.252.com.mx\\\/wp-content\\\/uploads\\\/2026\\\/05\\\/WhatsApp-Image-2026-05-01-at-12.28.58-PM.jpeg\",\"contentUrl\":\"https:\\\/\\\/agencia.252.com.mx\\\/wp-content\\\/uploads\\\/2026\\\/05\\\/WhatsApp-Image-2026-05-01-at-12.28.58-PM.jpeg\",\"width\":2560,\"height\":1706},{\"@type\":\"BreadcrumbList\",\"@id\":\"https:\\\/\\\/agencia.252.com.mx\\\/home\\\/entrega-clara-brugada-apoyos-a-28-mil-universitarios-como-pate-de-la-beca-para-el-transporte-y-mas\\\/#breadcrumb\",\"itemListElement\":[{\"@type\":\"ListItem\",\"position\":1,\"name\":\"Portada\",\"item\":\"https:\\\/\\\/agencia.252.com.mx\\\/home\\\/\"},{\"@type\":\"ListItem\",\"position\":2,\"name\":\"Entrega Clara Brugada apoyos a 28 mil universitarios como pate de la beca para el transporte y m\u00e1s\u00a0\"}]},{\"@type\":\"WebSite\",\"@id\":\"https:\\\/\\\/agencia.252.com.mx\\\/home\\\/#website\",\"url\":\"https:\\\/\\\/agencia.252.com.mx\\\/home\\\/\",\"name\":\"Agencia252\",\"description\":\"Tu espacio en la Red\",\"publisher\":{\"@id\":\"https:\\\/\\\/agencia.252.com.mx\\\/home\\\/#organization\"},\"potentialAction\":[{\"@type\":\"SearchAction\",\"target\":{\"@type\":\"EntryPoint\",\"urlTemplate\":\"https:\\\/\\\/agencia.252.com.mx\\\/home\\\/?s={search_term_string}\"},\"query-input\":{\"@type\":\"PropertyValueSpecification\",\"valueRequired\":true,\"valueName\":\"search_term_string\"}}],\"inLanguage\":\"es\"},{\"@type\":\"Organization\",\"@id\":\"https:\\\/\\\/agencia.252.com.mx\\\/home\\\/#organization\",\"name\":\"Agencia252\",\"url\":\"https:\\\/\\\/agencia.252.com.mx\\\/home\\\/\",\"logo\":{\"@type\":\"ImageObject\",\"inLanguage\":\"es\",\"@id\":\"https:\\\/\\\/agencia.252.com.mx\\\/home\\\/#\\\/schema\\\/logo\\\/image\\\/\",\"url\":\"https:\\\/\\\/agencia.252.com.mx\\\/wp-content\\\/uploads\\\/2023\\\/02\\\/cropped-ciruclo-agencia-e1677562404136.png\",\"contentUrl\":\"https:\\\/\\\/agencia.252.com.mx\\\/wp-content\\\/uploads\\\/2023\\\/02\\\/cropped-ciruclo-agencia-e1677562404136.png\",\"width\":512,\"height\":512,\"caption\":\"Agencia252\"},\"image\":{\"@id\":\"https:\\\/\\\/agencia.252.com.mx\\\/home\\\/#\\\/schema\\\/logo\\\/image\\\/\"},\"sameAs\":[\"https:\\\/\\\/www.facebook.com\\\/252Comunicacion\\\/\",\"https:\\\/\\\/x.com\\\/252COMS\"]},{\"@type\":\"Person\",\"@id\":\"https:\\\/\\\/agencia.252.com.mx\\\/home\\\/#\\\/schema\\\/person\\\/6b972021e9a92d45ade8c78d81509098\",\"name\":\"Nacho Corro\",\"image\":{\"@type\":\"ImageObject\",\"inLanguage\":\"es\",\"@id\":\"https:\\\/\\\/secure.gravatar.com\\\/avatar\\\/5db6df507cfe1307e192fbb498c6b85f1cf2ffd8b4cd37141b9eea588fcbd5a4?s=96&r=g\",\"url\":\"https:\\\/\\\/secure.gravatar.com\\\/avatar\\\/5db6df507cfe1307e192fbb498c6b85f1cf2ffd8b4cd37141b9eea588fcbd5a4?s=96&r=g\",\"contentUrl\":\"https:\\\/\\\/secure.gravatar.com\\\/avatar\\\/5db6df507cfe1307e192fbb498c6b85f1cf2ffd8b4cd37141b9eea588fcbd5a4?s=96&r=g\",\"caption\":\"Nacho Corro\"},\"description\":\"Comunicador Social, Periodista y Administraci\u00f3n P\u00fablica. Conversador pol\u00edtico, temas electorales y seguridad. Generador de contenidos digitales. Amante de la fotograf\u00eda\",\"sameAs\":[\"https:\\\/\\\/www.facebook.com\\\/jcorroherrera\\\/\",\"www.instagram.com\\\/nachocorro\\\/\",\"https:\\\/\\\/x.com\\\/Juan Ignacio Corro Herrera\"],\"url\":\"https:\\\/\\\/agencia.252.com.mx\\\/home\\\/author\\\/i-corro\\\/\"}]}<\/script>\n<!-- \/ Yoast SEO plugin. -->","yoast_head_json":{"title":"Entrega Clara Brugada apoyos a 28 mil universitarios como pate de la beca para el transporte y m\u00e1s\u00a0 - Agencia252","robots":{"index":"index","follow":"follow","max-snippet":"max-snippet:-1","max-image-preview":"max-image-preview:large","max-video-preview":"max-video-preview:-1"},"canonical":"https:\/\/agencia.252.com.mx\/home\/entrega-clara-brugada-apoyos-a-28-mil-universitarios-como-pate-de-la-beca-para-el-transporte-y-mas\/","og_locale":"es_ES","og_type":"article","og_title":"Entrega Clara Brugada apoyos a 28 mil universitarios como pate de la beca para el transporte y m\u00e1s\u00a0 - Agencia252","og_description":"Visitas: 2 Juan Ignacio Corro&nbsp; Ciudad de M\u00e9xico, a 1 de mayo&nbsp;&nbsp;de 2026 Con la presencia de miles de estudiantes universitarios, la Jefa de Gobierno de la Ciudad de M\u00e9xico, Clara Brugada Molina, encabez\u00f3 la primera entrega de este a\u00f1o de 28 mil apoyos de la Beca para el Transporte y M\u00e1s, dirigida a j\u00f3venes [&hellip;]","og_url":"https:\/\/agencia.252.com.mx\/home\/entrega-clara-brugada-apoyos-a-28-mil-universitarios-como-pate-de-la-beca-para-el-transporte-y-mas\/","og_site_name":"Agencia252","article_publisher":"https:\/\/www.facebook.com\/252Comunicacion\/","article_author":"https:\/\/www.facebook.com\/jcorroherrera\/","article_published_time":"2026-05-02T01:31:32+00:00","article_modified_time":"2026-05-02T01:31:33+00:00","og_image":[{"width":2560,"height":1706,"url":"http:\/\/agencia.252.com.mx\/wp-content\/uploads\/2026\/05\/WhatsApp-Image-2026-05-01-at-12.28.58-PM.jpeg","type":"image\/jpeg"}],"author":"Nacho Corro","twitter_card":"summary_large_image","twitter_creator":"@Juan Ignacio Corro Herrera","twitter_site":"@252COMS","twitter_misc":{"Escrito por":"Nacho Corro","Tiempo de lectura":"4 minutos"},"schema":{"@context":"https:\/\/schema.org","@graph":[{"@type":"Article","@id":"https:\/\/agencia.252.com.mx\/home\/entrega-clara-brugada-apoyos-a-28-mil-universitarios-como-pate-de-la-beca-para-el-transporte-y-mas\/#article","isPartOf":{"@id":"https:\/\/agencia.252.com.mx\/home\/entrega-clara-brugada-apoyos-a-28-mil-universitarios-como-pate-de-la-beca-para-el-transporte-y-mas\/"},"author":{"name":"Nacho Corro","@id":"https:\/\/agencia.252.com.mx\/home\/#\/schema\/person\/6b972021e9a92d45ade8c78d81509098"},"headline":"Entrega Clara Brugada apoyos a 28 mil universitarios como pate de la beca para el transporte y m\u00e1s\u00a0","datePublished":"2026-05-02T01:31:32+00:00","dateModified":"2026-05-02T01:31:33+00:00","mainEntityOfPage":{"@id":"https:\/\/agencia.252.com.mx\/home\/entrega-clara-brugada-apoyos-a-28-mil-universitarios-como-pate-de-la-beca-para-el-transporte-y-mas\/"},"wordCount":719,"commentCount":0,"publisher":{"@id":"https:\/\/agencia.252.com.mx\/home\/#organization"},"image":{"@id":"https:\/\/agencia.252.com.mx\/home\/entrega-clara-brugada-apoyos-a-28-mil-universitarios-como-pate-de-la-beca-para-el-transporte-y-mas\/#primaryimage"},"thumbnailUrl":"https:\/\/agencia.252.com.mx\/wp-content\/uploads\/2026\/05\/WhatsApp-Image-2026-05-01-at-12.28.58-PM.jpeg","keywords":["CDMX"],"articleSection":["CDMX","Metropoli","Seguridad"],"inLanguage":"es","potentialAction":[{"@type":"CommentAction","name":"Comment","target":["https:\/\/agencia.252.com.mx\/home\/entrega-clara-brugada-apoyos-a-28-mil-universitarios-como-pate-de-la-beca-para-el-transporte-y-mas\/#respond"]}]},{"@type":"WebPage","@id":"https:\/\/agencia.252.com.mx\/home\/entrega-clara-brugada-apoyos-a-28-mil-universitarios-como-pate-de-la-beca-para-el-transporte-y-mas\/","url":"https:\/\/agencia.252.com.mx\/home\/entrega-clara-brugada-apoyos-a-28-mil-universitarios-como-pate-de-la-beca-para-el-transporte-y-mas\/","name":"Entrega Clara Brugada apoyos a 28 mil universitarios como pate de la beca para el transporte y m\u00e1s\u00a0 - Agencia252","isPartOf":{"@id":"https:\/\/agencia.252.com.mx\/home\/#website"},"primaryImageOfPage":{"@id":"https:\/\/agencia.252.com.mx\/home\/entrega-clara-brugada-apoyos-a-28-mil-universitarios-como-pate-de-la-beca-para-el-transporte-y-mas\/#primaryimage"},"image":{"@id":"https:\/\/agencia.252.com.mx\/home\/entrega-clara-brugada-apoyos-a-28-mil-universitarios-como-pate-de-la-beca-para-el-transporte-y-mas\/#primaryimage"},"thumbnailUrl":"https:\/\/agencia.252.com.mx\/wp-content\/uploads\/2026\/05\/WhatsApp-Image-2026-05-01-at-12.28.58-PM.jpeg","datePublished":"2026-05-02T01:31:32+00:00","dateModified":"2026-05-02T01:31:33+00:00","breadcrumb":{"@id":"https:\/\/agencia.252.com.mx\/home\/entrega-clara-brugada-apoyos-a-28-mil-universitarios-como-pate-de-la-beca-para-el-transporte-y-mas\/#breadcrumb"},"inLanguage":"es","potentialAction":[{"@type":"ReadAction","target":["https:\/\/agencia.252.com.mx\/home\/entrega-clara-brugada-apoyos-a-28-mil-universitarios-como-pate-de-la-beca-para-el-transporte-y-mas\/"]}]},{"@type":"ImageObject","inLanguage":"es","@id":"https:\/\/agencia.252.com.mx\/home\/entrega-clara-brugada-apoyos-a-28-mil-universitarios-como-pate-de-la-beca-para-el-transporte-y-mas\/#primaryimage","url":"https:\/\/agencia.252.com.mx\/wp-content\/uploads\/2026\/05\/WhatsApp-Image-2026-05-01-at-12.28.58-PM.jpeg","contentUrl":"https:\/\/agencia.252.com.mx\/wp-content\/uploads\/2026\/05\/WhatsApp-Image-2026-05-01-at-12.28.58-PM.jpeg","width":2560,"height":1706},{"@type":"BreadcrumbList","@id":"https:\/\/agencia.252.com.mx\/home\/entrega-clara-brugada-apoyos-a-28-mil-universitarios-como-pate-de-la-beca-para-el-transporte-y-mas\/#breadcrumb","itemListElement":[{"@type":"ListItem","position":1,"name":"Portada","item":"https:\/\/agencia.252.com.mx\/home\/"},{"@type":"ListItem","position":2,"name":"Entrega Clara Brugada apoyos a 28 mil universitarios como pate de la beca para el transporte y m\u00e1s\u00a0"}]},{"@type":"WebSite","@id":"https:\/\/agencia.252.com.mx\/home\/#website","url":"https:\/\/agencia.252.com.mx\/home\/","name":"Agencia252","description":"Tu espacio en la Red","publisher":{"@id":"https:\/\/agencia.252.com.mx\/home\/#organization"},"potentialAction":[{"@type":"SearchAction","target":{"@type":"EntryPoint","urlTemplate":"https:\/\/agencia.252.com.mx\/home\/?s={search_term_string}"},"query-input":{"@type":"PropertyValueSpecification","valueRequired":true,"valueName":"search_term_string"}}],"inLanguage":"es"},{"@type":"Organization","@id":"https:\/\/agencia.252.com.mx\/home\/#organization","name":"Agencia252","url":"https:\/\/agencia.252.com.mx\/home\/","logo":{"@type":"ImageObject","inLanguage":"es","@id":"https:\/\/agencia.252.com.mx\/home\/#\/schema\/logo\/image\/","url":"https:\/\/agencia.252.com.mx\/wp-content\/uploads\/2023\/02\/cropped-ciruclo-agencia-e1677562404136.png","contentUrl":"https:\/\/agencia.252.com.mx\/wp-content\/uploads\/2023\/02\/cropped-ciruclo-agencia-e1677562404136.png","width":512,"height":512,"caption":"Agencia252"},"image":{"@id":"https:\/\/agencia.252.com.mx\/home\/#\/schema\/logo\/image\/"},"sameAs":["https:\/\/www.facebook.com\/252Comunicacion\/","https:\/\/x.com\/252COMS"]},{"@type":"Person","@id":"https:\/\/agencia.252.com.mx\/home\/#\/schema\/person\/6b972021e9a92d45ade8c78d81509098","name":"Nacho Corro","image":{"@type":"ImageObject","inLanguage":"es","@id":"https:\/\/secure.gravatar.com\/avatar\/5db6df507cfe1307e192fbb498c6b85f1cf2ffd8b4cd37141b9eea588fcbd5a4?s=96&r=g","url":"https:\/\/secure.gravatar.com\/avatar\/5db6df507cfe1307e192fbb498c6b85f1cf2ffd8b4cd37141b9eea588fcbd5a4?s=96&r=g","contentUrl":"https:\/\/secure.gravatar.com\/avatar\/5db6df507cfe1307e192fbb498c6b85f1cf2ffd8b4cd37141b9eea588fcbd5a4?s=96&r=g","caption":"Nacho Corro"},"description":"Comunicador Social, Periodista y Administraci\u00f3n P\u00fablica. Conversador pol\u00edtico, temas electorales y seguridad. Generador de contenidos digitales. Amante de la fotograf\u00eda","sameAs":["https:\/\/www.facebook.com\/jcorroherrera\/","www.instagram.com\/nachocorro\/","https:\/\/x.com\/Juan Ignacio Corro Herrera"],"url":"https:\/\/agencia.252.com.mx\/home\/author\/i-corro\/"}]}},"_links":{"self":[{"href":"https:\/\/agencia.252.com.mx\/home\/wp-json\/wp\/v2\/posts\/18953","targetHints":{"allow":["GET"]}}],"collection":[{"href":"https:\/\/agencia.252.com.mx\/home\/wp-json\/wp\/v2\/posts"}],"about":[{"href":"https:\/\/agencia.252.com.mx\/home\/wp-json\/wp\/v2\/types\/post"}],"author":[{"embeddable":true,"href":"https:\/\/agencia.252.com.mx\/home\/wp-json\/wp\/v2\/users\/5"}],"replies":[{"embeddable":true,"href":"https:\/\/agencia.252.com.mx\/home\/wp-json\/wp\/v2\/comments?post=18953"}],"version-history":[{"count":1,"href":"https:\/\/agencia.252.com.mx\/home\/wp-json\/wp\/v2\/posts\/18953\/revisions"}],"predecessor-version":[{"id":18956,"href":"https:\/\/agencia.252.com.mx\/home\/wp-json\/wp\/v2\/posts\/18953\/revisions\/18956"}],"wp:featuredmedia":[{"embeddable":true,"href":"https:\/\/agencia.252.com.mx\/home\/wp-json\/wp\/v2\/media\/18955"}],"wp:attachment":[{"href":"https:\/\/agencia.252.com.mx\/home\/wp-json\/wp\/v2\/media?parent=18953"}],"wp:term":[{"taxonomy":"category","embeddable":true,"href":"https:\/\/agencia.252.com.mx\/home\/wp-json\/wp\/v2\/categories?post=18953"},{"taxonomy":"post_tag","embeddable":true,"href":"https:\/\/agencia.252.com.mx\/home\/wp-json\/wp\/v2\/tags?post=18953"}],"curies":[{"name":"wp","href":"https:\/\/api.w.org\/{rel}","templated":true}]}}