{"id":18946,"date":"2026-05-01T18:36:19","date_gmt":"2026-05-02T00:36:19","guid":{"rendered":"https:\/\/agencia.252.com.mx\/home\/?p=18946"},"modified":"2026-05-01T18:36:40","modified_gmt":"2026-05-02T00:36:40","slug":"fiscalia-cdmx-y-sspc-detienen-a-lider-de-banda-dedicada-a-la-comercializacion-de-autopartes-robadas-en-cdmx-y-edomex","status":"publish","type":"post","link":"https:\/\/agencia.252.com.mx\/home\/fiscalia-cdmx-y-sspc-detienen-a-lider-de-banda-dedicada-a-la-comercializacion-de-autopartes-robadas-en-cdmx-y-edomex\/","title":{"rendered":"Fiscal\u00eda CDMX y SSPC detienen a l\u00edder de banda  dedicada a la comercializaci\u00f3n de autopartes robadas en CDMX y Edomex"},"content":{"rendered":"<p>Visitas: 2<\/p>\n<ul class=\"wp-block-list\">\n<li><em>Pablo \u201cN\u201d, probable l\u00edder, es investigado por su probable participaci\u00f3n en la coordinaci\u00f3n de la distribuci\u00f3n de autopartes de origen il\u00edcito en el mercado 25 de Julio, en la alcald\u00eda Gustavo A. Madero<\/em><\/li>\n<\/ul>\n\n\n\n<ul class=\"wp-block-list\">\n<li><em>Se aseguraron aproximadamente 50 toneladas de autopartes; adem\u00e1s, fueron detenidos Samanta \u201cN\u201d, quien es investigada por su probable participaci\u00f3n en la administraci\u00f3n de recursos, y \u00c1ngel \u201cN\u201d, por su posible intervenci\u00f3n en la operaci\u00f3n<\/em><\/li>\n<\/ul>\n\n\n\n<p>Juan Ignacio Corro&nbsp;<\/p>\n\n\n\n<p class=\"has-text-align-right\">Ciudad de M\u00e9xico, a 1 de mayo&nbsp;&nbsp;de 2026<\/p>\n\n\n\n<p>La Fiscal\u00eda General de Justicia de la Ciudad de M\u00e9xico (Fiscal\u00eda CDMX), en coordinaci\u00f3n con la Secretar\u00eda de Seguridad y Protecci\u00f3n Ciudadana (SSPC), ejecut\u00f3 un cateo en la alcald\u00eda Gustavo A. Madero que permiti\u00f3 la detenci\u00f3n de Pablo \u201cN\u201d, identificado como probable l\u00edder de una c\u00e9lula delictiva dedicada al robo de veh\u00edculos en el Estado de M\u00e9xico y a la comercializaci\u00f3n de autopartes derivadas de estos il\u00edcitos, as\u00ed como de Samanta \u201cN\u201d y \u00c1ngel \u201cN\u201d.<\/p>\n\n\n\n<p>De acuerdo con las indagatorias, Pablo \u201cN\u201d \u2014quien cuenta con antecedentes por violaci\u00f3n a la Ley Federal de Armas de Fuego y Explosivos\u2014 operaba principalmente en el mercado 25 de Julio, en la colonia San Felipe de Jes\u00fas, donde se investiga su probable participaci\u00f3n en la coordinaci\u00f3n de actividades de distribuci\u00f3n y venta de piezas automotrices de origen il\u00edcito. Asimismo, se indaga la probable participaci\u00f3n de Samanta \u201cN\u201d en la administraci\u00f3n de recursos y de \u00c1ngel \u201cN\u201d en la operaci\u00f3n de la c\u00e9lula.<\/p>\n\n\n\n<figure class=\"wp-block-gallery has-nested-images columns-default is-cropped wp-block-gallery-1 is-layout-flex wp-block-gallery-is-layout-flex\">\n<figure class=\"wp-block-image size-large\"><img fetchpriority=\"high\" decoding=\"async\" width=\"768\" height=\"1024\" data-id=\"18950\" src=\"https:\/\/agencia.252.com.mx\/wp-content\/uploads\/2026\/05\/WhatsApp-Image-2026-05-01-at-10.26.01-AM-768x1024.jpeg\" alt=\"\" class=\"wp-image-18950\" srcset=\"https:\/\/agencia.252.com.mx\/wp-content\/uploads\/2026\/05\/WhatsApp-Image-2026-05-01-at-10.26.01-AM-768x1024.jpeg 768w, https:\/\/agencia.252.com.mx\/wp-content\/uploads\/2026\/05\/WhatsApp-Image-2026-05-01-at-10.26.01-AM-225x300.jpeg 225w, https:\/\/agencia.252.com.mx\/wp-content\/uploads\/2026\/05\/WhatsApp-Image-2026-05-01-at-10.26.01-AM-1152x1536.jpeg 1152w, https:\/\/agencia.252.com.mx\/wp-content\/uploads\/2026\/05\/WhatsApp-Image-2026-05-01-at-10.26.01-AM.jpeg 1200w\" sizes=\"(max-width: 768px) 100vw, 768px\" \/><\/figure>\n\n\n\n<figure class=\"wp-block-image size-large\"><img decoding=\"async\" width=\"1024\" height=\"768\" data-id=\"18949\" src=\"https:\/\/agencia.252.com.mx\/wp-content\/uploads\/2026\/05\/WhatsApp-Image-2026-05-01-at-10.26.00-AM-1024x768.jpeg\" alt=\"\" class=\"wp-image-18949\" srcset=\"https:\/\/agencia.252.com.mx\/wp-content\/uploads\/2026\/05\/WhatsApp-Image-2026-05-01-at-10.26.00-AM-1024x768.jpeg 1024w, https:\/\/agencia.252.com.mx\/wp-content\/uploads\/2026\/05\/WhatsApp-Image-2026-05-01-at-10.26.00-AM-300x225.jpeg 300w, https:\/\/agencia.252.com.mx\/wp-content\/uploads\/2026\/05\/WhatsApp-Image-2026-05-01-at-10.26.00-AM-768x576.jpeg 768w, https:\/\/agencia.252.com.mx\/wp-content\/uploads\/2026\/05\/WhatsApp-Image-2026-05-01-at-10.26.00-AM-1536x1152.jpeg 1536w, https:\/\/agencia.252.com.mx\/wp-content\/uploads\/2026\/05\/WhatsApp-Image-2026-05-01-at-10.26.00-AM.jpeg 1600w\" sizes=\"(max-width: 1024px) 100vw, 1024px\" \/><\/figure>\n\n\n\n<figure class=\"wp-block-image size-large\"><img decoding=\"async\" width=\"768\" height=\"1024\" data-id=\"18948\" src=\"https:\/\/agencia.252.com.mx\/wp-content\/uploads\/2026\/05\/WhatsApp-Image-2026-05-01-at-10.26.00-AM-3-768x1024.jpeg\" alt=\"\" class=\"wp-image-18948\" srcset=\"https:\/\/agencia.252.com.mx\/wp-content\/uploads\/2026\/05\/WhatsApp-Image-2026-05-01-at-10.26.00-AM-3-768x1024.jpeg 768w, https:\/\/agencia.252.com.mx\/wp-content\/uploads\/2026\/05\/WhatsApp-Image-2026-05-01-at-10.26.00-AM-3-225x300.jpeg 225w, https:\/\/agencia.252.com.mx\/wp-content\/uploads\/2026\/05\/WhatsApp-Image-2026-05-01-at-10.26.00-AM-3-1152x1536.jpeg 1152w, https:\/\/agencia.252.com.mx\/wp-content\/uploads\/2026\/05\/WhatsApp-Image-2026-05-01-at-10.26.00-AM-3.jpeg 1200w\" sizes=\"(max-width: 768px) 100vw, 768px\" \/><\/figure>\n<\/figure>\n\n\n\n<p>Durante la diligencia, se aseguraron aproximadamente 50 toneladas de autopartes, entre ellas motores y diversos componentes vehiculares, posiblemente vinculados con carpetas de investigaci\u00f3n por robo de veh\u00edculo tanto en la Ciudad de M\u00e9xico como en el Estado de M\u00e9xico.<\/p>\n\n\n\n<p>Las detenciones y el aseguramiento de las piezas representan una afectaci\u00f3n directa a la operaci\u00f3n y a la capacidad de comercializaci\u00f3n de esta c\u00e9lula delictiva en la zona.<\/p>\n\n\n\n<p>Las personas detenidas fueron puestas a disposici\u00f3n del agente del Ministerio P\u00fablico de la Fiscal\u00eda CDMX: Pablo \u201cN\u201d, por su probable participaci\u00f3n en delitos relacionados con la comercializaci\u00f3n de autopartes de procedencia il\u00edcita y la portaci\u00f3n de arma de fuego; y Samanta \u201cN\u201d y \u00c1ngel \u201cN\u201d, por su probable participaci\u00f3n en delitos contra la salud y encubrimiento por receptaci\u00f3n.<\/p>\n","protected":false},"excerpt":{"rendered":"<p>Visitas: 2 Juan Ignacio Corro&nbsp; Ciudad de M\u00e9xico, a 1 de mayo&nbsp;&nbsp;de 2026 La Fiscal\u00eda General de Justicia de la Ciudad de M\u00e9xico (Fiscal\u00eda CDMX), en coordinaci\u00f3n con la Secretar\u00eda de Seguridad y Protecci\u00f3n Ciudadana (SSPC), ejecut\u00f3 un cateo en la alcald\u00eda Gustavo A. Madero que permiti\u00f3 la detenci\u00f3n de Pablo \u201cN\u201d, identificado como probable [&hellip;]<\/p>\n","protected":false},"author":5,"featured_media":18947,"comment_status":"open","ping_status":"open","sticky":false,"template":"","format":"standard","meta":{"site-sidebar-layout":"default","site-content-layout":"","ast-site-content-layout":"default","site-content-style":"default","site-sidebar-style":"default","ast-global-header-display":"","ast-banner-title-visibility":"","ast-main-header-display":"","ast-hfb-above-header-display":"","ast-hfb-below-header-display":"","ast-hfb-mobile-header-display":"","site-post-title":"","ast-breadcrumbs-content":"","ast-featured-img":"","footer-sml-layout":"","ast-disable-related-posts":"","theme-transparent-header-meta":"","adv-header-id-meta":"","stick-header-meta":"","header-above-stick-meta":"","header-main-stick-meta":"","header-below-stick-meta":"","astra-migrate-meta-layouts":"set","ast-page-background-enabled":"default","ast-page-background-meta":{"desktop":{"background-color":"var(--ast-global-color-4)","background-image":"","background-repeat":"repeat","background-position":"center center","background-size":"auto","background-attachment":"scroll","background-type":"","background-media":"","overlay-type":"","overlay-color":"","overlay-opacity":"","overlay-gradient":""},"tablet":{"background-color":"","background-image":"","background-repeat":"repeat","background-position":"center center","background-size":"auto","background-attachment":"scroll","background-type":"","background-media":"","overlay-type":"","overlay-color":"","overlay-opacity":"","overlay-gradient":""},"mobile":{"background-color":"","background-image":"","background-repeat":"repeat","background-position":"center center","background-size":"auto","background-attachment":"scroll","background-type":"","background-media":"","overlay-type":"","overlay-color":"","overlay-opacity":"","overlay-gradient":""}},"ast-content-background-meta":{"desktop":{"background-color":"var(--ast-global-color-5)","background-image":"","background-repeat":"repeat","background-position":"center center","background-size":"auto","background-attachment":"scroll","background-type":"","background-media":"","overlay-type":"","overlay-color":"","overlay-opacity":"","overlay-gradient":""},"tablet":{"background-color":"var(--ast-global-color-5)","background-image":"","background-repeat":"repeat","background-position":"center center","background-size":"auto","background-attachment":"scroll","background-type":"","background-media":"","overlay-type":"","overlay-color":"","overlay-opacity":"","overlay-gradient":""},"mobile":{"background-color":"var(--ast-global-color-5)","background-image":"","background-repeat":"repeat","background-position":"center center","background-size":"auto","background-attachment":"scroll","background-type":"","background-media":"","overlay-type":"","overlay-color":"","overlay-opacity":"","overlay-gradient":""}},"footnotes":""},"categories":[1],"tags":[],"class_list":["post-18946","post","type-post","status-publish","format-standard","has-post-thumbnail","hentry","category-uncategorized"],"yoast_head":"<!-- This site is optimized with the Yoast SEO plugin v27.4 - https:\/\/yoast.com\/product\/yoast-seo-wordpress\/ -->\n<title>Fiscal\u00eda CDMX y SSPC detienen a l\u00edder de banda dedicada a la comercializaci\u00f3n de autopartes robadas en CDMX y Edomex - Agencia252<\/title>\n<meta name=\"robots\" content=\"index, follow, max-snippet:-1, max-image-preview:large, max-video-preview:-1\" \/>\n<link rel=\"canonical\" href=\"https:\/\/agencia.252.com.mx\/home\/fiscalia-cdmx-y-sspc-detienen-a-lider-de-banda-dedicada-a-la-comercializacion-de-autopartes-robadas-en-cdmx-y-edomex\/\" \/>\n<meta property=\"og:locale\" content=\"es_ES\" \/>\n<meta property=\"og:type\" content=\"article\" \/>\n<meta property=\"og:title\" content=\"Fiscal\u00eda CDMX y SSPC detienen a l\u00edder de banda dedicada a la comercializaci\u00f3n de autopartes robadas en CDMX y Edomex - Agencia252\" \/>\n<meta property=\"og:description\" content=\"Visitas: 2 Juan Ignacio Corro&nbsp; Ciudad de M\u00e9xico, a 1 de mayo&nbsp;&nbsp;de 2026 La Fiscal\u00eda General de Justicia de la Ciudad de M\u00e9xico (Fiscal\u00eda CDMX), en coordinaci\u00f3n con la Secretar\u00eda de Seguridad y Protecci\u00f3n Ciudadana (SSPC), ejecut\u00f3 un cateo en la alcald\u00eda Gustavo A. Madero que permiti\u00f3 la detenci\u00f3n de Pablo \u201cN\u201d, identificado como probable [&hellip;]\" \/>\n<meta property=\"og:url\" content=\"https:\/\/agencia.252.com.mx\/home\/fiscalia-cdmx-y-sspc-detienen-a-lider-de-banda-dedicada-a-la-comercializacion-de-autopartes-robadas-en-cdmx-y-edomex\/\" \/>\n<meta property=\"og:site_name\" content=\"Agencia252\" \/>\n<meta property=\"article:publisher\" content=\"https:\/\/www.facebook.com\/252Comunicacion\/\" \/>\n<meta property=\"article:author\" content=\"https:\/\/www.facebook.com\/jcorroherrera\/\" \/>\n<meta property=\"article:published_time\" content=\"2026-05-02T00:36:19+00:00\" \/>\n<meta property=\"article:modified_time\" content=\"2026-05-02T00:36:40+00:00\" \/>\n<meta property=\"og:image\" content=\"http:\/\/agencia.252.com.mx\/wp-content\/uploads\/2026\/05\/FGJCDMX-Robo-Autopartes-GpoDet-scaled.jpg\" \/>\n\t<meta property=\"og:image:width\" content=\"2560\" \/>\n\t<meta property=\"og:image:height\" content=\"1440\" \/>\n\t<meta property=\"og:image:type\" content=\"image\/jpeg\" \/>\n<meta name=\"author\" content=\"Nacho Corro\" \/>\n<meta name=\"twitter:card\" content=\"summary_large_image\" \/>\n<meta name=\"twitter:creator\" content=\"@Juan Ignacio Corro Herrera\" \/>\n<meta name=\"twitter:site\" content=\"@252COMS\" \/>\n<meta name=\"twitter:label1\" content=\"Escrito por\" \/>\n\t<meta name=\"twitter:data1\" content=\"Nacho Corro\" \/>\n\t<meta name=\"twitter:label2\" content=\"Tiempo de lectura\" \/>\n\t<meta name=\"twitter:data2\" content=\"2 minutos\" \/>\n<script type=\"application\/ld+json\" class=\"yoast-schema-graph\">{\"@context\":\"https:\\\/\\\/schema.org\",\"@graph\":[{\"@type\":\"Article\",\"@id\":\"https:\\\/\\\/agencia.252.com.mx\\\/home\\\/fiscalia-cdmx-y-sspc-detienen-a-lider-de-banda-dedicada-a-la-comercializacion-de-autopartes-robadas-en-cdmx-y-edomex\\\/#article\",\"isPartOf\":{\"@id\":\"https:\\\/\\\/agencia.252.com.mx\\\/home\\\/fiscalia-cdmx-y-sspc-detienen-a-lider-de-banda-dedicada-a-la-comercializacion-de-autopartes-robadas-en-cdmx-y-edomex\\\/\"},\"author\":{\"name\":\"Nacho Corro\",\"@id\":\"https:\\\/\\\/agencia.252.com.mx\\\/home\\\/#\\\/schema\\\/person\\\/6b972021e9a92d45ade8c78d81509098\"},\"headline\":\"Fiscal\u00eda CDMX y SSPC detienen a l\u00edder de banda dedicada a la comercializaci\u00f3n de autopartes robadas en CDMX y Edomex\",\"datePublished\":\"2026-05-02T00:36:19+00:00\",\"dateModified\":\"2026-05-02T00:36:40+00:00\",\"mainEntityOfPage\":{\"@id\":\"https:\\\/\\\/agencia.252.com.mx\\\/home\\\/fiscalia-cdmx-y-sspc-detienen-a-lider-de-banda-dedicada-a-la-comercializacion-de-autopartes-robadas-en-cdmx-y-edomex\\\/\"},\"wordCount\":436,\"commentCount\":0,\"publisher\":{\"@id\":\"https:\\\/\\\/agencia.252.com.mx\\\/home\\\/#organization\"},\"image\":{\"@id\":\"https:\\\/\\\/agencia.252.com.mx\\\/home\\\/fiscalia-cdmx-y-sspc-detienen-a-lider-de-banda-dedicada-a-la-comercializacion-de-autopartes-robadas-en-cdmx-y-edomex\\\/#primaryimage\"},\"thumbnailUrl\":\"https:\\\/\\\/agencia.252.com.mx\\\/wp-content\\\/uploads\\\/2026\\\/05\\\/FGJCDMX-Robo-Autopartes-GpoDet-scaled.jpg\",\"articleSection\":[\"Uncategorized\"],\"inLanguage\":\"es\",\"potentialAction\":[{\"@type\":\"CommentAction\",\"name\":\"Comment\",\"target\":[\"https:\\\/\\\/agencia.252.com.mx\\\/home\\\/fiscalia-cdmx-y-sspc-detienen-a-lider-de-banda-dedicada-a-la-comercializacion-de-autopartes-robadas-en-cdmx-y-edomex\\\/#respond\"]}]},{\"@type\":\"WebPage\",\"@id\":\"https:\\\/\\\/agencia.252.com.mx\\\/home\\\/fiscalia-cdmx-y-sspc-detienen-a-lider-de-banda-dedicada-a-la-comercializacion-de-autopartes-robadas-en-cdmx-y-edomex\\\/\",\"url\":\"https:\\\/\\\/agencia.252.com.mx\\\/home\\\/fiscalia-cdmx-y-sspc-detienen-a-lider-de-banda-dedicada-a-la-comercializacion-de-autopartes-robadas-en-cdmx-y-edomex\\\/\",\"name\":\"Fiscal\u00eda CDMX y SSPC detienen a l\u00edder de banda dedicada a la comercializaci\u00f3n de autopartes robadas en CDMX y Edomex - Agencia252\",\"isPartOf\":{\"@id\":\"https:\\\/\\\/agencia.252.com.mx\\\/home\\\/#website\"},\"primaryImageOfPage\":{\"@id\":\"https:\\\/\\\/agencia.252.com.mx\\\/home\\\/fiscalia-cdmx-y-sspc-detienen-a-lider-de-banda-dedicada-a-la-comercializacion-de-autopartes-robadas-en-cdmx-y-edomex\\\/#primaryimage\"},\"image\":{\"@id\":\"https:\\\/\\\/agencia.252.com.mx\\\/home\\\/fiscalia-cdmx-y-sspc-detienen-a-lider-de-banda-dedicada-a-la-comercializacion-de-autopartes-robadas-en-cdmx-y-edomex\\\/#primaryimage\"},\"thumbnailUrl\":\"https:\\\/\\\/agencia.252.com.mx\\\/wp-content\\\/uploads\\\/2026\\\/05\\\/FGJCDMX-Robo-Autopartes-GpoDet-scaled.jpg\",\"datePublished\":\"2026-05-02T00:36:19+00:00\",\"dateModified\":\"2026-05-02T00:36:40+00:00\",\"breadcrumb\":{\"@id\":\"https:\\\/\\\/agencia.252.com.mx\\\/home\\\/fiscalia-cdmx-y-sspc-detienen-a-lider-de-banda-dedicada-a-la-comercializacion-de-autopartes-robadas-en-cdmx-y-edomex\\\/#breadcrumb\"},\"inLanguage\":\"es\",\"potentialAction\":[{\"@type\":\"ReadAction\",\"target\":[\"https:\\\/\\\/agencia.252.com.mx\\\/home\\\/fiscalia-cdmx-y-sspc-detienen-a-lider-de-banda-dedicada-a-la-comercializacion-de-autopartes-robadas-en-cdmx-y-edomex\\\/\"]}]},{\"@type\":\"ImageObject\",\"inLanguage\":\"es\",\"@id\":\"https:\\\/\\\/agencia.252.com.mx\\\/home\\\/fiscalia-cdmx-y-sspc-detienen-a-lider-de-banda-dedicada-a-la-comercializacion-de-autopartes-robadas-en-cdmx-y-edomex\\\/#primaryimage\",\"url\":\"https:\\\/\\\/agencia.252.com.mx\\\/wp-content\\\/uploads\\\/2026\\\/05\\\/FGJCDMX-Robo-Autopartes-GpoDet-scaled.jpg\",\"contentUrl\":\"https:\\\/\\\/agencia.252.com.mx\\\/wp-content\\\/uploads\\\/2026\\\/05\\\/FGJCDMX-Robo-Autopartes-GpoDet-scaled.jpg\",\"width\":2560,\"height\":1440},{\"@type\":\"BreadcrumbList\",\"@id\":\"https:\\\/\\\/agencia.252.com.mx\\\/home\\\/fiscalia-cdmx-y-sspc-detienen-a-lider-de-banda-dedicada-a-la-comercializacion-de-autopartes-robadas-en-cdmx-y-edomex\\\/#breadcrumb\",\"itemListElement\":[{\"@type\":\"ListItem\",\"position\":1,\"name\":\"Portada\",\"item\":\"https:\\\/\\\/agencia.252.com.mx\\\/home\\\/\"},{\"@type\":\"ListItem\",\"position\":2,\"name\":\"Fiscal\u00eda CDMX y SSPC detienen a l\u00edder de banda dedicada a la comercializaci\u00f3n de autopartes robadas en CDMX y Edomex\"}]},{\"@type\":\"WebSite\",\"@id\":\"https:\\\/\\\/agencia.252.com.mx\\\/home\\\/#website\",\"url\":\"https:\\\/\\\/agencia.252.com.mx\\\/home\\\/\",\"name\":\"Agencia252\",\"description\":\"Tu espacio en la Red\",\"publisher\":{\"@id\":\"https:\\\/\\\/agencia.252.com.mx\\\/home\\\/#organization\"},\"potentialAction\":[{\"@type\":\"SearchAction\",\"target\":{\"@type\":\"EntryPoint\",\"urlTemplate\":\"https:\\\/\\\/agencia.252.com.mx\\\/home\\\/?s={search_term_string}\"},\"query-input\":{\"@type\":\"PropertyValueSpecification\",\"valueRequired\":true,\"valueName\":\"search_term_string\"}}],\"inLanguage\":\"es\"},{\"@type\":\"Organization\",\"@id\":\"https:\\\/\\\/agencia.252.com.mx\\\/home\\\/#organization\",\"name\":\"Agencia252\",\"url\":\"https:\\\/\\\/agencia.252.com.mx\\\/home\\\/\",\"logo\":{\"@type\":\"ImageObject\",\"inLanguage\":\"es\",\"@id\":\"https:\\\/\\\/agencia.252.com.mx\\\/home\\\/#\\\/schema\\\/logo\\\/image\\\/\",\"url\":\"https:\\\/\\\/agencia.252.com.mx\\\/wp-content\\\/uploads\\\/2023\\\/02\\\/cropped-ciruclo-agencia-e1677562404136.png\",\"contentUrl\":\"https:\\\/\\\/agencia.252.com.mx\\\/wp-content\\\/uploads\\\/2023\\\/02\\\/cropped-ciruclo-agencia-e1677562404136.png\",\"width\":512,\"height\":512,\"caption\":\"Agencia252\"},\"image\":{\"@id\":\"https:\\\/\\\/agencia.252.com.mx\\\/home\\\/#\\\/schema\\\/logo\\\/image\\\/\"},\"sameAs\":[\"https:\\\/\\\/www.facebook.com\\\/252Comunicacion\\\/\",\"https:\\\/\\\/x.com\\\/252COMS\"]},{\"@type\":\"Person\",\"@id\":\"https:\\\/\\\/agencia.252.com.mx\\\/home\\\/#\\\/schema\\\/person\\\/6b972021e9a92d45ade8c78d81509098\",\"name\":\"Nacho Corro\",\"image\":{\"@type\":\"ImageObject\",\"inLanguage\":\"es\",\"@id\":\"https:\\\/\\\/secure.gravatar.com\\\/avatar\\\/5db6df507cfe1307e192fbb498c6b85f1cf2ffd8b4cd37141b9eea588fcbd5a4?s=96&r=g\",\"url\":\"https:\\\/\\\/secure.gravatar.com\\\/avatar\\\/5db6df507cfe1307e192fbb498c6b85f1cf2ffd8b4cd37141b9eea588fcbd5a4?s=96&r=g\",\"contentUrl\":\"https:\\\/\\\/secure.gravatar.com\\\/avatar\\\/5db6df507cfe1307e192fbb498c6b85f1cf2ffd8b4cd37141b9eea588fcbd5a4?s=96&r=g\",\"caption\":\"Nacho Corro\"},\"description\":\"Comunicador Social, Periodista y Administraci\u00f3n P\u00fablica. Conversador pol\u00edtico, temas electorales y seguridad. Generador de contenidos digitales. Amante de la fotograf\u00eda\",\"sameAs\":[\"https:\\\/\\\/www.facebook.com\\\/jcorroherrera\\\/\",\"www.instagram.com\\\/nachocorro\\\/\",\"https:\\\/\\\/x.com\\\/Juan Ignacio Corro Herrera\"],\"url\":\"https:\\\/\\\/agencia.252.com.mx\\\/home\\\/author\\\/i-corro\\\/\"}]}<\/script>\n<!-- \/ Yoast SEO plugin. -->","yoast_head_json":{"title":"Fiscal\u00eda CDMX y SSPC detienen a l\u00edder de banda dedicada a la comercializaci\u00f3n de autopartes robadas en CDMX y Edomex - Agencia252","robots":{"index":"index","follow":"follow","max-snippet":"max-snippet:-1","max-image-preview":"max-image-preview:large","max-video-preview":"max-video-preview:-1"},"canonical":"https:\/\/agencia.252.com.mx\/home\/fiscalia-cdmx-y-sspc-detienen-a-lider-de-banda-dedicada-a-la-comercializacion-de-autopartes-robadas-en-cdmx-y-edomex\/","og_locale":"es_ES","og_type":"article","og_title":"Fiscal\u00eda CDMX y SSPC detienen a l\u00edder de banda dedicada a la comercializaci\u00f3n de autopartes robadas en CDMX y Edomex - Agencia252","og_description":"Visitas: 2 Juan Ignacio Corro&nbsp; Ciudad de M\u00e9xico, a 1 de mayo&nbsp;&nbsp;de 2026 La Fiscal\u00eda General de Justicia de la Ciudad de M\u00e9xico (Fiscal\u00eda CDMX), en coordinaci\u00f3n con la Secretar\u00eda de Seguridad y Protecci\u00f3n Ciudadana (SSPC), ejecut\u00f3 un cateo en la alcald\u00eda Gustavo A. Madero que permiti\u00f3 la detenci\u00f3n de Pablo \u201cN\u201d, identificado como probable [&hellip;]","og_url":"https:\/\/agencia.252.com.mx\/home\/fiscalia-cdmx-y-sspc-detienen-a-lider-de-banda-dedicada-a-la-comercializacion-de-autopartes-robadas-en-cdmx-y-edomex\/","og_site_name":"Agencia252","article_publisher":"https:\/\/www.facebook.com\/252Comunicacion\/","article_author":"https:\/\/www.facebook.com\/jcorroherrera\/","article_published_time":"2026-05-02T00:36:19+00:00","article_modified_time":"2026-05-02T00:36:40+00:00","og_image":[{"width":2560,"height":1440,"url":"http:\/\/agencia.252.com.mx\/wp-content\/uploads\/2026\/05\/FGJCDMX-Robo-Autopartes-GpoDet-scaled.jpg","type":"image\/jpeg"}],"author":"Nacho Corro","twitter_card":"summary_large_image","twitter_creator":"@Juan Ignacio Corro Herrera","twitter_site":"@252COMS","twitter_misc":{"Escrito por":"Nacho Corro","Tiempo de lectura":"2 minutos"},"schema":{"@context":"https:\/\/schema.org","@graph":[{"@type":"Article","@id":"https:\/\/agencia.252.com.mx\/home\/fiscalia-cdmx-y-sspc-detienen-a-lider-de-banda-dedicada-a-la-comercializacion-de-autopartes-robadas-en-cdmx-y-edomex\/#article","isPartOf":{"@id":"https:\/\/agencia.252.com.mx\/home\/fiscalia-cdmx-y-sspc-detienen-a-lider-de-banda-dedicada-a-la-comercializacion-de-autopartes-robadas-en-cdmx-y-edomex\/"},"author":{"name":"Nacho Corro","@id":"https:\/\/agencia.252.com.mx\/home\/#\/schema\/person\/6b972021e9a92d45ade8c78d81509098"},"headline":"Fiscal\u00eda CDMX y SSPC detienen a l\u00edder de banda dedicada a la comercializaci\u00f3n de autopartes robadas en CDMX y Edomex","datePublished":"2026-05-02T00:36:19+00:00","dateModified":"2026-05-02T00:36:40+00:00","mainEntityOfPage":{"@id":"https:\/\/agencia.252.com.mx\/home\/fiscalia-cdmx-y-sspc-detienen-a-lider-de-banda-dedicada-a-la-comercializacion-de-autopartes-robadas-en-cdmx-y-edomex\/"},"wordCount":436,"commentCount":0,"publisher":{"@id":"https:\/\/agencia.252.com.mx\/home\/#organization"},"image":{"@id":"https:\/\/agencia.252.com.mx\/home\/fiscalia-cdmx-y-sspc-detienen-a-lider-de-banda-dedicada-a-la-comercializacion-de-autopartes-robadas-en-cdmx-y-edomex\/#primaryimage"},"thumbnailUrl":"https:\/\/agencia.252.com.mx\/wp-content\/uploads\/2026\/05\/FGJCDMX-Robo-Autopartes-GpoDet-scaled.jpg","articleSection":["Uncategorized"],"inLanguage":"es","potentialAction":[{"@type":"CommentAction","name":"Comment","target":["https:\/\/agencia.252.com.mx\/home\/fiscalia-cdmx-y-sspc-detienen-a-lider-de-banda-dedicada-a-la-comercializacion-de-autopartes-robadas-en-cdmx-y-edomex\/#respond"]}]},{"@type":"WebPage","@id":"https:\/\/agencia.252.com.mx\/home\/fiscalia-cdmx-y-sspc-detienen-a-lider-de-banda-dedicada-a-la-comercializacion-de-autopartes-robadas-en-cdmx-y-edomex\/","url":"https:\/\/agencia.252.com.mx\/home\/fiscalia-cdmx-y-sspc-detienen-a-lider-de-banda-dedicada-a-la-comercializacion-de-autopartes-robadas-en-cdmx-y-edomex\/","name":"Fiscal\u00eda CDMX y SSPC detienen a l\u00edder de banda dedicada a la comercializaci\u00f3n de autopartes robadas en CDMX y Edomex - Agencia252","isPartOf":{"@id":"https:\/\/agencia.252.com.mx\/home\/#website"},"primaryImageOfPage":{"@id":"https:\/\/agencia.252.com.mx\/home\/fiscalia-cdmx-y-sspc-detienen-a-lider-de-banda-dedicada-a-la-comercializacion-de-autopartes-robadas-en-cdmx-y-edomex\/#primaryimage"},"image":{"@id":"https:\/\/agencia.252.com.mx\/home\/fiscalia-cdmx-y-sspc-detienen-a-lider-de-banda-dedicada-a-la-comercializacion-de-autopartes-robadas-en-cdmx-y-edomex\/#primaryimage"},"thumbnailUrl":"https:\/\/agencia.252.com.mx\/wp-content\/uploads\/2026\/05\/FGJCDMX-Robo-Autopartes-GpoDet-scaled.jpg","datePublished":"2026-05-02T00:36:19+00:00","dateModified":"2026-05-02T00:36:40+00:00","breadcrumb":{"@id":"https:\/\/agencia.252.com.mx\/home\/fiscalia-cdmx-y-sspc-detienen-a-lider-de-banda-dedicada-a-la-comercializacion-de-autopartes-robadas-en-cdmx-y-edomex\/#breadcrumb"},"inLanguage":"es","potentialAction":[{"@type":"ReadAction","target":["https:\/\/agencia.252.com.mx\/home\/fiscalia-cdmx-y-sspc-detienen-a-lider-de-banda-dedicada-a-la-comercializacion-de-autopartes-robadas-en-cdmx-y-edomex\/"]}]},{"@type":"ImageObject","inLanguage":"es","@id":"https:\/\/agencia.252.com.mx\/home\/fiscalia-cdmx-y-sspc-detienen-a-lider-de-banda-dedicada-a-la-comercializacion-de-autopartes-robadas-en-cdmx-y-edomex\/#primaryimage","url":"https:\/\/agencia.252.com.mx\/wp-content\/uploads\/2026\/05\/FGJCDMX-Robo-Autopartes-GpoDet-scaled.jpg","contentUrl":"https:\/\/agencia.252.com.mx\/wp-content\/uploads\/2026\/05\/FGJCDMX-Robo-Autopartes-GpoDet-scaled.jpg","width":2560,"height":1440},{"@type":"BreadcrumbList","@id":"https:\/\/agencia.252.com.mx\/home\/fiscalia-cdmx-y-sspc-detienen-a-lider-de-banda-dedicada-a-la-comercializacion-de-autopartes-robadas-en-cdmx-y-edomex\/#breadcrumb","itemListElement":[{"@type":"ListItem","position":1,"name":"Portada","item":"https:\/\/agencia.252.com.mx\/home\/"},{"@type":"ListItem","position":2,"name":"Fiscal\u00eda CDMX y SSPC detienen a l\u00edder de banda dedicada a la comercializaci\u00f3n de autopartes robadas en CDMX y Edomex"}]},{"@type":"WebSite","@id":"https:\/\/agencia.252.com.mx\/home\/#website","url":"https:\/\/agencia.252.com.mx\/home\/","name":"Agencia252","description":"Tu espacio en la Red","publisher":{"@id":"https:\/\/agencia.252.com.mx\/home\/#organization"},"potentialAction":[{"@type":"SearchAction","target":{"@type":"EntryPoint","urlTemplate":"https:\/\/agencia.252.com.mx\/home\/?s={search_term_string}"},"query-input":{"@type":"PropertyValueSpecification","valueRequired":true,"valueName":"search_term_string"}}],"inLanguage":"es"},{"@type":"Organization","@id":"https:\/\/agencia.252.com.mx\/home\/#organization","name":"Agencia252","url":"https:\/\/agencia.252.com.mx\/home\/","logo":{"@type":"ImageObject","inLanguage":"es","@id":"https:\/\/agencia.252.com.mx\/home\/#\/schema\/logo\/image\/","url":"https:\/\/agencia.252.com.mx\/wp-content\/uploads\/2023\/02\/cropped-ciruclo-agencia-e1677562404136.png","contentUrl":"https:\/\/agencia.252.com.mx\/wp-content\/uploads\/2023\/02\/cropped-ciruclo-agencia-e1677562404136.png","width":512,"height":512,"caption":"Agencia252"},"image":{"@id":"https:\/\/agencia.252.com.mx\/home\/#\/schema\/logo\/image\/"},"sameAs":["https:\/\/www.facebook.com\/252Comunicacion\/","https:\/\/x.com\/252COMS"]},{"@type":"Person","@id":"https:\/\/agencia.252.com.mx\/home\/#\/schema\/person\/6b972021e9a92d45ade8c78d81509098","name":"Nacho Corro","image":{"@type":"ImageObject","inLanguage":"es","@id":"https:\/\/secure.gravatar.com\/avatar\/5db6df507cfe1307e192fbb498c6b85f1cf2ffd8b4cd37141b9eea588fcbd5a4?s=96&r=g","url":"https:\/\/secure.gravatar.com\/avatar\/5db6df507cfe1307e192fbb498c6b85f1cf2ffd8b4cd37141b9eea588fcbd5a4?s=96&r=g","contentUrl":"https:\/\/secure.gravatar.com\/avatar\/5db6df507cfe1307e192fbb498c6b85f1cf2ffd8b4cd37141b9eea588fcbd5a4?s=96&r=g","caption":"Nacho Corro"},"description":"Comunicador Social, Periodista y Administraci\u00f3n P\u00fablica. Conversador pol\u00edtico, temas electorales y seguridad. Generador de contenidos digitales. Amante de la fotograf\u00eda","sameAs":["https:\/\/www.facebook.com\/jcorroherrera\/","www.instagram.com\/nachocorro\/","https:\/\/x.com\/Juan Ignacio Corro Herrera"],"url":"https:\/\/agencia.252.com.mx\/home\/author\/i-corro\/"}]}},"_links":{"self":[{"href":"https:\/\/agencia.252.com.mx\/home\/wp-json\/wp\/v2\/posts\/18946","targetHints":{"allow":["GET"]}}],"collection":[{"href":"https:\/\/agencia.252.com.mx\/home\/wp-json\/wp\/v2\/posts"}],"about":[{"href":"https:\/\/agencia.252.com.mx\/home\/wp-json\/wp\/v2\/types\/post"}],"author":[{"embeddable":true,"href":"https:\/\/agencia.252.com.mx\/home\/wp-json\/wp\/v2\/users\/5"}],"replies":[{"embeddable":true,"href":"https:\/\/agencia.252.com.mx\/home\/wp-json\/wp\/v2\/comments?post=18946"}],"version-history":[{"count":2,"href":"https:\/\/agencia.252.com.mx\/home\/wp-json\/wp\/v2\/posts\/18946\/revisions"}],"predecessor-version":[{"id":18952,"href":"https:\/\/agencia.252.com.mx\/home\/wp-json\/wp\/v2\/posts\/18946\/revisions\/18952"}],"wp:featuredmedia":[{"embeddable":true,"href":"https:\/\/agencia.252.com.mx\/home\/wp-json\/wp\/v2\/media\/18947"}],"wp:attachment":[{"href":"https:\/\/agencia.252.com.mx\/home\/wp-json\/wp\/v2\/media?parent=18946"}],"wp:term":[{"taxonomy":"category","embeddable":true,"href":"https:\/\/agencia.252.com.mx\/home\/wp-json\/wp\/v2\/categories?post=18946"},{"taxonomy":"post_tag","embeddable":true,"href":"https:\/\/agencia.252.com.mx\/home\/wp-json\/wp\/v2\/tags?post=18946"}],"curies":[{"name":"wp","href":"https:\/\/api.w.org\/{rel}","templated":true}]}}