{"id":18942,"date":"2026-05-01T16:57:55","date_gmt":"2026-05-01T22:57:55","guid":{"rendered":"https:\/\/agencia.252.com.mx\/home\/?p=18942"},"modified":"2026-05-01T16:57:58","modified_gmt":"2026-05-01T22:57:58","slug":"rescatan-con-luz-y-color-el-deportivo-san-andres","status":"publish","type":"post","link":"https:\/\/agencia.252.com.mx\/home\/rescatan-con-luz-y-color-el-deportivo-san-andres\/","title":{"rendered":"Rescatan con luz y color el Deportivo San Andr\u00e9s*"},"content":{"rendered":"<p>Visitas: 2<\/p>\n<ul class=\"wp-block-list\">\n<li><em>Azucena Cisneros recupera espacios para ni\u00f1as, ni\u00f1os y j\u00f3venes en la parte alta de la Sierra de Guadalupe<\/em><\/li>\n<\/ul>\n\n\n\n<ul class=\"wp-block-list\">\n<li><em>El colectivo espa\u00f1ol Boa Mistura intervino las canchas con un mural con la palabra LUZ, visible desde el Mexicable<\/em><\/li>\n<\/ul>\n\n\n\n<p>Juan Ignacio Corro&nbsp;<\/p>\n\n\n\n<p class=\"has-text-align-right\">Ecatepec, Estado de M\u00e9xico, a 1 de mayo&nbsp;&nbsp;de 2026<\/p>\n\n\n\n<p>El deportivo San Andr\u00e9se Ecatepec, se llen\u00f3 de luz y color. El gobierno municipal intervino este espacio, ubicado en avenida La Mora, colonia Los Bordos, en la parte alta de la Sierra de Guadalupe, y lo rescat\u00f3 para los pobladores, que lo ocuparon con actividades de basquetbol, box, futbol y zumba.<\/p>\n\n\n\n<p>\u201cMucha luz, mucho color para que la gente vea un cambio radical, para que eso tambi\u00e9n promueva en nuestras ni\u00f1as, en nuestros ni\u00f1os, un cambio de conductas, al igual que en la comunidad\u201d, afirm\u00f3 la alcaldesa Azucena Cisneros Coss, quien con un partido de basquetbol inaugur\u00f3 las canchas remozadas.<\/p>\n\n\n\n<figure class=\"wp-block-gallery has-nested-images columns-default is-cropped wp-block-gallery-1 is-layout-flex wp-block-gallery-is-layout-flex\">\n<figure class=\"wp-block-image size-large\"><img fetchpriority=\"high\" decoding=\"async\" width=\"1024\" height=\"767\" data-id=\"18943\" src=\"https:\/\/agencia.252.com.mx\/wp-content\/uploads\/2026\/05\/WhatsApp-Image-2026-05-01-at-1.57.27-PM-1-1024x767.jpeg\" alt=\"\" class=\"wp-image-18943\" srcset=\"https:\/\/agencia.252.com.mx\/wp-content\/uploads\/2026\/05\/WhatsApp-Image-2026-05-01-at-1.57.27-PM-1-1024x767.jpeg 1024w, https:\/\/agencia.252.com.mx\/wp-content\/uploads\/2026\/05\/WhatsApp-Image-2026-05-01-at-1.57.27-PM-1-300x225.jpeg 300w, https:\/\/agencia.252.com.mx\/wp-content\/uploads\/2026\/05\/WhatsApp-Image-2026-05-01-at-1.57.27-PM-1-768x576.jpeg 768w, https:\/\/agencia.252.com.mx\/wp-content\/uploads\/2026\/05\/WhatsApp-Image-2026-05-01-at-1.57.27-PM-1-1536x1151.jpeg 1536w, https:\/\/agencia.252.com.mx\/wp-content\/uploads\/2026\/05\/WhatsApp-Image-2026-05-01-at-1.57.27-PM-1.jpeg 1600w\" sizes=\"(max-width: 1024px) 100vw, 1024px\" \/><\/figure>\n<\/figure>\n\n\n\n<p>Agreg\u00f3: \u201cLo que tenemos que hacer es apropiarnos de los territorios, no volverlos a soltar porque si soltamos otros los han ido agarrando y eso no nos ha ayudado en nada\u201d.<\/p>\n\n\n\n<p>La colonia Los Bordos forma parte de la regi\u00f3n de San Andr\u00e9s de La Ca\u00f1ada, asentada en la Sierra de Guadalupe y que desde hace d\u00e9cadas enfrenta severos rezagos, sobre todo en materia de servicios p\u00fablicos y de espacios adecuados para la recreaci\u00f3n y el deporte.<\/p>\n\n\n\n<p>El deportivo San Andr\u00e9s es ahora sede del programa Cambia de Cancha, que impulsa a ni\u00f1as, ni\u00f1os, adolescentes y j\u00f3venes a realizar actividades deportivas y recreativas para alejarlos de conductas antisociales, por lo que en el lugar ense\u00f1an basquetbol, futbol, boxeo y zumba, entre otras actividades. En las gradas fue pintada la leyenda \u201cAqu\u00ed arriba. Bajo esta luz que nos une\u201d.<\/p>\n\n\n\n<p>\u201cAc\u00e1 estamos, en la parte alta, iluminando, generando todo lo que son actividades, recuperando territorio, construyendo territorios de paz\u201d, insisti\u00f3 Cisneros Coss.<\/p>\n\n\n\n<p>La mun\u00edcipe jug\u00f3 una \u201ccascarita\u201d de basquetbol \u201cporque no hay mejor manera de poder inaugurar esta cancha tan bonita, que si ustedes la ven desde arriba dice LUZ, que eso es lo que queremos en Ecatepec, mucha luz\u201d.<\/p>\n\n\n\n<p>El colectivo art\u00edstico espa\u00f1ol Boa Mistura (Buena Mezcla, en portugu\u00e9s) intervino con un gran mural multicolor las dos canchas de basquetbol y las gradas, que tienen la leyenda LUZ visible desde el Mexicable, lo que convierte diferente el espacio para que no pase inadvertido y para que sea utilizado por las personas.<\/p>\n\n\n\n<p>El deportivo fue rehabilitado en respuesta a una petici\u00f3n vecinal planteada en una Mesa Comunitaria de Paz realizada en la zona. En el partido inaugural jugaron los equipos Cambia de Cancha y Correcaminos de Santa Mar\u00eda Tulpetlac, este \u00faltimo que recientemente gan\u00f3 el tercer lugar en la Olimpiada Nacional Ind\u00edgena Horacio Llamas 2026, el cual es encabezado por el jugador Sebasti\u00e1n Cort\u00e9s Vargas, de 19 a\u00f1os de edad, y cuyos integrantes fueron reconocidos por el gobierno municipal.<\/p>\n\n\n\n<p>Reinvidican en Tlalnepantla 140 a\u00f1os de la lucha obrera ante miles de integrntes de organizaciones sindicales&nbsp;<\/p>\n","protected":false},"excerpt":{"rendered":"<p>Visitas: 2 Juan Ignacio Corro&nbsp; Ecatepec, Estado de M\u00e9xico, a 1 de mayo&nbsp;&nbsp;de 2026 El deportivo San Andr\u00e9se Ecatepec, se llen\u00f3 de luz y color. El gobierno municipal intervino este espacio, ubicado en avenida La Mora, colonia Los Bordos, en la parte alta de la Sierra de Guadalupe, y lo rescat\u00f3 para los pobladores, que [&hellip;]<\/p>\n","protected":false},"author":5,"featured_media":18944,"comment_status":"open","ping_status":"open","sticky":false,"template":"","format":"standard","meta":{"site-sidebar-layout":"default","site-content-layout":"","ast-site-content-layout":"default","site-content-style":"default","site-sidebar-style":"default","ast-global-header-display":"","ast-banner-title-visibility":"","ast-main-header-display":"","ast-hfb-above-header-display":"","ast-hfb-below-header-display":"","ast-hfb-mobile-header-display":"","site-post-title":"","ast-breadcrumbs-content":"","ast-featured-img":"","footer-sml-layout":"","ast-disable-related-posts":"","theme-transparent-header-meta":"","adv-header-id-meta":"","stick-header-meta":"","header-above-stick-meta":"","header-main-stick-meta":"","header-below-stick-meta":"","astra-migrate-meta-layouts":"set","ast-page-background-enabled":"default","ast-page-background-meta":{"desktop":{"background-color":"var(--ast-global-color-4)","background-image":"","background-repeat":"repeat","background-position":"center center","background-size":"auto","background-attachment":"scroll","background-type":"","background-media":"","overlay-type":"","overlay-color":"","overlay-opacity":"","overlay-gradient":""},"tablet":{"background-color":"","background-image":"","background-repeat":"repeat","background-position":"center center","background-size":"auto","background-attachment":"scroll","background-type":"","background-media":"","overlay-type":"","overlay-color":"","overlay-opacity":"","overlay-gradient":""},"mobile":{"background-color":"","background-image":"","background-repeat":"repeat","background-position":"center center","background-size":"auto","background-attachment":"scroll","background-type":"","background-media":"","overlay-type":"","overlay-color":"","overlay-opacity":"","overlay-gradient":""}},"ast-content-background-meta":{"desktop":{"background-color":"var(--ast-global-color-5)","background-image":"","background-repeat":"repeat","background-position":"center center","background-size":"auto","background-attachment":"scroll","background-type":"","background-media":"","overlay-type":"","overlay-color":"","overlay-opacity":"","overlay-gradient":""},"tablet":{"background-color":"var(--ast-global-color-5)","background-image":"","background-repeat":"repeat","background-position":"center center","background-size":"auto","background-attachment":"scroll","background-type":"","background-media":"","overlay-type":"","overlay-color":"","overlay-opacity":"","overlay-gradient":""},"mobile":{"background-color":"var(--ast-global-color-5)","background-image":"","background-repeat":"repeat","background-position":"center center","background-size":"auto","background-attachment":"scroll","background-type":"","background-media":"","overlay-type":"","overlay-color":"","overlay-opacity":"","overlay-gradient":""}},"footnotes":""},"categories":[38,8,512],"tags":[526],"class_list":["post-18942","post","type-post","status-publish","format-standard","has-post-thumbnail","hentry","category-ecatepec","category-edomex","category-metropoli","tag-edomex"],"yoast_head":"<!-- This site is optimized with the Yoast SEO plugin v27.4 - https:\/\/yoast.com\/product\/yoast-seo-wordpress\/ -->\n<title>Rescatan con luz y color el Deportivo San Andr\u00e9s* - Agencia252<\/title>\n<meta name=\"robots\" content=\"index, follow, max-snippet:-1, max-image-preview:large, max-video-preview:-1\" \/>\n<link rel=\"canonical\" href=\"https:\/\/agencia.252.com.mx\/home\/rescatan-con-luz-y-color-el-deportivo-san-andres\/\" \/>\n<meta property=\"og:locale\" content=\"es_ES\" \/>\n<meta property=\"og:type\" content=\"article\" \/>\n<meta property=\"og:title\" content=\"Rescatan con luz y color el Deportivo San Andr\u00e9s* - Agencia252\" \/>\n<meta property=\"og:description\" content=\"Visitas: 2 Juan Ignacio Corro&nbsp; Ecatepec, Estado de M\u00e9xico, a 1 de mayo&nbsp;&nbsp;de 2026 El deportivo San Andr\u00e9se Ecatepec, se llen\u00f3 de luz y color. El gobierno municipal intervino este espacio, ubicado en avenida La Mora, colonia Los Bordos, en la parte alta de la Sierra de Guadalupe, y lo rescat\u00f3 para los pobladores, que [&hellip;]\" \/>\n<meta property=\"og:url\" content=\"https:\/\/agencia.252.com.mx\/home\/rescatan-con-luz-y-color-el-deportivo-san-andres\/\" \/>\n<meta property=\"og:site_name\" content=\"Agencia252\" \/>\n<meta property=\"article:publisher\" content=\"https:\/\/www.facebook.com\/252Comunicacion\/\" \/>\n<meta property=\"article:author\" content=\"https:\/\/www.facebook.com\/jcorroherrera\/\" \/>\n<meta property=\"article:published_time\" content=\"2026-05-01T22:57:55+00:00\" \/>\n<meta property=\"article:modified_time\" content=\"2026-05-01T22:57:58+00:00\" \/>\n<meta property=\"og:image\" content=\"http:\/\/agencia.252.com.mx\/wp-content\/uploads\/2026\/05\/WhatsApp-Image-2026-05-01-at-1.57.25-PM-1.jpeg\" \/>\n\t<meta property=\"og:image:width\" content=\"1280\" \/>\n\t<meta property=\"og:image:height\" content=\"959\" \/>\n\t<meta property=\"og:image:type\" content=\"image\/jpeg\" \/>\n<meta name=\"author\" content=\"Nacho Corro\" \/>\n<meta name=\"twitter:card\" content=\"summary_large_image\" \/>\n<meta name=\"twitter:creator\" content=\"@Juan Ignacio Corro Herrera\" \/>\n<meta name=\"twitter:site\" content=\"@252COMS\" \/>\n<meta name=\"twitter:label1\" content=\"Escrito por\" \/>\n\t<meta name=\"twitter:data1\" content=\"Nacho Corro\" \/>\n\t<meta name=\"twitter:label2\" content=\"Tiempo de lectura\" \/>\n\t<meta name=\"twitter:data2\" content=\"3 minutos\" \/>\n<script type=\"application\/ld+json\" class=\"yoast-schema-graph\">{\"@context\":\"https:\\\/\\\/schema.org\",\"@graph\":[{\"@type\":\"Article\",\"@id\":\"https:\\\/\\\/agencia.252.com.mx\\\/home\\\/rescatan-con-luz-y-color-el-deportivo-san-andres\\\/#article\",\"isPartOf\":{\"@id\":\"https:\\\/\\\/agencia.252.com.mx\\\/home\\\/rescatan-con-luz-y-color-el-deportivo-san-andres\\\/\"},\"author\":{\"name\":\"Nacho Corro\",\"@id\":\"https:\\\/\\\/agencia.252.com.mx\\\/home\\\/#\\\/schema\\\/person\\\/6b972021e9a92d45ade8c78d81509098\"},\"headline\":\"Rescatan con luz y color el Deportivo San Andr\u00e9s*\",\"datePublished\":\"2026-05-01T22:57:55+00:00\",\"dateModified\":\"2026-05-01T22:57:58+00:00\",\"mainEntityOfPage\":{\"@id\":\"https:\\\/\\\/agencia.252.com.mx\\\/home\\\/rescatan-con-luz-y-color-el-deportivo-san-andres\\\/\"},\"wordCount\":533,\"commentCount\":0,\"publisher\":{\"@id\":\"https:\\\/\\\/agencia.252.com.mx\\\/home\\\/#organization\"},\"image\":{\"@id\":\"https:\\\/\\\/agencia.252.com.mx\\\/home\\\/rescatan-con-luz-y-color-el-deportivo-san-andres\\\/#primaryimage\"},\"thumbnailUrl\":\"https:\\\/\\\/agencia.252.com.mx\\\/wp-content\\\/uploads\\\/2026\\\/05\\\/WhatsApp-Image-2026-05-01-at-1.57.25-PM-1.jpeg\",\"keywords\":[\"Edomex\"],\"articleSection\":[\"Ecatepec\",\"Edomex\",\"Metropoli\"],\"inLanguage\":\"es\",\"potentialAction\":[{\"@type\":\"CommentAction\",\"name\":\"Comment\",\"target\":[\"https:\\\/\\\/agencia.252.com.mx\\\/home\\\/rescatan-con-luz-y-color-el-deportivo-san-andres\\\/#respond\"]}]},{\"@type\":\"WebPage\",\"@id\":\"https:\\\/\\\/agencia.252.com.mx\\\/home\\\/rescatan-con-luz-y-color-el-deportivo-san-andres\\\/\",\"url\":\"https:\\\/\\\/agencia.252.com.mx\\\/home\\\/rescatan-con-luz-y-color-el-deportivo-san-andres\\\/\",\"name\":\"Rescatan con luz y color el Deportivo San Andr\u00e9s* - Agencia252\",\"isPartOf\":{\"@id\":\"https:\\\/\\\/agencia.252.com.mx\\\/home\\\/#website\"},\"primaryImageOfPage\":{\"@id\":\"https:\\\/\\\/agencia.252.com.mx\\\/home\\\/rescatan-con-luz-y-color-el-deportivo-san-andres\\\/#primaryimage\"},\"image\":{\"@id\":\"https:\\\/\\\/agencia.252.com.mx\\\/home\\\/rescatan-con-luz-y-color-el-deportivo-san-andres\\\/#primaryimage\"},\"thumbnailUrl\":\"https:\\\/\\\/agencia.252.com.mx\\\/wp-content\\\/uploads\\\/2026\\\/05\\\/WhatsApp-Image-2026-05-01-at-1.57.25-PM-1.jpeg\",\"datePublished\":\"2026-05-01T22:57:55+00:00\",\"dateModified\":\"2026-05-01T22:57:58+00:00\",\"breadcrumb\":{\"@id\":\"https:\\\/\\\/agencia.252.com.mx\\\/home\\\/rescatan-con-luz-y-color-el-deportivo-san-andres\\\/#breadcrumb\"},\"inLanguage\":\"es\",\"potentialAction\":[{\"@type\":\"ReadAction\",\"target\":[\"https:\\\/\\\/agencia.252.com.mx\\\/home\\\/rescatan-con-luz-y-color-el-deportivo-san-andres\\\/\"]}]},{\"@type\":\"ImageObject\",\"inLanguage\":\"es\",\"@id\":\"https:\\\/\\\/agencia.252.com.mx\\\/home\\\/rescatan-con-luz-y-color-el-deportivo-san-andres\\\/#primaryimage\",\"url\":\"https:\\\/\\\/agencia.252.com.mx\\\/wp-content\\\/uploads\\\/2026\\\/05\\\/WhatsApp-Image-2026-05-01-at-1.57.25-PM-1.jpeg\",\"contentUrl\":\"https:\\\/\\\/agencia.252.com.mx\\\/wp-content\\\/uploads\\\/2026\\\/05\\\/WhatsApp-Image-2026-05-01-at-1.57.25-PM-1.jpeg\",\"width\":1280,\"height\":959},{\"@type\":\"BreadcrumbList\",\"@id\":\"https:\\\/\\\/agencia.252.com.mx\\\/home\\\/rescatan-con-luz-y-color-el-deportivo-san-andres\\\/#breadcrumb\",\"itemListElement\":[{\"@type\":\"ListItem\",\"position\":1,\"name\":\"Portada\",\"item\":\"https:\\\/\\\/agencia.252.com.mx\\\/home\\\/\"},{\"@type\":\"ListItem\",\"position\":2,\"name\":\"Rescatan con luz y color el Deportivo San Andr\u00e9s*\"}]},{\"@type\":\"WebSite\",\"@id\":\"https:\\\/\\\/agencia.252.com.mx\\\/home\\\/#website\",\"url\":\"https:\\\/\\\/agencia.252.com.mx\\\/home\\\/\",\"name\":\"Agencia252\",\"description\":\"Tu espacio en la Red\",\"publisher\":{\"@id\":\"https:\\\/\\\/agencia.252.com.mx\\\/home\\\/#organization\"},\"potentialAction\":[{\"@type\":\"SearchAction\",\"target\":{\"@type\":\"EntryPoint\",\"urlTemplate\":\"https:\\\/\\\/agencia.252.com.mx\\\/home\\\/?s={search_term_string}\"},\"query-input\":{\"@type\":\"PropertyValueSpecification\",\"valueRequired\":true,\"valueName\":\"search_term_string\"}}],\"inLanguage\":\"es\"},{\"@type\":\"Organization\",\"@id\":\"https:\\\/\\\/agencia.252.com.mx\\\/home\\\/#organization\",\"name\":\"Agencia252\",\"url\":\"https:\\\/\\\/agencia.252.com.mx\\\/home\\\/\",\"logo\":{\"@type\":\"ImageObject\",\"inLanguage\":\"es\",\"@id\":\"https:\\\/\\\/agencia.252.com.mx\\\/home\\\/#\\\/schema\\\/logo\\\/image\\\/\",\"url\":\"https:\\\/\\\/agencia.252.com.mx\\\/wp-content\\\/uploads\\\/2023\\\/02\\\/cropped-ciruclo-agencia-e1677562404136.png\",\"contentUrl\":\"https:\\\/\\\/agencia.252.com.mx\\\/wp-content\\\/uploads\\\/2023\\\/02\\\/cropped-ciruclo-agencia-e1677562404136.png\",\"width\":512,\"height\":512,\"caption\":\"Agencia252\"},\"image\":{\"@id\":\"https:\\\/\\\/agencia.252.com.mx\\\/home\\\/#\\\/schema\\\/logo\\\/image\\\/\"},\"sameAs\":[\"https:\\\/\\\/www.facebook.com\\\/252Comunicacion\\\/\",\"https:\\\/\\\/x.com\\\/252COMS\"]},{\"@type\":\"Person\",\"@id\":\"https:\\\/\\\/agencia.252.com.mx\\\/home\\\/#\\\/schema\\\/person\\\/6b972021e9a92d45ade8c78d81509098\",\"name\":\"Nacho Corro\",\"image\":{\"@type\":\"ImageObject\",\"inLanguage\":\"es\",\"@id\":\"https:\\\/\\\/secure.gravatar.com\\\/avatar\\\/5db6df507cfe1307e192fbb498c6b85f1cf2ffd8b4cd37141b9eea588fcbd5a4?s=96&r=g\",\"url\":\"https:\\\/\\\/secure.gravatar.com\\\/avatar\\\/5db6df507cfe1307e192fbb498c6b85f1cf2ffd8b4cd37141b9eea588fcbd5a4?s=96&r=g\",\"contentUrl\":\"https:\\\/\\\/secure.gravatar.com\\\/avatar\\\/5db6df507cfe1307e192fbb498c6b85f1cf2ffd8b4cd37141b9eea588fcbd5a4?s=96&r=g\",\"caption\":\"Nacho Corro\"},\"description\":\"Comunicador Social, Periodista y Administraci\u00f3n P\u00fablica. Conversador pol\u00edtico, temas electorales y seguridad. Generador de contenidos digitales. Amante de la fotograf\u00eda\",\"sameAs\":[\"https:\\\/\\\/www.facebook.com\\\/jcorroherrera\\\/\",\"www.instagram.com\\\/nachocorro\\\/\",\"https:\\\/\\\/x.com\\\/Juan Ignacio Corro Herrera\"],\"url\":\"https:\\\/\\\/agencia.252.com.mx\\\/home\\\/author\\\/i-corro\\\/\"}]}<\/script>\n<!-- \/ Yoast SEO plugin. -->","yoast_head_json":{"title":"Rescatan con luz y color el Deportivo San Andr\u00e9s* - Agencia252","robots":{"index":"index","follow":"follow","max-snippet":"max-snippet:-1","max-image-preview":"max-image-preview:large","max-video-preview":"max-video-preview:-1"},"canonical":"https:\/\/agencia.252.com.mx\/home\/rescatan-con-luz-y-color-el-deportivo-san-andres\/","og_locale":"es_ES","og_type":"article","og_title":"Rescatan con luz y color el Deportivo San Andr\u00e9s* - Agencia252","og_description":"Visitas: 2 Juan Ignacio Corro&nbsp; Ecatepec, Estado de M\u00e9xico, a 1 de mayo&nbsp;&nbsp;de 2026 El deportivo San Andr\u00e9se Ecatepec, se llen\u00f3 de luz y color. El gobierno municipal intervino este espacio, ubicado en avenida La Mora, colonia Los Bordos, en la parte alta de la Sierra de Guadalupe, y lo rescat\u00f3 para los pobladores, que [&hellip;]","og_url":"https:\/\/agencia.252.com.mx\/home\/rescatan-con-luz-y-color-el-deportivo-san-andres\/","og_site_name":"Agencia252","article_publisher":"https:\/\/www.facebook.com\/252Comunicacion\/","article_author":"https:\/\/www.facebook.com\/jcorroherrera\/","article_published_time":"2026-05-01T22:57:55+00:00","article_modified_time":"2026-05-01T22:57:58+00:00","og_image":[{"width":1280,"height":959,"url":"http:\/\/agencia.252.com.mx\/wp-content\/uploads\/2026\/05\/WhatsApp-Image-2026-05-01-at-1.57.25-PM-1.jpeg","type":"image\/jpeg"}],"author":"Nacho Corro","twitter_card":"summary_large_image","twitter_creator":"@Juan Ignacio Corro Herrera","twitter_site":"@252COMS","twitter_misc":{"Escrito por":"Nacho Corro","Tiempo de lectura":"3 minutos"},"schema":{"@context":"https:\/\/schema.org","@graph":[{"@type":"Article","@id":"https:\/\/agencia.252.com.mx\/home\/rescatan-con-luz-y-color-el-deportivo-san-andres\/#article","isPartOf":{"@id":"https:\/\/agencia.252.com.mx\/home\/rescatan-con-luz-y-color-el-deportivo-san-andres\/"},"author":{"name":"Nacho Corro","@id":"https:\/\/agencia.252.com.mx\/home\/#\/schema\/person\/6b972021e9a92d45ade8c78d81509098"},"headline":"Rescatan con luz y color el Deportivo San Andr\u00e9s*","datePublished":"2026-05-01T22:57:55+00:00","dateModified":"2026-05-01T22:57:58+00:00","mainEntityOfPage":{"@id":"https:\/\/agencia.252.com.mx\/home\/rescatan-con-luz-y-color-el-deportivo-san-andres\/"},"wordCount":533,"commentCount":0,"publisher":{"@id":"https:\/\/agencia.252.com.mx\/home\/#organization"},"image":{"@id":"https:\/\/agencia.252.com.mx\/home\/rescatan-con-luz-y-color-el-deportivo-san-andres\/#primaryimage"},"thumbnailUrl":"https:\/\/agencia.252.com.mx\/wp-content\/uploads\/2026\/05\/WhatsApp-Image-2026-05-01-at-1.57.25-PM-1.jpeg","keywords":["Edomex"],"articleSection":["Ecatepec","Edomex","Metropoli"],"inLanguage":"es","potentialAction":[{"@type":"CommentAction","name":"Comment","target":["https:\/\/agencia.252.com.mx\/home\/rescatan-con-luz-y-color-el-deportivo-san-andres\/#respond"]}]},{"@type":"WebPage","@id":"https:\/\/agencia.252.com.mx\/home\/rescatan-con-luz-y-color-el-deportivo-san-andres\/","url":"https:\/\/agencia.252.com.mx\/home\/rescatan-con-luz-y-color-el-deportivo-san-andres\/","name":"Rescatan con luz y color el Deportivo San Andr\u00e9s* - Agencia252","isPartOf":{"@id":"https:\/\/agencia.252.com.mx\/home\/#website"},"primaryImageOfPage":{"@id":"https:\/\/agencia.252.com.mx\/home\/rescatan-con-luz-y-color-el-deportivo-san-andres\/#primaryimage"},"image":{"@id":"https:\/\/agencia.252.com.mx\/home\/rescatan-con-luz-y-color-el-deportivo-san-andres\/#primaryimage"},"thumbnailUrl":"https:\/\/agencia.252.com.mx\/wp-content\/uploads\/2026\/05\/WhatsApp-Image-2026-05-01-at-1.57.25-PM-1.jpeg","datePublished":"2026-05-01T22:57:55+00:00","dateModified":"2026-05-01T22:57:58+00:00","breadcrumb":{"@id":"https:\/\/agencia.252.com.mx\/home\/rescatan-con-luz-y-color-el-deportivo-san-andres\/#breadcrumb"},"inLanguage":"es","potentialAction":[{"@type":"ReadAction","target":["https:\/\/agencia.252.com.mx\/home\/rescatan-con-luz-y-color-el-deportivo-san-andres\/"]}]},{"@type":"ImageObject","inLanguage":"es","@id":"https:\/\/agencia.252.com.mx\/home\/rescatan-con-luz-y-color-el-deportivo-san-andres\/#primaryimage","url":"https:\/\/agencia.252.com.mx\/wp-content\/uploads\/2026\/05\/WhatsApp-Image-2026-05-01-at-1.57.25-PM-1.jpeg","contentUrl":"https:\/\/agencia.252.com.mx\/wp-content\/uploads\/2026\/05\/WhatsApp-Image-2026-05-01-at-1.57.25-PM-1.jpeg","width":1280,"height":959},{"@type":"BreadcrumbList","@id":"https:\/\/agencia.252.com.mx\/home\/rescatan-con-luz-y-color-el-deportivo-san-andres\/#breadcrumb","itemListElement":[{"@type":"ListItem","position":1,"name":"Portada","item":"https:\/\/agencia.252.com.mx\/home\/"},{"@type":"ListItem","position":2,"name":"Rescatan con luz y color el Deportivo San Andr\u00e9s*"}]},{"@type":"WebSite","@id":"https:\/\/agencia.252.com.mx\/home\/#website","url":"https:\/\/agencia.252.com.mx\/home\/","name":"Agencia252","description":"Tu espacio en la Red","publisher":{"@id":"https:\/\/agencia.252.com.mx\/home\/#organization"},"potentialAction":[{"@type":"SearchAction","target":{"@type":"EntryPoint","urlTemplate":"https:\/\/agencia.252.com.mx\/home\/?s={search_term_string}"},"query-input":{"@type":"PropertyValueSpecification","valueRequired":true,"valueName":"search_term_string"}}],"inLanguage":"es"},{"@type":"Organization","@id":"https:\/\/agencia.252.com.mx\/home\/#organization","name":"Agencia252","url":"https:\/\/agencia.252.com.mx\/home\/","logo":{"@type":"ImageObject","inLanguage":"es","@id":"https:\/\/agencia.252.com.mx\/home\/#\/schema\/logo\/image\/","url":"https:\/\/agencia.252.com.mx\/wp-content\/uploads\/2023\/02\/cropped-ciruclo-agencia-e1677562404136.png","contentUrl":"https:\/\/agencia.252.com.mx\/wp-content\/uploads\/2023\/02\/cropped-ciruclo-agencia-e1677562404136.png","width":512,"height":512,"caption":"Agencia252"},"image":{"@id":"https:\/\/agencia.252.com.mx\/home\/#\/schema\/logo\/image\/"},"sameAs":["https:\/\/www.facebook.com\/252Comunicacion\/","https:\/\/x.com\/252COMS"]},{"@type":"Person","@id":"https:\/\/agencia.252.com.mx\/home\/#\/schema\/person\/6b972021e9a92d45ade8c78d81509098","name":"Nacho Corro","image":{"@type":"ImageObject","inLanguage":"es","@id":"https:\/\/secure.gravatar.com\/avatar\/5db6df507cfe1307e192fbb498c6b85f1cf2ffd8b4cd37141b9eea588fcbd5a4?s=96&r=g","url":"https:\/\/secure.gravatar.com\/avatar\/5db6df507cfe1307e192fbb498c6b85f1cf2ffd8b4cd37141b9eea588fcbd5a4?s=96&r=g","contentUrl":"https:\/\/secure.gravatar.com\/avatar\/5db6df507cfe1307e192fbb498c6b85f1cf2ffd8b4cd37141b9eea588fcbd5a4?s=96&r=g","caption":"Nacho Corro"},"description":"Comunicador Social, Periodista y Administraci\u00f3n P\u00fablica. Conversador pol\u00edtico, temas electorales y seguridad. Generador de contenidos digitales. Amante de la fotograf\u00eda","sameAs":["https:\/\/www.facebook.com\/jcorroherrera\/","www.instagram.com\/nachocorro\/","https:\/\/x.com\/Juan Ignacio Corro Herrera"],"url":"https:\/\/agencia.252.com.mx\/home\/author\/i-corro\/"}]}},"_links":{"self":[{"href":"https:\/\/agencia.252.com.mx\/home\/wp-json\/wp\/v2\/posts\/18942","targetHints":{"allow":["GET"]}}],"collection":[{"href":"https:\/\/agencia.252.com.mx\/home\/wp-json\/wp\/v2\/posts"}],"about":[{"href":"https:\/\/agencia.252.com.mx\/home\/wp-json\/wp\/v2\/types\/post"}],"author":[{"embeddable":true,"href":"https:\/\/agencia.252.com.mx\/home\/wp-json\/wp\/v2\/users\/5"}],"replies":[{"embeddable":true,"href":"https:\/\/agencia.252.com.mx\/home\/wp-json\/wp\/v2\/comments?post=18942"}],"version-history":[{"count":1,"href":"https:\/\/agencia.252.com.mx\/home\/wp-json\/wp\/v2\/posts\/18942\/revisions"}],"predecessor-version":[{"id":18945,"href":"https:\/\/agencia.252.com.mx\/home\/wp-json\/wp\/v2\/posts\/18942\/revisions\/18945"}],"wp:featuredmedia":[{"embeddable":true,"href":"https:\/\/agencia.252.com.mx\/home\/wp-json\/wp\/v2\/media\/18944"}],"wp:attachment":[{"href":"https:\/\/agencia.252.com.mx\/home\/wp-json\/wp\/v2\/media?parent=18942"}],"wp:term":[{"taxonomy":"category","embeddable":true,"href":"https:\/\/agencia.252.com.mx\/home\/wp-json\/wp\/v2\/categories?post=18942"},{"taxonomy":"post_tag","embeddable":true,"href":"https:\/\/agencia.252.com.mx\/home\/wp-json\/wp\/v2\/tags?post=18942"}],"curies":[{"name":"wp","href":"https:\/\/api.w.org\/{rel}","templated":true}]}}