{"id":18937,"date":"2026-05-01T15:20:31","date_gmt":"2026-05-01T21:20:31","guid":{"rendered":"https:\/\/agencia.252.com.mx\/home\/?p=18937"},"modified":"2026-05-01T15:20:37","modified_gmt":"2026-05-01T21:20:37","slug":"reinvidican-en-tlalnepantla-140-anos-de-la-lucha-obrera-ante-miles-de-integrantes-de-organizaciones-sindicales","status":"publish","type":"post","link":"https:\/\/agencia.252.com.mx\/home\/reinvidican-en-tlalnepantla-140-anos-de-la-lucha-obrera-ante-miles-de-integrantes-de-organizaciones-sindicales\/","title":{"rendered":"Reinvidican en Tlalnepantla 140 a\u00f1os de la lucha obrera ante miles de integrantes de organizaciones sindicales\u00a0"},"content":{"rendered":"<p>Visitas: 1<\/p>\n<ul class=\"wp-block-list\">\n<li><em>L\u00edderes sindicales y autoridades mexiquenses se re\u00fanen en la explanada municipal para reivindicar la lucha hist\u00f3rica por condiciones dignas.<\/em><\/li>\n\n\n\n<li><em>Se dieron cita los distintos sindicatos: SUTEyM, CTM, COCEM, CTC, CROM y CROC.<\/em><\/li>\n\n\n\n<li><em>\u00abLa primavera laboral de la transformaci\u00f3n hoy impulsa derechos y bienestar para las y los trabajadores de M\u00e9xico\u00bb: Raciel P\u00e9rez Cruz.<\/em><\/li>\n<\/ul>\n\n\n\n<p>El Presidente Municipal Raciel P\u00e9rez Cruz y el Secretario del Trabajo del Estado de M\u00e9xico, Norberto Morales Poblete, encabezaron ante miles de trabajadores que se dieron cita en la explanada municipal de Tlalnepantla, 140 a\u00f1os de lucha en favor de los derechos laborales, as\u00ed como de pol\u00edticas y leyes m\u00e1s justas.&nbsp;<\/p>\n\n\n\n<p>En este acto masivo, se reconoci\u00f3 la incansable lucha de mujeres y hombres por construir mejores condiciones de vida para sus familias, as\u00ed como su firme compromiso para lograr ventajas laborales&nbsp;&nbsp;para toda la clase trabajadora.<\/p>\n\n\n\n<figure class=\"wp-block-gallery has-nested-images columns-default is-cropped wp-block-gallery-1 is-layout-flex wp-block-gallery-is-layout-flex\">\n<figure class=\"wp-block-image size-large\"><img fetchpriority=\"high\" decoding=\"async\" width=\"1024\" height=\"576\" data-id=\"18939\" src=\"https:\/\/agencia.252.com.mx\/wp-content\/uploads\/2026\/05\/WhatsApp-Image-2026-05-01-at-2.56.45-PM-1024x576.jpeg\" alt=\"\" class=\"wp-image-18939\" srcset=\"https:\/\/agencia.252.com.mx\/wp-content\/uploads\/2026\/05\/WhatsApp-Image-2026-05-01-at-2.56.45-PM-1024x576.jpeg 1024w, https:\/\/agencia.252.com.mx\/wp-content\/uploads\/2026\/05\/WhatsApp-Image-2026-05-01-at-2.56.45-PM-300x169.jpeg 300w, https:\/\/agencia.252.com.mx\/wp-content\/uploads\/2026\/05\/WhatsApp-Image-2026-05-01-at-2.56.45-PM-768x432.jpeg 768w, https:\/\/agencia.252.com.mx\/wp-content\/uploads\/2026\/05\/WhatsApp-Image-2026-05-01-at-2.56.45-PM.jpeg 1280w\" sizes=\"(max-width: 1024px) 100vw, 1024px\" \/><\/figure>\n\n\n\n<figure class=\"wp-block-image size-large\"><img decoding=\"async\" width=\"1024\" height=\"683\" data-id=\"18938\" src=\"https:\/\/agencia.252.com.mx\/wp-content\/uploads\/2026\/05\/WhatsApp-Image-2026-05-01-at-2.56.44-PM-1024x683.jpeg\" alt=\"\" class=\"wp-image-18938\" srcset=\"https:\/\/agencia.252.com.mx\/wp-content\/uploads\/2026\/05\/WhatsApp-Image-2026-05-01-at-2.56.44-PM-1024x683.jpeg 1024w, https:\/\/agencia.252.com.mx\/wp-content\/uploads\/2026\/05\/WhatsApp-Image-2026-05-01-at-2.56.44-PM-300x200.jpeg 300w, https:\/\/agencia.252.com.mx\/wp-content\/uploads\/2026\/05\/WhatsApp-Image-2026-05-01-at-2.56.44-PM-768x512.jpeg 768w, https:\/\/agencia.252.com.mx\/wp-content\/uploads\/2026\/05\/WhatsApp-Image-2026-05-01-at-2.56.44-PM.jpeg 1280w\" sizes=\"(max-width: 1024px) 100vw, 1024px\" \/><\/figure>\n<\/figure>\n\n\n\n<p>Durante su participaci\u00f3n Raciel P\u00e9rez Cruz, mencion\u00f3 que hoy existe plena conciencia de los retos y riesgos que tenemos por delante y tambi\u00e9n estamos conscientes de que venimos de tres d\u00e9cadas en las que se estancaron los salarios, se perdieron prestaciones, hubo una regresi\u00f3n de las conquistas laborales y una precarizaci\u00f3n salarial\u00bb.<\/p>\n\n\n\n<p>\u00abEsta fecha memorable representa en s\u00ed misma la lucha irreversible de la clase trabajadora por la conquista de los derechos fundamentales. Hoy nos convoca la historia de quienes enfrentaron la explotaci\u00f3n, de quienes se atrevieron a alzar la voz por la justicia social, por mejores salarios y por mejores condiciones\u00bb, enfatiz\u00f3, Norberto Morales Poblete.<\/p>\n\n\n\n<p>Durante su participaci\u00f3n los diferentes l\u00edderes sindicalistas destacaron que esta reuni\u00f3n da vida a la lucha hist\u00f3rica por valorar al ser humano y sus derechos fundamentales, los cuales se encuentran hoy consagrados en nuestra Constituci\u00f3n como un reflejo de los anhelos del M\u00e9xico moderno.<\/p>\n\n\n\n<p>Se reconoci\u00f3 el avance en los derechos laborales, como el aumento al salario m\u00ednimo; la Ley Silla, que garantiza periodos de descanso para quienes realizan jornadas prolongadas de pie.<\/p>\n\n\n\n<p>As\u00ed como la implementaci\u00f3n de una reducci\u00f3n gradual de la jornada laboral de 40 horas semanales; y el fortalecimiento de la justicia laboral con mecanismos m\u00e1s \u00e1giles de conciliaci\u00f3n y el combate a la subcontrataci\u00f3n abusiva.<\/p>\n","protected":false},"excerpt":{"rendered":"<p>Visitas: 1 El Presidente Municipal Raciel P\u00e9rez Cruz y el Secretario del Trabajo del Estado de M\u00e9xico, Norberto Morales Poblete, encabezaron ante miles de trabajadores que se dieron cita en la explanada municipal de Tlalnepantla, 140 a\u00f1os de lucha en favor de los derechos laborales, as\u00ed como de pol\u00edticas y leyes m\u00e1s justas.&nbsp; En este [&hellip;]<\/p>\n","protected":false},"author":5,"featured_media":18940,"comment_status":"open","ping_status":"open","sticky":false,"template":"","format":"standard","meta":{"site-sidebar-layout":"default","site-content-layout":"","ast-site-content-layout":"default","site-content-style":"default","site-sidebar-style":"default","ast-global-header-display":"","ast-banner-title-visibility":"","ast-main-header-display":"","ast-hfb-above-header-display":"","ast-hfb-below-header-display":"","ast-hfb-mobile-header-display":"","site-post-title":"","ast-breadcrumbs-content":"","ast-featured-img":"","footer-sml-layout":"","ast-disable-related-posts":"","theme-transparent-header-meta":"","adv-header-id-meta":"","stick-header-meta":"","header-above-stick-meta":"","header-main-stick-meta":"","header-below-stick-meta":"","astra-migrate-meta-layouts":"set","ast-page-background-enabled":"default","ast-page-background-meta":{"desktop":{"background-color":"var(--ast-global-color-4)","background-image":"","background-repeat":"repeat","background-position":"center center","background-size":"auto","background-attachment":"scroll","background-type":"","background-media":"","overlay-type":"","overlay-color":"","overlay-opacity":"","overlay-gradient":""},"tablet":{"background-color":"","background-image":"","background-repeat":"repeat","background-position":"center center","background-size":"auto","background-attachment":"scroll","background-type":"","background-media":"","overlay-type":"","overlay-color":"","overlay-opacity":"","overlay-gradient":""},"mobile":{"background-color":"","background-image":"","background-repeat":"repeat","background-position":"center center","background-size":"auto","background-attachment":"scroll","background-type":"","background-media":"","overlay-type":"","overlay-color":"","overlay-opacity":"","overlay-gradient":""}},"ast-content-background-meta":{"desktop":{"background-color":"var(--ast-global-color-5)","background-image":"","background-repeat":"repeat","background-position":"center center","background-size":"auto","background-attachment":"scroll","background-type":"","background-media":"","overlay-type":"","overlay-color":"","overlay-opacity":"","overlay-gradient":""},"tablet":{"background-color":"var(--ast-global-color-5)","background-image":"","background-repeat":"repeat","background-position":"center center","background-size":"auto","background-attachment":"scroll","background-type":"","background-media":"","overlay-type":"","overlay-color":"","overlay-opacity":"","overlay-gradient":""},"mobile":{"background-color":"var(--ast-global-color-5)","background-image":"","background-repeat":"repeat","background-position":"center center","background-size":"auto","background-attachment":"scroll","background-type":"","background-media":"","overlay-type":"","overlay-color":"","overlay-opacity":"","overlay-gradient":""}},"footnotes":""},"categories":[8,512,68],"tags":[526],"class_list":["post-18937","post","type-post","status-publish","format-standard","has-post-thumbnail","hentry","category-edomex","category-metropoli","category-seguridad","tag-edomex"],"yoast_head":"<!-- This site is optimized with the Yoast SEO plugin v27.4 - https:\/\/yoast.com\/product\/yoast-seo-wordpress\/ -->\n<title>Reinvidican en Tlalnepantla 140 a\u00f1os de la lucha obrera ante miles de integrantes de organizaciones sindicales\u00a0 - Agencia252<\/title>\n<meta name=\"robots\" content=\"index, follow, max-snippet:-1, max-image-preview:large, max-video-preview:-1\" \/>\n<link rel=\"canonical\" href=\"https:\/\/agencia.252.com.mx\/home\/reinvidican-en-tlalnepantla-140-anos-de-la-lucha-obrera-ante-miles-de-integrantes-de-organizaciones-sindicales\/\" \/>\n<meta property=\"og:locale\" content=\"es_ES\" \/>\n<meta property=\"og:type\" content=\"article\" \/>\n<meta property=\"og:title\" content=\"Reinvidican en Tlalnepantla 140 a\u00f1os de la lucha obrera ante miles de integrantes de organizaciones sindicales\u00a0 - Agencia252\" \/>\n<meta property=\"og:description\" content=\"Visitas: 1 El Presidente Municipal Raciel P\u00e9rez Cruz y el Secretario del Trabajo del Estado de M\u00e9xico, Norberto Morales Poblete, encabezaron ante miles de trabajadores que se dieron cita en la explanada municipal de Tlalnepantla, 140 a\u00f1os de lucha en favor de los derechos laborales, as\u00ed como de pol\u00edticas y leyes m\u00e1s justas.&nbsp; En este [&hellip;]\" \/>\n<meta property=\"og:url\" content=\"https:\/\/agencia.252.com.mx\/home\/reinvidican-en-tlalnepantla-140-anos-de-la-lucha-obrera-ante-miles-de-integrantes-de-organizaciones-sindicales\/\" \/>\n<meta property=\"og:site_name\" content=\"Agencia252\" \/>\n<meta property=\"article:publisher\" content=\"https:\/\/www.facebook.com\/252Comunicacion\/\" \/>\n<meta property=\"article:author\" content=\"https:\/\/www.facebook.com\/jcorroherrera\/\" \/>\n<meta property=\"article:published_time\" content=\"2026-05-01T21:20:31+00:00\" \/>\n<meta property=\"article:modified_time\" content=\"2026-05-01T21:20:37+00:00\" \/>\n<meta property=\"og:image\" content=\"http:\/\/agencia.252.com.mx\/wp-content\/uploads\/2026\/05\/WhatsApp-Image-2026-05-01-at-2.56.44-PM-2.jpeg\" \/>\n\t<meta property=\"og:image:width\" content=\"1280\" \/>\n\t<meta property=\"og:image:height\" content=\"854\" \/>\n\t<meta property=\"og:image:type\" content=\"image\/jpeg\" \/>\n<meta name=\"author\" content=\"Nacho Corro\" \/>\n<meta name=\"twitter:card\" content=\"summary_large_image\" \/>\n<meta name=\"twitter:creator\" content=\"@Juan Ignacio Corro Herrera\" \/>\n<meta name=\"twitter:site\" content=\"@252COMS\" \/>\n<meta name=\"twitter:label1\" content=\"Escrito por\" \/>\n\t<meta name=\"twitter:data1\" content=\"Nacho Corro\" \/>\n\t<meta name=\"twitter:label2\" content=\"Tiempo de lectura\" \/>\n\t<meta name=\"twitter:data2\" content=\"3 minutos\" \/>\n<script type=\"application\/ld+json\" class=\"yoast-schema-graph\">{\"@context\":\"https:\\\/\\\/schema.org\",\"@graph\":[{\"@type\":\"Article\",\"@id\":\"https:\\\/\\\/agencia.252.com.mx\\\/home\\\/reinvidican-en-tlalnepantla-140-anos-de-la-lucha-obrera-ante-miles-de-integrantes-de-organizaciones-sindicales\\\/#article\",\"isPartOf\":{\"@id\":\"https:\\\/\\\/agencia.252.com.mx\\\/home\\\/reinvidican-en-tlalnepantla-140-anos-de-la-lucha-obrera-ante-miles-de-integrantes-de-organizaciones-sindicales\\\/\"},\"author\":{\"name\":\"Nacho Corro\",\"@id\":\"https:\\\/\\\/agencia.252.com.mx\\\/home\\\/#\\\/schema\\\/person\\\/6b972021e9a92d45ade8c78d81509098\"},\"headline\":\"Reinvidican en Tlalnepantla 140 a\u00f1os de la lucha obrera ante miles de integrantes de organizaciones sindicales\u00a0\",\"datePublished\":\"2026-05-01T21:20:31+00:00\",\"dateModified\":\"2026-05-01T21:20:37+00:00\",\"mainEntityOfPage\":{\"@id\":\"https:\\\/\\\/agencia.252.com.mx\\\/home\\\/reinvidican-en-tlalnepantla-140-anos-de-la-lucha-obrera-ante-miles-de-integrantes-de-organizaciones-sindicales\\\/\"},\"wordCount\":402,\"commentCount\":0,\"publisher\":{\"@id\":\"https:\\\/\\\/agencia.252.com.mx\\\/home\\\/#organization\"},\"image\":{\"@id\":\"https:\\\/\\\/agencia.252.com.mx\\\/home\\\/reinvidican-en-tlalnepantla-140-anos-de-la-lucha-obrera-ante-miles-de-integrantes-de-organizaciones-sindicales\\\/#primaryimage\"},\"thumbnailUrl\":\"https:\\\/\\\/agencia.252.com.mx\\\/wp-content\\\/uploads\\\/2026\\\/05\\\/WhatsApp-Image-2026-05-01-at-2.56.44-PM-2.jpeg\",\"keywords\":[\"Edomex\"],\"articleSection\":[\"Edomex\",\"Metropoli\",\"Seguridad\"],\"inLanguage\":\"es\",\"potentialAction\":[{\"@type\":\"CommentAction\",\"name\":\"Comment\",\"target\":[\"https:\\\/\\\/agencia.252.com.mx\\\/home\\\/reinvidican-en-tlalnepantla-140-anos-de-la-lucha-obrera-ante-miles-de-integrantes-de-organizaciones-sindicales\\\/#respond\"]}]},{\"@type\":\"WebPage\",\"@id\":\"https:\\\/\\\/agencia.252.com.mx\\\/home\\\/reinvidican-en-tlalnepantla-140-anos-de-la-lucha-obrera-ante-miles-de-integrantes-de-organizaciones-sindicales\\\/\",\"url\":\"https:\\\/\\\/agencia.252.com.mx\\\/home\\\/reinvidican-en-tlalnepantla-140-anos-de-la-lucha-obrera-ante-miles-de-integrantes-de-organizaciones-sindicales\\\/\",\"name\":\"Reinvidican en Tlalnepantla 140 a\u00f1os de la lucha obrera ante miles de integrantes de organizaciones sindicales\u00a0 - Agencia252\",\"isPartOf\":{\"@id\":\"https:\\\/\\\/agencia.252.com.mx\\\/home\\\/#website\"},\"primaryImageOfPage\":{\"@id\":\"https:\\\/\\\/agencia.252.com.mx\\\/home\\\/reinvidican-en-tlalnepantla-140-anos-de-la-lucha-obrera-ante-miles-de-integrantes-de-organizaciones-sindicales\\\/#primaryimage\"},\"image\":{\"@id\":\"https:\\\/\\\/agencia.252.com.mx\\\/home\\\/reinvidican-en-tlalnepantla-140-anos-de-la-lucha-obrera-ante-miles-de-integrantes-de-organizaciones-sindicales\\\/#primaryimage\"},\"thumbnailUrl\":\"https:\\\/\\\/agencia.252.com.mx\\\/wp-content\\\/uploads\\\/2026\\\/05\\\/WhatsApp-Image-2026-05-01-at-2.56.44-PM-2.jpeg\",\"datePublished\":\"2026-05-01T21:20:31+00:00\",\"dateModified\":\"2026-05-01T21:20:37+00:00\",\"breadcrumb\":{\"@id\":\"https:\\\/\\\/agencia.252.com.mx\\\/home\\\/reinvidican-en-tlalnepantla-140-anos-de-la-lucha-obrera-ante-miles-de-integrantes-de-organizaciones-sindicales\\\/#breadcrumb\"},\"inLanguage\":\"es\",\"potentialAction\":[{\"@type\":\"ReadAction\",\"target\":[\"https:\\\/\\\/agencia.252.com.mx\\\/home\\\/reinvidican-en-tlalnepantla-140-anos-de-la-lucha-obrera-ante-miles-de-integrantes-de-organizaciones-sindicales\\\/\"]}]},{\"@type\":\"ImageObject\",\"inLanguage\":\"es\",\"@id\":\"https:\\\/\\\/agencia.252.com.mx\\\/home\\\/reinvidican-en-tlalnepantla-140-anos-de-la-lucha-obrera-ante-miles-de-integrantes-de-organizaciones-sindicales\\\/#primaryimage\",\"url\":\"https:\\\/\\\/agencia.252.com.mx\\\/wp-content\\\/uploads\\\/2026\\\/05\\\/WhatsApp-Image-2026-05-01-at-2.56.44-PM-2.jpeg\",\"contentUrl\":\"https:\\\/\\\/agencia.252.com.mx\\\/wp-content\\\/uploads\\\/2026\\\/05\\\/WhatsApp-Image-2026-05-01-at-2.56.44-PM-2.jpeg\",\"width\":1280,\"height\":854},{\"@type\":\"BreadcrumbList\",\"@id\":\"https:\\\/\\\/agencia.252.com.mx\\\/home\\\/reinvidican-en-tlalnepantla-140-anos-de-la-lucha-obrera-ante-miles-de-integrantes-de-organizaciones-sindicales\\\/#breadcrumb\",\"itemListElement\":[{\"@type\":\"ListItem\",\"position\":1,\"name\":\"Portada\",\"item\":\"https:\\\/\\\/agencia.252.com.mx\\\/home\\\/\"},{\"@type\":\"ListItem\",\"position\":2,\"name\":\"Reinvidican en Tlalnepantla 140 a\u00f1os de la lucha obrera ante miles de integrantes de organizaciones sindicales\u00a0\"}]},{\"@type\":\"WebSite\",\"@id\":\"https:\\\/\\\/agencia.252.com.mx\\\/home\\\/#website\",\"url\":\"https:\\\/\\\/agencia.252.com.mx\\\/home\\\/\",\"name\":\"Agencia252\",\"description\":\"Tu espacio en la Red\",\"publisher\":{\"@id\":\"https:\\\/\\\/agencia.252.com.mx\\\/home\\\/#organization\"},\"potentialAction\":[{\"@type\":\"SearchAction\",\"target\":{\"@type\":\"EntryPoint\",\"urlTemplate\":\"https:\\\/\\\/agencia.252.com.mx\\\/home\\\/?s={search_term_string}\"},\"query-input\":{\"@type\":\"PropertyValueSpecification\",\"valueRequired\":true,\"valueName\":\"search_term_string\"}}],\"inLanguage\":\"es\"},{\"@type\":\"Organization\",\"@id\":\"https:\\\/\\\/agencia.252.com.mx\\\/home\\\/#organization\",\"name\":\"Agencia252\",\"url\":\"https:\\\/\\\/agencia.252.com.mx\\\/home\\\/\",\"logo\":{\"@type\":\"ImageObject\",\"inLanguage\":\"es\",\"@id\":\"https:\\\/\\\/agencia.252.com.mx\\\/home\\\/#\\\/schema\\\/logo\\\/image\\\/\",\"url\":\"https:\\\/\\\/agencia.252.com.mx\\\/wp-content\\\/uploads\\\/2023\\\/02\\\/cropped-ciruclo-agencia-e1677562404136.png\",\"contentUrl\":\"https:\\\/\\\/agencia.252.com.mx\\\/wp-content\\\/uploads\\\/2023\\\/02\\\/cropped-ciruclo-agencia-e1677562404136.png\",\"width\":512,\"height\":512,\"caption\":\"Agencia252\"},\"image\":{\"@id\":\"https:\\\/\\\/agencia.252.com.mx\\\/home\\\/#\\\/schema\\\/logo\\\/image\\\/\"},\"sameAs\":[\"https:\\\/\\\/www.facebook.com\\\/252Comunicacion\\\/\",\"https:\\\/\\\/x.com\\\/252COMS\"]},{\"@type\":\"Person\",\"@id\":\"https:\\\/\\\/agencia.252.com.mx\\\/home\\\/#\\\/schema\\\/person\\\/6b972021e9a92d45ade8c78d81509098\",\"name\":\"Nacho Corro\",\"image\":{\"@type\":\"ImageObject\",\"inLanguage\":\"es\",\"@id\":\"https:\\\/\\\/secure.gravatar.com\\\/avatar\\\/5db6df507cfe1307e192fbb498c6b85f1cf2ffd8b4cd37141b9eea588fcbd5a4?s=96&r=g\",\"url\":\"https:\\\/\\\/secure.gravatar.com\\\/avatar\\\/5db6df507cfe1307e192fbb498c6b85f1cf2ffd8b4cd37141b9eea588fcbd5a4?s=96&r=g\",\"contentUrl\":\"https:\\\/\\\/secure.gravatar.com\\\/avatar\\\/5db6df507cfe1307e192fbb498c6b85f1cf2ffd8b4cd37141b9eea588fcbd5a4?s=96&r=g\",\"caption\":\"Nacho Corro\"},\"description\":\"Comunicador Social, Periodista y Administraci\u00f3n P\u00fablica. Conversador pol\u00edtico, temas electorales y seguridad. Generador de contenidos digitales. Amante de la fotograf\u00eda\",\"sameAs\":[\"https:\\\/\\\/www.facebook.com\\\/jcorroherrera\\\/\",\"www.instagram.com\\\/nachocorro\\\/\",\"https:\\\/\\\/x.com\\\/Juan Ignacio Corro Herrera\"],\"url\":\"https:\\\/\\\/agencia.252.com.mx\\\/home\\\/author\\\/i-corro\\\/\"}]}<\/script>\n<!-- \/ Yoast SEO plugin. -->","yoast_head_json":{"title":"Reinvidican en Tlalnepantla 140 a\u00f1os de la lucha obrera ante miles de integrantes de organizaciones sindicales\u00a0 - Agencia252","robots":{"index":"index","follow":"follow","max-snippet":"max-snippet:-1","max-image-preview":"max-image-preview:large","max-video-preview":"max-video-preview:-1"},"canonical":"https:\/\/agencia.252.com.mx\/home\/reinvidican-en-tlalnepantla-140-anos-de-la-lucha-obrera-ante-miles-de-integrantes-de-organizaciones-sindicales\/","og_locale":"es_ES","og_type":"article","og_title":"Reinvidican en Tlalnepantla 140 a\u00f1os de la lucha obrera ante miles de integrantes de organizaciones sindicales\u00a0 - Agencia252","og_description":"Visitas: 1 El Presidente Municipal Raciel P\u00e9rez Cruz y el Secretario del Trabajo del Estado de M\u00e9xico, Norberto Morales Poblete, encabezaron ante miles de trabajadores que se dieron cita en la explanada municipal de Tlalnepantla, 140 a\u00f1os de lucha en favor de los derechos laborales, as\u00ed como de pol\u00edticas y leyes m\u00e1s justas.&nbsp; En este [&hellip;]","og_url":"https:\/\/agencia.252.com.mx\/home\/reinvidican-en-tlalnepantla-140-anos-de-la-lucha-obrera-ante-miles-de-integrantes-de-organizaciones-sindicales\/","og_site_name":"Agencia252","article_publisher":"https:\/\/www.facebook.com\/252Comunicacion\/","article_author":"https:\/\/www.facebook.com\/jcorroherrera\/","article_published_time":"2026-05-01T21:20:31+00:00","article_modified_time":"2026-05-01T21:20:37+00:00","og_image":[{"width":1280,"height":854,"url":"http:\/\/agencia.252.com.mx\/wp-content\/uploads\/2026\/05\/WhatsApp-Image-2026-05-01-at-2.56.44-PM-2.jpeg","type":"image\/jpeg"}],"author":"Nacho Corro","twitter_card":"summary_large_image","twitter_creator":"@Juan Ignacio Corro Herrera","twitter_site":"@252COMS","twitter_misc":{"Escrito por":"Nacho Corro","Tiempo de lectura":"3 minutos"},"schema":{"@context":"https:\/\/schema.org","@graph":[{"@type":"Article","@id":"https:\/\/agencia.252.com.mx\/home\/reinvidican-en-tlalnepantla-140-anos-de-la-lucha-obrera-ante-miles-de-integrantes-de-organizaciones-sindicales\/#article","isPartOf":{"@id":"https:\/\/agencia.252.com.mx\/home\/reinvidican-en-tlalnepantla-140-anos-de-la-lucha-obrera-ante-miles-de-integrantes-de-organizaciones-sindicales\/"},"author":{"name":"Nacho Corro","@id":"https:\/\/agencia.252.com.mx\/home\/#\/schema\/person\/6b972021e9a92d45ade8c78d81509098"},"headline":"Reinvidican en Tlalnepantla 140 a\u00f1os de la lucha obrera ante miles de integrantes de organizaciones sindicales\u00a0","datePublished":"2026-05-01T21:20:31+00:00","dateModified":"2026-05-01T21:20:37+00:00","mainEntityOfPage":{"@id":"https:\/\/agencia.252.com.mx\/home\/reinvidican-en-tlalnepantla-140-anos-de-la-lucha-obrera-ante-miles-de-integrantes-de-organizaciones-sindicales\/"},"wordCount":402,"commentCount":0,"publisher":{"@id":"https:\/\/agencia.252.com.mx\/home\/#organization"},"image":{"@id":"https:\/\/agencia.252.com.mx\/home\/reinvidican-en-tlalnepantla-140-anos-de-la-lucha-obrera-ante-miles-de-integrantes-de-organizaciones-sindicales\/#primaryimage"},"thumbnailUrl":"https:\/\/agencia.252.com.mx\/wp-content\/uploads\/2026\/05\/WhatsApp-Image-2026-05-01-at-2.56.44-PM-2.jpeg","keywords":["Edomex"],"articleSection":["Edomex","Metropoli","Seguridad"],"inLanguage":"es","potentialAction":[{"@type":"CommentAction","name":"Comment","target":["https:\/\/agencia.252.com.mx\/home\/reinvidican-en-tlalnepantla-140-anos-de-la-lucha-obrera-ante-miles-de-integrantes-de-organizaciones-sindicales\/#respond"]}]},{"@type":"WebPage","@id":"https:\/\/agencia.252.com.mx\/home\/reinvidican-en-tlalnepantla-140-anos-de-la-lucha-obrera-ante-miles-de-integrantes-de-organizaciones-sindicales\/","url":"https:\/\/agencia.252.com.mx\/home\/reinvidican-en-tlalnepantla-140-anos-de-la-lucha-obrera-ante-miles-de-integrantes-de-organizaciones-sindicales\/","name":"Reinvidican en Tlalnepantla 140 a\u00f1os de la lucha obrera ante miles de integrantes de organizaciones sindicales\u00a0 - Agencia252","isPartOf":{"@id":"https:\/\/agencia.252.com.mx\/home\/#website"},"primaryImageOfPage":{"@id":"https:\/\/agencia.252.com.mx\/home\/reinvidican-en-tlalnepantla-140-anos-de-la-lucha-obrera-ante-miles-de-integrantes-de-organizaciones-sindicales\/#primaryimage"},"image":{"@id":"https:\/\/agencia.252.com.mx\/home\/reinvidican-en-tlalnepantla-140-anos-de-la-lucha-obrera-ante-miles-de-integrantes-de-organizaciones-sindicales\/#primaryimage"},"thumbnailUrl":"https:\/\/agencia.252.com.mx\/wp-content\/uploads\/2026\/05\/WhatsApp-Image-2026-05-01-at-2.56.44-PM-2.jpeg","datePublished":"2026-05-01T21:20:31+00:00","dateModified":"2026-05-01T21:20:37+00:00","breadcrumb":{"@id":"https:\/\/agencia.252.com.mx\/home\/reinvidican-en-tlalnepantla-140-anos-de-la-lucha-obrera-ante-miles-de-integrantes-de-organizaciones-sindicales\/#breadcrumb"},"inLanguage":"es","potentialAction":[{"@type":"ReadAction","target":["https:\/\/agencia.252.com.mx\/home\/reinvidican-en-tlalnepantla-140-anos-de-la-lucha-obrera-ante-miles-de-integrantes-de-organizaciones-sindicales\/"]}]},{"@type":"ImageObject","inLanguage":"es","@id":"https:\/\/agencia.252.com.mx\/home\/reinvidican-en-tlalnepantla-140-anos-de-la-lucha-obrera-ante-miles-de-integrantes-de-organizaciones-sindicales\/#primaryimage","url":"https:\/\/agencia.252.com.mx\/wp-content\/uploads\/2026\/05\/WhatsApp-Image-2026-05-01-at-2.56.44-PM-2.jpeg","contentUrl":"https:\/\/agencia.252.com.mx\/wp-content\/uploads\/2026\/05\/WhatsApp-Image-2026-05-01-at-2.56.44-PM-2.jpeg","width":1280,"height":854},{"@type":"BreadcrumbList","@id":"https:\/\/agencia.252.com.mx\/home\/reinvidican-en-tlalnepantla-140-anos-de-la-lucha-obrera-ante-miles-de-integrantes-de-organizaciones-sindicales\/#breadcrumb","itemListElement":[{"@type":"ListItem","position":1,"name":"Portada","item":"https:\/\/agencia.252.com.mx\/home\/"},{"@type":"ListItem","position":2,"name":"Reinvidican en Tlalnepantla 140 a\u00f1os de la lucha obrera ante miles de integrantes de organizaciones sindicales\u00a0"}]},{"@type":"WebSite","@id":"https:\/\/agencia.252.com.mx\/home\/#website","url":"https:\/\/agencia.252.com.mx\/home\/","name":"Agencia252","description":"Tu espacio en la Red","publisher":{"@id":"https:\/\/agencia.252.com.mx\/home\/#organization"},"potentialAction":[{"@type":"SearchAction","target":{"@type":"EntryPoint","urlTemplate":"https:\/\/agencia.252.com.mx\/home\/?s={search_term_string}"},"query-input":{"@type":"PropertyValueSpecification","valueRequired":true,"valueName":"search_term_string"}}],"inLanguage":"es"},{"@type":"Organization","@id":"https:\/\/agencia.252.com.mx\/home\/#organization","name":"Agencia252","url":"https:\/\/agencia.252.com.mx\/home\/","logo":{"@type":"ImageObject","inLanguage":"es","@id":"https:\/\/agencia.252.com.mx\/home\/#\/schema\/logo\/image\/","url":"https:\/\/agencia.252.com.mx\/wp-content\/uploads\/2023\/02\/cropped-ciruclo-agencia-e1677562404136.png","contentUrl":"https:\/\/agencia.252.com.mx\/wp-content\/uploads\/2023\/02\/cropped-ciruclo-agencia-e1677562404136.png","width":512,"height":512,"caption":"Agencia252"},"image":{"@id":"https:\/\/agencia.252.com.mx\/home\/#\/schema\/logo\/image\/"},"sameAs":["https:\/\/www.facebook.com\/252Comunicacion\/","https:\/\/x.com\/252COMS"]},{"@type":"Person","@id":"https:\/\/agencia.252.com.mx\/home\/#\/schema\/person\/6b972021e9a92d45ade8c78d81509098","name":"Nacho Corro","image":{"@type":"ImageObject","inLanguage":"es","@id":"https:\/\/secure.gravatar.com\/avatar\/5db6df507cfe1307e192fbb498c6b85f1cf2ffd8b4cd37141b9eea588fcbd5a4?s=96&r=g","url":"https:\/\/secure.gravatar.com\/avatar\/5db6df507cfe1307e192fbb498c6b85f1cf2ffd8b4cd37141b9eea588fcbd5a4?s=96&r=g","contentUrl":"https:\/\/secure.gravatar.com\/avatar\/5db6df507cfe1307e192fbb498c6b85f1cf2ffd8b4cd37141b9eea588fcbd5a4?s=96&r=g","caption":"Nacho Corro"},"description":"Comunicador Social, Periodista y Administraci\u00f3n P\u00fablica. Conversador pol\u00edtico, temas electorales y seguridad. Generador de contenidos digitales. Amante de la fotograf\u00eda","sameAs":["https:\/\/www.facebook.com\/jcorroherrera\/","www.instagram.com\/nachocorro\/","https:\/\/x.com\/Juan Ignacio Corro Herrera"],"url":"https:\/\/agencia.252.com.mx\/home\/author\/i-corro\/"}]}},"_links":{"self":[{"href":"https:\/\/agencia.252.com.mx\/home\/wp-json\/wp\/v2\/posts\/18937","targetHints":{"allow":["GET"]}}],"collection":[{"href":"https:\/\/agencia.252.com.mx\/home\/wp-json\/wp\/v2\/posts"}],"about":[{"href":"https:\/\/agencia.252.com.mx\/home\/wp-json\/wp\/v2\/types\/post"}],"author":[{"embeddable":true,"href":"https:\/\/agencia.252.com.mx\/home\/wp-json\/wp\/v2\/users\/5"}],"replies":[{"embeddable":true,"href":"https:\/\/agencia.252.com.mx\/home\/wp-json\/wp\/v2\/comments?post=18937"}],"version-history":[{"count":1,"href":"https:\/\/agencia.252.com.mx\/home\/wp-json\/wp\/v2\/posts\/18937\/revisions"}],"predecessor-version":[{"id":18941,"href":"https:\/\/agencia.252.com.mx\/home\/wp-json\/wp\/v2\/posts\/18937\/revisions\/18941"}],"wp:featuredmedia":[{"embeddable":true,"href":"https:\/\/agencia.252.com.mx\/home\/wp-json\/wp\/v2\/media\/18940"}],"wp:attachment":[{"href":"https:\/\/agencia.252.com.mx\/home\/wp-json\/wp\/v2\/media?parent=18937"}],"wp:term":[{"taxonomy":"category","embeddable":true,"href":"https:\/\/agencia.252.com.mx\/home\/wp-json\/wp\/v2\/categories?post=18937"},{"taxonomy":"post_tag","embeddable":true,"href":"https:\/\/agencia.252.com.mx\/home\/wp-json\/wp\/v2\/tags?post=18937"}],"curies":[{"name":"wp","href":"https:\/\/api.w.org\/{rel}","templated":true}]}}