{"id":18926,"date":"2026-04-30T21:27:19","date_gmt":"2026-05-01T03:27:19","guid":{"rendered":"https:\/\/agencia.252.com.mx\/home\/?p=18926"},"modified":"2026-04-30T21:28:08","modified_gmt":"2026-05-01T03:28:08","slug":"inicia-remodelacion-integral-del-deportivo-siervo-de-la-nacion","status":"publish","type":"post","link":"https:\/\/agencia.252.com.mx\/home\/inicia-remodelacion-integral-del-deportivo-siervo-de-la-nacion\/","title":{"rendered":"Inicia remodelaci\u00f3n integral el Deportivo Siervo de la Naci\u00f3n"},"content":{"rendered":"<p>Visitas: 6<\/p>\n<ul class=\"wp-block-list\">\n<li><em>Azucena Cisneros arranc\u00f3 los trabajos para rescatar este lugar emblem\u00e1tico de Tulpetlac<\/em><\/li>\n<\/ul>\n\n\n\n<ul class=\"wp-block-list\">\n<li><em>Estaba en completo abandono y sus espacios eran controlados por particulares<\/em><\/li>\n<\/ul>\n\n\n\n<p>Juan Ignacio Corro&nbsp;<\/p>\n\n\n\n<p class=\"has-text-align-right\">Ecatepec, Estado de M\u00e9xico, a 30 de abril de 2026<\/p>\n\n\n\n<p>La alcaldesa Azucena Cisneros Coss dio el banderazo de inicio a la remodelaci\u00f3n integral del deportivo Siervo de la Naci\u00f3n, ubicado en Santa Mar\u00eda Tulpetlac, uno de los m\u00e1s importantes del municipio y que estaba en completo abandono, con instalaciones obsoletas y servicios controlados por particulares, que cobraban por su uso.<\/p>\n\n\n\n<p>\u201cEncontramos aqu\u00ed varios lugares que se usufructuaron durante muchos a\u00f1os, negando un derecho a la recreaci\u00f3n y al deporte a los vecinos de Ecatepec\u201d, expres\u00f3 Cisneros Coss.<\/p>\n\n\n\n<figure class=\"wp-block-gallery has-nested-images columns-default is-cropped wp-block-gallery-1 is-layout-flex wp-block-gallery-is-layout-flex\">\n<figure class=\"wp-block-image size-large\"><img fetchpriority=\"high\" decoding=\"async\" width=\"1024\" height=\"682\" data-id=\"18930\" src=\"https:\/\/agencia.252.com.mx\/wp-content\/uploads\/2026\/04\/WhatsApp-Image-2026-04-30-at-12.46.07-PM-1024x682.jpeg\" alt=\"\" class=\"wp-image-18930\" srcset=\"https:\/\/agencia.252.com.mx\/wp-content\/uploads\/2026\/04\/WhatsApp-Image-2026-04-30-at-12.46.07-PM-1024x682.jpeg 1024w, https:\/\/agencia.252.com.mx\/wp-content\/uploads\/2026\/04\/WhatsApp-Image-2026-04-30-at-12.46.07-PM-300x200.jpeg 300w, https:\/\/agencia.252.com.mx\/wp-content\/uploads\/2026\/04\/WhatsApp-Image-2026-04-30-at-12.46.07-PM-768x512.jpeg 768w, https:\/\/agencia.252.com.mx\/wp-content\/uploads\/2026\/04\/WhatsApp-Image-2026-04-30-at-12.46.07-PM-1536x1023.jpeg 1536w, https:\/\/agencia.252.com.mx\/wp-content\/uploads\/2026\/04\/WhatsApp-Image-2026-04-30-at-12.46.07-PM.jpeg 1600w\" sizes=\"(max-width: 1024px) 100vw, 1024px\" \/><\/figure>\n\n\n\n<figure class=\"wp-block-image size-large\"><img decoding=\"async\" width=\"1024\" height=\"767\" data-id=\"18928\" src=\"https:\/\/agencia.252.com.mx\/wp-content\/uploads\/2026\/04\/WhatsApp-Image-2026-04-30-at-12.46.05-PM-1-1024x767.jpeg\" alt=\"\" class=\"wp-image-18928\" srcset=\"https:\/\/agencia.252.com.mx\/wp-content\/uploads\/2026\/04\/WhatsApp-Image-2026-04-30-at-12.46.05-PM-1-1024x767.jpeg 1024w, https:\/\/agencia.252.com.mx\/wp-content\/uploads\/2026\/04\/WhatsApp-Image-2026-04-30-at-12.46.05-PM-1-300x225.jpeg 300w, https:\/\/agencia.252.com.mx\/wp-content\/uploads\/2026\/04\/WhatsApp-Image-2026-04-30-at-12.46.05-PM-1-768x575.jpeg 768w, https:\/\/agencia.252.com.mx\/wp-content\/uploads\/2026\/04\/WhatsApp-Image-2026-04-30-at-12.46.05-PM-1-1536x1150.jpeg 1536w, https:\/\/agencia.252.com.mx\/wp-content\/uploads\/2026\/04\/WhatsApp-Image-2026-04-30-at-12.46.05-PM-1.jpeg 1600w\" sizes=\"(max-width: 1024px) 100vw, 1024px\" \/><\/figure>\n\n\n\n<figure class=\"wp-block-image size-large\"><img decoding=\"async\" width=\"1024\" height=\"767\" data-id=\"18927\" src=\"https:\/\/agencia.252.com.mx\/wp-content\/uploads\/2026\/04\/WhatsApp-Image-2026-04-30-at-12.46.04-PM-2-1024x767.jpeg\" alt=\"\" class=\"wp-image-18927\" srcset=\"https:\/\/agencia.252.com.mx\/wp-content\/uploads\/2026\/04\/WhatsApp-Image-2026-04-30-at-12.46.04-PM-2-1024x767.jpeg 1024w, https:\/\/agencia.252.com.mx\/wp-content\/uploads\/2026\/04\/WhatsApp-Image-2026-04-30-at-12.46.04-PM-2-300x225.jpeg 300w, https:\/\/agencia.252.com.mx\/wp-content\/uploads\/2026\/04\/WhatsApp-Image-2026-04-30-at-12.46.04-PM-2-768x575.jpeg 768w, https:\/\/agencia.252.com.mx\/wp-content\/uploads\/2026\/04\/WhatsApp-Image-2026-04-30-at-12.46.04-PM-2-1536x1151.jpeg 1536w, https:\/\/agencia.252.com.mx\/wp-content\/uploads\/2026\/04\/WhatsApp-Image-2026-04-30-at-12.46.04-PM-2-2048x1534.jpeg 2048w\" sizes=\"(max-width: 1024px) 100vw, 1024px\" \/><\/figure>\n<\/figure>\n\n\n\n<p>Agreg\u00f3: \u201cEste deportivo es emblem\u00e1tico. En agosto estar\u00e1 abierto al p\u00fablico, terminado, remodelado, pero lo m\u00e1s importante, cuando abra todas las actividades que se lleven a cabo aqu\u00ed, incluida la alberca, ser\u00e1n completamente gratuitas. Nunca m\u00e1s espacios p\u00fablicos usufructuados para cobrarle a la gente, nunca m\u00e1s\u201d.<\/p>\n\n\n\n<p>Trabajadores del lugar relataron que el deportivo fue creado en 1990 en lo que eran campos de futbol llaneros, donde pretend\u00edan construir una unidad habitacional y colonos se opusieron a ello. El gobierno municipal adquiri\u00f3 el predio y lo convirti\u00f3 en deportivo. Posteriormente fue nombrado Parque Bicentenario Siervo de la Naci\u00f3n y alguna vez tuvo instalaciones de primer nivel, que poco a poco se perdieron.<\/p>\n\n\n\n<p>Cisneros Coss anunci\u00f3 la transformaci\u00f3n radical del deportivo, que tendr\u00e1 cancha de basquetbol de duela y pista de tart\u00e1n para atletismo, adem\u00e1s de que rehabilitar\u00e1n el gimnasio y la alberca. Tendr\u00e1 \u00e1reas de calistenia para que los j\u00f3venes se ejerciten, juegos infantiles y ser\u00e1 remozado el gimnasio de box.<\/p>\n\n\n\n<p>Tambi\u00e9n ser\u00e1n adecuadas las canchas de futbol, basquetbol y volibol, la rehabilitaci\u00f3n de la pista de skate park, del espacio de fiestas infantiles y del \u00e1rea de comida, as\u00ed como crear\u00e1n una zona de aprendizaje vial para ni\u00f1as y ni\u00f1os y un parque canino.<\/p>\n\n\n\n<p>La mun\u00edcipe destac\u00f3 que el rescate del deportivo representa la defensa de los derechos de los ciudadanos a los servicios, a la cultura y al deporte de forma gratuita y de calidad.<\/p>\n\n\n\n<p>\u201cEstamos recuperando en lo largo y ancho del municipio muchos espacios p\u00fablicos, muchos deportivos, muchas cosas invadidas que hemos estado limpiando y que van a ser parques lineales, ya hay unos que se terminaron y otros que estamos terminando\u201d, relat\u00f3.<\/p>\n\n\n\n<p>El deportivo permanecer\u00e1 cerrado al p\u00fablico mientras se realizan los trabajos y se prev\u00e9 que est\u00e9 terminado a finales de agosto pr\u00f3ximo, cuando sea entregado a la poblaci\u00f3n de Ecatepec.<\/p>\n","protected":false},"excerpt":{"rendered":"<p>Visitas: 6 Juan Ignacio Corro&nbsp; Ecatepec, Estado de M\u00e9xico, a 30 de abril de 2026 La alcaldesa Azucena Cisneros Coss dio el banderazo de inicio a la remodelaci\u00f3n integral del deportivo Siervo de la Naci\u00f3n, ubicado en Santa Mar\u00eda Tulpetlac, uno de los m\u00e1s importantes del municipio y que estaba en completo abandono, con instalaciones [&hellip;]<\/p>\n","protected":false},"author":5,"featured_media":18929,"comment_status":"open","ping_status":"open","sticky":false,"template":"","format":"standard","meta":{"site-sidebar-layout":"default","site-content-layout":"","ast-site-content-layout":"default","site-content-style":"default","site-sidebar-style":"default","ast-global-header-display":"","ast-banner-title-visibility":"","ast-main-header-display":"","ast-hfb-above-header-display":"","ast-hfb-below-header-display":"","ast-hfb-mobile-header-display":"","site-post-title":"","ast-breadcrumbs-content":"","ast-featured-img":"","footer-sml-layout":"","ast-disable-related-posts":"","theme-transparent-header-meta":"","adv-header-id-meta":"","stick-header-meta":"","header-above-stick-meta":"","header-main-stick-meta":"","header-below-stick-meta":"","astra-migrate-meta-layouts":"set","ast-page-background-enabled":"default","ast-page-background-meta":{"desktop":{"background-color":"var(--ast-global-color-4)","background-image":"","background-repeat":"repeat","background-position":"center center","background-size":"auto","background-attachment":"scroll","background-type":"","background-media":"","overlay-type":"","overlay-color":"","overlay-opacity":"","overlay-gradient":""},"tablet":{"background-color":"","background-image":"","background-repeat":"repeat","background-position":"center center","background-size":"auto","background-attachment":"scroll","background-type":"","background-media":"","overlay-type":"","overlay-color":"","overlay-opacity":"","overlay-gradient":""},"mobile":{"background-color":"","background-image":"","background-repeat":"repeat","background-position":"center center","background-size":"auto","background-attachment":"scroll","background-type":"","background-media":"","overlay-type":"","overlay-color":"","overlay-opacity":"","overlay-gradient":""}},"ast-content-background-meta":{"desktop":{"background-color":"var(--ast-global-color-5)","background-image":"","background-repeat":"repeat","background-position":"center center","background-size":"auto","background-attachment":"scroll","background-type":"","background-media":"","overlay-type":"","overlay-color":"","overlay-opacity":"","overlay-gradient":""},"tablet":{"background-color":"var(--ast-global-color-5)","background-image":"","background-repeat":"repeat","background-position":"center center","background-size":"auto","background-attachment":"scroll","background-type":"","background-media":"","overlay-type":"","overlay-color":"","overlay-opacity":"","overlay-gradient":""},"mobile":{"background-color":"var(--ast-global-color-5)","background-image":"","background-repeat":"repeat","background-position":"center center","background-size":"auto","background-attachment":"scroll","background-type":"","background-media":"","overlay-type":"","overlay-color":"","overlay-opacity":"","overlay-gradient":""}},"footnotes":""},"categories":[38,8,512,68],"tags":[526],"class_list":["post-18926","post","type-post","status-publish","format-standard","has-post-thumbnail","hentry","category-ecatepec","category-edomex","category-metropoli","category-seguridad","tag-edomex"],"yoast_head":"<!-- This site is optimized with the Yoast SEO plugin v27.4 - https:\/\/yoast.com\/product\/yoast-seo-wordpress\/ -->\n<title>Inicia remodelaci\u00f3n integral el Deportivo Siervo de la Naci\u00f3n - Agencia252<\/title>\n<meta name=\"robots\" content=\"index, follow, max-snippet:-1, max-image-preview:large, max-video-preview:-1\" \/>\n<link rel=\"canonical\" href=\"https:\/\/agencia.252.com.mx\/home\/inicia-remodelacion-integral-del-deportivo-siervo-de-la-nacion\/\" \/>\n<meta property=\"og:locale\" content=\"es_ES\" \/>\n<meta property=\"og:type\" content=\"article\" \/>\n<meta property=\"og:title\" content=\"Inicia remodelaci\u00f3n integral el Deportivo Siervo de la Naci\u00f3n - Agencia252\" \/>\n<meta property=\"og:description\" content=\"Visitas: 6 Juan Ignacio Corro&nbsp; Ecatepec, Estado de M\u00e9xico, a 30 de abril de 2026 La alcaldesa Azucena Cisneros Coss dio el banderazo de inicio a la remodelaci\u00f3n integral del deportivo Siervo de la Naci\u00f3n, ubicado en Santa Mar\u00eda Tulpetlac, uno de los m\u00e1s importantes del municipio y que estaba en completo abandono, con instalaciones [&hellip;]\" \/>\n<meta property=\"og:url\" content=\"https:\/\/agencia.252.com.mx\/home\/inicia-remodelacion-integral-del-deportivo-siervo-de-la-nacion\/\" \/>\n<meta property=\"og:site_name\" content=\"Agencia252\" \/>\n<meta property=\"article:publisher\" content=\"https:\/\/www.facebook.com\/252Comunicacion\/\" \/>\n<meta property=\"article:author\" content=\"https:\/\/www.facebook.com\/jcorroherrera\/\" \/>\n<meta property=\"article:published_time\" content=\"2026-05-01T03:27:19+00:00\" \/>\n<meta property=\"article:modified_time\" content=\"2026-05-01T03:28:08+00:00\" \/>\n<meta property=\"og:image\" content=\"http:\/\/agencia.252.com.mx\/wp-content\/uploads\/2026\/04\/WhatsApp-Image-2026-04-30-at-12.46.06-PM-1.jpeg\" \/>\n\t<meta property=\"og:image:width\" content=\"1600\" \/>\n\t<meta property=\"og:image:height\" content=\"1199\" \/>\n\t<meta property=\"og:image:type\" content=\"image\/jpeg\" \/>\n<meta name=\"author\" content=\"Nacho Corro\" \/>\n<meta name=\"twitter:card\" content=\"summary_large_image\" \/>\n<meta name=\"twitter:creator\" content=\"@Juan Ignacio Corro Herrera\" \/>\n<meta name=\"twitter:site\" content=\"@252COMS\" \/>\n<meta name=\"twitter:label1\" content=\"Escrito por\" \/>\n\t<meta name=\"twitter:data1\" content=\"Nacho Corro\" \/>\n\t<meta name=\"twitter:label2\" content=\"Tiempo de lectura\" \/>\n\t<meta name=\"twitter:data2\" content=\"3 minutos\" \/>\n<script type=\"application\/ld+json\" class=\"yoast-schema-graph\">{\"@context\":\"https:\\\/\\\/schema.org\",\"@graph\":[{\"@type\":\"Article\",\"@id\":\"https:\\\/\\\/agencia.252.com.mx\\\/home\\\/inicia-remodelacion-integral-del-deportivo-siervo-de-la-nacion\\\/#article\",\"isPartOf\":{\"@id\":\"https:\\\/\\\/agencia.252.com.mx\\\/home\\\/inicia-remodelacion-integral-del-deportivo-siervo-de-la-nacion\\\/\"},\"author\":{\"name\":\"Nacho Corro\",\"@id\":\"https:\\\/\\\/agencia.252.com.mx\\\/home\\\/#\\\/schema\\\/person\\\/6b972021e9a92d45ade8c78d81509098\"},\"headline\":\"Inicia remodelaci\u00f3n integral el Deportivo Siervo de la Naci\u00f3n\",\"datePublished\":\"2026-05-01T03:27:19+00:00\",\"dateModified\":\"2026-05-01T03:28:08+00:00\",\"mainEntityOfPage\":{\"@id\":\"https:\\\/\\\/agencia.252.com.mx\\\/home\\\/inicia-remodelacion-integral-del-deportivo-siervo-de-la-nacion\\\/\"},\"wordCount\":462,\"commentCount\":0,\"publisher\":{\"@id\":\"https:\\\/\\\/agencia.252.com.mx\\\/home\\\/#organization\"},\"image\":{\"@id\":\"https:\\\/\\\/agencia.252.com.mx\\\/home\\\/inicia-remodelacion-integral-del-deportivo-siervo-de-la-nacion\\\/#primaryimage\"},\"thumbnailUrl\":\"https:\\\/\\\/agencia.252.com.mx\\\/wp-content\\\/uploads\\\/2026\\\/04\\\/WhatsApp-Image-2026-04-30-at-12.46.06-PM-1.jpeg\",\"keywords\":[\"Edomex\"],\"articleSection\":[\"Ecatepec\",\"Edomex\",\"Metropoli\",\"Seguridad\"],\"inLanguage\":\"es\",\"potentialAction\":[{\"@type\":\"CommentAction\",\"name\":\"Comment\",\"target\":[\"https:\\\/\\\/agencia.252.com.mx\\\/home\\\/inicia-remodelacion-integral-del-deportivo-siervo-de-la-nacion\\\/#respond\"]}]},{\"@type\":\"WebPage\",\"@id\":\"https:\\\/\\\/agencia.252.com.mx\\\/home\\\/inicia-remodelacion-integral-del-deportivo-siervo-de-la-nacion\\\/\",\"url\":\"https:\\\/\\\/agencia.252.com.mx\\\/home\\\/inicia-remodelacion-integral-del-deportivo-siervo-de-la-nacion\\\/\",\"name\":\"Inicia remodelaci\u00f3n integral el Deportivo Siervo de la Naci\u00f3n - Agencia252\",\"isPartOf\":{\"@id\":\"https:\\\/\\\/agencia.252.com.mx\\\/home\\\/#website\"},\"primaryImageOfPage\":{\"@id\":\"https:\\\/\\\/agencia.252.com.mx\\\/home\\\/inicia-remodelacion-integral-del-deportivo-siervo-de-la-nacion\\\/#primaryimage\"},\"image\":{\"@id\":\"https:\\\/\\\/agencia.252.com.mx\\\/home\\\/inicia-remodelacion-integral-del-deportivo-siervo-de-la-nacion\\\/#primaryimage\"},\"thumbnailUrl\":\"https:\\\/\\\/agencia.252.com.mx\\\/wp-content\\\/uploads\\\/2026\\\/04\\\/WhatsApp-Image-2026-04-30-at-12.46.06-PM-1.jpeg\",\"datePublished\":\"2026-05-01T03:27:19+00:00\",\"dateModified\":\"2026-05-01T03:28:08+00:00\",\"breadcrumb\":{\"@id\":\"https:\\\/\\\/agencia.252.com.mx\\\/home\\\/inicia-remodelacion-integral-del-deportivo-siervo-de-la-nacion\\\/#breadcrumb\"},\"inLanguage\":\"es\",\"potentialAction\":[{\"@type\":\"ReadAction\",\"target\":[\"https:\\\/\\\/agencia.252.com.mx\\\/home\\\/inicia-remodelacion-integral-del-deportivo-siervo-de-la-nacion\\\/\"]}]},{\"@type\":\"ImageObject\",\"inLanguage\":\"es\",\"@id\":\"https:\\\/\\\/agencia.252.com.mx\\\/home\\\/inicia-remodelacion-integral-del-deportivo-siervo-de-la-nacion\\\/#primaryimage\",\"url\":\"https:\\\/\\\/agencia.252.com.mx\\\/wp-content\\\/uploads\\\/2026\\\/04\\\/WhatsApp-Image-2026-04-30-at-12.46.06-PM-1.jpeg\",\"contentUrl\":\"https:\\\/\\\/agencia.252.com.mx\\\/wp-content\\\/uploads\\\/2026\\\/04\\\/WhatsApp-Image-2026-04-30-at-12.46.06-PM-1.jpeg\",\"width\":1600,\"height\":1199},{\"@type\":\"BreadcrumbList\",\"@id\":\"https:\\\/\\\/agencia.252.com.mx\\\/home\\\/inicia-remodelacion-integral-del-deportivo-siervo-de-la-nacion\\\/#breadcrumb\",\"itemListElement\":[{\"@type\":\"ListItem\",\"position\":1,\"name\":\"Portada\",\"item\":\"https:\\\/\\\/agencia.252.com.mx\\\/home\\\/\"},{\"@type\":\"ListItem\",\"position\":2,\"name\":\"Inicia remodelaci\u00f3n integral el Deportivo Siervo de la Naci\u00f3n\"}]},{\"@type\":\"WebSite\",\"@id\":\"https:\\\/\\\/agencia.252.com.mx\\\/home\\\/#website\",\"url\":\"https:\\\/\\\/agencia.252.com.mx\\\/home\\\/\",\"name\":\"Agencia252\",\"description\":\"Tu espacio en la Red\",\"publisher\":{\"@id\":\"https:\\\/\\\/agencia.252.com.mx\\\/home\\\/#organization\"},\"potentialAction\":[{\"@type\":\"SearchAction\",\"target\":{\"@type\":\"EntryPoint\",\"urlTemplate\":\"https:\\\/\\\/agencia.252.com.mx\\\/home\\\/?s={search_term_string}\"},\"query-input\":{\"@type\":\"PropertyValueSpecification\",\"valueRequired\":true,\"valueName\":\"search_term_string\"}}],\"inLanguage\":\"es\"},{\"@type\":\"Organization\",\"@id\":\"https:\\\/\\\/agencia.252.com.mx\\\/home\\\/#organization\",\"name\":\"Agencia252\",\"url\":\"https:\\\/\\\/agencia.252.com.mx\\\/home\\\/\",\"logo\":{\"@type\":\"ImageObject\",\"inLanguage\":\"es\",\"@id\":\"https:\\\/\\\/agencia.252.com.mx\\\/home\\\/#\\\/schema\\\/logo\\\/image\\\/\",\"url\":\"https:\\\/\\\/agencia.252.com.mx\\\/wp-content\\\/uploads\\\/2023\\\/02\\\/cropped-ciruclo-agencia-e1677562404136.png\",\"contentUrl\":\"https:\\\/\\\/agencia.252.com.mx\\\/wp-content\\\/uploads\\\/2023\\\/02\\\/cropped-ciruclo-agencia-e1677562404136.png\",\"width\":512,\"height\":512,\"caption\":\"Agencia252\"},\"image\":{\"@id\":\"https:\\\/\\\/agencia.252.com.mx\\\/home\\\/#\\\/schema\\\/logo\\\/image\\\/\"},\"sameAs\":[\"https:\\\/\\\/www.facebook.com\\\/252Comunicacion\\\/\",\"https:\\\/\\\/x.com\\\/252COMS\"]},{\"@type\":\"Person\",\"@id\":\"https:\\\/\\\/agencia.252.com.mx\\\/home\\\/#\\\/schema\\\/person\\\/6b972021e9a92d45ade8c78d81509098\",\"name\":\"Nacho Corro\",\"image\":{\"@type\":\"ImageObject\",\"inLanguage\":\"es\",\"@id\":\"https:\\\/\\\/secure.gravatar.com\\\/avatar\\\/5db6df507cfe1307e192fbb498c6b85f1cf2ffd8b4cd37141b9eea588fcbd5a4?s=96&r=g\",\"url\":\"https:\\\/\\\/secure.gravatar.com\\\/avatar\\\/5db6df507cfe1307e192fbb498c6b85f1cf2ffd8b4cd37141b9eea588fcbd5a4?s=96&r=g\",\"contentUrl\":\"https:\\\/\\\/secure.gravatar.com\\\/avatar\\\/5db6df507cfe1307e192fbb498c6b85f1cf2ffd8b4cd37141b9eea588fcbd5a4?s=96&r=g\",\"caption\":\"Nacho Corro\"},\"description\":\"Comunicador Social, Periodista y Administraci\u00f3n P\u00fablica. Conversador pol\u00edtico, temas electorales y seguridad. Generador de contenidos digitales. Amante de la fotograf\u00eda\",\"sameAs\":[\"https:\\\/\\\/www.facebook.com\\\/jcorroherrera\\\/\",\"www.instagram.com\\\/nachocorro\\\/\",\"https:\\\/\\\/x.com\\\/Juan Ignacio Corro Herrera\"],\"url\":\"https:\\\/\\\/agencia.252.com.mx\\\/home\\\/author\\\/i-corro\\\/\"}]}<\/script>\n<!-- \/ Yoast SEO plugin. -->","yoast_head_json":{"title":"Inicia remodelaci\u00f3n integral el Deportivo Siervo de la Naci\u00f3n - Agencia252","robots":{"index":"index","follow":"follow","max-snippet":"max-snippet:-1","max-image-preview":"max-image-preview:large","max-video-preview":"max-video-preview:-1"},"canonical":"https:\/\/agencia.252.com.mx\/home\/inicia-remodelacion-integral-del-deportivo-siervo-de-la-nacion\/","og_locale":"es_ES","og_type":"article","og_title":"Inicia remodelaci\u00f3n integral el Deportivo Siervo de la Naci\u00f3n - Agencia252","og_description":"Visitas: 6 Juan Ignacio Corro&nbsp; Ecatepec, Estado de M\u00e9xico, a 30 de abril de 2026 La alcaldesa Azucena Cisneros Coss dio el banderazo de inicio a la remodelaci\u00f3n integral del deportivo Siervo de la Naci\u00f3n, ubicado en Santa Mar\u00eda Tulpetlac, uno de los m\u00e1s importantes del municipio y que estaba en completo abandono, con instalaciones [&hellip;]","og_url":"https:\/\/agencia.252.com.mx\/home\/inicia-remodelacion-integral-del-deportivo-siervo-de-la-nacion\/","og_site_name":"Agencia252","article_publisher":"https:\/\/www.facebook.com\/252Comunicacion\/","article_author":"https:\/\/www.facebook.com\/jcorroherrera\/","article_published_time":"2026-05-01T03:27:19+00:00","article_modified_time":"2026-05-01T03:28:08+00:00","og_image":[{"width":1600,"height":1199,"url":"http:\/\/agencia.252.com.mx\/wp-content\/uploads\/2026\/04\/WhatsApp-Image-2026-04-30-at-12.46.06-PM-1.jpeg","type":"image\/jpeg"}],"author":"Nacho Corro","twitter_card":"summary_large_image","twitter_creator":"@Juan Ignacio Corro Herrera","twitter_site":"@252COMS","twitter_misc":{"Escrito por":"Nacho Corro","Tiempo de lectura":"3 minutos"},"schema":{"@context":"https:\/\/schema.org","@graph":[{"@type":"Article","@id":"https:\/\/agencia.252.com.mx\/home\/inicia-remodelacion-integral-del-deportivo-siervo-de-la-nacion\/#article","isPartOf":{"@id":"https:\/\/agencia.252.com.mx\/home\/inicia-remodelacion-integral-del-deportivo-siervo-de-la-nacion\/"},"author":{"name":"Nacho Corro","@id":"https:\/\/agencia.252.com.mx\/home\/#\/schema\/person\/6b972021e9a92d45ade8c78d81509098"},"headline":"Inicia remodelaci\u00f3n integral el Deportivo Siervo de la Naci\u00f3n","datePublished":"2026-05-01T03:27:19+00:00","dateModified":"2026-05-01T03:28:08+00:00","mainEntityOfPage":{"@id":"https:\/\/agencia.252.com.mx\/home\/inicia-remodelacion-integral-del-deportivo-siervo-de-la-nacion\/"},"wordCount":462,"commentCount":0,"publisher":{"@id":"https:\/\/agencia.252.com.mx\/home\/#organization"},"image":{"@id":"https:\/\/agencia.252.com.mx\/home\/inicia-remodelacion-integral-del-deportivo-siervo-de-la-nacion\/#primaryimage"},"thumbnailUrl":"https:\/\/agencia.252.com.mx\/wp-content\/uploads\/2026\/04\/WhatsApp-Image-2026-04-30-at-12.46.06-PM-1.jpeg","keywords":["Edomex"],"articleSection":["Ecatepec","Edomex","Metropoli","Seguridad"],"inLanguage":"es","potentialAction":[{"@type":"CommentAction","name":"Comment","target":["https:\/\/agencia.252.com.mx\/home\/inicia-remodelacion-integral-del-deportivo-siervo-de-la-nacion\/#respond"]}]},{"@type":"WebPage","@id":"https:\/\/agencia.252.com.mx\/home\/inicia-remodelacion-integral-del-deportivo-siervo-de-la-nacion\/","url":"https:\/\/agencia.252.com.mx\/home\/inicia-remodelacion-integral-del-deportivo-siervo-de-la-nacion\/","name":"Inicia remodelaci\u00f3n integral el Deportivo Siervo de la Naci\u00f3n - Agencia252","isPartOf":{"@id":"https:\/\/agencia.252.com.mx\/home\/#website"},"primaryImageOfPage":{"@id":"https:\/\/agencia.252.com.mx\/home\/inicia-remodelacion-integral-del-deportivo-siervo-de-la-nacion\/#primaryimage"},"image":{"@id":"https:\/\/agencia.252.com.mx\/home\/inicia-remodelacion-integral-del-deportivo-siervo-de-la-nacion\/#primaryimage"},"thumbnailUrl":"https:\/\/agencia.252.com.mx\/wp-content\/uploads\/2026\/04\/WhatsApp-Image-2026-04-30-at-12.46.06-PM-1.jpeg","datePublished":"2026-05-01T03:27:19+00:00","dateModified":"2026-05-01T03:28:08+00:00","breadcrumb":{"@id":"https:\/\/agencia.252.com.mx\/home\/inicia-remodelacion-integral-del-deportivo-siervo-de-la-nacion\/#breadcrumb"},"inLanguage":"es","potentialAction":[{"@type":"ReadAction","target":["https:\/\/agencia.252.com.mx\/home\/inicia-remodelacion-integral-del-deportivo-siervo-de-la-nacion\/"]}]},{"@type":"ImageObject","inLanguage":"es","@id":"https:\/\/agencia.252.com.mx\/home\/inicia-remodelacion-integral-del-deportivo-siervo-de-la-nacion\/#primaryimage","url":"https:\/\/agencia.252.com.mx\/wp-content\/uploads\/2026\/04\/WhatsApp-Image-2026-04-30-at-12.46.06-PM-1.jpeg","contentUrl":"https:\/\/agencia.252.com.mx\/wp-content\/uploads\/2026\/04\/WhatsApp-Image-2026-04-30-at-12.46.06-PM-1.jpeg","width":1600,"height":1199},{"@type":"BreadcrumbList","@id":"https:\/\/agencia.252.com.mx\/home\/inicia-remodelacion-integral-del-deportivo-siervo-de-la-nacion\/#breadcrumb","itemListElement":[{"@type":"ListItem","position":1,"name":"Portada","item":"https:\/\/agencia.252.com.mx\/home\/"},{"@type":"ListItem","position":2,"name":"Inicia remodelaci\u00f3n integral el Deportivo Siervo de la Naci\u00f3n"}]},{"@type":"WebSite","@id":"https:\/\/agencia.252.com.mx\/home\/#website","url":"https:\/\/agencia.252.com.mx\/home\/","name":"Agencia252","description":"Tu espacio en la Red","publisher":{"@id":"https:\/\/agencia.252.com.mx\/home\/#organization"},"potentialAction":[{"@type":"SearchAction","target":{"@type":"EntryPoint","urlTemplate":"https:\/\/agencia.252.com.mx\/home\/?s={search_term_string}"},"query-input":{"@type":"PropertyValueSpecification","valueRequired":true,"valueName":"search_term_string"}}],"inLanguage":"es"},{"@type":"Organization","@id":"https:\/\/agencia.252.com.mx\/home\/#organization","name":"Agencia252","url":"https:\/\/agencia.252.com.mx\/home\/","logo":{"@type":"ImageObject","inLanguage":"es","@id":"https:\/\/agencia.252.com.mx\/home\/#\/schema\/logo\/image\/","url":"https:\/\/agencia.252.com.mx\/wp-content\/uploads\/2023\/02\/cropped-ciruclo-agencia-e1677562404136.png","contentUrl":"https:\/\/agencia.252.com.mx\/wp-content\/uploads\/2023\/02\/cropped-ciruclo-agencia-e1677562404136.png","width":512,"height":512,"caption":"Agencia252"},"image":{"@id":"https:\/\/agencia.252.com.mx\/home\/#\/schema\/logo\/image\/"},"sameAs":["https:\/\/www.facebook.com\/252Comunicacion\/","https:\/\/x.com\/252COMS"]},{"@type":"Person","@id":"https:\/\/agencia.252.com.mx\/home\/#\/schema\/person\/6b972021e9a92d45ade8c78d81509098","name":"Nacho Corro","image":{"@type":"ImageObject","inLanguage":"es","@id":"https:\/\/secure.gravatar.com\/avatar\/5db6df507cfe1307e192fbb498c6b85f1cf2ffd8b4cd37141b9eea588fcbd5a4?s=96&r=g","url":"https:\/\/secure.gravatar.com\/avatar\/5db6df507cfe1307e192fbb498c6b85f1cf2ffd8b4cd37141b9eea588fcbd5a4?s=96&r=g","contentUrl":"https:\/\/secure.gravatar.com\/avatar\/5db6df507cfe1307e192fbb498c6b85f1cf2ffd8b4cd37141b9eea588fcbd5a4?s=96&r=g","caption":"Nacho Corro"},"description":"Comunicador Social, Periodista y Administraci\u00f3n P\u00fablica. Conversador pol\u00edtico, temas electorales y seguridad. Generador de contenidos digitales. Amante de la fotograf\u00eda","sameAs":["https:\/\/www.facebook.com\/jcorroherrera\/","www.instagram.com\/nachocorro\/","https:\/\/x.com\/Juan Ignacio Corro Herrera"],"url":"https:\/\/agencia.252.com.mx\/home\/author\/i-corro\/"}]}},"_links":{"self":[{"href":"https:\/\/agencia.252.com.mx\/home\/wp-json\/wp\/v2\/posts\/18926","targetHints":{"allow":["GET"]}}],"collection":[{"href":"https:\/\/agencia.252.com.mx\/home\/wp-json\/wp\/v2\/posts"}],"about":[{"href":"https:\/\/agencia.252.com.mx\/home\/wp-json\/wp\/v2\/types\/post"}],"author":[{"embeddable":true,"href":"https:\/\/agencia.252.com.mx\/home\/wp-json\/wp\/v2\/users\/5"}],"replies":[{"embeddable":true,"href":"https:\/\/agencia.252.com.mx\/home\/wp-json\/wp\/v2\/comments?post=18926"}],"version-history":[{"count":2,"href":"https:\/\/agencia.252.com.mx\/home\/wp-json\/wp\/v2\/posts\/18926\/revisions"}],"predecessor-version":[{"id":18932,"href":"https:\/\/agencia.252.com.mx\/home\/wp-json\/wp\/v2\/posts\/18926\/revisions\/18932"}],"wp:featuredmedia":[{"embeddable":true,"href":"https:\/\/agencia.252.com.mx\/home\/wp-json\/wp\/v2\/media\/18929"}],"wp:attachment":[{"href":"https:\/\/agencia.252.com.mx\/home\/wp-json\/wp\/v2\/media?parent=18926"}],"wp:term":[{"taxonomy":"category","embeddable":true,"href":"https:\/\/agencia.252.com.mx\/home\/wp-json\/wp\/v2\/categories?post=18926"},{"taxonomy":"post_tag","embeddable":true,"href":"https:\/\/agencia.252.com.mx\/home\/wp-json\/wp\/v2\/tags?post=18926"}],"curies":[{"name":"wp","href":"https:\/\/api.w.org\/{rel}","templated":true}]}}