{"id":18921,"date":"2026-04-30T21:09:21","date_gmt":"2026-05-01T03:09:21","guid":{"rendered":"https:\/\/agencia.252.com.mx\/home\/?p=18921"},"modified":"2026-04-30T21:09:22","modified_gmt":"2026-05-01T03:09:22","slug":"inauguran-la-primera-utopia-de-azcapotzalco-espacio-de-inclusion-cuidados-y-bienestar-para-infancias-y-juventudes","status":"publish","type":"post","link":"https:\/\/agencia.252.com.mx\/home\/inauguran-la-primera-utopia-de-azcapotzalco-espacio-de-inclusion-cuidados-y-bienestar-para-infancias-y-juventudes\/","title":{"rendered":"Inauguran la Primera utop\u00eda de Azcapotzalco, espacio de inclusi\u00f3n, cuidados y bienestar para infancias y juventudes"},"content":{"rendered":"<p>Visitas: 2<\/p>\n<ul class=\"wp-block-list\">\n<li><em>Se inviertieron 5 mil millones de pesos en pol\u00edticas enfocadas a las infancias<\/em><\/li>\n\n\n\n<li><em>Se incorpor\u00f3 la primera Escuela de Robotop\u00eda, orientada a rob\u00f3tica e inteligencia artificial para ni\u00f1as, ni\u00f1os y j\u00f3venes\u00a0<\/em><\/li>\n\n\n\n<li><em>La Utop\u00eda Azcapotzalco integra 46 disciplinas deportivas y m\u00e1s de 50 espacios de actividades, incluyendo alberca semiol\u00edmpica, canchas de f\u00fatbol, squash, gimnasio, box, crossfit, pista de patinaje y pista de tart\u00e1n<\/em><\/li>\n<\/ul>\n\n\n\n<p>Juan Ignacio Corro&nbsp;<\/p>\n\n\n\n<p class=\"has-text-align-right\">Ciudad de M\u00e9xico, a 30 de abril de 2026<\/p>\n\n\n\n<p>Con una oferta de actividades deportivas, culturales, educativas y de cuidados, la jefa de Gobierno, Clara Brugada Molina, inaugur\u00f3 la primera Unidad de Transformaci\u00f3n y Organizaci\u00f3n para la Inclusi\u00f3n y la Armon\u00eda Social (Utop\u00eda) Azcapotzalco, en la colonia Euskadi, de esta alcald\u00eda, como un espacio destinado al desarrollo integral de ni\u00f1as, ni\u00f1os y j\u00f3venes.<\/p>\n\n\n\n<p>Brugada Molina destac\u00f3 que este espacio supera los 30 mil metros cuadrados destinados al bienestar de la poblaci\u00f3n y forma parte de una red de intervenci\u00f3n urbana que ya suma m\u00e1s de 600 mil metros cuadrados de espacio p\u00fablico transformado en la ciudad.<\/p>\n\n\n\n<figure class=\"wp-block-gallery has-nested-images columns-default is-cropped wp-block-gallery-1 is-layout-flex wp-block-gallery-is-layout-flex\">\n<figure class=\"wp-block-image size-large\"><img fetchpriority=\"high\" decoding=\"async\" width=\"1024\" height=\"683\" data-id=\"18924\" src=\"https:\/\/agencia.252.com.mx\/wp-content\/uploads\/2026\/04\/WhatsApp-Image-2026-04-30-at-2.56.13-PM-1024x683.jpeg\" alt=\"\" class=\"wp-image-18924\" srcset=\"https:\/\/agencia.252.com.mx\/wp-content\/uploads\/2026\/04\/WhatsApp-Image-2026-04-30-at-2.56.13-PM-1024x683.jpeg 1024w, https:\/\/agencia.252.com.mx\/wp-content\/uploads\/2026\/04\/WhatsApp-Image-2026-04-30-at-2.56.13-PM-300x200.jpeg 300w, https:\/\/agencia.252.com.mx\/wp-content\/uploads\/2026\/04\/WhatsApp-Image-2026-04-30-at-2.56.13-PM-768x512.jpeg 768w, https:\/\/agencia.252.com.mx\/wp-content\/uploads\/2026\/04\/WhatsApp-Image-2026-04-30-at-2.56.13-PM-1536x1024.jpeg 1536w, https:\/\/agencia.252.com.mx\/wp-content\/uploads\/2026\/04\/WhatsApp-Image-2026-04-30-at-2.56.13-PM-2048x1366.jpeg 2048w\" sizes=\"(max-width: 1024px) 100vw, 1024px\" \/><\/figure>\n\n\n\n<figure class=\"wp-block-image size-large\"><img decoding=\"async\" width=\"1024\" height=\"682\" data-id=\"18922\" src=\"https:\/\/agencia.252.com.mx\/wp-content\/uploads\/2026\/04\/WhatsApp-Image-2026-04-30-at-3.28.23-PM-1024x682.jpeg\" alt=\"\" class=\"wp-image-18922\" srcset=\"https:\/\/agencia.252.com.mx\/wp-content\/uploads\/2026\/04\/WhatsApp-Image-2026-04-30-at-3.28.23-PM-1024x682.jpeg 1024w, https:\/\/agencia.252.com.mx\/wp-content\/uploads\/2026\/04\/WhatsApp-Image-2026-04-30-at-3.28.23-PM-300x200.jpeg 300w, https:\/\/agencia.252.com.mx\/wp-content\/uploads\/2026\/04\/WhatsApp-Image-2026-04-30-at-3.28.23-PM-768x512.jpeg 768w, https:\/\/agencia.252.com.mx\/wp-content\/uploads\/2026\/04\/WhatsApp-Image-2026-04-30-at-3.28.23-PM-1536x1024.jpeg 1536w, https:\/\/agencia.252.com.mx\/wp-content\/uploads\/2026\/04\/WhatsApp-Image-2026-04-30-at-3.28.23-PM-2048x1365.jpeg 2048w\" sizes=\"(max-width: 1024px) 100vw, 1024px\" \/><\/figure>\n<\/figure>\n\n\n\n<p>Asegur\u00f3 que en este proyecto se han invertido m\u00e1s de 5 mil millones de pesos en pol\u00edticas dirigidas a las infancias, al tiempo que record\u00f3 que su administraci\u00f3n impulsa la creaci\u00f3n de 200 Centros de Cuidado y Desarrollo Infantil en la capital, as\u00ed como el fortalecimiento del Sistema P\u00fablico de Cuidados. \u201cLas ni\u00f1as y los ni\u00f1os son apoyados desde que est\u00e1n en el vientre materno\u201d, sostuvo.<\/p>\n\n\n\n<p>Asimismo, inform\u00f3 que la Utop\u00eda de Azcapotzalco contar\u00e1 con 46 disciplinas deportivas y m\u00e1s de 50 espacios destinados a actividades culturales, sociales y de cuidado, entre ellos alberca semiol\u00edmpica, canchas de f\u00fatbol con pasto sint\u00e9tico, canchas de squash, gimnasio con \u00e1rea de box y pesas, crossfit, pista de patinaje y pista de tart\u00e1n.<\/p>\n\n\n\n<p>En materia de formaci\u00f3n tecnol\u00f3gica, destac\u00f3 la creaci\u00f3n de la primera Escuela de Robotop\u00eda, enfocada en rob\u00f3tica e inteligencia artificial para ni\u00f1as, ni\u00f1os y j\u00f3venes. \u201cTodo es gratuito. Las albercas son gratuitas. No hay inscripci\u00f3n con cobro ni mensualidad\u201d, reiter\u00f3.<\/p>\n\n\n\n<p>Por su parte, el secretario de Obras y Servicios, Ra\u00fal Basulto Luviano, explic\u00f3 que el complejo fue construido en el Deportivo Ceyl\u00e1n, donde anteriormente exist\u00edan dos canchas de futbol de terracer\u00eda, cuatro frontones y juegos infantiles.<\/p>\n\n\n\n<p>Detall\u00f3 que de los casi 30 mil metros cuadrados intervenidos, 7 mil corresponden a \u00e1reas techadas construidas desde cero y 23 mil a espacios abiertos rehabilitados. Tambi\u00e9n indic\u00f3 que el Sistema P\u00fablico de Cuidados ocupa mil 200 metros cuadrados, con estancias infantiles, Casa Siempre Vivas, Centro Colibr\u00ed, Casa de D\u00eda para adultos mayores, espacios de rehabilitaci\u00f3n, comedor y lavander\u00eda.<\/p>\n\n\n\n<p>El funcionario agreg\u00f3 que el 50% del espacio est\u00e1 destinado al deporte, incluyendo alberca semiol\u00edmpica de 25 por 12.5 metros, canchas de f\u00fatbol, squash, gimnasio, crossfit, f\u00fatbol r\u00e1pido, pista de patinaje y pista de tart\u00e1n. Inform\u00f3, adem\u00e1s, que la construcci\u00f3n gener\u00f3 m\u00e1s de 2 mil 500 empleos y participaron m\u00e1s de 14 empresas.<\/p>\n","protected":false},"excerpt":{"rendered":"<p>Visitas: 2 Juan Ignacio Corro&nbsp; Ciudad de M\u00e9xico, a 30 de abril de 2026 Con una oferta de actividades deportivas, culturales, educativas y de cuidados, la jefa de Gobierno, Clara Brugada Molina, inaugur\u00f3 la primera Unidad de Transformaci\u00f3n y Organizaci\u00f3n para la Inclusi\u00f3n y la Armon\u00eda Social (Utop\u00eda) Azcapotzalco, en la colonia Euskadi, de esta [&hellip;]<\/p>\n","protected":false},"author":5,"featured_media":18923,"comment_status":"open","ping_status":"open","sticky":false,"template":"","format":"standard","meta":{"site-sidebar-layout":"default","site-content-layout":"","ast-site-content-layout":"default","site-content-style":"default","site-sidebar-style":"default","ast-global-header-display":"","ast-banner-title-visibility":"","ast-main-header-display":"","ast-hfb-above-header-display":"","ast-hfb-below-header-display":"","ast-hfb-mobile-header-display":"","site-post-title":"","ast-breadcrumbs-content":"","ast-featured-img":"","footer-sml-layout":"","ast-disable-related-posts":"","theme-transparent-header-meta":"","adv-header-id-meta":"","stick-header-meta":"","header-above-stick-meta":"","header-main-stick-meta":"","header-below-stick-meta":"","astra-migrate-meta-layouts":"set","ast-page-background-enabled":"default","ast-page-background-meta":{"desktop":{"background-color":"var(--ast-global-color-4)","background-image":"","background-repeat":"repeat","background-position":"center center","background-size":"auto","background-attachment":"scroll","background-type":"","background-media":"","overlay-type":"","overlay-color":"","overlay-opacity":"","overlay-gradient":""},"tablet":{"background-color":"","background-image":"","background-repeat":"repeat","background-position":"center center","background-size":"auto","background-attachment":"scroll","background-type":"","background-media":"","overlay-type":"","overlay-color":"","overlay-opacity":"","overlay-gradient":""},"mobile":{"background-color":"","background-image":"","background-repeat":"repeat","background-position":"center center","background-size":"auto","background-attachment":"scroll","background-type":"","background-media":"","overlay-type":"","overlay-color":"","overlay-opacity":"","overlay-gradient":""}},"ast-content-background-meta":{"desktop":{"background-color":"var(--ast-global-color-5)","background-image":"","background-repeat":"repeat","background-position":"center center","background-size":"auto","background-attachment":"scroll","background-type":"","background-media":"","overlay-type":"","overlay-color":"","overlay-opacity":"","overlay-gradient":""},"tablet":{"background-color":"var(--ast-global-color-5)","background-image":"","background-repeat":"repeat","background-position":"center center","background-size":"auto","background-attachment":"scroll","background-type":"","background-media":"","overlay-type":"","overlay-color":"","overlay-opacity":"","overlay-gradient":""},"mobile":{"background-color":"var(--ast-global-color-5)","background-image":"","background-repeat":"repeat","background-position":"center center","background-size":"auto","background-attachment":"scroll","background-type":"","background-media":"","overlay-type":"","overlay-color":"","overlay-opacity":"","overlay-gradient":""}},"footnotes":""},"categories":[69,68],"tags":[535],"class_list":["post-18921","post","type-post","status-publish","format-standard","has-post-thumbnail","hentry","category-cdmx","category-seguridad","tag-cdmx"],"yoast_head":"<!-- This site is optimized with the Yoast SEO plugin v27.4 - https:\/\/yoast.com\/product\/yoast-seo-wordpress\/ -->\n<title>Inauguran la Primera utop\u00eda de Azcapotzalco, espacio de inclusi\u00f3n, cuidados y bienestar para infancias y juventudes - Agencia252<\/title>\n<meta name=\"robots\" content=\"index, follow, max-snippet:-1, max-image-preview:large, max-video-preview:-1\" \/>\n<link rel=\"canonical\" href=\"https:\/\/agencia.252.com.mx\/home\/inauguran-la-primera-utopia-de-azcapotzalco-espacio-de-inclusion-cuidados-y-bienestar-para-infancias-y-juventudes\/\" \/>\n<meta property=\"og:locale\" content=\"es_ES\" \/>\n<meta property=\"og:type\" content=\"article\" \/>\n<meta property=\"og:title\" content=\"Inauguran la Primera utop\u00eda de Azcapotzalco, espacio de inclusi\u00f3n, cuidados y bienestar para infancias y juventudes - Agencia252\" \/>\n<meta property=\"og:description\" content=\"Visitas: 2 Juan Ignacio Corro&nbsp; Ciudad de M\u00e9xico, a 30 de abril de 2026 Con una oferta de actividades deportivas, culturales, educativas y de cuidados, la jefa de Gobierno, Clara Brugada Molina, inaugur\u00f3 la primera Unidad de Transformaci\u00f3n y Organizaci\u00f3n para la Inclusi\u00f3n y la Armon\u00eda Social (Utop\u00eda) Azcapotzalco, en la colonia Euskadi, de esta [&hellip;]\" \/>\n<meta property=\"og:url\" content=\"https:\/\/agencia.252.com.mx\/home\/inauguran-la-primera-utopia-de-azcapotzalco-espacio-de-inclusion-cuidados-y-bienestar-para-infancias-y-juventudes\/\" \/>\n<meta property=\"og:site_name\" content=\"Agencia252\" \/>\n<meta property=\"article:publisher\" content=\"https:\/\/www.facebook.com\/252Comunicacion\/\" \/>\n<meta property=\"article:author\" content=\"https:\/\/www.facebook.com\/jcorroherrera\/\" \/>\n<meta property=\"article:published_time\" content=\"2026-05-01T03:09:21+00:00\" \/>\n<meta property=\"article:modified_time\" content=\"2026-05-01T03:09:22+00:00\" \/>\n<meta property=\"og:image\" content=\"http:\/\/agencia.252.com.mx\/wp-content\/uploads\/2026\/04\/WhatsApp-Image-2026-04-30-at-2.56.16-PM.jpeg\" \/>\n\t<meta property=\"og:image:width\" content=\"2560\" \/>\n\t<meta property=\"og:image:height\" content=\"1706\" \/>\n\t<meta property=\"og:image:type\" content=\"image\/jpeg\" \/>\n<meta name=\"author\" content=\"Nacho Corro\" \/>\n<meta name=\"twitter:card\" content=\"summary_large_image\" \/>\n<meta name=\"twitter:creator\" content=\"@Juan Ignacio Corro Herrera\" \/>\n<meta name=\"twitter:site\" content=\"@252COMS\" \/>\n<meta name=\"twitter:label1\" content=\"Escrito por\" \/>\n\t<meta name=\"twitter:data1\" content=\"Nacho Corro\" \/>\n\t<meta name=\"twitter:label2\" content=\"Tiempo de lectura\" \/>\n\t<meta name=\"twitter:data2\" content=\"3 minutos\" \/>\n<script type=\"application\/ld+json\" class=\"yoast-schema-graph\">{\"@context\":\"https:\\\/\\\/schema.org\",\"@graph\":[{\"@type\":\"Article\",\"@id\":\"https:\\\/\\\/agencia.252.com.mx\\\/home\\\/inauguran-la-primera-utopia-de-azcapotzalco-espacio-de-inclusion-cuidados-y-bienestar-para-infancias-y-juventudes\\\/#article\",\"isPartOf\":{\"@id\":\"https:\\\/\\\/agencia.252.com.mx\\\/home\\\/inauguran-la-primera-utopia-de-azcapotzalco-espacio-de-inclusion-cuidados-y-bienestar-para-infancias-y-juventudes\\\/\"},\"author\":{\"name\":\"Nacho Corro\",\"@id\":\"https:\\\/\\\/agencia.252.com.mx\\\/home\\\/#\\\/schema\\\/person\\\/6b972021e9a92d45ade8c78d81509098\"},\"headline\":\"Inauguran la Primera utop\u00eda de Azcapotzalco, espacio de inclusi\u00f3n, cuidados y bienestar para infancias y juventudes\",\"datePublished\":\"2026-05-01T03:09:21+00:00\",\"dateModified\":\"2026-05-01T03:09:22+00:00\",\"mainEntityOfPage\":{\"@id\":\"https:\\\/\\\/agencia.252.com.mx\\\/home\\\/inauguran-la-primera-utopia-de-azcapotzalco-espacio-de-inclusion-cuidados-y-bienestar-para-infancias-y-juventudes\\\/\"},\"wordCount\":542,\"commentCount\":0,\"publisher\":{\"@id\":\"https:\\\/\\\/agencia.252.com.mx\\\/home\\\/#organization\"},\"image\":{\"@id\":\"https:\\\/\\\/agencia.252.com.mx\\\/home\\\/inauguran-la-primera-utopia-de-azcapotzalco-espacio-de-inclusion-cuidados-y-bienestar-para-infancias-y-juventudes\\\/#primaryimage\"},\"thumbnailUrl\":\"https:\\\/\\\/agencia.252.com.mx\\\/wp-content\\\/uploads\\\/2026\\\/04\\\/WhatsApp-Image-2026-04-30-at-2.56.16-PM.jpeg\",\"keywords\":[\"CDMX\"],\"articleSection\":[\"CDMX\",\"Seguridad\"],\"inLanguage\":\"es\",\"potentialAction\":[{\"@type\":\"CommentAction\",\"name\":\"Comment\",\"target\":[\"https:\\\/\\\/agencia.252.com.mx\\\/home\\\/inauguran-la-primera-utopia-de-azcapotzalco-espacio-de-inclusion-cuidados-y-bienestar-para-infancias-y-juventudes\\\/#respond\"]}]},{\"@type\":\"WebPage\",\"@id\":\"https:\\\/\\\/agencia.252.com.mx\\\/home\\\/inauguran-la-primera-utopia-de-azcapotzalco-espacio-de-inclusion-cuidados-y-bienestar-para-infancias-y-juventudes\\\/\",\"url\":\"https:\\\/\\\/agencia.252.com.mx\\\/home\\\/inauguran-la-primera-utopia-de-azcapotzalco-espacio-de-inclusion-cuidados-y-bienestar-para-infancias-y-juventudes\\\/\",\"name\":\"Inauguran la Primera utop\u00eda de Azcapotzalco, espacio de inclusi\u00f3n, cuidados y bienestar para infancias y juventudes - Agencia252\",\"isPartOf\":{\"@id\":\"https:\\\/\\\/agencia.252.com.mx\\\/home\\\/#website\"},\"primaryImageOfPage\":{\"@id\":\"https:\\\/\\\/agencia.252.com.mx\\\/home\\\/inauguran-la-primera-utopia-de-azcapotzalco-espacio-de-inclusion-cuidados-y-bienestar-para-infancias-y-juventudes\\\/#primaryimage\"},\"image\":{\"@id\":\"https:\\\/\\\/agencia.252.com.mx\\\/home\\\/inauguran-la-primera-utopia-de-azcapotzalco-espacio-de-inclusion-cuidados-y-bienestar-para-infancias-y-juventudes\\\/#primaryimage\"},\"thumbnailUrl\":\"https:\\\/\\\/agencia.252.com.mx\\\/wp-content\\\/uploads\\\/2026\\\/04\\\/WhatsApp-Image-2026-04-30-at-2.56.16-PM.jpeg\",\"datePublished\":\"2026-05-01T03:09:21+00:00\",\"dateModified\":\"2026-05-01T03:09:22+00:00\",\"breadcrumb\":{\"@id\":\"https:\\\/\\\/agencia.252.com.mx\\\/home\\\/inauguran-la-primera-utopia-de-azcapotzalco-espacio-de-inclusion-cuidados-y-bienestar-para-infancias-y-juventudes\\\/#breadcrumb\"},\"inLanguage\":\"es\",\"potentialAction\":[{\"@type\":\"ReadAction\",\"target\":[\"https:\\\/\\\/agencia.252.com.mx\\\/home\\\/inauguran-la-primera-utopia-de-azcapotzalco-espacio-de-inclusion-cuidados-y-bienestar-para-infancias-y-juventudes\\\/\"]}]},{\"@type\":\"ImageObject\",\"inLanguage\":\"es\",\"@id\":\"https:\\\/\\\/agencia.252.com.mx\\\/home\\\/inauguran-la-primera-utopia-de-azcapotzalco-espacio-de-inclusion-cuidados-y-bienestar-para-infancias-y-juventudes\\\/#primaryimage\",\"url\":\"https:\\\/\\\/agencia.252.com.mx\\\/wp-content\\\/uploads\\\/2026\\\/04\\\/WhatsApp-Image-2026-04-30-at-2.56.16-PM.jpeg\",\"contentUrl\":\"https:\\\/\\\/agencia.252.com.mx\\\/wp-content\\\/uploads\\\/2026\\\/04\\\/WhatsApp-Image-2026-04-30-at-2.56.16-PM.jpeg\",\"width\":2560,\"height\":1706},{\"@type\":\"BreadcrumbList\",\"@id\":\"https:\\\/\\\/agencia.252.com.mx\\\/home\\\/inauguran-la-primera-utopia-de-azcapotzalco-espacio-de-inclusion-cuidados-y-bienestar-para-infancias-y-juventudes\\\/#breadcrumb\",\"itemListElement\":[{\"@type\":\"ListItem\",\"position\":1,\"name\":\"Portada\",\"item\":\"https:\\\/\\\/agencia.252.com.mx\\\/home\\\/\"},{\"@type\":\"ListItem\",\"position\":2,\"name\":\"Inauguran la Primera utop\u00eda de Azcapotzalco, espacio de inclusi\u00f3n, cuidados y bienestar para infancias y juventudes\"}]},{\"@type\":\"WebSite\",\"@id\":\"https:\\\/\\\/agencia.252.com.mx\\\/home\\\/#website\",\"url\":\"https:\\\/\\\/agencia.252.com.mx\\\/home\\\/\",\"name\":\"Agencia252\",\"description\":\"Tu espacio en la Red\",\"publisher\":{\"@id\":\"https:\\\/\\\/agencia.252.com.mx\\\/home\\\/#organization\"},\"potentialAction\":[{\"@type\":\"SearchAction\",\"target\":{\"@type\":\"EntryPoint\",\"urlTemplate\":\"https:\\\/\\\/agencia.252.com.mx\\\/home\\\/?s={search_term_string}\"},\"query-input\":{\"@type\":\"PropertyValueSpecification\",\"valueRequired\":true,\"valueName\":\"search_term_string\"}}],\"inLanguage\":\"es\"},{\"@type\":\"Organization\",\"@id\":\"https:\\\/\\\/agencia.252.com.mx\\\/home\\\/#organization\",\"name\":\"Agencia252\",\"url\":\"https:\\\/\\\/agencia.252.com.mx\\\/home\\\/\",\"logo\":{\"@type\":\"ImageObject\",\"inLanguage\":\"es\",\"@id\":\"https:\\\/\\\/agencia.252.com.mx\\\/home\\\/#\\\/schema\\\/logo\\\/image\\\/\",\"url\":\"https:\\\/\\\/agencia.252.com.mx\\\/wp-content\\\/uploads\\\/2023\\\/02\\\/cropped-ciruclo-agencia-e1677562404136.png\",\"contentUrl\":\"https:\\\/\\\/agencia.252.com.mx\\\/wp-content\\\/uploads\\\/2023\\\/02\\\/cropped-ciruclo-agencia-e1677562404136.png\",\"width\":512,\"height\":512,\"caption\":\"Agencia252\"},\"image\":{\"@id\":\"https:\\\/\\\/agencia.252.com.mx\\\/home\\\/#\\\/schema\\\/logo\\\/image\\\/\"},\"sameAs\":[\"https:\\\/\\\/www.facebook.com\\\/252Comunicacion\\\/\",\"https:\\\/\\\/x.com\\\/252COMS\"]},{\"@type\":\"Person\",\"@id\":\"https:\\\/\\\/agencia.252.com.mx\\\/home\\\/#\\\/schema\\\/person\\\/6b972021e9a92d45ade8c78d81509098\",\"name\":\"Nacho Corro\",\"image\":{\"@type\":\"ImageObject\",\"inLanguage\":\"es\",\"@id\":\"https:\\\/\\\/secure.gravatar.com\\\/avatar\\\/5db6df507cfe1307e192fbb498c6b85f1cf2ffd8b4cd37141b9eea588fcbd5a4?s=96&r=g\",\"url\":\"https:\\\/\\\/secure.gravatar.com\\\/avatar\\\/5db6df507cfe1307e192fbb498c6b85f1cf2ffd8b4cd37141b9eea588fcbd5a4?s=96&r=g\",\"contentUrl\":\"https:\\\/\\\/secure.gravatar.com\\\/avatar\\\/5db6df507cfe1307e192fbb498c6b85f1cf2ffd8b4cd37141b9eea588fcbd5a4?s=96&r=g\",\"caption\":\"Nacho Corro\"},\"description\":\"Comunicador Social, Periodista y Administraci\u00f3n P\u00fablica. Conversador pol\u00edtico, temas electorales y seguridad. Generador de contenidos digitales. Amante de la fotograf\u00eda\",\"sameAs\":[\"https:\\\/\\\/www.facebook.com\\\/jcorroherrera\\\/\",\"www.instagram.com\\\/nachocorro\\\/\",\"https:\\\/\\\/x.com\\\/Juan Ignacio Corro Herrera\"],\"url\":\"https:\\\/\\\/agencia.252.com.mx\\\/home\\\/author\\\/i-corro\\\/\"}]}<\/script>\n<!-- \/ Yoast SEO plugin. -->","yoast_head_json":{"title":"Inauguran la Primera utop\u00eda de Azcapotzalco, espacio de inclusi\u00f3n, cuidados y bienestar para infancias y juventudes - Agencia252","robots":{"index":"index","follow":"follow","max-snippet":"max-snippet:-1","max-image-preview":"max-image-preview:large","max-video-preview":"max-video-preview:-1"},"canonical":"https:\/\/agencia.252.com.mx\/home\/inauguran-la-primera-utopia-de-azcapotzalco-espacio-de-inclusion-cuidados-y-bienestar-para-infancias-y-juventudes\/","og_locale":"es_ES","og_type":"article","og_title":"Inauguran la Primera utop\u00eda de Azcapotzalco, espacio de inclusi\u00f3n, cuidados y bienestar para infancias y juventudes - Agencia252","og_description":"Visitas: 2 Juan Ignacio Corro&nbsp; Ciudad de M\u00e9xico, a 30 de abril de 2026 Con una oferta de actividades deportivas, culturales, educativas y de cuidados, la jefa de Gobierno, Clara Brugada Molina, inaugur\u00f3 la primera Unidad de Transformaci\u00f3n y Organizaci\u00f3n para la Inclusi\u00f3n y la Armon\u00eda Social (Utop\u00eda) Azcapotzalco, en la colonia Euskadi, de esta [&hellip;]","og_url":"https:\/\/agencia.252.com.mx\/home\/inauguran-la-primera-utopia-de-azcapotzalco-espacio-de-inclusion-cuidados-y-bienestar-para-infancias-y-juventudes\/","og_site_name":"Agencia252","article_publisher":"https:\/\/www.facebook.com\/252Comunicacion\/","article_author":"https:\/\/www.facebook.com\/jcorroherrera\/","article_published_time":"2026-05-01T03:09:21+00:00","article_modified_time":"2026-05-01T03:09:22+00:00","og_image":[{"width":2560,"height":1706,"url":"http:\/\/agencia.252.com.mx\/wp-content\/uploads\/2026\/04\/WhatsApp-Image-2026-04-30-at-2.56.16-PM.jpeg","type":"image\/jpeg"}],"author":"Nacho Corro","twitter_card":"summary_large_image","twitter_creator":"@Juan Ignacio Corro Herrera","twitter_site":"@252COMS","twitter_misc":{"Escrito por":"Nacho Corro","Tiempo de lectura":"3 minutos"},"schema":{"@context":"https:\/\/schema.org","@graph":[{"@type":"Article","@id":"https:\/\/agencia.252.com.mx\/home\/inauguran-la-primera-utopia-de-azcapotzalco-espacio-de-inclusion-cuidados-y-bienestar-para-infancias-y-juventudes\/#article","isPartOf":{"@id":"https:\/\/agencia.252.com.mx\/home\/inauguran-la-primera-utopia-de-azcapotzalco-espacio-de-inclusion-cuidados-y-bienestar-para-infancias-y-juventudes\/"},"author":{"name":"Nacho Corro","@id":"https:\/\/agencia.252.com.mx\/home\/#\/schema\/person\/6b972021e9a92d45ade8c78d81509098"},"headline":"Inauguran la Primera utop\u00eda de Azcapotzalco, espacio de inclusi\u00f3n, cuidados y bienestar para infancias y juventudes","datePublished":"2026-05-01T03:09:21+00:00","dateModified":"2026-05-01T03:09:22+00:00","mainEntityOfPage":{"@id":"https:\/\/agencia.252.com.mx\/home\/inauguran-la-primera-utopia-de-azcapotzalco-espacio-de-inclusion-cuidados-y-bienestar-para-infancias-y-juventudes\/"},"wordCount":542,"commentCount":0,"publisher":{"@id":"https:\/\/agencia.252.com.mx\/home\/#organization"},"image":{"@id":"https:\/\/agencia.252.com.mx\/home\/inauguran-la-primera-utopia-de-azcapotzalco-espacio-de-inclusion-cuidados-y-bienestar-para-infancias-y-juventudes\/#primaryimage"},"thumbnailUrl":"https:\/\/agencia.252.com.mx\/wp-content\/uploads\/2026\/04\/WhatsApp-Image-2026-04-30-at-2.56.16-PM.jpeg","keywords":["CDMX"],"articleSection":["CDMX","Seguridad"],"inLanguage":"es","potentialAction":[{"@type":"CommentAction","name":"Comment","target":["https:\/\/agencia.252.com.mx\/home\/inauguran-la-primera-utopia-de-azcapotzalco-espacio-de-inclusion-cuidados-y-bienestar-para-infancias-y-juventudes\/#respond"]}]},{"@type":"WebPage","@id":"https:\/\/agencia.252.com.mx\/home\/inauguran-la-primera-utopia-de-azcapotzalco-espacio-de-inclusion-cuidados-y-bienestar-para-infancias-y-juventudes\/","url":"https:\/\/agencia.252.com.mx\/home\/inauguran-la-primera-utopia-de-azcapotzalco-espacio-de-inclusion-cuidados-y-bienestar-para-infancias-y-juventudes\/","name":"Inauguran la Primera utop\u00eda de Azcapotzalco, espacio de inclusi\u00f3n, cuidados y bienestar para infancias y juventudes - Agencia252","isPartOf":{"@id":"https:\/\/agencia.252.com.mx\/home\/#website"},"primaryImageOfPage":{"@id":"https:\/\/agencia.252.com.mx\/home\/inauguran-la-primera-utopia-de-azcapotzalco-espacio-de-inclusion-cuidados-y-bienestar-para-infancias-y-juventudes\/#primaryimage"},"image":{"@id":"https:\/\/agencia.252.com.mx\/home\/inauguran-la-primera-utopia-de-azcapotzalco-espacio-de-inclusion-cuidados-y-bienestar-para-infancias-y-juventudes\/#primaryimage"},"thumbnailUrl":"https:\/\/agencia.252.com.mx\/wp-content\/uploads\/2026\/04\/WhatsApp-Image-2026-04-30-at-2.56.16-PM.jpeg","datePublished":"2026-05-01T03:09:21+00:00","dateModified":"2026-05-01T03:09:22+00:00","breadcrumb":{"@id":"https:\/\/agencia.252.com.mx\/home\/inauguran-la-primera-utopia-de-azcapotzalco-espacio-de-inclusion-cuidados-y-bienestar-para-infancias-y-juventudes\/#breadcrumb"},"inLanguage":"es","potentialAction":[{"@type":"ReadAction","target":["https:\/\/agencia.252.com.mx\/home\/inauguran-la-primera-utopia-de-azcapotzalco-espacio-de-inclusion-cuidados-y-bienestar-para-infancias-y-juventudes\/"]}]},{"@type":"ImageObject","inLanguage":"es","@id":"https:\/\/agencia.252.com.mx\/home\/inauguran-la-primera-utopia-de-azcapotzalco-espacio-de-inclusion-cuidados-y-bienestar-para-infancias-y-juventudes\/#primaryimage","url":"https:\/\/agencia.252.com.mx\/wp-content\/uploads\/2026\/04\/WhatsApp-Image-2026-04-30-at-2.56.16-PM.jpeg","contentUrl":"https:\/\/agencia.252.com.mx\/wp-content\/uploads\/2026\/04\/WhatsApp-Image-2026-04-30-at-2.56.16-PM.jpeg","width":2560,"height":1706},{"@type":"BreadcrumbList","@id":"https:\/\/agencia.252.com.mx\/home\/inauguran-la-primera-utopia-de-azcapotzalco-espacio-de-inclusion-cuidados-y-bienestar-para-infancias-y-juventudes\/#breadcrumb","itemListElement":[{"@type":"ListItem","position":1,"name":"Portada","item":"https:\/\/agencia.252.com.mx\/home\/"},{"@type":"ListItem","position":2,"name":"Inauguran la Primera utop\u00eda de Azcapotzalco, espacio de inclusi\u00f3n, cuidados y bienestar para infancias y juventudes"}]},{"@type":"WebSite","@id":"https:\/\/agencia.252.com.mx\/home\/#website","url":"https:\/\/agencia.252.com.mx\/home\/","name":"Agencia252","description":"Tu espacio en la Red","publisher":{"@id":"https:\/\/agencia.252.com.mx\/home\/#organization"},"potentialAction":[{"@type":"SearchAction","target":{"@type":"EntryPoint","urlTemplate":"https:\/\/agencia.252.com.mx\/home\/?s={search_term_string}"},"query-input":{"@type":"PropertyValueSpecification","valueRequired":true,"valueName":"search_term_string"}}],"inLanguage":"es"},{"@type":"Organization","@id":"https:\/\/agencia.252.com.mx\/home\/#organization","name":"Agencia252","url":"https:\/\/agencia.252.com.mx\/home\/","logo":{"@type":"ImageObject","inLanguage":"es","@id":"https:\/\/agencia.252.com.mx\/home\/#\/schema\/logo\/image\/","url":"https:\/\/agencia.252.com.mx\/wp-content\/uploads\/2023\/02\/cropped-ciruclo-agencia-e1677562404136.png","contentUrl":"https:\/\/agencia.252.com.mx\/wp-content\/uploads\/2023\/02\/cropped-ciruclo-agencia-e1677562404136.png","width":512,"height":512,"caption":"Agencia252"},"image":{"@id":"https:\/\/agencia.252.com.mx\/home\/#\/schema\/logo\/image\/"},"sameAs":["https:\/\/www.facebook.com\/252Comunicacion\/","https:\/\/x.com\/252COMS"]},{"@type":"Person","@id":"https:\/\/agencia.252.com.mx\/home\/#\/schema\/person\/6b972021e9a92d45ade8c78d81509098","name":"Nacho Corro","image":{"@type":"ImageObject","inLanguage":"es","@id":"https:\/\/secure.gravatar.com\/avatar\/5db6df507cfe1307e192fbb498c6b85f1cf2ffd8b4cd37141b9eea588fcbd5a4?s=96&r=g","url":"https:\/\/secure.gravatar.com\/avatar\/5db6df507cfe1307e192fbb498c6b85f1cf2ffd8b4cd37141b9eea588fcbd5a4?s=96&r=g","contentUrl":"https:\/\/secure.gravatar.com\/avatar\/5db6df507cfe1307e192fbb498c6b85f1cf2ffd8b4cd37141b9eea588fcbd5a4?s=96&r=g","caption":"Nacho Corro"},"description":"Comunicador Social, Periodista y Administraci\u00f3n P\u00fablica. Conversador pol\u00edtico, temas electorales y seguridad. Generador de contenidos digitales. Amante de la fotograf\u00eda","sameAs":["https:\/\/www.facebook.com\/jcorroherrera\/","www.instagram.com\/nachocorro\/","https:\/\/x.com\/Juan Ignacio Corro Herrera"],"url":"https:\/\/agencia.252.com.mx\/home\/author\/i-corro\/"}]}},"_links":{"self":[{"href":"https:\/\/agencia.252.com.mx\/home\/wp-json\/wp\/v2\/posts\/18921","targetHints":{"allow":["GET"]}}],"collection":[{"href":"https:\/\/agencia.252.com.mx\/home\/wp-json\/wp\/v2\/posts"}],"about":[{"href":"https:\/\/agencia.252.com.mx\/home\/wp-json\/wp\/v2\/types\/post"}],"author":[{"embeddable":true,"href":"https:\/\/agencia.252.com.mx\/home\/wp-json\/wp\/v2\/users\/5"}],"replies":[{"embeddable":true,"href":"https:\/\/agencia.252.com.mx\/home\/wp-json\/wp\/v2\/comments?post=18921"}],"version-history":[{"count":1,"href":"https:\/\/agencia.252.com.mx\/home\/wp-json\/wp\/v2\/posts\/18921\/revisions"}],"predecessor-version":[{"id":18925,"href":"https:\/\/agencia.252.com.mx\/home\/wp-json\/wp\/v2\/posts\/18921\/revisions\/18925"}],"wp:featuredmedia":[{"embeddable":true,"href":"https:\/\/agencia.252.com.mx\/home\/wp-json\/wp\/v2\/media\/18923"}],"wp:attachment":[{"href":"https:\/\/agencia.252.com.mx\/home\/wp-json\/wp\/v2\/media?parent=18921"}],"wp:term":[{"taxonomy":"category","embeddable":true,"href":"https:\/\/agencia.252.com.mx\/home\/wp-json\/wp\/v2\/categories?post=18921"},{"taxonomy":"post_tag","embeddable":true,"href":"https:\/\/agencia.252.com.mx\/home\/wp-json\/wp\/v2\/tags?post=18921"}],"curies":[{"name":"wp","href":"https:\/\/api.w.org\/{rel}","templated":true}]}}